{"id":1413,"date":"2019-08-11T20:19:00","date_gmt":"2019-08-11T20:19:00","guid":{"rendered":"http:\/\/informatepy.com\/2021\/?p=1413"},"modified":"2021-02-08T21:44:01","modified_gmt":"2021-02-08T21:44:01","slug":"argentina-empieza-a-definir-su-destino-entre-dos-modelos-de-pais","status":"publish","type":"post","link":"https:\/\/informatepy.com\/2021\/2019\/08\/11\/argentina-empieza-a-definir-su-destino-entre-dos-modelos-de-pais\/","title":{"rendered":"Argentina empieza a definir su destino entre dos modelos de pa\u00eds"},"content":{"rendered":"\n<p>Casi 34 millones de argentinos est\u00e1n habilitados para votar hoy en las primarias abiertas, simult\u00e1neas y obligatorias (PASO), primera y trascendente estaci\u00f3n del decisivo a\u00f1o electoral, que definir\u00e1 las autoridades del pa\u00eds por los pr\u00f3ximos cuatro a\u00f1os.<\/p>\n\n\n\n<p>Sin rivales internos, los diez precandidatos a presidente y vice en lo formal pugnan por superar el 1,5 % del padr\u00f3n, que los habilita a participar de las elecciones generales de octubre. Pero lo har\u00e1n en un escenario de fuerte polarizaci\u00f3n con final incierto entre Juntos por el Cambio, encabezada por el presidente Mauricio Macri y su candidato a vice, Miguel \u00c1ngel Pichetto, y el opositor Frente de Todos, que lleva como postulantes a Alberto Fern\u00e1ndez para presidente y a Cristina Kirchner como compa\u00f1era de f\u00f3rmula. <\/p>\n\n\n\n<p>Las duplas no solo representan fuerzas distintas sino que proponen modelos econ\u00f3micos, miradas institucionales y estrategias de pol\u00edtica exterior muy divergentes.<\/p>\n","protected":false},"excerpt":{"rendered":"<p>Casi 34 millones de argentinos est\u00e1n habilitados para votar hoy en las primarias abiertas, simult\u00e1neas y obligatorias (PASO), primera y trascendente estaci\u00f3n del decisivo a\u00f1o electoral, que definir\u00e1 las autoridades del pa\u00eds por los pr\u00f3ximos cuatro a\u00f1os. Sin rivales internos, los diez precandidatos a presidente y vice en lo formal pugnan por superar el 1,5 [&hellip;]<\/p>\n","protected":false},"author":1,"featured_media":1414,"comment_status":"open","ping_status":"open","sticky":false,"template":"","format":"standard","meta":{"_monsterinsights_skip_tracking":false,"_monsterinsights_sitenote_active":false,"_monsterinsights_sitenote_note":"","_monsterinsights_sitenote_category":0,"footnotes":"","jetpack_publicize_message":"","jetpack_is_tweetstorm":false,"jetpack_publicize_feature_enabled":true},"categories":[173],"tags":[678,679,680],"ppma_author":[1039],"class_list":["post-1413","post","type-post","status-publish","format-standard","has-post-thumbnail","hentry","category-mundo","tag-alberto-fernandez","tag-argentina","tag-mauricio-macri"],"jetpack_publicize_connections":[],"yoast_head":"<!-- This site is optimized with the Yoast SEO plugin v27.4 - https:\/\/yoast.com\/product\/yoast-seo-wordpress\/ -->\n<title>Argentina empieza a definir su destino entre dos modelos de pa\u00eds - Informatepy<\/title>\n<meta name=\"robots\" content=\"index, follow, max-snippet:-1, max-image-preview:large, max-video-preview:-1\" \/>\n<link rel=\"canonical\" href=\"https:\/\/informatepy.com\/2021\/2019\/08\/11\/argentina-empieza-a-definir-su-destino-entre-dos-modelos-de-pais\/\" \/>\n<meta property=\"og:locale\" content=\"es_ES\" \/>\n<meta property=\"og:type\" content=\"article\" \/>\n<meta property=\"og:title\" content=\"Argentina empieza a definir su destino entre dos modelos de pa\u00eds - Informatepy\" \/>\n<meta property=\"og:description\" content=\"Casi 34 millones de argentinos est\u00e1n habilitados para votar hoy en las primarias abiertas, simult\u00e1neas y obligatorias (PASO), primera y trascendente estaci\u00f3n del decisivo a\u00f1o electoral, que definir\u00e1 las autoridades del pa\u00eds por los pr\u00f3ximos cuatro a\u00f1os. Sin rivales internos, los diez precandidatos a presidente y vice en lo formal pugnan por superar el 1,5 [&hellip;]\" \/>\n<meta property=\"og:url\" content=\"https:\/\/informatepy.com\/2021\/2019\/08\/11\/argentina-empieza-a-definir-su-destino-entre-dos-modelos-de-pais\/\" \/>\n<meta property=\"og:site_name\" content=\"Informatepy\" \/>\n<meta property=\"article:published_time\" content=\"2019-08-11T20:19:00+00:00\" \/>\n<meta property=\"article:modified_time\" content=\"2021-02-08T21:44:01+00:00\" \/>\n<meta property=\"og:image\" content=\"https:\/\/i2.wp.com\/informatepy.com\/2021\/wp-content\/uploads\/2021\/08\/fernandez-macri.jpeg?fit=722%2C442&ssl=1\" \/>\n\t<meta property=\"og:image:width\" content=\"722\" \/>\n\t<meta property=\"og:image:height\" content=\"442\" \/>\n\t<meta property=\"og:image:type\" content=\"image\/jpeg\" \/>\n<meta name=\"author\" content=\"admin\" \/>\n<meta name=\"twitter:card\" content=\"summary_large_image\" \/>\n<meta name=\"twitter:label1\" content=\"Escrito por\" \/>\n\t<meta name=\"twitter:data1\" content=\"admin\" \/>\n\t<meta name=\"twitter:label2\" content=\"Tiempo de lectura\" \/>\n\t<meta name=\"twitter:data2\" content=\"1 minuto\" \/>\n<script type=\"application\/ld+json\" class=\"yoast-schema-graph\">{\"@context\":\"https:\\\/\\\/schema.org\",\"@graph\":[{\"@type\":\"Article\",\"@id\":\"https:\\\/\\\/informatepy.com\\\/2021\\\/2019\\\/08\\\/11\\\/argentina-empieza-a-definir-su-destino-entre-dos-modelos-de-pais\\\/#article\",\"isPartOf\":{\"@id\":\"https:\\\/\\\/informatepy.com\\\/2021\\\/2019\\\/08\\\/11\\\/argentina-empieza-a-definir-su-destino-entre-dos-modelos-de-pais\\\/\"},\"author\":{\"name\":\"admin\",\"@id\":\"https:\\\/\\\/informatepy.com\\\/2021\\\/#\\\/schema\\\/person\\\/edd302c981d6ba4596191719d1025a8a\"},\"headline\":\"Argentina empieza a definir su destino entre dos modelos de pa\u00eds\",\"datePublished\":\"2019-08-11T20:19:00+00:00\",\"dateModified\":\"2021-02-08T21:44:01+00:00\",\"mainEntityOfPage\":{\"@id\":\"https:\\\/\\\/informatepy.com\\\/2021\\\/2019\\\/08\\\/11\\\/argentina-empieza-a-definir-su-destino-entre-dos-modelos-de-pais\\\/\"},\"wordCount\":168,\"commentCount\":0,\"publisher\":{\"@id\":\"https:\\\/\\\/informatepy.com\\\/2021\\\/#\\\/schema\\\/person\\\/edd302c981d6ba4596191719d1025a8a\"},\"image\":{\"@id\":\"https:\\\/\\\/informatepy.com\\\/2021\\\/2019\\\/08\\\/11\\\/argentina-empieza-a-definir-su-destino-entre-dos-modelos-de-pais\\\/#primaryimage\"},\"thumbnailUrl\":\"https:\\\/\\\/i0.wp.com\\\/informatepy.com\\\/2021\\\/wp-content\\\/uploads\\\/2021\\\/08\\\/fernandez-macri.jpeg?fit=722%2C442&ssl=1\",\"keywords\":[\"alberto fernandez\",\"argentina\",\"Mauricio macri\"],\"articleSection\":[\"Mundo\"],\"inLanguage\":\"es\",\"potentialAction\":[{\"@type\":\"CommentAction\",\"name\":\"Comment\",\"target\":[\"https:\\\/\\\/informatepy.com\\\/2021\\\/2019\\\/08\\\/11\\\/argentina-empieza-a-definir-su-destino-entre-dos-modelos-de-pais\\\/#respond\"]}]},{\"@type\":\"WebPage\",\"@id\":\"https:\\\/\\\/informatepy.com\\\/2021\\\/2019\\\/08\\\/11\\\/argentina-empieza-a-definir-su-destino-entre-dos-modelos-de-pais\\\/\",\"url\":\"https:\\\/\\\/informatepy.com\\\/2021\\\/2019\\\/08\\\/11\\\/argentina-empieza-a-definir-su-destino-entre-dos-modelos-de-pais\\\/\",\"name\":\"Argentina empieza a definir su destino entre dos modelos de pa\u00eds - Informatepy\",\"isPartOf\":{\"@id\":\"https:\\\/\\\/informatepy.com\\\/2021\\\/#website\"},\"primaryImageOfPage\":{\"@id\":\"https:\\\/\\\/informatepy.com\\\/2021\\\/2019\\\/08\\\/11\\\/argentina-empieza-a-definir-su-destino-entre-dos-modelos-de-pais\\\/#primaryimage\"},\"image\":{\"@id\":\"https:\\\/\\\/informatepy.com\\\/2021\\\/2019\\\/08\\\/11\\\/argentina-empieza-a-definir-su-destino-entre-dos-modelos-de-pais\\\/#primaryimage\"},\"thumbnailUrl\":\"https:\\\/\\\/i0.wp.com\\\/informatepy.com\\\/2021\\\/wp-content\\\/uploads\\\/2021\\\/08\\\/fernandez-macri.jpeg?fit=722%2C442&ssl=1\",\"datePublished\":\"2019-08-11T20:19:00+00:00\",\"dateModified\":\"2021-02-08T21:44:01+00:00\",\"breadcrumb\":{\"@id\":\"https:\\\/\\\/informatepy.com\\\/2021\\\/2019\\\/08\\\/11\\\/argentina-empieza-a-definir-su-destino-entre-dos-modelos-de-pais\\\/#breadcrumb\"},\"inLanguage\":\"es\",\"potentialAction\":[{\"@type\":\"ReadAction\",\"target\":[\"https:\\\/\\\/informatepy.com\\\/2021\\\/2019\\\/08\\\/11\\\/argentina-empieza-a-definir-su-destino-entre-dos-modelos-de-pais\\\/\"]}]},{\"@type\":\"ImageObject\",\"inLanguage\":\"es\",\"@id\":\"https:\\\/\\\/informatepy.com\\\/2021\\\/2019\\\/08\\\/11\\\/argentina-empieza-a-definir-su-destino-entre-dos-modelos-de-pais\\\/#primaryimage\",\"url\":\"https:\\\/\\\/i0.wp.com\\\/informatepy.com\\\/2021\\\/wp-content\\\/uploads\\\/2021\\\/08\\\/fernandez-macri.jpeg?fit=722%2C442&ssl=1\",\"contentUrl\":\"https:\\\/\\\/i0.wp.com\\\/informatepy.com\\\/2021\\\/wp-content\\\/uploads\\\/2021\\\/08\\\/fernandez-macri.jpeg?fit=722%2C442&ssl=1\",\"width\":722,\"height\":442},{\"@type\":\"BreadcrumbList\",\"@id\":\"https:\\\/\\\/informatepy.com\\\/2021\\\/2019\\\/08\\\/11\\\/argentina-empieza-a-definir-su-destino-entre-dos-modelos-de-pais\\\/#breadcrumb\",\"itemListElement\":[{\"@type\":\"ListItem\",\"position\":1,\"name\":\"Portada\",\"item\":\"https:\\\/\\\/informatepy.com\\\/2021\\\/\"},{\"@type\":\"ListItem\",\"position\":2,\"name\":\"Argentina empieza a definir su destino entre dos modelos de pa\u00eds\"}]},{\"@type\":\"WebSite\",\"@id\":\"https:\\\/\\\/informatepy.com\\\/2021\\\/#website\",\"url\":\"https:\\\/\\\/informatepy.com\\\/2021\\\/\",\"name\":\"Informatepy\",\"description\":\"La verdad, siempre!\",\"publisher\":{\"@id\":\"https:\\\/\\\/informatepy.com\\\/2021\\\/#\\\/schema\\\/person\\\/edd302c981d6ba4596191719d1025a8a\"},\"potentialAction\":[{\"@type\":\"SearchAction\",\"target\":{\"@type\":\"EntryPoint\",\"urlTemplate\":\"https:\\\/\\\/informatepy.com\\\/2021\\\/?s={search_term_string}\"},\"query-input\":{\"@type\":\"PropertyValueSpecification\",\"valueRequired\":true,\"valueName\":\"search_term_string\"}}],\"inLanguage\":\"es\"},{\"@type\":[\"Person\",\"Organization\"],\"@id\":\"https:\\\/\\\/informatepy.com\\\/2021\\\/#\\\/schema\\\/person\\\/edd302c981d6ba4596191719d1025a8a\",\"name\":\"admin\",\"image\":{\"@type\":\"ImageObject\",\"inLanguage\":\"es\",\"@id\":\"https:\\\/\\\/secure.gravatar.com\\\/avatar\\\/5310f602b6cbcfb86e030c4ccdbb78f6565a3b9bab6a74ab80fd3cb5428b65af?s=96&d=mm&r=g\",\"url\":\"https:\\\/\\\/secure.gravatar.com\\\/avatar\\\/5310f602b6cbcfb86e030c4ccdbb78f6565a3b9bab6a74ab80fd3cb5428b65af?s=96&d=mm&r=g\",\"contentUrl\":\"https:\\\/\\\/secure.gravatar.com\\\/avatar\\\/5310f602b6cbcfb86e030c4ccdbb78f6565a3b9bab6a74ab80fd3cb5428b65af?s=96&d=mm&r=g\",\"caption\":\"admin\"},\"logo\":{\"@id\":\"https:\\\/\\\/secure.gravatar.com\\\/avatar\\\/5310f602b6cbcfb86e030c4ccdbb78f6565a3b9bab6a74ab80fd3cb5428b65af?s=96&d=mm&r=g\"},\"sameAs\":[\"http:\\\/\\\/informatepy.com\\\/2021\"],\"url\":\"https:\\\/\\\/informatepy.com\\\/2021\\\/author\\\/admin\\\/\"}]}<\/script>\n<!-- \/ Yoast SEO plugin. -->","yoast_head_json":{"title":"Argentina empieza a definir su destino entre dos modelos de pa\u00eds - Informatepy","robots":{"index":"index","follow":"follow","max-snippet":"max-snippet:-1","max-image-preview":"max-image-preview:large","max-video-preview":"max-video-preview:-1"},"canonical":"https:\/\/informatepy.com\/2021\/2019\/08\/11\/argentina-empieza-a-definir-su-destino-entre-dos-modelos-de-pais\/","og_locale":"es_ES","og_type":"article","og_title":"Argentina empieza a definir su destino entre dos modelos de pa\u00eds - Informatepy","og_description":"Casi 34 millones de argentinos est\u00e1n habilitados para votar hoy en las primarias abiertas, simult\u00e1neas y obligatorias (PASO), primera y trascendente estaci\u00f3n del decisivo a\u00f1o electoral, que definir\u00e1 las autoridades del pa\u00eds por los pr\u00f3ximos cuatro a\u00f1os. Sin rivales internos, los diez precandidatos a presidente y vice en lo formal pugnan por superar el 1,5 [&hellip;]","og_url":"https:\/\/informatepy.com\/2021\/2019\/08\/11\/argentina-empieza-a-definir-su-destino-entre-dos-modelos-de-pais\/","og_site_name":"Informatepy","article_published_time":"2019-08-11T20:19:00+00:00","article_modified_time":"2021-02-08T21:44:01+00:00","og_image":[{"width":722,"height":442,"url":"https:\/\/i2.wp.com\/informatepy.com\/2021\/wp-content\/uploads\/2021\/08\/fernandez-macri.jpeg?fit=722%2C442&ssl=1","type":"image\/jpeg"}],"author":"admin","twitter_card":"summary_large_image","twitter_misc":{"Escrito por":"admin","Tiempo de lectura":"1 minuto"},"schema":{"@context":"https:\/\/schema.org","@graph":[{"@type":"Article","@id":"https:\/\/informatepy.com\/2021\/2019\/08\/11\/argentina-empieza-a-definir-su-destino-entre-dos-modelos-de-pais\/#article","isPartOf":{"@id":"https:\/\/informatepy.com\/2021\/2019\/08\/11\/argentina-empieza-a-definir-su-destino-entre-dos-modelos-de-pais\/"},"author":{"name":"admin","@id":"https:\/\/informatepy.com\/2021\/#\/schema\/person\/edd302c981d6ba4596191719d1025a8a"},"headline":"Argentina empieza a definir su destino entre dos modelos de pa\u00eds","datePublished":"2019-08-11T20:19:00+00:00","dateModified":"2021-02-08T21:44:01+00:00","mainEntityOfPage":{"@id":"https:\/\/informatepy.com\/2021\/2019\/08\/11\/argentina-empieza-a-definir-su-destino-entre-dos-modelos-de-pais\/"},"wordCount":168,"commentCount":0,"publisher":{"@id":"https:\/\/informatepy.com\/2021\/#\/schema\/person\/edd302c981d6ba4596191719d1025a8a"},"image":{"@id":"https:\/\/informatepy.com\/2021\/2019\/08\/11\/argentina-empieza-a-definir-su-destino-entre-dos-modelos-de-pais\/#primaryimage"},"thumbnailUrl":"https:\/\/i0.wp.com\/informatepy.com\/2021\/wp-content\/uploads\/2021\/08\/fernandez-macri.jpeg?fit=722%2C442&ssl=1","keywords":["alberto fernandez","argentina","Mauricio macri"],"articleSection":["Mundo"],"inLanguage":"es","potentialAction":[{"@type":"CommentAction","name":"Comment","target":["https:\/\/informatepy.com\/2021\/2019\/08\/11\/argentina-empieza-a-definir-su-destino-entre-dos-modelos-de-pais\/#respond"]}]},{"@type":"WebPage","@id":"https:\/\/informatepy.com\/2021\/2019\/08\/11\/argentina-empieza-a-definir-su-destino-entre-dos-modelos-de-pais\/","url":"https:\/\/informatepy.com\/2021\/2019\/08\/11\/argentina-empieza-a-definir-su-destino-entre-dos-modelos-de-pais\/","name":"Argentina empieza a definir su destino entre dos modelos de pa\u00eds - Informatepy","isPartOf":{"@id":"https:\/\/informatepy.com\/2021\/#website"},"primaryImageOfPage":{"@id":"https:\/\/informatepy.com\/2021\/2019\/08\/11\/argentina-empieza-a-definir-su-destino-entre-dos-modelos-de-pais\/#primaryimage"},"image":{"@id":"https:\/\/informatepy.com\/2021\/2019\/08\/11\/argentina-empieza-a-definir-su-destino-entre-dos-modelos-de-pais\/#primaryimage"},"thumbnailUrl":"https:\/\/i0.wp.com\/informatepy.com\/2021\/wp-content\/uploads\/2021\/08\/fernandez-macri.jpeg?fit=722%2C442&ssl=1","datePublished":"2019-08-11T20:19:00+00:00","dateModified":"2021-02-08T21:44:01+00:00","breadcrumb":{"@id":"https:\/\/informatepy.com\/2021\/2019\/08\/11\/argentina-empieza-a-definir-su-destino-entre-dos-modelos-de-pais\/#breadcrumb"},"inLanguage":"es","potentialAction":[{"@type":"ReadAction","target":["https:\/\/informatepy.com\/2021\/2019\/08\/11\/argentina-empieza-a-definir-su-destino-entre-dos-modelos-de-pais\/"]}]},{"@type":"ImageObject","inLanguage":"es","@id":"https:\/\/informatepy.com\/2021\/2019\/08\/11\/argentina-empieza-a-definir-su-destino-entre-dos-modelos-de-pais\/#primaryimage","url":"https:\/\/i0.wp.com\/informatepy.com\/2021\/wp-content\/uploads\/2021\/08\/fernandez-macri.jpeg?fit=722%2C442&ssl=1","contentUrl":"https:\/\/i0.wp.com\/informatepy.com\/2021\/wp-content\/uploads\/2021\/08\/fernandez-macri.jpeg?fit=722%2C442&ssl=1","width":722,"height":442},{"@type":"BreadcrumbList","@id":"https:\/\/informatepy.com\/2021\/2019\/08\/11\/argentina-empieza-a-definir-su-destino-entre-dos-modelos-de-pais\/#breadcrumb","itemListElement":[{"@type":"ListItem","position":1,"name":"Portada","item":"https:\/\/informatepy.com\/2021\/"},{"@type":"ListItem","position":2,"name":"Argentina empieza a definir su destino entre dos modelos de pa\u00eds"}]},{"@type":"WebSite","@id":"https:\/\/informatepy.com\/2021\/#website","url":"https:\/\/informatepy.com\/2021\/","name":"Informatepy","description":"La verdad, siempre!","publisher":{"@id":"https:\/\/informatepy.com\/2021\/#\/schema\/person\/edd302c981d6ba4596191719d1025a8a"},"potentialAction":[{"@type":"SearchAction","target":{"@type":"EntryPoint","urlTemplate":"https:\/\/informatepy.com\/2021\/?s={search_term_string}"},"query-input":{"@type":"PropertyValueSpecification","valueRequired":true,"valueName":"search_term_string"}}],"inLanguage":"es"},{"@type":["Person","Organization"],"@id":"https:\/\/informatepy.com\/2021\/#\/schema\/person\/edd302c981d6ba4596191719d1025a8a","name":"admin","image":{"@type":"ImageObject","inLanguage":"es","@id":"https:\/\/secure.gravatar.com\/avatar\/5310f602b6cbcfb86e030c4ccdbb78f6565a3b9bab6a74ab80fd3cb5428b65af?s=96&d=mm&r=g","url":"https:\/\/secure.gravatar.com\/avatar\/5310f602b6cbcfb86e030c4ccdbb78f6565a3b9bab6a74ab80fd3cb5428b65af?s=96&d=mm&r=g","contentUrl":"https:\/\/secure.gravatar.com\/avatar\/5310f602b6cbcfb86e030c4ccdbb78f6565a3b9bab6a74ab80fd3cb5428b65af?s=96&d=mm&r=g","caption":"admin"},"logo":{"@id":"https:\/\/secure.gravatar.com\/avatar\/5310f602b6cbcfb86e030c4ccdbb78f6565a3b9bab6a74ab80fd3cb5428b65af?s=96&d=mm&r=g"},"sameAs":["http:\/\/informatepy.com\/2021"],"url":"https:\/\/informatepy.com\/2021\/author\/admin\/"}]}},"jetpack_featured_media_url":"https:\/\/i0.wp.com\/informatepy.com\/2021\/wp-content\/uploads\/2021\/08\/fernandez-macri.jpeg?fit=722%2C442&ssl=1","jetpack_sharing_enabled":true,"jetpack_likes_enabled":true,"jetpack-related-posts":[{"id":11075,"url":"https:\/\/informatepy.com\/2021\/2022\/04\/08\/la-grieta-acabo-con-el-gobierno-de-alberto-fernandez-hay-elecciones-anticipadas-en-argentina\/","url_meta":{"origin":1413,"position":0},"title":"La grieta acab\u00f3 con el gobierno de Alberto Fern\u00e1ndez, \u00bfHay elecciones anticipadas en Argentina?","date":"8 de abril de 2022","format":false,"excerpt":"Recordemos que Argentina luego de las elecciones legislativas de finales del a\u00f1o pasado, el peronismo K en la dupla de los Fern\u00e1ndez (Alberto Fern\u00e1ndez como Presidente y Cristina Fern\u00e1ndez en calidad de Vice-Presidente), constituye el oficialismo autoritario, escudado en su supuesto apoyo popular mayoritario y su victoria en las urnas.\u2026","rel":"","context":"En \u00abAnalisis\u00bb","img":{"alt_text":"","src":"https:\/\/i0.wp.com\/informatepy.com\/2021\/wp-content\/uploads\/2022\/04\/IMG-20220407-WA0069.jpg?fit=580%2C386&ssl=1&resize=350%2C200","width":350,"height":200},"classes":[]},{"id":1454,"url":"https:\/\/informatepy.com\/2021\/2019\/08\/24\/miles-de-argentinos-salen-a-apoyar-a-macri-en-todo-el-pais\/","url_meta":{"origin":1413,"position":1},"title":"Miles de argentinos salen a apoyar a Macri en todo el pa\u00eds","date":"24 de agosto de 2019","format":false,"excerpt":"Desde las 17, y con consignas como \"s\u00ed, se puede\" y \"no vuelven m\u00e1s\", en una referencia a la f\u00f3rmula integrada por\u00a0Alberto Fern\u00e1ndez y Cristina Kirchner,\u00a0 miles de personas participan hoy de una movilizaci\u00f3n en apoyo al Gobierno y en contra de la corrupci\u00f3n kirchnerista en el centro porte\u00f1o. Leer\u2026","rel":"","context":"En \u00abMundo\u00bb","img":{"alt_text":"","src":"https:\/\/i0.wp.com\/informatepy.com\/2021\/wp-content\/uploads\/2021\/08\/marcha-en-apoyo-a-macri.jpg?fit=720%2C445&ssl=1&resize=350%2C200","width":350,"height":200},"classes":[]},{"id":7158,"url":"https:\/\/informatepy.com\/2021\/2021\/09\/15\/en-un-apriete-a-alberto-fernandez-renuncian-todos-los-ministros-que-responden-a-cristina-kirchner\/","url_meta":{"origin":1413,"position":2},"title":"En un \u00abapriete\u00bb a Alberto Fern\u00e1ndez, renuncian todos los ministros que responden a Cristina Kirchner","date":"15 de septiembre de 2021","format":false,"excerpt":"Las renuncias a disposici\u00f3n de funcionarios referenciados en CFK se interpreta como una fuerte presi\u00f3n sobre el Presidente para que cambie su gabinete.","rel":"","context":"En \u00abMundo\u00bb","img":{"alt_text":"","src":"https:\/\/i0.wp.com\/informatepy.com\/2021\/wp-content\/uploads\/2021\/09\/cristina-reto-a-alberto-fernandez.jpg?fit=768%2C512&ssl=1&resize=350%2C200","width":350,"height":200},"classes":[]},{"id":8312,"url":"https:\/\/informatepy.com\/2021\/2021\/11\/15\/la-centroderecha-vence-en-las-legislativas-argentinas\/","url_meta":{"origin":1413,"position":3},"title":"La centroderecha vence en las legislativas argentinas","date":"15 de noviembre de 2021","format":false,"excerpt":"La oposici\u00f3n de centroderecha encabezada por el macrismo se impuso este domingo al oficialismo de centroizquierda en los comicios legislativos de Argentina, seg\u00fan un conteo nacional provisorio avanzado al 97%. En las elecciones legislativas de medio t\u00e9rmino, donde se renueva el 50 por ciento de la C\u00e1mara de Diputados y\u2026","rel":"","context":"En \u00abMundo\u00bb","img":{"alt_text":"","src":"https:\/\/i0.wp.com\/informatepy.com\/2021\/wp-content\/uploads\/2021\/08\/fernandez-macri.jpeg?fit=722%2C442&ssl=1&resize=350%2C200","width":350,"height":200},"classes":[]},{"id":7061,"url":"https:\/\/informatepy.com\/2021\/2021\/09\/12\/peronismo-kirchnerista-al-vilo-en-las-legislativas\/","url_meta":{"origin":1413,"position":4},"title":"TABLERO MUNDIAL: Peronismo-kirchnerista al vilo en las legislativas","date":"12 de septiembre de 2021","format":false,"excerpt":"Argentina, un pa\u00eds que padece una prolongada y profunda crisis econ\u00f3mica, que tuvo su origen ya en los tiempos de Fernando de La Rua, que termin\u00f3 golpe de Estado y el no menos nefasto \u201ccorralito financiero\u201d. Luego el espejismo de los Kirchner que le cost\u00f3 al pa\u00eds una mega red\u2026","rel":"","context":"En \u00abMundo\u00bb","img":{"alt_text":"","src":"https:\/\/i0.wp.com\/informatepy.com\/2021\/wp-content\/uploads\/2021\/09\/macri-cristina-y-alberto.jpg?fit=1200%2C675&ssl=1&resize=350%2C200","width":350,"height":200},"classes":[]},{"id":5683,"url":"https:\/\/informatepy.com\/2021\/2021\/07\/08\/argentina-corto-la-transmision-de-la-cumbre-del-mercosur-luego-del-mensaje-de-alberto-fernandez\/","url_meta":{"origin":1413,"position":5},"title":"Argentina cort\u00f3 la transmisi\u00f3n de la Cumbre del Mercosur luego del mensaje de Alberto Fern\u00e1ndez","date":"8 de julio de 2021","format":false,"excerpt":"La Casa Rosada era la encargada de la organizaci\u00f3n del acto protocolar por el traspaso de mando entre el jefe de estado argentino y su par brasile\u00f1o, Jair Bolsonaro.","rel":"","context":"En \u00abMundo\u00bb","img":{"alt_text":"","src":"https:\/\/i0.wp.com\/informatepy.com\/2021\/wp-content\/uploads\/2021\/03\/alberto-fernandez-scaled.jpeg?fit=1200%2C803&ssl=1&resize=350%2C200","width":350,"height":200},"classes":[]}],"authors":[{"term_id":1039,"user_id":1,"is_guest":0,"slug":"admin","display_name":"admin","avatar_url":"https:\/\/secure.gravatar.com\/avatar\/5310f602b6cbcfb86e030c4ccdbb78f6565a3b9bab6a74ab80fd3cb5428b65af?s=96&d=mm&r=g","first_name":"","last_name":"","user_url":"http:\/\/informatepy.com\/2021","description":""}],"amp_enabled":true,"_links":{"self":[{"href":"https:\/\/informatepy.com\/2021\/wp-json\/wp\/v2\/posts\/1413","targetHints":{"allow":["GET"]}}],"collection":[{"href":"https:\/\/informatepy.com\/2021\/wp-json\/wp\/v2\/posts"}],"about":[{"href":"https:\/\/informatepy.com\/2021\/wp-json\/wp\/v2\/types\/post"}],"author":[{"embeddable":true,"href":"https:\/\/informatepy.com\/2021\/wp-json\/wp\/v2\/users\/1"}],"replies":[{"embeddable":true,"href":"https:\/\/informatepy.com\/2021\/wp-json\/wp\/v2\/comments?post=1413"}],"version-history":[{"count":1,"href":"https:\/\/informatepy.com\/2021\/wp-json\/wp\/v2\/posts\/1413\/revisions"}],"predecessor-version":[{"id":2799,"href":"https:\/\/informatepy.com\/2021\/wp-json\/wp\/v2\/posts\/1413\/revisions\/2799"}],"wp:featuredmedia":[{"embeddable":true,"href":"https:\/\/informatepy.com\/2021\/wp-json\/wp\/v2\/media\/1414"}],"wp:attachment":[{"href":"https:\/\/informatepy.com\/2021\/wp-json\/wp\/v2\/media?parent=1413"}],"wp:term":[{"taxonomy":"category","embeddable":true,"href":"https:\/\/informatepy.com\/2021\/wp-json\/wp\/v2\/categories?post=1413"},{"taxonomy":"post_tag","embeddable":true,"href":"https:\/\/informatepy.com\/2021\/wp-json\/wp\/v2\/tags?post=1413"},{"taxonomy":"author","embeddable":true,"href":"https:\/\/informatepy.com\/2021\/wp-json\/wp\/v2\/ppma_author?post=1413"}],"curies":[{"name":"wp","href":"https:\/\/api.w.org\/{rel}","templated":true}]}}