{"id":14048,"date":"2022-09-23T19:40:00","date_gmt":"2022-09-23T22:40:00","guid":{"rendered":"https:\/\/informatepy.com\/2021\/?p=14048"},"modified":"2022-09-23T18:28:40","modified_gmt":"2022-09-23T21:28:40","slug":"podrian-cancelar-el-estreno-de-la-sirenita-en-cines-debido-al-rechazo-de-los-espectadores","status":"publish","type":"post","link":"https:\/\/informatepy.com\/2021\/2022\/09\/23\/podrian-cancelar-el-estreno-de-la-sirenita-en-cines-debido-al-rechazo-de-los-espectadores\/","title":{"rendered":"Podr\u00edan cancelar el estreno de \u00abLa Sirenita\u00bb en cines debido al rechazo de los espectadores"},"content":{"rendered":"\n<p class=\"has-text-align-justify\">Una de las pel\u00edculas de\u00a0<strong>Disney\u00a0<\/strong>m\u00e1s esperados de este a\u00f1o, sin duda es la de <em><strong>\u201cLa Sirenita\u201d<\/strong><\/em>, la cual ha llamado la atenci\u00f3n de todos al estar protagonizada por\u00a0Halle Balley.<\/p>\n\n\n\n<p class=\"has-text-align-justify\">Y es que la actriz es de tez oscura, algo totalmente contrario a lo que se puede ver en la pel\u00edcula original, ya que ah\u00ed \u201cAriel\u201d tiene la caracter\u00edstica de ser pelirroja con ojos azules y tez blanca.<\/p>\n\n\n\n<p>Aunque para la directiva \u00abwoke\u00bb de la empresa todo iba viento en popa con el pr\u00f3ximo estreno, lo cierto es que en los \u00faltimos d\u00edas se puso en duda el estreno de la pel\u00edcula.<\/p>\n\n\n\n<p class=\"has-text-align-justify\">Por la informaci\u00f3n que ya circula en las redes sociales, al parecer todo comenzar\u00eda por las cr\u00edticas que recibi\u00f3 el trailer de la pel\u00edcula, en donde decenas de usuarios aseguraron que <strong>la aparici\u00f3n de una chica afroamericana interpretando a \u201cAriel\u201d era algo muy forzado.<\/strong><\/p>\n\n\n\n<p class=\"has-text-align-justify\">Justo por lo anterior se cree que la compa\u00f1\u00eda del rat\u00f3n est\u00e1 evaluando si cancela el estreno de la cinta en las salas de cine de todo el mundo y solo limitarlo a la plataforma de streaming Disney Plus, pues temen que pase lo mismo que paso con la pel\u00edcula de <a href=\"https:\/\/informatepy.com\/2021\/2022\/06\/20\/lightyear-de-pixar-rodeada-de-fracaso-y-polemicas\/\" target=\"_blank\" rel=\"noreferrer noopener\">\u00abLigthyear\u00bb<\/a>.<\/p>\n","protected":false},"excerpt":{"rendered":"<p>Una de las pel\u00edculas de\u00a0Disney\u00a0m\u00e1s esperados de este a\u00f1o, sin duda es la de \u201cLa Sirenita\u201d, la cual ha llamado la atenci\u00f3n de todos al estar protagonizada por\u00a0Halle Balley. Y es que la actriz es de tez oscura, algo totalmente contrario a lo que se puede ver en la pel\u00edcula original, ya que ah\u00ed \u201cAriel\u201d [&hellip;]<\/p>\n","protected":false},"author":4,"featured_media":14049,"comment_status":"open","ping_status":"open","sticky":false,"template":"","format":"standard","meta":{"_monsterinsights_skip_tracking":false,"_monsterinsights_sitenote_active":false,"_monsterinsights_sitenote_note":"","_monsterinsights_sitenote_category":0,"footnotes":"","jetpack_publicize_message":"","jetpack_is_tweetstorm":false,"jetpack_publicize_feature_enabled":true},"categories":[1332],"tags":[1036,50,1286],"ppma_author":[1051],"class_list":["post-14048","post","type-post","status-publish","format-standard","has-post-thumbnail","hentry","category-cultura","tag-destacada","tag-disney","tag-progresismo"],"jetpack_publicize_connections":[],"yoast_head":"<!-- This site is optimized with the Yoast SEO plugin v27.5 - https:\/\/yoast.com\/product\/yoast-seo-wordpress\/ -->\n<title>Podr\u00edan cancelar el estreno de &quot;La Sirenita&quot; en cines debido al rechazo de los espectadores - Informatepy<\/title>\n<meta name=\"robots\" content=\"index, follow, max-snippet:-1, max-image-preview:large, max-video-preview:-1\" \/>\n<link rel=\"canonical\" href=\"https:\/\/informatepy.com\/2021\/2022\/09\/23\/podrian-cancelar-el-estreno-de-la-sirenita-en-cines-debido-al-rechazo-de-los-espectadores\/\" \/>\n<meta property=\"og:locale\" content=\"es_ES\" \/>\n<meta property=\"og:type\" content=\"article\" \/>\n<meta property=\"og:title\" content=\"Podr\u00edan cancelar el estreno de &quot;La Sirenita&quot; en cines debido al rechazo de los espectadores - Informatepy\" \/>\n<meta property=\"og:description\" content=\"Una de las pel\u00edculas de\u00a0Disney\u00a0m\u00e1s esperados de este a\u00f1o, sin duda es la de \u201cLa Sirenita\u201d, la cual ha llamado la atenci\u00f3n de todos al estar protagonizada por\u00a0Halle Balley. Y es que la actriz es de tez oscura, algo totalmente contrario a lo que se puede ver en la pel\u00edcula original, ya que ah\u00ed \u201cAriel\u201d [&hellip;]\" \/>\n<meta property=\"og:url\" content=\"https:\/\/informatepy.com\/2021\/2022\/09\/23\/podrian-cancelar-el-estreno-de-la-sirenita-en-cines-debido-al-rechazo-de-los-espectadores\/\" \/>\n<meta property=\"og:site_name\" content=\"Informatepy\" \/>\n<meta property=\"article:author\" content=\"https:\/\/www.facebook.com\/InformatePyCom\" \/>\n<meta property=\"article:published_time\" content=\"2022-09-23T22:40:00+00:00\" \/>\n<meta property=\"og:image\" content=\"https:\/\/i0.wp.com\/informatepy.com\/2021\/wp-content\/uploads\/2022\/09\/sirenita.jpg?fit=1280%2C752&ssl=1\" \/>\n\t<meta property=\"og:image:width\" content=\"1280\" \/>\n\t<meta property=\"og:image:height\" content=\"752\" \/>\n\t<meta property=\"og:image:type\" content=\"image\/jpeg\" \/>\n<meta name=\"author\" content=\"Redacci\u00f3n\" \/>\n<meta name=\"twitter:card\" content=\"summary_large_image\" \/>\n<meta name=\"twitter:creator\" content=\"@https:\/\/twitter.com\/InformatePy1\" \/>\n<meta name=\"twitter:label1\" content=\"Escrito por\" \/>\n\t<meta name=\"twitter:data1\" content=\"Redacci\u00f3n\" \/>\n\t<meta name=\"twitter:label2\" content=\"Tiempo de lectura\" \/>\n\t<meta name=\"twitter:data2\" content=\"1 minuto\" \/>\n<script type=\"application\/ld+json\" class=\"yoast-schema-graph\">{\"@context\":\"https:\\\/\\\/schema.org\",\"@graph\":[{\"@type\":\"Article\",\"@id\":\"https:\\\/\\\/informatepy.com\\\/2021\\\/2022\\\/09\\\/23\\\/podrian-cancelar-el-estreno-de-la-sirenita-en-cines-debido-al-rechazo-de-los-espectadores\\\/#article\",\"isPartOf\":{\"@id\":\"https:\\\/\\\/informatepy.com\\\/2021\\\/2022\\\/09\\\/23\\\/podrian-cancelar-el-estreno-de-la-sirenita-en-cines-debido-al-rechazo-de-los-espectadores\\\/\"},\"author\":{\"name\":\"Redacci\u00f3n\",\"@id\":\"https:\\\/\\\/informatepy.com\\\/2021\\\/#\\\/schema\\\/person\\\/0c842f525f84ea74ef3b44370d11757b\"},\"headline\":\"Podr\u00edan cancelar el estreno de \u00abLa Sirenita\u00bb en cines debido al rechazo de los espectadores\",\"datePublished\":\"2022-09-23T22:40:00+00:00\",\"mainEntityOfPage\":{\"@id\":\"https:\\\/\\\/informatepy.com\\\/2021\\\/2022\\\/09\\\/23\\\/podrian-cancelar-el-estreno-de-la-sirenita-en-cines-debido-al-rechazo-de-los-espectadores\\\/\"},\"wordCount\":233,\"commentCount\":0,\"publisher\":{\"@id\":\"https:\\\/\\\/informatepy.com\\\/2021\\\/#\\\/schema\\\/person\\\/edd302c981d6ba4596191719d1025a8a\"},\"image\":{\"@id\":\"https:\\\/\\\/informatepy.com\\\/2021\\\/2022\\\/09\\\/23\\\/podrian-cancelar-el-estreno-de-la-sirenita-en-cines-debido-al-rechazo-de-los-espectadores\\\/#primaryimage\"},\"thumbnailUrl\":\"https:\\\/\\\/i0.wp.com\\\/informatepy.com\\\/2021\\\/wp-content\\\/uploads\\\/2022\\\/09\\\/sirenita.jpg?fit=1280%2C752&ssl=1\",\"keywords\":[\"destacada\",\"Disney\",\"progresismo\"],\"articleSection\":[\"Cultura\"],\"inLanguage\":\"es\",\"potentialAction\":[{\"@type\":\"CommentAction\",\"name\":\"Comment\",\"target\":[\"https:\\\/\\\/informatepy.com\\\/2021\\\/2022\\\/09\\\/23\\\/podrian-cancelar-el-estreno-de-la-sirenita-en-cines-debido-al-rechazo-de-los-espectadores\\\/#respond\"]}]},{\"@type\":\"WebPage\",\"@id\":\"https:\\\/\\\/informatepy.com\\\/2021\\\/2022\\\/09\\\/23\\\/podrian-cancelar-el-estreno-de-la-sirenita-en-cines-debido-al-rechazo-de-los-espectadores\\\/\",\"url\":\"https:\\\/\\\/informatepy.com\\\/2021\\\/2022\\\/09\\\/23\\\/podrian-cancelar-el-estreno-de-la-sirenita-en-cines-debido-al-rechazo-de-los-espectadores\\\/\",\"name\":\"Podr\u00edan cancelar el estreno de \\\"La Sirenita\\\" en cines debido al rechazo de los espectadores - Informatepy\",\"isPartOf\":{\"@id\":\"https:\\\/\\\/informatepy.com\\\/2021\\\/#website\"},\"primaryImageOfPage\":{\"@id\":\"https:\\\/\\\/informatepy.com\\\/2021\\\/2022\\\/09\\\/23\\\/podrian-cancelar-el-estreno-de-la-sirenita-en-cines-debido-al-rechazo-de-los-espectadores\\\/#primaryimage\"},\"image\":{\"@id\":\"https:\\\/\\\/informatepy.com\\\/2021\\\/2022\\\/09\\\/23\\\/podrian-cancelar-el-estreno-de-la-sirenita-en-cines-debido-al-rechazo-de-los-espectadores\\\/#primaryimage\"},\"thumbnailUrl\":\"https:\\\/\\\/i0.wp.com\\\/informatepy.com\\\/2021\\\/wp-content\\\/uploads\\\/2022\\\/09\\\/sirenita.jpg?fit=1280%2C752&ssl=1\",\"datePublished\":\"2022-09-23T22:40:00+00:00\",\"breadcrumb\":{\"@id\":\"https:\\\/\\\/informatepy.com\\\/2021\\\/2022\\\/09\\\/23\\\/podrian-cancelar-el-estreno-de-la-sirenita-en-cines-debido-al-rechazo-de-los-espectadores\\\/#breadcrumb\"},\"inLanguage\":\"es\",\"potentialAction\":[{\"@type\":\"ReadAction\",\"target\":[\"https:\\\/\\\/informatepy.com\\\/2021\\\/2022\\\/09\\\/23\\\/podrian-cancelar-el-estreno-de-la-sirenita-en-cines-debido-al-rechazo-de-los-espectadores\\\/\"]}]},{\"@type\":\"ImageObject\",\"inLanguage\":\"es\",\"@id\":\"https:\\\/\\\/informatepy.com\\\/2021\\\/2022\\\/09\\\/23\\\/podrian-cancelar-el-estreno-de-la-sirenita-en-cines-debido-al-rechazo-de-los-espectadores\\\/#primaryimage\",\"url\":\"https:\\\/\\\/i0.wp.com\\\/informatepy.com\\\/2021\\\/wp-content\\\/uploads\\\/2022\\\/09\\\/sirenita.jpg?fit=1280%2C752&ssl=1\",\"contentUrl\":\"https:\\\/\\\/i0.wp.com\\\/informatepy.com\\\/2021\\\/wp-content\\\/uploads\\\/2022\\\/09\\\/sirenita.jpg?fit=1280%2C752&ssl=1\",\"width\":1280,\"height\":752},{\"@type\":\"BreadcrumbList\",\"@id\":\"https:\\\/\\\/informatepy.com\\\/2021\\\/2022\\\/09\\\/23\\\/podrian-cancelar-el-estreno-de-la-sirenita-en-cines-debido-al-rechazo-de-los-espectadores\\\/#breadcrumb\",\"itemListElement\":[{\"@type\":\"ListItem\",\"position\":1,\"name\":\"Portada\",\"item\":\"https:\\\/\\\/informatepy.com\\\/2021\\\/\"},{\"@type\":\"ListItem\",\"position\":2,\"name\":\"Podr\u00edan cancelar el estreno de \u00abLa Sirenita\u00bb en cines debido al rechazo de los espectadores\"}]},{\"@type\":\"WebSite\",\"@id\":\"https:\\\/\\\/informatepy.com\\\/2021\\\/#website\",\"url\":\"https:\\\/\\\/informatepy.com\\\/2021\\\/\",\"name\":\"Informatepy\",\"description\":\"La verdad, siempre!\",\"publisher\":{\"@id\":\"https:\\\/\\\/informatepy.com\\\/2021\\\/#\\\/schema\\\/person\\\/edd302c981d6ba4596191719d1025a8a\"},\"potentialAction\":[{\"@type\":\"SearchAction\",\"target\":{\"@type\":\"EntryPoint\",\"urlTemplate\":\"https:\\\/\\\/informatepy.com\\\/2021\\\/?s={search_term_string}\"},\"query-input\":{\"@type\":\"PropertyValueSpecification\",\"valueRequired\":true,\"valueName\":\"search_term_string\"}}],\"inLanguage\":\"es\"},{\"@type\":[\"Person\",\"Organization\"],\"@id\":\"https:\\\/\\\/informatepy.com\\\/2021\\\/#\\\/schema\\\/person\\\/edd302c981d6ba4596191719d1025a8a\",\"name\":\"admin\",\"image\":{\"@type\":\"ImageObject\",\"inLanguage\":\"es\",\"@id\":\"https:\\\/\\\/secure.gravatar.com\\\/avatar\\\/5310f602b6cbcfb86e030c4ccdbb78f6565a3b9bab6a74ab80fd3cb5428b65af?s=96&d=mm&r=g\",\"url\":\"https:\\\/\\\/secure.gravatar.com\\\/avatar\\\/5310f602b6cbcfb86e030c4ccdbb78f6565a3b9bab6a74ab80fd3cb5428b65af?s=96&d=mm&r=g\",\"contentUrl\":\"https:\\\/\\\/secure.gravatar.com\\\/avatar\\\/5310f602b6cbcfb86e030c4ccdbb78f6565a3b9bab6a74ab80fd3cb5428b65af?s=96&d=mm&r=g\",\"caption\":\"admin\"},\"logo\":{\"@id\":\"https:\\\/\\\/secure.gravatar.com\\\/avatar\\\/5310f602b6cbcfb86e030c4ccdbb78f6565a3b9bab6a74ab80fd3cb5428b65af?s=96&d=mm&r=g\"},\"sameAs\":[\"http:\\\/\\\/informatepy.com\\\/2021\"]},{\"@type\":\"Person\",\"@id\":\"https:\\\/\\\/informatepy.com\\\/2021\\\/#\\\/schema\\\/person\\\/0c842f525f84ea74ef3b44370d11757b\",\"name\":\"Redacci\u00f3n\",\"image\":{\"@type\":\"ImageObject\",\"inLanguage\":\"es\",\"@id\":\"https:\\\/\\\/i0.wp.com\\\/informatepy.com\\\/2021\\\/wp-content\\\/uploads\\\/2021\\\/02\\\/informate-circulo.png?fit=96%2C96&ssl=1\",\"url\":\"https:\\\/\\\/i0.wp.com\\\/informatepy.com\\\/2021\\\/wp-content\\\/uploads\\\/2021\\\/02\\\/informate-circulo.png?fit=96%2C96&ssl=1\",\"contentUrl\":\"https:\\\/\\\/i0.wp.com\\\/informatepy.com\\\/2021\\\/wp-content\\\/uploads\\\/2021\\\/02\\\/informate-circulo.png?fit=96%2C96&ssl=1\",\"caption\":\"Redacci\u00f3n\"},\"sameAs\":[\"https:\\\/\\\/www.facebook.com\\\/InformatePyCom\",\"https:\\\/\\\/x.com\\\/https:\\\/\\\/twitter.com\\\/InformatePy1\"],\"url\":\"https:\\\/\\\/informatepy.com\\\/2021\\\/author\\\/redaccion\\\/\"}]}<\/script>\n<!-- \/ Yoast SEO plugin. -->","yoast_head_json":{"title":"Podr\u00edan cancelar el estreno de \"La Sirenita\" en cines debido al rechazo de los espectadores - Informatepy","robots":{"index":"index","follow":"follow","max-snippet":"max-snippet:-1","max-image-preview":"max-image-preview:large","max-video-preview":"max-video-preview:-1"},"canonical":"https:\/\/informatepy.com\/2021\/2022\/09\/23\/podrian-cancelar-el-estreno-de-la-sirenita-en-cines-debido-al-rechazo-de-los-espectadores\/","og_locale":"es_ES","og_type":"article","og_title":"Podr\u00edan cancelar el estreno de \"La Sirenita\" en cines debido al rechazo de los espectadores - Informatepy","og_description":"Una de las pel\u00edculas de\u00a0Disney\u00a0m\u00e1s esperados de este a\u00f1o, sin duda es la de \u201cLa Sirenita\u201d, la cual ha llamado la atenci\u00f3n de todos al estar protagonizada por\u00a0Halle Balley. Y es que la actriz es de tez oscura, algo totalmente contrario a lo que se puede ver en la pel\u00edcula original, ya que ah\u00ed \u201cAriel\u201d [&hellip;]","og_url":"https:\/\/informatepy.com\/2021\/2022\/09\/23\/podrian-cancelar-el-estreno-de-la-sirenita-en-cines-debido-al-rechazo-de-los-espectadores\/","og_site_name":"Informatepy","article_author":"https:\/\/www.facebook.com\/InformatePyCom","article_published_time":"2022-09-23T22:40:00+00:00","og_image":[{"width":1280,"height":752,"url":"https:\/\/i0.wp.com\/informatepy.com\/2021\/wp-content\/uploads\/2022\/09\/sirenita.jpg?fit=1280%2C752&ssl=1","type":"image\/jpeg"}],"author":"Redacci\u00f3n","twitter_card":"summary_large_image","twitter_creator":"@https:\/\/twitter.com\/InformatePy1","twitter_misc":{"Escrito por":"Redacci\u00f3n","Tiempo de lectura":"1 minuto"},"schema":{"@context":"https:\/\/schema.org","@graph":[{"@type":"Article","@id":"https:\/\/informatepy.com\/2021\/2022\/09\/23\/podrian-cancelar-el-estreno-de-la-sirenita-en-cines-debido-al-rechazo-de-los-espectadores\/#article","isPartOf":{"@id":"https:\/\/informatepy.com\/2021\/2022\/09\/23\/podrian-cancelar-el-estreno-de-la-sirenita-en-cines-debido-al-rechazo-de-los-espectadores\/"},"author":{"name":"Redacci\u00f3n","@id":"https:\/\/informatepy.com\/2021\/#\/schema\/person\/0c842f525f84ea74ef3b44370d11757b"},"headline":"Podr\u00edan cancelar el estreno de \u00abLa Sirenita\u00bb en cines debido al rechazo de los espectadores","datePublished":"2022-09-23T22:40:00+00:00","mainEntityOfPage":{"@id":"https:\/\/informatepy.com\/2021\/2022\/09\/23\/podrian-cancelar-el-estreno-de-la-sirenita-en-cines-debido-al-rechazo-de-los-espectadores\/"},"wordCount":233,"commentCount":0,"publisher":{"@id":"https:\/\/informatepy.com\/2021\/#\/schema\/person\/edd302c981d6ba4596191719d1025a8a"},"image":{"@id":"https:\/\/informatepy.com\/2021\/2022\/09\/23\/podrian-cancelar-el-estreno-de-la-sirenita-en-cines-debido-al-rechazo-de-los-espectadores\/#primaryimage"},"thumbnailUrl":"https:\/\/i0.wp.com\/informatepy.com\/2021\/wp-content\/uploads\/2022\/09\/sirenita.jpg?fit=1280%2C752&ssl=1","keywords":["destacada","Disney","progresismo"],"articleSection":["Cultura"],"inLanguage":"es","potentialAction":[{"@type":"CommentAction","name":"Comment","target":["https:\/\/informatepy.com\/2021\/2022\/09\/23\/podrian-cancelar-el-estreno-de-la-sirenita-en-cines-debido-al-rechazo-de-los-espectadores\/#respond"]}]},{"@type":"WebPage","@id":"https:\/\/informatepy.com\/2021\/2022\/09\/23\/podrian-cancelar-el-estreno-de-la-sirenita-en-cines-debido-al-rechazo-de-los-espectadores\/","url":"https:\/\/informatepy.com\/2021\/2022\/09\/23\/podrian-cancelar-el-estreno-de-la-sirenita-en-cines-debido-al-rechazo-de-los-espectadores\/","name":"Podr\u00edan cancelar el estreno de \"La Sirenita\" en cines debido al rechazo de los espectadores - Informatepy","isPartOf":{"@id":"https:\/\/informatepy.com\/2021\/#website"},"primaryImageOfPage":{"@id":"https:\/\/informatepy.com\/2021\/2022\/09\/23\/podrian-cancelar-el-estreno-de-la-sirenita-en-cines-debido-al-rechazo-de-los-espectadores\/#primaryimage"},"image":{"@id":"https:\/\/informatepy.com\/2021\/2022\/09\/23\/podrian-cancelar-el-estreno-de-la-sirenita-en-cines-debido-al-rechazo-de-los-espectadores\/#primaryimage"},"thumbnailUrl":"https:\/\/i0.wp.com\/informatepy.com\/2021\/wp-content\/uploads\/2022\/09\/sirenita.jpg?fit=1280%2C752&ssl=1","datePublished":"2022-09-23T22:40:00+00:00","breadcrumb":{"@id":"https:\/\/informatepy.com\/2021\/2022\/09\/23\/podrian-cancelar-el-estreno-de-la-sirenita-en-cines-debido-al-rechazo-de-los-espectadores\/#breadcrumb"},"inLanguage":"es","potentialAction":[{"@type":"ReadAction","target":["https:\/\/informatepy.com\/2021\/2022\/09\/23\/podrian-cancelar-el-estreno-de-la-sirenita-en-cines-debido-al-rechazo-de-los-espectadores\/"]}]},{"@type":"ImageObject","inLanguage":"es","@id":"https:\/\/informatepy.com\/2021\/2022\/09\/23\/podrian-cancelar-el-estreno-de-la-sirenita-en-cines-debido-al-rechazo-de-los-espectadores\/#primaryimage","url":"https:\/\/i0.wp.com\/informatepy.com\/2021\/wp-content\/uploads\/2022\/09\/sirenita.jpg?fit=1280%2C752&ssl=1","contentUrl":"https:\/\/i0.wp.com\/informatepy.com\/2021\/wp-content\/uploads\/2022\/09\/sirenita.jpg?fit=1280%2C752&ssl=1","width":1280,"height":752},{"@type":"BreadcrumbList","@id":"https:\/\/informatepy.com\/2021\/2022\/09\/23\/podrian-cancelar-el-estreno-de-la-sirenita-en-cines-debido-al-rechazo-de-los-espectadores\/#breadcrumb","itemListElement":[{"@type":"ListItem","position":1,"name":"Portada","item":"https:\/\/informatepy.com\/2021\/"},{"@type":"ListItem","position":2,"name":"Podr\u00edan cancelar el estreno de \u00abLa Sirenita\u00bb en cines debido al rechazo de los espectadores"}]},{"@type":"WebSite","@id":"https:\/\/informatepy.com\/2021\/#website","url":"https:\/\/informatepy.com\/2021\/","name":"Informatepy","description":"La verdad, siempre!","publisher":{"@id":"https:\/\/informatepy.com\/2021\/#\/schema\/person\/edd302c981d6ba4596191719d1025a8a"},"potentialAction":[{"@type":"SearchAction","target":{"@type":"EntryPoint","urlTemplate":"https:\/\/informatepy.com\/2021\/?s={search_term_string}"},"query-input":{"@type":"PropertyValueSpecification","valueRequired":true,"valueName":"search_term_string"}}],"inLanguage":"es"},{"@type":["Person","Organization"],"@id":"https:\/\/informatepy.com\/2021\/#\/schema\/person\/edd302c981d6ba4596191719d1025a8a","name":"admin","image":{"@type":"ImageObject","inLanguage":"es","@id":"https:\/\/secure.gravatar.com\/avatar\/5310f602b6cbcfb86e030c4ccdbb78f6565a3b9bab6a74ab80fd3cb5428b65af?s=96&d=mm&r=g","url":"https:\/\/secure.gravatar.com\/avatar\/5310f602b6cbcfb86e030c4ccdbb78f6565a3b9bab6a74ab80fd3cb5428b65af?s=96&d=mm&r=g","contentUrl":"https:\/\/secure.gravatar.com\/avatar\/5310f602b6cbcfb86e030c4ccdbb78f6565a3b9bab6a74ab80fd3cb5428b65af?s=96&d=mm&r=g","caption":"admin"},"logo":{"@id":"https:\/\/secure.gravatar.com\/avatar\/5310f602b6cbcfb86e030c4ccdbb78f6565a3b9bab6a74ab80fd3cb5428b65af?s=96&d=mm&r=g"},"sameAs":["http:\/\/informatepy.com\/2021"]},{"@type":"Person","@id":"https:\/\/informatepy.com\/2021\/#\/schema\/person\/0c842f525f84ea74ef3b44370d11757b","name":"Redacci\u00f3n","image":{"@type":"ImageObject","inLanguage":"es","@id":"https:\/\/i0.wp.com\/informatepy.com\/2021\/wp-content\/uploads\/2021\/02\/informate-circulo.png?fit=96%2C96&ssl=1","url":"https:\/\/i0.wp.com\/informatepy.com\/2021\/wp-content\/uploads\/2021\/02\/informate-circulo.png?fit=96%2C96&ssl=1","contentUrl":"https:\/\/i0.wp.com\/informatepy.com\/2021\/wp-content\/uploads\/2021\/02\/informate-circulo.png?fit=96%2C96&ssl=1","caption":"Redacci\u00f3n"},"sameAs":["https:\/\/www.facebook.com\/InformatePyCom","https:\/\/x.com\/https:\/\/twitter.com\/InformatePy1"],"url":"https:\/\/informatepy.com\/2021\/author\/redaccion\/"}]}},"jetpack_featured_media_url":"https:\/\/i0.wp.com\/informatepy.com\/2021\/wp-content\/uploads\/2022\/09\/sirenita.jpg?fit=1280%2C752&ssl=1","jetpack_sharing_enabled":true,"jetpack_likes_enabled":true,"jetpack-related-posts":[{"id":8271,"url":"https:\/\/informatepy.com\/2021\/2021\/11\/13\/disney-colapsa-en-la-bolsa-caen-las-ventas-y-se-prueba-que-la-nueva-fase-progresista-no-esta-funcionando\/","url_meta":{"origin":14048,"position":0},"title":"Disney colapsa en la bolsa: Caen las ventas y se prueba que la \u201cnueva fase progresista\u201d no est\u00e1 funcionando","date":"13 de noviembre de 2021","format":false,"excerpt":"El castillo de cartas de Marvel se est\u00e1 desmoronando despu\u00e9s de que Black Widow, Shang-Chi y Eternals no lograr\u00e1n cubrir sus gastos en la taquilla, y se desplomar\u00e1n las suscripciones de Disney Plus.","rel":"","context":"En \u00abAnalisis\u00bb","img":{"alt_text":"","src":"https:\/\/i0.wp.com\/informatepy.com\/2021\/wp-content\/uploads\/2021\/11\/marvel-fails-disney-plus.jpg?fit=768%2C403&ssl=1&resize=350%2C200","width":350,"height":200},"classes":[]},{"id":12752,"url":"https:\/\/informatepy.com\/2021\/2022\/07\/21\/thor-love-and-thunder-sufre-caida-en-taquilla-y-bate-un-record-negativo-de-marvel\/","url_meta":{"origin":14048,"position":1},"title":"\u00abThor: Love and Thunder\u00bb sufre ca\u00edda en taquilla y bate un r\u00e9cord negativo de Marvel","date":"21 de julio de 2022","format":false,"excerpt":"\u201cThor: Love and Thunder\u201d\u00a0arras\u00f3 en su primer fin de semana con unos ingresos en la taquilla de Estados Unidos superiores a las tres anteriores aventuras en solitario del\u00a0Dios del Trueno.\u00a0Sin embargo, en su segundo fin de semana se ha hundido con la peor ca\u00edda porcentual de una pel\u00edcula de Marvel\u2026","rel":"","context":"En \u00abCultura\u00bb","img":{"alt_text":"","src":"https:\/\/i0.wp.com\/informatepy.com\/2021\/wp-content\/uploads\/2022\/07\/thor.jpg?fit=1200%2C675&ssl=1&resize=350%2C200","width":350,"height":200},"classes":[]},{"id":12256,"url":"https:\/\/informatepy.com\/2021\/2022\/06\/20\/lightyear-de-pixar-rodeada-de-fracaso-y-polemicas\/","url_meta":{"origin":14048,"position":2},"title":"\u2018Lightyear\u2019 de Pixar, rodeada de fracaso y pol\u00e9micas","date":"20 de junio de 2022","format":false,"excerpt":"Seg\u00fan\u00a0The Hollywood Reporter,\u00a0Lightyear\u00a0se estren\u00f3 con una\u00a0decepci\u00f3n abismal\u00a0en la recaudaci\u00f3n de la taquilla del primer fin de semana. Se esperaba que encabezara las listas este fin de semana con una\u00a0recaudaci\u00f3n de 70 millones a 85 millones de euros.\u00a0Sin embargo, solo consigui\u00f3 51 millones de euros y sin llegar a ocupar uno\u2026","rel":"","context":"En \u00abCultura\u00bb","img":{"alt_text":"","src":"https:\/\/i0.wp.com\/informatepy.com\/2021\/wp-content\/uploads\/2022\/06\/lightyear.jpeg?fit=940%2C411&ssl=1&resize=350%2C200","width":350,"height":200},"classes":[]},{"id":9861,"url":"https:\/\/informatepy.com\/2021\/2022\/01\/31\/llevando-la-estupidez-a-un-nuevo-nivel-actor-enano-critico-a-disney-por-contratar-enanos-para-hacer-de-enanos-en-blancanieves\/","url_meta":{"origin":14048,"position":3},"title":"Llevando la estupidez a un nuevo nivel: Actor enano critic\u00f3 a Disney por contratar enanos para hacer de enanos en Blancanieves","date":"31 de enero de 2022","format":false,"excerpt":"Disney ha decidido cancelar su nueva versi\u00f3n de acci\u00f3n real de\u00a0Blancanieves y los Siete Enanitos\u00a0despu\u00e9s de que el famoso actor enano\u00a0Peter Dinklage\u00a0criticara sus planes por \u201cracistas\u201d. Dinklage, actor de Tyrion Lannister en\u00a0Game of Thrones\u00a0lanz\u00f3 una brutal cr\u00edtica a la decisi\u00f3n de contratar a una latina para hacer el papel de\u2026","rel":"","context":"En \u00abCultura\u00bb","img":{"alt_text":"","src":"https:\/\/i0.wp.com\/informatepy.com\/2021\/wp-content\/uploads\/2022\/01\/Peter-Dinklage.jpg?fit=640%2C422&ssl=1&resize=350%2C200","width":350,"height":200},"classes":[]},{"id":11317,"url":"https:\/\/informatepy.com\/2021\/2022\/04\/25\/walt-disney-el-arte-rococo-y-una-sentencia-un-elogio-a-la-locura-eramista\/","url_meta":{"origin":14048,"position":4},"title":"Walt Disney, el arte rococ\u00f3 y una sentencia (Un elogio a la locura eramista)","date":"25 de abril de 2022","format":false,"excerpt":"El sue\u00f1o de la raz\u00f3n produce monstruos, dec\u00eda Francisco de Goya. La verdad sea dicha, vivimos en un mundo donde todos tenemos un poco de esa locura quijotesca, ha excepci\u00f3n de los locos de verdad. El mundo a enloquecido y basta con encender la televisi\u00f3n, salir a la calle, leer\u2026","rel":"","context":"En \u00abAnalisis\u00bb","img":{"alt_text":"","src":"https:\/\/i0.wp.com\/informatepy.com\/2021\/wp-content\/uploads\/2022\/04\/Arthur-Charlan.png?fit=1200%2C656&ssl=1&resize=350%2C200","width":350,"height":200},"classes":[]},{"id":12722,"url":"https:\/\/informatepy.com\/2021\/2022\/07\/19\/discurso-de-odio-o-globo-produce-una-pelicula-que-escenifica-el-asesinato-de-bolsonaro-en-plena-campana\/","url_meta":{"origin":14048,"position":5},"title":"Discurso de odio: O Globo produce una pel\u00edcula que escenifica el asesinato de Bolsonaro en plena campa\u00f1a","date":"19 de julio de 2022","format":false,"excerpt":"Las im\u00e1genes pertenecen a una pel\u00edcula del cineasta comunista Ruy Guerra, producida por Canal Brasil (Grupo Globo), que saldr\u00e1 el a\u00f1o que viene.","rel":"","context":"En \u00abMundo\u00bb","img":{"alt_text":"","src":"https:\/\/i0.wp.com\/informatepy.com\/2021\/wp-content\/uploads\/2022\/07\/Bolsonaro-O-Globo-asesinado.png?fit=988%2C689&ssl=1&resize=350%2C200","width":350,"height":200},"classes":[]}],"authors":[{"term_id":1051,"user_id":4,"is_guest":0,"slug":"redaccion","display_name":"Redacci\u00f3n","avatar_url":"https:\/\/i0.wp.com\/informatepy.com\/2021\/wp-content\/uploads\/2021\/02\/informate-circulo.png?fit=96%2C96&ssl=1","first_name":"Redacci\u00f3n","last_name":"","user_url":"","description":""}],"amp_enabled":true,"_links":{"self":[{"href":"https:\/\/informatepy.com\/2021\/wp-json\/wp\/v2\/posts\/14048","targetHints":{"allow":["GET"]}}],"collection":[{"href":"https:\/\/informatepy.com\/2021\/wp-json\/wp\/v2\/posts"}],"about":[{"href":"https:\/\/informatepy.com\/2021\/wp-json\/wp\/v2\/types\/post"}],"author":[{"embeddable":true,"href":"https:\/\/informatepy.com\/2021\/wp-json\/wp\/v2\/users\/4"}],"replies":[{"embeddable":true,"href":"https:\/\/informatepy.com\/2021\/wp-json\/wp\/v2\/comments?post=14048"}],"version-history":[{"count":1,"href":"https:\/\/informatepy.com\/2021\/wp-json\/wp\/v2\/posts\/14048\/revisions"}],"predecessor-version":[{"id":14050,"href":"https:\/\/informatepy.com\/2021\/wp-json\/wp\/v2\/posts\/14048\/revisions\/14050"}],"wp:featuredmedia":[{"embeddable":true,"href":"https:\/\/informatepy.com\/2021\/wp-json\/wp\/v2\/media\/14049"}],"wp:attachment":[{"href":"https:\/\/informatepy.com\/2021\/wp-json\/wp\/v2\/media?parent=14048"}],"wp:term":[{"taxonomy":"category","embeddable":true,"href":"https:\/\/informatepy.com\/2021\/wp-json\/wp\/v2\/categories?post=14048"},{"taxonomy":"post_tag","embeddable":true,"href":"https:\/\/informatepy.com\/2021\/wp-json\/wp\/v2\/tags?post=14048"},{"taxonomy":"author","embeddable":true,"href":"https:\/\/informatepy.com\/2021\/wp-json\/wp\/v2\/ppma_author?post=14048"}],"curies":[{"name":"wp","href":"https:\/\/api.w.org\/{rel}","templated":true}]}}