{"id":13993,"date":"2022-09-20T09:42:47","date_gmt":"2022-09-20T12:42:47","guid":{"rendered":"https:\/\/informatepy.com\/2021\/?p=13993"},"modified":"2022-09-20T09:42:50","modified_gmt":"2022-09-20T12:42:50","slug":"dejemos-en-paz-al-populismo-hablemos-de-narcoestado","status":"publish","type":"post","link":"https:\/\/informatepy.com\/2021\/2022\/09\/20\/dejemos-en-paz-al-populismo-hablemos-de-narcoestado\/","title":{"rendered":"Dejemos en paz al populismo, hablemos de narcoestado"},"content":{"rendered":"\n<p class=\"has-text-align-justify\"><strong>Ernesto Laclau<\/strong>, fil\u00f3sofo posmarxista muy cercano al Foro de Sao Paulo, describi\u00f3 al populismo como una forma de \u00abconstruir\u00bb lo pol\u00edtico.\u00a0<em>Ergo<\/em>, ser\u00eda un m\u00e9todo de otorgar identidad pol\u00edtica a un grupo y, al mismo tiempo, identificar a un \u00abenemigo\u00bb del pueblo. Ese alguien que ser\u00eda portador de todos los defectos y maldades.<\/p>\n\n\n\n<p class=\"has-text-align-justify\">El propio&nbsp;<strong>Laclau&nbsp;<\/strong>admite que el \u201cpueblo\u201d del populismo es algo menos que la totalidad de los miembros de la comunidad. Sin embargo, es una parte que aspira a ser concebida como la \u00fanica totalidad leg\u00edtima. Por ejemplo, el Movimiento Al Socialismo, un grupo liderado casi exclusivamente por productores de coca, se declara el portador de todas las virtudes posibles y representante \u00ableg\u00edtimo\u00bb de los intereses nacionales. Obviamente, quienes no estamos de acuerdo con sus ideas pasamos a ser el \u201cantipueblo\u201d.<\/p>\n\n\n\n<p class=\"has-text-align-justify\">En resumen, la l\u00f3gica populista es una expresi\u00f3n de supremacismo identitario, cuya funci\u00f3n principal fue otorgarles nuevos elementos discursivos a los delfines de&nbsp;<strong>Fidel Castro&nbsp;<\/strong>en la regi\u00f3n.<\/p>\n\n\n\n<p class=\"has-text-align-justify\">Aunque es importante mostrar lo inconsistente del discurso populista, el an\u00e1lisis no puede ni debe reducirse a ese elemento, sino que debe incluir otras categor\u00edas como el narcotr\u00e1fico, la violaci\u00f3n a los Derechos Humanos, el terrorismo de Estado y la inseguridad ciudadana. Porque, al final del d\u00eda, el populismo fue solamente el discurso que us\u00f3 la delincuencia transnacional para encumbrarse en el poder, y conformar los narcoestados de la regi\u00f3n, Bolivia incluida.<\/p>\n\n\n<div class=\"wp-block-image\">\n<figure class=\"aligncenter size-full is-resized\"><img loading=\"lazy\" decoding=\"async\" src=\"https:\/\/i0.wp.com\/informatepy.com\/2021\/wp-content\/uploads\/2022\/04\/vir-banner.png?resize=429%2C105&#038;ssl=1\" alt=\"\" class=\"wp-image-11116\" width=\"429\" height=\"105\" srcset=\"https:\/\/i0.wp.com\/informatepy.com\/2021\/wp-content\/uploads\/2022\/04\/vir-banner.png?w=984&amp;ssl=1 984w, https:\/\/i0.wp.com\/informatepy.com\/2021\/wp-content\/uploads\/2022\/04\/vir-banner.png?resize=300%2C74&amp;ssl=1 300w, https:\/\/i0.wp.com\/informatepy.com\/2021\/wp-content\/uploads\/2022\/04\/vir-banner.png?resize=768%2C190&amp;ssl=1 768w\" sizes=\"auto, (max-width: 429px) 100vw, 429px\" data-recalc-dims=\"1\" \/><\/figure>\n<\/div>\n\n\n<p class=\"has-text-align-justify\">En \u201c<em>La vida oculta de Fidel Castro\u201d<\/em><em>&nbsp;<\/em><strong>Juan Reinaldo S\u00e1nchez<\/strong>&nbsp;(guardaespaldas del dictador por 17 a\u00f1os) relata que para&nbsp;<strong>Fidel<\/strong>&nbsp;la coca\u00edna era un arma revolucionaria. Adem\u00e1s, nos cuenta que ya a principios de los a\u00f1os 80 el Instituto Cubano de Amistad con los pueblos cerr\u00f3 acuerdos con&nbsp;<strong>Pablo Escobar<\/strong>&nbsp;y&nbsp;<strong>Roberto Suarez<\/strong>&nbsp;(el rey de la coca\u00edna en Bolivia en esas \u00e9pocas).<\/p>\n\n\n\n<p class=\"has-text-align-justify\">No obstante, como esa sociedad dur\u00f3 poco, y la Uni\u00f3n Sovi\u00e9tica estaba a punto de colapsar,&nbsp;<strong>Castro&nbsp;<\/strong>pens\u00f3 en nuevos mecanismos para sostenerse en el poder. Esa fue una de las razones para fundar el Foro de Sao Paulo. La nueva cofrad\u00eda socialista le permitir\u00eda dos cosas: Primero, reagrupar a las viejas izquierdas bajo nuevos discursos populistas (desde el indigenismo hasta el feminismo). Y segundo, establecer una red de narcoestados para, en sus propias palabras, perforar el bloqueo norteamericano.&nbsp;&nbsp;&nbsp;<\/p>\n\n\n\n<p class=\"has-text-align-justify\">La expansi\u00f3n de la dictadura de Cuba a partir de 1990 \u2015pero con mayor fuerza desde que\u00a0<strong>Hugo Ch\u00e1vez<\/strong>\u00a0la sac\u00f3 de su periodo especial el a\u00f1o 1998\u2015 llev\u00f3 al establecimiento de dictaduras en Venezuela con el propio\u00a0<strong>Ch\u00e1vez<\/strong>, Nicaragua con\u00a0<strong>Daniel Ortega<\/strong>, Ecuador con\u00a0<strong>Rafael Correa<\/strong>\u00a0y Bolivia con\u00a0<strong>Evo Morales<\/strong>. Estos reg\u00edmenes muy pronto se estructuraron como narcoestados, cuyas principales caracter\u00edsticas son la corrupci\u00f3n de las fuerzas de seguridad y la violaci\u00f3n sistem\u00e1tica de los Derechos Humanos.<\/p>\n\n\n\n<p class=\"has-text-align-justify\">Al respecto, de nuevo&nbsp;<strong>Reinaldo S\u00e1nchez<\/strong>&nbsp;en un art\u00edculo titulado \u201c<em>La metodolog\u00eda cubana de control social\u00bb<\/em>, explica como&nbsp;<strong>Fidel Castro<\/strong>&nbsp;infiltr\u00f3 la prensa, las universidades y las fuerzas de seguridad de varios pa\u00edses latinoamericanos para implantar m\u00e9todos de control social, sistemas de torturas y mecanismos de manipulaci\u00f3n inform\u00e1tica. El modelo para seguir ser\u00eda el de COPEXTEL. La empresa se encarga de censurar y manipular la informaci\u00f3n que los cubanos pueden ver en internet. Pero su trabajo principal es, mediante un espionaje minucioso, anular cualquier idea disidente.<\/p>\n\n\n\n<p class=\"has-text-align-justify\">Eso es justamente lo que sucede en Bolivia desde el a\u00f1o 2005. Pues la justicia no garantiza los derechos de los ciudadanos, sino el sostenimiento de la dictadura. Hoy \u2015y a pesar de que no se cuenta con una prensa plenamente libre\u2015 es de p\u00fablico conocimiento los abusos que sufren los perseguidos pol\u00edticos por el r\u00e9gimen del Movimiento Al Socialismo. Siendo los casos emblem\u00e1ticos el de la expresidenta\u00a0<strong>Jeanine \u00c1\u00f1ez<\/strong>, que guarda prisi\u00f3n preventiva desde el 15 de marzo de 2021 por el supuesto \u00abgolpe de Estado\u00bb de 2019, y de los miembros de la Resistencia Juvenil Cochala.<\/p>\n\n\n<div class=\"wp-block-image\">\n<figure class=\"aligncenter size-large is-resized\"><img loading=\"lazy\" decoding=\"async\" src=\"https:\/\/i0.wp.com\/informatepy.com\/2021\/wp-content\/uploads\/2022\/04\/balderrama-zermat.png?resize=431%2C124&#038;ssl=1\" alt=\"\" class=\"wp-image-11312\" width=\"431\" height=\"124\" srcset=\"https:\/\/i0.wp.com\/informatepy.com\/2021\/wp-content\/uploads\/2022\/04\/balderrama-zermat.png?resize=1024%2C295&amp;ssl=1 1024w, https:\/\/i0.wp.com\/informatepy.com\/2021\/wp-content\/uploads\/2022\/04\/balderrama-zermat.png?resize=300%2C86&amp;ssl=1 300w, https:\/\/i0.wp.com\/informatepy.com\/2021\/wp-content\/uploads\/2022\/04\/balderrama-zermat.png?resize=768%2C221&amp;ssl=1 768w, https:\/\/i0.wp.com\/informatepy.com\/2021\/wp-content\/uploads\/2022\/04\/balderrama-zermat.png?w=1281&amp;ssl=1 1281w\" sizes=\"auto, (max-width: 431px) 100vw, 431px\" data-recalc-dims=\"1\" \/><\/figure>\n<\/div>\n\n\n<p class=\"has-text-align-justify\">Durante un seminario a partidarios del MAS en agosto del 2021, el exministro de la Presidencia de Bolivia&nbsp;<strong>Juan Ram\u00f3n Quintana<\/strong>&nbsp;\u2015gran admirador de los m\u00e9todos cubanos\u2015 asegur\u00f3 que la expresidenta&nbsp;<strong>Jeanine A\u00f1ez<\/strong>&nbsp;se encuentra \u00aben la frontera de su quiebre emocional\u00bb. En esa \u00e9poca&nbsp;<strong>A\u00f1ez<\/strong>&nbsp;intent\u00f3 quitarse la vida producto, seg\u00fan versiones de su defensa y familiares, de las torturas psicol\u00f3gicas a las que fue sometida.<\/p>\n\n\n\n<p class=\"has-text-align-justify\">Tambi\u00e9n es muy com\u00fan que altos mandos de la Polic\u00eda Boliviana est\u00e9n involucrados en delitos de narcotr\u00e1fico. Por ejemplo,&nbsp;<strong>Maximiliano D\u00e1vila<\/strong>&nbsp;(excomandante de la Fuerza Especial de Lucha Contra El Narcotr\u00e1fico) tiene un pedido de extradici\u00f3n por parte de la DEA y el gobierno de los Estados Unidos.<\/p>\n\n\n\n<p class=\"has-text-align-justify\">Por todo, el Foro de Sao Paulo no puede ser analizado con el marco te\u00f3rico de la Ciencia Pol\u00edtica, sino con el instrumental metodol\u00f3gico de la Criminolog\u00eda. Es hora de dejar de hablar de populismo, empecemos a hablar de narcoestado.<\/p>\n","protected":false},"excerpt":{"rendered":"<p>Ernesto Laclau, fil\u00f3sofo posmarxista muy cercano al Foro de Sao Paulo, describi\u00f3 al populismo como una forma de \u00abconstruir\u00bb lo pol\u00edtico.\u00a0Ergo, ser\u00eda un m\u00e9todo de otorgar identidad pol\u00edtica a un grupo y, al mismo tiempo, identificar a un \u00abenemigo\u00bb del pueblo. Ese alguien que ser\u00eda portador de todos los defectos y maldades. El propio&nbsp;Laclau&nbsp;admite que [&hellip;]<\/p>\n","protected":false},"author":36,"featured_media":13994,"comment_status":"open","ping_status":"open","sticky":false,"template":"","format":"standard","meta":{"_monsterinsights_skip_tracking":false,"_monsterinsights_sitenote_active":false,"_monsterinsights_sitenote_note":"","_monsterinsights_sitenote_category":0,"footnotes":"","jetpack_publicize_message":"","jetpack_is_tweetstorm":false,"jetpack_publicize_feature_enabled":false},"categories":[248],"tags":[1036,180],"ppma_author":[1566],"class_list":["post-13993","post","type-post","status-publish","format-standard","has-post-thumbnail","hentry","category-analisis","tag-destacada","tag-narcotrafico"],"jetpack_publicize_connections":[],"yoast_head":"<!-- This site is optimized with the Yoast SEO plugin v27.5 - https:\/\/yoast.com\/product\/yoast-seo-wordpress\/ -->\n<title>Dejemos en paz al populismo, hablemos de narcoestado - Informatepy<\/title>\n<meta name=\"robots\" content=\"index, follow, max-snippet:-1, max-image-preview:large, max-video-preview:-1\" \/>\n<link rel=\"canonical\" href=\"https:\/\/informatepy.com\/2021\/2022\/09\/20\/dejemos-en-paz-al-populismo-hablemos-de-narcoestado\/\" \/>\n<meta property=\"og:locale\" content=\"es_ES\" \/>\n<meta property=\"og:type\" content=\"article\" \/>\n<meta property=\"og:title\" content=\"Dejemos en paz al populismo, hablemos de narcoestado - Informatepy\" \/>\n<meta property=\"og:description\" content=\"Ernesto Laclau, fil\u00f3sofo posmarxista muy cercano al Foro de Sao Paulo, describi\u00f3 al populismo como una forma de \u00abconstruir\u00bb lo pol\u00edtico.\u00a0Ergo, ser\u00eda un m\u00e9todo de otorgar identidad pol\u00edtica a un grupo y, al mismo tiempo, identificar a un \u00abenemigo\u00bb del pueblo. Ese alguien que ser\u00eda portador de todos los defectos y maldades. El propio&nbsp;Laclau&nbsp;admite que [&hellip;]\" \/>\n<meta property=\"og:url\" content=\"https:\/\/informatepy.com\/2021\/2022\/09\/20\/dejemos-en-paz-al-populismo-hablemos-de-narcoestado\/\" \/>\n<meta property=\"og:site_name\" content=\"Informatepy\" \/>\n<meta property=\"article:published_time\" content=\"2022-09-20T12:42:47+00:00\" \/>\n<meta property=\"article:modified_time\" content=\"2022-09-20T12:42:50+00:00\" \/>\n<meta property=\"og:image\" content=\"https:\/\/informatepy.com\/2021\/wp-content\/uploads\/2022\/09\/cocaina.jpg\" \/>\n\t<meta property=\"og:image:width\" content=\"950\" \/>\n\t<meta property=\"og:image:height\" content=\"534\" \/>\n\t<meta property=\"og:image:type\" content=\"image\/jpeg\" \/>\n<meta name=\"author\" content=\"Hugo Marcelo Balderrama\" \/>\n<meta name=\"twitter:card\" content=\"summary_large_image\" \/>\n<meta name=\"twitter:creator\" content=\"@https:\/\/twitter.com\/hugobalderrama\" \/>\n<meta name=\"twitter:label1\" content=\"Escrito por\" \/>\n\t<meta name=\"twitter:data1\" content=\"Hugo Marcelo Balderrama\" \/>\n\t<meta name=\"twitter:label2\" content=\"Tiempo de lectura\" \/>\n\t<meta name=\"twitter:data2\" content=\"5 minutos\" \/>\n<script type=\"application\/ld+json\" class=\"yoast-schema-graph\">{\"@context\":\"https:\\\/\\\/schema.org\",\"@graph\":[{\"@type\":\"Article\",\"@id\":\"https:\\\/\\\/informatepy.com\\\/2021\\\/2022\\\/09\\\/20\\\/dejemos-en-paz-al-populismo-hablemos-de-narcoestado\\\/#article\",\"isPartOf\":{\"@id\":\"https:\\\/\\\/informatepy.com\\\/2021\\\/2022\\\/09\\\/20\\\/dejemos-en-paz-al-populismo-hablemos-de-narcoestado\\\/\"},\"author\":{\"name\":\"Hugo Marcelo Balderrama\",\"@id\":\"https:\\\/\\\/informatepy.com\\\/2021\\\/#\\\/schema\\\/person\\\/fba0848a092e74eff0a1f714866d6d3c\"},\"headline\":\"Dejemos en paz al populismo, hablemos de narcoestado\",\"datePublished\":\"2022-09-20T12:42:47+00:00\",\"dateModified\":\"2022-09-20T12:42:50+00:00\",\"mainEntityOfPage\":{\"@id\":\"https:\\\/\\\/informatepy.com\\\/2021\\\/2022\\\/09\\\/20\\\/dejemos-en-paz-al-populismo-hablemos-de-narcoestado\\\/\"},\"wordCount\":892,\"commentCount\":0,\"publisher\":{\"@id\":\"https:\\\/\\\/informatepy.com\\\/2021\\\/#\\\/schema\\\/person\\\/edd302c981d6ba4596191719d1025a8a\"},\"image\":{\"@id\":\"https:\\\/\\\/informatepy.com\\\/2021\\\/2022\\\/09\\\/20\\\/dejemos-en-paz-al-populismo-hablemos-de-narcoestado\\\/#primaryimage\"},\"thumbnailUrl\":\"https:\\\/\\\/i0.wp.com\\\/informatepy.com\\\/2021\\\/wp-content\\\/uploads\\\/2022\\\/09\\\/cocaina.jpg?fit=950%2C534&ssl=1\",\"keywords\":[\"destacada\",\"narcotrafico\"],\"articleSection\":[\"Analisis\"],\"inLanguage\":\"es\",\"potentialAction\":[{\"@type\":\"CommentAction\",\"name\":\"Comment\",\"target\":[\"https:\\\/\\\/informatepy.com\\\/2021\\\/2022\\\/09\\\/20\\\/dejemos-en-paz-al-populismo-hablemos-de-narcoestado\\\/#respond\"]}]},{\"@type\":\"WebPage\",\"@id\":\"https:\\\/\\\/informatepy.com\\\/2021\\\/2022\\\/09\\\/20\\\/dejemos-en-paz-al-populismo-hablemos-de-narcoestado\\\/\",\"url\":\"https:\\\/\\\/informatepy.com\\\/2021\\\/2022\\\/09\\\/20\\\/dejemos-en-paz-al-populismo-hablemos-de-narcoestado\\\/\",\"name\":\"Dejemos en paz al populismo, hablemos de narcoestado - Informatepy\",\"isPartOf\":{\"@id\":\"https:\\\/\\\/informatepy.com\\\/2021\\\/#website\"},\"primaryImageOfPage\":{\"@id\":\"https:\\\/\\\/informatepy.com\\\/2021\\\/2022\\\/09\\\/20\\\/dejemos-en-paz-al-populismo-hablemos-de-narcoestado\\\/#primaryimage\"},\"image\":{\"@id\":\"https:\\\/\\\/informatepy.com\\\/2021\\\/2022\\\/09\\\/20\\\/dejemos-en-paz-al-populismo-hablemos-de-narcoestado\\\/#primaryimage\"},\"thumbnailUrl\":\"https:\\\/\\\/i0.wp.com\\\/informatepy.com\\\/2021\\\/wp-content\\\/uploads\\\/2022\\\/09\\\/cocaina.jpg?fit=950%2C534&ssl=1\",\"datePublished\":\"2022-09-20T12:42:47+00:00\",\"dateModified\":\"2022-09-20T12:42:50+00:00\",\"breadcrumb\":{\"@id\":\"https:\\\/\\\/informatepy.com\\\/2021\\\/2022\\\/09\\\/20\\\/dejemos-en-paz-al-populismo-hablemos-de-narcoestado\\\/#breadcrumb\"},\"inLanguage\":\"es\",\"potentialAction\":[{\"@type\":\"ReadAction\",\"target\":[\"https:\\\/\\\/informatepy.com\\\/2021\\\/2022\\\/09\\\/20\\\/dejemos-en-paz-al-populismo-hablemos-de-narcoestado\\\/\"]}]},{\"@type\":\"ImageObject\",\"inLanguage\":\"es\",\"@id\":\"https:\\\/\\\/informatepy.com\\\/2021\\\/2022\\\/09\\\/20\\\/dejemos-en-paz-al-populismo-hablemos-de-narcoestado\\\/#primaryimage\",\"url\":\"https:\\\/\\\/i0.wp.com\\\/informatepy.com\\\/2021\\\/wp-content\\\/uploads\\\/2022\\\/09\\\/cocaina.jpg?fit=950%2C534&ssl=1\",\"contentUrl\":\"https:\\\/\\\/i0.wp.com\\\/informatepy.com\\\/2021\\\/wp-content\\\/uploads\\\/2022\\\/09\\\/cocaina.jpg?fit=950%2C534&ssl=1\",\"width\":950,\"height\":534},{\"@type\":\"BreadcrumbList\",\"@id\":\"https:\\\/\\\/informatepy.com\\\/2021\\\/2022\\\/09\\\/20\\\/dejemos-en-paz-al-populismo-hablemos-de-narcoestado\\\/#breadcrumb\",\"itemListElement\":[{\"@type\":\"ListItem\",\"position\":1,\"name\":\"Portada\",\"item\":\"https:\\\/\\\/informatepy.com\\\/2021\\\/\"},{\"@type\":\"ListItem\",\"position\":2,\"name\":\"Dejemos en paz al populismo, hablemos de narcoestado\"}]},{\"@type\":\"WebSite\",\"@id\":\"https:\\\/\\\/informatepy.com\\\/2021\\\/#website\",\"url\":\"https:\\\/\\\/informatepy.com\\\/2021\\\/\",\"name\":\"Informatepy\",\"description\":\"La verdad, siempre!\",\"publisher\":{\"@id\":\"https:\\\/\\\/informatepy.com\\\/2021\\\/#\\\/schema\\\/person\\\/edd302c981d6ba4596191719d1025a8a\"},\"potentialAction\":[{\"@type\":\"SearchAction\",\"target\":{\"@type\":\"EntryPoint\",\"urlTemplate\":\"https:\\\/\\\/informatepy.com\\\/2021\\\/?s={search_term_string}\"},\"query-input\":{\"@type\":\"PropertyValueSpecification\",\"valueRequired\":true,\"valueName\":\"search_term_string\"}}],\"inLanguage\":\"es\"},{\"@type\":[\"Person\",\"Organization\"],\"@id\":\"https:\\\/\\\/informatepy.com\\\/2021\\\/#\\\/schema\\\/person\\\/edd302c981d6ba4596191719d1025a8a\",\"name\":\"admin\",\"image\":{\"@type\":\"ImageObject\",\"inLanguage\":\"es\",\"@id\":\"https:\\\/\\\/secure.gravatar.com\\\/avatar\\\/5310f602b6cbcfb86e030c4ccdbb78f6565a3b9bab6a74ab80fd3cb5428b65af?s=96&d=mm&r=g\",\"url\":\"https:\\\/\\\/secure.gravatar.com\\\/avatar\\\/5310f602b6cbcfb86e030c4ccdbb78f6565a3b9bab6a74ab80fd3cb5428b65af?s=96&d=mm&r=g\",\"contentUrl\":\"https:\\\/\\\/secure.gravatar.com\\\/avatar\\\/5310f602b6cbcfb86e030c4ccdbb78f6565a3b9bab6a74ab80fd3cb5428b65af?s=96&d=mm&r=g\",\"caption\":\"admin\"},\"logo\":{\"@id\":\"https:\\\/\\\/secure.gravatar.com\\\/avatar\\\/5310f602b6cbcfb86e030c4ccdbb78f6565a3b9bab6a74ab80fd3cb5428b65af?s=96&d=mm&r=g\"},\"sameAs\":[\"http:\\\/\\\/informatepy.com\\\/2021\"]},{\"@type\":\"Person\",\"@id\":\"https:\\\/\\\/informatepy.com\\\/2021\\\/#\\\/schema\\\/person\\\/fba0848a092e74eff0a1f714866d6d3c\",\"name\":\"Hugo Marcelo Balderrama\",\"image\":{\"@type\":\"ImageObject\",\"inLanguage\":\"es\",\"@id\":\"https:\\\/\\\/i0.wp.com\\\/informatepy.com\\\/2021\\\/wp-content\\\/uploads\\\/2021\\\/11\\\/Hugo-balderrama.jpg?fit=85%2C96&ssl=1\",\"url\":\"https:\\\/\\\/i0.wp.com\\\/informatepy.com\\\/2021\\\/wp-content\\\/uploads\\\/2021\\\/11\\\/Hugo-balderrama.jpg?fit=85%2C96&ssl=1\",\"contentUrl\":\"https:\\\/\\\/i0.wp.com\\\/informatepy.com\\\/2021\\\/wp-content\\\/uploads\\\/2021\\\/11\\\/Hugo-balderrama.jpg?fit=85%2C96&ssl=1\",\"caption\":\"Hugo Marcelo Balderrama\"},\"description\":\"Economista, Docente, Periodista y Consultor Pol\u00edtico. Comprometido con la defensa de la vida, la propiedad y la libertad.\",\"sameAs\":[\"https:\\\/\\\/x.com\\\/https:\\\/\\\/twitter.com\\\/hugobalderrama\"],\"url\":\"https:\\\/\\\/informatepy.com\\\/2021\\\/author\\\/hbalderrama\\\/\"}]}<\/script>\n<!-- \/ Yoast SEO plugin. -->","yoast_head_json":{"title":"Dejemos en paz al populismo, hablemos de narcoestado - Informatepy","robots":{"index":"index","follow":"follow","max-snippet":"max-snippet:-1","max-image-preview":"max-image-preview:large","max-video-preview":"max-video-preview:-1"},"canonical":"https:\/\/informatepy.com\/2021\/2022\/09\/20\/dejemos-en-paz-al-populismo-hablemos-de-narcoestado\/","og_locale":"es_ES","og_type":"article","og_title":"Dejemos en paz al populismo, hablemos de narcoestado - Informatepy","og_description":"Ernesto Laclau, fil\u00f3sofo posmarxista muy cercano al Foro de Sao Paulo, describi\u00f3 al populismo como una forma de \u00abconstruir\u00bb lo pol\u00edtico.\u00a0Ergo, ser\u00eda un m\u00e9todo de otorgar identidad pol\u00edtica a un grupo y, al mismo tiempo, identificar a un \u00abenemigo\u00bb del pueblo. Ese alguien que ser\u00eda portador de todos los defectos y maldades. El propio&nbsp;Laclau&nbsp;admite que [&hellip;]","og_url":"https:\/\/informatepy.com\/2021\/2022\/09\/20\/dejemos-en-paz-al-populismo-hablemos-de-narcoestado\/","og_site_name":"Informatepy","article_published_time":"2022-09-20T12:42:47+00:00","article_modified_time":"2022-09-20T12:42:50+00:00","og_image":[{"width":950,"height":534,"url":"https:\/\/informatepy.com\/2021\/wp-content\/uploads\/2022\/09\/cocaina.jpg","type":"image\/jpeg"}],"author":"Hugo Marcelo Balderrama","twitter_card":"summary_large_image","twitter_creator":"@https:\/\/twitter.com\/hugobalderrama","twitter_misc":{"Escrito por":"Hugo Marcelo Balderrama","Tiempo de lectura":"5 minutos"},"schema":{"@context":"https:\/\/schema.org","@graph":[{"@type":"Article","@id":"https:\/\/informatepy.com\/2021\/2022\/09\/20\/dejemos-en-paz-al-populismo-hablemos-de-narcoestado\/#article","isPartOf":{"@id":"https:\/\/informatepy.com\/2021\/2022\/09\/20\/dejemos-en-paz-al-populismo-hablemos-de-narcoestado\/"},"author":{"name":"Hugo Marcelo Balderrama","@id":"https:\/\/informatepy.com\/2021\/#\/schema\/person\/fba0848a092e74eff0a1f714866d6d3c"},"headline":"Dejemos en paz al populismo, hablemos de narcoestado","datePublished":"2022-09-20T12:42:47+00:00","dateModified":"2022-09-20T12:42:50+00:00","mainEntityOfPage":{"@id":"https:\/\/informatepy.com\/2021\/2022\/09\/20\/dejemos-en-paz-al-populismo-hablemos-de-narcoestado\/"},"wordCount":892,"commentCount":0,"publisher":{"@id":"https:\/\/informatepy.com\/2021\/#\/schema\/person\/edd302c981d6ba4596191719d1025a8a"},"image":{"@id":"https:\/\/informatepy.com\/2021\/2022\/09\/20\/dejemos-en-paz-al-populismo-hablemos-de-narcoestado\/#primaryimage"},"thumbnailUrl":"https:\/\/i0.wp.com\/informatepy.com\/2021\/wp-content\/uploads\/2022\/09\/cocaina.jpg?fit=950%2C534&ssl=1","keywords":["destacada","narcotrafico"],"articleSection":["Analisis"],"inLanguage":"es","potentialAction":[{"@type":"CommentAction","name":"Comment","target":["https:\/\/informatepy.com\/2021\/2022\/09\/20\/dejemos-en-paz-al-populismo-hablemos-de-narcoestado\/#respond"]}]},{"@type":"WebPage","@id":"https:\/\/informatepy.com\/2021\/2022\/09\/20\/dejemos-en-paz-al-populismo-hablemos-de-narcoestado\/","url":"https:\/\/informatepy.com\/2021\/2022\/09\/20\/dejemos-en-paz-al-populismo-hablemos-de-narcoestado\/","name":"Dejemos en paz al populismo, hablemos de narcoestado - Informatepy","isPartOf":{"@id":"https:\/\/informatepy.com\/2021\/#website"},"primaryImageOfPage":{"@id":"https:\/\/informatepy.com\/2021\/2022\/09\/20\/dejemos-en-paz-al-populismo-hablemos-de-narcoestado\/#primaryimage"},"image":{"@id":"https:\/\/informatepy.com\/2021\/2022\/09\/20\/dejemos-en-paz-al-populismo-hablemos-de-narcoestado\/#primaryimage"},"thumbnailUrl":"https:\/\/i0.wp.com\/informatepy.com\/2021\/wp-content\/uploads\/2022\/09\/cocaina.jpg?fit=950%2C534&ssl=1","datePublished":"2022-09-20T12:42:47+00:00","dateModified":"2022-09-20T12:42:50+00:00","breadcrumb":{"@id":"https:\/\/informatepy.com\/2021\/2022\/09\/20\/dejemos-en-paz-al-populismo-hablemos-de-narcoestado\/#breadcrumb"},"inLanguage":"es","potentialAction":[{"@type":"ReadAction","target":["https:\/\/informatepy.com\/2021\/2022\/09\/20\/dejemos-en-paz-al-populismo-hablemos-de-narcoestado\/"]}]},{"@type":"ImageObject","inLanguage":"es","@id":"https:\/\/informatepy.com\/2021\/2022\/09\/20\/dejemos-en-paz-al-populismo-hablemos-de-narcoestado\/#primaryimage","url":"https:\/\/i0.wp.com\/informatepy.com\/2021\/wp-content\/uploads\/2022\/09\/cocaina.jpg?fit=950%2C534&ssl=1","contentUrl":"https:\/\/i0.wp.com\/informatepy.com\/2021\/wp-content\/uploads\/2022\/09\/cocaina.jpg?fit=950%2C534&ssl=1","width":950,"height":534},{"@type":"BreadcrumbList","@id":"https:\/\/informatepy.com\/2021\/2022\/09\/20\/dejemos-en-paz-al-populismo-hablemos-de-narcoestado\/#breadcrumb","itemListElement":[{"@type":"ListItem","position":1,"name":"Portada","item":"https:\/\/informatepy.com\/2021\/"},{"@type":"ListItem","position":2,"name":"Dejemos en paz al populismo, hablemos de narcoestado"}]},{"@type":"WebSite","@id":"https:\/\/informatepy.com\/2021\/#website","url":"https:\/\/informatepy.com\/2021\/","name":"Informatepy","description":"La verdad, siempre!","publisher":{"@id":"https:\/\/informatepy.com\/2021\/#\/schema\/person\/edd302c981d6ba4596191719d1025a8a"},"potentialAction":[{"@type":"SearchAction","target":{"@type":"EntryPoint","urlTemplate":"https:\/\/informatepy.com\/2021\/?s={search_term_string}"},"query-input":{"@type":"PropertyValueSpecification","valueRequired":true,"valueName":"search_term_string"}}],"inLanguage":"es"},{"@type":["Person","Organization"],"@id":"https:\/\/informatepy.com\/2021\/#\/schema\/person\/edd302c981d6ba4596191719d1025a8a","name":"admin","image":{"@type":"ImageObject","inLanguage":"es","@id":"https:\/\/secure.gravatar.com\/avatar\/5310f602b6cbcfb86e030c4ccdbb78f6565a3b9bab6a74ab80fd3cb5428b65af?s=96&d=mm&r=g","url":"https:\/\/secure.gravatar.com\/avatar\/5310f602b6cbcfb86e030c4ccdbb78f6565a3b9bab6a74ab80fd3cb5428b65af?s=96&d=mm&r=g","contentUrl":"https:\/\/secure.gravatar.com\/avatar\/5310f602b6cbcfb86e030c4ccdbb78f6565a3b9bab6a74ab80fd3cb5428b65af?s=96&d=mm&r=g","caption":"admin"},"logo":{"@id":"https:\/\/secure.gravatar.com\/avatar\/5310f602b6cbcfb86e030c4ccdbb78f6565a3b9bab6a74ab80fd3cb5428b65af?s=96&d=mm&r=g"},"sameAs":["http:\/\/informatepy.com\/2021"]},{"@type":"Person","@id":"https:\/\/informatepy.com\/2021\/#\/schema\/person\/fba0848a092e74eff0a1f714866d6d3c","name":"Hugo Marcelo Balderrama","image":{"@type":"ImageObject","inLanguage":"es","@id":"https:\/\/i0.wp.com\/informatepy.com\/2021\/wp-content\/uploads\/2021\/11\/Hugo-balderrama.jpg?fit=85%2C96&ssl=1","url":"https:\/\/i0.wp.com\/informatepy.com\/2021\/wp-content\/uploads\/2021\/11\/Hugo-balderrama.jpg?fit=85%2C96&ssl=1","contentUrl":"https:\/\/i0.wp.com\/informatepy.com\/2021\/wp-content\/uploads\/2021\/11\/Hugo-balderrama.jpg?fit=85%2C96&ssl=1","caption":"Hugo Marcelo Balderrama"},"description":"Economista, Docente, Periodista y Consultor Pol\u00edtico. Comprometido con la defensa de la vida, la propiedad y la libertad.","sameAs":["https:\/\/x.com\/https:\/\/twitter.com\/hugobalderrama"],"url":"https:\/\/informatepy.com\/2021\/author\/hbalderrama\/"}]}},"jetpack_featured_media_url":"https:\/\/i0.wp.com\/informatepy.com\/2021\/wp-content\/uploads\/2022\/09\/cocaina.jpg?fit=950%2C534&ssl=1","jetpack_sharing_enabled":true,"jetpack_likes_enabled":true,"jetpack-related-posts":[{"id":12605,"url":"https:\/\/informatepy.com\/2021\/2022\/07\/10\/de-los-movimientos-sociales-al-reinado-de-las-pandillas\/","url_meta":{"origin":13993,"position":0},"title":"De los movimientos sociales al reinado de las pandillas","date":"10 de julio de 2022","format":false,"excerpt":"Ernesto Laclau \u2015fil\u00f3sofo argentino muy ligado a los gobiernos del Socialismo del siglo 21\u2015 en su libro, La raz\u00f3n populista, afirma que el populismo es una manera de construir lo pol\u00edtico. Si nos centramos en la definici\u00f3n de Laclau, el populismo ser\u00eda una manera de otorgar identidad a un grupo\u2026","rel":"","context":"En \u00abAnalisis\u00bb","img":{"alt_text":"","src":"https:\/\/i0.wp.com\/informatepy.com\/2021\/wp-content\/uploads\/2021\/11\/HUGO-BALDERRAMA-COLUMNISTA.jpg?fit=1200%2C656&ssl=1&resize=350%2C200","width":350,"height":200},"classes":[]},{"id":6986,"url":"https:\/\/informatepy.com\/2021\/2021\/09\/06\/la-ilusion-de-la-eleccion\/","url_meta":{"origin":13993,"position":1},"title":"La ilusi\u00f3n de la elecci\u00f3n","date":"6 de septiembre de 2021","format":false,"excerpt":"Lo importante es que el pueblo sepa o crea dir\u00eda yo, que hay elecciones, que existe el show, entonces, aqu\u00ed entra la frase c\u00e9lebre de Joseph Stalin: \"No importa quien tenga las votos si no quien cuenta los votos, estos lo deciden todo, los que votan no deciden nada\". La\u2026","rel":"","context":"En \u00abAnalisis\u00bb","img":{"alt_text":"","src":"https:\/\/i0.wp.com\/informatepy.com\/2021\/wp-content\/uploads\/2021\/09\/ilusion1.jpg?fit=591%2C440&ssl=1&resize=350%2C200","width":350,"height":200},"classes":[]},{"id":1946,"url":"https:\/\/informatepy.com\/2021\/2020\/04\/24\/alliana-le-responde-a-kattya-gonzalez\/","url_meta":{"origin":13993,"position":2},"title":"Alliana le responde a Kattya Gonz\u00e1lez","date":"24 de abril de 2020","format":false,"excerpt":"Si bien no vamos a negar muchos aspectos positivos de la gesti\u00f3n de la diputada Kattya Gonz\u00e1lez, es importante aclarar, tambi\u00e9n, que muchas de sus posturas son populistas, entendiendo por populismo a la doctrina pol\u00edtica que se presenta como defensora de los intereses y aspiraciones del pueblo solo para conseguir\u2026","rel":"","context":"En \u00abNacionales\u00bb","img":{"alt_text":"","src":"https:\/\/i0.wp.com\/informatepy.com\/2021\/wp-content\/uploads\/2021\/04\/alliana-kattya-gonzalez-scaled-1.jpg?fit=1200%2C767&ssl=1&resize=350%2C200","width":350,"height":200},"classes":[]},{"id":4615,"url":"https:\/\/informatepy.com\/2021\/2021\/04\/24\/populismo-y-publicidad-enganosa\/","url_meta":{"origin":13993,"position":3},"title":"Populismo y publicidad enga\u00f1osa","date":"24 de abril de 2021","format":false,"excerpt":"Alfredo Bullard dice que los pol\u00edticos, los competidores en el mercado pol\u00edtico, quieren \u201cregular peor, no que los regulen\u201d.","rel":"","context":"En \u00abAnalisis\u00bb","img":{"alt_text":"","src":"https:\/\/i0.wp.com\/informatepy.com\/2021\/wp-content\/uploads\/2021\/04\/populismo1.jpg?fit=700%2C374&ssl=1&resize=350%2C200","width":350,"height":200},"classes":[]},{"id":13967,"url":"https:\/\/informatepy.com\/2021\/2022\/09\/18\/voto-racional\/","url_meta":{"origin":13993,"position":4},"title":"\u00bfVoto racional?","date":"18 de septiembre de 2022","format":false,"excerpt":"Estamos en momentos electorales en nuestro pa\u00eds, raz\u00f3n por la cual a modo de pregunta titule el siguiente articulo como \u00bfvoto racional? Haciendo \u00e9nfasis en como la misma naturaleza del ser humano es mucho m\u00e1s irracional, emotiva, que l\u00f3gica o racional, para tomar ciertas decisiones que puedan tener relevancia para\u2026","rel":"","context":"En \u00abAnalisis\u00bb","img":{"alt_text":"","src":"https:\/\/i0.wp.com\/informatepy.com\/2021\/wp-content\/uploads\/2021\/10\/voto-inodoro.jpg?fit=1200%2C963&ssl=1&resize=350%2C200","width":350,"height":200},"classes":[]},{"id":2125,"url":"https:\/\/informatepy.com\/2021\/2020\/08\/22\/la-politica-del-odio\/","url_meta":{"origin":13993,"position":5},"title":"La pol\u00edtica del odio","date":"22 de agosto de 2020","format":false,"excerpt":"Tiempos dif\u00edciles los que no tocan; tiempos dif\u00edciles m\u00e1s all\u00e1 de la pandemia, tiempos de populismos que se asoman luego de haberse perdido los antiguos anclajes pol\u00edticos. Los populismos, como se sabe, alteran y reconfiguran las personalidades basados en el ego\u00edsmo y, de paso, degradan a\u00fan m\u00e1s la calidad democr\u00e1tica\u2026","rel":"","context":"En \u00abAnalisis\u00bb","img":{"alt_text":"","src":"https:\/\/i0.wp.com\/informatepy.com\/2021\/wp-content\/uploads\/2021\/08\/populismo.jpg?fit=512%2C327&ssl=1&resize=350%2C200","width":350,"height":200},"classes":[]}],"authors":[{"term_id":1566,"user_id":36,"is_guest":0,"slug":"hbalderrama","display_name":"Hugo Marcelo Balderrama","avatar_url":"https:\/\/i0.wp.com\/informatepy.com\/2021\/wp-content\/uploads\/2021\/11\/Hugo-balderrama.jpg?fit=85%2C96&ssl=1","first_name":"Hugo Marcelo","last_name":"Balderrama","user_url":"","description":"Economista, Docente, Periodista y Consultor Pol\u00edtico. Comprometido con la defensa de la vida, la propiedad y la libertad."}],"amp_enabled":true,"_links":{"self":[{"href":"https:\/\/informatepy.com\/2021\/wp-json\/wp\/v2\/posts\/13993","targetHints":{"allow":["GET"]}}],"collection":[{"href":"https:\/\/informatepy.com\/2021\/wp-json\/wp\/v2\/posts"}],"about":[{"href":"https:\/\/informatepy.com\/2021\/wp-json\/wp\/v2\/types\/post"}],"author":[{"embeddable":true,"href":"https:\/\/informatepy.com\/2021\/wp-json\/wp\/v2\/users\/36"}],"replies":[{"embeddable":true,"href":"https:\/\/informatepy.com\/2021\/wp-json\/wp\/v2\/comments?post=13993"}],"version-history":[{"count":1,"href":"https:\/\/informatepy.com\/2021\/wp-json\/wp\/v2\/posts\/13993\/revisions"}],"predecessor-version":[{"id":13995,"href":"https:\/\/informatepy.com\/2021\/wp-json\/wp\/v2\/posts\/13993\/revisions\/13995"}],"wp:featuredmedia":[{"embeddable":true,"href":"https:\/\/informatepy.com\/2021\/wp-json\/wp\/v2\/media\/13994"}],"wp:attachment":[{"href":"https:\/\/informatepy.com\/2021\/wp-json\/wp\/v2\/media?parent=13993"}],"wp:term":[{"taxonomy":"category","embeddable":true,"href":"https:\/\/informatepy.com\/2021\/wp-json\/wp\/v2\/categories?post=13993"},{"taxonomy":"post_tag","embeddable":true,"href":"https:\/\/informatepy.com\/2021\/wp-json\/wp\/v2\/tags?post=13993"},{"taxonomy":"author","embeddable":true,"href":"https:\/\/informatepy.com\/2021\/wp-json\/wp\/v2\/ppma_author?post=13993"}],"curies":[{"name":"wp","href":"https:\/\/api.w.org\/{rel}","templated":true}]}}