{"id":13902,"date":"2022-09-14T08:31:43","date_gmt":"2022-09-14T11:31:43","guid":{"rendered":"https:\/\/informatepy.com\/2021\/?p=13902"},"modified":"2022-09-14T08:31:46","modified_gmt":"2022-09-14T11:31:46","slug":"un-muerto-y-cuatro-heridos-en-el-motin-del-penal-de-concepcion","status":"publish","type":"post","link":"https:\/\/informatepy.com\/2021\/2022\/09\/14\/un-muerto-y-cuatro-heridos-en-el-motin-del-penal-de-concepcion\/","title":{"rendered":"Un muerto y cuatro heridos en el mot\u00edn del penal de Concepci\u00f3n"},"content":{"rendered":"\n<p class=\"has-text-align-justify\">Un recluso fallecido y cuatro heridos, tres de ellos guardiac\u00e1rceles, es el resultado de un mot\u00edn ocurrido anoche en el penal de Concepci\u00f3n. Los responsables ser\u00edan miembros del grupo criminal Primer Comando Capital (PCC).<\/p>\n\n\n\n<p class=\"has-text-align-justify\">El director de la Polic\u00eda de Concepci\u00f3n, Crio. Vidal Galeano, mencion\u00f3 que el reo muerto est\u00e1 identificado como <strong>C\u00e9sar Alexander Cabrera Fern\u00e1ndez,<\/strong> de 26 a\u00f1os. Asimismo, qued\u00f3 gravemente herido su hermano <strong>Oscar Daniel Cabrera Fern\u00e1ndez<\/strong>, de 27 a\u00f1os de edad. Ambos estaban recluidos por el crimen del comisario principal Arsenio Gonz\u00e1lez Herrera, ocurrido en noviembre del 2018.<\/p>\n\n\n\n<p class=\"has-text-align-justify\">Los tres guardiac\u00e1rceles heridos son <strong>Arnaldo Quintana<\/strong> (39), <strong>Miguel \u00c1ngel Ibarra<\/strong> (27) y <strong>Antonio Romero <\/strong>(38). Todos ellos est\u00e1n fuera de peligro.<\/p>\n","protected":false},"excerpt":{"rendered":"<p>Un recluso fallecido y cuatro heridos, tres de ellos guardiac\u00e1rceles, es el resultado de un mot\u00edn ocurrido anoche en el penal de Concepci\u00f3n. Los responsables ser\u00edan miembros del grupo criminal Primer Comando Capital (PCC). El director de la Polic\u00eda de Concepci\u00f3n, Crio. Vidal Galeano, mencion\u00f3 que el reo muerto est\u00e1 identificado como C\u00e9sar Alexander Cabrera [&hellip;]<\/p>\n","protected":false},"author":4,"featured_media":13903,"comment_status":"open","ping_status":"open","sticky":false,"template":"","format":"standard","meta":{"_monsterinsights_skip_tracking":false,"_monsterinsights_sitenote_active":false,"_monsterinsights_sitenote_note":"","_monsterinsights_sitenote_category":0,"footnotes":"","jetpack_publicize_message":"","jetpack_is_tweetstorm":false,"jetpack_publicize_feature_enabled":true},"categories":[177],"tags":[638,1036],"ppma_author":[1051],"class_list":["post-13902","post","type-post","status-publish","format-standard","has-post-thumbnail","hentry","category-nacionales","tag-concepcion","tag-destacada"],"jetpack_publicize_connections":[],"yoast_head":"<!-- This site is optimized with the Yoast SEO plugin v27.4 - https:\/\/yoast.com\/product\/yoast-seo-wordpress\/ -->\n<title>Un muerto y cuatro heridos en el mot\u00edn del penal de Concepci\u00f3n - Informatepy<\/title>\n<meta name=\"robots\" content=\"index, follow, max-snippet:-1, max-image-preview:large, max-video-preview:-1\" \/>\n<link rel=\"canonical\" href=\"https:\/\/informatepy.com\/2021\/2022\/09\/14\/un-muerto-y-cuatro-heridos-en-el-motin-del-penal-de-concepcion\/\" \/>\n<meta property=\"og:locale\" content=\"es_ES\" \/>\n<meta property=\"og:type\" content=\"article\" \/>\n<meta property=\"og:title\" content=\"Un muerto y cuatro heridos en el mot\u00edn del penal de Concepci\u00f3n - Informatepy\" \/>\n<meta property=\"og:description\" content=\"Un recluso fallecido y cuatro heridos, tres de ellos guardiac\u00e1rceles, es el resultado de un mot\u00edn ocurrido anoche en el penal de Concepci\u00f3n. Los responsables ser\u00edan miembros del grupo criminal Primer Comando Capital (PCC). El director de la Polic\u00eda de Concepci\u00f3n, Crio. Vidal Galeano, mencion\u00f3 que el reo muerto est\u00e1 identificado como C\u00e9sar Alexander Cabrera [&hellip;]\" \/>\n<meta property=\"og:url\" content=\"https:\/\/informatepy.com\/2021\/2022\/09\/14\/un-muerto-y-cuatro-heridos-en-el-motin-del-penal-de-concepcion\/\" \/>\n<meta property=\"og:site_name\" content=\"Informatepy\" \/>\n<meta property=\"article:author\" content=\"https:\/\/www.facebook.com\/InformatePyCom\" \/>\n<meta property=\"article:published_time\" content=\"2022-09-14T11:31:43+00:00\" \/>\n<meta property=\"article:modified_time\" content=\"2022-09-14T11:31:46+00:00\" \/>\n<meta property=\"og:image\" content=\"https:\/\/informatepy.com\/2021\/wp-content\/uploads\/2022\/09\/concepcion-carcel.jpg\" \/>\n\t<meta property=\"og:image:width\" content=\"660\" \/>\n\t<meta property=\"og:image:height\" content=\"330\" \/>\n\t<meta property=\"og:image:type\" content=\"image\/jpeg\" \/>\n<meta name=\"author\" content=\"Redacci\u00f3n\" \/>\n<meta name=\"twitter:card\" content=\"summary_large_image\" \/>\n<meta name=\"twitter:creator\" content=\"@https:\/\/twitter.com\/InformatePy1\" \/>\n<meta name=\"twitter:label1\" content=\"Escrito por\" \/>\n\t<meta name=\"twitter:data1\" content=\"Redacci\u00f3n\" \/>\n\t<meta name=\"twitter:label2\" content=\"Tiempo de lectura\" \/>\n\t<meta name=\"twitter:data2\" content=\"1 minuto\" \/>\n<script type=\"application\/ld+json\" class=\"yoast-schema-graph\">{\"@context\":\"https:\\\/\\\/schema.org\",\"@graph\":[{\"@type\":\"Article\",\"@id\":\"https:\\\/\\\/informatepy.com\\\/2021\\\/2022\\\/09\\\/14\\\/un-muerto-y-cuatro-heridos-en-el-motin-del-penal-de-concepcion\\\/#article\",\"isPartOf\":{\"@id\":\"https:\\\/\\\/informatepy.com\\\/2021\\\/2022\\\/09\\\/14\\\/un-muerto-y-cuatro-heridos-en-el-motin-del-penal-de-concepcion\\\/\"},\"author\":{\"name\":\"Redacci\u00f3n\",\"@id\":\"https:\\\/\\\/informatepy.com\\\/2021\\\/#\\\/schema\\\/person\\\/0c842f525f84ea74ef3b44370d11757b\"},\"headline\":\"Un muerto y cuatro heridos en el mot\u00edn del penal de Concepci\u00f3n\",\"datePublished\":\"2022-09-14T11:31:43+00:00\",\"dateModified\":\"2022-09-14T11:31:46+00:00\",\"mainEntityOfPage\":{\"@id\":\"https:\\\/\\\/informatepy.com\\\/2021\\\/2022\\\/09\\\/14\\\/un-muerto-y-cuatro-heridos-en-el-motin-del-penal-de-concepcion\\\/\"},\"wordCount\":135,\"commentCount\":0,\"publisher\":{\"@id\":\"https:\\\/\\\/informatepy.com\\\/2021\\\/#\\\/schema\\\/person\\\/edd302c981d6ba4596191719d1025a8a\"},\"image\":{\"@id\":\"https:\\\/\\\/informatepy.com\\\/2021\\\/2022\\\/09\\\/14\\\/un-muerto-y-cuatro-heridos-en-el-motin-del-penal-de-concepcion\\\/#primaryimage\"},\"thumbnailUrl\":\"https:\\\/\\\/i0.wp.com\\\/informatepy.com\\\/2021\\\/wp-content\\\/uploads\\\/2022\\\/09\\\/concepcion-carcel.jpg?fit=660%2C330&ssl=1\",\"keywords\":[\"concepcion\",\"destacada\"],\"articleSection\":[\"Nacionales\"],\"inLanguage\":\"es\",\"potentialAction\":[{\"@type\":\"CommentAction\",\"name\":\"Comment\",\"target\":[\"https:\\\/\\\/informatepy.com\\\/2021\\\/2022\\\/09\\\/14\\\/un-muerto-y-cuatro-heridos-en-el-motin-del-penal-de-concepcion\\\/#respond\"]}]},{\"@type\":\"WebPage\",\"@id\":\"https:\\\/\\\/informatepy.com\\\/2021\\\/2022\\\/09\\\/14\\\/un-muerto-y-cuatro-heridos-en-el-motin-del-penal-de-concepcion\\\/\",\"url\":\"https:\\\/\\\/informatepy.com\\\/2021\\\/2022\\\/09\\\/14\\\/un-muerto-y-cuatro-heridos-en-el-motin-del-penal-de-concepcion\\\/\",\"name\":\"Un muerto y cuatro heridos en el mot\u00edn del penal de Concepci\u00f3n - Informatepy\",\"isPartOf\":{\"@id\":\"https:\\\/\\\/informatepy.com\\\/2021\\\/#website\"},\"primaryImageOfPage\":{\"@id\":\"https:\\\/\\\/informatepy.com\\\/2021\\\/2022\\\/09\\\/14\\\/un-muerto-y-cuatro-heridos-en-el-motin-del-penal-de-concepcion\\\/#primaryimage\"},\"image\":{\"@id\":\"https:\\\/\\\/informatepy.com\\\/2021\\\/2022\\\/09\\\/14\\\/un-muerto-y-cuatro-heridos-en-el-motin-del-penal-de-concepcion\\\/#primaryimage\"},\"thumbnailUrl\":\"https:\\\/\\\/i0.wp.com\\\/informatepy.com\\\/2021\\\/wp-content\\\/uploads\\\/2022\\\/09\\\/concepcion-carcel.jpg?fit=660%2C330&ssl=1\",\"datePublished\":\"2022-09-14T11:31:43+00:00\",\"dateModified\":\"2022-09-14T11:31:46+00:00\",\"breadcrumb\":{\"@id\":\"https:\\\/\\\/informatepy.com\\\/2021\\\/2022\\\/09\\\/14\\\/un-muerto-y-cuatro-heridos-en-el-motin-del-penal-de-concepcion\\\/#breadcrumb\"},\"inLanguage\":\"es\",\"potentialAction\":[{\"@type\":\"ReadAction\",\"target\":[\"https:\\\/\\\/informatepy.com\\\/2021\\\/2022\\\/09\\\/14\\\/un-muerto-y-cuatro-heridos-en-el-motin-del-penal-de-concepcion\\\/\"]}]},{\"@type\":\"ImageObject\",\"inLanguage\":\"es\",\"@id\":\"https:\\\/\\\/informatepy.com\\\/2021\\\/2022\\\/09\\\/14\\\/un-muerto-y-cuatro-heridos-en-el-motin-del-penal-de-concepcion\\\/#primaryimage\",\"url\":\"https:\\\/\\\/i0.wp.com\\\/informatepy.com\\\/2021\\\/wp-content\\\/uploads\\\/2022\\\/09\\\/concepcion-carcel.jpg?fit=660%2C330&ssl=1\",\"contentUrl\":\"https:\\\/\\\/i0.wp.com\\\/informatepy.com\\\/2021\\\/wp-content\\\/uploads\\\/2022\\\/09\\\/concepcion-carcel.jpg?fit=660%2C330&ssl=1\",\"width\":660,\"height\":330},{\"@type\":\"BreadcrumbList\",\"@id\":\"https:\\\/\\\/informatepy.com\\\/2021\\\/2022\\\/09\\\/14\\\/un-muerto-y-cuatro-heridos-en-el-motin-del-penal-de-concepcion\\\/#breadcrumb\",\"itemListElement\":[{\"@type\":\"ListItem\",\"position\":1,\"name\":\"Portada\",\"item\":\"https:\\\/\\\/informatepy.com\\\/2021\\\/\"},{\"@type\":\"ListItem\",\"position\":2,\"name\":\"Un muerto y cuatro heridos en el mot\u00edn del penal de Concepci\u00f3n\"}]},{\"@type\":\"WebSite\",\"@id\":\"https:\\\/\\\/informatepy.com\\\/2021\\\/#website\",\"url\":\"https:\\\/\\\/informatepy.com\\\/2021\\\/\",\"name\":\"Informatepy\",\"description\":\"La verdad, siempre!\",\"publisher\":{\"@id\":\"https:\\\/\\\/informatepy.com\\\/2021\\\/#\\\/schema\\\/person\\\/edd302c981d6ba4596191719d1025a8a\"},\"potentialAction\":[{\"@type\":\"SearchAction\",\"target\":{\"@type\":\"EntryPoint\",\"urlTemplate\":\"https:\\\/\\\/informatepy.com\\\/2021\\\/?s={search_term_string}\"},\"query-input\":{\"@type\":\"PropertyValueSpecification\",\"valueRequired\":true,\"valueName\":\"search_term_string\"}}],\"inLanguage\":\"es\"},{\"@type\":[\"Person\",\"Organization\"],\"@id\":\"https:\\\/\\\/informatepy.com\\\/2021\\\/#\\\/schema\\\/person\\\/edd302c981d6ba4596191719d1025a8a\",\"name\":\"admin\",\"image\":{\"@type\":\"ImageObject\",\"inLanguage\":\"es\",\"@id\":\"https:\\\/\\\/secure.gravatar.com\\\/avatar\\\/5310f602b6cbcfb86e030c4ccdbb78f6565a3b9bab6a74ab80fd3cb5428b65af?s=96&d=mm&r=g\",\"url\":\"https:\\\/\\\/secure.gravatar.com\\\/avatar\\\/5310f602b6cbcfb86e030c4ccdbb78f6565a3b9bab6a74ab80fd3cb5428b65af?s=96&d=mm&r=g\",\"contentUrl\":\"https:\\\/\\\/secure.gravatar.com\\\/avatar\\\/5310f602b6cbcfb86e030c4ccdbb78f6565a3b9bab6a74ab80fd3cb5428b65af?s=96&d=mm&r=g\",\"caption\":\"admin\"},\"logo\":{\"@id\":\"https:\\\/\\\/secure.gravatar.com\\\/avatar\\\/5310f602b6cbcfb86e030c4ccdbb78f6565a3b9bab6a74ab80fd3cb5428b65af?s=96&d=mm&r=g\"},\"sameAs\":[\"http:\\\/\\\/informatepy.com\\\/2021\"]},{\"@type\":\"Person\",\"@id\":\"https:\\\/\\\/informatepy.com\\\/2021\\\/#\\\/schema\\\/person\\\/0c842f525f84ea74ef3b44370d11757b\",\"name\":\"Redacci\u00f3n\",\"image\":{\"@type\":\"ImageObject\",\"inLanguage\":\"es\",\"@id\":\"https:\\\/\\\/i0.wp.com\\\/informatepy.com\\\/2021\\\/wp-content\\\/uploads\\\/2021\\\/02\\\/informate-circulo.png?fit=96%2C96&ssl=1\",\"url\":\"https:\\\/\\\/i0.wp.com\\\/informatepy.com\\\/2021\\\/wp-content\\\/uploads\\\/2021\\\/02\\\/informate-circulo.png?fit=96%2C96&ssl=1\",\"contentUrl\":\"https:\\\/\\\/i0.wp.com\\\/informatepy.com\\\/2021\\\/wp-content\\\/uploads\\\/2021\\\/02\\\/informate-circulo.png?fit=96%2C96&ssl=1\",\"caption\":\"Redacci\u00f3n\"},\"sameAs\":[\"https:\\\/\\\/www.facebook.com\\\/InformatePyCom\",\"https:\\\/\\\/x.com\\\/https:\\\/\\\/twitter.com\\\/InformatePy1\"],\"url\":\"https:\\\/\\\/informatepy.com\\\/2021\\\/author\\\/redaccion\\\/\"}]}<\/script>\n<!-- \/ Yoast SEO plugin. -->","yoast_head_json":{"title":"Un muerto y cuatro heridos en el mot\u00edn del penal de Concepci\u00f3n - Informatepy","robots":{"index":"index","follow":"follow","max-snippet":"max-snippet:-1","max-image-preview":"max-image-preview:large","max-video-preview":"max-video-preview:-1"},"canonical":"https:\/\/informatepy.com\/2021\/2022\/09\/14\/un-muerto-y-cuatro-heridos-en-el-motin-del-penal-de-concepcion\/","og_locale":"es_ES","og_type":"article","og_title":"Un muerto y cuatro heridos en el mot\u00edn del penal de Concepci\u00f3n - Informatepy","og_description":"Un recluso fallecido y cuatro heridos, tres de ellos guardiac\u00e1rceles, es el resultado de un mot\u00edn ocurrido anoche en el penal de Concepci\u00f3n. Los responsables ser\u00edan miembros del grupo criminal Primer Comando Capital (PCC). El director de la Polic\u00eda de Concepci\u00f3n, Crio. Vidal Galeano, mencion\u00f3 que el reo muerto est\u00e1 identificado como C\u00e9sar Alexander Cabrera [&hellip;]","og_url":"https:\/\/informatepy.com\/2021\/2022\/09\/14\/un-muerto-y-cuatro-heridos-en-el-motin-del-penal-de-concepcion\/","og_site_name":"Informatepy","article_author":"https:\/\/www.facebook.com\/InformatePyCom","article_published_time":"2022-09-14T11:31:43+00:00","article_modified_time":"2022-09-14T11:31:46+00:00","og_image":[{"width":660,"height":330,"url":"https:\/\/informatepy.com\/2021\/wp-content\/uploads\/2022\/09\/concepcion-carcel.jpg","type":"image\/jpeg"}],"author":"Redacci\u00f3n","twitter_card":"summary_large_image","twitter_creator":"@https:\/\/twitter.com\/InformatePy1","twitter_misc":{"Escrito por":"Redacci\u00f3n","Tiempo de lectura":"1 minuto"},"schema":{"@context":"https:\/\/schema.org","@graph":[{"@type":"Article","@id":"https:\/\/informatepy.com\/2021\/2022\/09\/14\/un-muerto-y-cuatro-heridos-en-el-motin-del-penal-de-concepcion\/#article","isPartOf":{"@id":"https:\/\/informatepy.com\/2021\/2022\/09\/14\/un-muerto-y-cuatro-heridos-en-el-motin-del-penal-de-concepcion\/"},"author":{"name":"Redacci\u00f3n","@id":"https:\/\/informatepy.com\/2021\/#\/schema\/person\/0c842f525f84ea74ef3b44370d11757b"},"headline":"Un muerto y cuatro heridos en el mot\u00edn del penal de Concepci\u00f3n","datePublished":"2022-09-14T11:31:43+00:00","dateModified":"2022-09-14T11:31:46+00:00","mainEntityOfPage":{"@id":"https:\/\/informatepy.com\/2021\/2022\/09\/14\/un-muerto-y-cuatro-heridos-en-el-motin-del-penal-de-concepcion\/"},"wordCount":135,"commentCount":0,"publisher":{"@id":"https:\/\/informatepy.com\/2021\/#\/schema\/person\/edd302c981d6ba4596191719d1025a8a"},"image":{"@id":"https:\/\/informatepy.com\/2021\/2022\/09\/14\/un-muerto-y-cuatro-heridos-en-el-motin-del-penal-de-concepcion\/#primaryimage"},"thumbnailUrl":"https:\/\/i0.wp.com\/informatepy.com\/2021\/wp-content\/uploads\/2022\/09\/concepcion-carcel.jpg?fit=660%2C330&ssl=1","keywords":["concepcion","destacada"],"articleSection":["Nacionales"],"inLanguage":"es","potentialAction":[{"@type":"CommentAction","name":"Comment","target":["https:\/\/informatepy.com\/2021\/2022\/09\/14\/un-muerto-y-cuatro-heridos-en-el-motin-del-penal-de-concepcion\/#respond"]}]},{"@type":"WebPage","@id":"https:\/\/informatepy.com\/2021\/2022\/09\/14\/un-muerto-y-cuatro-heridos-en-el-motin-del-penal-de-concepcion\/","url":"https:\/\/informatepy.com\/2021\/2022\/09\/14\/un-muerto-y-cuatro-heridos-en-el-motin-del-penal-de-concepcion\/","name":"Un muerto y cuatro heridos en el mot\u00edn del penal de Concepci\u00f3n - Informatepy","isPartOf":{"@id":"https:\/\/informatepy.com\/2021\/#website"},"primaryImageOfPage":{"@id":"https:\/\/informatepy.com\/2021\/2022\/09\/14\/un-muerto-y-cuatro-heridos-en-el-motin-del-penal-de-concepcion\/#primaryimage"},"image":{"@id":"https:\/\/informatepy.com\/2021\/2022\/09\/14\/un-muerto-y-cuatro-heridos-en-el-motin-del-penal-de-concepcion\/#primaryimage"},"thumbnailUrl":"https:\/\/i0.wp.com\/informatepy.com\/2021\/wp-content\/uploads\/2022\/09\/concepcion-carcel.jpg?fit=660%2C330&ssl=1","datePublished":"2022-09-14T11:31:43+00:00","dateModified":"2022-09-14T11:31:46+00:00","breadcrumb":{"@id":"https:\/\/informatepy.com\/2021\/2022\/09\/14\/un-muerto-y-cuatro-heridos-en-el-motin-del-penal-de-concepcion\/#breadcrumb"},"inLanguage":"es","potentialAction":[{"@type":"ReadAction","target":["https:\/\/informatepy.com\/2021\/2022\/09\/14\/un-muerto-y-cuatro-heridos-en-el-motin-del-penal-de-concepcion\/"]}]},{"@type":"ImageObject","inLanguage":"es","@id":"https:\/\/informatepy.com\/2021\/2022\/09\/14\/un-muerto-y-cuatro-heridos-en-el-motin-del-penal-de-concepcion\/#primaryimage","url":"https:\/\/i0.wp.com\/informatepy.com\/2021\/wp-content\/uploads\/2022\/09\/concepcion-carcel.jpg?fit=660%2C330&ssl=1","contentUrl":"https:\/\/i0.wp.com\/informatepy.com\/2021\/wp-content\/uploads\/2022\/09\/concepcion-carcel.jpg?fit=660%2C330&ssl=1","width":660,"height":330},{"@type":"BreadcrumbList","@id":"https:\/\/informatepy.com\/2021\/2022\/09\/14\/un-muerto-y-cuatro-heridos-en-el-motin-del-penal-de-concepcion\/#breadcrumb","itemListElement":[{"@type":"ListItem","position":1,"name":"Portada","item":"https:\/\/informatepy.com\/2021\/"},{"@type":"ListItem","position":2,"name":"Un muerto y cuatro heridos en el mot\u00edn del penal de Concepci\u00f3n"}]},{"@type":"WebSite","@id":"https:\/\/informatepy.com\/2021\/#website","url":"https:\/\/informatepy.com\/2021\/","name":"Informatepy","description":"La verdad, siempre!","publisher":{"@id":"https:\/\/informatepy.com\/2021\/#\/schema\/person\/edd302c981d6ba4596191719d1025a8a"},"potentialAction":[{"@type":"SearchAction","target":{"@type":"EntryPoint","urlTemplate":"https:\/\/informatepy.com\/2021\/?s={search_term_string}"},"query-input":{"@type":"PropertyValueSpecification","valueRequired":true,"valueName":"search_term_string"}}],"inLanguage":"es"},{"@type":["Person","Organization"],"@id":"https:\/\/informatepy.com\/2021\/#\/schema\/person\/edd302c981d6ba4596191719d1025a8a","name":"admin","image":{"@type":"ImageObject","inLanguage":"es","@id":"https:\/\/secure.gravatar.com\/avatar\/5310f602b6cbcfb86e030c4ccdbb78f6565a3b9bab6a74ab80fd3cb5428b65af?s=96&d=mm&r=g","url":"https:\/\/secure.gravatar.com\/avatar\/5310f602b6cbcfb86e030c4ccdbb78f6565a3b9bab6a74ab80fd3cb5428b65af?s=96&d=mm&r=g","contentUrl":"https:\/\/secure.gravatar.com\/avatar\/5310f602b6cbcfb86e030c4ccdbb78f6565a3b9bab6a74ab80fd3cb5428b65af?s=96&d=mm&r=g","caption":"admin"},"logo":{"@id":"https:\/\/secure.gravatar.com\/avatar\/5310f602b6cbcfb86e030c4ccdbb78f6565a3b9bab6a74ab80fd3cb5428b65af?s=96&d=mm&r=g"},"sameAs":["http:\/\/informatepy.com\/2021"]},{"@type":"Person","@id":"https:\/\/informatepy.com\/2021\/#\/schema\/person\/0c842f525f84ea74ef3b44370d11757b","name":"Redacci\u00f3n","image":{"@type":"ImageObject","inLanguage":"es","@id":"https:\/\/i0.wp.com\/informatepy.com\/2021\/wp-content\/uploads\/2021\/02\/informate-circulo.png?fit=96%2C96&ssl=1","url":"https:\/\/i0.wp.com\/informatepy.com\/2021\/wp-content\/uploads\/2021\/02\/informate-circulo.png?fit=96%2C96&ssl=1","contentUrl":"https:\/\/i0.wp.com\/informatepy.com\/2021\/wp-content\/uploads\/2021\/02\/informate-circulo.png?fit=96%2C96&ssl=1","caption":"Redacci\u00f3n"},"sameAs":["https:\/\/www.facebook.com\/InformatePyCom","https:\/\/x.com\/https:\/\/twitter.com\/InformatePy1"],"url":"https:\/\/informatepy.com\/2021\/author\/redaccion\/"}]}},"jetpack_featured_media_url":"https:\/\/i0.wp.com\/informatepy.com\/2021\/wp-content\/uploads\/2022\/09\/concepcion-carcel.jpg?fit=660%2C330&ssl=1","jetpack_sharing_enabled":true,"jetpack_likes_enabled":true,"jetpack-related-posts":[{"id":1268,"url":"https:\/\/informatepy.com\/2021\/2019\/06\/17\/muertos-en-san-pedro-no-fueron-reclamados-por-familiares-permaneceran-en-morgue-de-asuncion\/","url_meta":{"origin":13902,"position":0},"title":"Muertos en San Pedro no fueron reclamados por familiares, permanecer\u00e1n en morgue de Asunci\u00f3n","date":"17 de junio de 2019","format":false,"excerpt":"Debido a que no se cuenta con las condiciones para mantenerlos en la morgue del Hospital Regional de San Pedro, la fiscala Fani Aguilera, agente interviniente tras el amotinamiento en el Penal de San Pedro orden\u00f3 el traslado de los muertos hasta Asunci\u00f3n donde los familiares podan reclamarlos. En la\u2026","rel":"","context":"En \u00abNacionales\u00bb","img":{"alt_text":"","src":"https:\/\/i0.wp.com\/informatepy.com\/2021\/wp-content\/uploads\/2021\/06\/motin-san-pedro.jpg?fit=760%2C420&ssl=1&resize=350%2C200","width":350,"height":200},"classes":[]},{"id":1286,"url":"https:\/\/informatepy.com\/2021\/2019\/06\/24\/acusan-a-payo-de-liderar-turba-que-ataco-negocio-de-familia-urbieta-en-concepcion\/","url_meta":{"origin":13902,"position":1},"title":"Acusan a Payo de liderar turba que atac\u00f3 negocio de familia Urbieta en Concepci\u00f3n","date":"24 de junio de 2019","format":false,"excerpt":"\u201cHoy el senador Payo Cubas con una turba de v\u00e1ndalos destruy\u00f3 el negocio de mis padres ,impotente como la polic\u00eda les dejaba hacer lo que quer\u00edan a estos impresentables\u201d, lament\u00f3 el diputado Luis Urbieta, (ANR) diputado por Concepci\u00f3n. Los ataques son en protesta contra la gesti\u00f3n del intendente de Concepci\u00f3n,\u2026","rel":"","context":"En \u00abMunicipales\u00bb","img":{"alt_text":"","src":"https:\/\/i0.wp.com\/informatepy.com\/2021\/wp-content\/uploads\/2021\/06\/payo-ataca-negocio-urbieta.jpg?fit=760%2C420&ssl=1&resize=350%2C200","width":350,"height":200},"classes":[]},{"id":1536,"url":"https:\/\/informatepy.com\/2021\/2019\/09\/29\/cretinos-o-hijos-de-puta\/","url_meta":{"origin":13902,"position":2},"title":"\u00bfCretinos o hijos de puta?","date":"29 de septiembre de 2019","format":false,"excerpt":"No suelo emplear lenguaje soez al momento de expresarme, pero esta vez, siento el deseo de hacerlo o, tal vez, es porque no encuentro palabras m\u00e1s adecuadas para expresar lo que siento. En los \u00faltimos d\u00edas hemos fuimos advertidos por la actividad de un diputado, Luis Urbieta de la ANR\u2026","rel":"","context":"En \u00abAnalisis\u00bb","img":{"alt_text":"","src":"https:\/\/i0.wp.com\/informatepy.com\/2021\/wp-content\/uploads\/2021\/09\/justicia-puta.png?fit=500%2C475&ssl=1&resize=350%2C200","width":350,"height":200},"classes":[]},{"id":13820,"url":"https:\/\/informatepy.com\/2021\/2022\/09\/09\/dos-anos-sin-oscar-denis\/","url_meta":{"origin":13902,"position":3},"title":"Dos a\u00f1os sin Oscar Denis","date":"9 de septiembre de 2022","format":false,"excerpt":"Este viernes se cumplen dos a\u00f1os del secuestro del ex vicepresidente de la Rep\u00fablica, Oscar Denis, ocurrido en el 2020. El hombre fue llevado de su estancia ubicada en el departamento de Concepci\u00f3n, presuntamente por criminales del EPP. Las hijas de Denis, conjuntamente con los familiares de los otros secuestrados,\u2026","rel":"","context":"En \u00abNacionales\u00bb","img":{"alt_text":"","src":"https:\/\/i0.wp.com\/informatepy.com\/2021\/wp-content\/uploads\/2022\/09\/oscar-denis.jpg?fit=960%2C640&ssl=1&resize=350%2C200","width":350,"height":200},"classes":[]},{"id":8718,"url":"https:\/\/informatepy.com\/2021\/2021\/12\/08\/colorada-virgen-de-caacupe\/","url_meta":{"origin":13902,"position":4},"title":"Colorada Virgen de Caacup\u00e9","date":"8 de diciembre de 2021","format":false,"excerpt":"Es conocido por muchos historiadores, profesionales o aficionados, que la imagen original de la Virgen de la Inmaculada Concepci\u00f3n y de los Milagros de Caacup\u00e9, era en realidad \u201ccolorada\u201d. Nos referimos a la paraguaya, por supuesto, porque lo que vino despu\u00e9s tiene origen postizo y develaremos una hip\u00f3tesis al respecto\u2026","rel":"","context":"En \u00abCultura\u00bb","img":{"alt_text":"","src":"https:\/\/i0.wp.com\/informatepy.com\/2021\/wp-content\/uploads\/2021\/12\/virgen-de-caacupe-1.jpg?fit=1200%2C900&ssl=1&resize=350%2C200","width":350,"height":200},"classes":[]},{"id":1470,"url":"https:\/\/informatepy.com\/2021\/2019\/09\/03\/aumentan-los-casos-de-dengue-en-central\/","url_meta":{"origin":13902,"position":5},"title":"Aumentan los casos de Dengue en Central","date":"3 de septiembre de 2019","format":false,"excerpt":"La Direcci\u00f3n General de Vigilancia del\u00a0Ministerio de Salud P\u00fablica\u00a0y Bienestar Social (MSPyBS) emiti\u00f3 un informe donde se informa que aumentaron los n\u00fameros de casos confirmados de dengue en el pa\u00eds. De acuerdo al reporte, se registraron siete casos en la \u00faltima semana del mes de agosto, de los cuales seis\u2026","rel":"","context":"En \u00abSalud\u00bb","img":{"alt_text":"","src":"https:\/\/i0.wp.com\/informatepy.com\/2021\/wp-content\/uploads\/2021\/09\/dengue.jpg?fit=840%2C420&ssl=1&resize=350%2C200","width":350,"height":200},"classes":[]}],"authors":[{"term_id":1051,"user_id":4,"is_guest":0,"slug":"redaccion","display_name":"Redacci\u00f3n","avatar_url":"https:\/\/i0.wp.com\/informatepy.com\/2021\/wp-content\/uploads\/2021\/02\/informate-circulo.png?fit=96%2C96&ssl=1","first_name":"Redacci\u00f3n","last_name":"","user_url":"","description":""}],"amp_enabled":true,"_links":{"self":[{"href":"https:\/\/informatepy.com\/2021\/wp-json\/wp\/v2\/posts\/13902","targetHints":{"allow":["GET"]}}],"collection":[{"href":"https:\/\/informatepy.com\/2021\/wp-json\/wp\/v2\/posts"}],"about":[{"href":"https:\/\/informatepy.com\/2021\/wp-json\/wp\/v2\/types\/post"}],"author":[{"embeddable":true,"href":"https:\/\/informatepy.com\/2021\/wp-json\/wp\/v2\/users\/4"}],"replies":[{"embeddable":true,"href":"https:\/\/informatepy.com\/2021\/wp-json\/wp\/v2\/comments?post=13902"}],"version-history":[{"count":1,"href":"https:\/\/informatepy.com\/2021\/wp-json\/wp\/v2\/posts\/13902\/revisions"}],"predecessor-version":[{"id":13904,"href":"https:\/\/informatepy.com\/2021\/wp-json\/wp\/v2\/posts\/13902\/revisions\/13904"}],"wp:featuredmedia":[{"embeddable":true,"href":"https:\/\/informatepy.com\/2021\/wp-json\/wp\/v2\/media\/13903"}],"wp:attachment":[{"href":"https:\/\/informatepy.com\/2021\/wp-json\/wp\/v2\/media?parent=13902"}],"wp:term":[{"taxonomy":"category","embeddable":true,"href":"https:\/\/informatepy.com\/2021\/wp-json\/wp\/v2\/categories?post=13902"},{"taxonomy":"post_tag","embeddable":true,"href":"https:\/\/informatepy.com\/2021\/wp-json\/wp\/v2\/tags?post=13902"},{"taxonomy":"author","embeddable":true,"href":"https:\/\/informatepy.com\/2021\/wp-json\/wp\/v2\/ppma_author?post=13902"}],"curies":[{"name":"wp","href":"https:\/\/api.w.org\/{rel}","templated":true}]}}