{"id":13892,"date":"2022-09-13T18:34:55","date_gmt":"2022-09-13T21:34:55","guid":{"rendered":"https:\/\/informatepy.com\/2021\/?p=13892"},"modified":"2022-09-13T18:34:59","modified_gmt":"2022-09-13T21:34:59","slug":"soledad-nunez-apoya-la-agenda-trans","status":"publish","type":"post","link":"https:\/\/informatepy.com\/2021\/2022\/09\/13\/soledad-nunez-apoya-la-agenda-trans\/","title":{"rendered":"\u00bfSoledad N\u00fa\u00f1ez apoya la agenda trans?"},"content":{"rendered":"\n<p class=\"has-text-align-justify\">Todos vemos como los pa\u00edses de la regi\u00f3n van sucumbiendo uno a uno a ideolog\u00edas for\u00e1neas que nada tienen que ver con el sentir de la mayor\u00eda y, al decir el <em>\u201csentir de la mayor\u00eda\u201d<\/em> no me equivoco; ellos son una minor\u00eda ruidosa (escandalosa dir\u00eda) que se adelanta a la minor\u00eda silenciosa, esa que no tiene tiempo para las marchas porque est\u00e1 ocupada tratando de sostener y hacer avanzar a este pa\u00eds.<\/p>\n\n\n\n<p class=\"has-text-align-justify\">Hoy, disimuladamente, organizaron un acto frente al palacio de los Tribunales donde dieron a conocer que dos militantes trans demandaron al Estado Paraguayo, a todos nosotros, para que <strong><em>\u201cse respete el derecho de las personas trans a adecuar su nombre civil con su percepci\u00f3n de g\u00e9nero\u201d<\/em><\/strong>.<\/p>\n\n\n\n<p class=\"has-text-align-justify\">A veces, de tan disimuladas y tramposas que son las cosas, se hace dif\u00edcil separar la paja del trigo.<\/p>\n\n\n\n<p class=\"has-text-align-justify\">Pero bueno avancemos, a esta altura te estar\u00e1s preguntando \u00bfD\u00f3nde entra Soledad N\u00fa\u00f1ez? \u00bfY su esposo? \u00bfY los concejales Paulina Serrano y Pablo Callizo? En que todos coinciden con Yren Ailyn Rotela Ram\u00edrez, antes conocido como Nery Rotela, en un espacio en com\u00fan, la ONG <strong>\u201cParaguay Ahora\u201d<\/strong>.<\/p>\n\n\n\n<p class=\"has-text-align-justify\">En esta ONG, financiada mayormente por el Banco Mundial, dicen ser <strong><em>\u201cciudadanas y ciudadanos comprometidos con el cambio del Paraguay; l\u00edderes y lideresas pertenecientes a las nuevas generaciones\u201d<\/em><\/strong>. Y a la vez dicen provenir <em><strong>\u201cde diferentes lugares: organizaciones ciudadanas, la emergente academia paraguaya, empresas y emprendimientos, movimientos campesinos, feminismos; movimientos ind\u00edgenas, partidos pol\u00edticos, organizaciones urbanas, la comunidad LGBTIQ+, el ambientalismo; el arte y la cultura, la defensa de los derechos humanos\u201d.<\/strong><\/em><\/p>\n\n\n\n<p class=\"has-text-align-justify\">Hasta ac\u00e1, todo, aparentemente inofensivo; pero la realidad es otra y ser\u00eda bueno conocerla.<\/p>\n\n\n\n<p class=\"has-text-align-justify\">Si todos coinciden en un espacio que dice querer cambiar Paraguay, y a la vez est\u00e1n financiados por el Banco Mundial que aporta millones de d\u00f3lares alrededor del mundo a las agendas LGBT bajo el precepto de <strong><em>\u201cLa inclusi\u00f3n importa\u201d<\/em><\/strong>, \u00bfEs muy desacertado pensar que desde \u201cParaguay Ahora\u201d abogan por esta agenda LGBT? Si no la apoyan, \u00bfPor qu\u00e9 los financiar\u00eda el Banco Mundial?<\/p>\n\n\n\n<p class=\"has-text-align-justify\">Muchas preguntas y pocas respuestas debido a la <em>\u201capretada agenda\u201d<\/em> de la candidata y del candidato consorte.<\/p>\n","protected":false},"excerpt":{"rendered":"<p>Todos vemos como los pa\u00edses de la regi\u00f3n van sucumbiendo uno a uno a ideolog\u00edas for\u00e1neas que nada tienen que ver con el sentir de la mayor\u00eda y, al decir el \u201csentir de la mayor\u00eda\u201d no me equivoco; ellos son una minor\u00eda ruidosa (escandalosa dir\u00eda) que se adelanta a la minor\u00eda silenciosa, esa que no [&hellip;]<\/p>\n","protected":false},"author":4,"featured_media":13893,"comment_status":"open","ping_status":"open","sticky":false,"template":"","format":"standard","meta":{"_monsterinsights_skip_tracking":false,"_monsterinsights_sitenote_active":false,"_monsterinsights_sitenote_note":"","_monsterinsights_sitenote_category":0,"footnotes":"","jetpack_publicize_message":"","jetpack_is_tweetstorm":false,"jetpack_publicize_feature_enabled":true},"categories":[177],"tags":[1036,1193,1758,1930],"ppma_author":[1051],"class_list":["post-13892","post","type-post","status-publish","format-standard","has-post-thumbnail","hentry","category-nacionales","tag-destacada","tag-lgbt","tag-soledad-nunez","tag-yren-rotela"],"jetpack_publicize_connections":[],"yoast_head":"<!-- This site is optimized with the Yoast SEO plugin v27.5 - https:\/\/yoast.com\/product\/yoast-seo-wordpress\/ -->\n<title>\u00bfSoledad N\u00fa\u00f1ez apoya la agenda trans? - Informatepy<\/title>\n<meta name=\"robots\" content=\"index, follow, max-snippet:-1, max-image-preview:large, max-video-preview:-1\" \/>\n<link rel=\"canonical\" href=\"https:\/\/informatepy.com\/2021\/2022\/09\/13\/soledad-nunez-apoya-la-agenda-trans\/\" \/>\n<meta property=\"og:locale\" content=\"es_ES\" \/>\n<meta property=\"og:type\" content=\"article\" \/>\n<meta property=\"og:title\" content=\"\u00bfSoledad N\u00fa\u00f1ez apoya la agenda trans? - Informatepy\" \/>\n<meta property=\"og:description\" content=\"Todos vemos como los pa\u00edses de la regi\u00f3n van sucumbiendo uno a uno a ideolog\u00edas for\u00e1neas que nada tienen que ver con el sentir de la mayor\u00eda y, al decir el \u201csentir de la mayor\u00eda\u201d no me equivoco; ellos son una minor\u00eda ruidosa (escandalosa dir\u00eda) que se adelanta a la minor\u00eda silenciosa, esa que no [&hellip;]\" \/>\n<meta property=\"og:url\" content=\"https:\/\/informatepy.com\/2021\/2022\/09\/13\/soledad-nunez-apoya-la-agenda-trans\/\" \/>\n<meta property=\"og:site_name\" content=\"Informatepy\" \/>\n<meta property=\"article:author\" content=\"https:\/\/www.facebook.com\/InformatePyCom\" \/>\n<meta property=\"article:published_time\" content=\"2022-09-13T21:34:55+00:00\" \/>\n<meta property=\"article:modified_time\" content=\"2022-09-13T21:34:59+00:00\" \/>\n<meta property=\"og:image\" content=\"https:\/\/informatepy.com\/2021\/wp-content\/uploads\/2022\/09\/solenu-yren.jpg\" \/>\n\t<meta property=\"og:image:width\" content=\"1281\" \/>\n\t<meta property=\"og:image:height\" content=\"676\" \/>\n\t<meta property=\"og:image:type\" content=\"image\/jpeg\" \/>\n<meta name=\"author\" content=\"Redacci\u00f3n\" \/>\n<meta name=\"twitter:card\" content=\"summary_large_image\" \/>\n<meta name=\"twitter:creator\" content=\"@https:\/\/twitter.com\/InformatePy1\" \/>\n<meta name=\"twitter:label1\" content=\"Escrito por\" \/>\n\t<meta name=\"twitter:data1\" content=\"Redacci\u00f3n\" \/>\n\t<meta name=\"twitter:label2\" content=\"Tiempo de lectura\" \/>\n\t<meta name=\"twitter:data2\" content=\"2 minutos\" \/>\n<script type=\"application\/ld+json\" class=\"yoast-schema-graph\">{\"@context\":\"https:\\\/\\\/schema.org\",\"@graph\":[{\"@type\":\"Article\",\"@id\":\"https:\\\/\\\/informatepy.com\\\/2021\\\/2022\\\/09\\\/13\\\/soledad-nunez-apoya-la-agenda-trans\\\/#article\",\"isPartOf\":{\"@id\":\"https:\\\/\\\/informatepy.com\\\/2021\\\/2022\\\/09\\\/13\\\/soledad-nunez-apoya-la-agenda-trans\\\/\"},\"author\":{\"name\":\"Redacci\u00f3n\",\"@id\":\"https:\\\/\\\/informatepy.com\\\/2021\\\/#\\\/schema\\\/person\\\/0c842f525f84ea74ef3b44370d11757b\"},\"headline\":\"\u00bfSoledad N\u00fa\u00f1ez apoya la agenda trans?\",\"datePublished\":\"2022-09-13T21:34:55+00:00\",\"dateModified\":\"2022-09-13T21:34:59+00:00\",\"mainEntityOfPage\":{\"@id\":\"https:\\\/\\\/informatepy.com\\\/2021\\\/2022\\\/09\\\/13\\\/soledad-nunez-apoya-la-agenda-trans\\\/\"},\"wordCount\":383,\"commentCount\":0,\"publisher\":{\"@id\":\"https:\\\/\\\/informatepy.com\\\/2021\\\/#\\\/schema\\\/person\\\/edd302c981d6ba4596191719d1025a8a\"},\"image\":{\"@id\":\"https:\\\/\\\/informatepy.com\\\/2021\\\/2022\\\/09\\\/13\\\/soledad-nunez-apoya-la-agenda-trans\\\/#primaryimage\"},\"thumbnailUrl\":\"https:\\\/\\\/i0.wp.com\\\/informatepy.com\\\/2021\\\/wp-content\\\/uploads\\\/2022\\\/09\\\/solenu-yren.jpg?fit=1281%2C676&ssl=1\",\"keywords\":[\"destacada\",\"lgbt\",\"soledad nu\u00f1ez\",\"yren rotela\"],\"articleSection\":[\"Nacionales\"],\"inLanguage\":\"es\",\"potentialAction\":[{\"@type\":\"CommentAction\",\"name\":\"Comment\",\"target\":[\"https:\\\/\\\/informatepy.com\\\/2021\\\/2022\\\/09\\\/13\\\/soledad-nunez-apoya-la-agenda-trans\\\/#respond\"]}]},{\"@type\":\"WebPage\",\"@id\":\"https:\\\/\\\/informatepy.com\\\/2021\\\/2022\\\/09\\\/13\\\/soledad-nunez-apoya-la-agenda-trans\\\/\",\"url\":\"https:\\\/\\\/informatepy.com\\\/2021\\\/2022\\\/09\\\/13\\\/soledad-nunez-apoya-la-agenda-trans\\\/\",\"name\":\"\u00bfSoledad N\u00fa\u00f1ez apoya la agenda trans? - Informatepy\",\"isPartOf\":{\"@id\":\"https:\\\/\\\/informatepy.com\\\/2021\\\/#website\"},\"primaryImageOfPage\":{\"@id\":\"https:\\\/\\\/informatepy.com\\\/2021\\\/2022\\\/09\\\/13\\\/soledad-nunez-apoya-la-agenda-trans\\\/#primaryimage\"},\"image\":{\"@id\":\"https:\\\/\\\/informatepy.com\\\/2021\\\/2022\\\/09\\\/13\\\/soledad-nunez-apoya-la-agenda-trans\\\/#primaryimage\"},\"thumbnailUrl\":\"https:\\\/\\\/i0.wp.com\\\/informatepy.com\\\/2021\\\/wp-content\\\/uploads\\\/2022\\\/09\\\/solenu-yren.jpg?fit=1281%2C676&ssl=1\",\"datePublished\":\"2022-09-13T21:34:55+00:00\",\"dateModified\":\"2022-09-13T21:34:59+00:00\",\"breadcrumb\":{\"@id\":\"https:\\\/\\\/informatepy.com\\\/2021\\\/2022\\\/09\\\/13\\\/soledad-nunez-apoya-la-agenda-trans\\\/#breadcrumb\"},\"inLanguage\":\"es\",\"potentialAction\":[{\"@type\":\"ReadAction\",\"target\":[\"https:\\\/\\\/informatepy.com\\\/2021\\\/2022\\\/09\\\/13\\\/soledad-nunez-apoya-la-agenda-trans\\\/\"]}]},{\"@type\":\"ImageObject\",\"inLanguage\":\"es\",\"@id\":\"https:\\\/\\\/informatepy.com\\\/2021\\\/2022\\\/09\\\/13\\\/soledad-nunez-apoya-la-agenda-trans\\\/#primaryimage\",\"url\":\"https:\\\/\\\/i0.wp.com\\\/informatepy.com\\\/2021\\\/wp-content\\\/uploads\\\/2022\\\/09\\\/solenu-yren.jpg?fit=1281%2C676&ssl=1\",\"contentUrl\":\"https:\\\/\\\/i0.wp.com\\\/informatepy.com\\\/2021\\\/wp-content\\\/uploads\\\/2022\\\/09\\\/solenu-yren.jpg?fit=1281%2C676&ssl=1\",\"width\":1281,\"height\":676},{\"@type\":\"BreadcrumbList\",\"@id\":\"https:\\\/\\\/informatepy.com\\\/2021\\\/2022\\\/09\\\/13\\\/soledad-nunez-apoya-la-agenda-trans\\\/#breadcrumb\",\"itemListElement\":[{\"@type\":\"ListItem\",\"position\":1,\"name\":\"Portada\",\"item\":\"https:\\\/\\\/informatepy.com\\\/2021\\\/\"},{\"@type\":\"ListItem\",\"position\":2,\"name\":\"\u00bfSoledad N\u00fa\u00f1ez apoya la agenda trans?\"}]},{\"@type\":\"WebSite\",\"@id\":\"https:\\\/\\\/informatepy.com\\\/2021\\\/#website\",\"url\":\"https:\\\/\\\/informatepy.com\\\/2021\\\/\",\"name\":\"Informatepy\",\"description\":\"La verdad, siempre!\",\"publisher\":{\"@id\":\"https:\\\/\\\/informatepy.com\\\/2021\\\/#\\\/schema\\\/person\\\/edd302c981d6ba4596191719d1025a8a\"},\"potentialAction\":[{\"@type\":\"SearchAction\",\"target\":{\"@type\":\"EntryPoint\",\"urlTemplate\":\"https:\\\/\\\/informatepy.com\\\/2021\\\/?s={search_term_string}\"},\"query-input\":{\"@type\":\"PropertyValueSpecification\",\"valueRequired\":true,\"valueName\":\"search_term_string\"}}],\"inLanguage\":\"es\"},{\"@type\":[\"Person\",\"Organization\"],\"@id\":\"https:\\\/\\\/informatepy.com\\\/2021\\\/#\\\/schema\\\/person\\\/edd302c981d6ba4596191719d1025a8a\",\"name\":\"admin\",\"image\":{\"@type\":\"ImageObject\",\"inLanguage\":\"es\",\"@id\":\"https:\\\/\\\/secure.gravatar.com\\\/avatar\\\/5310f602b6cbcfb86e030c4ccdbb78f6565a3b9bab6a74ab80fd3cb5428b65af?s=96&d=mm&r=g\",\"url\":\"https:\\\/\\\/secure.gravatar.com\\\/avatar\\\/5310f602b6cbcfb86e030c4ccdbb78f6565a3b9bab6a74ab80fd3cb5428b65af?s=96&d=mm&r=g\",\"contentUrl\":\"https:\\\/\\\/secure.gravatar.com\\\/avatar\\\/5310f602b6cbcfb86e030c4ccdbb78f6565a3b9bab6a74ab80fd3cb5428b65af?s=96&d=mm&r=g\",\"caption\":\"admin\"},\"logo\":{\"@id\":\"https:\\\/\\\/secure.gravatar.com\\\/avatar\\\/5310f602b6cbcfb86e030c4ccdbb78f6565a3b9bab6a74ab80fd3cb5428b65af?s=96&d=mm&r=g\"},\"sameAs\":[\"http:\\\/\\\/informatepy.com\\\/2021\"]},{\"@type\":\"Person\",\"@id\":\"https:\\\/\\\/informatepy.com\\\/2021\\\/#\\\/schema\\\/person\\\/0c842f525f84ea74ef3b44370d11757b\",\"name\":\"Redacci\u00f3n\",\"image\":{\"@type\":\"ImageObject\",\"inLanguage\":\"es\",\"@id\":\"https:\\\/\\\/i0.wp.com\\\/informatepy.com\\\/2021\\\/wp-content\\\/uploads\\\/2021\\\/02\\\/informate-circulo.png?fit=96%2C96&ssl=1\",\"url\":\"https:\\\/\\\/i0.wp.com\\\/informatepy.com\\\/2021\\\/wp-content\\\/uploads\\\/2021\\\/02\\\/informate-circulo.png?fit=96%2C96&ssl=1\",\"contentUrl\":\"https:\\\/\\\/i0.wp.com\\\/informatepy.com\\\/2021\\\/wp-content\\\/uploads\\\/2021\\\/02\\\/informate-circulo.png?fit=96%2C96&ssl=1\",\"caption\":\"Redacci\u00f3n\"},\"sameAs\":[\"https:\\\/\\\/www.facebook.com\\\/InformatePyCom\",\"https:\\\/\\\/x.com\\\/https:\\\/\\\/twitter.com\\\/InformatePy1\"],\"url\":\"https:\\\/\\\/informatepy.com\\\/2021\\\/author\\\/redaccion\\\/\"}]}<\/script>\n<!-- \/ Yoast SEO plugin. -->","yoast_head_json":{"title":"\u00bfSoledad N\u00fa\u00f1ez apoya la agenda trans? - Informatepy","robots":{"index":"index","follow":"follow","max-snippet":"max-snippet:-1","max-image-preview":"max-image-preview:large","max-video-preview":"max-video-preview:-1"},"canonical":"https:\/\/informatepy.com\/2021\/2022\/09\/13\/soledad-nunez-apoya-la-agenda-trans\/","og_locale":"es_ES","og_type":"article","og_title":"\u00bfSoledad N\u00fa\u00f1ez apoya la agenda trans? - Informatepy","og_description":"Todos vemos como los pa\u00edses de la regi\u00f3n van sucumbiendo uno a uno a ideolog\u00edas for\u00e1neas que nada tienen que ver con el sentir de la mayor\u00eda y, al decir el \u201csentir de la mayor\u00eda\u201d no me equivoco; ellos son una minor\u00eda ruidosa (escandalosa dir\u00eda) que se adelanta a la minor\u00eda silenciosa, esa que no [&hellip;]","og_url":"https:\/\/informatepy.com\/2021\/2022\/09\/13\/soledad-nunez-apoya-la-agenda-trans\/","og_site_name":"Informatepy","article_author":"https:\/\/www.facebook.com\/InformatePyCom","article_published_time":"2022-09-13T21:34:55+00:00","article_modified_time":"2022-09-13T21:34:59+00:00","og_image":[{"width":1281,"height":676,"url":"https:\/\/informatepy.com\/2021\/wp-content\/uploads\/2022\/09\/solenu-yren.jpg","type":"image\/jpeg"}],"author":"Redacci\u00f3n","twitter_card":"summary_large_image","twitter_creator":"@https:\/\/twitter.com\/InformatePy1","twitter_misc":{"Escrito por":"Redacci\u00f3n","Tiempo de lectura":"2 minutos"},"schema":{"@context":"https:\/\/schema.org","@graph":[{"@type":"Article","@id":"https:\/\/informatepy.com\/2021\/2022\/09\/13\/soledad-nunez-apoya-la-agenda-trans\/#article","isPartOf":{"@id":"https:\/\/informatepy.com\/2021\/2022\/09\/13\/soledad-nunez-apoya-la-agenda-trans\/"},"author":{"name":"Redacci\u00f3n","@id":"https:\/\/informatepy.com\/2021\/#\/schema\/person\/0c842f525f84ea74ef3b44370d11757b"},"headline":"\u00bfSoledad N\u00fa\u00f1ez apoya la agenda trans?","datePublished":"2022-09-13T21:34:55+00:00","dateModified":"2022-09-13T21:34:59+00:00","mainEntityOfPage":{"@id":"https:\/\/informatepy.com\/2021\/2022\/09\/13\/soledad-nunez-apoya-la-agenda-trans\/"},"wordCount":383,"commentCount":0,"publisher":{"@id":"https:\/\/informatepy.com\/2021\/#\/schema\/person\/edd302c981d6ba4596191719d1025a8a"},"image":{"@id":"https:\/\/informatepy.com\/2021\/2022\/09\/13\/soledad-nunez-apoya-la-agenda-trans\/#primaryimage"},"thumbnailUrl":"https:\/\/i0.wp.com\/informatepy.com\/2021\/wp-content\/uploads\/2022\/09\/solenu-yren.jpg?fit=1281%2C676&ssl=1","keywords":["destacada","lgbt","soledad nu\u00f1ez","yren rotela"],"articleSection":["Nacionales"],"inLanguage":"es","potentialAction":[{"@type":"CommentAction","name":"Comment","target":["https:\/\/informatepy.com\/2021\/2022\/09\/13\/soledad-nunez-apoya-la-agenda-trans\/#respond"]}]},{"@type":"WebPage","@id":"https:\/\/informatepy.com\/2021\/2022\/09\/13\/soledad-nunez-apoya-la-agenda-trans\/","url":"https:\/\/informatepy.com\/2021\/2022\/09\/13\/soledad-nunez-apoya-la-agenda-trans\/","name":"\u00bfSoledad N\u00fa\u00f1ez apoya la agenda trans? - Informatepy","isPartOf":{"@id":"https:\/\/informatepy.com\/2021\/#website"},"primaryImageOfPage":{"@id":"https:\/\/informatepy.com\/2021\/2022\/09\/13\/soledad-nunez-apoya-la-agenda-trans\/#primaryimage"},"image":{"@id":"https:\/\/informatepy.com\/2021\/2022\/09\/13\/soledad-nunez-apoya-la-agenda-trans\/#primaryimage"},"thumbnailUrl":"https:\/\/i0.wp.com\/informatepy.com\/2021\/wp-content\/uploads\/2022\/09\/solenu-yren.jpg?fit=1281%2C676&ssl=1","datePublished":"2022-09-13T21:34:55+00:00","dateModified":"2022-09-13T21:34:59+00:00","breadcrumb":{"@id":"https:\/\/informatepy.com\/2021\/2022\/09\/13\/soledad-nunez-apoya-la-agenda-trans\/#breadcrumb"},"inLanguage":"es","potentialAction":[{"@type":"ReadAction","target":["https:\/\/informatepy.com\/2021\/2022\/09\/13\/soledad-nunez-apoya-la-agenda-trans\/"]}]},{"@type":"ImageObject","inLanguage":"es","@id":"https:\/\/informatepy.com\/2021\/2022\/09\/13\/soledad-nunez-apoya-la-agenda-trans\/#primaryimage","url":"https:\/\/i0.wp.com\/informatepy.com\/2021\/wp-content\/uploads\/2022\/09\/solenu-yren.jpg?fit=1281%2C676&ssl=1","contentUrl":"https:\/\/i0.wp.com\/informatepy.com\/2021\/wp-content\/uploads\/2022\/09\/solenu-yren.jpg?fit=1281%2C676&ssl=1","width":1281,"height":676},{"@type":"BreadcrumbList","@id":"https:\/\/informatepy.com\/2021\/2022\/09\/13\/soledad-nunez-apoya-la-agenda-trans\/#breadcrumb","itemListElement":[{"@type":"ListItem","position":1,"name":"Portada","item":"https:\/\/informatepy.com\/2021\/"},{"@type":"ListItem","position":2,"name":"\u00bfSoledad N\u00fa\u00f1ez apoya la agenda trans?"}]},{"@type":"WebSite","@id":"https:\/\/informatepy.com\/2021\/#website","url":"https:\/\/informatepy.com\/2021\/","name":"Informatepy","description":"La verdad, siempre!","publisher":{"@id":"https:\/\/informatepy.com\/2021\/#\/schema\/person\/edd302c981d6ba4596191719d1025a8a"},"potentialAction":[{"@type":"SearchAction","target":{"@type":"EntryPoint","urlTemplate":"https:\/\/informatepy.com\/2021\/?s={search_term_string}"},"query-input":{"@type":"PropertyValueSpecification","valueRequired":true,"valueName":"search_term_string"}}],"inLanguage":"es"},{"@type":["Person","Organization"],"@id":"https:\/\/informatepy.com\/2021\/#\/schema\/person\/edd302c981d6ba4596191719d1025a8a","name":"admin","image":{"@type":"ImageObject","inLanguage":"es","@id":"https:\/\/secure.gravatar.com\/avatar\/5310f602b6cbcfb86e030c4ccdbb78f6565a3b9bab6a74ab80fd3cb5428b65af?s=96&d=mm&r=g","url":"https:\/\/secure.gravatar.com\/avatar\/5310f602b6cbcfb86e030c4ccdbb78f6565a3b9bab6a74ab80fd3cb5428b65af?s=96&d=mm&r=g","contentUrl":"https:\/\/secure.gravatar.com\/avatar\/5310f602b6cbcfb86e030c4ccdbb78f6565a3b9bab6a74ab80fd3cb5428b65af?s=96&d=mm&r=g","caption":"admin"},"logo":{"@id":"https:\/\/secure.gravatar.com\/avatar\/5310f602b6cbcfb86e030c4ccdbb78f6565a3b9bab6a74ab80fd3cb5428b65af?s=96&d=mm&r=g"},"sameAs":["http:\/\/informatepy.com\/2021"]},{"@type":"Person","@id":"https:\/\/informatepy.com\/2021\/#\/schema\/person\/0c842f525f84ea74ef3b44370d11757b","name":"Redacci\u00f3n","image":{"@type":"ImageObject","inLanguage":"es","@id":"https:\/\/i0.wp.com\/informatepy.com\/2021\/wp-content\/uploads\/2021\/02\/informate-circulo.png?fit=96%2C96&ssl=1","url":"https:\/\/i0.wp.com\/informatepy.com\/2021\/wp-content\/uploads\/2021\/02\/informate-circulo.png?fit=96%2C96&ssl=1","contentUrl":"https:\/\/i0.wp.com\/informatepy.com\/2021\/wp-content\/uploads\/2021\/02\/informate-circulo.png?fit=96%2C96&ssl=1","caption":"Redacci\u00f3n"},"sameAs":["https:\/\/www.facebook.com\/InformatePyCom","https:\/\/x.com\/https:\/\/twitter.com\/InformatePy1"],"url":"https:\/\/informatepy.com\/2021\/author\/redaccion\/"}]}},"jetpack_featured_media_url":"https:\/\/i0.wp.com\/informatepy.com\/2021\/wp-content\/uploads\/2022\/09\/solenu-yren.jpg?fit=1281%2C676&ssl=1","jetpack_sharing_enabled":true,"jetpack_likes_enabled":true,"jetpack-related-posts":[{"id":11375,"url":"https:\/\/informatepy.com\/2021\/2022\/04\/27\/cual-es-la-verdadera-soledad-nunez\/","url_meta":{"origin":13892,"position":0},"title":"\u00bfCu\u00e1l es la verdadera Soledad N\u00fa\u00f1ez?","date":"27 de abril de 2022","format":false,"excerpt":"No es nuevo que los pol\u00edticos desorienten a la gente con sus promesas o sus votos en el caso de los legisladores. Tampoco sorprende ver a pol\u00edticos saltimbanquis tirando piedras hacia la carpa que ocuparon unos meses antes pero, hasta esta gente muchas veces tiene algo de verg\u00fcenza y sabe\u2026","rel":"","context":"En \u00abNacionales\u00bb","img":{"alt_text":"","src":"https:\/\/i0.wp.com\/informatepy.com\/2021\/wp-content\/uploads\/2022\/04\/sole-nunez-HC.jpg?fit=1000%2C604&ssl=1&resize=350%2C200","width":350,"height":200},"classes":[]},{"id":12755,"url":"https:\/\/informatepy.com\/2021\/2022\/07\/21\/soledad-nunez-bloquea-en-redes-a-quienes-le-preguntan-por-el-financiamiento-de-su-campana\/","url_meta":{"origin":13892,"position":1},"title":"Soledad N\u00fa\u00f1ez bloquea en redes a quienes le preguntan por el financiamiento de su campa\u00f1a","date":"21 de julio de 2022","format":false,"excerpt":"La precandidata a presidente de la Rep\u00fablica por la Concertaci\u00f3n Nacional, Soledad N\u00fa\u00f1ez, se molesta cuando los internautas (periodistas o particulares) le realizan consultas relacionadas con el financiamiento de su campa\u00f1a. A las muchas \"denuncias\" de bloqueo se sum\u00f3, seg\u00fan el mismo afirm\u00f3, su compa\u00f1ero en la Concertaci\u00f3n, Hugo Portillo:\u2026","rel":"","context":"En \u00abNacionales\u00bb","img":{"alt_text":"","src":"https:\/\/i0.wp.com\/informatepy.com\/2021\/wp-content\/uploads\/2022\/07\/sole-nunez-wef.jpg?fit=760%2C420&ssl=1&resize=350%2C200","width":350,"height":200},"classes":[]},{"id":13093,"url":"https:\/\/informatepy.com\/2021\/2022\/08\/04\/lider-amarilla-afirmo-que-no-sorprenderia-que-se-conforme-la-dupla-alegre-nunez\/","url_meta":{"origin":13892,"position":2},"title":"L\u00edder Amarilla afirm\u00f3 que no sorprender\u00eda que se conforme la dupla Alegre-N\u00fa\u00f1ez","date":"4 de agosto de 2022","format":false,"excerpt":"L\u00edder Amarilla, precandidato a senador por el Partido Liberal Radical Aut\u00e9ntico (PLRA), sostuvo este mi\u00e9rcoles que Efra\u00edn Alegre-Soledad N\u00fa\u00f1ez ser\u00eda una buena dupla. En declaraciones a la Radio 1020 AM, el precandidato a senador afirm\u00f3 que\u201cSiempre se habl\u00f3 de que una mujer ser\u00eda la acompa\u00f1ante de Efra\u00edn Alegre, que tuviera\u2026","rel":"","context":"En \u00abNacionales\u00bb","img":{"alt_text":"","src":"https:\/\/i0.wp.com\/informatepy.com\/2021\/wp-content\/uploads\/2022\/08\/lider-amarilla.jpeg?fit=960%2C641&ssl=1&resize=350%2C200","width":350,"height":200},"classes":[]},{"id":13736,"url":"https:\/\/informatepy.com\/2021\/2022\/09\/04\/llevando-la-estupidez-a-un-nuevo-nivel-animan-a-los-hombres-a-orinar-sentados-para-ser-mas-inclusivos-con-los-hombres-trans\/","url_meta":{"origin":13892,"position":3},"title":"Llevando la estupidez a un nuevo nivel: Animan a los hombres a orinar sentados para ser m\u00e1s inclusivos con los hombres trans","date":"4 de septiembre de 2022","format":false,"excerpt":"Seg\u00fan un estudio, naaaaah mentira; esta vez no hay estudio pero si hay un trasnochado que sugiere, a trav\u00e9s de un art\u00edculo en una revista feminista (IQFY), que los hombres debemos, en solidaridad con los hombres trans, orinar sentados en los ba\u00f1os p\u00fablicos. Seg\u00fan el autor, no debemos adoptar \"una\u2026","rel":"","context":"En \u00abCultura\u00bb","img":{"alt_text":"","src":"https:\/\/i0.wp.com\/informatepy.com\/2021\/wp-content\/uploads\/2022\/09\/orinar-sentado.jpg?fit=1200%2C633&ssl=1&resize=350%2C200","width":350,"height":200},"classes":[]},{"id":5332,"url":"https:\/\/informatepy.com\/2021\/2021\/06\/13\/espana-prepara-la-ley-trans-mas-radical-de-europa\/","url_meta":{"origin":13892,"position":4},"title":"Espa\u00f1a prepara la ley \u00abTrans\u00bb m\u00e1s radical de Europa","date":"13 de junio de 2021","format":false,"excerpt":"La norma permitir\u00e1 el cambio de g\u00e9nero sin informe m\u00e9dico, as\u00ed como la hormonaci\u00f3n y cirug\u00eda en menores sin consentimiento paterno.","rel":"","context":"En \u00abDestacados\u00bb","img":{"alt_text":"","src":"https:\/\/i0.wp.com\/informatepy.com\/2021\/wp-content\/uploads\/2021\/06\/ley-trans-espana.jpg?fit=1200%2C675&ssl=1&resize=350%2C200","width":350,"height":200},"classes":[]},{"id":5491,"url":"https:\/\/informatepy.com\/2021\/2021\/06\/27\/suecia-revisa-sus-politicas-trans-por-el-riesgo-de-los-bloqueadores-hormonales-en-menores\/","url_meta":{"origin":13892,"position":5},"title":"Suecia revisa sus pol\u00edticas trans por el riesgo de los bloqueadores hormonales en menores","date":"27 de junio de 2021","format":false,"excerpt":"Suecia\u00a0fue pionera en legislar la\u00a0transexualidad. El\u00a0Hospital Karolinska\u00a0es uno de los referentes internacionales en terapias de cambio de sexo, llegando a publicar un\u00a0estudio en 2019 que avalaba los beneficios psiqui\u00e1tricos del uso de estas terapias. Sin embargo, todo ha cambiado. En agosto de 2020, este mismo hospital emiti\u00f3 un comunicado\u00a0retract\u00e1ndose de\u2026","rel":"","context":"En \u00abDestacados\u00bb","img":{"alt_text":"","src":"https:\/\/i0.wp.com\/informatepy.com\/2021\/wp-content\/uploads\/2021\/06\/abandera-trans.jpg?fit=880%2C495&ssl=1&resize=350%2C200","width":350,"height":200},"classes":[]}],"authors":[{"term_id":1051,"user_id":4,"is_guest":0,"slug":"redaccion","display_name":"Redacci\u00f3n","avatar_url":"https:\/\/i0.wp.com\/informatepy.com\/2021\/wp-content\/uploads\/2021\/02\/informate-circulo.png?fit=96%2C96&ssl=1","first_name":"Redacci\u00f3n","last_name":"","user_url":"","description":""}],"amp_enabled":true,"_links":{"self":[{"href":"https:\/\/informatepy.com\/2021\/wp-json\/wp\/v2\/posts\/13892","targetHints":{"allow":["GET"]}}],"collection":[{"href":"https:\/\/informatepy.com\/2021\/wp-json\/wp\/v2\/posts"}],"about":[{"href":"https:\/\/informatepy.com\/2021\/wp-json\/wp\/v2\/types\/post"}],"author":[{"embeddable":true,"href":"https:\/\/informatepy.com\/2021\/wp-json\/wp\/v2\/users\/4"}],"replies":[{"embeddable":true,"href":"https:\/\/informatepy.com\/2021\/wp-json\/wp\/v2\/comments?post=13892"}],"version-history":[{"count":1,"href":"https:\/\/informatepy.com\/2021\/wp-json\/wp\/v2\/posts\/13892\/revisions"}],"predecessor-version":[{"id":13894,"href":"https:\/\/informatepy.com\/2021\/wp-json\/wp\/v2\/posts\/13892\/revisions\/13894"}],"wp:featuredmedia":[{"embeddable":true,"href":"https:\/\/informatepy.com\/2021\/wp-json\/wp\/v2\/media\/13893"}],"wp:attachment":[{"href":"https:\/\/informatepy.com\/2021\/wp-json\/wp\/v2\/media?parent=13892"}],"wp:term":[{"taxonomy":"category","embeddable":true,"href":"https:\/\/informatepy.com\/2021\/wp-json\/wp\/v2\/categories?post=13892"},{"taxonomy":"post_tag","embeddable":true,"href":"https:\/\/informatepy.com\/2021\/wp-json\/wp\/v2\/tags?post=13892"},{"taxonomy":"author","embeddable":true,"href":"https:\/\/informatepy.com\/2021\/wp-json\/wp\/v2\/ppma_author?post=13892"}],"curies":[{"name":"wp","href":"https:\/\/api.w.org\/{rel}","templated":true}]}}