{"id":13771,"date":"2022-09-06T08:30:00","date_gmt":"2022-09-06T11:30:00","guid":{"rendered":"https:\/\/informatepy.com\/2021\/?p=13771"},"modified":"2022-09-05T21:56:16","modified_gmt":"2022-09-06T00:56:16","slug":"arranca-la-fase-dos-de-la-farsa-cristina-kirchner-visitaria-a-su-agresor-en-prision","status":"publish","type":"post","link":"https:\/\/informatepy.com\/2021\/2022\/09\/06\/arranca-la-fase-dos-de-la-farsa-cristina-kirchner-visitaria-a-su-agresor-en-prision\/","title":{"rendered":"Arranca la fase dos de la farsa: Cristina Kirchner visitar\u00eda a su \u00abagresor\u00bb en prisi\u00f3n"},"content":{"rendered":"\n<p class=\"has-text-align-justify\">En una burda imitaci\u00f3n del noble gesto que alguna vez tuviera <strong>Juan Pablo II <\/strong>con <strong>Ali Agca<\/strong>, las usinas del pensamiento del Instituto Patria ya planean un <em>\u00abplan perfecto\u00bb<\/em>. Se trata del deseo de la ex presidente <strong>Cristina Kirchner <\/strong>(pr\u00f3ximamente, la magn\u00e1nima) de visitar en prisi\u00f3n a su agresor, <strong>Fernando Sabag Montiel<\/strong>.<\/p>\n\n\n\n<p class=\"has-text-align-justify\">La informaci\u00f3n fue hecha p\u00fablica por <strong>Mariana Dahbar <\/strong>en el programa <em>\u00abPor las Buenas\u00bb <\/em>por Radio Rivadavia (Argentina).<\/p>\n\n\n\n<p class=\"has-text-align-justify\">Desde el kirchnerismo est\u00e1n preocupados por <a href=\"https:\/\/informatepy.com\/2021\/2022\/09\/05\/ex-agente-de-la-cia-sobre-el-atentado-contra-cristina-kirchner-fue-un-montaje\/\" target=\"_blank\" rel=\"noreferrer noopener\">el giro de la investigaci\u00f3n policial\/judicial<\/a> que ir\u00edan a contramano de sus intereses pol\u00edticos, ya que la \u00aboperaci\u00f3n atentado\u00bb no alcanz\u00f3 a cumplir las 72 hs cuando desde todos los \u00e1mbitos se comenz\u00f3 a cuestionar la veracidad del suceso.<\/p>\n\n\n\n<p class=\"has-text-align-justify\">El kirchnerismo conf\u00eda en que se termine vinculando el accionar del detenido con un sector de la oposici\u00f3n, lo que les dar\u00eda la base suficiente para salir a dar pelea con las llamadas <a href=\"https:\/\/informatepy.com\/2021\/2022\/09\/04\/argentina-la-hija-de-terroristas-victoria-donda-buscara-determinar-que-es-un-discurso-de-odio-por-medio-de-una-ley\/\" target=\"_blank\" rel=\"noreferrer noopener\"><strong><em>\u00ableyes contra el odio\u00bb<\/em><\/strong>.<\/a><\/p>\n","protected":false},"excerpt":{"rendered":"<p>En una burda imitaci\u00f3n del noble gesto que alguna vez tuviera Juan Pablo II con Ali Agca, las usinas del pensamiento del Instituto Patria ya planean un \u00abplan perfecto\u00bb. Se trata del deseo de la ex presidente Cristina Kirchner (pr\u00f3ximamente, la magn\u00e1nima) de visitar en prisi\u00f3n a su agresor, Fernando Sabag Montiel. La informaci\u00f3n fue [&hellip;]<\/p>\n","protected":false},"author":4,"featured_media":13759,"comment_status":"open","ping_status":"open","sticky":false,"template":"","format":"standard","meta":{"_monsterinsights_skip_tracking":false,"_monsterinsights_sitenote_active":false,"_monsterinsights_sitenote_note":"","_monsterinsights_sitenote_category":0,"footnotes":"","jetpack_publicize_message":"","jetpack_is_tweetstorm":false,"jetpack_publicize_feature_enabled":true},"categories":[173],"tags":[679,888,1036],"ppma_author":[1051],"class_list":["post-13771","post","type-post","status-publish","format-standard","has-post-thumbnail","hentry","category-mundo","tag-argentina","tag-cristina-kirchner","tag-destacada"],"jetpack_publicize_connections":[],"yoast_head":"<!-- This site is optimized with the Yoast SEO plugin v27.5 - https:\/\/yoast.com\/product\/yoast-seo-wordpress\/ -->\n<title>Arranca la fase dos de la farsa: Cristina Kirchner visitar\u00eda a su &quot;agresor&quot; en prisi\u00f3n - Informatepy<\/title>\n<meta name=\"robots\" content=\"index, follow, max-snippet:-1, max-image-preview:large, max-video-preview:-1\" \/>\n<link rel=\"canonical\" href=\"https:\/\/informatepy.com\/2021\/2022\/09\/06\/arranca-la-fase-dos-de-la-farsa-cristina-kirchner-visitaria-a-su-agresor-en-prision\/\" \/>\n<meta property=\"og:locale\" content=\"es_ES\" \/>\n<meta property=\"og:type\" content=\"article\" \/>\n<meta property=\"og:title\" content=\"Arranca la fase dos de la farsa: Cristina Kirchner visitar\u00eda a su &quot;agresor&quot; en prisi\u00f3n - Informatepy\" \/>\n<meta property=\"og:description\" content=\"En una burda imitaci\u00f3n del noble gesto que alguna vez tuviera Juan Pablo II con Ali Agca, las usinas del pensamiento del Instituto Patria ya planean un \u00abplan perfecto\u00bb. Se trata del deseo de la ex presidente Cristina Kirchner (pr\u00f3ximamente, la magn\u00e1nima) de visitar en prisi\u00f3n a su agresor, Fernando Sabag Montiel. La informaci\u00f3n fue [&hellip;]\" \/>\n<meta property=\"og:url\" content=\"https:\/\/informatepy.com\/2021\/2022\/09\/06\/arranca-la-fase-dos-de-la-farsa-cristina-kirchner-visitaria-a-su-agresor-en-prision\/\" \/>\n<meta property=\"og:site_name\" content=\"Informatepy\" \/>\n<meta property=\"article:author\" content=\"https:\/\/www.facebook.com\/InformatePyCom\" \/>\n<meta property=\"article:published_time\" content=\"2022-09-06T11:30:00+00:00\" \/>\n<meta property=\"og:image\" content=\"https:\/\/i0.wp.com\/informatepy.com\/2021\/wp-content\/uploads\/2022\/09\/atentado-cfk-1.jpg?fit=1362%2C676&ssl=1\" \/>\n\t<meta property=\"og:image:width\" content=\"1362\" \/>\n\t<meta property=\"og:image:height\" content=\"676\" \/>\n\t<meta property=\"og:image:type\" content=\"image\/jpeg\" \/>\n<meta name=\"author\" content=\"Redacci\u00f3n\" \/>\n<meta name=\"twitter:card\" content=\"summary_large_image\" \/>\n<meta name=\"twitter:creator\" content=\"@https:\/\/twitter.com\/InformatePy1\" \/>\n<meta name=\"twitter:label1\" content=\"Escrito por\" \/>\n\t<meta name=\"twitter:data1\" content=\"Redacci\u00f3n\" \/>\n\t<meta name=\"twitter:label2\" content=\"Tiempo de lectura\" \/>\n\t<meta name=\"twitter:data2\" content=\"1 minuto\" \/>\n<script type=\"application\/ld+json\" class=\"yoast-schema-graph\">{\"@context\":\"https:\\\/\\\/schema.org\",\"@graph\":[{\"@type\":\"Article\",\"@id\":\"https:\\\/\\\/informatepy.com\\\/2021\\\/2022\\\/09\\\/06\\\/arranca-la-fase-dos-de-la-farsa-cristina-kirchner-visitaria-a-su-agresor-en-prision\\\/#article\",\"isPartOf\":{\"@id\":\"https:\\\/\\\/informatepy.com\\\/2021\\\/2022\\\/09\\\/06\\\/arranca-la-fase-dos-de-la-farsa-cristina-kirchner-visitaria-a-su-agresor-en-prision\\\/\"},\"author\":{\"name\":\"Redacci\u00f3n\",\"@id\":\"https:\\\/\\\/informatepy.com\\\/2021\\\/#\\\/schema\\\/person\\\/0c842f525f84ea74ef3b44370d11757b\"},\"headline\":\"Arranca la fase dos de la farsa: Cristina Kirchner visitar\u00eda a su \u00abagresor\u00bb en prisi\u00f3n\",\"datePublished\":\"2022-09-06T11:30:00+00:00\",\"mainEntityOfPage\":{\"@id\":\"https:\\\/\\\/informatepy.com\\\/2021\\\/2022\\\/09\\\/06\\\/arranca-la-fase-dos-de-la-farsa-cristina-kirchner-visitaria-a-su-agresor-en-prision\\\/\"},\"wordCount\":183,\"commentCount\":0,\"publisher\":{\"@id\":\"https:\\\/\\\/informatepy.com\\\/2021\\\/#\\\/schema\\\/person\\\/edd302c981d6ba4596191719d1025a8a\"},\"image\":{\"@id\":\"https:\\\/\\\/informatepy.com\\\/2021\\\/2022\\\/09\\\/06\\\/arranca-la-fase-dos-de-la-farsa-cristina-kirchner-visitaria-a-su-agresor-en-prision\\\/#primaryimage\"},\"thumbnailUrl\":\"https:\\\/\\\/i0.wp.com\\\/informatepy.com\\\/2021\\\/wp-content\\\/uploads\\\/2022\\\/09\\\/atentado-cfk-1.jpg?fit=1362%2C676&ssl=1\",\"keywords\":[\"argentina\",\"cristina kirchner\",\"destacada\"],\"articleSection\":[\"Mundo\"],\"inLanguage\":\"es\",\"potentialAction\":[{\"@type\":\"CommentAction\",\"name\":\"Comment\",\"target\":[\"https:\\\/\\\/informatepy.com\\\/2021\\\/2022\\\/09\\\/06\\\/arranca-la-fase-dos-de-la-farsa-cristina-kirchner-visitaria-a-su-agresor-en-prision\\\/#respond\"]}]},{\"@type\":\"WebPage\",\"@id\":\"https:\\\/\\\/informatepy.com\\\/2021\\\/2022\\\/09\\\/06\\\/arranca-la-fase-dos-de-la-farsa-cristina-kirchner-visitaria-a-su-agresor-en-prision\\\/\",\"url\":\"https:\\\/\\\/informatepy.com\\\/2021\\\/2022\\\/09\\\/06\\\/arranca-la-fase-dos-de-la-farsa-cristina-kirchner-visitaria-a-su-agresor-en-prision\\\/\",\"name\":\"Arranca la fase dos de la farsa: Cristina Kirchner visitar\u00eda a su \\\"agresor\\\" en prisi\u00f3n - Informatepy\",\"isPartOf\":{\"@id\":\"https:\\\/\\\/informatepy.com\\\/2021\\\/#website\"},\"primaryImageOfPage\":{\"@id\":\"https:\\\/\\\/informatepy.com\\\/2021\\\/2022\\\/09\\\/06\\\/arranca-la-fase-dos-de-la-farsa-cristina-kirchner-visitaria-a-su-agresor-en-prision\\\/#primaryimage\"},\"image\":{\"@id\":\"https:\\\/\\\/informatepy.com\\\/2021\\\/2022\\\/09\\\/06\\\/arranca-la-fase-dos-de-la-farsa-cristina-kirchner-visitaria-a-su-agresor-en-prision\\\/#primaryimage\"},\"thumbnailUrl\":\"https:\\\/\\\/i0.wp.com\\\/informatepy.com\\\/2021\\\/wp-content\\\/uploads\\\/2022\\\/09\\\/atentado-cfk-1.jpg?fit=1362%2C676&ssl=1\",\"datePublished\":\"2022-09-06T11:30:00+00:00\",\"breadcrumb\":{\"@id\":\"https:\\\/\\\/informatepy.com\\\/2021\\\/2022\\\/09\\\/06\\\/arranca-la-fase-dos-de-la-farsa-cristina-kirchner-visitaria-a-su-agresor-en-prision\\\/#breadcrumb\"},\"inLanguage\":\"es\",\"potentialAction\":[{\"@type\":\"ReadAction\",\"target\":[\"https:\\\/\\\/informatepy.com\\\/2021\\\/2022\\\/09\\\/06\\\/arranca-la-fase-dos-de-la-farsa-cristina-kirchner-visitaria-a-su-agresor-en-prision\\\/\"]}]},{\"@type\":\"ImageObject\",\"inLanguage\":\"es\",\"@id\":\"https:\\\/\\\/informatepy.com\\\/2021\\\/2022\\\/09\\\/06\\\/arranca-la-fase-dos-de-la-farsa-cristina-kirchner-visitaria-a-su-agresor-en-prision\\\/#primaryimage\",\"url\":\"https:\\\/\\\/i0.wp.com\\\/informatepy.com\\\/2021\\\/wp-content\\\/uploads\\\/2022\\\/09\\\/atentado-cfk-1.jpg?fit=1362%2C676&ssl=1\",\"contentUrl\":\"https:\\\/\\\/i0.wp.com\\\/informatepy.com\\\/2021\\\/wp-content\\\/uploads\\\/2022\\\/09\\\/atentado-cfk-1.jpg?fit=1362%2C676&ssl=1\",\"width\":1362,\"height\":676},{\"@type\":\"BreadcrumbList\",\"@id\":\"https:\\\/\\\/informatepy.com\\\/2021\\\/2022\\\/09\\\/06\\\/arranca-la-fase-dos-de-la-farsa-cristina-kirchner-visitaria-a-su-agresor-en-prision\\\/#breadcrumb\",\"itemListElement\":[{\"@type\":\"ListItem\",\"position\":1,\"name\":\"Portada\",\"item\":\"https:\\\/\\\/informatepy.com\\\/2021\\\/\"},{\"@type\":\"ListItem\",\"position\":2,\"name\":\"Arranca la fase dos de la farsa: Cristina Kirchner visitar\u00eda a su \u00abagresor\u00bb en prisi\u00f3n\"}]},{\"@type\":\"WebSite\",\"@id\":\"https:\\\/\\\/informatepy.com\\\/2021\\\/#website\",\"url\":\"https:\\\/\\\/informatepy.com\\\/2021\\\/\",\"name\":\"Informatepy\",\"description\":\"La verdad, siempre!\",\"publisher\":{\"@id\":\"https:\\\/\\\/informatepy.com\\\/2021\\\/#\\\/schema\\\/person\\\/edd302c981d6ba4596191719d1025a8a\"},\"potentialAction\":[{\"@type\":\"SearchAction\",\"target\":{\"@type\":\"EntryPoint\",\"urlTemplate\":\"https:\\\/\\\/informatepy.com\\\/2021\\\/?s={search_term_string}\"},\"query-input\":{\"@type\":\"PropertyValueSpecification\",\"valueRequired\":true,\"valueName\":\"search_term_string\"}}],\"inLanguage\":\"es\"},{\"@type\":[\"Person\",\"Organization\"],\"@id\":\"https:\\\/\\\/informatepy.com\\\/2021\\\/#\\\/schema\\\/person\\\/edd302c981d6ba4596191719d1025a8a\",\"name\":\"admin\",\"image\":{\"@type\":\"ImageObject\",\"inLanguage\":\"es\",\"@id\":\"https:\\\/\\\/secure.gravatar.com\\\/avatar\\\/5310f602b6cbcfb86e030c4ccdbb78f6565a3b9bab6a74ab80fd3cb5428b65af?s=96&d=mm&r=g\",\"url\":\"https:\\\/\\\/secure.gravatar.com\\\/avatar\\\/5310f602b6cbcfb86e030c4ccdbb78f6565a3b9bab6a74ab80fd3cb5428b65af?s=96&d=mm&r=g\",\"contentUrl\":\"https:\\\/\\\/secure.gravatar.com\\\/avatar\\\/5310f602b6cbcfb86e030c4ccdbb78f6565a3b9bab6a74ab80fd3cb5428b65af?s=96&d=mm&r=g\",\"caption\":\"admin\"},\"logo\":{\"@id\":\"https:\\\/\\\/secure.gravatar.com\\\/avatar\\\/5310f602b6cbcfb86e030c4ccdbb78f6565a3b9bab6a74ab80fd3cb5428b65af?s=96&d=mm&r=g\"},\"sameAs\":[\"http:\\\/\\\/informatepy.com\\\/2021\"]},{\"@type\":\"Person\",\"@id\":\"https:\\\/\\\/informatepy.com\\\/2021\\\/#\\\/schema\\\/person\\\/0c842f525f84ea74ef3b44370d11757b\",\"name\":\"Redacci\u00f3n\",\"image\":{\"@type\":\"ImageObject\",\"inLanguage\":\"es\",\"@id\":\"https:\\\/\\\/i0.wp.com\\\/informatepy.com\\\/2021\\\/wp-content\\\/uploads\\\/2021\\\/02\\\/informate-circulo.png?fit=96%2C96&ssl=1\",\"url\":\"https:\\\/\\\/i0.wp.com\\\/informatepy.com\\\/2021\\\/wp-content\\\/uploads\\\/2021\\\/02\\\/informate-circulo.png?fit=96%2C96&ssl=1\",\"contentUrl\":\"https:\\\/\\\/i0.wp.com\\\/informatepy.com\\\/2021\\\/wp-content\\\/uploads\\\/2021\\\/02\\\/informate-circulo.png?fit=96%2C96&ssl=1\",\"caption\":\"Redacci\u00f3n\"},\"sameAs\":[\"https:\\\/\\\/www.facebook.com\\\/InformatePyCom\",\"https:\\\/\\\/x.com\\\/https:\\\/\\\/twitter.com\\\/InformatePy1\"],\"url\":\"https:\\\/\\\/informatepy.com\\\/2021\\\/author\\\/redaccion\\\/\"}]}<\/script>\n<!-- \/ Yoast SEO plugin. -->","yoast_head_json":{"title":"Arranca la fase dos de la farsa: Cristina Kirchner visitar\u00eda a su \"agresor\" en prisi\u00f3n - Informatepy","robots":{"index":"index","follow":"follow","max-snippet":"max-snippet:-1","max-image-preview":"max-image-preview:large","max-video-preview":"max-video-preview:-1"},"canonical":"https:\/\/informatepy.com\/2021\/2022\/09\/06\/arranca-la-fase-dos-de-la-farsa-cristina-kirchner-visitaria-a-su-agresor-en-prision\/","og_locale":"es_ES","og_type":"article","og_title":"Arranca la fase dos de la farsa: Cristina Kirchner visitar\u00eda a su \"agresor\" en prisi\u00f3n - Informatepy","og_description":"En una burda imitaci\u00f3n del noble gesto que alguna vez tuviera Juan Pablo II con Ali Agca, las usinas del pensamiento del Instituto Patria ya planean un \u00abplan perfecto\u00bb. Se trata del deseo de la ex presidente Cristina Kirchner (pr\u00f3ximamente, la magn\u00e1nima) de visitar en prisi\u00f3n a su agresor, Fernando Sabag Montiel. La informaci\u00f3n fue [&hellip;]","og_url":"https:\/\/informatepy.com\/2021\/2022\/09\/06\/arranca-la-fase-dos-de-la-farsa-cristina-kirchner-visitaria-a-su-agresor-en-prision\/","og_site_name":"Informatepy","article_author":"https:\/\/www.facebook.com\/InformatePyCom","article_published_time":"2022-09-06T11:30:00+00:00","og_image":[{"width":1362,"height":676,"url":"https:\/\/i0.wp.com\/informatepy.com\/2021\/wp-content\/uploads\/2022\/09\/atentado-cfk-1.jpg?fit=1362%2C676&ssl=1","type":"image\/jpeg"}],"author":"Redacci\u00f3n","twitter_card":"summary_large_image","twitter_creator":"@https:\/\/twitter.com\/InformatePy1","twitter_misc":{"Escrito por":"Redacci\u00f3n","Tiempo de lectura":"1 minuto"},"schema":{"@context":"https:\/\/schema.org","@graph":[{"@type":"Article","@id":"https:\/\/informatepy.com\/2021\/2022\/09\/06\/arranca-la-fase-dos-de-la-farsa-cristina-kirchner-visitaria-a-su-agresor-en-prision\/#article","isPartOf":{"@id":"https:\/\/informatepy.com\/2021\/2022\/09\/06\/arranca-la-fase-dos-de-la-farsa-cristina-kirchner-visitaria-a-su-agresor-en-prision\/"},"author":{"name":"Redacci\u00f3n","@id":"https:\/\/informatepy.com\/2021\/#\/schema\/person\/0c842f525f84ea74ef3b44370d11757b"},"headline":"Arranca la fase dos de la farsa: Cristina Kirchner visitar\u00eda a su \u00abagresor\u00bb en prisi\u00f3n","datePublished":"2022-09-06T11:30:00+00:00","mainEntityOfPage":{"@id":"https:\/\/informatepy.com\/2021\/2022\/09\/06\/arranca-la-fase-dos-de-la-farsa-cristina-kirchner-visitaria-a-su-agresor-en-prision\/"},"wordCount":183,"commentCount":0,"publisher":{"@id":"https:\/\/informatepy.com\/2021\/#\/schema\/person\/edd302c981d6ba4596191719d1025a8a"},"image":{"@id":"https:\/\/informatepy.com\/2021\/2022\/09\/06\/arranca-la-fase-dos-de-la-farsa-cristina-kirchner-visitaria-a-su-agresor-en-prision\/#primaryimage"},"thumbnailUrl":"https:\/\/i0.wp.com\/informatepy.com\/2021\/wp-content\/uploads\/2022\/09\/atentado-cfk-1.jpg?fit=1362%2C676&ssl=1","keywords":["argentina","cristina kirchner","destacada"],"articleSection":["Mundo"],"inLanguage":"es","potentialAction":[{"@type":"CommentAction","name":"Comment","target":["https:\/\/informatepy.com\/2021\/2022\/09\/06\/arranca-la-fase-dos-de-la-farsa-cristina-kirchner-visitaria-a-su-agresor-en-prision\/#respond"]}]},{"@type":"WebPage","@id":"https:\/\/informatepy.com\/2021\/2022\/09\/06\/arranca-la-fase-dos-de-la-farsa-cristina-kirchner-visitaria-a-su-agresor-en-prision\/","url":"https:\/\/informatepy.com\/2021\/2022\/09\/06\/arranca-la-fase-dos-de-la-farsa-cristina-kirchner-visitaria-a-su-agresor-en-prision\/","name":"Arranca la fase dos de la farsa: Cristina Kirchner visitar\u00eda a su \"agresor\" en prisi\u00f3n - Informatepy","isPartOf":{"@id":"https:\/\/informatepy.com\/2021\/#website"},"primaryImageOfPage":{"@id":"https:\/\/informatepy.com\/2021\/2022\/09\/06\/arranca-la-fase-dos-de-la-farsa-cristina-kirchner-visitaria-a-su-agresor-en-prision\/#primaryimage"},"image":{"@id":"https:\/\/informatepy.com\/2021\/2022\/09\/06\/arranca-la-fase-dos-de-la-farsa-cristina-kirchner-visitaria-a-su-agresor-en-prision\/#primaryimage"},"thumbnailUrl":"https:\/\/i0.wp.com\/informatepy.com\/2021\/wp-content\/uploads\/2022\/09\/atentado-cfk-1.jpg?fit=1362%2C676&ssl=1","datePublished":"2022-09-06T11:30:00+00:00","breadcrumb":{"@id":"https:\/\/informatepy.com\/2021\/2022\/09\/06\/arranca-la-fase-dos-de-la-farsa-cristina-kirchner-visitaria-a-su-agresor-en-prision\/#breadcrumb"},"inLanguage":"es","potentialAction":[{"@type":"ReadAction","target":["https:\/\/informatepy.com\/2021\/2022\/09\/06\/arranca-la-fase-dos-de-la-farsa-cristina-kirchner-visitaria-a-su-agresor-en-prision\/"]}]},{"@type":"ImageObject","inLanguage":"es","@id":"https:\/\/informatepy.com\/2021\/2022\/09\/06\/arranca-la-fase-dos-de-la-farsa-cristina-kirchner-visitaria-a-su-agresor-en-prision\/#primaryimage","url":"https:\/\/i0.wp.com\/informatepy.com\/2021\/wp-content\/uploads\/2022\/09\/atentado-cfk-1.jpg?fit=1362%2C676&ssl=1","contentUrl":"https:\/\/i0.wp.com\/informatepy.com\/2021\/wp-content\/uploads\/2022\/09\/atentado-cfk-1.jpg?fit=1362%2C676&ssl=1","width":1362,"height":676},{"@type":"BreadcrumbList","@id":"https:\/\/informatepy.com\/2021\/2022\/09\/06\/arranca-la-fase-dos-de-la-farsa-cristina-kirchner-visitaria-a-su-agresor-en-prision\/#breadcrumb","itemListElement":[{"@type":"ListItem","position":1,"name":"Portada","item":"https:\/\/informatepy.com\/2021\/"},{"@type":"ListItem","position":2,"name":"Arranca la fase dos de la farsa: Cristina Kirchner visitar\u00eda a su \u00abagresor\u00bb en prisi\u00f3n"}]},{"@type":"WebSite","@id":"https:\/\/informatepy.com\/2021\/#website","url":"https:\/\/informatepy.com\/2021\/","name":"Informatepy","description":"La verdad, siempre!","publisher":{"@id":"https:\/\/informatepy.com\/2021\/#\/schema\/person\/edd302c981d6ba4596191719d1025a8a"},"potentialAction":[{"@type":"SearchAction","target":{"@type":"EntryPoint","urlTemplate":"https:\/\/informatepy.com\/2021\/?s={search_term_string}"},"query-input":{"@type":"PropertyValueSpecification","valueRequired":true,"valueName":"search_term_string"}}],"inLanguage":"es"},{"@type":["Person","Organization"],"@id":"https:\/\/informatepy.com\/2021\/#\/schema\/person\/edd302c981d6ba4596191719d1025a8a","name":"admin","image":{"@type":"ImageObject","inLanguage":"es","@id":"https:\/\/secure.gravatar.com\/avatar\/5310f602b6cbcfb86e030c4ccdbb78f6565a3b9bab6a74ab80fd3cb5428b65af?s=96&d=mm&r=g","url":"https:\/\/secure.gravatar.com\/avatar\/5310f602b6cbcfb86e030c4ccdbb78f6565a3b9bab6a74ab80fd3cb5428b65af?s=96&d=mm&r=g","contentUrl":"https:\/\/secure.gravatar.com\/avatar\/5310f602b6cbcfb86e030c4ccdbb78f6565a3b9bab6a74ab80fd3cb5428b65af?s=96&d=mm&r=g","caption":"admin"},"logo":{"@id":"https:\/\/secure.gravatar.com\/avatar\/5310f602b6cbcfb86e030c4ccdbb78f6565a3b9bab6a74ab80fd3cb5428b65af?s=96&d=mm&r=g"},"sameAs":["http:\/\/informatepy.com\/2021"]},{"@type":"Person","@id":"https:\/\/informatepy.com\/2021\/#\/schema\/person\/0c842f525f84ea74ef3b44370d11757b","name":"Redacci\u00f3n","image":{"@type":"ImageObject","inLanguage":"es","@id":"https:\/\/i0.wp.com\/informatepy.com\/2021\/wp-content\/uploads\/2021\/02\/informate-circulo.png?fit=96%2C96&ssl=1","url":"https:\/\/i0.wp.com\/informatepy.com\/2021\/wp-content\/uploads\/2021\/02\/informate-circulo.png?fit=96%2C96&ssl=1","contentUrl":"https:\/\/i0.wp.com\/informatepy.com\/2021\/wp-content\/uploads\/2021\/02\/informate-circulo.png?fit=96%2C96&ssl=1","caption":"Redacci\u00f3n"},"sameAs":["https:\/\/www.facebook.com\/InformatePyCom","https:\/\/x.com\/https:\/\/twitter.com\/InformatePy1"],"url":"https:\/\/informatepy.com\/2021\/author\/redaccion\/"}]}},"jetpack_featured_media_url":"https:\/\/i0.wp.com\/informatepy.com\/2021\/wp-content\/uploads\/2022\/09\/atentado-cfk-1.jpg?fit=1362%2C676&ssl=1","jetpack_sharing_enabled":true,"jetpack_likes_enabled":true,"jetpack-related-posts":[{"id":13539,"url":"https:\/\/informatepy.com\/2021\/2022\/08\/23\/argentina-alberto-fernandez-pidio-reformar-la-justicia-tras-el-pedido-de-condena-a-cristina-kirchner\/","url_meta":{"origin":13771,"position":0},"title":"ARGENTINA: Alberto Fern\u00e1ndez pidi\u00f3 reformar la justicia, tras el pedido de condena a Cristina Kirchner","date":"23 de agosto de 2022","format":false,"excerpt":"El Presidente expres\u00f3 su \u201cm\u00e1s profundo afecto y solidaridad\u201d para la Vicepresidenta y mostr\u00f3 su enojo por el pedido de 12 a\u00f1os de prisi\u00f3n en el marco de la causa Vialidad.","rel":"","context":"En \u00abMundo\u00bb","img":{"alt_text":"","src":"https:\/\/i0.wp.com\/informatepy.com\/2021\/wp-content\/uploads\/2021\/09\/cristina-reto-a-alberto-fernandez.jpg?fit=768%2C512&ssl=1&resize=350%2C200","width":350,"height":200},"classes":[]},{"id":13053,"url":"https:\/\/informatepy.com\/2021\/2022\/08\/02\/se-complica-la-situacion-judicial-de-cristina-kirchner\/","url_meta":{"origin":13771,"position":1},"title":"Se complica la situaci\u00f3n judicial de Cristina Kirchner","date":"2 de agosto de 2022","format":false,"excerpt":"Entre las evidencias que present\u00f3 el fiscal Diego Luciani, se encuentran los chats que hab\u00eda en el tel\u00e9fono del exsecretario de Obras P\u00fablicas, que hablan de una reuni\u00f3n entre L\u00e1zaro B\u00e1ez y la expresidenta.","rel":"","context":"En \u00abMundo\u00bb","img":{"alt_text":"","src":"https:\/\/i0.wp.com\/informatepy.com\/2021\/wp-content\/uploads\/2021\/07\/cristina-kirchner-pide-silecio.jpg?fit=1200%2C674&ssl=1&resize=350%2C200","width":350,"height":200},"classes":[]},{"id":13459,"url":"https:\/\/informatepy.com\/2021\/2022\/08\/20\/argentina-nerviosismo-k-ante-la-posible-condena-a-cristina-kirchner\/","url_meta":{"origin":13771,"position":2},"title":"ARGENTINA: Nerviosismo K ante la posible condena a Cristina Kirchner","date":"20 de agosto de 2022","format":false,"excerpt":"A medida que avanzan los alegatos en la causa \"Vialidad\", crece el nerviosismo hacia el interio del kirchnerismo por una probable condena a Cristina Kirchner. Referentes del sector pol\u00edtico de izquierda comenzaron a lanzar amenazas p\u00fablicas que van de la \"pueblada\" de Hebe de Bonafini (Madres de Plaza de Mayo),\u2026","rel":"","context":"En \u00abMundo\u00bb","img":{"alt_text":"","src":"https:\/\/i0.wp.com\/informatepy.com\/2021\/wp-content\/uploads\/2021\/07\/cristina-kirchner-pide-silecio.jpg?fit=1200%2C674&ssl=1&resize=350%2C200","width":350,"height":200},"classes":[]},{"id":13554,"url":"https:\/\/informatepy.com\/2021\/2022\/08\/23\/argentina-alberto-fernandez-evalua-indultar-a-cristina-kirchner-si-es-condenada-por-corrupcion\/","url_meta":{"origin":13771,"position":3},"title":"ARGENTINA: Alberto Fern\u00e1ndez eval\u00faa indultar a Cristina Kirchner si es condenada por corrupci\u00f3n","date":"23 de agosto de 2022","format":false,"excerpt":"El presidente\u00a0Alberto Fern\u00e1ndez\u00a0eval\u00faa aplicar un indulto en favor de la vicepresidenta\u00a0Cristina Kirchner, quien ayer recibi\u00f3 un pedido de condena de 12 a\u00f1os por parte del fiscal Diego Luciani, en el marco de la causa conocida como \u201cVialidad\u201d, donde se la investiga por su presunto rol como jefa de una asociaci\u00f3n\u2026","rel":"","context":"En \u00abMundo\u00bb","img":{"alt_text":"","src":"https:\/\/i0.wp.com\/informatepy.com\/2021\/wp-content\/uploads\/2022\/08\/alberto-cristina-fernandez.jpg?fit=1200%2C675&ssl=1&resize=350%2C200","width":350,"height":200},"classes":[]},{"id":13515,"url":"https:\/\/informatepy.com\/2021\/2022\/08\/22\/argentina-fiscal-pide-carcel-inhabilitacion-perpetua-y-decomiso-de-bienes-de-cristina-kirchner-por-corrupcion\/","url_meta":{"origin":13771,"position":4},"title":"ARGENTINA: Fiscal pide c\u00e1rcel, inhabilitaci\u00f3n perpetua y decomiso de bienes de Cristina Kirchner por corrupci\u00f3n","date":"22 de agosto de 2022","format":false,"excerpt":"En la \u00faltima jornada de exposici\u00f3n del Ministerio P\u00fablico en el\u00a0juicio por la causa Vialidad, la fiscal\u00eda advirti\u00f3 que\u00a0el perjuicio al Estado en las irregularidades de las obras que recibi\u00f3 L\u00e1zaro B\u00e1ez fue de un total de $5.321 millones de pesos (1.000 millones de d\u00f3lares).\u00a0As\u00ed lo expuso el fiscal federal\u2026","rel":"","context":"En \u00abMundo\u00bb","img":{"alt_text":"","src":"https:\/\/i0.wp.com\/informatepy.com\/2021\/wp-content\/uploads\/2022\/08\/cristina-y-lazaro-baez.jpg?fit=1200%2C673&ssl=1&resize=350%2C200","width":350,"height":200},"classes":[]},{"id":7304,"url":"https:\/\/informatepy.com\/2021\/2021\/09\/24\/gano-la-libertad-de-expresion-rechazan-una-demanda-de-cristina-kirchner-contra-periodista\/","url_meta":{"origin":13771,"position":5},"title":"Gan\u00f3 la libertad de expresi\u00f3n: Rechazan una demanda de Cristina Kirchner contra periodista","date":"24 de septiembre de 2021","format":false,"excerpt":"El juez argentino Ricardo Agugliaro rechaz\u00f3 una demanda por \"da\u00f1os y perjuicios\" presentada por Cristina Kirchner contra el periodista Eduardo Feinmann.","rel":"","context":"En \u00abMundo\u00bb","img":{"alt_text":"","src":"https:\/\/i0.wp.com\/informatepy.com\/2021\/wp-content\/uploads\/2021\/06\/cristina-fernandez-silencio.jpg?fit=1024%2C752&ssl=1&resize=350%2C200","width":350,"height":200},"classes":[]}],"authors":[{"term_id":1051,"user_id":4,"is_guest":0,"slug":"redaccion","display_name":"Redacci\u00f3n","avatar_url":"https:\/\/i0.wp.com\/informatepy.com\/2021\/wp-content\/uploads\/2021\/02\/informate-circulo.png?fit=96%2C96&ssl=1","first_name":"Redacci\u00f3n","last_name":"","user_url":"","description":""}],"amp_enabled":true,"_links":{"self":[{"href":"https:\/\/informatepy.com\/2021\/wp-json\/wp\/v2\/posts\/13771","targetHints":{"allow":["GET"]}}],"collection":[{"href":"https:\/\/informatepy.com\/2021\/wp-json\/wp\/v2\/posts"}],"about":[{"href":"https:\/\/informatepy.com\/2021\/wp-json\/wp\/v2\/types\/post"}],"author":[{"embeddable":true,"href":"https:\/\/informatepy.com\/2021\/wp-json\/wp\/v2\/users\/4"}],"replies":[{"embeddable":true,"href":"https:\/\/informatepy.com\/2021\/wp-json\/wp\/v2\/comments?post=13771"}],"version-history":[{"count":1,"href":"https:\/\/informatepy.com\/2021\/wp-json\/wp\/v2\/posts\/13771\/revisions"}],"predecessor-version":[{"id":13772,"href":"https:\/\/informatepy.com\/2021\/wp-json\/wp\/v2\/posts\/13771\/revisions\/13772"}],"wp:featuredmedia":[{"embeddable":true,"href":"https:\/\/informatepy.com\/2021\/wp-json\/wp\/v2\/media\/13759"}],"wp:attachment":[{"href":"https:\/\/informatepy.com\/2021\/wp-json\/wp\/v2\/media?parent=13771"}],"wp:term":[{"taxonomy":"category","embeddable":true,"href":"https:\/\/informatepy.com\/2021\/wp-json\/wp\/v2\/categories?post=13771"},{"taxonomy":"post_tag","embeddable":true,"href":"https:\/\/informatepy.com\/2021\/wp-json\/wp\/v2\/tags?post=13771"},{"taxonomy":"author","embeddable":true,"href":"https:\/\/informatepy.com\/2021\/wp-json\/wp\/v2\/ppma_author?post=13771"}],"curies":[{"name":"wp","href":"https:\/\/api.w.org\/{rel}","templated":true}]}}