{"id":13718,"date":"2022-09-03T12:36:48","date_gmt":"2022-09-03T15:36:48","guid":{"rendered":"https:\/\/informatepy.com\/2021\/?p=13718"},"modified":"2022-09-03T12:36:51","modified_gmt":"2022-09-03T15:36:51","slug":"hugo-richer-nosotros-reconocemos-el-alto-nivel-de-rechazo-que-tiene-efrain-alegre","status":"publish","type":"post","link":"https:\/\/informatepy.com\/2021\/2022\/09\/03\/hugo-richer-nosotros-reconocemos-el-alto-nivel-de-rechazo-que-tiene-efrain-alegre\/","title":{"rendered":"Hugo Richer: \u00abNosotros reconocemos el alto nivel de rechazo que tiene Efra\u00edn Alegre\u201d"},"content":{"rendered":"\n<p class=\"has-text-align-justify\">Hugo Richer, senador del Frente Guasu, se\u00f1al\u00f3 que el pa\u00eds necesita un acuerdo pol\u00edtico, empresarial y social para una proyecci\u00f3n de los pr\u00f3ximos 10 a 15 a\u00f1os, pero que <strong>en la concertaci\u00f3n no hay debate y destac\u00f3 que el presidente del Partido Liberal, Efra\u00edn Alegre, tiene un alto rechazo.<\/strong><\/p>\n\n\n\n<p class=\"has-text-align-justify\"><strong><em>\u201cNecesitamos un gran acuerdo pol\u00edtico, empresarial, social, sindical, para proyectar el Paraguay de los pr\u00f3ximos 10 a 15 a\u00f1os. Ese debate nosotros no hemos encontrado en la concertaci\u00f3n nacional. Nosotros reconocemos el alto nivel de rechazo que tiene Efra\u00edn Alegre\u201d<\/em><\/strong>, afirm\u00f3 en comunicaci\u00f3n con la 730 AM.<\/p>\n\n\n\n<p class=\"has-text-align-justify\"><strong><em>\u201cNos estamos equivocando otra vez si creemos que la derrota del Partido Colorado en el 2023 es solamente la suma de diferentes partidos que se van a sumar en n\u00fameros. No es una cuesti\u00f3n solamente de n\u00fameros, es una formulaci\u00f3n pol\u00edtica que nosotros creemos que est\u00e1 ausente en la concertaci\u00f3n\u201d<\/em><\/strong>, agreg\u00f3 Richer.<\/p>\n","protected":false},"excerpt":{"rendered":"<p>Hugo Richer, senador del Frente Guasu, se\u00f1al\u00f3 que el pa\u00eds necesita un acuerdo pol\u00edtico, empresarial y social para una proyecci\u00f3n de los pr\u00f3ximos 10 a 15 a\u00f1os, pero que en la concertaci\u00f3n no hay debate y destac\u00f3 que el presidente del Partido Liberal, Efra\u00edn Alegre, tiene un alto rechazo. \u201cNecesitamos un gran acuerdo pol\u00edtico, empresarial, [&hellip;]<\/p>\n","protected":false},"author":4,"featured_media":12661,"comment_status":"open","ping_status":"open","sticky":false,"template":"","format":"standard","meta":{"_monsterinsights_skip_tracking":false,"_monsterinsights_sitenote_active":false,"_monsterinsights_sitenote_note":"","_monsterinsights_sitenote_category":0,"footnotes":"","jetpack_publicize_message":"","jetpack_is_tweetstorm":false,"jetpack_publicize_feature_enabled":true},"categories":[177],"tags":[1036,1056,1587,398,780],"ppma_author":[1051],"class_list":["post-13718","post","type-post","status-publish","format-standard","has-post-thumbnail","hentry","category-nacionales","tag-destacada","tag-efrain-alegre-2","tag-elecciones-2023","tag-frente-guasu","tag-hugo-richer"],"jetpack_publicize_connections":[],"yoast_head":"<!-- This site is optimized with the Yoast SEO plugin v27.5 - https:\/\/yoast.com\/product\/yoast-seo-wordpress\/ -->\n<title>Hugo Richer: &quot;Nosotros reconocemos el alto nivel de rechazo que tiene Efra\u00edn Alegre\u201d - Informatepy<\/title>\n<meta name=\"robots\" content=\"index, follow, max-snippet:-1, max-image-preview:large, max-video-preview:-1\" \/>\n<link rel=\"canonical\" href=\"https:\/\/informatepy.com\/2021\/2022\/09\/03\/hugo-richer-nosotros-reconocemos-el-alto-nivel-de-rechazo-que-tiene-efrain-alegre\/\" \/>\n<meta property=\"og:locale\" content=\"es_ES\" \/>\n<meta property=\"og:type\" content=\"article\" \/>\n<meta property=\"og:title\" content=\"Hugo Richer: &quot;Nosotros reconocemos el alto nivel de rechazo que tiene Efra\u00edn Alegre\u201d - Informatepy\" \/>\n<meta property=\"og:description\" content=\"Hugo Richer, senador del Frente Guasu, se\u00f1al\u00f3 que el pa\u00eds necesita un acuerdo pol\u00edtico, empresarial y social para una proyecci\u00f3n de los pr\u00f3ximos 10 a 15 a\u00f1os, pero que en la concertaci\u00f3n no hay debate y destac\u00f3 que el presidente del Partido Liberal, Efra\u00edn Alegre, tiene un alto rechazo. \u201cNecesitamos un gran acuerdo pol\u00edtico, empresarial, [&hellip;]\" \/>\n<meta property=\"og:url\" content=\"https:\/\/informatepy.com\/2021\/2022\/09\/03\/hugo-richer-nosotros-reconocemos-el-alto-nivel-de-rechazo-que-tiene-efrain-alegre\/\" \/>\n<meta property=\"og:site_name\" content=\"Informatepy\" \/>\n<meta property=\"article:author\" content=\"https:\/\/www.facebook.com\/InformatePyCom\" \/>\n<meta property=\"article:published_time\" content=\"2022-09-03T15:36:48+00:00\" \/>\n<meta property=\"article:modified_time\" content=\"2022-09-03T15:36:51+00:00\" \/>\n<meta property=\"og:image\" content=\"https:\/\/informatepy.com\/2021\/wp-content\/uploads\/2022\/07\/hugo-richer.jpg\" \/>\n\t<meta property=\"og:image:width\" content=\"750\" \/>\n\t<meta property=\"og:image:height\" content=\"430\" \/>\n\t<meta property=\"og:image:type\" content=\"image\/jpeg\" \/>\n<meta name=\"author\" content=\"Redacci\u00f3n\" \/>\n<meta name=\"twitter:card\" content=\"summary_large_image\" \/>\n<meta name=\"twitter:creator\" content=\"@https:\/\/twitter.com\/InformatePy1\" \/>\n<meta name=\"twitter:label1\" content=\"Escrito por\" \/>\n\t<meta name=\"twitter:data1\" content=\"Redacci\u00f3n\" \/>\n\t<meta name=\"twitter:label2\" content=\"Tiempo de lectura\" \/>\n\t<meta name=\"twitter:data2\" content=\"1 minuto\" \/>\n<script type=\"application\/ld+json\" class=\"yoast-schema-graph\">{\"@context\":\"https:\\\/\\\/schema.org\",\"@graph\":[{\"@type\":\"Article\",\"@id\":\"https:\\\/\\\/informatepy.com\\\/2021\\\/2022\\\/09\\\/03\\\/hugo-richer-nosotros-reconocemos-el-alto-nivel-de-rechazo-que-tiene-efrain-alegre\\\/#article\",\"isPartOf\":{\"@id\":\"https:\\\/\\\/informatepy.com\\\/2021\\\/2022\\\/09\\\/03\\\/hugo-richer-nosotros-reconocemos-el-alto-nivel-de-rechazo-que-tiene-efrain-alegre\\\/\"},\"author\":{\"name\":\"Redacci\u00f3n\",\"@id\":\"https:\\\/\\\/informatepy.com\\\/2021\\\/#\\\/schema\\\/person\\\/0c842f525f84ea74ef3b44370d11757b\"},\"headline\":\"Hugo Richer: \u00abNosotros reconocemos el alto nivel de rechazo que tiene Efra\u00edn Alegre\u201d\",\"datePublished\":\"2022-09-03T15:36:48+00:00\",\"dateModified\":\"2022-09-03T15:36:51+00:00\",\"mainEntityOfPage\":{\"@id\":\"https:\\\/\\\/informatepy.com\\\/2021\\\/2022\\\/09\\\/03\\\/hugo-richer-nosotros-reconocemos-el-alto-nivel-de-rechazo-que-tiene-efrain-alegre\\\/\"},\"wordCount\":176,\"commentCount\":0,\"publisher\":{\"@id\":\"https:\\\/\\\/informatepy.com\\\/2021\\\/#\\\/schema\\\/person\\\/edd302c981d6ba4596191719d1025a8a\"},\"image\":{\"@id\":\"https:\\\/\\\/informatepy.com\\\/2021\\\/2022\\\/09\\\/03\\\/hugo-richer-nosotros-reconocemos-el-alto-nivel-de-rechazo-que-tiene-efrain-alegre\\\/#primaryimage\"},\"thumbnailUrl\":\"https:\\\/\\\/i0.wp.com\\\/informatepy.com\\\/2021\\\/wp-content\\\/uploads\\\/2022\\\/07\\\/hugo-richer.jpg?fit=750%2C430&ssl=1\",\"keywords\":[\"destacada\",\"efrain alegre\",\"elecciones 2023\",\"frente guasu\",\"Hugo Richer\"],\"articleSection\":[\"Nacionales\"],\"inLanguage\":\"es\",\"potentialAction\":[{\"@type\":\"CommentAction\",\"name\":\"Comment\",\"target\":[\"https:\\\/\\\/informatepy.com\\\/2021\\\/2022\\\/09\\\/03\\\/hugo-richer-nosotros-reconocemos-el-alto-nivel-de-rechazo-que-tiene-efrain-alegre\\\/#respond\"]}]},{\"@type\":\"WebPage\",\"@id\":\"https:\\\/\\\/informatepy.com\\\/2021\\\/2022\\\/09\\\/03\\\/hugo-richer-nosotros-reconocemos-el-alto-nivel-de-rechazo-que-tiene-efrain-alegre\\\/\",\"url\":\"https:\\\/\\\/informatepy.com\\\/2021\\\/2022\\\/09\\\/03\\\/hugo-richer-nosotros-reconocemos-el-alto-nivel-de-rechazo-que-tiene-efrain-alegre\\\/\",\"name\":\"Hugo Richer: \\\"Nosotros reconocemos el alto nivel de rechazo que tiene Efra\u00edn Alegre\u201d - Informatepy\",\"isPartOf\":{\"@id\":\"https:\\\/\\\/informatepy.com\\\/2021\\\/#website\"},\"primaryImageOfPage\":{\"@id\":\"https:\\\/\\\/informatepy.com\\\/2021\\\/2022\\\/09\\\/03\\\/hugo-richer-nosotros-reconocemos-el-alto-nivel-de-rechazo-que-tiene-efrain-alegre\\\/#primaryimage\"},\"image\":{\"@id\":\"https:\\\/\\\/informatepy.com\\\/2021\\\/2022\\\/09\\\/03\\\/hugo-richer-nosotros-reconocemos-el-alto-nivel-de-rechazo-que-tiene-efrain-alegre\\\/#primaryimage\"},\"thumbnailUrl\":\"https:\\\/\\\/i0.wp.com\\\/informatepy.com\\\/2021\\\/wp-content\\\/uploads\\\/2022\\\/07\\\/hugo-richer.jpg?fit=750%2C430&ssl=1\",\"datePublished\":\"2022-09-03T15:36:48+00:00\",\"dateModified\":\"2022-09-03T15:36:51+00:00\",\"breadcrumb\":{\"@id\":\"https:\\\/\\\/informatepy.com\\\/2021\\\/2022\\\/09\\\/03\\\/hugo-richer-nosotros-reconocemos-el-alto-nivel-de-rechazo-que-tiene-efrain-alegre\\\/#breadcrumb\"},\"inLanguage\":\"es\",\"potentialAction\":[{\"@type\":\"ReadAction\",\"target\":[\"https:\\\/\\\/informatepy.com\\\/2021\\\/2022\\\/09\\\/03\\\/hugo-richer-nosotros-reconocemos-el-alto-nivel-de-rechazo-que-tiene-efrain-alegre\\\/\"]}]},{\"@type\":\"ImageObject\",\"inLanguage\":\"es\",\"@id\":\"https:\\\/\\\/informatepy.com\\\/2021\\\/2022\\\/09\\\/03\\\/hugo-richer-nosotros-reconocemos-el-alto-nivel-de-rechazo-que-tiene-efrain-alegre\\\/#primaryimage\",\"url\":\"https:\\\/\\\/i0.wp.com\\\/informatepy.com\\\/2021\\\/wp-content\\\/uploads\\\/2022\\\/07\\\/hugo-richer.jpg?fit=750%2C430&ssl=1\",\"contentUrl\":\"https:\\\/\\\/i0.wp.com\\\/informatepy.com\\\/2021\\\/wp-content\\\/uploads\\\/2022\\\/07\\\/hugo-richer.jpg?fit=750%2C430&ssl=1\",\"width\":750,\"height\":430},{\"@type\":\"BreadcrumbList\",\"@id\":\"https:\\\/\\\/informatepy.com\\\/2021\\\/2022\\\/09\\\/03\\\/hugo-richer-nosotros-reconocemos-el-alto-nivel-de-rechazo-que-tiene-efrain-alegre\\\/#breadcrumb\",\"itemListElement\":[{\"@type\":\"ListItem\",\"position\":1,\"name\":\"Portada\",\"item\":\"https:\\\/\\\/informatepy.com\\\/2021\\\/\"},{\"@type\":\"ListItem\",\"position\":2,\"name\":\"Hugo Richer: \u00abNosotros reconocemos el alto nivel de rechazo que tiene Efra\u00edn Alegre\u201d\"}]},{\"@type\":\"WebSite\",\"@id\":\"https:\\\/\\\/informatepy.com\\\/2021\\\/#website\",\"url\":\"https:\\\/\\\/informatepy.com\\\/2021\\\/\",\"name\":\"Informatepy\",\"description\":\"La verdad, siempre!\",\"publisher\":{\"@id\":\"https:\\\/\\\/informatepy.com\\\/2021\\\/#\\\/schema\\\/person\\\/edd302c981d6ba4596191719d1025a8a\"},\"potentialAction\":[{\"@type\":\"SearchAction\",\"target\":{\"@type\":\"EntryPoint\",\"urlTemplate\":\"https:\\\/\\\/informatepy.com\\\/2021\\\/?s={search_term_string}\"},\"query-input\":{\"@type\":\"PropertyValueSpecification\",\"valueRequired\":true,\"valueName\":\"search_term_string\"}}],\"inLanguage\":\"es\"},{\"@type\":[\"Person\",\"Organization\"],\"@id\":\"https:\\\/\\\/informatepy.com\\\/2021\\\/#\\\/schema\\\/person\\\/edd302c981d6ba4596191719d1025a8a\",\"name\":\"admin\",\"image\":{\"@type\":\"ImageObject\",\"inLanguage\":\"es\",\"@id\":\"https:\\\/\\\/secure.gravatar.com\\\/avatar\\\/5310f602b6cbcfb86e030c4ccdbb78f6565a3b9bab6a74ab80fd3cb5428b65af?s=96&d=mm&r=g\",\"url\":\"https:\\\/\\\/secure.gravatar.com\\\/avatar\\\/5310f602b6cbcfb86e030c4ccdbb78f6565a3b9bab6a74ab80fd3cb5428b65af?s=96&d=mm&r=g\",\"contentUrl\":\"https:\\\/\\\/secure.gravatar.com\\\/avatar\\\/5310f602b6cbcfb86e030c4ccdbb78f6565a3b9bab6a74ab80fd3cb5428b65af?s=96&d=mm&r=g\",\"caption\":\"admin\"},\"logo\":{\"@id\":\"https:\\\/\\\/secure.gravatar.com\\\/avatar\\\/5310f602b6cbcfb86e030c4ccdbb78f6565a3b9bab6a74ab80fd3cb5428b65af?s=96&d=mm&r=g\"},\"sameAs\":[\"http:\\\/\\\/informatepy.com\\\/2021\"]},{\"@type\":\"Person\",\"@id\":\"https:\\\/\\\/informatepy.com\\\/2021\\\/#\\\/schema\\\/person\\\/0c842f525f84ea74ef3b44370d11757b\",\"name\":\"Redacci\u00f3n\",\"image\":{\"@type\":\"ImageObject\",\"inLanguage\":\"es\",\"@id\":\"https:\\\/\\\/i0.wp.com\\\/informatepy.com\\\/2021\\\/wp-content\\\/uploads\\\/2021\\\/02\\\/informate-circulo.png?fit=96%2C96&ssl=1\",\"url\":\"https:\\\/\\\/i0.wp.com\\\/informatepy.com\\\/2021\\\/wp-content\\\/uploads\\\/2021\\\/02\\\/informate-circulo.png?fit=96%2C96&ssl=1\",\"contentUrl\":\"https:\\\/\\\/i0.wp.com\\\/informatepy.com\\\/2021\\\/wp-content\\\/uploads\\\/2021\\\/02\\\/informate-circulo.png?fit=96%2C96&ssl=1\",\"caption\":\"Redacci\u00f3n\"},\"sameAs\":[\"https:\\\/\\\/www.facebook.com\\\/InformatePyCom\",\"https:\\\/\\\/x.com\\\/https:\\\/\\\/twitter.com\\\/InformatePy1\"],\"url\":\"https:\\\/\\\/informatepy.com\\\/2021\\\/author\\\/redaccion\\\/\"}]}<\/script>\n<!-- \/ Yoast SEO plugin. -->","yoast_head_json":{"title":"Hugo Richer: \"Nosotros reconocemos el alto nivel de rechazo que tiene Efra\u00edn Alegre\u201d - Informatepy","robots":{"index":"index","follow":"follow","max-snippet":"max-snippet:-1","max-image-preview":"max-image-preview:large","max-video-preview":"max-video-preview:-1"},"canonical":"https:\/\/informatepy.com\/2021\/2022\/09\/03\/hugo-richer-nosotros-reconocemos-el-alto-nivel-de-rechazo-que-tiene-efrain-alegre\/","og_locale":"es_ES","og_type":"article","og_title":"Hugo Richer: \"Nosotros reconocemos el alto nivel de rechazo que tiene Efra\u00edn Alegre\u201d - Informatepy","og_description":"Hugo Richer, senador del Frente Guasu, se\u00f1al\u00f3 que el pa\u00eds necesita un acuerdo pol\u00edtico, empresarial y social para una proyecci\u00f3n de los pr\u00f3ximos 10 a 15 a\u00f1os, pero que en la concertaci\u00f3n no hay debate y destac\u00f3 que el presidente del Partido Liberal, Efra\u00edn Alegre, tiene un alto rechazo. \u201cNecesitamos un gran acuerdo pol\u00edtico, empresarial, [&hellip;]","og_url":"https:\/\/informatepy.com\/2021\/2022\/09\/03\/hugo-richer-nosotros-reconocemos-el-alto-nivel-de-rechazo-que-tiene-efrain-alegre\/","og_site_name":"Informatepy","article_author":"https:\/\/www.facebook.com\/InformatePyCom","article_published_time":"2022-09-03T15:36:48+00:00","article_modified_time":"2022-09-03T15:36:51+00:00","og_image":[{"width":750,"height":430,"url":"https:\/\/informatepy.com\/2021\/wp-content\/uploads\/2022\/07\/hugo-richer.jpg","type":"image\/jpeg"}],"author":"Redacci\u00f3n","twitter_card":"summary_large_image","twitter_creator":"@https:\/\/twitter.com\/InformatePy1","twitter_misc":{"Escrito por":"Redacci\u00f3n","Tiempo de lectura":"1 minuto"},"schema":{"@context":"https:\/\/schema.org","@graph":[{"@type":"Article","@id":"https:\/\/informatepy.com\/2021\/2022\/09\/03\/hugo-richer-nosotros-reconocemos-el-alto-nivel-de-rechazo-que-tiene-efrain-alegre\/#article","isPartOf":{"@id":"https:\/\/informatepy.com\/2021\/2022\/09\/03\/hugo-richer-nosotros-reconocemos-el-alto-nivel-de-rechazo-que-tiene-efrain-alegre\/"},"author":{"name":"Redacci\u00f3n","@id":"https:\/\/informatepy.com\/2021\/#\/schema\/person\/0c842f525f84ea74ef3b44370d11757b"},"headline":"Hugo Richer: \u00abNosotros reconocemos el alto nivel de rechazo que tiene Efra\u00edn Alegre\u201d","datePublished":"2022-09-03T15:36:48+00:00","dateModified":"2022-09-03T15:36:51+00:00","mainEntityOfPage":{"@id":"https:\/\/informatepy.com\/2021\/2022\/09\/03\/hugo-richer-nosotros-reconocemos-el-alto-nivel-de-rechazo-que-tiene-efrain-alegre\/"},"wordCount":176,"commentCount":0,"publisher":{"@id":"https:\/\/informatepy.com\/2021\/#\/schema\/person\/edd302c981d6ba4596191719d1025a8a"},"image":{"@id":"https:\/\/informatepy.com\/2021\/2022\/09\/03\/hugo-richer-nosotros-reconocemos-el-alto-nivel-de-rechazo-que-tiene-efrain-alegre\/#primaryimage"},"thumbnailUrl":"https:\/\/i0.wp.com\/informatepy.com\/2021\/wp-content\/uploads\/2022\/07\/hugo-richer.jpg?fit=750%2C430&ssl=1","keywords":["destacada","efrain alegre","elecciones 2023","frente guasu","Hugo Richer"],"articleSection":["Nacionales"],"inLanguage":"es","potentialAction":[{"@type":"CommentAction","name":"Comment","target":["https:\/\/informatepy.com\/2021\/2022\/09\/03\/hugo-richer-nosotros-reconocemos-el-alto-nivel-de-rechazo-que-tiene-efrain-alegre\/#respond"]}]},{"@type":"WebPage","@id":"https:\/\/informatepy.com\/2021\/2022\/09\/03\/hugo-richer-nosotros-reconocemos-el-alto-nivel-de-rechazo-que-tiene-efrain-alegre\/","url":"https:\/\/informatepy.com\/2021\/2022\/09\/03\/hugo-richer-nosotros-reconocemos-el-alto-nivel-de-rechazo-que-tiene-efrain-alegre\/","name":"Hugo Richer: \"Nosotros reconocemos el alto nivel de rechazo que tiene Efra\u00edn Alegre\u201d - Informatepy","isPartOf":{"@id":"https:\/\/informatepy.com\/2021\/#website"},"primaryImageOfPage":{"@id":"https:\/\/informatepy.com\/2021\/2022\/09\/03\/hugo-richer-nosotros-reconocemos-el-alto-nivel-de-rechazo-que-tiene-efrain-alegre\/#primaryimage"},"image":{"@id":"https:\/\/informatepy.com\/2021\/2022\/09\/03\/hugo-richer-nosotros-reconocemos-el-alto-nivel-de-rechazo-que-tiene-efrain-alegre\/#primaryimage"},"thumbnailUrl":"https:\/\/i0.wp.com\/informatepy.com\/2021\/wp-content\/uploads\/2022\/07\/hugo-richer.jpg?fit=750%2C430&ssl=1","datePublished":"2022-09-03T15:36:48+00:00","dateModified":"2022-09-03T15:36:51+00:00","breadcrumb":{"@id":"https:\/\/informatepy.com\/2021\/2022\/09\/03\/hugo-richer-nosotros-reconocemos-el-alto-nivel-de-rechazo-que-tiene-efrain-alegre\/#breadcrumb"},"inLanguage":"es","potentialAction":[{"@type":"ReadAction","target":["https:\/\/informatepy.com\/2021\/2022\/09\/03\/hugo-richer-nosotros-reconocemos-el-alto-nivel-de-rechazo-que-tiene-efrain-alegre\/"]}]},{"@type":"ImageObject","inLanguage":"es","@id":"https:\/\/informatepy.com\/2021\/2022\/09\/03\/hugo-richer-nosotros-reconocemos-el-alto-nivel-de-rechazo-que-tiene-efrain-alegre\/#primaryimage","url":"https:\/\/i0.wp.com\/informatepy.com\/2021\/wp-content\/uploads\/2022\/07\/hugo-richer.jpg?fit=750%2C430&ssl=1","contentUrl":"https:\/\/i0.wp.com\/informatepy.com\/2021\/wp-content\/uploads\/2022\/07\/hugo-richer.jpg?fit=750%2C430&ssl=1","width":750,"height":430},{"@type":"BreadcrumbList","@id":"https:\/\/informatepy.com\/2021\/2022\/09\/03\/hugo-richer-nosotros-reconocemos-el-alto-nivel-de-rechazo-que-tiene-efrain-alegre\/#breadcrumb","itemListElement":[{"@type":"ListItem","position":1,"name":"Portada","item":"https:\/\/informatepy.com\/2021\/"},{"@type":"ListItem","position":2,"name":"Hugo Richer: \u00abNosotros reconocemos el alto nivel de rechazo que tiene Efra\u00edn Alegre\u201d"}]},{"@type":"WebSite","@id":"https:\/\/informatepy.com\/2021\/#website","url":"https:\/\/informatepy.com\/2021\/","name":"Informatepy","description":"La verdad, siempre!","publisher":{"@id":"https:\/\/informatepy.com\/2021\/#\/schema\/person\/edd302c981d6ba4596191719d1025a8a"},"potentialAction":[{"@type":"SearchAction","target":{"@type":"EntryPoint","urlTemplate":"https:\/\/informatepy.com\/2021\/?s={search_term_string}"},"query-input":{"@type":"PropertyValueSpecification","valueRequired":true,"valueName":"search_term_string"}}],"inLanguage":"es"},{"@type":["Person","Organization"],"@id":"https:\/\/informatepy.com\/2021\/#\/schema\/person\/edd302c981d6ba4596191719d1025a8a","name":"admin","image":{"@type":"ImageObject","inLanguage":"es","@id":"https:\/\/secure.gravatar.com\/avatar\/5310f602b6cbcfb86e030c4ccdbb78f6565a3b9bab6a74ab80fd3cb5428b65af?s=96&d=mm&r=g","url":"https:\/\/secure.gravatar.com\/avatar\/5310f602b6cbcfb86e030c4ccdbb78f6565a3b9bab6a74ab80fd3cb5428b65af?s=96&d=mm&r=g","contentUrl":"https:\/\/secure.gravatar.com\/avatar\/5310f602b6cbcfb86e030c4ccdbb78f6565a3b9bab6a74ab80fd3cb5428b65af?s=96&d=mm&r=g","caption":"admin"},"logo":{"@id":"https:\/\/secure.gravatar.com\/avatar\/5310f602b6cbcfb86e030c4ccdbb78f6565a3b9bab6a74ab80fd3cb5428b65af?s=96&d=mm&r=g"},"sameAs":["http:\/\/informatepy.com\/2021"]},{"@type":"Person","@id":"https:\/\/informatepy.com\/2021\/#\/schema\/person\/0c842f525f84ea74ef3b44370d11757b","name":"Redacci\u00f3n","image":{"@type":"ImageObject","inLanguage":"es","@id":"https:\/\/i0.wp.com\/informatepy.com\/2021\/wp-content\/uploads\/2021\/02\/informate-circulo.png?fit=96%2C96&ssl=1","url":"https:\/\/i0.wp.com\/informatepy.com\/2021\/wp-content\/uploads\/2021\/02\/informate-circulo.png?fit=96%2C96&ssl=1","contentUrl":"https:\/\/i0.wp.com\/informatepy.com\/2021\/wp-content\/uploads\/2021\/02\/informate-circulo.png?fit=96%2C96&ssl=1","caption":"Redacci\u00f3n"},"sameAs":["https:\/\/www.facebook.com\/InformatePyCom","https:\/\/x.com\/https:\/\/twitter.com\/InformatePy1"],"url":"https:\/\/informatepy.com\/2021\/author\/redaccion\/"}]}},"jetpack_featured_media_url":"https:\/\/i0.wp.com\/informatepy.com\/2021\/wp-content\/uploads\/2022\/07\/hugo-richer.jpg?fit=750%2C430&ssl=1","jetpack_sharing_enabled":true,"jetpack_likes_enabled":true,"jetpack-related-posts":[{"id":13520,"url":"https:\/\/informatepy.com\/2021\/2022\/08\/22\/efrain-busca-frenar-la-fuga-de-partidos-del-frente-guasu\/","url_meta":{"origin":13718,"position":0},"title":"Efra\u00edn logra frenar la fuga de las fuerzas del Frente Guasu","date":"22 de agosto de 2022","format":false,"excerpt":"Con una nota enviada al Frente Guas\u00fa, el precandidato presidencial por la Concertaci\u00f3n, Efra\u00edn Alegre, logr\u00f3 frenar la fuga de las fuerzas pol\u00edticas que integran ese frente y evitar que las mismas alcancen un acuerdo pol\u00edtico con Euclides Acevedo. Atendiendo a la principal cr\u00edtica de quienes ya hab\u00edan abandonado la\u2026","rel":"","context":"En \u00abNacionales\u00bb","img":{"alt_text":"","src":"https:\/\/i0.wp.com\/informatepy.com\/2021\/wp-content\/uploads\/2022\/08\/efrain-alegre.jpg?fit=1200%2C600&ssl=1&resize=350%2C200","width":350,"height":200},"classes":[]},{"id":13518,"url":"https:\/\/informatepy.com\/2021\/2022\/08\/22\/sixto-pereira-lamenta-que-la-concertacion-se-haya-hecho-a-imagen-y-semejanza-de-efrain-alegre\/","url_meta":{"origin":13718,"position":1},"title":"Sixto Pereira lamenta que la concertaci\u00f3n se haya hecho \u201ca imagen y semejanza de Efra\u00edn Alegre\u201d","date":"22 de agosto de 2022","format":false,"excerpt":"El senador Sixto Pereira se\u00f1al\u00f3 que la Concertaci\u00f3n Nacional se hizo \u201ca imagen y semejanza\" del presidente del Partido Liberal Radical Aut\u00e9ntico (PLRA), Efra\u00edn Alegre, y ante esta situaci\u00f3n varios partidos del Frente Guasu se retiraron del bloque. \u201cEsta concertaci\u00f3n se hizo a imagen y semejanza solamente de Efra\u00edn Alegre.\u2026","rel":"","context":"En \u00abNacionales\u00bb","img":{"alt_text":"","src":"https:\/\/i0.wp.com\/informatepy.com\/2021\/wp-content\/uploads\/2022\/08\/pereira-sixto.jpg?fit=1200%2C766&ssl=1&resize=350%2C200","width":350,"height":200},"classes":[]},{"id":13996,"url":"https:\/\/informatepy.com\/2021\/2022\/09\/20\/villarejo-contra-efrain-alegre-forma-parte-de-la-vieja-politica-que-tiene-que-acabarse-en-paraguay\/","url_meta":{"origin":13718,"position":2},"title":"Villarejo contra Efra\u00edn Alegre: \u00abForma parte de la vieja pol\u00edtica que tiene que acabarse en Paraguay\u00bb","date":"20 de septiembre de 2022","format":false,"excerpt":"Sebasti\u00e1n Villarejo, precandidato a la Presidencia de la Rep\u00fablica por Patria Querida, cuestion\u00f3 este martes al presidente del Partido Liberal, Efra\u00edn Alegre, y destac\u00f3 que representa a la vieja pol\u00edtica que debe ser acabada. \u201cEfra\u00edn forma parte de la vieja pol\u00edtica que tiene que acabarse en Paraguay. Ojal\u00e1 que atienda\u2026","rel":"","context":"En \u00abNacionales\u00bb","img":{"alt_text":"","src":"https:\/\/i0.wp.com\/informatepy.com\/2021\/wp-content\/uploads\/2022\/08\/sebastian-villarejo-1.jpg?fit=900%2C684&ssl=1&resize=350%2C200","width":350,"height":200},"classes":[]},{"id":13373,"url":"https:\/\/informatepy.com\/2021\/2022\/08\/16\/efrain-destaca-la-valantia-de-esperanza-martinez\/","url_meta":{"origin":13718,"position":3},"title":"Efra\u00edn destaca la valent\u00eda de Esperanza Mart\u00ednez","date":"16 de agosto de 2022","format":false,"excerpt":"Efra+in Alegre, precandidato a la presidencia de la Rep\u00fablica por la Concertaci\u00f3n, valor\u00f3 el gesto de la senadora del Frente Guasu, Esperanza Mart\u00ednez, luego de que esta declinara su candidatura a la presidencia. En contacto con radio Monumental, Alegre dijo que \u201cLe tengo una admiraci\u00f3n y un respeto a Esperanza.\u2026","rel":"","context":"En \u00abNacionales\u00bb","img":{"alt_text":"","src":"https:\/\/i0.wp.com\/informatepy.com\/2021\/wp-content\/uploads\/2022\/08\/efrain-alegre.jpg?fit=1200%2C600&ssl=1&resize=350%2C200","width":350,"height":200},"classes":[]},{"id":13368,"url":"https:\/\/informatepy.com\/2021\/2022\/08\/15\/jorge-querey-me-siento-muy-incomodo-en-la-concertacion\/","url_meta":{"origin":13718,"position":4},"title":"Jorge Querey: \u00abMe siento muy inc\u00f3modo en la Concertaci\u00f3n\u00bb","date":"15 de agosto de 2022","format":false,"excerpt":"En una entrevista con radio Monumental, el senador del Frente Guasu, Jorge Querey, afirm\u00f3 que no est\u00e1 c\u00f3modo en el seno de la Concertaci\u00f3n Nacional con la posible chapa presidencial compuesta por Efra\u00edn Alegre y Soledad N\u00fa\u00f1ez. \"Hay una situaci\u00f3n de incomodidad en varios grupos con respecto al manejo y\u2026","rel":"","context":"En \u00abNacionales\u00bb","img":{"alt_text":"","src":"https:\/\/i0.wp.com\/informatepy.com\/2021\/wp-content\/uploads\/2021\/07\/jorge-querey.jpg?fit=760%2C420&ssl=1&resize=350%2C200","width":350,"height":200},"classes":[]},{"id":13884,"url":"https:\/\/informatepy.com\/2021\/2022\/09\/13\/payo-afirma-que-fleitas-jaquea-a-efrain-en-las-internas-de-la-cocnertacion\/","url_meta":{"origin":13718,"position":5},"title":"Payo afirma que Fleitas jaquea a Efra\u00edn en las internas de la Concertaci\u00f3n","date":"13 de septiembre de 2022","format":false,"excerpt":"El precandidato presidencial Paraguayo Cubas dispar\u00f3 contra la figura de la concertaci\u00f3n opositora. \u201cNo hay padr\u00f3n abierto, le hemos mentido a la poblaci\u00f3n\u201d, expres\u00f3 Cubas a la radio \u00d1anduti AM. Afirm\u00f3 que las internas de la Concertaci\u00f3n, ser\u00e1n una interna liberal, aunque puntualiz\u00f3 que difiere con la lectura que sostiene\u2026","rel":"","context":"En \u00abNacionales\u00bb","img":{"alt_text":"","src":"https:\/\/i0.wp.com\/informatepy.com\/2021\/wp-content\/uploads\/2022\/07\/payo-y-efrain.jpg?fit=545%2C330&ssl=1&resize=350%2C200","width":350,"height":200},"classes":[]}],"authors":[{"term_id":1051,"user_id":4,"is_guest":0,"slug":"redaccion","display_name":"Redacci\u00f3n","avatar_url":"https:\/\/i0.wp.com\/informatepy.com\/2021\/wp-content\/uploads\/2021\/02\/informate-circulo.png?fit=96%2C96&ssl=1","first_name":"Redacci\u00f3n","last_name":"","user_url":"","description":""}],"amp_enabled":true,"_links":{"self":[{"href":"https:\/\/informatepy.com\/2021\/wp-json\/wp\/v2\/posts\/13718","targetHints":{"allow":["GET"]}}],"collection":[{"href":"https:\/\/informatepy.com\/2021\/wp-json\/wp\/v2\/posts"}],"about":[{"href":"https:\/\/informatepy.com\/2021\/wp-json\/wp\/v2\/types\/post"}],"author":[{"embeddable":true,"href":"https:\/\/informatepy.com\/2021\/wp-json\/wp\/v2\/users\/4"}],"replies":[{"embeddable":true,"href":"https:\/\/informatepy.com\/2021\/wp-json\/wp\/v2\/comments?post=13718"}],"version-history":[{"count":1,"href":"https:\/\/informatepy.com\/2021\/wp-json\/wp\/v2\/posts\/13718\/revisions"}],"predecessor-version":[{"id":13719,"href":"https:\/\/informatepy.com\/2021\/wp-json\/wp\/v2\/posts\/13718\/revisions\/13719"}],"wp:featuredmedia":[{"embeddable":true,"href":"https:\/\/informatepy.com\/2021\/wp-json\/wp\/v2\/media\/12661"}],"wp:attachment":[{"href":"https:\/\/informatepy.com\/2021\/wp-json\/wp\/v2\/media?parent=13718"}],"wp:term":[{"taxonomy":"category","embeddable":true,"href":"https:\/\/informatepy.com\/2021\/wp-json\/wp\/v2\/categories?post=13718"},{"taxonomy":"post_tag","embeddable":true,"href":"https:\/\/informatepy.com\/2021\/wp-json\/wp\/v2\/tags?post=13718"},{"taxonomy":"author","embeddable":true,"href":"https:\/\/informatepy.com\/2021\/wp-json\/wp\/v2\/ppma_author?post=13718"}],"curies":[{"name":"wp","href":"https:\/\/api.w.org\/{rel}","templated":true}]}}