{"id":13716,"date":"2022-09-04T09:15:00","date_gmt":"2022-09-04T12:15:00","guid":{"rendered":"https:\/\/informatepy.com\/2021\/?p=13716"},"modified":"2022-09-03T11:54:42","modified_gmt":"2022-09-03T14:54:42","slug":"el-presidente-de-bolivia-y-sus-cantos-de-sirena","status":"publish","type":"post","link":"https:\/\/informatepy.com\/2021\/2022\/09\/04\/el-presidente-de-bolivia-y-sus-cantos-de-sirena\/","title":{"rendered":"El presidente de Bolivia y sus cantos de sirena"},"content":{"rendered":"\n<p class=\"has-text-align-justify\">Muchos analistas ven con buenos ojos que en Bolivia los combustibles no suban de precio. Sin embargo, olvidan un detalle b\u00e1sico de la econom\u00eda<em>: no existe nada gratis. <\/em>Por ende, si en Bolivia el costo del litro de gasolina es de 0.54 d\u00f3lares, pero el precio internacional oscila alrededor de los 2 d\u00f3lares, esa diferencia es cubierta por el Estado.<\/p>\n\n\n\n<p class=\"has-text-align-justify\">El subsidio a los hidrocarburos nos cuesta alrededor de 1.000 millones de d\u00f3lares al a\u00f1o. Ese monto enorme es una de las principales causas de nuestro d\u00e9ficit fiscal. Penosamente, no se ve ninguna medida que vaya en la direcci\u00f3n correcta. El gobierno se comporta como ese muchacho que, en lugar de hacer una limpieza profunda de su habitaci\u00f3n, oculta la mugre y el desorden debajo de la cama. Hay que ser demasiado sinverg\u00fcenza para presumir ese desastre como un ejemplo de gesti\u00f3n econ\u00f3mica.<\/p>\n\n\n\n<p class=\"has-text-align-justify\">Por otro lado, los precios artificialmente bajos generan un serio problema de desinformaci\u00f3n y malas decisiones econ\u00f3micas. Me explico.<\/p>\n\n\n<div class=\"wp-block-image\">\n<figure class=\"aligncenter size-full is-resized\"><a href=\"https:\/\/www.facebook.com\/V.I.R.FOTOGRAFIA\/\" target=\"_blank\" rel=\"noreferrer noopener\"><img loading=\"lazy\" decoding=\"async\" src=\"https:\/\/i0.wp.com\/informatepy.com\/2021\/wp-content\/uploads\/2022\/04\/vir-banner.png?resize=473%2C116&#038;ssl=1\" alt=\"\" class=\"wp-image-11116\" width=\"473\" height=\"116\" srcset=\"https:\/\/i0.wp.com\/informatepy.com\/2021\/wp-content\/uploads\/2022\/04\/vir-banner.png?w=984&amp;ssl=1 984w, https:\/\/i0.wp.com\/informatepy.com\/2021\/wp-content\/uploads\/2022\/04\/vir-banner.png?resize=300%2C74&amp;ssl=1 300w, https:\/\/i0.wp.com\/informatepy.com\/2021\/wp-content\/uploads\/2022\/04\/vir-banner.png?resize=768%2C190&amp;ssl=1 768w\" sizes=\"auto, (max-width: 473px) 100vw, 473px\" data-recalc-dims=\"1\" \/><\/a><\/figure>\n<\/div>\n\n\n<p class=\"has-text-align-justify\">Los precios nos muestran abundancia o escases relativas. Por ejemplo, si algo es muy necesario \u2015pero es dif\u00edcil de producir\u2015 su precio subir\u00e1. Esto a su vez nos muestra que cosas podemos comprar y cu\u00e1les no. En resumen, los precios nos informan hasta donde podemos estirar los pies sin que se acabe la cobija. Ah\u00ed la madre del cordero. Pues si yo subsidio la gasolina y otros carburantes, le estoy diciendo al p\u00fablico que el costo del combustible no es determinante a la hora de elegir un coche. Que no se preocupe en comprar un veh\u00edculo con motor de alto consumo porque el combustible no cuesta caro. &nbsp;<\/p>\n\n\n\n<p class=\"has-text-align-justify\">No obstante, pensar que las cosas son \u00abbaratas\u00bb nos conduce a un despilfarro econ\u00f3mico y a vivir en una burbuja. Si nos ponemos a hilar fino, podemos afirmar que tener un IPC bajo es m\u00e1s un problema que una virtud. Ya que, al impedir una asignaci\u00f3n eficiente de los recursos, nos hace antiecon\u00f3micos.<\/p>\n\n\n\n<p class=\"has-text-align-justify\">Adem\u00e1s, sin desmedro de lo arriba citado, en Bolivia hay mucha inflaci\u00f3n. Pero no se encuentra en los precios de los alimentos u otros productos de ese tipo, sino en los bienes de consumo duradero como casas, departamentos o terrenos, falsamente considerados el motor de la recuperaci\u00f3n.<\/p>\n\n\n\n<p class=\"has-text-align-justify\">Al respecto, <strong>Mauricio R\u00edos Garc\u00eda<\/strong>, economista y asesor de inversiones, en un art\u00edculo titulado: <em>Bajo IPC y alta inflaci\u00f3n en Bolivia, <\/em>afirma lo siguiente:<\/p>\n\n\n\n<p class=\"has-text-align-justify\" style=\"font-size:14px\"><em>Claro que en Bolivia hay inflaci\u00f3n, y mucha. Est\u00e1 fuera del IPC, en activos reales de consumo duradero, y no es reciente, pero si acaso hoy el IPC no est\u00e1 manipulado (no lo s\u00e9) es bajo porque no se estimul\u00f3 frente a las cuarentenas como se pretend\u00eda en un principio. Sucede que el MAS boicote\u00f3 las iniciativas de est\u00edmulo de \u00c1\u00f1ez, que iban desde los $2.000 millones hasta los $8.000 millones (un aut\u00e9ntico e irresponsable delirio). Por suerte no sucedi\u00f3, justamente porque hoy la presi\u00f3n sobre el tipo de cambio ser\u00eda a\u00fan mayor o ya hubieran devaluado salvajemente. Fue un nuevo acierto no intencionado del MAS.<\/em><\/p>\n\n\n\n<p class=\"has-text-align-justify\">Aunque <strong>Arce Catacora <\/strong>y <strong>Marcelo Montenegro <\/strong>no pierdan la oportunidad de cantar sus cantos de sirena sobre el \u00e9xito de su modelo y el bajo IPC de Bolivia, eso no deja de ser una fantas\u00eda sostenida sobre una de las peores decisiones econ\u00f3micas: <em>el incremento de la deuda.<\/em><\/p>\n\n\n<div class=\"wp-block-image\">\n<figure class=\"aligncenter size-large is-resized\"><img loading=\"lazy\" decoding=\"async\" src=\"https:\/\/i0.wp.com\/informatepy.com\/2021\/wp-content\/uploads\/2022\/04\/balderrama-zermat.png?resize=465%2C134&#038;ssl=1\" alt=\"\" class=\"wp-image-11312\" width=\"465\" height=\"134\" srcset=\"https:\/\/i0.wp.com\/informatepy.com\/2021\/wp-content\/uploads\/2022\/04\/balderrama-zermat.png?resize=1024%2C295&amp;ssl=1 1024w, https:\/\/i0.wp.com\/informatepy.com\/2021\/wp-content\/uploads\/2022\/04\/balderrama-zermat.png?resize=300%2C86&amp;ssl=1 300w, https:\/\/i0.wp.com\/informatepy.com\/2021\/wp-content\/uploads\/2022\/04\/balderrama-zermat.png?resize=768%2C221&amp;ssl=1 768w, https:\/\/i0.wp.com\/informatepy.com\/2021\/wp-content\/uploads\/2022\/04\/balderrama-zermat.png?w=1281&amp;ssl=1 1281w\" sizes=\"auto, (max-width: 465px) 100vw, 465px\" data-recalc-dims=\"1\" \/><\/figure>\n<\/div>\n\n\n<p class=\"has-text-align-justify\">Y es que por mucho que el r\u00e9gimen boliviano gaste millones en publicidad para intentar convencernos de lo contrario, el pa\u00eds atraviesa una profunda crisis econ\u00f3mica. Tambi\u00e9n es evidente que la estabilidad macroecon\u00f3mica boliviana se sostiene sobre alfileres.<em><\/em><\/p>\n\n\n\n<p class=\"has-text-align-justify\">Empero hay algo todav\u00eda m\u00e1s preocupante. En el pa\u00eds no existe institucionalidad democr\u00e1tica, ni hablar del respeto a la propiedad privada. El sector empresarial es constantemente amenazado y hostigado. <em>Ergo<\/em>, la inversi\u00f3n extranjera no va a venir, y los capitales nacionales hace rato que empezaron a migrar (es lo mejor que pudieron hacer). <\/p>\n\n\n\n<p>\u00a1Pobre Bolivia! Literalmente.<\/p>\n","protected":false},"excerpt":{"rendered":"<p>Muchos analistas ven con buenos ojos que en Bolivia los combustibles no suban de precio. Sin embargo, olvidan un detalle b\u00e1sico de la econom\u00eda: no existe nada gratis. Por ende, si en Bolivia el costo del litro de gasolina es de 0.54 d\u00f3lares, pero el precio internacional oscila alrededor de los 2 d\u00f3lares, esa diferencia [&hellip;]<\/p>\n","protected":false},"author":36,"featured_media":8572,"comment_status":"open","ping_status":"open","sticky":false,"template":"","format":"standard","meta":{"_monsterinsights_skip_tracking":false,"_monsterinsights_sitenote_active":false,"_monsterinsights_sitenote_note":"","_monsterinsights_sitenote_category":0,"footnotes":"","jetpack_publicize_message":"","jetpack_is_tweetstorm":false,"jetpack_publicize_feature_enabled":false},"categories":[248],"tags":[728,1036],"ppma_author":[1566],"class_list":["post-13716","post","type-post","status-publish","format-standard","has-post-thumbnail","hentry","category-analisis","tag-bolivia","tag-destacada"],"jetpack_publicize_connections":[],"yoast_head":"<!-- This site is optimized with the Yoast SEO plugin v27.4 - https:\/\/yoast.com\/product\/yoast-seo-wordpress\/ -->\n<title>El presidente de Bolivia y sus cantos de sirena - Informatepy<\/title>\n<meta name=\"robots\" content=\"index, follow, max-snippet:-1, max-image-preview:large, max-video-preview:-1\" \/>\n<link rel=\"canonical\" href=\"https:\/\/informatepy.com\/2021\/2022\/09\/04\/el-presidente-de-bolivia-y-sus-cantos-de-sirena\/\" \/>\n<meta property=\"og:locale\" content=\"es_ES\" \/>\n<meta property=\"og:type\" content=\"article\" \/>\n<meta property=\"og:title\" content=\"El presidente de Bolivia y sus cantos de sirena - Informatepy\" \/>\n<meta property=\"og:description\" content=\"Muchos analistas ven con buenos ojos que en Bolivia los combustibles no suban de precio. Sin embargo, olvidan un detalle b\u00e1sico de la econom\u00eda: no existe nada gratis. Por ende, si en Bolivia el costo del litro de gasolina es de 0.54 d\u00f3lares, pero el precio internacional oscila alrededor de los 2 d\u00f3lares, esa diferencia [&hellip;]\" \/>\n<meta property=\"og:url\" content=\"https:\/\/informatepy.com\/2021\/2022\/09\/04\/el-presidente-de-bolivia-y-sus-cantos-de-sirena\/\" \/>\n<meta property=\"og:site_name\" content=\"Informatepy\" \/>\n<meta property=\"article:published_time\" content=\"2022-09-04T12:15:00+00:00\" \/>\n<meta property=\"og:image\" content=\"https:\/\/i0.wp.com\/informatepy.com\/2021\/wp-content\/uploads\/2021\/11\/HUGO-BALDERRAMA-COLUMNISTA.jpg?fit=1280%2C700&ssl=1\" \/>\n\t<meta property=\"og:image:width\" content=\"1280\" \/>\n\t<meta property=\"og:image:height\" content=\"700\" \/>\n\t<meta property=\"og:image:type\" content=\"image\/jpeg\" \/>\n<meta name=\"author\" content=\"Hugo Marcelo Balderrama\" \/>\n<meta name=\"twitter:card\" content=\"summary_large_image\" \/>\n<meta name=\"twitter:creator\" content=\"@https:\/\/twitter.com\/hugobalderrama\" \/>\n<meta name=\"twitter:label1\" content=\"Escrito por\" \/>\n\t<meta name=\"twitter:data1\" content=\"Hugo Marcelo Balderrama\" \/>\n\t<meta name=\"twitter:label2\" content=\"Tiempo de lectura\" \/>\n\t<meta name=\"twitter:data2\" content=\"4 minutos\" \/>\n<script type=\"application\/ld+json\" class=\"yoast-schema-graph\">{\"@context\":\"https:\\\/\\\/schema.org\",\"@graph\":[{\"@type\":\"Article\",\"@id\":\"https:\\\/\\\/informatepy.com\\\/2021\\\/2022\\\/09\\\/04\\\/el-presidente-de-bolivia-y-sus-cantos-de-sirena\\\/#article\",\"isPartOf\":{\"@id\":\"https:\\\/\\\/informatepy.com\\\/2021\\\/2022\\\/09\\\/04\\\/el-presidente-de-bolivia-y-sus-cantos-de-sirena\\\/\"},\"author\":{\"name\":\"Hugo Marcelo Balderrama\",\"@id\":\"https:\\\/\\\/informatepy.com\\\/2021\\\/#\\\/schema\\\/person\\\/fba0848a092e74eff0a1f714866d6d3c\"},\"headline\":\"El presidente de Bolivia y sus cantos de sirena\",\"datePublished\":\"2022-09-04T12:15:00+00:00\",\"mainEntityOfPage\":{\"@id\":\"https:\\\/\\\/informatepy.com\\\/2021\\\/2022\\\/09\\\/04\\\/el-presidente-de-bolivia-y-sus-cantos-de-sirena\\\/\"},\"wordCount\":694,\"commentCount\":0,\"publisher\":{\"@id\":\"https:\\\/\\\/informatepy.com\\\/2021\\\/#\\\/schema\\\/person\\\/edd302c981d6ba4596191719d1025a8a\"},\"image\":{\"@id\":\"https:\\\/\\\/informatepy.com\\\/2021\\\/2022\\\/09\\\/04\\\/el-presidente-de-bolivia-y-sus-cantos-de-sirena\\\/#primaryimage\"},\"thumbnailUrl\":\"https:\\\/\\\/i0.wp.com\\\/informatepy.com\\\/2021\\\/wp-content\\\/uploads\\\/2021\\\/11\\\/HUGO-BALDERRAMA-COLUMNISTA.jpg?fit=1280%2C700&ssl=1\",\"keywords\":[\"Bolivia\",\"destacada\"],\"articleSection\":[\"Analisis\"],\"inLanguage\":\"es\",\"potentialAction\":[{\"@type\":\"CommentAction\",\"name\":\"Comment\",\"target\":[\"https:\\\/\\\/informatepy.com\\\/2021\\\/2022\\\/09\\\/04\\\/el-presidente-de-bolivia-y-sus-cantos-de-sirena\\\/#respond\"]}]},{\"@type\":\"WebPage\",\"@id\":\"https:\\\/\\\/informatepy.com\\\/2021\\\/2022\\\/09\\\/04\\\/el-presidente-de-bolivia-y-sus-cantos-de-sirena\\\/\",\"url\":\"https:\\\/\\\/informatepy.com\\\/2021\\\/2022\\\/09\\\/04\\\/el-presidente-de-bolivia-y-sus-cantos-de-sirena\\\/\",\"name\":\"El presidente de Bolivia y sus cantos de sirena - Informatepy\",\"isPartOf\":{\"@id\":\"https:\\\/\\\/informatepy.com\\\/2021\\\/#website\"},\"primaryImageOfPage\":{\"@id\":\"https:\\\/\\\/informatepy.com\\\/2021\\\/2022\\\/09\\\/04\\\/el-presidente-de-bolivia-y-sus-cantos-de-sirena\\\/#primaryimage\"},\"image\":{\"@id\":\"https:\\\/\\\/informatepy.com\\\/2021\\\/2022\\\/09\\\/04\\\/el-presidente-de-bolivia-y-sus-cantos-de-sirena\\\/#primaryimage\"},\"thumbnailUrl\":\"https:\\\/\\\/i0.wp.com\\\/informatepy.com\\\/2021\\\/wp-content\\\/uploads\\\/2021\\\/11\\\/HUGO-BALDERRAMA-COLUMNISTA.jpg?fit=1280%2C700&ssl=1\",\"datePublished\":\"2022-09-04T12:15:00+00:00\",\"breadcrumb\":{\"@id\":\"https:\\\/\\\/informatepy.com\\\/2021\\\/2022\\\/09\\\/04\\\/el-presidente-de-bolivia-y-sus-cantos-de-sirena\\\/#breadcrumb\"},\"inLanguage\":\"es\",\"potentialAction\":[{\"@type\":\"ReadAction\",\"target\":[\"https:\\\/\\\/informatepy.com\\\/2021\\\/2022\\\/09\\\/04\\\/el-presidente-de-bolivia-y-sus-cantos-de-sirena\\\/\"]}]},{\"@type\":\"ImageObject\",\"inLanguage\":\"es\",\"@id\":\"https:\\\/\\\/informatepy.com\\\/2021\\\/2022\\\/09\\\/04\\\/el-presidente-de-bolivia-y-sus-cantos-de-sirena\\\/#primaryimage\",\"url\":\"https:\\\/\\\/i0.wp.com\\\/informatepy.com\\\/2021\\\/wp-content\\\/uploads\\\/2021\\\/11\\\/HUGO-BALDERRAMA-COLUMNISTA.jpg?fit=1280%2C700&ssl=1\",\"contentUrl\":\"https:\\\/\\\/i0.wp.com\\\/informatepy.com\\\/2021\\\/wp-content\\\/uploads\\\/2021\\\/11\\\/HUGO-BALDERRAMA-COLUMNISTA.jpg?fit=1280%2C700&ssl=1\",\"width\":1280,\"height\":700},{\"@type\":\"BreadcrumbList\",\"@id\":\"https:\\\/\\\/informatepy.com\\\/2021\\\/2022\\\/09\\\/04\\\/el-presidente-de-bolivia-y-sus-cantos-de-sirena\\\/#breadcrumb\",\"itemListElement\":[{\"@type\":\"ListItem\",\"position\":1,\"name\":\"Portada\",\"item\":\"https:\\\/\\\/informatepy.com\\\/2021\\\/\"},{\"@type\":\"ListItem\",\"position\":2,\"name\":\"El presidente de Bolivia y sus cantos de sirena\"}]},{\"@type\":\"WebSite\",\"@id\":\"https:\\\/\\\/informatepy.com\\\/2021\\\/#website\",\"url\":\"https:\\\/\\\/informatepy.com\\\/2021\\\/\",\"name\":\"Informatepy\",\"description\":\"La verdad, siempre!\",\"publisher\":{\"@id\":\"https:\\\/\\\/informatepy.com\\\/2021\\\/#\\\/schema\\\/person\\\/edd302c981d6ba4596191719d1025a8a\"},\"potentialAction\":[{\"@type\":\"SearchAction\",\"target\":{\"@type\":\"EntryPoint\",\"urlTemplate\":\"https:\\\/\\\/informatepy.com\\\/2021\\\/?s={search_term_string}\"},\"query-input\":{\"@type\":\"PropertyValueSpecification\",\"valueRequired\":true,\"valueName\":\"search_term_string\"}}],\"inLanguage\":\"es\"},{\"@type\":[\"Person\",\"Organization\"],\"@id\":\"https:\\\/\\\/informatepy.com\\\/2021\\\/#\\\/schema\\\/person\\\/edd302c981d6ba4596191719d1025a8a\",\"name\":\"admin\",\"image\":{\"@type\":\"ImageObject\",\"inLanguage\":\"es\",\"@id\":\"https:\\\/\\\/secure.gravatar.com\\\/avatar\\\/5310f602b6cbcfb86e030c4ccdbb78f6565a3b9bab6a74ab80fd3cb5428b65af?s=96&d=mm&r=g\",\"url\":\"https:\\\/\\\/secure.gravatar.com\\\/avatar\\\/5310f602b6cbcfb86e030c4ccdbb78f6565a3b9bab6a74ab80fd3cb5428b65af?s=96&d=mm&r=g\",\"contentUrl\":\"https:\\\/\\\/secure.gravatar.com\\\/avatar\\\/5310f602b6cbcfb86e030c4ccdbb78f6565a3b9bab6a74ab80fd3cb5428b65af?s=96&d=mm&r=g\",\"caption\":\"admin\"},\"logo\":{\"@id\":\"https:\\\/\\\/secure.gravatar.com\\\/avatar\\\/5310f602b6cbcfb86e030c4ccdbb78f6565a3b9bab6a74ab80fd3cb5428b65af?s=96&d=mm&r=g\"},\"sameAs\":[\"http:\\\/\\\/informatepy.com\\\/2021\"]},{\"@type\":\"Person\",\"@id\":\"https:\\\/\\\/informatepy.com\\\/2021\\\/#\\\/schema\\\/person\\\/fba0848a092e74eff0a1f714866d6d3c\",\"name\":\"Hugo Marcelo Balderrama\",\"image\":{\"@type\":\"ImageObject\",\"inLanguage\":\"es\",\"@id\":\"https:\\\/\\\/i0.wp.com\\\/informatepy.com\\\/2021\\\/wp-content\\\/uploads\\\/2021\\\/11\\\/Hugo-balderrama.jpg?fit=85%2C96&ssl=1\",\"url\":\"https:\\\/\\\/i0.wp.com\\\/informatepy.com\\\/2021\\\/wp-content\\\/uploads\\\/2021\\\/11\\\/Hugo-balderrama.jpg?fit=85%2C96&ssl=1\",\"contentUrl\":\"https:\\\/\\\/i0.wp.com\\\/informatepy.com\\\/2021\\\/wp-content\\\/uploads\\\/2021\\\/11\\\/Hugo-balderrama.jpg?fit=85%2C96&ssl=1\",\"caption\":\"Hugo Marcelo Balderrama\"},\"description\":\"Economista, Docente, Periodista y Consultor Pol\u00edtico. Comprometido con la defensa de la vida, la propiedad y la libertad.\",\"sameAs\":[\"https:\\\/\\\/x.com\\\/https:\\\/\\\/twitter.com\\\/hugobalderrama\"],\"url\":\"https:\\\/\\\/informatepy.com\\\/2021\\\/author\\\/hbalderrama\\\/\"}]}<\/script>\n<!-- \/ Yoast SEO plugin. -->","yoast_head_json":{"title":"El presidente de Bolivia y sus cantos de sirena - Informatepy","robots":{"index":"index","follow":"follow","max-snippet":"max-snippet:-1","max-image-preview":"max-image-preview:large","max-video-preview":"max-video-preview:-1"},"canonical":"https:\/\/informatepy.com\/2021\/2022\/09\/04\/el-presidente-de-bolivia-y-sus-cantos-de-sirena\/","og_locale":"es_ES","og_type":"article","og_title":"El presidente de Bolivia y sus cantos de sirena - Informatepy","og_description":"Muchos analistas ven con buenos ojos que en Bolivia los combustibles no suban de precio. Sin embargo, olvidan un detalle b\u00e1sico de la econom\u00eda: no existe nada gratis. Por ende, si en Bolivia el costo del litro de gasolina es de 0.54 d\u00f3lares, pero el precio internacional oscila alrededor de los 2 d\u00f3lares, esa diferencia [&hellip;]","og_url":"https:\/\/informatepy.com\/2021\/2022\/09\/04\/el-presidente-de-bolivia-y-sus-cantos-de-sirena\/","og_site_name":"Informatepy","article_published_time":"2022-09-04T12:15:00+00:00","og_image":[{"width":1280,"height":700,"url":"https:\/\/i0.wp.com\/informatepy.com\/2021\/wp-content\/uploads\/2021\/11\/HUGO-BALDERRAMA-COLUMNISTA.jpg?fit=1280%2C700&ssl=1","type":"image\/jpeg"}],"author":"Hugo Marcelo Balderrama","twitter_card":"summary_large_image","twitter_creator":"@https:\/\/twitter.com\/hugobalderrama","twitter_misc":{"Escrito por":"Hugo Marcelo Balderrama","Tiempo de lectura":"4 minutos"},"schema":{"@context":"https:\/\/schema.org","@graph":[{"@type":"Article","@id":"https:\/\/informatepy.com\/2021\/2022\/09\/04\/el-presidente-de-bolivia-y-sus-cantos-de-sirena\/#article","isPartOf":{"@id":"https:\/\/informatepy.com\/2021\/2022\/09\/04\/el-presidente-de-bolivia-y-sus-cantos-de-sirena\/"},"author":{"name":"Hugo Marcelo Balderrama","@id":"https:\/\/informatepy.com\/2021\/#\/schema\/person\/fba0848a092e74eff0a1f714866d6d3c"},"headline":"El presidente de Bolivia y sus cantos de sirena","datePublished":"2022-09-04T12:15:00+00:00","mainEntityOfPage":{"@id":"https:\/\/informatepy.com\/2021\/2022\/09\/04\/el-presidente-de-bolivia-y-sus-cantos-de-sirena\/"},"wordCount":694,"commentCount":0,"publisher":{"@id":"https:\/\/informatepy.com\/2021\/#\/schema\/person\/edd302c981d6ba4596191719d1025a8a"},"image":{"@id":"https:\/\/informatepy.com\/2021\/2022\/09\/04\/el-presidente-de-bolivia-y-sus-cantos-de-sirena\/#primaryimage"},"thumbnailUrl":"https:\/\/i0.wp.com\/informatepy.com\/2021\/wp-content\/uploads\/2021\/11\/HUGO-BALDERRAMA-COLUMNISTA.jpg?fit=1280%2C700&ssl=1","keywords":["Bolivia","destacada"],"articleSection":["Analisis"],"inLanguage":"es","potentialAction":[{"@type":"CommentAction","name":"Comment","target":["https:\/\/informatepy.com\/2021\/2022\/09\/04\/el-presidente-de-bolivia-y-sus-cantos-de-sirena\/#respond"]}]},{"@type":"WebPage","@id":"https:\/\/informatepy.com\/2021\/2022\/09\/04\/el-presidente-de-bolivia-y-sus-cantos-de-sirena\/","url":"https:\/\/informatepy.com\/2021\/2022\/09\/04\/el-presidente-de-bolivia-y-sus-cantos-de-sirena\/","name":"El presidente de Bolivia y sus cantos de sirena - Informatepy","isPartOf":{"@id":"https:\/\/informatepy.com\/2021\/#website"},"primaryImageOfPage":{"@id":"https:\/\/informatepy.com\/2021\/2022\/09\/04\/el-presidente-de-bolivia-y-sus-cantos-de-sirena\/#primaryimage"},"image":{"@id":"https:\/\/informatepy.com\/2021\/2022\/09\/04\/el-presidente-de-bolivia-y-sus-cantos-de-sirena\/#primaryimage"},"thumbnailUrl":"https:\/\/i0.wp.com\/informatepy.com\/2021\/wp-content\/uploads\/2021\/11\/HUGO-BALDERRAMA-COLUMNISTA.jpg?fit=1280%2C700&ssl=1","datePublished":"2022-09-04T12:15:00+00:00","breadcrumb":{"@id":"https:\/\/informatepy.com\/2021\/2022\/09\/04\/el-presidente-de-bolivia-y-sus-cantos-de-sirena\/#breadcrumb"},"inLanguage":"es","potentialAction":[{"@type":"ReadAction","target":["https:\/\/informatepy.com\/2021\/2022\/09\/04\/el-presidente-de-bolivia-y-sus-cantos-de-sirena\/"]}]},{"@type":"ImageObject","inLanguage":"es","@id":"https:\/\/informatepy.com\/2021\/2022\/09\/04\/el-presidente-de-bolivia-y-sus-cantos-de-sirena\/#primaryimage","url":"https:\/\/i0.wp.com\/informatepy.com\/2021\/wp-content\/uploads\/2021\/11\/HUGO-BALDERRAMA-COLUMNISTA.jpg?fit=1280%2C700&ssl=1","contentUrl":"https:\/\/i0.wp.com\/informatepy.com\/2021\/wp-content\/uploads\/2021\/11\/HUGO-BALDERRAMA-COLUMNISTA.jpg?fit=1280%2C700&ssl=1","width":1280,"height":700},{"@type":"BreadcrumbList","@id":"https:\/\/informatepy.com\/2021\/2022\/09\/04\/el-presidente-de-bolivia-y-sus-cantos-de-sirena\/#breadcrumb","itemListElement":[{"@type":"ListItem","position":1,"name":"Portada","item":"https:\/\/informatepy.com\/2021\/"},{"@type":"ListItem","position":2,"name":"El presidente de Bolivia y sus cantos de sirena"}]},{"@type":"WebSite","@id":"https:\/\/informatepy.com\/2021\/#website","url":"https:\/\/informatepy.com\/2021\/","name":"Informatepy","description":"La verdad, siempre!","publisher":{"@id":"https:\/\/informatepy.com\/2021\/#\/schema\/person\/edd302c981d6ba4596191719d1025a8a"},"potentialAction":[{"@type":"SearchAction","target":{"@type":"EntryPoint","urlTemplate":"https:\/\/informatepy.com\/2021\/?s={search_term_string}"},"query-input":{"@type":"PropertyValueSpecification","valueRequired":true,"valueName":"search_term_string"}}],"inLanguage":"es"},{"@type":["Person","Organization"],"@id":"https:\/\/informatepy.com\/2021\/#\/schema\/person\/edd302c981d6ba4596191719d1025a8a","name":"admin","image":{"@type":"ImageObject","inLanguage":"es","@id":"https:\/\/secure.gravatar.com\/avatar\/5310f602b6cbcfb86e030c4ccdbb78f6565a3b9bab6a74ab80fd3cb5428b65af?s=96&d=mm&r=g","url":"https:\/\/secure.gravatar.com\/avatar\/5310f602b6cbcfb86e030c4ccdbb78f6565a3b9bab6a74ab80fd3cb5428b65af?s=96&d=mm&r=g","contentUrl":"https:\/\/secure.gravatar.com\/avatar\/5310f602b6cbcfb86e030c4ccdbb78f6565a3b9bab6a74ab80fd3cb5428b65af?s=96&d=mm&r=g","caption":"admin"},"logo":{"@id":"https:\/\/secure.gravatar.com\/avatar\/5310f602b6cbcfb86e030c4ccdbb78f6565a3b9bab6a74ab80fd3cb5428b65af?s=96&d=mm&r=g"},"sameAs":["http:\/\/informatepy.com\/2021"]},{"@type":"Person","@id":"https:\/\/informatepy.com\/2021\/#\/schema\/person\/fba0848a092e74eff0a1f714866d6d3c","name":"Hugo Marcelo Balderrama","image":{"@type":"ImageObject","inLanguage":"es","@id":"https:\/\/i0.wp.com\/informatepy.com\/2021\/wp-content\/uploads\/2021\/11\/Hugo-balderrama.jpg?fit=85%2C96&ssl=1","url":"https:\/\/i0.wp.com\/informatepy.com\/2021\/wp-content\/uploads\/2021\/11\/Hugo-balderrama.jpg?fit=85%2C96&ssl=1","contentUrl":"https:\/\/i0.wp.com\/informatepy.com\/2021\/wp-content\/uploads\/2021\/11\/Hugo-balderrama.jpg?fit=85%2C96&ssl=1","caption":"Hugo Marcelo Balderrama"},"description":"Economista, Docente, Periodista y Consultor Pol\u00edtico. Comprometido con la defensa de la vida, la propiedad y la libertad.","sameAs":["https:\/\/x.com\/https:\/\/twitter.com\/hugobalderrama"],"url":"https:\/\/informatepy.com\/2021\/author\/hbalderrama\/"}]}},"jetpack_featured_media_url":"https:\/\/i0.wp.com\/informatepy.com\/2021\/wp-content\/uploads\/2021\/11\/HUGO-BALDERRAMA-COLUMNISTA.jpg?fit=1280%2C700&ssl=1","jetpack_sharing_enabled":true,"jetpack_likes_enabled":true,"jetpack-related-posts":[{"id":8936,"url":"https:\/\/informatepy.com\/2021\/2021\/12\/21\/el-condor-humillado-ante-el-dragon-rojo\/","url_meta":{"origin":13716,"position":0},"title":"El c\u00f3ndor humillado ante el drag\u00f3n rojo","date":"21 de diciembre de 2021","format":false,"excerpt":"El a\u00f1o 2020, en plena campa\u00f1a electoral, David Choquehuanca, actual vicepresidente de Bolivia, enton\u00f3 una parte de la conocida zarzuela peruana El c\u00f3ndor pasa. En su af\u00e1n de mostrarse como el \u00faltimo \u00abInca\u00bb \u2015aunque \u00e9l es de ascendencia aimara\u2015, Choquehuanca no duda un segundo en hacer el rid\u00edculo, o caer\u2026","rel":"","context":"En \u00abAnalisis\u00bb","img":{"alt_text":"","src":"https:\/\/i0.wp.com\/informatepy.com\/2021\/wp-content\/uploads\/2021\/11\/HUGO-BALDERRAMA-COLUMNISTA.jpg?fit=1200%2C656&ssl=1&resize=350%2C200","width":350,"height":200},"classes":[]},{"id":10586,"url":"https:\/\/informatepy.com\/2021\/2022\/03\/13\/bolivia-entre-la-crisis-energetica-y-los-bonos-basura-2\/","url_meta":{"origin":13716,"position":1},"title":"Bolivia: entre la crisis energ\u00e9tica y los bonos basura","date":"13 de marzo de 2022","format":false,"excerpt":"Luis Arce Catacora es, sin la menor duda, un p\u00e9simo economista. Pues durante su gesti\u00f3n como ministro de econom\u00eda se realiz\u00f3 el mayor nivel de despilfarro en la historia de Bolivia. Incluso, cuando el 2016 habl\u00f3 de la necesidad de ajustarse los cinturones, el ahora presidente increment\u00f3 el presupuesto cada\u2026","rel":"","context":"En \u00abAnalisis\u00bb","img":{"alt_text":"","src":"https:\/\/i0.wp.com\/informatepy.com\/2021\/wp-content\/uploads\/2021\/11\/HUGO-BALDERRAMA-COLUMNISTA.jpg?fit=1200%2C656&ssl=1&resize=350%2C200","width":350,"height":200},"classes":[]},{"id":11632,"url":"https:\/\/informatepy.com\/2021\/2022\/05\/15\/donde-esta-la-inflacion-en-bolivia\/","url_meta":{"origin":13716,"position":2},"title":"\u00bfD\u00f3nde est\u00e1 la inflaci\u00f3n en Bolivia?","date":"15 de mayo de 2022","format":false,"excerpt":"A finales de abril, la BBC public\u00f3 un art\u00edculo sobre la \u00abausencia\u00bb de inflaci\u00f3n en Bolivia. A ra\u00edz de esa nota, miles de periodistas alrededor de Sudam\u00e9rica volvieron a halagar el \u00abexitoso\u00bb modelo econ\u00f3mico implantado por Evo Morales y su s\u00e9quito de socialistas. \u00a0 No obstante, la BBC se equivoca\u2026","rel":"","context":"En \u00abAnalisis\u00bb","img":{"alt_text":"","src":"https:\/\/i0.wp.com\/informatepy.com\/2021\/wp-content\/uploads\/2021\/11\/HUGO-BALDERRAMA-COLUMNISTA.jpg?fit=1200%2C656&ssl=1&resize=350%2C200","width":350,"height":200},"classes":[]},{"id":11417,"url":"https:\/\/informatepy.com\/2021\/2022\/05\/01\/la-economia-no-miente\/","url_meta":{"origin":13716,"position":3},"title":"La econom\u00eda no miente","date":"1 de mayo de 2022","format":false,"excerpt":"La semana pasada publiqu\u00e9 un art\u00edculo sobre el inminente default de la econom\u00eda boliviana. Varios lectores comprendieron la dram\u00e1tica situaci\u00f3n del pa\u00eds. Sin embargo, otros se niegan, se negaron, y se negar\u00e1n a ver la realidad. En este grupo se encuentran los que me insultaron \u2015cualquiera es valiente detr\u00e1s de\u2026","rel":"","context":"En \u00abAnalisis\u00bb","img":{"alt_text":"","src":"https:\/\/i0.wp.com\/informatepy.com\/2021\/wp-content\/uploads\/2021\/11\/HUGO-BALDERRAMA-COLUMNISTA.jpg?fit=1200%2C656&ssl=1&resize=350%2C200","width":350,"height":200},"classes":[]},{"id":10250,"url":"https:\/\/informatepy.com\/2021\/2022\/02\/22\/bolivia-mucho-circo-pero-sin-pan\/","url_meta":{"origin":13716,"position":4},"title":"Bolivia: mucho circo, pero sin pan","date":"22 de febrero de 2022","format":false,"excerpt":"El poeta romano, D\u00e9cimo Junio Juvenal, en S\u00e1tiras, inmortaliz\u00f3 la frase: panem et circenses (pan y circo).\u00a0 La misma surge en una \u00e9poca donde la corrupci\u00f3n de Roma hab\u00eda destrozado todo resquicio de institucionalidad. Juvenal sosten\u00eda que el pan y el circo eran los deseos m\u00e1s fervientes de un pueblo\u2026","rel":"","context":"En \u00abAnalisis\u00bb","img":{"alt_text":"","src":"https:\/\/i0.wp.com\/informatepy.com\/2021\/wp-content\/uploads\/2021\/11\/HUGO-BALDERRAMA-COLUMNISTA.jpg?fit=1200%2C656&ssl=1&resize=350%2C200","width":350,"height":200},"classes":[]},{"id":13647,"url":"https:\/\/informatepy.com\/2021\/2022\/08\/28\/evo-morales-del-pandillaje-rural-a-las-mesas-de-starbucks\/","url_meta":{"origin":13716,"position":5},"title":"Evo Morales, del pandillaje rural a las mesas de Starbucks","date":"28 de agosto de 2022","format":false,"excerpt":"Para los bolivianos, especialmente, para quienes conservamos la decencia, resulta muy incomodo que se nos relacione con Evo Morales y sus falsedades. Es muy molestoso escuchar a cualquier extranjero repetir los mitos \u2015entre ellos, el \u00abmilagro\u00bb econ\u00f3mico\u2015 del primer gobierno \u00abind\u00edgena\u00bb boliviano. \u00a0 Sin embargo, la realidad es otra, Evo\u2026","rel":"","context":"En \u00abAnalisis\u00bb","img":{"alt_text":"","src":"https:\/\/i0.wp.com\/informatepy.com\/2021\/wp-content\/uploads\/2021\/11\/HUGO-BALDERRAMA-COLUMNISTA.jpg?fit=1200%2C656&ssl=1&resize=350%2C200","width":350,"height":200},"classes":[]}],"authors":[{"term_id":1566,"user_id":36,"is_guest":0,"slug":"hbalderrama","display_name":"Hugo Marcelo Balderrama","avatar_url":"https:\/\/i0.wp.com\/informatepy.com\/2021\/wp-content\/uploads\/2021\/11\/Hugo-balderrama.jpg?fit=85%2C96&ssl=1","first_name":"Hugo Marcelo","last_name":"Balderrama","user_url":"","description":"Economista, Docente, Periodista y Consultor Pol\u00edtico. Comprometido con la defensa de la vida, la propiedad y la libertad."}],"amp_enabled":true,"_links":{"self":[{"href":"https:\/\/informatepy.com\/2021\/wp-json\/wp\/v2\/posts\/13716","targetHints":{"allow":["GET"]}}],"collection":[{"href":"https:\/\/informatepy.com\/2021\/wp-json\/wp\/v2\/posts"}],"about":[{"href":"https:\/\/informatepy.com\/2021\/wp-json\/wp\/v2\/types\/post"}],"author":[{"embeddable":true,"href":"https:\/\/informatepy.com\/2021\/wp-json\/wp\/v2\/users\/36"}],"replies":[{"embeddable":true,"href":"https:\/\/informatepy.com\/2021\/wp-json\/wp\/v2\/comments?post=13716"}],"version-history":[{"count":1,"href":"https:\/\/informatepy.com\/2021\/wp-json\/wp\/v2\/posts\/13716\/revisions"}],"predecessor-version":[{"id":13717,"href":"https:\/\/informatepy.com\/2021\/wp-json\/wp\/v2\/posts\/13716\/revisions\/13717"}],"wp:featuredmedia":[{"embeddable":true,"href":"https:\/\/informatepy.com\/2021\/wp-json\/wp\/v2\/media\/8572"}],"wp:attachment":[{"href":"https:\/\/informatepy.com\/2021\/wp-json\/wp\/v2\/media?parent=13716"}],"wp:term":[{"taxonomy":"category","embeddable":true,"href":"https:\/\/informatepy.com\/2021\/wp-json\/wp\/v2\/categories?post=13716"},{"taxonomy":"post_tag","embeddable":true,"href":"https:\/\/informatepy.com\/2021\/wp-json\/wp\/v2\/tags?post=13716"},{"taxonomy":"author","embeddable":true,"href":"https:\/\/informatepy.com\/2021\/wp-json\/wp\/v2\/ppma_author?post=13716"}],"curies":[{"name":"wp","href":"https:\/\/api.w.org\/{rel}","templated":true}]}}