{"id":13564,"date":"2022-08-24T08:20:00","date_gmt":"2022-08-24T11:20:00","guid":{"rendered":"https:\/\/informatepy.com\/2021\/?p=13564"},"modified":"2022-08-23T19:02:12","modified_gmt":"2022-08-23T22:02:12","slug":"13564","status":"publish","type":"post","link":"https:\/\/informatepy.com\/2021\/2022\/08\/24\/13564\/","title":{"rendered":"Inauguran nueva biblioteca p\u00fablica en Filadelfia &#8211; Boquer\u00f3n"},"content":{"rendered":"\n<p class=\"has-text-align-justify\">En el marco del proyecto <strong><em>\u201cImplementaci\u00f3n y equipamiento de bibliotecas p\u00fablicas en territorios con mayor \u00edndice de vulnerabilidad social a nivel nacional, para el fortalecimiento de la Red Nacional de Bibliotecas P\u00fablicas\u201d<\/em><\/strong>, en la ma\u00f1ana de este martes, el <strong>ministro de la Secretar\u00eda Nacional de Cultura (SNC), Rub\u00e9n Capdevila<\/strong>, inaugur\u00f3 la Biblioteca P\u00fablica Municipal de la ciudad de <strong>Filadelfia<\/strong>, departamento de <strong>Boquer\u00f3n<\/strong>, con las mejoras ejecutadas.<\/p>\n\n\n\n<p class=\"has-text-align-justify\">A trav\u00e9s del mencionado proyecto, que se lleva adelante gracias a la cooperaci\u00f3n de la <strong>Rep\u00fablica de China (Taiw\u00e1n)<\/strong>, la biblioteca fue equipada con equipos inform\u00e1ticos, mobiliarios, juegos I\u00fadicos, aproximadamente 1.000 libros y espacios de lectura para chicos y grandes.<\/p>\n\n\n\n<p class=\"has-text-align-justify\">Capdevila se\u00f1al\u00f3 que con esta inauguraci\u00f3n oficial queda instalada la biblioteca p\u00fablica municipal, que <strong><em>\u201cse integra de manera directa a la Red Nacional de Bibliotecas P\u00fablicas\u201d, lo que permitir\u00e1 que sea beneficiada de forma permanente con libros y materiales, adem\u00e1s de capacitaciones y la instalaci\u00f3n del software de catalogaci\u00f3n\u00bb<\/em><\/strong>.<\/p>\n","protected":false},"excerpt":{"rendered":"<p>En el marco del proyecto \u201cImplementaci\u00f3n y equipamiento de bibliotecas p\u00fablicas en territorios con mayor \u00edndice de vulnerabilidad social a nivel nacional, para el fortalecimiento de la Red Nacional de Bibliotecas P\u00fablicas\u201d, en la ma\u00f1ana de este martes, el ministro de la Secretar\u00eda Nacional de Cultura (SNC), Rub\u00e9n Capdevila, inaugur\u00f3 la Biblioteca P\u00fablica Municipal de [&hellip;]<\/p>\n","protected":false},"author":4,"featured_media":13565,"comment_status":"open","ping_status":"open","sticky":false,"template":"","format":"standard","meta":{"_monsterinsights_skip_tracking":false,"_monsterinsights_sitenote_active":false,"_monsterinsights_sitenote_note":"","_monsterinsights_sitenote_category":0,"footnotes":"","jetpack_publicize_message":"","jetpack_is_tweetstorm":false,"jetpack_publicize_feature_enabled":true},"categories":[1332],"tags":[1922,1814,1036,1923,836],"ppma_author":[1051],"class_list":["post-13564","post","type-post","status-publish","format-standard","has-post-thumbnail","hentry","category-cultura","tag-boqueron","tag-cultura","tag-destacada","tag-filadelfia","tag-taiwan"],"jetpack_publicize_connections":[],"yoast_head":"<!-- This site is optimized with the Yoast SEO plugin v27.5 - https:\/\/yoast.com\/product\/yoast-seo-wordpress\/ -->\n<title>Inauguran nueva biblioteca p\u00fablica en Filadelfia - Boquer\u00f3n - Informatepy<\/title>\n<meta name=\"robots\" content=\"index, follow, max-snippet:-1, max-image-preview:large, max-video-preview:-1\" \/>\n<link rel=\"canonical\" href=\"https:\/\/informatepy.com\/2021\/2022\/08\/24\/13564\/\" \/>\n<meta property=\"og:locale\" content=\"es_ES\" \/>\n<meta property=\"og:type\" content=\"article\" \/>\n<meta property=\"og:title\" content=\"Inauguran nueva biblioteca p\u00fablica en Filadelfia - Boquer\u00f3n - Informatepy\" \/>\n<meta property=\"og:description\" content=\"En el marco del proyecto \u201cImplementaci\u00f3n y equipamiento de bibliotecas p\u00fablicas en territorios con mayor \u00edndice de vulnerabilidad social a nivel nacional, para el fortalecimiento de la Red Nacional de Bibliotecas P\u00fablicas\u201d, en la ma\u00f1ana de este martes, el ministro de la Secretar\u00eda Nacional de Cultura (SNC), Rub\u00e9n Capdevila, inaugur\u00f3 la Biblioteca P\u00fablica Municipal de [&hellip;]\" \/>\n<meta property=\"og:url\" content=\"https:\/\/informatepy.com\/2021\/2022\/08\/24\/13564\/\" \/>\n<meta property=\"og:site_name\" content=\"Informatepy\" \/>\n<meta property=\"article:author\" content=\"https:\/\/www.facebook.com\/InformatePyCom\" \/>\n<meta property=\"article:published_time\" content=\"2022-08-24T11:20:00+00:00\" \/>\n<meta property=\"og:image\" content=\"https:\/\/i0.wp.com\/informatepy.com\/2021\/wp-content\/uploads\/2022\/08\/biblioteca-filadelfia.jpg?fit=1280%2C844&ssl=1\" \/>\n\t<meta property=\"og:image:width\" content=\"1280\" \/>\n\t<meta property=\"og:image:height\" content=\"844\" \/>\n\t<meta property=\"og:image:type\" content=\"image\/jpeg\" \/>\n<meta name=\"author\" content=\"Redacci\u00f3n\" \/>\n<meta name=\"twitter:card\" content=\"summary_large_image\" \/>\n<meta name=\"twitter:creator\" content=\"@https:\/\/twitter.com\/InformatePy1\" \/>\n<meta name=\"twitter:label1\" content=\"Escrito por\" \/>\n\t<meta name=\"twitter:data1\" content=\"Redacci\u00f3n\" \/>\n\t<meta name=\"twitter:label2\" content=\"Tiempo de lectura\" \/>\n\t<meta name=\"twitter:data2\" content=\"1 minuto\" \/>\n<script type=\"application\/ld+json\" class=\"yoast-schema-graph\">{\"@context\":\"https:\\\/\\\/schema.org\",\"@graph\":[{\"@type\":\"Article\",\"@id\":\"https:\\\/\\\/informatepy.com\\\/2021\\\/2022\\\/08\\\/24\\\/13564\\\/#article\",\"isPartOf\":{\"@id\":\"https:\\\/\\\/informatepy.com\\\/2021\\\/2022\\\/08\\\/24\\\/13564\\\/\"},\"author\":{\"name\":\"Redacci\u00f3n\",\"@id\":\"https:\\\/\\\/informatepy.com\\\/2021\\\/#\\\/schema\\\/person\\\/0c842f525f84ea74ef3b44370d11757b\"},\"headline\":\"Inauguran nueva biblioteca p\u00fablica en Filadelfia &#8211; Boquer\u00f3n\",\"datePublished\":\"2022-08-24T11:20:00+00:00\",\"mainEntityOfPage\":{\"@id\":\"https:\\\/\\\/informatepy.com\\\/2021\\\/2022\\\/08\\\/24\\\/13564\\\/\"},\"wordCount\":185,\"commentCount\":0,\"publisher\":{\"@id\":\"https:\\\/\\\/informatepy.com\\\/2021\\\/#\\\/schema\\\/person\\\/edd302c981d6ba4596191719d1025a8a\"},\"image\":{\"@id\":\"https:\\\/\\\/informatepy.com\\\/2021\\\/2022\\\/08\\\/24\\\/13564\\\/#primaryimage\"},\"thumbnailUrl\":\"https:\\\/\\\/i0.wp.com\\\/informatepy.com\\\/2021\\\/wp-content\\\/uploads\\\/2022\\\/08\\\/biblioteca-filadelfia.jpg?fit=1280%2C844&ssl=1\",\"keywords\":[\"boqueron\",\"cultura\",\"destacada\",\"filadelfia\",\"taiwan\"],\"articleSection\":[\"Cultura\"],\"inLanguage\":\"es\",\"potentialAction\":[{\"@type\":\"CommentAction\",\"name\":\"Comment\",\"target\":[\"https:\\\/\\\/informatepy.com\\\/2021\\\/2022\\\/08\\\/24\\\/13564\\\/#respond\"]}]},{\"@type\":\"WebPage\",\"@id\":\"https:\\\/\\\/informatepy.com\\\/2021\\\/2022\\\/08\\\/24\\\/13564\\\/\",\"url\":\"https:\\\/\\\/informatepy.com\\\/2021\\\/2022\\\/08\\\/24\\\/13564\\\/\",\"name\":\"Inauguran nueva biblioteca p\u00fablica en Filadelfia - Boquer\u00f3n - Informatepy\",\"isPartOf\":{\"@id\":\"https:\\\/\\\/informatepy.com\\\/2021\\\/#website\"},\"primaryImageOfPage\":{\"@id\":\"https:\\\/\\\/informatepy.com\\\/2021\\\/2022\\\/08\\\/24\\\/13564\\\/#primaryimage\"},\"image\":{\"@id\":\"https:\\\/\\\/informatepy.com\\\/2021\\\/2022\\\/08\\\/24\\\/13564\\\/#primaryimage\"},\"thumbnailUrl\":\"https:\\\/\\\/i0.wp.com\\\/informatepy.com\\\/2021\\\/wp-content\\\/uploads\\\/2022\\\/08\\\/biblioteca-filadelfia.jpg?fit=1280%2C844&ssl=1\",\"datePublished\":\"2022-08-24T11:20:00+00:00\",\"breadcrumb\":{\"@id\":\"https:\\\/\\\/informatepy.com\\\/2021\\\/2022\\\/08\\\/24\\\/13564\\\/#breadcrumb\"},\"inLanguage\":\"es\",\"potentialAction\":[{\"@type\":\"ReadAction\",\"target\":[\"https:\\\/\\\/informatepy.com\\\/2021\\\/2022\\\/08\\\/24\\\/13564\\\/\"]}]},{\"@type\":\"ImageObject\",\"inLanguage\":\"es\",\"@id\":\"https:\\\/\\\/informatepy.com\\\/2021\\\/2022\\\/08\\\/24\\\/13564\\\/#primaryimage\",\"url\":\"https:\\\/\\\/i0.wp.com\\\/informatepy.com\\\/2021\\\/wp-content\\\/uploads\\\/2022\\\/08\\\/biblioteca-filadelfia.jpg?fit=1280%2C844&ssl=1\",\"contentUrl\":\"https:\\\/\\\/i0.wp.com\\\/informatepy.com\\\/2021\\\/wp-content\\\/uploads\\\/2022\\\/08\\\/biblioteca-filadelfia.jpg?fit=1280%2C844&ssl=1\",\"width\":1280,\"height\":844},{\"@type\":\"BreadcrumbList\",\"@id\":\"https:\\\/\\\/informatepy.com\\\/2021\\\/2022\\\/08\\\/24\\\/13564\\\/#breadcrumb\",\"itemListElement\":[{\"@type\":\"ListItem\",\"position\":1,\"name\":\"Portada\",\"item\":\"https:\\\/\\\/informatepy.com\\\/2021\\\/\"},{\"@type\":\"ListItem\",\"position\":2,\"name\":\"Inauguran nueva biblioteca p\u00fablica en Filadelfia &#8211; Boquer\u00f3n\"}]},{\"@type\":\"WebSite\",\"@id\":\"https:\\\/\\\/informatepy.com\\\/2021\\\/#website\",\"url\":\"https:\\\/\\\/informatepy.com\\\/2021\\\/\",\"name\":\"Informatepy\",\"description\":\"La verdad, siempre!\",\"publisher\":{\"@id\":\"https:\\\/\\\/informatepy.com\\\/2021\\\/#\\\/schema\\\/person\\\/edd302c981d6ba4596191719d1025a8a\"},\"potentialAction\":[{\"@type\":\"SearchAction\",\"target\":{\"@type\":\"EntryPoint\",\"urlTemplate\":\"https:\\\/\\\/informatepy.com\\\/2021\\\/?s={search_term_string}\"},\"query-input\":{\"@type\":\"PropertyValueSpecification\",\"valueRequired\":true,\"valueName\":\"search_term_string\"}}],\"inLanguage\":\"es\"},{\"@type\":[\"Person\",\"Organization\"],\"@id\":\"https:\\\/\\\/informatepy.com\\\/2021\\\/#\\\/schema\\\/person\\\/edd302c981d6ba4596191719d1025a8a\",\"name\":\"admin\",\"image\":{\"@type\":\"ImageObject\",\"inLanguage\":\"es\",\"@id\":\"https:\\\/\\\/secure.gravatar.com\\\/avatar\\\/5310f602b6cbcfb86e030c4ccdbb78f6565a3b9bab6a74ab80fd3cb5428b65af?s=96&d=mm&r=g\",\"url\":\"https:\\\/\\\/secure.gravatar.com\\\/avatar\\\/5310f602b6cbcfb86e030c4ccdbb78f6565a3b9bab6a74ab80fd3cb5428b65af?s=96&d=mm&r=g\",\"contentUrl\":\"https:\\\/\\\/secure.gravatar.com\\\/avatar\\\/5310f602b6cbcfb86e030c4ccdbb78f6565a3b9bab6a74ab80fd3cb5428b65af?s=96&d=mm&r=g\",\"caption\":\"admin\"},\"logo\":{\"@id\":\"https:\\\/\\\/secure.gravatar.com\\\/avatar\\\/5310f602b6cbcfb86e030c4ccdbb78f6565a3b9bab6a74ab80fd3cb5428b65af?s=96&d=mm&r=g\"},\"sameAs\":[\"http:\\\/\\\/informatepy.com\\\/2021\"]},{\"@type\":\"Person\",\"@id\":\"https:\\\/\\\/informatepy.com\\\/2021\\\/#\\\/schema\\\/person\\\/0c842f525f84ea74ef3b44370d11757b\",\"name\":\"Redacci\u00f3n\",\"image\":{\"@type\":\"ImageObject\",\"inLanguage\":\"es\",\"@id\":\"https:\\\/\\\/i0.wp.com\\\/informatepy.com\\\/2021\\\/wp-content\\\/uploads\\\/2021\\\/02\\\/informate-circulo.png?fit=96%2C96&ssl=1\",\"url\":\"https:\\\/\\\/i0.wp.com\\\/informatepy.com\\\/2021\\\/wp-content\\\/uploads\\\/2021\\\/02\\\/informate-circulo.png?fit=96%2C96&ssl=1\",\"contentUrl\":\"https:\\\/\\\/i0.wp.com\\\/informatepy.com\\\/2021\\\/wp-content\\\/uploads\\\/2021\\\/02\\\/informate-circulo.png?fit=96%2C96&ssl=1\",\"caption\":\"Redacci\u00f3n\"},\"sameAs\":[\"https:\\\/\\\/www.facebook.com\\\/InformatePyCom\",\"https:\\\/\\\/x.com\\\/https:\\\/\\\/twitter.com\\\/InformatePy1\"],\"url\":\"https:\\\/\\\/informatepy.com\\\/2021\\\/author\\\/redaccion\\\/\"}]}<\/script>\n<!-- \/ Yoast SEO plugin. -->","yoast_head_json":{"title":"Inauguran nueva biblioteca p\u00fablica en Filadelfia - Boquer\u00f3n - Informatepy","robots":{"index":"index","follow":"follow","max-snippet":"max-snippet:-1","max-image-preview":"max-image-preview:large","max-video-preview":"max-video-preview:-1"},"canonical":"https:\/\/informatepy.com\/2021\/2022\/08\/24\/13564\/","og_locale":"es_ES","og_type":"article","og_title":"Inauguran nueva biblioteca p\u00fablica en Filadelfia - Boquer\u00f3n - Informatepy","og_description":"En el marco del proyecto \u201cImplementaci\u00f3n y equipamiento de bibliotecas p\u00fablicas en territorios con mayor \u00edndice de vulnerabilidad social a nivel nacional, para el fortalecimiento de la Red Nacional de Bibliotecas P\u00fablicas\u201d, en la ma\u00f1ana de este martes, el ministro de la Secretar\u00eda Nacional de Cultura (SNC), Rub\u00e9n Capdevila, inaugur\u00f3 la Biblioteca P\u00fablica Municipal de [&hellip;]","og_url":"https:\/\/informatepy.com\/2021\/2022\/08\/24\/13564\/","og_site_name":"Informatepy","article_author":"https:\/\/www.facebook.com\/InformatePyCom","article_published_time":"2022-08-24T11:20:00+00:00","og_image":[{"width":1280,"height":844,"url":"https:\/\/i0.wp.com\/informatepy.com\/2021\/wp-content\/uploads\/2022\/08\/biblioteca-filadelfia.jpg?fit=1280%2C844&ssl=1","type":"image\/jpeg"}],"author":"Redacci\u00f3n","twitter_card":"summary_large_image","twitter_creator":"@https:\/\/twitter.com\/InformatePy1","twitter_misc":{"Escrito por":"Redacci\u00f3n","Tiempo de lectura":"1 minuto"},"schema":{"@context":"https:\/\/schema.org","@graph":[{"@type":"Article","@id":"https:\/\/informatepy.com\/2021\/2022\/08\/24\/13564\/#article","isPartOf":{"@id":"https:\/\/informatepy.com\/2021\/2022\/08\/24\/13564\/"},"author":{"name":"Redacci\u00f3n","@id":"https:\/\/informatepy.com\/2021\/#\/schema\/person\/0c842f525f84ea74ef3b44370d11757b"},"headline":"Inauguran nueva biblioteca p\u00fablica en Filadelfia &#8211; Boquer\u00f3n","datePublished":"2022-08-24T11:20:00+00:00","mainEntityOfPage":{"@id":"https:\/\/informatepy.com\/2021\/2022\/08\/24\/13564\/"},"wordCount":185,"commentCount":0,"publisher":{"@id":"https:\/\/informatepy.com\/2021\/#\/schema\/person\/edd302c981d6ba4596191719d1025a8a"},"image":{"@id":"https:\/\/informatepy.com\/2021\/2022\/08\/24\/13564\/#primaryimage"},"thumbnailUrl":"https:\/\/i0.wp.com\/informatepy.com\/2021\/wp-content\/uploads\/2022\/08\/biblioteca-filadelfia.jpg?fit=1280%2C844&ssl=1","keywords":["boqueron","cultura","destacada","filadelfia","taiwan"],"articleSection":["Cultura"],"inLanguage":"es","potentialAction":[{"@type":"CommentAction","name":"Comment","target":["https:\/\/informatepy.com\/2021\/2022\/08\/24\/13564\/#respond"]}]},{"@type":"WebPage","@id":"https:\/\/informatepy.com\/2021\/2022\/08\/24\/13564\/","url":"https:\/\/informatepy.com\/2021\/2022\/08\/24\/13564\/","name":"Inauguran nueva biblioteca p\u00fablica en Filadelfia - Boquer\u00f3n - Informatepy","isPartOf":{"@id":"https:\/\/informatepy.com\/2021\/#website"},"primaryImageOfPage":{"@id":"https:\/\/informatepy.com\/2021\/2022\/08\/24\/13564\/#primaryimage"},"image":{"@id":"https:\/\/informatepy.com\/2021\/2022\/08\/24\/13564\/#primaryimage"},"thumbnailUrl":"https:\/\/i0.wp.com\/informatepy.com\/2021\/wp-content\/uploads\/2022\/08\/biblioteca-filadelfia.jpg?fit=1280%2C844&ssl=1","datePublished":"2022-08-24T11:20:00+00:00","breadcrumb":{"@id":"https:\/\/informatepy.com\/2021\/2022\/08\/24\/13564\/#breadcrumb"},"inLanguage":"es","potentialAction":[{"@type":"ReadAction","target":["https:\/\/informatepy.com\/2021\/2022\/08\/24\/13564\/"]}]},{"@type":"ImageObject","inLanguage":"es","@id":"https:\/\/informatepy.com\/2021\/2022\/08\/24\/13564\/#primaryimage","url":"https:\/\/i0.wp.com\/informatepy.com\/2021\/wp-content\/uploads\/2022\/08\/biblioteca-filadelfia.jpg?fit=1280%2C844&ssl=1","contentUrl":"https:\/\/i0.wp.com\/informatepy.com\/2021\/wp-content\/uploads\/2022\/08\/biblioteca-filadelfia.jpg?fit=1280%2C844&ssl=1","width":1280,"height":844},{"@type":"BreadcrumbList","@id":"https:\/\/informatepy.com\/2021\/2022\/08\/24\/13564\/#breadcrumb","itemListElement":[{"@type":"ListItem","position":1,"name":"Portada","item":"https:\/\/informatepy.com\/2021\/"},{"@type":"ListItem","position":2,"name":"Inauguran nueva biblioteca p\u00fablica en Filadelfia &#8211; Boquer\u00f3n"}]},{"@type":"WebSite","@id":"https:\/\/informatepy.com\/2021\/#website","url":"https:\/\/informatepy.com\/2021\/","name":"Informatepy","description":"La verdad, siempre!","publisher":{"@id":"https:\/\/informatepy.com\/2021\/#\/schema\/person\/edd302c981d6ba4596191719d1025a8a"},"potentialAction":[{"@type":"SearchAction","target":{"@type":"EntryPoint","urlTemplate":"https:\/\/informatepy.com\/2021\/?s={search_term_string}"},"query-input":{"@type":"PropertyValueSpecification","valueRequired":true,"valueName":"search_term_string"}}],"inLanguage":"es"},{"@type":["Person","Organization"],"@id":"https:\/\/informatepy.com\/2021\/#\/schema\/person\/edd302c981d6ba4596191719d1025a8a","name":"admin","image":{"@type":"ImageObject","inLanguage":"es","@id":"https:\/\/secure.gravatar.com\/avatar\/5310f602b6cbcfb86e030c4ccdbb78f6565a3b9bab6a74ab80fd3cb5428b65af?s=96&d=mm&r=g","url":"https:\/\/secure.gravatar.com\/avatar\/5310f602b6cbcfb86e030c4ccdbb78f6565a3b9bab6a74ab80fd3cb5428b65af?s=96&d=mm&r=g","contentUrl":"https:\/\/secure.gravatar.com\/avatar\/5310f602b6cbcfb86e030c4ccdbb78f6565a3b9bab6a74ab80fd3cb5428b65af?s=96&d=mm&r=g","caption":"admin"},"logo":{"@id":"https:\/\/secure.gravatar.com\/avatar\/5310f602b6cbcfb86e030c4ccdbb78f6565a3b9bab6a74ab80fd3cb5428b65af?s=96&d=mm&r=g"},"sameAs":["http:\/\/informatepy.com\/2021"]},{"@type":"Person","@id":"https:\/\/informatepy.com\/2021\/#\/schema\/person\/0c842f525f84ea74ef3b44370d11757b","name":"Redacci\u00f3n","image":{"@type":"ImageObject","inLanguage":"es","@id":"https:\/\/i0.wp.com\/informatepy.com\/2021\/wp-content\/uploads\/2021\/02\/informate-circulo.png?fit=96%2C96&ssl=1","url":"https:\/\/i0.wp.com\/informatepy.com\/2021\/wp-content\/uploads\/2021\/02\/informate-circulo.png?fit=96%2C96&ssl=1","contentUrl":"https:\/\/i0.wp.com\/informatepy.com\/2021\/wp-content\/uploads\/2021\/02\/informate-circulo.png?fit=96%2C96&ssl=1","caption":"Redacci\u00f3n"},"sameAs":["https:\/\/www.facebook.com\/InformatePyCom","https:\/\/x.com\/https:\/\/twitter.com\/InformatePy1"],"url":"https:\/\/informatepy.com\/2021\/author\/redaccion\/"}]}},"jetpack_featured_media_url":"https:\/\/i0.wp.com\/informatepy.com\/2021\/wp-content\/uploads\/2022\/08\/biblioteca-filadelfia.jpg?fit=1280%2C844&ssl=1","jetpack_sharing_enabled":true,"jetpack_likes_enabled":true,"jetpack-related-posts":[{"id":12957,"url":"https:\/\/informatepy.com\/2021\/2022\/07\/31\/la-secretaria-de-cultura-y-taiwan-habilitaron-una-biblioteca-publica-municipal-de-villa-hayes\/","url_meta":{"origin":13564,"position":0},"title":"La Secretaria de Cultura y Taiw\u00e1n habilitaron una Biblioteca p\u00fablica municipal de Villa Hayes","date":"31 de julio de 2022","format":false,"excerpt":"La Secretar\u00eda Nacional de Cultura (SNC), en cooperaci\u00f3n con la Rep\u00fablica de China (Taiw\u00e1n), lleva adelante el proyecto \u201cImplementaci\u00f3n y equipamiento de bibliotecas p\u00fablicas en territorios con mayor \u00edndice de vulnerabilidad social a nivel nacional, para el fortalecimiento de la Red Nacional de Bibliotecas P\u00fablicas\u201d. En ese marco fue habilitada\u2026","rel":"","context":"En \u00abMunicipales\u00bb","img":{"alt_text":"","src":"https:\/\/i0.wp.com\/informatepy.com\/2021\/wp-content\/uploads\/2022\/07\/biblioteca-villa-hayes.jpg?fit=1200%2C665&ssl=1&resize=350%2C200","width":350,"height":200},"classes":[]},{"id":12065,"url":"https:\/\/informatepy.com\/2021\/2022\/06\/10\/el-muvh-construira-525-viviendas-para-pueblos-originarios-financiadas-por-taiwan\/","url_meta":{"origin":13564,"position":1},"title":"El MUVH construir\u00e1 545 viviendas para pueblos originarios financiadas por Taiw\u00e1n","date":"10 de junio de 2022","format":false,"excerpt":"Miembros del Comit\u00e9 de Evaluaci\u00f3n Permanente del Ministerio de Urbanismo, Vivienda y H\u00e1bitat (MUVH), se encuentran trabajando en el an\u00e1lisis de las ofertas presentadas en el llamado a Licitaci\u00f3n P\u00fablica Nacional para la \u201cFiscalizaci\u00f3n de obras en el marco del Proyecto Pueblos Originarios\u201d, desarrollado por el Programa Che Tap\u00fdi. La\u2026","rel":"","context":"En \u00abNacionales\u00bb","img":{"alt_text":"","src":"https:\/\/i0.wp.com\/informatepy.com\/2021\/wp-content\/uploads\/2022\/06\/vivienda-pueblos-originarios.jpeg?fit=768%2C576&ssl=1&resize=350%2C200","width":350,"height":200},"classes":[]},{"id":13881,"url":"https:\/\/informatepy.com\/2021\/2022\/09\/12\/inauguran-centro-de-apoyo-a-emprendedores-en-la-ciudad-de-asuncion\/","url_meta":{"origin":13564,"position":2},"title":"Inauguran Centro de Apoyo a Emprendedores en la ciudad de Asunci\u00f3n","date":"12 de septiembre de 2022","format":false,"excerpt":"El d\u00eda de hoy, el Ministro de Industria y Comercio, Luis Alberto Castiglioni, el Viceministro de Mipymes, Isaac Godoy Larroza y el Embajador de la Rep\u00fablica de China (Taiw\u00e1n), Jos\u00e9 Chih-Cheng Han, inauguraron el Centro de Apoyo a Emprendedores (CAE) que se encuentra ubicado en la Oficina del la Asociaci\u00f3n\u2026","rel":"","context":"En \u00abNacionales\u00bb","img":{"alt_text":"","src":"https:\/\/i0.wp.com\/informatepy.com\/2021\/wp-content\/uploads\/2022\/09\/cae-asu.jpg?fit=1200%2C900&ssl=1&resize=350%2C200","width":350,"height":200},"classes":[]},{"id":12736,"url":"https:\/\/informatepy.com\/2021\/2022\/07\/20\/la-embajada-de-taiwan-invita-a-los-estudiantes-interesados-al-examen-de-validacion-de-chino-mandarin-2\/","url_meta":{"origin":13564,"position":3},"title":"La embajada de Taiw\u00e1n invita a los estudiantes interesados al examen de validaci\u00f3n de Chino-Mandar\u00edn","date":"20 de julio de 2022","format":false,"excerpt":"La Embajada de la Rep\u00fablica de China (Taiw\u00e1n) convoca en el Paraguay, por 13\u00b0 vez, al Examen de Chino-Mandar\u00edn como Lengua Extranjera (TOCFL, por sus siglas en ingl\u00e9s). El examen se realizar\u00e1 el s\u00e1bado 17 de septiembre, a las 14:00 en Asunci\u00f3n y a las 13:30 en Ciudad del Este.\u2026","rel":"","context":"En \u00abNacionales\u00bb","img":{"alt_text":"","src":"https:\/\/i0.wp.com\/informatepy.com\/2021\/wp-content\/uploads\/2022\/07\/examen-chino-mandarin.jpg?fit=1153%2C1200&ssl=1&resize=350%2C200","width":350,"height":200},"classes":[]},{"id":10649,"url":"https:\/\/informatepy.com\/2021\/2022\/03\/15\/con-la-colaboracion-de-taiwan-se-inaugura-en-capiata-el-primer-invernadero-de-orquideas\/","url_meta":{"origin":13564,"position":4},"title":"Con la colaboraci\u00f3n de Taiw\u00e1n, se inaugura en Capiat\u00e1 el primer invernadero de orqu\u00eddeas","date":"15 de marzo de 2022","format":false,"excerpt":"El Viceministro de Agricultura, Jhordan Esp\u00ednola con el Embajador de la Rep\u00fablica de China (Taiw\u00e1n) Jos\u00e9 Han La empresa taiwanesa \u201cInversi\u00f3n Agr\u00edcola de Taiw\u00e1n en Paraguay S.A.\u201d inaugur\u00f3 hoy, 15 de marzo, su primer invernadero de orqu\u00eddeas en la ciudad de Capiat\u00e1. El establecimiento cuenta con una superficie total de\u2026","rel":"","context":"En \u00abNacionales\u00bb","img":{"alt_text":"","src":"https:\/\/i0.wp.com\/informatepy.com\/2021\/wp-content\/uploads\/2022\/03\/taiwan-orquideas-capiata.jpeg?fit=1200%2C900&ssl=1&resize=350%2C200","width":350,"height":200},"classes":[]},{"id":929,"url":"https:\/\/informatepy.com\/2021\/2019\/03\/23\/el-misterioso-martin-choi-estaria-financiando-la-campana-de-anetete-en-cde\/","url_meta":{"origin":13564,"position":5},"title":"El misterioso Martin Choi estar\u00eda Financiando la campa\u00f1a de A\u00f1etete en CDE","date":"23 de marzo de 2019","format":false,"excerpt":"En el edificio \u201cPenta\u201d ubicado sobre la calle Boquer\u00f3n entre Adri\u00e1n Jara y Pa\u00ed P\u00e9rez, en el centro de Ciudad del Este, es el lugar donde se realizan las reuniones entre los dirigentes y los responsables de la campa\u00f1a de Wilberto Caba\u00f1as, para la intendencia de CDE. Edificio Penta, lugar\u2026","rel":"","context":"En \u00abNacionales\u00bb","img":{"alt_text":"","src":"https:\/\/i0.wp.com\/informatepy.com\/2021\/wp-content\/uploads\/2021\/03\/Martin-Choi-Financista-aC3B1etete.jpg?fit=1200%2C694&ssl=1&resize=350%2C200","width":350,"height":200},"classes":[]}],"authors":[{"term_id":1051,"user_id":4,"is_guest":0,"slug":"redaccion","display_name":"Redacci\u00f3n","avatar_url":"https:\/\/i0.wp.com\/informatepy.com\/2021\/wp-content\/uploads\/2021\/02\/informate-circulo.png?fit=96%2C96&ssl=1","first_name":"Redacci\u00f3n","last_name":"","user_url":"","description":""}],"amp_enabled":true,"_links":{"self":[{"href":"https:\/\/informatepy.com\/2021\/wp-json\/wp\/v2\/posts\/13564","targetHints":{"allow":["GET"]}}],"collection":[{"href":"https:\/\/informatepy.com\/2021\/wp-json\/wp\/v2\/posts"}],"about":[{"href":"https:\/\/informatepy.com\/2021\/wp-json\/wp\/v2\/types\/post"}],"author":[{"embeddable":true,"href":"https:\/\/informatepy.com\/2021\/wp-json\/wp\/v2\/users\/4"}],"replies":[{"embeddable":true,"href":"https:\/\/informatepy.com\/2021\/wp-json\/wp\/v2\/comments?post=13564"}],"version-history":[{"count":2,"href":"https:\/\/informatepy.com\/2021\/wp-json\/wp\/v2\/posts\/13564\/revisions"}],"predecessor-version":[{"id":13567,"href":"https:\/\/informatepy.com\/2021\/wp-json\/wp\/v2\/posts\/13564\/revisions\/13567"}],"wp:featuredmedia":[{"embeddable":true,"href":"https:\/\/informatepy.com\/2021\/wp-json\/wp\/v2\/media\/13565"}],"wp:attachment":[{"href":"https:\/\/informatepy.com\/2021\/wp-json\/wp\/v2\/media?parent=13564"}],"wp:term":[{"taxonomy":"category","embeddable":true,"href":"https:\/\/informatepy.com\/2021\/wp-json\/wp\/v2\/categories?post=13564"},{"taxonomy":"post_tag","embeddable":true,"href":"https:\/\/informatepy.com\/2021\/wp-json\/wp\/v2\/tags?post=13564"},{"taxonomy":"author","embeddable":true,"href":"https:\/\/informatepy.com\/2021\/wp-json\/wp\/v2\/ppma_author?post=13564"}],"curies":[{"name":"wp","href":"https:\/\/api.w.org\/{rel}","templated":true}]}}