{"id":13513,"date":"2022-08-22T15:11:36","date_gmt":"2022-08-22T18:11:36","guid":{"rendered":"https:\/\/informatepy.com\/2021\/?p=13513"},"modified":"2022-08-22T15:11:39","modified_gmt":"2022-08-22T18:11:39","slug":"el-futuro-cardenal-martinez-flores-permanece-en-silencio-respecto-de-hechos-que-involucran-a-obispos-de-alto-parana","status":"publish","type":"post","link":"https:\/\/informatepy.com\/2021\/2022\/08\/22\/el-futuro-cardenal-martinez-flores-permanece-en-silencio-respecto-de-hechos-que-involucran-a-obispos-de-alto-parana\/","title":{"rendered":"El futuro cardenal, Mart\u00ednez Flores, permanece en silencio respecto de hechos que involucran a obispos de Alto Paran\u00e1"},"content":{"rendered":"\n<p class=\"has-text-align-justify\">El fin de semana pasado se produjeron presuntos actos delictivos de gran envergadura en el interior del pa\u00eds que involucran a Obispos de la Iglesia Cat\u00f3lica en el Paraguay. Curiosamente, estos actos se habr\u00edan dado en el Departamento de Alto Paran\u00e1, en d\u00f3nde se denuncian innumerables abusos contra feligreses.<\/p>\n\n\n\n<p class=\"has-text-align-justify\">El <strong>Obispo de Coronel Oviedo, Juan Bautista Gavil\u00e1n<\/strong>, ha sido sindicado como c\u00f3mplice en el b\u00e1rbaro acto ocurrido en <strong>Chacore&#8217;i, Alto Paran\u00e1<\/strong> en la que unos 50 ind\u00edgenas supuestamente dirigidos por el Senador <strong>Fulgencio \u00abKencho\u00bb Rodr\u00edguez<\/strong> (Frente Guazu) y <strong>Rafael \u00abMbururu\u00bb Esquivel<\/strong>, presunto activista social con frondosos antecedentes, invadieron unos terrenos privados que pretenden expropiar, sometiendo a torturas e intentos de violaci\u00f3n seg\u00fan denunciaron las v\u00edctimas.<\/p>\n\n\n\n<p class=\"has-text-align-justify\">Curiosamente, Rafael \u00abMbururu\u00bb Esquivel es oriundo del Alto Paran\u00e1 y forma parte del equipo pol\u00edtico del ex senador Paraguayo Cubas (Cruzada Nacional). \u00abPayo\u00bb minimiz\u00f3 en sus redes sociales los incidentes ocurridos en la Colonia Tape Yke.<\/p>\n\n\n\n<figure class=\"wp-block-embed aligncenter is-type-rich is-provider-twitter wp-block-embed-twitter\"><div class=\"wp-block-embed__wrapper\">\n<blockquote class=\"twitter-tweet\" data-width=\"550\" data-dnt=\"true\"><p lang=\"es\" dir=\"ltr\">El famoso intento de vi0l4ci\u00f3n <a href=\"https:\/\/t.co\/I0sJ84qAME\">pic.twitter.com\/I0sJ84qAME<\/a><\/p>&mdash; Paraguayo Cubas Colom\u00e9s (@ParaguayoCubas) <a href=\"https:\/\/twitter.com\/ParaguayoCubas\/status\/1561666657600172033?ref_src=twsrc%5Etfw\">August 22, 2022<\/a><\/blockquote><script async src=\"https:\/\/platform.twitter.com\/widgets.js\" charset=\"utf-8\"><\/script>\n<\/div><\/figure>\n\n\n\n<p class=\"has-text-align-justify\">Tambi\u00e9n es una notable coincidencia que tanto \u00abPayo\u00bb como \u00abMbururu\u00bb tienen a su \u00abcentro de operaciones\u00bb en Ciudad del Este, Di\u00f3cesis del Obispo Guillermo Steckling, qui\u00e9n est\u00e1 acusado a su vez de pretender expropiar unos terrenos privados de la zona de Hernandarias, pertenecientes a la Asociaci\u00f3n Stella Maris. Se ha denunciado que un grupo de monjas de dicho departamento habr\u00edan sufrido supuestas extorsiones y acosos por parte de los abogados del Obispado de Ciudad del Este.<\/p>\n\n\n\n<p class=\"has-text-align-justify\">El futuro Cardenal Adalberto Mart\u00ednez Flores, hasta el momento ha permanecido en absoluto silencio respecto a este caos en el Alto Paran\u00e1, que involucrar\u00eda a dos Obispos y que presuntamente utiliza a los ind\u00edgenas bajo enga\u00f1os aunque, si bien con pocas esperanzas dicen las v\u00edctimas de estos casos, se espera que el futuro Cardenal Adalberto Mart\u00ednez Flores ponga orden dentro del caos que actualmente se vive en la zona del Alto Paran\u00e1.<\/p>\n","protected":false},"excerpt":{"rendered":"<p>El fin de semana pasado se produjeron presuntos actos delictivos de gran envergadura en el interior del pa\u00eds que involucran a Obispos de la Iglesia Cat\u00f3lica en el Paraguay. Curiosamente, estos actos se habr\u00edan dado en el Departamento de Alto Paran\u00e1, en d\u00f3nde se denuncian innumerables abusos contra feligreses. El Obispo de Coronel Oviedo, Juan [&hellip;]<\/p>\n","protected":false},"author":4,"featured_media":13441,"comment_status":"open","ping_status":"open","sticky":false,"template":"","format":"standard","meta":{"_monsterinsights_skip_tracking":false,"_monsterinsights_sitenote_active":false,"_monsterinsights_sitenote_note":"","_monsterinsights_sitenote_category":0,"footnotes":"","jetpack_publicize_message":"","jetpack_is_tweetstorm":false,"jetpack_publicize_feature_enabled":true},"categories":[177],"tags":[1921,1036,1232,1714,472],"ppma_author":[1051],"class_list":["post-13513","post","type-post","status-publish","format-standard","has-post-thumbnail","hentry","category-nacionales","tag-alto-parana-2","tag-destacada","tag-iglesia-catolica","tag-mbururu","tag-payo-cubas"],"jetpack_publicize_connections":[],"yoast_head":"<!-- This site is optimized with the Yoast SEO plugin v27.4 - https:\/\/yoast.com\/product\/yoast-seo-wordpress\/ -->\n<title>El futuro cardenal, Mart\u00ednez Flores, permanece en silencio respecto de hechos que involucran a obispos de Alto Paran\u00e1 - Informatepy<\/title>\n<meta name=\"robots\" content=\"index, follow, max-snippet:-1, max-image-preview:large, max-video-preview:-1\" \/>\n<link rel=\"canonical\" href=\"https:\/\/informatepy.com\/2021\/2022\/08\/22\/el-futuro-cardenal-martinez-flores-permanece-en-silencio-respecto-de-hechos-que-involucran-a-obispos-de-alto-parana\/\" \/>\n<meta property=\"og:locale\" content=\"es_ES\" \/>\n<meta property=\"og:type\" content=\"article\" \/>\n<meta property=\"og:title\" content=\"El futuro cardenal, Mart\u00ednez Flores, permanece en silencio respecto de hechos que involucran a obispos de Alto Paran\u00e1 - Informatepy\" \/>\n<meta property=\"og:description\" content=\"El fin de semana pasado se produjeron presuntos actos delictivos de gran envergadura en el interior del pa\u00eds que involucran a Obispos de la Iglesia Cat\u00f3lica en el Paraguay. Curiosamente, estos actos se habr\u00edan dado en el Departamento de Alto Paran\u00e1, en d\u00f3nde se denuncian innumerables abusos contra feligreses. El Obispo de Coronel Oviedo, Juan [&hellip;]\" \/>\n<meta property=\"og:url\" content=\"https:\/\/informatepy.com\/2021\/2022\/08\/22\/el-futuro-cardenal-martinez-flores-permanece-en-silencio-respecto-de-hechos-que-involucran-a-obispos-de-alto-parana\/\" \/>\n<meta property=\"og:site_name\" content=\"Informatepy\" \/>\n<meta property=\"article:author\" content=\"https:\/\/www.facebook.com\/InformatePyCom\" \/>\n<meta property=\"article:published_time\" content=\"2022-08-22T18:11:36+00:00\" \/>\n<meta property=\"article:modified_time\" content=\"2022-08-22T18:11:39+00:00\" \/>\n<meta property=\"og:image\" content=\"https:\/\/informatepy.com\/2021\/wp-content\/uploads\/2022\/08\/Monsenor-Adalberto-Martinez-Flores.webp\" \/>\n\t<meta property=\"og:image:width\" content=\"900\" \/>\n\t<meta property=\"og:image:height\" content=\"500\" \/>\n\t<meta property=\"og:image:type\" content=\"image\/webp\" \/>\n<meta name=\"author\" content=\"Redacci\u00f3n\" \/>\n<meta name=\"twitter:card\" content=\"summary_large_image\" \/>\n<meta name=\"twitter:creator\" content=\"@https:\/\/twitter.com\/InformatePy1\" \/>\n<meta name=\"twitter:label1\" content=\"Escrito por\" \/>\n\t<meta name=\"twitter:data1\" content=\"Redacci\u00f3n\" \/>\n\t<meta name=\"twitter:label2\" content=\"Tiempo de lectura\" \/>\n\t<meta name=\"twitter:data2\" content=\"2 minutos\" \/>\n<script type=\"application\/ld+json\" class=\"yoast-schema-graph\">{\"@context\":\"https:\\\/\\\/schema.org\",\"@graph\":[{\"@type\":\"Article\",\"@id\":\"https:\\\/\\\/informatepy.com\\\/2021\\\/2022\\\/08\\\/22\\\/el-futuro-cardenal-martinez-flores-permanece-en-silencio-respecto-de-hechos-que-involucran-a-obispos-de-alto-parana\\\/#article\",\"isPartOf\":{\"@id\":\"https:\\\/\\\/informatepy.com\\\/2021\\\/2022\\\/08\\\/22\\\/el-futuro-cardenal-martinez-flores-permanece-en-silencio-respecto-de-hechos-que-involucran-a-obispos-de-alto-parana\\\/\"},\"author\":{\"name\":\"Redacci\u00f3n\",\"@id\":\"https:\\\/\\\/informatepy.com\\\/2021\\\/#\\\/schema\\\/person\\\/0c842f525f84ea74ef3b44370d11757b\"},\"headline\":\"El futuro cardenal, Mart\u00ednez Flores, permanece en silencio respecto de hechos que involucran a obispos de Alto Paran\u00e1\",\"datePublished\":\"2022-08-22T18:11:36+00:00\",\"dateModified\":\"2022-08-22T18:11:39+00:00\",\"mainEntityOfPage\":{\"@id\":\"https:\\\/\\\/informatepy.com\\\/2021\\\/2022\\\/08\\\/22\\\/el-futuro-cardenal-martinez-flores-permanece-en-silencio-respecto-de-hechos-que-involucran-a-obispos-de-alto-parana\\\/\"},\"wordCount\":347,\"commentCount\":0,\"publisher\":{\"@id\":\"https:\\\/\\\/informatepy.com\\\/2021\\\/#\\\/schema\\\/person\\\/edd302c981d6ba4596191719d1025a8a\"},\"image\":{\"@id\":\"https:\\\/\\\/informatepy.com\\\/2021\\\/2022\\\/08\\\/22\\\/el-futuro-cardenal-martinez-flores-permanece-en-silencio-respecto-de-hechos-que-involucran-a-obispos-de-alto-parana\\\/#primaryimage\"},\"thumbnailUrl\":\"https:\\\/\\\/i0.wp.com\\\/informatepy.com\\\/2021\\\/wp-content\\\/uploads\\\/2022\\\/08\\\/Monsenor-Adalberto-Martinez-Flores.webp?fit=900%2C500&ssl=1\",\"keywords\":[\"alto parana\",\"destacada\",\"iglesia catolica\",\"mbururu\",\"payo cubas\"],\"articleSection\":[\"Nacionales\"],\"inLanguage\":\"es\",\"potentialAction\":[{\"@type\":\"CommentAction\",\"name\":\"Comment\",\"target\":[\"https:\\\/\\\/informatepy.com\\\/2021\\\/2022\\\/08\\\/22\\\/el-futuro-cardenal-martinez-flores-permanece-en-silencio-respecto-de-hechos-que-involucran-a-obispos-de-alto-parana\\\/#respond\"]}]},{\"@type\":\"WebPage\",\"@id\":\"https:\\\/\\\/informatepy.com\\\/2021\\\/2022\\\/08\\\/22\\\/el-futuro-cardenal-martinez-flores-permanece-en-silencio-respecto-de-hechos-que-involucran-a-obispos-de-alto-parana\\\/\",\"url\":\"https:\\\/\\\/informatepy.com\\\/2021\\\/2022\\\/08\\\/22\\\/el-futuro-cardenal-martinez-flores-permanece-en-silencio-respecto-de-hechos-que-involucran-a-obispos-de-alto-parana\\\/\",\"name\":\"El futuro cardenal, Mart\u00ednez Flores, permanece en silencio respecto de hechos que involucran a obispos de Alto Paran\u00e1 - Informatepy\",\"isPartOf\":{\"@id\":\"https:\\\/\\\/informatepy.com\\\/2021\\\/#website\"},\"primaryImageOfPage\":{\"@id\":\"https:\\\/\\\/informatepy.com\\\/2021\\\/2022\\\/08\\\/22\\\/el-futuro-cardenal-martinez-flores-permanece-en-silencio-respecto-de-hechos-que-involucran-a-obispos-de-alto-parana\\\/#primaryimage\"},\"image\":{\"@id\":\"https:\\\/\\\/informatepy.com\\\/2021\\\/2022\\\/08\\\/22\\\/el-futuro-cardenal-martinez-flores-permanece-en-silencio-respecto-de-hechos-que-involucran-a-obispos-de-alto-parana\\\/#primaryimage\"},\"thumbnailUrl\":\"https:\\\/\\\/i0.wp.com\\\/informatepy.com\\\/2021\\\/wp-content\\\/uploads\\\/2022\\\/08\\\/Monsenor-Adalberto-Martinez-Flores.webp?fit=900%2C500&ssl=1\",\"datePublished\":\"2022-08-22T18:11:36+00:00\",\"dateModified\":\"2022-08-22T18:11:39+00:00\",\"breadcrumb\":{\"@id\":\"https:\\\/\\\/informatepy.com\\\/2021\\\/2022\\\/08\\\/22\\\/el-futuro-cardenal-martinez-flores-permanece-en-silencio-respecto-de-hechos-que-involucran-a-obispos-de-alto-parana\\\/#breadcrumb\"},\"inLanguage\":\"es\",\"potentialAction\":[{\"@type\":\"ReadAction\",\"target\":[\"https:\\\/\\\/informatepy.com\\\/2021\\\/2022\\\/08\\\/22\\\/el-futuro-cardenal-martinez-flores-permanece-en-silencio-respecto-de-hechos-que-involucran-a-obispos-de-alto-parana\\\/\"]}]},{\"@type\":\"ImageObject\",\"inLanguage\":\"es\",\"@id\":\"https:\\\/\\\/informatepy.com\\\/2021\\\/2022\\\/08\\\/22\\\/el-futuro-cardenal-martinez-flores-permanece-en-silencio-respecto-de-hechos-que-involucran-a-obispos-de-alto-parana\\\/#primaryimage\",\"url\":\"https:\\\/\\\/i0.wp.com\\\/informatepy.com\\\/2021\\\/wp-content\\\/uploads\\\/2022\\\/08\\\/Monsenor-Adalberto-Martinez-Flores.webp?fit=900%2C500&ssl=1\",\"contentUrl\":\"https:\\\/\\\/i0.wp.com\\\/informatepy.com\\\/2021\\\/wp-content\\\/uploads\\\/2022\\\/08\\\/Monsenor-Adalberto-Martinez-Flores.webp?fit=900%2C500&ssl=1\",\"width\":900,\"height\":500},{\"@type\":\"BreadcrumbList\",\"@id\":\"https:\\\/\\\/informatepy.com\\\/2021\\\/2022\\\/08\\\/22\\\/el-futuro-cardenal-martinez-flores-permanece-en-silencio-respecto-de-hechos-que-involucran-a-obispos-de-alto-parana\\\/#breadcrumb\",\"itemListElement\":[{\"@type\":\"ListItem\",\"position\":1,\"name\":\"Portada\",\"item\":\"https:\\\/\\\/informatepy.com\\\/2021\\\/\"},{\"@type\":\"ListItem\",\"position\":2,\"name\":\"El futuro cardenal, Mart\u00ednez Flores, permanece en silencio respecto de hechos que involucran a obispos de Alto Paran\u00e1\"}]},{\"@type\":\"WebSite\",\"@id\":\"https:\\\/\\\/informatepy.com\\\/2021\\\/#website\",\"url\":\"https:\\\/\\\/informatepy.com\\\/2021\\\/\",\"name\":\"Informatepy\",\"description\":\"La verdad, siempre!\",\"publisher\":{\"@id\":\"https:\\\/\\\/informatepy.com\\\/2021\\\/#\\\/schema\\\/person\\\/edd302c981d6ba4596191719d1025a8a\"},\"potentialAction\":[{\"@type\":\"SearchAction\",\"target\":{\"@type\":\"EntryPoint\",\"urlTemplate\":\"https:\\\/\\\/informatepy.com\\\/2021\\\/?s={search_term_string}\"},\"query-input\":{\"@type\":\"PropertyValueSpecification\",\"valueRequired\":true,\"valueName\":\"search_term_string\"}}],\"inLanguage\":\"es\"},{\"@type\":[\"Person\",\"Organization\"],\"@id\":\"https:\\\/\\\/informatepy.com\\\/2021\\\/#\\\/schema\\\/person\\\/edd302c981d6ba4596191719d1025a8a\",\"name\":\"admin\",\"image\":{\"@type\":\"ImageObject\",\"inLanguage\":\"es\",\"@id\":\"https:\\\/\\\/secure.gravatar.com\\\/avatar\\\/5310f602b6cbcfb86e030c4ccdbb78f6565a3b9bab6a74ab80fd3cb5428b65af?s=96&d=mm&r=g\",\"url\":\"https:\\\/\\\/secure.gravatar.com\\\/avatar\\\/5310f602b6cbcfb86e030c4ccdbb78f6565a3b9bab6a74ab80fd3cb5428b65af?s=96&d=mm&r=g\",\"contentUrl\":\"https:\\\/\\\/secure.gravatar.com\\\/avatar\\\/5310f602b6cbcfb86e030c4ccdbb78f6565a3b9bab6a74ab80fd3cb5428b65af?s=96&d=mm&r=g\",\"caption\":\"admin\"},\"logo\":{\"@id\":\"https:\\\/\\\/secure.gravatar.com\\\/avatar\\\/5310f602b6cbcfb86e030c4ccdbb78f6565a3b9bab6a74ab80fd3cb5428b65af?s=96&d=mm&r=g\"},\"sameAs\":[\"http:\\\/\\\/informatepy.com\\\/2021\"]},{\"@type\":\"Person\",\"@id\":\"https:\\\/\\\/informatepy.com\\\/2021\\\/#\\\/schema\\\/person\\\/0c842f525f84ea74ef3b44370d11757b\",\"name\":\"Redacci\u00f3n\",\"image\":{\"@type\":\"ImageObject\",\"inLanguage\":\"es\",\"@id\":\"https:\\\/\\\/i0.wp.com\\\/informatepy.com\\\/2021\\\/wp-content\\\/uploads\\\/2021\\\/02\\\/informate-circulo.png?fit=96%2C96&ssl=1\",\"url\":\"https:\\\/\\\/i0.wp.com\\\/informatepy.com\\\/2021\\\/wp-content\\\/uploads\\\/2021\\\/02\\\/informate-circulo.png?fit=96%2C96&ssl=1\",\"contentUrl\":\"https:\\\/\\\/i0.wp.com\\\/informatepy.com\\\/2021\\\/wp-content\\\/uploads\\\/2021\\\/02\\\/informate-circulo.png?fit=96%2C96&ssl=1\",\"caption\":\"Redacci\u00f3n\"},\"sameAs\":[\"https:\\\/\\\/www.facebook.com\\\/InformatePyCom\",\"https:\\\/\\\/x.com\\\/https:\\\/\\\/twitter.com\\\/InformatePy1\"],\"url\":\"https:\\\/\\\/informatepy.com\\\/2021\\\/author\\\/redaccion\\\/\"}]}<\/script>\n<!-- \/ Yoast SEO plugin. -->","yoast_head_json":{"title":"El futuro cardenal, Mart\u00ednez Flores, permanece en silencio respecto de hechos que involucran a obispos de Alto Paran\u00e1 - Informatepy","robots":{"index":"index","follow":"follow","max-snippet":"max-snippet:-1","max-image-preview":"max-image-preview:large","max-video-preview":"max-video-preview:-1"},"canonical":"https:\/\/informatepy.com\/2021\/2022\/08\/22\/el-futuro-cardenal-martinez-flores-permanece-en-silencio-respecto-de-hechos-que-involucran-a-obispos-de-alto-parana\/","og_locale":"es_ES","og_type":"article","og_title":"El futuro cardenal, Mart\u00ednez Flores, permanece en silencio respecto de hechos que involucran a obispos de Alto Paran\u00e1 - Informatepy","og_description":"El fin de semana pasado se produjeron presuntos actos delictivos de gran envergadura en el interior del pa\u00eds que involucran a Obispos de la Iglesia Cat\u00f3lica en el Paraguay. Curiosamente, estos actos se habr\u00edan dado en el Departamento de Alto Paran\u00e1, en d\u00f3nde se denuncian innumerables abusos contra feligreses. El Obispo de Coronel Oviedo, Juan [&hellip;]","og_url":"https:\/\/informatepy.com\/2021\/2022\/08\/22\/el-futuro-cardenal-martinez-flores-permanece-en-silencio-respecto-de-hechos-que-involucran-a-obispos-de-alto-parana\/","og_site_name":"Informatepy","article_author":"https:\/\/www.facebook.com\/InformatePyCom","article_published_time":"2022-08-22T18:11:36+00:00","article_modified_time":"2022-08-22T18:11:39+00:00","og_image":[{"width":900,"height":500,"url":"https:\/\/informatepy.com\/2021\/wp-content\/uploads\/2022\/08\/Monsenor-Adalberto-Martinez-Flores.webp","type":"image\/webp"}],"author":"Redacci\u00f3n","twitter_card":"summary_large_image","twitter_creator":"@https:\/\/twitter.com\/InformatePy1","twitter_misc":{"Escrito por":"Redacci\u00f3n","Tiempo de lectura":"2 minutos"},"schema":{"@context":"https:\/\/schema.org","@graph":[{"@type":"Article","@id":"https:\/\/informatepy.com\/2021\/2022\/08\/22\/el-futuro-cardenal-martinez-flores-permanece-en-silencio-respecto-de-hechos-que-involucran-a-obispos-de-alto-parana\/#article","isPartOf":{"@id":"https:\/\/informatepy.com\/2021\/2022\/08\/22\/el-futuro-cardenal-martinez-flores-permanece-en-silencio-respecto-de-hechos-que-involucran-a-obispos-de-alto-parana\/"},"author":{"name":"Redacci\u00f3n","@id":"https:\/\/informatepy.com\/2021\/#\/schema\/person\/0c842f525f84ea74ef3b44370d11757b"},"headline":"El futuro cardenal, Mart\u00ednez Flores, permanece en silencio respecto de hechos que involucran a obispos de Alto Paran\u00e1","datePublished":"2022-08-22T18:11:36+00:00","dateModified":"2022-08-22T18:11:39+00:00","mainEntityOfPage":{"@id":"https:\/\/informatepy.com\/2021\/2022\/08\/22\/el-futuro-cardenal-martinez-flores-permanece-en-silencio-respecto-de-hechos-que-involucran-a-obispos-de-alto-parana\/"},"wordCount":347,"commentCount":0,"publisher":{"@id":"https:\/\/informatepy.com\/2021\/#\/schema\/person\/edd302c981d6ba4596191719d1025a8a"},"image":{"@id":"https:\/\/informatepy.com\/2021\/2022\/08\/22\/el-futuro-cardenal-martinez-flores-permanece-en-silencio-respecto-de-hechos-que-involucran-a-obispos-de-alto-parana\/#primaryimage"},"thumbnailUrl":"https:\/\/i0.wp.com\/informatepy.com\/2021\/wp-content\/uploads\/2022\/08\/Monsenor-Adalberto-Martinez-Flores.webp?fit=900%2C500&ssl=1","keywords":["alto parana","destacada","iglesia catolica","mbururu","payo cubas"],"articleSection":["Nacionales"],"inLanguage":"es","potentialAction":[{"@type":"CommentAction","name":"Comment","target":["https:\/\/informatepy.com\/2021\/2022\/08\/22\/el-futuro-cardenal-martinez-flores-permanece-en-silencio-respecto-de-hechos-que-involucran-a-obispos-de-alto-parana\/#respond"]}]},{"@type":"WebPage","@id":"https:\/\/informatepy.com\/2021\/2022\/08\/22\/el-futuro-cardenal-martinez-flores-permanece-en-silencio-respecto-de-hechos-que-involucran-a-obispos-de-alto-parana\/","url":"https:\/\/informatepy.com\/2021\/2022\/08\/22\/el-futuro-cardenal-martinez-flores-permanece-en-silencio-respecto-de-hechos-que-involucran-a-obispos-de-alto-parana\/","name":"El futuro cardenal, Mart\u00ednez Flores, permanece en silencio respecto de hechos que involucran a obispos de Alto Paran\u00e1 - Informatepy","isPartOf":{"@id":"https:\/\/informatepy.com\/2021\/#website"},"primaryImageOfPage":{"@id":"https:\/\/informatepy.com\/2021\/2022\/08\/22\/el-futuro-cardenal-martinez-flores-permanece-en-silencio-respecto-de-hechos-que-involucran-a-obispos-de-alto-parana\/#primaryimage"},"image":{"@id":"https:\/\/informatepy.com\/2021\/2022\/08\/22\/el-futuro-cardenal-martinez-flores-permanece-en-silencio-respecto-de-hechos-que-involucran-a-obispos-de-alto-parana\/#primaryimage"},"thumbnailUrl":"https:\/\/i0.wp.com\/informatepy.com\/2021\/wp-content\/uploads\/2022\/08\/Monsenor-Adalberto-Martinez-Flores.webp?fit=900%2C500&ssl=1","datePublished":"2022-08-22T18:11:36+00:00","dateModified":"2022-08-22T18:11:39+00:00","breadcrumb":{"@id":"https:\/\/informatepy.com\/2021\/2022\/08\/22\/el-futuro-cardenal-martinez-flores-permanece-en-silencio-respecto-de-hechos-que-involucran-a-obispos-de-alto-parana\/#breadcrumb"},"inLanguage":"es","potentialAction":[{"@type":"ReadAction","target":["https:\/\/informatepy.com\/2021\/2022\/08\/22\/el-futuro-cardenal-martinez-flores-permanece-en-silencio-respecto-de-hechos-que-involucran-a-obispos-de-alto-parana\/"]}]},{"@type":"ImageObject","inLanguage":"es","@id":"https:\/\/informatepy.com\/2021\/2022\/08\/22\/el-futuro-cardenal-martinez-flores-permanece-en-silencio-respecto-de-hechos-que-involucran-a-obispos-de-alto-parana\/#primaryimage","url":"https:\/\/i0.wp.com\/informatepy.com\/2021\/wp-content\/uploads\/2022\/08\/Monsenor-Adalberto-Martinez-Flores.webp?fit=900%2C500&ssl=1","contentUrl":"https:\/\/i0.wp.com\/informatepy.com\/2021\/wp-content\/uploads\/2022\/08\/Monsenor-Adalberto-Martinez-Flores.webp?fit=900%2C500&ssl=1","width":900,"height":500},{"@type":"BreadcrumbList","@id":"https:\/\/informatepy.com\/2021\/2022\/08\/22\/el-futuro-cardenal-martinez-flores-permanece-en-silencio-respecto-de-hechos-que-involucran-a-obispos-de-alto-parana\/#breadcrumb","itemListElement":[{"@type":"ListItem","position":1,"name":"Portada","item":"https:\/\/informatepy.com\/2021\/"},{"@type":"ListItem","position":2,"name":"El futuro cardenal, Mart\u00ednez Flores, permanece en silencio respecto de hechos que involucran a obispos de Alto Paran\u00e1"}]},{"@type":"WebSite","@id":"https:\/\/informatepy.com\/2021\/#website","url":"https:\/\/informatepy.com\/2021\/","name":"Informatepy","description":"La verdad, siempre!","publisher":{"@id":"https:\/\/informatepy.com\/2021\/#\/schema\/person\/edd302c981d6ba4596191719d1025a8a"},"potentialAction":[{"@type":"SearchAction","target":{"@type":"EntryPoint","urlTemplate":"https:\/\/informatepy.com\/2021\/?s={search_term_string}"},"query-input":{"@type":"PropertyValueSpecification","valueRequired":true,"valueName":"search_term_string"}}],"inLanguage":"es"},{"@type":["Person","Organization"],"@id":"https:\/\/informatepy.com\/2021\/#\/schema\/person\/edd302c981d6ba4596191719d1025a8a","name":"admin","image":{"@type":"ImageObject","inLanguage":"es","@id":"https:\/\/secure.gravatar.com\/avatar\/5310f602b6cbcfb86e030c4ccdbb78f6565a3b9bab6a74ab80fd3cb5428b65af?s=96&d=mm&r=g","url":"https:\/\/secure.gravatar.com\/avatar\/5310f602b6cbcfb86e030c4ccdbb78f6565a3b9bab6a74ab80fd3cb5428b65af?s=96&d=mm&r=g","contentUrl":"https:\/\/secure.gravatar.com\/avatar\/5310f602b6cbcfb86e030c4ccdbb78f6565a3b9bab6a74ab80fd3cb5428b65af?s=96&d=mm&r=g","caption":"admin"},"logo":{"@id":"https:\/\/secure.gravatar.com\/avatar\/5310f602b6cbcfb86e030c4ccdbb78f6565a3b9bab6a74ab80fd3cb5428b65af?s=96&d=mm&r=g"},"sameAs":["http:\/\/informatepy.com\/2021"]},{"@type":"Person","@id":"https:\/\/informatepy.com\/2021\/#\/schema\/person\/0c842f525f84ea74ef3b44370d11757b","name":"Redacci\u00f3n","image":{"@type":"ImageObject","inLanguage":"es","@id":"https:\/\/i0.wp.com\/informatepy.com\/2021\/wp-content\/uploads\/2021\/02\/informate-circulo.png?fit=96%2C96&ssl=1","url":"https:\/\/i0.wp.com\/informatepy.com\/2021\/wp-content\/uploads\/2021\/02\/informate-circulo.png?fit=96%2C96&ssl=1","contentUrl":"https:\/\/i0.wp.com\/informatepy.com\/2021\/wp-content\/uploads\/2021\/02\/informate-circulo.png?fit=96%2C96&ssl=1","caption":"Redacci\u00f3n"},"sameAs":["https:\/\/www.facebook.com\/InformatePyCom","https:\/\/x.com\/https:\/\/twitter.com\/InformatePy1"],"url":"https:\/\/informatepy.com\/2021\/author\/redaccion\/"}]}},"jetpack_featured_media_url":"https:\/\/i0.wp.com\/informatepy.com\/2021\/wp-content\/uploads\/2022\/08\/Monsenor-Adalberto-Martinez-Flores.webp?fit=900%2C500&ssl=1","jetpack_sharing_enabled":true,"jetpack_likes_enabled":true,"jetpack-related-posts":[{"id":13560,"url":"https:\/\/informatepy.com\/2021\/2022\/08\/24\/la-conferencia-episcopal-niega-que-el-obispo-gavilan-haya-participado-de-las-invasiones-en-alto-parana\/","url_meta":{"origin":13513,"position":0},"title":"La Conferencia Episcopal niega que el obispo Gavil\u00e1n haya participado de las invasiones en Alto Paran\u00e1","date":"24 de agosto de 2022","format":false,"excerpt":"En un extra\u00f1o comunicado difundido por sus Redes Sociales, la Conferencia Episcopal Paraguaya niega que el Obispo Juan Bautista Gavil\u00e1n de Coronel Oviedo haya participado de las invasiones a inmuebles llevadas a cabo presuntamente por l\u00edderes sociales e ind\u00edgenas en el Alto Paran\u00e1. Adem\u00e1s, en una actitud que fue considerada\u2026","rel":"","context":"En \u00abNacionales\u00bb","img":{"alt_text":"","src":"https:\/\/i0.wp.com\/informatepy.com\/2021\/wp-content\/uploads\/2022\/08\/invasion-alto-parana-kencho.jpg?fit=693%2C375&ssl=1&resize=350%2C200","width":350,"height":200},"classes":[]},{"id":13479,"url":"https:\/\/informatepy.com\/2021\/2022\/08\/21\/kencho-rodriguez-y-el-obispo-gavilan-involucrados-en-violenta-invasion-en-alto-parana\/","url_meta":{"origin":13513,"position":1},"title":"\u00abKencho\u00bb Rodr\u00edguez y el obispo Gavil\u00e1n involucrados en violenta invasi\u00f3n en Alto Paran\u00e1","date":"21 de agosto de 2022","format":false,"excerpt":"Unos 50 ind\u00edgenas destruyeron infraestructura, quemaron maquinaria, robaron herramientas y arrasaron valiosos cultivos.","rel":"","context":"En \u00abNacionales\u00bb","img":{"alt_text":"","src":"https:\/\/i0.wp.com\/informatepy.com\/2021\/wp-content\/uploads\/2022\/08\/invasion-alto-parana-kencho.jpg?fit=693%2C375&ssl=1&resize=350%2C200","width":350,"height":200},"classes":[]},{"id":13486,"url":"https:\/\/informatepy.com\/2021\/2022\/08\/21\/monjas-denuncian-presiones-de-la-diocesis-de-ciudad-del-este\/","url_meta":{"origin":13513,"position":2},"title":"Monjas denuncian presiones de la Di\u00f3cesis de Ciudad del Este","date":"21 de agosto de 2022","format":false,"excerpt":"De acuerdo a denuncias recibidas, un grupo de monjas de Ciudad del Este esatar\u00edan siendo perseguidas y acosadas de manera incesante por abogados que habr\u00edan sido contratados por la Di\u00f3cesis de Ciudad del Este. \u00c9stos dijeron estar bajo \u00f3rdenes directas del Obispo Guillermo Steckling, aunque estas informaciones no fueron confirmadas.\u2026","rel":"","context":"En \u00abNacionales\u00bb","img":{"alt_text":"","src":"https:\/\/i0.wp.com\/informatepy.com\/2021\/wp-content\/uploads\/2022\/08\/Guillermo-Steckling.jpg?fit=1200%2C620&ssl=1&resize=350%2C200","width":350,"height":200},"classes":[]},{"id":6658,"url":"https:\/\/informatepy.com\/2021\/2021\/08\/21\/nicaragua-sacerdotes-alertan-sobre-la-persecucion-de-daniel-ortega-a-los-catolicos\/","url_meta":{"origin":13513,"position":3},"title":"NICARAGUA: Sacerdotes alertan sobre la persecuci\u00f3n de Daniel Ortega a los cat\u00f3licos","date":"21 de agosto de 2021","format":false,"excerpt":"America, la revista de los jesuitas estadounidenses, explica que la Iglesia Cat\u00f3lica de Nicaragua teme una represi\u00f3n de Daniel Ortega.","rel":"","context":"En \u00abMundo\u00bb","img":{"alt_text":"","src":"https:\/\/i0.wp.com\/informatepy.com\/2021\/wp-content\/uploads\/2021\/08\/catolicos-nicaraguenses.jpg?fit=1200%2C739&ssl=1&resize=350%2C200","width":350,"height":200},"classes":[]},{"id":14075,"url":"https:\/\/informatepy.com\/2021\/2022\/09\/26\/comienza-en-hong-kong-el-juicio-contra-el-cardenal-joseph-zen\/","url_meta":{"origin":13513,"position":4},"title":"Comienza en Hong Kong el juicio contra el cardenal Joseph Zen","date":"26 de septiembre de 2022","format":false,"excerpt":"El cardenal cat\u00f3lico Joseph Zen, de 90 a\u00f1os, compareci\u00f3 en los tribunales hongkoneses este lunes junto con cinco activistas prodemocr\u00e1ticos por su presunta vinculaci\u00f3n con un fondo que buscaba ayudar a los manifestantes arrestados o heridos durante el movimiento antigubernamental de 2019. Zen, uno de los cl\u00e9rigos cat\u00f3licos de m\u00e1s\u2026","rel":"","context":"En \u00abMundo\u00bb","img":{"alt_text":"","src":"https:\/\/i0.wp.com\/informatepy.com\/2021\/wp-content\/uploads\/2022\/09\/joseph-zen.webp?fit=1200%2C600&ssl=1&resize=350%2C200","width":350,"height":200},"classes":[]},{"id":1106,"url":"https:\/\/informatepy.com\/2021\/2019\/04\/30\/robaron-evidencias-de-boveda-del-poder-judicial-en-alto-parana\/","url_meta":{"origin":13513,"position":5},"title":"Robaron evidencias de b\u00f3veda del Poder Judicial en Alto Paran\u00e1","date":"30 de abril de 2019","format":false,"excerpt":"La ministra Gladys Bareiro present\u00f3 un informe ante el pleno indicando que robaron varias evidencias, entre ellas armas y celulares. Coment\u00f3 se va a constituir en Alto Paran\u00e1 para saber con precisi\u00f3n qu\u00e9 fue lo que sucedi\u00f3. No obstante, se desconoce cu\u00e1ndo ocurri\u00f3 este hecho, que puede ser muy grave,\u2026","rel":"","context":"En \u00abNacionales\u00bb","img":{"alt_text":"","src":"https:\/\/i0.wp.com\/informatepy.com\/2021\/wp-content\/uploads\/2021\/04\/Gladys-Bareiro-de-MC3B3dica.jpg?fit=717%2C500&ssl=1&resize=350%2C200","width":350,"height":200},"classes":[]}],"authors":[{"term_id":1051,"user_id":4,"is_guest":0,"slug":"redaccion","display_name":"Redacci\u00f3n","avatar_url":"https:\/\/i0.wp.com\/informatepy.com\/2021\/wp-content\/uploads\/2021\/02\/informate-circulo.png?fit=96%2C96&ssl=1","first_name":"Redacci\u00f3n","last_name":"","user_url":"","description":""}],"amp_enabled":true,"_links":{"self":[{"href":"https:\/\/informatepy.com\/2021\/wp-json\/wp\/v2\/posts\/13513","targetHints":{"allow":["GET"]}}],"collection":[{"href":"https:\/\/informatepy.com\/2021\/wp-json\/wp\/v2\/posts"}],"about":[{"href":"https:\/\/informatepy.com\/2021\/wp-json\/wp\/v2\/types\/post"}],"author":[{"embeddable":true,"href":"https:\/\/informatepy.com\/2021\/wp-json\/wp\/v2\/users\/4"}],"replies":[{"embeddable":true,"href":"https:\/\/informatepy.com\/2021\/wp-json\/wp\/v2\/comments?post=13513"}],"version-history":[{"count":1,"href":"https:\/\/informatepy.com\/2021\/wp-json\/wp\/v2\/posts\/13513\/revisions"}],"predecessor-version":[{"id":13514,"href":"https:\/\/informatepy.com\/2021\/wp-json\/wp\/v2\/posts\/13513\/revisions\/13514"}],"wp:featuredmedia":[{"embeddable":true,"href":"https:\/\/informatepy.com\/2021\/wp-json\/wp\/v2\/media\/13441"}],"wp:attachment":[{"href":"https:\/\/informatepy.com\/2021\/wp-json\/wp\/v2\/media?parent=13513"}],"wp:term":[{"taxonomy":"category","embeddable":true,"href":"https:\/\/informatepy.com\/2021\/wp-json\/wp\/v2\/categories?post=13513"},{"taxonomy":"post_tag","embeddable":true,"href":"https:\/\/informatepy.com\/2021\/wp-json\/wp\/v2\/tags?post=13513"},{"taxonomy":"author","embeddable":true,"href":"https:\/\/informatepy.com\/2021\/wp-json\/wp\/v2\/ppma_author?post=13513"}],"curies":[{"name":"wp","href":"https:\/\/api.w.org\/{rel}","templated":true}]}}