{"id":13508,"date":"2022-08-22T14:11:53","date_gmt":"2022-08-22T17:11:53","guid":{"rendered":"https:\/\/informatepy.com\/2021\/?p=13508"},"modified":"2022-08-22T14:14:34","modified_gmt":"2022-08-22T17:14:34","slug":"los-enemigos-invisibles-y-la-responsabilidad-personal","status":"publish","type":"post","link":"https:\/\/informatepy.com\/2021\/2022\/08\/22\/los-enemigos-invisibles-y-la-responsabilidad-personal\/","title":{"rendered":"Los enemigos invisibles y la responsabilidad personal"},"content":{"rendered":"\n<p class=\"has-text-align-justify\"><strong>Conocida la renuncia del Dr. Fauci a partir del mes de diciembre, siendo que este tan mentado doctor fue el principal causante del miedo que bloque\u00f3 a una gran parte de la sociedad a nivel mundial, es bueno recordar estas l\u00edneas escritas hace exactamente dos a\u00f1os y que hoy vuelven a ser tan vigentes como el primer d\u00eda.<\/strong><\/p>\n\n\n\n<p class=\"has-text-align-justify\"><em>En la edad media los esp\u00edritus demon\u00edacos; en el a\u00f1o 2020 el COVID19.<\/em><\/p>\n\n\n\n<p class=\"has-text-align-justify\"><em>El resultado es el mismo en ambos casos: aumento del poder central, la represi\u00f3n, la cultura de la delaci\u00f3n, la cacer\u00eda de brujas y la inversi\u00f3n de la carga de la prueba, los tribunales populares y la quema de los \u00abimpuros\u00bb en redes sociales.<\/em><\/p>\n\n\n\n<p class=\"has-text-align-justify\"><em>Lo \u00fanico que se tuvo que hacer es declarar la existencia de un enemigo invisible y la libertad se inclin\u00f3 ante el miedo.<\/em><\/p>\n\n\n\n<p class=\"has-text-align-justify\"><em>\u00a1Basta! O nos hacemos cargos de nuestras vidas cada uno, o le cedemos ese imperativo al poder central.<\/em><\/p>\n\n\n\n<p class=\"has-text-align-justify\"><em>La libertad siempre fue responsabilidad. Es eso o avanzamos a tientas por el penoso camino de la servidumbre.<\/em><\/p>\n\n\n<div class=\"wp-block-image\">\n<figure class=\"aligncenter size-full is-resized\"><img loading=\"lazy\" decoding=\"async\" src=\"https:\/\/i0.wp.com\/informatepy.com\/2021\/wp-content\/uploads\/2022\/08\/image-4.png?resize=459%2C378&#038;ssl=1\" alt=\"\" class=\"wp-image-13510\" width=\"459\" height=\"378\" srcset=\"https:\/\/i0.wp.com\/informatepy.com\/2021\/wp-content\/uploads\/2022\/08\/image-4.png?w=720&amp;ssl=1 720w, https:\/\/i0.wp.com\/informatepy.com\/2021\/wp-content\/uploads\/2022\/08\/image-4.png?resize=300%2C247&amp;ssl=1 300w\" sizes=\"auto, (max-width: 459px) 100vw, 459px\" data-recalc-dims=\"1\" \/><\/figure>\n<\/div>\n\n\n<p class=\"has-text-align-justify\"><em>\u00bfRiesgos? Si, claro. Siempre los hubo. \u00bfMiedo? Te entiendo. Pero es hora de erguirse, levantar la cabeza y asumir que, si no nos hacemos cargo de nuestras vidas, otro PODER lo har\u00e1. Este es un juego de suma cero. Sos vos o es otro.<\/em><\/p>\n\n\n\n<p class=\"has-text-align-justify\"><em>Hoy te toca a vos. Tus antepasados ya lo hicieron y nos legaron el mejor mundo que la historia ha conocido. El mejor. \u00bfNo me crees? Mira a tu alrededor. Jam\u00e1s los seres humanos han tenido a la mano mejores bienes y servicios, nunca. Jam\u00e1s hemos tenido m\u00e1s tiempo ocioso que en esta era, nunca m\u00e1s acceso al conocimiento. Esta es la era m\u00e1s grandiosa que ojos mortales hayan visto.<\/em><\/p>\n\n\n\n<p class=\"has-text-align-justify\"><em>Si nuestros padres han sacrificado tanto para llegar aqu\u00ed, si ellos han tenido que tomar sus decisiones en contextos a\u00fan m\u00e1s inciertos, si nuestros ancestros supieron encontrar la manera de cargar con el dign\u00edsimo peso de su libertad, entonces la pregunta es:<\/em><\/p>\n\n\n\n<p><em>\u00bfEst\u00e1s listo para hacer tus propias elecciones?<\/em><\/p>\n","protected":false},"excerpt":{"rendered":"<p>Conocida la renuncia del Dr. Fauci a partir del mes de diciembre, siendo que este tan mentado doctor fue el principal causante del miedo que bloque\u00f3 a una gran parte de la sociedad a nivel mundial, es bueno recordar estas l\u00edneas escritas hace exactamente dos a\u00f1os y que hoy vuelven a ser tan vigentes como [&hellip;]<\/p>\n","protected":false},"author":42,"featured_media":11310,"comment_status":"open","ping_status":"open","sticky":false,"template":"","format":"standard","meta":{"_monsterinsights_skip_tracking":false,"_monsterinsights_sitenote_active":false,"_monsterinsights_sitenote_note":"","_monsterinsights_sitenote_category":0,"footnotes":"","jetpack_publicize_message":"","jetpack_is_tweetstorm":false,"jetpack_publicize_feature_enabled":false},"categories":[248],"tags":[1036],"ppma_author":[1755],"class_list":["post-13508","post","type-post","status-publish","format-standard","has-post-thumbnail","hentry","category-analisis","tag-destacada"],"jetpack_publicize_connections":[],"yoast_head":"<!-- This site is optimized with the Yoast SEO plugin v27.5 - https:\/\/yoast.com\/product\/yoast-seo-wordpress\/ -->\n<title>Los enemigos invisibles y la responsabilidad personal - Informatepy<\/title>\n<meta name=\"robots\" content=\"index, follow, max-snippet:-1, max-image-preview:large, max-video-preview:-1\" \/>\n<link rel=\"canonical\" href=\"https:\/\/informatepy.com\/2021\/2022\/08\/22\/los-enemigos-invisibles-y-la-responsabilidad-personal\/\" \/>\n<meta property=\"og:locale\" content=\"es_ES\" \/>\n<meta property=\"og:type\" content=\"article\" \/>\n<meta property=\"og:title\" content=\"Los enemigos invisibles y la responsabilidad personal - Informatepy\" \/>\n<meta property=\"og:description\" content=\"Conocida la renuncia del Dr. Fauci a partir del mes de diciembre, siendo que este tan mentado doctor fue el principal causante del miedo que bloque\u00f3 a una gran parte de la sociedad a nivel mundial, es bueno recordar estas l\u00edneas escritas hace exactamente dos a\u00f1os y que hoy vuelven a ser tan vigentes como [&hellip;]\" \/>\n<meta property=\"og:url\" content=\"https:\/\/informatepy.com\/2021\/2022\/08\/22\/los-enemigos-invisibles-y-la-responsabilidad-personal\/\" \/>\n<meta property=\"og:site_name\" content=\"Informatepy\" \/>\n<meta property=\"article:published_time\" content=\"2022-08-22T17:11:53+00:00\" \/>\n<meta property=\"article:modified_time\" content=\"2022-08-22T17:14:34+00:00\" \/>\n<meta property=\"og:image\" content=\"https:\/\/informatepy.com\/2021\/wp-content\/uploads\/2022\/04\/Hector-acuna.png\" \/>\n\t<meta property=\"og:image:width\" content=\"1281\" \/>\n\t<meta property=\"og:image:height\" content=\"700\" \/>\n\t<meta property=\"og:image:type\" content=\"image\/png\" \/>\n<meta name=\"author\" content=\"H\u00e9ctor Acu\u00f1a\" \/>\n<meta name=\"twitter:card\" content=\"summary_large_image\" \/>\n<meta name=\"twitter:creator\" content=\"@https:\/\/twitter.com\/hectoracunat\" \/>\n<meta name=\"twitter:label1\" content=\"Escrito por\" \/>\n\t<meta name=\"twitter:data1\" content=\"H\u00e9ctor Acu\u00f1a\" \/>\n\t<meta name=\"twitter:label2\" content=\"Tiempo de lectura\" \/>\n\t<meta name=\"twitter:data2\" content=\"2 minutos\" \/>\n<script type=\"application\/ld+json\" class=\"yoast-schema-graph\">{\"@context\":\"https:\\\/\\\/schema.org\",\"@graph\":[{\"@type\":\"Article\",\"@id\":\"https:\\\/\\\/informatepy.com\\\/2021\\\/2022\\\/08\\\/22\\\/los-enemigos-invisibles-y-la-responsabilidad-personal\\\/#article\",\"isPartOf\":{\"@id\":\"https:\\\/\\\/informatepy.com\\\/2021\\\/2022\\\/08\\\/22\\\/los-enemigos-invisibles-y-la-responsabilidad-personal\\\/\"},\"author\":{\"name\":\"H\u00e9ctor Acu\u00f1a\",\"@id\":\"https:\\\/\\\/informatepy.com\\\/2021\\\/#\\\/schema\\\/person\\\/6a1584b02bdb26566ed73f209addf388\"},\"headline\":\"Los enemigos invisibles y la responsabilidad personal\",\"datePublished\":\"2022-08-22T17:11:53+00:00\",\"dateModified\":\"2022-08-22T17:14:34+00:00\",\"mainEntityOfPage\":{\"@id\":\"https:\\\/\\\/informatepy.com\\\/2021\\\/2022\\\/08\\\/22\\\/los-enemigos-invisibles-y-la-responsabilidad-personal\\\/\"},\"wordCount\":362,\"commentCount\":0,\"publisher\":{\"@id\":\"https:\\\/\\\/informatepy.com\\\/2021\\\/#\\\/schema\\\/person\\\/edd302c981d6ba4596191719d1025a8a\"},\"image\":{\"@id\":\"https:\\\/\\\/informatepy.com\\\/2021\\\/2022\\\/08\\\/22\\\/los-enemigos-invisibles-y-la-responsabilidad-personal\\\/#primaryimage\"},\"thumbnailUrl\":\"https:\\\/\\\/i0.wp.com\\\/informatepy.com\\\/2021\\\/wp-content\\\/uploads\\\/2022\\\/04\\\/Hector-acuna.png?fit=1281%2C700&ssl=1\",\"keywords\":[\"destacada\"],\"articleSection\":[\"Analisis\"],\"inLanguage\":\"es\",\"potentialAction\":[{\"@type\":\"CommentAction\",\"name\":\"Comment\",\"target\":[\"https:\\\/\\\/informatepy.com\\\/2021\\\/2022\\\/08\\\/22\\\/los-enemigos-invisibles-y-la-responsabilidad-personal\\\/#respond\"]}]},{\"@type\":\"WebPage\",\"@id\":\"https:\\\/\\\/informatepy.com\\\/2021\\\/2022\\\/08\\\/22\\\/los-enemigos-invisibles-y-la-responsabilidad-personal\\\/\",\"url\":\"https:\\\/\\\/informatepy.com\\\/2021\\\/2022\\\/08\\\/22\\\/los-enemigos-invisibles-y-la-responsabilidad-personal\\\/\",\"name\":\"Los enemigos invisibles y la responsabilidad personal - Informatepy\",\"isPartOf\":{\"@id\":\"https:\\\/\\\/informatepy.com\\\/2021\\\/#website\"},\"primaryImageOfPage\":{\"@id\":\"https:\\\/\\\/informatepy.com\\\/2021\\\/2022\\\/08\\\/22\\\/los-enemigos-invisibles-y-la-responsabilidad-personal\\\/#primaryimage\"},\"image\":{\"@id\":\"https:\\\/\\\/informatepy.com\\\/2021\\\/2022\\\/08\\\/22\\\/los-enemigos-invisibles-y-la-responsabilidad-personal\\\/#primaryimage\"},\"thumbnailUrl\":\"https:\\\/\\\/i0.wp.com\\\/informatepy.com\\\/2021\\\/wp-content\\\/uploads\\\/2022\\\/04\\\/Hector-acuna.png?fit=1281%2C700&ssl=1\",\"datePublished\":\"2022-08-22T17:11:53+00:00\",\"dateModified\":\"2022-08-22T17:14:34+00:00\",\"breadcrumb\":{\"@id\":\"https:\\\/\\\/informatepy.com\\\/2021\\\/2022\\\/08\\\/22\\\/los-enemigos-invisibles-y-la-responsabilidad-personal\\\/#breadcrumb\"},\"inLanguage\":\"es\",\"potentialAction\":[{\"@type\":\"ReadAction\",\"target\":[\"https:\\\/\\\/informatepy.com\\\/2021\\\/2022\\\/08\\\/22\\\/los-enemigos-invisibles-y-la-responsabilidad-personal\\\/\"]}]},{\"@type\":\"ImageObject\",\"inLanguage\":\"es\",\"@id\":\"https:\\\/\\\/informatepy.com\\\/2021\\\/2022\\\/08\\\/22\\\/los-enemigos-invisibles-y-la-responsabilidad-personal\\\/#primaryimage\",\"url\":\"https:\\\/\\\/i0.wp.com\\\/informatepy.com\\\/2021\\\/wp-content\\\/uploads\\\/2022\\\/04\\\/Hector-acuna.png?fit=1281%2C700&ssl=1\",\"contentUrl\":\"https:\\\/\\\/i0.wp.com\\\/informatepy.com\\\/2021\\\/wp-content\\\/uploads\\\/2022\\\/04\\\/Hector-acuna.png?fit=1281%2C700&ssl=1\",\"width\":1281,\"height\":700},{\"@type\":\"BreadcrumbList\",\"@id\":\"https:\\\/\\\/informatepy.com\\\/2021\\\/2022\\\/08\\\/22\\\/los-enemigos-invisibles-y-la-responsabilidad-personal\\\/#breadcrumb\",\"itemListElement\":[{\"@type\":\"ListItem\",\"position\":1,\"name\":\"Portada\",\"item\":\"https:\\\/\\\/informatepy.com\\\/2021\\\/\"},{\"@type\":\"ListItem\",\"position\":2,\"name\":\"Los enemigos invisibles y la responsabilidad personal\"}]},{\"@type\":\"WebSite\",\"@id\":\"https:\\\/\\\/informatepy.com\\\/2021\\\/#website\",\"url\":\"https:\\\/\\\/informatepy.com\\\/2021\\\/\",\"name\":\"Informatepy\",\"description\":\"La verdad, siempre!\",\"publisher\":{\"@id\":\"https:\\\/\\\/informatepy.com\\\/2021\\\/#\\\/schema\\\/person\\\/edd302c981d6ba4596191719d1025a8a\"},\"potentialAction\":[{\"@type\":\"SearchAction\",\"target\":{\"@type\":\"EntryPoint\",\"urlTemplate\":\"https:\\\/\\\/informatepy.com\\\/2021\\\/?s={search_term_string}\"},\"query-input\":{\"@type\":\"PropertyValueSpecification\",\"valueRequired\":true,\"valueName\":\"search_term_string\"}}],\"inLanguage\":\"es\"},{\"@type\":[\"Person\",\"Organization\"],\"@id\":\"https:\\\/\\\/informatepy.com\\\/2021\\\/#\\\/schema\\\/person\\\/edd302c981d6ba4596191719d1025a8a\",\"name\":\"admin\",\"image\":{\"@type\":\"ImageObject\",\"inLanguage\":\"es\",\"@id\":\"https:\\\/\\\/secure.gravatar.com\\\/avatar\\\/5310f602b6cbcfb86e030c4ccdbb78f6565a3b9bab6a74ab80fd3cb5428b65af?s=96&d=mm&r=g\",\"url\":\"https:\\\/\\\/secure.gravatar.com\\\/avatar\\\/5310f602b6cbcfb86e030c4ccdbb78f6565a3b9bab6a74ab80fd3cb5428b65af?s=96&d=mm&r=g\",\"contentUrl\":\"https:\\\/\\\/secure.gravatar.com\\\/avatar\\\/5310f602b6cbcfb86e030c4ccdbb78f6565a3b9bab6a74ab80fd3cb5428b65af?s=96&d=mm&r=g\",\"caption\":\"admin\"},\"logo\":{\"@id\":\"https:\\\/\\\/secure.gravatar.com\\\/avatar\\\/5310f602b6cbcfb86e030c4ccdbb78f6565a3b9bab6a74ab80fd3cb5428b65af?s=96&d=mm&r=g\"},\"sameAs\":[\"http:\\\/\\\/informatepy.com\\\/2021\"]},{\"@type\":\"Person\",\"@id\":\"https:\\\/\\\/informatepy.com\\\/2021\\\/#\\\/schema\\\/person\\\/6a1584b02bdb26566ed73f209addf388\",\"name\":\"H\u00e9ctor Acu\u00f1a\",\"image\":{\"@type\":\"ImageObject\",\"inLanguage\":\"es\",\"@id\":\"https:\\\/\\\/i0.wp.com\\\/informatepy.com\\\/2021\\\/wp-content\\\/uploads\\\/2022\\\/04\\\/hector-acuna1.png?fit=96%2C96&ssl=1\",\"url\":\"https:\\\/\\\/i0.wp.com\\\/informatepy.com\\\/2021\\\/wp-content\\\/uploads\\\/2022\\\/04\\\/hector-acuna1.png?fit=96%2C96&ssl=1\",\"contentUrl\":\"https:\\\/\\\/i0.wp.com\\\/informatepy.com\\\/2021\\\/wp-content\\\/uploads\\\/2022\\\/04\\\/hector-acuna1.png?fit=96%2C96&ssl=1\",\"caption\":\"H\u00e9ctor Acu\u00f1a\"},\"sameAs\":[\"https:\\\/\\\/x.com\\\/https:\\\/\\\/twitter.com\\\/hectoracunat\"],\"url\":\"https:\\\/\\\/informatepy.com\\\/2021\\\/author\\\/hacuna\\\/\"}]}<\/script>\n<!-- \/ Yoast SEO plugin. -->","yoast_head_json":{"title":"Los enemigos invisibles y la responsabilidad personal - Informatepy","robots":{"index":"index","follow":"follow","max-snippet":"max-snippet:-1","max-image-preview":"max-image-preview:large","max-video-preview":"max-video-preview:-1"},"canonical":"https:\/\/informatepy.com\/2021\/2022\/08\/22\/los-enemigos-invisibles-y-la-responsabilidad-personal\/","og_locale":"es_ES","og_type":"article","og_title":"Los enemigos invisibles y la responsabilidad personal - Informatepy","og_description":"Conocida la renuncia del Dr. Fauci a partir del mes de diciembre, siendo que este tan mentado doctor fue el principal causante del miedo que bloque\u00f3 a una gran parte de la sociedad a nivel mundial, es bueno recordar estas l\u00edneas escritas hace exactamente dos a\u00f1os y que hoy vuelven a ser tan vigentes como [&hellip;]","og_url":"https:\/\/informatepy.com\/2021\/2022\/08\/22\/los-enemigos-invisibles-y-la-responsabilidad-personal\/","og_site_name":"Informatepy","article_published_time":"2022-08-22T17:11:53+00:00","article_modified_time":"2022-08-22T17:14:34+00:00","og_image":[{"width":1281,"height":700,"url":"https:\/\/informatepy.com\/2021\/wp-content\/uploads\/2022\/04\/Hector-acuna.png","type":"image\/png"}],"author":"H\u00e9ctor Acu\u00f1a","twitter_card":"summary_large_image","twitter_creator":"@https:\/\/twitter.com\/hectoracunat","twitter_misc":{"Escrito por":"H\u00e9ctor Acu\u00f1a","Tiempo de lectura":"2 minutos"},"schema":{"@context":"https:\/\/schema.org","@graph":[{"@type":"Article","@id":"https:\/\/informatepy.com\/2021\/2022\/08\/22\/los-enemigos-invisibles-y-la-responsabilidad-personal\/#article","isPartOf":{"@id":"https:\/\/informatepy.com\/2021\/2022\/08\/22\/los-enemigos-invisibles-y-la-responsabilidad-personal\/"},"author":{"name":"H\u00e9ctor Acu\u00f1a","@id":"https:\/\/informatepy.com\/2021\/#\/schema\/person\/6a1584b02bdb26566ed73f209addf388"},"headline":"Los enemigos invisibles y la responsabilidad personal","datePublished":"2022-08-22T17:11:53+00:00","dateModified":"2022-08-22T17:14:34+00:00","mainEntityOfPage":{"@id":"https:\/\/informatepy.com\/2021\/2022\/08\/22\/los-enemigos-invisibles-y-la-responsabilidad-personal\/"},"wordCount":362,"commentCount":0,"publisher":{"@id":"https:\/\/informatepy.com\/2021\/#\/schema\/person\/edd302c981d6ba4596191719d1025a8a"},"image":{"@id":"https:\/\/informatepy.com\/2021\/2022\/08\/22\/los-enemigos-invisibles-y-la-responsabilidad-personal\/#primaryimage"},"thumbnailUrl":"https:\/\/i0.wp.com\/informatepy.com\/2021\/wp-content\/uploads\/2022\/04\/Hector-acuna.png?fit=1281%2C700&ssl=1","keywords":["destacada"],"articleSection":["Analisis"],"inLanguage":"es","potentialAction":[{"@type":"CommentAction","name":"Comment","target":["https:\/\/informatepy.com\/2021\/2022\/08\/22\/los-enemigos-invisibles-y-la-responsabilidad-personal\/#respond"]}]},{"@type":"WebPage","@id":"https:\/\/informatepy.com\/2021\/2022\/08\/22\/los-enemigos-invisibles-y-la-responsabilidad-personal\/","url":"https:\/\/informatepy.com\/2021\/2022\/08\/22\/los-enemigos-invisibles-y-la-responsabilidad-personal\/","name":"Los enemigos invisibles y la responsabilidad personal - Informatepy","isPartOf":{"@id":"https:\/\/informatepy.com\/2021\/#website"},"primaryImageOfPage":{"@id":"https:\/\/informatepy.com\/2021\/2022\/08\/22\/los-enemigos-invisibles-y-la-responsabilidad-personal\/#primaryimage"},"image":{"@id":"https:\/\/informatepy.com\/2021\/2022\/08\/22\/los-enemigos-invisibles-y-la-responsabilidad-personal\/#primaryimage"},"thumbnailUrl":"https:\/\/i0.wp.com\/informatepy.com\/2021\/wp-content\/uploads\/2022\/04\/Hector-acuna.png?fit=1281%2C700&ssl=1","datePublished":"2022-08-22T17:11:53+00:00","dateModified":"2022-08-22T17:14:34+00:00","breadcrumb":{"@id":"https:\/\/informatepy.com\/2021\/2022\/08\/22\/los-enemigos-invisibles-y-la-responsabilidad-personal\/#breadcrumb"},"inLanguage":"es","potentialAction":[{"@type":"ReadAction","target":["https:\/\/informatepy.com\/2021\/2022\/08\/22\/los-enemigos-invisibles-y-la-responsabilidad-personal\/"]}]},{"@type":"ImageObject","inLanguage":"es","@id":"https:\/\/informatepy.com\/2021\/2022\/08\/22\/los-enemigos-invisibles-y-la-responsabilidad-personal\/#primaryimage","url":"https:\/\/i0.wp.com\/informatepy.com\/2021\/wp-content\/uploads\/2022\/04\/Hector-acuna.png?fit=1281%2C700&ssl=1","contentUrl":"https:\/\/i0.wp.com\/informatepy.com\/2021\/wp-content\/uploads\/2022\/04\/Hector-acuna.png?fit=1281%2C700&ssl=1","width":1281,"height":700},{"@type":"BreadcrumbList","@id":"https:\/\/informatepy.com\/2021\/2022\/08\/22\/los-enemigos-invisibles-y-la-responsabilidad-personal\/#breadcrumb","itemListElement":[{"@type":"ListItem","position":1,"name":"Portada","item":"https:\/\/informatepy.com\/2021\/"},{"@type":"ListItem","position":2,"name":"Los enemigos invisibles y la responsabilidad personal"}]},{"@type":"WebSite","@id":"https:\/\/informatepy.com\/2021\/#website","url":"https:\/\/informatepy.com\/2021\/","name":"Informatepy","description":"La verdad, siempre!","publisher":{"@id":"https:\/\/informatepy.com\/2021\/#\/schema\/person\/edd302c981d6ba4596191719d1025a8a"},"potentialAction":[{"@type":"SearchAction","target":{"@type":"EntryPoint","urlTemplate":"https:\/\/informatepy.com\/2021\/?s={search_term_string}"},"query-input":{"@type":"PropertyValueSpecification","valueRequired":true,"valueName":"search_term_string"}}],"inLanguage":"es"},{"@type":["Person","Organization"],"@id":"https:\/\/informatepy.com\/2021\/#\/schema\/person\/edd302c981d6ba4596191719d1025a8a","name":"admin","image":{"@type":"ImageObject","inLanguage":"es","@id":"https:\/\/secure.gravatar.com\/avatar\/5310f602b6cbcfb86e030c4ccdbb78f6565a3b9bab6a74ab80fd3cb5428b65af?s=96&d=mm&r=g","url":"https:\/\/secure.gravatar.com\/avatar\/5310f602b6cbcfb86e030c4ccdbb78f6565a3b9bab6a74ab80fd3cb5428b65af?s=96&d=mm&r=g","contentUrl":"https:\/\/secure.gravatar.com\/avatar\/5310f602b6cbcfb86e030c4ccdbb78f6565a3b9bab6a74ab80fd3cb5428b65af?s=96&d=mm&r=g","caption":"admin"},"logo":{"@id":"https:\/\/secure.gravatar.com\/avatar\/5310f602b6cbcfb86e030c4ccdbb78f6565a3b9bab6a74ab80fd3cb5428b65af?s=96&d=mm&r=g"},"sameAs":["http:\/\/informatepy.com\/2021"]},{"@type":"Person","@id":"https:\/\/informatepy.com\/2021\/#\/schema\/person\/6a1584b02bdb26566ed73f209addf388","name":"H\u00e9ctor Acu\u00f1a","image":{"@type":"ImageObject","inLanguage":"es","@id":"https:\/\/i0.wp.com\/informatepy.com\/2021\/wp-content\/uploads\/2022\/04\/hector-acuna1.png?fit=96%2C96&ssl=1","url":"https:\/\/i0.wp.com\/informatepy.com\/2021\/wp-content\/uploads\/2022\/04\/hector-acuna1.png?fit=96%2C96&ssl=1","contentUrl":"https:\/\/i0.wp.com\/informatepy.com\/2021\/wp-content\/uploads\/2022\/04\/hector-acuna1.png?fit=96%2C96&ssl=1","caption":"H\u00e9ctor Acu\u00f1a"},"sameAs":["https:\/\/x.com\/https:\/\/twitter.com\/hectoracunat"],"url":"https:\/\/informatepy.com\/2021\/author\/hacuna\/"}]}},"jetpack_featured_media_url":"https:\/\/i0.wp.com\/informatepy.com\/2021\/wp-content\/uploads\/2022\/04\/Hector-acuna.png?fit=1281%2C700&ssl=1","jetpack_sharing_enabled":true,"jetpack_likes_enabled":true,"jetpack-related-posts":[{"id":2053,"url":"https:\/\/informatepy.com\/2021\/2020\/07\/15\/que-tan-larga-es-la-mecha\/","url_meta":{"origin":13508,"position":0},"title":"\u00bfQu\u00e9 tan larga es la mecha?","date":"15 de julio de 2020","format":false,"excerpt":"Muchos anticiparon (algunos el d\u00eda 1) que el gobierno del Presidente Mario Abdo Ben\u00edtez estaba condenado al fracaso. Entre los argumentos que ofrec\u00edan, el primero y m\u00e1s v\u00e1lido de ellos, es que \u201cColorado A\u00f1etete\u201d no es un movimiento pol\u00edtico dentro del marco de la ANR, es simplemente un rejunte de\u2026","rel":"","context":"En \u00abNacionales\u00bb","img":{"alt_text":"","src":"https:\/\/i0.wp.com\/informatepy.com\/2021\/wp-content\/uploads\/2021\/07\/mech-encendida.jpg?fit=900%2C600&ssl=1&resize=350%2C200","width":350,"height":200},"classes":[]},{"id":6487,"url":"https:\/\/informatepy.com\/2021\/2021\/08\/17\/amigo-camionero\/","url_meta":{"origin":13508,"position":1},"title":"Amigo Camionero","date":"17 de agosto de 2021","format":false,"excerpt":"Eleg\u00ed este t\u00edtulo para poder graficar en forma peyorativa la protesta de los camioneros, protesta que no tiene raz\u00f3n de ser sobre el objetivo que ellos est\u00e1n buscando que es la regulaci\u00f3n por parte del Estado sobre el precio y el servicio de fletes, dejando de lado una cuesti\u00f3n tan\u2026","rel":"","context":"En \u00abAnalisis\u00bb","img":{"alt_text":"","src":"https:\/\/i0.wp.com\/informatepy.com\/2021\/wp-content\/uploads\/2021\/08\/camion-vacio.jpg?fit=1200%2C1168&ssl=1&resize=350%2C200","width":350,"height":200},"classes":[]},{"id":12330,"url":"https:\/\/informatepy.com\/2021\/2022\/06\/23\/grupos-pro-aborto-ingresaron-ilegalmente-a-la-legislatura-de-wisconsin-pero-nadie-habla-de-insurrecion\/","url_meta":{"origin":13508,"position":2},"title":"Grupos pro-aborto ingresaron ilegalmente a la Legislatura de Wisconsin, pero nadie habla de insurreci\u00f3n","date":"23 de junio de 2022","format":false,"excerpt":"El gobernador del Partido Dem\u00f3crata,\u00a0Tony Evers,\u00a0convoc\u00f3 a una sesi\u00f3n especial para abolir una ley que\u00a0\"proh\u00edbe el aborto en todas sus formas\", aprobada en 1849, que hab\u00eda quedado sin efecto con el fallo de la Corte Suprema,\u00a0Roe v. Wade, en 1973. Sin embargo, en una legislatura dominada por el Partido Republicano,\u2026","rel":"","context":"En \u00abMundo\u00bb","img":{"alt_text":"","src":"https:\/\/i0.wp.com\/informatepy.com\/2021\/wp-content\/uploads\/2022\/06\/aborto-wisconsin.jpg?fit=1200%2C801&ssl=1&resize=350%2C200","width":350,"height":200},"classes":[]},{"id":8060,"url":"https:\/\/informatepy.com\/2021\/2021\/10\/31\/ibai-llano-y-el-sorprendente-sentido-comun\/","url_meta":{"origin":13508,"position":3},"title":"Ibai Llanos y el sorprendente sentido com\u00fan","date":"31 de octubre de 2021","format":false,"excerpt":"Recientemente el popular streamer Ibai Llanos envi\u00f3 un mensaje a sus seguidores en Twitch que fue muy aplaudido en las redes sociales e, incluso, se convirti\u00f3 en noticia. \u00bfQu\u00e9 hizo Ibai Llanos que resultara tan sorprendente? Pues simplemente aconsejar a sus j\u00f3venes seguidores que se aplicaran, que estudiaran la ESO\u2026","rel":"","context":"En \u00abCultura\u00bb","img":{"alt_text":"","src":"https:\/\/i0.wp.com\/informatepy.com\/2021\/wp-content\/uploads\/2021\/10\/ibai-llanos.jpg?fit=1200%2C675&ssl=1&resize=350%2C200","width":350,"height":200},"classes":[]},{"id":1610,"url":"https:\/\/informatepy.com\/2021\/2019\/11\/15\/carta-abierta-de-una-docente-a-la-diputada-celeste-amarilla\/","url_meta":{"origin":13508,"position":4},"title":"Carta abierta de una docente a la Diputada Celeste Amarilla","date":"15 de noviembre de 2019","format":false,"excerpt":"Se\u00f1ora Celeste Amarilla. En primer t\u00e9rmino, me impresiona su alt\u00edsimo grado de discusi\u00f3n; su forma tan educada de dirigirse a la gente, sus fin\u00edsimos vocabularios y, por sobre todo, su envidiable control que ejerce sobre sus impulsos y su ira, adem\u00e1s, no puedo dejar de mencionar su probada humildad demostrada\u2026","rel":"","context":"En \u00abNacionales\u00bb","img":{"alt_text":"","src":"https:\/\/i0.wp.com\/informatepy.com\/2021\/wp-content\/uploads\/2021\/02\/celeste-amarilla.jpg?fit=696%2C333&ssl=1&resize=350%2C200","width":350,"height":200},"classes":[]},{"id":3721,"url":"https:\/\/informatepy.com\/2021\/2021\/02\/28\/volvio-trump-ya-me-extranan\/","url_meta":{"origin":13508,"position":5},"title":"Volvi\u00f3 Trump: \u00bfYa me extra\u00f1an?","date":"28 de febrero de 2021","format":false,"excerpt":"El ex presidente norteamericano particip\u00f3 del evento anual de los conservadores estadounidenses. \u201cVoy a seguir luchando con ustedes\u201d Donald Trump regres\u00f3 este domingo a la escena pol\u00edtica ante un p\u00fablico ultraconservador, con la determinaci\u00f3n de retomar el control de un Partido Republicano. \u201c\u00bfYa me extra\u00f1an?\u201d, dijo jocoso el ex presidente\u2026","rel":"","context":"En \u00abMundo\u00bb","img":{"alt_text":"","src":"https:\/\/i0.wp.com\/informatepy.com\/2021\/wp-content\/uploads\/2021\/02\/estatua-dorada-trump.jpg?fit=1200%2C674&ssl=1&resize=350%2C200","width":350,"height":200},"classes":[]}],"authors":[{"term_id":1755,"user_id":42,"is_guest":0,"slug":"hacuna","display_name":"H\u00e9ctor Acu\u00f1a","avatar_url":"https:\/\/i0.wp.com\/informatepy.com\/2021\/wp-content\/uploads\/2022\/04\/hector-acuna1.png?fit=96%2C96&ssl=1","first_name":"H\u00e9ctor","last_name":"Acu\u00f1a","user_url":"","description":"Docente Universitario\r\nDirector de I + D Fundaci\u00f3n Issos para la Libertad y el Desarrollo"}],"amp_enabled":true,"_links":{"self":[{"href":"https:\/\/informatepy.com\/2021\/wp-json\/wp\/v2\/posts\/13508","targetHints":{"allow":["GET"]}}],"collection":[{"href":"https:\/\/informatepy.com\/2021\/wp-json\/wp\/v2\/posts"}],"about":[{"href":"https:\/\/informatepy.com\/2021\/wp-json\/wp\/v2\/types\/post"}],"author":[{"embeddable":true,"href":"https:\/\/informatepy.com\/2021\/wp-json\/wp\/v2\/users\/42"}],"replies":[{"embeddable":true,"href":"https:\/\/informatepy.com\/2021\/wp-json\/wp\/v2\/comments?post=13508"}],"version-history":[{"count":3,"href":"https:\/\/informatepy.com\/2021\/wp-json\/wp\/v2\/posts\/13508\/revisions"}],"predecessor-version":[{"id":13512,"href":"https:\/\/informatepy.com\/2021\/wp-json\/wp\/v2\/posts\/13508\/revisions\/13512"}],"wp:featuredmedia":[{"embeddable":true,"href":"https:\/\/informatepy.com\/2021\/wp-json\/wp\/v2\/media\/11310"}],"wp:attachment":[{"href":"https:\/\/informatepy.com\/2021\/wp-json\/wp\/v2\/media?parent=13508"}],"wp:term":[{"taxonomy":"category","embeddable":true,"href":"https:\/\/informatepy.com\/2021\/wp-json\/wp\/v2\/categories?post=13508"},{"taxonomy":"post_tag","embeddable":true,"href":"https:\/\/informatepy.com\/2021\/wp-json\/wp\/v2\/tags?post=13508"},{"taxonomy":"author","embeddable":true,"href":"https:\/\/informatepy.com\/2021\/wp-json\/wp\/v2\/ppma_author?post=13508"}],"curies":[{"name":"wp","href":"https:\/\/api.w.org\/{rel}","templated":true}]}}