{"id":13491,"date":"2022-08-21T21:35:25","date_gmt":"2022-08-22T00:35:25","guid":{"rendered":"https:\/\/informatepy.com\/2021\/?p=13491"},"modified":"2022-08-21T21:35:28","modified_gmt":"2022-08-22T00:35:28","slug":"cerro-vuelve-a-frenarse-y-la-punta-se-tine-de-blanco-y-negro","status":"publish","type":"post","link":"https:\/\/informatepy.com\/2021\/2022\/08\/21\/cerro-vuelve-a-frenarse-y-la-punta-se-tine-de-blanco-y-negro\/","title":{"rendered":"Cerro vuelve a frenarse y la punta se ti\u00f1e de blanco y negro"},"content":{"rendered":"\n<h6 class=\"has-text-align-center has-small-font-size wp-block-heading\">Foto APF<\/h6>\n\n\n\n<p class=\"has-text-align-justify\">El Cicl\u00f3n cedi\u00f3 la punta del torneo en casa tras empatar con Guaran\u00ed por 1 a 1. Cerro no puede triunfar hace 3 partidos dejando escapar puntos, esto fue aprovechado por Libertad y Olimpia que por primera vez en el certamen pasan al frente de la clasificaci\u00f3n con 15 puntos.<\/p>\n\n\n\n<p class=\"has-text-align-justify\">El primer tiempo planteo a un aurinegro metido en su campo apostando a un contraataque y juego m\u00e1s f\u00edsico. Cerro fue mejor en el lapso de los 45 minutos <strong>llegando al gol, pero el tanto fue anulado por posici\u00f3n prohibida de Enzo Gim\u00e9nez al momento de iniciarse la jugada<\/strong>.<\/p>\n\n\n\n<p class=\"has-text-align-justify\">La segunda mitad tuvo al Cicl\u00f3n m\u00e1s metido en el campo del rival buscando el tanto que permita desnivelar el cotejo. Guaran\u00ed segu\u00eda con el mismo planteamiento tratando de aprovechar los espacios dejados por el azulgrana.<\/p>\n\n\n\n<p class=\"has-text-align-justify\">Tuvieron que pasar 70 minutos para que Cerro pase al <strong>frente tras un excepcional pase de Claudio Aquino, Antonio Galeano define de manera categ\u00f3rica y pon\u00eda arriba al Cicl\u00f3n<\/strong>. El VAR intervino para corregir la mala sanci\u00f3n de offside al autor del gol.<\/p>\n\n\n\n<p class=\"has-text-align-justify\">El indio, obligado a buscar el tanto del empate empujaba hacia el arco defendido por Jean Fernandes logrando un penal a los 86 minutos. En un c\u00f3rner <strong>Carlos Rol\u00f3n estira de la camiseta a Diego Valdez y tras intervenci\u00f3n del VAR el r\u00e9fere Alipio Colm\u00e1n cobra la pena m\u00e1xima. N\u00e9stor Camacho se encargaba de transformar el penal por gol<\/strong> y Guaran\u00ed nivelaba el marcador.<\/p>\n\n\n\n<p class=\"has-text-align-justify\"><strong>En los minutos finales del compromiso fue expulsado Jorge Gonz\u00e1lez con roja directa por conducta violenta sobre Claudio Aquino<\/strong>. Esto envalenton\u00f3 a Cerro que buscaba desnivelar el partido sobre el final, pero el aurinegro sac\u00f3 todas las pelotas que el Cicl\u00f3n puso en el \u00e1rea y as\u00ed se fue el partido.<\/p>\n\n\n\n<p class=\"has-text-align-justify\">Cerro visitar\u00e1 la pr\u00f3xima fecha a General Caballero de Juan Le\u00f3n Mallorqu\u00edn mientras tanto el aurinegro ser\u00e1 visitante de el l\u00edder Libertad en el estadio Tigo La Huerta<\/p>\n","protected":false},"excerpt":{"rendered":"<p>Foto APF El Cicl\u00f3n cedi\u00f3 la punta del torneo en casa tras empatar con Guaran\u00ed por 1 a 1. Cerro no puede triunfar hace 3 partidos dejando escapar puntos, esto fue aprovechado por Libertad y Olimpia que por primera vez en el certamen pasan al frente de la clasificaci\u00f3n con 15 puntos. El primer tiempo [&hellip;]<\/p>\n","protected":false},"author":45,"featured_media":13492,"comment_status":"open","ping_status":"open","sticky":false,"template":"","format":"standard","meta":{"_monsterinsights_skip_tracking":false,"_monsterinsights_sitenote_active":false,"_monsterinsights_sitenote_note":"","_monsterinsights_sitenote_category":0,"footnotes":"","jetpack_publicize_message":"","jetpack_is_tweetstorm":false,"jetpack_publicize_feature_enabled":false},"categories":[183],"tags":[187,1036,252],"ppma_author":[1874],"class_list":["post-13491","post","type-post","status-publish","format-standard","has-post-thumbnail","hentry","category-deportes","tag-cerro-porteno","tag-destacada","tag-futbol-paraguayo"],"jetpack_publicize_connections":[],"yoast_head":"<!-- This site is optimized with the Yoast SEO plugin v27.5 - https:\/\/yoast.com\/product\/yoast-seo-wordpress\/ -->\n<title>Cerro vuelve a frenarse y la punta se ti\u00f1e de blanco y negro - Informatepy<\/title>\n<meta name=\"robots\" content=\"index, follow, max-snippet:-1, max-image-preview:large, max-video-preview:-1\" \/>\n<link rel=\"canonical\" href=\"https:\/\/informatepy.com\/2021\/2022\/08\/21\/cerro-vuelve-a-frenarse-y-la-punta-se-tine-de-blanco-y-negro\/\" \/>\n<meta property=\"og:locale\" content=\"es_ES\" \/>\n<meta property=\"og:type\" content=\"article\" \/>\n<meta property=\"og:title\" content=\"Cerro vuelve a frenarse y la punta se ti\u00f1e de blanco y negro - Informatepy\" \/>\n<meta property=\"og:description\" content=\"Foto APF El Cicl\u00f3n cedi\u00f3 la punta del torneo en casa tras empatar con Guaran\u00ed por 1 a 1. Cerro no puede triunfar hace 3 partidos dejando escapar puntos, esto fue aprovechado por Libertad y Olimpia que por primera vez en el certamen pasan al frente de la clasificaci\u00f3n con 15 puntos. El primer tiempo [&hellip;]\" \/>\n<meta property=\"og:url\" content=\"https:\/\/informatepy.com\/2021\/2022\/08\/21\/cerro-vuelve-a-frenarse-y-la-punta-se-tine-de-blanco-y-negro\/\" \/>\n<meta property=\"og:site_name\" content=\"Informatepy\" \/>\n<meta property=\"article:published_time\" content=\"2022-08-22T00:35:25+00:00\" \/>\n<meta property=\"article:modified_time\" content=\"2022-08-22T00:35:28+00:00\" \/>\n<meta property=\"og:image\" content=\"https:\/\/informatepy.com\/2021\/wp-content\/uploads\/2022\/08\/cerro-guarani.jpg\" \/>\n\t<meta property=\"og:image:width\" content=\"1280\" \/>\n\t<meta property=\"og:image:height\" content=\"853\" \/>\n\t<meta property=\"og:image:type\" content=\"image\/jpeg\" \/>\n<meta name=\"author\" content=\"Rodrigo Genes\" \/>\n<meta name=\"twitter:card\" content=\"summary_large_image\" \/>\n<meta name=\"twitter:label1\" content=\"Escrito por\" \/>\n\t<meta name=\"twitter:data1\" content=\"Rodrigo Genes\" \/>\n\t<meta name=\"twitter:label2\" content=\"Tiempo de lectura\" \/>\n\t<meta name=\"twitter:data2\" content=\"2 minutos\" \/>\n<script type=\"application\/ld+json\" class=\"yoast-schema-graph\">{\"@context\":\"https:\\\/\\\/schema.org\",\"@graph\":[{\"@type\":\"Article\",\"@id\":\"https:\\\/\\\/informatepy.com\\\/2021\\\/2022\\\/08\\\/21\\\/cerro-vuelve-a-frenarse-y-la-punta-se-tine-de-blanco-y-negro\\\/#article\",\"isPartOf\":{\"@id\":\"https:\\\/\\\/informatepy.com\\\/2021\\\/2022\\\/08\\\/21\\\/cerro-vuelve-a-frenarse-y-la-punta-se-tine-de-blanco-y-negro\\\/\"},\"author\":{\"name\":\"Rodrigo Genes\",\"@id\":\"https:\\\/\\\/informatepy.com\\\/2021\\\/#\\\/schema\\\/person\\\/386845dd511012cdc312d1b6553d45a2\"},\"headline\":\"Cerro vuelve a frenarse y la punta se ti\u00f1e de blanco y negro\",\"datePublished\":\"2022-08-22T00:35:25+00:00\",\"dateModified\":\"2022-08-22T00:35:28+00:00\",\"mainEntityOfPage\":{\"@id\":\"https:\\\/\\\/informatepy.com\\\/2021\\\/2022\\\/08\\\/21\\\/cerro-vuelve-a-frenarse-y-la-punta-se-tine-de-blanco-y-negro\\\/\"},\"wordCount\":356,\"commentCount\":0,\"publisher\":{\"@id\":\"https:\\\/\\\/informatepy.com\\\/2021\\\/#\\\/schema\\\/person\\\/edd302c981d6ba4596191719d1025a8a\"},\"image\":{\"@id\":\"https:\\\/\\\/informatepy.com\\\/2021\\\/2022\\\/08\\\/21\\\/cerro-vuelve-a-frenarse-y-la-punta-se-tine-de-blanco-y-negro\\\/#primaryimage\"},\"thumbnailUrl\":\"https:\\\/\\\/i0.wp.com\\\/informatepy.com\\\/2021\\\/wp-content\\\/uploads\\\/2022\\\/08\\\/cerro-guarani.jpg?fit=1280%2C853&ssl=1\",\"keywords\":[\"cerro porte\u00f1o\",\"destacada\",\"futbol paraguayo\"],\"articleSection\":[\"Deportes\"],\"inLanguage\":\"es\",\"potentialAction\":[{\"@type\":\"CommentAction\",\"name\":\"Comment\",\"target\":[\"https:\\\/\\\/informatepy.com\\\/2021\\\/2022\\\/08\\\/21\\\/cerro-vuelve-a-frenarse-y-la-punta-se-tine-de-blanco-y-negro\\\/#respond\"]}]},{\"@type\":\"WebPage\",\"@id\":\"https:\\\/\\\/informatepy.com\\\/2021\\\/2022\\\/08\\\/21\\\/cerro-vuelve-a-frenarse-y-la-punta-se-tine-de-blanco-y-negro\\\/\",\"url\":\"https:\\\/\\\/informatepy.com\\\/2021\\\/2022\\\/08\\\/21\\\/cerro-vuelve-a-frenarse-y-la-punta-se-tine-de-blanco-y-negro\\\/\",\"name\":\"Cerro vuelve a frenarse y la punta se ti\u00f1e de blanco y negro - Informatepy\",\"isPartOf\":{\"@id\":\"https:\\\/\\\/informatepy.com\\\/2021\\\/#website\"},\"primaryImageOfPage\":{\"@id\":\"https:\\\/\\\/informatepy.com\\\/2021\\\/2022\\\/08\\\/21\\\/cerro-vuelve-a-frenarse-y-la-punta-se-tine-de-blanco-y-negro\\\/#primaryimage\"},\"image\":{\"@id\":\"https:\\\/\\\/informatepy.com\\\/2021\\\/2022\\\/08\\\/21\\\/cerro-vuelve-a-frenarse-y-la-punta-se-tine-de-blanco-y-negro\\\/#primaryimage\"},\"thumbnailUrl\":\"https:\\\/\\\/i0.wp.com\\\/informatepy.com\\\/2021\\\/wp-content\\\/uploads\\\/2022\\\/08\\\/cerro-guarani.jpg?fit=1280%2C853&ssl=1\",\"datePublished\":\"2022-08-22T00:35:25+00:00\",\"dateModified\":\"2022-08-22T00:35:28+00:00\",\"breadcrumb\":{\"@id\":\"https:\\\/\\\/informatepy.com\\\/2021\\\/2022\\\/08\\\/21\\\/cerro-vuelve-a-frenarse-y-la-punta-se-tine-de-blanco-y-negro\\\/#breadcrumb\"},\"inLanguage\":\"es\",\"potentialAction\":[{\"@type\":\"ReadAction\",\"target\":[\"https:\\\/\\\/informatepy.com\\\/2021\\\/2022\\\/08\\\/21\\\/cerro-vuelve-a-frenarse-y-la-punta-se-tine-de-blanco-y-negro\\\/\"]}]},{\"@type\":\"ImageObject\",\"inLanguage\":\"es\",\"@id\":\"https:\\\/\\\/informatepy.com\\\/2021\\\/2022\\\/08\\\/21\\\/cerro-vuelve-a-frenarse-y-la-punta-se-tine-de-blanco-y-negro\\\/#primaryimage\",\"url\":\"https:\\\/\\\/i0.wp.com\\\/informatepy.com\\\/2021\\\/wp-content\\\/uploads\\\/2022\\\/08\\\/cerro-guarani.jpg?fit=1280%2C853&ssl=1\",\"contentUrl\":\"https:\\\/\\\/i0.wp.com\\\/informatepy.com\\\/2021\\\/wp-content\\\/uploads\\\/2022\\\/08\\\/cerro-guarani.jpg?fit=1280%2C853&ssl=1\",\"width\":1280,\"height\":853},{\"@type\":\"BreadcrumbList\",\"@id\":\"https:\\\/\\\/informatepy.com\\\/2021\\\/2022\\\/08\\\/21\\\/cerro-vuelve-a-frenarse-y-la-punta-se-tine-de-blanco-y-negro\\\/#breadcrumb\",\"itemListElement\":[{\"@type\":\"ListItem\",\"position\":1,\"name\":\"Portada\",\"item\":\"https:\\\/\\\/informatepy.com\\\/2021\\\/\"},{\"@type\":\"ListItem\",\"position\":2,\"name\":\"Cerro vuelve a frenarse y la punta se ti\u00f1e de blanco y negro\"}]},{\"@type\":\"WebSite\",\"@id\":\"https:\\\/\\\/informatepy.com\\\/2021\\\/#website\",\"url\":\"https:\\\/\\\/informatepy.com\\\/2021\\\/\",\"name\":\"Informatepy\",\"description\":\"La verdad, siempre!\",\"publisher\":{\"@id\":\"https:\\\/\\\/informatepy.com\\\/2021\\\/#\\\/schema\\\/person\\\/edd302c981d6ba4596191719d1025a8a\"},\"potentialAction\":[{\"@type\":\"SearchAction\",\"target\":{\"@type\":\"EntryPoint\",\"urlTemplate\":\"https:\\\/\\\/informatepy.com\\\/2021\\\/?s={search_term_string}\"},\"query-input\":{\"@type\":\"PropertyValueSpecification\",\"valueRequired\":true,\"valueName\":\"search_term_string\"}}],\"inLanguage\":\"es\"},{\"@type\":[\"Person\",\"Organization\"],\"@id\":\"https:\\\/\\\/informatepy.com\\\/2021\\\/#\\\/schema\\\/person\\\/edd302c981d6ba4596191719d1025a8a\",\"name\":\"admin\",\"image\":{\"@type\":\"ImageObject\",\"inLanguage\":\"es\",\"@id\":\"https:\\\/\\\/secure.gravatar.com\\\/avatar\\\/5310f602b6cbcfb86e030c4ccdbb78f6565a3b9bab6a74ab80fd3cb5428b65af?s=96&d=mm&r=g\",\"url\":\"https:\\\/\\\/secure.gravatar.com\\\/avatar\\\/5310f602b6cbcfb86e030c4ccdbb78f6565a3b9bab6a74ab80fd3cb5428b65af?s=96&d=mm&r=g\",\"contentUrl\":\"https:\\\/\\\/secure.gravatar.com\\\/avatar\\\/5310f602b6cbcfb86e030c4ccdbb78f6565a3b9bab6a74ab80fd3cb5428b65af?s=96&d=mm&r=g\",\"caption\":\"admin\"},\"logo\":{\"@id\":\"https:\\\/\\\/secure.gravatar.com\\\/avatar\\\/5310f602b6cbcfb86e030c4ccdbb78f6565a3b9bab6a74ab80fd3cb5428b65af?s=96&d=mm&r=g\"},\"sameAs\":[\"http:\\\/\\\/informatepy.com\\\/2021\"]},{\"@type\":\"Person\",\"@id\":\"https:\\\/\\\/informatepy.com\\\/2021\\\/#\\\/schema\\\/person\\\/386845dd511012cdc312d1b6553d45a2\",\"name\":\"Rodrigo Genes\",\"image\":{\"@type\":\"ImageObject\",\"inLanguage\":\"es\",\"@id\":\"https:\\\/\\\/i0.wp.com\\\/informatepy.com\\\/2021\\\/wp-content\\\/uploads\\\/2022\\\/07\\\/rodrigo-genes.jpg?fit=82%2C96&ssl=1\",\"url\":\"https:\\\/\\\/i0.wp.com\\\/informatepy.com\\\/2021\\\/wp-content\\\/uploads\\\/2022\\\/07\\\/rodrigo-genes.jpg?fit=82%2C96&ssl=1\",\"contentUrl\":\"https:\\\/\\\/i0.wp.com\\\/informatepy.com\\\/2021\\\/wp-content\\\/uploads\\\/2022\\\/07\\\/rodrigo-genes.jpg?fit=82%2C96&ssl=1\",\"caption\":\"Rodrigo Genes\"},\"url\":\"https:\\\/\\\/informatepy.com\\\/2021\\\/author\\\/rgenes\\\/\"}]}<\/script>\n<!-- \/ Yoast SEO plugin. -->","yoast_head_json":{"title":"Cerro vuelve a frenarse y la punta se ti\u00f1e de blanco y negro - Informatepy","robots":{"index":"index","follow":"follow","max-snippet":"max-snippet:-1","max-image-preview":"max-image-preview:large","max-video-preview":"max-video-preview:-1"},"canonical":"https:\/\/informatepy.com\/2021\/2022\/08\/21\/cerro-vuelve-a-frenarse-y-la-punta-se-tine-de-blanco-y-negro\/","og_locale":"es_ES","og_type":"article","og_title":"Cerro vuelve a frenarse y la punta se ti\u00f1e de blanco y negro - Informatepy","og_description":"Foto APF El Cicl\u00f3n cedi\u00f3 la punta del torneo en casa tras empatar con Guaran\u00ed por 1 a 1. Cerro no puede triunfar hace 3 partidos dejando escapar puntos, esto fue aprovechado por Libertad y Olimpia que por primera vez en el certamen pasan al frente de la clasificaci\u00f3n con 15 puntos. El primer tiempo [&hellip;]","og_url":"https:\/\/informatepy.com\/2021\/2022\/08\/21\/cerro-vuelve-a-frenarse-y-la-punta-se-tine-de-blanco-y-negro\/","og_site_name":"Informatepy","article_published_time":"2022-08-22T00:35:25+00:00","article_modified_time":"2022-08-22T00:35:28+00:00","og_image":[{"width":1280,"height":853,"url":"https:\/\/informatepy.com\/2021\/wp-content\/uploads\/2022\/08\/cerro-guarani.jpg","type":"image\/jpeg"}],"author":"Rodrigo Genes","twitter_card":"summary_large_image","twitter_misc":{"Escrito por":"Rodrigo Genes","Tiempo de lectura":"2 minutos"},"schema":{"@context":"https:\/\/schema.org","@graph":[{"@type":"Article","@id":"https:\/\/informatepy.com\/2021\/2022\/08\/21\/cerro-vuelve-a-frenarse-y-la-punta-se-tine-de-blanco-y-negro\/#article","isPartOf":{"@id":"https:\/\/informatepy.com\/2021\/2022\/08\/21\/cerro-vuelve-a-frenarse-y-la-punta-se-tine-de-blanco-y-negro\/"},"author":{"name":"Rodrigo Genes","@id":"https:\/\/informatepy.com\/2021\/#\/schema\/person\/386845dd511012cdc312d1b6553d45a2"},"headline":"Cerro vuelve a frenarse y la punta se ti\u00f1e de blanco y negro","datePublished":"2022-08-22T00:35:25+00:00","dateModified":"2022-08-22T00:35:28+00:00","mainEntityOfPage":{"@id":"https:\/\/informatepy.com\/2021\/2022\/08\/21\/cerro-vuelve-a-frenarse-y-la-punta-se-tine-de-blanco-y-negro\/"},"wordCount":356,"commentCount":0,"publisher":{"@id":"https:\/\/informatepy.com\/2021\/#\/schema\/person\/edd302c981d6ba4596191719d1025a8a"},"image":{"@id":"https:\/\/informatepy.com\/2021\/2022\/08\/21\/cerro-vuelve-a-frenarse-y-la-punta-se-tine-de-blanco-y-negro\/#primaryimage"},"thumbnailUrl":"https:\/\/i0.wp.com\/informatepy.com\/2021\/wp-content\/uploads\/2022\/08\/cerro-guarani.jpg?fit=1280%2C853&ssl=1","keywords":["cerro porte\u00f1o","destacada","futbol paraguayo"],"articleSection":["Deportes"],"inLanguage":"es","potentialAction":[{"@type":"CommentAction","name":"Comment","target":["https:\/\/informatepy.com\/2021\/2022\/08\/21\/cerro-vuelve-a-frenarse-y-la-punta-se-tine-de-blanco-y-negro\/#respond"]}]},{"@type":"WebPage","@id":"https:\/\/informatepy.com\/2021\/2022\/08\/21\/cerro-vuelve-a-frenarse-y-la-punta-se-tine-de-blanco-y-negro\/","url":"https:\/\/informatepy.com\/2021\/2022\/08\/21\/cerro-vuelve-a-frenarse-y-la-punta-se-tine-de-blanco-y-negro\/","name":"Cerro vuelve a frenarse y la punta se ti\u00f1e de blanco y negro - Informatepy","isPartOf":{"@id":"https:\/\/informatepy.com\/2021\/#website"},"primaryImageOfPage":{"@id":"https:\/\/informatepy.com\/2021\/2022\/08\/21\/cerro-vuelve-a-frenarse-y-la-punta-se-tine-de-blanco-y-negro\/#primaryimage"},"image":{"@id":"https:\/\/informatepy.com\/2021\/2022\/08\/21\/cerro-vuelve-a-frenarse-y-la-punta-se-tine-de-blanco-y-negro\/#primaryimage"},"thumbnailUrl":"https:\/\/i0.wp.com\/informatepy.com\/2021\/wp-content\/uploads\/2022\/08\/cerro-guarani.jpg?fit=1280%2C853&ssl=1","datePublished":"2022-08-22T00:35:25+00:00","dateModified":"2022-08-22T00:35:28+00:00","breadcrumb":{"@id":"https:\/\/informatepy.com\/2021\/2022\/08\/21\/cerro-vuelve-a-frenarse-y-la-punta-se-tine-de-blanco-y-negro\/#breadcrumb"},"inLanguage":"es","potentialAction":[{"@type":"ReadAction","target":["https:\/\/informatepy.com\/2021\/2022\/08\/21\/cerro-vuelve-a-frenarse-y-la-punta-se-tine-de-blanco-y-negro\/"]}]},{"@type":"ImageObject","inLanguage":"es","@id":"https:\/\/informatepy.com\/2021\/2022\/08\/21\/cerro-vuelve-a-frenarse-y-la-punta-se-tine-de-blanco-y-negro\/#primaryimage","url":"https:\/\/i0.wp.com\/informatepy.com\/2021\/wp-content\/uploads\/2022\/08\/cerro-guarani.jpg?fit=1280%2C853&ssl=1","contentUrl":"https:\/\/i0.wp.com\/informatepy.com\/2021\/wp-content\/uploads\/2022\/08\/cerro-guarani.jpg?fit=1280%2C853&ssl=1","width":1280,"height":853},{"@type":"BreadcrumbList","@id":"https:\/\/informatepy.com\/2021\/2022\/08\/21\/cerro-vuelve-a-frenarse-y-la-punta-se-tine-de-blanco-y-negro\/#breadcrumb","itemListElement":[{"@type":"ListItem","position":1,"name":"Portada","item":"https:\/\/informatepy.com\/2021\/"},{"@type":"ListItem","position":2,"name":"Cerro vuelve a frenarse y la punta se ti\u00f1e de blanco y negro"}]},{"@type":"WebSite","@id":"https:\/\/informatepy.com\/2021\/#website","url":"https:\/\/informatepy.com\/2021\/","name":"Informatepy","description":"La verdad, siempre!","publisher":{"@id":"https:\/\/informatepy.com\/2021\/#\/schema\/person\/edd302c981d6ba4596191719d1025a8a"},"potentialAction":[{"@type":"SearchAction","target":{"@type":"EntryPoint","urlTemplate":"https:\/\/informatepy.com\/2021\/?s={search_term_string}"},"query-input":{"@type":"PropertyValueSpecification","valueRequired":true,"valueName":"search_term_string"}}],"inLanguage":"es"},{"@type":["Person","Organization"],"@id":"https:\/\/informatepy.com\/2021\/#\/schema\/person\/edd302c981d6ba4596191719d1025a8a","name":"admin","image":{"@type":"ImageObject","inLanguage":"es","@id":"https:\/\/secure.gravatar.com\/avatar\/5310f602b6cbcfb86e030c4ccdbb78f6565a3b9bab6a74ab80fd3cb5428b65af?s=96&d=mm&r=g","url":"https:\/\/secure.gravatar.com\/avatar\/5310f602b6cbcfb86e030c4ccdbb78f6565a3b9bab6a74ab80fd3cb5428b65af?s=96&d=mm&r=g","contentUrl":"https:\/\/secure.gravatar.com\/avatar\/5310f602b6cbcfb86e030c4ccdbb78f6565a3b9bab6a74ab80fd3cb5428b65af?s=96&d=mm&r=g","caption":"admin"},"logo":{"@id":"https:\/\/secure.gravatar.com\/avatar\/5310f602b6cbcfb86e030c4ccdbb78f6565a3b9bab6a74ab80fd3cb5428b65af?s=96&d=mm&r=g"},"sameAs":["http:\/\/informatepy.com\/2021"]},{"@type":"Person","@id":"https:\/\/informatepy.com\/2021\/#\/schema\/person\/386845dd511012cdc312d1b6553d45a2","name":"Rodrigo Genes","image":{"@type":"ImageObject","inLanguage":"es","@id":"https:\/\/i0.wp.com\/informatepy.com\/2021\/wp-content\/uploads\/2022\/07\/rodrigo-genes.jpg?fit=82%2C96&ssl=1","url":"https:\/\/i0.wp.com\/informatepy.com\/2021\/wp-content\/uploads\/2022\/07\/rodrigo-genes.jpg?fit=82%2C96&ssl=1","contentUrl":"https:\/\/i0.wp.com\/informatepy.com\/2021\/wp-content\/uploads\/2022\/07\/rodrigo-genes.jpg?fit=82%2C96&ssl=1","caption":"Rodrigo Genes"},"url":"https:\/\/informatepy.com\/2021\/author\/rgenes\/"}]}},"jetpack_featured_media_url":"https:\/\/i0.wp.com\/informatepy.com\/2021\/wp-content\/uploads\/2022\/08\/cerro-guarani.jpg?fit=1280%2C853&ssl=1","jetpack_sharing_enabled":true,"jetpack_likes_enabled":true,"jetpack-related-posts":[{"id":13748,"url":"https:\/\/informatepy.com\/2021\/2022\/09\/04\/con-un-autogol-cerro-se-reencuentra-con-la-victoria\/","url_meta":{"origin":13491,"position":0},"title":"Con un autogol Cerro se reencuentra con la victoria","date":"4 de septiembre de 2022","format":false,"excerpt":"Foto APF En Barrio Obrero Cerro Porte\u00f1o y Libertad bajaron el tel\u00f3n de la fecha 9 del torneo Clausura 2022. En la previa el triunfo de Olimpia ante el 12 en el este obligaba a ambos equipos conseguir el triunfo para seguir el paso del decano en la cima del\u2026","rel":"","context":"En \u00abDeportes\u00bb","img":{"alt_text":"","src":"https:\/\/i0.wp.com\/informatepy.com\/2021\/wp-content\/uploads\/2022\/09\/cerro-libertad.jpg?fit=1200%2C801&ssl=1&resize=350%2C200","width":350,"height":200},"classes":[]},{"id":1513,"url":"https:\/\/informatepy.com\/2021\/2019\/09\/22\/cerro-busca-acercarse-a-la-punta-del-torneo\/","url_meta":{"origin":13491,"position":1},"title":"Cerro busca acercarse a la punta del torneo","date":"22 de septiembre de 2019","format":false,"excerpt":"El cicl\u00f3n de Barrio Obrero debe aprovechar la oportunidad que se le presenta luego de la derrota de Libertad y el empate de Olimpia para prenderse en la punta del torneo local. Del mismo modo, Luque\u00f1o debe buscar el triunfo para alejarse de la zona de descenso directo. Miguel \u00c1ngel\u2026","rel":"","context":"En \u00abDeportes\u00bb","img":{"alt_text":"","src":"https:\/\/i0.wp.com\/informatepy.com\/2021\/wp-content\/uploads\/2021\/09\/cerro-luqueC3B1o.jpg?fit=630%2C354&ssl=1&resize=350%2C200","width":350,"height":200},"classes":[]},{"id":13921,"url":"https:\/\/informatepy.com\/2021\/2022\/09\/15\/el-ciclon-se-volvio-a-dormir-sobre-final\/","url_meta":{"origin":13491,"position":2},"title":"El Cicl\u00f3n se volvi\u00f3 a dormir sobre final","date":"15 de septiembre de 2022","format":false,"excerpt":"Foto APF Como ya hab\u00eda ocurrido en ciudad del este contra General Caballero JLM, el cicl\u00f3n se volvi\u00f3 a dormir antes de tiempo, y se lo empataron en la \u00faltima jugada del partido. Esta vez de local contra Guaire\u00f1a. La primera etapa del partido lo tuvo a Cerro Porte\u00f1o como\u2026","rel":"","context":"En \u00abDeportes\u00bb","img":{"alt_text":"","src":"https:\/\/i0.wp.com\/informatepy.com\/2021\/wp-content\/uploads\/2022\/09\/cerro-guairena.jpg?fit=1200%2C800&ssl=1&resize=350%2C200","width":350,"height":200},"classes":[]},{"id":986,"url":"https:\/\/informatepy.com\/2021\/2019\/04\/03\/cerro-invicto-y-a-un-paso-delos-octavos\/","url_meta":{"origin":13491,"position":3},"title":"Cerro invicto y a un paso de los octavos","date":"3 de abril de 2019","format":false,"excerpt":"Cerro Porte\u00f1o sigue con su racha perfecta dentro del Grupo E de la Copa Libertadores y ya toca las puertas de los octavos de final. El Cicl\u00f3n venci\u00f3 1-0 en casa a Nacional de Uruguay y con tres victorias seguidas, lidera su serie. El equipo paraguayo domin\u00f3 gran parte del\u2026","rel":"","context":"En \u00abDeportes\u00bb","img":{"alt_text":"","src":"https:\/\/i0.wp.com\/informatepy.com\/2021\/wp-content\/uploads\/2021\/04\/111111111111111.jpeg?fit=1000%2C666&ssl=1&resize=350%2C200","width":350,"height":200},"classes":[]},{"id":13625,"url":"https:\/\/informatepy.com\/2021\/2022\/08\/27\/futbol-cerro-porteno-se-durmio-sobre-el-final\/","url_meta":{"origin":13491,"position":4},"title":"Futbol: Cerro Porte\u00f1o se durmi\u00f3 sobre el final","date":"27 de agosto de 2022","format":false,"excerpt":"Foto APF La pesadilla azulgrana tiene un nuevo cap\u00edtulo desde esta noche, el cicl\u00f3n no pudo retener la m\u00ednima ventaja conseguida en el primer tiempo y el Rojo de Mallorqu\u00edn lo empat\u00f3 sobre el final. Al principio de la primera etapa del partido jugado en el este de nuestro pa\u00eds,\u2026","rel":"","context":"En \u00abDeportes\u00bb","img":{"alt_text":"","src":"https:\/\/i0.wp.com\/informatepy.com\/2021\/wp-content\/uploads\/2022\/08\/CERRO-JLM.jpg?fit=1200%2C801&ssl=1&resize=350%2C200","width":350,"height":200},"classes":[]},{"id":13835,"url":"https:\/\/informatepy.com\/2021\/2022\/09\/09\/el-ciclon-le-gano-el-recreativo-a-resistencia\/","url_meta":{"origin":13491,"position":5},"title":"El Cicl\u00f3n le gan\u00f3 el recreativo a Resistencia","date":"9 de septiembre de 2022","format":false,"excerpt":"Cerro Porte\u00f1o hizo de \u201cpelota jara\u201d en el barrio Sajonia, se adue\u00f1\u00f3 del partido y le gan\u00f3 a Resistencia sin complicaci\u00f3n alguna, casi en modo entrenamiento. El cicl\u00f3n no perdi\u00f3 tiempo y de entrada nomas sali\u00f3 a pasarle por encima a Resistencia y se puso arriba en el marcador a\u2026","rel":"","context":"En \u00abDeportes\u00bb","img":{"alt_text":"","src":"https:\/\/i0.wp.com\/informatepy.com\/2021\/wp-content\/uploads\/2022\/09\/cerro-resistencia.jpg?fit=1200%2C800&ssl=1&resize=350%2C200","width":350,"height":200},"classes":[]}],"authors":[{"term_id":1874,"user_id":45,"is_guest":0,"slug":"rgenes","display_name":"Rodrigo Genes","avatar_url":"https:\/\/i0.wp.com\/informatepy.com\/2021\/wp-content\/uploads\/2022\/07\/rodrigo-genes.jpg?fit=82%2C96&ssl=1","first_name":"Rodrigo","last_name":"Genes","user_url":"","description":""}],"amp_enabled":true,"_links":{"self":[{"href":"https:\/\/informatepy.com\/2021\/wp-json\/wp\/v2\/posts\/13491","targetHints":{"allow":["GET"]}}],"collection":[{"href":"https:\/\/informatepy.com\/2021\/wp-json\/wp\/v2\/posts"}],"about":[{"href":"https:\/\/informatepy.com\/2021\/wp-json\/wp\/v2\/types\/post"}],"author":[{"embeddable":true,"href":"https:\/\/informatepy.com\/2021\/wp-json\/wp\/v2\/users\/45"}],"replies":[{"embeddable":true,"href":"https:\/\/informatepy.com\/2021\/wp-json\/wp\/v2\/comments?post=13491"}],"version-history":[{"count":1,"href":"https:\/\/informatepy.com\/2021\/wp-json\/wp\/v2\/posts\/13491\/revisions"}],"predecessor-version":[{"id":13493,"href":"https:\/\/informatepy.com\/2021\/wp-json\/wp\/v2\/posts\/13491\/revisions\/13493"}],"wp:featuredmedia":[{"embeddable":true,"href":"https:\/\/informatepy.com\/2021\/wp-json\/wp\/v2\/media\/13492"}],"wp:attachment":[{"href":"https:\/\/informatepy.com\/2021\/wp-json\/wp\/v2\/media?parent=13491"}],"wp:term":[{"taxonomy":"category","embeddable":true,"href":"https:\/\/informatepy.com\/2021\/wp-json\/wp\/v2\/categories?post=13491"},{"taxonomy":"post_tag","embeddable":true,"href":"https:\/\/informatepy.com\/2021\/wp-json\/wp\/v2\/tags?post=13491"},{"taxonomy":"author","embeddable":true,"href":"https:\/\/informatepy.com\/2021\/wp-json\/wp\/v2\/ppma_author?post=13491"}],"curies":[{"name":"wp","href":"https:\/\/api.w.org\/{rel}","templated":true}]}}