{"id":13456,"date":"2022-08-20T12:36:30","date_gmt":"2022-08-20T15:36:30","guid":{"rendered":"https:\/\/informatepy.com\/2021\/?p=13456"},"modified":"2022-08-20T12:36:32","modified_gmt":"2022-08-20T15:36:32","slug":"serbia-se-declara-pro-familia-y-rechaza-la-realizacion-del-europride","status":"publish","type":"post","link":"https:\/\/informatepy.com\/2021\/2022\/08\/20\/serbia-se-declara-pro-familia-y-rechaza-la-realizacion-del-europride\/","title":{"rendered":"Serbia se declara Pro Familia y rechaza la realizaci\u00f3n del \u00abEuropride\u00bb"},"content":{"rendered":"\n<p class=\"has-text-align-justify\">Decenas de miles de ciudadanos de la Rep\u00fablica de Serbia, salieron a las calles en lo que se denomin\u00f3 la <strong>\u00abMarcha del Orgullo Familiar\u00bb.<\/strong> <\/p>\n\n\n\n<p class=\"has-text-align-justify\">Las primeras estimaciones hablaban de entre 10.000 y 20.000 participantes en la <strong>Procesi\u00f3n de la Cruz por la Familia Serbia<\/strong> pero, seg\u00fan las \u00faltimas estimaciones, la cifra de participantes habr\u00eda ascendido a cerca de 30.000 personas.<\/p>\n\n\n\n<p class=\"has-text-align-justify\">Adem\u00e1s de acompa\u00f1ar la procesi\u00f3n de la cruz, los manifestantes solicitaron la prohibici\u00f3n del \u00abEuropride\u00bb, que se anunci\u00f3 para septiembre de 2022. <\/p>\n\n\n\n<p class=\"has-text-align-justify\">Aunque la Procesi\u00f3n de la Cruz no se anunci\u00f3 en ning\u00fan medio de comunicaci\u00f3n, sino solo en portales patri\u00f3ticos y a trav\u00e9s de las redes sociales, la participaci\u00f3n fue excepcional e indica claramente cu\u00e1ntas personas habr\u00edan salido a las calles si al menos una estaci\u00f3n de televisi\u00f3n importante hubiera transmitido el anuncio de la caminata de protesta.<\/p>\n\n\n\n<p class=\"has-text-align-justify\">Tambi\u00e9n, se destaca el silencio absoluto de los medios masivos de comunicaci\u00f3n, que ignoraron por completo una marcha con una magnitud que no se ve hace muchos a\u00f1os en el pa\u00eds balc\u00e1nico.<\/p>\n","protected":false},"excerpt":{"rendered":"<p>Decenas de miles de ciudadanos de la Rep\u00fablica de Serbia, salieron a las calles en lo que se denomin\u00f3 la \u00abMarcha del Orgullo Familiar\u00bb. Las primeras estimaciones hablaban de entre 10.000 y 20.000 participantes en la Procesi\u00f3n de la Cruz por la Familia Serbia pero, seg\u00fan las \u00faltimas estimaciones, la cifra de participantes habr\u00eda ascendido [&hellip;]<\/p>\n","protected":false},"author":4,"featured_media":13457,"comment_status":"open","ping_status":"open","sticky":false,"template":"","format":"standard","meta":{"_monsterinsights_skip_tracking":false,"_monsterinsights_sitenote_active":false,"_monsterinsights_sitenote_note":"","_monsterinsights_sitenote_category":0,"footnotes":"","jetpack_publicize_message":"","jetpack_is_tweetstorm":false,"jetpack_publicize_feature_enabled":true},"categories":[173],"tags":[1036,1193,1918,1253,1651],"ppma_author":[1051],"class_list":["post-13456","post","type-post","status-publish","format-standard","has-post-thumbnail","hentry","category-mundo","tag-destacada","tag-lgbt","tag-pro-familia","tag-pro-vida","tag-serbia"],"jetpack_publicize_connections":[],"yoast_head":"<!-- This site is optimized with the Yoast SEO plugin v27.5 - https:\/\/yoast.com\/product\/yoast-seo-wordpress\/ -->\n<title>Serbia se declara Pro Familia y rechaza la realizaci\u00f3n del &quot;Europride&quot; - Informatepy<\/title>\n<meta name=\"robots\" content=\"index, follow, max-snippet:-1, max-image-preview:large, max-video-preview:-1\" \/>\n<link rel=\"canonical\" href=\"https:\/\/informatepy.com\/2021\/2022\/08\/20\/serbia-se-declara-pro-familia-y-rechaza-la-realizacion-del-europride\/\" \/>\n<meta property=\"og:locale\" content=\"es_ES\" \/>\n<meta property=\"og:type\" content=\"article\" \/>\n<meta property=\"og:title\" content=\"Serbia se declara Pro Familia y rechaza la realizaci\u00f3n del &quot;Europride&quot; - Informatepy\" \/>\n<meta property=\"og:description\" content=\"Decenas de miles de ciudadanos de la Rep\u00fablica de Serbia, salieron a las calles en lo que se denomin\u00f3 la \u00abMarcha del Orgullo Familiar\u00bb. Las primeras estimaciones hablaban de entre 10.000 y 20.000 participantes en la Procesi\u00f3n de la Cruz por la Familia Serbia pero, seg\u00fan las \u00faltimas estimaciones, la cifra de participantes habr\u00eda ascendido [&hellip;]\" \/>\n<meta property=\"og:url\" content=\"https:\/\/informatepy.com\/2021\/2022\/08\/20\/serbia-se-declara-pro-familia-y-rechaza-la-realizacion-del-europride\/\" \/>\n<meta property=\"og:site_name\" content=\"Informatepy\" \/>\n<meta property=\"article:author\" content=\"https:\/\/www.facebook.com\/InformatePyCom\" \/>\n<meta property=\"article:published_time\" content=\"2022-08-20T15:36:30+00:00\" \/>\n<meta property=\"article:modified_time\" content=\"2022-08-20T15:36:32+00:00\" \/>\n<meta property=\"og:image\" content=\"https:\/\/informatepy.com\/2021\/wp-content\/uploads\/2022\/08\/marcha-pro-familia-serbia.jpg\" \/>\n\t<meta property=\"og:image:width\" content=\"1280\" \/>\n\t<meta property=\"og:image:height\" content=\"960\" \/>\n\t<meta property=\"og:image:type\" content=\"image\/jpeg\" \/>\n<meta name=\"author\" content=\"Redacci\u00f3n\" \/>\n<meta name=\"twitter:card\" content=\"summary_large_image\" \/>\n<meta name=\"twitter:creator\" content=\"@https:\/\/twitter.com\/InformatePy1\" \/>\n<meta name=\"twitter:label1\" content=\"Escrito por\" \/>\n\t<meta name=\"twitter:data1\" content=\"Redacci\u00f3n\" \/>\n\t<meta name=\"twitter:label2\" content=\"Tiempo de lectura\" \/>\n\t<meta name=\"twitter:data2\" content=\"1 minuto\" \/>\n<script type=\"application\/ld+json\" class=\"yoast-schema-graph\">{\"@context\":\"https:\\\/\\\/schema.org\",\"@graph\":[{\"@type\":\"Article\",\"@id\":\"https:\\\/\\\/informatepy.com\\\/2021\\\/2022\\\/08\\\/20\\\/serbia-se-declara-pro-familia-y-rechaza-la-realizacion-del-europride\\\/#article\",\"isPartOf\":{\"@id\":\"https:\\\/\\\/informatepy.com\\\/2021\\\/2022\\\/08\\\/20\\\/serbia-se-declara-pro-familia-y-rechaza-la-realizacion-del-europride\\\/\"},\"author\":{\"name\":\"Redacci\u00f3n\",\"@id\":\"https:\\\/\\\/informatepy.com\\\/2021\\\/#\\\/schema\\\/person\\\/0c842f525f84ea74ef3b44370d11757b\"},\"headline\":\"Serbia se declara Pro Familia y rechaza la realizaci\u00f3n del \u00abEuropride\u00bb\",\"datePublished\":\"2022-08-20T15:36:30+00:00\",\"dateModified\":\"2022-08-20T15:36:32+00:00\",\"mainEntityOfPage\":{\"@id\":\"https:\\\/\\\/informatepy.com\\\/2021\\\/2022\\\/08\\\/20\\\/serbia-se-declara-pro-familia-y-rechaza-la-realizacion-del-europride\\\/\"},\"wordCount\":202,\"commentCount\":0,\"publisher\":{\"@id\":\"https:\\\/\\\/informatepy.com\\\/2021\\\/#\\\/schema\\\/person\\\/edd302c981d6ba4596191719d1025a8a\"},\"image\":{\"@id\":\"https:\\\/\\\/informatepy.com\\\/2021\\\/2022\\\/08\\\/20\\\/serbia-se-declara-pro-familia-y-rechaza-la-realizacion-del-europride\\\/#primaryimage\"},\"thumbnailUrl\":\"https:\\\/\\\/i0.wp.com\\\/informatepy.com\\\/2021\\\/wp-content\\\/uploads\\\/2022\\\/08\\\/marcha-pro-familia-serbia.jpg?fit=1280%2C960&ssl=1\",\"keywords\":[\"destacada\",\"lgbt\",\"pro familia\",\"pro vida\",\"serbia\"],\"articleSection\":[\"Mundo\"],\"inLanguage\":\"es\",\"potentialAction\":[{\"@type\":\"CommentAction\",\"name\":\"Comment\",\"target\":[\"https:\\\/\\\/informatepy.com\\\/2021\\\/2022\\\/08\\\/20\\\/serbia-se-declara-pro-familia-y-rechaza-la-realizacion-del-europride\\\/#respond\"]}]},{\"@type\":\"WebPage\",\"@id\":\"https:\\\/\\\/informatepy.com\\\/2021\\\/2022\\\/08\\\/20\\\/serbia-se-declara-pro-familia-y-rechaza-la-realizacion-del-europride\\\/\",\"url\":\"https:\\\/\\\/informatepy.com\\\/2021\\\/2022\\\/08\\\/20\\\/serbia-se-declara-pro-familia-y-rechaza-la-realizacion-del-europride\\\/\",\"name\":\"Serbia se declara Pro Familia y rechaza la realizaci\u00f3n del \\\"Europride\\\" - Informatepy\",\"isPartOf\":{\"@id\":\"https:\\\/\\\/informatepy.com\\\/2021\\\/#website\"},\"primaryImageOfPage\":{\"@id\":\"https:\\\/\\\/informatepy.com\\\/2021\\\/2022\\\/08\\\/20\\\/serbia-se-declara-pro-familia-y-rechaza-la-realizacion-del-europride\\\/#primaryimage\"},\"image\":{\"@id\":\"https:\\\/\\\/informatepy.com\\\/2021\\\/2022\\\/08\\\/20\\\/serbia-se-declara-pro-familia-y-rechaza-la-realizacion-del-europride\\\/#primaryimage\"},\"thumbnailUrl\":\"https:\\\/\\\/i0.wp.com\\\/informatepy.com\\\/2021\\\/wp-content\\\/uploads\\\/2022\\\/08\\\/marcha-pro-familia-serbia.jpg?fit=1280%2C960&ssl=1\",\"datePublished\":\"2022-08-20T15:36:30+00:00\",\"dateModified\":\"2022-08-20T15:36:32+00:00\",\"breadcrumb\":{\"@id\":\"https:\\\/\\\/informatepy.com\\\/2021\\\/2022\\\/08\\\/20\\\/serbia-se-declara-pro-familia-y-rechaza-la-realizacion-del-europride\\\/#breadcrumb\"},\"inLanguage\":\"es\",\"potentialAction\":[{\"@type\":\"ReadAction\",\"target\":[\"https:\\\/\\\/informatepy.com\\\/2021\\\/2022\\\/08\\\/20\\\/serbia-se-declara-pro-familia-y-rechaza-la-realizacion-del-europride\\\/\"]}]},{\"@type\":\"ImageObject\",\"inLanguage\":\"es\",\"@id\":\"https:\\\/\\\/informatepy.com\\\/2021\\\/2022\\\/08\\\/20\\\/serbia-se-declara-pro-familia-y-rechaza-la-realizacion-del-europride\\\/#primaryimage\",\"url\":\"https:\\\/\\\/i0.wp.com\\\/informatepy.com\\\/2021\\\/wp-content\\\/uploads\\\/2022\\\/08\\\/marcha-pro-familia-serbia.jpg?fit=1280%2C960&ssl=1\",\"contentUrl\":\"https:\\\/\\\/i0.wp.com\\\/informatepy.com\\\/2021\\\/wp-content\\\/uploads\\\/2022\\\/08\\\/marcha-pro-familia-serbia.jpg?fit=1280%2C960&ssl=1\",\"width\":1280,\"height\":960},{\"@type\":\"BreadcrumbList\",\"@id\":\"https:\\\/\\\/informatepy.com\\\/2021\\\/2022\\\/08\\\/20\\\/serbia-se-declara-pro-familia-y-rechaza-la-realizacion-del-europride\\\/#breadcrumb\",\"itemListElement\":[{\"@type\":\"ListItem\",\"position\":1,\"name\":\"Portada\",\"item\":\"https:\\\/\\\/informatepy.com\\\/2021\\\/\"},{\"@type\":\"ListItem\",\"position\":2,\"name\":\"Serbia se declara Pro Familia y rechaza la realizaci\u00f3n del \u00abEuropride\u00bb\"}]},{\"@type\":\"WebSite\",\"@id\":\"https:\\\/\\\/informatepy.com\\\/2021\\\/#website\",\"url\":\"https:\\\/\\\/informatepy.com\\\/2021\\\/\",\"name\":\"Informatepy\",\"description\":\"La verdad, siempre!\",\"publisher\":{\"@id\":\"https:\\\/\\\/informatepy.com\\\/2021\\\/#\\\/schema\\\/person\\\/edd302c981d6ba4596191719d1025a8a\"},\"potentialAction\":[{\"@type\":\"SearchAction\",\"target\":{\"@type\":\"EntryPoint\",\"urlTemplate\":\"https:\\\/\\\/informatepy.com\\\/2021\\\/?s={search_term_string}\"},\"query-input\":{\"@type\":\"PropertyValueSpecification\",\"valueRequired\":true,\"valueName\":\"search_term_string\"}}],\"inLanguage\":\"es\"},{\"@type\":[\"Person\",\"Organization\"],\"@id\":\"https:\\\/\\\/informatepy.com\\\/2021\\\/#\\\/schema\\\/person\\\/edd302c981d6ba4596191719d1025a8a\",\"name\":\"admin\",\"image\":{\"@type\":\"ImageObject\",\"inLanguage\":\"es\",\"@id\":\"https:\\\/\\\/secure.gravatar.com\\\/avatar\\\/5310f602b6cbcfb86e030c4ccdbb78f6565a3b9bab6a74ab80fd3cb5428b65af?s=96&d=mm&r=g\",\"url\":\"https:\\\/\\\/secure.gravatar.com\\\/avatar\\\/5310f602b6cbcfb86e030c4ccdbb78f6565a3b9bab6a74ab80fd3cb5428b65af?s=96&d=mm&r=g\",\"contentUrl\":\"https:\\\/\\\/secure.gravatar.com\\\/avatar\\\/5310f602b6cbcfb86e030c4ccdbb78f6565a3b9bab6a74ab80fd3cb5428b65af?s=96&d=mm&r=g\",\"caption\":\"admin\"},\"logo\":{\"@id\":\"https:\\\/\\\/secure.gravatar.com\\\/avatar\\\/5310f602b6cbcfb86e030c4ccdbb78f6565a3b9bab6a74ab80fd3cb5428b65af?s=96&d=mm&r=g\"},\"sameAs\":[\"http:\\\/\\\/informatepy.com\\\/2021\"]},{\"@type\":\"Person\",\"@id\":\"https:\\\/\\\/informatepy.com\\\/2021\\\/#\\\/schema\\\/person\\\/0c842f525f84ea74ef3b44370d11757b\",\"name\":\"Redacci\u00f3n\",\"image\":{\"@type\":\"ImageObject\",\"inLanguage\":\"es\",\"@id\":\"https:\\\/\\\/i0.wp.com\\\/informatepy.com\\\/2021\\\/wp-content\\\/uploads\\\/2021\\\/02\\\/informate-circulo.png?fit=96%2C96&ssl=1\",\"url\":\"https:\\\/\\\/i0.wp.com\\\/informatepy.com\\\/2021\\\/wp-content\\\/uploads\\\/2021\\\/02\\\/informate-circulo.png?fit=96%2C96&ssl=1\",\"contentUrl\":\"https:\\\/\\\/i0.wp.com\\\/informatepy.com\\\/2021\\\/wp-content\\\/uploads\\\/2021\\\/02\\\/informate-circulo.png?fit=96%2C96&ssl=1\",\"caption\":\"Redacci\u00f3n\"},\"sameAs\":[\"https:\\\/\\\/www.facebook.com\\\/InformatePyCom\",\"https:\\\/\\\/x.com\\\/https:\\\/\\\/twitter.com\\\/InformatePy1\"],\"url\":\"https:\\\/\\\/informatepy.com\\\/2021\\\/author\\\/redaccion\\\/\"}]}<\/script>\n<!-- \/ Yoast SEO plugin. -->","yoast_head_json":{"title":"Serbia se declara Pro Familia y rechaza la realizaci\u00f3n del \"Europride\" - Informatepy","robots":{"index":"index","follow":"follow","max-snippet":"max-snippet:-1","max-image-preview":"max-image-preview:large","max-video-preview":"max-video-preview:-1"},"canonical":"https:\/\/informatepy.com\/2021\/2022\/08\/20\/serbia-se-declara-pro-familia-y-rechaza-la-realizacion-del-europride\/","og_locale":"es_ES","og_type":"article","og_title":"Serbia se declara Pro Familia y rechaza la realizaci\u00f3n del \"Europride\" - Informatepy","og_description":"Decenas de miles de ciudadanos de la Rep\u00fablica de Serbia, salieron a las calles en lo que se denomin\u00f3 la \u00abMarcha del Orgullo Familiar\u00bb. Las primeras estimaciones hablaban de entre 10.000 y 20.000 participantes en la Procesi\u00f3n de la Cruz por la Familia Serbia pero, seg\u00fan las \u00faltimas estimaciones, la cifra de participantes habr\u00eda ascendido [&hellip;]","og_url":"https:\/\/informatepy.com\/2021\/2022\/08\/20\/serbia-se-declara-pro-familia-y-rechaza-la-realizacion-del-europride\/","og_site_name":"Informatepy","article_author":"https:\/\/www.facebook.com\/InformatePyCom","article_published_time":"2022-08-20T15:36:30+00:00","article_modified_time":"2022-08-20T15:36:32+00:00","og_image":[{"width":1280,"height":960,"url":"https:\/\/informatepy.com\/2021\/wp-content\/uploads\/2022\/08\/marcha-pro-familia-serbia.jpg","type":"image\/jpeg"}],"author":"Redacci\u00f3n","twitter_card":"summary_large_image","twitter_creator":"@https:\/\/twitter.com\/InformatePy1","twitter_misc":{"Escrito por":"Redacci\u00f3n","Tiempo de lectura":"1 minuto"},"schema":{"@context":"https:\/\/schema.org","@graph":[{"@type":"Article","@id":"https:\/\/informatepy.com\/2021\/2022\/08\/20\/serbia-se-declara-pro-familia-y-rechaza-la-realizacion-del-europride\/#article","isPartOf":{"@id":"https:\/\/informatepy.com\/2021\/2022\/08\/20\/serbia-se-declara-pro-familia-y-rechaza-la-realizacion-del-europride\/"},"author":{"name":"Redacci\u00f3n","@id":"https:\/\/informatepy.com\/2021\/#\/schema\/person\/0c842f525f84ea74ef3b44370d11757b"},"headline":"Serbia se declara Pro Familia y rechaza la realizaci\u00f3n del \u00abEuropride\u00bb","datePublished":"2022-08-20T15:36:30+00:00","dateModified":"2022-08-20T15:36:32+00:00","mainEntityOfPage":{"@id":"https:\/\/informatepy.com\/2021\/2022\/08\/20\/serbia-se-declara-pro-familia-y-rechaza-la-realizacion-del-europride\/"},"wordCount":202,"commentCount":0,"publisher":{"@id":"https:\/\/informatepy.com\/2021\/#\/schema\/person\/edd302c981d6ba4596191719d1025a8a"},"image":{"@id":"https:\/\/informatepy.com\/2021\/2022\/08\/20\/serbia-se-declara-pro-familia-y-rechaza-la-realizacion-del-europride\/#primaryimage"},"thumbnailUrl":"https:\/\/i0.wp.com\/informatepy.com\/2021\/wp-content\/uploads\/2022\/08\/marcha-pro-familia-serbia.jpg?fit=1280%2C960&ssl=1","keywords":["destacada","lgbt","pro familia","pro vida","serbia"],"articleSection":["Mundo"],"inLanguage":"es","potentialAction":[{"@type":"CommentAction","name":"Comment","target":["https:\/\/informatepy.com\/2021\/2022\/08\/20\/serbia-se-declara-pro-familia-y-rechaza-la-realizacion-del-europride\/#respond"]}]},{"@type":"WebPage","@id":"https:\/\/informatepy.com\/2021\/2022\/08\/20\/serbia-se-declara-pro-familia-y-rechaza-la-realizacion-del-europride\/","url":"https:\/\/informatepy.com\/2021\/2022\/08\/20\/serbia-se-declara-pro-familia-y-rechaza-la-realizacion-del-europride\/","name":"Serbia se declara Pro Familia y rechaza la realizaci\u00f3n del \"Europride\" - Informatepy","isPartOf":{"@id":"https:\/\/informatepy.com\/2021\/#website"},"primaryImageOfPage":{"@id":"https:\/\/informatepy.com\/2021\/2022\/08\/20\/serbia-se-declara-pro-familia-y-rechaza-la-realizacion-del-europride\/#primaryimage"},"image":{"@id":"https:\/\/informatepy.com\/2021\/2022\/08\/20\/serbia-se-declara-pro-familia-y-rechaza-la-realizacion-del-europride\/#primaryimage"},"thumbnailUrl":"https:\/\/i0.wp.com\/informatepy.com\/2021\/wp-content\/uploads\/2022\/08\/marcha-pro-familia-serbia.jpg?fit=1280%2C960&ssl=1","datePublished":"2022-08-20T15:36:30+00:00","dateModified":"2022-08-20T15:36:32+00:00","breadcrumb":{"@id":"https:\/\/informatepy.com\/2021\/2022\/08\/20\/serbia-se-declara-pro-familia-y-rechaza-la-realizacion-del-europride\/#breadcrumb"},"inLanguage":"es","potentialAction":[{"@type":"ReadAction","target":["https:\/\/informatepy.com\/2021\/2022\/08\/20\/serbia-se-declara-pro-familia-y-rechaza-la-realizacion-del-europride\/"]}]},{"@type":"ImageObject","inLanguage":"es","@id":"https:\/\/informatepy.com\/2021\/2022\/08\/20\/serbia-se-declara-pro-familia-y-rechaza-la-realizacion-del-europride\/#primaryimage","url":"https:\/\/i0.wp.com\/informatepy.com\/2021\/wp-content\/uploads\/2022\/08\/marcha-pro-familia-serbia.jpg?fit=1280%2C960&ssl=1","contentUrl":"https:\/\/i0.wp.com\/informatepy.com\/2021\/wp-content\/uploads\/2022\/08\/marcha-pro-familia-serbia.jpg?fit=1280%2C960&ssl=1","width":1280,"height":960},{"@type":"BreadcrumbList","@id":"https:\/\/informatepy.com\/2021\/2022\/08\/20\/serbia-se-declara-pro-familia-y-rechaza-la-realizacion-del-europride\/#breadcrumb","itemListElement":[{"@type":"ListItem","position":1,"name":"Portada","item":"https:\/\/informatepy.com\/2021\/"},{"@type":"ListItem","position":2,"name":"Serbia se declara Pro Familia y rechaza la realizaci\u00f3n del \u00abEuropride\u00bb"}]},{"@type":"WebSite","@id":"https:\/\/informatepy.com\/2021\/#website","url":"https:\/\/informatepy.com\/2021\/","name":"Informatepy","description":"La verdad, siempre!","publisher":{"@id":"https:\/\/informatepy.com\/2021\/#\/schema\/person\/edd302c981d6ba4596191719d1025a8a"},"potentialAction":[{"@type":"SearchAction","target":{"@type":"EntryPoint","urlTemplate":"https:\/\/informatepy.com\/2021\/?s={search_term_string}"},"query-input":{"@type":"PropertyValueSpecification","valueRequired":true,"valueName":"search_term_string"}}],"inLanguage":"es"},{"@type":["Person","Organization"],"@id":"https:\/\/informatepy.com\/2021\/#\/schema\/person\/edd302c981d6ba4596191719d1025a8a","name":"admin","image":{"@type":"ImageObject","inLanguage":"es","@id":"https:\/\/secure.gravatar.com\/avatar\/5310f602b6cbcfb86e030c4ccdbb78f6565a3b9bab6a74ab80fd3cb5428b65af?s=96&d=mm&r=g","url":"https:\/\/secure.gravatar.com\/avatar\/5310f602b6cbcfb86e030c4ccdbb78f6565a3b9bab6a74ab80fd3cb5428b65af?s=96&d=mm&r=g","contentUrl":"https:\/\/secure.gravatar.com\/avatar\/5310f602b6cbcfb86e030c4ccdbb78f6565a3b9bab6a74ab80fd3cb5428b65af?s=96&d=mm&r=g","caption":"admin"},"logo":{"@id":"https:\/\/secure.gravatar.com\/avatar\/5310f602b6cbcfb86e030c4ccdbb78f6565a3b9bab6a74ab80fd3cb5428b65af?s=96&d=mm&r=g"},"sameAs":["http:\/\/informatepy.com\/2021"]},{"@type":"Person","@id":"https:\/\/informatepy.com\/2021\/#\/schema\/person\/0c842f525f84ea74ef3b44370d11757b","name":"Redacci\u00f3n","image":{"@type":"ImageObject","inLanguage":"es","@id":"https:\/\/i0.wp.com\/informatepy.com\/2021\/wp-content\/uploads\/2021\/02\/informate-circulo.png?fit=96%2C96&ssl=1","url":"https:\/\/i0.wp.com\/informatepy.com\/2021\/wp-content\/uploads\/2021\/02\/informate-circulo.png?fit=96%2C96&ssl=1","contentUrl":"https:\/\/i0.wp.com\/informatepy.com\/2021\/wp-content\/uploads\/2021\/02\/informate-circulo.png?fit=96%2C96&ssl=1","caption":"Redacci\u00f3n"},"sameAs":["https:\/\/www.facebook.com\/InformatePyCom","https:\/\/x.com\/https:\/\/twitter.com\/InformatePy1"],"url":"https:\/\/informatepy.com\/2021\/author\/redaccion\/"}]}},"jetpack_featured_media_url":"https:\/\/i0.wp.com\/informatepy.com\/2021\/wp-content\/uploads\/2022\/08\/marcha-pro-familia-serbia.jpg?fit=1280%2C960&ssl=1","jetpack_sharing_enabled":true,"jetpack_likes_enabled":true,"jetpack-related-posts":[{"id":11032,"url":"https:\/\/informatepy.com\/2021\/2022\/04\/06\/la-derecha-serbia-de-la-mano-de-aleksandar-vucic-es-reelecta-con-el-60-de-los-votos\/","url_meta":{"origin":13456,"position":0},"title":"La derecha serbia, de la mano de Aleksandar Vu\u010di\u0107, es reelecta con el 60% de los votos","date":"6 de abril de 2022","format":false,"excerpt":"El pasado domingo 3 de abril, el presidente serbio, Aleksandar Vu\u010di\u0107,\u00a0logr\u00f3 una\u00a0aplastante victoria en las\u00a0elecciones presidenciales de Serbia. El mandatario reelecto, se present\u00f3 como el garante de la estabilidad a pesar de la guerra en Ucrania. La coalici\u00f3n que lidera Vu\u010di\u0107,\u00a0Juntos Podemos Hacerlo Todo, alcanz\u00f3 el 58,54% de los votos,\u2026","rel":"","context":"En \u00abMundo\u00bb","img":{"alt_text":"","src":"https:\/\/i0.wp.com\/informatepy.com\/2021\/wp-content\/uploads\/2022\/04\/vucic-serbia.jpg?fit=1200%2C630&ssl=1&resize=350%2C200","width":350,"height":200},"classes":[]},{"id":9592,"url":"https:\/\/informatepy.com\/2021\/2022\/01\/21\/serbia-revoca-licencias-de-proyecto-de-litio-de-la-minera-australiana-rio-tinto\/","url_meta":{"origin":13456,"position":1},"title":"Serbia revoca licencias de proyecto de litio de la minera australiana \u00abRio Tinto\u00bb","date":"21 de enero de 2022","format":false,"excerpt":"(Reuters) - Serbia revoc\u00f3 el jueves las licencias de exploraci\u00f3n de litio de Rio Tinto\u00a0(RIO.L)\u00a0, cediendo ante los manifestantes que se opon\u00edan al desarrollo del proyecto por parte del gigante minero anglo-australiano por motivos ambientales. La primera ministra serbia, Ana Brnabic, dijo que la decisi\u00f3n del gobierno se produjo despu\u00e9s\u2026","rel":"","context":"En \u00abMundo\u00bb","img":{"alt_text":"","src":"https:\/\/i0.wp.com\/informatepy.com\/2021\/wp-content\/uploads\/2022\/01\/minera-rio-tinto.jpg?fit=960%2C643&ssl=1&resize=350%2C200","width":350,"height":200},"classes":[]},{"id":11642,"url":"https:\/\/informatepy.com\/2021\/2022\/05\/15\/novak-djocovik-se-quedo-con-el-master-1000-de-roma\/","url_meta":{"origin":13456,"position":2},"title":"Novak Djocovik se qued\u00f3 con el Master 1000 de Roma","date":"15 de mayo de 2022","format":false,"excerpt":"El n\u00famero uno del mundo,\u00a0Novak Djokovic, se impuso con autoridad ante el griego\u00a0Stefanos Tsitsipas\u00a0con un contundente\u00a06-0, 7-6 (5)\u00a0y se consagr\u00f3\u00a0campe\u00f3n del Masters 1000 de Roma, lo que signific\u00f3\u00a0su primer t\u00edtulo de la temporada. El serbio, que llegaba de anotarse en las\u00a0semifinales\u00a0del\u00a0Masters de Madrid,\u00a0recuper\u00f3 definitivamente su nivel de juego a una\u2026","rel":"","context":"En \u00abDeportes\u00bb","img":{"alt_text":"","src":"https:\/\/i0.wp.com\/informatepy.com\/2021\/wp-content\/uploads\/2022\/05\/djokovic-roma-2022.jpg?fit=1200%2C675&ssl=1&resize=350%2C200","width":350,"height":200},"classes":[]},{"id":9243,"url":"https:\/\/informatepy.com\/2021\/2022\/01\/05\/australia-cancelo-la-visa-de-djokovic-y-no-jugara-el-abierto\/","url_meta":{"origin":13456,"position":3},"title":"Australia cancel\u00f3 la visa de Djokovic y no jugar\u00e1 el abierto","date":"5 de enero de 2022","format":false,"excerpt":"Aunque sus abogados intentar\u00e1n apelar la decisi\u00f3n, el serbio, que hab\u00eda tramitado la exenci\u00f3n m\u00e9dica por no estar vacunado, no pudo pasar del aeropuerto por un problema en su visado y no disputar\u00e1 el Grand Slam. Tras casi nueve horas retenido en el Aeropuerto Internacional Tullamarine de la ciudad de\u2026","rel":"","context":"En \u00abDeportes\u00bb","img":{"alt_text":"","src":"https:\/\/i0.wp.com\/informatepy.com\/2021\/wp-content\/uploads\/2022\/01\/novak-abierto-de-australia.jpg?fit=720%2C405&ssl=1&resize=350%2C200","width":350,"height":200},"classes":[]},{"id":9285,"url":"https:\/\/informatepy.com\/2021\/2022\/01\/07\/el-abierto-de-australia-cancela-otra-atleta\/","url_meta":{"origin":13456,"position":4},"title":"El Abierto de Australia cancela a otra atleta","date":"7 de enero de 2022","format":false,"excerpt":"A la jugadora de tenis checa,\u00a0Renata Voracova se le ha cancelado su visa australiana y est\u00e1 detenida en el mismo hotel en el que se encuentra el jugador serbio Novak Djokovic, seg\u00fan informa el medio local ABC. La Fuerza Fronteriza Australiana luego de detener a la atleta, la retiene en\u2026","rel":"","context":"En \u00abDeportes\u00bb","img":{"alt_text":"","src":"https:\/\/i0.wp.com\/informatepy.com\/2021\/wp-content\/uploads\/2022\/01\/abierto-de-australia.jpg?fit=720%2C405&ssl=1&resize=350%2C200","width":350,"height":200},"classes":[]},{"id":9231,"url":"https:\/\/informatepy.com\/2021\/2022\/01\/05\/el-gobierno-australiano-tiene-aislado-djokovic-en-el-aeropuerto-lo-tratan-como-un-criminal\/","url_meta":{"origin":13456,"position":5},"title":"El gobierno australiano tiene aislado Djokovic en el aeropuerto: \u201cLo tratan como un criminal\u201d","date":"5 de enero de 2022","format":false,"excerpt":"Los medios serbios dieron detalles de la situaci\u00f3n por la que est\u00e1 atravesando el n\u00famero 1 del mundo del ranking de tenis en el aeropuerto de Melbourne. \u201cSe encuentra alojado en una habitaci\u00f3n y nadie puede entrar en \u00e9l. Hay dos polic\u00edas\u201d, afirm\u00f3 su padre. El diario serbio\u00a0The Telegraph\u00a0dio detalles\u2026","rel":"","context":"En \u00abDeportes\u00bb","img":{"alt_text":"","src":"https:\/\/i0.wp.com\/informatepy.com\/2021\/wp-content\/uploads\/2021\/12\/novak-djokovic.jpg?fit=1200%2C815&ssl=1&resize=350%2C200","width":350,"height":200},"classes":[]}],"authors":[{"term_id":1051,"user_id":4,"is_guest":0,"slug":"redaccion","display_name":"Redacci\u00f3n","avatar_url":"https:\/\/i0.wp.com\/informatepy.com\/2021\/wp-content\/uploads\/2021\/02\/informate-circulo.png?fit=96%2C96&ssl=1","first_name":"Redacci\u00f3n","last_name":"","user_url":"","description":""}],"amp_enabled":true,"_links":{"self":[{"href":"https:\/\/informatepy.com\/2021\/wp-json\/wp\/v2\/posts\/13456","targetHints":{"allow":["GET"]}}],"collection":[{"href":"https:\/\/informatepy.com\/2021\/wp-json\/wp\/v2\/posts"}],"about":[{"href":"https:\/\/informatepy.com\/2021\/wp-json\/wp\/v2\/types\/post"}],"author":[{"embeddable":true,"href":"https:\/\/informatepy.com\/2021\/wp-json\/wp\/v2\/users\/4"}],"replies":[{"embeddable":true,"href":"https:\/\/informatepy.com\/2021\/wp-json\/wp\/v2\/comments?post=13456"}],"version-history":[{"count":1,"href":"https:\/\/informatepy.com\/2021\/wp-json\/wp\/v2\/posts\/13456\/revisions"}],"predecessor-version":[{"id":13458,"href":"https:\/\/informatepy.com\/2021\/wp-json\/wp\/v2\/posts\/13456\/revisions\/13458"}],"wp:featuredmedia":[{"embeddable":true,"href":"https:\/\/informatepy.com\/2021\/wp-json\/wp\/v2\/media\/13457"}],"wp:attachment":[{"href":"https:\/\/informatepy.com\/2021\/wp-json\/wp\/v2\/media?parent=13456"}],"wp:term":[{"taxonomy":"category","embeddable":true,"href":"https:\/\/informatepy.com\/2021\/wp-json\/wp\/v2\/categories?post=13456"},{"taxonomy":"post_tag","embeddable":true,"href":"https:\/\/informatepy.com\/2021\/wp-json\/wp\/v2\/tags?post=13456"},{"taxonomy":"author","embeddable":true,"href":"https:\/\/informatepy.com\/2021\/wp-json\/wp\/v2\/ppma_author?post=13456"}],"curies":[{"name":"wp","href":"https:\/\/api.w.org\/{rel}","templated":true}]}}