{"id":13449,"date":"2022-08-19T18:51:51","date_gmt":"2022-08-19T21:51:51","guid":{"rendered":"https:\/\/informatepy.com\/2021\/?p=13449"},"modified":"2022-08-19T18:51:54","modified_gmt":"2022-08-19T21:51:54","slug":"el-papa-francisco-se-nego-a-investigar-a-un-cardenal-favoriti-acusado-de-abuso-sexual","status":"publish","type":"post","link":"https:\/\/informatepy.com\/2021\/2022\/08\/19\/el-papa-francisco-se-nego-a-investigar-a-un-cardenal-favoriti-acusado-de-abuso-sexual\/","title":{"rendered":"El Papa Francisco se neg\u00f3 a investigar a un cardenal \u00abfavoriti\u00bb acusado de abuso sexual"},"content":{"rendered":"\n<p class=\"has-text-align-justify\">El\u00a0<strong>Papa\u00a0Francisco\u00a0<\/strong>descart\u00f3 abrir una investigaci\u00f3n por abuso sexual tras una denuncia contra el\u00a0<strong>cardenal canadiense Marc Ouellet, que en 2013 fue uno de los \u00ab<em>favoriti<\/em>\u00bb (favoritos) para ser Papa<\/strong>. Un\u00a0caso que vuelve a escandalizar a los cat\u00f3licos de Canad\u00e1.<\/p>\n\n\n\n<p class=\"has-text-align-justify\"><strong>\u00abEl&nbsp;papa&nbsp;Francisco&nbsp;declara que no hay suficientes elementos para abrir una investigaci\u00f3n can\u00f3nica por agresi\u00f3n sexual\u00bb<\/strong>&nbsp;contra Ouellet, anunci\u00f3 este 18 de agosto el portavoz del Vaticano, Matteo Bruni.<\/p>\n\n\n\n<p class=\"has-text-align-justify\"><strong>Actual prefecto de la Congregaci\u00f3n para los Obispos, entre los cargos m\u00e1s importantes del gobierno del Vaticano, Ouellet\u00a0<\/strong>fue denunciado por una mujer cuyo nombre no se hizo p\u00fablico y afirm\u00f3 haber sido objeto varias veces de abusos por parte del purpurado.<\/p>\n\n\n\n<p class=\"has-text-align-justify\">Ouellet, de 78 a\u00f1os,&nbsp;<em>fue acusado de tocarla entre 2008 y 2010<\/em>&nbsp;mientras era arzobispo de Quebec. La denunciante era una agente de la pastoral cuando supuestamente ocurrieron los hechos.<\/p>\n\n\n\n<p class=\"has-text-align-justify\">De acuerdo con la denuncia, el cardenal Ouellet la habr\u00eda&nbsp;<strong>\u00abbesado\u00bb y habr\u00eda \u00abdeslizado su mano\u00bb por su espalda \u00abhasta sus nalgas\u00bb<\/strong>.<\/p>\n\n\n\n<p class=\"has-text-align-justify\">Cuando la denunciante se atrevi\u00f3 a hablar de estos hechos,\u00a0<strong>se enter\u00f3 \u00abde que no era la \u00fanica mujer que ten\u00eda este tipo de &#8216;problemas&#8217; con \u00e9l\u00bb<\/strong>, dicen los documentos judiciales.<\/p>\n\n\n\n<p class=\"has-text-align-justify\">No fue hasta 2020 que la denunciante habl\u00f3 al respecto con el comit\u00e9 asesor de abusos sexuales de la di\u00f3cesis de Quebec, que le recomend\u00f3 entonces que escribiera una carta al\u00a0papa\u00a0Francisco.<\/p>\n\n\n\n<h6 class=\"wp-block-heading\" style=\"font-style:normal;font-weight:300\">Con informaci\u00f3n de Perfil<\/h6>\n","protected":false},"excerpt":{"rendered":"<p>El\u00a0Papa\u00a0Francisco\u00a0descart\u00f3 abrir una investigaci\u00f3n por abuso sexual tras una denuncia contra el\u00a0cardenal canadiense Marc Ouellet, que en 2013 fue uno de los \u00abfavoriti\u00bb (favoritos) para ser Papa. Un\u00a0caso que vuelve a escandalizar a los cat\u00f3licos de Canad\u00e1. \u00abEl&nbsp;papa&nbsp;Francisco&nbsp;declara que no hay suficientes elementos para abrir una investigaci\u00f3n can\u00f3nica por agresi\u00f3n sexual\u00bb&nbsp;contra Ouellet, anunci\u00f3 este 18 [&hellip;]<\/p>\n","protected":false},"author":4,"featured_media":13450,"comment_status":"open","ping_status":"open","sticky":false,"template":"","format":"standard","meta":{"_monsterinsights_skip_tracking":false,"_monsterinsights_sitenote_active":false,"_monsterinsights_sitenote_note":"","_monsterinsights_sitenote_category":0,"footnotes":"","jetpack_publicize_message":"","jetpack_is_tweetstorm":false,"jetpack_publicize_feature_enabled":true},"categories":[173],"tags":[210,1391,1036,212,1475,322],"ppma_author":[1051],"class_list":["post-13449","post","type-post","status-publish","format-standard","has-post-thumbnail","hentry","category-mundo","tag-bergoglio","tag-canada","tag-destacada","tag-papa-francisco","tag-religion","tag-vaticano"],"jetpack_publicize_connections":[],"yoast_head":"<!-- This site is optimized with the Yoast SEO plugin v27.5 - https:\/\/yoast.com\/product\/yoast-seo-wordpress\/ -->\n<title>El Papa Francisco se neg\u00f3 a investigar a un cardenal &quot;favoriti&quot; acusado de abuso sexual - Informatepy<\/title>\n<meta name=\"robots\" content=\"index, follow, max-snippet:-1, max-image-preview:large, max-video-preview:-1\" \/>\n<link rel=\"canonical\" href=\"https:\/\/informatepy.com\/2021\/2022\/08\/19\/el-papa-francisco-se-nego-a-investigar-a-un-cardenal-favoriti-acusado-de-abuso-sexual\/\" \/>\n<meta property=\"og:locale\" content=\"es_ES\" \/>\n<meta property=\"og:type\" content=\"article\" \/>\n<meta property=\"og:title\" content=\"El Papa Francisco se neg\u00f3 a investigar a un cardenal &quot;favoriti&quot; acusado de abuso sexual - Informatepy\" \/>\n<meta property=\"og:description\" content=\"El\u00a0Papa\u00a0Francisco\u00a0descart\u00f3 abrir una investigaci\u00f3n por abuso sexual tras una denuncia contra el\u00a0cardenal canadiense Marc Ouellet, que en 2013 fue uno de los \u00abfavoriti\u00bb (favoritos) para ser Papa. Un\u00a0caso que vuelve a escandalizar a los cat\u00f3licos de Canad\u00e1. \u00abEl&nbsp;papa&nbsp;Francisco&nbsp;declara que no hay suficientes elementos para abrir una investigaci\u00f3n can\u00f3nica por agresi\u00f3n sexual\u00bb&nbsp;contra Ouellet, anunci\u00f3 este 18 [&hellip;]\" \/>\n<meta property=\"og:url\" content=\"https:\/\/informatepy.com\/2021\/2022\/08\/19\/el-papa-francisco-se-nego-a-investigar-a-un-cardenal-favoriti-acusado-de-abuso-sexual\/\" \/>\n<meta property=\"og:site_name\" content=\"Informatepy\" \/>\n<meta property=\"article:author\" content=\"https:\/\/www.facebook.com\/InformatePyCom\" \/>\n<meta property=\"article:published_time\" content=\"2022-08-19T21:51:51+00:00\" \/>\n<meta property=\"article:modified_time\" content=\"2022-08-19T21:51:54+00:00\" \/>\n<meta property=\"og:image\" content=\"https:\/\/informatepy.com\/2021\/wp-content\/uploads\/2022\/08\/Marc-Ouellet-francisco.jpg\" \/>\n\t<meta property=\"og:image:width\" content=\"1280\" \/>\n\t<meta property=\"og:image:height\" content=\"720\" \/>\n\t<meta property=\"og:image:type\" content=\"image\/jpeg\" \/>\n<meta name=\"author\" content=\"Redacci\u00f3n\" \/>\n<meta name=\"twitter:card\" content=\"summary_large_image\" \/>\n<meta name=\"twitter:creator\" content=\"@https:\/\/twitter.com\/InformatePy1\" \/>\n<meta name=\"twitter:label1\" content=\"Escrito por\" \/>\n\t<meta name=\"twitter:data1\" content=\"Redacci\u00f3n\" \/>\n\t<meta name=\"twitter:label2\" content=\"Tiempo de lectura\" \/>\n\t<meta name=\"twitter:data2\" content=\"2 minutos\" \/>\n<script type=\"application\/ld+json\" class=\"yoast-schema-graph\">{\"@context\":\"https:\\\/\\\/schema.org\",\"@graph\":[{\"@type\":\"Article\",\"@id\":\"https:\\\/\\\/informatepy.com\\\/2021\\\/2022\\\/08\\\/19\\\/el-papa-francisco-se-nego-a-investigar-a-un-cardenal-favoriti-acusado-de-abuso-sexual\\\/#article\",\"isPartOf\":{\"@id\":\"https:\\\/\\\/informatepy.com\\\/2021\\\/2022\\\/08\\\/19\\\/el-papa-francisco-se-nego-a-investigar-a-un-cardenal-favoriti-acusado-de-abuso-sexual\\\/\"},\"author\":{\"name\":\"Redacci\u00f3n\",\"@id\":\"https:\\\/\\\/informatepy.com\\\/2021\\\/#\\\/schema\\\/person\\\/0c842f525f84ea74ef3b44370d11757b\"},\"headline\":\"El Papa Francisco se neg\u00f3 a investigar a un cardenal \u00abfavoriti\u00bb acusado de abuso sexual\",\"datePublished\":\"2022-08-19T21:51:51+00:00\",\"dateModified\":\"2022-08-19T21:51:54+00:00\",\"mainEntityOfPage\":{\"@id\":\"https:\\\/\\\/informatepy.com\\\/2021\\\/2022\\\/08\\\/19\\\/el-papa-francisco-se-nego-a-investigar-a-un-cardenal-favoriti-acusado-de-abuso-sexual\\\/\"},\"wordCount\":264,\"commentCount\":0,\"publisher\":{\"@id\":\"https:\\\/\\\/informatepy.com\\\/2021\\\/#\\\/schema\\\/person\\\/edd302c981d6ba4596191719d1025a8a\"},\"image\":{\"@id\":\"https:\\\/\\\/informatepy.com\\\/2021\\\/2022\\\/08\\\/19\\\/el-papa-francisco-se-nego-a-investigar-a-un-cardenal-favoriti-acusado-de-abuso-sexual\\\/#primaryimage\"},\"thumbnailUrl\":\"https:\\\/\\\/i0.wp.com\\\/informatepy.com\\\/2021\\\/wp-content\\\/uploads\\\/2022\\\/08\\\/Marc-Ouellet-francisco.jpg?fit=1280%2C720&ssl=1\",\"keywords\":[\"bergoglio\",\"canada\",\"destacada\",\"papa francisco\",\"religion\",\"vaticano\"],\"articleSection\":[\"Mundo\"],\"inLanguage\":\"es\",\"potentialAction\":[{\"@type\":\"CommentAction\",\"name\":\"Comment\",\"target\":[\"https:\\\/\\\/informatepy.com\\\/2021\\\/2022\\\/08\\\/19\\\/el-papa-francisco-se-nego-a-investigar-a-un-cardenal-favoriti-acusado-de-abuso-sexual\\\/#respond\"]}]},{\"@type\":\"WebPage\",\"@id\":\"https:\\\/\\\/informatepy.com\\\/2021\\\/2022\\\/08\\\/19\\\/el-papa-francisco-se-nego-a-investigar-a-un-cardenal-favoriti-acusado-de-abuso-sexual\\\/\",\"url\":\"https:\\\/\\\/informatepy.com\\\/2021\\\/2022\\\/08\\\/19\\\/el-papa-francisco-se-nego-a-investigar-a-un-cardenal-favoriti-acusado-de-abuso-sexual\\\/\",\"name\":\"El Papa Francisco se neg\u00f3 a investigar a un cardenal \\\"favoriti\\\" acusado de abuso sexual - Informatepy\",\"isPartOf\":{\"@id\":\"https:\\\/\\\/informatepy.com\\\/2021\\\/#website\"},\"primaryImageOfPage\":{\"@id\":\"https:\\\/\\\/informatepy.com\\\/2021\\\/2022\\\/08\\\/19\\\/el-papa-francisco-se-nego-a-investigar-a-un-cardenal-favoriti-acusado-de-abuso-sexual\\\/#primaryimage\"},\"image\":{\"@id\":\"https:\\\/\\\/informatepy.com\\\/2021\\\/2022\\\/08\\\/19\\\/el-papa-francisco-se-nego-a-investigar-a-un-cardenal-favoriti-acusado-de-abuso-sexual\\\/#primaryimage\"},\"thumbnailUrl\":\"https:\\\/\\\/i0.wp.com\\\/informatepy.com\\\/2021\\\/wp-content\\\/uploads\\\/2022\\\/08\\\/Marc-Ouellet-francisco.jpg?fit=1280%2C720&ssl=1\",\"datePublished\":\"2022-08-19T21:51:51+00:00\",\"dateModified\":\"2022-08-19T21:51:54+00:00\",\"breadcrumb\":{\"@id\":\"https:\\\/\\\/informatepy.com\\\/2021\\\/2022\\\/08\\\/19\\\/el-papa-francisco-se-nego-a-investigar-a-un-cardenal-favoriti-acusado-de-abuso-sexual\\\/#breadcrumb\"},\"inLanguage\":\"es\",\"potentialAction\":[{\"@type\":\"ReadAction\",\"target\":[\"https:\\\/\\\/informatepy.com\\\/2021\\\/2022\\\/08\\\/19\\\/el-papa-francisco-se-nego-a-investigar-a-un-cardenal-favoriti-acusado-de-abuso-sexual\\\/\"]}]},{\"@type\":\"ImageObject\",\"inLanguage\":\"es\",\"@id\":\"https:\\\/\\\/informatepy.com\\\/2021\\\/2022\\\/08\\\/19\\\/el-papa-francisco-se-nego-a-investigar-a-un-cardenal-favoriti-acusado-de-abuso-sexual\\\/#primaryimage\",\"url\":\"https:\\\/\\\/i0.wp.com\\\/informatepy.com\\\/2021\\\/wp-content\\\/uploads\\\/2022\\\/08\\\/Marc-Ouellet-francisco.jpg?fit=1280%2C720&ssl=1\",\"contentUrl\":\"https:\\\/\\\/i0.wp.com\\\/informatepy.com\\\/2021\\\/wp-content\\\/uploads\\\/2022\\\/08\\\/Marc-Ouellet-francisco.jpg?fit=1280%2C720&ssl=1\",\"width\":1280,\"height\":720},{\"@type\":\"BreadcrumbList\",\"@id\":\"https:\\\/\\\/informatepy.com\\\/2021\\\/2022\\\/08\\\/19\\\/el-papa-francisco-se-nego-a-investigar-a-un-cardenal-favoriti-acusado-de-abuso-sexual\\\/#breadcrumb\",\"itemListElement\":[{\"@type\":\"ListItem\",\"position\":1,\"name\":\"Portada\",\"item\":\"https:\\\/\\\/informatepy.com\\\/2021\\\/\"},{\"@type\":\"ListItem\",\"position\":2,\"name\":\"El Papa Francisco se neg\u00f3 a investigar a un cardenal \u00abfavoriti\u00bb acusado de abuso sexual\"}]},{\"@type\":\"WebSite\",\"@id\":\"https:\\\/\\\/informatepy.com\\\/2021\\\/#website\",\"url\":\"https:\\\/\\\/informatepy.com\\\/2021\\\/\",\"name\":\"Informatepy\",\"description\":\"La verdad, siempre!\",\"publisher\":{\"@id\":\"https:\\\/\\\/informatepy.com\\\/2021\\\/#\\\/schema\\\/person\\\/edd302c981d6ba4596191719d1025a8a\"},\"potentialAction\":[{\"@type\":\"SearchAction\",\"target\":{\"@type\":\"EntryPoint\",\"urlTemplate\":\"https:\\\/\\\/informatepy.com\\\/2021\\\/?s={search_term_string}\"},\"query-input\":{\"@type\":\"PropertyValueSpecification\",\"valueRequired\":true,\"valueName\":\"search_term_string\"}}],\"inLanguage\":\"es\"},{\"@type\":[\"Person\",\"Organization\"],\"@id\":\"https:\\\/\\\/informatepy.com\\\/2021\\\/#\\\/schema\\\/person\\\/edd302c981d6ba4596191719d1025a8a\",\"name\":\"admin\",\"image\":{\"@type\":\"ImageObject\",\"inLanguage\":\"es\",\"@id\":\"https:\\\/\\\/secure.gravatar.com\\\/avatar\\\/5310f602b6cbcfb86e030c4ccdbb78f6565a3b9bab6a74ab80fd3cb5428b65af?s=96&d=mm&r=g\",\"url\":\"https:\\\/\\\/secure.gravatar.com\\\/avatar\\\/5310f602b6cbcfb86e030c4ccdbb78f6565a3b9bab6a74ab80fd3cb5428b65af?s=96&d=mm&r=g\",\"contentUrl\":\"https:\\\/\\\/secure.gravatar.com\\\/avatar\\\/5310f602b6cbcfb86e030c4ccdbb78f6565a3b9bab6a74ab80fd3cb5428b65af?s=96&d=mm&r=g\",\"caption\":\"admin\"},\"logo\":{\"@id\":\"https:\\\/\\\/secure.gravatar.com\\\/avatar\\\/5310f602b6cbcfb86e030c4ccdbb78f6565a3b9bab6a74ab80fd3cb5428b65af?s=96&d=mm&r=g\"},\"sameAs\":[\"http:\\\/\\\/informatepy.com\\\/2021\"]},{\"@type\":\"Person\",\"@id\":\"https:\\\/\\\/informatepy.com\\\/2021\\\/#\\\/schema\\\/person\\\/0c842f525f84ea74ef3b44370d11757b\",\"name\":\"Redacci\u00f3n\",\"image\":{\"@type\":\"ImageObject\",\"inLanguage\":\"es\",\"@id\":\"https:\\\/\\\/i0.wp.com\\\/informatepy.com\\\/2021\\\/wp-content\\\/uploads\\\/2021\\\/02\\\/informate-circulo.png?fit=96%2C96&ssl=1\",\"url\":\"https:\\\/\\\/i0.wp.com\\\/informatepy.com\\\/2021\\\/wp-content\\\/uploads\\\/2021\\\/02\\\/informate-circulo.png?fit=96%2C96&ssl=1\",\"contentUrl\":\"https:\\\/\\\/i0.wp.com\\\/informatepy.com\\\/2021\\\/wp-content\\\/uploads\\\/2021\\\/02\\\/informate-circulo.png?fit=96%2C96&ssl=1\",\"caption\":\"Redacci\u00f3n\"},\"sameAs\":[\"https:\\\/\\\/www.facebook.com\\\/InformatePyCom\",\"https:\\\/\\\/x.com\\\/https:\\\/\\\/twitter.com\\\/InformatePy1\"],\"url\":\"https:\\\/\\\/informatepy.com\\\/2021\\\/author\\\/redaccion\\\/\"}]}<\/script>\n<!-- \/ Yoast SEO plugin. -->","yoast_head_json":{"title":"El Papa Francisco se neg\u00f3 a investigar a un cardenal \"favoriti\" acusado de abuso sexual - Informatepy","robots":{"index":"index","follow":"follow","max-snippet":"max-snippet:-1","max-image-preview":"max-image-preview:large","max-video-preview":"max-video-preview:-1"},"canonical":"https:\/\/informatepy.com\/2021\/2022\/08\/19\/el-papa-francisco-se-nego-a-investigar-a-un-cardenal-favoriti-acusado-de-abuso-sexual\/","og_locale":"es_ES","og_type":"article","og_title":"El Papa Francisco se neg\u00f3 a investigar a un cardenal \"favoriti\" acusado de abuso sexual - Informatepy","og_description":"El\u00a0Papa\u00a0Francisco\u00a0descart\u00f3 abrir una investigaci\u00f3n por abuso sexual tras una denuncia contra el\u00a0cardenal canadiense Marc Ouellet, que en 2013 fue uno de los \u00abfavoriti\u00bb (favoritos) para ser Papa. Un\u00a0caso que vuelve a escandalizar a los cat\u00f3licos de Canad\u00e1. \u00abEl&nbsp;papa&nbsp;Francisco&nbsp;declara que no hay suficientes elementos para abrir una investigaci\u00f3n can\u00f3nica por agresi\u00f3n sexual\u00bb&nbsp;contra Ouellet, anunci\u00f3 este 18 [&hellip;]","og_url":"https:\/\/informatepy.com\/2021\/2022\/08\/19\/el-papa-francisco-se-nego-a-investigar-a-un-cardenal-favoriti-acusado-de-abuso-sexual\/","og_site_name":"Informatepy","article_author":"https:\/\/www.facebook.com\/InformatePyCom","article_published_time":"2022-08-19T21:51:51+00:00","article_modified_time":"2022-08-19T21:51:54+00:00","og_image":[{"width":1280,"height":720,"url":"https:\/\/informatepy.com\/2021\/wp-content\/uploads\/2022\/08\/Marc-Ouellet-francisco.jpg","type":"image\/jpeg"}],"author":"Redacci\u00f3n","twitter_card":"summary_large_image","twitter_creator":"@https:\/\/twitter.com\/InformatePy1","twitter_misc":{"Escrito por":"Redacci\u00f3n","Tiempo de lectura":"2 minutos"},"schema":{"@context":"https:\/\/schema.org","@graph":[{"@type":"Article","@id":"https:\/\/informatepy.com\/2021\/2022\/08\/19\/el-papa-francisco-se-nego-a-investigar-a-un-cardenal-favoriti-acusado-de-abuso-sexual\/#article","isPartOf":{"@id":"https:\/\/informatepy.com\/2021\/2022\/08\/19\/el-papa-francisco-se-nego-a-investigar-a-un-cardenal-favoriti-acusado-de-abuso-sexual\/"},"author":{"name":"Redacci\u00f3n","@id":"https:\/\/informatepy.com\/2021\/#\/schema\/person\/0c842f525f84ea74ef3b44370d11757b"},"headline":"El Papa Francisco se neg\u00f3 a investigar a un cardenal \u00abfavoriti\u00bb acusado de abuso sexual","datePublished":"2022-08-19T21:51:51+00:00","dateModified":"2022-08-19T21:51:54+00:00","mainEntityOfPage":{"@id":"https:\/\/informatepy.com\/2021\/2022\/08\/19\/el-papa-francisco-se-nego-a-investigar-a-un-cardenal-favoriti-acusado-de-abuso-sexual\/"},"wordCount":264,"commentCount":0,"publisher":{"@id":"https:\/\/informatepy.com\/2021\/#\/schema\/person\/edd302c981d6ba4596191719d1025a8a"},"image":{"@id":"https:\/\/informatepy.com\/2021\/2022\/08\/19\/el-papa-francisco-se-nego-a-investigar-a-un-cardenal-favoriti-acusado-de-abuso-sexual\/#primaryimage"},"thumbnailUrl":"https:\/\/i0.wp.com\/informatepy.com\/2021\/wp-content\/uploads\/2022\/08\/Marc-Ouellet-francisco.jpg?fit=1280%2C720&ssl=1","keywords":["bergoglio","canada","destacada","papa francisco","religion","vaticano"],"articleSection":["Mundo"],"inLanguage":"es","potentialAction":[{"@type":"CommentAction","name":"Comment","target":["https:\/\/informatepy.com\/2021\/2022\/08\/19\/el-papa-francisco-se-nego-a-investigar-a-un-cardenal-favoriti-acusado-de-abuso-sexual\/#respond"]}]},{"@type":"WebPage","@id":"https:\/\/informatepy.com\/2021\/2022\/08\/19\/el-papa-francisco-se-nego-a-investigar-a-un-cardenal-favoriti-acusado-de-abuso-sexual\/","url":"https:\/\/informatepy.com\/2021\/2022\/08\/19\/el-papa-francisco-se-nego-a-investigar-a-un-cardenal-favoriti-acusado-de-abuso-sexual\/","name":"El Papa Francisco se neg\u00f3 a investigar a un cardenal \"favoriti\" acusado de abuso sexual - Informatepy","isPartOf":{"@id":"https:\/\/informatepy.com\/2021\/#website"},"primaryImageOfPage":{"@id":"https:\/\/informatepy.com\/2021\/2022\/08\/19\/el-papa-francisco-se-nego-a-investigar-a-un-cardenal-favoriti-acusado-de-abuso-sexual\/#primaryimage"},"image":{"@id":"https:\/\/informatepy.com\/2021\/2022\/08\/19\/el-papa-francisco-se-nego-a-investigar-a-un-cardenal-favoriti-acusado-de-abuso-sexual\/#primaryimage"},"thumbnailUrl":"https:\/\/i0.wp.com\/informatepy.com\/2021\/wp-content\/uploads\/2022\/08\/Marc-Ouellet-francisco.jpg?fit=1280%2C720&ssl=1","datePublished":"2022-08-19T21:51:51+00:00","dateModified":"2022-08-19T21:51:54+00:00","breadcrumb":{"@id":"https:\/\/informatepy.com\/2021\/2022\/08\/19\/el-papa-francisco-se-nego-a-investigar-a-un-cardenal-favoriti-acusado-de-abuso-sexual\/#breadcrumb"},"inLanguage":"es","potentialAction":[{"@type":"ReadAction","target":["https:\/\/informatepy.com\/2021\/2022\/08\/19\/el-papa-francisco-se-nego-a-investigar-a-un-cardenal-favoriti-acusado-de-abuso-sexual\/"]}]},{"@type":"ImageObject","inLanguage":"es","@id":"https:\/\/informatepy.com\/2021\/2022\/08\/19\/el-papa-francisco-se-nego-a-investigar-a-un-cardenal-favoriti-acusado-de-abuso-sexual\/#primaryimage","url":"https:\/\/i0.wp.com\/informatepy.com\/2021\/wp-content\/uploads\/2022\/08\/Marc-Ouellet-francisco.jpg?fit=1280%2C720&ssl=1","contentUrl":"https:\/\/i0.wp.com\/informatepy.com\/2021\/wp-content\/uploads\/2022\/08\/Marc-Ouellet-francisco.jpg?fit=1280%2C720&ssl=1","width":1280,"height":720},{"@type":"BreadcrumbList","@id":"https:\/\/informatepy.com\/2021\/2022\/08\/19\/el-papa-francisco-se-nego-a-investigar-a-un-cardenal-favoriti-acusado-de-abuso-sexual\/#breadcrumb","itemListElement":[{"@type":"ListItem","position":1,"name":"Portada","item":"https:\/\/informatepy.com\/2021\/"},{"@type":"ListItem","position":2,"name":"El Papa Francisco se neg\u00f3 a investigar a un cardenal \u00abfavoriti\u00bb acusado de abuso sexual"}]},{"@type":"WebSite","@id":"https:\/\/informatepy.com\/2021\/#website","url":"https:\/\/informatepy.com\/2021\/","name":"Informatepy","description":"La verdad, siempre!","publisher":{"@id":"https:\/\/informatepy.com\/2021\/#\/schema\/person\/edd302c981d6ba4596191719d1025a8a"},"potentialAction":[{"@type":"SearchAction","target":{"@type":"EntryPoint","urlTemplate":"https:\/\/informatepy.com\/2021\/?s={search_term_string}"},"query-input":{"@type":"PropertyValueSpecification","valueRequired":true,"valueName":"search_term_string"}}],"inLanguage":"es"},{"@type":["Person","Organization"],"@id":"https:\/\/informatepy.com\/2021\/#\/schema\/person\/edd302c981d6ba4596191719d1025a8a","name":"admin","image":{"@type":"ImageObject","inLanguage":"es","@id":"https:\/\/secure.gravatar.com\/avatar\/5310f602b6cbcfb86e030c4ccdbb78f6565a3b9bab6a74ab80fd3cb5428b65af?s=96&d=mm&r=g","url":"https:\/\/secure.gravatar.com\/avatar\/5310f602b6cbcfb86e030c4ccdbb78f6565a3b9bab6a74ab80fd3cb5428b65af?s=96&d=mm&r=g","contentUrl":"https:\/\/secure.gravatar.com\/avatar\/5310f602b6cbcfb86e030c4ccdbb78f6565a3b9bab6a74ab80fd3cb5428b65af?s=96&d=mm&r=g","caption":"admin"},"logo":{"@id":"https:\/\/secure.gravatar.com\/avatar\/5310f602b6cbcfb86e030c4ccdbb78f6565a3b9bab6a74ab80fd3cb5428b65af?s=96&d=mm&r=g"},"sameAs":["http:\/\/informatepy.com\/2021"]},{"@type":"Person","@id":"https:\/\/informatepy.com\/2021\/#\/schema\/person\/0c842f525f84ea74ef3b44370d11757b","name":"Redacci\u00f3n","image":{"@type":"ImageObject","inLanguage":"es","@id":"https:\/\/i0.wp.com\/informatepy.com\/2021\/wp-content\/uploads\/2021\/02\/informate-circulo.png?fit=96%2C96&ssl=1","url":"https:\/\/i0.wp.com\/informatepy.com\/2021\/wp-content\/uploads\/2021\/02\/informate-circulo.png?fit=96%2C96&ssl=1","contentUrl":"https:\/\/i0.wp.com\/informatepy.com\/2021\/wp-content\/uploads\/2021\/02\/informate-circulo.png?fit=96%2C96&ssl=1","caption":"Redacci\u00f3n"},"sameAs":["https:\/\/www.facebook.com\/InformatePyCom","https:\/\/x.com\/https:\/\/twitter.com\/InformatePy1"],"url":"https:\/\/informatepy.com\/2021\/author\/redaccion\/"}]}},"jetpack_featured_media_url":"https:\/\/i0.wp.com\/informatepy.com\/2021\/wp-content\/uploads\/2022\/08\/Marc-Ouellet-francisco.jpg?fit=1280%2C720&ssl=1","jetpack_sharing_enabled":true,"jetpack_likes_enabled":true,"jetpack-related-posts":[{"id":5237,"url":"https:\/\/informatepy.com\/2021\/2021\/06\/06\/cardenal-asesor-del-papa-francisco-renuncia-por-inaccion-vaticana-en-casos-de-pedofilia\/","url_meta":{"origin":13449,"position":0},"title":"Cardenal asesor del papa Francisco renuncia por inacci\u00f3n vaticana en casos de pedofilia","date":"6 de junio de 2021","format":false,"excerpt":"El cardenal de Munich y Freising, Reinhard Marx, present\u00f3 su renuncia a la Iglesia Cat\u00f3lica Apost\u00f3lica Romana. No ha cometido ninguna falta que ameritara esa decisi\u00f3n sino que decidi\u00f3 hacerlo como protesta ante lo que considera una falta de decisi\u00f3n institucional ante los esc\u00e1ndalos de acoso y pedofilia: \"La Iglesia\u2026","rel":"","context":"En \u00abDestacados\u00bb","img":{"alt_text":"","src":"https:\/\/i0.wp.com\/informatepy.com\/2021\/wp-content\/uploads\/2021\/06\/bergoglio-marx.jpg?fit=1200%2C800&ssl=1&resize=350%2C200","width":350,"height":200},"classes":[]},{"id":13637,"url":"https:\/\/informatepy.com\/2021\/2022\/08\/27\/con-los-nuevos-cardenales-el-papa-francisco-pone-su-sello-en-el-futuro-de-la-iglesia\/","url_meta":{"origin":13449,"position":1},"title":"Con los nuevos cardenales, el papa Francisco pone su sello en el futuro de la Iglesia","date":"27 de agosto de 2022","format":false,"excerpt":"Imagen de ParaguayTV El papa Francisco incorpor\u00f3 hoy a 20 cardenales de todo el mundo, eligiendo a hombres que en su mayor\u00eda est\u00e1n de acuerdo con su visi\u00f3n de una Iglesia m\u00e1s progresista e inclusiva y, a su vez influyendo en la elecci\u00f3n de su eventual sucesor. Francisco, de 85\u2026","rel":"","context":"En \u00abMundo\u00bb","img":{"alt_text":"","src":"https:\/\/i0.wp.com\/informatepy.com\/2021\/wp-content\/uploads\/2022\/08\/adalberto-martinez-francisco.jpg?fit=1200%2C863&ssl=1&resize=350%2C200","width":350,"height":200},"classes":[]},{"id":11842,"url":"https:\/\/informatepy.com\/2021\/2022\/05\/29\/el-papa-francisco-sale-al-rescate-de-biden-y-pelosi-nombrando-cardenal-a-un-obispo-progresista\/","url_meta":{"origin":13449,"position":2},"title":"El papa Francisco sale al rescate de Biden y Pelosi nombrando cardenal a un obispo progresista","date":"29 de mayo de 2022","format":false,"excerpt":"El papa Francisco anunci\u00f3 el domingo 29\/05 que crear\u00e1 21 nuevos cardenales en agosto, uno de los cuales es el obispo de San Diego, California, Robert McElroy.","rel":"","context":"En \u00abMundo\u00bb","img":{"alt_text":"","src":"https:\/\/i0.wp.com\/informatepy.com\/2021\/wp-content\/uploads\/2022\/05\/McElroy-francisco.jpg?fit=960%2C653&ssl=1&resize=350%2C200","width":350,"height":200},"classes":[]},{"id":12259,"url":"https:\/\/informatepy.com\/2021\/2022\/06\/20\/fuertes-rumores-senalan-que-el-vaticano-prepara-la-salida-del-papa-francisco\/","url_meta":{"origin":13449,"position":3},"title":"Fuertes rumores se\u00f1alan que el Vaticano prepara la salida del Papa Francisco","date":"20 de junio de 2022","format":false,"excerpt":"La salud del\u00a0Papa Francisco\u00a0cada vez genera mayor preocupaci\u00f3n en el Vaticano. Los fuertes dolores en su rodilla derecha le est\u00e1n impidiendo caminar, por lo que\u00a0se est\u00e1 trasladando en silla de ruedas. Seg\u00fan los rumores, el\u00a0sumo pont\u00edfice\u00a0podr\u00eda estar evaluando su renuncia. Sobre finales de agosto, el\u00a0Papa Francisco\u00a0tendr\u00e1 unas fechas claves para\u2026","rel":"","context":"En \u00abMundo\u00bb","img":{"alt_text":"","src":"https:\/\/i0.wp.com\/informatepy.com\/2021\/wp-content\/uploads\/2022\/06\/papa-francisco-silla-de-ruedas.jpg?fit=1040%2C780&ssl=1&resize=350%2C200","width":350,"height":200},"classes":[]},{"id":549,"url":"https:\/\/informatepy.com\/2021\/2019\/02\/15\/sodoma-el-libro-que-califica-al-vaticano-como-una-de-las-comunidades-homosexuales-mas-grandes-del-mundo\/","url_meta":{"origin":13449,"position":4},"title":"Sodoma: El libro que califica al Vaticano como \u00abuna de las comunidades homosexuales m\u00e1s grandes del mundo\u00bb","date":"15 de febrero de 2019","format":false,"excerpt":"El 21 de febrero no ser\u00e1 cualquier d\u00eda: se trata de la fecha elegida para dar comienzo a una importante una Conferencia sobre pederast\u00eda en la Iglesia pero tambi\u00e9n, y en lo de de ninguna manera es coincidencia, para la aparici\u00f3n del libro\u00a0Sodoma, poder y esc\u00e1ndalo en el Vaticano, una\u2026","rel":"","context":"En \u00abAnalisis\u00bb","img":{"alt_text":"","src":"https:\/\/i0.wp.com\/informatepy.com\/2021\/wp-content\/uploads\/2021\/02\/sodoma-poder-y-escandalo-en-el-vaticano.jpg?fit=1033%2C687&ssl=1&resize=350%2C200","width":350,"height":200},"classes":[]},{"id":14075,"url":"https:\/\/informatepy.com\/2021\/2022\/09\/26\/comienza-en-hong-kong-el-juicio-contra-el-cardenal-joseph-zen\/","url_meta":{"origin":13449,"position":5},"title":"Comienza en Hong Kong el juicio contra el cardenal Joseph Zen","date":"26 de septiembre de 2022","format":false,"excerpt":"El cardenal cat\u00f3lico Joseph Zen, de 90 a\u00f1os, compareci\u00f3 en los tribunales hongkoneses este lunes junto con cinco activistas prodemocr\u00e1ticos por su presunta vinculaci\u00f3n con un fondo que buscaba ayudar a los manifestantes arrestados o heridos durante el movimiento antigubernamental de 2019. Zen, uno de los cl\u00e9rigos cat\u00f3licos de m\u00e1s\u2026","rel":"","context":"En \u00abMundo\u00bb","img":{"alt_text":"","src":"https:\/\/i0.wp.com\/informatepy.com\/2021\/wp-content\/uploads\/2022\/09\/joseph-zen.webp?fit=1200%2C600&ssl=1&resize=350%2C200","width":350,"height":200},"classes":[]}],"authors":[{"term_id":1051,"user_id":4,"is_guest":0,"slug":"redaccion","display_name":"Redacci\u00f3n","avatar_url":"https:\/\/i0.wp.com\/informatepy.com\/2021\/wp-content\/uploads\/2021\/02\/informate-circulo.png?fit=96%2C96&ssl=1","first_name":"Redacci\u00f3n","last_name":"","user_url":"","description":""}],"amp_enabled":true,"_links":{"self":[{"href":"https:\/\/informatepy.com\/2021\/wp-json\/wp\/v2\/posts\/13449","targetHints":{"allow":["GET"]}}],"collection":[{"href":"https:\/\/informatepy.com\/2021\/wp-json\/wp\/v2\/posts"}],"about":[{"href":"https:\/\/informatepy.com\/2021\/wp-json\/wp\/v2\/types\/post"}],"author":[{"embeddable":true,"href":"https:\/\/informatepy.com\/2021\/wp-json\/wp\/v2\/users\/4"}],"replies":[{"embeddable":true,"href":"https:\/\/informatepy.com\/2021\/wp-json\/wp\/v2\/comments?post=13449"}],"version-history":[{"count":1,"href":"https:\/\/informatepy.com\/2021\/wp-json\/wp\/v2\/posts\/13449\/revisions"}],"predecessor-version":[{"id":13451,"href":"https:\/\/informatepy.com\/2021\/wp-json\/wp\/v2\/posts\/13449\/revisions\/13451"}],"wp:featuredmedia":[{"embeddable":true,"href":"https:\/\/informatepy.com\/2021\/wp-json\/wp\/v2\/media\/13450"}],"wp:attachment":[{"href":"https:\/\/informatepy.com\/2021\/wp-json\/wp\/v2\/media?parent=13449"}],"wp:term":[{"taxonomy":"category","embeddable":true,"href":"https:\/\/informatepy.com\/2021\/wp-json\/wp\/v2\/categories?post=13449"},{"taxonomy":"post_tag","embeddable":true,"href":"https:\/\/informatepy.com\/2021\/wp-json\/wp\/v2\/tags?post=13449"},{"taxonomy":"author","embeddable":true,"href":"https:\/\/informatepy.com\/2021\/wp-json\/wp\/v2\/ppma_author?post=13449"}],"curies":[{"name":"wp","href":"https:\/\/api.w.org\/{rel}","templated":true}]}}