{"id":13443,"date":"2022-08-19T08:40:00","date_gmt":"2022-08-19T11:40:00","guid":{"rendered":"https:\/\/informatepy.com\/2021\/?p=13443"},"modified":"2022-08-19T08:20:59","modified_gmt":"2022-08-19T11:20:59","slug":"mario-abdo-desconocio-al-candidato-que-bendijo-no-hace-mucho-tiempo","status":"publish","type":"post","link":"https:\/\/informatepy.com\/2021\/2022\/08\/19\/mario-abdo-desconocio-al-candidato-que-bendijo-no-hace-mucho-tiempo\/","title":{"rendered":"Mario Abdo \u00abse\u00f1al\u00f3 con el dedo a Hugo Vel\u00e1zquez\u00bb"},"content":{"rendered":"\n<p class=\"has-text-align-justify\">En un acto realizado anoche en la ciudad de <strong>Villarrica<\/strong>, el presidente de la Rep\u00fablica, <strong>Mario Abdo<\/strong> present\u00f3 a su nueva dupla presidencial, se\u00f1alando <strong>que es una dupla que nadie va a poder se\u00f1alar con el dedo<\/strong>, como si se pudo en el caso de su anterior candidato, <strong>Hugo Vel\u00e1zquez<\/strong>, quien fue designado como <em>significativamente corrupto<\/em> por los Estados Unidos.<\/p>\n\n\n\n<p class=\"has-text-align-justify\">En el acto presidido por <strong>Arnoldo Wiens<\/strong>, el primer mandatario reput\u00f3 de <strong>hip\u00f3critas y carro\u00f1eros<\/strong> a aquellos dirigentes de la ANR que manifestaron su solidaridad con <strong>Vel\u00e1zquez<\/strong>, como el caso de la <strong>senadora Lilian Samaniego<\/strong> o su colega <strong>Silvio Ovelar.<\/strong><\/p>\n","protected":false},"excerpt":{"rendered":"<p>En un acto realizado anoche en la ciudad de Villarrica, el presidente de la Rep\u00fablica, Mario Abdo present\u00f3 a su nueva dupla presidencial, se\u00f1alando que es una dupla que nadie va a poder se\u00f1alar con el dedo, como si se pudo en el caso de su anterior candidato, Hugo Vel\u00e1zquez, quien fue designado como significativamente [&hellip;]<\/p>\n","protected":false},"author":4,"featured_media":13444,"comment_status":"open","ping_status":"open","sticky":false,"template":"","format":"standard","meta":{"_monsterinsights_skip_tracking":false,"_monsterinsights_sitenote_active":false,"_monsterinsights_sitenote_note":"","_monsterinsights_sitenote_category":0,"footnotes":"","jetpack_publicize_message":"","jetpack_is_tweetstorm":false,"jetpack_publicize_feature_enabled":true},"categories":[177],"tags":[267,812,1036,665,766,423],"ppma_author":[1051],"class_list":["post-13443","post","type-post","status-publish","format-standard","has-post-thumbnail","hentry","category-nacionales","tag-anr","tag-beto-ovelar","tag-destacada","tag-hugo-velazquez","tag-lilian-samaniego","tag-partido-colorado"],"jetpack_publicize_connections":[],"yoast_head":"<!-- This site is optimized with the Yoast SEO plugin v27.5 - https:\/\/yoast.com\/product\/yoast-seo-wordpress\/ -->\n<title>Mario Abdo &quot;se\u00f1al\u00f3 con el dedo a Hugo Vel\u00e1zquez&quot; - Informatepy<\/title>\n<meta name=\"robots\" content=\"index, follow, max-snippet:-1, max-image-preview:large, max-video-preview:-1\" \/>\n<link rel=\"canonical\" href=\"https:\/\/informatepy.com\/2021\/2022\/08\/19\/mario-abdo-desconocio-al-candidato-que-bendijo-no-hace-mucho-tiempo\/\" \/>\n<meta property=\"og:locale\" content=\"es_ES\" \/>\n<meta property=\"og:type\" content=\"article\" \/>\n<meta property=\"og:title\" content=\"Mario Abdo &quot;se\u00f1al\u00f3 con el dedo a Hugo Vel\u00e1zquez&quot; - Informatepy\" \/>\n<meta property=\"og:description\" content=\"En un acto realizado anoche en la ciudad de Villarrica, el presidente de la Rep\u00fablica, Mario Abdo present\u00f3 a su nueva dupla presidencial, se\u00f1alando que es una dupla que nadie va a poder se\u00f1alar con el dedo, como si se pudo en el caso de su anterior candidato, Hugo Vel\u00e1zquez, quien fue designado como significativamente [&hellip;]\" \/>\n<meta property=\"og:url\" content=\"https:\/\/informatepy.com\/2021\/2022\/08\/19\/mario-abdo-desconocio-al-candidato-que-bendijo-no-hace-mucho-tiempo\/\" \/>\n<meta property=\"og:site_name\" content=\"Informatepy\" \/>\n<meta property=\"article:author\" content=\"https:\/\/www.facebook.com\/InformatePyCom\" \/>\n<meta property=\"article:published_time\" content=\"2022-08-19T11:40:00+00:00\" \/>\n<meta property=\"og:image\" content=\"https:\/\/i0.wp.com\/informatepy.com\/2021\/wp-content\/uploads\/2022\/08\/FR-villarrica.jpg?fit=680%2C554&ssl=1\" \/>\n\t<meta property=\"og:image:width\" content=\"680\" \/>\n\t<meta property=\"og:image:height\" content=\"554\" \/>\n\t<meta property=\"og:image:type\" content=\"image\/jpeg\" \/>\n<meta name=\"author\" content=\"Redacci\u00f3n\" \/>\n<meta name=\"twitter:card\" content=\"summary_large_image\" \/>\n<meta name=\"twitter:creator\" content=\"@https:\/\/twitter.com\/InformatePy1\" \/>\n<meta name=\"twitter:label1\" content=\"Escrito por\" \/>\n\t<meta name=\"twitter:data1\" content=\"Redacci\u00f3n\" \/>\n\t<meta name=\"twitter:label2\" content=\"Tiempo de lectura\" \/>\n\t<meta name=\"twitter:data2\" content=\"1 minuto\" \/>\n<script type=\"application\/ld+json\" class=\"yoast-schema-graph\">{\"@context\":\"https:\\\/\\\/schema.org\",\"@graph\":[{\"@type\":\"Article\",\"@id\":\"https:\\\/\\\/informatepy.com\\\/2021\\\/2022\\\/08\\\/19\\\/mario-abdo-desconocio-al-candidato-que-bendijo-no-hace-mucho-tiempo\\\/#article\",\"isPartOf\":{\"@id\":\"https:\\\/\\\/informatepy.com\\\/2021\\\/2022\\\/08\\\/19\\\/mario-abdo-desconocio-al-candidato-que-bendijo-no-hace-mucho-tiempo\\\/\"},\"author\":{\"name\":\"Redacci\u00f3n\",\"@id\":\"https:\\\/\\\/informatepy.com\\\/2021\\\/#\\\/schema\\\/person\\\/0c842f525f84ea74ef3b44370d11757b\"},\"headline\":\"Mario Abdo \u00abse\u00f1al\u00f3 con el dedo a Hugo Vel\u00e1zquez\u00bb\",\"datePublished\":\"2022-08-19T11:40:00+00:00\",\"mainEntityOfPage\":{\"@id\":\"https:\\\/\\\/informatepy.com\\\/2021\\\/2022\\\/08\\\/19\\\/mario-abdo-desconocio-al-candidato-que-bendijo-no-hace-mucho-tiempo\\\/\"},\"wordCount\":118,\"commentCount\":0,\"publisher\":{\"@id\":\"https:\\\/\\\/informatepy.com\\\/2021\\\/#\\\/schema\\\/person\\\/edd302c981d6ba4596191719d1025a8a\"},\"image\":{\"@id\":\"https:\\\/\\\/informatepy.com\\\/2021\\\/2022\\\/08\\\/19\\\/mario-abdo-desconocio-al-candidato-que-bendijo-no-hace-mucho-tiempo\\\/#primaryimage\"},\"thumbnailUrl\":\"https:\\\/\\\/i0.wp.com\\\/informatepy.com\\\/2021\\\/wp-content\\\/uploads\\\/2022\\\/08\\\/FR-villarrica.jpg?fit=680%2C554&ssl=1\",\"keywords\":[\"anr\",\"beto ovelar\",\"destacada\",\"hugo velazquez\",\"lilian samaniego\",\"partido colorado\"],\"articleSection\":[\"Nacionales\"],\"inLanguage\":\"es\",\"potentialAction\":[{\"@type\":\"CommentAction\",\"name\":\"Comment\",\"target\":[\"https:\\\/\\\/informatepy.com\\\/2021\\\/2022\\\/08\\\/19\\\/mario-abdo-desconocio-al-candidato-que-bendijo-no-hace-mucho-tiempo\\\/#respond\"]}]},{\"@type\":\"WebPage\",\"@id\":\"https:\\\/\\\/informatepy.com\\\/2021\\\/2022\\\/08\\\/19\\\/mario-abdo-desconocio-al-candidato-que-bendijo-no-hace-mucho-tiempo\\\/\",\"url\":\"https:\\\/\\\/informatepy.com\\\/2021\\\/2022\\\/08\\\/19\\\/mario-abdo-desconocio-al-candidato-que-bendijo-no-hace-mucho-tiempo\\\/\",\"name\":\"Mario Abdo \\\"se\u00f1al\u00f3 con el dedo a Hugo Vel\u00e1zquez\\\" - Informatepy\",\"isPartOf\":{\"@id\":\"https:\\\/\\\/informatepy.com\\\/2021\\\/#website\"},\"primaryImageOfPage\":{\"@id\":\"https:\\\/\\\/informatepy.com\\\/2021\\\/2022\\\/08\\\/19\\\/mario-abdo-desconocio-al-candidato-que-bendijo-no-hace-mucho-tiempo\\\/#primaryimage\"},\"image\":{\"@id\":\"https:\\\/\\\/informatepy.com\\\/2021\\\/2022\\\/08\\\/19\\\/mario-abdo-desconocio-al-candidato-que-bendijo-no-hace-mucho-tiempo\\\/#primaryimage\"},\"thumbnailUrl\":\"https:\\\/\\\/i0.wp.com\\\/informatepy.com\\\/2021\\\/wp-content\\\/uploads\\\/2022\\\/08\\\/FR-villarrica.jpg?fit=680%2C554&ssl=1\",\"datePublished\":\"2022-08-19T11:40:00+00:00\",\"breadcrumb\":{\"@id\":\"https:\\\/\\\/informatepy.com\\\/2021\\\/2022\\\/08\\\/19\\\/mario-abdo-desconocio-al-candidato-que-bendijo-no-hace-mucho-tiempo\\\/#breadcrumb\"},\"inLanguage\":\"es\",\"potentialAction\":[{\"@type\":\"ReadAction\",\"target\":[\"https:\\\/\\\/informatepy.com\\\/2021\\\/2022\\\/08\\\/19\\\/mario-abdo-desconocio-al-candidato-que-bendijo-no-hace-mucho-tiempo\\\/\"]}]},{\"@type\":\"ImageObject\",\"inLanguage\":\"es\",\"@id\":\"https:\\\/\\\/informatepy.com\\\/2021\\\/2022\\\/08\\\/19\\\/mario-abdo-desconocio-al-candidato-que-bendijo-no-hace-mucho-tiempo\\\/#primaryimage\",\"url\":\"https:\\\/\\\/i0.wp.com\\\/informatepy.com\\\/2021\\\/wp-content\\\/uploads\\\/2022\\\/08\\\/FR-villarrica.jpg?fit=680%2C554&ssl=1\",\"contentUrl\":\"https:\\\/\\\/i0.wp.com\\\/informatepy.com\\\/2021\\\/wp-content\\\/uploads\\\/2022\\\/08\\\/FR-villarrica.jpg?fit=680%2C554&ssl=1\",\"width\":680,\"height\":554},{\"@type\":\"BreadcrumbList\",\"@id\":\"https:\\\/\\\/informatepy.com\\\/2021\\\/2022\\\/08\\\/19\\\/mario-abdo-desconocio-al-candidato-que-bendijo-no-hace-mucho-tiempo\\\/#breadcrumb\",\"itemListElement\":[{\"@type\":\"ListItem\",\"position\":1,\"name\":\"Portada\",\"item\":\"https:\\\/\\\/informatepy.com\\\/2021\\\/\"},{\"@type\":\"ListItem\",\"position\":2,\"name\":\"Mario Abdo \u00abse\u00f1al\u00f3 con el dedo a Hugo Vel\u00e1zquez\u00bb\"}]},{\"@type\":\"WebSite\",\"@id\":\"https:\\\/\\\/informatepy.com\\\/2021\\\/#website\",\"url\":\"https:\\\/\\\/informatepy.com\\\/2021\\\/\",\"name\":\"Informatepy\",\"description\":\"La verdad, siempre!\",\"publisher\":{\"@id\":\"https:\\\/\\\/informatepy.com\\\/2021\\\/#\\\/schema\\\/person\\\/edd302c981d6ba4596191719d1025a8a\"},\"potentialAction\":[{\"@type\":\"SearchAction\",\"target\":{\"@type\":\"EntryPoint\",\"urlTemplate\":\"https:\\\/\\\/informatepy.com\\\/2021\\\/?s={search_term_string}\"},\"query-input\":{\"@type\":\"PropertyValueSpecification\",\"valueRequired\":true,\"valueName\":\"search_term_string\"}}],\"inLanguage\":\"es\"},{\"@type\":[\"Person\",\"Organization\"],\"@id\":\"https:\\\/\\\/informatepy.com\\\/2021\\\/#\\\/schema\\\/person\\\/edd302c981d6ba4596191719d1025a8a\",\"name\":\"admin\",\"image\":{\"@type\":\"ImageObject\",\"inLanguage\":\"es\",\"@id\":\"https:\\\/\\\/secure.gravatar.com\\\/avatar\\\/5310f602b6cbcfb86e030c4ccdbb78f6565a3b9bab6a74ab80fd3cb5428b65af?s=96&d=mm&r=g\",\"url\":\"https:\\\/\\\/secure.gravatar.com\\\/avatar\\\/5310f602b6cbcfb86e030c4ccdbb78f6565a3b9bab6a74ab80fd3cb5428b65af?s=96&d=mm&r=g\",\"contentUrl\":\"https:\\\/\\\/secure.gravatar.com\\\/avatar\\\/5310f602b6cbcfb86e030c4ccdbb78f6565a3b9bab6a74ab80fd3cb5428b65af?s=96&d=mm&r=g\",\"caption\":\"admin\"},\"logo\":{\"@id\":\"https:\\\/\\\/secure.gravatar.com\\\/avatar\\\/5310f602b6cbcfb86e030c4ccdbb78f6565a3b9bab6a74ab80fd3cb5428b65af?s=96&d=mm&r=g\"},\"sameAs\":[\"http:\\\/\\\/informatepy.com\\\/2021\"]},{\"@type\":\"Person\",\"@id\":\"https:\\\/\\\/informatepy.com\\\/2021\\\/#\\\/schema\\\/person\\\/0c842f525f84ea74ef3b44370d11757b\",\"name\":\"Redacci\u00f3n\",\"image\":{\"@type\":\"ImageObject\",\"inLanguage\":\"es\",\"@id\":\"https:\\\/\\\/i0.wp.com\\\/informatepy.com\\\/2021\\\/wp-content\\\/uploads\\\/2021\\\/02\\\/informate-circulo.png?fit=96%2C96&ssl=1\",\"url\":\"https:\\\/\\\/i0.wp.com\\\/informatepy.com\\\/2021\\\/wp-content\\\/uploads\\\/2021\\\/02\\\/informate-circulo.png?fit=96%2C96&ssl=1\",\"contentUrl\":\"https:\\\/\\\/i0.wp.com\\\/informatepy.com\\\/2021\\\/wp-content\\\/uploads\\\/2021\\\/02\\\/informate-circulo.png?fit=96%2C96&ssl=1\",\"caption\":\"Redacci\u00f3n\"},\"sameAs\":[\"https:\\\/\\\/www.facebook.com\\\/InformatePyCom\",\"https:\\\/\\\/x.com\\\/https:\\\/\\\/twitter.com\\\/InformatePy1\"],\"url\":\"https:\\\/\\\/informatepy.com\\\/2021\\\/author\\\/redaccion\\\/\"}]}<\/script>\n<!-- \/ Yoast SEO plugin. -->","yoast_head_json":{"title":"Mario Abdo \"se\u00f1al\u00f3 con el dedo a Hugo Vel\u00e1zquez\" - Informatepy","robots":{"index":"index","follow":"follow","max-snippet":"max-snippet:-1","max-image-preview":"max-image-preview:large","max-video-preview":"max-video-preview:-1"},"canonical":"https:\/\/informatepy.com\/2021\/2022\/08\/19\/mario-abdo-desconocio-al-candidato-que-bendijo-no-hace-mucho-tiempo\/","og_locale":"es_ES","og_type":"article","og_title":"Mario Abdo \"se\u00f1al\u00f3 con el dedo a Hugo Vel\u00e1zquez\" - Informatepy","og_description":"En un acto realizado anoche en la ciudad de Villarrica, el presidente de la Rep\u00fablica, Mario Abdo present\u00f3 a su nueva dupla presidencial, se\u00f1alando que es una dupla que nadie va a poder se\u00f1alar con el dedo, como si se pudo en el caso de su anterior candidato, Hugo Vel\u00e1zquez, quien fue designado como significativamente [&hellip;]","og_url":"https:\/\/informatepy.com\/2021\/2022\/08\/19\/mario-abdo-desconocio-al-candidato-que-bendijo-no-hace-mucho-tiempo\/","og_site_name":"Informatepy","article_author":"https:\/\/www.facebook.com\/InformatePyCom","article_published_time":"2022-08-19T11:40:00+00:00","og_image":[{"width":680,"height":554,"url":"https:\/\/i0.wp.com\/informatepy.com\/2021\/wp-content\/uploads\/2022\/08\/FR-villarrica.jpg?fit=680%2C554&ssl=1","type":"image\/jpeg"}],"author":"Redacci\u00f3n","twitter_card":"summary_large_image","twitter_creator":"@https:\/\/twitter.com\/InformatePy1","twitter_misc":{"Escrito por":"Redacci\u00f3n","Tiempo de lectura":"1 minuto"},"schema":{"@context":"https:\/\/schema.org","@graph":[{"@type":"Article","@id":"https:\/\/informatepy.com\/2021\/2022\/08\/19\/mario-abdo-desconocio-al-candidato-que-bendijo-no-hace-mucho-tiempo\/#article","isPartOf":{"@id":"https:\/\/informatepy.com\/2021\/2022\/08\/19\/mario-abdo-desconocio-al-candidato-que-bendijo-no-hace-mucho-tiempo\/"},"author":{"name":"Redacci\u00f3n","@id":"https:\/\/informatepy.com\/2021\/#\/schema\/person\/0c842f525f84ea74ef3b44370d11757b"},"headline":"Mario Abdo \u00abse\u00f1al\u00f3 con el dedo a Hugo Vel\u00e1zquez\u00bb","datePublished":"2022-08-19T11:40:00+00:00","mainEntityOfPage":{"@id":"https:\/\/informatepy.com\/2021\/2022\/08\/19\/mario-abdo-desconocio-al-candidato-que-bendijo-no-hace-mucho-tiempo\/"},"wordCount":118,"commentCount":0,"publisher":{"@id":"https:\/\/informatepy.com\/2021\/#\/schema\/person\/edd302c981d6ba4596191719d1025a8a"},"image":{"@id":"https:\/\/informatepy.com\/2021\/2022\/08\/19\/mario-abdo-desconocio-al-candidato-que-bendijo-no-hace-mucho-tiempo\/#primaryimage"},"thumbnailUrl":"https:\/\/i0.wp.com\/informatepy.com\/2021\/wp-content\/uploads\/2022\/08\/FR-villarrica.jpg?fit=680%2C554&ssl=1","keywords":["anr","beto ovelar","destacada","hugo velazquez","lilian samaniego","partido colorado"],"articleSection":["Nacionales"],"inLanguage":"es","potentialAction":[{"@type":"CommentAction","name":"Comment","target":["https:\/\/informatepy.com\/2021\/2022\/08\/19\/mario-abdo-desconocio-al-candidato-que-bendijo-no-hace-mucho-tiempo\/#respond"]}]},{"@type":"WebPage","@id":"https:\/\/informatepy.com\/2021\/2022\/08\/19\/mario-abdo-desconocio-al-candidato-que-bendijo-no-hace-mucho-tiempo\/","url":"https:\/\/informatepy.com\/2021\/2022\/08\/19\/mario-abdo-desconocio-al-candidato-que-bendijo-no-hace-mucho-tiempo\/","name":"Mario Abdo \"se\u00f1al\u00f3 con el dedo a Hugo Vel\u00e1zquez\" - Informatepy","isPartOf":{"@id":"https:\/\/informatepy.com\/2021\/#website"},"primaryImageOfPage":{"@id":"https:\/\/informatepy.com\/2021\/2022\/08\/19\/mario-abdo-desconocio-al-candidato-que-bendijo-no-hace-mucho-tiempo\/#primaryimage"},"image":{"@id":"https:\/\/informatepy.com\/2021\/2022\/08\/19\/mario-abdo-desconocio-al-candidato-que-bendijo-no-hace-mucho-tiempo\/#primaryimage"},"thumbnailUrl":"https:\/\/i0.wp.com\/informatepy.com\/2021\/wp-content\/uploads\/2022\/08\/FR-villarrica.jpg?fit=680%2C554&ssl=1","datePublished":"2022-08-19T11:40:00+00:00","breadcrumb":{"@id":"https:\/\/informatepy.com\/2021\/2022\/08\/19\/mario-abdo-desconocio-al-candidato-que-bendijo-no-hace-mucho-tiempo\/#breadcrumb"},"inLanguage":"es","potentialAction":[{"@type":"ReadAction","target":["https:\/\/informatepy.com\/2021\/2022\/08\/19\/mario-abdo-desconocio-al-candidato-que-bendijo-no-hace-mucho-tiempo\/"]}]},{"@type":"ImageObject","inLanguage":"es","@id":"https:\/\/informatepy.com\/2021\/2022\/08\/19\/mario-abdo-desconocio-al-candidato-que-bendijo-no-hace-mucho-tiempo\/#primaryimage","url":"https:\/\/i0.wp.com\/informatepy.com\/2021\/wp-content\/uploads\/2022\/08\/FR-villarrica.jpg?fit=680%2C554&ssl=1","contentUrl":"https:\/\/i0.wp.com\/informatepy.com\/2021\/wp-content\/uploads\/2022\/08\/FR-villarrica.jpg?fit=680%2C554&ssl=1","width":680,"height":554},{"@type":"BreadcrumbList","@id":"https:\/\/informatepy.com\/2021\/2022\/08\/19\/mario-abdo-desconocio-al-candidato-que-bendijo-no-hace-mucho-tiempo\/#breadcrumb","itemListElement":[{"@type":"ListItem","position":1,"name":"Portada","item":"https:\/\/informatepy.com\/2021\/"},{"@type":"ListItem","position":2,"name":"Mario Abdo \u00abse\u00f1al\u00f3 con el dedo a Hugo Vel\u00e1zquez\u00bb"}]},{"@type":"WebSite","@id":"https:\/\/informatepy.com\/2021\/#website","url":"https:\/\/informatepy.com\/2021\/","name":"Informatepy","description":"La verdad, siempre!","publisher":{"@id":"https:\/\/informatepy.com\/2021\/#\/schema\/person\/edd302c981d6ba4596191719d1025a8a"},"potentialAction":[{"@type":"SearchAction","target":{"@type":"EntryPoint","urlTemplate":"https:\/\/informatepy.com\/2021\/?s={search_term_string}"},"query-input":{"@type":"PropertyValueSpecification","valueRequired":true,"valueName":"search_term_string"}}],"inLanguage":"es"},{"@type":["Person","Organization"],"@id":"https:\/\/informatepy.com\/2021\/#\/schema\/person\/edd302c981d6ba4596191719d1025a8a","name":"admin","image":{"@type":"ImageObject","inLanguage":"es","@id":"https:\/\/secure.gravatar.com\/avatar\/5310f602b6cbcfb86e030c4ccdbb78f6565a3b9bab6a74ab80fd3cb5428b65af?s=96&d=mm&r=g","url":"https:\/\/secure.gravatar.com\/avatar\/5310f602b6cbcfb86e030c4ccdbb78f6565a3b9bab6a74ab80fd3cb5428b65af?s=96&d=mm&r=g","contentUrl":"https:\/\/secure.gravatar.com\/avatar\/5310f602b6cbcfb86e030c4ccdbb78f6565a3b9bab6a74ab80fd3cb5428b65af?s=96&d=mm&r=g","caption":"admin"},"logo":{"@id":"https:\/\/secure.gravatar.com\/avatar\/5310f602b6cbcfb86e030c4ccdbb78f6565a3b9bab6a74ab80fd3cb5428b65af?s=96&d=mm&r=g"},"sameAs":["http:\/\/informatepy.com\/2021"]},{"@type":"Person","@id":"https:\/\/informatepy.com\/2021\/#\/schema\/person\/0c842f525f84ea74ef3b44370d11757b","name":"Redacci\u00f3n","image":{"@type":"ImageObject","inLanguage":"es","@id":"https:\/\/i0.wp.com\/informatepy.com\/2021\/wp-content\/uploads\/2021\/02\/informate-circulo.png?fit=96%2C96&ssl=1","url":"https:\/\/i0.wp.com\/informatepy.com\/2021\/wp-content\/uploads\/2021\/02\/informate-circulo.png?fit=96%2C96&ssl=1","contentUrl":"https:\/\/i0.wp.com\/informatepy.com\/2021\/wp-content\/uploads\/2021\/02\/informate-circulo.png?fit=96%2C96&ssl=1","caption":"Redacci\u00f3n"},"sameAs":["https:\/\/www.facebook.com\/InformatePyCom","https:\/\/x.com\/https:\/\/twitter.com\/InformatePy1"],"url":"https:\/\/informatepy.com\/2021\/author\/redaccion\/"}]}},"jetpack_featured_media_url":"https:\/\/i0.wp.com\/informatepy.com\/2021\/wp-content\/uploads\/2022\/08\/FR-villarrica.jpg?fit=680%2C554&ssl=1","jetpack_sharing_enabled":true,"jetpack_likes_enabled":true,"jetpack-related-posts":[{"id":8623,"url":"https:\/\/informatepy.com\/2021\/2021\/12\/02\/nueva-fractura-en-el-bloque-de-senadores-anetete\/","url_meta":{"origin":13443,"position":0},"title":"Nueva fractura en el bloque de senadores \u00abA\u00f1etete\u00bb","date":"2 de diciembre de 2021","format":false,"excerpt":"Una nueva fractura en el bloque de senadores de \"Colorado A\u00f1etete\" se dio a conocer el d\u00eda de hoy. Quien estuvo a cargo de dar la noticias fue la senadora Lilian Samaniego. El nuevo bloque est\u00e1 integrado por los senadores Lilian Samaniego, Blanca Ovelar, Ram\u00f3n Retamozo, Juan Afara, Arnaldo Franco\u2026","rel":"","context":"En \u00abNacionales\u00bb","img":{"alt_text":"","src":"https:\/\/i0.wp.com\/informatepy.com\/2021\/wp-content\/uploads\/2021\/12\/senadora-Samaniego-y-senador-Bachetta.jpg?fit=1200%2C826&ssl=1&resize=350%2C200","width":350,"height":200},"classes":[]},{"id":9365,"url":"https:\/\/informatepy.com\/2021\/2022\/01\/11\/hugo-velazquez-no-descarta-a-lilian-samaniego-como-candidata-a-vice\/","url_meta":{"origin":13443,"position":1},"title":"Hugo Vel\u00e1zquez no descarta a Lilian Samaniego como candidata a Vice","date":"11 de enero de 2022","format":false,"excerpt":"El vicepresidente de la Rep\u00fablica, Hugo Vel\u00e1zquez, en charla con Radio 1000, dijo que uno de los principales Movimientos que acompa\u00f1a su candidatura es la de Lilian Samaniego. El actual segundo del Ejecutivo no descart\u00f3 que la dirigente la acompa\u00f1e en la chapa presidencial, aunque aclar\u00f3 que del tema no\u2026","rel":"","context":"En \u00abNacionales\u00bb","img":{"alt_text":"","src":"https:\/\/i0.wp.com\/informatepy.com\/2021\/wp-content\/uploads\/2022\/01\/velazquez-samaniego-abdo.jpg?fit=750%2C529&ssl=1&resize=350%2C200","width":350,"height":200},"classes":[]},{"id":9595,"url":"https:\/\/informatepy.com\/2021\/2022\/01\/21\/hugo-velazquez-obligado-a-retroceder-en-su-impulso-aliancista\/","url_meta":{"origin":13443,"position":2},"title":"Hugo Vel\u00e1zquez obligado a retroceder en su impulso aliancista","date":"21 de enero de 2022","format":false,"excerpt":"El vice presidente Hugo Vel\u00e1zquez, se desdijo y afirm\u00f3 que \"As\u00ed como est\u00e1n las cosas, creo que el sentimiento del pueblo es que nos mantengamos en una chapa Presidencial de colorados\". Si bien el pre candidato manifest\u00f3 que cualquier colorado podr\u00eda integrar su chapa presidencial, minutos antes, refiri\u00e9ndose a la\u2026","rel":"","context":"En \u00abNacionales\u00bb","img":{"alt_text":"","src":"https:\/\/i0.wp.com\/informatepy.com\/2021\/wp-content\/uploads\/2022\/01\/hugo-velazquez-palacio.jpeg?fit=735%2C400&ssl=1&resize=350%2C200","width":350,"height":200},"classes":[]},{"id":9197,"url":"https:\/\/informatepy.com\/2021\/2022\/01\/03\/velazquez-ve-con-buenos-ojos-una-vicepresidente-no-colorada\/","url_meta":{"origin":13443,"position":3},"title":"Vel\u00e1zquez ve con buenos ojos una vicepresidente \u00abno colorada\u00bb","date":"3 de enero de 2022","format":false,"excerpt":"En declaraciones a diversos medios radiales en el palacio de los L\u00f3pez, el vicepresidente de la Rep\u00fablica y candidato a presidente, Hugo Vel\u00e1zquez, afirm\u00f3 que \u201cYo voy a definir quien me va acompa\u00f1ar en la chapa, no descarto que sea mujer o var\u00f3n, pero yo voy a decidir. Se manejan\u2026","rel":"","context":"En \u00abNacionales\u00bb","img":{"alt_text":"","src":"https:\/\/i0.wp.com\/informatepy.com\/2021\/wp-content\/uploads\/2022\/01\/hugo-velazquez-palacio.jpeg?fit=735%2C400&ssl=1&resize=350%2C200","width":350,"height":200},"classes":[]},{"id":8855,"url":"https:\/\/informatepy.com\/2021\/2021\/12\/15\/anetete-responde-nicanor-afara-o-samaniego-para-presidir-la-anr\/","url_meta":{"origin":13443,"position":4},"title":"A\u00f1etete responde: Nicanor, Afara o Samaniego para presidir la ANR","date":"15 de diciembre de 2021","format":false,"excerpt":"El senador Enrique Bacchetta dijo que si Mario Abdo Ben\u00edtez no es el candidato para presidir la Junta de Gobierno de la ANR por el movimiento Colorado A\u00f1etete, las opciones ser\u00edan el actual director de Yacyret\u00e1, Nicanor Duarte Frutos; el senador Juan Afara y la senadora Lilian Samaniego. \u201cLe hemos\u2026","rel":"","context":"En \u00abNacionales\u00bb","img":{"alt_text":"","src":"https:\/\/i0.wp.com\/informatepy.com\/2021\/wp-content\/uploads\/2021\/12\/lilian-samaniego.png?fit=1200%2C900&ssl=1&resize=350%2C200","width":350,"height":200},"classes":[]},{"id":10211,"url":"https:\/\/informatepy.com\/2021\/2022\/02\/19\/por-que-hugo-velazquez-aparecio-de-manera-sorpresiva-el-28-de-abril-del-2021-en-puerto-casado-y-cual-seria-la-relacion-de-lilian-samaniego-con-todo-esto\/","url_meta":{"origin":13443,"position":5},"title":"\u00bfPor qu\u00e9 Hugo Vel\u00e1zquez apareci\u00f3 de manera \u201csorpresiva\u201d el 28 de abril del 2021 en Puerto Casado y cu\u00e1l ser\u00eda la relaci\u00f3n de Lilian Samaniego con todo esto?","date":"19 de febrero de 2022","format":false,"excerpt":"La historia inici\u00f3 a finales de 1998 cuando la Secta Moon realiz\u00f3 un pr\u00e9stamo de US$15 millones a la firma Victoria Terrace para comprar tierras en la zona de Puerto Casado. En el 2012 los derechos de la deuda fueron adquiridos por el \u201cGrupo Cusabo\u201d, pero pasaron dos a\u00f1os y\u2026","rel":"","context":"En \u00abNacionales\u00bb","img":{"alt_text":"","src":"https:\/\/i0.wp.com\/informatepy.com\/2021\/wp-content\/uploads\/2022\/02\/hugo-velazquez-puerto-casado.jpg?fit=1200%2C675&ssl=1&resize=350%2C200","width":350,"height":200},"classes":[]}],"authors":[{"term_id":1051,"user_id":4,"is_guest":0,"slug":"redaccion","display_name":"Redacci\u00f3n","avatar_url":"https:\/\/i0.wp.com\/informatepy.com\/2021\/wp-content\/uploads\/2021\/02\/informate-circulo.png?fit=96%2C96&ssl=1","first_name":"Redacci\u00f3n","last_name":"","user_url":"","description":""}],"amp_enabled":true,"_links":{"self":[{"href":"https:\/\/informatepy.com\/2021\/wp-json\/wp\/v2\/posts\/13443","targetHints":{"allow":["GET"]}}],"collection":[{"href":"https:\/\/informatepy.com\/2021\/wp-json\/wp\/v2\/posts"}],"about":[{"href":"https:\/\/informatepy.com\/2021\/wp-json\/wp\/v2\/types\/post"}],"author":[{"embeddable":true,"href":"https:\/\/informatepy.com\/2021\/wp-json\/wp\/v2\/users\/4"}],"replies":[{"embeddable":true,"href":"https:\/\/informatepy.com\/2021\/wp-json\/wp\/v2\/comments?post=13443"}],"version-history":[{"count":2,"href":"https:\/\/informatepy.com\/2021\/wp-json\/wp\/v2\/posts\/13443\/revisions"}],"predecessor-version":[{"id":13446,"href":"https:\/\/informatepy.com\/2021\/wp-json\/wp\/v2\/posts\/13443\/revisions\/13446"}],"wp:featuredmedia":[{"embeddable":true,"href":"https:\/\/informatepy.com\/2021\/wp-json\/wp\/v2\/media\/13444"}],"wp:attachment":[{"href":"https:\/\/informatepy.com\/2021\/wp-json\/wp\/v2\/media?parent=13443"}],"wp:term":[{"taxonomy":"category","embeddable":true,"href":"https:\/\/informatepy.com\/2021\/wp-json\/wp\/v2\/categories?post=13443"},{"taxonomy":"post_tag","embeddable":true,"href":"https:\/\/informatepy.com\/2021\/wp-json\/wp\/v2\/tags?post=13443"},{"taxonomy":"author","embeddable":true,"href":"https:\/\/informatepy.com\/2021\/wp-json\/wp\/v2\/ppma_author?post=13443"}],"curies":[{"name":"wp","href":"https:\/\/api.w.org\/{rel}","templated":true}]}}