{"id":13402,"date":"2022-08-17T12:57:06","date_gmt":"2022-08-17T15:57:06","guid":{"rendered":"https:\/\/informatepy.com\/2021\/?p=13402"},"modified":"2022-08-17T12:57:08","modified_gmt":"2022-08-17T15:57:08","slug":"euclides-se-siente-comodo-con-querey","status":"publish","type":"post","link":"https:\/\/informatepy.com\/2021\/2022\/08\/17\/euclides-se-siente-comodo-con-querey\/","title":{"rendered":"Euclides \u201cse siente c\u00f3modo\u201d con Querey"},"content":{"rendered":"\n<p class=\"has-text-align-justify\">El candidato presidencial por el movimiento Nueva Rep\u00fablica, <strong>Euclides Acevedo<\/strong>, dijo que <strong>\u201cle encantar\u00eda\u201d <\/strong>hacer dupla con el senador del Frente Guasu, <strong>Jorge Querey,<\/strong> con quien <strong><em>\u201cse siente c\u00f3modo\u201d<\/em><\/strong>. Por otro lado, critic\u00f3 la <strong>\u201cactitud discriminatoria\u201d<\/strong> del presidente del PLRA, Efra\u00edn Alegre, al afirmar que los sectores que no est\u00e1n dentro de la Concertaci\u00f3n Nacional <strong>\u201cest\u00e1n operando a favor del Partido Colorado\u201d<\/strong>.<\/p>\n\n\n\n<p class=\"has-text-align-justify\"><strong><em>\u201cS\u00ed, hemos tenido contacto (con Querey) y hemos hablado de la posibilidad de acuerdos pol\u00edticos y tenemos much\u00edsimas coincidencias, en el sentido de que tanto el doctor Querey y muchos de sus compa\u00f1eros de sector, coincidimos en que el problema es el modelo econ\u00f3mico, el modelo pol\u00edtico y no los inquilinos del eventual gobierno que pueda tener la Rep\u00fablica\u201d<\/em><\/strong>, expres\u00f3.<\/p>\n","protected":false},"excerpt":{"rendered":"<p>El candidato presidencial por el movimiento Nueva Rep\u00fablica, Euclides Acevedo, dijo que \u201cle encantar\u00eda\u201d hacer dupla con el senador del Frente Guasu, Jorge Querey, con quien \u201cse siente c\u00f3modo\u201d. Por otro lado, critic\u00f3 la \u201cactitud discriminatoria\u201d del presidente del PLRA, Efra\u00edn Alegre, al afirmar que los sectores que no est\u00e1n dentro de la Concertaci\u00f3n Nacional [&hellip;]<\/p>\n","protected":false},"author":4,"featured_media":7608,"comment_status":"open","ping_status":"open","sticky":false,"template":"","format":"standard","meta":{"_monsterinsights_skip_tracking":false,"_monsterinsights_sitenote_active":false,"_monsterinsights_sitenote_note":"","_monsterinsights_sitenote_category":0,"footnotes":"","jetpack_publicize_message":"","jetpack_is_tweetstorm":false,"jetpack_publicize_feature_enabled":true},"categories":[177],"tags":[1036,1587,757,733],"ppma_author":[1051],"class_list":["post-13402","post","type-post","status-publish","format-standard","has-post-thumbnail","hentry","category-nacionales","tag-destacada","tag-elecciones-2023","tag-euclides-acevedo","tag-jorge-querey"],"jetpack_publicize_connections":[],"yoast_head":"<!-- This site is optimized with the Yoast SEO plugin v27.5 - https:\/\/yoast.com\/product\/yoast-seo-wordpress\/ -->\n<title>Euclides \u201cse siente c\u00f3modo\u201d con Querey - Informatepy<\/title>\n<meta name=\"robots\" content=\"index, follow, max-snippet:-1, max-image-preview:large, max-video-preview:-1\" \/>\n<link rel=\"canonical\" href=\"https:\/\/informatepy.com\/2021\/2022\/08\/17\/euclides-se-siente-comodo-con-querey\/\" \/>\n<meta property=\"og:locale\" content=\"es_ES\" \/>\n<meta property=\"og:type\" content=\"article\" \/>\n<meta property=\"og:title\" content=\"Euclides \u201cse siente c\u00f3modo\u201d con Querey - Informatepy\" \/>\n<meta property=\"og:description\" content=\"El candidato presidencial por el movimiento Nueva Rep\u00fablica, Euclides Acevedo, dijo que \u201cle encantar\u00eda\u201d hacer dupla con el senador del Frente Guasu, Jorge Querey, con quien \u201cse siente c\u00f3modo\u201d. Por otro lado, critic\u00f3 la \u201cactitud discriminatoria\u201d del presidente del PLRA, Efra\u00edn Alegre, al afirmar que los sectores que no est\u00e1n dentro de la Concertaci\u00f3n Nacional [&hellip;]\" \/>\n<meta property=\"og:url\" content=\"https:\/\/informatepy.com\/2021\/2022\/08\/17\/euclides-se-siente-comodo-con-querey\/\" \/>\n<meta property=\"og:site_name\" content=\"Informatepy\" \/>\n<meta property=\"article:author\" content=\"https:\/\/www.facebook.com\/InformatePyCom\" \/>\n<meta property=\"article:published_time\" content=\"2022-08-17T15:57:06+00:00\" \/>\n<meta property=\"article:modified_time\" content=\"2022-08-17T15:57:08+00:00\" \/>\n<meta property=\"og:image\" content=\"https:\/\/informatepy.com\/2021\/wp-content\/uploads\/2021\/10\/euclides-acevedo.jpg\" \/>\n\t<meta property=\"og:image:width\" content=\"1016\" \/>\n\t<meta property=\"og:image:height\" content=\"677\" \/>\n\t<meta property=\"og:image:type\" content=\"image\/jpeg\" \/>\n<meta name=\"author\" content=\"Redacci\u00f3n\" \/>\n<meta name=\"twitter:card\" content=\"summary_large_image\" \/>\n<meta name=\"twitter:creator\" content=\"@https:\/\/twitter.com\/InformatePy1\" \/>\n<meta name=\"twitter:label1\" content=\"Escrito por\" \/>\n\t<meta name=\"twitter:data1\" content=\"Redacci\u00f3n\" \/>\n\t<meta name=\"twitter:label2\" content=\"Tiempo de lectura\" \/>\n\t<meta name=\"twitter:data2\" content=\"1 minuto\" \/>\n<script type=\"application\/ld+json\" class=\"yoast-schema-graph\">{\"@context\":\"https:\\\/\\\/schema.org\",\"@graph\":[{\"@type\":\"Article\",\"@id\":\"https:\\\/\\\/informatepy.com\\\/2021\\\/2022\\\/08\\\/17\\\/euclides-se-siente-comodo-con-querey\\\/#article\",\"isPartOf\":{\"@id\":\"https:\\\/\\\/informatepy.com\\\/2021\\\/2022\\\/08\\\/17\\\/euclides-se-siente-comodo-con-querey\\\/\"},\"author\":{\"name\":\"Redacci\u00f3n\",\"@id\":\"https:\\\/\\\/informatepy.com\\\/2021\\\/#\\\/schema\\\/person\\\/0c842f525f84ea74ef3b44370d11757b\"},\"headline\":\"Euclides \u201cse siente c\u00f3modo\u201d con Querey\",\"datePublished\":\"2022-08-17T15:57:06+00:00\",\"dateModified\":\"2022-08-17T15:57:08+00:00\",\"mainEntityOfPage\":{\"@id\":\"https:\\\/\\\/informatepy.com\\\/2021\\\/2022\\\/08\\\/17\\\/euclides-se-siente-comodo-con-querey\\\/\"},\"wordCount\":142,\"commentCount\":0,\"publisher\":{\"@id\":\"https:\\\/\\\/informatepy.com\\\/2021\\\/#\\\/schema\\\/person\\\/edd302c981d6ba4596191719d1025a8a\"},\"image\":{\"@id\":\"https:\\\/\\\/informatepy.com\\\/2021\\\/2022\\\/08\\\/17\\\/euclides-se-siente-comodo-con-querey\\\/#primaryimage\"},\"thumbnailUrl\":\"https:\\\/\\\/i0.wp.com\\\/informatepy.com\\\/2021\\\/wp-content\\\/uploads\\\/2021\\\/10\\\/euclides-acevedo.jpg?fit=1016%2C677&ssl=1\",\"keywords\":[\"destacada\",\"elecciones 2023\",\"euclides acevedo\",\"jorge querey\"],\"articleSection\":[\"Nacionales\"],\"inLanguage\":\"es\",\"potentialAction\":[{\"@type\":\"CommentAction\",\"name\":\"Comment\",\"target\":[\"https:\\\/\\\/informatepy.com\\\/2021\\\/2022\\\/08\\\/17\\\/euclides-se-siente-comodo-con-querey\\\/#respond\"]}]},{\"@type\":\"WebPage\",\"@id\":\"https:\\\/\\\/informatepy.com\\\/2021\\\/2022\\\/08\\\/17\\\/euclides-se-siente-comodo-con-querey\\\/\",\"url\":\"https:\\\/\\\/informatepy.com\\\/2021\\\/2022\\\/08\\\/17\\\/euclides-se-siente-comodo-con-querey\\\/\",\"name\":\"Euclides \u201cse siente c\u00f3modo\u201d con Querey - Informatepy\",\"isPartOf\":{\"@id\":\"https:\\\/\\\/informatepy.com\\\/2021\\\/#website\"},\"primaryImageOfPage\":{\"@id\":\"https:\\\/\\\/informatepy.com\\\/2021\\\/2022\\\/08\\\/17\\\/euclides-se-siente-comodo-con-querey\\\/#primaryimage\"},\"image\":{\"@id\":\"https:\\\/\\\/informatepy.com\\\/2021\\\/2022\\\/08\\\/17\\\/euclides-se-siente-comodo-con-querey\\\/#primaryimage\"},\"thumbnailUrl\":\"https:\\\/\\\/i0.wp.com\\\/informatepy.com\\\/2021\\\/wp-content\\\/uploads\\\/2021\\\/10\\\/euclides-acevedo.jpg?fit=1016%2C677&ssl=1\",\"datePublished\":\"2022-08-17T15:57:06+00:00\",\"dateModified\":\"2022-08-17T15:57:08+00:00\",\"breadcrumb\":{\"@id\":\"https:\\\/\\\/informatepy.com\\\/2021\\\/2022\\\/08\\\/17\\\/euclides-se-siente-comodo-con-querey\\\/#breadcrumb\"},\"inLanguage\":\"es\",\"potentialAction\":[{\"@type\":\"ReadAction\",\"target\":[\"https:\\\/\\\/informatepy.com\\\/2021\\\/2022\\\/08\\\/17\\\/euclides-se-siente-comodo-con-querey\\\/\"]}]},{\"@type\":\"ImageObject\",\"inLanguage\":\"es\",\"@id\":\"https:\\\/\\\/informatepy.com\\\/2021\\\/2022\\\/08\\\/17\\\/euclides-se-siente-comodo-con-querey\\\/#primaryimage\",\"url\":\"https:\\\/\\\/i0.wp.com\\\/informatepy.com\\\/2021\\\/wp-content\\\/uploads\\\/2021\\\/10\\\/euclides-acevedo.jpg?fit=1016%2C677&ssl=1\",\"contentUrl\":\"https:\\\/\\\/i0.wp.com\\\/informatepy.com\\\/2021\\\/wp-content\\\/uploads\\\/2021\\\/10\\\/euclides-acevedo.jpg?fit=1016%2C677&ssl=1\",\"width\":1016,\"height\":677},{\"@type\":\"BreadcrumbList\",\"@id\":\"https:\\\/\\\/informatepy.com\\\/2021\\\/2022\\\/08\\\/17\\\/euclides-se-siente-comodo-con-querey\\\/#breadcrumb\",\"itemListElement\":[{\"@type\":\"ListItem\",\"position\":1,\"name\":\"Portada\",\"item\":\"https:\\\/\\\/informatepy.com\\\/2021\\\/\"},{\"@type\":\"ListItem\",\"position\":2,\"name\":\"Euclides \u201cse siente c\u00f3modo\u201d con Querey\"}]},{\"@type\":\"WebSite\",\"@id\":\"https:\\\/\\\/informatepy.com\\\/2021\\\/#website\",\"url\":\"https:\\\/\\\/informatepy.com\\\/2021\\\/\",\"name\":\"Informatepy\",\"description\":\"La verdad, siempre!\",\"publisher\":{\"@id\":\"https:\\\/\\\/informatepy.com\\\/2021\\\/#\\\/schema\\\/person\\\/edd302c981d6ba4596191719d1025a8a\"},\"potentialAction\":[{\"@type\":\"SearchAction\",\"target\":{\"@type\":\"EntryPoint\",\"urlTemplate\":\"https:\\\/\\\/informatepy.com\\\/2021\\\/?s={search_term_string}\"},\"query-input\":{\"@type\":\"PropertyValueSpecification\",\"valueRequired\":true,\"valueName\":\"search_term_string\"}}],\"inLanguage\":\"es\"},{\"@type\":[\"Person\",\"Organization\"],\"@id\":\"https:\\\/\\\/informatepy.com\\\/2021\\\/#\\\/schema\\\/person\\\/edd302c981d6ba4596191719d1025a8a\",\"name\":\"admin\",\"image\":{\"@type\":\"ImageObject\",\"inLanguage\":\"es\",\"@id\":\"https:\\\/\\\/secure.gravatar.com\\\/avatar\\\/5310f602b6cbcfb86e030c4ccdbb78f6565a3b9bab6a74ab80fd3cb5428b65af?s=96&d=mm&r=g\",\"url\":\"https:\\\/\\\/secure.gravatar.com\\\/avatar\\\/5310f602b6cbcfb86e030c4ccdbb78f6565a3b9bab6a74ab80fd3cb5428b65af?s=96&d=mm&r=g\",\"contentUrl\":\"https:\\\/\\\/secure.gravatar.com\\\/avatar\\\/5310f602b6cbcfb86e030c4ccdbb78f6565a3b9bab6a74ab80fd3cb5428b65af?s=96&d=mm&r=g\",\"caption\":\"admin\"},\"logo\":{\"@id\":\"https:\\\/\\\/secure.gravatar.com\\\/avatar\\\/5310f602b6cbcfb86e030c4ccdbb78f6565a3b9bab6a74ab80fd3cb5428b65af?s=96&d=mm&r=g\"},\"sameAs\":[\"http:\\\/\\\/informatepy.com\\\/2021\"]},{\"@type\":\"Person\",\"@id\":\"https:\\\/\\\/informatepy.com\\\/2021\\\/#\\\/schema\\\/person\\\/0c842f525f84ea74ef3b44370d11757b\",\"name\":\"Redacci\u00f3n\",\"image\":{\"@type\":\"ImageObject\",\"inLanguage\":\"es\",\"@id\":\"https:\\\/\\\/i0.wp.com\\\/informatepy.com\\\/2021\\\/wp-content\\\/uploads\\\/2021\\\/02\\\/informate-circulo.png?fit=96%2C96&ssl=1\",\"url\":\"https:\\\/\\\/i0.wp.com\\\/informatepy.com\\\/2021\\\/wp-content\\\/uploads\\\/2021\\\/02\\\/informate-circulo.png?fit=96%2C96&ssl=1\",\"contentUrl\":\"https:\\\/\\\/i0.wp.com\\\/informatepy.com\\\/2021\\\/wp-content\\\/uploads\\\/2021\\\/02\\\/informate-circulo.png?fit=96%2C96&ssl=1\",\"caption\":\"Redacci\u00f3n\"},\"sameAs\":[\"https:\\\/\\\/www.facebook.com\\\/InformatePyCom\",\"https:\\\/\\\/x.com\\\/https:\\\/\\\/twitter.com\\\/InformatePy1\"],\"url\":\"https:\\\/\\\/informatepy.com\\\/2021\\\/author\\\/redaccion\\\/\"}]}<\/script>\n<!-- \/ Yoast SEO plugin. -->","yoast_head_json":{"title":"Euclides \u201cse siente c\u00f3modo\u201d con Querey - Informatepy","robots":{"index":"index","follow":"follow","max-snippet":"max-snippet:-1","max-image-preview":"max-image-preview:large","max-video-preview":"max-video-preview:-1"},"canonical":"https:\/\/informatepy.com\/2021\/2022\/08\/17\/euclides-se-siente-comodo-con-querey\/","og_locale":"es_ES","og_type":"article","og_title":"Euclides \u201cse siente c\u00f3modo\u201d con Querey - Informatepy","og_description":"El candidato presidencial por el movimiento Nueva Rep\u00fablica, Euclides Acevedo, dijo que \u201cle encantar\u00eda\u201d hacer dupla con el senador del Frente Guasu, Jorge Querey, con quien \u201cse siente c\u00f3modo\u201d. Por otro lado, critic\u00f3 la \u201cactitud discriminatoria\u201d del presidente del PLRA, Efra\u00edn Alegre, al afirmar que los sectores que no est\u00e1n dentro de la Concertaci\u00f3n Nacional [&hellip;]","og_url":"https:\/\/informatepy.com\/2021\/2022\/08\/17\/euclides-se-siente-comodo-con-querey\/","og_site_name":"Informatepy","article_author":"https:\/\/www.facebook.com\/InformatePyCom","article_published_time":"2022-08-17T15:57:06+00:00","article_modified_time":"2022-08-17T15:57:08+00:00","og_image":[{"width":1016,"height":677,"url":"https:\/\/informatepy.com\/2021\/wp-content\/uploads\/2021\/10\/euclides-acevedo.jpg","type":"image\/jpeg"}],"author":"Redacci\u00f3n","twitter_card":"summary_large_image","twitter_creator":"@https:\/\/twitter.com\/InformatePy1","twitter_misc":{"Escrito por":"Redacci\u00f3n","Tiempo de lectura":"1 minuto"},"schema":{"@context":"https:\/\/schema.org","@graph":[{"@type":"Article","@id":"https:\/\/informatepy.com\/2021\/2022\/08\/17\/euclides-se-siente-comodo-con-querey\/#article","isPartOf":{"@id":"https:\/\/informatepy.com\/2021\/2022\/08\/17\/euclides-se-siente-comodo-con-querey\/"},"author":{"name":"Redacci\u00f3n","@id":"https:\/\/informatepy.com\/2021\/#\/schema\/person\/0c842f525f84ea74ef3b44370d11757b"},"headline":"Euclides \u201cse siente c\u00f3modo\u201d con Querey","datePublished":"2022-08-17T15:57:06+00:00","dateModified":"2022-08-17T15:57:08+00:00","mainEntityOfPage":{"@id":"https:\/\/informatepy.com\/2021\/2022\/08\/17\/euclides-se-siente-comodo-con-querey\/"},"wordCount":142,"commentCount":0,"publisher":{"@id":"https:\/\/informatepy.com\/2021\/#\/schema\/person\/edd302c981d6ba4596191719d1025a8a"},"image":{"@id":"https:\/\/informatepy.com\/2021\/2022\/08\/17\/euclides-se-siente-comodo-con-querey\/#primaryimage"},"thumbnailUrl":"https:\/\/i0.wp.com\/informatepy.com\/2021\/wp-content\/uploads\/2021\/10\/euclides-acevedo.jpg?fit=1016%2C677&ssl=1","keywords":["destacada","elecciones 2023","euclides acevedo","jorge querey"],"articleSection":["Nacionales"],"inLanguage":"es","potentialAction":[{"@type":"CommentAction","name":"Comment","target":["https:\/\/informatepy.com\/2021\/2022\/08\/17\/euclides-se-siente-comodo-con-querey\/#respond"]}]},{"@type":"WebPage","@id":"https:\/\/informatepy.com\/2021\/2022\/08\/17\/euclides-se-siente-comodo-con-querey\/","url":"https:\/\/informatepy.com\/2021\/2022\/08\/17\/euclides-se-siente-comodo-con-querey\/","name":"Euclides \u201cse siente c\u00f3modo\u201d con Querey - Informatepy","isPartOf":{"@id":"https:\/\/informatepy.com\/2021\/#website"},"primaryImageOfPage":{"@id":"https:\/\/informatepy.com\/2021\/2022\/08\/17\/euclides-se-siente-comodo-con-querey\/#primaryimage"},"image":{"@id":"https:\/\/informatepy.com\/2021\/2022\/08\/17\/euclides-se-siente-comodo-con-querey\/#primaryimage"},"thumbnailUrl":"https:\/\/i0.wp.com\/informatepy.com\/2021\/wp-content\/uploads\/2021\/10\/euclides-acevedo.jpg?fit=1016%2C677&ssl=1","datePublished":"2022-08-17T15:57:06+00:00","dateModified":"2022-08-17T15:57:08+00:00","breadcrumb":{"@id":"https:\/\/informatepy.com\/2021\/2022\/08\/17\/euclides-se-siente-comodo-con-querey\/#breadcrumb"},"inLanguage":"es","potentialAction":[{"@type":"ReadAction","target":["https:\/\/informatepy.com\/2021\/2022\/08\/17\/euclides-se-siente-comodo-con-querey\/"]}]},{"@type":"ImageObject","inLanguage":"es","@id":"https:\/\/informatepy.com\/2021\/2022\/08\/17\/euclides-se-siente-comodo-con-querey\/#primaryimage","url":"https:\/\/i0.wp.com\/informatepy.com\/2021\/wp-content\/uploads\/2021\/10\/euclides-acevedo.jpg?fit=1016%2C677&ssl=1","contentUrl":"https:\/\/i0.wp.com\/informatepy.com\/2021\/wp-content\/uploads\/2021\/10\/euclides-acevedo.jpg?fit=1016%2C677&ssl=1","width":1016,"height":677},{"@type":"BreadcrumbList","@id":"https:\/\/informatepy.com\/2021\/2022\/08\/17\/euclides-se-siente-comodo-con-querey\/#breadcrumb","itemListElement":[{"@type":"ListItem","position":1,"name":"Portada","item":"https:\/\/informatepy.com\/2021\/"},{"@type":"ListItem","position":2,"name":"Euclides \u201cse siente c\u00f3modo\u201d con Querey"}]},{"@type":"WebSite","@id":"https:\/\/informatepy.com\/2021\/#website","url":"https:\/\/informatepy.com\/2021\/","name":"Informatepy","description":"La verdad, siempre!","publisher":{"@id":"https:\/\/informatepy.com\/2021\/#\/schema\/person\/edd302c981d6ba4596191719d1025a8a"},"potentialAction":[{"@type":"SearchAction","target":{"@type":"EntryPoint","urlTemplate":"https:\/\/informatepy.com\/2021\/?s={search_term_string}"},"query-input":{"@type":"PropertyValueSpecification","valueRequired":true,"valueName":"search_term_string"}}],"inLanguage":"es"},{"@type":["Person","Organization"],"@id":"https:\/\/informatepy.com\/2021\/#\/schema\/person\/edd302c981d6ba4596191719d1025a8a","name":"admin","image":{"@type":"ImageObject","inLanguage":"es","@id":"https:\/\/secure.gravatar.com\/avatar\/5310f602b6cbcfb86e030c4ccdbb78f6565a3b9bab6a74ab80fd3cb5428b65af?s=96&d=mm&r=g","url":"https:\/\/secure.gravatar.com\/avatar\/5310f602b6cbcfb86e030c4ccdbb78f6565a3b9bab6a74ab80fd3cb5428b65af?s=96&d=mm&r=g","contentUrl":"https:\/\/secure.gravatar.com\/avatar\/5310f602b6cbcfb86e030c4ccdbb78f6565a3b9bab6a74ab80fd3cb5428b65af?s=96&d=mm&r=g","caption":"admin"},"logo":{"@id":"https:\/\/secure.gravatar.com\/avatar\/5310f602b6cbcfb86e030c4ccdbb78f6565a3b9bab6a74ab80fd3cb5428b65af?s=96&d=mm&r=g"},"sameAs":["http:\/\/informatepy.com\/2021"]},{"@type":"Person","@id":"https:\/\/informatepy.com\/2021\/#\/schema\/person\/0c842f525f84ea74ef3b44370d11757b","name":"Redacci\u00f3n","image":{"@type":"ImageObject","inLanguage":"es","@id":"https:\/\/i0.wp.com\/informatepy.com\/2021\/wp-content\/uploads\/2021\/02\/informate-circulo.png?fit=96%2C96&ssl=1","url":"https:\/\/i0.wp.com\/informatepy.com\/2021\/wp-content\/uploads\/2021\/02\/informate-circulo.png?fit=96%2C96&ssl=1","contentUrl":"https:\/\/i0.wp.com\/informatepy.com\/2021\/wp-content\/uploads\/2021\/02\/informate-circulo.png?fit=96%2C96&ssl=1","caption":"Redacci\u00f3n"},"sameAs":["https:\/\/www.facebook.com\/InformatePyCom","https:\/\/x.com\/https:\/\/twitter.com\/InformatePy1"],"url":"https:\/\/informatepy.com\/2021\/author\/redaccion\/"}]}},"jetpack_featured_media_url":"https:\/\/i0.wp.com\/informatepy.com\/2021\/wp-content\/uploads\/2021\/10\/euclides-acevedo.jpg?fit=1016%2C677&ssl=1","jetpack_sharing_enabled":true,"jetpack_likes_enabled":true,"jetpack-related-posts":[{"id":13368,"url":"https:\/\/informatepy.com\/2021\/2022\/08\/15\/jorge-querey-me-siento-muy-incomodo-en-la-concertacion\/","url_meta":{"origin":13402,"position":0},"title":"Jorge Querey: \u00abMe siento muy inc\u00f3modo en la Concertaci\u00f3n\u00bb","date":"15 de agosto de 2022","format":false,"excerpt":"En una entrevista con radio Monumental, el senador del Frente Guasu, Jorge Querey, afirm\u00f3 que no est\u00e1 c\u00f3modo en el seno de la Concertaci\u00f3n Nacional con la posible chapa presidencial compuesta por Efra\u00edn Alegre y Soledad N\u00fa\u00f1ez. \"Hay una situaci\u00f3n de incomodidad en varios grupos con respecto al manejo y\u2026","rel":"","context":"En \u00abNacionales\u00bb","img":{"alt_text":"","src":"https:\/\/i0.wp.com\/informatepy.com\/2021\/wp-content\/uploads\/2021\/07\/jorge-querey.jpg?fit=760%2C420&ssl=1&resize=350%2C200","width":350,"height":200},"classes":[]},{"id":11451,"url":"https:\/\/informatepy.com\/2021\/2022\/05\/03\/para-querey-el-frente-guasu-tiene-chances-de-liderar-la-concertacion\/","url_meta":{"origin":13402,"position":1},"title":"Para Querey, el Frente Guas\u00fa tiene chances de liderar la concertaci\u00f3n","date":"3 de mayo de 2022","format":false,"excerpt":"El senador Jorge Querey se\u00f1al\u00f3 que el Frente Guas\u00fa tiene todas las chances de liderar la concertaci\u00f3n para las elecciones generales del 2023 y enfrentar a la Asociaci\u00f3n Nacional Republicana (ANR). \u201cTiene chances de liderar la concertaci\u00f3n. Se necesita de alguien nuevo y est\u00e1 demostrado que no necesariamente debe un\u2026","rel":"","context":"En \u00abNacionales\u00bb","img":{"alt_text":"","src":"https:\/\/i0.wp.com\/informatepy.com\/2021\/wp-content\/uploads\/2021\/07\/jorge-querey.jpg?fit=760%2C420&ssl=1&resize=350%2C200","width":350,"height":200},"classes":[]},{"id":13520,"url":"https:\/\/informatepy.com\/2021\/2022\/08\/22\/efrain-busca-frenar-la-fuga-de-partidos-del-frente-guasu\/","url_meta":{"origin":13402,"position":2},"title":"Efra\u00edn logra frenar la fuga de las fuerzas del Frente Guasu","date":"22 de agosto de 2022","format":false,"excerpt":"Con una nota enviada al Frente Guas\u00fa, el precandidato presidencial por la Concertaci\u00f3n, Efra\u00edn Alegre, logr\u00f3 frenar la fuga de las fuerzas pol\u00edticas que integran ese frente y evitar que las mismas alcancen un acuerdo pol\u00edtico con Euclides Acevedo. Atendiendo a la principal cr\u00edtica de quienes ya hab\u00edan abandonado la\u2026","rel":"","context":"En \u00abNacionales\u00bb","img":{"alt_text":"","src":"https:\/\/i0.wp.com\/informatepy.com\/2021\/wp-content\/uploads\/2022\/08\/efrain-alegre.jpg?fit=1200%2C600&ssl=1&resize=350%2C200","width":350,"height":200},"classes":[]},{"id":5650,"url":"https:\/\/informatepy.com\/2021\/2021\/07\/07\/querey-pretende-negar-lo-que-muchos-piensan\/","url_meta":{"origin":13402,"position":3},"title":"Querey pretende negar lo que muchos piensan","date":"7 de julio de 2021","format":false,"excerpt":"El senador por el Frente Guasu Jorge Querey, el mismo que admiti\u00f3 haber formado parte de la Junta M\u00e9dica que examin\u00f3 a Juan Arrom y Anuncio Mart\u00ed en 2002, neg\u00f3 que su partido sea el brazo pol\u00edtico del EPP y otros grupos criminales del norte y lanz\u00f3 la vieja y\u2026","rel":"","context":"En \u00abNacionales\u00bb","img":{"alt_text":"","src":"https:\/\/i0.wp.com\/informatepy.com\/2021\/wp-content\/uploads\/2021\/07\/jorge-querey.jpg?fit=760%2C420&ssl=1&resize=350%2C200","width":350,"height":200},"classes":[]},{"id":11153,"url":"https:\/\/informatepy.com\/2021\/2022\/04\/14\/acusan-jorge-querey-de-defender-a-los-camioneros-detenidos-por-presunta-extorsion\/","url_meta":{"origin":13402,"position":4},"title":"Acusan Jorge Querey de defender a los camioneros detenidos por presunta extorsi\u00f3n","date":"14 de abril de 2022","format":false,"excerpt":"El apoderado de la Asociaci\u00f3n Nacional Republicana (ANR), Eduardo Gonz\u00e1lez, acus\u00f3 al senador Jorge Querey del Frente Guasu de defender a los l\u00edderes de camioneros detenidos por supuestamente extorsionar al Gobierno para no cerrar rutas en Semana Santa. \u201cMiren la posici\u00f3n de Jorge Querey defendiendo a los extorsionadores de siempre,\u2026","rel":"","context":"En \u00abNacionales\u00bb","img":{"alt_text":"","src":"https:\/\/i0.wp.com\/informatepy.com\/2021\/wp-content\/uploads\/2021\/07\/jorge-querey.jpg?fit=760%2C420&ssl=1&resize=350%2C200","width":350,"height":200},"classes":[]},{"id":13592,"url":"https:\/\/informatepy.com\/2021\/2022\/08\/25\/querey-desmiente-a-abc-sobre-lo-tratado-con-enviado-de-estados-unidos\/","url_meta":{"origin":13402,"position":5},"title":"Querey desmiente a ABC sobre lo tratado con enviado de Estados Unidos","date":"25 de agosto de 2022","format":false,"excerpt":"El senador por el Frente Guasu Jorge Querey dijo en el programa As\u00ed son las cosas, por la 970 AM, que en el encuentro que un grupo de legisladores mantuvo ayer con el subsecretario de Estado de los Estados Unidos Mark Wells, no se habl\u00f3 ni de Horacio Cartes, ni\u2026","rel":"","context":"En \u00abNacionales\u00bb","img":{"alt_text":"","src":"https:\/\/i0.wp.com\/informatepy.com\/2021\/wp-content\/uploads\/2021\/07\/jorge-querey.jpg?fit=760%2C420&ssl=1&resize=350%2C200","width":350,"height":200},"classes":[]}],"authors":[{"term_id":1051,"user_id":4,"is_guest":0,"slug":"redaccion","display_name":"Redacci\u00f3n","avatar_url":"https:\/\/i0.wp.com\/informatepy.com\/2021\/wp-content\/uploads\/2021\/02\/informate-circulo.png?fit=96%2C96&ssl=1","first_name":"Redacci\u00f3n","last_name":"","user_url":"","description":""}],"amp_enabled":true,"_links":{"self":[{"href":"https:\/\/informatepy.com\/2021\/wp-json\/wp\/v2\/posts\/13402","targetHints":{"allow":["GET"]}}],"collection":[{"href":"https:\/\/informatepy.com\/2021\/wp-json\/wp\/v2\/posts"}],"about":[{"href":"https:\/\/informatepy.com\/2021\/wp-json\/wp\/v2\/types\/post"}],"author":[{"embeddable":true,"href":"https:\/\/informatepy.com\/2021\/wp-json\/wp\/v2\/users\/4"}],"replies":[{"embeddable":true,"href":"https:\/\/informatepy.com\/2021\/wp-json\/wp\/v2\/comments?post=13402"}],"version-history":[{"count":1,"href":"https:\/\/informatepy.com\/2021\/wp-json\/wp\/v2\/posts\/13402\/revisions"}],"predecessor-version":[{"id":13403,"href":"https:\/\/informatepy.com\/2021\/wp-json\/wp\/v2\/posts\/13402\/revisions\/13403"}],"wp:featuredmedia":[{"embeddable":true,"href":"https:\/\/informatepy.com\/2021\/wp-json\/wp\/v2\/media\/7608"}],"wp:attachment":[{"href":"https:\/\/informatepy.com\/2021\/wp-json\/wp\/v2\/media?parent=13402"}],"wp:term":[{"taxonomy":"category","embeddable":true,"href":"https:\/\/informatepy.com\/2021\/wp-json\/wp\/v2\/categories?post=13402"},{"taxonomy":"post_tag","embeddable":true,"href":"https:\/\/informatepy.com\/2021\/wp-json\/wp\/v2\/tags?post=13402"},{"taxonomy":"author","embeddable":true,"href":"https:\/\/informatepy.com\/2021\/wp-json\/wp\/v2\/ppma_author?post=13402"}],"curies":[{"name":"wp","href":"https:\/\/api.w.org\/{rel}","templated":true}]}}