{"id":13382,"date":"2022-08-16T14:27:03","date_gmt":"2022-08-16T17:27:03","guid":{"rendered":"https:\/\/informatepy.com\/2021\/?p=13382"},"modified":"2022-08-16T14:27:05","modified_gmt":"2022-08-16T17:27:05","slug":"kencho-rodriguez-anuncia-el-retiro-del-frente-guasu-de-la-concertacion","status":"publish","type":"post","link":"https:\/\/informatepy.com\/2021\/2022\/08\/16\/kencho-rodriguez-anuncia-el-retiro-del-frente-guasu-de-la-concertacion\/","title":{"rendered":"\u201cKencho\u201d Rodr\u00edguez anuncia el retiro del Frente Guasu de la Concertaci\u00f3n"},"content":{"rendered":"\n<p class=\"has-text-align-justify\">De acuerdo a las palabras brindadas por el senador Miguel Fulgencio Rodr\u00edguez a la AM 970,  <strong>son varios los movimientos del Frente Guasu que se retirar\u00e1n de la Concertaci\u00f3n <\/strong>y aguarda que sea todo el bloque el que tome la misma decisi\u00f3n.<\/p>\n\n\n\n<p class=\"has-text-align-justify\">Rodr\u00edguez se mostr\u00f3 convencido de que el Frente Gusau dejar\u00e1 de pertenecer a la Concertaci\u00f3n y al ser consultado sobre la posibilidad de que pueda haber una ruptura en el bloque si es que alg\u00fan sector decide permanecer aliado a la oposici\u00f3n, se mostr\u00f3 esperanzado con que eso no ocurrir\u00e1.<\/p>\n","protected":false},"excerpt":{"rendered":"<p>De acuerdo a las palabras brindadas por el senador Miguel Fulgencio Rodr\u00edguez a la AM 970, son varios los movimientos del Frente Guasu que se retirar\u00e1n de la Concertaci\u00f3n y aguarda que sea todo el bloque el que tome la misma decisi\u00f3n. Rodr\u00edguez se mostr\u00f3 convencido de que el Frente Gusau dejar\u00e1 de pertenecer a [&hellip;]<\/p>\n","protected":false},"author":4,"featured_media":10569,"comment_status":"open","ping_status":"open","sticky":false,"template":"","format":"standard","meta":{"_monsterinsights_skip_tracking":false,"_monsterinsights_sitenote_active":false,"_monsterinsights_sitenote_note":"","_monsterinsights_sitenote_category":0,"footnotes":"","jetpack_publicize_message":"","jetpack_is_tweetstorm":false,"jetpack_publicize_feature_enabled":true},"categories":[177],"tags":[1036,1587,398,1854],"ppma_author":[1051],"class_list":["post-13382","post","type-post","status-publish","format-standard","has-post-thumbnail","hentry","category-nacionales","tag-destacada","tag-elecciones-2023","tag-frente-guasu","tag-kencho-rodriguez"],"jetpack_publicize_connections":[],"yoast_head":"<!-- This site is optimized with the Yoast SEO plugin v27.4 - https:\/\/yoast.com\/product\/yoast-seo-wordpress\/ -->\n<title>\u201cKencho\u201d Rodr\u00edguez anuncia el retiro del Frente Guasu de la Concertaci\u00f3n - Informatepy<\/title>\n<meta name=\"robots\" content=\"index, follow, max-snippet:-1, max-image-preview:large, max-video-preview:-1\" \/>\n<link rel=\"canonical\" href=\"https:\/\/informatepy.com\/2021\/2022\/08\/16\/kencho-rodriguez-anuncia-el-retiro-del-frente-guasu-de-la-concertacion\/\" \/>\n<meta property=\"og:locale\" content=\"es_ES\" \/>\n<meta property=\"og:type\" content=\"article\" \/>\n<meta property=\"og:title\" content=\"\u201cKencho\u201d Rodr\u00edguez anuncia el retiro del Frente Guasu de la Concertaci\u00f3n - Informatepy\" \/>\n<meta property=\"og:description\" content=\"De acuerdo a las palabras brindadas por el senador Miguel Fulgencio Rodr\u00edguez a la AM 970, son varios los movimientos del Frente Guasu que se retirar\u00e1n de la Concertaci\u00f3n y aguarda que sea todo el bloque el que tome la misma decisi\u00f3n. Rodr\u00edguez se mostr\u00f3 convencido de que el Frente Gusau dejar\u00e1 de pertenecer a [&hellip;]\" \/>\n<meta property=\"og:url\" content=\"https:\/\/informatepy.com\/2021\/2022\/08\/16\/kencho-rodriguez-anuncia-el-retiro-del-frente-guasu-de-la-concertacion\/\" \/>\n<meta property=\"og:site_name\" content=\"Informatepy\" \/>\n<meta property=\"article:author\" content=\"https:\/\/www.facebook.com\/InformatePyCom\" \/>\n<meta property=\"article:published_time\" content=\"2022-08-16T17:27:03+00:00\" \/>\n<meta property=\"article:modified_time\" content=\"2022-08-16T17:27:05+00:00\" \/>\n<meta property=\"og:image\" content=\"https:\/\/informatepy.com\/2021\/wp-content\/uploads\/2022\/03\/kencho-rodriguez.jpeg\" \/>\n\t<meta property=\"og:image:width\" content=\"1016\" \/>\n\t<meta property=\"og:image:height\" content=\"677\" \/>\n\t<meta property=\"og:image:type\" content=\"image\/jpeg\" \/>\n<meta name=\"author\" content=\"Redacci\u00f3n\" \/>\n<meta name=\"twitter:card\" content=\"summary_large_image\" \/>\n<meta name=\"twitter:creator\" content=\"@https:\/\/twitter.com\/InformatePy1\" \/>\n<meta name=\"twitter:label1\" content=\"Escrito por\" \/>\n\t<meta name=\"twitter:data1\" content=\"Redacci\u00f3n\" \/>\n\t<meta name=\"twitter:label2\" content=\"Tiempo de lectura\" \/>\n\t<meta name=\"twitter:data2\" content=\"1 minuto\" \/>\n<script type=\"application\/ld+json\" class=\"yoast-schema-graph\">{\"@context\":\"https:\\\/\\\/schema.org\",\"@graph\":[{\"@type\":\"Article\",\"@id\":\"https:\\\/\\\/informatepy.com\\\/2021\\\/2022\\\/08\\\/16\\\/kencho-rodriguez-anuncia-el-retiro-del-frente-guasu-de-la-concertacion\\\/#article\",\"isPartOf\":{\"@id\":\"https:\\\/\\\/informatepy.com\\\/2021\\\/2022\\\/08\\\/16\\\/kencho-rodriguez-anuncia-el-retiro-del-frente-guasu-de-la-concertacion\\\/\"},\"author\":{\"name\":\"Redacci\u00f3n\",\"@id\":\"https:\\\/\\\/informatepy.com\\\/2021\\\/#\\\/schema\\\/person\\\/0c842f525f84ea74ef3b44370d11757b\"},\"headline\":\"\u201cKencho\u201d Rodr\u00edguez anuncia el retiro del Frente Guasu de la Concertaci\u00f3n\",\"datePublished\":\"2022-08-16T17:27:03+00:00\",\"dateModified\":\"2022-08-16T17:27:05+00:00\",\"mainEntityOfPage\":{\"@id\":\"https:\\\/\\\/informatepy.com\\\/2021\\\/2022\\\/08\\\/16\\\/kencho-rodriguez-anuncia-el-retiro-del-frente-guasu-de-la-concertacion\\\/\"},\"wordCount\":112,\"commentCount\":0,\"publisher\":{\"@id\":\"https:\\\/\\\/informatepy.com\\\/2021\\\/#\\\/schema\\\/person\\\/edd302c981d6ba4596191719d1025a8a\"},\"image\":{\"@id\":\"https:\\\/\\\/informatepy.com\\\/2021\\\/2022\\\/08\\\/16\\\/kencho-rodriguez-anuncia-el-retiro-del-frente-guasu-de-la-concertacion\\\/#primaryimage\"},\"thumbnailUrl\":\"https:\\\/\\\/i0.wp.com\\\/informatepy.com\\\/2021\\\/wp-content\\\/uploads\\\/2022\\\/03\\\/kencho-rodriguez.jpeg?fit=1016%2C677&ssl=1\",\"keywords\":[\"destacada\",\"elecciones 2023\",\"frente guasu\",\"kencho rodriguez\"],\"articleSection\":[\"Nacionales\"],\"inLanguage\":\"es\",\"potentialAction\":[{\"@type\":\"CommentAction\",\"name\":\"Comment\",\"target\":[\"https:\\\/\\\/informatepy.com\\\/2021\\\/2022\\\/08\\\/16\\\/kencho-rodriguez-anuncia-el-retiro-del-frente-guasu-de-la-concertacion\\\/#respond\"]}]},{\"@type\":\"WebPage\",\"@id\":\"https:\\\/\\\/informatepy.com\\\/2021\\\/2022\\\/08\\\/16\\\/kencho-rodriguez-anuncia-el-retiro-del-frente-guasu-de-la-concertacion\\\/\",\"url\":\"https:\\\/\\\/informatepy.com\\\/2021\\\/2022\\\/08\\\/16\\\/kencho-rodriguez-anuncia-el-retiro-del-frente-guasu-de-la-concertacion\\\/\",\"name\":\"\u201cKencho\u201d Rodr\u00edguez anuncia el retiro del Frente Guasu de la Concertaci\u00f3n - Informatepy\",\"isPartOf\":{\"@id\":\"https:\\\/\\\/informatepy.com\\\/2021\\\/#website\"},\"primaryImageOfPage\":{\"@id\":\"https:\\\/\\\/informatepy.com\\\/2021\\\/2022\\\/08\\\/16\\\/kencho-rodriguez-anuncia-el-retiro-del-frente-guasu-de-la-concertacion\\\/#primaryimage\"},\"image\":{\"@id\":\"https:\\\/\\\/informatepy.com\\\/2021\\\/2022\\\/08\\\/16\\\/kencho-rodriguez-anuncia-el-retiro-del-frente-guasu-de-la-concertacion\\\/#primaryimage\"},\"thumbnailUrl\":\"https:\\\/\\\/i0.wp.com\\\/informatepy.com\\\/2021\\\/wp-content\\\/uploads\\\/2022\\\/03\\\/kencho-rodriguez.jpeg?fit=1016%2C677&ssl=1\",\"datePublished\":\"2022-08-16T17:27:03+00:00\",\"dateModified\":\"2022-08-16T17:27:05+00:00\",\"breadcrumb\":{\"@id\":\"https:\\\/\\\/informatepy.com\\\/2021\\\/2022\\\/08\\\/16\\\/kencho-rodriguez-anuncia-el-retiro-del-frente-guasu-de-la-concertacion\\\/#breadcrumb\"},\"inLanguage\":\"es\",\"potentialAction\":[{\"@type\":\"ReadAction\",\"target\":[\"https:\\\/\\\/informatepy.com\\\/2021\\\/2022\\\/08\\\/16\\\/kencho-rodriguez-anuncia-el-retiro-del-frente-guasu-de-la-concertacion\\\/\"]}]},{\"@type\":\"ImageObject\",\"inLanguage\":\"es\",\"@id\":\"https:\\\/\\\/informatepy.com\\\/2021\\\/2022\\\/08\\\/16\\\/kencho-rodriguez-anuncia-el-retiro-del-frente-guasu-de-la-concertacion\\\/#primaryimage\",\"url\":\"https:\\\/\\\/i0.wp.com\\\/informatepy.com\\\/2021\\\/wp-content\\\/uploads\\\/2022\\\/03\\\/kencho-rodriguez.jpeg?fit=1016%2C677&ssl=1\",\"contentUrl\":\"https:\\\/\\\/i0.wp.com\\\/informatepy.com\\\/2021\\\/wp-content\\\/uploads\\\/2022\\\/03\\\/kencho-rodriguez.jpeg?fit=1016%2C677&ssl=1\",\"width\":1016,\"height\":677},{\"@type\":\"BreadcrumbList\",\"@id\":\"https:\\\/\\\/informatepy.com\\\/2021\\\/2022\\\/08\\\/16\\\/kencho-rodriguez-anuncia-el-retiro-del-frente-guasu-de-la-concertacion\\\/#breadcrumb\",\"itemListElement\":[{\"@type\":\"ListItem\",\"position\":1,\"name\":\"Portada\",\"item\":\"https:\\\/\\\/informatepy.com\\\/2021\\\/\"},{\"@type\":\"ListItem\",\"position\":2,\"name\":\"\u201cKencho\u201d Rodr\u00edguez anuncia el retiro del Frente Guasu de la Concertaci\u00f3n\"}]},{\"@type\":\"WebSite\",\"@id\":\"https:\\\/\\\/informatepy.com\\\/2021\\\/#website\",\"url\":\"https:\\\/\\\/informatepy.com\\\/2021\\\/\",\"name\":\"Informatepy\",\"description\":\"La verdad, siempre!\",\"publisher\":{\"@id\":\"https:\\\/\\\/informatepy.com\\\/2021\\\/#\\\/schema\\\/person\\\/edd302c981d6ba4596191719d1025a8a\"},\"potentialAction\":[{\"@type\":\"SearchAction\",\"target\":{\"@type\":\"EntryPoint\",\"urlTemplate\":\"https:\\\/\\\/informatepy.com\\\/2021\\\/?s={search_term_string}\"},\"query-input\":{\"@type\":\"PropertyValueSpecification\",\"valueRequired\":true,\"valueName\":\"search_term_string\"}}],\"inLanguage\":\"es\"},{\"@type\":[\"Person\",\"Organization\"],\"@id\":\"https:\\\/\\\/informatepy.com\\\/2021\\\/#\\\/schema\\\/person\\\/edd302c981d6ba4596191719d1025a8a\",\"name\":\"admin\",\"image\":{\"@type\":\"ImageObject\",\"inLanguage\":\"es\",\"@id\":\"https:\\\/\\\/secure.gravatar.com\\\/avatar\\\/5310f602b6cbcfb86e030c4ccdbb78f6565a3b9bab6a74ab80fd3cb5428b65af?s=96&d=mm&r=g\",\"url\":\"https:\\\/\\\/secure.gravatar.com\\\/avatar\\\/5310f602b6cbcfb86e030c4ccdbb78f6565a3b9bab6a74ab80fd3cb5428b65af?s=96&d=mm&r=g\",\"contentUrl\":\"https:\\\/\\\/secure.gravatar.com\\\/avatar\\\/5310f602b6cbcfb86e030c4ccdbb78f6565a3b9bab6a74ab80fd3cb5428b65af?s=96&d=mm&r=g\",\"caption\":\"admin\"},\"logo\":{\"@id\":\"https:\\\/\\\/secure.gravatar.com\\\/avatar\\\/5310f602b6cbcfb86e030c4ccdbb78f6565a3b9bab6a74ab80fd3cb5428b65af?s=96&d=mm&r=g\"},\"sameAs\":[\"http:\\\/\\\/informatepy.com\\\/2021\"]},{\"@type\":\"Person\",\"@id\":\"https:\\\/\\\/informatepy.com\\\/2021\\\/#\\\/schema\\\/person\\\/0c842f525f84ea74ef3b44370d11757b\",\"name\":\"Redacci\u00f3n\",\"image\":{\"@type\":\"ImageObject\",\"inLanguage\":\"es\",\"@id\":\"https:\\\/\\\/i0.wp.com\\\/informatepy.com\\\/2021\\\/wp-content\\\/uploads\\\/2021\\\/02\\\/informate-circulo.png?fit=96%2C96&ssl=1\",\"url\":\"https:\\\/\\\/i0.wp.com\\\/informatepy.com\\\/2021\\\/wp-content\\\/uploads\\\/2021\\\/02\\\/informate-circulo.png?fit=96%2C96&ssl=1\",\"contentUrl\":\"https:\\\/\\\/i0.wp.com\\\/informatepy.com\\\/2021\\\/wp-content\\\/uploads\\\/2021\\\/02\\\/informate-circulo.png?fit=96%2C96&ssl=1\",\"caption\":\"Redacci\u00f3n\"},\"sameAs\":[\"https:\\\/\\\/www.facebook.com\\\/InformatePyCom\",\"https:\\\/\\\/x.com\\\/https:\\\/\\\/twitter.com\\\/InformatePy1\"],\"url\":\"https:\\\/\\\/informatepy.com\\\/2021\\\/author\\\/redaccion\\\/\"}]}<\/script>\n<!-- \/ Yoast SEO plugin. -->","yoast_head_json":{"title":"\u201cKencho\u201d Rodr\u00edguez anuncia el retiro del Frente Guasu de la Concertaci\u00f3n - Informatepy","robots":{"index":"index","follow":"follow","max-snippet":"max-snippet:-1","max-image-preview":"max-image-preview:large","max-video-preview":"max-video-preview:-1"},"canonical":"https:\/\/informatepy.com\/2021\/2022\/08\/16\/kencho-rodriguez-anuncia-el-retiro-del-frente-guasu-de-la-concertacion\/","og_locale":"es_ES","og_type":"article","og_title":"\u201cKencho\u201d Rodr\u00edguez anuncia el retiro del Frente Guasu de la Concertaci\u00f3n - Informatepy","og_description":"De acuerdo a las palabras brindadas por el senador Miguel Fulgencio Rodr\u00edguez a la AM 970, son varios los movimientos del Frente Guasu que se retirar\u00e1n de la Concertaci\u00f3n y aguarda que sea todo el bloque el que tome la misma decisi\u00f3n. Rodr\u00edguez se mostr\u00f3 convencido de que el Frente Gusau dejar\u00e1 de pertenecer a [&hellip;]","og_url":"https:\/\/informatepy.com\/2021\/2022\/08\/16\/kencho-rodriguez-anuncia-el-retiro-del-frente-guasu-de-la-concertacion\/","og_site_name":"Informatepy","article_author":"https:\/\/www.facebook.com\/InformatePyCom","article_published_time":"2022-08-16T17:27:03+00:00","article_modified_time":"2022-08-16T17:27:05+00:00","og_image":[{"width":1016,"height":677,"url":"https:\/\/informatepy.com\/2021\/wp-content\/uploads\/2022\/03\/kencho-rodriguez.jpeg","type":"image\/jpeg"}],"author":"Redacci\u00f3n","twitter_card":"summary_large_image","twitter_creator":"@https:\/\/twitter.com\/InformatePy1","twitter_misc":{"Escrito por":"Redacci\u00f3n","Tiempo de lectura":"1 minuto"},"schema":{"@context":"https:\/\/schema.org","@graph":[{"@type":"Article","@id":"https:\/\/informatepy.com\/2021\/2022\/08\/16\/kencho-rodriguez-anuncia-el-retiro-del-frente-guasu-de-la-concertacion\/#article","isPartOf":{"@id":"https:\/\/informatepy.com\/2021\/2022\/08\/16\/kencho-rodriguez-anuncia-el-retiro-del-frente-guasu-de-la-concertacion\/"},"author":{"name":"Redacci\u00f3n","@id":"https:\/\/informatepy.com\/2021\/#\/schema\/person\/0c842f525f84ea74ef3b44370d11757b"},"headline":"\u201cKencho\u201d Rodr\u00edguez anuncia el retiro del Frente Guasu de la Concertaci\u00f3n","datePublished":"2022-08-16T17:27:03+00:00","dateModified":"2022-08-16T17:27:05+00:00","mainEntityOfPage":{"@id":"https:\/\/informatepy.com\/2021\/2022\/08\/16\/kencho-rodriguez-anuncia-el-retiro-del-frente-guasu-de-la-concertacion\/"},"wordCount":112,"commentCount":0,"publisher":{"@id":"https:\/\/informatepy.com\/2021\/#\/schema\/person\/edd302c981d6ba4596191719d1025a8a"},"image":{"@id":"https:\/\/informatepy.com\/2021\/2022\/08\/16\/kencho-rodriguez-anuncia-el-retiro-del-frente-guasu-de-la-concertacion\/#primaryimage"},"thumbnailUrl":"https:\/\/i0.wp.com\/informatepy.com\/2021\/wp-content\/uploads\/2022\/03\/kencho-rodriguez.jpeg?fit=1016%2C677&ssl=1","keywords":["destacada","elecciones 2023","frente guasu","kencho rodriguez"],"articleSection":["Nacionales"],"inLanguage":"es","potentialAction":[{"@type":"CommentAction","name":"Comment","target":["https:\/\/informatepy.com\/2021\/2022\/08\/16\/kencho-rodriguez-anuncia-el-retiro-del-frente-guasu-de-la-concertacion\/#respond"]}]},{"@type":"WebPage","@id":"https:\/\/informatepy.com\/2021\/2022\/08\/16\/kencho-rodriguez-anuncia-el-retiro-del-frente-guasu-de-la-concertacion\/","url":"https:\/\/informatepy.com\/2021\/2022\/08\/16\/kencho-rodriguez-anuncia-el-retiro-del-frente-guasu-de-la-concertacion\/","name":"\u201cKencho\u201d Rodr\u00edguez anuncia el retiro del Frente Guasu de la Concertaci\u00f3n - Informatepy","isPartOf":{"@id":"https:\/\/informatepy.com\/2021\/#website"},"primaryImageOfPage":{"@id":"https:\/\/informatepy.com\/2021\/2022\/08\/16\/kencho-rodriguez-anuncia-el-retiro-del-frente-guasu-de-la-concertacion\/#primaryimage"},"image":{"@id":"https:\/\/informatepy.com\/2021\/2022\/08\/16\/kencho-rodriguez-anuncia-el-retiro-del-frente-guasu-de-la-concertacion\/#primaryimage"},"thumbnailUrl":"https:\/\/i0.wp.com\/informatepy.com\/2021\/wp-content\/uploads\/2022\/03\/kencho-rodriguez.jpeg?fit=1016%2C677&ssl=1","datePublished":"2022-08-16T17:27:03+00:00","dateModified":"2022-08-16T17:27:05+00:00","breadcrumb":{"@id":"https:\/\/informatepy.com\/2021\/2022\/08\/16\/kencho-rodriguez-anuncia-el-retiro-del-frente-guasu-de-la-concertacion\/#breadcrumb"},"inLanguage":"es","potentialAction":[{"@type":"ReadAction","target":["https:\/\/informatepy.com\/2021\/2022\/08\/16\/kencho-rodriguez-anuncia-el-retiro-del-frente-guasu-de-la-concertacion\/"]}]},{"@type":"ImageObject","inLanguage":"es","@id":"https:\/\/informatepy.com\/2021\/2022\/08\/16\/kencho-rodriguez-anuncia-el-retiro-del-frente-guasu-de-la-concertacion\/#primaryimage","url":"https:\/\/i0.wp.com\/informatepy.com\/2021\/wp-content\/uploads\/2022\/03\/kencho-rodriguez.jpeg?fit=1016%2C677&ssl=1","contentUrl":"https:\/\/i0.wp.com\/informatepy.com\/2021\/wp-content\/uploads\/2022\/03\/kencho-rodriguez.jpeg?fit=1016%2C677&ssl=1","width":1016,"height":677},{"@type":"BreadcrumbList","@id":"https:\/\/informatepy.com\/2021\/2022\/08\/16\/kencho-rodriguez-anuncia-el-retiro-del-frente-guasu-de-la-concertacion\/#breadcrumb","itemListElement":[{"@type":"ListItem","position":1,"name":"Portada","item":"https:\/\/informatepy.com\/2021\/"},{"@type":"ListItem","position":2,"name":"\u201cKencho\u201d Rodr\u00edguez anuncia el retiro del Frente Guasu de la Concertaci\u00f3n"}]},{"@type":"WebSite","@id":"https:\/\/informatepy.com\/2021\/#website","url":"https:\/\/informatepy.com\/2021\/","name":"Informatepy","description":"La verdad, siempre!","publisher":{"@id":"https:\/\/informatepy.com\/2021\/#\/schema\/person\/edd302c981d6ba4596191719d1025a8a"},"potentialAction":[{"@type":"SearchAction","target":{"@type":"EntryPoint","urlTemplate":"https:\/\/informatepy.com\/2021\/?s={search_term_string}"},"query-input":{"@type":"PropertyValueSpecification","valueRequired":true,"valueName":"search_term_string"}}],"inLanguage":"es"},{"@type":["Person","Organization"],"@id":"https:\/\/informatepy.com\/2021\/#\/schema\/person\/edd302c981d6ba4596191719d1025a8a","name":"admin","image":{"@type":"ImageObject","inLanguage":"es","@id":"https:\/\/secure.gravatar.com\/avatar\/5310f602b6cbcfb86e030c4ccdbb78f6565a3b9bab6a74ab80fd3cb5428b65af?s=96&d=mm&r=g","url":"https:\/\/secure.gravatar.com\/avatar\/5310f602b6cbcfb86e030c4ccdbb78f6565a3b9bab6a74ab80fd3cb5428b65af?s=96&d=mm&r=g","contentUrl":"https:\/\/secure.gravatar.com\/avatar\/5310f602b6cbcfb86e030c4ccdbb78f6565a3b9bab6a74ab80fd3cb5428b65af?s=96&d=mm&r=g","caption":"admin"},"logo":{"@id":"https:\/\/secure.gravatar.com\/avatar\/5310f602b6cbcfb86e030c4ccdbb78f6565a3b9bab6a74ab80fd3cb5428b65af?s=96&d=mm&r=g"},"sameAs":["http:\/\/informatepy.com\/2021"]},{"@type":"Person","@id":"https:\/\/informatepy.com\/2021\/#\/schema\/person\/0c842f525f84ea74ef3b44370d11757b","name":"Redacci\u00f3n","image":{"@type":"ImageObject","inLanguage":"es","@id":"https:\/\/i0.wp.com\/informatepy.com\/2021\/wp-content\/uploads\/2021\/02\/informate-circulo.png?fit=96%2C96&ssl=1","url":"https:\/\/i0.wp.com\/informatepy.com\/2021\/wp-content\/uploads\/2021\/02\/informate-circulo.png?fit=96%2C96&ssl=1","contentUrl":"https:\/\/i0.wp.com\/informatepy.com\/2021\/wp-content\/uploads\/2021\/02\/informate-circulo.png?fit=96%2C96&ssl=1","caption":"Redacci\u00f3n"},"sameAs":["https:\/\/www.facebook.com\/InformatePyCom","https:\/\/x.com\/https:\/\/twitter.com\/InformatePy1"],"url":"https:\/\/informatepy.com\/2021\/author\/redaccion\/"}]}},"jetpack_featured_media_url":"https:\/\/i0.wp.com\/informatepy.com\/2021\/wp-content\/uploads\/2022\/03\/kencho-rodriguez.jpeg?fit=1016%2C677&ssl=1","jetpack_sharing_enabled":true,"jetpack_likes_enabled":true,"jetpack-related-posts":[{"id":10568,"url":"https:\/\/informatepy.com\/2021\/2022\/03\/12\/no-se-rian-pero-para-kencho-rodriguez-patria-querida-es-de-ultraderecha\/","url_meta":{"origin":13382,"position":0},"title":"No se r\u00edan, pero para \u00abKencho\u00bb Rodr\u00edguez, Patria Querida es de ultraderecha","date":"12 de marzo de 2022","format":false,"excerpt":"Es muy probable que alguien me diga que estas l\u00edneas debieran incluirse en la secci\u00f3n \u201cLlevando la estupidez a nuevo nivel\u201d y debo de reconocer que algo de raz\u00f3n tendr\u00eda pero a veces hay que poner l\u00edmites. El senador Miguel Fulgencio Rodr\u00edguez, si bien pertenece a una fuerza pol\u00edtica con\u2026","rel":"","context":"En \u00abNacionales\u00bb","img":{"alt_text":"","src":"https:\/\/i0.wp.com\/informatepy.com\/2021\/wp-content\/uploads\/2022\/03\/kencho-rodriguez.jpeg?fit=1016%2C677&ssl=1&resize=350%2C200","width":350,"height":200},"classes":[]},{"id":13990,"url":"https:\/\/informatepy.com\/2021\/2022\/09\/20\/filizzola-desmiente-a-kencho-el-senador-lugo-es-el-candidato-numero-1-de-la-lista-al-senado-para-el-2023\/","url_meta":{"origin":13382,"position":1},"title":"Filizzola desmiente a \u201cKencho\u201d: \u00abEl senador Lugo es el candidato n\u00famero 1 de la lista al Senado para el 2023\u00bb","date":"20 de septiembre de 2022","format":false,"excerpt":"Carlos Filizzola desminti\u00f3 a su colega, el senador Fulgencio \u201cKencho\u201d Rodr\u00edguez, quien dio como algo hecho la decisi\u00f3n de que se sacar\u00e1 a Fernando Lugo de la lista de candidato a senadores del Frente Guasu. Manifest\u00f3 que \u201ces totalmente irreal\u201d y que su candidatura es \u201cindiscutible\u201d. \u201cNo tiene ning\u00fan asidero\u2026","rel":"","context":"En \u00abNacionales\u00bb","img":{"alt_text":"","src":"https:\/\/i0.wp.com\/informatepy.com\/2021\/wp-content\/uploads\/2022\/09\/carlos-filizzola.jpg?fit=1200%2C774&ssl=1&resize=350%2C200","width":350,"height":200},"classes":[]},{"id":12452,"url":"https:\/\/informatepy.com\/2021\/2022\/06\/30\/voces-ciudadanas-se-suman-al-pedido-de-perdida-de-investidura-de-kencho-rodriguez\/","url_meta":{"origin":13382,"position":2},"title":"Voces ciudadanas se suman al pedido de p\u00e9rdida de investidura de \u00abKencho\u00bb Rodr\u00edguez","date":"30 de junio de 2022","format":false,"excerpt":"La Comjurap (Comisi\u00f3n Directiva de la Comunidad Jur\u00eddica de Alto Paran\u00e1), repudi\u00f3 en\u00e9rgicamente la actitud del senador Miguel Fulgencio \u201cKencho\u201d Rodr\u00edguez, de la bancada Frente Guasu (FG). En el mismo comunicado, instaron a los parlamentarios a emprender acciones. \u201cEl Congreso no puede apa\u00f1ar este tipo de actitudes soberbias, desprovistas de\u2026","rel":"","context":"En \u00abNacionales\u00bb","img":{"alt_text":"","src":"https:\/\/i0.wp.com\/informatepy.com\/2021\/wp-content\/uploads\/2022\/03\/kencho-rodriguez.jpeg?fit=1016%2C677&ssl=1&resize=350%2C200","width":350,"height":200},"classes":[]},{"id":10315,"url":"https:\/\/informatepy.com\/2021\/2022\/02\/25\/se-divide-la-oposicion-el-frente-guasu-y-el-p-mas-se-retiran-de-la-mesa-de-concertacion\/","url_meta":{"origin":13382,"position":3},"title":"Se divide la oposici\u00f3n: el Frente Guasu y el P-Mas se retiran de la mesa de concertaci\u00f3n","date":"25 de febrero de 2022","format":false,"excerpt":"A trav\u00e9s de una nota, los partidos Frente Guasu y P-Mas informaron que se retiraban de la Mesa de Presidentes de Partidos de la Oposici\u00f3n, que est\u00e1 intentando articular una concertaci\u00f3n que le permita llegar con un solo candidato a las elecciones del 2023. Aunque los dos partidos dicen que\u2026","rel":"","context":"En \u00abNacionales\u00bb","img":{"alt_text":"","src":"https:\/\/i0.wp.com\/informatepy.com\/2021\/wp-content\/uploads\/2021\/12\/fernando-lugo.jpg?fit=656%2C370&ssl=1&resize=350%2C200","width":350,"height":200},"classes":[]},{"id":13518,"url":"https:\/\/informatepy.com\/2021\/2022\/08\/22\/sixto-pereira-lamenta-que-la-concertacion-se-haya-hecho-a-imagen-y-semejanza-de-efrain-alegre\/","url_meta":{"origin":13382,"position":4},"title":"Sixto Pereira lamenta que la concertaci\u00f3n se haya hecho \u201ca imagen y semejanza de Efra\u00edn Alegre\u201d","date":"22 de agosto de 2022","format":false,"excerpt":"El senador Sixto Pereira se\u00f1al\u00f3 que la Concertaci\u00f3n Nacional se hizo \u201ca imagen y semejanza\" del presidente del Partido Liberal Radical Aut\u00e9ntico (PLRA), Efra\u00edn Alegre, y ante esta situaci\u00f3n varios partidos del Frente Guasu se retiraron del bloque. \u201cEsta concertaci\u00f3n se hizo a imagen y semejanza solamente de Efra\u00edn Alegre.\u2026","rel":"","context":"En \u00abNacionales\u00bb","img":{"alt_text":"","src":"https:\/\/i0.wp.com\/informatepy.com\/2021\/wp-content\/uploads\/2022\/08\/pereira-sixto.jpg?fit=1200%2C766&ssl=1&resize=350%2C200","width":350,"height":200},"classes":[]},{"id":13520,"url":"https:\/\/informatepy.com\/2021\/2022\/08\/22\/efrain-busca-frenar-la-fuga-de-partidos-del-frente-guasu\/","url_meta":{"origin":13382,"position":5},"title":"Efra\u00edn logra frenar la fuga de las fuerzas del Frente Guasu","date":"22 de agosto de 2022","format":false,"excerpt":"Con una nota enviada al Frente Guas\u00fa, el precandidato presidencial por la Concertaci\u00f3n, Efra\u00edn Alegre, logr\u00f3 frenar la fuga de las fuerzas pol\u00edticas que integran ese frente y evitar que las mismas alcancen un acuerdo pol\u00edtico con Euclides Acevedo. Atendiendo a la principal cr\u00edtica de quienes ya hab\u00edan abandonado la\u2026","rel":"","context":"En \u00abNacionales\u00bb","img":{"alt_text":"","src":"https:\/\/i0.wp.com\/informatepy.com\/2021\/wp-content\/uploads\/2022\/08\/efrain-alegre.jpg?fit=1200%2C600&ssl=1&resize=350%2C200","width":350,"height":200},"classes":[]}],"authors":[{"term_id":1051,"user_id":4,"is_guest":0,"slug":"redaccion","display_name":"Redacci\u00f3n","avatar_url":"https:\/\/i0.wp.com\/informatepy.com\/2021\/wp-content\/uploads\/2021\/02\/informate-circulo.png?fit=96%2C96&ssl=1","first_name":"Redacci\u00f3n","last_name":"","user_url":"","description":""}],"amp_enabled":true,"_links":{"self":[{"href":"https:\/\/informatepy.com\/2021\/wp-json\/wp\/v2\/posts\/13382","targetHints":{"allow":["GET"]}}],"collection":[{"href":"https:\/\/informatepy.com\/2021\/wp-json\/wp\/v2\/posts"}],"about":[{"href":"https:\/\/informatepy.com\/2021\/wp-json\/wp\/v2\/types\/post"}],"author":[{"embeddable":true,"href":"https:\/\/informatepy.com\/2021\/wp-json\/wp\/v2\/users\/4"}],"replies":[{"embeddable":true,"href":"https:\/\/informatepy.com\/2021\/wp-json\/wp\/v2\/comments?post=13382"}],"version-history":[{"count":1,"href":"https:\/\/informatepy.com\/2021\/wp-json\/wp\/v2\/posts\/13382\/revisions"}],"predecessor-version":[{"id":13383,"href":"https:\/\/informatepy.com\/2021\/wp-json\/wp\/v2\/posts\/13382\/revisions\/13383"}],"wp:featuredmedia":[{"embeddable":true,"href":"https:\/\/informatepy.com\/2021\/wp-json\/wp\/v2\/media\/10569"}],"wp:attachment":[{"href":"https:\/\/informatepy.com\/2021\/wp-json\/wp\/v2\/media?parent=13382"}],"wp:term":[{"taxonomy":"category","embeddable":true,"href":"https:\/\/informatepy.com\/2021\/wp-json\/wp\/v2\/categories?post=13382"},{"taxonomy":"post_tag","embeddable":true,"href":"https:\/\/informatepy.com\/2021\/wp-json\/wp\/v2\/tags?post=13382"},{"taxonomy":"author","embeddable":true,"href":"https:\/\/informatepy.com\/2021\/wp-json\/wp\/v2\/ppma_author?post=13382"}],"curies":[{"name":"wp","href":"https:\/\/api.w.org\/{rel}","templated":true}]}}