{"id":13380,"date":"2022-08-16T10:52:59","date_gmt":"2022-08-16T13:52:59","guid":{"rendered":"https:\/\/informatepy.com\/2021\/?p=13380"},"modified":"2022-08-16T10:53:01","modified_gmt":"2022-08-16T13:53:01","slug":"imputan-a-giuzzo-por-cohecho-pasivo-agravado","status":"publish","type":"post","link":"https:\/\/informatepy.com\/2021\/2022\/08\/16\/imputan-a-giuzzo-por-cohecho-pasivo-agravado\/","title":{"rendered":"Imputan a Giuzzo por cohecho pasivo agravado"},"content":{"rendered":"\n<p class=\"has-text-align-justify\">Los fiscales <strong>Osmar Legal<\/strong> y <strong>Alicia Sapriza<\/strong> imputaron al exministro del Interior, Arnaldo Giuzzio, por cohecho pasivo agravado. De acuerdo al Ministerio P\u00fablico, <strong>Giuzzio habr\u00eda recibido coima<\/strong> del narcotraficante detenido en Brasil <strong>Marcus Vinicius Espindola Marqu\u00e9s de Padua<\/strong>.<\/p>\n\n\n\n<p class=\"has-text-align-justify\">La imputaci\u00f3n refiere que los contactos entre <strong>Giuzzio <\/strong>y <strong>Marcus Vinicius<\/strong> comenzaron en julio del 2021 y en agosto del mismo a\u00f1o se produjeron conversaciones v\u00eda WhatsApp. En octubre del 2021 se constatan conversaciones en donde Marqu\u00e9s de Padua a trav\u00e9s de mensajes del WhatsApp env\u00eda a Giuzzio una copia de un link con captura de pantalla de una noticia period\u00edstica sobre el caso lavajato.<\/p>\n\n\n\n<p class=\"has-text-align-justify\">Luego, en noviembre 2021 Vinicius se comunic\u00f3 nuevamente con el entonces ministro del Interior para indicarle que se encontraba en Asunci\u00f3n y que ya contaba con las pruebas de bal\u00edstica de los materiales para los chalecos.<\/p>\n\n\n\n<p class=\"has-text-align-justify\">El Ministerio P\u00fablico tambi\u00e9n hace referencia a <strong>conversaciones <\/strong>de <strong>Marqu\u00e9s de Padua<\/strong> con el entonces <strong>viceministro de Seguridad, Pablo Ren\u00e9 R\u00edos<\/strong>, quien le consulta al supuesto narco si lograr\u00edan realizar inversiones en Paraguay y la opini\u00f3n de los empresarios.<\/p>\n\n\n\n<h6 class=\"wp-block-heading\" style=\"font-style:normal;font-weight:300\">Con informaci\u00f3n de El Observador Judicial<\/h6>\n","protected":false},"excerpt":{"rendered":"<p>Los fiscales Osmar Legal y Alicia Sapriza imputaron al exministro del Interior, Arnaldo Giuzzio, por cohecho pasivo agravado. De acuerdo al Ministerio P\u00fablico, Giuzzio habr\u00eda recibido coima del narcotraficante detenido en Brasil Marcus Vinicius Espindola Marqu\u00e9s de Padua. La imputaci\u00f3n refiere que los contactos entre Giuzzio y Marcus Vinicius comenzaron en julio del 2021 y [&hellip;]<\/p>\n","protected":false},"author":4,"featured_media":4099,"comment_status":"open","ping_status":"open","sticky":false,"template":"","format":"standard","meta":{"_monsterinsights_skip_tracking":false,"_monsterinsights_sitenote_active":false,"_monsterinsights_sitenote_note":"","_monsterinsights_sitenote_category":0,"footnotes":"","jetpack_publicize_message":"","jetpack_is_tweetstorm":false,"jetpack_publicize_feature_enabled":true},"categories":[177],"tags":[824,1036,1821,645,180],"ppma_author":[1051],"class_list":["post-13380","post","type-post","status-publish","format-standard","has-post-thumbnail","hentry","category-nacionales","tag-arnaldo-giuzzo","tag-destacada","tag-giuzzo","tag-ministerio-del-interior","tag-narcotrafico"],"jetpack_publicize_connections":[],"yoast_head":"<!-- This site is optimized with the Yoast SEO plugin v27.4 - https:\/\/yoast.com\/product\/yoast-seo-wordpress\/ -->\n<title>Imputan a Giuzzo por cohecho pasivo agravado - Informatepy<\/title>\n<meta name=\"robots\" content=\"index, follow, max-snippet:-1, max-image-preview:large, max-video-preview:-1\" \/>\n<link rel=\"canonical\" href=\"https:\/\/informatepy.com\/2021\/2022\/08\/16\/imputan-a-giuzzo-por-cohecho-pasivo-agravado\/\" \/>\n<meta property=\"og:locale\" content=\"es_ES\" \/>\n<meta property=\"og:type\" content=\"article\" \/>\n<meta property=\"og:title\" content=\"Imputan a Giuzzo por cohecho pasivo agravado - Informatepy\" \/>\n<meta property=\"og:description\" content=\"Los fiscales Osmar Legal y Alicia Sapriza imputaron al exministro del Interior, Arnaldo Giuzzio, por cohecho pasivo agravado. De acuerdo al Ministerio P\u00fablico, Giuzzio habr\u00eda recibido coima del narcotraficante detenido en Brasil Marcus Vinicius Espindola Marqu\u00e9s de Padua. La imputaci\u00f3n refiere que los contactos entre Giuzzio y Marcus Vinicius comenzaron en julio del 2021 y [&hellip;]\" \/>\n<meta property=\"og:url\" content=\"https:\/\/informatepy.com\/2021\/2022\/08\/16\/imputan-a-giuzzo-por-cohecho-pasivo-agravado\/\" \/>\n<meta property=\"og:site_name\" content=\"Informatepy\" \/>\n<meta property=\"article:author\" content=\"https:\/\/www.facebook.com\/InformatePyCom\" \/>\n<meta property=\"article:published_time\" content=\"2022-08-16T13:52:59+00:00\" \/>\n<meta property=\"article:modified_time\" content=\"2022-08-16T13:53:01+00:00\" \/>\n<meta property=\"og:image\" content=\"https:\/\/informatepy.com\/2021\/wp-content\/uploads\/2021\/03\/Arnaldo-Giuzzio.jpg\" \/>\n\t<meta property=\"og:image:width\" content=\"1276\" \/>\n\t<meta property=\"og:image:height\" content=\"806\" \/>\n\t<meta property=\"og:image:type\" content=\"image\/jpeg\" \/>\n<meta name=\"author\" content=\"Redacci\u00f3n\" \/>\n<meta name=\"twitter:card\" content=\"summary_large_image\" \/>\n<meta name=\"twitter:creator\" content=\"@https:\/\/twitter.com\/InformatePy1\" \/>\n<meta name=\"twitter:label1\" content=\"Escrito por\" \/>\n\t<meta name=\"twitter:data1\" content=\"Redacci\u00f3n\" \/>\n\t<meta name=\"twitter:label2\" content=\"Tiempo de lectura\" \/>\n\t<meta name=\"twitter:data2\" content=\"1 minuto\" \/>\n<script type=\"application\/ld+json\" class=\"yoast-schema-graph\">{\"@context\":\"https:\\\/\\\/schema.org\",\"@graph\":[{\"@type\":\"Article\",\"@id\":\"https:\\\/\\\/informatepy.com\\\/2021\\\/2022\\\/08\\\/16\\\/imputan-a-giuzzo-por-cohecho-pasivo-agravado\\\/#article\",\"isPartOf\":{\"@id\":\"https:\\\/\\\/informatepy.com\\\/2021\\\/2022\\\/08\\\/16\\\/imputan-a-giuzzo-por-cohecho-pasivo-agravado\\\/\"},\"author\":{\"name\":\"Redacci\u00f3n\",\"@id\":\"https:\\\/\\\/informatepy.com\\\/2021\\\/#\\\/schema\\\/person\\\/0c842f525f84ea74ef3b44370d11757b\"},\"headline\":\"Imputan a Giuzzo por cohecho pasivo agravado\",\"datePublished\":\"2022-08-16T13:52:59+00:00\",\"dateModified\":\"2022-08-16T13:53:01+00:00\",\"mainEntityOfPage\":{\"@id\":\"https:\\\/\\\/informatepy.com\\\/2021\\\/2022\\\/08\\\/16\\\/imputan-a-giuzzo-por-cohecho-pasivo-agravado\\\/\"},\"wordCount\":207,\"commentCount\":1,\"publisher\":{\"@id\":\"https:\\\/\\\/informatepy.com\\\/2021\\\/#\\\/schema\\\/person\\\/edd302c981d6ba4596191719d1025a8a\"},\"image\":{\"@id\":\"https:\\\/\\\/informatepy.com\\\/2021\\\/2022\\\/08\\\/16\\\/imputan-a-giuzzo-por-cohecho-pasivo-agravado\\\/#primaryimage\"},\"thumbnailUrl\":\"https:\\\/\\\/i0.wp.com\\\/informatepy.com\\\/2021\\\/wp-content\\\/uploads\\\/2021\\\/03\\\/Arnaldo-Giuzzio.jpg?fit=1276%2C806&ssl=1\",\"keywords\":[\"arnaldo giuzzo\",\"destacada\",\"giuzzo\",\"ministerio del interior\",\"narcotrafico\"],\"articleSection\":[\"Nacionales\"],\"inLanguage\":\"es\",\"potentialAction\":[{\"@type\":\"CommentAction\",\"name\":\"Comment\",\"target\":[\"https:\\\/\\\/informatepy.com\\\/2021\\\/2022\\\/08\\\/16\\\/imputan-a-giuzzo-por-cohecho-pasivo-agravado\\\/#respond\"]}]},{\"@type\":\"WebPage\",\"@id\":\"https:\\\/\\\/informatepy.com\\\/2021\\\/2022\\\/08\\\/16\\\/imputan-a-giuzzo-por-cohecho-pasivo-agravado\\\/\",\"url\":\"https:\\\/\\\/informatepy.com\\\/2021\\\/2022\\\/08\\\/16\\\/imputan-a-giuzzo-por-cohecho-pasivo-agravado\\\/\",\"name\":\"Imputan a Giuzzo por cohecho pasivo agravado - Informatepy\",\"isPartOf\":{\"@id\":\"https:\\\/\\\/informatepy.com\\\/2021\\\/#website\"},\"primaryImageOfPage\":{\"@id\":\"https:\\\/\\\/informatepy.com\\\/2021\\\/2022\\\/08\\\/16\\\/imputan-a-giuzzo-por-cohecho-pasivo-agravado\\\/#primaryimage\"},\"image\":{\"@id\":\"https:\\\/\\\/informatepy.com\\\/2021\\\/2022\\\/08\\\/16\\\/imputan-a-giuzzo-por-cohecho-pasivo-agravado\\\/#primaryimage\"},\"thumbnailUrl\":\"https:\\\/\\\/i0.wp.com\\\/informatepy.com\\\/2021\\\/wp-content\\\/uploads\\\/2021\\\/03\\\/Arnaldo-Giuzzio.jpg?fit=1276%2C806&ssl=1\",\"datePublished\":\"2022-08-16T13:52:59+00:00\",\"dateModified\":\"2022-08-16T13:53:01+00:00\",\"breadcrumb\":{\"@id\":\"https:\\\/\\\/informatepy.com\\\/2021\\\/2022\\\/08\\\/16\\\/imputan-a-giuzzo-por-cohecho-pasivo-agravado\\\/#breadcrumb\"},\"inLanguage\":\"es\",\"potentialAction\":[{\"@type\":\"ReadAction\",\"target\":[\"https:\\\/\\\/informatepy.com\\\/2021\\\/2022\\\/08\\\/16\\\/imputan-a-giuzzo-por-cohecho-pasivo-agravado\\\/\"]}]},{\"@type\":\"ImageObject\",\"inLanguage\":\"es\",\"@id\":\"https:\\\/\\\/informatepy.com\\\/2021\\\/2022\\\/08\\\/16\\\/imputan-a-giuzzo-por-cohecho-pasivo-agravado\\\/#primaryimage\",\"url\":\"https:\\\/\\\/i0.wp.com\\\/informatepy.com\\\/2021\\\/wp-content\\\/uploads\\\/2021\\\/03\\\/Arnaldo-Giuzzio.jpg?fit=1276%2C806&ssl=1\",\"contentUrl\":\"https:\\\/\\\/i0.wp.com\\\/informatepy.com\\\/2021\\\/wp-content\\\/uploads\\\/2021\\\/03\\\/Arnaldo-Giuzzio.jpg?fit=1276%2C806&ssl=1\",\"width\":1276,\"height\":806},{\"@type\":\"BreadcrumbList\",\"@id\":\"https:\\\/\\\/informatepy.com\\\/2021\\\/2022\\\/08\\\/16\\\/imputan-a-giuzzo-por-cohecho-pasivo-agravado\\\/#breadcrumb\",\"itemListElement\":[{\"@type\":\"ListItem\",\"position\":1,\"name\":\"Portada\",\"item\":\"https:\\\/\\\/informatepy.com\\\/2021\\\/\"},{\"@type\":\"ListItem\",\"position\":2,\"name\":\"Imputan a Giuzzo por cohecho pasivo agravado\"}]},{\"@type\":\"WebSite\",\"@id\":\"https:\\\/\\\/informatepy.com\\\/2021\\\/#website\",\"url\":\"https:\\\/\\\/informatepy.com\\\/2021\\\/\",\"name\":\"Informatepy\",\"description\":\"La verdad, siempre!\",\"publisher\":{\"@id\":\"https:\\\/\\\/informatepy.com\\\/2021\\\/#\\\/schema\\\/person\\\/edd302c981d6ba4596191719d1025a8a\"},\"potentialAction\":[{\"@type\":\"SearchAction\",\"target\":{\"@type\":\"EntryPoint\",\"urlTemplate\":\"https:\\\/\\\/informatepy.com\\\/2021\\\/?s={search_term_string}\"},\"query-input\":{\"@type\":\"PropertyValueSpecification\",\"valueRequired\":true,\"valueName\":\"search_term_string\"}}],\"inLanguage\":\"es\"},{\"@type\":[\"Person\",\"Organization\"],\"@id\":\"https:\\\/\\\/informatepy.com\\\/2021\\\/#\\\/schema\\\/person\\\/edd302c981d6ba4596191719d1025a8a\",\"name\":\"admin\",\"image\":{\"@type\":\"ImageObject\",\"inLanguage\":\"es\",\"@id\":\"https:\\\/\\\/secure.gravatar.com\\\/avatar\\\/5310f602b6cbcfb86e030c4ccdbb78f6565a3b9bab6a74ab80fd3cb5428b65af?s=96&d=mm&r=g\",\"url\":\"https:\\\/\\\/secure.gravatar.com\\\/avatar\\\/5310f602b6cbcfb86e030c4ccdbb78f6565a3b9bab6a74ab80fd3cb5428b65af?s=96&d=mm&r=g\",\"contentUrl\":\"https:\\\/\\\/secure.gravatar.com\\\/avatar\\\/5310f602b6cbcfb86e030c4ccdbb78f6565a3b9bab6a74ab80fd3cb5428b65af?s=96&d=mm&r=g\",\"caption\":\"admin\"},\"logo\":{\"@id\":\"https:\\\/\\\/secure.gravatar.com\\\/avatar\\\/5310f602b6cbcfb86e030c4ccdbb78f6565a3b9bab6a74ab80fd3cb5428b65af?s=96&d=mm&r=g\"},\"sameAs\":[\"http:\\\/\\\/informatepy.com\\\/2021\"]},{\"@type\":\"Person\",\"@id\":\"https:\\\/\\\/informatepy.com\\\/2021\\\/#\\\/schema\\\/person\\\/0c842f525f84ea74ef3b44370d11757b\",\"name\":\"Redacci\u00f3n\",\"image\":{\"@type\":\"ImageObject\",\"inLanguage\":\"es\",\"@id\":\"https:\\\/\\\/i0.wp.com\\\/informatepy.com\\\/2021\\\/wp-content\\\/uploads\\\/2021\\\/02\\\/informate-circulo.png?fit=96%2C96&ssl=1\",\"url\":\"https:\\\/\\\/i0.wp.com\\\/informatepy.com\\\/2021\\\/wp-content\\\/uploads\\\/2021\\\/02\\\/informate-circulo.png?fit=96%2C96&ssl=1\",\"contentUrl\":\"https:\\\/\\\/i0.wp.com\\\/informatepy.com\\\/2021\\\/wp-content\\\/uploads\\\/2021\\\/02\\\/informate-circulo.png?fit=96%2C96&ssl=1\",\"caption\":\"Redacci\u00f3n\"},\"sameAs\":[\"https:\\\/\\\/www.facebook.com\\\/InformatePyCom\",\"https:\\\/\\\/x.com\\\/https:\\\/\\\/twitter.com\\\/InformatePy1\"],\"url\":\"https:\\\/\\\/informatepy.com\\\/2021\\\/author\\\/redaccion\\\/\"}]}<\/script>\n<!-- \/ Yoast SEO plugin. -->","yoast_head_json":{"title":"Imputan a Giuzzo por cohecho pasivo agravado - Informatepy","robots":{"index":"index","follow":"follow","max-snippet":"max-snippet:-1","max-image-preview":"max-image-preview:large","max-video-preview":"max-video-preview:-1"},"canonical":"https:\/\/informatepy.com\/2021\/2022\/08\/16\/imputan-a-giuzzo-por-cohecho-pasivo-agravado\/","og_locale":"es_ES","og_type":"article","og_title":"Imputan a Giuzzo por cohecho pasivo agravado - Informatepy","og_description":"Los fiscales Osmar Legal y Alicia Sapriza imputaron al exministro del Interior, Arnaldo Giuzzio, por cohecho pasivo agravado. De acuerdo al Ministerio P\u00fablico, Giuzzio habr\u00eda recibido coima del narcotraficante detenido en Brasil Marcus Vinicius Espindola Marqu\u00e9s de Padua. La imputaci\u00f3n refiere que los contactos entre Giuzzio y Marcus Vinicius comenzaron en julio del 2021 y [&hellip;]","og_url":"https:\/\/informatepy.com\/2021\/2022\/08\/16\/imputan-a-giuzzo-por-cohecho-pasivo-agravado\/","og_site_name":"Informatepy","article_author":"https:\/\/www.facebook.com\/InformatePyCom","article_published_time":"2022-08-16T13:52:59+00:00","article_modified_time":"2022-08-16T13:53:01+00:00","og_image":[{"width":1276,"height":806,"url":"https:\/\/informatepy.com\/2021\/wp-content\/uploads\/2021\/03\/Arnaldo-Giuzzio.jpg","type":"image\/jpeg"}],"author":"Redacci\u00f3n","twitter_card":"summary_large_image","twitter_creator":"@https:\/\/twitter.com\/InformatePy1","twitter_misc":{"Escrito por":"Redacci\u00f3n","Tiempo de lectura":"1 minuto"},"schema":{"@context":"https:\/\/schema.org","@graph":[{"@type":"Article","@id":"https:\/\/informatepy.com\/2021\/2022\/08\/16\/imputan-a-giuzzo-por-cohecho-pasivo-agravado\/#article","isPartOf":{"@id":"https:\/\/informatepy.com\/2021\/2022\/08\/16\/imputan-a-giuzzo-por-cohecho-pasivo-agravado\/"},"author":{"name":"Redacci\u00f3n","@id":"https:\/\/informatepy.com\/2021\/#\/schema\/person\/0c842f525f84ea74ef3b44370d11757b"},"headline":"Imputan a Giuzzo por cohecho pasivo agravado","datePublished":"2022-08-16T13:52:59+00:00","dateModified":"2022-08-16T13:53:01+00:00","mainEntityOfPage":{"@id":"https:\/\/informatepy.com\/2021\/2022\/08\/16\/imputan-a-giuzzo-por-cohecho-pasivo-agravado\/"},"wordCount":207,"commentCount":1,"publisher":{"@id":"https:\/\/informatepy.com\/2021\/#\/schema\/person\/edd302c981d6ba4596191719d1025a8a"},"image":{"@id":"https:\/\/informatepy.com\/2021\/2022\/08\/16\/imputan-a-giuzzo-por-cohecho-pasivo-agravado\/#primaryimage"},"thumbnailUrl":"https:\/\/i0.wp.com\/informatepy.com\/2021\/wp-content\/uploads\/2021\/03\/Arnaldo-Giuzzio.jpg?fit=1276%2C806&ssl=1","keywords":["arnaldo giuzzo","destacada","giuzzo","ministerio del interior","narcotrafico"],"articleSection":["Nacionales"],"inLanguage":"es","potentialAction":[{"@type":"CommentAction","name":"Comment","target":["https:\/\/informatepy.com\/2021\/2022\/08\/16\/imputan-a-giuzzo-por-cohecho-pasivo-agravado\/#respond"]}]},{"@type":"WebPage","@id":"https:\/\/informatepy.com\/2021\/2022\/08\/16\/imputan-a-giuzzo-por-cohecho-pasivo-agravado\/","url":"https:\/\/informatepy.com\/2021\/2022\/08\/16\/imputan-a-giuzzo-por-cohecho-pasivo-agravado\/","name":"Imputan a Giuzzo por cohecho pasivo agravado - Informatepy","isPartOf":{"@id":"https:\/\/informatepy.com\/2021\/#website"},"primaryImageOfPage":{"@id":"https:\/\/informatepy.com\/2021\/2022\/08\/16\/imputan-a-giuzzo-por-cohecho-pasivo-agravado\/#primaryimage"},"image":{"@id":"https:\/\/informatepy.com\/2021\/2022\/08\/16\/imputan-a-giuzzo-por-cohecho-pasivo-agravado\/#primaryimage"},"thumbnailUrl":"https:\/\/i0.wp.com\/informatepy.com\/2021\/wp-content\/uploads\/2021\/03\/Arnaldo-Giuzzio.jpg?fit=1276%2C806&ssl=1","datePublished":"2022-08-16T13:52:59+00:00","dateModified":"2022-08-16T13:53:01+00:00","breadcrumb":{"@id":"https:\/\/informatepy.com\/2021\/2022\/08\/16\/imputan-a-giuzzo-por-cohecho-pasivo-agravado\/#breadcrumb"},"inLanguage":"es","potentialAction":[{"@type":"ReadAction","target":["https:\/\/informatepy.com\/2021\/2022\/08\/16\/imputan-a-giuzzo-por-cohecho-pasivo-agravado\/"]}]},{"@type":"ImageObject","inLanguage":"es","@id":"https:\/\/informatepy.com\/2021\/2022\/08\/16\/imputan-a-giuzzo-por-cohecho-pasivo-agravado\/#primaryimage","url":"https:\/\/i0.wp.com\/informatepy.com\/2021\/wp-content\/uploads\/2021\/03\/Arnaldo-Giuzzio.jpg?fit=1276%2C806&ssl=1","contentUrl":"https:\/\/i0.wp.com\/informatepy.com\/2021\/wp-content\/uploads\/2021\/03\/Arnaldo-Giuzzio.jpg?fit=1276%2C806&ssl=1","width":1276,"height":806},{"@type":"BreadcrumbList","@id":"https:\/\/informatepy.com\/2021\/2022\/08\/16\/imputan-a-giuzzo-por-cohecho-pasivo-agravado\/#breadcrumb","itemListElement":[{"@type":"ListItem","position":1,"name":"Portada","item":"https:\/\/informatepy.com\/2021\/"},{"@type":"ListItem","position":2,"name":"Imputan a Giuzzo por cohecho pasivo agravado"}]},{"@type":"WebSite","@id":"https:\/\/informatepy.com\/2021\/#website","url":"https:\/\/informatepy.com\/2021\/","name":"Informatepy","description":"La verdad, siempre!","publisher":{"@id":"https:\/\/informatepy.com\/2021\/#\/schema\/person\/edd302c981d6ba4596191719d1025a8a"},"potentialAction":[{"@type":"SearchAction","target":{"@type":"EntryPoint","urlTemplate":"https:\/\/informatepy.com\/2021\/?s={search_term_string}"},"query-input":{"@type":"PropertyValueSpecification","valueRequired":true,"valueName":"search_term_string"}}],"inLanguage":"es"},{"@type":["Person","Organization"],"@id":"https:\/\/informatepy.com\/2021\/#\/schema\/person\/edd302c981d6ba4596191719d1025a8a","name":"admin","image":{"@type":"ImageObject","inLanguage":"es","@id":"https:\/\/secure.gravatar.com\/avatar\/5310f602b6cbcfb86e030c4ccdbb78f6565a3b9bab6a74ab80fd3cb5428b65af?s=96&d=mm&r=g","url":"https:\/\/secure.gravatar.com\/avatar\/5310f602b6cbcfb86e030c4ccdbb78f6565a3b9bab6a74ab80fd3cb5428b65af?s=96&d=mm&r=g","contentUrl":"https:\/\/secure.gravatar.com\/avatar\/5310f602b6cbcfb86e030c4ccdbb78f6565a3b9bab6a74ab80fd3cb5428b65af?s=96&d=mm&r=g","caption":"admin"},"logo":{"@id":"https:\/\/secure.gravatar.com\/avatar\/5310f602b6cbcfb86e030c4ccdbb78f6565a3b9bab6a74ab80fd3cb5428b65af?s=96&d=mm&r=g"},"sameAs":["http:\/\/informatepy.com\/2021"]},{"@type":"Person","@id":"https:\/\/informatepy.com\/2021\/#\/schema\/person\/0c842f525f84ea74ef3b44370d11757b","name":"Redacci\u00f3n","image":{"@type":"ImageObject","inLanguage":"es","@id":"https:\/\/i0.wp.com\/informatepy.com\/2021\/wp-content\/uploads\/2021\/02\/informate-circulo.png?fit=96%2C96&ssl=1","url":"https:\/\/i0.wp.com\/informatepy.com\/2021\/wp-content\/uploads\/2021\/02\/informate-circulo.png?fit=96%2C96&ssl=1","contentUrl":"https:\/\/i0.wp.com\/informatepy.com\/2021\/wp-content\/uploads\/2021\/02\/informate-circulo.png?fit=96%2C96&ssl=1","caption":"Redacci\u00f3n"},"sameAs":["https:\/\/www.facebook.com\/InformatePyCom","https:\/\/x.com\/https:\/\/twitter.com\/InformatePy1"],"url":"https:\/\/informatepy.com\/2021\/author\/redaccion\/"}]}},"jetpack_featured_media_url":"https:\/\/i0.wp.com\/informatepy.com\/2021\/wp-content\/uploads\/2021\/03\/Arnaldo-Giuzzio.jpg?fit=1276%2C806&ssl=1","jetpack_sharing_enabled":true,"jetpack_likes_enabled":true,"jetpack-related-posts":[{"id":13192,"url":"https:\/\/informatepy.com\/2021\/2022\/08\/08\/arnaldo-giuzzo-declara-manana-ante-la-bicameral-por-presuntos-vinculos-con-el-narcotrafico\/","url_meta":{"origin":13380,"position":0},"title":"Arnaldo Giuzzo declara ma\u00f1ana ante la bicameral por presuntos v\u00ednculos con el narcotr\u00e1fico","date":"8 de agosto de 2022","format":false,"excerpt":"Arnald Giuzzo, exministro del Interior, deber\u00e1 presentarse este martes ante la Comisi\u00f3n Bicameral de Investigaci\u00f3n para explicar sobre sus presuntos v\u00ednculos con el narco brasile\u00f1o Marcus Vinicius Esp\u00edndola Marqu\u00e9s de Padua. La realizaci\u00f3n de la audiencia fue confirmada por Jorge Querey, titular del \u00f3rgano legislativo.\u00a0 Marqu\u00e9s de Padua fue detenido\u2026","rel":"","context":"En \u00abNacionales\u00bb","img":{"alt_text":"","src":"https:\/\/i0.wp.com\/informatepy.com\/2021\/wp-content\/uploads\/2021\/03\/Arnaldo-Giuzzio.jpg?fit=1200%2C758&ssl=1&resize=350%2C200","width":350,"height":200},"classes":[]},{"id":13544,"url":"https:\/\/informatepy.com\/2021\/2022\/08\/23\/rechazan-la-recusacion-de-giuzzo-contra-los-fiscales-que-lo-investigan\/","url_meta":{"origin":13380,"position":1},"title":"Rechazan la recusaci\u00f3n de Giuzzo contra los fiscales que lo investigan","date":"23 de agosto de 2022","format":false,"excerpt":"La fiscal general del Estado, Sandra Qui\u00f1\u00f3nez, rechaz\u00f3 la recusaci\u00f3n planteada por el ex ministro del Interior, Arnaldo Giuzzio, en la causa que se le sigue. La Fiscal\u00eda General confirm\u00f3 en la causa a los fiscales\u00a0 Osmar Legal y Alicia Sapriza, quienes formularon el acta de imputaci\u00f3n por cohecho pasivo\u2026","rel":"","context":"En \u00abNacionales\u00bb","img":{"alt_text":"","src":"https:\/\/i0.wp.com\/informatepy.com\/2021\/wp-content\/uploads\/2021\/03\/Arnaldo-Giuzzio.jpg?fit=1200%2C758&ssl=1&resize=350%2C200","width":350,"height":200},"classes":[]},{"id":10265,"url":"https:\/\/informatepy.com\/2021\/2022\/02\/22\/desiree-masi-indignada-con-su-ex-socio-arnaldo-giuzzo\/","url_meta":{"origin":13380,"position":2},"title":"Desir\u00e9e Masi indignada con su ex socio Arnaldo Giuzzo","date":"22 de febrero de 2022","format":false,"excerpt":"La senadora Desir\u00e9e Masi (PDP) lament\u00f3 que \u201cla gente como ve Netflix mira lo que pasa en Paraguay\u201d refiri\u00e9ndose al esc\u00e1ndalo por las conexiones del exministro del Interior, Arnaldo Giuzzio con el presunto narco Marcus Vinicius Espindola Marques de Padua. \u201cAc\u00e1 el sector p\u00fablico, privado y lo m\u00e1s importante, organismos\u2026","rel":"","context":"En \u00abNacionales\u00bb","img":{"alt_text":"","src":"https:\/\/i0.wp.com\/informatepy.com\/2021\/wp-content\/uploads\/2022\/02\/desiree-masi-arnaldo-giuzzo.jpg?fit=1200%2C675&ssl=1&resize=350%2C200","width":350,"height":200},"classes":[]},{"id":10254,"url":"https:\/\/informatepy.com\/2021\/2022\/02\/22\/giuzzio-admite-trato-con-narcotraficante-brasileno\/","url_meta":{"origin":13380,"position":3},"title":"Giuzzio admite trato con narcotraficante brasile\u00f1o","date":"22 de febrero de 2022","format":false,"excerpt":"El ministro del Interior, Arnaldo Giuzzio, admiti\u00f3 que utiliz\u00f3 la lujosa camioneta del presunto narco brasile\u00f1o, Marcus Vinicius Esp\u00edndola Marques de Padua, detenido la semana pasada en Foz de Yguaz\u00fa, para vacacionar en Brasil. Asimismo, confirm\u00f3 que estuvo en tratativas con \u00e9l porque el supuesto criminal ofreci\u00f3 elementos de protecci\u00f3n\u2026","rel":"","context":"En \u00abNacionales\u00bb","img":{"alt_text":"","src":"https:\/\/i0.wp.com\/informatepy.com\/2021\/wp-content\/uploads\/2021\/03\/Arnaldo-Giuzzio.jpg?fit=1200%2C758&ssl=1&resize=350%2C200","width":350,"height":200},"classes":[]},{"id":11558,"url":"https:\/\/informatepy.com\/2021\/2022\/05\/10\/giuzzo-la-orden-fue-emanada-de-nuestro-pais\/","url_meta":{"origin":13380,"position":4},"title":"Giuzzo: \u00abLa orden fue emanada de nuestro pa\u00eds\u00bb","date":"10 de mayo de 2022","format":false,"excerpt":"El ex ministro del interior, Arnaldo Giuzzo, quien se vio obligado a abandonar su cargo \u00a0luego de haber utilizado una camioneta, registrada a nombre de la empresa Ombu SA, propiedad de Marcus Vinicius Esp\u00edndola Marqu\u00e9s de Padua, sindicado como un presunto narcotraficante; afirmo que la orden de matar al fiscal\u2026","rel":"","context":"En \u00abNacionales\u00bb","img":{"alt_text":"","src":"https:\/\/i0.wp.com\/informatepy.com\/2021\/wp-content\/uploads\/2021\/03\/Arnaldo-Giuzzio.jpg?fit=1200%2C758&ssl=1&resize=350%2C200","width":350,"height":200},"classes":[]},{"id":10378,"url":"https:\/\/informatepy.com\/2021\/2022\/03\/01\/giuzzo-en-la-puta-vida-van-a-encontrar-mi-vinculacion-con-el-crimen-organizado\/","url_meta":{"origin":13380,"position":5},"title":"Giuzzo: \u201cEn la puta vida van a encontrar mi vinculaci\u00f3n con el crimen organizado\u201d","date":"1 de marzo de 2022","format":false,"excerpt":"Esta ma\u00f1ana, cuando se present\u00f3 a declarar ante la fiscal\u00eda, el ex ministro del interior, Arnaldo Giuzzo, afirm\u00f3 que \u201cEn la puta vida van a encontrar mi vinculaci\u00f3n con el crimen organizado\u201d. \u201cAsumo la responsabilidad pol\u00edtica de ese error, no puede ser que el Ministro del Interior no sepa. Creo\u2026","rel":"","context":"En \u00abNacionales\u00bb","img":{"alt_text":"","src":"https:\/\/i0.wp.com\/informatepy.com\/2021\/wp-content\/uploads\/2021\/03\/Arnaldo-Giuzzio.jpg?fit=1200%2C758&ssl=1&resize=350%2C200","width":350,"height":200},"classes":[]}],"authors":[{"term_id":1051,"user_id":4,"is_guest":0,"slug":"redaccion","display_name":"Redacci\u00f3n","avatar_url":"https:\/\/i0.wp.com\/informatepy.com\/2021\/wp-content\/uploads\/2021\/02\/informate-circulo.png?fit=96%2C96&ssl=1","first_name":"Redacci\u00f3n","last_name":"","user_url":"","description":""}],"amp_enabled":true,"_links":{"self":[{"href":"https:\/\/informatepy.com\/2021\/wp-json\/wp\/v2\/posts\/13380","targetHints":{"allow":["GET"]}}],"collection":[{"href":"https:\/\/informatepy.com\/2021\/wp-json\/wp\/v2\/posts"}],"about":[{"href":"https:\/\/informatepy.com\/2021\/wp-json\/wp\/v2\/types\/post"}],"author":[{"embeddable":true,"href":"https:\/\/informatepy.com\/2021\/wp-json\/wp\/v2\/users\/4"}],"replies":[{"embeddable":true,"href":"https:\/\/informatepy.com\/2021\/wp-json\/wp\/v2\/comments?post=13380"}],"version-history":[{"count":1,"href":"https:\/\/informatepy.com\/2021\/wp-json\/wp\/v2\/posts\/13380\/revisions"}],"predecessor-version":[{"id":13381,"href":"https:\/\/informatepy.com\/2021\/wp-json\/wp\/v2\/posts\/13380\/revisions\/13381"}],"wp:featuredmedia":[{"embeddable":true,"href":"https:\/\/informatepy.com\/2021\/wp-json\/wp\/v2\/media\/4099"}],"wp:attachment":[{"href":"https:\/\/informatepy.com\/2021\/wp-json\/wp\/v2\/media?parent=13380"}],"wp:term":[{"taxonomy":"category","embeddable":true,"href":"https:\/\/informatepy.com\/2021\/wp-json\/wp\/v2\/categories?post=13380"},{"taxonomy":"post_tag","embeddable":true,"href":"https:\/\/informatepy.com\/2021\/wp-json\/wp\/v2\/tags?post=13380"},{"taxonomy":"author","embeddable":true,"href":"https:\/\/informatepy.com\/2021\/wp-json\/wp\/v2\/ppma_author?post=13380"}],"curies":[{"name":"wp","href":"https:\/\/api.w.org\/{rel}","templated":true}]}}