{"id":13275,"date":"2022-08-12T13:05:19","date_gmt":"2022-08-12T16:05:19","guid":{"rendered":"https:\/\/informatepy.com\/2021\/?p=13275"},"modified":"2022-08-12T13:05:39","modified_gmt":"2022-08-12T16:05:39","slug":"como-queda-fuerza-republicana-con-la-renuncia-de-hugo-velazquez","status":"publish","type":"post","link":"https:\/\/informatepy.com\/2021\/2022\/08\/12\/como-queda-fuerza-republicana-con-la-renuncia-de-hugo-velazquez\/","title":{"rendered":"\u00bfC\u00f3mo queda Fuerza Republicana con la renuncia de Hugo Vel\u00e1zquez?"},"content":{"rendered":"\n<p class=\"has-text-align-justify\">Apenas conocida la renuncia del vicepresidente, Hugo Vel\u00e1zquez, a su precandidatura presidencial, en redes sociales se origin\u00f3 el debate acerca de como quedaba Fuerza Republicana al verse descabezada.<\/p>\n\n\n\n<p class=\"has-text-align-justify\">Antes las posturas encontradas, consultamos a integrantes del<strong> Tribunal Electoral Partidario (TEP) de la Asociaci\u00f3n Nacional Republicana (ANR)<\/strong> sobre cual es la verdadera situaci\u00f3n del movimiento oficialista.<\/p>\n\n\n\n<p class=\"has-text-align-justify\">Las dos fuentes consultadas coincidieron en que el TEP <strong>deber\u00e1 analizar la situaci\u00f3n luego de la renuncia de Vel\u00e1zquez. Desde el punto de vista procesal, existen limitaciones temporales para inscribir una nueva chapa presidencial pero, desde lo normativo, existen opciones ante este tipo de situaciones.<\/strong><\/p>\n\n\n\n<p class=\"has-text-align-justify\">Adem\u00e1s, agregaron que por tratarse de la candidatura m\u00e1s importante, <strong>es muy probable que la situaci\u00f3n sea analizada con criterio pol\u00edtico<\/strong>. Todo est\u00e1 por decirse.<\/p>\n","protected":false},"excerpt":{"rendered":"<p>Apenas conocida la renuncia del vicepresidente, Hugo Vel\u00e1zquez, a su precandidatura presidencial, en redes sociales se origin\u00f3 el debate acerca de como quedaba Fuerza Republicana al verse descabezada. Antes las posturas encontradas, consultamos a integrantes del Tribunal Electoral Partidario (TEP) de la Asociaci\u00f3n Nacional Republicana (ANR) sobre cual es la verdadera situaci\u00f3n del movimiento oficialista. [&hellip;]<\/p>\n","protected":false},"author":4,"featured_media":934,"comment_status":"open","ping_status":"open","sticky":false,"template":"","format":"standard","meta":{"_monsterinsights_skip_tracking":false,"_monsterinsights_sitenote_active":false,"_monsterinsights_sitenote_note":"","_monsterinsights_sitenote_category":0,"footnotes":"","jetpack_publicize_message":"","jetpack_is_tweetstorm":false,"jetpack_publicize_feature_enabled":true},"categories":[177],"tags":[267,1036,1645,665,423],"ppma_author":[1051],"class_list":["post-13275","post","type-post","status-publish","format-standard","has-post-thumbnail","hentry","category-nacionales","tag-anr","tag-destacada","tag-fuerza-republicana","tag-hugo-velazquez","tag-partido-colorado"],"jetpack_publicize_connections":[],"yoast_head":"<!-- This site is optimized with the Yoast SEO plugin v27.5 - https:\/\/yoast.com\/product\/yoast-seo-wordpress\/ -->\n<title>\u00bfC\u00f3mo queda Fuerza Republicana con la renuncia de Hugo Vel\u00e1zquez? - Informatepy<\/title>\n<meta name=\"robots\" content=\"index, follow, max-snippet:-1, max-image-preview:large, max-video-preview:-1\" \/>\n<link rel=\"canonical\" href=\"https:\/\/informatepy.com\/2021\/2022\/08\/12\/como-queda-fuerza-republicana-con-la-renuncia-de-hugo-velazquez\/\" \/>\n<meta property=\"og:locale\" content=\"es_ES\" \/>\n<meta property=\"og:type\" content=\"article\" \/>\n<meta property=\"og:title\" content=\"\u00bfC\u00f3mo queda Fuerza Republicana con la renuncia de Hugo Vel\u00e1zquez? - Informatepy\" \/>\n<meta property=\"og:description\" content=\"Apenas conocida la renuncia del vicepresidente, Hugo Vel\u00e1zquez, a su precandidatura presidencial, en redes sociales se origin\u00f3 el debate acerca de como quedaba Fuerza Republicana al verse descabezada. Antes las posturas encontradas, consultamos a integrantes del Tribunal Electoral Partidario (TEP) de la Asociaci\u00f3n Nacional Republicana (ANR) sobre cual es la verdadera situaci\u00f3n del movimiento oficialista. [&hellip;]\" \/>\n<meta property=\"og:url\" content=\"https:\/\/informatepy.com\/2021\/2022\/08\/12\/como-queda-fuerza-republicana-con-la-renuncia-de-hugo-velazquez\/\" \/>\n<meta property=\"og:site_name\" content=\"Informatepy\" \/>\n<meta property=\"article:author\" content=\"https:\/\/www.facebook.com\/InformatePyCom\" \/>\n<meta property=\"article:published_time\" content=\"2022-08-12T16:05:19+00:00\" \/>\n<meta property=\"article:modified_time\" content=\"2022-08-12T16:05:39+00:00\" \/>\n<meta property=\"og:image\" content=\"https:\/\/informatepy.com\/2021\/wp-content\/uploads\/2021\/03\/edificio-anr.jpg\" \/>\n\t<meta property=\"og:image:width\" content=\"1200\" \/>\n\t<meta property=\"og:image:height\" content=\"731\" \/>\n\t<meta property=\"og:image:type\" content=\"image\/jpeg\" \/>\n<meta name=\"author\" content=\"Redacci\u00f3n\" \/>\n<meta name=\"twitter:card\" content=\"summary_large_image\" \/>\n<meta name=\"twitter:creator\" content=\"@https:\/\/twitter.com\/InformatePy1\" \/>\n<meta name=\"twitter:label1\" content=\"Escrito por\" \/>\n\t<meta name=\"twitter:data1\" content=\"Redacci\u00f3n\" \/>\n\t<meta name=\"twitter:label2\" content=\"Tiempo de lectura\" \/>\n\t<meta name=\"twitter:data2\" content=\"1 minuto\" \/>\n<script type=\"application\/ld+json\" class=\"yoast-schema-graph\">{\"@context\":\"https:\\\/\\\/schema.org\",\"@graph\":[{\"@type\":\"Article\",\"@id\":\"https:\\\/\\\/informatepy.com\\\/2021\\\/2022\\\/08\\\/12\\\/como-queda-fuerza-republicana-con-la-renuncia-de-hugo-velazquez\\\/#article\",\"isPartOf\":{\"@id\":\"https:\\\/\\\/informatepy.com\\\/2021\\\/2022\\\/08\\\/12\\\/como-queda-fuerza-republicana-con-la-renuncia-de-hugo-velazquez\\\/\"},\"author\":{\"name\":\"Redacci\u00f3n\",\"@id\":\"https:\\\/\\\/informatepy.com\\\/2021\\\/#\\\/schema\\\/person\\\/0c842f525f84ea74ef3b44370d11757b\"},\"headline\":\"\u00bfC\u00f3mo queda Fuerza Republicana con la renuncia de Hugo Vel\u00e1zquez?\",\"datePublished\":\"2022-08-12T16:05:19+00:00\",\"dateModified\":\"2022-08-12T16:05:39+00:00\",\"mainEntityOfPage\":{\"@id\":\"https:\\\/\\\/informatepy.com\\\/2021\\\/2022\\\/08\\\/12\\\/como-queda-fuerza-republicana-con-la-renuncia-de-hugo-velazquez\\\/\"},\"wordCount\":146,\"commentCount\":0,\"publisher\":{\"@id\":\"https:\\\/\\\/informatepy.com\\\/2021\\\/#\\\/schema\\\/person\\\/edd302c981d6ba4596191719d1025a8a\"},\"image\":{\"@id\":\"https:\\\/\\\/informatepy.com\\\/2021\\\/2022\\\/08\\\/12\\\/como-queda-fuerza-republicana-con-la-renuncia-de-hugo-velazquez\\\/#primaryimage\"},\"thumbnailUrl\":\"https:\\\/\\\/i0.wp.com\\\/informatepy.com\\\/2021\\\/wp-content\\\/uploads\\\/2021\\\/03\\\/edificio-anr.jpg?fit=1200%2C731&ssl=1\",\"keywords\":[\"anr\",\"destacada\",\"fuerza republicana\",\"hugo velazquez\",\"partido colorado\"],\"articleSection\":[\"Nacionales\"],\"inLanguage\":\"es\",\"potentialAction\":[{\"@type\":\"CommentAction\",\"name\":\"Comment\",\"target\":[\"https:\\\/\\\/informatepy.com\\\/2021\\\/2022\\\/08\\\/12\\\/como-queda-fuerza-republicana-con-la-renuncia-de-hugo-velazquez\\\/#respond\"]}]},{\"@type\":\"WebPage\",\"@id\":\"https:\\\/\\\/informatepy.com\\\/2021\\\/2022\\\/08\\\/12\\\/como-queda-fuerza-republicana-con-la-renuncia-de-hugo-velazquez\\\/\",\"url\":\"https:\\\/\\\/informatepy.com\\\/2021\\\/2022\\\/08\\\/12\\\/como-queda-fuerza-republicana-con-la-renuncia-de-hugo-velazquez\\\/\",\"name\":\"\u00bfC\u00f3mo queda Fuerza Republicana con la renuncia de Hugo Vel\u00e1zquez? - Informatepy\",\"isPartOf\":{\"@id\":\"https:\\\/\\\/informatepy.com\\\/2021\\\/#website\"},\"primaryImageOfPage\":{\"@id\":\"https:\\\/\\\/informatepy.com\\\/2021\\\/2022\\\/08\\\/12\\\/como-queda-fuerza-republicana-con-la-renuncia-de-hugo-velazquez\\\/#primaryimage\"},\"image\":{\"@id\":\"https:\\\/\\\/informatepy.com\\\/2021\\\/2022\\\/08\\\/12\\\/como-queda-fuerza-republicana-con-la-renuncia-de-hugo-velazquez\\\/#primaryimage\"},\"thumbnailUrl\":\"https:\\\/\\\/i0.wp.com\\\/informatepy.com\\\/2021\\\/wp-content\\\/uploads\\\/2021\\\/03\\\/edificio-anr.jpg?fit=1200%2C731&ssl=1\",\"datePublished\":\"2022-08-12T16:05:19+00:00\",\"dateModified\":\"2022-08-12T16:05:39+00:00\",\"breadcrumb\":{\"@id\":\"https:\\\/\\\/informatepy.com\\\/2021\\\/2022\\\/08\\\/12\\\/como-queda-fuerza-republicana-con-la-renuncia-de-hugo-velazquez\\\/#breadcrumb\"},\"inLanguage\":\"es\",\"potentialAction\":[{\"@type\":\"ReadAction\",\"target\":[\"https:\\\/\\\/informatepy.com\\\/2021\\\/2022\\\/08\\\/12\\\/como-queda-fuerza-republicana-con-la-renuncia-de-hugo-velazquez\\\/\"]}]},{\"@type\":\"ImageObject\",\"inLanguage\":\"es\",\"@id\":\"https:\\\/\\\/informatepy.com\\\/2021\\\/2022\\\/08\\\/12\\\/como-queda-fuerza-republicana-con-la-renuncia-de-hugo-velazquez\\\/#primaryimage\",\"url\":\"https:\\\/\\\/i0.wp.com\\\/informatepy.com\\\/2021\\\/wp-content\\\/uploads\\\/2021\\\/03\\\/edificio-anr.jpg?fit=1200%2C731&ssl=1\",\"contentUrl\":\"https:\\\/\\\/i0.wp.com\\\/informatepy.com\\\/2021\\\/wp-content\\\/uploads\\\/2021\\\/03\\\/edificio-anr.jpg?fit=1200%2C731&ssl=1\",\"width\":1200,\"height\":731},{\"@type\":\"BreadcrumbList\",\"@id\":\"https:\\\/\\\/informatepy.com\\\/2021\\\/2022\\\/08\\\/12\\\/como-queda-fuerza-republicana-con-la-renuncia-de-hugo-velazquez\\\/#breadcrumb\",\"itemListElement\":[{\"@type\":\"ListItem\",\"position\":1,\"name\":\"Portada\",\"item\":\"https:\\\/\\\/informatepy.com\\\/2021\\\/\"},{\"@type\":\"ListItem\",\"position\":2,\"name\":\"\u00bfC\u00f3mo queda Fuerza Republicana con la renuncia de Hugo Vel\u00e1zquez?\"}]},{\"@type\":\"WebSite\",\"@id\":\"https:\\\/\\\/informatepy.com\\\/2021\\\/#website\",\"url\":\"https:\\\/\\\/informatepy.com\\\/2021\\\/\",\"name\":\"Informatepy\",\"description\":\"La verdad, siempre!\",\"publisher\":{\"@id\":\"https:\\\/\\\/informatepy.com\\\/2021\\\/#\\\/schema\\\/person\\\/edd302c981d6ba4596191719d1025a8a\"},\"potentialAction\":[{\"@type\":\"SearchAction\",\"target\":{\"@type\":\"EntryPoint\",\"urlTemplate\":\"https:\\\/\\\/informatepy.com\\\/2021\\\/?s={search_term_string}\"},\"query-input\":{\"@type\":\"PropertyValueSpecification\",\"valueRequired\":true,\"valueName\":\"search_term_string\"}}],\"inLanguage\":\"es\"},{\"@type\":[\"Person\",\"Organization\"],\"@id\":\"https:\\\/\\\/informatepy.com\\\/2021\\\/#\\\/schema\\\/person\\\/edd302c981d6ba4596191719d1025a8a\",\"name\":\"admin\",\"image\":{\"@type\":\"ImageObject\",\"inLanguage\":\"es\",\"@id\":\"https:\\\/\\\/secure.gravatar.com\\\/avatar\\\/5310f602b6cbcfb86e030c4ccdbb78f6565a3b9bab6a74ab80fd3cb5428b65af?s=96&d=mm&r=g\",\"url\":\"https:\\\/\\\/secure.gravatar.com\\\/avatar\\\/5310f602b6cbcfb86e030c4ccdbb78f6565a3b9bab6a74ab80fd3cb5428b65af?s=96&d=mm&r=g\",\"contentUrl\":\"https:\\\/\\\/secure.gravatar.com\\\/avatar\\\/5310f602b6cbcfb86e030c4ccdbb78f6565a3b9bab6a74ab80fd3cb5428b65af?s=96&d=mm&r=g\",\"caption\":\"admin\"},\"logo\":{\"@id\":\"https:\\\/\\\/secure.gravatar.com\\\/avatar\\\/5310f602b6cbcfb86e030c4ccdbb78f6565a3b9bab6a74ab80fd3cb5428b65af?s=96&d=mm&r=g\"},\"sameAs\":[\"http:\\\/\\\/informatepy.com\\\/2021\"]},{\"@type\":\"Person\",\"@id\":\"https:\\\/\\\/informatepy.com\\\/2021\\\/#\\\/schema\\\/person\\\/0c842f525f84ea74ef3b44370d11757b\",\"name\":\"Redacci\u00f3n\",\"image\":{\"@type\":\"ImageObject\",\"inLanguage\":\"es\",\"@id\":\"https:\\\/\\\/i0.wp.com\\\/informatepy.com\\\/2021\\\/wp-content\\\/uploads\\\/2021\\\/02\\\/informate-circulo.png?fit=96%2C96&ssl=1\",\"url\":\"https:\\\/\\\/i0.wp.com\\\/informatepy.com\\\/2021\\\/wp-content\\\/uploads\\\/2021\\\/02\\\/informate-circulo.png?fit=96%2C96&ssl=1\",\"contentUrl\":\"https:\\\/\\\/i0.wp.com\\\/informatepy.com\\\/2021\\\/wp-content\\\/uploads\\\/2021\\\/02\\\/informate-circulo.png?fit=96%2C96&ssl=1\",\"caption\":\"Redacci\u00f3n\"},\"sameAs\":[\"https:\\\/\\\/www.facebook.com\\\/InformatePyCom\",\"https:\\\/\\\/x.com\\\/https:\\\/\\\/twitter.com\\\/InformatePy1\"],\"url\":\"https:\\\/\\\/informatepy.com\\\/2021\\\/author\\\/redaccion\\\/\"}]}<\/script>\n<!-- \/ Yoast SEO plugin. -->","yoast_head_json":{"title":"\u00bfC\u00f3mo queda Fuerza Republicana con la renuncia de Hugo Vel\u00e1zquez? - Informatepy","robots":{"index":"index","follow":"follow","max-snippet":"max-snippet:-1","max-image-preview":"max-image-preview:large","max-video-preview":"max-video-preview:-1"},"canonical":"https:\/\/informatepy.com\/2021\/2022\/08\/12\/como-queda-fuerza-republicana-con-la-renuncia-de-hugo-velazquez\/","og_locale":"es_ES","og_type":"article","og_title":"\u00bfC\u00f3mo queda Fuerza Republicana con la renuncia de Hugo Vel\u00e1zquez? - Informatepy","og_description":"Apenas conocida la renuncia del vicepresidente, Hugo Vel\u00e1zquez, a su precandidatura presidencial, en redes sociales se origin\u00f3 el debate acerca de como quedaba Fuerza Republicana al verse descabezada. Antes las posturas encontradas, consultamos a integrantes del Tribunal Electoral Partidario (TEP) de la Asociaci\u00f3n Nacional Republicana (ANR) sobre cual es la verdadera situaci\u00f3n del movimiento oficialista. [&hellip;]","og_url":"https:\/\/informatepy.com\/2021\/2022\/08\/12\/como-queda-fuerza-republicana-con-la-renuncia-de-hugo-velazquez\/","og_site_name":"Informatepy","article_author":"https:\/\/www.facebook.com\/InformatePyCom","article_published_time":"2022-08-12T16:05:19+00:00","article_modified_time":"2022-08-12T16:05:39+00:00","og_image":[{"width":1200,"height":731,"url":"https:\/\/informatepy.com\/2021\/wp-content\/uploads\/2021\/03\/edificio-anr.jpg","type":"image\/jpeg"}],"author":"Redacci\u00f3n","twitter_card":"summary_large_image","twitter_creator":"@https:\/\/twitter.com\/InformatePy1","twitter_misc":{"Escrito por":"Redacci\u00f3n","Tiempo de lectura":"1 minuto"},"schema":{"@context":"https:\/\/schema.org","@graph":[{"@type":"Article","@id":"https:\/\/informatepy.com\/2021\/2022\/08\/12\/como-queda-fuerza-republicana-con-la-renuncia-de-hugo-velazquez\/#article","isPartOf":{"@id":"https:\/\/informatepy.com\/2021\/2022\/08\/12\/como-queda-fuerza-republicana-con-la-renuncia-de-hugo-velazquez\/"},"author":{"name":"Redacci\u00f3n","@id":"https:\/\/informatepy.com\/2021\/#\/schema\/person\/0c842f525f84ea74ef3b44370d11757b"},"headline":"\u00bfC\u00f3mo queda Fuerza Republicana con la renuncia de Hugo Vel\u00e1zquez?","datePublished":"2022-08-12T16:05:19+00:00","dateModified":"2022-08-12T16:05:39+00:00","mainEntityOfPage":{"@id":"https:\/\/informatepy.com\/2021\/2022\/08\/12\/como-queda-fuerza-republicana-con-la-renuncia-de-hugo-velazquez\/"},"wordCount":146,"commentCount":0,"publisher":{"@id":"https:\/\/informatepy.com\/2021\/#\/schema\/person\/edd302c981d6ba4596191719d1025a8a"},"image":{"@id":"https:\/\/informatepy.com\/2021\/2022\/08\/12\/como-queda-fuerza-republicana-con-la-renuncia-de-hugo-velazquez\/#primaryimage"},"thumbnailUrl":"https:\/\/i0.wp.com\/informatepy.com\/2021\/wp-content\/uploads\/2021\/03\/edificio-anr.jpg?fit=1200%2C731&ssl=1","keywords":["anr","destacada","fuerza republicana","hugo velazquez","partido colorado"],"articleSection":["Nacionales"],"inLanguage":"es","potentialAction":[{"@type":"CommentAction","name":"Comment","target":["https:\/\/informatepy.com\/2021\/2022\/08\/12\/como-queda-fuerza-republicana-con-la-renuncia-de-hugo-velazquez\/#respond"]}]},{"@type":"WebPage","@id":"https:\/\/informatepy.com\/2021\/2022\/08\/12\/como-queda-fuerza-republicana-con-la-renuncia-de-hugo-velazquez\/","url":"https:\/\/informatepy.com\/2021\/2022\/08\/12\/como-queda-fuerza-republicana-con-la-renuncia-de-hugo-velazquez\/","name":"\u00bfC\u00f3mo queda Fuerza Republicana con la renuncia de Hugo Vel\u00e1zquez? - Informatepy","isPartOf":{"@id":"https:\/\/informatepy.com\/2021\/#website"},"primaryImageOfPage":{"@id":"https:\/\/informatepy.com\/2021\/2022\/08\/12\/como-queda-fuerza-republicana-con-la-renuncia-de-hugo-velazquez\/#primaryimage"},"image":{"@id":"https:\/\/informatepy.com\/2021\/2022\/08\/12\/como-queda-fuerza-republicana-con-la-renuncia-de-hugo-velazquez\/#primaryimage"},"thumbnailUrl":"https:\/\/i0.wp.com\/informatepy.com\/2021\/wp-content\/uploads\/2021\/03\/edificio-anr.jpg?fit=1200%2C731&ssl=1","datePublished":"2022-08-12T16:05:19+00:00","dateModified":"2022-08-12T16:05:39+00:00","breadcrumb":{"@id":"https:\/\/informatepy.com\/2021\/2022\/08\/12\/como-queda-fuerza-republicana-con-la-renuncia-de-hugo-velazquez\/#breadcrumb"},"inLanguage":"es","potentialAction":[{"@type":"ReadAction","target":["https:\/\/informatepy.com\/2021\/2022\/08\/12\/como-queda-fuerza-republicana-con-la-renuncia-de-hugo-velazquez\/"]}]},{"@type":"ImageObject","inLanguage":"es","@id":"https:\/\/informatepy.com\/2021\/2022\/08\/12\/como-queda-fuerza-republicana-con-la-renuncia-de-hugo-velazquez\/#primaryimage","url":"https:\/\/i0.wp.com\/informatepy.com\/2021\/wp-content\/uploads\/2021\/03\/edificio-anr.jpg?fit=1200%2C731&ssl=1","contentUrl":"https:\/\/i0.wp.com\/informatepy.com\/2021\/wp-content\/uploads\/2021\/03\/edificio-anr.jpg?fit=1200%2C731&ssl=1","width":1200,"height":731},{"@type":"BreadcrumbList","@id":"https:\/\/informatepy.com\/2021\/2022\/08\/12\/como-queda-fuerza-republicana-con-la-renuncia-de-hugo-velazquez\/#breadcrumb","itemListElement":[{"@type":"ListItem","position":1,"name":"Portada","item":"https:\/\/informatepy.com\/2021\/"},{"@type":"ListItem","position":2,"name":"\u00bfC\u00f3mo queda Fuerza Republicana con la renuncia de Hugo Vel\u00e1zquez?"}]},{"@type":"WebSite","@id":"https:\/\/informatepy.com\/2021\/#website","url":"https:\/\/informatepy.com\/2021\/","name":"Informatepy","description":"La verdad, siempre!","publisher":{"@id":"https:\/\/informatepy.com\/2021\/#\/schema\/person\/edd302c981d6ba4596191719d1025a8a"},"potentialAction":[{"@type":"SearchAction","target":{"@type":"EntryPoint","urlTemplate":"https:\/\/informatepy.com\/2021\/?s={search_term_string}"},"query-input":{"@type":"PropertyValueSpecification","valueRequired":true,"valueName":"search_term_string"}}],"inLanguage":"es"},{"@type":["Person","Organization"],"@id":"https:\/\/informatepy.com\/2021\/#\/schema\/person\/edd302c981d6ba4596191719d1025a8a","name":"admin","image":{"@type":"ImageObject","inLanguage":"es","@id":"https:\/\/secure.gravatar.com\/avatar\/5310f602b6cbcfb86e030c4ccdbb78f6565a3b9bab6a74ab80fd3cb5428b65af?s=96&d=mm&r=g","url":"https:\/\/secure.gravatar.com\/avatar\/5310f602b6cbcfb86e030c4ccdbb78f6565a3b9bab6a74ab80fd3cb5428b65af?s=96&d=mm&r=g","contentUrl":"https:\/\/secure.gravatar.com\/avatar\/5310f602b6cbcfb86e030c4ccdbb78f6565a3b9bab6a74ab80fd3cb5428b65af?s=96&d=mm&r=g","caption":"admin"},"logo":{"@id":"https:\/\/secure.gravatar.com\/avatar\/5310f602b6cbcfb86e030c4ccdbb78f6565a3b9bab6a74ab80fd3cb5428b65af?s=96&d=mm&r=g"},"sameAs":["http:\/\/informatepy.com\/2021"]},{"@type":"Person","@id":"https:\/\/informatepy.com\/2021\/#\/schema\/person\/0c842f525f84ea74ef3b44370d11757b","name":"Redacci\u00f3n","image":{"@type":"ImageObject","inLanguage":"es","@id":"https:\/\/i0.wp.com\/informatepy.com\/2021\/wp-content\/uploads\/2021\/02\/informate-circulo.png?fit=96%2C96&ssl=1","url":"https:\/\/i0.wp.com\/informatepy.com\/2021\/wp-content\/uploads\/2021\/02\/informate-circulo.png?fit=96%2C96&ssl=1","contentUrl":"https:\/\/i0.wp.com\/informatepy.com\/2021\/wp-content\/uploads\/2021\/02\/informate-circulo.png?fit=96%2C96&ssl=1","caption":"Redacci\u00f3n"},"sameAs":["https:\/\/www.facebook.com\/InformatePyCom","https:\/\/x.com\/https:\/\/twitter.com\/InformatePy1"],"url":"https:\/\/informatepy.com\/2021\/author\/redaccion\/"}]}},"jetpack_featured_media_url":"https:\/\/i0.wp.com\/informatepy.com\/2021\/wp-content\/uploads\/2021\/03\/edificio-anr.jpg?fit=1200%2C731&ssl=1","jetpack_sharing_enabled":true,"jetpack_likes_enabled":true,"jetpack-related-posts":[{"id":13409,"url":"https:\/\/informatepy.com\/2021\/2022\/08\/17\/el-tep-de-la-anr-ya-nego-una-sustitucion-por-renuncia-a-la-lista-de-petta\/","url_meta":{"origin":13275,"position":0},"title":"El TEP de la ANR ya neg\u00f3 una sustituci\u00f3n por renuncia a la lista de Petta","date":"17 de agosto de 2022","format":false,"excerpt":"En horas de la tarde, el ex ministro de educaci\u00f3n, Eduardo Petta, mencion\u00f3 que el Tribunal Electoral Partidario (TEP) del Partido Colorado, le neg\u00f3 a su movimiento \"Educaci\u00f3n Primero\", la sustituci\u00f3n de un candidato al senado por renuncia. En la comunicaci\u00f3n del TEP, le comunicaron a Petta que resolvieron NO\u2026","rel":"","context":"En \u00abNacionales\u00bb","img":{"alt_text":"","src":"https:\/\/i0.wp.com\/informatepy.com\/2021\/wp-content\/uploads\/2022\/08\/eduardo-petta.jpg?fit=1016%2C677&ssl=1&resize=350%2C200","width":350,"height":200},"classes":[]},{"id":9507,"url":"https:\/\/informatepy.com\/2021\/2022\/01\/17\/velazquez-lanza-su-movimiento-interno-e-insiste-con-modificar-los-estatutos-de-la-anr\/","url_meta":{"origin":13275,"position":1},"title":"Vel\u00e1zquez lanza su movimiento interno e insiste con modificar los estatutos de la ANR","date":"17 de enero de 2022","format":false,"excerpt":"Hugo Vel\u00e1zquez lanz\u00f3 su movimiento interno, Fuerza Republicana e insisti\u00f3 con sus intenciones de convocar en marzo a una convenci\u00f3n extraordinaria de la Asociaci\u00f3n Nacional Republicana (ANR) para la modificaci\u00f3n del estatuto.\u00a0 El objetivo de modificar los estatutos es abrir camino para que la ANR realice alianzas pol\u00edticas con otros\u2026","rel":"","context":"En \u00abNacionales\u00bb","img":{"alt_text":"","src":"https:\/\/i0.wp.com\/informatepy.com\/2021\/wp-content\/uploads\/2021\/10\/hugo_toro_velazquez_2023.jpg?fit=760%2C420&ssl=1&resize=350%2C200","width":350,"height":200},"classes":[]},{"id":9689,"url":"https:\/\/informatepy.com\/2021\/2022\/01\/24\/hugo-velazquez-exige-la-renovacion-de-los-tribunales-de-la-anr\/","url_meta":{"origin":13275,"position":2},"title":"Hugo Vel\u00e1zquez exige la renovaci\u00f3n de los tribunales de la ANR","date":"24 de enero de 2022","format":false,"excerpt":"Hugo Vel\u00e1zquez, en conferencia de prensa, inform\u00f3 que envi\u00f3 una nota a Pedro Alliana, para organizar una reuni\u00f3n entre los referentes de Fuerza Republicana y Honor Colorado para comenzar el proceso de renovaci\u00f3n de los tribunales del Partido Colorado, el Tribunal de Conducta y el Tribunal Electoral Partidario. Vel\u00e1zquez dijo\u2026","rel":"","context":"En \u00abNacionales\u00bb","img":{"alt_text":"","src":"https:\/\/i0.wp.com\/informatepy.com\/2021\/wp-content\/uploads\/2022\/01\/hugo-velazquez-palacio.jpeg?fit=735%2C400&ssl=1&resize=350%2C200","width":350,"height":200},"classes":[]},{"id":1686,"url":"https:\/\/informatepy.com\/2021\/2019\/12\/11\/elecciones-juveniles-de-la-anr-sin-fecha-pero-con-un-responsable\/","url_meta":{"origin":13275,"position":3},"title":"Elecciones juveniles de la ANR: sin fecha hasta el momento pero con un responsable","date":"11 de diciembre de 2019","format":false,"excerpt":"El secretario del Tribunal Electoral Partidario (TEP) del Partido Colorado (ANR), Rub\u00e9n Rol\u00f3n, dej\u00f3 que claro que, si bien est\u00e1n aguardando las resoluciones de los organismos jurisdiccionales donde se presentaron las acciones para suspender las elecciones juveniles, dif\u00edcilmente las mismas se puedan realizar en el corto plazo. En comunicaci\u00f3n con\u2026","rel":"","context":"En \u00abNacionales\u00bb","img":{"alt_text":"","src":"https:\/\/i0.wp.com\/informatepy.com\/2021\/wp-content\/uploads\/2021\/12\/Centurion-abdo.jpg?fit=730%2C548&ssl=1&resize=350%2C200","width":350,"height":200},"classes":[]},{"id":10282,"url":"https:\/\/informatepy.com\/2021\/2022\/02\/23\/velazquez-considera-a-carla-bacigalupo-tiene-las-condiciones-para-ser-mi-vicepresidenta\/","url_meta":{"origin":13275,"position":4},"title":"Vel\u00e1zquez considera a Carla Bacigalupo: \u00abTiene las condiciones para ser mi vicepresidenta\u201d","date":"23 de febrero de 2022","format":false,"excerpt":"El vicepresidente de la Rep\u00fablica y precandidato a la Presidencia Hugo Vel\u00e1zquez en su discurso en el Encuentro por el d\u00eda de la mujer paraguaya del Movimiento Fuerza Republicana en Hotel Exc\u00e9lsior, afirm\u00f3 que Carla Bacigalupo \"tiene las condiciones para ser mi vicepresidenta\". Por otra parte, garantiz\u00f3 que no permitir\u00e1n\u2026","rel":"","context":"En \u00abNacionales\u00bb","img":{"alt_text":"","src":"https:\/\/i0.wp.com\/informatepy.com\/2021\/wp-content\/uploads\/2022\/02\/carla-bacigalupo.jpg?fit=900%2C612&ssl=1&resize=350%2C200","width":350,"height":200},"classes":[]},{"id":10105,"url":"https:\/\/informatepy.com\/2021\/2022\/02\/15\/continua-el-desbande-de-integrantes-de-fuerza-republicana\/","url_meta":{"origin":13275,"position":5},"title":"Contin\u00faa el desbande de integrantes de Fuerza Republicana","date":"15 de febrero de 2022","format":false,"excerpt":"Maria Eugenia Crichigno, actual Parlasuriana, abandona las carpas del ofi\u00adcialismo y se suma al movimiento Honor Colorado. La estampida de dirigentes de carpas oficialistas a Honor Colorado no cesa, reforzando la pre candidatura de Santiago Pe\u00f1a para Presidente de la Rep\u00fablica y Horacio Cartes para Presidente de la Asociaci\u00f3n Nacional\u2026","rel":"","context":"En \u00abNacionales\u00bb","img":{"alt_text":"","src":"https:\/\/i0.wp.com\/informatepy.com\/2021\/wp-content\/uploads\/2022\/02\/maru-crichigno.jpg?fit=1200%2C900&ssl=1&resize=350%2C200","width":350,"height":200},"classes":[]}],"authors":[{"term_id":1051,"user_id":4,"is_guest":0,"slug":"redaccion","display_name":"Redacci\u00f3n","avatar_url":"https:\/\/i0.wp.com\/informatepy.com\/2021\/wp-content\/uploads\/2021\/02\/informate-circulo.png?fit=96%2C96&ssl=1","first_name":"Redacci\u00f3n","last_name":"","user_url":"","description":""}],"amp_enabled":true,"_links":{"self":[{"href":"https:\/\/informatepy.com\/2021\/wp-json\/wp\/v2\/posts\/13275","targetHints":{"allow":["GET"]}}],"collection":[{"href":"https:\/\/informatepy.com\/2021\/wp-json\/wp\/v2\/posts"}],"about":[{"href":"https:\/\/informatepy.com\/2021\/wp-json\/wp\/v2\/types\/post"}],"author":[{"embeddable":true,"href":"https:\/\/informatepy.com\/2021\/wp-json\/wp\/v2\/users\/4"}],"replies":[{"embeddable":true,"href":"https:\/\/informatepy.com\/2021\/wp-json\/wp\/v2\/comments?post=13275"}],"version-history":[{"count":2,"href":"https:\/\/informatepy.com\/2021\/wp-json\/wp\/v2\/posts\/13275\/revisions"}],"predecessor-version":[{"id":13277,"href":"https:\/\/informatepy.com\/2021\/wp-json\/wp\/v2\/posts\/13275\/revisions\/13277"}],"wp:featuredmedia":[{"embeddable":true,"href":"https:\/\/informatepy.com\/2021\/wp-json\/wp\/v2\/media\/934"}],"wp:attachment":[{"href":"https:\/\/informatepy.com\/2021\/wp-json\/wp\/v2\/media?parent=13275"}],"wp:term":[{"taxonomy":"category","embeddable":true,"href":"https:\/\/informatepy.com\/2021\/wp-json\/wp\/v2\/categories?post=13275"},{"taxonomy":"post_tag","embeddable":true,"href":"https:\/\/informatepy.com\/2021\/wp-json\/wp\/v2\/tags?post=13275"},{"taxonomy":"author","embeddable":true,"href":"https:\/\/informatepy.com\/2021\/wp-json\/wp\/v2\/ppma_author?post=13275"}],"curies":[{"name":"wp","href":"https:\/\/api.w.org\/{rel}","templated":true}]}}