{"id":13188,"date":"2022-08-08T09:11:52","date_gmt":"2022-08-08T12:11:52","guid":{"rendered":"https:\/\/informatepy.com\/2021\/?p=13188"},"modified":"2022-08-08T09:11:55","modified_gmt":"2022-08-08T12:11:55","slug":"sixto-pereira-sobre-la-concertacion-la-consigna-al-parecer-es-unirse-solo-para-tumbar-al-partido-colorado","status":"publish","type":"post","link":"https:\/\/informatepy.com\/2021\/2022\/08\/08\/sixto-pereira-sobre-la-concertacion-la-consigna-al-parecer-es-unirse-solo-para-tumbar-al-partido-colorado\/","title":{"rendered":"Sixto Pereira sobre la Concertacion: \u00abLa consigna al parecer es unirse solo para tumbar al Partido Colorado\u00bb"},"content":{"rendered":"\n<p class=\"has-text-align-justify\">El senador y l\u00edder de Tekojoja, <strong>Sixto Pereira<\/strong>, justific\u00f3 la salida de su partido de bloque de la Concertaci\u00f3n, argumentando que no se le est\u00e1 dando visibilidad a los grandes temas nacionales como para generar pol\u00edticas p\u00fablicas\u00a0serias.<\/p>\n\n\n\n<p class=\"has-text-align-justify\"><strong><em>\u201cLa consigna al parecer es unirse solo para tumbar al partido Colorado, pero hay que entender que la alternancia debe tener contenido, pero de la forma que se plantea la Concertaci\u00f3n, no hay credibilidad\u201d<\/em><\/strong>, afirm\u00f3.<\/p>\n\n\n\n<p class=\"has-text-align-justify\">Por otro lado, Pereira se\u00f1al\u00f3 que le preocupa que pueda surgir en la Concertaci\u00f3n una dupla de centro derecha con lo que no est\u00e1n de acuerdo. Ratific\u00f3 que <strong>Tekojoja apoya 100% la postulaci\u00f3n de Esperanza Mart\u00ednez.<\/strong><\/p>\n\n\n\n<h6 class=\"wp-block-heading\" style=\"font-style:normal;font-weight:300\">Megacadena<\/h6>\n","protected":false},"excerpt":{"rendered":"<p>El senador y l\u00edder de Tekojoja, Sixto Pereira, justific\u00f3 la salida de su partido de bloque de la Concertaci\u00f3n, argumentando que no se le est\u00e1 dando visibilidad a los grandes temas nacionales como para generar pol\u00edticas p\u00fablicas\u00a0serias. \u201cLa consigna al parecer es unirse solo para tumbar al partido Colorado, pero hay que entender que la [&hellip;]<\/p>\n","protected":false},"author":4,"featured_media":4082,"comment_status":"open","ping_status":"open","sticky":false,"template":"","format":"standard","meta":{"_monsterinsights_skip_tracking":false,"_monsterinsights_sitenote_active":false,"_monsterinsights_sitenote_note":"","_monsterinsights_sitenote_category":0,"footnotes":"","jetpack_publicize_message":"","jetpack_is_tweetstorm":false,"jetpack_publicize_feature_enabled":true},"categories":[177],"tags":[1036,1587,1138,931,1128],"ppma_author":[1051],"class_list":["post-13188","post","type-post","status-publish","format-standard","has-post-thumbnail","hentry","category-nacionales","tag-destacada","tag-elecciones-2023","tag-partido-tekojoja","tag-sixto-pereira","tag-tekojaja"],"jetpack_publicize_connections":[],"yoast_head":"<!-- This site is optimized with the Yoast SEO plugin v27.5 - https:\/\/yoast.com\/product\/yoast-seo-wordpress\/ -->\n<title>Sixto Pereira sobre la Concertacion: \u00abLa consigna al parecer es unirse solo para tumbar al Partido Colorado\u00bb - Informatepy<\/title>\n<meta name=\"robots\" content=\"index, follow, max-snippet:-1, max-image-preview:large, max-video-preview:-1\" \/>\n<link rel=\"canonical\" href=\"https:\/\/informatepy.com\/2021\/2022\/08\/08\/sixto-pereira-sobre-la-concertacion-la-consigna-al-parecer-es-unirse-solo-para-tumbar-al-partido-colorado\/\" \/>\n<meta property=\"og:locale\" content=\"es_ES\" \/>\n<meta property=\"og:type\" content=\"article\" \/>\n<meta property=\"og:title\" content=\"Sixto Pereira sobre la Concertacion: \u00abLa consigna al parecer es unirse solo para tumbar al Partido Colorado\u00bb - Informatepy\" \/>\n<meta property=\"og:description\" content=\"El senador y l\u00edder de Tekojoja, Sixto Pereira, justific\u00f3 la salida de su partido de bloque de la Concertaci\u00f3n, argumentando que no se le est\u00e1 dando visibilidad a los grandes temas nacionales como para generar pol\u00edticas p\u00fablicas\u00a0serias. \u201cLa consigna al parecer es unirse solo para tumbar al partido Colorado, pero hay que entender que la [&hellip;]\" \/>\n<meta property=\"og:url\" content=\"https:\/\/informatepy.com\/2021\/2022\/08\/08\/sixto-pereira-sobre-la-concertacion-la-consigna-al-parecer-es-unirse-solo-para-tumbar-al-partido-colorado\/\" \/>\n<meta property=\"og:site_name\" content=\"Informatepy\" \/>\n<meta property=\"article:author\" content=\"https:\/\/www.facebook.com\/InformatePyCom\" \/>\n<meta property=\"article:published_time\" content=\"2022-08-08T12:11:52+00:00\" \/>\n<meta property=\"article:modified_time\" content=\"2022-08-08T12:11:55+00:00\" \/>\n<meta property=\"og:image\" content=\"https:\/\/informatepy.com\/2021\/wp-content\/uploads\/2021\/03\/sixto-pereira.jpg\" \/>\n\t<meta property=\"og:image:width\" content=\"900\" \/>\n\t<meta property=\"og:image:height\" content=\"650\" \/>\n\t<meta property=\"og:image:type\" content=\"image\/jpeg\" \/>\n<meta name=\"author\" content=\"Redacci\u00f3n\" \/>\n<meta name=\"twitter:card\" content=\"summary_large_image\" \/>\n<meta name=\"twitter:creator\" content=\"@https:\/\/twitter.com\/InformatePy1\" \/>\n<meta name=\"twitter:label1\" content=\"Escrito por\" \/>\n\t<meta name=\"twitter:data1\" content=\"Redacci\u00f3n\" \/>\n\t<meta name=\"twitter:label2\" content=\"Tiempo de lectura\" \/>\n\t<meta name=\"twitter:data2\" content=\"1 minuto\" \/>\n<script type=\"application\/ld+json\" class=\"yoast-schema-graph\">{\"@context\":\"https:\\\/\\\/schema.org\",\"@graph\":[{\"@type\":\"Article\",\"@id\":\"https:\\\/\\\/informatepy.com\\\/2021\\\/2022\\\/08\\\/08\\\/sixto-pereira-sobre-la-concertacion-la-consigna-al-parecer-es-unirse-solo-para-tumbar-al-partido-colorado\\\/#article\",\"isPartOf\":{\"@id\":\"https:\\\/\\\/informatepy.com\\\/2021\\\/2022\\\/08\\\/08\\\/sixto-pereira-sobre-la-concertacion-la-consigna-al-parecer-es-unirse-solo-para-tumbar-al-partido-colorado\\\/\"},\"author\":{\"name\":\"Redacci\u00f3n\",\"@id\":\"https:\\\/\\\/informatepy.com\\\/2021\\\/#\\\/schema\\\/person\\\/0c842f525f84ea74ef3b44370d11757b\"},\"headline\":\"Sixto Pereira sobre la Concertacion: \u00abLa consigna al parecer es unirse solo para tumbar al Partido Colorado\u00bb\",\"datePublished\":\"2022-08-08T12:11:52+00:00\",\"dateModified\":\"2022-08-08T12:11:55+00:00\",\"mainEntityOfPage\":{\"@id\":\"https:\\\/\\\/informatepy.com\\\/2021\\\/2022\\\/08\\\/08\\\/sixto-pereira-sobre-la-concertacion-la-consigna-al-parecer-es-unirse-solo-para-tumbar-al-partido-colorado\\\/\"},\"wordCount\":136,\"commentCount\":0,\"publisher\":{\"@id\":\"https:\\\/\\\/informatepy.com\\\/2021\\\/#\\\/schema\\\/person\\\/edd302c981d6ba4596191719d1025a8a\"},\"image\":{\"@id\":\"https:\\\/\\\/informatepy.com\\\/2021\\\/2022\\\/08\\\/08\\\/sixto-pereira-sobre-la-concertacion-la-consigna-al-parecer-es-unirse-solo-para-tumbar-al-partido-colorado\\\/#primaryimage\"},\"thumbnailUrl\":\"https:\\\/\\\/i0.wp.com\\\/informatepy.com\\\/2021\\\/wp-content\\\/uploads\\\/2021\\\/03\\\/sixto-pereira.jpg?fit=900%2C650&ssl=1\",\"keywords\":[\"destacada\",\"elecciones 2023\",\"Partido tekojoja\",\"sixto pereira\",\"tekojaja\"],\"articleSection\":[\"Nacionales\"],\"inLanguage\":\"es\",\"potentialAction\":[{\"@type\":\"CommentAction\",\"name\":\"Comment\",\"target\":[\"https:\\\/\\\/informatepy.com\\\/2021\\\/2022\\\/08\\\/08\\\/sixto-pereira-sobre-la-concertacion-la-consigna-al-parecer-es-unirse-solo-para-tumbar-al-partido-colorado\\\/#respond\"]}]},{\"@type\":\"WebPage\",\"@id\":\"https:\\\/\\\/informatepy.com\\\/2021\\\/2022\\\/08\\\/08\\\/sixto-pereira-sobre-la-concertacion-la-consigna-al-parecer-es-unirse-solo-para-tumbar-al-partido-colorado\\\/\",\"url\":\"https:\\\/\\\/informatepy.com\\\/2021\\\/2022\\\/08\\\/08\\\/sixto-pereira-sobre-la-concertacion-la-consigna-al-parecer-es-unirse-solo-para-tumbar-al-partido-colorado\\\/\",\"name\":\"Sixto Pereira sobre la Concertacion: \u00abLa consigna al parecer es unirse solo para tumbar al Partido Colorado\u00bb - Informatepy\",\"isPartOf\":{\"@id\":\"https:\\\/\\\/informatepy.com\\\/2021\\\/#website\"},\"primaryImageOfPage\":{\"@id\":\"https:\\\/\\\/informatepy.com\\\/2021\\\/2022\\\/08\\\/08\\\/sixto-pereira-sobre-la-concertacion-la-consigna-al-parecer-es-unirse-solo-para-tumbar-al-partido-colorado\\\/#primaryimage\"},\"image\":{\"@id\":\"https:\\\/\\\/informatepy.com\\\/2021\\\/2022\\\/08\\\/08\\\/sixto-pereira-sobre-la-concertacion-la-consigna-al-parecer-es-unirse-solo-para-tumbar-al-partido-colorado\\\/#primaryimage\"},\"thumbnailUrl\":\"https:\\\/\\\/i0.wp.com\\\/informatepy.com\\\/2021\\\/wp-content\\\/uploads\\\/2021\\\/03\\\/sixto-pereira.jpg?fit=900%2C650&ssl=1\",\"datePublished\":\"2022-08-08T12:11:52+00:00\",\"dateModified\":\"2022-08-08T12:11:55+00:00\",\"breadcrumb\":{\"@id\":\"https:\\\/\\\/informatepy.com\\\/2021\\\/2022\\\/08\\\/08\\\/sixto-pereira-sobre-la-concertacion-la-consigna-al-parecer-es-unirse-solo-para-tumbar-al-partido-colorado\\\/#breadcrumb\"},\"inLanguage\":\"es\",\"potentialAction\":[{\"@type\":\"ReadAction\",\"target\":[\"https:\\\/\\\/informatepy.com\\\/2021\\\/2022\\\/08\\\/08\\\/sixto-pereira-sobre-la-concertacion-la-consigna-al-parecer-es-unirse-solo-para-tumbar-al-partido-colorado\\\/\"]}]},{\"@type\":\"ImageObject\",\"inLanguage\":\"es\",\"@id\":\"https:\\\/\\\/informatepy.com\\\/2021\\\/2022\\\/08\\\/08\\\/sixto-pereira-sobre-la-concertacion-la-consigna-al-parecer-es-unirse-solo-para-tumbar-al-partido-colorado\\\/#primaryimage\",\"url\":\"https:\\\/\\\/i0.wp.com\\\/informatepy.com\\\/2021\\\/wp-content\\\/uploads\\\/2021\\\/03\\\/sixto-pereira.jpg?fit=900%2C650&ssl=1\",\"contentUrl\":\"https:\\\/\\\/i0.wp.com\\\/informatepy.com\\\/2021\\\/wp-content\\\/uploads\\\/2021\\\/03\\\/sixto-pereira.jpg?fit=900%2C650&ssl=1\",\"width\":900,\"height\":650},{\"@type\":\"BreadcrumbList\",\"@id\":\"https:\\\/\\\/informatepy.com\\\/2021\\\/2022\\\/08\\\/08\\\/sixto-pereira-sobre-la-concertacion-la-consigna-al-parecer-es-unirse-solo-para-tumbar-al-partido-colorado\\\/#breadcrumb\",\"itemListElement\":[{\"@type\":\"ListItem\",\"position\":1,\"name\":\"Portada\",\"item\":\"https:\\\/\\\/informatepy.com\\\/2021\\\/\"},{\"@type\":\"ListItem\",\"position\":2,\"name\":\"Sixto Pereira sobre la Concertacion: \u00abLa consigna al parecer es unirse solo para tumbar al Partido Colorado\u00bb\"}]},{\"@type\":\"WebSite\",\"@id\":\"https:\\\/\\\/informatepy.com\\\/2021\\\/#website\",\"url\":\"https:\\\/\\\/informatepy.com\\\/2021\\\/\",\"name\":\"Informatepy\",\"description\":\"La verdad, siempre!\",\"publisher\":{\"@id\":\"https:\\\/\\\/informatepy.com\\\/2021\\\/#\\\/schema\\\/person\\\/edd302c981d6ba4596191719d1025a8a\"},\"potentialAction\":[{\"@type\":\"SearchAction\",\"target\":{\"@type\":\"EntryPoint\",\"urlTemplate\":\"https:\\\/\\\/informatepy.com\\\/2021\\\/?s={search_term_string}\"},\"query-input\":{\"@type\":\"PropertyValueSpecification\",\"valueRequired\":true,\"valueName\":\"search_term_string\"}}],\"inLanguage\":\"es\"},{\"@type\":[\"Person\",\"Organization\"],\"@id\":\"https:\\\/\\\/informatepy.com\\\/2021\\\/#\\\/schema\\\/person\\\/edd302c981d6ba4596191719d1025a8a\",\"name\":\"admin\",\"image\":{\"@type\":\"ImageObject\",\"inLanguage\":\"es\",\"@id\":\"https:\\\/\\\/secure.gravatar.com\\\/avatar\\\/5310f602b6cbcfb86e030c4ccdbb78f6565a3b9bab6a74ab80fd3cb5428b65af?s=96&d=mm&r=g\",\"url\":\"https:\\\/\\\/secure.gravatar.com\\\/avatar\\\/5310f602b6cbcfb86e030c4ccdbb78f6565a3b9bab6a74ab80fd3cb5428b65af?s=96&d=mm&r=g\",\"contentUrl\":\"https:\\\/\\\/secure.gravatar.com\\\/avatar\\\/5310f602b6cbcfb86e030c4ccdbb78f6565a3b9bab6a74ab80fd3cb5428b65af?s=96&d=mm&r=g\",\"caption\":\"admin\"},\"logo\":{\"@id\":\"https:\\\/\\\/secure.gravatar.com\\\/avatar\\\/5310f602b6cbcfb86e030c4ccdbb78f6565a3b9bab6a74ab80fd3cb5428b65af?s=96&d=mm&r=g\"},\"sameAs\":[\"http:\\\/\\\/informatepy.com\\\/2021\"]},{\"@type\":\"Person\",\"@id\":\"https:\\\/\\\/informatepy.com\\\/2021\\\/#\\\/schema\\\/person\\\/0c842f525f84ea74ef3b44370d11757b\",\"name\":\"Redacci\u00f3n\",\"image\":{\"@type\":\"ImageObject\",\"inLanguage\":\"es\",\"@id\":\"https:\\\/\\\/i0.wp.com\\\/informatepy.com\\\/2021\\\/wp-content\\\/uploads\\\/2021\\\/02\\\/informate-circulo.png?fit=96%2C96&ssl=1\",\"url\":\"https:\\\/\\\/i0.wp.com\\\/informatepy.com\\\/2021\\\/wp-content\\\/uploads\\\/2021\\\/02\\\/informate-circulo.png?fit=96%2C96&ssl=1\",\"contentUrl\":\"https:\\\/\\\/i0.wp.com\\\/informatepy.com\\\/2021\\\/wp-content\\\/uploads\\\/2021\\\/02\\\/informate-circulo.png?fit=96%2C96&ssl=1\",\"caption\":\"Redacci\u00f3n\"},\"sameAs\":[\"https:\\\/\\\/www.facebook.com\\\/InformatePyCom\",\"https:\\\/\\\/x.com\\\/https:\\\/\\\/twitter.com\\\/InformatePy1\"],\"url\":\"https:\\\/\\\/informatepy.com\\\/2021\\\/author\\\/redaccion\\\/\"}]}<\/script>\n<!-- \/ Yoast SEO plugin. -->","yoast_head_json":{"title":"Sixto Pereira sobre la Concertacion: \u00abLa consigna al parecer es unirse solo para tumbar al Partido Colorado\u00bb - Informatepy","robots":{"index":"index","follow":"follow","max-snippet":"max-snippet:-1","max-image-preview":"max-image-preview:large","max-video-preview":"max-video-preview:-1"},"canonical":"https:\/\/informatepy.com\/2021\/2022\/08\/08\/sixto-pereira-sobre-la-concertacion-la-consigna-al-parecer-es-unirse-solo-para-tumbar-al-partido-colorado\/","og_locale":"es_ES","og_type":"article","og_title":"Sixto Pereira sobre la Concertacion: \u00abLa consigna al parecer es unirse solo para tumbar al Partido Colorado\u00bb - Informatepy","og_description":"El senador y l\u00edder de Tekojoja, Sixto Pereira, justific\u00f3 la salida de su partido de bloque de la Concertaci\u00f3n, argumentando que no se le est\u00e1 dando visibilidad a los grandes temas nacionales como para generar pol\u00edticas p\u00fablicas\u00a0serias. \u201cLa consigna al parecer es unirse solo para tumbar al partido Colorado, pero hay que entender que la [&hellip;]","og_url":"https:\/\/informatepy.com\/2021\/2022\/08\/08\/sixto-pereira-sobre-la-concertacion-la-consigna-al-parecer-es-unirse-solo-para-tumbar-al-partido-colorado\/","og_site_name":"Informatepy","article_author":"https:\/\/www.facebook.com\/InformatePyCom","article_published_time":"2022-08-08T12:11:52+00:00","article_modified_time":"2022-08-08T12:11:55+00:00","og_image":[{"width":900,"height":650,"url":"https:\/\/informatepy.com\/2021\/wp-content\/uploads\/2021\/03\/sixto-pereira.jpg","type":"image\/jpeg"}],"author":"Redacci\u00f3n","twitter_card":"summary_large_image","twitter_creator":"@https:\/\/twitter.com\/InformatePy1","twitter_misc":{"Escrito por":"Redacci\u00f3n","Tiempo de lectura":"1 minuto"},"schema":{"@context":"https:\/\/schema.org","@graph":[{"@type":"Article","@id":"https:\/\/informatepy.com\/2021\/2022\/08\/08\/sixto-pereira-sobre-la-concertacion-la-consigna-al-parecer-es-unirse-solo-para-tumbar-al-partido-colorado\/#article","isPartOf":{"@id":"https:\/\/informatepy.com\/2021\/2022\/08\/08\/sixto-pereira-sobre-la-concertacion-la-consigna-al-parecer-es-unirse-solo-para-tumbar-al-partido-colorado\/"},"author":{"name":"Redacci\u00f3n","@id":"https:\/\/informatepy.com\/2021\/#\/schema\/person\/0c842f525f84ea74ef3b44370d11757b"},"headline":"Sixto Pereira sobre la Concertacion: \u00abLa consigna al parecer es unirse solo para tumbar al Partido Colorado\u00bb","datePublished":"2022-08-08T12:11:52+00:00","dateModified":"2022-08-08T12:11:55+00:00","mainEntityOfPage":{"@id":"https:\/\/informatepy.com\/2021\/2022\/08\/08\/sixto-pereira-sobre-la-concertacion-la-consigna-al-parecer-es-unirse-solo-para-tumbar-al-partido-colorado\/"},"wordCount":136,"commentCount":0,"publisher":{"@id":"https:\/\/informatepy.com\/2021\/#\/schema\/person\/edd302c981d6ba4596191719d1025a8a"},"image":{"@id":"https:\/\/informatepy.com\/2021\/2022\/08\/08\/sixto-pereira-sobre-la-concertacion-la-consigna-al-parecer-es-unirse-solo-para-tumbar-al-partido-colorado\/#primaryimage"},"thumbnailUrl":"https:\/\/i0.wp.com\/informatepy.com\/2021\/wp-content\/uploads\/2021\/03\/sixto-pereira.jpg?fit=900%2C650&ssl=1","keywords":["destacada","elecciones 2023","Partido tekojoja","sixto pereira","tekojaja"],"articleSection":["Nacionales"],"inLanguage":"es","potentialAction":[{"@type":"CommentAction","name":"Comment","target":["https:\/\/informatepy.com\/2021\/2022\/08\/08\/sixto-pereira-sobre-la-concertacion-la-consigna-al-parecer-es-unirse-solo-para-tumbar-al-partido-colorado\/#respond"]}]},{"@type":"WebPage","@id":"https:\/\/informatepy.com\/2021\/2022\/08\/08\/sixto-pereira-sobre-la-concertacion-la-consigna-al-parecer-es-unirse-solo-para-tumbar-al-partido-colorado\/","url":"https:\/\/informatepy.com\/2021\/2022\/08\/08\/sixto-pereira-sobre-la-concertacion-la-consigna-al-parecer-es-unirse-solo-para-tumbar-al-partido-colorado\/","name":"Sixto Pereira sobre la Concertacion: \u00abLa consigna al parecer es unirse solo para tumbar al Partido Colorado\u00bb - Informatepy","isPartOf":{"@id":"https:\/\/informatepy.com\/2021\/#website"},"primaryImageOfPage":{"@id":"https:\/\/informatepy.com\/2021\/2022\/08\/08\/sixto-pereira-sobre-la-concertacion-la-consigna-al-parecer-es-unirse-solo-para-tumbar-al-partido-colorado\/#primaryimage"},"image":{"@id":"https:\/\/informatepy.com\/2021\/2022\/08\/08\/sixto-pereira-sobre-la-concertacion-la-consigna-al-parecer-es-unirse-solo-para-tumbar-al-partido-colorado\/#primaryimage"},"thumbnailUrl":"https:\/\/i0.wp.com\/informatepy.com\/2021\/wp-content\/uploads\/2021\/03\/sixto-pereira.jpg?fit=900%2C650&ssl=1","datePublished":"2022-08-08T12:11:52+00:00","dateModified":"2022-08-08T12:11:55+00:00","breadcrumb":{"@id":"https:\/\/informatepy.com\/2021\/2022\/08\/08\/sixto-pereira-sobre-la-concertacion-la-consigna-al-parecer-es-unirse-solo-para-tumbar-al-partido-colorado\/#breadcrumb"},"inLanguage":"es","potentialAction":[{"@type":"ReadAction","target":["https:\/\/informatepy.com\/2021\/2022\/08\/08\/sixto-pereira-sobre-la-concertacion-la-consigna-al-parecer-es-unirse-solo-para-tumbar-al-partido-colorado\/"]}]},{"@type":"ImageObject","inLanguage":"es","@id":"https:\/\/informatepy.com\/2021\/2022\/08\/08\/sixto-pereira-sobre-la-concertacion-la-consigna-al-parecer-es-unirse-solo-para-tumbar-al-partido-colorado\/#primaryimage","url":"https:\/\/i0.wp.com\/informatepy.com\/2021\/wp-content\/uploads\/2021\/03\/sixto-pereira.jpg?fit=900%2C650&ssl=1","contentUrl":"https:\/\/i0.wp.com\/informatepy.com\/2021\/wp-content\/uploads\/2021\/03\/sixto-pereira.jpg?fit=900%2C650&ssl=1","width":900,"height":650},{"@type":"BreadcrumbList","@id":"https:\/\/informatepy.com\/2021\/2022\/08\/08\/sixto-pereira-sobre-la-concertacion-la-consigna-al-parecer-es-unirse-solo-para-tumbar-al-partido-colorado\/#breadcrumb","itemListElement":[{"@type":"ListItem","position":1,"name":"Portada","item":"https:\/\/informatepy.com\/2021\/"},{"@type":"ListItem","position":2,"name":"Sixto Pereira sobre la Concertacion: \u00abLa consigna al parecer es unirse solo para tumbar al Partido Colorado\u00bb"}]},{"@type":"WebSite","@id":"https:\/\/informatepy.com\/2021\/#website","url":"https:\/\/informatepy.com\/2021\/","name":"Informatepy","description":"La verdad, siempre!","publisher":{"@id":"https:\/\/informatepy.com\/2021\/#\/schema\/person\/edd302c981d6ba4596191719d1025a8a"},"potentialAction":[{"@type":"SearchAction","target":{"@type":"EntryPoint","urlTemplate":"https:\/\/informatepy.com\/2021\/?s={search_term_string}"},"query-input":{"@type":"PropertyValueSpecification","valueRequired":true,"valueName":"search_term_string"}}],"inLanguage":"es"},{"@type":["Person","Organization"],"@id":"https:\/\/informatepy.com\/2021\/#\/schema\/person\/edd302c981d6ba4596191719d1025a8a","name":"admin","image":{"@type":"ImageObject","inLanguage":"es","@id":"https:\/\/secure.gravatar.com\/avatar\/5310f602b6cbcfb86e030c4ccdbb78f6565a3b9bab6a74ab80fd3cb5428b65af?s=96&d=mm&r=g","url":"https:\/\/secure.gravatar.com\/avatar\/5310f602b6cbcfb86e030c4ccdbb78f6565a3b9bab6a74ab80fd3cb5428b65af?s=96&d=mm&r=g","contentUrl":"https:\/\/secure.gravatar.com\/avatar\/5310f602b6cbcfb86e030c4ccdbb78f6565a3b9bab6a74ab80fd3cb5428b65af?s=96&d=mm&r=g","caption":"admin"},"logo":{"@id":"https:\/\/secure.gravatar.com\/avatar\/5310f602b6cbcfb86e030c4ccdbb78f6565a3b9bab6a74ab80fd3cb5428b65af?s=96&d=mm&r=g"},"sameAs":["http:\/\/informatepy.com\/2021"]},{"@type":"Person","@id":"https:\/\/informatepy.com\/2021\/#\/schema\/person\/0c842f525f84ea74ef3b44370d11757b","name":"Redacci\u00f3n","image":{"@type":"ImageObject","inLanguage":"es","@id":"https:\/\/i0.wp.com\/informatepy.com\/2021\/wp-content\/uploads\/2021\/02\/informate-circulo.png?fit=96%2C96&ssl=1","url":"https:\/\/i0.wp.com\/informatepy.com\/2021\/wp-content\/uploads\/2021\/02\/informate-circulo.png?fit=96%2C96&ssl=1","contentUrl":"https:\/\/i0.wp.com\/informatepy.com\/2021\/wp-content\/uploads\/2021\/02\/informate-circulo.png?fit=96%2C96&ssl=1","caption":"Redacci\u00f3n"},"sameAs":["https:\/\/www.facebook.com\/InformatePyCom","https:\/\/x.com\/https:\/\/twitter.com\/InformatePy1"],"url":"https:\/\/informatepy.com\/2021\/author\/redaccion\/"}]}},"jetpack_featured_media_url":"https:\/\/i0.wp.com\/informatepy.com\/2021\/wp-content\/uploads\/2021\/03\/sixto-pereira.jpg?fit=900%2C650&ssl=1","jetpack_sharing_enabled":true,"jetpack_likes_enabled":true,"jetpack-related-posts":[{"id":13286,"url":"https:\/\/informatepy.com\/2021\/2022\/08\/12\/sixto-pereira-pide-a-los-sectores-de-izquierda-que-abandonen-la-concertacion\/","url_meta":{"origin":13188,"position":0},"title":"Sixto Pereira pide a los sectores de izquierda que abandonen la Concertaci\u00f3n","date":"12 de agosto de 2022","format":false,"excerpt":"En conversaci\u00f3n con la 800 AM, Sixto Pereira, senador del Frente Guasu y titular del Partido Tekojoja sugiere que la izquierda como bloque abandone, como un bloque, la Concertaci\u00f3n ante la casi segura oficializaci\u00f3n de la dupla principal a ser conformada por Efra\u00edn Alegre y Soledad N\u00fa\u00f1ez. La Concertaci\u00f3n \"ya\u2026","rel":"","context":"En \u00abNacionales\u00bb","img":{"alt_text":"","src":"https:\/\/i0.wp.com\/informatepy.com\/2021\/wp-content\/uploads\/2021\/03\/sixto-pereira.jpg?fit=900%2C650&ssl=1&resize=350%2C200","width":350,"height":200},"classes":[]},{"id":13518,"url":"https:\/\/informatepy.com\/2021\/2022\/08\/22\/sixto-pereira-lamenta-que-la-concertacion-se-haya-hecho-a-imagen-y-semejanza-de-efrain-alegre\/","url_meta":{"origin":13188,"position":1},"title":"Sixto Pereira lamenta que la concertaci\u00f3n se haya hecho \u201ca imagen y semejanza de Efra\u00edn Alegre\u201d","date":"22 de agosto de 2022","format":false,"excerpt":"El senador Sixto Pereira se\u00f1al\u00f3 que la Concertaci\u00f3n Nacional se hizo \u201ca imagen y semejanza\" del presidente del Partido Liberal Radical Aut\u00e9ntico (PLRA), Efra\u00edn Alegre, y ante esta situaci\u00f3n varios partidos del Frente Guasu se retiraron del bloque. \u201cEsta concertaci\u00f3n se hizo a imagen y semejanza solamente de Efra\u00edn Alegre.\u2026","rel":"","context":"En \u00abNacionales\u00bb","img":{"alt_text":"","src":"https:\/\/i0.wp.com\/informatepy.com\/2021\/wp-content\/uploads\/2022\/08\/pereira-sixto.jpg?fit=1200%2C766&ssl=1&resize=350%2C200","width":350,"height":200},"classes":[]},{"id":13109,"url":"https:\/\/informatepy.com\/2021\/2022\/08\/04\/cada-vez-mas-alejados-en-la-concertacion-solo-buscan-desplazar-al-partido-colorado-dice-sixto-pereira\/","url_meta":{"origin":13188,"position":2},"title":"Cada vez m\u00e1s alejados: \u201cEn la concertaci\u00f3n solo buscan desplazar al Partido Colorado\u201d, dice Sixto Pereira","date":"4 de agosto de 2022","format":false,"excerpt":"El senador del Frente Guasu, Sixto Pereira, afirm\u00f3 que en la concertaci\u00f3n solo se busca el desplazamiento del Partido Colorado; \u201calternancia y punto\u201d. Asegur\u00f3 que es dif\u00edcil congeniar, ya que desde su sector buscan \u201cmarcar la diferencia\u201d. Afirm\u00f3 que \u201cla gente est\u00e1 con mucha molestia\u201d principalmente ante el planteamiento de\u2026","rel":"","context":"En \u00abNacionales\u00bb","img":{"alt_text":"","src":"https:\/\/i0.wp.com\/informatepy.com\/2021\/wp-content\/uploads\/2021\/03\/sixto-pereira.jpg?fit=900%2C650&ssl=1&resize=350%2C200","width":350,"height":200},"classes":[]},{"id":8186,"url":"https:\/\/informatepy.com\/2021\/2021\/11\/07\/sixto-pereira-candidato-presidencial-por-tekojoja\/","url_meta":{"origin":13188,"position":3},"title":"Sixto Pereira candidato presidencial por Tekojoja","date":"7 de noviembre de 2021","format":false,"excerpt":"El Partido Tekojoja decidi\u00f3 el s\u00e1bado postular a la Presidencia de la Rep\u00fablica al senador Sixto Pereira. La postura fue tomada ayer s\u00e1bado durante una reuni\u00f3n de la conducci\u00f3n nacional de la organizaci\u00f3n integrante de la Concertaci\u00f3n Frente Guasu. \u201cPosterior a un intenso debate y an\u00e1lisis de la realidad nacional,\u2026","rel":"","context":"En \u00abNacionales\u00bb","img":{"alt_text":"","src":"https:\/\/i0.wp.com\/informatepy.com\/2021\/wp-content\/uploads\/2021\/09\/sixto-pereira-scaled-1.jpg?fit=1200%2C663&ssl=1&resize=350%2C200","width":350,"height":200},"classes":[]},{"id":13370,"url":"https:\/\/informatepy.com\/2021\/2022\/08\/16\/sixto-pereira-en-la-concertacion-ocurrira-una-pelea-como-de-perros-y-gatos\/","url_meta":{"origin":13188,"position":4},"title":"Sixto Pereira: \u00abEn la concertaci\u00f3n ocurrir\u00e1 una pelea como de perros y gatos\u00bb","date":"16 de agosto de 2022","format":false,"excerpt":"Luego del anuncio de Esperanza Mart\u00ednez acerca de la declinaci\u00f3n de su candidatura presidencial, el tambi\u00e9n senador Sixto Pereira se\u00f1al\u00f3 que una cantidad importante de dirigentes del Frente Guasu analizan dejar completamente la Concertaci\u00f3n. En comunicaci\u00f3n con la 800 AM afirm\u00f3: \u201cNuestra fuerza es propositiva, cohesionada y trabaja en defensa\u2026","rel":"","context":"En \u00abNacionales\u00bb","img":{"alt_text":"","src":"https:\/\/i0.wp.com\/informatepy.com\/2021\/wp-content\/uploads\/2022\/08\/pereira-sixto.jpg?fit=1200%2C766&ssl=1&resize=350%2C200","width":350,"height":200},"classes":[]},{"id":6254,"url":"https:\/\/informatepy.com\/2021\/2021\/08\/07\/convocan-a-una-marcha-para-pedir-la-expulsion-de-sixto-pereira-del-senado\/","url_meta":{"origin":13188,"position":5},"title":"Convocan a una marcha para pedir la expulsi\u00f3n de Sixto Pereira del Senado","date":"7 de agosto de 2021","format":false,"excerpt":"Desde las redes sociales est\u00e1n convocando a una marcha para pedir la expulsi\u00f3n del senador del Partido Popular Tekojoja por su responsabilidad en los hechos de desestabilizaci\u00f3n pol\u00edtica de los \u00faltimos d\u00edas. La convocatoria est\u00e1 realizada \"Por la paz y la estabilidad del Paraguay\" y contra los \"v\u00ednculos con terroristas\u2026","rel":"","context":"En \u00abNacionales\u00bb","img":{"alt_text":"","src":"https:\/\/i0.wp.com\/informatepy.com\/2021\/wp-content\/uploads\/2021\/07\/sixto-pereira-con-secuestradores.jpg?fit=550%2C383&ssl=1&resize=350%2C200","width":350,"height":200},"classes":[]}],"authors":[{"term_id":1051,"user_id":4,"is_guest":0,"slug":"redaccion","display_name":"Redacci\u00f3n","avatar_url":"https:\/\/i0.wp.com\/informatepy.com\/2021\/wp-content\/uploads\/2021\/02\/informate-circulo.png?fit=96%2C96&ssl=1","first_name":"Redacci\u00f3n","last_name":"","user_url":"","description":""}],"amp_enabled":true,"_links":{"self":[{"href":"https:\/\/informatepy.com\/2021\/wp-json\/wp\/v2\/posts\/13188","targetHints":{"allow":["GET"]}}],"collection":[{"href":"https:\/\/informatepy.com\/2021\/wp-json\/wp\/v2\/posts"}],"about":[{"href":"https:\/\/informatepy.com\/2021\/wp-json\/wp\/v2\/types\/post"}],"author":[{"embeddable":true,"href":"https:\/\/informatepy.com\/2021\/wp-json\/wp\/v2\/users\/4"}],"replies":[{"embeddable":true,"href":"https:\/\/informatepy.com\/2021\/wp-json\/wp\/v2\/comments?post=13188"}],"version-history":[{"count":1,"href":"https:\/\/informatepy.com\/2021\/wp-json\/wp\/v2\/posts\/13188\/revisions"}],"predecessor-version":[{"id":13189,"href":"https:\/\/informatepy.com\/2021\/wp-json\/wp\/v2\/posts\/13188\/revisions\/13189"}],"wp:featuredmedia":[{"embeddable":true,"href":"https:\/\/informatepy.com\/2021\/wp-json\/wp\/v2\/media\/4082"}],"wp:attachment":[{"href":"https:\/\/informatepy.com\/2021\/wp-json\/wp\/v2\/media?parent=13188"}],"wp:term":[{"taxonomy":"category","embeddable":true,"href":"https:\/\/informatepy.com\/2021\/wp-json\/wp\/v2\/categories?post=13188"},{"taxonomy":"post_tag","embeddable":true,"href":"https:\/\/informatepy.com\/2021\/wp-json\/wp\/v2\/tags?post=13188"},{"taxonomy":"author","embeddable":true,"href":"https:\/\/informatepy.com\/2021\/wp-json\/wp\/v2\/ppma_author?post=13188"}],"curies":[{"name":"wp","href":"https:\/\/api.w.org\/{rel}","templated":true}]}}