{"id":13113,"date":"2022-08-04T15:00:41","date_gmt":"2022-08-04T18:00:41","guid":{"rendered":"https:\/\/informatepy.com\/2021\/?p=13113"},"modified":"2022-08-04T15:00:44","modified_gmt":"2022-08-04T18:00:44","slug":"amnistia-internacional-denuncia-a-las-fuerzas-armadas-ucranianas","status":"publish","type":"post","link":"https:\/\/informatepy.com\/2021\/2022\/08\/04\/amnistia-internacional-denuncia-a-las-fuerzas-armadas-ucranianas\/","title":{"rendered":"Amnist\u00eda Internacional denuncia a las Fuerzas Armadas ucranianas"},"content":{"rendered":"\n<p class=\"has-text-align-justify\">Las fuerzas ucranianas est\u00e1n violando el derecho internacional y poniendo en peligro a la poblaci\u00f3n civil al establecer bases en zonas residenciales, incluidas escuelas y hospitales, ha manifestado Amnist\u00eda Internacional el jueves.<\/p>\n\n\n\n<p class=\"has-text-align-justify\">Las acusaciones provocaron cr\u00edticas airadas de Kiev de que el grupo de derechos humanos estaba dibujando una <strong>\u00abfalsa equivalencia\u00bb <\/strong>entre las acciones de las fuerzas invasoras de Rusia y los ucranianos que defienden su patria.<\/p>\n\n\n\n<p class=\"has-text-align-justify\">El informe de Amnist\u00eda Internacional enumer\u00f3 incidentes en los que las fuerzas ucranianas parec\u00edan <strong>haber expuesto a civiles al peligro en 19 ciudades y pueblos de las regiones de J\u00e1rkov, Donb\u00e1s y Mykolaiv.<\/strong><\/p>\n\n\n\n<p class=\"has-text-align-justify\"><em><strong>\u00abHemos documentado un patr\u00f3n de fuerzas ucranianas que ponen en peligro a la poblaci\u00f3n civil y violan las leyes de la guerra cuando operan en zonas pobladas\u00bb<\/strong><\/em>, ha manifestado la secretaria general de Amnist\u00eda Internacional, Agnes Callamard.<\/p>\n\n\n\n<p class=\"has-text-align-justify\"><em><strong>\u00abEstar en una posici\u00f3n defensiva no exime al ej\u00e9rcito ucraniano de respetar el derecho internacional humanitario\u00bb<\/strong><\/em>.<\/p>\n","protected":false},"excerpt":{"rendered":"<p>Las fuerzas ucranianas est\u00e1n violando el derecho internacional y poniendo en peligro a la poblaci\u00f3n civil al establecer bases en zonas residenciales, incluidas escuelas y hospitales, ha manifestado Amnist\u00eda Internacional el jueves. Las acusaciones provocaron cr\u00edticas airadas de Kiev de que el grupo de derechos humanos estaba dibujando una \u00abfalsa equivalencia\u00bb entre las acciones de [&hellip;]<\/p>\n","protected":false},"author":4,"featured_media":13114,"comment_status":"open","ping_status":"open","sticky":false,"template":"","format":"standard","meta":{"_monsterinsights_skip_tracking":false,"_monsterinsights_sitenote_active":false,"_monsterinsights_sitenote_note":"","_monsterinsights_sitenote_category":0,"footnotes":"","jetpack_publicize_message":"","jetpack_is_tweetstorm":false,"jetpack_publicize_feature_enabled":true},"categories":[173],"tags":[1036,282,1654],"ppma_author":[1051],"class_list":["post-13113","post","type-post","status-publish","format-standard","has-post-thumbnail","hentry","category-mundo","tag-destacada","tag-rusia","tag-ucrania"],"jetpack_publicize_connections":[],"yoast_head":"<!-- This site is optimized with the Yoast SEO plugin v27.5 - https:\/\/yoast.com\/product\/yoast-seo-wordpress\/ -->\n<title>Amnist\u00eda Internacional denuncia a las Fuerzas Armadas ucranianas - Informatepy<\/title>\n<meta name=\"robots\" content=\"index, follow, max-snippet:-1, max-image-preview:large, max-video-preview:-1\" \/>\n<link rel=\"canonical\" href=\"https:\/\/informatepy.com\/2021\/2022\/08\/04\/amnistia-internacional-denuncia-a-las-fuerzas-armadas-ucranianas\/\" \/>\n<meta property=\"og:locale\" content=\"es_ES\" \/>\n<meta property=\"og:type\" content=\"article\" \/>\n<meta property=\"og:title\" content=\"Amnist\u00eda Internacional denuncia a las Fuerzas Armadas ucranianas - Informatepy\" \/>\n<meta property=\"og:description\" content=\"Las fuerzas ucranianas est\u00e1n violando el derecho internacional y poniendo en peligro a la poblaci\u00f3n civil al establecer bases en zonas residenciales, incluidas escuelas y hospitales, ha manifestado Amnist\u00eda Internacional el jueves. Las acusaciones provocaron cr\u00edticas airadas de Kiev de que el grupo de derechos humanos estaba dibujando una \u00abfalsa equivalencia\u00bb entre las acciones de [&hellip;]\" \/>\n<meta property=\"og:url\" content=\"https:\/\/informatepy.com\/2021\/2022\/08\/04\/amnistia-internacional-denuncia-a-las-fuerzas-armadas-ucranianas\/\" \/>\n<meta property=\"og:site_name\" content=\"Informatepy\" \/>\n<meta property=\"article:author\" content=\"https:\/\/www.facebook.com\/InformatePyCom\" \/>\n<meta property=\"article:published_time\" content=\"2022-08-04T18:00:41+00:00\" \/>\n<meta property=\"article:modified_time\" content=\"2022-08-04T18:00:44+00:00\" \/>\n<meta property=\"og:image\" content=\"https:\/\/informatepy.com\/2021\/wp-content\/uploads\/2022\/08\/donbas.jpg\" \/>\n\t<meta property=\"og:image:width\" content=\"1024\" \/>\n\t<meta property=\"og:image:height\" content=\"678\" \/>\n\t<meta property=\"og:image:type\" content=\"image\/jpeg\" \/>\n<meta name=\"author\" content=\"Redacci\u00f3n\" \/>\n<meta name=\"twitter:card\" content=\"summary_large_image\" \/>\n<meta name=\"twitter:creator\" content=\"@https:\/\/twitter.com\/InformatePy1\" \/>\n<meta name=\"twitter:label1\" content=\"Escrito por\" \/>\n\t<meta name=\"twitter:data1\" content=\"Redacci\u00f3n\" \/>\n\t<meta name=\"twitter:label2\" content=\"Tiempo de lectura\" \/>\n\t<meta name=\"twitter:data2\" content=\"1 minuto\" \/>\n<script type=\"application\/ld+json\" class=\"yoast-schema-graph\">{\"@context\":\"https:\\\/\\\/schema.org\",\"@graph\":[{\"@type\":\"Article\",\"@id\":\"https:\\\/\\\/informatepy.com\\\/2021\\\/2022\\\/08\\\/04\\\/amnistia-internacional-denuncia-a-las-fuerzas-armadas-ucranianas\\\/#article\",\"isPartOf\":{\"@id\":\"https:\\\/\\\/informatepy.com\\\/2021\\\/2022\\\/08\\\/04\\\/amnistia-internacional-denuncia-a-las-fuerzas-armadas-ucranianas\\\/\"},\"author\":{\"name\":\"Redacci\u00f3n\",\"@id\":\"https:\\\/\\\/informatepy.com\\\/2021\\\/#\\\/schema\\\/person\\\/0c842f525f84ea74ef3b44370d11757b\"},\"headline\":\"Amnist\u00eda Internacional denuncia a las Fuerzas Armadas ucranianas\",\"datePublished\":\"2022-08-04T18:00:41+00:00\",\"dateModified\":\"2022-08-04T18:00:44+00:00\",\"mainEntityOfPage\":{\"@id\":\"https:\\\/\\\/informatepy.com\\\/2021\\\/2022\\\/08\\\/04\\\/amnistia-internacional-denuncia-a-las-fuerzas-armadas-ucranianas\\\/\"},\"wordCount\":174,\"commentCount\":1,\"publisher\":{\"@id\":\"https:\\\/\\\/informatepy.com\\\/2021\\\/#\\\/schema\\\/person\\\/edd302c981d6ba4596191719d1025a8a\"},\"image\":{\"@id\":\"https:\\\/\\\/informatepy.com\\\/2021\\\/2022\\\/08\\\/04\\\/amnistia-internacional-denuncia-a-las-fuerzas-armadas-ucranianas\\\/#primaryimage\"},\"thumbnailUrl\":\"https:\\\/\\\/i0.wp.com\\\/informatepy.com\\\/2021\\\/wp-content\\\/uploads\\\/2022\\\/08\\\/donbas.jpg?fit=1024%2C678&ssl=1\",\"keywords\":[\"destacada\",\"rusia\",\"ucrania\"],\"articleSection\":[\"Mundo\"],\"inLanguage\":\"es\",\"potentialAction\":[{\"@type\":\"CommentAction\",\"name\":\"Comment\",\"target\":[\"https:\\\/\\\/informatepy.com\\\/2021\\\/2022\\\/08\\\/04\\\/amnistia-internacional-denuncia-a-las-fuerzas-armadas-ucranianas\\\/#respond\"]}]},{\"@type\":\"WebPage\",\"@id\":\"https:\\\/\\\/informatepy.com\\\/2021\\\/2022\\\/08\\\/04\\\/amnistia-internacional-denuncia-a-las-fuerzas-armadas-ucranianas\\\/\",\"url\":\"https:\\\/\\\/informatepy.com\\\/2021\\\/2022\\\/08\\\/04\\\/amnistia-internacional-denuncia-a-las-fuerzas-armadas-ucranianas\\\/\",\"name\":\"Amnist\u00eda Internacional denuncia a las Fuerzas Armadas ucranianas - Informatepy\",\"isPartOf\":{\"@id\":\"https:\\\/\\\/informatepy.com\\\/2021\\\/#website\"},\"primaryImageOfPage\":{\"@id\":\"https:\\\/\\\/informatepy.com\\\/2021\\\/2022\\\/08\\\/04\\\/amnistia-internacional-denuncia-a-las-fuerzas-armadas-ucranianas\\\/#primaryimage\"},\"image\":{\"@id\":\"https:\\\/\\\/informatepy.com\\\/2021\\\/2022\\\/08\\\/04\\\/amnistia-internacional-denuncia-a-las-fuerzas-armadas-ucranianas\\\/#primaryimage\"},\"thumbnailUrl\":\"https:\\\/\\\/i0.wp.com\\\/informatepy.com\\\/2021\\\/wp-content\\\/uploads\\\/2022\\\/08\\\/donbas.jpg?fit=1024%2C678&ssl=1\",\"datePublished\":\"2022-08-04T18:00:41+00:00\",\"dateModified\":\"2022-08-04T18:00:44+00:00\",\"breadcrumb\":{\"@id\":\"https:\\\/\\\/informatepy.com\\\/2021\\\/2022\\\/08\\\/04\\\/amnistia-internacional-denuncia-a-las-fuerzas-armadas-ucranianas\\\/#breadcrumb\"},\"inLanguage\":\"es\",\"potentialAction\":[{\"@type\":\"ReadAction\",\"target\":[\"https:\\\/\\\/informatepy.com\\\/2021\\\/2022\\\/08\\\/04\\\/amnistia-internacional-denuncia-a-las-fuerzas-armadas-ucranianas\\\/\"]}]},{\"@type\":\"ImageObject\",\"inLanguage\":\"es\",\"@id\":\"https:\\\/\\\/informatepy.com\\\/2021\\\/2022\\\/08\\\/04\\\/amnistia-internacional-denuncia-a-las-fuerzas-armadas-ucranianas\\\/#primaryimage\",\"url\":\"https:\\\/\\\/i0.wp.com\\\/informatepy.com\\\/2021\\\/wp-content\\\/uploads\\\/2022\\\/08\\\/donbas.jpg?fit=1024%2C678&ssl=1\",\"contentUrl\":\"https:\\\/\\\/i0.wp.com\\\/informatepy.com\\\/2021\\\/wp-content\\\/uploads\\\/2022\\\/08\\\/donbas.jpg?fit=1024%2C678&ssl=1\",\"width\":1024,\"height\":678},{\"@type\":\"BreadcrumbList\",\"@id\":\"https:\\\/\\\/informatepy.com\\\/2021\\\/2022\\\/08\\\/04\\\/amnistia-internacional-denuncia-a-las-fuerzas-armadas-ucranianas\\\/#breadcrumb\",\"itemListElement\":[{\"@type\":\"ListItem\",\"position\":1,\"name\":\"Portada\",\"item\":\"https:\\\/\\\/informatepy.com\\\/2021\\\/\"},{\"@type\":\"ListItem\",\"position\":2,\"name\":\"Amnist\u00eda Internacional denuncia a las Fuerzas Armadas ucranianas\"}]},{\"@type\":\"WebSite\",\"@id\":\"https:\\\/\\\/informatepy.com\\\/2021\\\/#website\",\"url\":\"https:\\\/\\\/informatepy.com\\\/2021\\\/\",\"name\":\"Informatepy\",\"description\":\"La verdad, siempre!\",\"publisher\":{\"@id\":\"https:\\\/\\\/informatepy.com\\\/2021\\\/#\\\/schema\\\/person\\\/edd302c981d6ba4596191719d1025a8a\"},\"potentialAction\":[{\"@type\":\"SearchAction\",\"target\":{\"@type\":\"EntryPoint\",\"urlTemplate\":\"https:\\\/\\\/informatepy.com\\\/2021\\\/?s={search_term_string}\"},\"query-input\":{\"@type\":\"PropertyValueSpecification\",\"valueRequired\":true,\"valueName\":\"search_term_string\"}}],\"inLanguage\":\"es\"},{\"@type\":[\"Person\",\"Organization\"],\"@id\":\"https:\\\/\\\/informatepy.com\\\/2021\\\/#\\\/schema\\\/person\\\/edd302c981d6ba4596191719d1025a8a\",\"name\":\"admin\",\"image\":{\"@type\":\"ImageObject\",\"inLanguage\":\"es\",\"@id\":\"https:\\\/\\\/secure.gravatar.com\\\/avatar\\\/5310f602b6cbcfb86e030c4ccdbb78f6565a3b9bab6a74ab80fd3cb5428b65af?s=96&d=mm&r=g\",\"url\":\"https:\\\/\\\/secure.gravatar.com\\\/avatar\\\/5310f602b6cbcfb86e030c4ccdbb78f6565a3b9bab6a74ab80fd3cb5428b65af?s=96&d=mm&r=g\",\"contentUrl\":\"https:\\\/\\\/secure.gravatar.com\\\/avatar\\\/5310f602b6cbcfb86e030c4ccdbb78f6565a3b9bab6a74ab80fd3cb5428b65af?s=96&d=mm&r=g\",\"caption\":\"admin\"},\"logo\":{\"@id\":\"https:\\\/\\\/secure.gravatar.com\\\/avatar\\\/5310f602b6cbcfb86e030c4ccdbb78f6565a3b9bab6a74ab80fd3cb5428b65af?s=96&d=mm&r=g\"},\"sameAs\":[\"http:\\\/\\\/informatepy.com\\\/2021\"]},{\"@type\":\"Person\",\"@id\":\"https:\\\/\\\/informatepy.com\\\/2021\\\/#\\\/schema\\\/person\\\/0c842f525f84ea74ef3b44370d11757b\",\"name\":\"Redacci\u00f3n\",\"image\":{\"@type\":\"ImageObject\",\"inLanguage\":\"es\",\"@id\":\"https:\\\/\\\/i0.wp.com\\\/informatepy.com\\\/2021\\\/wp-content\\\/uploads\\\/2021\\\/02\\\/informate-circulo.png?fit=96%2C96&ssl=1\",\"url\":\"https:\\\/\\\/i0.wp.com\\\/informatepy.com\\\/2021\\\/wp-content\\\/uploads\\\/2021\\\/02\\\/informate-circulo.png?fit=96%2C96&ssl=1\",\"contentUrl\":\"https:\\\/\\\/i0.wp.com\\\/informatepy.com\\\/2021\\\/wp-content\\\/uploads\\\/2021\\\/02\\\/informate-circulo.png?fit=96%2C96&ssl=1\",\"caption\":\"Redacci\u00f3n\"},\"sameAs\":[\"https:\\\/\\\/www.facebook.com\\\/InformatePyCom\",\"https:\\\/\\\/x.com\\\/https:\\\/\\\/twitter.com\\\/InformatePy1\"],\"url\":\"https:\\\/\\\/informatepy.com\\\/2021\\\/author\\\/redaccion\\\/\"}]}<\/script>\n<!-- \/ Yoast SEO plugin. -->","yoast_head_json":{"title":"Amnist\u00eda Internacional denuncia a las Fuerzas Armadas ucranianas - Informatepy","robots":{"index":"index","follow":"follow","max-snippet":"max-snippet:-1","max-image-preview":"max-image-preview:large","max-video-preview":"max-video-preview:-1"},"canonical":"https:\/\/informatepy.com\/2021\/2022\/08\/04\/amnistia-internacional-denuncia-a-las-fuerzas-armadas-ucranianas\/","og_locale":"es_ES","og_type":"article","og_title":"Amnist\u00eda Internacional denuncia a las Fuerzas Armadas ucranianas - Informatepy","og_description":"Las fuerzas ucranianas est\u00e1n violando el derecho internacional y poniendo en peligro a la poblaci\u00f3n civil al establecer bases en zonas residenciales, incluidas escuelas y hospitales, ha manifestado Amnist\u00eda Internacional el jueves. Las acusaciones provocaron cr\u00edticas airadas de Kiev de que el grupo de derechos humanos estaba dibujando una \u00abfalsa equivalencia\u00bb entre las acciones de [&hellip;]","og_url":"https:\/\/informatepy.com\/2021\/2022\/08\/04\/amnistia-internacional-denuncia-a-las-fuerzas-armadas-ucranianas\/","og_site_name":"Informatepy","article_author":"https:\/\/www.facebook.com\/InformatePyCom","article_published_time":"2022-08-04T18:00:41+00:00","article_modified_time":"2022-08-04T18:00:44+00:00","og_image":[{"width":1024,"height":678,"url":"https:\/\/informatepy.com\/2021\/wp-content\/uploads\/2022\/08\/donbas.jpg","type":"image\/jpeg"}],"author":"Redacci\u00f3n","twitter_card":"summary_large_image","twitter_creator":"@https:\/\/twitter.com\/InformatePy1","twitter_misc":{"Escrito por":"Redacci\u00f3n","Tiempo de lectura":"1 minuto"},"schema":{"@context":"https:\/\/schema.org","@graph":[{"@type":"Article","@id":"https:\/\/informatepy.com\/2021\/2022\/08\/04\/amnistia-internacional-denuncia-a-las-fuerzas-armadas-ucranianas\/#article","isPartOf":{"@id":"https:\/\/informatepy.com\/2021\/2022\/08\/04\/amnistia-internacional-denuncia-a-las-fuerzas-armadas-ucranianas\/"},"author":{"name":"Redacci\u00f3n","@id":"https:\/\/informatepy.com\/2021\/#\/schema\/person\/0c842f525f84ea74ef3b44370d11757b"},"headline":"Amnist\u00eda Internacional denuncia a las Fuerzas Armadas ucranianas","datePublished":"2022-08-04T18:00:41+00:00","dateModified":"2022-08-04T18:00:44+00:00","mainEntityOfPage":{"@id":"https:\/\/informatepy.com\/2021\/2022\/08\/04\/amnistia-internacional-denuncia-a-las-fuerzas-armadas-ucranianas\/"},"wordCount":174,"commentCount":1,"publisher":{"@id":"https:\/\/informatepy.com\/2021\/#\/schema\/person\/edd302c981d6ba4596191719d1025a8a"},"image":{"@id":"https:\/\/informatepy.com\/2021\/2022\/08\/04\/amnistia-internacional-denuncia-a-las-fuerzas-armadas-ucranianas\/#primaryimage"},"thumbnailUrl":"https:\/\/i0.wp.com\/informatepy.com\/2021\/wp-content\/uploads\/2022\/08\/donbas.jpg?fit=1024%2C678&ssl=1","keywords":["destacada","rusia","ucrania"],"articleSection":["Mundo"],"inLanguage":"es","potentialAction":[{"@type":"CommentAction","name":"Comment","target":["https:\/\/informatepy.com\/2021\/2022\/08\/04\/amnistia-internacional-denuncia-a-las-fuerzas-armadas-ucranianas\/#respond"]}]},{"@type":"WebPage","@id":"https:\/\/informatepy.com\/2021\/2022\/08\/04\/amnistia-internacional-denuncia-a-las-fuerzas-armadas-ucranianas\/","url":"https:\/\/informatepy.com\/2021\/2022\/08\/04\/amnistia-internacional-denuncia-a-las-fuerzas-armadas-ucranianas\/","name":"Amnist\u00eda Internacional denuncia a las Fuerzas Armadas ucranianas - Informatepy","isPartOf":{"@id":"https:\/\/informatepy.com\/2021\/#website"},"primaryImageOfPage":{"@id":"https:\/\/informatepy.com\/2021\/2022\/08\/04\/amnistia-internacional-denuncia-a-las-fuerzas-armadas-ucranianas\/#primaryimage"},"image":{"@id":"https:\/\/informatepy.com\/2021\/2022\/08\/04\/amnistia-internacional-denuncia-a-las-fuerzas-armadas-ucranianas\/#primaryimage"},"thumbnailUrl":"https:\/\/i0.wp.com\/informatepy.com\/2021\/wp-content\/uploads\/2022\/08\/donbas.jpg?fit=1024%2C678&ssl=1","datePublished":"2022-08-04T18:00:41+00:00","dateModified":"2022-08-04T18:00:44+00:00","breadcrumb":{"@id":"https:\/\/informatepy.com\/2021\/2022\/08\/04\/amnistia-internacional-denuncia-a-las-fuerzas-armadas-ucranianas\/#breadcrumb"},"inLanguage":"es","potentialAction":[{"@type":"ReadAction","target":["https:\/\/informatepy.com\/2021\/2022\/08\/04\/amnistia-internacional-denuncia-a-las-fuerzas-armadas-ucranianas\/"]}]},{"@type":"ImageObject","inLanguage":"es","@id":"https:\/\/informatepy.com\/2021\/2022\/08\/04\/amnistia-internacional-denuncia-a-las-fuerzas-armadas-ucranianas\/#primaryimage","url":"https:\/\/i0.wp.com\/informatepy.com\/2021\/wp-content\/uploads\/2022\/08\/donbas.jpg?fit=1024%2C678&ssl=1","contentUrl":"https:\/\/i0.wp.com\/informatepy.com\/2021\/wp-content\/uploads\/2022\/08\/donbas.jpg?fit=1024%2C678&ssl=1","width":1024,"height":678},{"@type":"BreadcrumbList","@id":"https:\/\/informatepy.com\/2021\/2022\/08\/04\/amnistia-internacional-denuncia-a-las-fuerzas-armadas-ucranianas\/#breadcrumb","itemListElement":[{"@type":"ListItem","position":1,"name":"Portada","item":"https:\/\/informatepy.com\/2021\/"},{"@type":"ListItem","position":2,"name":"Amnist\u00eda Internacional denuncia a las Fuerzas Armadas ucranianas"}]},{"@type":"WebSite","@id":"https:\/\/informatepy.com\/2021\/#website","url":"https:\/\/informatepy.com\/2021\/","name":"Informatepy","description":"La verdad, siempre!","publisher":{"@id":"https:\/\/informatepy.com\/2021\/#\/schema\/person\/edd302c981d6ba4596191719d1025a8a"},"potentialAction":[{"@type":"SearchAction","target":{"@type":"EntryPoint","urlTemplate":"https:\/\/informatepy.com\/2021\/?s={search_term_string}"},"query-input":{"@type":"PropertyValueSpecification","valueRequired":true,"valueName":"search_term_string"}}],"inLanguage":"es"},{"@type":["Person","Organization"],"@id":"https:\/\/informatepy.com\/2021\/#\/schema\/person\/edd302c981d6ba4596191719d1025a8a","name":"admin","image":{"@type":"ImageObject","inLanguage":"es","@id":"https:\/\/secure.gravatar.com\/avatar\/5310f602b6cbcfb86e030c4ccdbb78f6565a3b9bab6a74ab80fd3cb5428b65af?s=96&d=mm&r=g","url":"https:\/\/secure.gravatar.com\/avatar\/5310f602b6cbcfb86e030c4ccdbb78f6565a3b9bab6a74ab80fd3cb5428b65af?s=96&d=mm&r=g","contentUrl":"https:\/\/secure.gravatar.com\/avatar\/5310f602b6cbcfb86e030c4ccdbb78f6565a3b9bab6a74ab80fd3cb5428b65af?s=96&d=mm&r=g","caption":"admin"},"logo":{"@id":"https:\/\/secure.gravatar.com\/avatar\/5310f602b6cbcfb86e030c4ccdbb78f6565a3b9bab6a74ab80fd3cb5428b65af?s=96&d=mm&r=g"},"sameAs":["http:\/\/informatepy.com\/2021"]},{"@type":"Person","@id":"https:\/\/informatepy.com\/2021\/#\/schema\/person\/0c842f525f84ea74ef3b44370d11757b","name":"Redacci\u00f3n","image":{"@type":"ImageObject","inLanguage":"es","@id":"https:\/\/i0.wp.com\/informatepy.com\/2021\/wp-content\/uploads\/2021\/02\/informate-circulo.png?fit=96%2C96&ssl=1","url":"https:\/\/i0.wp.com\/informatepy.com\/2021\/wp-content\/uploads\/2021\/02\/informate-circulo.png?fit=96%2C96&ssl=1","contentUrl":"https:\/\/i0.wp.com\/informatepy.com\/2021\/wp-content\/uploads\/2021\/02\/informate-circulo.png?fit=96%2C96&ssl=1","caption":"Redacci\u00f3n"},"sameAs":["https:\/\/www.facebook.com\/InformatePyCom","https:\/\/x.com\/https:\/\/twitter.com\/InformatePy1"],"url":"https:\/\/informatepy.com\/2021\/author\/redaccion\/"}]}},"jetpack_featured_media_url":"https:\/\/i0.wp.com\/informatepy.com\/2021\/wp-content\/uploads\/2022\/08\/donbas.jpg?fit=1024%2C678&ssl=1","jetpack_sharing_enabled":true,"jetpack_likes_enabled":true,"jetpack-related-posts":[{"id":13203,"url":"https:\/\/informatepy.com\/2021\/2022\/08\/09\/obligan-a-renunciar-a-la-responsable-del-informe-de-amnistia-que-revelaba-que-las-ffaa-ucranianas-ponian-en-peligro-a-los-civiles\/","url_meta":{"origin":13113,"position":0},"title":"Obligan a renunciar a la responsable del informe de Amnist\u00eda que revelaba que las FFAA ucranianas pon\u00edan en peligro a los civiles","date":"9 de agosto de 2022","format":false,"excerpt":"La cultura de la cancelaci\u00f3n no se rinde. Esta vez fue el turno de la responsable de la ONG Amnist\u00eda Internacional (AI) en Ucrania, Oksana Pokalchuk, quien fue obligada a renunciar a su cargo tras un informe de AI que acusa a las fuerzas armadas ucranianas de poner en peligro\u2026","rel":"","context":"En \u00abMundo\u00bb","img":{"alt_text":"","src":"https:\/\/i0.wp.com\/informatepy.com\/2021\/wp-content\/uploads\/2022\/08\/Oksana-Pokalchuk-Amnistia-internacional.jpg?fit=700%2C394&ssl=1&resize=350%2C200","width":350,"height":200},"classes":[]},{"id":14094,"url":"https:\/\/informatepy.com\/2021\/2022\/09\/27\/referendums-en-regiones-ucranianas-dan-victoria-a-rusia\/","url_meta":{"origin":13113,"position":1},"title":"Referendums en regiones ucranianas dan victoria a Rusia","date":"27 de septiembre de 2022","format":false,"excerpt":"Seg\u00fan reportes de la prensa internacional, las regiones ucranianas de Zaporizhia y Jerson habr\u00edan votado en sus referendos en favor de ser anexadas por Rusia (AFP, Reuters), lo que es confirmado por fuentes del Kremlin. De esta manera y con similares resultados en Donetsk y Lugansk, la Confederaci\u00f3n Rusa espera\u2026","rel":"","context":"En \u00abMundo\u00bb","img":{"alt_text":"","src":"https:\/\/i0.wp.com\/informatepy.com\/2021\/wp-content\/uploads\/2022\/03\/oso-rusia.jpg?fit=735%2C490&ssl=1&resize=350%2C200","width":350,"height":200},"classes":[]},{"id":10978,"url":"https:\/\/informatepy.com\/2021\/2022\/04\/04\/rusia-insiste-en-que-la-masacre-de-bucha-fue-un-montaje-que-amenaza-a-la-seguridad-internacional\/","url_meta":{"origin":13113,"position":2},"title":"Rusia insiste en que la masacre de Bucha fue un \u00abmontaje\u00bb que amenaza a la seguridad internacional","date":"4 de abril de 2022","format":false,"excerpt":"Mosc\u00fa.-\u00a0El canciller ruso, Serguei Lavrov, calific\u00f3 hoy como un \u00abmontaje\u00bb las denuncias contra su pa\u00eds por la matanza de civiles en Bucha, a las afueras de Kiev, y advirti\u00f3 que el episodio supone una amenaza directa a la paz y la seguridad internacionales. \u00abHemos solicitado una reuni\u00f3n urgente del Consejo\u2026","rel":"","context":"En \u00abMundo\u00bb","img":{"alt_text":"","src":"https:\/\/i0.wp.com\/informatepy.com\/2021\/wp-content\/uploads\/2022\/04\/Serguei-Lavrov.jpeg?fit=1066%2C600&ssl=1&resize=350%2C200","width":350,"height":200},"classes":[]},{"id":10828,"url":"https:\/\/informatepy.com\/2021\/2022\/03\/27\/tablero-mundial-un-mes-de-la-invasion-rusa-a-ucrania-un-intentando-de-balance\/","url_meta":{"origin":13113,"position":3},"title":"TABLERO MUNDIAL: Un mes de la invasi\u00f3n rusa a Ucrania, un intentando de balance","date":"27 de marzo de 2022","format":false,"excerpt":"El pasado 24 de febrero, el mundo fue testigo del inicio de la m\u00e1s reciente invasi\u00f3n militar de Rusia a Ucrania. Sin duda, una acci\u00f3n en franca violaci\u00f3n a la Carta de las Naciones Unidas, a la territorialidad, al principio de soberan\u00eda de los pueblos y del derecho internacional, aunque\u2026","rel":"","context":"En \u00abAnalisis\u00bb","img":{"alt_text":"","src":"https:\/\/i0.wp.com\/informatepy.com\/2021\/wp-content\/uploads\/2021\/11\/nahem.png?fit=1200%2C657&ssl=1&resize=350%2C200","width":350,"height":200},"classes":[]},{"id":10716,"url":"https:\/\/informatepy.com\/2021\/2022\/03\/20\/putin-entre-la-frustracion-y-el-estancamiento-tactico\/","url_meta":{"origin":13113,"position":4},"title":"TABLERO MUNDIAL: Putin, entre la frustraci\u00f3n y el estancamiento t\u00e1ctico","date":"20 de marzo de 2022","format":false,"excerpt":"Haciendo una r\u00e1pida actualizaci\u00f3n del conflicto, b\u00e1sicamente hemos observado en medio de la estela de sangre y horror dejada por las fuerzas invasoras rusas, tambi\u00e9n ha habido m\u00e1s exhibici\u00f3n de la diplomacia de micr\u00f3fonos entre Occidente-Ucrania y Rusia. En lo que respecta al primero, se observ\u00f3 los dos conmovedores discursos\u2026","rel":"","context":"En \u00abAnalisis\u00bb","img":{"alt_text":"","src":"https:\/\/i0.wp.com\/informatepy.com\/2021\/wp-content\/uploads\/2021\/11\/nahem.png?fit=1200%2C657&ssl=1&resize=350%2C200","width":350,"height":200},"classes":[]},{"id":13432,"url":"https:\/\/informatepy.com\/2021\/2022\/08\/18\/llevando-la-estupidez-a-un-nuevo-nivel-para-amnistia-internacional-paraguayo-es-un-insulto\/","url_meta":{"origin":13113,"position":5},"title":"Llevando la estupidez a un nuevo nivel: Para Amnist\u00eda Internacional, \u00abparaguayo\u00bb es un insulto","date":"18 de agosto de 2022","format":false,"excerpt":"Amnist\u00eda internacional es un desastre, no es nuevo decir algo as\u00ed pero hay veces que, aunque no esperamos mucho de ellos, se las ingenian para sorprendernos. En esta oportunidad, la oficina Argentina de Amnist\u00eda Internacional public\u00f3 un listado de palabras y frases que se consideran expresiones racistas que deber\u00edamos dejar\u2026","rel":"","context":"En \u00abCultura\u00bb","img":{"alt_text":"","src":"https:\/\/i0.wp.com\/informatepy.com\/2021\/wp-content\/uploads\/2021\/11\/amnesty.jpg?fit=900%2C702&ssl=1&resize=350%2C200","width":350,"height":200},"classes":[]}],"authors":[{"term_id":1051,"user_id":4,"is_guest":0,"slug":"redaccion","display_name":"Redacci\u00f3n","avatar_url":"https:\/\/i0.wp.com\/informatepy.com\/2021\/wp-content\/uploads\/2021\/02\/informate-circulo.png?fit=96%2C96&ssl=1","first_name":"Redacci\u00f3n","last_name":"","user_url":"","description":""}],"amp_enabled":true,"_links":{"self":[{"href":"https:\/\/informatepy.com\/2021\/wp-json\/wp\/v2\/posts\/13113","targetHints":{"allow":["GET"]}}],"collection":[{"href":"https:\/\/informatepy.com\/2021\/wp-json\/wp\/v2\/posts"}],"about":[{"href":"https:\/\/informatepy.com\/2021\/wp-json\/wp\/v2\/types\/post"}],"author":[{"embeddable":true,"href":"https:\/\/informatepy.com\/2021\/wp-json\/wp\/v2\/users\/4"}],"replies":[{"embeddable":true,"href":"https:\/\/informatepy.com\/2021\/wp-json\/wp\/v2\/comments?post=13113"}],"version-history":[{"count":1,"href":"https:\/\/informatepy.com\/2021\/wp-json\/wp\/v2\/posts\/13113\/revisions"}],"predecessor-version":[{"id":13115,"href":"https:\/\/informatepy.com\/2021\/wp-json\/wp\/v2\/posts\/13113\/revisions\/13115"}],"wp:featuredmedia":[{"embeddable":true,"href":"https:\/\/informatepy.com\/2021\/wp-json\/wp\/v2\/media\/13114"}],"wp:attachment":[{"href":"https:\/\/informatepy.com\/2021\/wp-json\/wp\/v2\/media?parent=13113"}],"wp:term":[{"taxonomy":"category","embeddable":true,"href":"https:\/\/informatepy.com\/2021\/wp-json\/wp\/v2\/categories?post=13113"},{"taxonomy":"post_tag","embeddable":true,"href":"https:\/\/informatepy.com\/2021\/wp-json\/wp\/v2\/tags?post=13113"},{"taxonomy":"author","embeddable":true,"href":"https:\/\/informatepy.com\/2021\/wp-json\/wp\/v2\/ppma_author?post=13113"}],"curies":[{"name":"wp","href":"https:\/\/api.w.org\/{rel}","templated":true}]}}