{"id":13096,"date":"2022-08-04T08:31:00","date_gmt":"2022-08-04T11:31:00","guid":{"rendered":"https:\/\/informatepy.com\/2021\/?p=13096"},"modified":"2022-08-03T21:35:04","modified_gmt":"2022-08-04T00:35:04","slug":"payo-cubas-si-cartes-va-preso-su-victoria-sera-por-el-triple-de-diferencia","status":"publish","type":"post","link":"https:\/\/informatepy.com\/2021\/2022\/08\/04\/payo-cubas-si-cartes-va-preso-su-victoria-sera-por-el-triple-de-diferencia\/","title":{"rendered":"Payo Cubas: \u201cSi Cartes va preso, su victoria ser\u00e1 por el triple de diferencia\u201d"},"content":{"rendered":"\n<p class=\"has-text-align-justify\">El precandidato a la Presidencia de la Rep\u00fablica por <strong>Cruzada Nacional, Paraguayo Cubas<\/strong>, fue consultado acerca del futuro del expresidente <strong>Horacio Cartes<\/strong> y de qu\u00e9 forma eso puede impactar en el proceso interno colorado.<\/p>\n\n\n\n<p class=\"has-text-align-justify\"><strong><em>\u201cOjal\u00e1 que la justicia de los Estados Unidos inicie un procedimiento, pero no hay ninguna investigaci\u00f3n concreta y el pronunciamiento del departamento de Estado no es un acto judicial\u201d<\/em><\/strong>, se\u00f1al\u00f3.<\/p>\n\n\n\n<p class=\"has-text-align-justify\">Seg\u00fan dijo, lo que pase con Cartes no va a cambiar nada entre los colorados pues si estaba poniendo 50 millones de d\u00f3lares, ahora va a poner 100 millones. Adem\u00e1s, indic\u00f3 que al afiliado colorado no le importa la situaci\u00f3n jur\u00eddica o su antecedente, le importa el tipo exitoso.<strong><em> \u201cCreo que Santiago Pe\u00f1a va a ganar grande ahora en las internas coloradas\u00a0 y si Cartes\u00a0 va preso,\u00a0 su victoria ser\u00e1 por el triple de diferencia\u201d.<\/em><\/strong><\/p>\n\n\n\n<h6 class=\"wp-block-heading\" style=\"font-style:normal;font-weight:300\">Megacadena<\/h6>\n","protected":false},"excerpt":{"rendered":"<p>El precandidato a la Presidencia de la Rep\u00fablica por Cruzada Nacional, Paraguayo Cubas, fue consultado acerca del futuro del expresidente Horacio Cartes y de qu\u00e9 forma eso puede impactar en el proceso interno colorado. \u201cOjal\u00e1 que la justicia de los Estados Unidos inicie un procedimiento, pero no hay ninguna investigaci\u00f3n concreta y el pronunciamiento del [&hellip;]<\/p>\n","protected":false},"author":4,"featured_media":13097,"comment_status":"open","ping_status":"open","sticky":false,"template":"","format":"standard","meta":{"_monsterinsights_skip_tracking":false,"_monsterinsights_sitenote_active":false,"_monsterinsights_sitenote_note":"","_monsterinsights_sitenote_category":0,"footnotes":"","jetpack_publicize_message":"","jetpack_is_tweetstorm":false,"jetpack_publicize_feature_enabled":true},"categories":[177],"tags":[267,1036,1587,423,472],"ppma_author":[1051],"class_list":["post-13096","post","type-post","status-publish","format-standard","has-post-thumbnail","hentry","category-nacionales","tag-anr","tag-destacada","tag-elecciones-2023","tag-partido-colorado","tag-payo-cubas"],"jetpack_publicize_connections":[],"yoast_head":"<!-- This site is optimized with the Yoast SEO plugin v27.5 - https:\/\/yoast.com\/product\/yoast-seo-wordpress\/ -->\n<title>Payo Cubas: \u201cSi Cartes va preso, su victoria ser\u00e1 por el triple de diferencia\u201d - Informatepy<\/title>\n<meta name=\"robots\" content=\"index, follow, max-snippet:-1, max-image-preview:large, max-video-preview:-1\" \/>\n<link rel=\"canonical\" href=\"https:\/\/informatepy.com\/2021\/2022\/08\/04\/payo-cubas-si-cartes-va-preso-su-victoria-sera-por-el-triple-de-diferencia\/\" \/>\n<meta property=\"og:locale\" content=\"es_ES\" \/>\n<meta property=\"og:type\" content=\"article\" \/>\n<meta property=\"og:title\" content=\"Payo Cubas: \u201cSi Cartes va preso, su victoria ser\u00e1 por el triple de diferencia\u201d - Informatepy\" \/>\n<meta property=\"og:description\" content=\"El precandidato a la Presidencia de la Rep\u00fablica por Cruzada Nacional, Paraguayo Cubas, fue consultado acerca del futuro del expresidente Horacio Cartes y de qu\u00e9 forma eso puede impactar en el proceso interno colorado. \u201cOjal\u00e1 que la justicia de los Estados Unidos inicie un procedimiento, pero no hay ninguna investigaci\u00f3n concreta y el pronunciamiento del [&hellip;]\" \/>\n<meta property=\"og:url\" content=\"https:\/\/informatepy.com\/2021\/2022\/08\/04\/payo-cubas-si-cartes-va-preso-su-victoria-sera-por-el-triple-de-diferencia\/\" \/>\n<meta property=\"og:site_name\" content=\"Informatepy\" \/>\n<meta property=\"article:author\" content=\"https:\/\/www.facebook.com\/InformatePyCom\" \/>\n<meta property=\"article:published_time\" content=\"2022-08-04T11:31:00+00:00\" \/>\n<meta property=\"og:image\" content=\"https:\/\/i0.wp.com\/informatepy.com\/2021\/wp-content\/uploads\/2022\/08\/payo-cubas.jpg?fit=1200%2C630&ssl=1\" \/>\n\t<meta property=\"og:image:width\" content=\"1200\" \/>\n\t<meta property=\"og:image:height\" content=\"630\" \/>\n\t<meta property=\"og:image:type\" content=\"image\/jpeg\" \/>\n<meta name=\"author\" content=\"Redacci\u00f3n\" \/>\n<meta name=\"twitter:card\" content=\"summary_large_image\" \/>\n<meta name=\"twitter:creator\" content=\"@https:\/\/twitter.com\/InformatePy1\" \/>\n<meta name=\"twitter:label1\" content=\"Escrito por\" \/>\n\t<meta name=\"twitter:data1\" content=\"Redacci\u00f3n\" \/>\n\t<meta name=\"twitter:label2\" content=\"Tiempo de lectura\" \/>\n\t<meta name=\"twitter:data2\" content=\"1 minuto\" \/>\n<script type=\"application\/ld+json\" class=\"yoast-schema-graph\">{\"@context\":\"https:\\\/\\\/schema.org\",\"@graph\":[{\"@type\":\"Article\",\"@id\":\"https:\\\/\\\/informatepy.com\\\/2021\\\/2022\\\/08\\\/04\\\/payo-cubas-si-cartes-va-preso-su-victoria-sera-por-el-triple-de-diferencia\\\/#article\",\"isPartOf\":{\"@id\":\"https:\\\/\\\/informatepy.com\\\/2021\\\/2022\\\/08\\\/04\\\/payo-cubas-si-cartes-va-preso-su-victoria-sera-por-el-triple-de-diferencia\\\/\"},\"author\":{\"name\":\"Redacci\u00f3n\",\"@id\":\"https:\\\/\\\/informatepy.com\\\/2021\\\/#\\\/schema\\\/person\\\/0c842f525f84ea74ef3b44370d11757b\"},\"headline\":\"Payo Cubas: \u201cSi Cartes va preso, su victoria ser\u00e1 por el triple de diferencia\u201d\",\"datePublished\":\"2022-08-04T11:31:00+00:00\",\"mainEntityOfPage\":{\"@id\":\"https:\\\/\\\/informatepy.com\\\/2021\\\/2022\\\/08\\\/04\\\/payo-cubas-si-cartes-va-preso-su-victoria-sera-por-el-triple-de-diferencia\\\/\"},\"wordCount\":161,\"commentCount\":0,\"publisher\":{\"@id\":\"https:\\\/\\\/informatepy.com\\\/2021\\\/#\\\/schema\\\/person\\\/edd302c981d6ba4596191719d1025a8a\"},\"image\":{\"@id\":\"https:\\\/\\\/informatepy.com\\\/2021\\\/2022\\\/08\\\/04\\\/payo-cubas-si-cartes-va-preso-su-victoria-sera-por-el-triple-de-diferencia\\\/#primaryimage\"},\"thumbnailUrl\":\"https:\\\/\\\/i0.wp.com\\\/informatepy.com\\\/2021\\\/wp-content\\\/uploads\\\/2022\\\/08\\\/payo-cubas.jpg?fit=1200%2C630&ssl=1\",\"keywords\":[\"anr\",\"destacada\",\"elecciones 2023\",\"partido colorado\",\"payo cubas\"],\"articleSection\":[\"Nacionales\"],\"inLanguage\":\"es\",\"potentialAction\":[{\"@type\":\"CommentAction\",\"name\":\"Comment\",\"target\":[\"https:\\\/\\\/informatepy.com\\\/2021\\\/2022\\\/08\\\/04\\\/payo-cubas-si-cartes-va-preso-su-victoria-sera-por-el-triple-de-diferencia\\\/#respond\"]}]},{\"@type\":\"WebPage\",\"@id\":\"https:\\\/\\\/informatepy.com\\\/2021\\\/2022\\\/08\\\/04\\\/payo-cubas-si-cartes-va-preso-su-victoria-sera-por-el-triple-de-diferencia\\\/\",\"url\":\"https:\\\/\\\/informatepy.com\\\/2021\\\/2022\\\/08\\\/04\\\/payo-cubas-si-cartes-va-preso-su-victoria-sera-por-el-triple-de-diferencia\\\/\",\"name\":\"Payo Cubas: \u201cSi Cartes va preso, su victoria ser\u00e1 por el triple de diferencia\u201d - Informatepy\",\"isPartOf\":{\"@id\":\"https:\\\/\\\/informatepy.com\\\/2021\\\/#website\"},\"primaryImageOfPage\":{\"@id\":\"https:\\\/\\\/informatepy.com\\\/2021\\\/2022\\\/08\\\/04\\\/payo-cubas-si-cartes-va-preso-su-victoria-sera-por-el-triple-de-diferencia\\\/#primaryimage\"},\"image\":{\"@id\":\"https:\\\/\\\/informatepy.com\\\/2021\\\/2022\\\/08\\\/04\\\/payo-cubas-si-cartes-va-preso-su-victoria-sera-por-el-triple-de-diferencia\\\/#primaryimage\"},\"thumbnailUrl\":\"https:\\\/\\\/i0.wp.com\\\/informatepy.com\\\/2021\\\/wp-content\\\/uploads\\\/2022\\\/08\\\/payo-cubas.jpg?fit=1200%2C630&ssl=1\",\"datePublished\":\"2022-08-04T11:31:00+00:00\",\"breadcrumb\":{\"@id\":\"https:\\\/\\\/informatepy.com\\\/2021\\\/2022\\\/08\\\/04\\\/payo-cubas-si-cartes-va-preso-su-victoria-sera-por-el-triple-de-diferencia\\\/#breadcrumb\"},\"inLanguage\":\"es\",\"potentialAction\":[{\"@type\":\"ReadAction\",\"target\":[\"https:\\\/\\\/informatepy.com\\\/2021\\\/2022\\\/08\\\/04\\\/payo-cubas-si-cartes-va-preso-su-victoria-sera-por-el-triple-de-diferencia\\\/\"]}]},{\"@type\":\"ImageObject\",\"inLanguage\":\"es\",\"@id\":\"https:\\\/\\\/informatepy.com\\\/2021\\\/2022\\\/08\\\/04\\\/payo-cubas-si-cartes-va-preso-su-victoria-sera-por-el-triple-de-diferencia\\\/#primaryimage\",\"url\":\"https:\\\/\\\/i0.wp.com\\\/informatepy.com\\\/2021\\\/wp-content\\\/uploads\\\/2022\\\/08\\\/payo-cubas.jpg?fit=1200%2C630&ssl=1\",\"contentUrl\":\"https:\\\/\\\/i0.wp.com\\\/informatepy.com\\\/2021\\\/wp-content\\\/uploads\\\/2022\\\/08\\\/payo-cubas.jpg?fit=1200%2C630&ssl=1\",\"width\":1200,\"height\":630},{\"@type\":\"BreadcrumbList\",\"@id\":\"https:\\\/\\\/informatepy.com\\\/2021\\\/2022\\\/08\\\/04\\\/payo-cubas-si-cartes-va-preso-su-victoria-sera-por-el-triple-de-diferencia\\\/#breadcrumb\",\"itemListElement\":[{\"@type\":\"ListItem\",\"position\":1,\"name\":\"Portada\",\"item\":\"https:\\\/\\\/informatepy.com\\\/2021\\\/\"},{\"@type\":\"ListItem\",\"position\":2,\"name\":\"Payo Cubas: \u201cSi Cartes va preso, su victoria ser\u00e1 por el triple de diferencia\u201d\"}]},{\"@type\":\"WebSite\",\"@id\":\"https:\\\/\\\/informatepy.com\\\/2021\\\/#website\",\"url\":\"https:\\\/\\\/informatepy.com\\\/2021\\\/\",\"name\":\"Informatepy\",\"description\":\"La verdad, siempre!\",\"publisher\":{\"@id\":\"https:\\\/\\\/informatepy.com\\\/2021\\\/#\\\/schema\\\/person\\\/edd302c981d6ba4596191719d1025a8a\"},\"potentialAction\":[{\"@type\":\"SearchAction\",\"target\":{\"@type\":\"EntryPoint\",\"urlTemplate\":\"https:\\\/\\\/informatepy.com\\\/2021\\\/?s={search_term_string}\"},\"query-input\":{\"@type\":\"PropertyValueSpecification\",\"valueRequired\":true,\"valueName\":\"search_term_string\"}}],\"inLanguage\":\"es\"},{\"@type\":[\"Person\",\"Organization\"],\"@id\":\"https:\\\/\\\/informatepy.com\\\/2021\\\/#\\\/schema\\\/person\\\/edd302c981d6ba4596191719d1025a8a\",\"name\":\"admin\",\"image\":{\"@type\":\"ImageObject\",\"inLanguage\":\"es\",\"@id\":\"https:\\\/\\\/secure.gravatar.com\\\/avatar\\\/5310f602b6cbcfb86e030c4ccdbb78f6565a3b9bab6a74ab80fd3cb5428b65af?s=96&d=mm&r=g\",\"url\":\"https:\\\/\\\/secure.gravatar.com\\\/avatar\\\/5310f602b6cbcfb86e030c4ccdbb78f6565a3b9bab6a74ab80fd3cb5428b65af?s=96&d=mm&r=g\",\"contentUrl\":\"https:\\\/\\\/secure.gravatar.com\\\/avatar\\\/5310f602b6cbcfb86e030c4ccdbb78f6565a3b9bab6a74ab80fd3cb5428b65af?s=96&d=mm&r=g\",\"caption\":\"admin\"},\"logo\":{\"@id\":\"https:\\\/\\\/secure.gravatar.com\\\/avatar\\\/5310f602b6cbcfb86e030c4ccdbb78f6565a3b9bab6a74ab80fd3cb5428b65af?s=96&d=mm&r=g\"},\"sameAs\":[\"http:\\\/\\\/informatepy.com\\\/2021\"]},{\"@type\":\"Person\",\"@id\":\"https:\\\/\\\/informatepy.com\\\/2021\\\/#\\\/schema\\\/person\\\/0c842f525f84ea74ef3b44370d11757b\",\"name\":\"Redacci\u00f3n\",\"image\":{\"@type\":\"ImageObject\",\"inLanguage\":\"es\",\"@id\":\"https:\\\/\\\/i0.wp.com\\\/informatepy.com\\\/2021\\\/wp-content\\\/uploads\\\/2021\\\/02\\\/informate-circulo.png?fit=96%2C96&ssl=1\",\"url\":\"https:\\\/\\\/i0.wp.com\\\/informatepy.com\\\/2021\\\/wp-content\\\/uploads\\\/2021\\\/02\\\/informate-circulo.png?fit=96%2C96&ssl=1\",\"contentUrl\":\"https:\\\/\\\/i0.wp.com\\\/informatepy.com\\\/2021\\\/wp-content\\\/uploads\\\/2021\\\/02\\\/informate-circulo.png?fit=96%2C96&ssl=1\",\"caption\":\"Redacci\u00f3n\"},\"sameAs\":[\"https:\\\/\\\/www.facebook.com\\\/InformatePyCom\",\"https:\\\/\\\/x.com\\\/https:\\\/\\\/twitter.com\\\/InformatePy1\"],\"url\":\"https:\\\/\\\/informatepy.com\\\/2021\\\/author\\\/redaccion\\\/\"}]}<\/script>\n<!-- \/ Yoast SEO plugin. -->","yoast_head_json":{"title":"Payo Cubas: \u201cSi Cartes va preso, su victoria ser\u00e1 por el triple de diferencia\u201d - Informatepy","robots":{"index":"index","follow":"follow","max-snippet":"max-snippet:-1","max-image-preview":"max-image-preview:large","max-video-preview":"max-video-preview:-1"},"canonical":"https:\/\/informatepy.com\/2021\/2022\/08\/04\/payo-cubas-si-cartes-va-preso-su-victoria-sera-por-el-triple-de-diferencia\/","og_locale":"es_ES","og_type":"article","og_title":"Payo Cubas: \u201cSi Cartes va preso, su victoria ser\u00e1 por el triple de diferencia\u201d - Informatepy","og_description":"El precandidato a la Presidencia de la Rep\u00fablica por Cruzada Nacional, Paraguayo Cubas, fue consultado acerca del futuro del expresidente Horacio Cartes y de qu\u00e9 forma eso puede impactar en el proceso interno colorado. \u201cOjal\u00e1 que la justicia de los Estados Unidos inicie un procedimiento, pero no hay ninguna investigaci\u00f3n concreta y el pronunciamiento del [&hellip;]","og_url":"https:\/\/informatepy.com\/2021\/2022\/08\/04\/payo-cubas-si-cartes-va-preso-su-victoria-sera-por-el-triple-de-diferencia\/","og_site_name":"Informatepy","article_author":"https:\/\/www.facebook.com\/InformatePyCom","article_published_time":"2022-08-04T11:31:00+00:00","og_image":[{"width":1200,"height":630,"url":"https:\/\/i0.wp.com\/informatepy.com\/2021\/wp-content\/uploads\/2022\/08\/payo-cubas.jpg?fit=1200%2C630&ssl=1","type":"image\/jpeg"}],"author":"Redacci\u00f3n","twitter_card":"summary_large_image","twitter_creator":"@https:\/\/twitter.com\/InformatePy1","twitter_misc":{"Escrito por":"Redacci\u00f3n","Tiempo de lectura":"1 minuto"},"schema":{"@context":"https:\/\/schema.org","@graph":[{"@type":"Article","@id":"https:\/\/informatepy.com\/2021\/2022\/08\/04\/payo-cubas-si-cartes-va-preso-su-victoria-sera-por-el-triple-de-diferencia\/#article","isPartOf":{"@id":"https:\/\/informatepy.com\/2021\/2022\/08\/04\/payo-cubas-si-cartes-va-preso-su-victoria-sera-por-el-triple-de-diferencia\/"},"author":{"name":"Redacci\u00f3n","@id":"https:\/\/informatepy.com\/2021\/#\/schema\/person\/0c842f525f84ea74ef3b44370d11757b"},"headline":"Payo Cubas: \u201cSi Cartes va preso, su victoria ser\u00e1 por el triple de diferencia\u201d","datePublished":"2022-08-04T11:31:00+00:00","mainEntityOfPage":{"@id":"https:\/\/informatepy.com\/2021\/2022\/08\/04\/payo-cubas-si-cartes-va-preso-su-victoria-sera-por-el-triple-de-diferencia\/"},"wordCount":161,"commentCount":0,"publisher":{"@id":"https:\/\/informatepy.com\/2021\/#\/schema\/person\/edd302c981d6ba4596191719d1025a8a"},"image":{"@id":"https:\/\/informatepy.com\/2021\/2022\/08\/04\/payo-cubas-si-cartes-va-preso-su-victoria-sera-por-el-triple-de-diferencia\/#primaryimage"},"thumbnailUrl":"https:\/\/i0.wp.com\/informatepy.com\/2021\/wp-content\/uploads\/2022\/08\/payo-cubas.jpg?fit=1200%2C630&ssl=1","keywords":["anr","destacada","elecciones 2023","partido colorado","payo cubas"],"articleSection":["Nacionales"],"inLanguage":"es","potentialAction":[{"@type":"CommentAction","name":"Comment","target":["https:\/\/informatepy.com\/2021\/2022\/08\/04\/payo-cubas-si-cartes-va-preso-su-victoria-sera-por-el-triple-de-diferencia\/#respond"]}]},{"@type":"WebPage","@id":"https:\/\/informatepy.com\/2021\/2022\/08\/04\/payo-cubas-si-cartes-va-preso-su-victoria-sera-por-el-triple-de-diferencia\/","url":"https:\/\/informatepy.com\/2021\/2022\/08\/04\/payo-cubas-si-cartes-va-preso-su-victoria-sera-por-el-triple-de-diferencia\/","name":"Payo Cubas: \u201cSi Cartes va preso, su victoria ser\u00e1 por el triple de diferencia\u201d - Informatepy","isPartOf":{"@id":"https:\/\/informatepy.com\/2021\/#website"},"primaryImageOfPage":{"@id":"https:\/\/informatepy.com\/2021\/2022\/08\/04\/payo-cubas-si-cartes-va-preso-su-victoria-sera-por-el-triple-de-diferencia\/#primaryimage"},"image":{"@id":"https:\/\/informatepy.com\/2021\/2022\/08\/04\/payo-cubas-si-cartes-va-preso-su-victoria-sera-por-el-triple-de-diferencia\/#primaryimage"},"thumbnailUrl":"https:\/\/i0.wp.com\/informatepy.com\/2021\/wp-content\/uploads\/2022\/08\/payo-cubas.jpg?fit=1200%2C630&ssl=1","datePublished":"2022-08-04T11:31:00+00:00","breadcrumb":{"@id":"https:\/\/informatepy.com\/2021\/2022\/08\/04\/payo-cubas-si-cartes-va-preso-su-victoria-sera-por-el-triple-de-diferencia\/#breadcrumb"},"inLanguage":"es","potentialAction":[{"@type":"ReadAction","target":["https:\/\/informatepy.com\/2021\/2022\/08\/04\/payo-cubas-si-cartes-va-preso-su-victoria-sera-por-el-triple-de-diferencia\/"]}]},{"@type":"ImageObject","inLanguage":"es","@id":"https:\/\/informatepy.com\/2021\/2022\/08\/04\/payo-cubas-si-cartes-va-preso-su-victoria-sera-por-el-triple-de-diferencia\/#primaryimage","url":"https:\/\/i0.wp.com\/informatepy.com\/2021\/wp-content\/uploads\/2022\/08\/payo-cubas.jpg?fit=1200%2C630&ssl=1","contentUrl":"https:\/\/i0.wp.com\/informatepy.com\/2021\/wp-content\/uploads\/2022\/08\/payo-cubas.jpg?fit=1200%2C630&ssl=1","width":1200,"height":630},{"@type":"BreadcrumbList","@id":"https:\/\/informatepy.com\/2021\/2022\/08\/04\/payo-cubas-si-cartes-va-preso-su-victoria-sera-por-el-triple-de-diferencia\/#breadcrumb","itemListElement":[{"@type":"ListItem","position":1,"name":"Portada","item":"https:\/\/informatepy.com\/2021\/"},{"@type":"ListItem","position":2,"name":"Payo Cubas: \u201cSi Cartes va preso, su victoria ser\u00e1 por el triple de diferencia\u201d"}]},{"@type":"WebSite","@id":"https:\/\/informatepy.com\/2021\/#website","url":"https:\/\/informatepy.com\/2021\/","name":"Informatepy","description":"La verdad, siempre!","publisher":{"@id":"https:\/\/informatepy.com\/2021\/#\/schema\/person\/edd302c981d6ba4596191719d1025a8a"},"potentialAction":[{"@type":"SearchAction","target":{"@type":"EntryPoint","urlTemplate":"https:\/\/informatepy.com\/2021\/?s={search_term_string}"},"query-input":{"@type":"PropertyValueSpecification","valueRequired":true,"valueName":"search_term_string"}}],"inLanguage":"es"},{"@type":["Person","Organization"],"@id":"https:\/\/informatepy.com\/2021\/#\/schema\/person\/edd302c981d6ba4596191719d1025a8a","name":"admin","image":{"@type":"ImageObject","inLanguage":"es","@id":"https:\/\/secure.gravatar.com\/avatar\/5310f602b6cbcfb86e030c4ccdbb78f6565a3b9bab6a74ab80fd3cb5428b65af?s=96&d=mm&r=g","url":"https:\/\/secure.gravatar.com\/avatar\/5310f602b6cbcfb86e030c4ccdbb78f6565a3b9bab6a74ab80fd3cb5428b65af?s=96&d=mm&r=g","contentUrl":"https:\/\/secure.gravatar.com\/avatar\/5310f602b6cbcfb86e030c4ccdbb78f6565a3b9bab6a74ab80fd3cb5428b65af?s=96&d=mm&r=g","caption":"admin"},"logo":{"@id":"https:\/\/secure.gravatar.com\/avatar\/5310f602b6cbcfb86e030c4ccdbb78f6565a3b9bab6a74ab80fd3cb5428b65af?s=96&d=mm&r=g"},"sameAs":["http:\/\/informatepy.com\/2021"]},{"@type":"Person","@id":"https:\/\/informatepy.com\/2021\/#\/schema\/person\/0c842f525f84ea74ef3b44370d11757b","name":"Redacci\u00f3n","image":{"@type":"ImageObject","inLanguage":"es","@id":"https:\/\/i0.wp.com\/informatepy.com\/2021\/wp-content\/uploads\/2021\/02\/informate-circulo.png?fit=96%2C96&ssl=1","url":"https:\/\/i0.wp.com\/informatepy.com\/2021\/wp-content\/uploads\/2021\/02\/informate-circulo.png?fit=96%2C96&ssl=1","contentUrl":"https:\/\/i0.wp.com\/informatepy.com\/2021\/wp-content\/uploads\/2021\/02\/informate-circulo.png?fit=96%2C96&ssl=1","caption":"Redacci\u00f3n"},"sameAs":["https:\/\/www.facebook.com\/InformatePyCom","https:\/\/x.com\/https:\/\/twitter.com\/InformatePy1"],"url":"https:\/\/informatepy.com\/2021\/author\/redaccion\/"}]}},"jetpack_featured_media_url":"https:\/\/i0.wp.com\/informatepy.com\/2021\/wp-content\/uploads\/2022\/08\/payo-cubas.jpg?fit=1200%2C630&ssl=1","jetpack_sharing_enabled":true,"jetpack_likes_enabled":true,"jetpack-related-posts":[{"id":846,"url":"https:\/\/informatepy.com\/2021\/2020\/03\/14\/denuncian-que-militantes-de-payo-cubas-instigan-la-toma-de-tierras-privadas\/","url_meta":{"origin":13096,"position":0},"title":"Denuncian que militantes de Payo Cubas instigan la toma de tierras privadas","date":"14 de marzo de 2020","format":false,"excerpt":"A trav\u00e9s de redes sociales vienen denunciando a un militante de Payo Cubas, por instigar a la toma de tierras privadas. Justino Vera, el militante se\u00f1alado, no solo a trav\u00e9s del Wahtsapp, sino que tambi\u00e9n en sus redes sociales, en forma permanente arenga a otros militantes para que se sumen\u2026","rel":"","context":"En \u00abNacionales\u00bb","img":{"alt_text":"","src":"https:\/\/i0.wp.com\/informatepy.com\/2021\/wp-content\/uploads\/2021\/03\/grupo-payo.jpg?fit=720%2C947&ssl=1&resize=350%2C200","width":350,"height":200},"classes":[]},{"id":1026,"url":"https:\/\/informatepy.com\/2021\/2019\/04\/15\/1219\/","url_meta":{"origin":13096,"position":1},"title":"Hablemos sobre Payo Cubas","date":"15 de abril de 2019","format":false,"excerpt":"Hablemos un poco de Paraguayo Cubas, como ciudadano paraguayo, siento que tengo la obligaci\u00f3n moral de compartir esto con ustedes y no quedarme callado. Al paraguayo promedio le gusta mucho el show, como el bailando, como los programas de chimentos que son los m\u00e1s vistos, porque es divertido, atrae, y\u2026","rel":"","context":"En \u00abAnalisis\u00bb","img":{"alt_text":"","src":"https:\/\/i0.wp.com\/informatepy.com\/2021\/wp-content\/uploads\/2021\/04\/payo-cubas-696x385-1.jpg?fit=696%2C385&ssl=1&resize=350%2C200","width":350,"height":200},"classes":[]},{"id":12870,"url":"https:\/\/informatepy.com\/2021\/2022\/07\/26\/payo-cubas-correra-solo-en-2023\/","url_meta":{"origin":13096,"position":2},"title":"Payo Cubas correr\u00e1 solo en 2023","date":"26 de julio de 2022","format":false,"excerpt":"En una entrevista radial, Payo Cubas confirm\u00f3 que aguaradar\u00e1 hasta el pr\u00f3ximo viernes una respuesta de Efra\u00edn Alegre respecto de la posibilidad de confirmar una dupla de cara a las elecciones 2023. En la 1020 AM, Payo confirm\u00f3 que hasta el viernes esperar\u00e1 la respuesta de Alegre porque \u201cya ipukuma\u201d,\u2026","rel":"","context":"En \u00abNacionales\u00bb","img":{"alt_text":"","src":"https:\/\/i0.wp.com\/informatepy.com\/2021\/wp-content\/uploads\/2022\/07\/payo-y-efrain.jpg?fit=545%2C330&ssl=1&resize=350%2C200","width":350,"height":200},"classes":[]},{"id":8840,"url":"https:\/\/informatepy.com\/2021\/2021\/12\/13\/honor-colorado-se-fortalece-y-cartes-va-por-la-presidencia-de-la-anr\/","url_meta":{"origin":13096,"position":3},"title":"Honor Colorado se fortalece y Cartes va por la presidencia de la ANR","date":"13 de diciembre de 2021","format":false,"excerpt":"El movimiento Honor Colorado con los nuevos refuerzos y de frente al 2023, se convirti\u00f3 en el movimiento m\u00e1s fuerte, casi hegem\u00f3nico dentro del partido colorado. En la reuni\u00f3n que se llev\u00f3 adelante el d\u00eda de hoy, Honor Colorado sum\u00f3 a los gobernadores de Guair\u00e1, San Pedro y Canindey\u00fa. Tambi\u00e9n,\u2026","rel":"","context":"En \u00abNacionales\u00bb","img":{"alt_text":"","src":"https:\/\/i0.wp.com\/informatepy.com\/2021\/wp-content\/uploads\/2021\/12\/reunion-casa-cartes-dic-2021.jpg?fit=680%2C510&ssl=1&resize=350%2C200","width":350,"height":200},"classes":[]},{"id":3237,"url":"https:\/\/informatepy.com\/2021\/2021\/02\/12\/explota-la-interna-en-cruzada-nacional\/","url_meta":{"origin":13096,"position":4},"title":"Explota la interna en Cruzada Nacional","date":"12 de febrero de 2021","format":false,"excerpt":"La campa\u00f1a no empez\u00f3 y en Cruzada Nacional se est\u00e1n \u201cmatando\u201d. A trav\u00e9s de sus redes sociales, Payo Cubas, principal \u201cfigura\u201d de esa fuerza pol\u00edtica ataca al presidente de esa fuerza, Fernando Talavera Tarrag\u00f3. Seg\u00fan sus publicaciones, payo acusa de mal manejo de los fondos de los subisidios pol\u00edticos. Aparentemente,\u2026","rel":"","context":"En \u00abNacionales\u00bb","img":{"alt_text":"","src":"https:\/\/i0.wp.com\/informatepy.com\/2021\/wp-content\/uploads\/2021\/02\/respuesta-a-payo.jpg?resize=350%2C200&ssl=1","width":350,"height":200},"classes":[]},{"id":1635,"url":"https:\/\/informatepy.com\/2021\/2019\/11\/26\/finalmente-denunciaran-a-payo-cubas\/","url_meta":{"origin":13096,"position":5},"title":"Finalmente denunciar\u00e1n a Payo Cubas","date":"26 de noviembre de 2019","format":false,"excerpt":"En una entrevista con Radio \u00d1anduti, Euclides Acevedo manifest\u00f3 sentirse indignado por el inaceptable comportamiento \u201cde \u00e9ste quien dice ser representante del pueblo\u201d, en alusi\u00f3n al senador Paraguayo Cubas, luego que este volviera a protagonizar incidentes\u00a0este lunes en la localidad de Minga Por\u00e3, departamento de Alto Paran\u00e1. El ministro del\u2026","rel":"","context":"En \u00abNacionales\u00bb","img":{"alt_text":"","src":"https:\/\/i0.wp.com\/informatepy.com\/2021\/wp-content\/uploads\/2021\/11\/payo-euclides-acevedo.jpg?fit=1200%2C678&ssl=1&resize=350%2C200","width":350,"height":200},"classes":[]}],"authors":[{"term_id":1051,"user_id":4,"is_guest":0,"slug":"redaccion","display_name":"Redacci\u00f3n","avatar_url":"https:\/\/i0.wp.com\/informatepy.com\/2021\/wp-content\/uploads\/2021\/02\/informate-circulo.png?fit=96%2C96&ssl=1","first_name":"Redacci\u00f3n","last_name":"","user_url":"","description":""}],"amp_enabled":true,"_links":{"self":[{"href":"https:\/\/informatepy.com\/2021\/wp-json\/wp\/v2\/posts\/13096","targetHints":{"allow":["GET"]}}],"collection":[{"href":"https:\/\/informatepy.com\/2021\/wp-json\/wp\/v2\/posts"}],"about":[{"href":"https:\/\/informatepy.com\/2021\/wp-json\/wp\/v2\/types\/post"}],"author":[{"embeddable":true,"href":"https:\/\/informatepy.com\/2021\/wp-json\/wp\/v2\/users\/4"}],"replies":[{"embeddable":true,"href":"https:\/\/informatepy.com\/2021\/wp-json\/wp\/v2\/comments?post=13096"}],"version-history":[{"count":1,"href":"https:\/\/informatepy.com\/2021\/wp-json\/wp\/v2\/posts\/13096\/revisions"}],"predecessor-version":[{"id":13098,"href":"https:\/\/informatepy.com\/2021\/wp-json\/wp\/v2\/posts\/13096\/revisions\/13098"}],"wp:featuredmedia":[{"embeddable":true,"href":"https:\/\/informatepy.com\/2021\/wp-json\/wp\/v2\/media\/13097"}],"wp:attachment":[{"href":"https:\/\/informatepy.com\/2021\/wp-json\/wp\/v2\/media?parent=13096"}],"wp:term":[{"taxonomy":"category","embeddable":true,"href":"https:\/\/informatepy.com\/2021\/wp-json\/wp\/v2\/categories?post=13096"},{"taxonomy":"post_tag","embeddable":true,"href":"https:\/\/informatepy.com\/2021\/wp-json\/wp\/v2\/tags?post=13096"},{"taxonomy":"author","embeddable":true,"href":"https:\/\/informatepy.com\/2021\/wp-json\/wp\/v2\/ppma_author?post=13096"}],"curies":[{"name":"wp","href":"https:\/\/api.w.org\/{rel}","templated":true}]}}