{"id":13077,"date":"2022-08-03T09:45:00","date_gmt":"2022-08-03T12:45:00","guid":{"rendered":"https:\/\/informatepy.com\/2021\/?p=13077"},"modified":"2022-08-02T23:01:54","modified_gmt":"2022-08-03T02:01:54","slug":"eeuu-el-departamento-de-justicia-demanda-a-idaho-por-la-prohibicion-del-aborto","status":"publish","type":"post","link":"https:\/\/informatepy.com\/2021\/2022\/08\/03\/eeuu-el-departamento-de-justicia-demanda-a-idaho-por-la-prohibicion-del-aborto\/","title":{"rendered":"EEUU: El Departamento de Justicia demanda a Idaho por la prohibici\u00f3n del aborto"},"content":{"rendered":"\n<p class=\"has-text-align-justify\">El Departamento de Justicia de Estados Unidos est\u00e1 demandando a Idaho por su restrictiva prohibici\u00f3n del aborto que entrar\u00e1 en vigor el 25 de agosto, donde dicen que entra en conflicto directo con la Ley de Tratamiento M\u00e9dico de Emergencia y Trabajo.<\/p>\n\n\n\n<p class=\"has-text-align-justify\">Esta fue la primera acci\u00f3n legal p\u00fablica de la administraci\u00f3n Biden desde la anulaci\u00f3n de&nbsp;<em>Roe vs. Wade.<\/em><\/p>\n\n\n\n<p class=\"has-text-align-justify\">El Departamento de Justicia tambi\u00e9n dijo que advirti\u00f3 al estado de Idaho que su prohibici\u00f3n casi total del aborto era contraria a la ley federal, pero no recibi\u00f3 una respuesta sustantiva.<\/p>\n\n\n\n<p class=\"has-text-align-justify\"><a href=\"https:\/\/storage.courtlistener.com\/recap\/gov.uscourts.idd.50547\/gov.uscourts.idd.50547.1.0_1.pdf\" rel=\"noreferrer noopener\" target=\"_blank\">En la queja presentada el martes<\/a>&nbsp;en el Noveno Circuito, el departamento declar\u00f3 que la \u00fanica excepci\u00f3n desde el punto de vista de la salud para proporcionar un aborto bajo el C\u00f3digo de Idaho \u00a7 18-622 es si el aborto previene la muerte de la persona embarazada, y m\u00e1s all\u00e1 de prevenir la muerte, la ley no proporciona una defensa para la salud de alguien que est\u00e1 en juego.<\/p>\n\n\n\n<p class=\"has-text-align-justify\">En una respuesta a la demanda presentada recientemente, el gobernador de Idaho, Brad Little, dijo: <strong><em>\u00abEl tribunal m\u00e1s alto de nuestra naci\u00f3n devolvi\u00f3 el tema del aborto a los estados para que lo regulen, fin de la historia. La interferencia del Departamento de Justicia de Estados Unidos con la ley pro-vida de Idaho es otro ejemplo de que Biden se extralimit\u00f3 una vez m\u00e1s mientras contin\u00faa ignorando temas que realmente deber\u00edan exigir su atenci\u00f3n, como la inflaci\u00f3n aplastante y la frontera abierta con M\u00e9xico\u00bb<\/em><\/strong>.<\/p>\n\n\n\n<p class=\"has-text-align-justify\">El fiscal general de Estados Unidos, Merrick Garland, celebr\u00f3 una conferencia de prensa el martes en la que detall\u00f3 la demanda. <strong><em>\u00abEl d\u00eda en que\u00a0Roe\u00a0y\u00a0Casey\u00a0fueron revocados, prometimos que el Departamento de Justicia trabajar\u00eda incansablemente para proteger y promover la libertad reproductiva\u00bb<\/em><\/strong>, dijo Garland.<\/p>\n\n\n\n<p class=\"has-text-align-justify\">Debido a la <strong><em>\u00abexcepci\u00f3n de prevenci\u00f3n de la muerte\u00bb<\/em><\/strong>, el Departamento de Justicia argumenta que esto viola la Ley de Tratamiento M\u00e9dico de Emergencia y Trabajo (EMTALA). Bajo esta ley, los hospitales est\u00e1n obligados a proporcionar tratamiento m\u00e9dico que es necesario para estabilizar al paciente antes del alta o transferencia.<\/p>\n","protected":false},"excerpt":{"rendered":"<p>El Departamento de Justicia dijo que la \u00abrestrictiva ley de aborto\u00bb est\u00e1 en conflicto con la Ley de Tratamiento M\u00e9dico de Emergencia y Trabajo.<\/p>\n","protected":false},"author":4,"featured_media":13078,"comment_status":"open","ping_status":"open","sticky":false,"template":"","format":"standard","meta":{"_monsterinsights_skip_tracking":false,"_monsterinsights_sitenote_active":false,"_monsterinsights_sitenote_note":"","_monsterinsights_sitenote_category":0,"footnotes":"","jetpack_publicize_message":"","jetpack_is_tweetstorm":false,"jetpack_publicize_feature_enabled":true},"categories":[173],"tags":[970,1036,832],"ppma_author":[1051],"class_list":["post-13077","post","type-post","status-publish","format-standard","has-post-thumbnail","hentry","category-mundo","tag-aborto","tag-destacada","tag-estados-unidos"],"jetpack_publicize_connections":[],"yoast_head":"<!-- This site is optimized with the Yoast SEO plugin v27.4 - https:\/\/yoast.com\/product\/yoast-seo-wordpress\/ -->\n<title>EEUU: El Departamento de Justicia demanda a Idaho por la prohibici\u00f3n del aborto - Informatepy<\/title>\n<meta name=\"robots\" content=\"index, follow, max-snippet:-1, max-image-preview:large, max-video-preview:-1\" \/>\n<link rel=\"canonical\" href=\"https:\/\/informatepy.com\/2021\/2022\/08\/03\/eeuu-el-departamento-de-justicia-demanda-a-idaho-por-la-prohibicion-del-aborto\/\" \/>\n<meta property=\"og:locale\" content=\"es_ES\" \/>\n<meta property=\"og:type\" content=\"article\" \/>\n<meta property=\"og:title\" content=\"EEUU: El Departamento de Justicia demanda a Idaho por la prohibici\u00f3n del aborto - Informatepy\" \/>\n<meta property=\"og:description\" content=\"El Departamento de Justicia dijo que la &quot;restrictiva ley de aborto&quot; est\u00e1 en conflicto con la Ley de Tratamiento M\u00e9dico de Emergencia y Trabajo.\" \/>\n<meta property=\"og:url\" content=\"https:\/\/informatepy.com\/2021\/2022\/08\/03\/eeuu-el-departamento-de-justicia-demanda-a-idaho-por-la-prohibicion-del-aborto\/\" \/>\n<meta property=\"og:site_name\" content=\"Informatepy\" \/>\n<meta property=\"article:author\" content=\"https:\/\/www.facebook.com\/InformatePyCom\" \/>\n<meta property=\"article:published_time\" content=\"2022-08-03T12:45:00+00:00\" \/>\n<meta property=\"og:image\" content=\"https:\/\/i0.wp.com\/informatepy.com\/2021\/wp-content\/uploads\/2022\/08\/departamento-justicia-eeuu.jpg?fit=1200%2C675&ssl=1\" \/>\n\t<meta property=\"og:image:width\" content=\"1200\" \/>\n\t<meta property=\"og:image:height\" content=\"675\" \/>\n\t<meta property=\"og:image:type\" content=\"image\/jpeg\" \/>\n<meta name=\"author\" content=\"Redacci\u00f3n\" \/>\n<meta name=\"twitter:card\" content=\"summary_large_image\" \/>\n<meta name=\"twitter:creator\" content=\"@https:\/\/twitter.com\/InformatePy1\" \/>\n<meta name=\"twitter:label1\" content=\"Escrito por\" \/>\n\t<meta name=\"twitter:data1\" content=\"Redacci\u00f3n\" \/>\n\t<meta name=\"twitter:label2\" content=\"Tiempo de lectura\" \/>\n\t<meta name=\"twitter:data2\" content=\"2 minutos\" \/>\n<script type=\"application\/ld+json\" class=\"yoast-schema-graph\">{\"@context\":\"https:\\\/\\\/schema.org\",\"@graph\":[{\"@type\":\"Article\",\"@id\":\"https:\\\/\\\/informatepy.com\\\/2021\\\/2022\\\/08\\\/03\\\/eeuu-el-departamento-de-justicia-demanda-a-idaho-por-la-prohibicion-del-aborto\\\/#article\",\"isPartOf\":{\"@id\":\"https:\\\/\\\/informatepy.com\\\/2021\\\/2022\\\/08\\\/03\\\/eeuu-el-departamento-de-justicia-demanda-a-idaho-por-la-prohibicion-del-aborto\\\/\"},\"author\":{\"name\":\"Redacci\u00f3n\",\"@id\":\"https:\\\/\\\/informatepy.com\\\/2021\\\/#\\\/schema\\\/person\\\/0c842f525f84ea74ef3b44370d11757b\"},\"headline\":\"EEUU: El Departamento de Justicia demanda a Idaho por la prohibici\u00f3n del aborto\",\"datePublished\":\"2022-08-03T12:45:00+00:00\",\"mainEntityOfPage\":{\"@id\":\"https:\\\/\\\/informatepy.com\\\/2021\\\/2022\\\/08\\\/03\\\/eeuu-el-departamento-de-justicia-demanda-a-idaho-por-la-prohibicion-del-aborto\\\/\"},\"wordCount\":381,\"commentCount\":0,\"publisher\":{\"@id\":\"https:\\\/\\\/informatepy.com\\\/2021\\\/#\\\/schema\\\/person\\\/edd302c981d6ba4596191719d1025a8a\"},\"image\":{\"@id\":\"https:\\\/\\\/informatepy.com\\\/2021\\\/2022\\\/08\\\/03\\\/eeuu-el-departamento-de-justicia-demanda-a-idaho-por-la-prohibicion-del-aborto\\\/#primaryimage\"},\"thumbnailUrl\":\"https:\\\/\\\/i0.wp.com\\\/informatepy.com\\\/2021\\\/wp-content\\\/uploads\\\/2022\\\/08\\\/departamento-justicia-eeuu.jpg?fit=1200%2C675&ssl=1\",\"keywords\":[\"aborto\",\"destacada\",\"estados unidos\"],\"articleSection\":[\"Mundo\"],\"inLanguage\":\"es\",\"potentialAction\":[{\"@type\":\"CommentAction\",\"name\":\"Comment\",\"target\":[\"https:\\\/\\\/informatepy.com\\\/2021\\\/2022\\\/08\\\/03\\\/eeuu-el-departamento-de-justicia-demanda-a-idaho-por-la-prohibicion-del-aborto\\\/#respond\"]}]},{\"@type\":\"WebPage\",\"@id\":\"https:\\\/\\\/informatepy.com\\\/2021\\\/2022\\\/08\\\/03\\\/eeuu-el-departamento-de-justicia-demanda-a-idaho-por-la-prohibicion-del-aborto\\\/\",\"url\":\"https:\\\/\\\/informatepy.com\\\/2021\\\/2022\\\/08\\\/03\\\/eeuu-el-departamento-de-justicia-demanda-a-idaho-por-la-prohibicion-del-aborto\\\/\",\"name\":\"EEUU: El Departamento de Justicia demanda a Idaho por la prohibici\u00f3n del aborto - Informatepy\",\"isPartOf\":{\"@id\":\"https:\\\/\\\/informatepy.com\\\/2021\\\/#website\"},\"primaryImageOfPage\":{\"@id\":\"https:\\\/\\\/informatepy.com\\\/2021\\\/2022\\\/08\\\/03\\\/eeuu-el-departamento-de-justicia-demanda-a-idaho-por-la-prohibicion-del-aborto\\\/#primaryimage\"},\"image\":{\"@id\":\"https:\\\/\\\/informatepy.com\\\/2021\\\/2022\\\/08\\\/03\\\/eeuu-el-departamento-de-justicia-demanda-a-idaho-por-la-prohibicion-del-aborto\\\/#primaryimage\"},\"thumbnailUrl\":\"https:\\\/\\\/i0.wp.com\\\/informatepy.com\\\/2021\\\/wp-content\\\/uploads\\\/2022\\\/08\\\/departamento-justicia-eeuu.jpg?fit=1200%2C675&ssl=1\",\"datePublished\":\"2022-08-03T12:45:00+00:00\",\"breadcrumb\":{\"@id\":\"https:\\\/\\\/informatepy.com\\\/2021\\\/2022\\\/08\\\/03\\\/eeuu-el-departamento-de-justicia-demanda-a-idaho-por-la-prohibicion-del-aborto\\\/#breadcrumb\"},\"inLanguage\":\"es\",\"potentialAction\":[{\"@type\":\"ReadAction\",\"target\":[\"https:\\\/\\\/informatepy.com\\\/2021\\\/2022\\\/08\\\/03\\\/eeuu-el-departamento-de-justicia-demanda-a-idaho-por-la-prohibicion-del-aborto\\\/\"]}]},{\"@type\":\"ImageObject\",\"inLanguage\":\"es\",\"@id\":\"https:\\\/\\\/informatepy.com\\\/2021\\\/2022\\\/08\\\/03\\\/eeuu-el-departamento-de-justicia-demanda-a-idaho-por-la-prohibicion-del-aborto\\\/#primaryimage\",\"url\":\"https:\\\/\\\/i0.wp.com\\\/informatepy.com\\\/2021\\\/wp-content\\\/uploads\\\/2022\\\/08\\\/departamento-justicia-eeuu.jpg?fit=1200%2C675&ssl=1\",\"contentUrl\":\"https:\\\/\\\/i0.wp.com\\\/informatepy.com\\\/2021\\\/wp-content\\\/uploads\\\/2022\\\/08\\\/departamento-justicia-eeuu.jpg?fit=1200%2C675&ssl=1\",\"width\":1200,\"height\":675},{\"@type\":\"BreadcrumbList\",\"@id\":\"https:\\\/\\\/informatepy.com\\\/2021\\\/2022\\\/08\\\/03\\\/eeuu-el-departamento-de-justicia-demanda-a-idaho-por-la-prohibicion-del-aborto\\\/#breadcrumb\",\"itemListElement\":[{\"@type\":\"ListItem\",\"position\":1,\"name\":\"Portada\",\"item\":\"https:\\\/\\\/informatepy.com\\\/2021\\\/\"},{\"@type\":\"ListItem\",\"position\":2,\"name\":\"EEUU: El Departamento de Justicia demanda a Idaho por la prohibici\u00f3n del aborto\"}]},{\"@type\":\"WebSite\",\"@id\":\"https:\\\/\\\/informatepy.com\\\/2021\\\/#website\",\"url\":\"https:\\\/\\\/informatepy.com\\\/2021\\\/\",\"name\":\"Informatepy\",\"description\":\"La verdad, siempre!\",\"publisher\":{\"@id\":\"https:\\\/\\\/informatepy.com\\\/2021\\\/#\\\/schema\\\/person\\\/edd302c981d6ba4596191719d1025a8a\"},\"potentialAction\":[{\"@type\":\"SearchAction\",\"target\":{\"@type\":\"EntryPoint\",\"urlTemplate\":\"https:\\\/\\\/informatepy.com\\\/2021\\\/?s={search_term_string}\"},\"query-input\":{\"@type\":\"PropertyValueSpecification\",\"valueRequired\":true,\"valueName\":\"search_term_string\"}}],\"inLanguage\":\"es\"},{\"@type\":[\"Person\",\"Organization\"],\"@id\":\"https:\\\/\\\/informatepy.com\\\/2021\\\/#\\\/schema\\\/person\\\/edd302c981d6ba4596191719d1025a8a\",\"name\":\"admin\",\"image\":{\"@type\":\"ImageObject\",\"inLanguage\":\"es\",\"@id\":\"https:\\\/\\\/secure.gravatar.com\\\/avatar\\\/5310f602b6cbcfb86e030c4ccdbb78f6565a3b9bab6a74ab80fd3cb5428b65af?s=96&d=mm&r=g\",\"url\":\"https:\\\/\\\/secure.gravatar.com\\\/avatar\\\/5310f602b6cbcfb86e030c4ccdbb78f6565a3b9bab6a74ab80fd3cb5428b65af?s=96&d=mm&r=g\",\"contentUrl\":\"https:\\\/\\\/secure.gravatar.com\\\/avatar\\\/5310f602b6cbcfb86e030c4ccdbb78f6565a3b9bab6a74ab80fd3cb5428b65af?s=96&d=mm&r=g\",\"caption\":\"admin\"},\"logo\":{\"@id\":\"https:\\\/\\\/secure.gravatar.com\\\/avatar\\\/5310f602b6cbcfb86e030c4ccdbb78f6565a3b9bab6a74ab80fd3cb5428b65af?s=96&d=mm&r=g\"},\"sameAs\":[\"http:\\\/\\\/informatepy.com\\\/2021\"]},{\"@type\":\"Person\",\"@id\":\"https:\\\/\\\/informatepy.com\\\/2021\\\/#\\\/schema\\\/person\\\/0c842f525f84ea74ef3b44370d11757b\",\"name\":\"Redacci\u00f3n\",\"image\":{\"@type\":\"ImageObject\",\"inLanguage\":\"es\",\"@id\":\"https:\\\/\\\/i0.wp.com\\\/informatepy.com\\\/2021\\\/wp-content\\\/uploads\\\/2021\\\/02\\\/informate-circulo.png?fit=96%2C96&ssl=1\",\"url\":\"https:\\\/\\\/i0.wp.com\\\/informatepy.com\\\/2021\\\/wp-content\\\/uploads\\\/2021\\\/02\\\/informate-circulo.png?fit=96%2C96&ssl=1\",\"contentUrl\":\"https:\\\/\\\/i0.wp.com\\\/informatepy.com\\\/2021\\\/wp-content\\\/uploads\\\/2021\\\/02\\\/informate-circulo.png?fit=96%2C96&ssl=1\",\"caption\":\"Redacci\u00f3n\"},\"sameAs\":[\"https:\\\/\\\/www.facebook.com\\\/InformatePyCom\",\"https:\\\/\\\/x.com\\\/https:\\\/\\\/twitter.com\\\/InformatePy1\"],\"url\":\"https:\\\/\\\/informatepy.com\\\/2021\\\/author\\\/redaccion\\\/\"}]}<\/script>\n<!-- \/ Yoast SEO plugin. -->","yoast_head_json":{"title":"EEUU: El Departamento de Justicia demanda a Idaho por la prohibici\u00f3n del aborto - Informatepy","robots":{"index":"index","follow":"follow","max-snippet":"max-snippet:-1","max-image-preview":"max-image-preview:large","max-video-preview":"max-video-preview:-1"},"canonical":"https:\/\/informatepy.com\/2021\/2022\/08\/03\/eeuu-el-departamento-de-justicia-demanda-a-idaho-por-la-prohibicion-del-aborto\/","og_locale":"es_ES","og_type":"article","og_title":"EEUU: El Departamento de Justicia demanda a Idaho por la prohibici\u00f3n del aborto - Informatepy","og_description":"El Departamento de Justicia dijo que la \"restrictiva ley de aborto\" est\u00e1 en conflicto con la Ley de Tratamiento M\u00e9dico de Emergencia y Trabajo.","og_url":"https:\/\/informatepy.com\/2021\/2022\/08\/03\/eeuu-el-departamento-de-justicia-demanda-a-idaho-por-la-prohibicion-del-aborto\/","og_site_name":"Informatepy","article_author":"https:\/\/www.facebook.com\/InformatePyCom","article_published_time":"2022-08-03T12:45:00+00:00","og_image":[{"width":1200,"height":675,"url":"https:\/\/i0.wp.com\/informatepy.com\/2021\/wp-content\/uploads\/2022\/08\/departamento-justicia-eeuu.jpg?fit=1200%2C675&ssl=1","type":"image\/jpeg"}],"author":"Redacci\u00f3n","twitter_card":"summary_large_image","twitter_creator":"@https:\/\/twitter.com\/InformatePy1","twitter_misc":{"Escrito por":"Redacci\u00f3n","Tiempo de lectura":"2 minutos"},"schema":{"@context":"https:\/\/schema.org","@graph":[{"@type":"Article","@id":"https:\/\/informatepy.com\/2021\/2022\/08\/03\/eeuu-el-departamento-de-justicia-demanda-a-idaho-por-la-prohibicion-del-aborto\/#article","isPartOf":{"@id":"https:\/\/informatepy.com\/2021\/2022\/08\/03\/eeuu-el-departamento-de-justicia-demanda-a-idaho-por-la-prohibicion-del-aborto\/"},"author":{"name":"Redacci\u00f3n","@id":"https:\/\/informatepy.com\/2021\/#\/schema\/person\/0c842f525f84ea74ef3b44370d11757b"},"headline":"EEUU: El Departamento de Justicia demanda a Idaho por la prohibici\u00f3n del aborto","datePublished":"2022-08-03T12:45:00+00:00","mainEntityOfPage":{"@id":"https:\/\/informatepy.com\/2021\/2022\/08\/03\/eeuu-el-departamento-de-justicia-demanda-a-idaho-por-la-prohibicion-del-aborto\/"},"wordCount":381,"commentCount":0,"publisher":{"@id":"https:\/\/informatepy.com\/2021\/#\/schema\/person\/edd302c981d6ba4596191719d1025a8a"},"image":{"@id":"https:\/\/informatepy.com\/2021\/2022\/08\/03\/eeuu-el-departamento-de-justicia-demanda-a-idaho-por-la-prohibicion-del-aborto\/#primaryimage"},"thumbnailUrl":"https:\/\/i0.wp.com\/informatepy.com\/2021\/wp-content\/uploads\/2022\/08\/departamento-justicia-eeuu.jpg?fit=1200%2C675&ssl=1","keywords":["aborto","destacada","estados unidos"],"articleSection":["Mundo"],"inLanguage":"es","potentialAction":[{"@type":"CommentAction","name":"Comment","target":["https:\/\/informatepy.com\/2021\/2022\/08\/03\/eeuu-el-departamento-de-justicia-demanda-a-idaho-por-la-prohibicion-del-aborto\/#respond"]}]},{"@type":"WebPage","@id":"https:\/\/informatepy.com\/2021\/2022\/08\/03\/eeuu-el-departamento-de-justicia-demanda-a-idaho-por-la-prohibicion-del-aborto\/","url":"https:\/\/informatepy.com\/2021\/2022\/08\/03\/eeuu-el-departamento-de-justicia-demanda-a-idaho-por-la-prohibicion-del-aborto\/","name":"EEUU: El Departamento de Justicia demanda a Idaho por la prohibici\u00f3n del aborto - Informatepy","isPartOf":{"@id":"https:\/\/informatepy.com\/2021\/#website"},"primaryImageOfPage":{"@id":"https:\/\/informatepy.com\/2021\/2022\/08\/03\/eeuu-el-departamento-de-justicia-demanda-a-idaho-por-la-prohibicion-del-aborto\/#primaryimage"},"image":{"@id":"https:\/\/informatepy.com\/2021\/2022\/08\/03\/eeuu-el-departamento-de-justicia-demanda-a-idaho-por-la-prohibicion-del-aborto\/#primaryimage"},"thumbnailUrl":"https:\/\/i0.wp.com\/informatepy.com\/2021\/wp-content\/uploads\/2022\/08\/departamento-justicia-eeuu.jpg?fit=1200%2C675&ssl=1","datePublished":"2022-08-03T12:45:00+00:00","breadcrumb":{"@id":"https:\/\/informatepy.com\/2021\/2022\/08\/03\/eeuu-el-departamento-de-justicia-demanda-a-idaho-por-la-prohibicion-del-aborto\/#breadcrumb"},"inLanguage":"es","potentialAction":[{"@type":"ReadAction","target":["https:\/\/informatepy.com\/2021\/2022\/08\/03\/eeuu-el-departamento-de-justicia-demanda-a-idaho-por-la-prohibicion-del-aborto\/"]}]},{"@type":"ImageObject","inLanguage":"es","@id":"https:\/\/informatepy.com\/2021\/2022\/08\/03\/eeuu-el-departamento-de-justicia-demanda-a-idaho-por-la-prohibicion-del-aborto\/#primaryimage","url":"https:\/\/i0.wp.com\/informatepy.com\/2021\/wp-content\/uploads\/2022\/08\/departamento-justicia-eeuu.jpg?fit=1200%2C675&ssl=1","contentUrl":"https:\/\/i0.wp.com\/informatepy.com\/2021\/wp-content\/uploads\/2022\/08\/departamento-justicia-eeuu.jpg?fit=1200%2C675&ssl=1","width":1200,"height":675},{"@type":"BreadcrumbList","@id":"https:\/\/informatepy.com\/2021\/2022\/08\/03\/eeuu-el-departamento-de-justicia-demanda-a-idaho-por-la-prohibicion-del-aborto\/#breadcrumb","itemListElement":[{"@type":"ListItem","position":1,"name":"Portada","item":"https:\/\/informatepy.com\/2021\/"},{"@type":"ListItem","position":2,"name":"EEUU: El Departamento de Justicia demanda a Idaho por la prohibici\u00f3n del aborto"}]},{"@type":"WebSite","@id":"https:\/\/informatepy.com\/2021\/#website","url":"https:\/\/informatepy.com\/2021\/","name":"Informatepy","description":"La verdad, siempre!","publisher":{"@id":"https:\/\/informatepy.com\/2021\/#\/schema\/person\/edd302c981d6ba4596191719d1025a8a"},"potentialAction":[{"@type":"SearchAction","target":{"@type":"EntryPoint","urlTemplate":"https:\/\/informatepy.com\/2021\/?s={search_term_string}"},"query-input":{"@type":"PropertyValueSpecification","valueRequired":true,"valueName":"search_term_string"}}],"inLanguage":"es"},{"@type":["Person","Organization"],"@id":"https:\/\/informatepy.com\/2021\/#\/schema\/person\/edd302c981d6ba4596191719d1025a8a","name":"admin","image":{"@type":"ImageObject","inLanguage":"es","@id":"https:\/\/secure.gravatar.com\/avatar\/5310f602b6cbcfb86e030c4ccdbb78f6565a3b9bab6a74ab80fd3cb5428b65af?s=96&d=mm&r=g","url":"https:\/\/secure.gravatar.com\/avatar\/5310f602b6cbcfb86e030c4ccdbb78f6565a3b9bab6a74ab80fd3cb5428b65af?s=96&d=mm&r=g","contentUrl":"https:\/\/secure.gravatar.com\/avatar\/5310f602b6cbcfb86e030c4ccdbb78f6565a3b9bab6a74ab80fd3cb5428b65af?s=96&d=mm&r=g","caption":"admin"},"logo":{"@id":"https:\/\/secure.gravatar.com\/avatar\/5310f602b6cbcfb86e030c4ccdbb78f6565a3b9bab6a74ab80fd3cb5428b65af?s=96&d=mm&r=g"},"sameAs":["http:\/\/informatepy.com\/2021"]},{"@type":"Person","@id":"https:\/\/informatepy.com\/2021\/#\/schema\/person\/0c842f525f84ea74ef3b44370d11757b","name":"Redacci\u00f3n","image":{"@type":"ImageObject","inLanguage":"es","@id":"https:\/\/i0.wp.com\/informatepy.com\/2021\/wp-content\/uploads\/2021\/02\/informate-circulo.png?fit=96%2C96&ssl=1","url":"https:\/\/i0.wp.com\/informatepy.com\/2021\/wp-content\/uploads\/2021\/02\/informate-circulo.png?fit=96%2C96&ssl=1","contentUrl":"https:\/\/i0.wp.com\/informatepy.com\/2021\/wp-content\/uploads\/2021\/02\/informate-circulo.png?fit=96%2C96&ssl=1","caption":"Redacci\u00f3n"},"sameAs":["https:\/\/www.facebook.com\/InformatePyCom","https:\/\/x.com\/https:\/\/twitter.com\/InformatePy1"],"url":"https:\/\/informatepy.com\/2021\/author\/redaccion\/"}]}},"jetpack_featured_media_url":"https:\/\/i0.wp.com\/informatepy.com\/2021\/wp-content\/uploads\/2022\/08\/departamento-justicia-eeuu.jpg?fit=1200%2C675&ssl=1","jetpack_sharing_enabled":true,"jetpack_likes_enabled":true,"jetpack-related-posts":[{"id":7034,"url":"https:\/\/informatepy.com\/2021\/2021\/09\/09\/biden-demandara-al-estado-de-texas-por-sus-restricciones-al-aborto\/","url_meta":{"origin":13077,"position":0},"title":"Biden demandar\u00e1 al estado de Texas por sus restricciones al aborto","date":"9 de septiembre de 2021","format":false,"excerpt":"El mandatario est\u00e1 bajo presi\u00f3n de grupos feministas y de algunos dem\u00f3cratas, que han pedido que el Departamento de Justicia haga todo lo posible por frenar las restricciones al acceso al aborto en el estado sure\u00f1o","rel":"","context":"En \u00abMundo\u00bb","img":{"alt_text":"","src":"https:\/\/i0.wp.com\/informatepy.com\/2021\/wp-content\/uploads\/2021\/07\/joe-biden-furioso.jpg?fit=640%2C360&ssl=1&resize=350%2C200","width":350,"height":200},"classes":[]},{"id":12449,"url":"https:\/\/informatepy.com\/2021\/2022\/06\/30\/las-companias-estadounidenses-que-cubran-costos-de-abortos-a-sus-trabajadoras-podrian-enfrentar-problemas-legales\/","url_meta":{"origin":13077,"position":1},"title":"Las compa\u00f1\u00edas estadounidenses que cubran costos de aborto a sus trabajadoras podr\u00edan enfrentar problemas legales","date":"30 de junio de 2022","format":false,"excerpt":"Un n\u00famero creciente de grandes compa\u00f1\u00edas estadounidenses han dicho que cubrir\u00e1n los costos de viaje de los empleados que deben abandonar sus estados de origen para abortar, pero estas nuevas pol\u00edticas podr\u00edan exponer a las empresas a demandas e incluso a posibles responsabilidades penales, dijeron expertos legales. Amazon.com Inc, Apple\u2026","rel":"","context":"En \u00abSalud\u00bb","img":{"alt_text":"","src":"https:\/\/i0.wp.com\/informatepy.com\/2021\/wp-content\/uploads\/2022\/01\/no-al-aborto.jpeg?fit=1000%2C563&ssl=1&resize=350%2C200","width":350,"height":200},"classes":[]},{"id":13129,"url":"https:\/\/informatepy.com\/2021\/2022\/08\/05\/biden-vuelve-a-la-carga-para-intentar-facilitar-el-aborto\/","url_meta":{"origin":13077,"position":2},"title":"Biden vuelve a la carga para intentar facilitar el aborto","date":"5 de agosto de 2022","format":false,"excerpt":"El presidente firma el segundo decreto en apenas un mes para esquivar la doctrina de la justicia sobre el aborto. Facilitar\u00e1 los viajes intesestatales para interrumpir los embarazos.","rel":"","context":"En \u00abMundo\u00bb","img":{"alt_text":"","src":"https:\/\/i0.wp.com\/informatepy.com\/2021\/wp-content\/uploads\/2021\/08\/biden-manos-con-sangre.jpg?fit=1023%2C705&ssl=1&resize=350%2C200","width":350,"height":200},"classes":[]},{"id":2457,"url":"https:\/\/informatepy.com\/2021\/2021\/01\/25\/la-onu-pretende-escribir-la-constitucion-de-honduras-en-materia-de-aborto-y-matrimonio-igualitario\/","url_meta":{"origin":13077,"position":3},"title":"La ONU pretende escribir la Constituci\u00f3n de Honduras en materia de aborto y matrimonio igualitario","date":"25 de enero de 2021","format":false,"excerpt":"El Congreso Nacional de Honduras aprob\u00f3 este jueves una reforma de la Constituci\u00f3n que busca blindar la prohibici\u00f3n absoluta del aborto que ya existe en el pa\u00eds. La reforma al art\u00edculo 67 est\u00e1 orientada a impedir que el aborto pueda ser legalizado en el futuro en Honduras, uno de los\u2026","rel":"","context":"En \u00abMundo\u00bb","img":{"alt_text":"","src":"https:\/\/i0.wp.com\/informatepy.com\/2021\/wp-content\/uploads\/2021\/01\/onu1.png?fit=1024%2C683&ssl=1&resize=350%2C200","width":350,"height":200},"classes":[]},{"id":6409,"url":"https:\/\/informatepy.com\/2021\/2021\/08\/13\/gobierno-espanol-busca-ampliar-la-ley-de-aborto-de-2010\/","url_meta":{"origin":13077,"position":4},"title":"Gobierno espa\u00f1ol busca ampliar la ley de aborto de 2010","date":"13 de agosto de 2021","format":false,"excerpt":"El Ministerio de Igualdad de Espa\u00f1a, que encabeza la ministra Irene Montero, est\u00e1 trabajando en lo que espera que se convierta en su pr\u00f3ximo hito de la legislatura: la reforma de la ley de 2010 de salud sexual y reproductiva y de interrupci\u00f3n voluntaria del embarazo. Tras haber aprobado una\u2026","rel":"","context":"En \u00abMundo\u00bb","img":{"alt_text":"","src":"https:\/\/i0.wp.com\/informatepy.com\/2021\/wp-content\/uploads\/2021\/08\/Irene-Montero-Min-Igualdad-espana.jpg?fit=1104%2C736&ssl=1&resize=350%2C200","width":350,"height":200},"classes":[]},{"id":11467,"url":"https:\/\/informatepy.com\/2021\/2022\/05\/04\/amazon-se-suma-a-las-empresas-que-pagaran-viajes-de-trabajadoras-que-necesiten-un-aborto\/","url_meta":{"origin":13077,"position":5},"title":"Amazon se suma a las empresas que pagar\u00e1n viajes de trabajadoras que quieran abortar","date":"4 de mayo de 2022","format":false,"excerpt":"Amazon\u00a0confirm\u00f3 el lunes (02\/05\/2022) que cubrir\u00e1 los costos de viaje de sus trabajadoras en Estados Unidos\u00a0que necesiten un aborto, como parte de su plan de ampliaci\u00f3n de cobertura m\u00e9dica, en vista de las leyes conservadoras en muchos estados orientadas a bloquear el acceso a ese procedimiento. De esta forma,\u00a0Amazon\u00a0se une\u2026","rel":"","context":"En \u00abMundo\u00bb","img":{"alt_text":"","src":"https:\/\/i0.wp.com\/informatepy.com\/2021\/wp-content\/uploads\/2021\/08\/amazon.jpg?fit=1200%2C659&ssl=1&resize=350%2C200","width":350,"height":200},"classes":[]}],"authors":[{"term_id":1051,"user_id":4,"is_guest":0,"slug":"redaccion","display_name":"Redacci\u00f3n","avatar_url":"https:\/\/i0.wp.com\/informatepy.com\/2021\/wp-content\/uploads\/2021\/02\/informate-circulo.png?fit=96%2C96&ssl=1","first_name":"Redacci\u00f3n","last_name":"","user_url":"","description":""}],"amp_enabled":true,"_links":{"self":[{"href":"https:\/\/informatepy.com\/2021\/wp-json\/wp\/v2\/posts\/13077","targetHints":{"allow":["GET"]}}],"collection":[{"href":"https:\/\/informatepy.com\/2021\/wp-json\/wp\/v2\/posts"}],"about":[{"href":"https:\/\/informatepy.com\/2021\/wp-json\/wp\/v2\/types\/post"}],"author":[{"embeddable":true,"href":"https:\/\/informatepy.com\/2021\/wp-json\/wp\/v2\/users\/4"}],"replies":[{"embeddable":true,"href":"https:\/\/informatepy.com\/2021\/wp-json\/wp\/v2\/comments?post=13077"}],"version-history":[{"count":1,"href":"https:\/\/informatepy.com\/2021\/wp-json\/wp\/v2\/posts\/13077\/revisions"}],"predecessor-version":[{"id":13079,"href":"https:\/\/informatepy.com\/2021\/wp-json\/wp\/v2\/posts\/13077\/revisions\/13079"}],"wp:featuredmedia":[{"embeddable":true,"href":"https:\/\/informatepy.com\/2021\/wp-json\/wp\/v2\/media\/13078"}],"wp:attachment":[{"href":"https:\/\/informatepy.com\/2021\/wp-json\/wp\/v2\/media?parent=13077"}],"wp:term":[{"taxonomy":"category","embeddable":true,"href":"https:\/\/informatepy.com\/2021\/wp-json\/wp\/v2\/categories?post=13077"},{"taxonomy":"post_tag","embeddable":true,"href":"https:\/\/informatepy.com\/2021\/wp-json\/wp\/v2\/tags?post=13077"},{"taxonomy":"author","embeddable":true,"href":"https:\/\/informatepy.com\/2021\/wp-json\/wp\/v2\/ppma_author?post=13077"}],"curies":[{"name":"wp","href":"https:\/\/api.w.org\/{rel}","templated":true}]}}