{"id":13033,"date":"2022-08-02T08:19:00","date_gmt":"2022-08-02T11:19:00","guid":{"rendered":"https:\/\/informatepy.com\/2021\/?p=13033"},"modified":"2022-08-01T14:24:36","modified_gmt":"2022-08-01T17:24:36","slug":"ucrania-la-onu-da-la-bienvenida-a-la-primera-exportacion-de-cereales","status":"publish","type":"post","link":"https:\/\/informatepy.com\/2021\/2022\/08\/02\/ucrania-la-onu-da-la-bienvenida-a-la-primera-exportacion-de-cereales\/","title":{"rendered":"Ucrania: la ONU da la bienvenida a la primera exportaci\u00f3n de cereales"},"content":{"rendered":"\n<p class=\"has-text-align-justify\">Despu\u00e9s de la primera entrega de cereales desde el puerto de Odessa, hay confianza en futuras exportaciones.&nbsp;El secretario general de la ONU, Antonio Guterres, salud\u00f3 la salida del carguero \u00abRazoni\u00bb, Mosc\u00fa habl\u00f3 de \u00abnoticias positivas\u00bb.&nbsp;Ucrania espera poder iniciar las exportaciones desde el puerto de Mykolayiv en un futuro pr\u00f3ximo.&nbsp;La lucha contin\u00faa en el este de Ucrania.<\/p>\n\n\n\n<p class=\"has-text-align-justify\">Seg\u00fan informaci\u00f3n oficial, el \u201cRazoni\u201d carg\u00f3 26.000 toneladas de ma\u00edz, el puerto de destino es Beirut en L\u00edbano.&nbsp;Se espera que el buque con bandera de Sierra Leona llegue ma\u00f1ana a Estambul para su inspecci\u00f3n.&nbsp;Si se mantiene el acuerdo de granos con Rusia, Ucrania quiere iniciar negociaciones e intentar abrir el puerto de Mykolayiv para la exportaci\u00f3n de granos por barco, anunci\u00f3 el ministro de Infraestructura, Oleksandr Kubrakov.<\/p>\n\n\n\n<p class=\"has-text-align-justify\">El 22 de julio, Ucrania y Rusia llegaron a un acuerdo sobre las exportaciones de cereales con la intermediaci\u00f3n de Turqu\u00eda y las Naciones Unidas.&nbsp;En \u00e9l, Ucrania y Rusia se comprometen a respetar los corredores seguros para los buques de carga en el Mar Negro y a abstenerse de realizar actividades militares all\u00ed.<\/p>\n\n\n\n<h3 class=\"wp-block-heading\"><strong>Kiev: recibi\u00f3 miles de millones de la UE<\/strong><\/h3>\n\n\n\n<p class=\"has-text-align-justify\">La UE ha entregado a Ucrania mil millones de euros en ayuda para apoyar el presupuesto del pa\u00eds y amortiguar las consecuencias financieras de la guerra.&nbsp;Estos mil millones son parte de un gran paquete de ayuda por un total de nueve mil millones de euros, dijo el primer ministro ucraniano, Denys Schmygal, en Telegram.<\/p>\n\n\n\n<h3 class=\"wp-block-heading\"><strong>M\u00e1s combates en el este<\/strong><\/h3>\n\n\n\n<p class=\"has-text-align-justify\">Seg\u00fan informaci\u00f3n de Kiev, las tropas rusas contin\u00faan sus ataques en direcci\u00f3n a la ciudad de Bakhmut en la regi\u00f3n oriental de Ucrania de Donetsk.\u00a0\u00abLa lucha contin\u00faa\u00bb, dijo el Estado Mayor de Ucrania.\u00a0En la ciudad vecina de Soledar tambi\u00e9n hubo avances de las fuerzas armadas rusas, pero fueron repelidos.\u00a0La informaci\u00f3n no se puede verificar de forma independiente.<\/p>\n\n\n\n<p class=\"has-text-align-justify\">El Estado Mayor ucraniano tambi\u00e9n inform\u00f3 de combates al noroeste y al oeste de la ciudad de Donetsk, controlada por Rusia.&nbsp;Sin embargo, los ataques rusos contra Pisky y Marjinka no tuvieron \u00e9xito, dijo.<\/p>\n\n\n\n<h3 class=\"wp-block-heading\"><strong>\u00bfQu\u00e9 se necesita para la paz en Ucrania?<\/strong><\/h3>\n\n\n\n<p class=\"has-text-align-justify\">Meses despu\u00e9s de la invasi\u00f3n rusa de Ucrania, la guerra contin\u00faa con la misma severidad.&nbsp;Una soluci\u00f3n de paz en la mesa de negociaciones todav\u00eda parece estar muy lejos.&nbsp;\u00bfQu\u00e9 puede hacer Europa para poner fin al conflicto?&nbsp;\u00bfQu\u00e9 papel juegan los env\u00edos de armas occidentales?&nbsp;\u00bfQu\u00e9 tan efectivas son las sanciones de la UE contra Rusia?&nbsp;\u00bfQu\u00e9 es necesario para la paz?<\/p>\n","protected":false},"excerpt":{"rendered":"<p>Despu\u00e9s de la primera entrega de cereales desde el puerto de Odessa, hay confianza en futuras exportaciones.&nbsp;El secretario general de la ONU, Antonio Guterres, salud\u00f3 la salida del carguero \u00abRazoni\u00bb, Mosc\u00fa habl\u00f3 de \u00abnoticias positivas\u00bb.&nbsp;Ucrania espera poder iniciar las exportaciones desde el puerto de Mykolayiv en un futuro pr\u00f3ximo.&nbsp;La lucha contin\u00faa en el este de [&hellip;]<\/p>\n","protected":false},"author":44,"featured_media":13034,"comment_status":"open","ping_status":"open","sticky":false,"template":"","format":"standard","meta":{"_monsterinsights_skip_tracking":false,"_monsterinsights_sitenote_active":false,"_monsterinsights_sitenote_note":"","_monsterinsights_sitenote_category":0,"footnotes":"","jetpack_publicize_message":"","jetpack_is_tweetstorm":false,"jetpack_publicize_feature_enabled":false},"categories":[173],"tags":[1036,706,707,1654],"ppma_author":[1873],"class_list":["post-13033","post","type-post","status-publish","format-standard","has-post-thumbnail","hentry","category-mundo","tag-destacada","tag-naciones-unidas","tag-onu","tag-ucrania"],"jetpack_publicize_connections":[],"yoast_head":"<!-- This site is optimized with the Yoast SEO plugin v27.5 - https:\/\/yoast.com\/product\/yoast-seo-wordpress\/ -->\n<title>Ucrania: la ONU da la bienvenida a la primera exportaci\u00f3n de cereales - Informatepy<\/title>\n<meta name=\"robots\" content=\"index, follow, max-snippet:-1, max-image-preview:large, max-video-preview:-1\" \/>\n<link rel=\"canonical\" href=\"https:\/\/informatepy.com\/2021\/2022\/08\/02\/ucrania-la-onu-da-la-bienvenida-a-la-primera-exportacion-de-cereales\/\" \/>\n<meta property=\"og:locale\" content=\"es_ES\" \/>\n<meta property=\"og:type\" content=\"article\" \/>\n<meta property=\"og:title\" content=\"Ucrania: la ONU da la bienvenida a la primera exportaci\u00f3n de cereales - Informatepy\" \/>\n<meta property=\"og:description\" content=\"Despu\u00e9s de la primera entrega de cereales desde el puerto de Odessa, hay confianza en futuras exportaciones.&nbsp;El secretario general de la ONU, Antonio Guterres, salud\u00f3 la salida del carguero \u00abRazoni\u00bb, Mosc\u00fa habl\u00f3 de \u00abnoticias positivas\u00bb.&nbsp;Ucrania espera poder iniciar las exportaciones desde el puerto de Mykolayiv en un futuro pr\u00f3ximo.&nbsp;La lucha contin\u00faa en el este de [&hellip;]\" \/>\n<meta property=\"og:url\" content=\"https:\/\/informatepy.com\/2021\/2022\/08\/02\/ucrania-la-onu-da-la-bienvenida-a-la-primera-exportacion-de-cereales\/\" \/>\n<meta property=\"og:site_name\" content=\"Informatepy\" \/>\n<meta property=\"article:published_time\" content=\"2022-08-02T11:19:00+00:00\" \/>\n<meta property=\"og:image\" content=\"https:\/\/i0.wp.com\/informatepy.com\/2021\/wp-content\/uploads\/2022\/08\/antonio-guterres-onu.jpg?fit=1132%2C670&ssl=1\" \/>\n\t<meta property=\"og:image:width\" content=\"1132\" \/>\n\t<meta property=\"og:image:height\" content=\"670\" \/>\n\t<meta property=\"og:image:type\" content=\"image\/jpeg\" \/>\n<meta name=\"author\" content=\"Karin Silvina Hiebaum\" \/>\n<meta name=\"twitter:card\" content=\"summary_large_image\" \/>\n<meta name=\"twitter:creator\" content=\"@https:\/\/twitter.com\/karinhiebaumok\" \/>\n<meta name=\"twitter:label1\" content=\"Escrito por\" \/>\n\t<meta name=\"twitter:data1\" content=\"Karin Silvina Hiebaum\" \/>\n\t<meta name=\"twitter:label2\" content=\"Tiempo de lectura\" \/>\n\t<meta name=\"twitter:data2\" content=\"2 minutos\" \/>\n<script type=\"application\/ld+json\" class=\"yoast-schema-graph\">{\"@context\":\"https:\\\/\\\/schema.org\",\"@graph\":[{\"@type\":\"Article\",\"@id\":\"https:\\\/\\\/informatepy.com\\\/2021\\\/2022\\\/08\\\/02\\\/ucrania-la-onu-da-la-bienvenida-a-la-primera-exportacion-de-cereales\\\/#article\",\"isPartOf\":{\"@id\":\"https:\\\/\\\/informatepy.com\\\/2021\\\/2022\\\/08\\\/02\\\/ucrania-la-onu-da-la-bienvenida-a-la-primera-exportacion-de-cereales\\\/\"},\"author\":{\"name\":\"Karin Silvina Hiebaum\",\"@id\":\"https:\\\/\\\/informatepy.com\\\/2021\\\/#\\\/schema\\\/person\\\/90cf396faa843e1cb92643942b949da0\"},\"headline\":\"Ucrania: la ONU da la bienvenida a la primera exportaci\u00f3n de cereales\",\"datePublished\":\"2022-08-02T11:19:00+00:00\",\"mainEntityOfPage\":{\"@id\":\"https:\\\/\\\/informatepy.com\\\/2021\\\/2022\\\/08\\\/02\\\/ucrania-la-onu-da-la-bienvenida-a-la-primera-exportacion-de-cereales\\\/\"},\"wordCount\":468,\"commentCount\":0,\"publisher\":{\"@id\":\"https:\\\/\\\/informatepy.com\\\/2021\\\/#\\\/schema\\\/person\\\/edd302c981d6ba4596191719d1025a8a\"},\"image\":{\"@id\":\"https:\\\/\\\/informatepy.com\\\/2021\\\/2022\\\/08\\\/02\\\/ucrania-la-onu-da-la-bienvenida-a-la-primera-exportacion-de-cereales\\\/#primaryimage\"},\"thumbnailUrl\":\"https:\\\/\\\/i0.wp.com\\\/informatepy.com\\\/2021\\\/wp-content\\\/uploads\\\/2022\\\/08\\\/antonio-guterres-onu.jpg?fit=1132%2C670&ssl=1\",\"keywords\":[\"destacada\",\"naciones unidas\",\"ONU\",\"ucrania\"],\"articleSection\":[\"Mundo\"],\"inLanguage\":\"es\",\"potentialAction\":[{\"@type\":\"CommentAction\",\"name\":\"Comment\",\"target\":[\"https:\\\/\\\/informatepy.com\\\/2021\\\/2022\\\/08\\\/02\\\/ucrania-la-onu-da-la-bienvenida-a-la-primera-exportacion-de-cereales\\\/#respond\"]}]},{\"@type\":\"WebPage\",\"@id\":\"https:\\\/\\\/informatepy.com\\\/2021\\\/2022\\\/08\\\/02\\\/ucrania-la-onu-da-la-bienvenida-a-la-primera-exportacion-de-cereales\\\/\",\"url\":\"https:\\\/\\\/informatepy.com\\\/2021\\\/2022\\\/08\\\/02\\\/ucrania-la-onu-da-la-bienvenida-a-la-primera-exportacion-de-cereales\\\/\",\"name\":\"Ucrania: la ONU da la bienvenida a la primera exportaci\u00f3n de cereales - Informatepy\",\"isPartOf\":{\"@id\":\"https:\\\/\\\/informatepy.com\\\/2021\\\/#website\"},\"primaryImageOfPage\":{\"@id\":\"https:\\\/\\\/informatepy.com\\\/2021\\\/2022\\\/08\\\/02\\\/ucrania-la-onu-da-la-bienvenida-a-la-primera-exportacion-de-cereales\\\/#primaryimage\"},\"image\":{\"@id\":\"https:\\\/\\\/informatepy.com\\\/2021\\\/2022\\\/08\\\/02\\\/ucrania-la-onu-da-la-bienvenida-a-la-primera-exportacion-de-cereales\\\/#primaryimage\"},\"thumbnailUrl\":\"https:\\\/\\\/i0.wp.com\\\/informatepy.com\\\/2021\\\/wp-content\\\/uploads\\\/2022\\\/08\\\/antonio-guterres-onu.jpg?fit=1132%2C670&ssl=1\",\"datePublished\":\"2022-08-02T11:19:00+00:00\",\"breadcrumb\":{\"@id\":\"https:\\\/\\\/informatepy.com\\\/2021\\\/2022\\\/08\\\/02\\\/ucrania-la-onu-da-la-bienvenida-a-la-primera-exportacion-de-cereales\\\/#breadcrumb\"},\"inLanguage\":\"es\",\"potentialAction\":[{\"@type\":\"ReadAction\",\"target\":[\"https:\\\/\\\/informatepy.com\\\/2021\\\/2022\\\/08\\\/02\\\/ucrania-la-onu-da-la-bienvenida-a-la-primera-exportacion-de-cereales\\\/\"]}]},{\"@type\":\"ImageObject\",\"inLanguage\":\"es\",\"@id\":\"https:\\\/\\\/informatepy.com\\\/2021\\\/2022\\\/08\\\/02\\\/ucrania-la-onu-da-la-bienvenida-a-la-primera-exportacion-de-cereales\\\/#primaryimage\",\"url\":\"https:\\\/\\\/i0.wp.com\\\/informatepy.com\\\/2021\\\/wp-content\\\/uploads\\\/2022\\\/08\\\/antonio-guterres-onu.jpg?fit=1132%2C670&ssl=1\",\"contentUrl\":\"https:\\\/\\\/i0.wp.com\\\/informatepy.com\\\/2021\\\/wp-content\\\/uploads\\\/2022\\\/08\\\/antonio-guterres-onu.jpg?fit=1132%2C670&ssl=1\",\"width\":1132,\"height\":670,\"caption\":\"Ant\u00f3nio Guterres, High Commissioner for Refugees at the press conference following the High Commissioner's Dialogue on Protection Challenges. ; The eighth annual High Commissioner's Dialogue on Protection Challenges takes place on 16 and 17 December 2015, at the Palais des Nations in Geneva, Switzerland, on the theme: Understanding and addressing root causes of displacement.\"},{\"@type\":\"BreadcrumbList\",\"@id\":\"https:\\\/\\\/informatepy.com\\\/2021\\\/2022\\\/08\\\/02\\\/ucrania-la-onu-da-la-bienvenida-a-la-primera-exportacion-de-cereales\\\/#breadcrumb\",\"itemListElement\":[{\"@type\":\"ListItem\",\"position\":1,\"name\":\"Portada\",\"item\":\"https:\\\/\\\/informatepy.com\\\/2021\\\/\"},{\"@type\":\"ListItem\",\"position\":2,\"name\":\"Ucrania: la ONU da la bienvenida a la primera exportaci\u00f3n de cereales\"}]},{\"@type\":\"WebSite\",\"@id\":\"https:\\\/\\\/informatepy.com\\\/2021\\\/#website\",\"url\":\"https:\\\/\\\/informatepy.com\\\/2021\\\/\",\"name\":\"Informatepy\",\"description\":\"La verdad, siempre!\",\"publisher\":{\"@id\":\"https:\\\/\\\/informatepy.com\\\/2021\\\/#\\\/schema\\\/person\\\/edd302c981d6ba4596191719d1025a8a\"},\"potentialAction\":[{\"@type\":\"SearchAction\",\"target\":{\"@type\":\"EntryPoint\",\"urlTemplate\":\"https:\\\/\\\/informatepy.com\\\/2021\\\/?s={search_term_string}\"},\"query-input\":{\"@type\":\"PropertyValueSpecification\",\"valueRequired\":true,\"valueName\":\"search_term_string\"}}],\"inLanguage\":\"es\"},{\"@type\":[\"Person\",\"Organization\"],\"@id\":\"https:\\\/\\\/informatepy.com\\\/2021\\\/#\\\/schema\\\/person\\\/edd302c981d6ba4596191719d1025a8a\",\"name\":\"admin\",\"image\":{\"@type\":\"ImageObject\",\"inLanguage\":\"es\",\"@id\":\"https:\\\/\\\/secure.gravatar.com\\\/avatar\\\/5310f602b6cbcfb86e030c4ccdbb78f6565a3b9bab6a74ab80fd3cb5428b65af?s=96&d=mm&r=g\",\"url\":\"https:\\\/\\\/secure.gravatar.com\\\/avatar\\\/5310f602b6cbcfb86e030c4ccdbb78f6565a3b9bab6a74ab80fd3cb5428b65af?s=96&d=mm&r=g\",\"contentUrl\":\"https:\\\/\\\/secure.gravatar.com\\\/avatar\\\/5310f602b6cbcfb86e030c4ccdbb78f6565a3b9bab6a74ab80fd3cb5428b65af?s=96&d=mm&r=g\",\"caption\":\"admin\"},\"logo\":{\"@id\":\"https:\\\/\\\/secure.gravatar.com\\\/avatar\\\/5310f602b6cbcfb86e030c4ccdbb78f6565a3b9bab6a74ab80fd3cb5428b65af?s=96&d=mm&r=g\"},\"sameAs\":[\"http:\\\/\\\/informatepy.com\\\/2021\"]},{\"@type\":\"Person\",\"@id\":\"https:\\\/\\\/informatepy.com\\\/2021\\\/#\\\/schema\\\/person\\\/90cf396faa843e1cb92643942b949da0\",\"name\":\"Karin Silvina Hiebaum\",\"image\":{\"@type\":\"ImageObject\",\"inLanguage\":\"es\",\"@id\":\"https:\\\/\\\/i0.wp.com\\\/informatepy.com\\\/2021\\\/wp-content\\\/uploads\\\/2022\\\/07\\\/karin1.jpg?fit=96%2C96&ssl=1\",\"url\":\"https:\\\/\\\/i0.wp.com\\\/informatepy.com\\\/2021\\\/wp-content\\\/uploads\\\/2022\\\/07\\\/karin1.jpg?fit=96%2C96&ssl=1\",\"contentUrl\":\"https:\\\/\\\/i0.wp.com\\\/informatepy.com\\\/2021\\\/wp-content\\\/uploads\\\/2022\\\/07\\\/karin1.jpg?fit=96%2C96&ssl=1\",\"caption\":\"Karin Silvina Hiebaum\"},\"sameAs\":[\"https:\\\/\\\/x.com\\\/https:\\\/\\\/twitter.com\\\/karinhiebaumok\"],\"url\":\"https:\\\/\\\/informatepy.com\\\/2021\\\/author\\\/khiebaum\\\/\"}]}<\/script>\n<!-- \/ Yoast SEO plugin. -->","yoast_head_json":{"title":"Ucrania: la ONU da la bienvenida a la primera exportaci\u00f3n de cereales - Informatepy","robots":{"index":"index","follow":"follow","max-snippet":"max-snippet:-1","max-image-preview":"max-image-preview:large","max-video-preview":"max-video-preview:-1"},"canonical":"https:\/\/informatepy.com\/2021\/2022\/08\/02\/ucrania-la-onu-da-la-bienvenida-a-la-primera-exportacion-de-cereales\/","og_locale":"es_ES","og_type":"article","og_title":"Ucrania: la ONU da la bienvenida a la primera exportaci\u00f3n de cereales - Informatepy","og_description":"Despu\u00e9s de la primera entrega de cereales desde el puerto de Odessa, hay confianza en futuras exportaciones.&nbsp;El secretario general de la ONU, Antonio Guterres, salud\u00f3 la salida del carguero \u00abRazoni\u00bb, Mosc\u00fa habl\u00f3 de \u00abnoticias positivas\u00bb.&nbsp;Ucrania espera poder iniciar las exportaciones desde el puerto de Mykolayiv en un futuro pr\u00f3ximo.&nbsp;La lucha contin\u00faa en el este de [&hellip;]","og_url":"https:\/\/informatepy.com\/2021\/2022\/08\/02\/ucrania-la-onu-da-la-bienvenida-a-la-primera-exportacion-de-cereales\/","og_site_name":"Informatepy","article_published_time":"2022-08-02T11:19:00+00:00","og_image":[{"width":1132,"height":670,"url":"https:\/\/i0.wp.com\/informatepy.com\/2021\/wp-content\/uploads\/2022\/08\/antonio-guterres-onu.jpg?fit=1132%2C670&ssl=1","type":"image\/jpeg"}],"author":"Karin Silvina Hiebaum","twitter_card":"summary_large_image","twitter_creator":"@https:\/\/twitter.com\/karinhiebaumok","twitter_misc":{"Escrito por":"Karin Silvina Hiebaum","Tiempo de lectura":"2 minutos"},"schema":{"@context":"https:\/\/schema.org","@graph":[{"@type":"Article","@id":"https:\/\/informatepy.com\/2021\/2022\/08\/02\/ucrania-la-onu-da-la-bienvenida-a-la-primera-exportacion-de-cereales\/#article","isPartOf":{"@id":"https:\/\/informatepy.com\/2021\/2022\/08\/02\/ucrania-la-onu-da-la-bienvenida-a-la-primera-exportacion-de-cereales\/"},"author":{"name":"Karin Silvina Hiebaum","@id":"https:\/\/informatepy.com\/2021\/#\/schema\/person\/90cf396faa843e1cb92643942b949da0"},"headline":"Ucrania: la ONU da la bienvenida a la primera exportaci\u00f3n de cereales","datePublished":"2022-08-02T11:19:00+00:00","mainEntityOfPage":{"@id":"https:\/\/informatepy.com\/2021\/2022\/08\/02\/ucrania-la-onu-da-la-bienvenida-a-la-primera-exportacion-de-cereales\/"},"wordCount":468,"commentCount":0,"publisher":{"@id":"https:\/\/informatepy.com\/2021\/#\/schema\/person\/edd302c981d6ba4596191719d1025a8a"},"image":{"@id":"https:\/\/informatepy.com\/2021\/2022\/08\/02\/ucrania-la-onu-da-la-bienvenida-a-la-primera-exportacion-de-cereales\/#primaryimage"},"thumbnailUrl":"https:\/\/i0.wp.com\/informatepy.com\/2021\/wp-content\/uploads\/2022\/08\/antonio-guterres-onu.jpg?fit=1132%2C670&ssl=1","keywords":["destacada","naciones unidas","ONU","ucrania"],"articleSection":["Mundo"],"inLanguage":"es","potentialAction":[{"@type":"CommentAction","name":"Comment","target":["https:\/\/informatepy.com\/2021\/2022\/08\/02\/ucrania-la-onu-da-la-bienvenida-a-la-primera-exportacion-de-cereales\/#respond"]}]},{"@type":"WebPage","@id":"https:\/\/informatepy.com\/2021\/2022\/08\/02\/ucrania-la-onu-da-la-bienvenida-a-la-primera-exportacion-de-cereales\/","url":"https:\/\/informatepy.com\/2021\/2022\/08\/02\/ucrania-la-onu-da-la-bienvenida-a-la-primera-exportacion-de-cereales\/","name":"Ucrania: la ONU da la bienvenida a la primera exportaci\u00f3n de cereales - Informatepy","isPartOf":{"@id":"https:\/\/informatepy.com\/2021\/#website"},"primaryImageOfPage":{"@id":"https:\/\/informatepy.com\/2021\/2022\/08\/02\/ucrania-la-onu-da-la-bienvenida-a-la-primera-exportacion-de-cereales\/#primaryimage"},"image":{"@id":"https:\/\/informatepy.com\/2021\/2022\/08\/02\/ucrania-la-onu-da-la-bienvenida-a-la-primera-exportacion-de-cereales\/#primaryimage"},"thumbnailUrl":"https:\/\/i0.wp.com\/informatepy.com\/2021\/wp-content\/uploads\/2022\/08\/antonio-guterres-onu.jpg?fit=1132%2C670&ssl=1","datePublished":"2022-08-02T11:19:00+00:00","breadcrumb":{"@id":"https:\/\/informatepy.com\/2021\/2022\/08\/02\/ucrania-la-onu-da-la-bienvenida-a-la-primera-exportacion-de-cereales\/#breadcrumb"},"inLanguage":"es","potentialAction":[{"@type":"ReadAction","target":["https:\/\/informatepy.com\/2021\/2022\/08\/02\/ucrania-la-onu-da-la-bienvenida-a-la-primera-exportacion-de-cereales\/"]}]},{"@type":"ImageObject","inLanguage":"es","@id":"https:\/\/informatepy.com\/2021\/2022\/08\/02\/ucrania-la-onu-da-la-bienvenida-a-la-primera-exportacion-de-cereales\/#primaryimage","url":"https:\/\/i0.wp.com\/informatepy.com\/2021\/wp-content\/uploads\/2022\/08\/antonio-guterres-onu.jpg?fit=1132%2C670&ssl=1","contentUrl":"https:\/\/i0.wp.com\/informatepy.com\/2021\/wp-content\/uploads\/2022\/08\/antonio-guterres-onu.jpg?fit=1132%2C670&ssl=1","width":1132,"height":670,"caption":"Ant\u00f3nio Guterres, High Commissioner for Refugees at the press conference following the High Commissioner's Dialogue on Protection Challenges. ; The eighth annual High Commissioner's Dialogue on Protection Challenges takes place on 16 and 17 December 2015, at the Palais des Nations in Geneva, Switzerland, on the theme: Understanding and addressing root causes of displacement."},{"@type":"BreadcrumbList","@id":"https:\/\/informatepy.com\/2021\/2022\/08\/02\/ucrania-la-onu-da-la-bienvenida-a-la-primera-exportacion-de-cereales\/#breadcrumb","itemListElement":[{"@type":"ListItem","position":1,"name":"Portada","item":"https:\/\/informatepy.com\/2021\/"},{"@type":"ListItem","position":2,"name":"Ucrania: la ONU da la bienvenida a la primera exportaci\u00f3n de cereales"}]},{"@type":"WebSite","@id":"https:\/\/informatepy.com\/2021\/#website","url":"https:\/\/informatepy.com\/2021\/","name":"Informatepy","description":"La verdad, siempre!","publisher":{"@id":"https:\/\/informatepy.com\/2021\/#\/schema\/person\/edd302c981d6ba4596191719d1025a8a"},"potentialAction":[{"@type":"SearchAction","target":{"@type":"EntryPoint","urlTemplate":"https:\/\/informatepy.com\/2021\/?s={search_term_string}"},"query-input":{"@type":"PropertyValueSpecification","valueRequired":true,"valueName":"search_term_string"}}],"inLanguage":"es"},{"@type":["Person","Organization"],"@id":"https:\/\/informatepy.com\/2021\/#\/schema\/person\/edd302c981d6ba4596191719d1025a8a","name":"admin","image":{"@type":"ImageObject","inLanguage":"es","@id":"https:\/\/secure.gravatar.com\/avatar\/5310f602b6cbcfb86e030c4ccdbb78f6565a3b9bab6a74ab80fd3cb5428b65af?s=96&d=mm&r=g","url":"https:\/\/secure.gravatar.com\/avatar\/5310f602b6cbcfb86e030c4ccdbb78f6565a3b9bab6a74ab80fd3cb5428b65af?s=96&d=mm&r=g","contentUrl":"https:\/\/secure.gravatar.com\/avatar\/5310f602b6cbcfb86e030c4ccdbb78f6565a3b9bab6a74ab80fd3cb5428b65af?s=96&d=mm&r=g","caption":"admin"},"logo":{"@id":"https:\/\/secure.gravatar.com\/avatar\/5310f602b6cbcfb86e030c4ccdbb78f6565a3b9bab6a74ab80fd3cb5428b65af?s=96&d=mm&r=g"},"sameAs":["http:\/\/informatepy.com\/2021"]},{"@type":"Person","@id":"https:\/\/informatepy.com\/2021\/#\/schema\/person\/90cf396faa843e1cb92643942b949da0","name":"Karin Silvina Hiebaum","image":{"@type":"ImageObject","inLanguage":"es","@id":"https:\/\/i0.wp.com\/informatepy.com\/2021\/wp-content\/uploads\/2022\/07\/karin1.jpg?fit=96%2C96&ssl=1","url":"https:\/\/i0.wp.com\/informatepy.com\/2021\/wp-content\/uploads\/2022\/07\/karin1.jpg?fit=96%2C96&ssl=1","contentUrl":"https:\/\/i0.wp.com\/informatepy.com\/2021\/wp-content\/uploads\/2022\/07\/karin1.jpg?fit=96%2C96&ssl=1","caption":"Karin Silvina Hiebaum"},"sameAs":["https:\/\/x.com\/https:\/\/twitter.com\/karinhiebaumok"],"url":"https:\/\/informatepy.com\/2021\/author\/khiebaum\/"}]}},"jetpack_featured_media_url":"https:\/\/i0.wp.com\/informatepy.com\/2021\/wp-content\/uploads\/2022\/08\/antonio-guterres-onu.jpg?fit=1132%2C670&ssl=1","jetpack_sharing_enabled":true,"jetpack_likes_enabled":true,"jetpack-related-posts":[{"id":12010,"url":"https:\/\/informatepy.com\/2021\/2022\/06\/08\/avanza-un-acuerdo-entre-turquia-y-rusia-por-los-granos-de-ucrania\/","url_meta":{"origin":13033,"position":0},"title":"Avanza un acuerdo entre Turqu\u00eda y Rusia por los granos de Ucrania","date":"8 de junio de 2022","format":false,"excerpt":"Turqu\u00eda, miembro de la OTAN, comparte una frontera mar\u00edtima con Rusia y Ucrania en el Mar Negro: vende drones a Kiev pero se neg\u00f3 a imponer sanciones a Mosc\u00fa.","rel":"","context":"En \u00abMundo\u00bb","img":{"alt_text":"","src":"https:\/\/i0.wp.com\/informatepy.com\/2021\/wp-content\/uploads\/2022\/06\/mindef-turquia-rusia.jpg?fit=880%2C495&ssl=1&resize=350%2C200","width":350,"height":200},"classes":[]},{"id":10312,"url":"https:\/\/informatepy.com\/2021\/2022\/02\/25\/la-venganza-de-putin-sobre-ucrania\/","url_meta":{"origin":13033,"position":1},"title":"La venganza de Putin sobre Ucrania","date":"25 de febrero de 2022","format":false,"excerpt":"El pasado 2014, los ucranianos estaban a las puertas de realizar un refer\u00e9ndum para decidir pac\u00edfica y democr\u00e1ticamente, si se incorporaban en calidad de miembros plenos a la Uni\u00f3n Europea. El entonces presidente Viktor Yanuk\u00f3vich paraliz\u00f3 dicha elecci\u00f3n, lo cual, desat\u00f3 masivas protestas en Kiev como en otras ciudades, conocidas\u2026","rel":"","context":"En \u00abAnalisis\u00bb","img":{"alt_text":"","src":"https:\/\/i0.wp.com\/informatepy.com\/2021\/wp-content\/uploads\/2021\/11\/nahem.png?fit=1200%2C657&ssl=1&resize=350%2C200","width":350,"height":200},"classes":[]},{"id":10604,"url":"https:\/\/informatepy.com\/2021\/2022\/03\/13\/naciones-unidas-convoca-una-reunion-especial-a-solicitud-de-rusia-para-abordar-el-contenido-de-los-laboratorios-bacteriologicos-en-ucrania\/","url_meta":{"origin":13033,"position":2},"title":"Naciones Unidas convoca una reuni\u00f3n especial a solicitud de Rusia para abordar el contenido de los laboratorios  bacteriol\u00f3gicos en Ucrania","date":"13 de marzo de 2022","format":false,"excerpt":"Rusia ha solicitado una reuni\u00f3n del Consejo de Seguridad de Naciones Unidas (ONU) para discutir los supuestos programas de armas biol\u00f3gicas respaldados por Estados Unidos en Ucrania. El representante enviado adjunto de Rusia ante la ONU, Dimitry Polyanskiy as\u00ed lo ha confirmado a trav\u00e9s de sus redes sociales: https:\/\/twitter.com\/Dpol_un\/status\/1502040692432019458 En\u2026","rel":"","context":"En \u00abMundo\u00bb","img":{"alt_text":"","src":"https:\/\/i0.wp.com\/informatepy.com\/2021\/wp-content\/uploads\/2022\/03\/ONU.jpg?fit=1068%2C601&ssl=1&resize=350%2C200","width":350,"height":200},"classes":[]},{"id":11484,"url":"https:\/\/informatepy.com\/2021\/2022\/05\/05\/el-cainismo-visceral-de-dos-guerras-ucrania-y-el-aborto\/","url_meta":{"origin":13033,"position":3},"title":"El cainismo visceral de dos guerras: Ucrania y el aborto","date":"5 de mayo de 2022","format":false,"excerpt":"En 1944 los nazis perpetraron una de las masacres m\u00e1s conocidas en Italia. En 2011, el Papa Benedicto XVI visit\u00f3 las Fosas Ardeatianas, una mina abandonada donde los nazis fusilaron a m\u00e1s de 335 romanos, muchos de ellos de origen jud\u00edo. Calificando el nazismo como \"el mal m\u00e1s horrendo\". El\u2026","rel":"","context":"En \u00abAnalisis\u00bb","img":{"alt_text":"","src":"https:\/\/i0.wp.com\/informatepy.com\/2021\/wp-content\/uploads\/2022\/04\/Arthur-Charlan.png?fit=1200%2C656&ssl=1&resize=350%2C200","width":350,"height":200},"classes":[]},{"id":13628,"url":"https:\/\/informatepy.com\/2021\/2022\/08\/27\/ucrania-celebra-su-independencia-a-meses-de-la-invasion-rusa\/","url_meta":{"origin":13033,"position":4},"title":"Ucrania celebra su independencia a meses de la invasi\u00f3n rusa","date":"27 de agosto de 2022","format":false,"excerpt":"El 24 de agosto de 1991 Ucrania se independiz\u00f3 de la Uni\u00f3n Republicana Socialista Sovi\u00e9tica (URSS), confederaci\u00f3n de Estados socialistas liderado por Rusia y que se disolvi\u00f3 en diciembre de ese mismo a\u00f1o. Desde entonces, Ucrania, naci\u00f3n de la que Rusia es v\u00e1stago, volvi\u00f3 nuevamente como un Estado aut\u00f3nomo y\u2026","rel":"","context":"En \u00abAnalisis\u00bb","img":{"alt_text":"","src":"https:\/\/i0.wp.com\/informatepy.com\/2021\/wp-content\/uploads\/2021\/11\/nahem.png?fit=1200%2C657&ssl=1&resize=350%2C200","width":350,"height":200},"classes":[]},{"id":11100,"url":"https:\/\/informatepy.com\/2021\/2022\/04\/09\/llevando-la-estupidez-a-un-nuevo-nivel-piden-pasaporte-de-apoyo-a-ucrania-para-ingresar-a-un-restaurant\/","url_meta":{"origin":13033,"position":5},"title":"Llevando la estupidez a un nuevo nivel: Piden \u00abpasaporte de apoyo a Ucrania\u00bb para ingresar a un restaurant","date":"9 de abril de 2022","format":false,"excerpt":"El pasaporte Covid ya fue, est\u00e1 demod\u00e9 y por eso, para ingresar a algunos restaurantes de la Columbia Brit\u00e1nica en Canad\u00e1, se pide a los clientes que exhiban el \"pasaporte de apoyo a Ucrania\". En el cartel exhibido en la puerta de un restaurant se indicaba a los potenciales clientes\u2026","rel":"","context":"En \u00abCultura\u00bb","img":{"alt_text":"","src":"https:\/\/i0.wp.com\/informatepy.com\/2021\/wp-content\/uploads\/2022\/04\/pasaporte-apoyo-ucrania.jpg?fit=1200%2C897&ssl=1&resize=350%2C200","width":350,"height":200},"classes":[]}],"authors":[{"term_id":1873,"user_id":44,"is_guest":0,"slug":"khiebaum","display_name":"Karin Silvina Hiebaum","avatar_url":"https:\/\/i0.wp.com\/informatepy.com\/2021\/wp-content\/uploads\/2022\/07\/karin1.jpg?fit=96%2C96&ssl=1","first_name":"Karin Silvina","last_name":"Hiebaum","user_url":"","description":""}],"amp_enabled":true,"_links":{"self":[{"href":"https:\/\/informatepy.com\/2021\/wp-json\/wp\/v2\/posts\/13033","targetHints":{"allow":["GET"]}}],"collection":[{"href":"https:\/\/informatepy.com\/2021\/wp-json\/wp\/v2\/posts"}],"about":[{"href":"https:\/\/informatepy.com\/2021\/wp-json\/wp\/v2\/types\/post"}],"author":[{"embeddable":true,"href":"https:\/\/informatepy.com\/2021\/wp-json\/wp\/v2\/users\/44"}],"replies":[{"embeddable":true,"href":"https:\/\/informatepy.com\/2021\/wp-json\/wp\/v2\/comments?post=13033"}],"version-history":[{"count":2,"href":"https:\/\/informatepy.com\/2021\/wp-json\/wp\/v2\/posts\/13033\/revisions"}],"predecessor-version":[{"id":13037,"href":"https:\/\/informatepy.com\/2021\/wp-json\/wp\/v2\/posts\/13033\/revisions\/13037"}],"wp:featuredmedia":[{"embeddable":true,"href":"https:\/\/informatepy.com\/2021\/wp-json\/wp\/v2\/media\/13034"}],"wp:attachment":[{"href":"https:\/\/informatepy.com\/2021\/wp-json\/wp\/v2\/media?parent=13033"}],"wp:term":[{"taxonomy":"category","embeddable":true,"href":"https:\/\/informatepy.com\/2021\/wp-json\/wp\/v2\/categories?post=13033"},{"taxonomy":"post_tag","embeddable":true,"href":"https:\/\/informatepy.com\/2021\/wp-json\/wp\/v2\/tags?post=13033"},{"taxonomy":"author","embeddable":true,"href":"https:\/\/informatepy.com\/2021\/wp-json\/wp\/v2\/ppma_author?post=13033"}],"curies":[{"name":"wp","href":"https:\/\/api.w.org\/{rel}","templated":true}]}}