{"id":12881,"date":"2022-07-27T08:50:00","date_gmt":"2022-07-27T11:50:00","guid":{"rendered":"https:\/\/informatepy.com\/2021\/?p=12881"},"modified":"2022-07-26T21:13:45","modified_gmt":"2022-07-27T00:13:45","slug":"conferencia-de-nicolas-moras-no-tendras-nada-y-seran-felices","status":"publish","type":"post","link":"https:\/\/informatepy.com\/2021\/2022\/07\/27\/conferencia-de-nicolas-moras-no-tendras-nada-y-seran-felices\/","title":{"rendered":"Conferencia de Nicol\u00e1s Mor\u00e1s: \u00abNo tendr\u00e1s nada y ser\u00e1n felices\u00bb"},"content":{"rendered":"\n<p>Este jueves a las 18 hs, en el sal\u00f3n auditorio de la Universidad Unida, el reconocido periodista y divulgador, Nicol\u00e1s Mor\u00e1s, brindar\u00e1 la conferencia relacionada con la amenaza del globalismo en Paraguay:<em><strong>\u00abNo tendr\u00e1s nada, y ser\u00e1n felices\u00bb.<\/strong><\/em><\/p>\n\n\n\n<p>Quienes deseen concurrir (plazas limitadas) y entender la <strong>\u00abPlandemia\u00bb<\/strong>, deber\u00e1n comunicarse al 0992 733 777 \u00f3 a trav\u00e9s de la cuenta de twitter de Nicol\u00e1s Mor\u00e1s (@losliberales6).<\/p>\n","protected":false},"excerpt":{"rendered":"<p>Este jueves a las 18 hs, en el sal\u00f3n auditorio de la Universidad Unida, el reconocido periodista y divulgador, Nicol\u00e1s Mor\u00e1s, brindar\u00e1 la conferencia relacionada con la amenaza del globalismo en Paraguay:\u00abNo tendr\u00e1s nada, y ser\u00e1n felices\u00bb. Quienes deseen concurrir (plazas limitadas) y entender la \u00abPlandemia\u00bb, deber\u00e1n comunicarse al 0992 733 777 \u00f3 a trav\u00e9s [&hellip;]<\/p>\n","protected":false},"author":4,"featured_media":12882,"comment_status":"open","ping_status":"open","sticky":false,"template":"","format":"standard","meta":{"_monsterinsights_skip_tracking":false,"_monsterinsights_sitenote_active":false,"_monsterinsights_sitenote_note":"","_monsterinsights_sitenote_category":0,"footnotes":"","jetpack_publicize_message":"","jetpack_is_tweetstorm":false,"jetpack_publicize_feature_enabled":true},"categories":[1332],"tags":[1036,1334,1610],"ppma_author":[1051],"class_list":["post-12881","post","type-post","status-publish","format-standard","has-post-thumbnail","hentry","category-cultura","tag-destacada","tag-fundacion-issos","tag-nicolas-moras"],"jetpack_publicize_connections":[],"yoast_head":"<!-- This site is optimized with the Yoast SEO plugin v27.4 - https:\/\/yoast.com\/product\/yoast-seo-wordpress\/ -->\n<title>Conferencia de Nicol\u00e1s Mor\u00e1s: &quot;No tendr\u00e1s nada y ser\u00e1n felices&quot; - Informatepy<\/title>\n<meta name=\"robots\" content=\"index, follow, max-snippet:-1, max-image-preview:large, max-video-preview:-1\" \/>\n<link rel=\"canonical\" href=\"https:\/\/informatepy.com\/2021\/2022\/07\/27\/conferencia-de-nicolas-moras-no-tendras-nada-y-seran-felices\/\" \/>\n<meta property=\"og:locale\" content=\"es_ES\" \/>\n<meta property=\"og:type\" content=\"article\" \/>\n<meta property=\"og:title\" content=\"Conferencia de Nicol\u00e1s Mor\u00e1s: &quot;No tendr\u00e1s nada y ser\u00e1n felices&quot; - Informatepy\" \/>\n<meta property=\"og:description\" content=\"Este jueves a las 18 hs, en el sal\u00f3n auditorio de la Universidad Unida, el reconocido periodista y divulgador, Nicol\u00e1s Mor\u00e1s, brindar\u00e1 la conferencia relacionada con la amenaza del globalismo en Paraguay:\u00abNo tendr\u00e1s nada, y ser\u00e1n felices\u00bb. Quienes deseen concurrir (plazas limitadas) y entender la \u00abPlandemia\u00bb, deber\u00e1n comunicarse al 0992 733 777 \u00f3 a trav\u00e9s [&hellip;]\" \/>\n<meta property=\"og:url\" content=\"https:\/\/informatepy.com\/2021\/2022\/07\/27\/conferencia-de-nicolas-moras-no-tendras-nada-y-seran-felices\/\" \/>\n<meta property=\"og:site_name\" content=\"Informatepy\" \/>\n<meta property=\"article:author\" content=\"https:\/\/www.facebook.com\/InformatePyCom\" \/>\n<meta property=\"article:published_time\" content=\"2022-07-27T11:50:00+00:00\" \/>\n<meta property=\"og:image\" content=\"https:\/\/i0.wp.com\/informatepy.com\/2021\/wp-content\/uploads\/2022\/07\/nico-moras.jpg?fit=674%2C680&ssl=1\" \/>\n\t<meta property=\"og:image:width\" content=\"674\" \/>\n\t<meta property=\"og:image:height\" content=\"680\" \/>\n\t<meta property=\"og:image:type\" content=\"image\/jpeg\" \/>\n<meta name=\"author\" content=\"Redacci\u00f3n\" \/>\n<meta name=\"twitter:card\" content=\"summary_large_image\" \/>\n<meta name=\"twitter:creator\" content=\"@https:\/\/twitter.com\/InformatePy1\" \/>\n<meta name=\"twitter:label1\" content=\"Escrito por\" \/>\n\t<meta name=\"twitter:data1\" content=\"Redacci\u00f3n\" \/>\n\t<meta name=\"twitter:label2\" content=\"Tiempo de lectura\" \/>\n\t<meta name=\"twitter:data2\" content=\"1 minuto\" \/>\n<script type=\"application\/ld+json\" class=\"yoast-schema-graph\">{\"@context\":\"https:\\\/\\\/schema.org\",\"@graph\":[{\"@type\":\"Article\",\"@id\":\"https:\\\/\\\/informatepy.com\\\/2021\\\/2022\\\/07\\\/27\\\/conferencia-de-nicolas-moras-no-tendras-nada-y-seran-felices\\\/#article\",\"isPartOf\":{\"@id\":\"https:\\\/\\\/informatepy.com\\\/2021\\\/2022\\\/07\\\/27\\\/conferencia-de-nicolas-moras-no-tendras-nada-y-seran-felices\\\/\"},\"author\":{\"name\":\"Redacci\u00f3n\",\"@id\":\"https:\\\/\\\/informatepy.com\\\/2021\\\/#\\\/schema\\\/person\\\/0c842f525f84ea74ef3b44370d11757b\"},\"headline\":\"Conferencia de Nicol\u00e1s Mor\u00e1s: \u00abNo tendr\u00e1s nada y ser\u00e1n felices\u00bb\",\"datePublished\":\"2022-07-27T11:50:00+00:00\",\"mainEntityOfPage\":{\"@id\":\"https:\\\/\\\/informatepy.com\\\/2021\\\/2022\\\/07\\\/27\\\/conferencia-de-nicolas-moras-no-tendras-nada-y-seran-felices\\\/\"},\"wordCount\":83,\"commentCount\":0,\"publisher\":{\"@id\":\"https:\\\/\\\/informatepy.com\\\/2021\\\/#\\\/schema\\\/person\\\/edd302c981d6ba4596191719d1025a8a\"},\"image\":{\"@id\":\"https:\\\/\\\/informatepy.com\\\/2021\\\/2022\\\/07\\\/27\\\/conferencia-de-nicolas-moras-no-tendras-nada-y-seran-felices\\\/#primaryimage\"},\"thumbnailUrl\":\"https:\\\/\\\/i0.wp.com\\\/informatepy.com\\\/2021\\\/wp-content\\\/uploads\\\/2022\\\/07\\\/nico-moras.jpg?fit=674%2C680&ssl=1\",\"keywords\":[\"destacada\",\"fundacion issos\",\"nicolas moras\"],\"articleSection\":[\"Cultura\"],\"inLanguage\":\"es\",\"potentialAction\":[{\"@type\":\"CommentAction\",\"name\":\"Comment\",\"target\":[\"https:\\\/\\\/informatepy.com\\\/2021\\\/2022\\\/07\\\/27\\\/conferencia-de-nicolas-moras-no-tendras-nada-y-seran-felices\\\/#respond\"]}]},{\"@type\":\"WebPage\",\"@id\":\"https:\\\/\\\/informatepy.com\\\/2021\\\/2022\\\/07\\\/27\\\/conferencia-de-nicolas-moras-no-tendras-nada-y-seran-felices\\\/\",\"url\":\"https:\\\/\\\/informatepy.com\\\/2021\\\/2022\\\/07\\\/27\\\/conferencia-de-nicolas-moras-no-tendras-nada-y-seran-felices\\\/\",\"name\":\"Conferencia de Nicol\u00e1s Mor\u00e1s: \\\"No tendr\u00e1s nada y ser\u00e1n felices\\\" - Informatepy\",\"isPartOf\":{\"@id\":\"https:\\\/\\\/informatepy.com\\\/2021\\\/#website\"},\"primaryImageOfPage\":{\"@id\":\"https:\\\/\\\/informatepy.com\\\/2021\\\/2022\\\/07\\\/27\\\/conferencia-de-nicolas-moras-no-tendras-nada-y-seran-felices\\\/#primaryimage\"},\"image\":{\"@id\":\"https:\\\/\\\/informatepy.com\\\/2021\\\/2022\\\/07\\\/27\\\/conferencia-de-nicolas-moras-no-tendras-nada-y-seran-felices\\\/#primaryimage\"},\"thumbnailUrl\":\"https:\\\/\\\/i0.wp.com\\\/informatepy.com\\\/2021\\\/wp-content\\\/uploads\\\/2022\\\/07\\\/nico-moras.jpg?fit=674%2C680&ssl=1\",\"datePublished\":\"2022-07-27T11:50:00+00:00\",\"breadcrumb\":{\"@id\":\"https:\\\/\\\/informatepy.com\\\/2021\\\/2022\\\/07\\\/27\\\/conferencia-de-nicolas-moras-no-tendras-nada-y-seran-felices\\\/#breadcrumb\"},\"inLanguage\":\"es\",\"potentialAction\":[{\"@type\":\"ReadAction\",\"target\":[\"https:\\\/\\\/informatepy.com\\\/2021\\\/2022\\\/07\\\/27\\\/conferencia-de-nicolas-moras-no-tendras-nada-y-seran-felices\\\/\"]}]},{\"@type\":\"ImageObject\",\"inLanguage\":\"es\",\"@id\":\"https:\\\/\\\/informatepy.com\\\/2021\\\/2022\\\/07\\\/27\\\/conferencia-de-nicolas-moras-no-tendras-nada-y-seran-felices\\\/#primaryimage\",\"url\":\"https:\\\/\\\/i0.wp.com\\\/informatepy.com\\\/2021\\\/wp-content\\\/uploads\\\/2022\\\/07\\\/nico-moras.jpg?fit=674%2C680&ssl=1\",\"contentUrl\":\"https:\\\/\\\/i0.wp.com\\\/informatepy.com\\\/2021\\\/wp-content\\\/uploads\\\/2022\\\/07\\\/nico-moras.jpg?fit=674%2C680&ssl=1\",\"width\":674,\"height\":680},{\"@type\":\"BreadcrumbList\",\"@id\":\"https:\\\/\\\/informatepy.com\\\/2021\\\/2022\\\/07\\\/27\\\/conferencia-de-nicolas-moras-no-tendras-nada-y-seran-felices\\\/#breadcrumb\",\"itemListElement\":[{\"@type\":\"ListItem\",\"position\":1,\"name\":\"Portada\",\"item\":\"https:\\\/\\\/informatepy.com\\\/2021\\\/\"},{\"@type\":\"ListItem\",\"position\":2,\"name\":\"Conferencia de Nicol\u00e1s Mor\u00e1s: \u00abNo tendr\u00e1s nada y ser\u00e1n felices\u00bb\"}]},{\"@type\":\"WebSite\",\"@id\":\"https:\\\/\\\/informatepy.com\\\/2021\\\/#website\",\"url\":\"https:\\\/\\\/informatepy.com\\\/2021\\\/\",\"name\":\"Informatepy\",\"description\":\"La verdad, siempre!\",\"publisher\":{\"@id\":\"https:\\\/\\\/informatepy.com\\\/2021\\\/#\\\/schema\\\/person\\\/edd302c981d6ba4596191719d1025a8a\"},\"potentialAction\":[{\"@type\":\"SearchAction\",\"target\":{\"@type\":\"EntryPoint\",\"urlTemplate\":\"https:\\\/\\\/informatepy.com\\\/2021\\\/?s={search_term_string}\"},\"query-input\":{\"@type\":\"PropertyValueSpecification\",\"valueRequired\":true,\"valueName\":\"search_term_string\"}}],\"inLanguage\":\"es\"},{\"@type\":[\"Person\",\"Organization\"],\"@id\":\"https:\\\/\\\/informatepy.com\\\/2021\\\/#\\\/schema\\\/person\\\/edd302c981d6ba4596191719d1025a8a\",\"name\":\"admin\",\"image\":{\"@type\":\"ImageObject\",\"inLanguage\":\"es\",\"@id\":\"https:\\\/\\\/secure.gravatar.com\\\/avatar\\\/5310f602b6cbcfb86e030c4ccdbb78f6565a3b9bab6a74ab80fd3cb5428b65af?s=96&d=mm&r=g\",\"url\":\"https:\\\/\\\/secure.gravatar.com\\\/avatar\\\/5310f602b6cbcfb86e030c4ccdbb78f6565a3b9bab6a74ab80fd3cb5428b65af?s=96&d=mm&r=g\",\"contentUrl\":\"https:\\\/\\\/secure.gravatar.com\\\/avatar\\\/5310f602b6cbcfb86e030c4ccdbb78f6565a3b9bab6a74ab80fd3cb5428b65af?s=96&d=mm&r=g\",\"caption\":\"admin\"},\"logo\":{\"@id\":\"https:\\\/\\\/secure.gravatar.com\\\/avatar\\\/5310f602b6cbcfb86e030c4ccdbb78f6565a3b9bab6a74ab80fd3cb5428b65af?s=96&d=mm&r=g\"},\"sameAs\":[\"http:\\\/\\\/informatepy.com\\\/2021\"]},{\"@type\":\"Person\",\"@id\":\"https:\\\/\\\/informatepy.com\\\/2021\\\/#\\\/schema\\\/person\\\/0c842f525f84ea74ef3b44370d11757b\",\"name\":\"Redacci\u00f3n\",\"image\":{\"@type\":\"ImageObject\",\"inLanguage\":\"es\",\"@id\":\"https:\\\/\\\/i0.wp.com\\\/informatepy.com\\\/2021\\\/wp-content\\\/uploads\\\/2021\\\/02\\\/informate-circulo.png?fit=96%2C96&ssl=1\",\"url\":\"https:\\\/\\\/i0.wp.com\\\/informatepy.com\\\/2021\\\/wp-content\\\/uploads\\\/2021\\\/02\\\/informate-circulo.png?fit=96%2C96&ssl=1\",\"contentUrl\":\"https:\\\/\\\/i0.wp.com\\\/informatepy.com\\\/2021\\\/wp-content\\\/uploads\\\/2021\\\/02\\\/informate-circulo.png?fit=96%2C96&ssl=1\",\"caption\":\"Redacci\u00f3n\"},\"sameAs\":[\"https:\\\/\\\/www.facebook.com\\\/InformatePyCom\",\"https:\\\/\\\/x.com\\\/https:\\\/\\\/twitter.com\\\/InformatePy1\"],\"url\":\"https:\\\/\\\/informatepy.com\\\/2021\\\/author\\\/redaccion\\\/\"}]}<\/script>\n<!-- \/ Yoast SEO plugin. -->","yoast_head_json":{"title":"Conferencia de Nicol\u00e1s Mor\u00e1s: \"No tendr\u00e1s nada y ser\u00e1n felices\" - Informatepy","robots":{"index":"index","follow":"follow","max-snippet":"max-snippet:-1","max-image-preview":"max-image-preview:large","max-video-preview":"max-video-preview:-1"},"canonical":"https:\/\/informatepy.com\/2021\/2022\/07\/27\/conferencia-de-nicolas-moras-no-tendras-nada-y-seran-felices\/","og_locale":"es_ES","og_type":"article","og_title":"Conferencia de Nicol\u00e1s Mor\u00e1s: \"No tendr\u00e1s nada y ser\u00e1n felices\" - Informatepy","og_description":"Este jueves a las 18 hs, en el sal\u00f3n auditorio de la Universidad Unida, el reconocido periodista y divulgador, Nicol\u00e1s Mor\u00e1s, brindar\u00e1 la conferencia relacionada con la amenaza del globalismo en Paraguay:\u00abNo tendr\u00e1s nada, y ser\u00e1n felices\u00bb. Quienes deseen concurrir (plazas limitadas) y entender la \u00abPlandemia\u00bb, deber\u00e1n comunicarse al 0992 733 777 \u00f3 a trav\u00e9s [&hellip;]","og_url":"https:\/\/informatepy.com\/2021\/2022\/07\/27\/conferencia-de-nicolas-moras-no-tendras-nada-y-seran-felices\/","og_site_name":"Informatepy","article_author":"https:\/\/www.facebook.com\/InformatePyCom","article_published_time":"2022-07-27T11:50:00+00:00","og_image":[{"width":674,"height":680,"url":"https:\/\/i0.wp.com\/informatepy.com\/2021\/wp-content\/uploads\/2022\/07\/nico-moras.jpg?fit=674%2C680&ssl=1","type":"image\/jpeg"}],"author":"Redacci\u00f3n","twitter_card":"summary_large_image","twitter_creator":"@https:\/\/twitter.com\/InformatePy1","twitter_misc":{"Escrito por":"Redacci\u00f3n","Tiempo de lectura":"1 minuto"},"schema":{"@context":"https:\/\/schema.org","@graph":[{"@type":"Article","@id":"https:\/\/informatepy.com\/2021\/2022\/07\/27\/conferencia-de-nicolas-moras-no-tendras-nada-y-seran-felices\/#article","isPartOf":{"@id":"https:\/\/informatepy.com\/2021\/2022\/07\/27\/conferencia-de-nicolas-moras-no-tendras-nada-y-seran-felices\/"},"author":{"name":"Redacci\u00f3n","@id":"https:\/\/informatepy.com\/2021\/#\/schema\/person\/0c842f525f84ea74ef3b44370d11757b"},"headline":"Conferencia de Nicol\u00e1s Mor\u00e1s: \u00abNo tendr\u00e1s nada y ser\u00e1n felices\u00bb","datePublished":"2022-07-27T11:50:00+00:00","mainEntityOfPage":{"@id":"https:\/\/informatepy.com\/2021\/2022\/07\/27\/conferencia-de-nicolas-moras-no-tendras-nada-y-seran-felices\/"},"wordCount":83,"commentCount":0,"publisher":{"@id":"https:\/\/informatepy.com\/2021\/#\/schema\/person\/edd302c981d6ba4596191719d1025a8a"},"image":{"@id":"https:\/\/informatepy.com\/2021\/2022\/07\/27\/conferencia-de-nicolas-moras-no-tendras-nada-y-seran-felices\/#primaryimage"},"thumbnailUrl":"https:\/\/i0.wp.com\/informatepy.com\/2021\/wp-content\/uploads\/2022\/07\/nico-moras.jpg?fit=674%2C680&ssl=1","keywords":["destacada","fundacion issos","nicolas moras"],"articleSection":["Cultura"],"inLanguage":"es","potentialAction":[{"@type":"CommentAction","name":"Comment","target":["https:\/\/informatepy.com\/2021\/2022\/07\/27\/conferencia-de-nicolas-moras-no-tendras-nada-y-seran-felices\/#respond"]}]},{"@type":"WebPage","@id":"https:\/\/informatepy.com\/2021\/2022\/07\/27\/conferencia-de-nicolas-moras-no-tendras-nada-y-seran-felices\/","url":"https:\/\/informatepy.com\/2021\/2022\/07\/27\/conferencia-de-nicolas-moras-no-tendras-nada-y-seran-felices\/","name":"Conferencia de Nicol\u00e1s Mor\u00e1s: \"No tendr\u00e1s nada y ser\u00e1n felices\" - Informatepy","isPartOf":{"@id":"https:\/\/informatepy.com\/2021\/#website"},"primaryImageOfPage":{"@id":"https:\/\/informatepy.com\/2021\/2022\/07\/27\/conferencia-de-nicolas-moras-no-tendras-nada-y-seran-felices\/#primaryimage"},"image":{"@id":"https:\/\/informatepy.com\/2021\/2022\/07\/27\/conferencia-de-nicolas-moras-no-tendras-nada-y-seran-felices\/#primaryimage"},"thumbnailUrl":"https:\/\/i0.wp.com\/informatepy.com\/2021\/wp-content\/uploads\/2022\/07\/nico-moras.jpg?fit=674%2C680&ssl=1","datePublished":"2022-07-27T11:50:00+00:00","breadcrumb":{"@id":"https:\/\/informatepy.com\/2021\/2022\/07\/27\/conferencia-de-nicolas-moras-no-tendras-nada-y-seran-felices\/#breadcrumb"},"inLanguage":"es","potentialAction":[{"@type":"ReadAction","target":["https:\/\/informatepy.com\/2021\/2022\/07\/27\/conferencia-de-nicolas-moras-no-tendras-nada-y-seran-felices\/"]}]},{"@type":"ImageObject","inLanguage":"es","@id":"https:\/\/informatepy.com\/2021\/2022\/07\/27\/conferencia-de-nicolas-moras-no-tendras-nada-y-seran-felices\/#primaryimage","url":"https:\/\/i0.wp.com\/informatepy.com\/2021\/wp-content\/uploads\/2022\/07\/nico-moras.jpg?fit=674%2C680&ssl=1","contentUrl":"https:\/\/i0.wp.com\/informatepy.com\/2021\/wp-content\/uploads\/2022\/07\/nico-moras.jpg?fit=674%2C680&ssl=1","width":674,"height":680},{"@type":"BreadcrumbList","@id":"https:\/\/informatepy.com\/2021\/2022\/07\/27\/conferencia-de-nicolas-moras-no-tendras-nada-y-seran-felices\/#breadcrumb","itemListElement":[{"@type":"ListItem","position":1,"name":"Portada","item":"https:\/\/informatepy.com\/2021\/"},{"@type":"ListItem","position":2,"name":"Conferencia de Nicol\u00e1s Mor\u00e1s: \u00abNo tendr\u00e1s nada y ser\u00e1n felices\u00bb"}]},{"@type":"WebSite","@id":"https:\/\/informatepy.com\/2021\/#website","url":"https:\/\/informatepy.com\/2021\/","name":"Informatepy","description":"La verdad, siempre!","publisher":{"@id":"https:\/\/informatepy.com\/2021\/#\/schema\/person\/edd302c981d6ba4596191719d1025a8a"},"potentialAction":[{"@type":"SearchAction","target":{"@type":"EntryPoint","urlTemplate":"https:\/\/informatepy.com\/2021\/?s={search_term_string}"},"query-input":{"@type":"PropertyValueSpecification","valueRequired":true,"valueName":"search_term_string"}}],"inLanguage":"es"},{"@type":["Person","Organization"],"@id":"https:\/\/informatepy.com\/2021\/#\/schema\/person\/edd302c981d6ba4596191719d1025a8a","name":"admin","image":{"@type":"ImageObject","inLanguage":"es","@id":"https:\/\/secure.gravatar.com\/avatar\/5310f602b6cbcfb86e030c4ccdbb78f6565a3b9bab6a74ab80fd3cb5428b65af?s=96&d=mm&r=g","url":"https:\/\/secure.gravatar.com\/avatar\/5310f602b6cbcfb86e030c4ccdbb78f6565a3b9bab6a74ab80fd3cb5428b65af?s=96&d=mm&r=g","contentUrl":"https:\/\/secure.gravatar.com\/avatar\/5310f602b6cbcfb86e030c4ccdbb78f6565a3b9bab6a74ab80fd3cb5428b65af?s=96&d=mm&r=g","caption":"admin"},"logo":{"@id":"https:\/\/secure.gravatar.com\/avatar\/5310f602b6cbcfb86e030c4ccdbb78f6565a3b9bab6a74ab80fd3cb5428b65af?s=96&d=mm&r=g"},"sameAs":["http:\/\/informatepy.com\/2021"]},{"@type":"Person","@id":"https:\/\/informatepy.com\/2021\/#\/schema\/person\/0c842f525f84ea74ef3b44370d11757b","name":"Redacci\u00f3n","image":{"@type":"ImageObject","inLanguage":"es","@id":"https:\/\/i0.wp.com\/informatepy.com\/2021\/wp-content\/uploads\/2021\/02\/informate-circulo.png?fit=96%2C96&ssl=1","url":"https:\/\/i0.wp.com\/informatepy.com\/2021\/wp-content\/uploads\/2021\/02\/informate-circulo.png?fit=96%2C96&ssl=1","contentUrl":"https:\/\/i0.wp.com\/informatepy.com\/2021\/wp-content\/uploads\/2021\/02\/informate-circulo.png?fit=96%2C96&ssl=1","caption":"Redacci\u00f3n"},"sameAs":["https:\/\/www.facebook.com\/InformatePyCom","https:\/\/x.com\/https:\/\/twitter.com\/InformatePy1"],"url":"https:\/\/informatepy.com\/2021\/author\/redaccion\/"}]}},"jetpack_featured_media_url":"https:\/\/i0.wp.com\/informatepy.com\/2021\/wp-content\/uploads\/2022\/07\/nico-moras.jpg?fit=674%2C680&ssl=1","jetpack_sharing_enabled":true,"jetpack_likes_enabled":true,"jetpack-related-posts":[{"id":9173,"url":"https:\/\/informatepy.com\/2021\/2022\/01\/02\/conferencia-de-nicolas-moras-sobre-el-mito-de-la-superpoblacion\/","url_meta":{"origin":12881,"position":0},"title":"Conferencia de Nicol\u00e1s Mor\u00e1s sobre el mito de la superpoblaci\u00f3n","date":"2 de enero de 2022","format":false,"excerpt":"En una ponencia \u00fanica, Nicol\u00e1s Mor\u00e1s, uno de los comunicadores m\u00e1s influyentes de la actualidad, desmontar\u00e1 el \u201cMito de la superpoblaci\u00f3n\u201d. Nicol\u00e1s Mor\u00e1s es Director de Academia Libertaria, fue investigador del Center For Stateless Society y del Bastiat institute. Expositor habitual de la red Estudiantes por la Libertad y disertante\u2026","rel":"","context":"En \u00abCultura\u00bb","img":{"alt_text":"","src":"https:\/\/i0.wp.com\/informatepy.com\/2021\/wp-content\/uploads\/2022\/01\/NicolasMoras.jpg?fit=1200%2C800&ssl=1&resize=350%2C200","width":350,"height":200},"classes":[]},{"id":1185,"url":"https:\/\/informatepy.com\/2021\/2019\/05\/22\/adaptarse-o-morir\/","url_meta":{"origin":12881,"position":1},"title":"Adaptarse&#8230; o morir","date":"22 de mayo de 2019","format":false,"excerpt":"Pocas cosas molestan tanto al lector avezado, como cuando a quien escribe un art\u00edculo period\u00edstico se le notan los hilos; y a pocos medios se le notan lo hilos como a ABC. Cierto es, digamos todo, que ABC es el medio de mayor circulaci\u00f3n en nuestro pa\u00eds pero, eso no\u2026","rel":"","context":"En \u00abAnalisis\u00bb","img":{"alt_text":"","src":"https:\/\/i0.wp.com\/informatepy.com\/2021\/wp-content\/uploads\/2021\/05\/tapa-abc.jpg?fit=1200%2C586&ssl=1&resize=350%2C200","width":350,"height":200},"classes":[]},{"id":8124,"url":"https:\/\/informatepy.com\/2021\/2021\/11\/03\/el-glamour-esta-en-el-cerebro-no-en-los-ojos\/","url_meta":{"origin":12881,"position":2},"title":"El glamour est\u00e1 en el cerebro no en los ojos","date":"3 de noviembre de 2021","format":false,"excerpt":"Esta ma\u00f1ana, como es habitual en la C\u00e1mara de Diputados, la legisladora Celeste Amarilla critic\u00f3 duramente el atuendo de la reina consorte de Espa\u00f1a, Letizia Ortiz. \u201cViene a mirar la pobreza de Paraguay a ver qu\u00e9 limosna tirarnos. No le hubiera recibido Silvana Abdo, estoy contenta de que no le\u2026","rel":"","context":"En \u00abNacionales\u00bb","img":{"alt_text":"","src":"https:\/\/i0.wp.com\/informatepy.com\/2021\/wp-content\/uploads\/2021\/09\/celeste-amarilla1.jpg?fit=1200%2C753&ssl=1&resize=350%2C200","width":350,"height":200},"classes":[]},{"id":9480,"url":"https:\/\/informatepy.com\/2021\/2022\/01\/16\/nadie-es-mas-importante-que-un-torneo-ningun-torneo-es-mas-importante-que-la-dignidad\/","url_meta":{"origin":12881,"position":3},"title":"Nadie es m\u00e1s importante que un torneo. Ning\u00fan torneo es m\u00e1s importante que la dignidad","date":"16 de enero de 2022","format":false,"excerpt":"Finaliz\u00f3 la novela de la que involuntariamente form\u00f3 parte el n\u00famero 1 del tenis, Novak Djokovic. Australia decidi\u00f3 deportarlo por ser libre y por significar un \"peligro para la sociedad\", y no tanto por no haberse vacunado y ser un posible factor de contagio (todos sabemos que los \u201cvacunados\u201d tambi\u00e9n\u2026","rel":"","context":"En \u00abDeportes\u00bb","img":{"alt_text":"","src":"https:\/\/i0.wp.com\/informatepy.com\/2021\/wp-content\/uploads\/2022\/01\/nadal-gates-federer.jpg?fit=768%2C512&ssl=1&resize=350%2C200","width":350,"height":200},"classes":[]},{"id":4901,"url":"https:\/\/informatepy.com\/2021\/2021\/05\/15\/si-senadora-se-tiene-que-festejar\/","url_meta":{"origin":12881,"position":4},"title":"Si, senadora, se tiene que festejar","date":"15 de mayo de 2021","format":false,"excerpt":"Se tiene que festejar que miles de familias puedan poner un plato de comida decente en la mesa de sus hijos. Se tiene que festejar que miles de personas se puedan sentir libres al menos por un par de horas. Se tiene que festejar que, finalmente, alg\u00fan integrante del gobierno\u2026","rel":"","context":"En \u00abDestacados\u00bb","img":{"alt_text":"","src":"https:\/\/i0.wp.com\/informatepy.com\/2021\/wp-content\/uploads\/2021\/05\/desiree-masi.jpg?fit=760%2C420&ssl=1&resize=350%2C200","width":350,"height":200},"classes":[]},{"id":13594,"url":"https:\/\/informatepy.com\/2021\/2022\/08\/25\/nuestros-hijos-de-puta\/","url_meta":{"origin":12881,"position":5},"title":"Nuestros hijos de puta","date":"25 de agosto de 2022","format":false,"excerpt":"Llevamos semanas discutiendo si es correcto o incorrecto que el embajador de los Estados Unidos, Marc Ostfield organice conferencias de prensa designando como \u201csignificativamente corruptos\u201d a pol\u00edticos de esta tierra. Sin entrar en \u201cdetalles t\u00e9cnicos\u201d acerca de las leyes americanas, las leyes paraguayas o las leyes internacionales; todos est\u00e1n olvidando\u2026","rel":"","context":"En \u00abAnalisis\u00bb","img":{"alt_text":"","src":"https:\/\/i0.wp.com\/informatepy.com\/2021\/wp-content\/uploads\/2022\/08\/boluprogres.jpg?fit=1200%2C645&ssl=1&resize=350%2C200","width":350,"height":200},"classes":[]}],"authors":[{"term_id":1051,"user_id":4,"is_guest":0,"slug":"redaccion","display_name":"Redacci\u00f3n","avatar_url":"https:\/\/i0.wp.com\/informatepy.com\/2021\/wp-content\/uploads\/2021\/02\/informate-circulo.png?fit=96%2C96&ssl=1","first_name":"Redacci\u00f3n","last_name":"","user_url":"","description":""}],"amp_enabled":true,"_links":{"self":[{"href":"https:\/\/informatepy.com\/2021\/wp-json\/wp\/v2\/posts\/12881","targetHints":{"allow":["GET"]}}],"collection":[{"href":"https:\/\/informatepy.com\/2021\/wp-json\/wp\/v2\/posts"}],"about":[{"href":"https:\/\/informatepy.com\/2021\/wp-json\/wp\/v2\/types\/post"}],"author":[{"embeddable":true,"href":"https:\/\/informatepy.com\/2021\/wp-json\/wp\/v2\/users\/4"}],"replies":[{"embeddable":true,"href":"https:\/\/informatepy.com\/2021\/wp-json\/wp\/v2\/comments?post=12881"}],"version-history":[{"count":1,"href":"https:\/\/informatepy.com\/2021\/wp-json\/wp\/v2\/posts\/12881\/revisions"}],"predecessor-version":[{"id":12883,"href":"https:\/\/informatepy.com\/2021\/wp-json\/wp\/v2\/posts\/12881\/revisions\/12883"}],"wp:featuredmedia":[{"embeddable":true,"href":"https:\/\/informatepy.com\/2021\/wp-json\/wp\/v2\/media\/12882"}],"wp:attachment":[{"href":"https:\/\/informatepy.com\/2021\/wp-json\/wp\/v2\/media?parent=12881"}],"wp:term":[{"taxonomy":"category","embeddable":true,"href":"https:\/\/informatepy.com\/2021\/wp-json\/wp\/v2\/categories?post=12881"},{"taxonomy":"post_tag","embeddable":true,"href":"https:\/\/informatepy.com\/2021\/wp-json\/wp\/v2\/tags?post=12881"},{"taxonomy":"author","embeddable":true,"href":"https:\/\/informatepy.com\/2021\/wp-json\/wp\/v2\/ppma_author?post=12881"}],"curies":[{"name":"wp","href":"https:\/\/api.w.org\/{rel}","templated":true}]}}