{"id":12863,"date":"2022-07-26T08:27:00","date_gmt":"2022-07-26T11:27:00","guid":{"rendered":"https:\/\/informatepy.com\/2021\/?p=12863"},"modified":"2022-07-26T07:31:53","modified_gmt":"2022-07-26T10:31:53","slug":"fiscales-y-diputados-de-alto-parana-analizan-accionar-ante-el-jem-contra-lourdes-samaniego","status":"publish","type":"post","link":"https:\/\/informatepy.com\/2021\/2022\/07\/26\/fiscales-y-diputados-de-alto-parana-analizan-accionar-ante-el-jem-contra-lourdes-samaniego\/","title":{"rendered":"Fiscales y Diputados de Alto Paran\u00e1 analizan accionar ante el JEM contra Lourdes Samaniego"},"content":{"rendered":"\n<p class=\"has-text-align-justify\">Fiscales y diputados de Alto Paran\u00e1 analizan presentar <strong>una denuncia formal ante el Jurado de Enjuiciamiento de Magistrados contra la fiscal adjunta, Lourdes Samaniego<\/strong>, esposa del vicepresidente de la Rep\u00fablica, <strong>Hugo Vel\u00e1zquez.<\/strong><\/p>\n\n\n\n<p class=\"has-text-align-justify\">Esto se da luego de revelarse que Samaniego no hab\u00eda renunciado a su cargo sino que pidi\u00f3 permiso <em><strong>\u201cpor razones personales\u201d <\/strong><\/em>para acompa\u00f1ar a su esposo a las campa\u00f1as y reuniones pol\u00edticas.<\/p>\n\n\n\n<p class=\"has-text-align-justify\">Esta denuncia se solidifica a ra\u00edz de que Samaniego no cumpli\u00f3 con lo que se estipula en la carta org\u00e1nica del Ministerio P\u00fablico, en la que se proh\u00edbe a todos los agentes fiscales participar en cualquier acto proselitista, seg\u00fan explicaron sus colegas.<\/p>\n\n\n\n<p class=\"has-text-align-justify\"><strong>La participaci\u00f3n de la fiscal en eventos pol\u00edticos con su marido es de conocimiento p\u00fablico<\/strong> y hasta se cuenta con fotograf\u00edas que avalan este actuar.<\/p>\n\n\n\n<p class=\"has-text-align-justify\">En caso que la denuncia e investigaci\u00f3n por esta falta grave cometida por Samaniego prospere en el JEM, <strong>la misma podr\u00eda ser destituida de su cargo de manera inmediata<\/strong> y separada definitivamente de su anhelo muy bien conocido, estar al frente de la Fiscal\u00eda General del Estado.<\/p>\n\n\n\n<h6 class=\"wp-block-heading\" style=\"font-style:normal;font-weight:300\">Con informaci\u00f3n de ADN Digital<\/h6>\n","protected":false},"excerpt":{"rendered":"<p>Fiscales y diputados de Alto Paran\u00e1 analizan presentar una denuncia formal ante el Jurado de Enjuiciamiento de Magistrados contra la fiscal adjunta, Lourdes Samaniego, esposa del vicepresidente de la Rep\u00fablica, Hugo Vel\u00e1zquez. Esto se da luego de revelarse que Samaniego no hab\u00eda renunciado a su cargo sino que pidi\u00f3 permiso \u201cpor razones personales\u201d para acompa\u00f1ar [&hellip;]<\/p>\n","protected":false},"author":4,"featured_media":12864,"comment_status":"open","ping_status":"open","sticky":false,"template":"","format":"standard","meta":{"_monsterinsights_skip_tracking":false,"_monsterinsights_sitenote_active":false,"_monsterinsights_sitenote_note":"","_monsterinsights_sitenote_category":0,"footnotes":"","jetpack_publicize_message":"","jetpack_is_tweetstorm":false,"jetpack_publicize_feature_enabled":true},"categories":[177],"tags":[1036,665,415],"ppma_author":[1051],"class_list":["post-12863","post","type-post","status-publish","format-standard","has-post-thumbnail","hentry","category-nacionales","tag-destacada","tag-hugo-velazquez","tag-jem"],"jetpack_publicize_connections":[],"yoast_head":"<!-- This site is optimized with the Yoast SEO plugin v27.5 - https:\/\/yoast.com\/product\/yoast-seo-wordpress\/ -->\n<title>Fiscales y Diputados de Alto Paran\u00e1 analizan accionar ante el JEM contra Lourdes Samaniego - Informatepy<\/title>\n<meta name=\"robots\" content=\"index, follow, max-snippet:-1, max-image-preview:large, max-video-preview:-1\" \/>\n<link rel=\"canonical\" href=\"https:\/\/informatepy.com\/2021\/2022\/07\/26\/fiscales-y-diputados-de-alto-parana-analizan-accionar-ante-el-jem-contra-lourdes-samaniego\/\" \/>\n<meta property=\"og:locale\" content=\"es_ES\" \/>\n<meta property=\"og:type\" content=\"article\" \/>\n<meta property=\"og:title\" content=\"Fiscales y Diputados de Alto Paran\u00e1 analizan accionar ante el JEM contra Lourdes Samaniego - Informatepy\" \/>\n<meta property=\"og:description\" content=\"Fiscales y diputados de Alto Paran\u00e1 analizan presentar una denuncia formal ante el Jurado de Enjuiciamiento de Magistrados contra la fiscal adjunta, Lourdes Samaniego, esposa del vicepresidente de la Rep\u00fablica, Hugo Vel\u00e1zquez. Esto se da luego de revelarse que Samaniego no hab\u00eda renunciado a su cargo sino que pidi\u00f3 permiso \u201cpor razones personales\u201d para acompa\u00f1ar [&hellip;]\" \/>\n<meta property=\"og:url\" content=\"https:\/\/informatepy.com\/2021\/2022\/07\/26\/fiscales-y-diputados-de-alto-parana-analizan-accionar-ante-el-jem-contra-lourdes-samaniego\/\" \/>\n<meta property=\"og:site_name\" content=\"Informatepy\" \/>\n<meta property=\"article:author\" content=\"https:\/\/www.facebook.com\/InformatePyCom\" \/>\n<meta property=\"article:published_time\" content=\"2022-07-26T11:27:00+00:00\" \/>\n<meta property=\"og:image\" content=\"https:\/\/i0.wp.com\/informatepy.com\/2021\/wp-content\/uploads\/2022\/07\/lourdes-samaniego-y-hugo-velazquez.jpg?fit=660%2C330&ssl=1\" \/>\n\t<meta property=\"og:image:width\" content=\"660\" \/>\n\t<meta property=\"og:image:height\" content=\"330\" \/>\n\t<meta property=\"og:image:type\" content=\"image\/jpeg\" \/>\n<meta name=\"author\" content=\"Redacci\u00f3n\" \/>\n<meta name=\"twitter:card\" content=\"summary_large_image\" \/>\n<meta name=\"twitter:creator\" content=\"@https:\/\/twitter.com\/InformatePy1\" \/>\n<meta name=\"twitter:label1\" content=\"Escrito por\" \/>\n\t<meta name=\"twitter:data1\" content=\"Redacci\u00f3n\" \/>\n\t<meta name=\"twitter:label2\" content=\"Tiempo de lectura\" \/>\n\t<meta name=\"twitter:data2\" content=\"1 minuto\" \/>\n<script type=\"application\/ld+json\" class=\"yoast-schema-graph\">{\"@context\":\"https:\\\/\\\/schema.org\",\"@graph\":[{\"@type\":\"Article\",\"@id\":\"https:\\\/\\\/informatepy.com\\\/2021\\\/2022\\\/07\\\/26\\\/fiscales-y-diputados-de-alto-parana-analizan-accionar-ante-el-jem-contra-lourdes-samaniego\\\/#article\",\"isPartOf\":{\"@id\":\"https:\\\/\\\/informatepy.com\\\/2021\\\/2022\\\/07\\\/26\\\/fiscales-y-diputados-de-alto-parana-analizan-accionar-ante-el-jem-contra-lourdes-samaniego\\\/\"},\"author\":{\"name\":\"Redacci\u00f3n\",\"@id\":\"https:\\\/\\\/informatepy.com\\\/2021\\\/#\\\/schema\\\/person\\\/0c842f525f84ea74ef3b44370d11757b\"},\"headline\":\"Fiscales y Diputados de Alto Paran\u00e1 analizan accionar ante el JEM contra Lourdes Samaniego\",\"datePublished\":\"2022-07-26T11:27:00+00:00\",\"mainEntityOfPage\":{\"@id\":\"https:\\\/\\\/informatepy.com\\\/2021\\\/2022\\\/07\\\/26\\\/fiscales-y-diputados-de-alto-parana-analizan-accionar-ante-el-jem-contra-lourdes-samaniego\\\/\"},\"wordCount\":216,\"commentCount\":0,\"publisher\":{\"@id\":\"https:\\\/\\\/informatepy.com\\\/2021\\\/#\\\/schema\\\/person\\\/edd302c981d6ba4596191719d1025a8a\"},\"image\":{\"@id\":\"https:\\\/\\\/informatepy.com\\\/2021\\\/2022\\\/07\\\/26\\\/fiscales-y-diputados-de-alto-parana-analizan-accionar-ante-el-jem-contra-lourdes-samaniego\\\/#primaryimage\"},\"thumbnailUrl\":\"https:\\\/\\\/i0.wp.com\\\/informatepy.com\\\/2021\\\/wp-content\\\/uploads\\\/2022\\\/07\\\/lourdes-samaniego-y-hugo-velazquez.jpg?fit=660%2C330&ssl=1\",\"keywords\":[\"destacada\",\"hugo velazquez\",\"JEM\"],\"articleSection\":[\"Nacionales\"],\"inLanguage\":\"es\",\"potentialAction\":[{\"@type\":\"CommentAction\",\"name\":\"Comment\",\"target\":[\"https:\\\/\\\/informatepy.com\\\/2021\\\/2022\\\/07\\\/26\\\/fiscales-y-diputados-de-alto-parana-analizan-accionar-ante-el-jem-contra-lourdes-samaniego\\\/#respond\"]}]},{\"@type\":\"WebPage\",\"@id\":\"https:\\\/\\\/informatepy.com\\\/2021\\\/2022\\\/07\\\/26\\\/fiscales-y-diputados-de-alto-parana-analizan-accionar-ante-el-jem-contra-lourdes-samaniego\\\/\",\"url\":\"https:\\\/\\\/informatepy.com\\\/2021\\\/2022\\\/07\\\/26\\\/fiscales-y-diputados-de-alto-parana-analizan-accionar-ante-el-jem-contra-lourdes-samaniego\\\/\",\"name\":\"Fiscales y Diputados de Alto Paran\u00e1 analizan accionar ante el JEM contra Lourdes Samaniego - Informatepy\",\"isPartOf\":{\"@id\":\"https:\\\/\\\/informatepy.com\\\/2021\\\/#website\"},\"primaryImageOfPage\":{\"@id\":\"https:\\\/\\\/informatepy.com\\\/2021\\\/2022\\\/07\\\/26\\\/fiscales-y-diputados-de-alto-parana-analizan-accionar-ante-el-jem-contra-lourdes-samaniego\\\/#primaryimage\"},\"image\":{\"@id\":\"https:\\\/\\\/informatepy.com\\\/2021\\\/2022\\\/07\\\/26\\\/fiscales-y-diputados-de-alto-parana-analizan-accionar-ante-el-jem-contra-lourdes-samaniego\\\/#primaryimage\"},\"thumbnailUrl\":\"https:\\\/\\\/i0.wp.com\\\/informatepy.com\\\/2021\\\/wp-content\\\/uploads\\\/2022\\\/07\\\/lourdes-samaniego-y-hugo-velazquez.jpg?fit=660%2C330&ssl=1\",\"datePublished\":\"2022-07-26T11:27:00+00:00\",\"breadcrumb\":{\"@id\":\"https:\\\/\\\/informatepy.com\\\/2021\\\/2022\\\/07\\\/26\\\/fiscales-y-diputados-de-alto-parana-analizan-accionar-ante-el-jem-contra-lourdes-samaniego\\\/#breadcrumb\"},\"inLanguage\":\"es\",\"potentialAction\":[{\"@type\":\"ReadAction\",\"target\":[\"https:\\\/\\\/informatepy.com\\\/2021\\\/2022\\\/07\\\/26\\\/fiscales-y-diputados-de-alto-parana-analizan-accionar-ante-el-jem-contra-lourdes-samaniego\\\/\"]}]},{\"@type\":\"ImageObject\",\"inLanguage\":\"es\",\"@id\":\"https:\\\/\\\/informatepy.com\\\/2021\\\/2022\\\/07\\\/26\\\/fiscales-y-diputados-de-alto-parana-analizan-accionar-ante-el-jem-contra-lourdes-samaniego\\\/#primaryimage\",\"url\":\"https:\\\/\\\/i0.wp.com\\\/informatepy.com\\\/2021\\\/wp-content\\\/uploads\\\/2022\\\/07\\\/lourdes-samaniego-y-hugo-velazquez.jpg?fit=660%2C330&ssl=1\",\"contentUrl\":\"https:\\\/\\\/i0.wp.com\\\/informatepy.com\\\/2021\\\/wp-content\\\/uploads\\\/2022\\\/07\\\/lourdes-samaniego-y-hugo-velazquez.jpg?fit=660%2C330&ssl=1\",\"width\":660,\"height\":330},{\"@type\":\"BreadcrumbList\",\"@id\":\"https:\\\/\\\/informatepy.com\\\/2021\\\/2022\\\/07\\\/26\\\/fiscales-y-diputados-de-alto-parana-analizan-accionar-ante-el-jem-contra-lourdes-samaniego\\\/#breadcrumb\",\"itemListElement\":[{\"@type\":\"ListItem\",\"position\":1,\"name\":\"Portada\",\"item\":\"https:\\\/\\\/informatepy.com\\\/2021\\\/\"},{\"@type\":\"ListItem\",\"position\":2,\"name\":\"Fiscales y Diputados de Alto Paran\u00e1 analizan accionar ante el JEM contra Lourdes Samaniego\"}]},{\"@type\":\"WebSite\",\"@id\":\"https:\\\/\\\/informatepy.com\\\/2021\\\/#website\",\"url\":\"https:\\\/\\\/informatepy.com\\\/2021\\\/\",\"name\":\"Informatepy\",\"description\":\"La verdad, siempre!\",\"publisher\":{\"@id\":\"https:\\\/\\\/informatepy.com\\\/2021\\\/#\\\/schema\\\/person\\\/edd302c981d6ba4596191719d1025a8a\"},\"potentialAction\":[{\"@type\":\"SearchAction\",\"target\":{\"@type\":\"EntryPoint\",\"urlTemplate\":\"https:\\\/\\\/informatepy.com\\\/2021\\\/?s={search_term_string}\"},\"query-input\":{\"@type\":\"PropertyValueSpecification\",\"valueRequired\":true,\"valueName\":\"search_term_string\"}}],\"inLanguage\":\"es\"},{\"@type\":[\"Person\",\"Organization\"],\"@id\":\"https:\\\/\\\/informatepy.com\\\/2021\\\/#\\\/schema\\\/person\\\/edd302c981d6ba4596191719d1025a8a\",\"name\":\"admin\",\"image\":{\"@type\":\"ImageObject\",\"inLanguage\":\"es\",\"@id\":\"https:\\\/\\\/secure.gravatar.com\\\/avatar\\\/5310f602b6cbcfb86e030c4ccdbb78f6565a3b9bab6a74ab80fd3cb5428b65af?s=96&d=mm&r=g\",\"url\":\"https:\\\/\\\/secure.gravatar.com\\\/avatar\\\/5310f602b6cbcfb86e030c4ccdbb78f6565a3b9bab6a74ab80fd3cb5428b65af?s=96&d=mm&r=g\",\"contentUrl\":\"https:\\\/\\\/secure.gravatar.com\\\/avatar\\\/5310f602b6cbcfb86e030c4ccdbb78f6565a3b9bab6a74ab80fd3cb5428b65af?s=96&d=mm&r=g\",\"caption\":\"admin\"},\"logo\":{\"@id\":\"https:\\\/\\\/secure.gravatar.com\\\/avatar\\\/5310f602b6cbcfb86e030c4ccdbb78f6565a3b9bab6a74ab80fd3cb5428b65af?s=96&d=mm&r=g\"},\"sameAs\":[\"http:\\\/\\\/informatepy.com\\\/2021\"]},{\"@type\":\"Person\",\"@id\":\"https:\\\/\\\/informatepy.com\\\/2021\\\/#\\\/schema\\\/person\\\/0c842f525f84ea74ef3b44370d11757b\",\"name\":\"Redacci\u00f3n\",\"image\":{\"@type\":\"ImageObject\",\"inLanguage\":\"es\",\"@id\":\"https:\\\/\\\/i0.wp.com\\\/informatepy.com\\\/2021\\\/wp-content\\\/uploads\\\/2021\\\/02\\\/informate-circulo.png?fit=96%2C96&ssl=1\",\"url\":\"https:\\\/\\\/i0.wp.com\\\/informatepy.com\\\/2021\\\/wp-content\\\/uploads\\\/2021\\\/02\\\/informate-circulo.png?fit=96%2C96&ssl=1\",\"contentUrl\":\"https:\\\/\\\/i0.wp.com\\\/informatepy.com\\\/2021\\\/wp-content\\\/uploads\\\/2021\\\/02\\\/informate-circulo.png?fit=96%2C96&ssl=1\",\"caption\":\"Redacci\u00f3n\"},\"sameAs\":[\"https:\\\/\\\/www.facebook.com\\\/InformatePyCom\",\"https:\\\/\\\/x.com\\\/https:\\\/\\\/twitter.com\\\/InformatePy1\"],\"url\":\"https:\\\/\\\/informatepy.com\\\/2021\\\/author\\\/redaccion\\\/\"}]}<\/script>\n<!-- \/ Yoast SEO plugin. -->","yoast_head_json":{"title":"Fiscales y Diputados de Alto Paran\u00e1 analizan accionar ante el JEM contra Lourdes Samaniego - Informatepy","robots":{"index":"index","follow":"follow","max-snippet":"max-snippet:-1","max-image-preview":"max-image-preview:large","max-video-preview":"max-video-preview:-1"},"canonical":"https:\/\/informatepy.com\/2021\/2022\/07\/26\/fiscales-y-diputados-de-alto-parana-analizan-accionar-ante-el-jem-contra-lourdes-samaniego\/","og_locale":"es_ES","og_type":"article","og_title":"Fiscales y Diputados de Alto Paran\u00e1 analizan accionar ante el JEM contra Lourdes Samaniego - Informatepy","og_description":"Fiscales y diputados de Alto Paran\u00e1 analizan presentar una denuncia formal ante el Jurado de Enjuiciamiento de Magistrados contra la fiscal adjunta, Lourdes Samaniego, esposa del vicepresidente de la Rep\u00fablica, Hugo Vel\u00e1zquez. Esto se da luego de revelarse que Samaniego no hab\u00eda renunciado a su cargo sino que pidi\u00f3 permiso \u201cpor razones personales\u201d para acompa\u00f1ar [&hellip;]","og_url":"https:\/\/informatepy.com\/2021\/2022\/07\/26\/fiscales-y-diputados-de-alto-parana-analizan-accionar-ante-el-jem-contra-lourdes-samaniego\/","og_site_name":"Informatepy","article_author":"https:\/\/www.facebook.com\/InformatePyCom","article_published_time":"2022-07-26T11:27:00+00:00","og_image":[{"width":660,"height":330,"url":"https:\/\/i0.wp.com\/informatepy.com\/2021\/wp-content\/uploads\/2022\/07\/lourdes-samaniego-y-hugo-velazquez.jpg?fit=660%2C330&ssl=1","type":"image\/jpeg"}],"author":"Redacci\u00f3n","twitter_card":"summary_large_image","twitter_creator":"@https:\/\/twitter.com\/InformatePy1","twitter_misc":{"Escrito por":"Redacci\u00f3n","Tiempo de lectura":"1 minuto"},"schema":{"@context":"https:\/\/schema.org","@graph":[{"@type":"Article","@id":"https:\/\/informatepy.com\/2021\/2022\/07\/26\/fiscales-y-diputados-de-alto-parana-analizan-accionar-ante-el-jem-contra-lourdes-samaniego\/#article","isPartOf":{"@id":"https:\/\/informatepy.com\/2021\/2022\/07\/26\/fiscales-y-diputados-de-alto-parana-analizan-accionar-ante-el-jem-contra-lourdes-samaniego\/"},"author":{"name":"Redacci\u00f3n","@id":"https:\/\/informatepy.com\/2021\/#\/schema\/person\/0c842f525f84ea74ef3b44370d11757b"},"headline":"Fiscales y Diputados de Alto Paran\u00e1 analizan accionar ante el JEM contra Lourdes Samaniego","datePublished":"2022-07-26T11:27:00+00:00","mainEntityOfPage":{"@id":"https:\/\/informatepy.com\/2021\/2022\/07\/26\/fiscales-y-diputados-de-alto-parana-analizan-accionar-ante-el-jem-contra-lourdes-samaniego\/"},"wordCount":216,"commentCount":0,"publisher":{"@id":"https:\/\/informatepy.com\/2021\/#\/schema\/person\/edd302c981d6ba4596191719d1025a8a"},"image":{"@id":"https:\/\/informatepy.com\/2021\/2022\/07\/26\/fiscales-y-diputados-de-alto-parana-analizan-accionar-ante-el-jem-contra-lourdes-samaniego\/#primaryimage"},"thumbnailUrl":"https:\/\/i0.wp.com\/informatepy.com\/2021\/wp-content\/uploads\/2022\/07\/lourdes-samaniego-y-hugo-velazquez.jpg?fit=660%2C330&ssl=1","keywords":["destacada","hugo velazquez","JEM"],"articleSection":["Nacionales"],"inLanguage":"es","potentialAction":[{"@type":"CommentAction","name":"Comment","target":["https:\/\/informatepy.com\/2021\/2022\/07\/26\/fiscales-y-diputados-de-alto-parana-analizan-accionar-ante-el-jem-contra-lourdes-samaniego\/#respond"]}]},{"@type":"WebPage","@id":"https:\/\/informatepy.com\/2021\/2022\/07\/26\/fiscales-y-diputados-de-alto-parana-analizan-accionar-ante-el-jem-contra-lourdes-samaniego\/","url":"https:\/\/informatepy.com\/2021\/2022\/07\/26\/fiscales-y-diputados-de-alto-parana-analizan-accionar-ante-el-jem-contra-lourdes-samaniego\/","name":"Fiscales y Diputados de Alto Paran\u00e1 analizan accionar ante el JEM contra Lourdes Samaniego - Informatepy","isPartOf":{"@id":"https:\/\/informatepy.com\/2021\/#website"},"primaryImageOfPage":{"@id":"https:\/\/informatepy.com\/2021\/2022\/07\/26\/fiscales-y-diputados-de-alto-parana-analizan-accionar-ante-el-jem-contra-lourdes-samaniego\/#primaryimage"},"image":{"@id":"https:\/\/informatepy.com\/2021\/2022\/07\/26\/fiscales-y-diputados-de-alto-parana-analizan-accionar-ante-el-jem-contra-lourdes-samaniego\/#primaryimage"},"thumbnailUrl":"https:\/\/i0.wp.com\/informatepy.com\/2021\/wp-content\/uploads\/2022\/07\/lourdes-samaniego-y-hugo-velazquez.jpg?fit=660%2C330&ssl=1","datePublished":"2022-07-26T11:27:00+00:00","breadcrumb":{"@id":"https:\/\/informatepy.com\/2021\/2022\/07\/26\/fiscales-y-diputados-de-alto-parana-analizan-accionar-ante-el-jem-contra-lourdes-samaniego\/#breadcrumb"},"inLanguage":"es","potentialAction":[{"@type":"ReadAction","target":["https:\/\/informatepy.com\/2021\/2022\/07\/26\/fiscales-y-diputados-de-alto-parana-analizan-accionar-ante-el-jem-contra-lourdes-samaniego\/"]}]},{"@type":"ImageObject","inLanguage":"es","@id":"https:\/\/informatepy.com\/2021\/2022\/07\/26\/fiscales-y-diputados-de-alto-parana-analizan-accionar-ante-el-jem-contra-lourdes-samaniego\/#primaryimage","url":"https:\/\/i0.wp.com\/informatepy.com\/2021\/wp-content\/uploads\/2022\/07\/lourdes-samaniego-y-hugo-velazquez.jpg?fit=660%2C330&ssl=1","contentUrl":"https:\/\/i0.wp.com\/informatepy.com\/2021\/wp-content\/uploads\/2022\/07\/lourdes-samaniego-y-hugo-velazquez.jpg?fit=660%2C330&ssl=1","width":660,"height":330},{"@type":"BreadcrumbList","@id":"https:\/\/informatepy.com\/2021\/2022\/07\/26\/fiscales-y-diputados-de-alto-parana-analizan-accionar-ante-el-jem-contra-lourdes-samaniego\/#breadcrumb","itemListElement":[{"@type":"ListItem","position":1,"name":"Portada","item":"https:\/\/informatepy.com\/2021\/"},{"@type":"ListItem","position":2,"name":"Fiscales y Diputados de Alto Paran\u00e1 analizan accionar ante el JEM contra Lourdes Samaniego"}]},{"@type":"WebSite","@id":"https:\/\/informatepy.com\/2021\/#website","url":"https:\/\/informatepy.com\/2021\/","name":"Informatepy","description":"La verdad, siempre!","publisher":{"@id":"https:\/\/informatepy.com\/2021\/#\/schema\/person\/edd302c981d6ba4596191719d1025a8a"},"potentialAction":[{"@type":"SearchAction","target":{"@type":"EntryPoint","urlTemplate":"https:\/\/informatepy.com\/2021\/?s={search_term_string}"},"query-input":{"@type":"PropertyValueSpecification","valueRequired":true,"valueName":"search_term_string"}}],"inLanguage":"es"},{"@type":["Person","Organization"],"@id":"https:\/\/informatepy.com\/2021\/#\/schema\/person\/edd302c981d6ba4596191719d1025a8a","name":"admin","image":{"@type":"ImageObject","inLanguage":"es","@id":"https:\/\/secure.gravatar.com\/avatar\/5310f602b6cbcfb86e030c4ccdbb78f6565a3b9bab6a74ab80fd3cb5428b65af?s=96&d=mm&r=g","url":"https:\/\/secure.gravatar.com\/avatar\/5310f602b6cbcfb86e030c4ccdbb78f6565a3b9bab6a74ab80fd3cb5428b65af?s=96&d=mm&r=g","contentUrl":"https:\/\/secure.gravatar.com\/avatar\/5310f602b6cbcfb86e030c4ccdbb78f6565a3b9bab6a74ab80fd3cb5428b65af?s=96&d=mm&r=g","caption":"admin"},"logo":{"@id":"https:\/\/secure.gravatar.com\/avatar\/5310f602b6cbcfb86e030c4ccdbb78f6565a3b9bab6a74ab80fd3cb5428b65af?s=96&d=mm&r=g"},"sameAs":["http:\/\/informatepy.com\/2021"]},{"@type":"Person","@id":"https:\/\/informatepy.com\/2021\/#\/schema\/person\/0c842f525f84ea74ef3b44370d11757b","name":"Redacci\u00f3n","image":{"@type":"ImageObject","inLanguage":"es","@id":"https:\/\/i0.wp.com\/informatepy.com\/2021\/wp-content\/uploads\/2021\/02\/informate-circulo.png?fit=96%2C96&ssl=1","url":"https:\/\/i0.wp.com\/informatepy.com\/2021\/wp-content\/uploads\/2021\/02\/informate-circulo.png?fit=96%2C96&ssl=1","contentUrl":"https:\/\/i0.wp.com\/informatepy.com\/2021\/wp-content\/uploads\/2021\/02\/informate-circulo.png?fit=96%2C96&ssl=1","caption":"Redacci\u00f3n"},"sameAs":["https:\/\/www.facebook.com\/InformatePyCom","https:\/\/x.com\/https:\/\/twitter.com\/InformatePy1"],"url":"https:\/\/informatepy.com\/2021\/author\/redaccion\/"}]}},"jetpack_featured_media_url":"https:\/\/i0.wp.com\/informatepy.com\/2021\/wp-content\/uploads\/2022\/07\/lourdes-samaniego-y-hugo-velazquez.jpg?fit=660%2C330&ssl=1","jetpack_sharing_enabled":true,"jetpack_likes_enabled":true,"jetpack-related-posts":[{"id":13587,"url":"https:\/\/informatepy.com\/2021\/2022\/08\/25\/fiscalia-concede-un-nuevo-permiso-a-la-esposa-de-hugo-velazquez\/","url_meta":{"origin":12863,"position":0},"title":"Fiscal\u00eda concede un nuevo permiso a la esposa de Hugo Vel\u00e1zquez","date":"25 de agosto de 2022","format":false,"excerpt":"La fiscal general del Estado Sandra Qui\u00f1\u00f3nez otorg\u00f3 un nuevo permiso a la fiscal adjunta Lourdes Samaniego, esposa del vicepresidente de la Rep\u00fablica, Hugo Vel\u00e1zquez. La licencia, \u201cpor razones particulares y sin goce de sueldo\u201d, va desde el 30 de agosto hasta el 20 de octubre. El primer permiso concedido\u2026","rel":"","context":"En \u00abNacionales\u00bb","img":{"alt_text":"","src":"https:\/\/i0.wp.com\/informatepy.com\/2021\/wp-content\/uploads\/2022\/05\/velazquez-esposa.jpg?fit=1024%2C683&ssl=1&resize=350%2C200","width":350,"height":200},"classes":[]},{"id":11777,"url":"https:\/\/informatepy.com\/2021\/2022\/05\/24\/mintio-hugo-velazquez-sobre-la-renuncia-de-su-esposa\/","url_meta":{"origin":12863,"position":1},"title":"\u00bfMinti\u00f3 Hugo Vel\u00e1zquez sobre la renuncia de su esposa?","date":"24 de mayo de 2022","format":false,"excerpt":"En su cuenta de twitter, el actual Vice-Presidente de la Rep\u00fablica y pre-candidato presidencial por el Partido Colorado, comparti\u00f3 a sus seguidores la alegr\u00eda en un \u201cd\u00eda muy especial\u201d, porque su esposa, Lourdes Samaniego Gonz\u00e1lez, \u201cme acompa\u00f1a por primera vez en campa\u00f1a luego de haber presentado su renuncia al Ministerio\u2026","rel":"","context":"En \u00abNacionales\u00bb","img":{"alt_text":"","src":"https:\/\/i0.wp.com\/informatepy.com\/2021\/wp-content\/uploads\/2022\/05\/velazquez-esposa.jpg?fit=1024%2C683&ssl=1&resize=350%2C200","width":350,"height":200},"classes":[]},{"id":13116,"url":"https:\/\/informatepy.com\/2021\/2022\/08\/04\/habra-escuchado-bien\/","url_meta":{"origin":12863,"position":2},"title":"\u00bfHabr\u00e1 escuchado bien?","date":"4 de agosto de 2022","format":false,"excerpt":"El actual vicepresidente de la Rep\u00fablica y precandidato a la presidencia, Hugo Vel\u00e1zquez, anunci\u00f3 que presentar\u00e1 su renuncia a la vicepresidencia en el transcurso de \u201ceste mes\u201d. A pesar que lleva meses haciendo campa\u00f1a proselitista, Hugo Vel\u00e1zquez no renunci\u00f3 al cargo que ostenta, lo que llev\u00f3 a varios se\u00f1alamientos por\u2026","rel":"","context":"En \u00abNacionales\u00bb","img":{"alt_text":"","src":"https:\/\/i0.wp.com\/informatepy.com\/2021\/wp-content\/uploads\/2022\/07\/lourdes-samaniego-y-hugo-velazquez.jpg?fit=660%2C330&ssl=1&resize=350%2C200","width":350,"height":200},"classes":[]},{"id":9365,"url":"https:\/\/informatepy.com\/2021\/2022\/01\/11\/hugo-velazquez-no-descarta-a-lilian-samaniego-como-candidata-a-vice\/","url_meta":{"origin":12863,"position":3},"title":"Hugo Vel\u00e1zquez no descarta a Lilian Samaniego como candidata a Vice","date":"11 de enero de 2022","format":false,"excerpt":"El vicepresidente de la Rep\u00fablica, Hugo Vel\u00e1zquez, en charla con Radio 1000, dijo que uno de los principales Movimientos que acompa\u00f1a su candidatura es la de Lilian Samaniego. El actual segundo del Ejecutivo no descart\u00f3 que la dirigente la acompa\u00f1e en la chapa presidencial, aunque aclar\u00f3 que del tema no\u2026","rel":"","context":"En \u00abNacionales\u00bb","img":{"alt_text":"","src":"https:\/\/i0.wp.com\/informatepy.com\/2021\/wp-content\/uploads\/2022\/01\/velazquez-samaniego-abdo.jpg?fit=750%2C529&ssl=1&resize=350%2C200","width":350,"height":200},"classes":[]},{"id":10211,"url":"https:\/\/informatepy.com\/2021\/2022\/02\/19\/por-que-hugo-velazquez-aparecio-de-manera-sorpresiva-el-28-de-abril-del-2021-en-puerto-casado-y-cual-seria-la-relacion-de-lilian-samaniego-con-todo-esto\/","url_meta":{"origin":12863,"position":4},"title":"\u00bfPor qu\u00e9 Hugo Vel\u00e1zquez apareci\u00f3 de manera \u201csorpresiva\u201d el 28 de abril del 2021 en Puerto Casado y cu\u00e1l ser\u00eda la relaci\u00f3n de Lilian Samaniego con todo esto?","date":"19 de febrero de 2022","format":false,"excerpt":"La historia inici\u00f3 a finales de 1998 cuando la Secta Moon realiz\u00f3 un pr\u00e9stamo de US$15 millones a la firma Victoria Terrace para comprar tierras en la zona de Puerto Casado. En el 2012 los derechos de la deuda fueron adquiridos por el \u201cGrupo Cusabo\u201d, pero pasaron dos a\u00f1os y\u2026","rel":"","context":"En \u00abNacionales\u00bb","img":{"alt_text":"","src":"https:\/\/i0.wp.com\/informatepy.com\/2021\/wp-content\/uploads\/2022\/02\/hugo-velazquez-puerto-casado.jpg?fit=1200%2C675&ssl=1&resize=350%2C200","width":350,"height":200},"classes":[]},{"id":8623,"url":"https:\/\/informatepy.com\/2021\/2021\/12\/02\/nueva-fractura-en-el-bloque-de-senadores-anetete\/","url_meta":{"origin":12863,"position":5},"title":"Nueva fractura en el bloque de senadores \u00abA\u00f1etete\u00bb","date":"2 de diciembre de 2021","format":false,"excerpt":"Una nueva fractura en el bloque de senadores de \"Colorado A\u00f1etete\" se dio a conocer el d\u00eda de hoy. Quien estuvo a cargo de dar la noticias fue la senadora Lilian Samaniego. El nuevo bloque est\u00e1 integrado por los senadores Lilian Samaniego, Blanca Ovelar, Ram\u00f3n Retamozo, Juan Afara, Arnaldo Franco\u2026","rel":"","context":"En \u00abNacionales\u00bb","img":{"alt_text":"","src":"https:\/\/i0.wp.com\/informatepy.com\/2021\/wp-content\/uploads\/2021\/12\/senadora-Samaniego-y-senador-Bachetta.jpg?fit=1200%2C826&ssl=1&resize=350%2C200","width":350,"height":200},"classes":[]}],"authors":[{"term_id":1051,"user_id":4,"is_guest":0,"slug":"redaccion","display_name":"Redacci\u00f3n","avatar_url":"https:\/\/i0.wp.com\/informatepy.com\/2021\/wp-content\/uploads\/2021\/02\/informate-circulo.png?fit=96%2C96&ssl=1","first_name":"Redacci\u00f3n","last_name":"","user_url":"","description":""}],"amp_enabled":true,"_links":{"self":[{"href":"https:\/\/informatepy.com\/2021\/wp-json\/wp\/v2\/posts\/12863","targetHints":{"allow":["GET"]}}],"collection":[{"href":"https:\/\/informatepy.com\/2021\/wp-json\/wp\/v2\/posts"}],"about":[{"href":"https:\/\/informatepy.com\/2021\/wp-json\/wp\/v2\/types\/post"}],"author":[{"embeddable":true,"href":"https:\/\/informatepy.com\/2021\/wp-json\/wp\/v2\/users\/4"}],"replies":[{"embeddable":true,"href":"https:\/\/informatepy.com\/2021\/wp-json\/wp\/v2\/comments?post=12863"}],"version-history":[{"count":1,"href":"https:\/\/informatepy.com\/2021\/wp-json\/wp\/v2\/posts\/12863\/revisions"}],"predecessor-version":[{"id":12865,"href":"https:\/\/informatepy.com\/2021\/wp-json\/wp\/v2\/posts\/12863\/revisions\/12865"}],"wp:featuredmedia":[{"embeddable":true,"href":"https:\/\/informatepy.com\/2021\/wp-json\/wp\/v2\/media\/12864"}],"wp:attachment":[{"href":"https:\/\/informatepy.com\/2021\/wp-json\/wp\/v2\/media?parent=12863"}],"wp:term":[{"taxonomy":"category","embeddable":true,"href":"https:\/\/informatepy.com\/2021\/wp-json\/wp\/v2\/categories?post=12863"},{"taxonomy":"post_tag","embeddable":true,"href":"https:\/\/informatepy.com\/2021\/wp-json\/wp\/v2\/tags?post=12863"},{"taxonomy":"author","embeddable":true,"href":"https:\/\/informatepy.com\/2021\/wp-json\/wp\/v2\/ppma_author?post=12863"}],"curies":[{"name":"wp","href":"https:\/\/api.w.org\/{rel}","templated":true}]}}