{"id":12833,"date":"2022-07-25T08:50:58","date_gmt":"2022-07-25T11:50:58","guid":{"rendered":"https:\/\/informatepy.com\/2021\/?p=12833"},"modified":"2022-07-25T08:51:25","modified_gmt":"2022-07-25T11:51:25","slug":"diputada-denuncia-violencia-para-presionar-por-voto-a-favor-en-el-juicio-politico-de-la-fge","status":"publish","type":"post","link":"https:\/\/informatepy.com\/2021\/2022\/07\/25\/diputada-denuncia-violencia-para-presionar-por-voto-a-favor-en-el-juicio-politico-de-la-fge\/","title":{"rendered":"Diputada denuncia violencia para presionar por voto a favor en el juicio pol\u00edtico de la FGE"},"content":{"rendered":"\n<p class=\"has-text-align-justify\">La diputada <strong>Roc\u00edo Abed<\/strong> afirm\u00f3 que el oficialismo colorado y <strong><em>\u201cla bolsa de gatos\u201d<\/em><\/strong>, como llam\u00f3 a la oposici\u00f3n, no tienen los votos necesarios para enjuiciar a la fiscal General del Estado, <strong>Sandra Qui\u00f1\u00f3nez<\/strong>, por lo que est\u00e1n presionando incluso <strong>con escraches en el domicilio de los parlamentarios<\/strong>, a quienes consideran que votar\u00e1n en contra de sus pretensiones. Dijo adem\u00e1s que este no es un juicio pol\u00edtico a Qui\u00f1\u00f3nez, sino un juicio electoral al movimiento Honor Colorado y fundamentalmente a su l\u00edder, Horacio Cartes.<\/p>\n\n\n\n<p class=\"has-text-align-justify\">En ese sentido, mencion\u00f3 que anoche <strong>un grupo de personas<\/strong>, aparentemente <strong>liderado por Esther Roa<\/strong>, del <strong>Partido Encuentro Nacional<\/strong>, escrach\u00f3 en su domicilio al diputado <strong>Enrique Mineur<\/strong>, pretendiendo cambiar el sentido de su voto, es decir, que apoye el juicio contra Qui\u00f1\u00f3nez. Afirm\u00f3 que en su desespero por conseguir los n\u00fameros, los abdistas y los opositores recurren a este tipo de acciones violentas.<\/p>\n\n\n\n<p class=\"has-text-align-justify\">Asimismo, consider\u00f3 que la concertaci\u00f3n excedi\u00f3 totalmente los l\u00edmites, al amenazar a los diputados que voten contra el juicio pol\u00edtico de que no podr\u00e1n ser candidatos por el conglomerado de partidos y movimientos. <em><strong>\u201cEso realmente me impresiona, porque ellos se llenan la boca al hablar de democracia, de institucionalidad y c\u00f3mo abiertamente violan la Constituci\u00f3n Nacional y adem\u00e1s lo dejan por escrito, como es el caso del PLRA, en el tema de los mandatos imperativos. Me impresiona el autoritarismo con que se manejan, pero sobre todo llen\u00e1ndose la boca de que ellos son tan dem\u00f3cratas\u201d,<\/strong><\/em> se\u00f1al\u00f3 la congresista altoparanaense.<\/p>\n\n\n\n<p class=\"has-text-align-justify\">Sobre la fiscal General del Estado dijo que es una de las m\u00e1s premiadas justamente por el gobierno extranjero por su actuaci\u00f3n a favor de la Justicia. <em><strong>\u201cSi vamos a irnos por reconocimiento de la fiscal general, ella debe ser la mejor de la historia del Paraguay, porque nunca un fiscal paraguayo ha tenido tanto reconocimiento por parte del gobierno americano\u201d<\/strong><\/em>, resalt\u00f3.<\/p>\n\n\n\n<p class=\"has-text-align-justify\">Adem\u00e1s, record\u00f3 que los pro juicio pol\u00edtico hacen menci\u00f3n a una orden judicial para otorgar seguridad a la empresa Tabesa y le atribuyen la responsabilidad a la fiscal General. Sin embargo, destac\u00f3 <em><strong>\u201cque es competencia exclusiva del tribunal o el Poder Judicial y nada tiene que ver con la fiscal General. Es totalmente descabellado lo que presentan como antecedente (para el enjuiciamiento). Siempre es todo parte de un show\u201d.<\/strong><\/em><\/p>\n\n\n\n<p class=\"has-text-align-justify\">Puntualiz\u00f3 <em><strong>\u201cesto no es un juicio pol\u00edtico, sino que pretende ser un juicio electoral a Honor Colorado, a Don Horacio Cartes\u201d,<\/strong><\/em> teniendo en cuenta que los ataques en Diputados se dirigieron exclusivamente hacia ese sector del Partido Colorado.<\/p>\n\n\n\n<h6 class=\"wp-block-heading\" style=\"font-style:normal;font-weight:300\">Con informaci\u00f3n de ADN Digital<\/h6>\n","protected":false},"excerpt":{"rendered":"<p>La diputada Roc\u00edo Abed afirm\u00f3 que el oficialismo colorado y \u201cla bolsa de gatos\u201d, como llam\u00f3 a la oposici\u00f3n, no tienen los votos necesarios para enjuiciar a la fiscal General del Estado, Sandra Qui\u00f1\u00f3nez, por lo que est\u00e1n presionando incluso con escraches en el domicilio de los parlamentarios, a quienes consideran que votar\u00e1n en contra [&hellip;]<\/p>\n","protected":false},"author":4,"featured_media":12834,"comment_status":"open","ping_status":"open","sticky":false,"template":"","format":"standard","meta":{"_monsterinsights_skip_tracking":false,"_monsterinsights_sitenote_active":false,"_monsterinsights_sitenote_note":"","_monsterinsights_sitenote_category":0,"footnotes":"","jetpack_publicize_message":"","jetpack_is_tweetstorm":false,"jetpack_publicize_feature_enabled":true},"categories":[177],"tags":[418,1049,1036,358,882,1269,1872,448],"ppma_author":[1051],"class_list":["post-12833","post","type-post","status-publish","format-standard","has-post-thumbnail","hentry","category-nacionales","tag-alto-parana","tag-camara-de-diputados-2","tag-destacada","tag-diputados-paraguay","tag-maria-esther-roa","tag-partido-encuentro-nacional","tag-rocio-abed","tag-sandra-quinonez"],"jetpack_publicize_connections":[],"yoast_head":"<!-- This site is optimized with the Yoast SEO plugin v27.4 - https:\/\/yoast.com\/product\/yoast-seo-wordpress\/ -->\n<title>Diputada denuncia violencia para presionar por voto a favor en el juicio pol\u00edtico de la FGE - Informatepy<\/title>\n<meta name=\"robots\" content=\"index, follow, max-snippet:-1, max-image-preview:large, max-video-preview:-1\" \/>\n<link rel=\"canonical\" href=\"https:\/\/informatepy.com\/2021\/2022\/07\/25\/diputada-denuncia-violencia-para-presionar-por-voto-a-favor-en-el-juicio-politico-de-la-fge\/\" \/>\n<meta property=\"og:locale\" content=\"es_ES\" \/>\n<meta property=\"og:type\" content=\"article\" \/>\n<meta property=\"og:title\" content=\"Diputada denuncia violencia para presionar por voto a favor en el juicio pol\u00edtico de la FGE - Informatepy\" \/>\n<meta property=\"og:description\" content=\"La diputada Roc\u00edo Abed afirm\u00f3 que el oficialismo colorado y \u201cla bolsa de gatos\u201d, como llam\u00f3 a la oposici\u00f3n, no tienen los votos necesarios para enjuiciar a la fiscal General del Estado, Sandra Qui\u00f1\u00f3nez, por lo que est\u00e1n presionando incluso con escraches en el domicilio de los parlamentarios, a quienes consideran que votar\u00e1n en contra [&hellip;]\" \/>\n<meta property=\"og:url\" content=\"https:\/\/informatepy.com\/2021\/2022\/07\/25\/diputada-denuncia-violencia-para-presionar-por-voto-a-favor-en-el-juicio-politico-de-la-fge\/\" \/>\n<meta property=\"og:site_name\" content=\"Informatepy\" \/>\n<meta property=\"article:author\" content=\"https:\/\/www.facebook.com\/InformatePyCom\" \/>\n<meta property=\"article:published_time\" content=\"2022-07-25T11:50:58+00:00\" \/>\n<meta property=\"article:modified_time\" content=\"2022-07-25T11:51:25+00:00\" \/>\n<meta property=\"og:image\" content=\"https:\/\/informatepy.com\/2021\/wp-content\/uploads\/2022\/07\/diputada-Rocio-Abed.jpg\" \/>\n\t<meta property=\"og:image:width\" content=\"1000\" \/>\n\t<meta property=\"og:image:height\" content=\"600\" \/>\n\t<meta property=\"og:image:type\" content=\"image\/jpeg\" \/>\n<meta name=\"author\" content=\"Redacci\u00f3n\" \/>\n<meta name=\"twitter:card\" content=\"summary_large_image\" \/>\n<meta name=\"twitter:creator\" content=\"@https:\/\/twitter.com\/InformatePy1\" \/>\n<meta name=\"twitter:label1\" content=\"Escrito por\" \/>\n\t<meta name=\"twitter:data1\" content=\"Redacci\u00f3n\" \/>\n\t<meta name=\"twitter:label2\" content=\"Tiempo de lectura\" \/>\n\t<meta name=\"twitter:data2\" content=\"2 minutos\" \/>\n<script type=\"application\/ld+json\" class=\"yoast-schema-graph\">{\"@context\":\"https:\\\/\\\/schema.org\",\"@graph\":[{\"@type\":\"Article\",\"@id\":\"https:\\\/\\\/informatepy.com\\\/2021\\\/2022\\\/07\\\/25\\\/diputada-denuncia-violencia-para-presionar-por-voto-a-favor-en-el-juicio-politico-de-la-fge\\\/#article\",\"isPartOf\":{\"@id\":\"https:\\\/\\\/informatepy.com\\\/2021\\\/2022\\\/07\\\/25\\\/diputada-denuncia-violencia-para-presionar-por-voto-a-favor-en-el-juicio-politico-de-la-fge\\\/\"},\"author\":{\"name\":\"Redacci\u00f3n\",\"@id\":\"https:\\\/\\\/informatepy.com\\\/2021\\\/#\\\/schema\\\/person\\\/0c842f525f84ea74ef3b44370d11757b\"},\"headline\":\"Diputada denuncia violencia para presionar por voto a favor en el juicio pol\u00edtico de la FGE\",\"datePublished\":\"2022-07-25T11:50:58+00:00\",\"dateModified\":\"2022-07-25T11:51:25+00:00\",\"mainEntityOfPage\":{\"@id\":\"https:\\\/\\\/informatepy.com\\\/2021\\\/2022\\\/07\\\/25\\\/diputada-denuncia-violencia-para-presionar-por-voto-a-favor-en-el-juicio-politico-de-la-fge\\\/\"},\"wordCount\":465,\"commentCount\":0,\"publisher\":{\"@id\":\"https:\\\/\\\/informatepy.com\\\/2021\\\/#\\\/schema\\\/person\\\/edd302c981d6ba4596191719d1025a8a\"},\"image\":{\"@id\":\"https:\\\/\\\/informatepy.com\\\/2021\\\/2022\\\/07\\\/25\\\/diputada-denuncia-violencia-para-presionar-por-voto-a-favor-en-el-juicio-politico-de-la-fge\\\/#primaryimage\"},\"thumbnailUrl\":\"https:\\\/\\\/i0.wp.com\\\/informatepy.com\\\/2021\\\/wp-content\\\/uploads\\\/2022\\\/07\\\/diputada-Rocio-Abed.jpg?fit=1000%2C600&ssl=1\",\"keywords\":[\"alto paran\u00e1\",\"camara de diputados\",\"destacada\",\"diputados paraguay\",\"mar\u00eda esther roa\",\"partido encuentro nacional\",\"rocio abed\",\"sandra qui\u00f1onez\"],\"articleSection\":[\"Nacionales\"],\"inLanguage\":\"es\",\"potentialAction\":[{\"@type\":\"CommentAction\",\"name\":\"Comment\",\"target\":[\"https:\\\/\\\/informatepy.com\\\/2021\\\/2022\\\/07\\\/25\\\/diputada-denuncia-violencia-para-presionar-por-voto-a-favor-en-el-juicio-politico-de-la-fge\\\/#respond\"]}]},{\"@type\":\"WebPage\",\"@id\":\"https:\\\/\\\/informatepy.com\\\/2021\\\/2022\\\/07\\\/25\\\/diputada-denuncia-violencia-para-presionar-por-voto-a-favor-en-el-juicio-politico-de-la-fge\\\/\",\"url\":\"https:\\\/\\\/informatepy.com\\\/2021\\\/2022\\\/07\\\/25\\\/diputada-denuncia-violencia-para-presionar-por-voto-a-favor-en-el-juicio-politico-de-la-fge\\\/\",\"name\":\"Diputada denuncia violencia para presionar por voto a favor en el juicio pol\u00edtico de la FGE - Informatepy\",\"isPartOf\":{\"@id\":\"https:\\\/\\\/informatepy.com\\\/2021\\\/#website\"},\"primaryImageOfPage\":{\"@id\":\"https:\\\/\\\/informatepy.com\\\/2021\\\/2022\\\/07\\\/25\\\/diputada-denuncia-violencia-para-presionar-por-voto-a-favor-en-el-juicio-politico-de-la-fge\\\/#primaryimage\"},\"image\":{\"@id\":\"https:\\\/\\\/informatepy.com\\\/2021\\\/2022\\\/07\\\/25\\\/diputada-denuncia-violencia-para-presionar-por-voto-a-favor-en-el-juicio-politico-de-la-fge\\\/#primaryimage\"},\"thumbnailUrl\":\"https:\\\/\\\/i0.wp.com\\\/informatepy.com\\\/2021\\\/wp-content\\\/uploads\\\/2022\\\/07\\\/diputada-Rocio-Abed.jpg?fit=1000%2C600&ssl=1\",\"datePublished\":\"2022-07-25T11:50:58+00:00\",\"dateModified\":\"2022-07-25T11:51:25+00:00\",\"breadcrumb\":{\"@id\":\"https:\\\/\\\/informatepy.com\\\/2021\\\/2022\\\/07\\\/25\\\/diputada-denuncia-violencia-para-presionar-por-voto-a-favor-en-el-juicio-politico-de-la-fge\\\/#breadcrumb\"},\"inLanguage\":\"es\",\"potentialAction\":[{\"@type\":\"ReadAction\",\"target\":[\"https:\\\/\\\/informatepy.com\\\/2021\\\/2022\\\/07\\\/25\\\/diputada-denuncia-violencia-para-presionar-por-voto-a-favor-en-el-juicio-politico-de-la-fge\\\/\"]}]},{\"@type\":\"ImageObject\",\"inLanguage\":\"es\",\"@id\":\"https:\\\/\\\/informatepy.com\\\/2021\\\/2022\\\/07\\\/25\\\/diputada-denuncia-violencia-para-presionar-por-voto-a-favor-en-el-juicio-politico-de-la-fge\\\/#primaryimage\",\"url\":\"https:\\\/\\\/i0.wp.com\\\/informatepy.com\\\/2021\\\/wp-content\\\/uploads\\\/2022\\\/07\\\/diputada-Rocio-Abed.jpg?fit=1000%2C600&ssl=1\",\"contentUrl\":\"https:\\\/\\\/i0.wp.com\\\/informatepy.com\\\/2021\\\/wp-content\\\/uploads\\\/2022\\\/07\\\/diputada-Rocio-Abed.jpg?fit=1000%2C600&ssl=1\",\"width\":1000,\"height\":600},{\"@type\":\"BreadcrumbList\",\"@id\":\"https:\\\/\\\/informatepy.com\\\/2021\\\/2022\\\/07\\\/25\\\/diputada-denuncia-violencia-para-presionar-por-voto-a-favor-en-el-juicio-politico-de-la-fge\\\/#breadcrumb\",\"itemListElement\":[{\"@type\":\"ListItem\",\"position\":1,\"name\":\"Portada\",\"item\":\"https:\\\/\\\/informatepy.com\\\/2021\\\/\"},{\"@type\":\"ListItem\",\"position\":2,\"name\":\"Diputada denuncia violencia para presionar por voto a favor en el juicio pol\u00edtico de la FGE\"}]},{\"@type\":\"WebSite\",\"@id\":\"https:\\\/\\\/informatepy.com\\\/2021\\\/#website\",\"url\":\"https:\\\/\\\/informatepy.com\\\/2021\\\/\",\"name\":\"Informatepy\",\"description\":\"La verdad, siempre!\",\"publisher\":{\"@id\":\"https:\\\/\\\/informatepy.com\\\/2021\\\/#\\\/schema\\\/person\\\/edd302c981d6ba4596191719d1025a8a\"},\"potentialAction\":[{\"@type\":\"SearchAction\",\"target\":{\"@type\":\"EntryPoint\",\"urlTemplate\":\"https:\\\/\\\/informatepy.com\\\/2021\\\/?s={search_term_string}\"},\"query-input\":{\"@type\":\"PropertyValueSpecification\",\"valueRequired\":true,\"valueName\":\"search_term_string\"}}],\"inLanguage\":\"es\"},{\"@type\":[\"Person\",\"Organization\"],\"@id\":\"https:\\\/\\\/informatepy.com\\\/2021\\\/#\\\/schema\\\/person\\\/edd302c981d6ba4596191719d1025a8a\",\"name\":\"admin\",\"image\":{\"@type\":\"ImageObject\",\"inLanguage\":\"es\",\"@id\":\"https:\\\/\\\/secure.gravatar.com\\\/avatar\\\/5310f602b6cbcfb86e030c4ccdbb78f6565a3b9bab6a74ab80fd3cb5428b65af?s=96&d=mm&r=g\",\"url\":\"https:\\\/\\\/secure.gravatar.com\\\/avatar\\\/5310f602b6cbcfb86e030c4ccdbb78f6565a3b9bab6a74ab80fd3cb5428b65af?s=96&d=mm&r=g\",\"contentUrl\":\"https:\\\/\\\/secure.gravatar.com\\\/avatar\\\/5310f602b6cbcfb86e030c4ccdbb78f6565a3b9bab6a74ab80fd3cb5428b65af?s=96&d=mm&r=g\",\"caption\":\"admin\"},\"logo\":{\"@id\":\"https:\\\/\\\/secure.gravatar.com\\\/avatar\\\/5310f602b6cbcfb86e030c4ccdbb78f6565a3b9bab6a74ab80fd3cb5428b65af?s=96&d=mm&r=g\"},\"sameAs\":[\"http:\\\/\\\/informatepy.com\\\/2021\"]},{\"@type\":\"Person\",\"@id\":\"https:\\\/\\\/informatepy.com\\\/2021\\\/#\\\/schema\\\/person\\\/0c842f525f84ea74ef3b44370d11757b\",\"name\":\"Redacci\u00f3n\",\"image\":{\"@type\":\"ImageObject\",\"inLanguage\":\"es\",\"@id\":\"https:\\\/\\\/i0.wp.com\\\/informatepy.com\\\/2021\\\/wp-content\\\/uploads\\\/2021\\\/02\\\/informate-circulo.png?fit=96%2C96&ssl=1\",\"url\":\"https:\\\/\\\/i0.wp.com\\\/informatepy.com\\\/2021\\\/wp-content\\\/uploads\\\/2021\\\/02\\\/informate-circulo.png?fit=96%2C96&ssl=1\",\"contentUrl\":\"https:\\\/\\\/i0.wp.com\\\/informatepy.com\\\/2021\\\/wp-content\\\/uploads\\\/2021\\\/02\\\/informate-circulo.png?fit=96%2C96&ssl=1\",\"caption\":\"Redacci\u00f3n\"},\"sameAs\":[\"https:\\\/\\\/www.facebook.com\\\/InformatePyCom\",\"https:\\\/\\\/x.com\\\/https:\\\/\\\/twitter.com\\\/InformatePy1\"],\"url\":\"https:\\\/\\\/informatepy.com\\\/2021\\\/author\\\/redaccion\\\/\"}]}<\/script>\n<!-- \/ Yoast SEO plugin. -->","yoast_head_json":{"title":"Diputada denuncia violencia para presionar por voto a favor en el juicio pol\u00edtico de la FGE - Informatepy","robots":{"index":"index","follow":"follow","max-snippet":"max-snippet:-1","max-image-preview":"max-image-preview:large","max-video-preview":"max-video-preview:-1"},"canonical":"https:\/\/informatepy.com\/2021\/2022\/07\/25\/diputada-denuncia-violencia-para-presionar-por-voto-a-favor-en-el-juicio-politico-de-la-fge\/","og_locale":"es_ES","og_type":"article","og_title":"Diputada denuncia violencia para presionar por voto a favor en el juicio pol\u00edtico de la FGE - Informatepy","og_description":"La diputada Roc\u00edo Abed afirm\u00f3 que el oficialismo colorado y \u201cla bolsa de gatos\u201d, como llam\u00f3 a la oposici\u00f3n, no tienen los votos necesarios para enjuiciar a la fiscal General del Estado, Sandra Qui\u00f1\u00f3nez, por lo que est\u00e1n presionando incluso con escraches en el domicilio de los parlamentarios, a quienes consideran que votar\u00e1n en contra [&hellip;]","og_url":"https:\/\/informatepy.com\/2021\/2022\/07\/25\/diputada-denuncia-violencia-para-presionar-por-voto-a-favor-en-el-juicio-politico-de-la-fge\/","og_site_name":"Informatepy","article_author":"https:\/\/www.facebook.com\/InformatePyCom","article_published_time":"2022-07-25T11:50:58+00:00","article_modified_time":"2022-07-25T11:51:25+00:00","og_image":[{"width":1000,"height":600,"url":"https:\/\/informatepy.com\/2021\/wp-content\/uploads\/2022\/07\/diputada-Rocio-Abed.jpg","type":"image\/jpeg"}],"author":"Redacci\u00f3n","twitter_card":"summary_large_image","twitter_creator":"@https:\/\/twitter.com\/InformatePy1","twitter_misc":{"Escrito por":"Redacci\u00f3n","Tiempo de lectura":"2 minutos"},"schema":{"@context":"https:\/\/schema.org","@graph":[{"@type":"Article","@id":"https:\/\/informatepy.com\/2021\/2022\/07\/25\/diputada-denuncia-violencia-para-presionar-por-voto-a-favor-en-el-juicio-politico-de-la-fge\/#article","isPartOf":{"@id":"https:\/\/informatepy.com\/2021\/2022\/07\/25\/diputada-denuncia-violencia-para-presionar-por-voto-a-favor-en-el-juicio-politico-de-la-fge\/"},"author":{"name":"Redacci\u00f3n","@id":"https:\/\/informatepy.com\/2021\/#\/schema\/person\/0c842f525f84ea74ef3b44370d11757b"},"headline":"Diputada denuncia violencia para presionar por voto a favor en el juicio pol\u00edtico de la FGE","datePublished":"2022-07-25T11:50:58+00:00","dateModified":"2022-07-25T11:51:25+00:00","mainEntityOfPage":{"@id":"https:\/\/informatepy.com\/2021\/2022\/07\/25\/diputada-denuncia-violencia-para-presionar-por-voto-a-favor-en-el-juicio-politico-de-la-fge\/"},"wordCount":465,"commentCount":0,"publisher":{"@id":"https:\/\/informatepy.com\/2021\/#\/schema\/person\/edd302c981d6ba4596191719d1025a8a"},"image":{"@id":"https:\/\/informatepy.com\/2021\/2022\/07\/25\/diputada-denuncia-violencia-para-presionar-por-voto-a-favor-en-el-juicio-politico-de-la-fge\/#primaryimage"},"thumbnailUrl":"https:\/\/i0.wp.com\/informatepy.com\/2021\/wp-content\/uploads\/2022\/07\/diputada-Rocio-Abed.jpg?fit=1000%2C600&ssl=1","keywords":["alto paran\u00e1","camara de diputados","destacada","diputados paraguay","mar\u00eda esther roa","partido encuentro nacional","rocio abed","sandra qui\u00f1onez"],"articleSection":["Nacionales"],"inLanguage":"es","potentialAction":[{"@type":"CommentAction","name":"Comment","target":["https:\/\/informatepy.com\/2021\/2022\/07\/25\/diputada-denuncia-violencia-para-presionar-por-voto-a-favor-en-el-juicio-politico-de-la-fge\/#respond"]}]},{"@type":"WebPage","@id":"https:\/\/informatepy.com\/2021\/2022\/07\/25\/diputada-denuncia-violencia-para-presionar-por-voto-a-favor-en-el-juicio-politico-de-la-fge\/","url":"https:\/\/informatepy.com\/2021\/2022\/07\/25\/diputada-denuncia-violencia-para-presionar-por-voto-a-favor-en-el-juicio-politico-de-la-fge\/","name":"Diputada denuncia violencia para presionar por voto a favor en el juicio pol\u00edtico de la FGE - Informatepy","isPartOf":{"@id":"https:\/\/informatepy.com\/2021\/#website"},"primaryImageOfPage":{"@id":"https:\/\/informatepy.com\/2021\/2022\/07\/25\/diputada-denuncia-violencia-para-presionar-por-voto-a-favor-en-el-juicio-politico-de-la-fge\/#primaryimage"},"image":{"@id":"https:\/\/informatepy.com\/2021\/2022\/07\/25\/diputada-denuncia-violencia-para-presionar-por-voto-a-favor-en-el-juicio-politico-de-la-fge\/#primaryimage"},"thumbnailUrl":"https:\/\/i0.wp.com\/informatepy.com\/2021\/wp-content\/uploads\/2022\/07\/diputada-Rocio-Abed.jpg?fit=1000%2C600&ssl=1","datePublished":"2022-07-25T11:50:58+00:00","dateModified":"2022-07-25T11:51:25+00:00","breadcrumb":{"@id":"https:\/\/informatepy.com\/2021\/2022\/07\/25\/diputada-denuncia-violencia-para-presionar-por-voto-a-favor-en-el-juicio-politico-de-la-fge\/#breadcrumb"},"inLanguage":"es","potentialAction":[{"@type":"ReadAction","target":["https:\/\/informatepy.com\/2021\/2022\/07\/25\/diputada-denuncia-violencia-para-presionar-por-voto-a-favor-en-el-juicio-politico-de-la-fge\/"]}]},{"@type":"ImageObject","inLanguage":"es","@id":"https:\/\/informatepy.com\/2021\/2022\/07\/25\/diputada-denuncia-violencia-para-presionar-por-voto-a-favor-en-el-juicio-politico-de-la-fge\/#primaryimage","url":"https:\/\/i0.wp.com\/informatepy.com\/2021\/wp-content\/uploads\/2022\/07\/diputada-Rocio-Abed.jpg?fit=1000%2C600&ssl=1","contentUrl":"https:\/\/i0.wp.com\/informatepy.com\/2021\/wp-content\/uploads\/2022\/07\/diputada-Rocio-Abed.jpg?fit=1000%2C600&ssl=1","width":1000,"height":600},{"@type":"BreadcrumbList","@id":"https:\/\/informatepy.com\/2021\/2022\/07\/25\/diputada-denuncia-violencia-para-presionar-por-voto-a-favor-en-el-juicio-politico-de-la-fge\/#breadcrumb","itemListElement":[{"@type":"ListItem","position":1,"name":"Portada","item":"https:\/\/informatepy.com\/2021\/"},{"@type":"ListItem","position":2,"name":"Diputada denuncia violencia para presionar por voto a favor en el juicio pol\u00edtico de la FGE"}]},{"@type":"WebSite","@id":"https:\/\/informatepy.com\/2021\/#website","url":"https:\/\/informatepy.com\/2021\/","name":"Informatepy","description":"La verdad, siempre!","publisher":{"@id":"https:\/\/informatepy.com\/2021\/#\/schema\/person\/edd302c981d6ba4596191719d1025a8a"},"potentialAction":[{"@type":"SearchAction","target":{"@type":"EntryPoint","urlTemplate":"https:\/\/informatepy.com\/2021\/?s={search_term_string}"},"query-input":{"@type":"PropertyValueSpecification","valueRequired":true,"valueName":"search_term_string"}}],"inLanguage":"es"},{"@type":["Person","Organization"],"@id":"https:\/\/informatepy.com\/2021\/#\/schema\/person\/edd302c981d6ba4596191719d1025a8a","name":"admin","image":{"@type":"ImageObject","inLanguage":"es","@id":"https:\/\/secure.gravatar.com\/avatar\/5310f602b6cbcfb86e030c4ccdbb78f6565a3b9bab6a74ab80fd3cb5428b65af?s=96&d=mm&r=g","url":"https:\/\/secure.gravatar.com\/avatar\/5310f602b6cbcfb86e030c4ccdbb78f6565a3b9bab6a74ab80fd3cb5428b65af?s=96&d=mm&r=g","contentUrl":"https:\/\/secure.gravatar.com\/avatar\/5310f602b6cbcfb86e030c4ccdbb78f6565a3b9bab6a74ab80fd3cb5428b65af?s=96&d=mm&r=g","caption":"admin"},"logo":{"@id":"https:\/\/secure.gravatar.com\/avatar\/5310f602b6cbcfb86e030c4ccdbb78f6565a3b9bab6a74ab80fd3cb5428b65af?s=96&d=mm&r=g"},"sameAs":["http:\/\/informatepy.com\/2021"]},{"@type":"Person","@id":"https:\/\/informatepy.com\/2021\/#\/schema\/person\/0c842f525f84ea74ef3b44370d11757b","name":"Redacci\u00f3n","image":{"@type":"ImageObject","inLanguage":"es","@id":"https:\/\/i0.wp.com\/informatepy.com\/2021\/wp-content\/uploads\/2021\/02\/informate-circulo.png?fit=96%2C96&ssl=1","url":"https:\/\/i0.wp.com\/informatepy.com\/2021\/wp-content\/uploads\/2021\/02\/informate-circulo.png?fit=96%2C96&ssl=1","contentUrl":"https:\/\/i0.wp.com\/informatepy.com\/2021\/wp-content\/uploads\/2021\/02\/informate-circulo.png?fit=96%2C96&ssl=1","caption":"Redacci\u00f3n"},"sameAs":["https:\/\/www.facebook.com\/InformatePyCom","https:\/\/x.com\/https:\/\/twitter.com\/InformatePy1"],"url":"https:\/\/informatepy.com\/2021\/author\/redaccion\/"}]}},"jetpack_featured_media_url":"https:\/\/i0.wp.com\/informatepy.com\/2021\/wp-content\/uploads\/2022\/07\/diputada-Rocio-Abed.jpg?fit=1000%2C600&ssl=1","jetpack_sharing_enabled":true,"jetpack_likes_enabled":true,"jetpack-related-posts":[{"id":13177,"url":"https:\/\/informatepy.com\/2021\/2022\/08\/08\/a-partir-de-las-14-habra-un-nuevo-intento-en-el-caso-del-juicio-politico-a-sandra-quinonez\/","url_meta":{"origin":12833,"position":0},"title":"A partir de las 14 habr\u00e1 un nuevo intento en el caso del Juicio Pol\u00edtico a Sandra Qui\u00f1onez","date":"8 de agosto de 2022","format":false,"excerpt":"A partir de las 14 hs de hoy se realizar\u00e1 una nueva sesi\u00f3n de Diputados, en la que oficialistas y opositores intentar\u00e1n aprobar la acusaci\u00f3n contra la fiscal general del Estado, Sandra Qui\u00f1onez, con lo que se deber\u00eda iniciar el proceso de juicio pol\u00edtico. Luego de 2 semanas desde la\u2026","rel":"","context":"En \u00abNacionales\u00bb","img":{"alt_text":"","src":"https:\/\/i0.wp.com\/informatepy.com\/2021\/wp-content\/uploads\/2022\/08\/fiscal-sandra-quinonez.jpg?fit=1200%2C673&ssl=1&resize=350%2C200","width":350,"height":200},"classes":[]},{"id":13005,"url":"https:\/\/informatepy.com\/2021\/2022\/08\/01\/juicio-politico-sin-votos-hasta-el-momento\/","url_meta":{"origin":12833,"position":1},"title":"Juicio pol\u00edtico sin votos hasta el momento","date":"1 de agosto de 2022","format":false,"excerpt":"Luego de que pasara una semana desde que se inici\u00f3 la sesi\u00f3n en la que diputados oficialistas y opositores intentan aprobar el libelo acusatorio contra la fiscal general, Sandra Qui\u00f1\u00f3nez, siguen sin contar con los 54 votos necesarios. La parte acusatoria fue dilatando la votaci\u00f3n declarando 3 cuartos intermedios sucesivos\u2026","rel":"","context":"En \u00abNacionales\u00bb","img":{"alt_text":"","src":"https:\/\/i0.wp.com\/informatepy.com\/2021\/wp-content\/uploads\/2022\/07\/sandra-quinonez.webp?fit=1024%2C512&ssl=1&resize=350%2C200","width":350,"height":200},"classes":[]},{"id":2003,"url":"https:\/\/informatepy.com\/2021\/2020\/05\/28\/vox-populi-vox-dei\/","url_meta":{"origin":12833,"position":2},"title":"Vox Populi, \u00bfVox Dei?","date":"28 de mayo de 2020","format":false,"excerpt":"\u201cVox Populi, Vox Dei\u201d reza un adagio que ha sido utilizado a lo largo de la historia por toda clase de dictadores para justificar sus atropellos a las libertades civiles. Hasta el momento nadie ha podido precisar a quien se le ocurri\u00f3 semejante desacierto pero, aun as\u00ed, lo siguen utilizando.\u2026","rel":"","context":"En \u00abNacionales\u00bb","img":{"alt_text":"","src":"https:\/\/i0.wp.com\/informatepy.com\/2021\/wp-content\/uploads\/2021\/05\/MAria-Esther-Roa-CACE.jpg?fit=769%2C495&ssl=1&resize=350%2C200","width":350,"height":200},"classes":[]},{"id":13792,"url":"https:\/\/informatepy.com\/2021\/2022\/09\/07\/cuatro-a-cero\/","url_meta":{"origin":12833,"position":3},"title":"Cuatro a cero","date":"7 de septiembre de 2022","format":false,"excerpt":"Por cuarta vez, la C\u00e1mara de Diputados rechaz\u00f3 el pedido de juicio pol\u00edtico a la fiscal general del Estado, Sandra Qui\u00f1\u00f3nez, quedando archivada la propuesta planteada por un grupo de liberales. La C\u00e1mara Baja trat\u00f3 en el \u00faltimo punto del orden del d\u00eda el nuevo libelo acusatorio planteado contra la\u2026","rel":"","context":"En \u00abNacionales\u00bb","img":{"alt_text":"","src":"https:\/\/i0.wp.com\/informatepy.com\/2021\/wp-content\/uploads\/2022\/08\/fiscal-sandra-quinonez.jpg?fit=1200%2C673&ssl=1&resize=350%2C200","width":350,"height":200},"classes":[]},{"id":10665,"url":"https:\/\/informatepy.com\/2021\/2022\/03\/16\/el-diputado-carlos-rejala-manifesto-haberse-sentido-utilizado-por-kattya-gonzalez\/","url_meta":{"origin":12833,"position":4},"title":"El diputado Carlos Rejala manifest\u00f3 haberse sentido utilizado por Kattya Gonz\u00e1lez","date":"16 de marzo de 2022","format":false,"excerpt":"En declaraciones a radio Monumental, el diputado Carlos Rejala en referencia al fallido juicio pol\u00edtico a la Fiscal General del Estado, Sandra Qui\u00f1onez, manifest\u00f3 haberse sentido utilizado por la diputada Gonz\u00e1lez. \"Me utilizaron, me sent\u00ed as\u00ed. Hace tiempo vengo asumiendo que hay que enfrentar el juicio y en este caso\u2026","rel":"","context":"En \u00abNacionales\u00bb","img":{"alt_text":"","src":"https:\/\/i0.wp.com\/informatepy.com\/2021\/wp-content\/uploads\/2022\/01\/carlos-rejala.jpg?fit=902%2C601&ssl=1&resize=350%2C200","width":350,"height":200},"classes":[]},{"id":12842,"url":"https:\/\/informatepy.com\/2021\/2022\/07\/26\/continuan-los-aprietes-a-legisladores-y-la-inaccion-policial-por-el-juicio-politico-a-la-fge\/","url_meta":{"origin":12833,"position":5},"title":"Contin\u00faan los aprietes a legisladores y la inacci\u00f3n policial por el Juicio Pol\u00edtico a la FGE","date":"26 de julio de 2022","format":false,"excerpt":"Un grupo de \"ciudadanos\" fue hasta el domicilio de la diputada liberal Mar\u00eda de las Nieves L\u00f3pez en J. Augusto Sald\u00edvar, donde se manifestaron en contra de su indecisi\u00f3n para votar por el enjuiciamiento de la Fiscal General del Estado, Sandra Qui\u00f1\u00f3nez. Los manifestantes arrojaron pinturas, basuras y botellas a\u2026","rel":"","context":"En \u00abNacionales\u00bb","img":{"alt_text":"","src":"https:\/\/i0.wp.com\/informatepy.com\/2021\/wp-content\/uploads\/2022\/07\/escrache-diputada-caso-fge.jpg?fit=1200%2C672&ssl=1&resize=350%2C200","width":350,"height":200},"classes":[]}],"authors":[{"term_id":1051,"user_id":4,"is_guest":0,"slug":"redaccion","display_name":"Redacci\u00f3n","avatar_url":"https:\/\/i0.wp.com\/informatepy.com\/2021\/wp-content\/uploads\/2021\/02\/informate-circulo.png?fit=96%2C96&ssl=1","first_name":"Redacci\u00f3n","last_name":"","user_url":"","description":""}],"amp_enabled":true,"_links":{"self":[{"href":"https:\/\/informatepy.com\/2021\/wp-json\/wp\/v2\/posts\/12833","targetHints":{"allow":["GET"]}}],"collection":[{"href":"https:\/\/informatepy.com\/2021\/wp-json\/wp\/v2\/posts"}],"about":[{"href":"https:\/\/informatepy.com\/2021\/wp-json\/wp\/v2\/types\/post"}],"author":[{"embeddable":true,"href":"https:\/\/informatepy.com\/2021\/wp-json\/wp\/v2\/users\/4"}],"replies":[{"embeddable":true,"href":"https:\/\/informatepy.com\/2021\/wp-json\/wp\/v2\/comments?post=12833"}],"version-history":[{"count":2,"href":"https:\/\/informatepy.com\/2021\/wp-json\/wp\/v2\/posts\/12833\/revisions"}],"predecessor-version":[{"id":12836,"href":"https:\/\/informatepy.com\/2021\/wp-json\/wp\/v2\/posts\/12833\/revisions\/12836"}],"wp:featuredmedia":[{"embeddable":true,"href":"https:\/\/informatepy.com\/2021\/wp-json\/wp\/v2\/media\/12834"}],"wp:attachment":[{"href":"https:\/\/informatepy.com\/2021\/wp-json\/wp\/v2\/media?parent=12833"}],"wp:term":[{"taxonomy":"category","embeddable":true,"href":"https:\/\/informatepy.com\/2021\/wp-json\/wp\/v2\/categories?post=12833"},{"taxonomy":"post_tag","embeddable":true,"href":"https:\/\/informatepy.com\/2021\/wp-json\/wp\/v2\/tags?post=12833"},{"taxonomy":"author","embeddable":true,"href":"https:\/\/informatepy.com\/2021\/wp-json\/wp\/v2\/ppma_author?post=12833"}],"curies":[{"name":"wp","href":"https:\/\/api.w.org\/{rel}","templated":true}]}}