{"id":12750,"date":"2022-07-21T08:08:46","date_gmt":"2022-07-21T11:08:46","guid":{"rendered":"https:\/\/informatepy.com\/2021\/?p=12750"},"modified":"2022-07-21T08:08:49","modified_gmt":"2022-07-21T11:08:49","slug":"constitucionalista-califica-de-absurdo-el-proyecto-que-plantea-multas-a-los-que-no-votan","status":"publish","type":"post","link":"https:\/\/informatepy.com\/2021\/2022\/07\/21\/constitucionalista-califica-de-absurdo-el-proyecto-que-plantea-multas-a-los-que-no-votan\/","title":{"rendered":"Constitucionalista califica de \u201cabsurdo\u201d el proyecto que plantea multas a los que no votan"},"content":{"rendered":"\n<p class=\"has-text-align-justify\">El abogado constitucionalista, <strong>Jorge Vasconsellos<\/strong>, calific\u00f3 de absurdo el proyecto que plantea multar a las personas que no votan en las elecciones, sancionado en el Congreso y pas\u00f3 a consideraci\u00f3n del Poder Ejecutivo.<\/p>\n\n\n\n<p class=\"has-text-align-justify\"><em><strong>\u201cNo nos interesa mejorar el sistema electoral, no nos interesa brindar ese primer aspecto que el Art\u00edculo 128 de la Constituci\u00f3n Nacional consagra, que es el derecho fundamental de todo ciudadano de expresarse a trav\u00e9s las urnas\u201d<\/strong><\/em>, dijo este mi\u00e9rcoles el profesional del derecho en una entrevista con el canal GEN.<\/p>\n\n\n\n<p class=\"has-text-align-justify\">Mencion\u00f3 que en el pa\u00eds est\u00e1 el criterio de que todo lo que se toca se debe convertir en obligaci\u00f3n y que las autoridades se olvidan de que es obligaci\u00f3n del Estado garantizar el acceso al voto de todos los ciudadanos.<\/p>\n\n\n\n<p class=\"has-text-align-justify\"><strong><em>\u201cEn los lugares de reclusi\u00f3n hay 11 mil personas que no votan porque no se les extiende los locales de votaci\u00f3n hasta los centros de reclusi\u00f3n. Si eso presos no concurren a votar \u00bfVan a perder el derecho a renovar su c\u00e9dula de identidad? Es un absurdo\u201d,<\/em><\/strong> agreg\u00f3 Vasconsellos.<\/p>\n\n\n\n<p class=\"has-text-align-justify\">Debido a que la C\u00e1mara de Diputados no reuni\u00f3 los votos necesarios para ratificarse en su versi\u00f3n de modificaci\u00f3n, qued\u00f3 sancionado el proyecto de ley que modifica el C\u00f3digo Electoral y establece multas por no votar en las elecciones. <strong>El documento pas\u00f3 al Poder Ejecutivo para su promulgaci\u00f3n o veto.<\/strong><\/p>\n\n\n\n<h6 class=\"wp-block-heading\" style=\"font-style:normal;font-weight:300\">Con informaci\u00f3n de ADN Digital<\/h6>\n","protected":false},"excerpt":{"rendered":"<p>El abogado constitucionalista, Jorge Vasconsellos, calific\u00f3 de absurdo el proyecto que plantea multar a las personas que no votan en las elecciones, sancionado en el Congreso y pas\u00f3 a consideraci\u00f3n del Poder Ejecutivo. \u201cNo nos interesa mejorar el sistema electoral, no nos interesa brindar ese primer aspecto que el Art\u00edculo 128 de la Constituci\u00f3n Nacional [&hellip;]<\/p>\n","protected":false},"author":4,"featured_media":5932,"comment_status":"open","ping_status":"open","sticky":false,"template":"","format":"standard","meta":{"_monsterinsights_skip_tracking":false,"_monsterinsights_sitenote_active":false,"_monsterinsights_sitenote_note":"","_monsterinsights_sitenote_category":0,"footnotes":"","jetpack_publicize_message":"","jetpack_is_tweetstorm":false,"jetpack_publicize_feature_enabled":true},"categories":[177],"tags":[1036,631],"ppma_author":[1051],"class_list":["post-12750","post","type-post","status-publish","format-standard","has-post-thumbnail","hentry","category-nacionales","tag-destacada","tag-tsje"],"jetpack_publicize_connections":[],"yoast_head":"<!-- This site is optimized with the Yoast SEO plugin v27.4 - https:\/\/yoast.com\/product\/yoast-seo-wordpress\/ -->\n<title>Constitucionalista califica de \u201cabsurdo\u201d el proyecto que plantea multas a los que no votan - Informatepy<\/title>\n<meta name=\"robots\" content=\"index, follow, max-snippet:-1, max-image-preview:large, max-video-preview:-1\" \/>\n<link rel=\"canonical\" href=\"https:\/\/informatepy.com\/2021\/2022\/07\/21\/constitucionalista-califica-de-absurdo-el-proyecto-que-plantea-multas-a-los-que-no-votan\/\" \/>\n<meta property=\"og:locale\" content=\"es_ES\" \/>\n<meta property=\"og:type\" content=\"article\" \/>\n<meta property=\"og:title\" content=\"Constitucionalista califica de \u201cabsurdo\u201d el proyecto que plantea multas a los que no votan - Informatepy\" \/>\n<meta property=\"og:description\" content=\"El abogado constitucionalista, Jorge Vasconsellos, calific\u00f3 de absurdo el proyecto que plantea multar a las personas que no votan en las elecciones, sancionado en el Congreso y pas\u00f3 a consideraci\u00f3n del Poder Ejecutivo. \u201cNo nos interesa mejorar el sistema electoral, no nos interesa brindar ese primer aspecto que el Art\u00edculo 128 de la Constituci\u00f3n Nacional [&hellip;]\" \/>\n<meta property=\"og:url\" content=\"https:\/\/informatepy.com\/2021\/2022\/07\/21\/constitucionalista-califica-de-absurdo-el-proyecto-que-plantea-multas-a-los-que-no-votan\/\" \/>\n<meta property=\"og:site_name\" content=\"Informatepy\" \/>\n<meta property=\"article:author\" content=\"https:\/\/www.facebook.com\/InformatePyCom\" \/>\n<meta property=\"article:published_time\" content=\"2022-07-21T11:08:46+00:00\" \/>\n<meta property=\"article:modified_time\" content=\"2022-07-21T11:08:49+00:00\" \/>\n<meta property=\"og:image\" content=\"https:\/\/informatepy.com\/2021\/wp-content\/uploads\/2021\/07\/jorge-vasconcellos-abogado-constitucionalista.jpg\" \/>\n\t<meta property=\"og:image:width\" content=\"900\" \/>\n\t<meta property=\"og:image:height\" content=\"619\" \/>\n\t<meta property=\"og:image:type\" content=\"image\/jpeg\" \/>\n<meta name=\"author\" content=\"Redacci\u00f3n\" \/>\n<meta name=\"twitter:card\" content=\"summary_large_image\" \/>\n<meta name=\"twitter:creator\" content=\"@https:\/\/twitter.com\/InformatePy1\" \/>\n<meta name=\"twitter:label1\" content=\"Escrito por\" \/>\n\t<meta name=\"twitter:data1\" content=\"Redacci\u00f3n\" \/>\n\t<meta name=\"twitter:label2\" content=\"Tiempo de lectura\" \/>\n\t<meta name=\"twitter:data2\" content=\"2 minutos\" \/>\n<script type=\"application\/ld+json\" class=\"yoast-schema-graph\">{\"@context\":\"https:\\\/\\\/schema.org\",\"@graph\":[{\"@type\":\"Article\",\"@id\":\"https:\\\/\\\/informatepy.com\\\/2021\\\/2022\\\/07\\\/21\\\/constitucionalista-califica-de-absurdo-el-proyecto-que-plantea-multas-a-los-que-no-votan\\\/#article\",\"isPartOf\":{\"@id\":\"https:\\\/\\\/informatepy.com\\\/2021\\\/2022\\\/07\\\/21\\\/constitucionalista-califica-de-absurdo-el-proyecto-que-plantea-multas-a-los-que-no-votan\\\/\"},\"author\":{\"name\":\"Redacci\u00f3n\",\"@id\":\"https:\\\/\\\/informatepy.com\\\/2021\\\/#\\\/schema\\\/person\\\/0c842f525f84ea74ef3b44370d11757b\"},\"headline\":\"Constitucionalista califica de \u201cabsurdo\u201d el proyecto que plantea multas a los que no votan\",\"datePublished\":\"2022-07-21T11:08:46+00:00\",\"dateModified\":\"2022-07-21T11:08:49+00:00\",\"mainEntityOfPage\":{\"@id\":\"https:\\\/\\\/informatepy.com\\\/2021\\\/2022\\\/07\\\/21\\\/constitucionalista-califica-de-absurdo-el-proyecto-que-plantea-multas-a-los-que-no-votan\\\/\"},\"wordCount\":259,\"commentCount\":0,\"publisher\":{\"@id\":\"https:\\\/\\\/informatepy.com\\\/2021\\\/#\\\/schema\\\/person\\\/edd302c981d6ba4596191719d1025a8a\"},\"image\":{\"@id\":\"https:\\\/\\\/informatepy.com\\\/2021\\\/2022\\\/07\\\/21\\\/constitucionalista-califica-de-absurdo-el-proyecto-que-plantea-multas-a-los-que-no-votan\\\/#primaryimage\"},\"thumbnailUrl\":\"https:\\\/\\\/i0.wp.com\\\/informatepy.com\\\/2021\\\/wp-content\\\/uploads\\\/2021\\\/07\\\/jorge-vasconcellos-abogado-constitucionalista.jpg?fit=900%2C619&ssl=1\",\"keywords\":[\"destacada\",\"TSJE\"],\"articleSection\":[\"Nacionales\"],\"inLanguage\":\"es\",\"potentialAction\":[{\"@type\":\"CommentAction\",\"name\":\"Comment\",\"target\":[\"https:\\\/\\\/informatepy.com\\\/2021\\\/2022\\\/07\\\/21\\\/constitucionalista-califica-de-absurdo-el-proyecto-que-plantea-multas-a-los-que-no-votan\\\/#respond\"]}]},{\"@type\":\"WebPage\",\"@id\":\"https:\\\/\\\/informatepy.com\\\/2021\\\/2022\\\/07\\\/21\\\/constitucionalista-califica-de-absurdo-el-proyecto-que-plantea-multas-a-los-que-no-votan\\\/\",\"url\":\"https:\\\/\\\/informatepy.com\\\/2021\\\/2022\\\/07\\\/21\\\/constitucionalista-califica-de-absurdo-el-proyecto-que-plantea-multas-a-los-que-no-votan\\\/\",\"name\":\"Constitucionalista califica de \u201cabsurdo\u201d el proyecto que plantea multas a los que no votan - Informatepy\",\"isPartOf\":{\"@id\":\"https:\\\/\\\/informatepy.com\\\/2021\\\/#website\"},\"primaryImageOfPage\":{\"@id\":\"https:\\\/\\\/informatepy.com\\\/2021\\\/2022\\\/07\\\/21\\\/constitucionalista-califica-de-absurdo-el-proyecto-que-plantea-multas-a-los-que-no-votan\\\/#primaryimage\"},\"image\":{\"@id\":\"https:\\\/\\\/informatepy.com\\\/2021\\\/2022\\\/07\\\/21\\\/constitucionalista-califica-de-absurdo-el-proyecto-que-plantea-multas-a-los-que-no-votan\\\/#primaryimage\"},\"thumbnailUrl\":\"https:\\\/\\\/i0.wp.com\\\/informatepy.com\\\/2021\\\/wp-content\\\/uploads\\\/2021\\\/07\\\/jorge-vasconcellos-abogado-constitucionalista.jpg?fit=900%2C619&ssl=1\",\"datePublished\":\"2022-07-21T11:08:46+00:00\",\"dateModified\":\"2022-07-21T11:08:49+00:00\",\"breadcrumb\":{\"@id\":\"https:\\\/\\\/informatepy.com\\\/2021\\\/2022\\\/07\\\/21\\\/constitucionalista-califica-de-absurdo-el-proyecto-que-plantea-multas-a-los-que-no-votan\\\/#breadcrumb\"},\"inLanguage\":\"es\",\"potentialAction\":[{\"@type\":\"ReadAction\",\"target\":[\"https:\\\/\\\/informatepy.com\\\/2021\\\/2022\\\/07\\\/21\\\/constitucionalista-califica-de-absurdo-el-proyecto-que-plantea-multas-a-los-que-no-votan\\\/\"]}]},{\"@type\":\"ImageObject\",\"inLanguage\":\"es\",\"@id\":\"https:\\\/\\\/informatepy.com\\\/2021\\\/2022\\\/07\\\/21\\\/constitucionalista-califica-de-absurdo-el-proyecto-que-plantea-multas-a-los-que-no-votan\\\/#primaryimage\",\"url\":\"https:\\\/\\\/i0.wp.com\\\/informatepy.com\\\/2021\\\/wp-content\\\/uploads\\\/2021\\\/07\\\/jorge-vasconcellos-abogado-constitucionalista.jpg?fit=900%2C619&ssl=1\",\"contentUrl\":\"https:\\\/\\\/i0.wp.com\\\/informatepy.com\\\/2021\\\/wp-content\\\/uploads\\\/2021\\\/07\\\/jorge-vasconcellos-abogado-constitucionalista.jpg?fit=900%2C619&ssl=1\",\"width\":900,\"height\":619},{\"@type\":\"BreadcrumbList\",\"@id\":\"https:\\\/\\\/informatepy.com\\\/2021\\\/2022\\\/07\\\/21\\\/constitucionalista-califica-de-absurdo-el-proyecto-que-plantea-multas-a-los-que-no-votan\\\/#breadcrumb\",\"itemListElement\":[{\"@type\":\"ListItem\",\"position\":1,\"name\":\"Portada\",\"item\":\"https:\\\/\\\/informatepy.com\\\/2021\\\/\"},{\"@type\":\"ListItem\",\"position\":2,\"name\":\"Constitucionalista califica de \u201cabsurdo\u201d el proyecto que plantea multas a los que no votan\"}]},{\"@type\":\"WebSite\",\"@id\":\"https:\\\/\\\/informatepy.com\\\/2021\\\/#website\",\"url\":\"https:\\\/\\\/informatepy.com\\\/2021\\\/\",\"name\":\"Informatepy\",\"description\":\"La verdad, siempre!\",\"publisher\":{\"@id\":\"https:\\\/\\\/informatepy.com\\\/2021\\\/#\\\/schema\\\/person\\\/edd302c981d6ba4596191719d1025a8a\"},\"potentialAction\":[{\"@type\":\"SearchAction\",\"target\":{\"@type\":\"EntryPoint\",\"urlTemplate\":\"https:\\\/\\\/informatepy.com\\\/2021\\\/?s={search_term_string}\"},\"query-input\":{\"@type\":\"PropertyValueSpecification\",\"valueRequired\":true,\"valueName\":\"search_term_string\"}}],\"inLanguage\":\"es\"},{\"@type\":[\"Person\",\"Organization\"],\"@id\":\"https:\\\/\\\/informatepy.com\\\/2021\\\/#\\\/schema\\\/person\\\/edd302c981d6ba4596191719d1025a8a\",\"name\":\"admin\",\"image\":{\"@type\":\"ImageObject\",\"inLanguage\":\"es\",\"@id\":\"https:\\\/\\\/secure.gravatar.com\\\/avatar\\\/5310f602b6cbcfb86e030c4ccdbb78f6565a3b9bab6a74ab80fd3cb5428b65af?s=96&d=mm&r=g\",\"url\":\"https:\\\/\\\/secure.gravatar.com\\\/avatar\\\/5310f602b6cbcfb86e030c4ccdbb78f6565a3b9bab6a74ab80fd3cb5428b65af?s=96&d=mm&r=g\",\"contentUrl\":\"https:\\\/\\\/secure.gravatar.com\\\/avatar\\\/5310f602b6cbcfb86e030c4ccdbb78f6565a3b9bab6a74ab80fd3cb5428b65af?s=96&d=mm&r=g\",\"caption\":\"admin\"},\"logo\":{\"@id\":\"https:\\\/\\\/secure.gravatar.com\\\/avatar\\\/5310f602b6cbcfb86e030c4ccdbb78f6565a3b9bab6a74ab80fd3cb5428b65af?s=96&d=mm&r=g\"},\"sameAs\":[\"http:\\\/\\\/informatepy.com\\\/2021\"]},{\"@type\":\"Person\",\"@id\":\"https:\\\/\\\/informatepy.com\\\/2021\\\/#\\\/schema\\\/person\\\/0c842f525f84ea74ef3b44370d11757b\",\"name\":\"Redacci\u00f3n\",\"image\":{\"@type\":\"ImageObject\",\"inLanguage\":\"es\",\"@id\":\"https:\\\/\\\/i0.wp.com\\\/informatepy.com\\\/2021\\\/wp-content\\\/uploads\\\/2021\\\/02\\\/informate-circulo.png?fit=96%2C96&ssl=1\",\"url\":\"https:\\\/\\\/i0.wp.com\\\/informatepy.com\\\/2021\\\/wp-content\\\/uploads\\\/2021\\\/02\\\/informate-circulo.png?fit=96%2C96&ssl=1\",\"contentUrl\":\"https:\\\/\\\/i0.wp.com\\\/informatepy.com\\\/2021\\\/wp-content\\\/uploads\\\/2021\\\/02\\\/informate-circulo.png?fit=96%2C96&ssl=1\",\"caption\":\"Redacci\u00f3n\"},\"sameAs\":[\"https:\\\/\\\/www.facebook.com\\\/InformatePyCom\",\"https:\\\/\\\/x.com\\\/https:\\\/\\\/twitter.com\\\/InformatePy1\"],\"url\":\"https:\\\/\\\/informatepy.com\\\/2021\\\/author\\\/redaccion\\\/\"}]}<\/script>\n<!-- \/ Yoast SEO plugin. -->","yoast_head_json":{"title":"Constitucionalista califica de \u201cabsurdo\u201d el proyecto que plantea multas a los que no votan - Informatepy","robots":{"index":"index","follow":"follow","max-snippet":"max-snippet:-1","max-image-preview":"max-image-preview:large","max-video-preview":"max-video-preview:-1"},"canonical":"https:\/\/informatepy.com\/2021\/2022\/07\/21\/constitucionalista-califica-de-absurdo-el-proyecto-que-plantea-multas-a-los-que-no-votan\/","og_locale":"es_ES","og_type":"article","og_title":"Constitucionalista califica de \u201cabsurdo\u201d el proyecto que plantea multas a los que no votan - Informatepy","og_description":"El abogado constitucionalista, Jorge Vasconsellos, calific\u00f3 de absurdo el proyecto que plantea multar a las personas que no votan en las elecciones, sancionado en el Congreso y pas\u00f3 a consideraci\u00f3n del Poder Ejecutivo. \u201cNo nos interesa mejorar el sistema electoral, no nos interesa brindar ese primer aspecto que el Art\u00edculo 128 de la Constituci\u00f3n Nacional [&hellip;]","og_url":"https:\/\/informatepy.com\/2021\/2022\/07\/21\/constitucionalista-califica-de-absurdo-el-proyecto-que-plantea-multas-a-los-que-no-votan\/","og_site_name":"Informatepy","article_author":"https:\/\/www.facebook.com\/InformatePyCom","article_published_time":"2022-07-21T11:08:46+00:00","article_modified_time":"2022-07-21T11:08:49+00:00","og_image":[{"width":900,"height":619,"url":"https:\/\/informatepy.com\/2021\/wp-content\/uploads\/2021\/07\/jorge-vasconcellos-abogado-constitucionalista.jpg","type":"image\/jpeg"}],"author":"Redacci\u00f3n","twitter_card":"summary_large_image","twitter_creator":"@https:\/\/twitter.com\/InformatePy1","twitter_misc":{"Escrito por":"Redacci\u00f3n","Tiempo de lectura":"2 minutos"},"schema":{"@context":"https:\/\/schema.org","@graph":[{"@type":"Article","@id":"https:\/\/informatepy.com\/2021\/2022\/07\/21\/constitucionalista-califica-de-absurdo-el-proyecto-que-plantea-multas-a-los-que-no-votan\/#article","isPartOf":{"@id":"https:\/\/informatepy.com\/2021\/2022\/07\/21\/constitucionalista-califica-de-absurdo-el-proyecto-que-plantea-multas-a-los-que-no-votan\/"},"author":{"name":"Redacci\u00f3n","@id":"https:\/\/informatepy.com\/2021\/#\/schema\/person\/0c842f525f84ea74ef3b44370d11757b"},"headline":"Constitucionalista califica de \u201cabsurdo\u201d el proyecto que plantea multas a los que no votan","datePublished":"2022-07-21T11:08:46+00:00","dateModified":"2022-07-21T11:08:49+00:00","mainEntityOfPage":{"@id":"https:\/\/informatepy.com\/2021\/2022\/07\/21\/constitucionalista-califica-de-absurdo-el-proyecto-que-plantea-multas-a-los-que-no-votan\/"},"wordCount":259,"commentCount":0,"publisher":{"@id":"https:\/\/informatepy.com\/2021\/#\/schema\/person\/edd302c981d6ba4596191719d1025a8a"},"image":{"@id":"https:\/\/informatepy.com\/2021\/2022\/07\/21\/constitucionalista-califica-de-absurdo-el-proyecto-que-plantea-multas-a-los-que-no-votan\/#primaryimage"},"thumbnailUrl":"https:\/\/i0.wp.com\/informatepy.com\/2021\/wp-content\/uploads\/2021\/07\/jorge-vasconcellos-abogado-constitucionalista.jpg?fit=900%2C619&ssl=1","keywords":["destacada","TSJE"],"articleSection":["Nacionales"],"inLanguage":"es","potentialAction":[{"@type":"CommentAction","name":"Comment","target":["https:\/\/informatepy.com\/2021\/2022\/07\/21\/constitucionalista-califica-de-absurdo-el-proyecto-que-plantea-multas-a-los-que-no-votan\/#respond"]}]},{"@type":"WebPage","@id":"https:\/\/informatepy.com\/2021\/2022\/07\/21\/constitucionalista-califica-de-absurdo-el-proyecto-que-plantea-multas-a-los-que-no-votan\/","url":"https:\/\/informatepy.com\/2021\/2022\/07\/21\/constitucionalista-califica-de-absurdo-el-proyecto-que-plantea-multas-a-los-que-no-votan\/","name":"Constitucionalista califica de \u201cabsurdo\u201d el proyecto que plantea multas a los que no votan - Informatepy","isPartOf":{"@id":"https:\/\/informatepy.com\/2021\/#website"},"primaryImageOfPage":{"@id":"https:\/\/informatepy.com\/2021\/2022\/07\/21\/constitucionalista-califica-de-absurdo-el-proyecto-que-plantea-multas-a-los-que-no-votan\/#primaryimage"},"image":{"@id":"https:\/\/informatepy.com\/2021\/2022\/07\/21\/constitucionalista-califica-de-absurdo-el-proyecto-que-plantea-multas-a-los-que-no-votan\/#primaryimage"},"thumbnailUrl":"https:\/\/i0.wp.com\/informatepy.com\/2021\/wp-content\/uploads\/2021\/07\/jorge-vasconcellos-abogado-constitucionalista.jpg?fit=900%2C619&ssl=1","datePublished":"2022-07-21T11:08:46+00:00","dateModified":"2022-07-21T11:08:49+00:00","breadcrumb":{"@id":"https:\/\/informatepy.com\/2021\/2022\/07\/21\/constitucionalista-califica-de-absurdo-el-proyecto-que-plantea-multas-a-los-que-no-votan\/#breadcrumb"},"inLanguage":"es","potentialAction":[{"@type":"ReadAction","target":["https:\/\/informatepy.com\/2021\/2022\/07\/21\/constitucionalista-califica-de-absurdo-el-proyecto-que-plantea-multas-a-los-que-no-votan\/"]}]},{"@type":"ImageObject","inLanguage":"es","@id":"https:\/\/informatepy.com\/2021\/2022\/07\/21\/constitucionalista-califica-de-absurdo-el-proyecto-que-plantea-multas-a-los-que-no-votan\/#primaryimage","url":"https:\/\/i0.wp.com\/informatepy.com\/2021\/wp-content\/uploads\/2021\/07\/jorge-vasconcellos-abogado-constitucionalista.jpg?fit=900%2C619&ssl=1","contentUrl":"https:\/\/i0.wp.com\/informatepy.com\/2021\/wp-content\/uploads\/2021\/07\/jorge-vasconcellos-abogado-constitucionalista.jpg?fit=900%2C619&ssl=1","width":900,"height":619},{"@type":"BreadcrumbList","@id":"https:\/\/informatepy.com\/2021\/2022\/07\/21\/constitucionalista-califica-de-absurdo-el-proyecto-que-plantea-multas-a-los-que-no-votan\/#breadcrumb","itemListElement":[{"@type":"ListItem","position":1,"name":"Portada","item":"https:\/\/informatepy.com\/2021\/"},{"@type":"ListItem","position":2,"name":"Constitucionalista califica de \u201cabsurdo\u201d el proyecto que plantea multas a los que no votan"}]},{"@type":"WebSite","@id":"https:\/\/informatepy.com\/2021\/#website","url":"https:\/\/informatepy.com\/2021\/","name":"Informatepy","description":"La verdad, siempre!","publisher":{"@id":"https:\/\/informatepy.com\/2021\/#\/schema\/person\/edd302c981d6ba4596191719d1025a8a"},"potentialAction":[{"@type":"SearchAction","target":{"@type":"EntryPoint","urlTemplate":"https:\/\/informatepy.com\/2021\/?s={search_term_string}"},"query-input":{"@type":"PropertyValueSpecification","valueRequired":true,"valueName":"search_term_string"}}],"inLanguage":"es"},{"@type":["Person","Organization"],"@id":"https:\/\/informatepy.com\/2021\/#\/schema\/person\/edd302c981d6ba4596191719d1025a8a","name":"admin","image":{"@type":"ImageObject","inLanguage":"es","@id":"https:\/\/secure.gravatar.com\/avatar\/5310f602b6cbcfb86e030c4ccdbb78f6565a3b9bab6a74ab80fd3cb5428b65af?s=96&d=mm&r=g","url":"https:\/\/secure.gravatar.com\/avatar\/5310f602b6cbcfb86e030c4ccdbb78f6565a3b9bab6a74ab80fd3cb5428b65af?s=96&d=mm&r=g","contentUrl":"https:\/\/secure.gravatar.com\/avatar\/5310f602b6cbcfb86e030c4ccdbb78f6565a3b9bab6a74ab80fd3cb5428b65af?s=96&d=mm&r=g","caption":"admin"},"logo":{"@id":"https:\/\/secure.gravatar.com\/avatar\/5310f602b6cbcfb86e030c4ccdbb78f6565a3b9bab6a74ab80fd3cb5428b65af?s=96&d=mm&r=g"},"sameAs":["http:\/\/informatepy.com\/2021"]},{"@type":"Person","@id":"https:\/\/informatepy.com\/2021\/#\/schema\/person\/0c842f525f84ea74ef3b44370d11757b","name":"Redacci\u00f3n","image":{"@type":"ImageObject","inLanguage":"es","@id":"https:\/\/i0.wp.com\/informatepy.com\/2021\/wp-content\/uploads\/2021\/02\/informate-circulo.png?fit=96%2C96&ssl=1","url":"https:\/\/i0.wp.com\/informatepy.com\/2021\/wp-content\/uploads\/2021\/02\/informate-circulo.png?fit=96%2C96&ssl=1","contentUrl":"https:\/\/i0.wp.com\/informatepy.com\/2021\/wp-content\/uploads\/2021\/02\/informate-circulo.png?fit=96%2C96&ssl=1","caption":"Redacci\u00f3n"},"sameAs":["https:\/\/www.facebook.com\/InformatePyCom","https:\/\/x.com\/https:\/\/twitter.com\/InformatePy1"],"url":"https:\/\/informatepy.com\/2021\/author\/redaccion\/"}]}},"jetpack_featured_media_url":"https:\/\/i0.wp.com\/informatepy.com\/2021\/wp-content\/uploads\/2021\/07\/jorge-vasconcellos-abogado-constitucionalista.jpg?fit=900%2C619&ssl=1","jetpack_sharing_enabled":true,"jetpack_likes_enabled":true,"jetpack-related-posts":[{"id":12725,"url":"https:\/\/informatepy.com\/2021\/2022\/07\/19\/diputados-trataran-hoy-proyecto-para-multar-a-quienes-no-voten\/","url_meta":{"origin":12750,"position":0},"title":"Diputados tratar\u00e1n hoy proyecto para multar a quienes no voten","date":"19 de julio de 2022","format":false,"excerpt":"La C\u00e1mara de Diputados tratar\u00e1 hoy en sesi\u00f3n extraordinaria el proyecto de ley que modifica el c\u00f3digo electoral y que posibilitar\u00e1 aplicar multas a quienes no voten en las elecciones, adem\u00e1s de la inhabilitaci\u00f3n para hacer ciertos tr\u00e1mites personales. El proyectista es el senador Enrique Riera, quien manifest\u00f3 que la\u2026","rel":"","context":"En \u00abNacionales\u00bb","img":{"alt_text":"","src":"https:\/\/i0.wp.com\/informatepy.com\/2021\/wp-content\/uploads\/2021\/03\/camara-de-diputados.jpg?fit=512%2C341&ssl=1&resize=350%2C200","width":350,"height":200},"classes":[]},{"id":9260,"url":"https:\/\/informatepy.com\/2021\/2022\/01\/06\/walter-harms-adelanto-su-voto-negativo-al-proyecto-de-hugo-ramirez\/","url_meta":{"origin":12750,"position":1},"title":"Walter Harms adelant\u00f3 su voto negativo al proyecto de Hugo Ram\u00edrez","date":"6 de enero de 2022","format":false,"excerpt":"Calificando de anticonstitucional, el diputado de Honor Colorado, Walter Harms, adelant\u00f3 su voto negativo al proyecto de \"Pasaporte Sanitario\" presentado por Hugo Ram\u00edrez; \"Anticipo mi rotundo desacuerdo y mi voto por el RECHAZO de este Proyecto de Ley a ser presentado\", afirmo a trav\u00e9s de sus redes sociales. Seg\u00fan el\u2026","rel":"","context":"En \u00abNacionales\u00bb","img":{"alt_text":"","src":"https:\/\/i0.wp.com\/informatepy.com\/2021\/wp-content\/uploads\/2021\/03\/walter-harms.jpg?fit=800%2C600&ssl=1&resize=350%2C200","width":350,"height":200},"classes":[]},{"id":7265,"url":"https:\/\/informatepy.com\/2021\/2021\/09\/22\/multas-a-partir-de-estas-elecciones-municipales\/","url_meta":{"origin":12750,"position":2},"title":"Multas podr\u00edan correr a partir de estas elecciones municipales","date":"22 de septiembre de 2021","format":false,"excerpt":"La C\u00e1mara de Diputados tratar\u00eda el d\u00eda de hoy el proyecto de ley que establece multas para quienes no voten en elecciones. De obtener su sanci\u00f3n, empezar\u00eda a regir ya en las municipales que se realizar\u00e1n el pr\u00f3ximo 10 de octubre. La multa que se fija en el proyecto que\u2026","rel":"","context":"En \u00abNacionales\u00bb","img":{"alt_text":"","src":"","width":0,"height":0},"classes":[]},{"id":14031,"url":"https:\/\/informatepy.com\/2021\/2022\/09\/22\/la-muerte-civica-por-no-votar-murio\/","url_meta":{"origin":12750,"position":3},"title":"La \u00abmuerte c\u00edvica\u00bb por no votar, muri\u00f3","date":"22 de septiembre de 2022","format":false,"excerpt":"Luego de un largo debate, el Senado no logr\u00f3 la mayor\u00eda absoluta para rechazar el veto total del Ejecutivo a la ley que establec\u00eda graves sanciones para quienes no pagaban la multa por no haber votado en las elecciones, conocida como de \u201cmuerte c\u00edvica\u201d. El discurso m\u00e1s contundente sobre el\u2026","rel":"","context":"En \u00abNacionales\u00bb","img":{"alt_text":"","src":"https:\/\/i0.wp.com\/informatepy.com\/2021\/wp-content\/uploads\/2021\/12\/senador-eusebio-ramon-ayala.jpg?fit=760%2C420&ssl=1&resize=350%2C200","width":350,"height":200},"classes":[]},{"id":3204,"url":"https:\/\/informatepy.com\/2021\/2021\/02\/10\/no-prospera-pedido-para-tratar-conformacion-de-mesa-receptora-de-denuncias-ciudadanas\/","url_meta":{"origin":12750,"position":4},"title":"No prospera pedido para tratar conformaci\u00f3n de mesa receptora de denuncias ciudadanas","date":"10 de febrero de 2021","format":false,"excerpt":"La Comisi\u00f3n Permanente del Congreso Nacional, presidida por el diputado Ra\u00fal Latorre, sesion\u00f3 de forma ordinaria este mi\u00e9rcoles, para el tratamiento de tres puntos contemplados en el orden del d\u00eda. El punto tres contemplaba el an\u00e1lisis del Proyecto de Resoluci\u00f3n \u201cQue conforma la mesa receptora de denuncias ciudadanas por abuso\u2026","rel":"","context":"En \u00abNacionales\u00bb","img":{"alt_text":"","src":"https:\/\/i0.wp.com\/informatepy.com\/2021\/wp-content\/uploads\/2021\/02\/kattya-gonzalez.jpeg?fit=860%2C573&ssl=1&resize=350%2C200","width":350,"height":200},"classes":[]},{"id":7592,"url":"https:\/\/informatepy.com\/2021\/2021\/10\/09\/cuando-el-deber-civico-interpela\/","url_meta":{"origin":12750,"position":5},"title":"Cuando el deber c\u00edvico interpela","date":"9 de octubre de 2021","format":false,"excerpt":"4.644.536 paraguayos habilitados para elegir el pr\u00f3ximo domingo a 261 intendentes y 2.781 miembros de juntas municipales titulares, adem\u00e1s de la misma cantidad de suplentes, para dirigir y administrar los municipios durante los pr\u00f3ximos 4 a\u00f1os. Como nunca antes, estamos viendo a \u201creferentes\u201d de todos los estamentos, pol\u00edticos, empresarios, influencers,\u2026","rel":"","context":"En \u00abAnalisis\u00bb","img":{"alt_text":"","src":"https:\/\/i0.wp.com\/informatepy.com\/2021\/wp-content\/uploads\/2021\/10\/urna-electronica.png?fit=1160%2C665&ssl=1&resize=350%2C200","width":350,"height":200},"classes":[]}],"authors":[{"term_id":1051,"user_id":4,"is_guest":0,"slug":"redaccion","display_name":"Redacci\u00f3n","avatar_url":"https:\/\/i0.wp.com\/informatepy.com\/2021\/wp-content\/uploads\/2021\/02\/informate-circulo.png?fit=96%2C96&ssl=1","first_name":"Redacci\u00f3n","last_name":"","user_url":"","description":""}],"amp_enabled":true,"_links":{"self":[{"href":"https:\/\/informatepy.com\/2021\/wp-json\/wp\/v2\/posts\/12750","targetHints":{"allow":["GET"]}}],"collection":[{"href":"https:\/\/informatepy.com\/2021\/wp-json\/wp\/v2\/posts"}],"about":[{"href":"https:\/\/informatepy.com\/2021\/wp-json\/wp\/v2\/types\/post"}],"author":[{"embeddable":true,"href":"https:\/\/informatepy.com\/2021\/wp-json\/wp\/v2\/users\/4"}],"replies":[{"embeddable":true,"href":"https:\/\/informatepy.com\/2021\/wp-json\/wp\/v2\/comments?post=12750"}],"version-history":[{"count":1,"href":"https:\/\/informatepy.com\/2021\/wp-json\/wp\/v2\/posts\/12750\/revisions"}],"predecessor-version":[{"id":12751,"href":"https:\/\/informatepy.com\/2021\/wp-json\/wp\/v2\/posts\/12750\/revisions\/12751"}],"wp:featuredmedia":[{"embeddable":true,"href":"https:\/\/informatepy.com\/2021\/wp-json\/wp\/v2\/media\/5932"}],"wp:attachment":[{"href":"https:\/\/informatepy.com\/2021\/wp-json\/wp\/v2\/media?parent=12750"}],"wp:term":[{"taxonomy":"category","embeddable":true,"href":"https:\/\/informatepy.com\/2021\/wp-json\/wp\/v2\/categories?post=12750"},{"taxonomy":"post_tag","embeddable":true,"href":"https:\/\/informatepy.com\/2021\/wp-json\/wp\/v2\/tags?post=12750"},{"taxonomy":"author","embeddable":true,"href":"https:\/\/informatepy.com\/2021\/wp-json\/wp\/v2\/ppma_author?post=12750"}],"curies":[{"name":"wp","href":"https:\/\/api.w.org\/{rel}","templated":true}]}}