{"id":1265,"date":"2019-06-12T20:19:00","date_gmt":"2019-06-12T20:19:00","guid":{"rendered":"http:\/\/informatepy.com\/2021\/?p=1265"},"modified":"2021-02-08T23:51:58","modified_gmt":"2021-02-08T23:51:58","slug":"jovenes-colorados-afinan-detalles-para-la-historica-eleccion-de-autoridades","status":"publish","type":"post","link":"https:\/\/informatepy.com\/2021\/2019\/06\/12\/jovenes-colorados-afinan-detalles-para-la-historica-eleccion-de-autoridades\/","title":{"rendered":"J\u00f3venes Colorados afinan detalles para la hist\u00f3rica elecci\u00f3n de autoridades"},"content":{"rendered":"\n<p>Se acerca la fecha de los comicios\ninternos en la Juventud del Partido Colorado, y los j\u00f3venes afinan detalles de\nla misma dando muestras, a los viejos dirigentes, de civilidad.<\/p>\n\n\n\n<p>Si bien existen varios candidatos\npor cada uno de los movimientos, los que m\u00e1s se destacan son Juan Carlos\nBalmori, de Honor Colorado y por Colorado A\u00f1etet\u00e9 pugnan Edgard Iba\u00f1ez, Jos\u00e9\nMolinas y Marcelo Centuri\u00f3n, quien parecer\u00eda ser el candidato con m\u00e1s chances\ndentro de ese movimiento.<\/p>\n\n\n\n<p><strong><em>\u201cLos\nj\u00f3venes hemos demostrado sobradamente que estamos en capacidad de conducir los\ndestinos de nuestro espacio\u201d<\/em><\/strong>,\nmanifest\u00f3 Juan Carlos Balmori; y agreg\u00f3: <strong><em>\u201cDebemos motivar a los j\u00f3venes del partido a\nque se sumen a las filas de la juventud, sabemos que tenemos la capacidad y la\nvoluntad para cambiar las cosas y devolverle a nuestro partido el brillo\nhist\u00f3rico que siempre tuvo\u201d.<\/em><\/strong><\/p>\n","protected":false},"excerpt":{"rendered":"<p>Se acerca la fecha de los comicios internos en la Juventud del Partido Colorado, y los j\u00f3venes afinan detalles de la misma dando muestras, a los viejos dirigentes, de civilidad. Si bien existen varios candidatos por cada uno de los movimientos, los que m\u00e1s se destacan son Juan Carlos Balmori, de Honor Colorado y por [&hellip;]<\/p>\n","protected":false},"author":1,"featured_media":934,"comment_status":"open","ping_status":"open","sticky":false,"template":"","format":"standard","meta":{"_monsterinsights_skip_tracking":false,"_monsterinsights_sitenote_active":false,"_monsterinsights_sitenote_note":"","_monsterinsights_sitenote_category":0,"footnotes":"","jetpack_publicize_message":"","jetpack_is_tweetstorm":false,"jetpack_publicize_feature_enabled":true},"categories":[177],"tags":[267,422,423],"ppma_author":[1039],"class_list":["post-1265","post","type-post","status-publish","format-standard","has-post-thumbnail","hentry","category-nacionales","tag-anr","tag-juventud-colorada","tag-partido-colorado"],"jetpack_publicize_connections":[],"yoast_head":"<!-- This site is optimized with the Yoast SEO plugin v27.5 - https:\/\/yoast.com\/product\/yoast-seo-wordpress\/ -->\n<title>J\u00f3venes Colorados afinan detalles para la hist\u00f3rica elecci\u00f3n de autoridades - Informatepy<\/title>\n<meta name=\"robots\" content=\"index, follow, max-snippet:-1, max-image-preview:large, max-video-preview:-1\" \/>\n<link rel=\"canonical\" href=\"https:\/\/informatepy.com\/2021\/2019\/06\/12\/jovenes-colorados-afinan-detalles-para-la-historica-eleccion-de-autoridades\/\" \/>\n<meta property=\"og:locale\" content=\"es_ES\" \/>\n<meta property=\"og:type\" content=\"article\" \/>\n<meta property=\"og:title\" content=\"J\u00f3venes Colorados afinan detalles para la hist\u00f3rica elecci\u00f3n de autoridades - Informatepy\" \/>\n<meta property=\"og:description\" content=\"Se acerca la fecha de los comicios internos en la Juventud del Partido Colorado, y los j\u00f3venes afinan detalles de la misma dando muestras, a los viejos dirigentes, de civilidad. Si bien existen varios candidatos por cada uno de los movimientos, los que m\u00e1s se destacan son Juan Carlos Balmori, de Honor Colorado y por [&hellip;]\" \/>\n<meta property=\"og:url\" content=\"https:\/\/informatepy.com\/2021\/2019\/06\/12\/jovenes-colorados-afinan-detalles-para-la-historica-eleccion-de-autoridades\/\" \/>\n<meta property=\"og:site_name\" content=\"Informatepy\" \/>\n<meta property=\"article:published_time\" content=\"2019-06-12T20:19:00+00:00\" \/>\n<meta property=\"article:modified_time\" content=\"2021-02-08T23:51:58+00:00\" \/>\n<meta property=\"og:image\" content=\"https:\/\/i2.wp.com\/informatepy.com\/2021\/wp-content\/uploads\/2021\/03\/edificio-anr.jpg?fit=1200%2C731&ssl=1\" \/>\n\t<meta property=\"og:image:width\" content=\"1200\" \/>\n\t<meta property=\"og:image:height\" content=\"731\" \/>\n\t<meta property=\"og:image:type\" content=\"image\/jpeg\" \/>\n<meta name=\"author\" content=\"admin\" \/>\n<meta name=\"twitter:card\" content=\"summary_large_image\" \/>\n<meta name=\"twitter:label1\" content=\"Escrito por\" \/>\n\t<meta name=\"twitter:data1\" content=\"admin\" \/>\n\t<meta name=\"twitter:label2\" content=\"Tiempo de lectura\" \/>\n\t<meta name=\"twitter:data2\" content=\"1 minuto\" \/>\n<script type=\"application\/ld+json\" class=\"yoast-schema-graph\">{\"@context\":\"https:\\\/\\\/schema.org\",\"@graph\":[{\"@type\":\"Article\",\"@id\":\"https:\\\/\\\/informatepy.com\\\/2021\\\/2019\\\/06\\\/12\\\/jovenes-colorados-afinan-detalles-para-la-historica-eleccion-de-autoridades\\\/#article\",\"isPartOf\":{\"@id\":\"https:\\\/\\\/informatepy.com\\\/2021\\\/2019\\\/06\\\/12\\\/jovenes-colorados-afinan-detalles-para-la-historica-eleccion-de-autoridades\\\/\"},\"author\":{\"name\":\"admin\",\"@id\":\"https:\\\/\\\/informatepy.com\\\/2021\\\/#\\\/schema\\\/person\\\/edd302c981d6ba4596191719d1025a8a\"},\"headline\":\"J\u00f3venes Colorados afinan detalles para la hist\u00f3rica elecci\u00f3n de autoridades\",\"datePublished\":\"2019-06-12T20:19:00+00:00\",\"dateModified\":\"2021-02-08T23:51:58+00:00\",\"mainEntityOfPage\":{\"@id\":\"https:\\\/\\\/informatepy.com\\\/2021\\\/2019\\\/06\\\/12\\\/jovenes-colorados-afinan-detalles-para-la-historica-eleccion-de-autoridades\\\/\"},\"wordCount\":162,\"commentCount\":0,\"publisher\":{\"@id\":\"https:\\\/\\\/informatepy.com\\\/2021\\\/#\\\/schema\\\/person\\\/edd302c981d6ba4596191719d1025a8a\"},\"image\":{\"@id\":\"https:\\\/\\\/informatepy.com\\\/2021\\\/2019\\\/06\\\/12\\\/jovenes-colorados-afinan-detalles-para-la-historica-eleccion-de-autoridades\\\/#primaryimage\"},\"thumbnailUrl\":\"https:\\\/\\\/i0.wp.com\\\/informatepy.com\\\/2021\\\/wp-content\\\/uploads\\\/2021\\\/03\\\/edificio-anr.jpg?fit=1200%2C731&ssl=1\",\"keywords\":[\"anr\",\"juventud colorada\",\"partido colorado\"],\"articleSection\":[\"Nacionales\"],\"inLanguage\":\"es\",\"potentialAction\":[{\"@type\":\"CommentAction\",\"name\":\"Comment\",\"target\":[\"https:\\\/\\\/informatepy.com\\\/2021\\\/2019\\\/06\\\/12\\\/jovenes-colorados-afinan-detalles-para-la-historica-eleccion-de-autoridades\\\/#respond\"]}]},{\"@type\":\"WebPage\",\"@id\":\"https:\\\/\\\/informatepy.com\\\/2021\\\/2019\\\/06\\\/12\\\/jovenes-colorados-afinan-detalles-para-la-historica-eleccion-de-autoridades\\\/\",\"url\":\"https:\\\/\\\/informatepy.com\\\/2021\\\/2019\\\/06\\\/12\\\/jovenes-colorados-afinan-detalles-para-la-historica-eleccion-de-autoridades\\\/\",\"name\":\"J\u00f3venes Colorados afinan detalles para la hist\u00f3rica elecci\u00f3n de autoridades - Informatepy\",\"isPartOf\":{\"@id\":\"https:\\\/\\\/informatepy.com\\\/2021\\\/#website\"},\"primaryImageOfPage\":{\"@id\":\"https:\\\/\\\/informatepy.com\\\/2021\\\/2019\\\/06\\\/12\\\/jovenes-colorados-afinan-detalles-para-la-historica-eleccion-de-autoridades\\\/#primaryimage\"},\"image\":{\"@id\":\"https:\\\/\\\/informatepy.com\\\/2021\\\/2019\\\/06\\\/12\\\/jovenes-colorados-afinan-detalles-para-la-historica-eleccion-de-autoridades\\\/#primaryimage\"},\"thumbnailUrl\":\"https:\\\/\\\/i0.wp.com\\\/informatepy.com\\\/2021\\\/wp-content\\\/uploads\\\/2021\\\/03\\\/edificio-anr.jpg?fit=1200%2C731&ssl=1\",\"datePublished\":\"2019-06-12T20:19:00+00:00\",\"dateModified\":\"2021-02-08T23:51:58+00:00\",\"breadcrumb\":{\"@id\":\"https:\\\/\\\/informatepy.com\\\/2021\\\/2019\\\/06\\\/12\\\/jovenes-colorados-afinan-detalles-para-la-historica-eleccion-de-autoridades\\\/#breadcrumb\"},\"inLanguage\":\"es\",\"potentialAction\":[{\"@type\":\"ReadAction\",\"target\":[\"https:\\\/\\\/informatepy.com\\\/2021\\\/2019\\\/06\\\/12\\\/jovenes-colorados-afinan-detalles-para-la-historica-eleccion-de-autoridades\\\/\"]}]},{\"@type\":\"ImageObject\",\"inLanguage\":\"es\",\"@id\":\"https:\\\/\\\/informatepy.com\\\/2021\\\/2019\\\/06\\\/12\\\/jovenes-colorados-afinan-detalles-para-la-historica-eleccion-de-autoridades\\\/#primaryimage\",\"url\":\"https:\\\/\\\/i0.wp.com\\\/informatepy.com\\\/2021\\\/wp-content\\\/uploads\\\/2021\\\/03\\\/edificio-anr.jpg?fit=1200%2C731&ssl=1\",\"contentUrl\":\"https:\\\/\\\/i0.wp.com\\\/informatepy.com\\\/2021\\\/wp-content\\\/uploads\\\/2021\\\/03\\\/edificio-anr.jpg?fit=1200%2C731&ssl=1\",\"width\":1200,\"height\":731},{\"@type\":\"BreadcrumbList\",\"@id\":\"https:\\\/\\\/informatepy.com\\\/2021\\\/2019\\\/06\\\/12\\\/jovenes-colorados-afinan-detalles-para-la-historica-eleccion-de-autoridades\\\/#breadcrumb\",\"itemListElement\":[{\"@type\":\"ListItem\",\"position\":1,\"name\":\"Portada\",\"item\":\"https:\\\/\\\/informatepy.com\\\/2021\\\/\"},{\"@type\":\"ListItem\",\"position\":2,\"name\":\"J\u00f3venes Colorados afinan detalles para la hist\u00f3rica elecci\u00f3n de autoridades\"}]},{\"@type\":\"WebSite\",\"@id\":\"https:\\\/\\\/informatepy.com\\\/2021\\\/#website\",\"url\":\"https:\\\/\\\/informatepy.com\\\/2021\\\/\",\"name\":\"Informatepy\",\"description\":\"La verdad, siempre!\",\"publisher\":{\"@id\":\"https:\\\/\\\/informatepy.com\\\/2021\\\/#\\\/schema\\\/person\\\/edd302c981d6ba4596191719d1025a8a\"},\"potentialAction\":[{\"@type\":\"SearchAction\",\"target\":{\"@type\":\"EntryPoint\",\"urlTemplate\":\"https:\\\/\\\/informatepy.com\\\/2021\\\/?s={search_term_string}\"},\"query-input\":{\"@type\":\"PropertyValueSpecification\",\"valueRequired\":true,\"valueName\":\"search_term_string\"}}],\"inLanguage\":\"es\"},{\"@type\":[\"Person\",\"Organization\"],\"@id\":\"https:\\\/\\\/informatepy.com\\\/2021\\\/#\\\/schema\\\/person\\\/edd302c981d6ba4596191719d1025a8a\",\"name\":\"admin\",\"image\":{\"@type\":\"ImageObject\",\"inLanguage\":\"es\",\"@id\":\"https:\\\/\\\/secure.gravatar.com\\\/avatar\\\/5310f602b6cbcfb86e030c4ccdbb78f6565a3b9bab6a74ab80fd3cb5428b65af?s=96&d=mm&r=g\",\"url\":\"https:\\\/\\\/secure.gravatar.com\\\/avatar\\\/5310f602b6cbcfb86e030c4ccdbb78f6565a3b9bab6a74ab80fd3cb5428b65af?s=96&d=mm&r=g\",\"contentUrl\":\"https:\\\/\\\/secure.gravatar.com\\\/avatar\\\/5310f602b6cbcfb86e030c4ccdbb78f6565a3b9bab6a74ab80fd3cb5428b65af?s=96&d=mm&r=g\",\"caption\":\"admin\"},\"logo\":{\"@id\":\"https:\\\/\\\/secure.gravatar.com\\\/avatar\\\/5310f602b6cbcfb86e030c4ccdbb78f6565a3b9bab6a74ab80fd3cb5428b65af?s=96&d=mm&r=g\"},\"sameAs\":[\"http:\\\/\\\/informatepy.com\\\/2021\"],\"url\":\"https:\\\/\\\/informatepy.com\\\/2021\\\/author\\\/admin\\\/\"}]}<\/script>\n<!-- \/ Yoast SEO plugin. -->","yoast_head_json":{"title":"J\u00f3venes Colorados afinan detalles para la hist\u00f3rica elecci\u00f3n de autoridades - Informatepy","robots":{"index":"index","follow":"follow","max-snippet":"max-snippet:-1","max-image-preview":"max-image-preview:large","max-video-preview":"max-video-preview:-1"},"canonical":"https:\/\/informatepy.com\/2021\/2019\/06\/12\/jovenes-colorados-afinan-detalles-para-la-historica-eleccion-de-autoridades\/","og_locale":"es_ES","og_type":"article","og_title":"J\u00f3venes Colorados afinan detalles para la hist\u00f3rica elecci\u00f3n de autoridades - Informatepy","og_description":"Se acerca la fecha de los comicios internos en la Juventud del Partido Colorado, y los j\u00f3venes afinan detalles de la misma dando muestras, a los viejos dirigentes, de civilidad. Si bien existen varios candidatos por cada uno de los movimientos, los que m\u00e1s se destacan son Juan Carlos Balmori, de Honor Colorado y por [&hellip;]","og_url":"https:\/\/informatepy.com\/2021\/2019\/06\/12\/jovenes-colorados-afinan-detalles-para-la-historica-eleccion-de-autoridades\/","og_site_name":"Informatepy","article_published_time":"2019-06-12T20:19:00+00:00","article_modified_time":"2021-02-08T23:51:58+00:00","og_image":[{"width":1200,"height":731,"url":"https:\/\/i2.wp.com\/informatepy.com\/2021\/wp-content\/uploads\/2021\/03\/edificio-anr.jpg?fit=1200%2C731&ssl=1","type":"image\/jpeg"}],"author":"admin","twitter_card":"summary_large_image","twitter_misc":{"Escrito por":"admin","Tiempo de lectura":"1 minuto"},"schema":{"@context":"https:\/\/schema.org","@graph":[{"@type":"Article","@id":"https:\/\/informatepy.com\/2021\/2019\/06\/12\/jovenes-colorados-afinan-detalles-para-la-historica-eleccion-de-autoridades\/#article","isPartOf":{"@id":"https:\/\/informatepy.com\/2021\/2019\/06\/12\/jovenes-colorados-afinan-detalles-para-la-historica-eleccion-de-autoridades\/"},"author":{"name":"admin","@id":"https:\/\/informatepy.com\/2021\/#\/schema\/person\/edd302c981d6ba4596191719d1025a8a"},"headline":"J\u00f3venes Colorados afinan detalles para la hist\u00f3rica elecci\u00f3n de autoridades","datePublished":"2019-06-12T20:19:00+00:00","dateModified":"2021-02-08T23:51:58+00:00","mainEntityOfPage":{"@id":"https:\/\/informatepy.com\/2021\/2019\/06\/12\/jovenes-colorados-afinan-detalles-para-la-historica-eleccion-de-autoridades\/"},"wordCount":162,"commentCount":0,"publisher":{"@id":"https:\/\/informatepy.com\/2021\/#\/schema\/person\/edd302c981d6ba4596191719d1025a8a"},"image":{"@id":"https:\/\/informatepy.com\/2021\/2019\/06\/12\/jovenes-colorados-afinan-detalles-para-la-historica-eleccion-de-autoridades\/#primaryimage"},"thumbnailUrl":"https:\/\/i0.wp.com\/informatepy.com\/2021\/wp-content\/uploads\/2021\/03\/edificio-anr.jpg?fit=1200%2C731&ssl=1","keywords":["anr","juventud colorada","partido colorado"],"articleSection":["Nacionales"],"inLanguage":"es","potentialAction":[{"@type":"CommentAction","name":"Comment","target":["https:\/\/informatepy.com\/2021\/2019\/06\/12\/jovenes-colorados-afinan-detalles-para-la-historica-eleccion-de-autoridades\/#respond"]}]},{"@type":"WebPage","@id":"https:\/\/informatepy.com\/2021\/2019\/06\/12\/jovenes-colorados-afinan-detalles-para-la-historica-eleccion-de-autoridades\/","url":"https:\/\/informatepy.com\/2021\/2019\/06\/12\/jovenes-colorados-afinan-detalles-para-la-historica-eleccion-de-autoridades\/","name":"J\u00f3venes Colorados afinan detalles para la hist\u00f3rica elecci\u00f3n de autoridades - Informatepy","isPartOf":{"@id":"https:\/\/informatepy.com\/2021\/#website"},"primaryImageOfPage":{"@id":"https:\/\/informatepy.com\/2021\/2019\/06\/12\/jovenes-colorados-afinan-detalles-para-la-historica-eleccion-de-autoridades\/#primaryimage"},"image":{"@id":"https:\/\/informatepy.com\/2021\/2019\/06\/12\/jovenes-colorados-afinan-detalles-para-la-historica-eleccion-de-autoridades\/#primaryimage"},"thumbnailUrl":"https:\/\/i0.wp.com\/informatepy.com\/2021\/wp-content\/uploads\/2021\/03\/edificio-anr.jpg?fit=1200%2C731&ssl=1","datePublished":"2019-06-12T20:19:00+00:00","dateModified":"2021-02-08T23:51:58+00:00","breadcrumb":{"@id":"https:\/\/informatepy.com\/2021\/2019\/06\/12\/jovenes-colorados-afinan-detalles-para-la-historica-eleccion-de-autoridades\/#breadcrumb"},"inLanguage":"es","potentialAction":[{"@type":"ReadAction","target":["https:\/\/informatepy.com\/2021\/2019\/06\/12\/jovenes-colorados-afinan-detalles-para-la-historica-eleccion-de-autoridades\/"]}]},{"@type":"ImageObject","inLanguage":"es","@id":"https:\/\/informatepy.com\/2021\/2019\/06\/12\/jovenes-colorados-afinan-detalles-para-la-historica-eleccion-de-autoridades\/#primaryimage","url":"https:\/\/i0.wp.com\/informatepy.com\/2021\/wp-content\/uploads\/2021\/03\/edificio-anr.jpg?fit=1200%2C731&ssl=1","contentUrl":"https:\/\/i0.wp.com\/informatepy.com\/2021\/wp-content\/uploads\/2021\/03\/edificio-anr.jpg?fit=1200%2C731&ssl=1","width":1200,"height":731},{"@type":"BreadcrumbList","@id":"https:\/\/informatepy.com\/2021\/2019\/06\/12\/jovenes-colorados-afinan-detalles-para-la-historica-eleccion-de-autoridades\/#breadcrumb","itemListElement":[{"@type":"ListItem","position":1,"name":"Portada","item":"https:\/\/informatepy.com\/2021\/"},{"@type":"ListItem","position":2,"name":"J\u00f3venes Colorados afinan detalles para la hist\u00f3rica elecci\u00f3n de autoridades"}]},{"@type":"WebSite","@id":"https:\/\/informatepy.com\/2021\/#website","url":"https:\/\/informatepy.com\/2021\/","name":"Informatepy","description":"La verdad, siempre!","publisher":{"@id":"https:\/\/informatepy.com\/2021\/#\/schema\/person\/edd302c981d6ba4596191719d1025a8a"},"potentialAction":[{"@type":"SearchAction","target":{"@type":"EntryPoint","urlTemplate":"https:\/\/informatepy.com\/2021\/?s={search_term_string}"},"query-input":{"@type":"PropertyValueSpecification","valueRequired":true,"valueName":"search_term_string"}}],"inLanguage":"es"},{"@type":["Person","Organization"],"@id":"https:\/\/informatepy.com\/2021\/#\/schema\/person\/edd302c981d6ba4596191719d1025a8a","name":"admin","image":{"@type":"ImageObject","inLanguage":"es","@id":"https:\/\/secure.gravatar.com\/avatar\/5310f602b6cbcfb86e030c4ccdbb78f6565a3b9bab6a74ab80fd3cb5428b65af?s=96&d=mm&r=g","url":"https:\/\/secure.gravatar.com\/avatar\/5310f602b6cbcfb86e030c4ccdbb78f6565a3b9bab6a74ab80fd3cb5428b65af?s=96&d=mm&r=g","contentUrl":"https:\/\/secure.gravatar.com\/avatar\/5310f602b6cbcfb86e030c4ccdbb78f6565a3b9bab6a74ab80fd3cb5428b65af?s=96&d=mm&r=g","caption":"admin"},"logo":{"@id":"https:\/\/secure.gravatar.com\/avatar\/5310f602b6cbcfb86e030c4ccdbb78f6565a3b9bab6a74ab80fd3cb5428b65af?s=96&d=mm&r=g"},"sameAs":["http:\/\/informatepy.com\/2021"],"url":"https:\/\/informatepy.com\/2021\/author\/admin\/"}]}},"jetpack_featured_media_url":"https:\/\/i0.wp.com\/informatepy.com\/2021\/wp-content\/uploads\/2021\/03\/edificio-anr.jpg?fit=1200%2C731&ssl=1","jetpack_sharing_enabled":true,"jetpack_likes_enabled":true,"jetpack-related-posts":[{"id":1320,"url":"https:\/\/informatepy.com\/2021\/2019\/07\/09\/recta-final-en-las-elecciones-de-la-juventud-de-la-anr\/","url_meta":{"origin":1265,"position":0},"title":"Recta final en las elecciones de la Juventud de la ANR","date":"9 de julio de 2019","format":false,"excerpt":"Las elecciones de la juventud de la ANR est\u00e1n llegando a la etapa de definici\u00f3n, en donde se deber\u00e1n inscribir las listas de candidatos. Contra todos los pron\u00f3sticos, los j\u00f3venes cerraron la etapa autorizada para sumar nuevos afiliados al partido, con una convocatoria de casi 60.000 nuevos afiliados al Partido\u2026","rel":"","context":"En \u00abNacionales\u00bb","img":{"alt_text":"","src":"https:\/\/i0.wp.com\/informatepy.com\/2021\/wp-content\/uploads\/2021\/07\/balmori-kike-cabrera-scaled.jpg?fit=1200%2C600&ssl=1&resize=350%2C200","width":350,"height":200},"classes":[]},{"id":725,"url":"https:\/\/informatepy.com\/2021\/2019\/02\/25\/jovenes-colorados-buscan-impulsar-internas-en-la-juventud\/","url_meta":{"origin":1265,"position":1},"title":"J\u00f3venes colorados buscan impulsar internas en la Juventud","date":"25 de febrero de 2019","format":false,"excerpt":"Bajo la consigna \u201cEl Partido Necesita una Renovaci\u00f3n con Elecciones Juveniles y de las Damas Coloradas\u201d, se realiz\u00f3 este s\u00e1bado una plenaria de J\u00f3venes y Damas auto convocados en el local de la ANR con la intenci\u00f3n de hacer respetar sus derechos como afiliados e instar a las autoridades para\u2026","rel":"","context":"En \u00abNacionales\u00bb","img":{"alt_text":"","src":"https:\/\/i0.wp.com\/informatepy.com\/2021\/wp-content\/uploads\/2021\/02\/plenario-juventud-colorada.jpg?fit=864%2C648&ssl=1&resize=350%2C200","width":350,"height":200},"classes":[]},{"id":1472,"url":"https:\/\/informatepy.com\/2021\/2019\/09\/03\/la-juventud-de-anetete-en-busca-de-la-unidad\/","url_meta":{"origin":1265,"position":2},"title":"La juventud de A\u00f1etet\u00e9 en busca de la unidad","date":"3 de septiembre de 2019","format":false,"excerpt":"De cara a las pr\u00f3ximas elecciones internas de la Comisi\u00f3n Central de la juventud del Partido Colorado, los j\u00f3venes del Movimiento A\u00f1etet\u00e9 organizaron un reuni\u00f3n con todos los pre candidatos; de esa reuni\u00f3n, se estima que saldr\u00e1 un candidato de consenso. Entre los dirigentes de la juventud que participar\u00e1n de\u2026","rel":"","context":"En \u00abNacionales\u00bb","img":{"alt_text":"","src":"https:\/\/i0.wp.com\/informatepy.com\/2021\/wp-content\/uploads\/2021\/09\/balmori-centurion.jpg?fit=768%2C960&ssl=1&resize=350%2C200","width":350,"height":200},"classes":[]},{"id":970,"url":"https:\/\/informatepy.com\/2021\/2019\/03\/28\/la-juventud-colorada-a-internas-despues-de-18-largos-anos\/","url_meta":{"origin":1265,"position":3},"title":"La juventud colorada a internas despu\u00e9s de 18 largos a\u00f1os","date":"28 de marzo de 2019","format":false,"excerpt":"Luego de mucho insistir por parte de los j\u00f3venes y la rama femenina y despu\u00e9s de 18 largos a\u00f1os, en la Asociaci\u00f3n Nacional Republicana, se llevar\u00e1n adelante las elecciones internas para estos dos sectores internos, de acuerdo a lo informado por el presidente de la ANR, Pedro Alliana. El diputado\u2026","rel":"","context":"En \u00abNacionales\u00bb","img":{"alt_text":"","src":"https:\/\/i0.wp.com\/informatepy.com\/2021\/wp-content\/uploads\/2021\/03\/ANR.jpg?fit=1072%2C715&ssl=1&resize=350%2C200","width":350,"height":200},"classes":[]},{"id":1232,"url":"https:\/\/informatepy.com\/2021\/2019\/06\/02\/se-definieron-las-listas-en-la-juventud-colorada\/","url_meta":{"origin":1265,"position":4},"title":"Se definieron las listas en la Juventud Colorada","date":"2 de junio de 2019","format":false,"excerpt":"Luego de largos 17 a\u00f1os de espera, finalmente la Juventud Colorada va a elecciones internas. En el d\u00eda de ayer venc\u00eda el plazo establecido para la inscripci\u00f3n de las listas, un total de 16 movi\u00admientos fueron ins\u00adcriptos en el Tri\u00adbunal Electoral Partidario (TEP) de la Asociaci\u00f3n Nacio\u00adnal Republicana (ANR) para\u2026","rel":"","context":"En \u00abNacionales\u00bb","img":{"alt_text":"","src":"https:\/\/i0.wp.com\/informatepy.com\/2021\/wp-content\/uploads\/2021\/03\/edificio-anr.jpg?fit=1200%2C731&ssl=1&resize=350%2C200","width":350,"height":200},"classes":[]},{"id":1487,"url":"https:\/\/informatepy.com\/2021\/2019\/09\/08\/se-ensucia-la-interna-de-la-juventud-anetete\/","url_meta":{"origin":1265,"position":5},"title":"Se ensucia la interna de la Juventud A\u00f1etet\u00e9","date":"8 de septiembre de 2019","format":false,"excerpt":"D\u00edas atr\u00e1s, se llev\u00f3 a cabo una reuni\u00f3n donde la mayor\u00eda de los candidatos a presidir la junta de la Juventud del Partido Colorado por el Movimiento \u201cColorado A\u00f1etet\u00e9\u201d, decidieron por unanimidad apoyar la candidatura de Marcelo Centuri\u00f3n. Entre los l\u00edderes juveniles que participaron de la misma se cuenta a\u2026","rel":"","context":"En \u00abNacionales\u00bb","img":{"alt_text":"","src":"https:\/\/i0.wp.com\/informatepy.com\/2021\/wp-content\/uploads\/2021\/03\/edificio-anr.jpg?fit=1200%2C731&ssl=1&resize=350%2C200","width":350,"height":200},"classes":[]}],"authors":[{"term_id":1039,"user_id":1,"is_guest":0,"slug":"admin","display_name":"admin","avatar_url":"https:\/\/secure.gravatar.com\/avatar\/5310f602b6cbcfb86e030c4ccdbb78f6565a3b9bab6a74ab80fd3cb5428b65af?s=96&d=mm&r=g","first_name":"","last_name":"","user_url":"http:\/\/informatepy.com\/2021","description":""}],"amp_enabled":true,"_links":{"self":[{"href":"https:\/\/informatepy.com\/2021\/wp-json\/wp\/v2\/posts\/1265","targetHints":{"allow":["GET"]}}],"collection":[{"href":"https:\/\/informatepy.com\/2021\/wp-json\/wp\/v2\/posts"}],"about":[{"href":"https:\/\/informatepy.com\/2021\/wp-json\/wp\/v2\/types\/post"}],"author":[{"embeddable":true,"href":"https:\/\/informatepy.com\/2021\/wp-json\/wp\/v2\/users\/1"}],"replies":[{"embeddable":true,"href":"https:\/\/informatepy.com\/2021\/wp-json\/wp\/v2\/comments?post=1265"}],"version-history":[{"count":1,"href":"https:\/\/informatepy.com\/2021\/wp-json\/wp\/v2\/posts\/1265\/revisions"}],"predecessor-version":[{"id":2907,"href":"https:\/\/informatepy.com\/2021\/wp-json\/wp\/v2\/posts\/1265\/revisions\/2907"}],"wp:featuredmedia":[{"embeddable":true,"href":"https:\/\/informatepy.com\/2021\/wp-json\/wp\/v2\/media\/934"}],"wp:attachment":[{"href":"https:\/\/informatepy.com\/2021\/wp-json\/wp\/v2\/media?parent=1265"}],"wp:term":[{"taxonomy":"category","embeddable":true,"href":"https:\/\/informatepy.com\/2021\/wp-json\/wp\/v2\/categories?post=1265"},{"taxonomy":"post_tag","embeddable":true,"href":"https:\/\/informatepy.com\/2021\/wp-json\/wp\/v2\/tags?post=1265"},{"taxonomy":"author","embeddable":true,"href":"https:\/\/informatepy.com\/2021\/wp-json\/wp\/v2\/ppma_author?post=1265"}],"curies":[{"name":"wp","href":"https:\/\/api.w.org\/{rel}","templated":true}]}}