{"id":12562,"date":"2022-07-06T16:13:50","date_gmt":"2022-07-06T19:13:50","guid":{"rendered":"https:\/\/informatepy.com\/2021\/?p=12562"},"modified":"2022-07-06T16:14:15","modified_gmt":"2022-07-06T19:14:15","slug":"procuraduria-favorece-al-apoderado-de-hugo-velazquez-en-detrimento-del-ministerio-publico","status":"publish","type":"post","link":"https:\/\/informatepy.com\/2021\/2022\/07\/06\/procuraduria-favorece-al-apoderado-de-hugo-velazquez-en-detrimento-del-ministerio-publico\/","title":{"rendered":"Procuradur\u00eda favorece al apoderado de Hugo Vel\u00e1zquez en detrimento del Ministerio P\u00fablico"},"content":{"rendered":"\n<p class=\"has-text-align-justify\">El ex Procurador General de la Republica,&nbsp;<strong>Sergio Coscia,<\/strong>&nbsp;fue beneficiado con una solicitud del Ministerio Publico de&nbsp;<strong>\u00absobreseimiento provisional\u00bb,&nbsp;<\/strong>teniendo en cuenta que la fiscal de la causa no recibi\u00f3 el informe de pericia inform\u00e1tica desde la computadora en el cual se envi\u00f3 el dictamen que avalo la reducci\u00f3n de canon por parte de la Conajzar a las concesionarias de juegos de azar.<\/p>\n\n\n\n<p class=\"has-text-align-justify\">Cabe mencionar, que el aludido dictamen ha tomado conocimiento p\u00fablico, considerando que fue el motivo por el cual el apoderado de Hugo Vel\u00e1zquez, Sergio Coscia, fuera imputado.<\/p>\n\n\n\n<p class=\"has-text-align-justify\">De igual forma, hace unas semanas la Procuradur\u00eda General de la Republica, ya con el nuevo Procurador, Rodolfo Andr\u00e9s Barrios, dictamino que la resoluci\u00f3n N\u00ba 34\/2020 de la Conajzar fue emitida de manera legal, cuya resoluci\u00f3n del ente reglador fue calificada de ilegal por la Contralor\u00eda, SENAC y de la OPACI.<\/p>\n\n\n\n<p class=\"has-text-align-justify\">En la mencionada resoluci\u00f3n de la Conajzar, se legalizo el uso y explotaci\u00f3n de las maquinas tragamonedas en locales que no sean juegos de azar y que se encuentran en cercan\u00eda de ni\u00f1os, ni\u00f1as y adolescentes.<\/p>\n\n\n\n<h6 class=\"wp-block-heading\" style=\"font-style:normal;font-weight:300\">Con informaci\u00f3n de Impacto Pol\u00edtico<\/h6>\n","protected":false},"excerpt":{"rendered":"<p>El ex Procurador General de la Republica,&nbsp;Sergio Coscia,&nbsp;fue beneficiado con una solicitud del Ministerio Publico de&nbsp;\u00absobreseimiento provisional\u00bb,&nbsp;teniendo en cuenta que la fiscal de la causa no recibi\u00f3 el informe de pericia inform\u00e1tica desde la computadora en el cual se envi\u00f3 el dictamen que avalo la reducci\u00f3n de canon por parte de la Conajzar a las [&hellip;]<\/p>\n","protected":false},"author":4,"featured_media":12563,"comment_status":"open","ping_status":"open","sticky":false,"template":"","format":"standard","meta":{"_monsterinsights_skip_tracking":false,"_monsterinsights_sitenote_active":false,"_monsterinsights_sitenote_note":"","_monsterinsights_sitenote_category":0,"footnotes":"","jetpack_publicize_message":"","jetpack_is_tweetstorm":false,"jetpack_publicize_feature_enabled":true},"categories":[177],"tags":[1861,1036,665,1862],"ppma_author":[1051],"class_list":["post-12562","post","type-post","status-publish","format-standard","has-post-thumbnail","hentry","category-nacionales","tag-conajzar","tag-destacada","tag-hugo-velazquez","tag-sergio-coscia"],"jetpack_publicize_connections":[],"yoast_head":"<!-- This site is optimized with the Yoast SEO plugin v27.5 - https:\/\/yoast.com\/product\/yoast-seo-wordpress\/ -->\n<title>Procuradur\u00eda favorece al apoderado de Hugo Vel\u00e1zquez en detrimento del Ministerio P\u00fablico - Informatepy<\/title>\n<meta name=\"robots\" content=\"index, follow, max-snippet:-1, max-image-preview:large, max-video-preview:-1\" \/>\n<link rel=\"canonical\" href=\"https:\/\/informatepy.com\/2021\/2022\/07\/06\/procuraduria-favorece-al-apoderado-de-hugo-velazquez-en-detrimento-del-ministerio-publico\/\" \/>\n<meta property=\"og:locale\" content=\"es_ES\" \/>\n<meta property=\"og:type\" content=\"article\" \/>\n<meta property=\"og:title\" content=\"Procuradur\u00eda favorece al apoderado de Hugo Vel\u00e1zquez en detrimento del Ministerio P\u00fablico - Informatepy\" \/>\n<meta property=\"og:description\" content=\"El ex Procurador General de la Republica,&nbsp;Sergio Coscia,&nbsp;fue beneficiado con una solicitud del Ministerio Publico de&nbsp;\u00absobreseimiento provisional\u00bb,&nbsp;teniendo en cuenta que la fiscal de la causa no recibi\u00f3 el informe de pericia inform\u00e1tica desde la computadora en el cual se envi\u00f3 el dictamen que avalo la reducci\u00f3n de canon por parte de la Conajzar a las [&hellip;]\" \/>\n<meta property=\"og:url\" content=\"https:\/\/informatepy.com\/2021\/2022\/07\/06\/procuraduria-favorece-al-apoderado-de-hugo-velazquez-en-detrimento-del-ministerio-publico\/\" \/>\n<meta property=\"og:site_name\" content=\"Informatepy\" \/>\n<meta property=\"article:author\" content=\"https:\/\/www.facebook.com\/InformatePyCom\" \/>\n<meta property=\"article:published_time\" content=\"2022-07-06T19:13:50+00:00\" \/>\n<meta property=\"article:modified_time\" content=\"2022-07-06T19:14:15+00:00\" \/>\n<meta property=\"og:image\" content=\"https:\/\/informatepy.com\/2021\/wp-content\/uploads\/2022\/07\/Sergio-Coscia.jpg\" \/>\n\t<meta property=\"og:image:width\" content=\"1000\" \/>\n\t<meta property=\"og:image:height\" content=\"600\" \/>\n\t<meta property=\"og:image:type\" content=\"image\/jpeg\" \/>\n<meta name=\"author\" content=\"Redacci\u00f3n\" \/>\n<meta name=\"twitter:card\" content=\"summary_large_image\" \/>\n<meta name=\"twitter:creator\" content=\"@https:\/\/twitter.com\/InformatePy1\" \/>\n<meta name=\"twitter:label1\" content=\"Escrito por\" \/>\n\t<meta name=\"twitter:data1\" content=\"Redacci\u00f3n\" \/>\n\t<meta name=\"twitter:label2\" content=\"Tiempo de lectura\" \/>\n\t<meta name=\"twitter:data2\" content=\"1 minuto\" \/>\n<script type=\"application\/ld+json\" class=\"yoast-schema-graph\">{\"@context\":\"https:\\\/\\\/schema.org\",\"@graph\":[{\"@type\":\"Article\",\"@id\":\"https:\\\/\\\/informatepy.com\\\/2021\\\/2022\\\/07\\\/06\\\/procuraduria-favorece-al-apoderado-de-hugo-velazquez-en-detrimento-del-ministerio-publico\\\/#article\",\"isPartOf\":{\"@id\":\"https:\\\/\\\/informatepy.com\\\/2021\\\/2022\\\/07\\\/06\\\/procuraduria-favorece-al-apoderado-de-hugo-velazquez-en-detrimento-del-ministerio-publico\\\/\"},\"author\":{\"name\":\"Redacci\u00f3n\",\"@id\":\"https:\\\/\\\/informatepy.com\\\/2021\\\/#\\\/schema\\\/person\\\/0c842f525f84ea74ef3b44370d11757b\"},\"headline\":\"Procuradur\u00eda favorece al apoderado de Hugo Vel\u00e1zquez en detrimento del Ministerio P\u00fablico\",\"datePublished\":\"2022-07-06T19:13:50+00:00\",\"dateModified\":\"2022-07-06T19:14:15+00:00\",\"mainEntityOfPage\":{\"@id\":\"https:\\\/\\\/informatepy.com\\\/2021\\\/2022\\\/07\\\/06\\\/procuraduria-favorece-al-apoderado-de-hugo-velazquez-en-detrimento-del-ministerio-publico\\\/\"},\"wordCount\":217,\"commentCount\":0,\"publisher\":{\"@id\":\"https:\\\/\\\/informatepy.com\\\/2021\\\/#\\\/schema\\\/person\\\/edd302c981d6ba4596191719d1025a8a\"},\"image\":{\"@id\":\"https:\\\/\\\/informatepy.com\\\/2021\\\/2022\\\/07\\\/06\\\/procuraduria-favorece-al-apoderado-de-hugo-velazquez-en-detrimento-del-ministerio-publico\\\/#primaryimage\"},\"thumbnailUrl\":\"https:\\\/\\\/i0.wp.com\\\/informatepy.com\\\/2021\\\/wp-content\\\/uploads\\\/2022\\\/07\\\/Sergio-Coscia.jpg?fit=1000%2C600&ssl=1\",\"keywords\":[\"conajzar\",\"destacada\",\"hugo velazquez\",\"Sergio Coscia\"],\"articleSection\":[\"Nacionales\"],\"inLanguage\":\"es\",\"potentialAction\":[{\"@type\":\"CommentAction\",\"name\":\"Comment\",\"target\":[\"https:\\\/\\\/informatepy.com\\\/2021\\\/2022\\\/07\\\/06\\\/procuraduria-favorece-al-apoderado-de-hugo-velazquez-en-detrimento-del-ministerio-publico\\\/#respond\"]}]},{\"@type\":\"WebPage\",\"@id\":\"https:\\\/\\\/informatepy.com\\\/2021\\\/2022\\\/07\\\/06\\\/procuraduria-favorece-al-apoderado-de-hugo-velazquez-en-detrimento-del-ministerio-publico\\\/\",\"url\":\"https:\\\/\\\/informatepy.com\\\/2021\\\/2022\\\/07\\\/06\\\/procuraduria-favorece-al-apoderado-de-hugo-velazquez-en-detrimento-del-ministerio-publico\\\/\",\"name\":\"Procuradur\u00eda favorece al apoderado de Hugo Vel\u00e1zquez en detrimento del Ministerio P\u00fablico - Informatepy\",\"isPartOf\":{\"@id\":\"https:\\\/\\\/informatepy.com\\\/2021\\\/#website\"},\"primaryImageOfPage\":{\"@id\":\"https:\\\/\\\/informatepy.com\\\/2021\\\/2022\\\/07\\\/06\\\/procuraduria-favorece-al-apoderado-de-hugo-velazquez-en-detrimento-del-ministerio-publico\\\/#primaryimage\"},\"image\":{\"@id\":\"https:\\\/\\\/informatepy.com\\\/2021\\\/2022\\\/07\\\/06\\\/procuraduria-favorece-al-apoderado-de-hugo-velazquez-en-detrimento-del-ministerio-publico\\\/#primaryimage\"},\"thumbnailUrl\":\"https:\\\/\\\/i0.wp.com\\\/informatepy.com\\\/2021\\\/wp-content\\\/uploads\\\/2022\\\/07\\\/Sergio-Coscia.jpg?fit=1000%2C600&ssl=1\",\"datePublished\":\"2022-07-06T19:13:50+00:00\",\"dateModified\":\"2022-07-06T19:14:15+00:00\",\"breadcrumb\":{\"@id\":\"https:\\\/\\\/informatepy.com\\\/2021\\\/2022\\\/07\\\/06\\\/procuraduria-favorece-al-apoderado-de-hugo-velazquez-en-detrimento-del-ministerio-publico\\\/#breadcrumb\"},\"inLanguage\":\"es\",\"potentialAction\":[{\"@type\":\"ReadAction\",\"target\":[\"https:\\\/\\\/informatepy.com\\\/2021\\\/2022\\\/07\\\/06\\\/procuraduria-favorece-al-apoderado-de-hugo-velazquez-en-detrimento-del-ministerio-publico\\\/\"]}]},{\"@type\":\"ImageObject\",\"inLanguage\":\"es\",\"@id\":\"https:\\\/\\\/informatepy.com\\\/2021\\\/2022\\\/07\\\/06\\\/procuraduria-favorece-al-apoderado-de-hugo-velazquez-en-detrimento-del-ministerio-publico\\\/#primaryimage\",\"url\":\"https:\\\/\\\/i0.wp.com\\\/informatepy.com\\\/2021\\\/wp-content\\\/uploads\\\/2022\\\/07\\\/Sergio-Coscia.jpg?fit=1000%2C600&ssl=1\",\"contentUrl\":\"https:\\\/\\\/i0.wp.com\\\/informatepy.com\\\/2021\\\/wp-content\\\/uploads\\\/2022\\\/07\\\/Sergio-Coscia.jpg?fit=1000%2C600&ssl=1\",\"width\":1000,\"height\":600},{\"@type\":\"BreadcrumbList\",\"@id\":\"https:\\\/\\\/informatepy.com\\\/2021\\\/2022\\\/07\\\/06\\\/procuraduria-favorece-al-apoderado-de-hugo-velazquez-en-detrimento-del-ministerio-publico\\\/#breadcrumb\",\"itemListElement\":[{\"@type\":\"ListItem\",\"position\":1,\"name\":\"Portada\",\"item\":\"https:\\\/\\\/informatepy.com\\\/2021\\\/\"},{\"@type\":\"ListItem\",\"position\":2,\"name\":\"Procuradur\u00eda favorece al apoderado de Hugo Vel\u00e1zquez en detrimento del Ministerio P\u00fablico\"}]},{\"@type\":\"WebSite\",\"@id\":\"https:\\\/\\\/informatepy.com\\\/2021\\\/#website\",\"url\":\"https:\\\/\\\/informatepy.com\\\/2021\\\/\",\"name\":\"Informatepy\",\"description\":\"La verdad, siempre!\",\"publisher\":{\"@id\":\"https:\\\/\\\/informatepy.com\\\/2021\\\/#\\\/schema\\\/person\\\/edd302c981d6ba4596191719d1025a8a\"},\"potentialAction\":[{\"@type\":\"SearchAction\",\"target\":{\"@type\":\"EntryPoint\",\"urlTemplate\":\"https:\\\/\\\/informatepy.com\\\/2021\\\/?s={search_term_string}\"},\"query-input\":{\"@type\":\"PropertyValueSpecification\",\"valueRequired\":true,\"valueName\":\"search_term_string\"}}],\"inLanguage\":\"es\"},{\"@type\":[\"Person\",\"Organization\"],\"@id\":\"https:\\\/\\\/informatepy.com\\\/2021\\\/#\\\/schema\\\/person\\\/edd302c981d6ba4596191719d1025a8a\",\"name\":\"admin\",\"image\":{\"@type\":\"ImageObject\",\"inLanguage\":\"es\",\"@id\":\"https:\\\/\\\/secure.gravatar.com\\\/avatar\\\/5310f602b6cbcfb86e030c4ccdbb78f6565a3b9bab6a74ab80fd3cb5428b65af?s=96&d=mm&r=g\",\"url\":\"https:\\\/\\\/secure.gravatar.com\\\/avatar\\\/5310f602b6cbcfb86e030c4ccdbb78f6565a3b9bab6a74ab80fd3cb5428b65af?s=96&d=mm&r=g\",\"contentUrl\":\"https:\\\/\\\/secure.gravatar.com\\\/avatar\\\/5310f602b6cbcfb86e030c4ccdbb78f6565a3b9bab6a74ab80fd3cb5428b65af?s=96&d=mm&r=g\",\"caption\":\"admin\"},\"logo\":{\"@id\":\"https:\\\/\\\/secure.gravatar.com\\\/avatar\\\/5310f602b6cbcfb86e030c4ccdbb78f6565a3b9bab6a74ab80fd3cb5428b65af?s=96&d=mm&r=g\"},\"sameAs\":[\"http:\\\/\\\/informatepy.com\\\/2021\"]},{\"@type\":\"Person\",\"@id\":\"https:\\\/\\\/informatepy.com\\\/2021\\\/#\\\/schema\\\/person\\\/0c842f525f84ea74ef3b44370d11757b\",\"name\":\"Redacci\u00f3n\",\"image\":{\"@type\":\"ImageObject\",\"inLanguage\":\"es\",\"@id\":\"https:\\\/\\\/i0.wp.com\\\/informatepy.com\\\/2021\\\/wp-content\\\/uploads\\\/2021\\\/02\\\/informate-circulo.png?fit=96%2C96&ssl=1\",\"url\":\"https:\\\/\\\/i0.wp.com\\\/informatepy.com\\\/2021\\\/wp-content\\\/uploads\\\/2021\\\/02\\\/informate-circulo.png?fit=96%2C96&ssl=1\",\"contentUrl\":\"https:\\\/\\\/i0.wp.com\\\/informatepy.com\\\/2021\\\/wp-content\\\/uploads\\\/2021\\\/02\\\/informate-circulo.png?fit=96%2C96&ssl=1\",\"caption\":\"Redacci\u00f3n\"},\"sameAs\":[\"https:\\\/\\\/www.facebook.com\\\/InformatePyCom\",\"https:\\\/\\\/x.com\\\/https:\\\/\\\/twitter.com\\\/InformatePy1\"],\"url\":\"https:\\\/\\\/informatepy.com\\\/2021\\\/author\\\/redaccion\\\/\"}]}<\/script>\n<!-- \/ Yoast SEO plugin. -->","yoast_head_json":{"title":"Procuradur\u00eda favorece al apoderado de Hugo Vel\u00e1zquez en detrimento del Ministerio P\u00fablico - Informatepy","robots":{"index":"index","follow":"follow","max-snippet":"max-snippet:-1","max-image-preview":"max-image-preview:large","max-video-preview":"max-video-preview:-1"},"canonical":"https:\/\/informatepy.com\/2021\/2022\/07\/06\/procuraduria-favorece-al-apoderado-de-hugo-velazquez-en-detrimento-del-ministerio-publico\/","og_locale":"es_ES","og_type":"article","og_title":"Procuradur\u00eda favorece al apoderado de Hugo Vel\u00e1zquez en detrimento del Ministerio P\u00fablico - Informatepy","og_description":"El ex Procurador General de la Republica,&nbsp;Sergio Coscia,&nbsp;fue beneficiado con una solicitud del Ministerio Publico de&nbsp;\u00absobreseimiento provisional\u00bb,&nbsp;teniendo en cuenta que la fiscal de la causa no recibi\u00f3 el informe de pericia inform\u00e1tica desde la computadora en el cual se envi\u00f3 el dictamen que avalo la reducci\u00f3n de canon por parte de la Conajzar a las [&hellip;]","og_url":"https:\/\/informatepy.com\/2021\/2022\/07\/06\/procuraduria-favorece-al-apoderado-de-hugo-velazquez-en-detrimento-del-ministerio-publico\/","og_site_name":"Informatepy","article_author":"https:\/\/www.facebook.com\/InformatePyCom","article_published_time":"2022-07-06T19:13:50+00:00","article_modified_time":"2022-07-06T19:14:15+00:00","og_image":[{"width":1000,"height":600,"url":"https:\/\/informatepy.com\/2021\/wp-content\/uploads\/2022\/07\/Sergio-Coscia.jpg","type":"image\/jpeg"}],"author":"Redacci\u00f3n","twitter_card":"summary_large_image","twitter_creator":"@https:\/\/twitter.com\/InformatePy1","twitter_misc":{"Escrito por":"Redacci\u00f3n","Tiempo de lectura":"1 minuto"},"schema":{"@context":"https:\/\/schema.org","@graph":[{"@type":"Article","@id":"https:\/\/informatepy.com\/2021\/2022\/07\/06\/procuraduria-favorece-al-apoderado-de-hugo-velazquez-en-detrimento-del-ministerio-publico\/#article","isPartOf":{"@id":"https:\/\/informatepy.com\/2021\/2022\/07\/06\/procuraduria-favorece-al-apoderado-de-hugo-velazquez-en-detrimento-del-ministerio-publico\/"},"author":{"name":"Redacci\u00f3n","@id":"https:\/\/informatepy.com\/2021\/#\/schema\/person\/0c842f525f84ea74ef3b44370d11757b"},"headline":"Procuradur\u00eda favorece al apoderado de Hugo Vel\u00e1zquez en detrimento del Ministerio P\u00fablico","datePublished":"2022-07-06T19:13:50+00:00","dateModified":"2022-07-06T19:14:15+00:00","mainEntityOfPage":{"@id":"https:\/\/informatepy.com\/2021\/2022\/07\/06\/procuraduria-favorece-al-apoderado-de-hugo-velazquez-en-detrimento-del-ministerio-publico\/"},"wordCount":217,"commentCount":0,"publisher":{"@id":"https:\/\/informatepy.com\/2021\/#\/schema\/person\/edd302c981d6ba4596191719d1025a8a"},"image":{"@id":"https:\/\/informatepy.com\/2021\/2022\/07\/06\/procuraduria-favorece-al-apoderado-de-hugo-velazquez-en-detrimento-del-ministerio-publico\/#primaryimage"},"thumbnailUrl":"https:\/\/i0.wp.com\/informatepy.com\/2021\/wp-content\/uploads\/2022\/07\/Sergio-Coscia.jpg?fit=1000%2C600&ssl=1","keywords":["conajzar","destacada","hugo velazquez","Sergio Coscia"],"articleSection":["Nacionales"],"inLanguage":"es","potentialAction":[{"@type":"CommentAction","name":"Comment","target":["https:\/\/informatepy.com\/2021\/2022\/07\/06\/procuraduria-favorece-al-apoderado-de-hugo-velazquez-en-detrimento-del-ministerio-publico\/#respond"]}]},{"@type":"WebPage","@id":"https:\/\/informatepy.com\/2021\/2022\/07\/06\/procuraduria-favorece-al-apoderado-de-hugo-velazquez-en-detrimento-del-ministerio-publico\/","url":"https:\/\/informatepy.com\/2021\/2022\/07\/06\/procuraduria-favorece-al-apoderado-de-hugo-velazquez-en-detrimento-del-ministerio-publico\/","name":"Procuradur\u00eda favorece al apoderado de Hugo Vel\u00e1zquez en detrimento del Ministerio P\u00fablico - Informatepy","isPartOf":{"@id":"https:\/\/informatepy.com\/2021\/#website"},"primaryImageOfPage":{"@id":"https:\/\/informatepy.com\/2021\/2022\/07\/06\/procuraduria-favorece-al-apoderado-de-hugo-velazquez-en-detrimento-del-ministerio-publico\/#primaryimage"},"image":{"@id":"https:\/\/informatepy.com\/2021\/2022\/07\/06\/procuraduria-favorece-al-apoderado-de-hugo-velazquez-en-detrimento-del-ministerio-publico\/#primaryimage"},"thumbnailUrl":"https:\/\/i0.wp.com\/informatepy.com\/2021\/wp-content\/uploads\/2022\/07\/Sergio-Coscia.jpg?fit=1000%2C600&ssl=1","datePublished":"2022-07-06T19:13:50+00:00","dateModified":"2022-07-06T19:14:15+00:00","breadcrumb":{"@id":"https:\/\/informatepy.com\/2021\/2022\/07\/06\/procuraduria-favorece-al-apoderado-de-hugo-velazquez-en-detrimento-del-ministerio-publico\/#breadcrumb"},"inLanguage":"es","potentialAction":[{"@type":"ReadAction","target":["https:\/\/informatepy.com\/2021\/2022\/07\/06\/procuraduria-favorece-al-apoderado-de-hugo-velazquez-en-detrimento-del-ministerio-publico\/"]}]},{"@type":"ImageObject","inLanguage":"es","@id":"https:\/\/informatepy.com\/2021\/2022\/07\/06\/procuraduria-favorece-al-apoderado-de-hugo-velazquez-en-detrimento-del-ministerio-publico\/#primaryimage","url":"https:\/\/i0.wp.com\/informatepy.com\/2021\/wp-content\/uploads\/2022\/07\/Sergio-Coscia.jpg?fit=1000%2C600&ssl=1","contentUrl":"https:\/\/i0.wp.com\/informatepy.com\/2021\/wp-content\/uploads\/2022\/07\/Sergio-Coscia.jpg?fit=1000%2C600&ssl=1","width":1000,"height":600},{"@type":"BreadcrumbList","@id":"https:\/\/informatepy.com\/2021\/2022\/07\/06\/procuraduria-favorece-al-apoderado-de-hugo-velazquez-en-detrimento-del-ministerio-publico\/#breadcrumb","itemListElement":[{"@type":"ListItem","position":1,"name":"Portada","item":"https:\/\/informatepy.com\/2021\/"},{"@type":"ListItem","position":2,"name":"Procuradur\u00eda favorece al apoderado de Hugo Vel\u00e1zquez en detrimento del Ministerio P\u00fablico"}]},{"@type":"WebSite","@id":"https:\/\/informatepy.com\/2021\/#website","url":"https:\/\/informatepy.com\/2021\/","name":"Informatepy","description":"La verdad, siempre!","publisher":{"@id":"https:\/\/informatepy.com\/2021\/#\/schema\/person\/edd302c981d6ba4596191719d1025a8a"},"potentialAction":[{"@type":"SearchAction","target":{"@type":"EntryPoint","urlTemplate":"https:\/\/informatepy.com\/2021\/?s={search_term_string}"},"query-input":{"@type":"PropertyValueSpecification","valueRequired":true,"valueName":"search_term_string"}}],"inLanguage":"es"},{"@type":["Person","Organization"],"@id":"https:\/\/informatepy.com\/2021\/#\/schema\/person\/edd302c981d6ba4596191719d1025a8a","name":"admin","image":{"@type":"ImageObject","inLanguage":"es","@id":"https:\/\/secure.gravatar.com\/avatar\/5310f602b6cbcfb86e030c4ccdbb78f6565a3b9bab6a74ab80fd3cb5428b65af?s=96&d=mm&r=g","url":"https:\/\/secure.gravatar.com\/avatar\/5310f602b6cbcfb86e030c4ccdbb78f6565a3b9bab6a74ab80fd3cb5428b65af?s=96&d=mm&r=g","contentUrl":"https:\/\/secure.gravatar.com\/avatar\/5310f602b6cbcfb86e030c4ccdbb78f6565a3b9bab6a74ab80fd3cb5428b65af?s=96&d=mm&r=g","caption":"admin"},"logo":{"@id":"https:\/\/secure.gravatar.com\/avatar\/5310f602b6cbcfb86e030c4ccdbb78f6565a3b9bab6a74ab80fd3cb5428b65af?s=96&d=mm&r=g"},"sameAs":["http:\/\/informatepy.com\/2021"]},{"@type":"Person","@id":"https:\/\/informatepy.com\/2021\/#\/schema\/person\/0c842f525f84ea74ef3b44370d11757b","name":"Redacci\u00f3n","image":{"@type":"ImageObject","inLanguage":"es","@id":"https:\/\/i0.wp.com\/informatepy.com\/2021\/wp-content\/uploads\/2021\/02\/informate-circulo.png?fit=96%2C96&ssl=1","url":"https:\/\/i0.wp.com\/informatepy.com\/2021\/wp-content\/uploads\/2021\/02\/informate-circulo.png?fit=96%2C96&ssl=1","contentUrl":"https:\/\/i0.wp.com\/informatepy.com\/2021\/wp-content\/uploads\/2021\/02\/informate-circulo.png?fit=96%2C96&ssl=1","caption":"Redacci\u00f3n"},"sameAs":["https:\/\/www.facebook.com\/InformatePyCom","https:\/\/x.com\/https:\/\/twitter.com\/InformatePy1"],"url":"https:\/\/informatepy.com\/2021\/author\/redaccion\/"}]}},"jetpack_featured_media_url":"https:\/\/i0.wp.com\/informatepy.com\/2021\/wp-content\/uploads\/2022\/07\/Sergio-Coscia.jpg?fit=1000%2C600&ssl=1","jetpack_sharing_enabled":true,"jetpack_likes_enabled":true,"jetpack-related-posts":[{"id":13587,"url":"https:\/\/informatepy.com\/2021\/2022\/08\/25\/fiscalia-concede-un-nuevo-permiso-a-la-esposa-de-hugo-velazquez\/","url_meta":{"origin":12562,"position":0},"title":"Fiscal\u00eda concede un nuevo permiso a la esposa de Hugo Vel\u00e1zquez","date":"25 de agosto de 2022","format":false,"excerpt":"La fiscal general del Estado Sandra Qui\u00f1\u00f3nez otorg\u00f3 un nuevo permiso a la fiscal adjunta Lourdes Samaniego, esposa del vicepresidente de la Rep\u00fablica, Hugo Vel\u00e1zquez. La licencia, \u201cpor razones particulares y sin goce de sueldo\u201d, va desde el 30 de agosto hasta el 20 de octubre. El primer permiso concedido\u2026","rel":"","context":"En \u00abNacionales\u00bb","img":{"alt_text":"","src":"https:\/\/i0.wp.com\/informatepy.com\/2021\/wp-content\/uploads\/2022\/05\/velazquez-esposa.jpg?fit=1024%2C683&ssl=1&resize=350%2C200","width":350,"height":200},"classes":[]},{"id":9669,"url":"https:\/\/informatepy.com\/2021\/2022\/01\/24\/hugo-velazquez-ariel-oviedo\/","url_meta":{"origin":12562,"position":1},"title":"\u00bfHugo Vel\u00e1zquez &#8211; Ariel Oviedo?","date":"24 de enero de 2022","format":false,"excerpt":"La periodista de la emisora 650 AM, Mirian Soil\u00e1n, public\u00f3 anoche en su cuenta de Twitter que Ariel Oviedo, hijo del extinto exgeneral Lino C\u00e9sar Oviedo y actual titular del Ministerio del Ambiente y Desarrollo Sostenible (MADES), ser\u00eda la dupla de Hugo Vel\u00e1zquez (Colorado A\u00f1etete) para pugnar en las internas\u2026","rel":"","context":"En \u00abNacionales\u00bb","img":{"alt_text":"","src":"https:\/\/i0.wp.com\/informatepy.com\/2021\/wp-content\/uploads\/2022\/01\/ariel-oviedo.jpg?fit=680%2C514&ssl=1&resize=350%2C200","width":350,"height":200},"classes":[]},{"id":7781,"url":"https:\/\/informatepy.com\/2021\/2021\/10\/17\/con-video-y-logo-incluido-hugo-velazquez-oficializa-su-campana-con-miras-al-2023\/","url_meta":{"origin":12562,"position":2},"title":"Con video y logo incluido, Hugo Vel\u00e1zquez oficializa su campa\u00f1a con miras al 2023","date":"17 de octubre de 2021","format":false,"excerpt":"A trav\u00e9s de un video publicado en su cuenta de Twitter, el vicepresidente Hugo Vel\u00e1zquez oficializ\u00f3 su campa\u00f1a presidencial con miras al 2023. Inclusive, ya ha elaborado un llamativo logo en el que hace alusi\u00f3n a su \u201cmarcante\u201d.","rel":"","context":"En \u00abNacionales\u00bb","img":{"alt_text":"","src":"https:\/\/i0.wp.com\/informatepy.com\/2021\/wp-content\/uploads\/2021\/10\/hugo_toro_velazquez_2023.jpg?fit=760%2C420&ssl=1&resize=350%2C200","width":350,"height":200},"classes":[]},{"id":11777,"url":"https:\/\/informatepy.com\/2021\/2022\/05\/24\/mintio-hugo-velazquez-sobre-la-renuncia-de-su-esposa\/","url_meta":{"origin":12562,"position":3},"title":"\u00bfMinti\u00f3 Hugo Vel\u00e1zquez sobre la renuncia de su esposa?","date":"24 de mayo de 2022","format":false,"excerpt":"En su cuenta de twitter, el actual Vice-Presidente de la Rep\u00fablica y pre-candidato presidencial por el Partido Colorado, comparti\u00f3 a sus seguidores la alegr\u00eda en un \u201cd\u00eda muy especial\u201d, porque su esposa, Lourdes Samaniego Gonz\u00e1lez, \u201cme acompa\u00f1a por primera vez en campa\u00f1a luego de haber presentado su renuncia al Ministerio\u2026","rel":"","context":"En \u00abNacionales\u00bb","img":{"alt_text":"","src":"https:\/\/i0.wp.com\/informatepy.com\/2021\/wp-content\/uploads\/2022\/05\/velazquez-esposa.jpg?fit=1024%2C683&ssl=1&resize=350%2C200","width":350,"height":200},"classes":[]},{"id":11347,"url":"https:\/\/informatepy.com\/2021\/2022\/04\/26\/hugo-velazquez-desafia-a-hc\/","url_meta":{"origin":12562,"position":4},"title":"Hugo Vel\u00e1zquez desaf\u00eda a HC","date":"26 de abril de 2022","format":false,"excerpt":"El pre candidato a la presidencia de la rep\u00fablica, Hugo Vel\u00e1zquez, retom\u00f3 sus reuniones pol\u00edticas en campa\u00f1a con miras al 2023 y se refiri\u00f3 a Horacio Cartes y los supuestos rumores que publican sus medios. \u201cParaguay no necesita de patrones, no necesita de gente que tenga que someter a las\u2026","rel":"","context":"En \u00abNacionales\u00bb","img":{"alt_text":"","src":"https:\/\/i0.wp.com\/informatepy.com\/2021\/wp-content\/uploads\/2021\/08\/hugo-velazquez-y-horacio-cartes.jpg?fit=1200%2C913&ssl=1&resize=350%2C200","width":350,"height":200},"classes":[]},{"id":10373,"url":"https:\/\/informatepy.com\/2021\/2022\/03\/01\/brunetti-renunciara-al-mec-para-acompanar-a-hugo-velazquez\/","url_meta":{"origin":12562,"position":5},"title":"Brunetti renunciar\u00e1 al MEC para acompa\u00f1ar a Hugo Vel\u00e1zquez","date":"1 de marzo de 2022","format":false,"excerpt":"El actual ministro de Educaci\u00f3n y precandidato a Vicepresidente de la Rep\u00fablica, Juan Manuel Brunetti, dijo que renunciar\u00e1 a la cartera de educaci\u00f3n \u201cuna vez que resuelva algunas cuestiones\u201d. Acerca de su sorpresiva postulaci\u00f3n, afirm\u00f3 que \u201ces hora de involucrarnos todos, es hora de rebelarnos para construir un mejor Paraguay.\u2026","rel":"","context":"En \u00abNacionales\u00bb","img":{"alt_text":"","src":"https:\/\/i0.wp.com\/informatepy.com\/2021\/wp-content\/uploads\/2021\/10\/Juan-Manuel-Brunetti.jpg?fit=679%2C395&ssl=1&resize=350%2C200","width":350,"height":200},"classes":[]}],"authors":[{"term_id":1051,"user_id":4,"is_guest":0,"slug":"redaccion","display_name":"Redacci\u00f3n","avatar_url":"https:\/\/i0.wp.com\/informatepy.com\/2021\/wp-content\/uploads\/2021\/02\/informate-circulo.png?fit=96%2C96&ssl=1","first_name":"Redacci\u00f3n","last_name":"","user_url":"","description":""}],"amp_enabled":true,"_links":{"self":[{"href":"https:\/\/informatepy.com\/2021\/wp-json\/wp\/v2\/posts\/12562","targetHints":{"allow":["GET"]}}],"collection":[{"href":"https:\/\/informatepy.com\/2021\/wp-json\/wp\/v2\/posts"}],"about":[{"href":"https:\/\/informatepy.com\/2021\/wp-json\/wp\/v2\/types\/post"}],"author":[{"embeddable":true,"href":"https:\/\/informatepy.com\/2021\/wp-json\/wp\/v2\/users\/4"}],"replies":[{"embeddable":true,"href":"https:\/\/informatepy.com\/2021\/wp-json\/wp\/v2\/comments?post=12562"}],"version-history":[{"count":2,"href":"https:\/\/informatepy.com\/2021\/wp-json\/wp\/v2\/posts\/12562\/revisions"}],"predecessor-version":[{"id":12565,"href":"https:\/\/informatepy.com\/2021\/wp-json\/wp\/v2\/posts\/12562\/revisions\/12565"}],"wp:featuredmedia":[{"embeddable":true,"href":"https:\/\/informatepy.com\/2021\/wp-json\/wp\/v2\/media\/12563"}],"wp:attachment":[{"href":"https:\/\/informatepy.com\/2021\/wp-json\/wp\/v2\/media?parent=12562"}],"wp:term":[{"taxonomy":"category","embeddable":true,"href":"https:\/\/informatepy.com\/2021\/wp-json\/wp\/v2\/categories?post=12562"},{"taxonomy":"post_tag","embeddable":true,"href":"https:\/\/informatepy.com\/2021\/wp-json\/wp\/v2\/tags?post=12562"},{"taxonomy":"author","embeddable":true,"href":"https:\/\/informatepy.com\/2021\/wp-json\/wp\/v2\/ppma_author?post=12562"}],"curies":[{"name":"wp","href":"https:\/\/api.w.org\/{rel}","templated":true}]}}