{"id":12555,"date":"2022-07-06T09:10:00","date_gmt":"2022-07-06T12:10:00","guid":{"rendered":"https:\/\/informatepy.com\/2021\/?p=12555"},"modified":"2022-07-05T21:46:04","modified_gmt":"2022-07-06T00:46:04","slug":"entre-gallos-y-medianoche-el-mec-y-sus-ongs-quisieron-aprobar-la-reforma-educativa","status":"publish","type":"post","link":"https:\/\/informatepy.com\/2021\/2022\/07\/06\/entre-gallos-y-medianoche-el-mec-y-sus-ongs-quisieron-aprobar-la-reforma-educativa\/","title":{"rendered":"Entre gallos y medianoche, el MEC y sus ONG\u00b4s quisieron aprobar la reforma educativa"},"content":{"rendered":"\n<p class=\"has-text-align-justify\">Ayer, el MEC reuni\u00f3 a funcionarios y a representantes de ONGs para la <strong><em>\u00faltima Fase de la Transformaci\u00f3n Educativa<\/em><\/strong>. <\/p>\n\n\n\n<p class=\"has-text-align-justify\">El \u00fanico representante de los padres, <strong>Miguel Ortigoza<\/strong>, el <strong>monse\u00f1or Narciso Velazquez<\/strong> y el <strong>pastor Micenas<\/strong> en representaci\u00f3n de la sociedad civil, presentaron una nota denunciando que el material de m\u00e1s de 100 p\u00e1ginas a ser Tratado en el Congreso, fue enviado un d\u00eda antes del evento, por lo que pidieron una pr\u00f3rroga para analizarlo y poder presentar una postura acorde a la importancia del tema debatido.<\/p>\n\n\n\n<p class=\"has-text-align-justify\">Asesorado por <strong>\u00abexpertos\u00bb <\/strong>del calibre de <strong>Elvio Segovia<\/strong> de la Consultora Instituto de Desarrollo y <strong>directivo del<\/strong> <strong>Partido Dem\u00f3crata Progresista<\/strong>, el Ministerio de Educaci\u00f3n intent\u00f3 una vez m\u00e1s, pasar por encima de los m\u00e1s interesados en la cuesti\u00f3n, los padres.<\/p>\n\n\n\n<p class=\"has-text-align-justify\">Es un tema muy importante para la sociedad en general y para las generaciones futuras en particular, como para que el ministerio lo trate con la liviandad con que lo hace; por suerte las asociaciones de padres, r\u00e1pidas de reflejos, evitaron la aprobaci\u00f3n de esta reforma basada en la famosa agenda 2030.<\/p>\n","protected":false},"excerpt":{"rendered":"<p>Ayer, el MEC reuni\u00f3 a funcionarios y a representantes de ONGs para la \u00faltima Fase de la Transformaci\u00f3n Educativa. El \u00fanico representante de los padres, Miguel Ortigoza, el monse\u00f1or Narciso Velazquez y el pastor Micenas en representaci\u00f3n de la sociedad civil, presentaron una nota denunciando que el material de m\u00e1s de 100 p\u00e1ginas a ser [&hellip;]<\/p>\n","protected":false},"author":4,"featured_media":12556,"comment_status":"open","ping_status":"open","sticky":false,"template":"","format":"standard","meta":{"_monsterinsights_skip_tracking":false,"_monsterinsights_sitenote_active":false,"_monsterinsights_sitenote_note":"","_monsterinsights_sitenote_category":0,"footnotes":"","jetpack_publicize_message":"","jetpack_is_tweetstorm":false,"jetpack_publicize_feature_enabled":true},"categories":[177],"tags":[1036,814,482],"ppma_author":[1051],"class_list":["post-12555","post","type-post","status-publish","format-standard","has-post-thumbnail","hentry","category-nacionales","tag-destacada","tag-mec","tag-ministerio-de-educacion"],"jetpack_publicize_connections":[],"yoast_head":"<!-- This site is optimized with the Yoast SEO plugin v27.5 - https:\/\/yoast.com\/product\/yoast-seo-wordpress\/ -->\n<title>Entre gallos y medianoche, el MEC y sus ONG\u00b4s quisieron aprobar la reforma educativa - Informatepy<\/title>\n<meta name=\"robots\" content=\"index, follow, max-snippet:-1, max-image-preview:large, max-video-preview:-1\" \/>\n<link rel=\"canonical\" href=\"https:\/\/informatepy.com\/2021\/2022\/07\/06\/entre-gallos-y-medianoche-el-mec-y-sus-ongs-quisieron-aprobar-la-reforma-educativa\/\" \/>\n<meta property=\"og:locale\" content=\"es_ES\" \/>\n<meta property=\"og:type\" content=\"article\" \/>\n<meta property=\"og:title\" content=\"Entre gallos y medianoche, el MEC y sus ONG\u00b4s quisieron aprobar la reforma educativa - Informatepy\" \/>\n<meta property=\"og:description\" content=\"Ayer, el MEC reuni\u00f3 a funcionarios y a representantes de ONGs para la \u00faltima Fase de la Transformaci\u00f3n Educativa. El \u00fanico representante de los padres, Miguel Ortigoza, el monse\u00f1or Narciso Velazquez y el pastor Micenas en representaci\u00f3n de la sociedad civil, presentaron una nota denunciando que el material de m\u00e1s de 100 p\u00e1ginas a ser [&hellip;]\" \/>\n<meta property=\"og:url\" content=\"https:\/\/informatepy.com\/2021\/2022\/07\/06\/entre-gallos-y-medianoche-el-mec-y-sus-ongs-quisieron-aprobar-la-reforma-educativa\/\" \/>\n<meta property=\"og:site_name\" content=\"Informatepy\" \/>\n<meta property=\"article:author\" content=\"https:\/\/www.facebook.com\/InformatePyCom\" \/>\n<meta property=\"article:published_time\" content=\"2022-07-06T12:10:00+00:00\" \/>\n<meta property=\"og:image\" content=\"https:\/\/i0.wp.com\/informatepy.com\/2021\/wp-content\/uploads\/2022\/07\/transfo-educativa.jpg?fit=1280%2C680&ssl=1\" \/>\n\t<meta property=\"og:image:width\" content=\"1280\" \/>\n\t<meta property=\"og:image:height\" content=\"680\" \/>\n\t<meta property=\"og:image:type\" content=\"image\/jpeg\" \/>\n<meta name=\"author\" content=\"Redacci\u00f3n\" \/>\n<meta name=\"twitter:card\" content=\"summary_large_image\" \/>\n<meta name=\"twitter:creator\" content=\"@https:\/\/twitter.com\/InformatePy1\" \/>\n<meta name=\"twitter:label1\" content=\"Escrito por\" \/>\n\t<meta name=\"twitter:data1\" content=\"Redacci\u00f3n\" \/>\n\t<meta name=\"twitter:label2\" content=\"Tiempo de lectura\" \/>\n\t<meta name=\"twitter:data2\" content=\"1 minuto\" \/>\n<script type=\"application\/ld+json\" class=\"yoast-schema-graph\">{\"@context\":\"https:\\\/\\\/schema.org\",\"@graph\":[{\"@type\":\"Article\",\"@id\":\"https:\\\/\\\/informatepy.com\\\/2021\\\/2022\\\/07\\\/06\\\/entre-gallos-y-medianoche-el-mec-y-sus-ongs-quisieron-aprobar-la-reforma-educativa\\\/#article\",\"isPartOf\":{\"@id\":\"https:\\\/\\\/informatepy.com\\\/2021\\\/2022\\\/07\\\/06\\\/entre-gallos-y-medianoche-el-mec-y-sus-ongs-quisieron-aprobar-la-reforma-educativa\\\/\"},\"author\":{\"name\":\"Redacci\u00f3n\",\"@id\":\"https:\\\/\\\/informatepy.com\\\/2021\\\/#\\\/schema\\\/person\\\/0c842f525f84ea74ef3b44370d11757b\"},\"headline\":\"Entre gallos y medianoche, el MEC y sus ONG\u00b4s quisieron aprobar la reforma educativa\",\"datePublished\":\"2022-07-06T12:10:00+00:00\",\"mainEntityOfPage\":{\"@id\":\"https:\\\/\\\/informatepy.com\\\/2021\\\/2022\\\/07\\\/06\\\/entre-gallos-y-medianoche-el-mec-y-sus-ongs-quisieron-aprobar-la-reforma-educativa\\\/\"},\"wordCount\":205,\"commentCount\":0,\"publisher\":{\"@id\":\"https:\\\/\\\/informatepy.com\\\/2021\\\/#\\\/schema\\\/person\\\/edd302c981d6ba4596191719d1025a8a\"},\"image\":{\"@id\":\"https:\\\/\\\/informatepy.com\\\/2021\\\/2022\\\/07\\\/06\\\/entre-gallos-y-medianoche-el-mec-y-sus-ongs-quisieron-aprobar-la-reforma-educativa\\\/#primaryimage\"},\"thumbnailUrl\":\"https:\\\/\\\/i0.wp.com\\\/informatepy.com\\\/2021\\\/wp-content\\\/uploads\\\/2022\\\/07\\\/transfo-educativa.jpg?fit=1280%2C680&ssl=1\",\"keywords\":[\"destacada\",\"mec\",\"ministerio de educaci\u00f3n\"],\"articleSection\":[\"Nacionales\"],\"inLanguage\":\"es\",\"potentialAction\":[{\"@type\":\"CommentAction\",\"name\":\"Comment\",\"target\":[\"https:\\\/\\\/informatepy.com\\\/2021\\\/2022\\\/07\\\/06\\\/entre-gallos-y-medianoche-el-mec-y-sus-ongs-quisieron-aprobar-la-reforma-educativa\\\/#respond\"]}]},{\"@type\":\"WebPage\",\"@id\":\"https:\\\/\\\/informatepy.com\\\/2021\\\/2022\\\/07\\\/06\\\/entre-gallos-y-medianoche-el-mec-y-sus-ongs-quisieron-aprobar-la-reforma-educativa\\\/\",\"url\":\"https:\\\/\\\/informatepy.com\\\/2021\\\/2022\\\/07\\\/06\\\/entre-gallos-y-medianoche-el-mec-y-sus-ongs-quisieron-aprobar-la-reforma-educativa\\\/\",\"name\":\"Entre gallos y medianoche, el MEC y sus ONG\u00b4s quisieron aprobar la reforma educativa - Informatepy\",\"isPartOf\":{\"@id\":\"https:\\\/\\\/informatepy.com\\\/2021\\\/#website\"},\"primaryImageOfPage\":{\"@id\":\"https:\\\/\\\/informatepy.com\\\/2021\\\/2022\\\/07\\\/06\\\/entre-gallos-y-medianoche-el-mec-y-sus-ongs-quisieron-aprobar-la-reforma-educativa\\\/#primaryimage\"},\"image\":{\"@id\":\"https:\\\/\\\/informatepy.com\\\/2021\\\/2022\\\/07\\\/06\\\/entre-gallos-y-medianoche-el-mec-y-sus-ongs-quisieron-aprobar-la-reforma-educativa\\\/#primaryimage\"},\"thumbnailUrl\":\"https:\\\/\\\/i0.wp.com\\\/informatepy.com\\\/2021\\\/wp-content\\\/uploads\\\/2022\\\/07\\\/transfo-educativa.jpg?fit=1280%2C680&ssl=1\",\"datePublished\":\"2022-07-06T12:10:00+00:00\",\"breadcrumb\":{\"@id\":\"https:\\\/\\\/informatepy.com\\\/2021\\\/2022\\\/07\\\/06\\\/entre-gallos-y-medianoche-el-mec-y-sus-ongs-quisieron-aprobar-la-reforma-educativa\\\/#breadcrumb\"},\"inLanguage\":\"es\",\"potentialAction\":[{\"@type\":\"ReadAction\",\"target\":[\"https:\\\/\\\/informatepy.com\\\/2021\\\/2022\\\/07\\\/06\\\/entre-gallos-y-medianoche-el-mec-y-sus-ongs-quisieron-aprobar-la-reforma-educativa\\\/\"]}]},{\"@type\":\"ImageObject\",\"inLanguage\":\"es\",\"@id\":\"https:\\\/\\\/informatepy.com\\\/2021\\\/2022\\\/07\\\/06\\\/entre-gallos-y-medianoche-el-mec-y-sus-ongs-quisieron-aprobar-la-reforma-educativa\\\/#primaryimage\",\"url\":\"https:\\\/\\\/i0.wp.com\\\/informatepy.com\\\/2021\\\/wp-content\\\/uploads\\\/2022\\\/07\\\/transfo-educativa.jpg?fit=1280%2C680&ssl=1\",\"contentUrl\":\"https:\\\/\\\/i0.wp.com\\\/informatepy.com\\\/2021\\\/wp-content\\\/uploads\\\/2022\\\/07\\\/transfo-educativa.jpg?fit=1280%2C680&ssl=1\",\"width\":1280,\"height\":680},{\"@type\":\"BreadcrumbList\",\"@id\":\"https:\\\/\\\/informatepy.com\\\/2021\\\/2022\\\/07\\\/06\\\/entre-gallos-y-medianoche-el-mec-y-sus-ongs-quisieron-aprobar-la-reforma-educativa\\\/#breadcrumb\",\"itemListElement\":[{\"@type\":\"ListItem\",\"position\":1,\"name\":\"Portada\",\"item\":\"https:\\\/\\\/informatepy.com\\\/2021\\\/\"},{\"@type\":\"ListItem\",\"position\":2,\"name\":\"Entre gallos y medianoche, el MEC y sus ONG\u00b4s quisieron aprobar la reforma educativa\"}]},{\"@type\":\"WebSite\",\"@id\":\"https:\\\/\\\/informatepy.com\\\/2021\\\/#website\",\"url\":\"https:\\\/\\\/informatepy.com\\\/2021\\\/\",\"name\":\"Informatepy\",\"description\":\"La verdad, siempre!\",\"publisher\":{\"@id\":\"https:\\\/\\\/informatepy.com\\\/2021\\\/#\\\/schema\\\/person\\\/edd302c981d6ba4596191719d1025a8a\"},\"potentialAction\":[{\"@type\":\"SearchAction\",\"target\":{\"@type\":\"EntryPoint\",\"urlTemplate\":\"https:\\\/\\\/informatepy.com\\\/2021\\\/?s={search_term_string}\"},\"query-input\":{\"@type\":\"PropertyValueSpecification\",\"valueRequired\":true,\"valueName\":\"search_term_string\"}}],\"inLanguage\":\"es\"},{\"@type\":[\"Person\",\"Organization\"],\"@id\":\"https:\\\/\\\/informatepy.com\\\/2021\\\/#\\\/schema\\\/person\\\/edd302c981d6ba4596191719d1025a8a\",\"name\":\"admin\",\"image\":{\"@type\":\"ImageObject\",\"inLanguage\":\"es\",\"@id\":\"https:\\\/\\\/secure.gravatar.com\\\/avatar\\\/5310f602b6cbcfb86e030c4ccdbb78f6565a3b9bab6a74ab80fd3cb5428b65af?s=96&d=mm&r=g\",\"url\":\"https:\\\/\\\/secure.gravatar.com\\\/avatar\\\/5310f602b6cbcfb86e030c4ccdbb78f6565a3b9bab6a74ab80fd3cb5428b65af?s=96&d=mm&r=g\",\"contentUrl\":\"https:\\\/\\\/secure.gravatar.com\\\/avatar\\\/5310f602b6cbcfb86e030c4ccdbb78f6565a3b9bab6a74ab80fd3cb5428b65af?s=96&d=mm&r=g\",\"caption\":\"admin\"},\"logo\":{\"@id\":\"https:\\\/\\\/secure.gravatar.com\\\/avatar\\\/5310f602b6cbcfb86e030c4ccdbb78f6565a3b9bab6a74ab80fd3cb5428b65af?s=96&d=mm&r=g\"},\"sameAs\":[\"http:\\\/\\\/informatepy.com\\\/2021\"]},{\"@type\":\"Person\",\"@id\":\"https:\\\/\\\/informatepy.com\\\/2021\\\/#\\\/schema\\\/person\\\/0c842f525f84ea74ef3b44370d11757b\",\"name\":\"Redacci\u00f3n\",\"image\":{\"@type\":\"ImageObject\",\"inLanguage\":\"es\",\"@id\":\"https:\\\/\\\/i0.wp.com\\\/informatepy.com\\\/2021\\\/wp-content\\\/uploads\\\/2021\\\/02\\\/informate-circulo.png?fit=96%2C96&ssl=1\",\"url\":\"https:\\\/\\\/i0.wp.com\\\/informatepy.com\\\/2021\\\/wp-content\\\/uploads\\\/2021\\\/02\\\/informate-circulo.png?fit=96%2C96&ssl=1\",\"contentUrl\":\"https:\\\/\\\/i0.wp.com\\\/informatepy.com\\\/2021\\\/wp-content\\\/uploads\\\/2021\\\/02\\\/informate-circulo.png?fit=96%2C96&ssl=1\",\"caption\":\"Redacci\u00f3n\"},\"sameAs\":[\"https:\\\/\\\/www.facebook.com\\\/InformatePyCom\",\"https:\\\/\\\/x.com\\\/https:\\\/\\\/twitter.com\\\/InformatePy1\"],\"url\":\"https:\\\/\\\/informatepy.com\\\/2021\\\/author\\\/redaccion\\\/\"}]}<\/script>\n<!-- \/ Yoast SEO plugin. -->","yoast_head_json":{"title":"Entre gallos y medianoche, el MEC y sus ONG\u00b4s quisieron aprobar la reforma educativa - Informatepy","robots":{"index":"index","follow":"follow","max-snippet":"max-snippet:-1","max-image-preview":"max-image-preview:large","max-video-preview":"max-video-preview:-1"},"canonical":"https:\/\/informatepy.com\/2021\/2022\/07\/06\/entre-gallos-y-medianoche-el-mec-y-sus-ongs-quisieron-aprobar-la-reforma-educativa\/","og_locale":"es_ES","og_type":"article","og_title":"Entre gallos y medianoche, el MEC y sus ONG\u00b4s quisieron aprobar la reforma educativa - Informatepy","og_description":"Ayer, el MEC reuni\u00f3 a funcionarios y a representantes de ONGs para la \u00faltima Fase de la Transformaci\u00f3n Educativa. El \u00fanico representante de los padres, Miguel Ortigoza, el monse\u00f1or Narciso Velazquez y el pastor Micenas en representaci\u00f3n de la sociedad civil, presentaron una nota denunciando que el material de m\u00e1s de 100 p\u00e1ginas a ser [&hellip;]","og_url":"https:\/\/informatepy.com\/2021\/2022\/07\/06\/entre-gallos-y-medianoche-el-mec-y-sus-ongs-quisieron-aprobar-la-reforma-educativa\/","og_site_name":"Informatepy","article_author":"https:\/\/www.facebook.com\/InformatePyCom","article_published_time":"2022-07-06T12:10:00+00:00","og_image":[{"width":1280,"height":680,"url":"https:\/\/i0.wp.com\/informatepy.com\/2021\/wp-content\/uploads\/2022\/07\/transfo-educativa.jpg?fit=1280%2C680&ssl=1","type":"image\/jpeg"}],"author":"Redacci\u00f3n","twitter_card":"summary_large_image","twitter_creator":"@https:\/\/twitter.com\/InformatePy1","twitter_misc":{"Escrito por":"Redacci\u00f3n","Tiempo de lectura":"1 minuto"},"schema":{"@context":"https:\/\/schema.org","@graph":[{"@type":"Article","@id":"https:\/\/informatepy.com\/2021\/2022\/07\/06\/entre-gallos-y-medianoche-el-mec-y-sus-ongs-quisieron-aprobar-la-reforma-educativa\/#article","isPartOf":{"@id":"https:\/\/informatepy.com\/2021\/2022\/07\/06\/entre-gallos-y-medianoche-el-mec-y-sus-ongs-quisieron-aprobar-la-reforma-educativa\/"},"author":{"name":"Redacci\u00f3n","@id":"https:\/\/informatepy.com\/2021\/#\/schema\/person\/0c842f525f84ea74ef3b44370d11757b"},"headline":"Entre gallos y medianoche, el MEC y sus ONG\u00b4s quisieron aprobar la reforma educativa","datePublished":"2022-07-06T12:10:00+00:00","mainEntityOfPage":{"@id":"https:\/\/informatepy.com\/2021\/2022\/07\/06\/entre-gallos-y-medianoche-el-mec-y-sus-ongs-quisieron-aprobar-la-reforma-educativa\/"},"wordCount":205,"commentCount":0,"publisher":{"@id":"https:\/\/informatepy.com\/2021\/#\/schema\/person\/edd302c981d6ba4596191719d1025a8a"},"image":{"@id":"https:\/\/informatepy.com\/2021\/2022\/07\/06\/entre-gallos-y-medianoche-el-mec-y-sus-ongs-quisieron-aprobar-la-reforma-educativa\/#primaryimage"},"thumbnailUrl":"https:\/\/i0.wp.com\/informatepy.com\/2021\/wp-content\/uploads\/2022\/07\/transfo-educativa.jpg?fit=1280%2C680&ssl=1","keywords":["destacada","mec","ministerio de educaci\u00f3n"],"articleSection":["Nacionales"],"inLanguage":"es","potentialAction":[{"@type":"CommentAction","name":"Comment","target":["https:\/\/informatepy.com\/2021\/2022\/07\/06\/entre-gallos-y-medianoche-el-mec-y-sus-ongs-quisieron-aprobar-la-reforma-educativa\/#respond"]}]},{"@type":"WebPage","@id":"https:\/\/informatepy.com\/2021\/2022\/07\/06\/entre-gallos-y-medianoche-el-mec-y-sus-ongs-quisieron-aprobar-la-reforma-educativa\/","url":"https:\/\/informatepy.com\/2021\/2022\/07\/06\/entre-gallos-y-medianoche-el-mec-y-sus-ongs-quisieron-aprobar-la-reforma-educativa\/","name":"Entre gallos y medianoche, el MEC y sus ONG\u00b4s quisieron aprobar la reforma educativa - Informatepy","isPartOf":{"@id":"https:\/\/informatepy.com\/2021\/#website"},"primaryImageOfPage":{"@id":"https:\/\/informatepy.com\/2021\/2022\/07\/06\/entre-gallos-y-medianoche-el-mec-y-sus-ongs-quisieron-aprobar-la-reforma-educativa\/#primaryimage"},"image":{"@id":"https:\/\/informatepy.com\/2021\/2022\/07\/06\/entre-gallos-y-medianoche-el-mec-y-sus-ongs-quisieron-aprobar-la-reforma-educativa\/#primaryimage"},"thumbnailUrl":"https:\/\/i0.wp.com\/informatepy.com\/2021\/wp-content\/uploads\/2022\/07\/transfo-educativa.jpg?fit=1280%2C680&ssl=1","datePublished":"2022-07-06T12:10:00+00:00","breadcrumb":{"@id":"https:\/\/informatepy.com\/2021\/2022\/07\/06\/entre-gallos-y-medianoche-el-mec-y-sus-ongs-quisieron-aprobar-la-reforma-educativa\/#breadcrumb"},"inLanguage":"es","potentialAction":[{"@type":"ReadAction","target":["https:\/\/informatepy.com\/2021\/2022\/07\/06\/entre-gallos-y-medianoche-el-mec-y-sus-ongs-quisieron-aprobar-la-reforma-educativa\/"]}]},{"@type":"ImageObject","inLanguage":"es","@id":"https:\/\/informatepy.com\/2021\/2022\/07\/06\/entre-gallos-y-medianoche-el-mec-y-sus-ongs-quisieron-aprobar-la-reforma-educativa\/#primaryimage","url":"https:\/\/i0.wp.com\/informatepy.com\/2021\/wp-content\/uploads\/2022\/07\/transfo-educativa.jpg?fit=1280%2C680&ssl=1","contentUrl":"https:\/\/i0.wp.com\/informatepy.com\/2021\/wp-content\/uploads\/2022\/07\/transfo-educativa.jpg?fit=1280%2C680&ssl=1","width":1280,"height":680},{"@type":"BreadcrumbList","@id":"https:\/\/informatepy.com\/2021\/2022\/07\/06\/entre-gallos-y-medianoche-el-mec-y-sus-ongs-quisieron-aprobar-la-reforma-educativa\/#breadcrumb","itemListElement":[{"@type":"ListItem","position":1,"name":"Portada","item":"https:\/\/informatepy.com\/2021\/"},{"@type":"ListItem","position":2,"name":"Entre gallos y medianoche, el MEC y sus ONG\u00b4s quisieron aprobar la reforma educativa"}]},{"@type":"WebSite","@id":"https:\/\/informatepy.com\/2021\/#website","url":"https:\/\/informatepy.com\/2021\/","name":"Informatepy","description":"La verdad, siempre!","publisher":{"@id":"https:\/\/informatepy.com\/2021\/#\/schema\/person\/edd302c981d6ba4596191719d1025a8a"},"potentialAction":[{"@type":"SearchAction","target":{"@type":"EntryPoint","urlTemplate":"https:\/\/informatepy.com\/2021\/?s={search_term_string}"},"query-input":{"@type":"PropertyValueSpecification","valueRequired":true,"valueName":"search_term_string"}}],"inLanguage":"es"},{"@type":["Person","Organization"],"@id":"https:\/\/informatepy.com\/2021\/#\/schema\/person\/edd302c981d6ba4596191719d1025a8a","name":"admin","image":{"@type":"ImageObject","inLanguage":"es","@id":"https:\/\/secure.gravatar.com\/avatar\/5310f602b6cbcfb86e030c4ccdbb78f6565a3b9bab6a74ab80fd3cb5428b65af?s=96&d=mm&r=g","url":"https:\/\/secure.gravatar.com\/avatar\/5310f602b6cbcfb86e030c4ccdbb78f6565a3b9bab6a74ab80fd3cb5428b65af?s=96&d=mm&r=g","contentUrl":"https:\/\/secure.gravatar.com\/avatar\/5310f602b6cbcfb86e030c4ccdbb78f6565a3b9bab6a74ab80fd3cb5428b65af?s=96&d=mm&r=g","caption":"admin"},"logo":{"@id":"https:\/\/secure.gravatar.com\/avatar\/5310f602b6cbcfb86e030c4ccdbb78f6565a3b9bab6a74ab80fd3cb5428b65af?s=96&d=mm&r=g"},"sameAs":["http:\/\/informatepy.com\/2021"]},{"@type":"Person","@id":"https:\/\/informatepy.com\/2021\/#\/schema\/person\/0c842f525f84ea74ef3b44370d11757b","name":"Redacci\u00f3n","image":{"@type":"ImageObject","inLanguage":"es","@id":"https:\/\/i0.wp.com\/informatepy.com\/2021\/wp-content\/uploads\/2021\/02\/informate-circulo.png?fit=96%2C96&ssl=1","url":"https:\/\/i0.wp.com\/informatepy.com\/2021\/wp-content\/uploads\/2021\/02\/informate-circulo.png?fit=96%2C96&ssl=1","contentUrl":"https:\/\/i0.wp.com\/informatepy.com\/2021\/wp-content\/uploads\/2021\/02\/informate-circulo.png?fit=96%2C96&ssl=1","caption":"Redacci\u00f3n"},"sameAs":["https:\/\/www.facebook.com\/InformatePyCom","https:\/\/x.com\/https:\/\/twitter.com\/InformatePy1"],"url":"https:\/\/informatepy.com\/2021\/author\/redaccion\/"}]}},"jetpack_featured_media_url":"https:\/\/i0.wp.com\/informatepy.com\/2021\/wp-content\/uploads\/2022\/07\/transfo-educativa.jpg?fit=1280%2C680&ssl=1","jetpack_sharing_enabled":true,"jetpack_likes_enabled":true,"jetpack-related-posts":[{"id":13905,"url":"https:\/\/informatepy.com\/2021\/2022\/09\/14\/padres-presentan-nota-rechazando-el-proyecto-de-transformacion-educativa-elaborado-por-el-mec\/","url_meta":{"origin":12555,"position":0},"title":"Padres presentan nota rechazando el proyecto de \u00abTransformaci\u00f3n Educativa\u00bb elaborado por el MEC","date":"14 de septiembre de 2022","format":false,"excerpt":"Padres integrantes del Comit\u00e9 Estrat\u00e9gico del proyecto Transformaci\u00f3n Educativa presentaron una nota al Ministerio de Educaci\u00f3n y Ciencias (MEC) mediante la cual rechazan el proyecto de Transformaci\u00f3n Educativa planteado desde el MEC. Aseguraron que la participaci\u00f3n de las 500.000 personas fue importante, pero que solo se limit\u00f3 a la presentaci\u00f3n\u2026","rel":"","context":"En \u00abNacionales\u00bb","img":{"alt_text":"","src":"https:\/\/i0.wp.com\/informatepy.com\/2021\/wp-content\/uploads\/2022\/04\/Logo-MEC.webp?fit=800%2C800&ssl=1&resize=350%2C200","width":350,"height":200},"classes":[]},{"id":3221,"url":"https:\/\/informatepy.com\/2021\/2021\/02\/11\/acusan-al-mec-de-violar-leyes-exigiendo-retorno-a-clases-presenciales-sin-condiciones\/","url_meta":{"origin":12555,"position":1},"title":"Acusan al MEC de violar leyes exigiendo retorno a clases presenciales, sin condiciones","date":"11 de febrero de 2021","format":false,"excerpt":"El presidente de Uni\u00f3n Nacional de Educadores (UNE), Eladio Ben\u00edtez, se\u00f1al\u00f3 que el Ministerio de Educaci\u00f3n y Ciencias (MEC) est\u00e1 violando leyes al exigir retornar a clases presenciales en medio de la falta de condiciones en las instituciones. \u201cTodos los sindicatos del sector educativo nos estamos en que no existen\u2026","rel":"","context":"En \u00abNacionales\u00bb","img":{"alt_text":"","src":"","width":0,"height":0},"classes":[]},{"id":9341,"url":"https:\/\/informatepy.com\/2021\/2022\/01\/10\/mec-inicia-reparto-de-kits-escolares\/","url_meta":{"origin":12555,"position":2},"title":"MEC inicia reparto de kits escolares","date":"10 de enero de 2022","format":false,"excerpt":"El Ministerio de Educaci\u00f3n y Ciencias (MEC) inici\u00f3 este lunes la distribuci\u00f3n\u00a0 de los kits escolares para unas 455 instituciones educativas de la Regi\u00f3n Occidental. Seg\u00fan informaron las autoridades, pretenden llegar a 1,4 millones de estudiantes antes del 21 de febrero, fecha en la que comenzar\u00e1n las clases presenciales. En\u2026","rel":"","context":"En \u00abNacionales\u00bb","img":{"alt_text":"","src":"https:\/\/i0.wp.com\/informatepy.com\/2021\/wp-content\/uploads\/2022\/01\/mec-kit-escolar-brunetti.jpg?fit=660%2C330&ssl=1&resize=350%2C200","width":350,"height":200},"classes":[]},{"id":14042,"url":"https:\/\/informatepy.com\/2021\/2022\/09\/23\/el-mec-buscaria-censurar-charlas-contra-la-ideologia-de-genero\/","url_meta":{"origin":12555,"position":3},"title":"El MEC buscar\u00eda censurar charlas contra la ideolog\u00eda de g\u00e9nero","date":"23 de septiembre de 2022","format":false,"excerpt":"Seg\u00fan versiones que han trascendido en el d\u00eda de hoy, Asociaciones de Padres de algunos colegios cat\u00f3licos de gesti\u00f3n privada han denunciado que sus instituciones educativas han sido amedrentadas por funcionarios del Ministerio de Educaci\u00f3n. En esta versi\u00f3n, los presuntos funcionarios habr\u00edan exigido explicaciones a los Padres y Directivos de\u2026","rel":"","context":"En \u00abNacionales\u00bb","img":{"alt_text":"","src":"https:\/\/i0.wp.com\/informatepy.com\/2021\/wp-content\/uploads\/2022\/09\/nicolas-zarate.jpg?fit=1200%2C830&ssl=1&resize=350%2C200","width":350,"height":200},"classes":[]},{"id":1890,"url":"https:\/\/informatepy.com\/2021\/2020\/04\/19\/desastrekoeducacionvirtual-estudiantes-iran-a-paro-desde-el-lunes\/","url_meta":{"origin":12555,"position":4},"title":"#DesastreKoEducaci\u00f3nVirtual: estudiantes ir\u00e1n a paro desde el lunes","date":"19 de abril de 2020","format":false,"excerpt":"La Organizaci\u00f3n Nacional Estudiantil (ONE), la Coalici\u00f3n Nacional Estudiantil, el Consejo Estudiantil Nacional, la Alianza de Centros Regionales Estudiantiles del Paraguay (Acrep) y los Colegios Independientes realizaron un comunicado mediante el cual llaman a la emergencia nacional educativa contra la media provisoria del Gobierno de fomentar la educaci\u00f3n virtual ante\u2026","rel":"","context":"En \u00abNacionales\u00bb","img":{"alt_text":"","src":"https:\/\/i0.wp.com\/informatepy.com\/2021\/wp-content\/uploads\/2021\/04\/educacion.png?fit=512%2C263&ssl=1&resize=350%2C200","width":350,"height":200},"classes":[]},{"id":11554,"url":"https:\/\/informatepy.com\/2021\/2022\/05\/10\/padres-de-colegio-sek-conformaran-asociacion-con-ayuda-del-mec\/","url_meta":{"origin":12555,"position":5},"title":"Padres de colegio SEK conformar\u00e1n asociaci\u00f3n con ayuda del MEC","date":"10 de mayo de 2022","format":false,"excerpt":"Padres del colegio SEK, donde se registraron varios casos de abuso sexual, y autoridades del Ministerio de Educaci\u00f3n y Ciencias (MEC), se reunieron para planificar la conformaci\u00f3n de una asociaci\u00f3n con apoyo de la cartera educativa. Anunciaron que en todo momento apoyar\u00e1n a los interventores que tomaron la instituci\u00f3n este\u2026","rel":"","context":"En \u00abNacionales\u00bb","img":{"alt_text":"","src":"https:\/\/i0.wp.com\/informatepy.com\/2021\/wp-content\/uploads\/2022\/05\/sek.png?fit=770%2C464&ssl=1&resize=350%2C200","width":350,"height":200},"classes":[]}],"authors":[{"term_id":1051,"user_id":4,"is_guest":0,"slug":"redaccion","display_name":"Redacci\u00f3n","avatar_url":"https:\/\/i0.wp.com\/informatepy.com\/2021\/wp-content\/uploads\/2021\/02\/informate-circulo.png?fit=96%2C96&ssl=1","first_name":"Redacci\u00f3n","last_name":"","user_url":"","description":""}],"amp_enabled":true,"_links":{"self":[{"href":"https:\/\/informatepy.com\/2021\/wp-json\/wp\/v2\/posts\/12555","targetHints":{"allow":["GET"]}}],"collection":[{"href":"https:\/\/informatepy.com\/2021\/wp-json\/wp\/v2\/posts"}],"about":[{"href":"https:\/\/informatepy.com\/2021\/wp-json\/wp\/v2\/types\/post"}],"author":[{"embeddable":true,"href":"https:\/\/informatepy.com\/2021\/wp-json\/wp\/v2\/users\/4"}],"replies":[{"embeddable":true,"href":"https:\/\/informatepy.com\/2021\/wp-json\/wp\/v2\/comments?post=12555"}],"version-history":[{"count":1,"href":"https:\/\/informatepy.com\/2021\/wp-json\/wp\/v2\/posts\/12555\/revisions"}],"predecessor-version":[{"id":12557,"href":"https:\/\/informatepy.com\/2021\/wp-json\/wp\/v2\/posts\/12555\/revisions\/12557"}],"wp:featuredmedia":[{"embeddable":true,"href":"https:\/\/informatepy.com\/2021\/wp-json\/wp\/v2\/media\/12556"}],"wp:attachment":[{"href":"https:\/\/informatepy.com\/2021\/wp-json\/wp\/v2\/media?parent=12555"}],"wp:term":[{"taxonomy":"category","embeddable":true,"href":"https:\/\/informatepy.com\/2021\/wp-json\/wp\/v2\/categories?post=12555"},{"taxonomy":"post_tag","embeddable":true,"href":"https:\/\/informatepy.com\/2021\/wp-json\/wp\/v2\/tags?post=12555"},{"taxonomy":"author","embeddable":true,"href":"https:\/\/informatepy.com\/2021\/wp-json\/wp\/v2\/ppma_author?post=12555"}],"curies":[{"name":"wp","href":"https:\/\/api.w.org\/{rel}","templated":true}]}}