{"id":12302,"date":"2022-06-22T08:42:02","date_gmt":"2022-06-22T11:42:02","guid":{"rendered":"https:\/\/informatepy.com\/2021\/?p=12302"},"modified":"2022-06-22T08:56:41","modified_gmt":"2022-06-22T11:56:41","slug":"ljubetic-hay-un-conflicto-inminente-entre-concertacion-y-anr-por-uso-de-padron-nacional","status":"publish","type":"post","link":"https:\/\/informatepy.com\/2021\/2022\/06\/22\/ljubetic-hay-un-conflicto-inminente-entre-concertacion-y-anr-por-uso-de-padron-nacional\/","title":{"rendered":"Ljubetic: \u201cHay un conflicto inminente\u201d entre concertaci\u00f3n y ANR por uso de padr\u00f3n nacional"},"content":{"rendered":"\n<p class=\"has-text-align-justify\">El director de Procesos Electorales del Tribunal Superior de Justicia Electoral (TSJE), <strong>Carlos Mar\u00eda Ljubetic<\/strong>, afirm\u00f3 que <em><strong>\u201cse presenta una situaci\u00f3n de conflicto casi inminente\u201d<\/strong><\/em> con la decisi\u00f3n de la concertaci\u00f3n de utilizar el padr\u00f3n nacional para sus internas y la oposici\u00f3n del Partido Colorado, que anuncia que, de concretarse, judicializar\u00e1 el tema.<\/p>\n\n\n\n<p class=\"has-text-align-justify\"><em><strong>\u201cLa realidad va a ser la decisi\u00f3n que tome el Tribunal Superior de Justicia Electoral en su momento o tal vez la Corte si se llega a esa instancia, porque ac\u00e1 se presenta una situaci\u00f3n de conflicto casi inminente debido a que la concertaci\u00f3n va a solicitar utilizar el padr\u00f3n nacional como padr\u00f3n de su interna. A eso, el Partido Colorado anuncia que va a demandar nuevamente como ya lo hizo en el 2015, en la oportunidad de la candidatura de Mario Ferreiro\u201d<\/strong><\/em>, explic\u00f3 Ljubetic, en entrevista con la emisora 1020 AM.<\/p>\n\n\n\n<p class=\"has-text-align-justify\">En ese sentido, se\u00f1al\u00f3 que <strong><em>\u201ces el Tribunal de la Capital el que va a resolver en primera instancia, luego va a haber una segunda instancia seguramente en el TSJE y puede llegar a la Corte Suprema de Justicia en Inconstitucionalidad. O sea, lo que se resuelva ah\u00ed va a ser la realidad\u201d<\/em><\/strong>, indic\u00f3.<\/p>\n\n\n\n<p class=\"has-text-align-justify\">Ljubetic refiri\u00f3 que la ANR tendr\u00e1 5 d\u00edas luego del 27 de junio, fecha en que vence el plazo para la inscripci\u00f3n de concertaci\u00f3n y alianzas, para iniciar las acciones legales.<\/p>\n\n\n\n<h6 class=\"wp-block-heading\" style=\"font-style:normal;font-weight:300\">Con informaci\u00f3n de ADN Digital<\/h6>\n","protected":false},"excerpt":{"rendered":"<p>El director de Procesos Electorales del Tribunal Superior de Justicia Electoral (TSJE), Carlos Mar\u00eda Ljubetic, afirm\u00f3 que \u201cse presenta una situaci\u00f3n de conflicto casi inminente\u201d con la decisi\u00f3n de la concertaci\u00f3n de utilizar el padr\u00f3n nacional para sus internas y la oposici\u00f3n del Partido Colorado, que anuncia que, de concretarse, judicializar\u00e1 el tema. \u201cLa realidad [&hellip;]<\/p>\n","protected":false},"author":4,"featured_media":9609,"comment_status":"open","ping_status":"open","sticky":false,"template":"","format":"standard","meta":{"_monsterinsights_skip_tracking":false,"_monsterinsights_sitenote_active":false,"_monsterinsights_sitenote_note":"","_monsterinsights_sitenote_category":0,"footnotes":"","jetpack_publicize_message":"","jetpack_is_tweetstorm":false,"jetpack_publicize_feature_enabled":true},"categories":[177],"tags":[267,1036,423,547,434,631],"ppma_author":[1051],"class_list":["post-12302","post","type-post","status-publish","format-standard","has-post-thumbnail","hentry","category-nacionales","tag-anr","tag-destacada","tag-partido-colorado","tag-partido-liberal","tag-plra","tag-tsje"],"jetpack_publicize_connections":[],"yoast_head":"<!-- This site is optimized with the Yoast SEO plugin v27.4 - https:\/\/yoast.com\/product\/yoast-seo-wordpress\/ -->\n<title>Ljubetic: \u201cHay un conflicto inminente\u201d entre concertaci\u00f3n y ANR por uso de padr\u00f3n nacional - Informatepy<\/title>\n<meta name=\"robots\" content=\"index, follow, max-snippet:-1, max-image-preview:large, max-video-preview:-1\" \/>\n<link rel=\"canonical\" href=\"https:\/\/informatepy.com\/2021\/2022\/06\/22\/ljubetic-hay-un-conflicto-inminente-entre-concertacion-y-anr-por-uso-de-padron-nacional\/\" \/>\n<meta property=\"og:locale\" content=\"es_ES\" \/>\n<meta property=\"og:type\" content=\"article\" \/>\n<meta property=\"og:title\" content=\"Ljubetic: \u201cHay un conflicto inminente\u201d entre concertaci\u00f3n y ANR por uso de padr\u00f3n nacional - Informatepy\" \/>\n<meta property=\"og:description\" content=\"El director de Procesos Electorales del Tribunal Superior de Justicia Electoral (TSJE), Carlos Mar\u00eda Ljubetic, afirm\u00f3 que \u201cse presenta una situaci\u00f3n de conflicto casi inminente\u201d con la decisi\u00f3n de la concertaci\u00f3n de utilizar el padr\u00f3n nacional para sus internas y la oposici\u00f3n del Partido Colorado, que anuncia que, de concretarse, judicializar\u00e1 el tema. \u201cLa realidad [&hellip;]\" \/>\n<meta property=\"og:url\" content=\"https:\/\/informatepy.com\/2021\/2022\/06\/22\/ljubetic-hay-un-conflicto-inminente-entre-concertacion-y-anr-por-uso-de-padron-nacional\/\" \/>\n<meta property=\"og:site_name\" content=\"Informatepy\" \/>\n<meta property=\"article:author\" content=\"https:\/\/www.facebook.com\/InformatePyCom\" \/>\n<meta property=\"article:published_time\" content=\"2022-06-22T11:42:02+00:00\" \/>\n<meta property=\"article:modified_time\" content=\"2022-06-22T11:56:41+00:00\" \/>\n<meta property=\"og:image\" content=\"https:\/\/informatepy.com\/2021\/wp-content\/uploads\/2022\/01\/Carlos-Maria-Ljubetic-TSJE.jpg\" \/>\n\t<meta property=\"og:image:width\" content=\"660\" \/>\n\t<meta property=\"og:image:height\" content=\"330\" \/>\n\t<meta property=\"og:image:type\" content=\"image\/jpeg\" \/>\n<meta name=\"author\" content=\"Redacci\u00f3n\" \/>\n<meta name=\"twitter:card\" content=\"summary_large_image\" \/>\n<meta name=\"twitter:creator\" content=\"@https:\/\/twitter.com\/InformatePy1\" \/>\n<meta name=\"twitter:label1\" content=\"Escrito por\" \/>\n\t<meta name=\"twitter:data1\" content=\"Redacci\u00f3n\" \/>\n\t<meta name=\"twitter:label2\" content=\"Tiempo de lectura\" \/>\n\t<meta name=\"twitter:data2\" content=\"2 minutos\" \/>\n<script type=\"application\/ld+json\" class=\"yoast-schema-graph\">{\"@context\":\"https:\\\/\\\/schema.org\",\"@graph\":[{\"@type\":\"Article\",\"@id\":\"https:\\\/\\\/informatepy.com\\\/2021\\\/2022\\\/06\\\/22\\\/ljubetic-hay-un-conflicto-inminente-entre-concertacion-y-anr-por-uso-de-padron-nacional\\\/#article\",\"isPartOf\":{\"@id\":\"https:\\\/\\\/informatepy.com\\\/2021\\\/2022\\\/06\\\/22\\\/ljubetic-hay-un-conflicto-inminente-entre-concertacion-y-anr-por-uso-de-padron-nacional\\\/\"},\"author\":{\"name\":\"Redacci\u00f3n\",\"@id\":\"https:\\\/\\\/informatepy.com\\\/2021\\\/#\\\/schema\\\/person\\\/0c842f525f84ea74ef3b44370d11757b\"},\"headline\":\"Ljubetic: \u201cHay un conflicto inminente\u201d entre concertaci\u00f3n y ANR por uso de padr\u00f3n nacional\",\"datePublished\":\"2022-06-22T11:42:02+00:00\",\"dateModified\":\"2022-06-22T11:56:41+00:00\",\"mainEntityOfPage\":{\"@id\":\"https:\\\/\\\/informatepy.com\\\/2021\\\/2022\\\/06\\\/22\\\/ljubetic-hay-un-conflicto-inminente-entre-concertacion-y-anr-por-uso-de-padron-nacional\\\/\"},\"wordCount\":263,\"commentCount\":0,\"publisher\":{\"@id\":\"https:\\\/\\\/informatepy.com\\\/2021\\\/#\\\/schema\\\/person\\\/edd302c981d6ba4596191719d1025a8a\"},\"image\":{\"@id\":\"https:\\\/\\\/informatepy.com\\\/2021\\\/2022\\\/06\\\/22\\\/ljubetic-hay-un-conflicto-inminente-entre-concertacion-y-anr-por-uso-de-padron-nacional\\\/#primaryimage\"},\"thumbnailUrl\":\"https:\\\/\\\/i0.wp.com\\\/informatepy.com\\\/2021\\\/wp-content\\\/uploads\\\/2022\\\/01\\\/Carlos-Maria-Ljubetic-TSJE.jpg?fit=660%2C330&ssl=1\",\"keywords\":[\"anr\",\"destacada\",\"partido colorado\",\"partido liberal\",\"plra\",\"TSJE\"],\"articleSection\":[\"Nacionales\"],\"inLanguage\":\"es\",\"potentialAction\":[{\"@type\":\"CommentAction\",\"name\":\"Comment\",\"target\":[\"https:\\\/\\\/informatepy.com\\\/2021\\\/2022\\\/06\\\/22\\\/ljubetic-hay-un-conflicto-inminente-entre-concertacion-y-anr-por-uso-de-padron-nacional\\\/#respond\"]}]},{\"@type\":\"WebPage\",\"@id\":\"https:\\\/\\\/informatepy.com\\\/2021\\\/2022\\\/06\\\/22\\\/ljubetic-hay-un-conflicto-inminente-entre-concertacion-y-anr-por-uso-de-padron-nacional\\\/\",\"url\":\"https:\\\/\\\/informatepy.com\\\/2021\\\/2022\\\/06\\\/22\\\/ljubetic-hay-un-conflicto-inminente-entre-concertacion-y-anr-por-uso-de-padron-nacional\\\/\",\"name\":\"Ljubetic: \u201cHay un conflicto inminente\u201d entre concertaci\u00f3n y ANR por uso de padr\u00f3n nacional - Informatepy\",\"isPartOf\":{\"@id\":\"https:\\\/\\\/informatepy.com\\\/2021\\\/#website\"},\"primaryImageOfPage\":{\"@id\":\"https:\\\/\\\/informatepy.com\\\/2021\\\/2022\\\/06\\\/22\\\/ljubetic-hay-un-conflicto-inminente-entre-concertacion-y-anr-por-uso-de-padron-nacional\\\/#primaryimage\"},\"image\":{\"@id\":\"https:\\\/\\\/informatepy.com\\\/2021\\\/2022\\\/06\\\/22\\\/ljubetic-hay-un-conflicto-inminente-entre-concertacion-y-anr-por-uso-de-padron-nacional\\\/#primaryimage\"},\"thumbnailUrl\":\"https:\\\/\\\/i0.wp.com\\\/informatepy.com\\\/2021\\\/wp-content\\\/uploads\\\/2022\\\/01\\\/Carlos-Maria-Ljubetic-TSJE.jpg?fit=660%2C330&ssl=1\",\"datePublished\":\"2022-06-22T11:42:02+00:00\",\"dateModified\":\"2022-06-22T11:56:41+00:00\",\"breadcrumb\":{\"@id\":\"https:\\\/\\\/informatepy.com\\\/2021\\\/2022\\\/06\\\/22\\\/ljubetic-hay-un-conflicto-inminente-entre-concertacion-y-anr-por-uso-de-padron-nacional\\\/#breadcrumb\"},\"inLanguage\":\"es\",\"potentialAction\":[{\"@type\":\"ReadAction\",\"target\":[\"https:\\\/\\\/informatepy.com\\\/2021\\\/2022\\\/06\\\/22\\\/ljubetic-hay-un-conflicto-inminente-entre-concertacion-y-anr-por-uso-de-padron-nacional\\\/\"]}]},{\"@type\":\"ImageObject\",\"inLanguage\":\"es\",\"@id\":\"https:\\\/\\\/informatepy.com\\\/2021\\\/2022\\\/06\\\/22\\\/ljubetic-hay-un-conflicto-inminente-entre-concertacion-y-anr-por-uso-de-padron-nacional\\\/#primaryimage\",\"url\":\"https:\\\/\\\/i0.wp.com\\\/informatepy.com\\\/2021\\\/wp-content\\\/uploads\\\/2022\\\/01\\\/Carlos-Maria-Ljubetic-TSJE.jpg?fit=660%2C330&ssl=1\",\"contentUrl\":\"https:\\\/\\\/i0.wp.com\\\/informatepy.com\\\/2021\\\/wp-content\\\/uploads\\\/2022\\\/01\\\/Carlos-Maria-Ljubetic-TSJE.jpg?fit=660%2C330&ssl=1\",\"width\":660,\"height\":330},{\"@type\":\"BreadcrumbList\",\"@id\":\"https:\\\/\\\/informatepy.com\\\/2021\\\/2022\\\/06\\\/22\\\/ljubetic-hay-un-conflicto-inminente-entre-concertacion-y-anr-por-uso-de-padron-nacional\\\/#breadcrumb\",\"itemListElement\":[{\"@type\":\"ListItem\",\"position\":1,\"name\":\"Portada\",\"item\":\"https:\\\/\\\/informatepy.com\\\/2021\\\/\"},{\"@type\":\"ListItem\",\"position\":2,\"name\":\"Ljubetic: \u201cHay un conflicto inminente\u201d entre concertaci\u00f3n y ANR por uso de padr\u00f3n nacional\"}]},{\"@type\":\"WebSite\",\"@id\":\"https:\\\/\\\/informatepy.com\\\/2021\\\/#website\",\"url\":\"https:\\\/\\\/informatepy.com\\\/2021\\\/\",\"name\":\"Informatepy\",\"description\":\"La verdad, siempre!\",\"publisher\":{\"@id\":\"https:\\\/\\\/informatepy.com\\\/2021\\\/#\\\/schema\\\/person\\\/edd302c981d6ba4596191719d1025a8a\"},\"potentialAction\":[{\"@type\":\"SearchAction\",\"target\":{\"@type\":\"EntryPoint\",\"urlTemplate\":\"https:\\\/\\\/informatepy.com\\\/2021\\\/?s={search_term_string}\"},\"query-input\":{\"@type\":\"PropertyValueSpecification\",\"valueRequired\":true,\"valueName\":\"search_term_string\"}}],\"inLanguage\":\"es\"},{\"@type\":[\"Person\",\"Organization\"],\"@id\":\"https:\\\/\\\/informatepy.com\\\/2021\\\/#\\\/schema\\\/person\\\/edd302c981d6ba4596191719d1025a8a\",\"name\":\"admin\",\"image\":{\"@type\":\"ImageObject\",\"inLanguage\":\"es\",\"@id\":\"https:\\\/\\\/secure.gravatar.com\\\/avatar\\\/5310f602b6cbcfb86e030c4ccdbb78f6565a3b9bab6a74ab80fd3cb5428b65af?s=96&d=mm&r=g\",\"url\":\"https:\\\/\\\/secure.gravatar.com\\\/avatar\\\/5310f602b6cbcfb86e030c4ccdbb78f6565a3b9bab6a74ab80fd3cb5428b65af?s=96&d=mm&r=g\",\"contentUrl\":\"https:\\\/\\\/secure.gravatar.com\\\/avatar\\\/5310f602b6cbcfb86e030c4ccdbb78f6565a3b9bab6a74ab80fd3cb5428b65af?s=96&d=mm&r=g\",\"caption\":\"admin\"},\"logo\":{\"@id\":\"https:\\\/\\\/secure.gravatar.com\\\/avatar\\\/5310f602b6cbcfb86e030c4ccdbb78f6565a3b9bab6a74ab80fd3cb5428b65af?s=96&d=mm&r=g\"},\"sameAs\":[\"http:\\\/\\\/informatepy.com\\\/2021\"]},{\"@type\":\"Person\",\"@id\":\"https:\\\/\\\/informatepy.com\\\/2021\\\/#\\\/schema\\\/person\\\/0c842f525f84ea74ef3b44370d11757b\",\"name\":\"Redacci\u00f3n\",\"image\":{\"@type\":\"ImageObject\",\"inLanguage\":\"es\",\"@id\":\"https:\\\/\\\/i0.wp.com\\\/informatepy.com\\\/2021\\\/wp-content\\\/uploads\\\/2021\\\/02\\\/informate-circulo.png?fit=96%2C96&ssl=1\",\"url\":\"https:\\\/\\\/i0.wp.com\\\/informatepy.com\\\/2021\\\/wp-content\\\/uploads\\\/2021\\\/02\\\/informate-circulo.png?fit=96%2C96&ssl=1\",\"contentUrl\":\"https:\\\/\\\/i0.wp.com\\\/informatepy.com\\\/2021\\\/wp-content\\\/uploads\\\/2021\\\/02\\\/informate-circulo.png?fit=96%2C96&ssl=1\",\"caption\":\"Redacci\u00f3n\"},\"sameAs\":[\"https:\\\/\\\/www.facebook.com\\\/InformatePyCom\",\"https:\\\/\\\/x.com\\\/https:\\\/\\\/twitter.com\\\/InformatePy1\"],\"url\":\"https:\\\/\\\/informatepy.com\\\/2021\\\/author\\\/redaccion\\\/\"}]}<\/script>\n<!-- \/ Yoast SEO plugin. -->","yoast_head_json":{"title":"Ljubetic: \u201cHay un conflicto inminente\u201d entre concertaci\u00f3n y ANR por uso de padr\u00f3n nacional - Informatepy","robots":{"index":"index","follow":"follow","max-snippet":"max-snippet:-1","max-image-preview":"max-image-preview:large","max-video-preview":"max-video-preview:-1"},"canonical":"https:\/\/informatepy.com\/2021\/2022\/06\/22\/ljubetic-hay-un-conflicto-inminente-entre-concertacion-y-anr-por-uso-de-padron-nacional\/","og_locale":"es_ES","og_type":"article","og_title":"Ljubetic: \u201cHay un conflicto inminente\u201d entre concertaci\u00f3n y ANR por uso de padr\u00f3n nacional - Informatepy","og_description":"El director de Procesos Electorales del Tribunal Superior de Justicia Electoral (TSJE), Carlos Mar\u00eda Ljubetic, afirm\u00f3 que \u201cse presenta una situaci\u00f3n de conflicto casi inminente\u201d con la decisi\u00f3n de la concertaci\u00f3n de utilizar el padr\u00f3n nacional para sus internas y la oposici\u00f3n del Partido Colorado, que anuncia que, de concretarse, judicializar\u00e1 el tema. \u201cLa realidad [&hellip;]","og_url":"https:\/\/informatepy.com\/2021\/2022\/06\/22\/ljubetic-hay-un-conflicto-inminente-entre-concertacion-y-anr-por-uso-de-padron-nacional\/","og_site_name":"Informatepy","article_author":"https:\/\/www.facebook.com\/InformatePyCom","article_published_time":"2022-06-22T11:42:02+00:00","article_modified_time":"2022-06-22T11:56:41+00:00","og_image":[{"width":660,"height":330,"url":"https:\/\/informatepy.com\/2021\/wp-content\/uploads\/2022\/01\/Carlos-Maria-Ljubetic-TSJE.jpg","type":"image\/jpeg"}],"author":"Redacci\u00f3n","twitter_card":"summary_large_image","twitter_creator":"@https:\/\/twitter.com\/InformatePy1","twitter_misc":{"Escrito por":"Redacci\u00f3n","Tiempo de lectura":"2 minutos"},"schema":{"@context":"https:\/\/schema.org","@graph":[{"@type":"Article","@id":"https:\/\/informatepy.com\/2021\/2022\/06\/22\/ljubetic-hay-un-conflicto-inminente-entre-concertacion-y-anr-por-uso-de-padron-nacional\/#article","isPartOf":{"@id":"https:\/\/informatepy.com\/2021\/2022\/06\/22\/ljubetic-hay-un-conflicto-inminente-entre-concertacion-y-anr-por-uso-de-padron-nacional\/"},"author":{"name":"Redacci\u00f3n","@id":"https:\/\/informatepy.com\/2021\/#\/schema\/person\/0c842f525f84ea74ef3b44370d11757b"},"headline":"Ljubetic: \u201cHay un conflicto inminente\u201d entre concertaci\u00f3n y ANR por uso de padr\u00f3n nacional","datePublished":"2022-06-22T11:42:02+00:00","dateModified":"2022-06-22T11:56:41+00:00","mainEntityOfPage":{"@id":"https:\/\/informatepy.com\/2021\/2022\/06\/22\/ljubetic-hay-un-conflicto-inminente-entre-concertacion-y-anr-por-uso-de-padron-nacional\/"},"wordCount":263,"commentCount":0,"publisher":{"@id":"https:\/\/informatepy.com\/2021\/#\/schema\/person\/edd302c981d6ba4596191719d1025a8a"},"image":{"@id":"https:\/\/informatepy.com\/2021\/2022\/06\/22\/ljubetic-hay-un-conflicto-inminente-entre-concertacion-y-anr-por-uso-de-padron-nacional\/#primaryimage"},"thumbnailUrl":"https:\/\/i0.wp.com\/informatepy.com\/2021\/wp-content\/uploads\/2022\/01\/Carlos-Maria-Ljubetic-TSJE.jpg?fit=660%2C330&ssl=1","keywords":["anr","destacada","partido colorado","partido liberal","plra","TSJE"],"articleSection":["Nacionales"],"inLanguage":"es","potentialAction":[{"@type":"CommentAction","name":"Comment","target":["https:\/\/informatepy.com\/2021\/2022\/06\/22\/ljubetic-hay-un-conflicto-inminente-entre-concertacion-y-anr-por-uso-de-padron-nacional\/#respond"]}]},{"@type":"WebPage","@id":"https:\/\/informatepy.com\/2021\/2022\/06\/22\/ljubetic-hay-un-conflicto-inminente-entre-concertacion-y-anr-por-uso-de-padron-nacional\/","url":"https:\/\/informatepy.com\/2021\/2022\/06\/22\/ljubetic-hay-un-conflicto-inminente-entre-concertacion-y-anr-por-uso-de-padron-nacional\/","name":"Ljubetic: \u201cHay un conflicto inminente\u201d entre concertaci\u00f3n y ANR por uso de padr\u00f3n nacional - Informatepy","isPartOf":{"@id":"https:\/\/informatepy.com\/2021\/#website"},"primaryImageOfPage":{"@id":"https:\/\/informatepy.com\/2021\/2022\/06\/22\/ljubetic-hay-un-conflicto-inminente-entre-concertacion-y-anr-por-uso-de-padron-nacional\/#primaryimage"},"image":{"@id":"https:\/\/informatepy.com\/2021\/2022\/06\/22\/ljubetic-hay-un-conflicto-inminente-entre-concertacion-y-anr-por-uso-de-padron-nacional\/#primaryimage"},"thumbnailUrl":"https:\/\/i0.wp.com\/informatepy.com\/2021\/wp-content\/uploads\/2022\/01\/Carlos-Maria-Ljubetic-TSJE.jpg?fit=660%2C330&ssl=1","datePublished":"2022-06-22T11:42:02+00:00","dateModified":"2022-06-22T11:56:41+00:00","breadcrumb":{"@id":"https:\/\/informatepy.com\/2021\/2022\/06\/22\/ljubetic-hay-un-conflicto-inminente-entre-concertacion-y-anr-por-uso-de-padron-nacional\/#breadcrumb"},"inLanguage":"es","potentialAction":[{"@type":"ReadAction","target":["https:\/\/informatepy.com\/2021\/2022\/06\/22\/ljubetic-hay-un-conflicto-inminente-entre-concertacion-y-anr-por-uso-de-padron-nacional\/"]}]},{"@type":"ImageObject","inLanguage":"es","@id":"https:\/\/informatepy.com\/2021\/2022\/06\/22\/ljubetic-hay-un-conflicto-inminente-entre-concertacion-y-anr-por-uso-de-padron-nacional\/#primaryimage","url":"https:\/\/i0.wp.com\/informatepy.com\/2021\/wp-content\/uploads\/2022\/01\/Carlos-Maria-Ljubetic-TSJE.jpg?fit=660%2C330&ssl=1","contentUrl":"https:\/\/i0.wp.com\/informatepy.com\/2021\/wp-content\/uploads\/2022\/01\/Carlos-Maria-Ljubetic-TSJE.jpg?fit=660%2C330&ssl=1","width":660,"height":330},{"@type":"BreadcrumbList","@id":"https:\/\/informatepy.com\/2021\/2022\/06\/22\/ljubetic-hay-un-conflicto-inminente-entre-concertacion-y-anr-por-uso-de-padron-nacional\/#breadcrumb","itemListElement":[{"@type":"ListItem","position":1,"name":"Portada","item":"https:\/\/informatepy.com\/2021\/"},{"@type":"ListItem","position":2,"name":"Ljubetic: \u201cHay un conflicto inminente\u201d entre concertaci\u00f3n y ANR por uso de padr\u00f3n nacional"}]},{"@type":"WebSite","@id":"https:\/\/informatepy.com\/2021\/#website","url":"https:\/\/informatepy.com\/2021\/","name":"Informatepy","description":"La verdad, siempre!","publisher":{"@id":"https:\/\/informatepy.com\/2021\/#\/schema\/person\/edd302c981d6ba4596191719d1025a8a"},"potentialAction":[{"@type":"SearchAction","target":{"@type":"EntryPoint","urlTemplate":"https:\/\/informatepy.com\/2021\/?s={search_term_string}"},"query-input":{"@type":"PropertyValueSpecification","valueRequired":true,"valueName":"search_term_string"}}],"inLanguage":"es"},{"@type":["Person","Organization"],"@id":"https:\/\/informatepy.com\/2021\/#\/schema\/person\/edd302c981d6ba4596191719d1025a8a","name":"admin","image":{"@type":"ImageObject","inLanguage":"es","@id":"https:\/\/secure.gravatar.com\/avatar\/5310f602b6cbcfb86e030c4ccdbb78f6565a3b9bab6a74ab80fd3cb5428b65af?s=96&d=mm&r=g","url":"https:\/\/secure.gravatar.com\/avatar\/5310f602b6cbcfb86e030c4ccdbb78f6565a3b9bab6a74ab80fd3cb5428b65af?s=96&d=mm&r=g","contentUrl":"https:\/\/secure.gravatar.com\/avatar\/5310f602b6cbcfb86e030c4ccdbb78f6565a3b9bab6a74ab80fd3cb5428b65af?s=96&d=mm&r=g","caption":"admin"},"logo":{"@id":"https:\/\/secure.gravatar.com\/avatar\/5310f602b6cbcfb86e030c4ccdbb78f6565a3b9bab6a74ab80fd3cb5428b65af?s=96&d=mm&r=g"},"sameAs":["http:\/\/informatepy.com\/2021"]},{"@type":"Person","@id":"https:\/\/informatepy.com\/2021\/#\/schema\/person\/0c842f525f84ea74ef3b44370d11757b","name":"Redacci\u00f3n","image":{"@type":"ImageObject","inLanguage":"es","@id":"https:\/\/i0.wp.com\/informatepy.com\/2021\/wp-content\/uploads\/2021\/02\/informate-circulo.png?fit=96%2C96&ssl=1","url":"https:\/\/i0.wp.com\/informatepy.com\/2021\/wp-content\/uploads\/2021\/02\/informate-circulo.png?fit=96%2C96&ssl=1","contentUrl":"https:\/\/i0.wp.com\/informatepy.com\/2021\/wp-content\/uploads\/2021\/02\/informate-circulo.png?fit=96%2C96&ssl=1","caption":"Redacci\u00f3n"},"sameAs":["https:\/\/www.facebook.com\/InformatePyCom","https:\/\/x.com\/https:\/\/twitter.com\/InformatePy1"],"url":"https:\/\/informatepy.com\/2021\/author\/redaccion\/"}]}},"jetpack_featured_media_url":"https:\/\/i0.wp.com\/informatepy.com\/2021\/wp-content\/uploads\/2022\/01\/Carlos-Maria-Ljubetic-TSJE.jpg?fit=660%2C330&ssl=1","jetpack_sharing_enabled":true,"jetpack_likes_enabled":true,"jetpack-related-posts":[{"id":12600,"url":"https:\/\/informatepy.com\/2021\/2022\/07\/09\/tsje-aprueba-el-uso-del-rcp-a-la-concertacion\/","url_meta":{"origin":12302,"position":0},"title":"TSJE aprueba el uso del RCP a la Concertacion","date":"9 de julio de 2022","format":false,"excerpt":"La\u00a0Concertaci\u00f3n Nacional\u00a02023, fue reconocida este viernes por el Tribunal Superior de Justicia Electoral (TSJE). Tambi\u00e9n, la instituci\u00f3n electoral aprob\u00f3 el uso del padr\u00f3n nacional para las pr\u00f3ximas elecciones internas. El TSJE adem\u00e1s de rechazar la recusaci\u00f3n planteada por el apoderado de la Asociaci\u00f3n Nacional Republicana (ANR), Eduardo Gonz\u00e1lez, contra el\u2026","rel":"","context":"En \u00abNacionales\u00bb","img":{"alt_text":"","src":"https:\/\/i0.wp.com\/informatepy.com\/2021\/wp-content\/uploads\/2022\/07\/TSJE.webp?fit=1024%2C455&ssl=1&resize=350%2C200","width":350,"height":200},"classes":[]},{"id":12529,"url":"https:\/\/informatepy.com\/2021\/2022\/07\/05\/tsje-respondera-el-viernes-acerca-del-uso-del-padron-nacional\/","url_meta":{"origin":12302,"position":1},"title":"TSJE responder\u00e1 el viernes acerca del uso del padr\u00f3n nacional","date":"5 de julio de 2022","format":false,"excerpt":"Jorge Bogar\u00edn, miembro del Tribunal Superior de Justicia Electoral (TSJE) anunci\u00f3 que el dictamen de la Fiscal\u00eda Electoral que recomienda la prohibici\u00f3n del uso del padr\u00f3n nacional en las elecciones de la concertaci\u00f3n, ingresar\u00e1 este viernes a la primera sala del TSJE para su estudio y, aunque se excus\u00f3 de\u2026","rel":"","context":"En \u00abNacionales\u00bb","img":{"alt_text":"","src":"https:\/\/i0.wp.com\/informatepy.com\/2021\/wp-content\/uploads\/2022\/07\/TSJE.webp?fit=1024%2C455&ssl=1&resize=350%2C200","width":350,"height":200},"classes":[]},{"id":12030,"url":"https:\/\/informatepy.com\/2021\/2022\/06\/09\/concertacion-utilizara-padrones-en-su-interna\/","url_meta":{"origin":12302,"position":2},"title":"Concertaci\u00f3n utilizar\u00e1 padrones nacionales en su interna","date":"9 de junio de 2022","format":false,"excerpt":"Hugo Fleitas, vicepresidente del PLRA y gobernador de Cordillera, confirm\u00f3 que utilizar\u00e1n los padrones nacionales al referirse al mecanismo que regir\u00e1 para definir la chapa presidencial de cara al 2023, aunque es una cuesti\u00f3n a la que se oponen los colorados y habr\u00e1 que ver si recurren esa decisi\u00f3n. Aclar\u00f3\u2026","rel":"","context":"En \u00abNacionales\u00bb","img":{"alt_text":"","src":"https:\/\/i0.wp.com\/informatepy.com\/2021\/wp-content\/uploads\/2022\/06\/concertacion.jpeg?fit=1016%2C677&ssl=1&resize=350%2C200","width":350,"height":200},"classes":[]},{"id":12346,"url":"https:\/\/informatepy.com\/2021\/2022\/06\/24\/la-concertacion-nacional-pidio-el-reconocimiento-oficial-al-tsje\/","url_meta":{"origin":12302,"position":3},"title":"La Concertaci\u00f3n Nacional pidi\u00f3 el reconocimiento oficial al TSJE","date":"24 de junio de 2022","format":false,"excerpt":"Referentes de la Concertaci\u00f3n Nacional 2023 solicitaron hoy al Tribunal Superior de Justicia Electoral el reconocimiento oficial del grupo pol\u00edtico integrado por movimientos y partidos de la oposici\u00f3n. El presidente del\u00a0Partido Liberal Radical Aut\u00e9ntico\u00a0(PLRA),\u00a0Efra\u00edn Alegre, afirm\u00f3 que la Concertaci\u00f3n Nacional 2023 es la unidad de todos los paraguayos y paraguayas\u2026","rel":"","context":"En \u00abNacionales\u00bb","img":{"alt_text":"","src":"https:\/\/i0.wp.com\/informatepy.com\/2021\/wp-content\/uploads\/2022\/06\/concertacion.webp?fit=730%2C411&ssl=1&resize=350%2C200","width":350,"height":200},"classes":[]},{"id":6047,"url":"https:\/\/informatepy.com\/2021\/2021\/07\/30\/en-paraguay-hay-mas-afiliados-a-todos-los-partidos-que-electores\/","url_meta":{"origin":12302,"position":4},"title":"En Paraguay hay m\u00e1s afiliados (a todos los partidos) que electores","date":"30 de julio de 2021","format":false,"excerpt":"El director de Recursos Electorales del Tribunal Superior de Justicia Electoral, Luis Salas, dijo que el esc\u00e1ndalo actual por la cantidad de gente que fue afiliada de manera involuntaria en la ANR, no es exclusivo de este sector pol\u00edtico ya que todos los partidos tienen dobles afiliaciones y se requiere\u2026","rel":"","context":"En \u00abNacionales\u00bb","img":{"alt_text":"","src":"https:\/\/i0.wp.com\/informatepy.com\/2021\/wp-content\/uploads\/2021\/07\/luis-salas-TSJE.jpeg?fit=660%2C330&ssl=1&resize=350%2C200","width":350,"height":200},"classes":[]},{"id":3604,"url":"https:\/\/informatepy.com\/2021\/2021\/02\/25\/el-tsje-admiten-que-crisis-del-plra-pone-en-jaque-a-sus-candidatos-a-municipales\/","url_meta":{"origin":12302,"position":5},"title":"El TSJE admiten que crisis del PLRA pone en jaque a sus candidatos a municipales","date":"25 de febrero de 2021","format":false,"excerpt":"El Director de Procesos Electorales del TSJE, Carlos Mar\u00eda Ljubetic, admiti\u00f3 que la crisis en que se encuentra el PLRA, pone una alta cuota de incertidumbre al proceso liberal. \u201cEs toda una inc\u00f3gnita, porque se supone que una elecci\u00f3n de un movimiento, partido o concertaci\u00f3n, debe tener un Tribunal Electoral,\u2026","rel":"","context":"En \u00abDestacados\u00bb","img":{"alt_text":"","src":"https:\/\/i0.wp.com\/informatepy.com\/2021\/wp-content\/uploads\/2021\/02\/PLRA.jpg?fit=1200%2C626&ssl=1&resize=350%2C200","width":350,"height":200},"classes":[]}],"authors":[{"term_id":1051,"user_id":4,"is_guest":0,"slug":"redaccion","display_name":"Redacci\u00f3n","avatar_url":"https:\/\/i0.wp.com\/informatepy.com\/2021\/wp-content\/uploads\/2021\/02\/informate-circulo.png?fit=96%2C96&ssl=1","first_name":"Redacci\u00f3n","last_name":"","user_url":"","description":""}],"amp_enabled":true,"_links":{"self":[{"href":"https:\/\/informatepy.com\/2021\/wp-json\/wp\/v2\/posts\/12302","targetHints":{"allow":["GET"]}}],"collection":[{"href":"https:\/\/informatepy.com\/2021\/wp-json\/wp\/v2\/posts"}],"about":[{"href":"https:\/\/informatepy.com\/2021\/wp-json\/wp\/v2\/types\/post"}],"author":[{"embeddable":true,"href":"https:\/\/informatepy.com\/2021\/wp-json\/wp\/v2\/users\/4"}],"replies":[{"embeddable":true,"href":"https:\/\/informatepy.com\/2021\/wp-json\/wp\/v2\/comments?post=12302"}],"version-history":[{"count":2,"href":"https:\/\/informatepy.com\/2021\/wp-json\/wp\/v2\/posts\/12302\/revisions"}],"predecessor-version":[{"id":12305,"href":"https:\/\/informatepy.com\/2021\/wp-json\/wp\/v2\/posts\/12302\/revisions\/12305"}],"wp:featuredmedia":[{"embeddable":true,"href":"https:\/\/informatepy.com\/2021\/wp-json\/wp\/v2\/media\/9609"}],"wp:attachment":[{"href":"https:\/\/informatepy.com\/2021\/wp-json\/wp\/v2\/media?parent=12302"}],"wp:term":[{"taxonomy":"category","embeddable":true,"href":"https:\/\/informatepy.com\/2021\/wp-json\/wp\/v2\/categories?post=12302"},{"taxonomy":"post_tag","embeddable":true,"href":"https:\/\/informatepy.com\/2021\/wp-json\/wp\/v2\/tags?post=12302"},{"taxonomy":"author","embeddable":true,"href":"https:\/\/informatepy.com\/2021\/wp-json\/wp\/v2\/ppma_author?post=12302"}],"curies":[{"name":"wp","href":"https:\/\/api.w.org\/{rel}","templated":true}]}}