{"id":12166,"date":"2022-06-15T17:01:13","date_gmt":"2022-06-15T20:01:13","guid":{"rendered":"https:\/\/informatepy.com\/2021\/?p=12166"},"modified":"2022-06-15T17:03:50","modified_gmt":"2022-06-15T20:03:50","slug":"emmanuel-macron-a-punto-de-perder-la-asamblea","status":"publish","type":"post","link":"https:\/\/informatepy.com\/2021\/2022\/06\/15\/emmanuel-macron-a-punto-de-perder-la-asamblea\/","title":{"rendered":"Emmanuel Macron a punto de perder la Asamblea"},"content":{"rendered":"\n<p class=\"has-text-align-justify\"><strong>Emmanuel Macron\u00a0fue acorralado por la coalici\u00f3n de la\u00a0izquierda, la\u00a0<em>Nueva Uni\u00f3n Popular, Ecol\u00f3gica y Social\u00a0<\/em>(los Nupes), en la primera vuelta de las elecciones legislativas en\u00a0Francia<\/strong>, realizadas el pasado domingo 12\/06.<\/p>\n\n\n\n<p class=\"has-text-align-justify\">El actual presidente de Francia, recientemente reelecto en mayo, sab\u00eda lo que se esperaba: al enfrentarse con la candidata de extrema derecha,\u00a0<strong>Marine Le Pen<\/strong>,<strong>\u00a0inevitablemente acapar\u00f3 los votos del tercer candidato en la fila, Jean-Luc M\u00e9lenchon<\/strong>.<\/p>\n\n\n\n<p class=\"has-text-align-justify\"><strong>Pero esto no quiere decir que los ciudadanos de Francia estaban a favor de su primer mandato<\/strong>&nbsp;y apostaban por un segundo: a lo largo de su mandato Emmanuel Macron gan\u00f3 la oposici\u00f3n de muchos sectores sociales, y<strong>&nbsp;esto se vio en las legislativas.<\/strong><\/p>\n\n\n\n<p class=\"has-text-align-justify\"><em>Ensemble!<\/em>\u00a0(juntos),\u00a0la coalici\u00f3n presidencial en la Asamblea Nacional gan\u00f3 con apenas el 25,75% de los votos, solo 9 cent\u00e9simos adelante de la coalici\u00f3n de izquierda, los Nupes, que obtuvieron un 25,66%.<\/p>\n\n\n\n<p class=\"has-text-align-justify\">La administraci\u00f3n de Emmanuel Macron ya siente el caos de perder la mayor\u00eda en la Asamblea Nacional el pr\u00f3ximo domingo 19 en la segunda vuelta de las elecciones legislativas.<\/p>\n","protected":false},"excerpt":{"rendered":"<p>La primera vuelta de las legislativas en Francia dejaron entrever la oposici\u00f3n a Emmanuel Macron a pesar de ser reelecto. <\/p>\n","protected":false},"author":4,"featured_media":9540,"comment_status":"open","ping_status":"open","sticky":false,"template":"","format":"standard","meta":{"_monsterinsights_skip_tracking":false,"_monsterinsights_sitenote_active":false,"_monsterinsights_sitenote_note":"","_monsterinsights_sitenote_category":0,"footnotes":"","jetpack_publicize_message":"","jetpack_is_tweetstorm":false,"jetpack_publicize_feature_enabled":true},"categories":[173],"tags":[1036,1156,542],"ppma_author":[1051],"class_list":["post-12166","post","type-post","status-publish","format-standard","has-post-thumbnail","hentry","category-mundo","tag-destacada","tag-emmanuel-macron","tag-francia"],"jetpack_publicize_connections":[],"yoast_head":"<!-- This site is optimized with the Yoast SEO plugin v27.4 - https:\/\/yoast.com\/product\/yoast-seo-wordpress\/ -->\n<title>Emmanuel Macron a punto de perder la Asamblea - Informatepy<\/title>\n<meta name=\"robots\" content=\"index, follow, max-snippet:-1, max-image-preview:large, max-video-preview:-1\" \/>\n<link rel=\"canonical\" href=\"https:\/\/informatepy.com\/2021\/2022\/06\/15\/emmanuel-macron-a-punto-de-perder-la-asamblea\/\" \/>\n<meta property=\"og:locale\" content=\"es_ES\" \/>\n<meta property=\"og:type\" content=\"article\" \/>\n<meta property=\"og:title\" content=\"Emmanuel Macron a punto de perder la Asamblea - Informatepy\" \/>\n<meta property=\"og:description\" content=\"La primera vuelta de las legislativas en Francia dejaron entrever la oposici\u00f3n a Emmanuel Macron a pesar de ser reelecto.\" \/>\n<meta property=\"og:url\" content=\"https:\/\/informatepy.com\/2021\/2022\/06\/15\/emmanuel-macron-a-punto-de-perder-la-asamblea\/\" \/>\n<meta property=\"og:site_name\" content=\"Informatepy\" \/>\n<meta property=\"article:author\" content=\"https:\/\/www.facebook.com\/InformatePyCom\" \/>\n<meta property=\"article:published_time\" content=\"2022-06-15T20:01:13+00:00\" \/>\n<meta property=\"article:modified_time\" content=\"2022-06-15T20:03:50+00:00\" \/>\n<meta property=\"og:image\" content=\"https:\/\/informatepy.com\/2021\/wp-content\/uploads\/2022\/01\/macron-euro-camara.jpg\" \/>\n\t<meta property=\"og:image:width\" content=\"1024\" \/>\n\t<meta property=\"og:image:height\" content=\"576\" \/>\n\t<meta property=\"og:image:type\" content=\"image\/jpeg\" \/>\n<meta name=\"author\" content=\"Redacci\u00f3n\" \/>\n<meta name=\"twitter:card\" content=\"summary_large_image\" \/>\n<meta name=\"twitter:creator\" content=\"@https:\/\/twitter.com\/InformatePy1\" \/>\n<meta name=\"twitter:label1\" content=\"Escrito por\" \/>\n\t<meta name=\"twitter:data1\" content=\"Redacci\u00f3n\" \/>\n\t<meta name=\"twitter:label2\" content=\"Tiempo de lectura\" \/>\n\t<meta name=\"twitter:data2\" content=\"1 minuto\" \/>\n<script type=\"application\/ld+json\" class=\"yoast-schema-graph\">{\"@context\":\"https:\\\/\\\/schema.org\",\"@graph\":[{\"@type\":\"Article\",\"@id\":\"https:\\\/\\\/informatepy.com\\\/2021\\\/2022\\\/06\\\/15\\\/emmanuel-macron-a-punto-de-perder-la-asamblea\\\/#article\",\"isPartOf\":{\"@id\":\"https:\\\/\\\/informatepy.com\\\/2021\\\/2022\\\/06\\\/15\\\/emmanuel-macron-a-punto-de-perder-la-asamblea\\\/\"},\"author\":{\"name\":\"Redacci\u00f3n\",\"@id\":\"https:\\\/\\\/informatepy.com\\\/2021\\\/#\\\/schema\\\/person\\\/0c842f525f84ea74ef3b44370d11757b\"},\"headline\":\"Emmanuel Macron a punto de perder la Asamblea\",\"datePublished\":\"2022-06-15T20:01:13+00:00\",\"dateModified\":\"2022-06-15T20:03:50+00:00\",\"mainEntityOfPage\":{\"@id\":\"https:\\\/\\\/informatepy.com\\\/2021\\\/2022\\\/06\\\/15\\\/emmanuel-macron-a-punto-de-perder-la-asamblea\\\/\"},\"wordCount\":193,\"commentCount\":0,\"publisher\":{\"@id\":\"https:\\\/\\\/informatepy.com\\\/2021\\\/#\\\/schema\\\/person\\\/edd302c981d6ba4596191719d1025a8a\"},\"image\":{\"@id\":\"https:\\\/\\\/informatepy.com\\\/2021\\\/2022\\\/06\\\/15\\\/emmanuel-macron-a-punto-de-perder-la-asamblea\\\/#primaryimage\"},\"thumbnailUrl\":\"https:\\\/\\\/i0.wp.com\\\/informatepy.com\\\/2021\\\/wp-content\\\/uploads\\\/2022\\\/01\\\/macron-euro-camara.jpg?fit=1024%2C576&ssl=1\",\"keywords\":[\"destacada\",\"emmanuel macron\",\"francia\"],\"articleSection\":[\"Mundo\"],\"inLanguage\":\"es\",\"potentialAction\":[{\"@type\":\"CommentAction\",\"name\":\"Comment\",\"target\":[\"https:\\\/\\\/informatepy.com\\\/2021\\\/2022\\\/06\\\/15\\\/emmanuel-macron-a-punto-de-perder-la-asamblea\\\/#respond\"]}]},{\"@type\":\"WebPage\",\"@id\":\"https:\\\/\\\/informatepy.com\\\/2021\\\/2022\\\/06\\\/15\\\/emmanuel-macron-a-punto-de-perder-la-asamblea\\\/\",\"url\":\"https:\\\/\\\/informatepy.com\\\/2021\\\/2022\\\/06\\\/15\\\/emmanuel-macron-a-punto-de-perder-la-asamblea\\\/\",\"name\":\"Emmanuel Macron a punto de perder la Asamblea - Informatepy\",\"isPartOf\":{\"@id\":\"https:\\\/\\\/informatepy.com\\\/2021\\\/#website\"},\"primaryImageOfPage\":{\"@id\":\"https:\\\/\\\/informatepy.com\\\/2021\\\/2022\\\/06\\\/15\\\/emmanuel-macron-a-punto-de-perder-la-asamblea\\\/#primaryimage\"},\"image\":{\"@id\":\"https:\\\/\\\/informatepy.com\\\/2021\\\/2022\\\/06\\\/15\\\/emmanuel-macron-a-punto-de-perder-la-asamblea\\\/#primaryimage\"},\"thumbnailUrl\":\"https:\\\/\\\/i0.wp.com\\\/informatepy.com\\\/2021\\\/wp-content\\\/uploads\\\/2022\\\/01\\\/macron-euro-camara.jpg?fit=1024%2C576&ssl=1\",\"datePublished\":\"2022-06-15T20:01:13+00:00\",\"dateModified\":\"2022-06-15T20:03:50+00:00\",\"breadcrumb\":{\"@id\":\"https:\\\/\\\/informatepy.com\\\/2021\\\/2022\\\/06\\\/15\\\/emmanuel-macron-a-punto-de-perder-la-asamblea\\\/#breadcrumb\"},\"inLanguage\":\"es\",\"potentialAction\":[{\"@type\":\"ReadAction\",\"target\":[\"https:\\\/\\\/informatepy.com\\\/2021\\\/2022\\\/06\\\/15\\\/emmanuel-macron-a-punto-de-perder-la-asamblea\\\/\"]}]},{\"@type\":\"ImageObject\",\"inLanguage\":\"es\",\"@id\":\"https:\\\/\\\/informatepy.com\\\/2021\\\/2022\\\/06\\\/15\\\/emmanuel-macron-a-punto-de-perder-la-asamblea\\\/#primaryimage\",\"url\":\"https:\\\/\\\/i0.wp.com\\\/informatepy.com\\\/2021\\\/wp-content\\\/uploads\\\/2022\\\/01\\\/macron-euro-camara.jpg?fit=1024%2C576&ssl=1\",\"contentUrl\":\"https:\\\/\\\/i0.wp.com\\\/informatepy.com\\\/2021\\\/wp-content\\\/uploads\\\/2022\\\/01\\\/macron-euro-camara.jpg?fit=1024%2C576&ssl=1\",\"width\":1024,\"height\":576},{\"@type\":\"BreadcrumbList\",\"@id\":\"https:\\\/\\\/informatepy.com\\\/2021\\\/2022\\\/06\\\/15\\\/emmanuel-macron-a-punto-de-perder-la-asamblea\\\/#breadcrumb\",\"itemListElement\":[{\"@type\":\"ListItem\",\"position\":1,\"name\":\"Portada\",\"item\":\"https:\\\/\\\/informatepy.com\\\/2021\\\/\"},{\"@type\":\"ListItem\",\"position\":2,\"name\":\"Emmanuel Macron a punto de perder la Asamblea\"}]},{\"@type\":\"WebSite\",\"@id\":\"https:\\\/\\\/informatepy.com\\\/2021\\\/#website\",\"url\":\"https:\\\/\\\/informatepy.com\\\/2021\\\/\",\"name\":\"Informatepy\",\"description\":\"La verdad, siempre!\",\"publisher\":{\"@id\":\"https:\\\/\\\/informatepy.com\\\/2021\\\/#\\\/schema\\\/person\\\/edd302c981d6ba4596191719d1025a8a\"},\"potentialAction\":[{\"@type\":\"SearchAction\",\"target\":{\"@type\":\"EntryPoint\",\"urlTemplate\":\"https:\\\/\\\/informatepy.com\\\/2021\\\/?s={search_term_string}\"},\"query-input\":{\"@type\":\"PropertyValueSpecification\",\"valueRequired\":true,\"valueName\":\"search_term_string\"}}],\"inLanguage\":\"es\"},{\"@type\":[\"Person\",\"Organization\"],\"@id\":\"https:\\\/\\\/informatepy.com\\\/2021\\\/#\\\/schema\\\/person\\\/edd302c981d6ba4596191719d1025a8a\",\"name\":\"admin\",\"image\":{\"@type\":\"ImageObject\",\"inLanguage\":\"es\",\"@id\":\"https:\\\/\\\/secure.gravatar.com\\\/avatar\\\/5310f602b6cbcfb86e030c4ccdbb78f6565a3b9bab6a74ab80fd3cb5428b65af?s=96&d=mm&r=g\",\"url\":\"https:\\\/\\\/secure.gravatar.com\\\/avatar\\\/5310f602b6cbcfb86e030c4ccdbb78f6565a3b9bab6a74ab80fd3cb5428b65af?s=96&d=mm&r=g\",\"contentUrl\":\"https:\\\/\\\/secure.gravatar.com\\\/avatar\\\/5310f602b6cbcfb86e030c4ccdbb78f6565a3b9bab6a74ab80fd3cb5428b65af?s=96&d=mm&r=g\",\"caption\":\"admin\"},\"logo\":{\"@id\":\"https:\\\/\\\/secure.gravatar.com\\\/avatar\\\/5310f602b6cbcfb86e030c4ccdbb78f6565a3b9bab6a74ab80fd3cb5428b65af?s=96&d=mm&r=g\"},\"sameAs\":[\"http:\\\/\\\/informatepy.com\\\/2021\"]},{\"@type\":\"Person\",\"@id\":\"https:\\\/\\\/informatepy.com\\\/2021\\\/#\\\/schema\\\/person\\\/0c842f525f84ea74ef3b44370d11757b\",\"name\":\"Redacci\u00f3n\",\"image\":{\"@type\":\"ImageObject\",\"inLanguage\":\"es\",\"@id\":\"https:\\\/\\\/i0.wp.com\\\/informatepy.com\\\/2021\\\/wp-content\\\/uploads\\\/2021\\\/02\\\/informate-circulo.png?fit=96%2C96&ssl=1\",\"url\":\"https:\\\/\\\/i0.wp.com\\\/informatepy.com\\\/2021\\\/wp-content\\\/uploads\\\/2021\\\/02\\\/informate-circulo.png?fit=96%2C96&ssl=1\",\"contentUrl\":\"https:\\\/\\\/i0.wp.com\\\/informatepy.com\\\/2021\\\/wp-content\\\/uploads\\\/2021\\\/02\\\/informate-circulo.png?fit=96%2C96&ssl=1\",\"caption\":\"Redacci\u00f3n\"},\"sameAs\":[\"https:\\\/\\\/www.facebook.com\\\/InformatePyCom\",\"https:\\\/\\\/x.com\\\/https:\\\/\\\/twitter.com\\\/InformatePy1\"],\"url\":\"https:\\\/\\\/informatepy.com\\\/2021\\\/author\\\/redaccion\\\/\"}]}<\/script>\n<!-- \/ Yoast SEO plugin. -->","yoast_head_json":{"title":"Emmanuel Macron a punto de perder la Asamblea - Informatepy","robots":{"index":"index","follow":"follow","max-snippet":"max-snippet:-1","max-image-preview":"max-image-preview:large","max-video-preview":"max-video-preview:-1"},"canonical":"https:\/\/informatepy.com\/2021\/2022\/06\/15\/emmanuel-macron-a-punto-de-perder-la-asamblea\/","og_locale":"es_ES","og_type":"article","og_title":"Emmanuel Macron a punto de perder la Asamblea - Informatepy","og_description":"La primera vuelta de las legislativas en Francia dejaron entrever la oposici\u00f3n a Emmanuel Macron a pesar de ser reelecto.","og_url":"https:\/\/informatepy.com\/2021\/2022\/06\/15\/emmanuel-macron-a-punto-de-perder-la-asamblea\/","og_site_name":"Informatepy","article_author":"https:\/\/www.facebook.com\/InformatePyCom","article_published_time":"2022-06-15T20:01:13+00:00","article_modified_time":"2022-06-15T20:03:50+00:00","og_image":[{"width":1024,"height":576,"url":"https:\/\/informatepy.com\/2021\/wp-content\/uploads\/2022\/01\/macron-euro-camara.jpg","type":"image\/jpeg"}],"author":"Redacci\u00f3n","twitter_card":"summary_large_image","twitter_creator":"@https:\/\/twitter.com\/InformatePy1","twitter_misc":{"Escrito por":"Redacci\u00f3n","Tiempo de lectura":"1 minuto"},"schema":{"@context":"https:\/\/schema.org","@graph":[{"@type":"Article","@id":"https:\/\/informatepy.com\/2021\/2022\/06\/15\/emmanuel-macron-a-punto-de-perder-la-asamblea\/#article","isPartOf":{"@id":"https:\/\/informatepy.com\/2021\/2022\/06\/15\/emmanuel-macron-a-punto-de-perder-la-asamblea\/"},"author":{"name":"Redacci\u00f3n","@id":"https:\/\/informatepy.com\/2021\/#\/schema\/person\/0c842f525f84ea74ef3b44370d11757b"},"headline":"Emmanuel Macron a punto de perder la Asamblea","datePublished":"2022-06-15T20:01:13+00:00","dateModified":"2022-06-15T20:03:50+00:00","mainEntityOfPage":{"@id":"https:\/\/informatepy.com\/2021\/2022\/06\/15\/emmanuel-macron-a-punto-de-perder-la-asamblea\/"},"wordCount":193,"commentCount":0,"publisher":{"@id":"https:\/\/informatepy.com\/2021\/#\/schema\/person\/edd302c981d6ba4596191719d1025a8a"},"image":{"@id":"https:\/\/informatepy.com\/2021\/2022\/06\/15\/emmanuel-macron-a-punto-de-perder-la-asamblea\/#primaryimage"},"thumbnailUrl":"https:\/\/i0.wp.com\/informatepy.com\/2021\/wp-content\/uploads\/2022\/01\/macron-euro-camara.jpg?fit=1024%2C576&ssl=1","keywords":["destacada","emmanuel macron","francia"],"articleSection":["Mundo"],"inLanguage":"es","potentialAction":[{"@type":"CommentAction","name":"Comment","target":["https:\/\/informatepy.com\/2021\/2022\/06\/15\/emmanuel-macron-a-punto-de-perder-la-asamblea\/#respond"]}]},{"@type":"WebPage","@id":"https:\/\/informatepy.com\/2021\/2022\/06\/15\/emmanuel-macron-a-punto-de-perder-la-asamblea\/","url":"https:\/\/informatepy.com\/2021\/2022\/06\/15\/emmanuel-macron-a-punto-de-perder-la-asamblea\/","name":"Emmanuel Macron a punto de perder la Asamblea - Informatepy","isPartOf":{"@id":"https:\/\/informatepy.com\/2021\/#website"},"primaryImageOfPage":{"@id":"https:\/\/informatepy.com\/2021\/2022\/06\/15\/emmanuel-macron-a-punto-de-perder-la-asamblea\/#primaryimage"},"image":{"@id":"https:\/\/informatepy.com\/2021\/2022\/06\/15\/emmanuel-macron-a-punto-de-perder-la-asamblea\/#primaryimage"},"thumbnailUrl":"https:\/\/i0.wp.com\/informatepy.com\/2021\/wp-content\/uploads\/2022\/01\/macron-euro-camara.jpg?fit=1024%2C576&ssl=1","datePublished":"2022-06-15T20:01:13+00:00","dateModified":"2022-06-15T20:03:50+00:00","breadcrumb":{"@id":"https:\/\/informatepy.com\/2021\/2022\/06\/15\/emmanuel-macron-a-punto-de-perder-la-asamblea\/#breadcrumb"},"inLanguage":"es","potentialAction":[{"@type":"ReadAction","target":["https:\/\/informatepy.com\/2021\/2022\/06\/15\/emmanuel-macron-a-punto-de-perder-la-asamblea\/"]}]},{"@type":"ImageObject","inLanguage":"es","@id":"https:\/\/informatepy.com\/2021\/2022\/06\/15\/emmanuel-macron-a-punto-de-perder-la-asamblea\/#primaryimage","url":"https:\/\/i0.wp.com\/informatepy.com\/2021\/wp-content\/uploads\/2022\/01\/macron-euro-camara.jpg?fit=1024%2C576&ssl=1","contentUrl":"https:\/\/i0.wp.com\/informatepy.com\/2021\/wp-content\/uploads\/2022\/01\/macron-euro-camara.jpg?fit=1024%2C576&ssl=1","width":1024,"height":576},{"@type":"BreadcrumbList","@id":"https:\/\/informatepy.com\/2021\/2022\/06\/15\/emmanuel-macron-a-punto-de-perder-la-asamblea\/#breadcrumb","itemListElement":[{"@type":"ListItem","position":1,"name":"Portada","item":"https:\/\/informatepy.com\/2021\/"},{"@type":"ListItem","position":2,"name":"Emmanuel Macron a punto de perder la Asamblea"}]},{"@type":"WebSite","@id":"https:\/\/informatepy.com\/2021\/#website","url":"https:\/\/informatepy.com\/2021\/","name":"Informatepy","description":"La verdad, siempre!","publisher":{"@id":"https:\/\/informatepy.com\/2021\/#\/schema\/person\/edd302c981d6ba4596191719d1025a8a"},"potentialAction":[{"@type":"SearchAction","target":{"@type":"EntryPoint","urlTemplate":"https:\/\/informatepy.com\/2021\/?s={search_term_string}"},"query-input":{"@type":"PropertyValueSpecification","valueRequired":true,"valueName":"search_term_string"}}],"inLanguage":"es"},{"@type":["Person","Organization"],"@id":"https:\/\/informatepy.com\/2021\/#\/schema\/person\/edd302c981d6ba4596191719d1025a8a","name":"admin","image":{"@type":"ImageObject","inLanguage":"es","@id":"https:\/\/secure.gravatar.com\/avatar\/5310f602b6cbcfb86e030c4ccdbb78f6565a3b9bab6a74ab80fd3cb5428b65af?s=96&d=mm&r=g","url":"https:\/\/secure.gravatar.com\/avatar\/5310f602b6cbcfb86e030c4ccdbb78f6565a3b9bab6a74ab80fd3cb5428b65af?s=96&d=mm&r=g","contentUrl":"https:\/\/secure.gravatar.com\/avatar\/5310f602b6cbcfb86e030c4ccdbb78f6565a3b9bab6a74ab80fd3cb5428b65af?s=96&d=mm&r=g","caption":"admin"},"logo":{"@id":"https:\/\/secure.gravatar.com\/avatar\/5310f602b6cbcfb86e030c4ccdbb78f6565a3b9bab6a74ab80fd3cb5428b65af?s=96&d=mm&r=g"},"sameAs":["http:\/\/informatepy.com\/2021"]},{"@type":"Person","@id":"https:\/\/informatepy.com\/2021\/#\/schema\/person\/0c842f525f84ea74ef3b44370d11757b","name":"Redacci\u00f3n","image":{"@type":"ImageObject","inLanguage":"es","@id":"https:\/\/i0.wp.com\/informatepy.com\/2021\/wp-content\/uploads\/2021\/02\/informate-circulo.png?fit=96%2C96&ssl=1","url":"https:\/\/i0.wp.com\/informatepy.com\/2021\/wp-content\/uploads\/2021\/02\/informate-circulo.png?fit=96%2C96&ssl=1","contentUrl":"https:\/\/i0.wp.com\/informatepy.com\/2021\/wp-content\/uploads\/2021\/02\/informate-circulo.png?fit=96%2C96&ssl=1","caption":"Redacci\u00f3n"},"sameAs":["https:\/\/www.facebook.com\/InformatePyCom","https:\/\/x.com\/https:\/\/twitter.com\/InformatePy1"],"url":"https:\/\/informatepy.com\/2021\/author\/redaccion\/"}]}},"jetpack_featured_media_url":"https:\/\/i0.wp.com\/informatepy.com\/2021\/wp-content\/uploads\/2022\/01\/macron-euro-camara.jpg?fit=1024%2C576&ssl=1","jetpack_sharing_enabled":true,"jetpack_likes_enabled":true,"jetpack-related-posts":[{"id":4348,"url":"https:\/\/informatepy.com\/2021\/2021\/04\/04\/la-extrema-derecha-de-le-pen-podria-ganar-las-presidenciales-francesas-de-2022\/","url_meta":{"origin":12166,"position":0},"title":"La extrema derecha de Le Pen podr\u00eda ganar las presidenciales francesas de 2022","date":"4 de abril de 2021","format":false,"excerpt":"El ministro de Finanzas franc\u00e9s, Bruno Le Maire, dijo el s\u00e1bado que era posible que la l\u00edder de la oposici\u00f3n de extrema derecha Marine le Pen pudiera ganar las elecciones presidenciales de Francia en 2022 y esperaba que el presidente Emmanuel Macron buscara un segundo mandato y ayudara a prevenir\u2026","rel":"","context":"En \u00abDestacados\u00bb","img":{"alt_text":"","src":"https:\/\/i0.wp.com\/informatepy.com\/2021\/wp-content\/uploads\/2021\/04\/le-pen.jpg?fit=1200%2C674&ssl=1&resize=350%2C200","width":350,"height":200},"classes":[]},{"id":12248,"url":"https:\/\/informatepy.com\/2021\/2022\/06\/20\/partido-de-marine-le-pen-da-un-golpe-electoral-en-francia\/","url_meta":{"origin":12166,"position":1},"title":"Partido de Marine Le Pen da un golpe electoral en Francia","date":"20 de junio de 2022","format":false,"excerpt":"En las elecciones legislativas celebradas en Francia el 19 de junio pasado, el partido \"Rassemblement National\" liderado por Marine Le Pen logr\u00f3 un sorprendente resultado positivo, obteniendo aproximadamente 85 a 90 bancas acorde los conteos preliminares, seg\u00fan reporta la Agencia Reuters. Esto convertir\u00eda al partido de Marine Le Pen en\u2026","rel":"","context":"En \u00abMundo\u00bb","img":{"alt_text":"","src":"https:\/\/i0.wp.com\/informatepy.com\/2021\/wp-content\/uploads\/2022\/04\/marine-lepen.jpg?fit=1200%2C740&ssl=1&resize=350%2C200","width":350,"height":200},"classes":[]},{"id":5773,"url":"https:\/\/informatepy.com\/2021\/2021\/07\/14\/francia-impone-pasaporte-sanitario-y-los-chalecos-amarillos-se-convocan-en-el-aniversario-de-la-toma-de-la-bastilla\/","url_meta":{"origin":12166,"position":2},"title":"Francia impone pasaporte sanitario y los \u00abchalecos amarillos\u00bb se convocan en el aniversario de la toma de la Bastilla","date":"14 de julio de 2021","format":false,"excerpt":"\"Obediente\" como pocos, Macron anunci\u00f3 que el personal sanitario y quienes trabajen con personas fr\u00e1giles, como los empleados de residencias de ancianos, tendr\u00e1n la obligaci\u00f3n de vacunarse antes del 15 de septiembre.","rel":"","context":"En \u00abMundo\u00bb","img":{"alt_text":"","src":"https:\/\/i0.wp.com\/informatepy.com\/2021\/wp-content\/uploads\/2021\/07\/chalecos-amarillos-francia.jpg?fit=640%2C360&ssl=1&resize=350%2C200","width":350,"height":200},"classes":[]},{"id":11279,"url":"https:\/\/informatepy.com\/2021\/2022\/04\/22\/francia-al-balotaje-crucial-macron-vs-lepen\/","url_meta":{"origin":12166,"position":3},"title":"Francia al balotaje crucial: Macron Vs. LePen","date":"22 de abril de 2022","format":false,"excerpt":"Este domingo tendr\u00e1 lugar la segunda vuelta de las elecciones presidenciales de Francia, que al igual que el pasado 2017, la medici\u00f3n ser\u00e1 nuevamente entre Emmanuel Macron (presidente-candidato) por el Partido social-liberal la \u201cRep\u00fablica En Marcha\u201d y; Marine Le Pen por el partido nacionalista y conservador \u201cAgrupaci\u00f3n Nacional\u201d. Recordemos que\u2026","rel":"","context":"En \u00abAnalisis\u00bb","img":{"alt_text":"","src":"https:\/\/i0.wp.com\/informatepy.com\/2021\/wp-content\/uploads\/2021\/11\/nahem.png?fit=1200%2C657&ssl=1&resize=350%2C200","width":350,"height":200},"classes":[]},{"id":11233,"url":"https:\/\/informatepy.com\/2021\/2022\/04\/20\/la-union-europea-ataca-a-marine-le-pen-a-dias-de-la-segunda-vuelta-en-francia\/","url_meta":{"origin":12166,"position":4},"title":"La Uni\u00f3n Europea ataca a Marine Le Pen a d\u00edas de la segunda vuelta en Francia","date":"20 de abril de 2022","format":false,"excerpt":"Fiscales franceses dijeron el domingo que est\u00e1n examinando un informe de la agencia antifraude de la Uni\u00f3n Europea que acusa a la candidata presidencial de derecha Marine Le Pen y a miembros de su partido de malversar fondos de la UE por valor de miles de euros. Le Pen qui\u00e9n\u2026","rel":"","context":"En \u00abMundo\u00bb","img":{"alt_text":"","src":"https:\/\/i0.wp.com\/informatepy.com\/2021\/wp-content\/uploads\/2022\/04\/marine-lepen.jpg?fit=1200%2C740&ssl=1&resize=350%2C200","width":350,"height":200},"classes":[]},{"id":6108,"url":"https:\/\/informatepy.com\/2021\/2021\/08\/01\/francia-vuelve-a-salir-a-las-calles-y-grita-basta\/","url_meta":{"origin":12166,"position":5},"title":"Francia vuelve a salir a las calles y grita BASTA","date":"1 de agosto de 2021","format":false,"excerpt":"Miles de manifestantes coparon las calles en ciudades y pueblos de Francia por tercera semana consecutiva mientras contin\u00faan resisti\u00e9ndose al plan del gobierno de Emmanuel Macron de exigir un pase de salud para participar en actividades ordinarias. De forma multitudinaria acudieron a Par\u00eds cuando la polic\u00eda antidisturbios intent\u00f3 acorralar las\u2026","rel":"","context":"En \u00abMundo\u00bb","img":{"alt_text":"","src":"https:\/\/i0.wp.com\/informatepy.com\/2021\/wp-content\/uploads\/2021\/08\/manifestantes-francia.jpg?fit=1200%2C630&ssl=1&resize=350%2C200","width":350,"height":200},"classes":[]}],"authors":[{"term_id":1051,"user_id":4,"is_guest":0,"slug":"redaccion","display_name":"Redacci\u00f3n","avatar_url":"https:\/\/i0.wp.com\/informatepy.com\/2021\/wp-content\/uploads\/2021\/02\/informate-circulo.png?fit=96%2C96&ssl=1","first_name":"Redacci\u00f3n","last_name":"","user_url":"","description":""}],"amp_enabled":true,"_links":{"self":[{"href":"https:\/\/informatepy.com\/2021\/wp-json\/wp\/v2\/posts\/12166","targetHints":{"allow":["GET"]}}],"collection":[{"href":"https:\/\/informatepy.com\/2021\/wp-json\/wp\/v2\/posts"}],"about":[{"href":"https:\/\/informatepy.com\/2021\/wp-json\/wp\/v2\/types\/post"}],"author":[{"embeddable":true,"href":"https:\/\/informatepy.com\/2021\/wp-json\/wp\/v2\/users\/4"}],"replies":[{"embeddable":true,"href":"https:\/\/informatepy.com\/2021\/wp-json\/wp\/v2\/comments?post=12166"}],"version-history":[{"count":1,"href":"https:\/\/informatepy.com\/2021\/wp-json\/wp\/v2\/posts\/12166\/revisions"}],"predecessor-version":[{"id":12167,"href":"https:\/\/informatepy.com\/2021\/wp-json\/wp\/v2\/posts\/12166\/revisions\/12167"}],"wp:featuredmedia":[{"embeddable":true,"href":"https:\/\/informatepy.com\/2021\/wp-json\/wp\/v2\/media\/9540"}],"wp:attachment":[{"href":"https:\/\/informatepy.com\/2021\/wp-json\/wp\/v2\/media?parent=12166"}],"wp:term":[{"taxonomy":"category","embeddable":true,"href":"https:\/\/informatepy.com\/2021\/wp-json\/wp\/v2\/categories?post=12166"},{"taxonomy":"post_tag","embeddable":true,"href":"https:\/\/informatepy.com\/2021\/wp-json\/wp\/v2\/tags?post=12166"},{"taxonomy":"author","embeddable":true,"href":"https:\/\/informatepy.com\/2021\/wp-json\/wp\/v2\/ppma_author?post=12166"}],"curies":[{"name":"wp","href":"https:\/\/api.w.org\/{rel}","templated":true}]}}