{"id":12154,"date":"2022-06-15T08:55:00","date_gmt":"2022-06-15T11:55:00","guid":{"rendered":"https:\/\/informatepy.com\/2021\/?p=12154"},"modified":"2022-06-15T09:02:41","modified_gmt":"2022-06-15T12:02:41","slug":"para-el-presidente-de-irlanda-la-masacre-de-cristianos-en-pentecostes-se-debio-al-cambio-climatico","status":"publish","type":"post","link":"https:\/\/informatepy.com\/2021\/2022\/06\/15\/para-el-presidente-de-irlanda-la-masacre-de-cristianos-en-pentecostes-se-debio-al-cambio-climatico\/","title":{"rendered":"Para el presidente de Irlanda, la masacre de cristianos en Pentecost\u00e9s se debi\u00f3 al cambio clim\u00e1tico"},"content":{"rendered":"\n<p class=\"has-text-align-justify\">El presidente de Irlanda, Michael D. Higgins, conden\u00f3 el ataque mortal en una <a href=\"https:\/\/informatepy.com\/2021\/2022\/06\/05\/nigeria-terroristas-musulmanes-irrumpen-en-una-misa-de-pentecostes-y-asesinan-a-50-fieles\/\" target=\"_blank\" rel=\"noreferrer noopener\">iglesia cat\u00f3lica en Nigeria el domingo de Pentecost\u00e9s<\/a> pero, los causales que encontr\u00f3 Higgins son totalmente absurdos.<\/p>\n\n\n\n<p class=\"has-text-align-justify\">Higgins, aludiendo a enfrentamientos mortales entre agricultores y pastores n\u00f3madas en el pa\u00eds de \u00c1frica Occidental afirm\u00f3 <strong><em>\u00abque tal ataque se haya realizado en un lugar de culto es una fuente de condena particular, al igual que cualquier intento de convertir en chivos expiatorios a los pueblos pastores que se encuentran entre las principales v\u00edctimas de las consecuencias del cambio clim\u00e1tico\u00bb<\/em><\/strong>, dando a entender que la masacre fue por cuestiones clim\u00e1ticas y no religiosas. Y a\u00f1adi\u00f3: <em><strong>\u201cLa solidaridad de todos nosotros, como pueblos del mundo, se debe a todos los impactados no solo por este horrible evento, sino en la lucha de los m\u00e1s vulnerables sobre quienes se han infligido las consecuencias del cambio clim\u00e1tico\u201d.<\/strong><\/em><\/p>\n\n\n\n<p class=\"has-text-align-justify\">Las absurdas afirmaciones del presidente irland\u00e9s provocaron la respuesta del <strong>Obispo de Ondo, Mons. Jude Ayodeji Arogundade<\/strong>: <strong><em>\u201cSi bien agradezco al Honorable Sr. Higgins por unirse a otros para condenar el ataque y ofrecer su simpat\u00eda a las v\u00edctimas, sus razones para esta espantosa&nbsp;masacre son incorrectas e inveros\u00edmiles\u201d<\/em><\/strong>. <em><strong>\u201cSugerir o hacer una conexi\u00f3n entre las v\u00edctimas del terrorismo y las consecuencias del cambio clim\u00e1tico no solo es enga\u00f1oso, sino que tambi\u00e9n&nbsp;resta importancia a las heridas de todos los que han sufrido el terrorismo&nbsp;en Nigeria\u201d<\/strong><\/em>, agreg\u00f3 Arogundade.<\/p>\n\n\n\n<p class=\"has-text-align-justify\"> Y ya, subiendo el tono de la respuesta, el Obispo de Ondo asegur\u00f3 que<em><strong> \u201c\u00a1Las v\u00edctimas del terrorismo son de otra categor\u00eda a la que nada se puede comparar! Est\u00e1 muy claro, para cualquiera que haya seguido de cerca los acontecimientos en Nigeria en los \u00faltimos a\u00f1os, que los problemas subyacentes de los ataques terroristas, delincuencia y los ataques incesantes&nbsp;no tienen nada en com\u00fan con el cambio clim\u00e1tico\u201d<\/strong><\/em>.<\/p>\n\n\n\n<p class=\"has-text-align-justify\">Finalmente, el obispo nigeriano hizo un <em><strong>\u201cllamado a aquellos que est\u00e1n tratando de aprovechar este horrible evento para proyectar cualquier forma de agenda ideol\u00f3gica, para que&nbsp;desistan de tal oportunismo\u201d.<\/strong><\/em><\/p>\n","protected":false},"excerpt":{"rendered":"<p>El presidente de Irlanda, Michael D. Higgins, conden\u00f3 el ataque mortal en una iglesia cat\u00f3lica en Nigeria el domingo de Pentecost\u00e9s pero, los causales que encontr\u00f3 Higgins son totalmente absurdos. Higgins, aludiendo a enfrentamientos mortales entre agricultores y pastores n\u00f3madas en el pa\u00eds de \u00c1frica Occidental afirm\u00f3 \u00abque tal ataque se haya realizado en un [&hellip;]<\/p>\n","protected":false},"author":4,"featured_media":12158,"comment_status":"open","ping_status":"open","sticky":false,"template":"","format":"standard","meta":{"_monsterinsights_skip_tracking":false,"_monsterinsights_sitenote_active":false,"_monsterinsights_sitenote_note":"","_monsterinsights_sitenote_category":0,"footnotes":"","jetpack_publicize_message":"","jetpack_is_tweetstorm":false,"jetpack_publicize_feature_enabled":true},"categories":[173],"tags":[979,309,1036,1839,1824,742,961],"ppma_author":[1051],"class_list":["post-12154","post","type-post","status-publish","format-standard","has-post-thumbnail","hentry","category-mundo","tag-agenda-2030","tag-cambio-climatico","tag-destacada","tag-irlanda","tag-nigeria","tag-terrorismo","tag-terrorismo-islamico"],"jetpack_publicize_connections":[],"yoast_head":"<!-- This site is optimized with the Yoast SEO plugin v27.5 - https:\/\/yoast.com\/product\/yoast-seo-wordpress\/ -->\n<title>Para el presidente de Irlanda, la masacre de cristianos en Pentecost\u00e9s se debi\u00f3 al cambio clim\u00e1tico - Informatepy<\/title>\n<meta name=\"robots\" content=\"index, follow, max-snippet:-1, max-image-preview:large, max-video-preview:-1\" \/>\n<link rel=\"canonical\" href=\"https:\/\/informatepy.com\/2021\/2022\/06\/15\/para-el-presidente-de-irlanda-la-masacre-de-cristianos-en-pentecostes-se-debio-al-cambio-climatico\/\" \/>\n<meta property=\"og:locale\" content=\"es_ES\" \/>\n<meta property=\"og:type\" content=\"article\" \/>\n<meta property=\"og:title\" content=\"Para el presidente de Irlanda, la masacre de cristianos en Pentecost\u00e9s se debi\u00f3 al cambio clim\u00e1tico - Informatepy\" \/>\n<meta property=\"og:description\" content=\"El presidente de Irlanda, Michael D. Higgins, conden\u00f3 el ataque mortal en una iglesia cat\u00f3lica en Nigeria el domingo de Pentecost\u00e9s pero, los causales que encontr\u00f3 Higgins son totalmente absurdos. Higgins, aludiendo a enfrentamientos mortales entre agricultores y pastores n\u00f3madas en el pa\u00eds de \u00c1frica Occidental afirm\u00f3 \u00abque tal ataque se haya realizado en un [&hellip;]\" \/>\n<meta property=\"og:url\" content=\"https:\/\/informatepy.com\/2021\/2022\/06\/15\/para-el-presidente-de-irlanda-la-masacre-de-cristianos-en-pentecostes-se-debio-al-cambio-climatico\/\" \/>\n<meta property=\"og:site_name\" content=\"Informatepy\" \/>\n<meta property=\"article:author\" content=\"https:\/\/www.facebook.com\/InformatePyCom\" \/>\n<meta property=\"article:published_time\" content=\"2022-06-15T11:55:00+00:00\" \/>\n<meta property=\"article:modified_time\" content=\"2022-06-15T12:02:41+00:00\" \/>\n<meta property=\"og:image\" content=\"https:\/\/i0.wp.com\/informatepy.com\/2021\/wp-content\/uploads\/2022\/06\/Michael-higgs.webp?fit=1280%2C720&ssl=1\" \/>\n\t<meta property=\"og:image:width\" content=\"1280\" \/>\n\t<meta property=\"og:image:height\" content=\"720\" \/>\n\t<meta property=\"og:image:type\" content=\"image\/webp\" \/>\n<meta name=\"author\" content=\"Redacci\u00f3n\" \/>\n<meta name=\"twitter:card\" content=\"summary_large_image\" \/>\n<meta name=\"twitter:creator\" content=\"@https:\/\/twitter.com\/InformatePy1\" \/>\n<meta name=\"twitter:label1\" content=\"Escrito por\" \/>\n\t<meta name=\"twitter:data1\" content=\"Redacci\u00f3n\" \/>\n\t<meta name=\"twitter:label2\" content=\"Tiempo de lectura\" \/>\n\t<meta name=\"twitter:data2\" content=\"2 minutos\" \/>\n<script type=\"application\/ld+json\" class=\"yoast-schema-graph\">{\"@context\":\"https:\\\/\\\/schema.org\",\"@graph\":[{\"@type\":\"Article\",\"@id\":\"https:\\\/\\\/informatepy.com\\\/2021\\\/2022\\\/06\\\/15\\\/para-el-presidente-de-irlanda-la-masacre-de-cristianos-en-pentecostes-se-debio-al-cambio-climatico\\\/#article\",\"isPartOf\":{\"@id\":\"https:\\\/\\\/informatepy.com\\\/2021\\\/2022\\\/06\\\/15\\\/para-el-presidente-de-irlanda-la-masacre-de-cristianos-en-pentecostes-se-debio-al-cambio-climatico\\\/\"},\"author\":{\"name\":\"Redacci\u00f3n\",\"@id\":\"https:\\\/\\\/informatepy.com\\\/2021\\\/#\\\/schema\\\/person\\\/0c842f525f84ea74ef3b44370d11757b\"},\"headline\":\"Para el presidente de Irlanda, la masacre de cristianos en Pentecost\u00e9s se debi\u00f3 al cambio clim\u00e1tico\",\"datePublished\":\"2022-06-15T11:55:00+00:00\",\"dateModified\":\"2022-06-15T12:02:41+00:00\",\"mainEntityOfPage\":{\"@id\":\"https:\\\/\\\/informatepy.com\\\/2021\\\/2022\\\/06\\\/15\\\/para-el-presidente-de-irlanda-la-masacre-de-cristianos-en-pentecostes-se-debio-al-cambio-climatico\\\/\"},\"wordCount\":382,\"commentCount\":0,\"publisher\":{\"@id\":\"https:\\\/\\\/informatepy.com\\\/2021\\\/#\\\/schema\\\/person\\\/edd302c981d6ba4596191719d1025a8a\"},\"image\":{\"@id\":\"https:\\\/\\\/informatepy.com\\\/2021\\\/2022\\\/06\\\/15\\\/para-el-presidente-de-irlanda-la-masacre-de-cristianos-en-pentecostes-se-debio-al-cambio-climatico\\\/#primaryimage\"},\"thumbnailUrl\":\"https:\\\/\\\/i0.wp.com\\\/informatepy.com\\\/2021\\\/wp-content\\\/uploads\\\/2022\\\/06\\\/Michael-higgs.webp?fit=1280%2C720&ssl=1\",\"keywords\":[\"agenda 2030\",\"cambio climatico\",\"destacada\",\"irlanda\",\"nigeria\",\"terrorismo\",\"terrorismo islamico\"],\"articleSection\":[\"Mundo\"],\"inLanguage\":\"es\",\"potentialAction\":[{\"@type\":\"CommentAction\",\"name\":\"Comment\",\"target\":[\"https:\\\/\\\/informatepy.com\\\/2021\\\/2022\\\/06\\\/15\\\/para-el-presidente-de-irlanda-la-masacre-de-cristianos-en-pentecostes-se-debio-al-cambio-climatico\\\/#respond\"]}]},{\"@type\":\"WebPage\",\"@id\":\"https:\\\/\\\/informatepy.com\\\/2021\\\/2022\\\/06\\\/15\\\/para-el-presidente-de-irlanda-la-masacre-de-cristianos-en-pentecostes-se-debio-al-cambio-climatico\\\/\",\"url\":\"https:\\\/\\\/informatepy.com\\\/2021\\\/2022\\\/06\\\/15\\\/para-el-presidente-de-irlanda-la-masacre-de-cristianos-en-pentecostes-se-debio-al-cambio-climatico\\\/\",\"name\":\"Para el presidente de Irlanda, la masacre de cristianos en Pentecost\u00e9s se debi\u00f3 al cambio clim\u00e1tico - Informatepy\",\"isPartOf\":{\"@id\":\"https:\\\/\\\/informatepy.com\\\/2021\\\/#website\"},\"primaryImageOfPage\":{\"@id\":\"https:\\\/\\\/informatepy.com\\\/2021\\\/2022\\\/06\\\/15\\\/para-el-presidente-de-irlanda-la-masacre-de-cristianos-en-pentecostes-se-debio-al-cambio-climatico\\\/#primaryimage\"},\"image\":{\"@id\":\"https:\\\/\\\/informatepy.com\\\/2021\\\/2022\\\/06\\\/15\\\/para-el-presidente-de-irlanda-la-masacre-de-cristianos-en-pentecostes-se-debio-al-cambio-climatico\\\/#primaryimage\"},\"thumbnailUrl\":\"https:\\\/\\\/i0.wp.com\\\/informatepy.com\\\/2021\\\/wp-content\\\/uploads\\\/2022\\\/06\\\/Michael-higgs.webp?fit=1280%2C720&ssl=1\",\"datePublished\":\"2022-06-15T11:55:00+00:00\",\"dateModified\":\"2022-06-15T12:02:41+00:00\",\"breadcrumb\":{\"@id\":\"https:\\\/\\\/informatepy.com\\\/2021\\\/2022\\\/06\\\/15\\\/para-el-presidente-de-irlanda-la-masacre-de-cristianos-en-pentecostes-se-debio-al-cambio-climatico\\\/#breadcrumb\"},\"inLanguage\":\"es\",\"potentialAction\":[{\"@type\":\"ReadAction\",\"target\":[\"https:\\\/\\\/informatepy.com\\\/2021\\\/2022\\\/06\\\/15\\\/para-el-presidente-de-irlanda-la-masacre-de-cristianos-en-pentecostes-se-debio-al-cambio-climatico\\\/\"]}]},{\"@type\":\"ImageObject\",\"inLanguage\":\"es\",\"@id\":\"https:\\\/\\\/informatepy.com\\\/2021\\\/2022\\\/06\\\/15\\\/para-el-presidente-de-irlanda-la-masacre-de-cristianos-en-pentecostes-se-debio-al-cambio-climatico\\\/#primaryimage\",\"url\":\"https:\\\/\\\/i0.wp.com\\\/informatepy.com\\\/2021\\\/wp-content\\\/uploads\\\/2022\\\/06\\\/Michael-higgs.webp?fit=1280%2C720&ssl=1\",\"contentUrl\":\"https:\\\/\\\/i0.wp.com\\\/informatepy.com\\\/2021\\\/wp-content\\\/uploads\\\/2022\\\/06\\\/Michael-higgs.webp?fit=1280%2C720&ssl=1\",\"width\":1280,\"height\":720},{\"@type\":\"BreadcrumbList\",\"@id\":\"https:\\\/\\\/informatepy.com\\\/2021\\\/2022\\\/06\\\/15\\\/para-el-presidente-de-irlanda-la-masacre-de-cristianos-en-pentecostes-se-debio-al-cambio-climatico\\\/#breadcrumb\",\"itemListElement\":[{\"@type\":\"ListItem\",\"position\":1,\"name\":\"Portada\",\"item\":\"https:\\\/\\\/informatepy.com\\\/2021\\\/\"},{\"@type\":\"ListItem\",\"position\":2,\"name\":\"Para el presidente de Irlanda, la masacre de cristianos en Pentecost\u00e9s se debi\u00f3 al cambio clim\u00e1tico\"}]},{\"@type\":\"WebSite\",\"@id\":\"https:\\\/\\\/informatepy.com\\\/2021\\\/#website\",\"url\":\"https:\\\/\\\/informatepy.com\\\/2021\\\/\",\"name\":\"Informatepy\",\"description\":\"La verdad, siempre!\",\"publisher\":{\"@id\":\"https:\\\/\\\/informatepy.com\\\/2021\\\/#\\\/schema\\\/person\\\/edd302c981d6ba4596191719d1025a8a\"},\"potentialAction\":[{\"@type\":\"SearchAction\",\"target\":{\"@type\":\"EntryPoint\",\"urlTemplate\":\"https:\\\/\\\/informatepy.com\\\/2021\\\/?s={search_term_string}\"},\"query-input\":{\"@type\":\"PropertyValueSpecification\",\"valueRequired\":true,\"valueName\":\"search_term_string\"}}],\"inLanguage\":\"es\"},{\"@type\":[\"Person\",\"Organization\"],\"@id\":\"https:\\\/\\\/informatepy.com\\\/2021\\\/#\\\/schema\\\/person\\\/edd302c981d6ba4596191719d1025a8a\",\"name\":\"admin\",\"image\":{\"@type\":\"ImageObject\",\"inLanguage\":\"es\",\"@id\":\"https:\\\/\\\/secure.gravatar.com\\\/avatar\\\/5310f602b6cbcfb86e030c4ccdbb78f6565a3b9bab6a74ab80fd3cb5428b65af?s=96&d=mm&r=g\",\"url\":\"https:\\\/\\\/secure.gravatar.com\\\/avatar\\\/5310f602b6cbcfb86e030c4ccdbb78f6565a3b9bab6a74ab80fd3cb5428b65af?s=96&d=mm&r=g\",\"contentUrl\":\"https:\\\/\\\/secure.gravatar.com\\\/avatar\\\/5310f602b6cbcfb86e030c4ccdbb78f6565a3b9bab6a74ab80fd3cb5428b65af?s=96&d=mm&r=g\",\"caption\":\"admin\"},\"logo\":{\"@id\":\"https:\\\/\\\/secure.gravatar.com\\\/avatar\\\/5310f602b6cbcfb86e030c4ccdbb78f6565a3b9bab6a74ab80fd3cb5428b65af?s=96&d=mm&r=g\"},\"sameAs\":[\"http:\\\/\\\/informatepy.com\\\/2021\"]},{\"@type\":\"Person\",\"@id\":\"https:\\\/\\\/informatepy.com\\\/2021\\\/#\\\/schema\\\/person\\\/0c842f525f84ea74ef3b44370d11757b\",\"name\":\"Redacci\u00f3n\",\"image\":{\"@type\":\"ImageObject\",\"inLanguage\":\"es\",\"@id\":\"https:\\\/\\\/i0.wp.com\\\/informatepy.com\\\/2021\\\/wp-content\\\/uploads\\\/2021\\\/02\\\/informate-circulo.png?fit=96%2C96&ssl=1\",\"url\":\"https:\\\/\\\/i0.wp.com\\\/informatepy.com\\\/2021\\\/wp-content\\\/uploads\\\/2021\\\/02\\\/informate-circulo.png?fit=96%2C96&ssl=1\",\"contentUrl\":\"https:\\\/\\\/i0.wp.com\\\/informatepy.com\\\/2021\\\/wp-content\\\/uploads\\\/2021\\\/02\\\/informate-circulo.png?fit=96%2C96&ssl=1\",\"caption\":\"Redacci\u00f3n\"},\"sameAs\":[\"https:\\\/\\\/www.facebook.com\\\/InformatePyCom\",\"https:\\\/\\\/x.com\\\/https:\\\/\\\/twitter.com\\\/InformatePy1\"],\"url\":\"https:\\\/\\\/informatepy.com\\\/2021\\\/author\\\/redaccion\\\/\"}]}<\/script>\n<!-- \/ Yoast SEO plugin. -->","yoast_head_json":{"title":"Para el presidente de Irlanda, la masacre de cristianos en Pentecost\u00e9s se debi\u00f3 al cambio clim\u00e1tico - Informatepy","robots":{"index":"index","follow":"follow","max-snippet":"max-snippet:-1","max-image-preview":"max-image-preview:large","max-video-preview":"max-video-preview:-1"},"canonical":"https:\/\/informatepy.com\/2021\/2022\/06\/15\/para-el-presidente-de-irlanda-la-masacre-de-cristianos-en-pentecostes-se-debio-al-cambio-climatico\/","og_locale":"es_ES","og_type":"article","og_title":"Para el presidente de Irlanda, la masacre de cristianos en Pentecost\u00e9s se debi\u00f3 al cambio clim\u00e1tico - Informatepy","og_description":"El presidente de Irlanda, Michael D. Higgins, conden\u00f3 el ataque mortal en una iglesia cat\u00f3lica en Nigeria el domingo de Pentecost\u00e9s pero, los causales que encontr\u00f3 Higgins son totalmente absurdos. Higgins, aludiendo a enfrentamientos mortales entre agricultores y pastores n\u00f3madas en el pa\u00eds de \u00c1frica Occidental afirm\u00f3 \u00abque tal ataque se haya realizado en un [&hellip;]","og_url":"https:\/\/informatepy.com\/2021\/2022\/06\/15\/para-el-presidente-de-irlanda-la-masacre-de-cristianos-en-pentecostes-se-debio-al-cambio-climatico\/","og_site_name":"Informatepy","article_author":"https:\/\/www.facebook.com\/InformatePyCom","article_published_time":"2022-06-15T11:55:00+00:00","article_modified_time":"2022-06-15T12:02:41+00:00","og_image":[{"width":1280,"height":720,"url":"https:\/\/i0.wp.com\/informatepy.com\/2021\/wp-content\/uploads\/2022\/06\/Michael-higgs.webp?fit=1280%2C720&ssl=1","type":"image\/webp"}],"author":"Redacci\u00f3n","twitter_card":"summary_large_image","twitter_creator":"@https:\/\/twitter.com\/InformatePy1","twitter_misc":{"Escrito por":"Redacci\u00f3n","Tiempo de lectura":"2 minutos"},"schema":{"@context":"https:\/\/schema.org","@graph":[{"@type":"Article","@id":"https:\/\/informatepy.com\/2021\/2022\/06\/15\/para-el-presidente-de-irlanda-la-masacre-de-cristianos-en-pentecostes-se-debio-al-cambio-climatico\/#article","isPartOf":{"@id":"https:\/\/informatepy.com\/2021\/2022\/06\/15\/para-el-presidente-de-irlanda-la-masacre-de-cristianos-en-pentecostes-se-debio-al-cambio-climatico\/"},"author":{"name":"Redacci\u00f3n","@id":"https:\/\/informatepy.com\/2021\/#\/schema\/person\/0c842f525f84ea74ef3b44370d11757b"},"headline":"Para el presidente de Irlanda, la masacre de cristianos en Pentecost\u00e9s se debi\u00f3 al cambio clim\u00e1tico","datePublished":"2022-06-15T11:55:00+00:00","dateModified":"2022-06-15T12:02:41+00:00","mainEntityOfPage":{"@id":"https:\/\/informatepy.com\/2021\/2022\/06\/15\/para-el-presidente-de-irlanda-la-masacre-de-cristianos-en-pentecostes-se-debio-al-cambio-climatico\/"},"wordCount":382,"commentCount":0,"publisher":{"@id":"https:\/\/informatepy.com\/2021\/#\/schema\/person\/edd302c981d6ba4596191719d1025a8a"},"image":{"@id":"https:\/\/informatepy.com\/2021\/2022\/06\/15\/para-el-presidente-de-irlanda-la-masacre-de-cristianos-en-pentecostes-se-debio-al-cambio-climatico\/#primaryimage"},"thumbnailUrl":"https:\/\/i0.wp.com\/informatepy.com\/2021\/wp-content\/uploads\/2022\/06\/Michael-higgs.webp?fit=1280%2C720&ssl=1","keywords":["agenda 2030","cambio climatico","destacada","irlanda","nigeria","terrorismo","terrorismo islamico"],"articleSection":["Mundo"],"inLanguage":"es","potentialAction":[{"@type":"CommentAction","name":"Comment","target":["https:\/\/informatepy.com\/2021\/2022\/06\/15\/para-el-presidente-de-irlanda-la-masacre-de-cristianos-en-pentecostes-se-debio-al-cambio-climatico\/#respond"]}]},{"@type":"WebPage","@id":"https:\/\/informatepy.com\/2021\/2022\/06\/15\/para-el-presidente-de-irlanda-la-masacre-de-cristianos-en-pentecostes-se-debio-al-cambio-climatico\/","url":"https:\/\/informatepy.com\/2021\/2022\/06\/15\/para-el-presidente-de-irlanda-la-masacre-de-cristianos-en-pentecostes-se-debio-al-cambio-climatico\/","name":"Para el presidente de Irlanda, la masacre de cristianos en Pentecost\u00e9s se debi\u00f3 al cambio clim\u00e1tico - Informatepy","isPartOf":{"@id":"https:\/\/informatepy.com\/2021\/#website"},"primaryImageOfPage":{"@id":"https:\/\/informatepy.com\/2021\/2022\/06\/15\/para-el-presidente-de-irlanda-la-masacre-de-cristianos-en-pentecostes-se-debio-al-cambio-climatico\/#primaryimage"},"image":{"@id":"https:\/\/informatepy.com\/2021\/2022\/06\/15\/para-el-presidente-de-irlanda-la-masacre-de-cristianos-en-pentecostes-se-debio-al-cambio-climatico\/#primaryimage"},"thumbnailUrl":"https:\/\/i0.wp.com\/informatepy.com\/2021\/wp-content\/uploads\/2022\/06\/Michael-higgs.webp?fit=1280%2C720&ssl=1","datePublished":"2022-06-15T11:55:00+00:00","dateModified":"2022-06-15T12:02:41+00:00","breadcrumb":{"@id":"https:\/\/informatepy.com\/2021\/2022\/06\/15\/para-el-presidente-de-irlanda-la-masacre-de-cristianos-en-pentecostes-se-debio-al-cambio-climatico\/#breadcrumb"},"inLanguage":"es","potentialAction":[{"@type":"ReadAction","target":["https:\/\/informatepy.com\/2021\/2022\/06\/15\/para-el-presidente-de-irlanda-la-masacre-de-cristianos-en-pentecostes-se-debio-al-cambio-climatico\/"]}]},{"@type":"ImageObject","inLanguage":"es","@id":"https:\/\/informatepy.com\/2021\/2022\/06\/15\/para-el-presidente-de-irlanda-la-masacre-de-cristianos-en-pentecostes-se-debio-al-cambio-climatico\/#primaryimage","url":"https:\/\/i0.wp.com\/informatepy.com\/2021\/wp-content\/uploads\/2022\/06\/Michael-higgs.webp?fit=1280%2C720&ssl=1","contentUrl":"https:\/\/i0.wp.com\/informatepy.com\/2021\/wp-content\/uploads\/2022\/06\/Michael-higgs.webp?fit=1280%2C720&ssl=1","width":1280,"height":720},{"@type":"BreadcrumbList","@id":"https:\/\/informatepy.com\/2021\/2022\/06\/15\/para-el-presidente-de-irlanda-la-masacre-de-cristianos-en-pentecostes-se-debio-al-cambio-climatico\/#breadcrumb","itemListElement":[{"@type":"ListItem","position":1,"name":"Portada","item":"https:\/\/informatepy.com\/2021\/"},{"@type":"ListItem","position":2,"name":"Para el presidente de Irlanda, la masacre de cristianos en Pentecost\u00e9s se debi\u00f3 al cambio clim\u00e1tico"}]},{"@type":"WebSite","@id":"https:\/\/informatepy.com\/2021\/#website","url":"https:\/\/informatepy.com\/2021\/","name":"Informatepy","description":"La verdad, siempre!","publisher":{"@id":"https:\/\/informatepy.com\/2021\/#\/schema\/person\/edd302c981d6ba4596191719d1025a8a"},"potentialAction":[{"@type":"SearchAction","target":{"@type":"EntryPoint","urlTemplate":"https:\/\/informatepy.com\/2021\/?s={search_term_string}"},"query-input":{"@type":"PropertyValueSpecification","valueRequired":true,"valueName":"search_term_string"}}],"inLanguage":"es"},{"@type":["Person","Organization"],"@id":"https:\/\/informatepy.com\/2021\/#\/schema\/person\/edd302c981d6ba4596191719d1025a8a","name":"admin","image":{"@type":"ImageObject","inLanguage":"es","@id":"https:\/\/secure.gravatar.com\/avatar\/5310f602b6cbcfb86e030c4ccdbb78f6565a3b9bab6a74ab80fd3cb5428b65af?s=96&d=mm&r=g","url":"https:\/\/secure.gravatar.com\/avatar\/5310f602b6cbcfb86e030c4ccdbb78f6565a3b9bab6a74ab80fd3cb5428b65af?s=96&d=mm&r=g","contentUrl":"https:\/\/secure.gravatar.com\/avatar\/5310f602b6cbcfb86e030c4ccdbb78f6565a3b9bab6a74ab80fd3cb5428b65af?s=96&d=mm&r=g","caption":"admin"},"logo":{"@id":"https:\/\/secure.gravatar.com\/avatar\/5310f602b6cbcfb86e030c4ccdbb78f6565a3b9bab6a74ab80fd3cb5428b65af?s=96&d=mm&r=g"},"sameAs":["http:\/\/informatepy.com\/2021"]},{"@type":"Person","@id":"https:\/\/informatepy.com\/2021\/#\/schema\/person\/0c842f525f84ea74ef3b44370d11757b","name":"Redacci\u00f3n","image":{"@type":"ImageObject","inLanguage":"es","@id":"https:\/\/i0.wp.com\/informatepy.com\/2021\/wp-content\/uploads\/2021\/02\/informate-circulo.png?fit=96%2C96&ssl=1","url":"https:\/\/i0.wp.com\/informatepy.com\/2021\/wp-content\/uploads\/2021\/02\/informate-circulo.png?fit=96%2C96&ssl=1","contentUrl":"https:\/\/i0.wp.com\/informatepy.com\/2021\/wp-content\/uploads\/2021\/02\/informate-circulo.png?fit=96%2C96&ssl=1","caption":"Redacci\u00f3n"},"sameAs":["https:\/\/www.facebook.com\/InformatePyCom","https:\/\/x.com\/https:\/\/twitter.com\/InformatePy1"],"url":"https:\/\/informatepy.com\/2021\/author\/redaccion\/"}]}},"jetpack_featured_media_url":"https:\/\/i0.wp.com\/informatepy.com\/2021\/wp-content\/uploads\/2022\/06\/Michael-higgs.webp?fit=1280%2C720&ssl=1","jetpack_sharing_enabled":true,"jetpack_likes_enabled":true,"jetpack-related-posts":[{"id":11970,"url":"https:\/\/informatepy.com\/2021\/2022\/06\/05\/nigeria-terroristas-musulmanes-irrumpen-en-una-misa-de-pentecostes-y-asesinan-a-50-fieles\/","url_meta":{"origin":12154,"position":0},"title":"NIGERIA: Terroristas musulmanes irrumpen en una Misa de Pentecost\u00e9s y asesinan a 50 fieles","date":"5 de junio de 2022","format":false,"excerpt":"El ataque terrorista tuvo lugar durante la misa matutina en la iglesia de San Francisco en la localidad de Owo, situada en el suroeste del pa\u00eds. Los primeros reportes hablan de al menos 50 muertos. De acuerdo a declaraciones de testigos, los terroristas eran al menos 5 y, al ingresar\u2026","rel":"","context":"En \u00abMundo\u00bb","img":{"alt_text":"","src":"https:\/\/i0.wp.com\/informatepy.com\/2021\/wp-content\/uploads\/2022\/06\/ataque-iglesia-nigeria.webp?fit=820%2C508&ssl=1&resize=350%2C200","width":350,"height":200},"classes":[]},{"id":12205,"url":"https:\/\/informatepy.com\/2021\/2022\/06\/17\/no-todas-las-vidas-negras-importan\/","url_meta":{"origin":12154,"position":1},"title":"No todas las vidas negras importan","date":"17 de junio de 2022","format":false,"excerpt":"Desde 2009, despu\u00e9s de la insurgencia del grupo islamista Boko Haram, Nigeria ha tenido que lidiar con atentados contra iglesias, escuelas y otras organizaciones","rel":"","context":"En \u00abAnalisis\u00bb","img":{"alt_text":"","src":"https:\/\/i0.wp.com\/informatepy.com\/2021\/wp-content\/uploads\/2022\/06\/Masacre-Nigeria.webp?fit=1068%2C712&ssl=1&resize=350%2C200","width":350,"height":200},"classes":[]},{"id":12828,"url":"https:\/\/informatepy.com\/2021\/2022\/07\/25\/el-gobierno-de-biden-dice-que-el-cambio-climatico-puede-forzar-una-intervencion-militar\/","url_meta":{"origin":12154,"position":2},"title":"El gobierno de Biden dice que el cambio clim\u00e1tico puede \u00abforzar\u00bb una intervenci\u00f3n militar","date":"25 de julio de 2022","format":false,"excerpt":"El martes, la administraci\u00f3n del presidente Joe Biden dijo que el cambio clim\u00e1tico puede \"forzar\" la invenci\u00f3n militar despu\u00e9s de llamarlo una vez m\u00e1s un \"problema de seguridad nacional\". John Kirby, coordinador de Comunicaciones Estrat\u00e9gicas del Consejo de Seguridad Nacional,\u00a0dijo\u00a0durante una conferencia de prensa que el cambio clim\u00e1tico es un\u2026","rel":"","context":"En \u00abMundo\u00bb","img":{"alt_text":"","src":"https:\/\/i0.wp.com\/informatepy.com\/2021\/wp-content\/uploads\/2021\/06\/biden-sombrio.jpg?fit=1000%2C564&ssl=1&resize=350%2C200","width":350,"height":200},"classes":[]},{"id":5053,"url":"https:\/\/informatepy.com\/2021\/2021\/05\/26\/peru-14-muertos-en-ataque-terrorista-y-panfletos-que-piden-no-votar-por-keiko-fujimori\/","url_meta":{"origin":12154,"position":3},"title":"Per\u00fa: 14 muertos en ataque terrorista y panfletos que piden no votar por Keiko Fujimori","date":"26 de mayo de 2021","format":false,"excerpt":"El domingo por la noche ocurri\u00f3 una masacre en Per\u00fa que las Fuerzas Armadas peruanas adjudicaron a Sendero Luminoso, el grupo mao\u00edsta que en los '80 inici\u00f3 una guerra contra el Estado peruano que dej\u00f3 69.000 muertos en 20 a\u00f1os. Sucede a poco de que se enfrenten el candidato de\u2026","rel":"","context":"En \u00abMundo\u00bb","img":{"alt_text":"","src":"https:\/\/i0.wp.com\/informatepy.com\/2021\/wp-content\/uploads\/2021\/05\/peru-atentado-elecciones.jpg?fit=776%2C436&ssl=1&resize=350%2C200","width":350,"height":200},"classes":[]},{"id":12906,"url":"https:\/\/informatepy.com\/2021\/2022\/07\/27\/llevando-la-estupidez-a-un-nuevo-nivel-segun-un-estudio-si-el-cambio-climatico-te-da-igual-probablemente-seas-hombre\/","url_meta":{"origin":12154,"position":4},"title":"Llevando la estupidez a un nuevo nivel: \u00abSeg\u00fan un estudio\u00bb si el cambio clim\u00e1tico te da igual, probablemente seas hombre","date":"27 de julio de 2022","format":false,"excerpt":"Como casi todo lo que ponemos en esta secci\u00f3n, este caso tambi\u00e9n comienza con la frase \"seg\u00fan un estudio\", en este caso, se trata de un estudio de la Universidad de Yale que afirma que si el cambio clim\u00e1tico no es una de tus preocupaciones, probablemente seas hombre y de\u2026","rel":"","context":"En \u00abCiencia y Tecnolog\u00eda\u00bb","img":{"alt_text":"","src":"https:\/\/i0.wp.com\/informatepy.com\/2021\/wp-content\/uploads\/2022\/06\/violencia-machista-cambio-climatico.jpg?fit=1200%2C722&ssl=1&resize=350%2C200","width":350,"height":200},"classes":[]},{"id":6863,"url":"https:\/\/informatepy.com\/2021\/2021\/08\/30\/estan-listos-para-un-confinamiento-climatico\/","url_meta":{"origin":12154,"position":5},"title":"\u00bfEst\u00e1n listos para un confinamiento clim\u00e1tico?","date":"30 de agosto de 2021","format":false,"excerpt":"Mariana Mazzucato, profesora de Econom\u00eda de la Innovaci\u00f3n y el Valor P\u00fablico en University College London, es Directora Fundadora del\u00a0Instituto de Innovaci\u00f3n y Prop\u00f3sito P\u00fablico\u00a0de la UCL, explic\u00f3 en una publicaci\u00f3n del Consejo Empresarial Mundial para el Desarrollo Sostenible que: \u201cA medida que COVID-19 se extendi\u00f3 a principios de este\u2026","rel":"","context":"En \u00abAnalisis\u00bb","img":{"alt_text":"","src":"https:\/\/i0.wp.com\/informatepy.com\/2021\/wp-content\/uploads\/2021\/08\/confinamiento-1.jpg?fit=1200%2C567&ssl=1&resize=350%2C200","width":350,"height":200},"classes":[]}],"authors":[{"term_id":1051,"user_id":4,"is_guest":0,"slug":"redaccion","display_name":"Redacci\u00f3n","avatar_url":"https:\/\/i0.wp.com\/informatepy.com\/2021\/wp-content\/uploads\/2021\/02\/informate-circulo.png?fit=96%2C96&ssl=1","first_name":"Redacci\u00f3n","last_name":"","user_url":"","description":""}],"amp_enabled":true,"_links":{"self":[{"href":"https:\/\/informatepy.com\/2021\/wp-json\/wp\/v2\/posts\/12154","targetHints":{"allow":["GET"]}}],"collection":[{"href":"https:\/\/informatepy.com\/2021\/wp-json\/wp\/v2\/posts"}],"about":[{"href":"https:\/\/informatepy.com\/2021\/wp-json\/wp\/v2\/types\/post"}],"author":[{"embeddable":true,"href":"https:\/\/informatepy.com\/2021\/wp-json\/wp\/v2\/users\/4"}],"replies":[{"embeddable":true,"href":"https:\/\/informatepy.com\/2021\/wp-json\/wp\/v2\/comments?post=12154"}],"version-history":[{"count":2,"href":"https:\/\/informatepy.com\/2021\/wp-json\/wp\/v2\/posts\/12154\/revisions"}],"predecessor-version":[{"id":12159,"href":"https:\/\/informatepy.com\/2021\/wp-json\/wp\/v2\/posts\/12154\/revisions\/12159"}],"wp:featuredmedia":[{"embeddable":true,"href":"https:\/\/informatepy.com\/2021\/wp-json\/wp\/v2\/media\/12158"}],"wp:attachment":[{"href":"https:\/\/informatepy.com\/2021\/wp-json\/wp\/v2\/media?parent=12154"}],"wp:term":[{"taxonomy":"category","embeddable":true,"href":"https:\/\/informatepy.com\/2021\/wp-json\/wp\/v2\/categories?post=12154"},{"taxonomy":"post_tag","embeddable":true,"href":"https:\/\/informatepy.com\/2021\/wp-json\/wp\/v2\/tags?post=12154"},{"taxonomy":"author","embeddable":true,"href":"https:\/\/informatepy.com\/2021\/wp-json\/wp\/v2\/ppma_author?post=12154"}],"curies":[{"name":"wp","href":"https:\/\/api.w.org\/{rel}","templated":true}]}}