{"id":12077,"date":"2022-06-11T08:49:00","date_gmt":"2022-06-11T11:49:00","guid":{"rendered":"https:\/\/informatepy.com\/2021\/?p=12077"},"modified":"2022-06-11T08:49:03","modified_gmt":"2022-06-11T11:49:03","slug":"pacientes-oncologicos-anuncian-nueva-marcha-por-falta-de-medicamentos","status":"publish","type":"post","link":"https:\/\/informatepy.com\/2021\/2022\/06\/11\/pacientes-oncologicos-anuncian-nueva-marcha-por-falta-de-medicamentos\/","title":{"rendered":"Pacientes oncol\u00f3gicos anuncian nueva marcha por falta de medicamentos"},"content":{"rendered":"\n<p class=\"has-text-align-justify\">Una vez m\u00e1s, este lunes a las 13 hs frente a las instalaciones del INCAN, los pacientes oncol\u00f3gicos realizar\u00e1n una protesta para reclamar por la falta de insumos y medicamentos para el tratamiento de sus patolog\u00edas.<\/p>\n\n\n\n<p class=\"has-text-align-justify\">Seg\u00fan denuncian, existen pacientes que en el mes de marzo ya vieron interrumpidos sus tratamientos de quimioterapia por la falta de medicamentos.<\/p>\n\n\n\n<p class=\"has-text-align-justify\"><strong>Juana Moreno<\/strong>, secretaria de Asociaci\u00f3n de Pacientes Con C\u00e1ncer y Familiares, en conversaci\u00f3n con Universo 970 afirm\u00f3 que <strong><em>\u201cHemos tenido algunos avances, pero siempre estamos con la falta de medicamentos que es fundamental para seguir con los tratamientos\u201d<\/em><\/strong> adem\u00e1s, aclar\u00f3 que los pacientes no pueden acceder de manera particular a los insumos necesarios debido al alto costo de los mismos.<\/p>\n","protected":false},"excerpt":{"rendered":"<p>Una vez m\u00e1s, este lunes a las 13 hs frente a las instalaciones del INCAN, los pacientes oncol\u00f3gicos realizar\u00e1n una protesta para reclamar por la falta de insumos y medicamentos para el tratamiento de sus patolog\u00edas. Seg\u00fan denuncian, existen pacientes que en el mes de marzo ya vieron interrumpidos sus tratamientos de quimioterapia por la [&hellip;]<\/p>\n","protected":false},"author":4,"featured_media":8462,"comment_status":"open","ping_status":"open","sticky":false,"template":"","format":"standard","meta":{"_monsterinsights_skip_tracking":false,"_monsterinsights_sitenote_active":false,"_monsterinsights_sitenote_note":"","_monsterinsights_sitenote_category":0,"footnotes":"","jetpack_publicize_message":"","jetpack_is_tweetstorm":false,"jetpack_publicize_feature_enabled":true},"categories":[177],"tags":[1036,1831],"ppma_author":[1051],"class_list":["post-12077","post","type-post","status-publish","format-standard","has-post-thumbnail","hentry","category-nacionales","tag-destacada","tag-incan"],"jetpack_publicize_connections":[],"yoast_head":"<!-- This site is optimized with the Yoast SEO plugin v27.4 - https:\/\/yoast.com\/product\/yoast-seo-wordpress\/ -->\n<title>Pacientes oncol\u00f3gicos anuncian nueva marcha por falta de medicamentos - Informatepy<\/title>\n<meta name=\"robots\" content=\"index, follow, max-snippet:-1, max-image-preview:large, max-video-preview:-1\" \/>\n<link rel=\"canonical\" href=\"https:\/\/informatepy.com\/2021\/2022\/06\/11\/pacientes-oncologicos-anuncian-nueva-marcha-por-falta-de-medicamentos\/\" \/>\n<meta property=\"og:locale\" content=\"es_ES\" \/>\n<meta property=\"og:type\" content=\"article\" \/>\n<meta property=\"og:title\" content=\"Pacientes oncol\u00f3gicos anuncian nueva marcha por falta de medicamentos - Informatepy\" \/>\n<meta property=\"og:description\" content=\"Una vez m\u00e1s, este lunes a las 13 hs frente a las instalaciones del INCAN, los pacientes oncol\u00f3gicos realizar\u00e1n una protesta para reclamar por la falta de insumos y medicamentos para el tratamiento de sus patolog\u00edas. Seg\u00fan denuncian, existen pacientes que en el mes de marzo ya vieron interrumpidos sus tratamientos de quimioterapia por la [&hellip;]\" \/>\n<meta property=\"og:url\" content=\"https:\/\/informatepy.com\/2021\/2022\/06\/11\/pacientes-oncologicos-anuncian-nueva-marcha-por-falta-de-medicamentos\/\" \/>\n<meta property=\"og:site_name\" content=\"Informatepy\" \/>\n<meta property=\"article:author\" content=\"https:\/\/www.facebook.com\/InformatePyCom\" \/>\n<meta property=\"article:published_time\" content=\"2022-06-11T11:49:00+00:00\" \/>\n<meta property=\"article:modified_time\" content=\"2022-06-11T11:49:03+00:00\" \/>\n<meta property=\"og:image\" content=\"https:\/\/informatepy.com\/2021\/wp-content\/uploads\/2021\/11\/pacientes-cancer.jpg\" \/>\n\t<meta property=\"og:image:width\" content=\"760\" \/>\n\t<meta property=\"og:image:height\" content=\"420\" \/>\n\t<meta property=\"og:image:type\" content=\"image\/jpeg\" \/>\n<meta name=\"author\" content=\"Redacci\u00f3n\" \/>\n<meta name=\"twitter:card\" content=\"summary_large_image\" \/>\n<meta name=\"twitter:creator\" content=\"@https:\/\/twitter.com\/InformatePy1\" \/>\n<meta name=\"twitter:label1\" content=\"Escrito por\" \/>\n\t<meta name=\"twitter:data1\" content=\"Redacci\u00f3n\" \/>\n\t<meta name=\"twitter:label2\" content=\"Tiempo de lectura\" \/>\n\t<meta name=\"twitter:data2\" content=\"1 minuto\" \/>\n<script type=\"application\/ld+json\" class=\"yoast-schema-graph\">{\"@context\":\"https:\\\/\\\/schema.org\",\"@graph\":[{\"@type\":\"Article\",\"@id\":\"https:\\\/\\\/informatepy.com\\\/2021\\\/2022\\\/06\\\/11\\\/pacientes-oncologicos-anuncian-nueva-marcha-por-falta-de-medicamentos\\\/#article\",\"isPartOf\":{\"@id\":\"https:\\\/\\\/informatepy.com\\\/2021\\\/2022\\\/06\\\/11\\\/pacientes-oncologicos-anuncian-nueva-marcha-por-falta-de-medicamentos\\\/\"},\"author\":{\"name\":\"Redacci\u00f3n\",\"@id\":\"https:\\\/\\\/informatepy.com\\\/2021\\\/#\\\/schema\\\/person\\\/0c842f525f84ea74ef3b44370d11757b\"},\"headline\":\"Pacientes oncol\u00f3gicos anuncian nueva marcha por falta de medicamentos\",\"datePublished\":\"2022-06-11T11:49:00+00:00\",\"dateModified\":\"2022-06-11T11:49:03+00:00\",\"mainEntityOfPage\":{\"@id\":\"https:\\\/\\\/informatepy.com\\\/2021\\\/2022\\\/06\\\/11\\\/pacientes-oncologicos-anuncian-nueva-marcha-por-falta-de-medicamentos\\\/\"},\"wordCount\":135,\"commentCount\":0,\"publisher\":{\"@id\":\"https:\\\/\\\/informatepy.com\\\/2021\\\/#\\\/schema\\\/person\\\/edd302c981d6ba4596191719d1025a8a\"},\"image\":{\"@id\":\"https:\\\/\\\/informatepy.com\\\/2021\\\/2022\\\/06\\\/11\\\/pacientes-oncologicos-anuncian-nueva-marcha-por-falta-de-medicamentos\\\/#primaryimage\"},\"thumbnailUrl\":\"https:\\\/\\\/i0.wp.com\\\/informatepy.com\\\/2021\\\/wp-content\\\/uploads\\\/2021\\\/11\\\/pacientes-cancer.jpg?fit=760%2C420&ssl=1\",\"keywords\":[\"destacada\",\"incan\"],\"articleSection\":[\"Nacionales\"],\"inLanguage\":\"es\",\"potentialAction\":[{\"@type\":\"CommentAction\",\"name\":\"Comment\",\"target\":[\"https:\\\/\\\/informatepy.com\\\/2021\\\/2022\\\/06\\\/11\\\/pacientes-oncologicos-anuncian-nueva-marcha-por-falta-de-medicamentos\\\/#respond\"]}]},{\"@type\":\"WebPage\",\"@id\":\"https:\\\/\\\/informatepy.com\\\/2021\\\/2022\\\/06\\\/11\\\/pacientes-oncologicos-anuncian-nueva-marcha-por-falta-de-medicamentos\\\/\",\"url\":\"https:\\\/\\\/informatepy.com\\\/2021\\\/2022\\\/06\\\/11\\\/pacientes-oncologicos-anuncian-nueva-marcha-por-falta-de-medicamentos\\\/\",\"name\":\"Pacientes oncol\u00f3gicos anuncian nueva marcha por falta de medicamentos - Informatepy\",\"isPartOf\":{\"@id\":\"https:\\\/\\\/informatepy.com\\\/2021\\\/#website\"},\"primaryImageOfPage\":{\"@id\":\"https:\\\/\\\/informatepy.com\\\/2021\\\/2022\\\/06\\\/11\\\/pacientes-oncologicos-anuncian-nueva-marcha-por-falta-de-medicamentos\\\/#primaryimage\"},\"image\":{\"@id\":\"https:\\\/\\\/informatepy.com\\\/2021\\\/2022\\\/06\\\/11\\\/pacientes-oncologicos-anuncian-nueva-marcha-por-falta-de-medicamentos\\\/#primaryimage\"},\"thumbnailUrl\":\"https:\\\/\\\/i0.wp.com\\\/informatepy.com\\\/2021\\\/wp-content\\\/uploads\\\/2021\\\/11\\\/pacientes-cancer.jpg?fit=760%2C420&ssl=1\",\"datePublished\":\"2022-06-11T11:49:00+00:00\",\"dateModified\":\"2022-06-11T11:49:03+00:00\",\"breadcrumb\":{\"@id\":\"https:\\\/\\\/informatepy.com\\\/2021\\\/2022\\\/06\\\/11\\\/pacientes-oncologicos-anuncian-nueva-marcha-por-falta-de-medicamentos\\\/#breadcrumb\"},\"inLanguage\":\"es\",\"potentialAction\":[{\"@type\":\"ReadAction\",\"target\":[\"https:\\\/\\\/informatepy.com\\\/2021\\\/2022\\\/06\\\/11\\\/pacientes-oncologicos-anuncian-nueva-marcha-por-falta-de-medicamentos\\\/\"]}]},{\"@type\":\"ImageObject\",\"inLanguage\":\"es\",\"@id\":\"https:\\\/\\\/informatepy.com\\\/2021\\\/2022\\\/06\\\/11\\\/pacientes-oncologicos-anuncian-nueva-marcha-por-falta-de-medicamentos\\\/#primaryimage\",\"url\":\"https:\\\/\\\/i0.wp.com\\\/informatepy.com\\\/2021\\\/wp-content\\\/uploads\\\/2021\\\/11\\\/pacientes-cancer.jpg?fit=760%2C420&ssl=1\",\"contentUrl\":\"https:\\\/\\\/i0.wp.com\\\/informatepy.com\\\/2021\\\/wp-content\\\/uploads\\\/2021\\\/11\\\/pacientes-cancer.jpg?fit=760%2C420&ssl=1\",\"width\":760,\"height\":420},{\"@type\":\"BreadcrumbList\",\"@id\":\"https:\\\/\\\/informatepy.com\\\/2021\\\/2022\\\/06\\\/11\\\/pacientes-oncologicos-anuncian-nueva-marcha-por-falta-de-medicamentos\\\/#breadcrumb\",\"itemListElement\":[{\"@type\":\"ListItem\",\"position\":1,\"name\":\"Portada\",\"item\":\"https:\\\/\\\/informatepy.com\\\/2021\\\/\"},{\"@type\":\"ListItem\",\"position\":2,\"name\":\"Pacientes oncol\u00f3gicos anuncian nueva marcha por falta de medicamentos\"}]},{\"@type\":\"WebSite\",\"@id\":\"https:\\\/\\\/informatepy.com\\\/2021\\\/#website\",\"url\":\"https:\\\/\\\/informatepy.com\\\/2021\\\/\",\"name\":\"Informatepy\",\"description\":\"La verdad, siempre!\",\"publisher\":{\"@id\":\"https:\\\/\\\/informatepy.com\\\/2021\\\/#\\\/schema\\\/person\\\/edd302c981d6ba4596191719d1025a8a\"},\"potentialAction\":[{\"@type\":\"SearchAction\",\"target\":{\"@type\":\"EntryPoint\",\"urlTemplate\":\"https:\\\/\\\/informatepy.com\\\/2021\\\/?s={search_term_string}\"},\"query-input\":{\"@type\":\"PropertyValueSpecification\",\"valueRequired\":true,\"valueName\":\"search_term_string\"}}],\"inLanguage\":\"es\"},{\"@type\":[\"Person\",\"Organization\"],\"@id\":\"https:\\\/\\\/informatepy.com\\\/2021\\\/#\\\/schema\\\/person\\\/edd302c981d6ba4596191719d1025a8a\",\"name\":\"admin\",\"image\":{\"@type\":\"ImageObject\",\"inLanguage\":\"es\",\"@id\":\"https:\\\/\\\/secure.gravatar.com\\\/avatar\\\/5310f602b6cbcfb86e030c4ccdbb78f6565a3b9bab6a74ab80fd3cb5428b65af?s=96&d=mm&r=g\",\"url\":\"https:\\\/\\\/secure.gravatar.com\\\/avatar\\\/5310f602b6cbcfb86e030c4ccdbb78f6565a3b9bab6a74ab80fd3cb5428b65af?s=96&d=mm&r=g\",\"contentUrl\":\"https:\\\/\\\/secure.gravatar.com\\\/avatar\\\/5310f602b6cbcfb86e030c4ccdbb78f6565a3b9bab6a74ab80fd3cb5428b65af?s=96&d=mm&r=g\",\"caption\":\"admin\"},\"logo\":{\"@id\":\"https:\\\/\\\/secure.gravatar.com\\\/avatar\\\/5310f602b6cbcfb86e030c4ccdbb78f6565a3b9bab6a74ab80fd3cb5428b65af?s=96&d=mm&r=g\"},\"sameAs\":[\"http:\\\/\\\/informatepy.com\\\/2021\"]},{\"@type\":\"Person\",\"@id\":\"https:\\\/\\\/informatepy.com\\\/2021\\\/#\\\/schema\\\/person\\\/0c842f525f84ea74ef3b44370d11757b\",\"name\":\"Redacci\u00f3n\",\"image\":{\"@type\":\"ImageObject\",\"inLanguage\":\"es\",\"@id\":\"https:\\\/\\\/i0.wp.com\\\/informatepy.com\\\/2021\\\/wp-content\\\/uploads\\\/2021\\\/02\\\/informate-circulo.png?fit=96%2C96&ssl=1\",\"url\":\"https:\\\/\\\/i0.wp.com\\\/informatepy.com\\\/2021\\\/wp-content\\\/uploads\\\/2021\\\/02\\\/informate-circulo.png?fit=96%2C96&ssl=1\",\"contentUrl\":\"https:\\\/\\\/i0.wp.com\\\/informatepy.com\\\/2021\\\/wp-content\\\/uploads\\\/2021\\\/02\\\/informate-circulo.png?fit=96%2C96&ssl=1\",\"caption\":\"Redacci\u00f3n\"},\"sameAs\":[\"https:\\\/\\\/www.facebook.com\\\/InformatePyCom\",\"https:\\\/\\\/x.com\\\/https:\\\/\\\/twitter.com\\\/InformatePy1\"],\"url\":\"https:\\\/\\\/informatepy.com\\\/2021\\\/author\\\/redaccion\\\/\"}]}<\/script>\n<!-- \/ Yoast SEO plugin. -->","yoast_head_json":{"title":"Pacientes oncol\u00f3gicos anuncian nueva marcha por falta de medicamentos - Informatepy","robots":{"index":"index","follow":"follow","max-snippet":"max-snippet:-1","max-image-preview":"max-image-preview:large","max-video-preview":"max-video-preview:-1"},"canonical":"https:\/\/informatepy.com\/2021\/2022\/06\/11\/pacientes-oncologicos-anuncian-nueva-marcha-por-falta-de-medicamentos\/","og_locale":"es_ES","og_type":"article","og_title":"Pacientes oncol\u00f3gicos anuncian nueva marcha por falta de medicamentos - Informatepy","og_description":"Una vez m\u00e1s, este lunes a las 13 hs frente a las instalaciones del INCAN, los pacientes oncol\u00f3gicos realizar\u00e1n una protesta para reclamar por la falta de insumos y medicamentos para el tratamiento de sus patolog\u00edas. Seg\u00fan denuncian, existen pacientes que en el mes de marzo ya vieron interrumpidos sus tratamientos de quimioterapia por la [&hellip;]","og_url":"https:\/\/informatepy.com\/2021\/2022\/06\/11\/pacientes-oncologicos-anuncian-nueva-marcha-por-falta-de-medicamentos\/","og_site_name":"Informatepy","article_author":"https:\/\/www.facebook.com\/InformatePyCom","article_published_time":"2022-06-11T11:49:00+00:00","article_modified_time":"2022-06-11T11:49:03+00:00","og_image":[{"width":760,"height":420,"url":"https:\/\/informatepy.com\/2021\/wp-content\/uploads\/2021\/11\/pacientes-cancer.jpg","type":"image\/jpeg"}],"author":"Redacci\u00f3n","twitter_card":"summary_large_image","twitter_creator":"@https:\/\/twitter.com\/InformatePy1","twitter_misc":{"Escrito por":"Redacci\u00f3n","Tiempo de lectura":"1 minuto"},"schema":{"@context":"https:\/\/schema.org","@graph":[{"@type":"Article","@id":"https:\/\/informatepy.com\/2021\/2022\/06\/11\/pacientes-oncologicos-anuncian-nueva-marcha-por-falta-de-medicamentos\/#article","isPartOf":{"@id":"https:\/\/informatepy.com\/2021\/2022\/06\/11\/pacientes-oncologicos-anuncian-nueva-marcha-por-falta-de-medicamentos\/"},"author":{"name":"Redacci\u00f3n","@id":"https:\/\/informatepy.com\/2021\/#\/schema\/person\/0c842f525f84ea74ef3b44370d11757b"},"headline":"Pacientes oncol\u00f3gicos anuncian nueva marcha por falta de medicamentos","datePublished":"2022-06-11T11:49:00+00:00","dateModified":"2022-06-11T11:49:03+00:00","mainEntityOfPage":{"@id":"https:\/\/informatepy.com\/2021\/2022\/06\/11\/pacientes-oncologicos-anuncian-nueva-marcha-por-falta-de-medicamentos\/"},"wordCount":135,"commentCount":0,"publisher":{"@id":"https:\/\/informatepy.com\/2021\/#\/schema\/person\/edd302c981d6ba4596191719d1025a8a"},"image":{"@id":"https:\/\/informatepy.com\/2021\/2022\/06\/11\/pacientes-oncologicos-anuncian-nueva-marcha-por-falta-de-medicamentos\/#primaryimage"},"thumbnailUrl":"https:\/\/i0.wp.com\/informatepy.com\/2021\/wp-content\/uploads\/2021\/11\/pacientes-cancer.jpg?fit=760%2C420&ssl=1","keywords":["destacada","incan"],"articleSection":["Nacionales"],"inLanguage":"es","potentialAction":[{"@type":"CommentAction","name":"Comment","target":["https:\/\/informatepy.com\/2021\/2022\/06\/11\/pacientes-oncologicos-anuncian-nueva-marcha-por-falta-de-medicamentos\/#respond"]}]},{"@type":"WebPage","@id":"https:\/\/informatepy.com\/2021\/2022\/06\/11\/pacientes-oncologicos-anuncian-nueva-marcha-por-falta-de-medicamentos\/","url":"https:\/\/informatepy.com\/2021\/2022\/06\/11\/pacientes-oncologicos-anuncian-nueva-marcha-por-falta-de-medicamentos\/","name":"Pacientes oncol\u00f3gicos anuncian nueva marcha por falta de medicamentos - Informatepy","isPartOf":{"@id":"https:\/\/informatepy.com\/2021\/#website"},"primaryImageOfPage":{"@id":"https:\/\/informatepy.com\/2021\/2022\/06\/11\/pacientes-oncologicos-anuncian-nueva-marcha-por-falta-de-medicamentos\/#primaryimage"},"image":{"@id":"https:\/\/informatepy.com\/2021\/2022\/06\/11\/pacientes-oncologicos-anuncian-nueva-marcha-por-falta-de-medicamentos\/#primaryimage"},"thumbnailUrl":"https:\/\/i0.wp.com\/informatepy.com\/2021\/wp-content\/uploads\/2021\/11\/pacientes-cancer.jpg?fit=760%2C420&ssl=1","datePublished":"2022-06-11T11:49:00+00:00","dateModified":"2022-06-11T11:49:03+00:00","breadcrumb":{"@id":"https:\/\/informatepy.com\/2021\/2022\/06\/11\/pacientes-oncologicos-anuncian-nueva-marcha-por-falta-de-medicamentos\/#breadcrumb"},"inLanguage":"es","potentialAction":[{"@type":"ReadAction","target":["https:\/\/informatepy.com\/2021\/2022\/06\/11\/pacientes-oncologicos-anuncian-nueva-marcha-por-falta-de-medicamentos\/"]}]},{"@type":"ImageObject","inLanguage":"es","@id":"https:\/\/informatepy.com\/2021\/2022\/06\/11\/pacientes-oncologicos-anuncian-nueva-marcha-por-falta-de-medicamentos\/#primaryimage","url":"https:\/\/i0.wp.com\/informatepy.com\/2021\/wp-content\/uploads\/2021\/11\/pacientes-cancer.jpg?fit=760%2C420&ssl=1","contentUrl":"https:\/\/i0.wp.com\/informatepy.com\/2021\/wp-content\/uploads\/2021\/11\/pacientes-cancer.jpg?fit=760%2C420&ssl=1","width":760,"height":420},{"@type":"BreadcrumbList","@id":"https:\/\/informatepy.com\/2021\/2022\/06\/11\/pacientes-oncologicos-anuncian-nueva-marcha-por-falta-de-medicamentos\/#breadcrumb","itemListElement":[{"@type":"ListItem","position":1,"name":"Portada","item":"https:\/\/informatepy.com\/2021\/"},{"@type":"ListItem","position":2,"name":"Pacientes oncol\u00f3gicos anuncian nueva marcha por falta de medicamentos"}]},{"@type":"WebSite","@id":"https:\/\/informatepy.com\/2021\/#website","url":"https:\/\/informatepy.com\/2021\/","name":"Informatepy","description":"La verdad, siempre!","publisher":{"@id":"https:\/\/informatepy.com\/2021\/#\/schema\/person\/edd302c981d6ba4596191719d1025a8a"},"potentialAction":[{"@type":"SearchAction","target":{"@type":"EntryPoint","urlTemplate":"https:\/\/informatepy.com\/2021\/?s={search_term_string}"},"query-input":{"@type":"PropertyValueSpecification","valueRequired":true,"valueName":"search_term_string"}}],"inLanguage":"es"},{"@type":["Person","Organization"],"@id":"https:\/\/informatepy.com\/2021\/#\/schema\/person\/edd302c981d6ba4596191719d1025a8a","name":"admin","image":{"@type":"ImageObject","inLanguage":"es","@id":"https:\/\/secure.gravatar.com\/avatar\/5310f602b6cbcfb86e030c4ccdbb78f6565a3b9bab6a74ab80fd3cb5428b65af?s=96&d=mm&r=g","url":"https:\/\/secure.gravatar.com\/avatar\/5310f602b6cbcfb86e030c4ccdbb78f6565a3b9bab6a74ab80fd3cb5428b65af?s=96&d=mm&r=g","contentUrl":"https:\/\/secure.gravatar.com\/avatar\/5310f602b6cbcfb86e030c4ccdbb78f6565a3b9bab6a74ab80fd3cb5428b65af?s=96&d=mm&r=g","caption":"admin"},"logo":{"@id":"https:\/\/secure.gravatar.com\/avatar\/5310f602b6cbcfb86e030c4ccdbb78f6565a3b9bab6a74ab80fd3cb5428b65af?s=96&d=mm&r=g"},"sameAs":["http:\/\/informatepy.com\/2021"]},{"@type":"Person","@id":"https:\/\/informatepy.com\/2021\/#\/schema\/person\/0c842f525f84ea74ef3b44370d11757b","name":"Redacci\u00f3n","image":{"@type":"ImageObject","inLanguage":"es","@id":"https:\/\/i0.wp.com\/informatepy.com\/2021\/wp-content\/uploads\/2021\/02\/informate-circulo.png?fit=96%2C96&ssl=1","url":"https:\/\/i0.wp.com\/informatepy.com\/2021\/wp-content\/uploads\/2021\/02\/informate-circulo.png?fit=96%2C96&ssl=1","contentUrl":"https:\/\/i0.wp.com\/informatepy.com\/2021\/wp-content\/uploads\/2021\/02\/informate-circulo.png?fit=96%2C96&ssl=1","caption":"Redacci\u00f3n"},"sameAs":["https:\/\/www.facebook.com\/InformatePyCom","https:\/\/x.com\/https:\/\/twitter.com\/InformatePy1"],"url":"https:\/\/informatepy.com\/2021\/author\/redaccion\/"}]}},"jetpack_featured_media_url":"https:\/\/i0.wp.com\/informatepy.com\/2021\/wp-content\/uploads\/2021\/11\/pacientes-cancer.jpg?fit=760%2C420&ssl=1","jetpack_sharing_enabled":true,"jetpack_likes_enabled":true,"jetpack-related-posts":[{"id":12136,"url":"https:\/\/informatepy.com\/2021\/2022\/06\/14\/ministerio-de-salud-reconoce-la-falta-de-medicamentos-para-pacientes-oncologicos\/","url_meta":{"origin":12077,"position":0},"title":"Ministerio de Salud reconoce la falta de medicamentos para pacientes oncol\u00f3gicos","date":"14 de junio de 2022","format":false,"excerpt":"Derlis Le\u00f3n, director Insumos Estrat\u00e9gicos del Ministerio de Salud, reconoci\u00f3 que varios medicamentos para pacientes con c\u00e1ncer est\u00e1n en falta y prometi\u00f3 que en los pr\u00f3ximos d\u00edas la situaci\u00f3n ser\u00e1 normalizada. Mencion\u00f3 tambi\u00e9n que mediante la modificaci\u00f3n de una normativa que permite al Instituto Nacional del C\u00e1ncer (Incan) tener autonom\u00eda\u2026","rel":"","context":"En \u00abNacionales\u00bb","img":{"alt_text":"","src":"https:\/\/i0.wp.com\/informatepy.com\/2021\/wp-content\/uploads\/2022\/06\/ministerio-salud.webp?fit=800%2C600&ssl=1&resize=350%2C200","width":350,"height":200},"classes":[]},{"id":5056,"url":"https:\/\/informatepy.com\/2021\/2021\/05\/26\/pacientes-oncologicos-denuncian-que-farmaceuticas-no-entregan-medicamentos\/","url_meta":{"origin":12077,"position":1},"title":"Pacientes oncol\u00f3gicos denuncian que farmac\u00e9uticas no entregan medicamentos","date":"26 de mayo de 2021","format":false,"excerpt":"La Asociaci\u00f3n de Pacientes con C\u00e1ncer y Familiares (Apacfa) emiti\u00f3 un comunicado urgiendo la entrega en los hospitales de referencia de insumos y medicamentos para el tratameinto de diversas enfermedades oncol\u00f3gicas. \u00abEstamos a mitad de semana y seguimos aguardando que las empresas adjudicadas en la licitaci\u00f3n entreguen los f\u00e1rmacos correspondiente.\u2026","rel":"","context":"En \u00abNacionales\u00bb","img":{"alt_text":"","src":"https:\/\/i0.wp.com\/informatepy.com\/2021\/wp-content\/uploads\/2021\/05\/pacientes-oncologicos.jpg?fit=1200%2C664&ssl=1&resize=350%2C200","width":350,"height":200},"classes":[]},{"id":8461,"url":"https:\/\/informatepy.com\/2021\/2021\/11\/23\/denuncian-que-pacientes-con-cancer-siguen-muriendo-por-falta-de-medicamentos\/","url_meta":{"origin":12077,"position":2},"title":"Denuncian que pacientes con c\u00e1ncer siguen muriendo por falta de medicamentos","date":"23 de noviembre de 2021","format":false,"excerpt":"La Asociaci\u00f3n de Pacientes Con C\u00e1ncer y Familiares, hizo un nuevo pronunciamiento sobre la situaci\u00f3n instalada por la falta de medicamentos.","rel":"","context":"En \u00abNacionales\u00bb","img":{"alt_text":"","src":"https:\/\/i0.wp.com\/informatepy.com\/2021\/wp-content\/uploads\/2021\/11\/pacientes-cancer.jpg?fit=760%2C420&ssl=1&resize=350%2C200","width":350,"height":200},"classes":[]},{"id":8204,"url":"https:\/\/informatepy.com\/2021\/2021\/11\/08\/pacientes-con-cancer-denuncian-que-muchos-mueren-esperando\/","url_meta":{"origin":12077,"position":3},"title":"Pacientes con c\u00e1ncer denuncian que \u00abmuchos mueren esperando\u00bb","date":"8 de noviembre de 2021","format":false,"excerpt":"Foto: La Naci\u00f3n Juana Moreno, de la Asociaci\u00f3n de Pacientes con C\u00e1ncer y Familiares (ApacfaP), detall\u00f3 el viacrucis que viven a diario para acceder a medicamentos, de los cuales dependen sus vidas. Dijo que desde hace meses vienen arrastrando la promesa de soluci\u00f3n por parte del Ministerio de Salud, pero\u2026","rel":"","context":"En \u00abNacionales\u00bb","img":{"alt_text":"","src":"https:\/\/i0.wp.com\/informatepy.com\/2021\/wp-content\/uploads\/2021\/11\/cancer-manifestacion.jpg?fit=660%2C330&ssl=1&resize=350%2C200","width":350,"height":200},"classes":[]},{"id":4498,"url":"https:\/\/informatepy.com\/2021\/2021\/04\/13\/diputados-aprueba-gasto-cero-para-pacientes-con-covid-19\/","url_meta":{"origin":12077,"position":4},"title":"Diputados aprueba \u00abgasto cero\u00bb para pacientes con Covid-19","date":"13 de abril de 2021","format":false,"excerpt":"Diputados dieron este martes media sanci\u00f3n al proyecto de ley que establece la creaci\u00f3n de un fondo nacional de cobertura para pacientes de Covid 19.","rel":"","context":"En \u00abNacionales\u00bb","img":{"alt_text":"","src":"https:\/\/i0.wp.com\/informatepy.com\/2021\/wp-content\/uploads\/2021\/03\/camara-de-diputados.jpg?fit=512%2C341&ssl=1&resize=350%2C200","width":350,"height":200},"classes":[]},{"id":4945,"url":"https:\/\/informatepy.com\/2021\/2021\/05\/18\/his-implementa-nuevo-modulo-de-gestion-para-internaciones\/","url_meta":{"origin":12077,"position":5},"title":"HIS implementa nuevo m\u00f3dulo de gesti\u00f3n para internaciones","date":"18 de mayo de 2021","format":false,"excerpt":"El sistema HIS, proyecto entre el Ministerio de Salud y la Embajada del Gobierno de la Rep\u00fablica de China (Taiw\u00e1n), sigue ampli\u00e1ndose para un mayor beneficio de los pacientes, lo cual permitir\u00e1 en este caso, fortalecer el servicio del \u00e1rea de internaciones con nuevas funciones que ya fueron implementados al\u2026","rel":"","context":"En \u00abDestacados\u00bb","img":{"alt_text":"","src":"https:\/\/i0.wp.com\/informatepy.com\/2021\/wp-content\/uploads\/2021\/05\/sistema-HIS-salud-publica-taiwan.jpg?fit=1200%2C675&ssl=1&resize=350%2C200","width":350,"height":200},"classes":[]}],"authors":[{"term_id":1051,"user_id":4,"is_guest":0,"slug":"redaccion","display_name":"Redacci\u00f3n","avatar_url":"https:\/\/i0.wp.com\/informatepy.com\/2021\/wp-content\/uploads\/2021\/02\/informate-circulo.png?fit=96%2C96&ssl=1","first_name":"Redacci\u00f3n","last_name":"","user_url":"","description":""}],"amp_enabled":true,"_links":{"self":[{"href":"https:\/\/informatepy.com\/2021\/wp-json\/wp\/v2\/posts\/12077","targetHints":{"allow":["GET"]}}],"collection":[{"href":"https:\/\/informatepy.com\/2021\/wp-json\/wp\/v2\/posts"}],"about":[{"href":"https:\/\/informatepy.com\/2021\/wp-json\/wp\/v2\/types\/post"}],"author":[{"embeddable":true,"href":"https:\/\/informatepy.com\/2021\/wp-json\/wp\/v2\/users\/4"}],"replies":[{"embeddable":true,"href":"https:\/\/informatepy.com\/2021\/wp-json\/wp\/v2\/comments?post=12077"}],"version-history":[{"count":1,"href":"https:\/\/informatepy.com\/2021\/wp-json\/wp\/v2\/posts\/12077\/revisions"}],"predecessor-version":[{"id":12078,"href":"https:\/\/informatepy.com\/2021\/wp-json\/wp\/v2\/posts\/12077\/revisions\/12078"}],"wp:featuredmedia":[{"embeddable":true,"href":"https:\/\/informatepy.com\/2021\/wp-json\/wp\/v2\/media\/8462"}],"wp:attachment":[{"href":"https:\/\/informatepy.com\/2021\/wp-json\/wp\/v2\/media?parent=12077"}],"wp:term":[{"taxonomy":"category","embeddable":true,"href":"https:\/\/informatepy.com\/2021\/wp-json\/wp\/v2\/categories?post=12077"},{"taxonomy":"post_tag","embeddable":true,"href":"https:\/\/informatepy.com\/2021\/wp-json\/wp\/v2\/tags?post=12077"},{"taxonomy":"author","embeddable":true,"href":"https:\/\/informatepy.com\/2021\/wp-json\/wp\/v2\/ppma_author?post=12077"}],"curies":[{"name":"wp","href":"https:\/\/api.w.org\/{rel}","templated":true}]}}