{"id":12059,"date":"2022-06-10T09:02:48","date_gmt":"2022-06-10T12:02:48","guid":{"rendered":"https:\/\/informatepy.com\/2021\/?p=12059"},"modified":"2022-06-10T09:02:51","modified_gmt":"2022-06-10T12:02:51","slug":"gs-2-550-000-de-salario-minimo-a-partir-del-1-de-julio","status":"publish","type":"post","link":"https:\/\/informatepy.com\/2021\/2022\/06\/10\/gs-2-550-000-de-salario-minimo-a-partir-del-1-de-julio\/","title":{"rendered":"Gs. 2.550.000 de salario m\u00ednimo a partir del 1 de julio"},"content":{"rendered":"\n<p class=\"has-text-align-justify\">Karina G\u00f3mez, directora del trabajo y presidenta de la CoNaSaM (Comisi\u00f3n Nacional del Salario M\u00ednimo), confirm\u00f3 que recibi\u00f3 el informe del Banco Central del Paraguay (BCP), en el que se detalla el acumulativo interanual del IPC (\u00cdndice de Precios del Consumidor) en 11,4 %.<\/p>\n\n\n\n<p class=\"has-text-align-justify\">Con estos datos, la CoNaSaM, integrada por representantes del Gobierno y de los trabajadores, se reunir\u00e1 este lunes 13 de junio para elevar la recomendaci\u00f3n al Poder Ejecutivo. <em><strong>\u201cDesde el 1 de julio tendr\u00edamos 2.550.000 guaran\u00edes de sueldo m\u00ednimo\u201d<\/strong><\/em>, anunci\u00f3 G\u00f3mez en entrevista con la 780 AM.<\/p>\n","protected":false},"excerpt":{"rendered":"<p>Karina G\u00f3mez, directora del trabajo y presidenta de la CoNaSaM (Comisi\u00f3n Nacional del Salario M\u00ednimo), confirm\u00f3 que recibi\u00f3 el informe del Banco Central del Paraguay (BCP), en el que se detalla el acumulativo interanual del IPC (\u00cdndice de Precios del Consumidor) en 11,4 %. Con estos datos, la CoNaSaM, integrada por representantes del Gobierno y [&hellip;]<\/p>\n","protected":false},"author":4,"featured_media":12060,"comment_status":"open","ping_status":"open","sticky":false,"template":"","format":"standard","meta":{"_monsterinsights_skip_tracking":false,"_monsterinsights_sitenote_active":false,"_monsterinsights_sitenote_note":"","_monsterinsights_sitenote_category":0,"footnotes":"","jetpack_publicize_message":"","jetpack_is_tweetstorm":false,"jetpack_publicize_feature_enabled":true},"categories":[177],"tags":[1036,582],"ppma_author":[1051],"class_list":["post-12059","post","type-post","status-publish","format-standard","has-post-thumbnail","hentry","category-nacionales","tag-destacada","tag-inflacion"],"jetpack_publicize_connections":[],"yoast_head":"<!-- This site is optimized with the Yoast SEO plugin v27.4 - https:\/\/yoast.com\/product\/yoast-seo-wordpress\/ -->\n<title>Gs. 2.550.000 de salario m\u00ednimo a partir del 1 de julio - Informatepy<\/title>\n<meta name=\"robots\" content=\"index, follow, max-snippet:-1, max-image-preview:large, max-video-preview:-1\" \/>\n<link rel=\"canonical\" href=\"https:\/\/informatepy.com\/2021\/2022\/06\/10\/gs-2-550-000-de-salario-minimo-a-partir-del-1-de-julio\/\" \/>\n<meta property=\"og:locale\" content=\"es_ES\" \/>\n<meta property=\"og:type\" content=\"article\" \/>\n<meta property=\"og:title\" content=\"Gs. 2.550.000 de salario m\u00ednimo a partir del 1 de julio - Informatepy\" \/>\n<meta property=\"og:description\" content=\"Karina G\u00f3mez, directora del trabajo y presidenta de la CoNaSaM (Comisi\u00f3n Nacional del Salario M\u00ednimo), confirm\u00f3 que recibi\u00f3 el informe del Banco Central del Paraguay (BCP), en el que se detalla el acumulativo interanual del IPC (\u00cdndice de Precios del Consumidor) en 11,4 %. Con estos datos, la CoNaSaM, integrada por representantes del Gobierno y [&hellip;]\" \/>\n<meta property=\"og:url\" content=\"https:\/\/informatepy.com\/2021\/2022\/06\/10\/gs-2-550-000-de-salario-minimo-a-partir-del-1-de-julio\/\" \/>\n<meta property=\"og:site_name\" content=\"Informatepy\" \/>\n<meta property=\"article:author\" content=\"https:\/\/www.facebook.com\/InformatePyCom\" \/>\n<meta property=\"article:published_time\" content=\"2022-06-10T12:02:48+00:00\" \/>\n<meta property=\"article:modified_time\" content=\"2022-06-10T12:02:51+00:00\" \/>\n<meta property=\"og:image\" content=\"https:\/\/informatepy.com\/2021\/wp-content\/uploads\/2022\/06\/guaranies-billetes.jpg\" \/>\n\t<meta property=\"og:image:width\" content=\"1267\" \/>\n\t<meta property=\"og:image:height\" content=\"804\" \/>\n\t<meta property=\"og:image:type\" content=\"image\/jpeg\" \/>\n<meta name=\"author\" content=\"Redacci\u00f3n\" \/>\n<meta name=\"twitter:card\" content=\"summary_large_image\" \/>\n<meta name=\"twitter:creator\" content=\"@https:\/\/twitter.com\/InformatePy1\" \/>\n<meta name=\"twitter:label1\" content=\"Escrito por\" \/>\n\t<meta name=\"twitter:data1\" content=\"Redacci\u00f3n\" \/>\n\t<meta name=\"twitter:label2\" content=\"Tiempo de lectura\" \/>\n\t<meta name=\"twitter:data2\" content=\"1 minuto\" \/>\n<script type=\"application\/ld+json\" class=\"yoast-schema-graph\">{\"@context\":\"https:\\\/\\\/schema.org\",\"@graph\":[{\"@type\":\"Article\",\"@id\":\"https:\\\/\\\/informatepy.com\\\/2021\\\/2022\\\/06\\\/10\\\/gs-2-550-000-de-salario-minimo-a-partir-del-1-de-julio\\\/#article\",\"isPartOf\":{\"@id\":\"https:\\\/\\\/informatepy.com\\\/2021\\\/2022\\\/06\\\/10\\\/gs-2-550-000-de-salario-minimo-a-partir-del-1-de-julio\\\/\"},\"author\":{\"name\":\"Redacci\u00f3n\",\"@id\":\"https:\\\/\\\/informatepy.com\\\/2021\\\/#\\\/schema\\\/person\\\/0c842f525f84ea74ef3b44370d11757b\"},\"headline\":\"Gs. 2.550.000 de salario m\u00ednimo a partir del 1 de julio\",\"datePublished\":\"2022-06-10T12:02:48+00:00\",\"dateModified\":\"2022-06-10T12:02:51+00:00\",\"mainEntityOfPage\":{\"@id\":\"https:\\\/\\\/informatepy.com\\\/2021\\\/2022\\\/06\\\/10\\\/gs-2-550-000-de-salario-minimo-a-partir-del-1-de-julio\\\/\"},\"wordCount\":103,\"commentCount\":0,\"publisher\":{\"@id\":\"https:\\\/\\\/informatepy.com\\\/2021\\\/#\\\/schema\\\/person\\\/edd302c981d6ba4596191719d1025a8a\"},\"image\":{\"@id\":\"https:\\\/\\\/informatepy.com\\\/2021\\\/2022\\\/06\\\/10\\\/gs-2-550-000-de-salario-minimo-a-partir-del-1-de-julio\\\/#primaryimage\"},\"thumbnailUrl\":\"https:\\\/\\\/i0.wp.com\\\/informatepy.com\\\/2021\\\/wp-content\\\/uploads\\\/2022\\\/06\\\/guaranies-billetes.jpg?fit=1267%2C804&ssl=1\",\"keywords\":[\"destacada\",\"inflacion\"],\"articleSection\":[\"Nacionales\"],\"inLanguage\":\"es\",\"potentialAction\":[{\"@type\":\"CommentAction\",\"name\":\"Comment\",\"target\":[\"https:\\\/\\\/informatepy.com\\\/2021\\\/2022\\\/06\\\/10\\\/gs-2-550-000-de-salario-minimo-a-partir-del-1-de-julio\\\/#respond\"]}]},{\"@type\":\"WebPage\",\"@id\":\"https:\\\/\\\/informatepy.com\\\/2021\\\/2022\\\/06\\\/10\\\/gs-2-550-000-de-salario-minimo-a-partir-del-1-de-julio\\\/\",\"url\":\"https:\\\/\\\/informatepy.com\\\/2021\\\/2022\\\/06\\\/10\\\/gs-2-550-000-de-salario-minimo-a-partir-del-1-de-julio\\\/\",\"name\":\"Gs. 2.550.000 de salario m\u00ednimo a partir del 1 de julio - Informatepy\",\"isPartOf\":{\"@id\":\"https:\\\/\\\/informatepy.com\\\/2021\\\/#website\"},\"primaryImageOfPage\":{\"@id\":\"https:\\\/\\\/informatepy.com\\\/2021\\\/2022\\\/06\\\/10\\\/gs-2-550-000-de-salario-minimo-a-partir-del-1-de-julio\\\/#primaryimage\"},\"image\":{\"@id\":\"https:\\\/\\\/informatepy.com\\\/2021\\\/2022\\\/06\\\/10\\\/gs-2-550-000-de-salario-minimo-a-partir-del-1-de-julio\\\/#primaryimage\"},\"thumbnailUrl\":\"https:\\\/\\\/i0.wp.com\\\/informatepy.com\\\/2021\\\/wp-content\\\/uploads\\\/2022\\\/06\\\/guaranies-billetes.jpg?fit=1267%2C804&ssl=1\",\"datePublished\":\"2022-06-10T12:02:48+00:00\",\"dateModified\":\"2022-06-10T12:02:51+00:00\",\"breadcrumb\":{\"@id\":\"https:\\\/\\\/informatepy.com\\\/2021\\\/2022\\\/06\\\/10\\\/gs-2-550-000-de-salario-minimo-a-partir-del-1-de-julio\\\/#breadcrumb\"},\"inLanguage\":\"es\",\"potentialAction\":[{\"@type\":\"ReadAction\",\"target\":[\"https:\\\/\\\/informatepy.com\\\/2021\\\/2022\\\/06\\\/10\\\/gs-2-550-000-de-salario-minimo-a-partir-del-1-de-julio\\\/\"]}]},{\"@type\":\"ImageObject\",\"inLanguage\":\"es\",\"@id\":\"https:\\\/\\\/informatepy.com\\\/2021\\\/2022\\\/06\\\/10\\\/gs-2-550-000-de-salario-minimo-a-partir-del-1-de-julio\\\/#primaryimage\",\"url\":\"https:\\\/\\\/i0.wp.com\\\/informatepy.com\\\/2021\\\/wp-content\\\/uploads\\\/2022\\\/06\\\/guaranies-billetes.jpg?fit=1267%2C804&ssl=1\",\"contentUrl\":\"https:\\\/\\\/i0.wp.com\\\/informatepy.com\\\/2021\\\/wp-content\\\/uploads\\\/2022\\\/06\\\/guaranies-billetes.jpg?fit=1267%2C804&ssl=1\",\"width\":1267,\"height\":804},{\"@type\":\"BreadcrumbList\",\"@id\":\"https:\\\/\\\/informatepy.com\\\/2021\\\/2022\\\/06\\\/10\\\/gs-2-550-000-de-salario-minimo-a-partir-del-1-de-julio\\\/#breadcrumb\",\"itemListElement\":[{\"@type\":\"ListItem\",\"position\":1,\"name\":\"Portada\",\"item\":\"https:\\\/\\\/informatepy.com\\\/2021\\\/\"},{\"@type\":\"ListItem\",\"position\":2,\"name\":\"Gs. 2.550.000 de salario m\u00ednimo a partir del 1 de julio\"}]},{\"@type\":\"WebSite\",\"@id\":\"https:\\\/\\\/informatepy.com\\\/2021\\\/#website\",\"url\":\"https:\\\/\\\/informatepy.com\\\/2021\\\/\",\"name\":\"Informatepy\",\"description\":\"La verdad, siempre!\",\"publisher\":{\"@id\":\"https:\\\/\\\/informatepy.com\\\/2021\\\/#\\\/schema\\\/person\\\/edd302c981d6ba4596191719d1025a8a\"},\"potentialAction\":[{\"@type\":\"SearchAction\",\"target\":{\"@type\":\"EntryPoint\",\"urlTemplate\":\"https:\\\/\\\/informatepy.com\\\/2021\\\/?s={search_term_string}\"},\"query-input\":{\"@type\":\"PropertyValueSpecification\",\"valueRequired\":true,\"valueName\":\"search_term_string\"}}],\"inLanguage\":\"es\"},{\"@type\":[\"Person\",\"Organization\"],\"@id\":\"https:\\\/\\\/informatepy.com\\\/2021\\\/#\\\/schema\\\/person\\\/edd302c981d6ba4596191719d1025a8a\",\"name\":\"admin\",\"image\":{\"@type\":\"ImageObject\",\"inLanguage\":\"es\",\"@id\":\"https:\\\/\\\/secure.gravatar.com\\\/avatar\\\/5310f602b6cbcfb86e030c4ccdbb78f6565a3b9bab6a74ab80fd3cb5428b65af?s=96&d=mm&r=g\",\"url\":\"https:\\\/\\\/secure.gravatar.com\\\/avatar\\\/5310f602b6cbcfb86e030c4ccdbb78f6565a3b9bab6a74ab80fd3cb5428b65af?s=96&d=mm&r=g\",\"contentUrl\":\"https:\\\/\\\/secure.gravatar.com\\\/avatar\\\/5310f602b6cbcfb86e030c4ccdbb78f6565a3b9bab6a74ab80fd3cb5428b65af?s=96&d=mm&r=g\",\"caption\":\"admin\"},\"logo\":{\"@id\":\"https:\\\/\\\/secure.gravatar.com\\\/avatar\\\/5310f602b6cbcfb86e030c4ccdbb78f6565a3b9bab6a74ab80fd3cb5428b65af?s=96&d=mm&r=g\"},\"sameAs\":[\"http:\\\/\\\/informatepy.com\\\/2021\"]},{\"@type\":\"Person\",\"@id\":\"https:\\\/\\\/informatepy.com\\\/2021\\\/#\\\/schema\\\/person\\\/0c842f525f84ea74ef3b44370d11757b\",\"name\":\"Redacci\u00f3n\",\"image\":{\"@type\":\"ImageObject\",\"inLanguage\":\"es\",\"@id\":\"https:\\\/\\\/i0.wp.com\\\/informatepy.com\\\/2021\\\/wp-content\\\/uploads\\\/2021\\\/02\\\/informate-circulo.png?fit=96%2C96&ssl=1\",\"url\":\"https:\\\/\\\/i0.wp.com\\\/informatepy.com\\\/2021\\\/wp-content\\\/uploads\\\/2021\\\/02\\\/informate-circulo.png?fit=96%2C96&ssl=1\",\"contentUrl\":\"https:\\\/\\\/i0.wp.com\\\/informatepy.com\\\/2021\\\/wp-content\\\/uploads\\\/2021\\\/02\\\/informate-circulo.png?fit=96%2C96&ssl=1\",\"caption\":\"Redacci\u00f3n\"},\"sameAs\":[\"https:\\\/\\\/www.facebook.com\\\/InformatePyCom\",\"https:\\\/\\\/x.com\\\/https:\\\/\\\/twitter.com\\\/InformatePy1\"],\"url\":\"https:\\\/\\\/informatepy.com\\\/2021\\\/author\\\/redaccion\\\/\"}]}<\/script>\n<!-- \/ Yoast SEO plugin. -->","yoast_head_json":{"title":"Gs. 2.550.000 de salario m\u00ednimo a partir del 1 de julio - Informatepy","robots":{"index":"index","follow":"follow","max-snippet":"max-snippet:-1","max-image-preview":"max-image-preview:large","max-video-preview":"max-video-preview:-1"},"canonical":"https:\/\/informatepy.com\/2021\/2022\/06\/10\/gs-2-550-000-de-salario-minimo-a-partir-del-1-de-julio\/","og_locale":"es_ES","og_type":"article","og_title":"Gs. 2.550.000 de salario m\u00ednimo a partir del 1 de julio - Informatepy","og_description":"Karina G\u00f3mez, directora del trabajo y presidenta de la CoNaSaM (Comisi\u00f3n Nacional del Salario M\u00ednimo), confirm\u00f3 que recibi\u00f3 el informe del Banco Central del Paraguay (BCP), en el que se detalla el acumulativo interanual del IPC (\u00cdndice de Precios del Consumidor) en 11,4 %. Con estos datos, la CoNaSaM, integrada por representantes del Gobierno y [&hellip;]","og_url":"https:\/\/informatepy.com\/2021\/2022\/06\/10\/gs-2-550-000-de-salario-minimo-a-partir-del-1-de-julio\/","og_site_name":"Informatepy","article_author":"https:\/\/www.facebook.com\/InformatePyCom","article_published_time":"2022-06-10T12:02:48+00:00","article_modified_time":"2022-06-10T12:02:51+00:00","og_image":[{"width":1267,"height":804,"url":"https:\/\/informatepy.com\/2021\/wp-content\/uploads\/2022\/06\/guaranies-billetes.jpg","type":"image\/jpeg"}],"author":"Redacci\u00f3n","twitter_card":"summary_large_image","twitter_creator":"@https:\/\/twitter.com\/InformatePy1","twitter_misc":{"Escrito por":"Redacci\u00f3n","Tiempo de lectura":"1 minuto"},"schema":{"@context":"https:\/\/schema.org","@graph":[{"@type":"Article","@id":"https:\/\/informatepy.com\/2021\/2022\/06\/10\/gs-2-550-000-de-salario-minimo-a-partir-del-1-de-julio\/#article","isPartOf":{"@id":"https:\/\/informatepy.com\/2021\/2022\/06\/10\/gs-2-550-000-de-salario-minimo-a-partir-del-1-de-julio\/"},"author":{"name":"Redacci\u00f3n","@id":"https:\/\/informatepy.com\/2021\/#\/schema\/person\/0c842f525f84ea74ef3b44370d11757b"},"headline":"Gs. 2.550.000 de salario m\u00ednimo a partir del 1 de julio","datePublished":"2022-06-10T12:02:48+00:00","dateModified":"2022-06-10T12:02:51+00:00","mainEntityOfPage":{"@id":"https:\/\/informatepy.com\/2021\/2022\/06\/10\/gs-2-550-000-de-salario-minimo-a-partir-del-1-de-julio\/"},"wordCount":103,"commentCount":0,"publisher":{"@id":"https:\/\/informatepy.com\/2021\/#\/schema\/person\/edd302c981d6ba4596191719d1025a8a"},"image":{"@id":"https:\/\/informatepy.com\/2021\/2022\/06\/10\/gs-2-550-000-de-salario-minimo-a-partir-del-1-de-julio\/#primaryimage"},"thumbnailUrl":"https:\/\/i0.wp.com\/informatepy.com\/2021\/wp-content\/uploads\/2022\/06\/guaranies-billetes.jpg?fit=1267%2C804&ssl=1","keywords":["destacada","inflacion"],"articleSection":["Nacionales"],"inLanguage":"es","potentialAction":[{"@type":"CommentAction","name":"Comment","target":["https:\/\/informatepy.com\/2021\/2022\/06\/10\/gs-2-550-000-de-salario-minimo-a-partir-del-1-de-julio\/#respond"]}]},{"@type":"WebPage","@id":"https:\/\/informatepy.com\/2021\/2022\/06\/10\/gs-2-550-000-de-salario-minimo-a-partir-del-1-de-julio\/","url":"https:\/\/informatepy.com\/2021\/2022\/06\/10\/gs-2-550-000-de-salario-minimo-a-partir-del-1-de-julio\/","name":"Gs. 2.550.000 de salario m\u00ednimo a partir del 1 de julio - Informatepy","isPartOf":{"@id":"https:\/\/informatepy.com\/2021\/#website"},"primaryImageOfPage":{"@id":"https:\/\/informatepy.com\/2021\/2022\/06\/10\/gs-2-550-000-de-salario-minimo-a-partir-del-1-de-julio\/#primaryimage"},"image":{"@id":"https:\/\/informatepy.com\/2021\/2022\/06\/10\/gs-2-550-000-de-salario-minimo-a-partir-del-1-de-julio\/#primaryimage"},"thumbnailUrl":"https:\/\/i0.wp.com\/informatepy.com\/2021\/wp-content\/uploads\/2022\/06\/guaranies-billetes.jpg?fit=1267%2C804&ssl=1","datePublished":"2022-06-10T12:02:48+00:00","dateModified":"2022-06-10T12:02:51+00:00","breadcrumb":{"@id":"https:\/\/informatepy.com\/2021\/2022\/06\/10\/gs-2-550-000-de-salario-minimo-a-partir-del-1-de-julio\/#breadcrumb"},"inLanguage":"es","potentialAction":[{"@type":"ReadAction","target":["https:\/\/informatepy.com\/2021\/2022\/06\/10\/gs-2-550-000-de-salario-minimo-a-partir-del-1-de-julio\/"]}]},{"@type":"ImageObject","inLanguage":"es","@id":"https:\/\/informatepy.com\/2021\/2022\/06\/10\/gs-2-550-000-de-salario-minimo-a-partir-del-1-de-julio\/#primaryimage","url":"https:\/\/i0.wp.com\/informatepy.com\/2021\/wp-content\/uploads\/2022\/06\/guaranies-billetes.jpg?fit=1267%2C804&ssl=1","contentUrl":"https:\/\/i0.wp.com\/informatepy.com\/2021\/wp-content\/uploads\/2022\/06\/guaranies-billetes.jpg?fit=1267%2C804&ssl=1","width":1267,"height":804},{"@type":"BreadcrumbList","@id":"https:\/\/informatepy.com\/2021\/2022\/06\/10\/gs-2-550-000-de-salario-minimo-a-partir-del-1-de-julio\/#breadcrumb","itemListElement":[{"@type":"ListItem","position":1,"name":"Portada","item":"https:\/\/informatepy.com\/2021\/"},{"@type":"ListItem","position":2,"name":"Gs. 2.550.000 de salario m\u00ednimo a partir del 1 de julio"}]},{"@type":"WebSite","@id":"https:\/\/informatepy.com\/2021\/#website","url":"https:\/\/informatepy.com\/2021\/","name":"Informatepy","description":"La verdad, siempre!","publisher":{"@id":"https:\/\/informatepy.com\/2021\/#\/schema\/person\/edd302c981d6ba4596191719d1025a8a"},"potentialAction":[{"@type":"SearchAction","target":{"@type":"EntryPoint","urlTemplate":"https:\/\/informatepy.com\/2021\/?s={search_term_string}"},"query-input":{"@type":"PropertyValueSpecification","valueRequired":true,"valueName":"search_term_string"}}],"inLanguage":"es"},{"@type":["Person","Organization"],"@id":"https:\/\/informatepy.com\/2021\/#\/schema\/person\/edd302c981d6ba4596191719d1025a8a","name":"admin","image":{"@type":"ImageObject","inLanguage":"es","@id":"https:\/\/secure.gravatar.com\/avatar\/5310f602b6cbcfb86e030c4ccdbb78f6565a3b9bab6a74ab80fd3cb5428b65af?s=96&d=mm&r=g","url":"https:\/\/secure.gravatar.com\/avatar\/5310f602b6cbcfb86e030c4ccdbb78f6565a3b9bab6a74ab80fd3cb5428b65af?s=96&d=mm&r=g","contentUrl":"https:\/\/secure.gravatar.com\/avatar\/5310f602b6cbcfb86e030c4ccdbb78f6565a3b9bab6a74ab80fd3cb5428b65af?s=96&d=mm&r=g","caption":"admin"},"logo":{"@id":"https:\/\/secure.gravatar.com\/avatar\/5310f602b6cbcfb86e030c4ccdbb78f6565a3b9bab6a74ab80fd3cb5428b65af?s=96&d=mm&r=g"},"sameAs":["http:\/\/informatepy.com\/2021"]},{"@type":"Person","@id":"https:\/\/informatepy.com\/2021\/#\/schema\/person\/0c842f525f84ea74ef3b44370d11757b","name":"Redacci\u00f3n","image":{"@type":"ImageObject","inLanguage":"es","@id":"https:\/\/i0.wp.com\/informatepy.com\/2021\/wp-content\/uploads\/2021\/02\/informate-circulo.png?fit=96%2C96&ssl=1","url":"https:\/\/i0.wp.com\/informatepy.com\/2021\/wp-content\/uploads\/2021\/02\/informate-circulo.png?fit=96%2C96&ssl=1","contentUrl":"https:\/\/i0.wp.com\/informatepy.com\/2021\/wp-content\/uploads\/2021\/02\/informate-circulo.png?fit=96%2C96&ssl=1","caption":"Redacci\u00f3n"},"sameAs":["https:\/\/www.facebook.com\/InformatePyCom","https:\/\/x.com\/https:\/\/twitter.com\/InformatePy1"],"url":"https:\/\/informatepy.com\/2021\/author\/redaccion\/"}]}},"jetpack_featured_media_url":"https:\/\/i0.wp.com\/informatepy.com\/2021\/wp-content\/uploads\/2022\/06\/guaranies-billetes.jpg?fit=1267%2C804&ssl=1","jetpack_sharing_enabled":true,"jetpack_likes_enabled":true,"jetpack-related-posts":[{"id":12433,"url":"https:\/\/informatepy.com\/2021\/2022\/06\/29\/mipymes-advierten-que-deberan-despedir-trabajadores-por-la-suba-del-salario-minimo\/","url_meta":{"origin":12059,"position":0},"title":"Mipymes\u00a0advierten que deber\u00e1n despedir trabajadores por la suba del salario m\u00ednimo","date":"29 de junio de 2022","format":false,"excerpt":"La Asociaci\u00f3n de MiPyMES manifest\u00f3 que muchos no podr\u00e0n absorber el nuevo salario m\u00ednimo que rige desde el viernes 1 de julio y advierte que, si no se les libera del pago al IPS, tendr\u00e1n que despedir a trabajadores y el 30% de las mismas tendr\u00e1n que cerrar. La presidenta\u2026","rel":"","context":"En \u00abNacionales\u00bb","img":{"alt_text":"","src":"https:\/\/i0.wp.com\/informatepy.com\/2021\/wp-content\/uploads\/2022\/06\/guaranies-billetes.jpg?fit=1200%2C761&ssl=1&resize=350%2C200","width":350,"height":200},"classes":[]},{"id":1907,"url":"https:\/\/informatepy.com\/2021\/2020\/04\/20\/expresso-paraguay-debe-3-meses-de-sueldo-20-de-ips-y-ahora-suspende-a-sus-trabajadores\/","url_meta":{"origin":12059,"position":1},"title":"Expresso Paraguay debe 3 meses de sueldo, 20 de IPS y ahora suspende a sus trabajadores","date":"20 de abril de 2020","format":false,"excerpt":"Conductores, mec\u00e1nicos, azafatas, empleados del Call Center y administrativos se vieron obligados a quebrar la cuarentena para poder reclamar los salarios que le adeuda la empresa de transportes. Seg\u00fan denuncian los empleados, Expresso Paraguay (Sol del Paraguay y Crucero del Norte) le adeuda los salarios de los meses de febrero,\u2026","rel":"","context":"En \u00abNacionales\u00bb","img":{"alt_text":"","src":"https:\/\/i0.wp.com\/informatepy.com\/2021\/wp-content\/uploads\/2021\/04\/expresso-paraguay.jpg?fit=1200%2C675&ssl=1&resize=350%2C200","width":350,"height":200},"classes":[]},{"id":1605,"url":"https:\/\/informatepy.com\/2021\/2019\/11\/12\/funcionarios-toman-la-municipalidad-de-lambare\/","url_meta":{"origin":12059,"position":2},"title":"Funcionarios toman la municipalidad de Lambar\u00e9","date":"12 de noviembre de 2019","format":false,"excerpt":"Los funcionarios de la comuna lambare\u00f1a exigen el pago de salarios y beneficios que la administraci\u00f3n del intendente Armando G\u00f3mez tiene endeudado desde hace meses. Mientras algunos se crucifican o se encadenan, otros trabajadores ocupan la instalaci\u00f3n de modo a presionar a las autoridades. \u00d3scar Romero, vocero de los trabajadores,\u2026","rel":"","context":"En \u00abMunicipales\u00bb","img":{"alt_text":"","src":"https:\/\/i0.wp.com\/informatepy.com\/2021\/wp-content\/uploads\/2021\/11\/Manifestacion-muni-lambare.jpg?fit=760%2C420&ssl=1&resize=350%2C200","width":350,"height":200},"classes":[]},{"id":12183,"url":"https:\/\/informatepy.com\/2021\/2022\/06\/17\/panificados-aumentaran-hasta-un-15\/","url_meta":{"origin":12059,"position":3},"title":"Panificados aumentar\u00e1n hasta un 15%","date":"17 de junio de 2022","format":false,"excerpt":"Eugenio Maciel, representante del Centro de Propietarios de Panader\u00edas y Fideer\u00edas, manifest\u00f3 hoy que es inevitable una nueva suba de los panificados debido al incremento del precio del combustible y el reajuste del salario m\u00ednimo. En comunicaci\u00f3n con la AM 1020 explic\u00f3 que est\u00e1n\u201caguardando la suba de salario, harina y\u2026","rel":"","context":"En \u00abNacionales\u00bb","img":{"alt_text":"","src":"https:\/\/i0.wp.com\/informatepy.com\/2021\/wp-content\/uploads\/2022\/06\/panificados.jpg?fit=1200%2C800&ssl=1&resize=350%2C200","width":350,"height":200},"classes":[]},{"id":3951,"url":"https:\/\/informatepy.com\/2021\/2021\/03\/12\/son-idiotas-todo-el-dia-o-paran-para-almorzar\/","url_meta":{"origin":12059,"position":4},"title":"\u00bfSon idiotas todo el d\u00eda o paran para almorzar?","date":"12 de marzo de 2021","format":false,"excerpt":"El presidente del Congreso \u00d3scar Salom\u00f3n sali\u00f3 a defender los aumentos salariales para determinados funcionarios del congreso, por un monto de G. 12.000 millones, en medio de la pandemia. En el ensayo de defensa que realiz\u00f3 Salom\u00f3n, argumento que con los recortes en combustible, vi\u00e1ticos y seguro social del Senado,\u2026","rel":"","context":"En \u00abNacionales\u00bb","img":{"alt_text":"","src":"https:\/\/i0.wp.com\/informatepy.com\/2021\/wp-content\/uploads\/2021\/03\/Oscar-Cachito-Salomon.jpg?fit=1200%2C675&ssl=1&resize=350%2C200","width":350,"height":200},"classes":[]},{"id":2375,"url":"https:\/\/informatepy.com\/2021\/2021\/01\/08\/empleados-de-vox-reclaman-el-pago-de-sus-salarios\/","url_meta":{"origin":12059,"position":5},"title":"Empleados de Vox reclaman el pago de sus salarios","date":"8 de enero de 2021","format":false,"excerpt":"De acuerdo a la denuncia llegada hasta la redacci\u00f3n de HOY, los empleados indican que hasta la fecha a\u00fan no cobraron sus salarios, que por contrato estipula que debe realizarse hasta el 5 de cada mes. Asimismo, indican que los responsables del departamento de RRHH, no contestan a las consultas\u2026","rel":"","context":"En \u00abNacionales\u00bb","img":{"alt_text":"","src":"https:\/\/i0.wp.com\/informatepy.com\/2021\/wp-content\/uploads\/2021\/01\/copaco-logo-4.jpg?fit=1200%2C855&ssl=1&resize=350%2C200","width":350,"height":200},"classes":[]}],"authors":[{"term_id":1051,"user_id":4,"is_guest":0,"slug":"redaccion","display_name":"Redacci\u00f3n","avatar_url":"https:\/\/i0.wp.com\/informatepy.com\/2021\/wp-content\/uploads\/2021\/02\/informate-circulo.png?fit=96%2C96&ssl=1","first_name":"Redacci\u00f3n","last_name":"","user_url":"","description":""}],"amp_enabled":true,"_links":{"self":[{"href":"https:\/\/informatepy.com\/2021\/wp-json\/wp\/v2\/posts\/12059","targetHints":{"allow":["GET"]}}],"collection":[{"href":"https:\/\/informatepy.com\/2021\/wp-json\/wp\/v2\/posts"}],"about":[{"href":"https:\/\/informatepy.com\/2021\/wp-json\/wp\/v2\/types\/post"}],"author":[{"embeddable":true,"href":"https:\/\/informatepy.com\/2021\/wp-json\/wp\/v2\/users\/4"}],"replies":[{"embeddable":true,"href":"https:\/\/informatepy.com\/2021\/wp-json\/wp\/v2\/comments?post=12059"}],"version-history":[{"count":1,"href":"https:\/\/informatepy.com\/2021\/wp-json\/wp\/v2\/posts\/12059\/revisions"}],"predecessor-version":[{"id":12061,"href":"https:\/\/informatepy.com\/2021\/wp-json\/wp\/v2\/posts\/12059\/revisions\/12061"}],"wp:featuredmedia":[{"embeddable":true,"href":"https:\/\/informatepy.com\/2021\/wp-json\/wp\/v2\/media\/12060"}],"wp:attachment":[{"href":"https:\/\/informatepy.com\/2021\/wp-json\/wp\/v2\/media?parent=12059"}],"wp:term":[{"taxonomy":"category","embeddable":true,"href":"https:\/\/informatepy.com\/2021\/wp-json\/wp\/v2\/categories?post=12059"},{"taxonomy":"post_tag","embeddable":true,"href":"https:\/\/informatepy.com\/2021\/wp-json\/wp\/v2\/tags?post=12059"},{"taxonomy":"author","embeddable":true,"href":"https:\/\/informatepy.com\/2021\/wp-json\/wp\/v2\/ppma_author?post=12059"}],"curies":[{"name":"wp","href":"https:\/\/api.w.org\/{rel}","templated":true}]}}