{"id":12004,"date":"2022-06-07T15:18:34","date_gmt":"2022-06-07T18:18:34","guid":{"rendered":"https:\/\/informatepy.com\/2021\/?p=12004"},"modified":"2022-06-07T15:18:36","modified_gmt":"2022-06-07T18:18:36","slug":"segunda-matanza-de-cristianos-en-48-horas-esta-vez-en-el-congo","status":"publish","type":"post","link":"https:\/\/informatepy.com\/2021\/2022\/06\/07\/segunda-matanza-de-cristianos-en-48-horas-esta-vez-en-el-congo\/","title":{"rendered":"Segunda matanza de cristianos en 48 horas, esta vez en el Congo"},"content":{"rendered":"\n<p class=\"has-text-align-justify\">No pasaron 24 horas desde la matanza de <a href=\"https:\/\/informatepy.com\/2021\/2022\/06\/05\/nigeria-terroristas-musulmanes-irrumpen-en-una-misa-de-pentecostes-y-asesinan-a-50-fieles\/\" target=\"_blank\" rel=\"noreferrer noopener\">50 cat\u00f3licos en la Iglesia de San Francisco Javier en Ovo, Nigeria<\/a>, cuando el <strong>Estado Isl\u00e1mico<\/strong> anuncia el asesinato de otros 20 cristianos y sus casas quemadas en un ataque de sus terroristas perpetrado en la regi\u00f3n de <strong>Ituri<\/strong>, al este del <strong>Congo<\/strong>. <\/p>\n\n\n\n<p class=\"has-text-align-justify\">En un informe de Libertad Religiosa en el Mundo 2021 de la fundaci\u00f3n pontificia Ayuda a la Iglesia Necesitada (ACN) advierte que en \u00c1frica <em><strong>\u201cla violencia es terrible\u201d<\/strong><\/em>, y se\u00f1al\u00f3 que\u00a0<strong><em>\u201cel n\u00famero de personas asesinadas por grupos armados en Burkina Faso, Camer\u00fan, Chad y Mali entre enero y mediados de abril de 2020 era m\u00e1s del doble en comparaci\u00f3n con el mismo per\u00edodo de 2019\u2033<\/em><\/strong><\/p>\n\n\n\n<p class=\"has-text-align-justify\"><strong><em>\u201cAunque musulmanes y cristianos son v\u00edctimas por igual de la violencia extremista, con la creciente radicalizaci\u00f3n islamista, los cristianos tienden a convertirse cada vez m\u00e1s en un objetivo espec\u00edfico de los terroristas que pretenden eliminar el pluralismo social y religioso caracter\u00edstico de la regi\u00f3n\u201d<\/em><\/strong>, a\u00f1ade.<\/p>\n","protected":false},"excerpt":{"rendered":"<p>Musulmanes radicalizados y yihadistas protagonizan un autentico genocidio en diversos pa\u00edses de \u00c1frica<\/p>\n","protected":false},"author":4,"featured_media":12005,"comment_status":"open","ping_status":"open","sticky":false,"template":"","format":"standard","meta":{"_monsterinsights_skip_tracking":false,"_monsterinsights_sitenote_active":false,"_monsterinsights_sitenote_note":"","_monsterinsights_sitenote_category":0,"footnotes":"","jetpack_publicize_message":"","jetpack_is_tweetstorm":false,"jetpack_publicize_feature_enabled":true},"categories":[173],"tags":[1036,251,742,961],"ppma_author":[1051],"class_list":["post-12004","post","type-post","status-publish","format-standard","has-post-thumbnail","hentry","category-mundo","tag-destacada","tag-islamismo","tag-terrorismo","tag-terrorismo-islamico"],"jetpack_publicize_connections":[],"yoast_head":"<!-- This site is optimized with the Yoast SEO plugin v27.5 - https:\/\/yoast.com\/product\/yoast-seo-wordpress\/ -->\n<title>Segunda matanza de cristianos en 48 horas, esta vez en el Congo - Informatepy<\/title>\n<meta name=\"robots\" content=\"index, follow, max-snippet:-1, max-image-preview:large, max-video-preview:-1\" \/>\n<link rel=\"canonical\" href=\"https:\/\/informatepy.com\/2021\/2022\/06\/07\/segunda-matanza-de-cristianos-en-48-horas-esta-vez-en-el-congo\/\" \/>\n<meta property=\"og:locale\" content=\"es_ES\" \/>\n<meta property=\"og:type\" content=\"article\" \/>\n<meta property=\"og:title\" content=\"Segunda matanza de cristianos en 48 horas, esta vez en el Congo - Informatepy\" \/>\n<meta property=\"og:description\" content=\"Musulmanes radicalizados y yihadistas protagonizan un autentico genocidio en diversos pa\u00edses de \u00c1frica\" \/>\n<meta property=\"og:url\" content=\"https:\/\/informatepy.com\/2021\/2022\/06\/07\/segunda-matanza-de-cristianos-en-48-horas-esta-vez-en-el-congo\/\" \/>\n<meta property=\"og:site_name\" content=\"Informatepy\" \/>\n<meta property=\"article:author\" content=\"https:\/\/www.facebook.com\/InformatePyCom\" \/>\n<meta property=\"article:published_time\" content=\"2022-06-07T18:18:34+00:00\" \/>\n<meta property=\"article:modified_time\" content=\"2022-06-07T18:18:36+00:00\" \/>\n<meta property=\"og:image\" content=\"https:\/\/i0.wp.com\/informatepy.com\/2021\/wp-content\/uploads\/2022\/06\/yihdista-congo.webp?fit=600%2C400&ssl=1\" \/>\n\t<meta property=\"og:image:width\" content=\"600\" \/>\n\t<meta property=\"og:image:height\" content=\"400\" \/>\n\t<meta property=\"og:image:type\" content=\"image\/webp\" \/>\n<meta name=\"author\" content=\"Redacci\u00f3n\" \/>\n<meta name=\"twitter:card\" content=\"summary_large_image\" \/>\n<meta name=\"twitter:creator\" content=\"@https:\/\/twitter.com\/InformatePy1\" \/>\n<meta name=\"twitter:label1\" content=\"Escrito por\" \/>\n\t<meta name=\"twitter:data1\" content=\"Redacci\u00f3n\" \/>\n\t<meta name=\"twitter:label2\" content=\"Tiempo de lectura\" \/>\n\t<meta name=\"twitter:data2\" content=\"1 minuto\" \/>\n<script type=\"application\/ld+json\" class=\"yoast-schema-graph\">{\"@context\":\"https:\\\/\\\/schema.org\",\"@graph\":[{\"@type\":\"Article\",\"@id\":\"https:\\\/\\\/informatepy.com\\\/2021\\\/2022\\\/06\\\/07\\\/segunda-matanza-de-cristianos-en-48-horas-esta-vez-en-el-congo\\\/#article\",\"isPartOf\":{\"@id\":\"https:\\\/\\\/informatepy.com\\\/2021\\\/2022\\\/06\\\/07\\\/segunda-matanza-de-cristianos-en-48-horas-esta-vez-en-el-congo\\\/\"},\"author\":{\"name\":\"Redacci\u00f3n\",\"@id\":\"https:\\\/\\\/informatepy.com\\\/2021\\\/#\\\/schema\\\/person\\\/0c842f525f84ea74ef3b44370d11757b\"},\"headline\":\"Segunda matanza de cristianos en 48 horas, esta vez en el Congo\",\"datePublished\":\"2022-06-07T18:18:34+00:00\",\"dateModified\":\"2022-06-07T18:18:36+00:00\",\"mainEntityOfPage\":{\"@id\":\"https:\\\/\\\/informatepy.com\\\/2021\\\/2022\\\/06\\\/07\\\/segunda-matanza-de-cristianos-en-48-horas-esta-vez-en-el-congo\\\/\"},\"wordCount\":184,\"commentCount\":0,\"publisher\":{\"@id\":\"https:\\\/\\\/informatepy.com\\\/2021\\\/#\\\/schema\\\/person\\\/edd302c981d6ba4596191719d1025a8a\"},\"image\":{\"@id\":\"https:\\\/\\\/informatepy.com\\\/2021\\\/2022\\\/06\\\/07\\\/segunda-matanza-de-cristianos-en-48-horas-esta-vez-en-el-congo\\\/#primaryimage\"},\"thumbnailUrl\":\"https:\\\/\\\/i0.wp.com\\\/informatepy.com\\\/2021\\\/wp-content\\\/uploads\\\/2022\\\/06\\\/yihdista-congo.webp?fit=600%2C400&ssl=1\",\"keywords\":[\"destacada\",\"islamismo\",\"terrorismo\",\"terrorismo islamico\"],\"articleSection\":[\"Mundo\"],\"inLanguage\":\"es\",\"potentialAction\":[{\"@type\":\"CommentAction\",\"name\":\"Comment\",\"target\":[\"https:\\\/\\\/informatepy.com\\\/2021\\\/2022\\\/06\\\/07\\\/segunda-matanza-de-cristianos-en-48-horas-esta-vez-en-el-congo\\\/#respond\"]}]},{\"@type\":\"WebPage\",\"@id\":\"https:\\\/\\\/informatepy.com\\\/2021\\\/2022\\\/06\\\/07\\\/segunda-matanza-de-cristianos-en-48-horas-esta-vez-en-el-congo\\\/\",\"url\":\"https:\\\/\\\/informatepy.com\\\/2021\\\/2022\\\/06\\\/07\\\/segunda-matanza-de-cristianos-en-48-horas-esta-vez-en-el-congo\\\/\",\"name\":\"Segunda matanza de cristianos en 48 horas, esta vez en el Congo - Informatepy\",\"isPartOf\":{\"@id\":\"https:\\\/\\\/informatepy.com\\\/2021\\\/#website\"},\"primaryImageOfPage\":{\"@id\":\"https:\\\/\\\/informatepy.com\\\/2021\\\/2022\\\/06\\\/07\\\/segunda-matanza-de-cristianos-en-48-horas-esta-vez-en-el-congo\\\/#primaryimage\"},\"image\":{\"@id\":\"https:\\\/\\\/informatepy.com\\\/2021\\\/2022\\\/06\\\/07\\\/segunda-matanza-de-cristianos-en-48-horas-esta-vez-en-el-congo\\\/#primaryimage\"},\"thumbnailUrl\":\"https:\\\/\\\/i0.wp.com\\\/informatepy.com\\\/2021\\\/wp-content\\\/uploads\\\/2022\\\/06\\\/yihdista-congo.webp?fit=600%2C400&ssl=1\",\"datePublished\":\"2022-06-07T18:18:34+00:00\",\"dateModified\":\"2022-06-07T18:18:36+00:00\",\"breadcrumb\":{\"@id\":\"https:\\\/\\\/informatepy.com\\\/2021\\\/2022\\\/06\\\/07\\\/segunda-matanza-de-cristianos-en-48-horas-esta-vez-en-el-congo\\\/#breadcrumb\"},\"inLanguage\":\"es\",\"potentialAction\":[{\"@type\":\"ReadAction\",\"target\":[\"https:\\\/\\\/informatepy.com\\\/2021\\\/2022\\\/06\\\/07\\\/segunda-matanza-de-cristianos-en-48-horas-esta-vez-en-el-congo\\\/\"]}]},{\"@type\":\"ImageObject\",\"inLanguage\":\"es\",\"@id\":\"https:\\\/\\\/informatepy.com\\\/2021\\\/2022\\\/06\\\/07\\\/segunda-matanza-de-cristianos-en-48-horas-esta-vez-en-el-congo\\\/#primaryimage\",\"url\":\"https:\\\/\\\/i0.wp.com\\\/informatepy.com\\\/2021\\\/wp-content\\\/uploads\\\/2022\\\/06\\\/yihdista-congo.webp?fit=600%2C400&ssl=1\",\"contentUrl\":\"https:\\\/\\\/i0.wp.com\\\/informatepy.com\\\/2021\\\/wp-content\\\/uploads\\\/2022\\\/06\\\/yihdista-congo.webp?fit=600%2C400&ssl=1\",\"width\":600,\"height\":400},{\"@type\":\"BreadcrumbList\",\"@id\":\"https:\\\/\\\/informatepy.com\\\/2021\\\/2022\\\/06\\\/07\\\/segunda-matanza-de-cristianos-en-48-horas-esta-vez-en-el-congo\\\/#breadcrumb\",\"itemListElement\":[{\"@type\":\"ListItem\",\"position\":1,\"name\":\"Portada\",\"item\":\"https:\\\/\\\/informatepy.com\\\/2021\\\/\"},{\"@type\":\"ListItem\",\"position\":2,\"name\":\"Segunda matanza de cristianos en 48 horas, esta vez en el Congo\"}]},{\"@type\":\"WebSite\",\"@id\":\"https:\\\/\\\/informatepy.com\\\/2021\\\/#website\",\"url\":\"https:\\\/\\\/informatepy.com\\\/2021\\\/\",\"name\":\"Informatepy\",\"description\":\"La verdad, siempre!\",\"publisher\":{\"@id\":\"https:\\\/\\\/informatepy.com\\\/2021\\\/#\\\/schema\\\/person\\\/edd302c981d6ba4596191719d1025a8a\"},\"potentialAction\":[{\"@type\":\"SearchAction\",\"target\":{\"@type\":\"EntryPoint\",\"urlTemplate\":\"https:\\\/\\\/informatepy.com\\\/2021\\\/?s={search_term_string}\"},\"query-input\":{\"@type\":\"PropertyValueSpecification\",\"valueRequired\":true,\"valueName\":\"search_term_string\"}}],\"inLanguage\":\"es\"},{\"@type\":[\"Person\",\"Organization\"],\"@id\":\"https:\\\/\\\/informatepy.com\\\/2021\\\/#\\\/schema\\\/person\\\/edd302c981d6ba4596191719d1025a8a\",\"name\":\"admin\",\"image\":{\"@type\":\"ImageObject\",\"inLanguage\":\"es\",\"@id\":\"https:\\\/\\\/secure.gravatar.com\\\/avatar\\\/5310f602b6cbcfb86e030c4ccdbb78f6565a3b9bab6a74ab80fd3cb5428b65af?s=96&d=mm&r=g\",\"url\":\"https:\\\/\\\/secure.gravatar.com\\\/avatar\\\/5310f602b6cbcfb86e030c4ccdbb78f6565a3b9bab6a74ab80fd3cb5428b65af?s=96&d=mm&r=g\",\"contentUrl\":\"https:\\\/\\\/secure.gravatar.com\\\/avatar\\\/5310f602b6cbcfb86e030c4ccdbb78f6565a3b9bab6a74ab80fd3cb5428b65af?s=96&d=mm&r=g\",\"caption\":\"admin\"},\"logo\":{\"@id\":\"https:\\\/\\\/secure.gravatar.com\\\/avatar\\\/5310f602b6cbcfb86e030c4ccdbb78f6565a3b9bab6a74ab80fd3cb5428b65af?s=96&d=mm&r=g\"},\"sameAs\":[\"http:\\\/\\\/informatepy.com\\\/2021\"]},{\"@type\":\"Person\",\"@id\":\"https:\\\/\\\/informatepy.com\\\/2021\\\/#\\\/schema\\\/person\\\/0c842f525f84ea74ef3b44370d11757b\",\"name\":\"Redacci\u00f3n\",\"image\":{\"@type\":\"ImageObject\",\"inLanguage\":\"es\",\"@id\":\"https:\\\/\\\/i0.wp.com\\\/informatepy.com\\\/2021\\\/wp-content\\\/uploads\\\/2021\\\/02\\\/informate-circulo.png?fit=96%2C96&ssl=1\",\"url\":\"https:\\\/\\\/i0.wp.com\\\/informatepy.com\\\/2021\\\/wp-content\\\/uploads\\\/2021\\\/02\\\/informate-circulo.png?fit=96%2C96&ssl=1\",\"contentUrl\":\"https:\\\/\\\/i0.wp.com\\\/informatepy.com\\\/2021\\\/wp-content\\\/uploads\\\/2021\\\/02\\\/informate-circulo.png?fit=96%2C96&ssl=1\",\"caption\":\"Redacci\u00f3n\"},\"sameAs\":[\"https:\\\/\\\/www.facebook.com\\\/InformatePyCom\",\"https:\\\/\\\/x.com\\\/https:\\\/\\\/twitter.com\\\/InformatePy1\"],\"url\":\"https:\\\/\\\/informatepy.com\\\/2021\\\/author\\\/redaccion\\\/\"}]}<\/script>\n<!-- \/ Yoast SEO plugin. -->","yoast_head_json":{"title":"Segunda matanza de cristianos en 48 horas, esta vez en el Congo - Informatepy","robots":{"index":"index","follow":"follow","max-snippet":"max-snippet:-1","max-image-preview":"max-image-preview:large","max-video-preview":"max-video-preview:-1"},"canonical":"https:\/\/informatepy.com\/2021\/2022\/06\/07\/segunda-matanza-de-cristianos-en-48-horas-esta-vez-en-el-congo\/","og_locale":"es_ES","og_type":"article","og_title":"Segunda matanza de cristianos en 48 horas, esta vez en el Congo - Informatepy","og_description":"Musulmanes radicalizados y yihadistas protagonizan un autentico genocidio en diversos pa\u00edses de \u00c1frica","og_url":"https:\/\/informatepy.com\/2021\/2022\/06\/07\/segunda-matanza-de-cristianos-en-48-horas-esta-vez-en-el-congo\/","og_site_name":"Informatepy","article_author":"https:\/\/www.facebook.com\/InformatePyCom","article_published_time":"2022-06-07T18:18:34+00:00","article_modified_time":"2022-06-07T18:18:36+00:00","og_image":[{"width":600,"height":400,"url":"https:\/\/i0.wp.com\/informatepy.com\/2021\/wp-content\/uploads\/2022\/06\/yihdista-congo.webp?fit=600%2C400&ssl=1","type":"image\/webp"}],"author":"Redacci\u00f3n","twitter_card":"summary_large_image","twitter_creator":"@https:\/\/twitter.com\/InformatePy1","twitter_misc":{"Escrito por":"Redacci\u00f3n","Tiempo de lectura":"1 minuto"},"schema":{"@context":"https:\/\/schema.org","@graph":[{"@type":"Article","@id":"https:\/\/informatepy.com\/2021\/2022\/06\/07\/segunda-matanza-de-cristianos-en-48-horas-esta-vez-en-el-congo\/#article","isPartOf":{"@id":"https:\/\/informatepy.com\/2021\/2022\/06\/07\/segunda-matanza-de-cristianos-en-48-horas-esta-vez-en-el-congo\/"},"author":{"name":"Redacci\u00f3n","@id":"https:\/\/informatepy.com\/2021\/#\/schema\/person\/0c842f525f84ea74ef3b44370d11757b"},"headline":"Segunda matanza de cristianos en 48 horas, esta vez en el Congo","datePublished":"2022-06-07T18:18:34+00:00","dateModified":"2022-06-07T18:18:36+00:00","mainEntityOfPage":{"@id":"https:\/\/informatepy.com\/2021\/2022\/06\/07\/segunda-matanza-de-cristianos-en-48-horas-esta-vez-en-el-congo\/"},"wordCount":184,"commentCount":0,"publisher":{"@id":"https:\/\/informatepy.com\/2021\/#\/schema\/person\/edd302c981d6ba4596191719d1025a8a"},"image":{"@id":"https:\/\/informatepy.com\/2021\/2022\/06\/07\/segunda-matanza-de-cristianos-en-48-horas-esta-vez-en-el-congo\/#primaryimage"},"thumbnailUrl":"https:\/\/i0.wp.com\/informatepy.com\/2021\/wp-content\/uploads\/2022\/06\/yihdista-congo.webp?fit=600%2C400&ssl=1","keywords":["destacada","islamismo","terrorismo","terrorismo islamico"],"articleSection":["Mundo"],"inLanguage":"es","potentialAction":[{"@type":"CommentAction","name":"Comment","target":["https:\/\/informatepy.com\/2021\/2022\/06\/07\/segunda-matanza-de-cristianos-en-48-horas-esta-vez-en-el-congo\/#respond"]}]},{"@type":"WebPage","@id":"https:\/\/informatepy.com\/2021\/2022\/06\/07\/segunda-matanza-de-cristianos-en-48-horas-esta-vez-en-el-congo\/","url":"https:\/\/informatepy.com\/2021\/2022\/06\/07\/segunda-matanza-de-cristianos-en-48-horas-esta-vez-en-el-congo\/","name":"Segunda matanza de cristianos en 48 horas, esta vez en el Congo - Informatepy","isPartOf":{"@id":"https:\/\/informatepy.com\/2021\/#website"},"primaryImageOfPage":{"@id":"https:\/\/informatepy.com\/2021\/2022\/06\/07\/segunda-matanza-de-cristianos-en-48-horas-esta-vez-en-el-congo\/#primaryimage"},"image":{"@id":"https:\/\/informatepy.com\/2021\/2022\/06\/07\/segunda-matanza-de-cristianos-en-48-horas-esta-vez-en-el-congo\/#primaryimage"},"thumbnailUrl":"https:\/\/i0.wp.com\/informatepy.com\/2021\/wp-content\/uploads\/2022\/06\/yihdista-congo.webp?fit=600%2C400&ssl=1","datePublished":"2022-06-07T18:18:34+00:00","dateModified":"2022-06-07T18:18:36+00:00","breadcrumb":{"@id":"https:\/\/informatepy.com\/2021\/2022\/06\/07\/segunda-matanza-de-cristianos-en-48-horas-esta-vez-en-el-congo\/#breadcrumb"},"inLanguage":"es","potentialAction":[{"@type":"ReadAction","target":["https:\/\/informatepy.com\/2021\/2022\/06\/07\/segunda-matanza-de-cristianos-en-48-horas-esta-vez-en-el-congo\/"]}]},{"@type":"ImageObject","inLanguage":"es","@id":"https:\/\/informatepy.com\/2021\/2022\/06\/07\/segunda-matanza-de-cristianos-en-48-horas-esta-vez-en-el-congo\/#primaryimage","url":"https:\/\/i0.wp.com\/informatepy.com\/2021\/wp-content\/uploads\/2022\/06\/yihdista-congo.webp?fit=600%2C400&ssl=1","contentUrl":"https:\/\/i0.wp.com\/informatepy.com\/2021\/wp-content\/uploads\/2022\/06\/yihdista-congo.webp?fit=600%2C400&ssl=1","width":600,"height":400},{"@type":"BreadcrumbList","@id":"https:\/\/informatepy.com\/2021\/2022\/06\/07\/segunda-matanza-de-cristianos-en-48-horas-esta-vez-en-el-congo\/#breadcrumb","itemListElement":[{"@type":"ListItem","position":1,"name":"Portada","item":"https:\/\/informatepy.com\/2021\/"},{"@type":"ListItem","position":2,"name":"Segunda matanza de cristianos en 48 horas, esta vez en el Congo"}]},{"@type":"WebSite","@id":"https:\/\/informatepy.com\/2021\/#website","url":"https:\/\/informatepy.com\/2021\/","name":"Informatepy","description":"La verdad, siempre!","publisher":{"@id":"https:\/\/informatepy.com\/2021\/#\/schema\/person\/edd302c981d6ba4596191719d1025a8a"},"potentialAction":[{"@type":"SearchAction","target":{"@type":"EntryPoint","urlTemplate":"https:\/\/informatepy.com\/2021\/?s={search_term_string}"},"query-input":{"@type":"PropertyValueSpecification","valueRequired":true,"valueName":"search_term_string"}}],"inLanguage":"es"},{"@type":["Person","Organization"],"@id":"https:\/\/informatepy.com\/2021\/#\/schema\/person\/edd302c981d6ba4596191719d1025a8a","name":"admin","image":{"@type":"ImageObject","inLanguage":"es","@id":"https:\/\/secure.gravatar.com\/avatar\/5310f602b6cbcfb86e030c4ccdbb78f6565a3b9bab6a74ab80fd3cb5428b65af?s=96&d=mm&r=g","url":"https:\/\/secure.gravatar.com\/avatar\/5310f602b6cbcfb86e030c4ccdbb78f6565a3b9bab6a74ab80fd3cb5428b65af?s=96&d=mm&r=g","contentUrl":"https:\/\/secure.gravatar.com\/avatar\/5310f602b6cbcfb86e030c4ccdbb78f6565a3b9bab6a74ab80fd3cb5428b65af?s=96&d=mm&r=g","caption":"admin"},"logo":{"@id":"https:\/\/secure.gravatar.com\/avatar\/5310f602b6cbcfb86e030c4ccdbb78f6565a3b9bab6a74ab80fd3cb5428b65af?s=96&d=mm&r=g"},"sameAs":["http:\/\/informatepy.com\/2021"]},{"@type":"Person","@id":"https:\/\/informatepy.com\/2021\/#\/schema\/person\/0c842f525f84ea74ef3b44370d11757b","name":"Redacci\u00f3n","image":{"@type":"ImageObject","inLanguage":"es","@id":"https:\/\/i0.wp.com\/informatepy.com\/2021\/wp-content\/uploads\/2021\/02\/informate-circulo.png?fit=96%2C96&ssl=1","url":"https:\/\/i0.wp.com\/informatepy.com\/2021\/wp-content\/uploads\/2021\/02\/informate-circulo.png?fit=96%2C96&ssl=1","contentUrl":"https:\/\/i0.wp.com\/informatepy.com\/2021\/wp-content\/uploads\/2021\/02\/informate-circulo.png?fit=96%2C96&ssl=1","caption":"Redacci\u00f3n"},"sameAs":["https:\/\/www.facebook.com\/InformatePyCom","https:\/\/x.com\/https:\/\/twitter.com\/InformatePy1"],"url":"https:\/\/informatepy.com\/2021\/author\/redaccion\/"}]}},"jetpack_featured_media_url":"https:\/\/i0.wp.com\/informatepy.com\/2021\/wp-content\/uploads\/2022\/06\/yihdista-congo.webp?fit=600%2C400&ssl=1","jetpack_sharing_enabled":true,"jetpack_likes_enabled":true,"jetpack-related-posts":[{"id":12154,"url":"https:\/\/informatepy.com\/2021\/2022\/06\/15\/para-el-presidente-de-irlanda-la-masacre-de-cristianos-en-pentecostes-se-debio-al-cambio-climatico\/","url_meta":{"origin":12004,"position":0},"title":"Para el presidente de Irlanda, la masacre de cristianos en Pentecost\u00e9s se debi\u00f3 al cambio clim\u00e1tico","date":"15 de junio de 2022","format":false,"excerpt":"El presidente de Irlanda, Michael D. Higgins, conden\u00f3 el ataque mortal en una iglesia cat\u00f3lica en Nigeria el domingo de Pentecost\u00e9s pero, los causales que encontr\u00f3 Higgins son totalmente absurdos. Higgins, aludiendo a enfrentamientos mortales entre agricultores y pastores n\u00f3madas en el pa\u00eds de \u00c1frica Occidental afirm\u00f3 \"que tal ataque\u2026","rel":"","context":"En \u00abMundo\u00bb","img":{"alt_text":"","src":"https:\/\/i0.wp.com\/informatepy.com\/2021\/wp-content\/uploads\/2022\/06\/Michael-higgs.webp?fit=1200%2C675&ssl=1&resize=350%2C200","width":350,"height":200},"classes":[]},{"id":11970,"url":"https:\/\/informatepy.com\/2021\/2022\/06\/05\/nigeria-terroristas-musulmanes-irrumpen-en-una-misa-de-pentecostes-y-asesinan-a-50-fieles\/","url_meta":{"origin":12004,"position":1},"title":"NIGERIA: Terroristas musulmanes irrumpen en una Misa de Pentecost\u00e9s y asesinan a 50 fieles","date":"5 de junio de 2022","format":false,"excerpt":"El ataque terrorista tuvo lugar durante la misa matutina en la iglesia de San Francisco en la localidad de Owo, situada en el suroeste del pa\u00eds. Los primeros reportes hablan de al menos 50 muertos. De acuerdo a declaraciones de testigos, los terroristas eran al menos 5 y, al ingresar\u2026","rel":"","context":"En \u00abMundo\u00bb","img":{"alt_text":"","src":"https:\/\/i0.wp.com\/informatepy.com\/2021\/wp-content\/uploads\/2022\/06\/ataque-iglesia-nigeria.webp?fit=820%2C508&ssl=1&resize=350%2C200","width":350,"height":200},"classes":[]},{"id":4958,"url":"https:\/\/informatepy.com\/2021\/2021\/05\/19\/los-que-amenazan-a-israel-tambien-nos-amenazan-a-nosotros-la-carta-de-76-personalidades-francesas-contra-el-terrorismo-de-hamas\/","url_meta":{"origin":12004,"position":2},"title":"\u201cLos que amenazan a Israel tambi\u00e9n nos amenazan a nosotros\u201d: la carta de 76 personalidades francesas contra el terrorismo de Hamas","date":"19 de mayo de 2021","format":false,"excerpt":"Un grupo conformado por\u00a076 personalidades francesas, entre las que se destacan pol\u00edticos, periodistas, cient\u00edficos, escritores y artistas, public\u00f3 una\u00a0carta\u00a0en el diario\u00a0Le Figaro\u00a0sobre el conflicto actual entre israel\u00edes y palestinos, en el que asegur\u00f3 que\u00a0\u201cHam\u00e1s no tiene como objetivo la creaci\u00f3n de un Estado para el pueblo \u00e1rabe de Palestina, sino\u2026","rel":"","context":"En \u00abDestacados\u00bb","img":{"alt_text":"","src":"https:\/\/i0.wp.com\/informatepy.com\/2021\/wp-content\/uploads\/2021\/05\/banderas-israel-y-francia.jpg?fit=1200%2C792&ssl=1&resize=350%2C200","width":350,"height":200},"classes":[]},{"id":12205,"url":"https:\/\/informatepy.com\/2021\/2022\/06\/17\/no-todas-las-vidas-negras-importan\/","url_meta":{"origin":12004,"position":3},"title":"No todas las vidas negras importan","date":"17 de junio de 2022","format":false,"excerpt":"Desde 2009, despu\u00e9s de la insurgencia del grupo islamista Boko Haram, Nigeria ha tenido que lidiar con atentados contra iglesias, escuelas y otras organizaciones","rel":"","context":"En \u00abAnalisis\u00bb","img":{"alt_text":"","src":"https:\/\/i0.wp.com\/informatepy.com\/2021\/wp-content\/uploads\/2022\/06\/Masacre-Nigeria.webp?fit=1068%2C712&ssl=1&resize=350%2C200","width":350,"height":200},"classes":[]},{"id":12372,"url":"https:\/\/informatepy.com\/2021\/2022\/06\/25\/oslo-suspende-su-orgullo-tras-un-atentado-islamista-en-un-bar-gay\/","url_meta":{"origin":12004,"position":4},"title":"Oslo suspende su \u00abOrgullo\u00bb tras un atentado islamista en un bar gay","date":"25 de junio de 2022","format":false,"excerpt":"Un atacante solitario de origen iran\u00ed que hab\u00eda sido investigado por radicalizaci\u00f3n mat\u00f3 a tiros a dos personas en el centro de la capital noruega e hiri\u00f3 a otras 21","rel":"","context":"En \u00abMundo\u00bb","img":{"alt_text":"","src":"https:\/\/i0.wp.com\/informatepy.com\/2021\/wp-content\/uploads\/2022\/06\/Osloatentado-lgbt.jpg?fit=1023%2C684&ssl=1&resize=350%2C200","width":350,"height":200},"classes":[]},{"id":6552,"url":"https:\/\/informatepy.com\/2021\/2021\/08\/18\/los-refugiados-viajan-listos-para-incendiar-europa\/","url_meta":{"origin":12004,"position":5},"title":"Los refugiados viajan listos para incendiar Europa","date":"18 de agosto de 2021","format":false,"excerpt":"Las agencias de inteligencia europea saben, desde hace mucho tiempo, que las organizaciones terroristas musulmanas como Estado Isl\u00e1mico (EI) o Al Qaeda est\u00e1n infiltrando terroristas en Europa en calidad de refugiados. Algunas veces por negligencia (no pueden argumentar falta de recursos) pero las m\u00e1s de las veces por la necesidad\u2026","rel":"","context":"En \u00abAnalisis\u00bb","img":{"alt_text":"","src":"https:\/\/i0.wp.com\/informatepy.com\/2021\/wp-content\/uploads\/2021\/08\/refugiados-afganos.jpg?fit=1080%2C683&ssl=1&resize=350%2C200","width":350,"height":200},"classes":[]}],"authors":[{"term_id":1051,"user_id":4,"is_guest":0,"slug":"redaccion","display_name":"Redacci\u00f3n","avatar_url":"https:\/\/i0.wp.com\/informatepy.com\/2021\/wp-content\/uploads\/2021\/02\/informate-circulo.png?fit=96%2C96&ssl=1","first_name":"Redacci\u00f3n","last_name":"","user_url":"","description":""}],"amp_enabled":true,"_links":{"self":[{"href":"https:\/\/informatepy.com\/2021\/wp-json\/wp\/v2\/posts\/12004","targetHints":{"allow":["GET"]}}],"collection":[{"href":"https:\/\/informatepy.com\/2021\/wp-json\/wp\/v2\/posts"}],"about":[{"href":"https:\/\/informatepy.com\/2021\/wp-json\/wp\/v2\/types\/post"}],"author":[{"embeddable":true,"href":"https:\/\/informatepy.com\/2021\/wp-json\/wp\/v2\/users\/4"}],"replies":[{"embeddable":true,"href":"https:\/\/informatepy.com\/2021\/wp-json\/wp\/v2\/comments?post=12004"}],"version-history":[{"count":1,"href":"https:\/\/informatepy.com\/2021\/wp-json\/wp\/v2\/posts\/12004\/revisions"}],"predecessor-version":[{"id":12006,"href":"https:\/\/informatepy.com\/2021\/wp-json\/wp\/v2\/posts\/12004\/revisions\/12006"}],"wp:featuredmedia":[{"embeddable":true,"href":"https:\/\/informatepy.com\/2021\/wp-json\/wp\/v2\/media\/12005"}],"wp:attachment":[{"href":"https:\/\/informatepy.com\/2021\/wp-json\/wp\/v2\/media?parent=12004"}],"wp:term":[{"taxonomy":"category","embeddable":true,"href":"https:\/\/informatepy.com\/2021\/wp-json\/wp\/v2\/categories?post=12004"},{"taxonomy":"post_tag","embeddable":true,"href":"https:\/\/informatepy.com\/2021\/wp-json\/wp\/v2\/tags?post=12004"},{"taxonomy":"author","embeddable":true,"href":"https:\/\/informatepy.com\/2021\/wp-json\/wp\/v2\/ppma_author?post=12004"}],"curies":[{"name":"wp","href":"https:\/\/api.w.org\/{rel}","templated":true}]}}