{"id":11869,"date":"2022-05-31T10:09:40","date_gmt":"2022-05-31T13:09:40","guid":{"rendered":"https:\/\/informatepy.com\/2021\/?p=11869"},"modified":"2022-05-31T10:09:43","modified_gmt":"2022-05-31T13:09:43","slug":"conservadurismo-religioso-como-filosofia-gobernante","status":"publish","type":"post","link":"https:\/\/informatepy.com\/2021\/2022\/05\/31\/conservadurismo-religioso-como-filosofia-gobernante\/","title":{"rendered":"Conservadurismo religioso como filosof\u00eda gobernante"},"content":{"rendered":"\n<p class=\"has-text-align-justify\">En enero de 2016, Donald J. Trump dio un discurso de campa\u00f1a en una peque\u00f1a universidad en Sioux Center, Iowa. De pie, frente a un \u00f3rgano de tres pisos de altura, dijo:<\/p>\n\n\n\n<figure class=\"wp-block-pullquote\"><blockquote><p>\u201cCuento con la gente m\u00e1s leal. Podr\u00eda pararme en medio de la Quinta Avenida y dispararle a<br>alguien y no perder\u00eda ning\u00fan votante, \u00bfOK?\u201d.<\/p><\/blockquote><\/figure>\n\n\n\n<p>Pero ese d\u00eda dijo algo m\u00e1s. Y el p\u00fablico objetivo lo escuch\u00f3: \u00abEl cristianismo tendr\u00e1 poder\u00bb.<\/p>\n\n\n\n<p class=\"has-text-align-justify\">Antes de continuar debemos tener presente una tendencia contrapuesta en el pensamiento conservador como dijo Roger Scrutton: <em><strong>\u00abAl igual que subraya la necesidad de las tradiciones y las comunidades, la filosof\u00eda conservadora aboga por la libertad del individuo, y no concibe la comunidad como una red org\u00e1nica a la que nos vinculamos por el h\u00e1bito y la sumisi\u00f3n, sino como una asociaci\u00f3n libre de seres racionales, todos ellos dotados de una identidad propia que cultivar\u00bb.<\/strong><\/em><\/p>\n\n\n\n<p class=\"has-text-align-justify\">El grado de optimismo debe de ser mayor, del que se manifiesta en los medios de comunicaci\u00f3n. El periodismo conservador, debe de sacar las armas contra la llamada Ideolog\u00eda sucesora. La cultura adversaria representa dos grandes amenazas para la solidaridad comunitaria que los desconocidos conservadores aprecian. En primer lugar, erosiona los lazos de la moral familiar y religiosa, o lo que el polit\u00f3logo de Harvard Robert Putnam llama \u00abel capital social de uni\u00f3n\u00bb, los lazos dentro de las comunidades. En segundo lugar, el igualitarismo radical y el individualismo expresivo de la cultura adversaria eviscera la tradici\u00f3n<br>colectiva, la memoria y la naci\u00f3n, socavando as\u00ed lo que Putnam llama \u00abcapital social puentear\u00bb, los lazos que unen a las comunidades en un punto com\u00fan. Lo cierto es que el devenir de la pol\u00edtica actual ha desdibujado hasta cierto punto en qu\u00e9 consiste exactamente la postura conservadora. Si nos importa la verdad, en esta era de posverdad que solo pretende relativizar la veracidad, en la banalizaci\u00f3n de la objetividad de los datos, y en la supremac\u00eda del discurso emotivo, deber\u00edamos recordar la palabra de Jes\u00fas: Jn. 8:31, 36; Ef. 4:25 \u2013<\/p>\n\n\n\n<figure class=\"wp-block-pullquote\"><blockquote><p>\u201c\u2026 Si vosotros permaneciereis en mi palabra, ser\u00e9is verdaderamente mis disc\u00edpulos y<br>conocer\u00e9is la verdad, y la verdad os har\u00e1 libres\u2026 desechando la mentira, hablad verdad cada<br>uno con su pr\u00f3jimo\u2026\u201d<\/p><\/blockquote><\/figure>\n\n\n\n<p class=\"has-text-align-justify\">La posverdad fomentada de manera reiterada por los medios progresistas asume que existen tantas verdades como individuos y cada uno escoge la suya propia como si de un buffet se tratara. Todo es cuesti\u00f3n de interpretaciones subjetivas y personales. Pero estos p\u00e9rfidos y maquiav\u00e9licos globalistas han perdido la referencia a los hechos, todas las versiones que aparecen son, en principio, igual de v\u00e1lidas, ya que son suplantaciones de realidades que han perdido su valor objetivo. \u00bfEs posible alumbrar la verdad conservadora en una realidad sist\u00e9mica de mentiras globalizadas? \u00bfC\u00f3mo podemos enfrentar la posverdad progresista viviendo de manera alternativa? Aqu\u00ed algunos puntos que Eduardo Del\u00e1s Segura (Doctor en Teolog\u00eda Sistem\u00e1tica) nos ofrece desde el magazine Lupa Protestante:<\/p>\n\n\n\n<p class=\"has-text-align-justify\">\u2022Es necesario aprender a mirar alrededor con todos los sentidos y la mente aplicados a querer entender la realidad, cuestionando y poniendo en crisis los discursos de los encantadores de serpientes que nos ofrecen su particular relato.<br>\u2022Es necesario que tomemos conciencia de que somos seres libres aplicando ese valor a todas las decisiones, en vez de optar por la seguridad y la conveniencia.<br>\u2022Es necesario que descubramos la inmensa zanahoria virtual que tenemos ante nuestras propias narices, con el fin de aprender a contemplar la realidad sin sucumbir ante el brillo de los impresentables suced\u00e1neos que se nos ofrecen.<br>\u2022Es necesario que reconstruyamos una escala de valores correcta y actuemos conforme a ella para aprender a relativizar todos los dioses\/\u00eddolos que el sistema nos vende como soluci\u00f3n final a todas nuestras necesidades y carencias.<br>\u2022Es necesario que identifiquemos y combatamos la mentira con todas sus variantes y consecuencias desde una vivencia, no solo personal, sino sobre todo comunitaria. Desde una opci\u00f3n cristiana, la iglesia que sigue a Jes\u00fas y se deja guiar por el Esp\u00edritu, es la comunidad en la que se encarna la Verdad como rasgo distintivo de su ser y de su hacer. Porque la Verdad no es una doctrina, ni un dogma, ni una idea, sino una persona: Jes\u00fas de Nazaret.<\/p>\n\n\n\n<p class=\"has-text-align-justify\">Pensemos en las palabras que dijo Rob Driesen tras acabar de escuchar el discurso de D. Trump en primera fila:<\/p>\n\n\n\n<figure class=\"wp-block-pullquote\"><blockquote><p>\u201cCreo que mi mayor preocupaci\u00f3n es tratar de preservar nuestro pa\u00eds como era: conservador,<br>con valores. Para nosotros eso es lo mejor que hay. Podemos hacer lo que queramos\u201d, dijo<br>Driesen, de 56 a\u00f1os, sentado en la mesa de su cocina junto a su esposa, Cheryl, de 52 a\u00f1os, esta<br>primavera. Junto a ellos, el lema familiar estaba pintado en la pared, en letras doradas y<br>negras: \u201cEl hogar, donde comienza tu historia\u201d.<\/p><\/blockquote><\/figure>\n","protected":false},"excerpt":{"rendered":"<p>En enero de 2016, Donald J. Trump dio un discurso de campa\u00f1a en una peque\u00f1a universidad en Sioux Center, Iowa. De pie, frente a un \u00f3rgano de tres pisos de altura, dijo: \u201cCuento con la gente m\u00e1s leal. Podr\u00eda pararme en medio de la Quinta Avenida y dispararle aalguien y no perder\u00eda ning\u00fan votante, \u00bfOK?\u201d. [&hellip;]<\/p>\n","protected":false},"author":41,"featured_media":11109,"comment_status":"open","ping_status":"open","sticky":false,"template":"","format":"standard","meta":{"_monsterinsights_skip_tracking":false,"_monsterinsights_sitenote_active":false,"_monsterinsights_sitenote_note":"","_monsterinsights_sitenote_category":0,"footnotes":"","jetpack_publicize_message":"","jetpack_is_tweetstorm":false,"jetpack_publicize_feature_enabled":false},"categories":[248],"tags":[1491,1036],"ppma_author":[1728],"class_list":["post-11869","post","type-post","status-publish","format-standard","has-post-thumbnail","hentry","category-analisis","tag-conservadurismo","tag-destacada"],"jetpack_publicize_connections":[],"yoast_head":"<!-- This site is optimized with the Yoast SEO plugin v27.4 - https:\/\/yoast.com\/product\/yoast-seo-wordpress\/ -->\n<title>Conservadurismo religioso como filosof\u00eda gobernante - Informatepy<\/title>\n<meta name=\"robots\" content=\"index, follow, max-snippet:-1, max-image-preview:large, max-video-preview:-1\" \/>\n<link rel=\"canonical\" href=\"https:\/\/informatepy.com\/2021\/2022\/05\/31\/conservadurismo-religioso-como-filosofia-gobernante\/\" \/>\n<meta property=\"og:locale\" content=\"es_ES\" \/>\n<meta property=\"og:type\" content=\"article\" \/>\n<meta property=\"og:title\" content=\"Conservadurismo religioso como filosof\u00eda gobernante - Informatepy\" \/>\n<meta property=\"og:description\" content=\"En enero de 2016, Donald J. Trump dio un discurso de campa\u00f1a en una peque\u00f1a universidad en Sioux Center, Iowa. De pie, frente a un \u00f3rgano de tres pisos de altura, dijo: \u201cCuento con la gente m\u00e1s leal. Podr\u00eda pararme en medio de la Quinta Avenida y dispararle aalguien y no perder\u00eda ning\u00fan votante, \u00bfOK?\u201d. [&hellip;]\" \/>\n<meta property=\"og:url\" content=\"https:\/\/informatepy.com\/2021\/2022\/05\/31\/conservadurismo-religioso-como-filosofia-gobernante\/\" \/>\n<meta property=\"og:site_name\" content=\"Informatepy\" \/>\n<meta property=\"article:published_time\" content=\"2022-05-31T13:09:40+00:00\" \/>\n<meta property=\"article:modified_time\" content=\"2022-05-31T13:09:43+00:00\" \/>\n<meta property=\"og:image\" content=\"https:\/\/informatepy.com\/2021\/wp-content\/uploads\/2022\/04\/Arthur-Charlan.png\" \/>\n\t<meta property=\"og:image:width\" content=\"1281\" \/>\n\t<meta property=\"og:image:height\" content=\"700\" \/>\n\t<meta property=\"og:image:type\" content=\"image\/png\" \/>\n<meta name=\"author\" content=\"Arthur Charlan\" \/>\n<meta name=\"twitter:card\" content=\"summary_large_image\" \/>\n<meta name=\"twitter:creator\" content=\"@https:\/\/twitter.com\/ArthurCharlan\" \/>\n<meta name=\"twitter:label1\" content=\"Escrito por\" \/>\n\t<meta name=\"twitter:data1\" content=\"Arthur Charlan\" \/>\n\t<meta name=\"twitter:label2\" content=\"Tiempo de lectura\" \/>\n\t<meta name=\"twitter:data2\" content=\"4 minutos\" \/>\n<script type=\"application\/ld+json\" class=\"yoast-schema-graph\">{\"@context\":\"https:\\\/\\\/schema.org\",\"@graph\":[{\"@type\":\"Article\",\"@id\":\"https:\\\/\\\/informatepy.com\\\/2021\\\/2022\\\/05\\\/31\\\/conservadurismo-religioso-como-filosofia-gobernante\\\/#article\",\"isPartOf\":{\"@id\":\"https:\\\/\\\/informatepy.com\\\/2021\\\/2022\\\/05\\\/31\\\/conservadurismo-religioso-como-filosofia-gobernante\\\/\"},\"author\":{\"name\":\"Arthur Charlan\",\"@id\":\"https:\\\/\\\/informatepy.com\\\/2021\\\/#\\\/schema\\\/person\\\/fae5ed0c5294aed3b7c045adac96611c\"},\"headline\":\"Conservadurismo religioso como filosof\u00eda gobernante\",\"datePublished\":\"2022-05-31T13:09:40+00:00\",\"dateModified\":\"2022-05-31T13:09:43+00:00\",\"mainEntityOfPage\":{\"@id\":\"https:\\\/\\\/informatepy.com\\\/2021\\\/2022\\\/05\\\/31\\\/conservadurismo-religioso-como-filosofia-gobernante\\\/\"},\"wordCount\":831,\"commentCount\":0,\"publisher\":{\"@id\":\"https:\\\/\\\/informatepy.com\\\/2021\\\/#\\\/schema\\\/person\\\/edd302c981d6ba4596191719d1025a8a\"},\"image\":{\"@id\":\"https:\\\/\\\/informatepy.com\\\/2021\\\/2022\\\/05\\\/31\\\/conservadurismo-religioso-como-filosofia-gobernante\\\/#primaryimage\"},\"thumbnailUrl\":\"https:\\\/\\\/i0.wp.com\\\/informatepy.com\\\/2021\\\/wp-content\\\/uploads\\\/2022\\\/04\\\/Arthur-Charlan.png?fit=1281%2C700&ssl=1\",\"keywords\":[\"conservadurismo\",\"destacada\"],\"articleSection\":[\"Analisis\"],\"inLanguage\":\"es\",\"potentialAction\":[{\"@type\":\"CommentAction\",\"name\":\"Comment\",\"target\":[\"https:\\\/\\\/informatepy.com\\\/2021\\\/2022\\\/05\\\/31\\\/conservadurismo-religioso-como-filosofia-gobernante\\\/#respond\"]}]},{\"@type\":\"WebPage\",\"@id\":\"https:\\\/\\\/informatepy.com\\\/2021\\\/2022\\\/05\\\/31\\\/conservadurismo-religioso-como-filosofia-gobernante\\\/\",\"url\":\"https:\\\/\\\/informatepy.com\\\/2021\\\/2022\\\/05\\\/31\\\/conservadurismo-religioso-como-filosofia-gobernante\\\/\",\"name\":\"Conservadurismo religioso como filosof\u00eda gobernante - Informatepy\",\"isPartOf\":{\"@id\":\"https:\\\/\\\/informatepy.com\\\/2021\\\/#website\"},\"primaryImageOfPage\":{\"@id\":\"https:\\\/\\\/informatepy.com\\\/2021\\\/2022\\\/05\\\/31\\\/conservadurismo-religioso-como-filosofia-gobernante\\\/#primaryimage\"},\"image\":{\"@id\":\"https:\\\/\\\/informatepy.com\\\/2021\\\/2022\\\/05\\\/31\\\/conservadurismo-religioso-como-filosofia-gobernante\\\/#primaryimage\"},\"thumbnailUrl\":\"https:\\\/\\\/i0.wp.com\\\/informatepy.com\\\/2021\\\/wp-content\\\/uploads\\\/2022\\\/04\\\/Arthur-Charlan.png?fit=1281%2C700&ssl=1\",\"datePublished\":\"2022-05-31T13:09:40+00:00\",\"dateModified\":\"2022-05-31T13:09:43+00:00\",\"breadcrumb\":{\"@id\":\"https:\\\/\\\/informatepy.com\\\/2021\\\/2022\\\/05\\\/31\\\/conservadurismo-religioso-como-filosofia-gobernante\\\/#breadcrumb\"},\"inLanguage\":\"es\",\"potentialAction\":[{\"@type\":\"ReadAction\",\"target\":[\"https:\\\/\\\/informatepy.com\\\/2021\\\/2022\\\/05\\\/31\\\/conservadurismo-religioso-como-filosofia-gobernante\\\/\"]}]},{\"@type\":\"ImageObject\",\"inLanguage\":\"es\",\"@id\":\"https:\\\/\\\/informatepy.com\\\/2021\\\/2022\\\/05\\\/31\\\/conservadurismo-religioso-como-filosofia-gobernante\\\/#primaryimage\",\"url\":\"https:\\\/\\\/i0.wp.com\\\/informatepy.com\\\/2021\\\/wp-content\\\/uploads\\\/2022\\\/04\\\/Arthur-Charlan.png?fit=1281%2C700&ssl=1\",\"contentUrl\":\"https:\\\/\\\/i0.wp.com\\\/informatepy.com\\\/2021\\\/wp-content\\\/uploads\\\/2022\\\/04\\\/Arthur-Charlan.png?fit=1281%2C700&ssl=1\",\"width\":1281,\"height\":700},{\"@type\":\"BreadcrumbList\",\"@id\":\"https:\\\/\\\/informatepy.com\\\/2021\\\/2022\\\/05\\\/31\\\/conservadurismo-religioso-como-filosofia-gobernante\\\/#breadcrumb\",\"itemListElement\":[{\"@type\":\"ListItem\",\"position\":1,\"name\":\"Portada\",\"item\":\"https:\\\/\\\/informatepy.com\\\/2021\\\/\"},{\"@type\":\"ListItem\",\"position\":2,\"name\":\"Conservadurismo religioso como filosof\u00eda gobernante\"}]},{\"@type\":\"WebSite\",\"@id\":\"https:\\\/\\\/informatepy.com\\\/2021\\\/#website\",\"url\":\"https:\\\/\\\/informatepy.com\\\/2021\\\/\",\"name\":\"Informatepy\",\"description\":\"La verdad, siempre!\",\"publisher\":{\"@id\":\"https:\\\/\\\/informatepy.com\\\/2021\\\/#\\\/schema\\\/person\\\/edd302c981d6ba4596191719d1025a8a\"},\"potentialAction\":[{\"@type\":\"SearchAction\",\"target\":{\"@type\":\"EntryPoint\",\"urlTemplate\":\"https:\\\/\\\/informatepy.com\\\/2021\\\/?s={search_term_string}\"},\"query-input\":{\"@type\":\"PropertyValueSpecification\",\"valueRequired\":true,\"valueName\":\"search_term_string\"}}],\"inLanguage\":\"es\"},{\"@type\":[\"Person\",\"Organization\"],\"@id\":\"https:\\\/\\\/informatepy.com\\\/2021\\\/#\\\/schema\\\/person\\\/edd302c981d6ba4596191719d1025a8a\",\"name\":\"admin\",\"image\":{\"@type\":\"ImageObject\",\"inLanguage\":\"es\",\"@id\":\"https:\\\/\\\/secure.gravatar.com\\\/avatar\\\/5310f602b6cbcfb86e030c4ccdbb78f6565a3b9bab6a74ab80fd3cb5428b65af?s=96&d=mm&r=g\",\"url\":\"https:\\\/\\\/secure.gravatar.com\\\/avatar\\\/5310f602b6cbcfb86e030c4ccdbb78f6565a3b9bab6a74ab80fd3cb5428b65af?s=96&d=mm&r=g\",\"contentUrl\":\"https:\\\/\\\/secure.gravatar.com\\\/avatar\\\/5310f602b6cbcfb86e030c4ccdbb78f6565a3b9bab6a74ab80fd3cb5428b65af?s=96&d=mm&r=g\",\"caption\":\"admin\"},\"logo\":{\"@id\":\"https:\\\/\\\/secure.gravatar.com\\\/avatar\\\/5310f602b6cbcfb86e030c4ccdbb78f6565a3b9bab6a74ab80fd3cb5428b65af?s=96&d=mm&r=g\"},\"sameAs\":[\"http:\\\/\\\/informatepy.com\\\/2021\"]},{\"@type\":\"Person\",\"@id\":\"https:\\\/\\\/informatepy.com\\\/2021\\\/#\\\/schema\\\/person\\\/fae5ed0c5294aed3b7c045adac96611c\",\"name\":\"Arthur Charlan\",\"image\":{\"@type\":\"ImageObject\",\"inLanguage\":\"es\",\"@id\":\"https:\\\/\\\/i0.wp.com\\\/informatepy.com\\\/2021\\\/wp-content\\\/uploads\\\/2022\\\/03\\\/Arthur-charlam.jpg?fit=96%2C96&ssl=1\",\"url\":\"https:\\\/\\\/i0.wp.com\\\/informatepy.com\\\/2021\\\/wp-content\\\/uploads\\\/2022\\\/03\\\/Arthur-charlam.jpg?fit=96%2C96&ssl=1\",\"contentUrl\":\"https:\\\/\\\/i0.wp.com\\\/informatepy.com\\\/2021\\\/wp-content\\\/uploads\\\/2022\\\/03\\\/Arthur-charlam.jpg?fit=96%2C96&ssl=1\",\"caption\":\"Arthur Charlan\"},\"sameAs\":[\"https:\\\/\\\/x.com\\\/https:\\\/\\\/twitter.com\\\/ArthurCharlan\"],\"url\":\"https:\\\/\\\/informatepy.com\\\/2021\\\/author\\\/acharlan\\\/\"}]}<\/script>\n<!-- \/ Yoast SEO plugin. -->","yoast_head_json":{"title":"Conservadurismo religioso como filosof\u00eda gobernante - Informatepy","robots":{"index":"index","follow":"follow","max-snippet":"max-snippet:-1","max-image-preview":"max-image-preview:large","max-video-preview":"max-video-preview:-1"},"canonical":"https:\/\/informatepy.com\/2021\/2022\/05\/31\/conservadurismo-religioso-como-filosofia-gobernante\/","og_locale":"es_ES","og_type":"article","og_title":"Conservadurismo religioso como filosof\u00eda gobernante - Informatepy","og_description":"En enero de 2016, Donald J. Trump dio un discurso de campa\u00f1a en una peque\u00f1a universidad en Sioux Center, Iowa. De pie, frente a un \u00f3rgano de tres pisos de altura, dijo: \u201cCuento con la gente m\u00e1s leal. Podr\u00eda pararme en medio de la Quinta Avenida y dispararle aalguien y no perder\u00eda ning\u00fan votante, \u00bfOK?\u201d. [&hellip;]","og_url":"https:\/\/informatepy.com\/2021\/2022\/05\/31\/conservadurismo-religioso-como-filosofia-gobernante\/","og_site_name":"Informatepy","article_published_time":"2022-05-31T13:09:40+00:00","article_modified_time":"2022-05-31T13:09:43+00:00","og_image":[{"width":1281,"height":700,"url":"https:\/\/informatepy.com\/2021\/wp-content\/uploads\/2022\/04\/Arthur-Charlan.png","type":"image\/png"}],"author":"Arthur Charlan","twitter_card":"summary_large_image","twitter_creator":"@https:\/\/twitter.com\/ArthurCharlan","twitter_misc":{"Escrito por":"Arthur Charlan","Tiempo de lectura":"4 minutos"},"schema":{"@context":"https:\/\/schema.org","@graph":[{"@type":"Article","@id":"https:\/\/informatepy.com\/2021\/2022\/05\/31\/conservadurismo-religioso-como-filosofia-gobernante\/#article","isPartOf":{"@id":"https:\/\/informatepy.com\/2021\/2022\/05\/31\/conservadurismo-religioso-como-filosofia-gobernante\/"},"author":{"name":"Arthur Charlan","@id":"https:\/\/informatepy.com\/2021\/#\/schema\/person\/fae5ed0c5294aed3b7c045adac96611c"},"headline":"Conservadurismo religioso como filosof\u00eda gobernante","datePublished":"2022-05-31T13:09:40+00:00","dateModified":"2022-05-31T13:09:43+00:00","mainEntityOfPage":{"@id":"https:\/\/informatepy.com\/2021\/2022\/05\/31\/conservadurismo-religioso-como-filosofia-gobernante\/"},"wordCount":831,"commentCount":0,"publisher":{"@id":"https:\/\/informatepy.com\/2021\/#\/schema\/person\/edd302c981d6ba4596191719d1025a8a"},"image":{"@id":"https:\/\/informatepy.com\/2021\/2022\/05\/31\/conservadurismo-religioso-como-filosofia-gobernante\/#primaryimage"},"thumbnailUrl":"https:\/\/i0.wp.com\/informatepy.com\/2021\/wp-content\/uploads\/2022\/04\/Arthur-Charlan.png?fit=1281%2C700&ssl=1","keywords":["conservadurismo","destacada"],"articleSection":["Analisis"],"inLanguage":"es","potentialAction":[{"@type":"CommentAction","name":"Comment","target":["https:\/\/informatepy.com\/2021\/2022\/05\/31\/conservadurismo-religioso-como-filosofia-gobernante\/#respond"]}]},{"@type":"WebPage","@id":"https:\/\/informatepy.com\/2021\/2022\/05\/31\/conservadurismo-religioso-como-filosofia-gobernante\/","url":"https:\/\/informatepy.com\/2021\/2022\/05\/31\/conservadurismo-religioso-como-filosofia-gobernante\/","name":"Conservadurismo religioso como filosof\u00eda gobernante - Informatepy","isPartOf":{"@id":"https:\/\/informatepy.com\/2021\/#website"},"primaryImageOfPage":{"@id":"https:\/\/informatepy.com\/2021\/2022\/05\/31\/conservadurismo-religioso-como-filosofia-gobernante\/#primaryimage"},"image":{"@id":"https:\/\/informatepy.com\/2021\/2022\/05\/31\/conservadurismo-religioso-como-filosofia-gobernante\/#primaryimage"},"thumbnailUrl":"https:\/\/i0.wp.com\/informatepy.com\/2021\/wp-content\/uploads\/2022\/04\/Arthur-Charlan.png?fit=1281%2C700&ssl=1","datePublished":"2022-05-31T13:09:40+00:00","dateModified":"2022-05-31T13:09:43+00:00","breadcrumb":{"@id":"https:\/\/informatepy.com\/2021\/2022\/05\/31\/conservadurismo-religioso-como-filosofia-gobernante\/#breadcrumb"},"inLanguage":"es","potentialAction":[{"@type":"ReadAction","target":["https:\/\/informatepy.com\/2021\/2022\/05\/31\/conservadurismo-religioso-como-filosofia-gobernante\/"]}]},{"@type":"ImageObject","inLanguage":"es","@id":"https:\/\/informatepy.com\/2021\/2022\/05\/31\/conservadurismo-religioso-como-filosofia-gobernante\/#primaryimage","url":"https:\/\/i0.wp.com\/informatepy.com\/2021\/wp-content\/uploads\/2022\/04\/Arthur-Charlan.png?fit=1281%2C700&ssl=1","contentUrl":"https:\/\/i0.wp.com\/informatepy.com\/2021\/wp-content\/uploads\/2022\/04\/Arthur-Charlan.png?fit=1281%2C700&ssl=1","width":1281,"height":700},{"@type":"BreadcrumbList","@id":"https:\/\/informatepy.com\/2021\/2022\/05\/31\/conservadurismo-religioso-como-filosofia-gobernante\/#breadcrumb","itemListElement":[{"@type":"ListItem","position":1,"name":"Portada","item":"https:\/\/informatepy.com\/2021\/"},{"@type":"ListItem","position":2,"name":"Conservadurismo religioso como filosof\u00eda gobernante"}]},{"@type":"WebSite","@id":"https:\/\/informatepy.com\/2021\/#website","url":"https:\/\/informatepy.com\/2021\/","name":"Informatepy","description":"La verdad, siempre!","publisher":{"@id":"https:\/\/informatepy.com\/2021\/#\/schema\/person\/edd302c981d6ba4596191719d1025a8a"},"potentialAction":[{"@type":"SearchAction","target":{"@type":"EntryPoint","urlTemplate":"https:\/\/informatepy.com\/2021\/?s={search_term_string}"},"query-input":{"@type":"PropertyValueSpecification","valueRequired":true,"valueName":"search_term_string"}}],"inLanguage":"es"},{"@type":["Person","Organization"],"@id":"https:\/\/informatepy.com\/2021\/#\/schema\/person\/edd302c981d6ba4596191719d1025a8a","name":"admin","image":{"@type":"ImageObject","inLanguage":"es","@id":"https:\/\/secure.gravatar.com\/avatar\/5310f602b6cbcfb86e030c4ccdbb78f6565a3b9bab6a74ab80fd3cb5428b65af?s=96&d=mm&r=g","url":"https:\/\/secure.gravatar.com\/avatar\/5310f602b6cbcfb86e030c4ccdbb78f6565a3b9bab6a74ab80fd3cb5428b65af?s=96&d=mm&r=g","contentUrl":"https:\/\/secure.gravatar.com\/avatar\/5310f602b6cbcfb86e030c4ccdbb78f6565a3b9bab6a74ab80fd3cb5428b65af?s=96&d=mm&r=g","caption":"admin"},"logo":{"@id":"https:\/\/secure.gravatar.com\/avatar\/5310f602b6cbcfb86e030c4ccdbb78f6565a3b9bab6a74ab80fd3cb5428b65af?s=96&d=mm&r=g"},"sameAs":["http:\/\/informatepy.com\/2021"]},{"@type":"Person","@id":"https:\/\/informatepy.com\/2021\/#\/schema\/person\/fae5ed0c5294aed3b7c045adac96611c","name":"Arthur Charlan","image":{"@type":"ImageObject","inLanguage":"es","@id":"https:\/\/i0.wp.com\/informatepy.com\/2021\/wp-content\/uploads\/2022\/03\/Arthur-charlam.jpg?fit=96%2C96&ssl=1","url":"https:\/\/i0.wp.com\/informatepy.com\/2021\/wp-content\/uploads\/2022\/03\/Arthur-charlam.jpg?fit=96%2C96&ssl=1","contentUrl":"https:\/\/i0.wp.com\/informatepy.com\/2021\/wp-content\/uploads\/2022\/03\/Arthur-charlam.jpg?fit=96%2C96&ssl=1","caption":"Arthur Charlan"},"sameAs":["https:\/\/x.com\/https:\/\/twitter.com\/ArthurCharlan"],"url":"https:\/\/informatepy.com\/2021\/author\/acharlan\/"}]}},"jetpack_featured_media_url":"https:\/\/i0.wp.com\/informatepy.com\/2021\/wp-content\/uploads\/2022\/04\/Arthur-Charlan.png?fit=1281%2C700&ssl=1","jetpack_sharing_enabled":true,"jetpack_likes_enabled":true,"jetpack-related-posts":[{"id":5350,"url":"https:\/\/informatepy.com\/2021\/2021\/06\/15\/argentina-patrocinado-por-planned-parenthood-crearon-una-lista-negra-provida\/","url_meta":{"origin":11869,"position":0},"title":"ARGENTINA: Patrocinado por Planned Parenthood, crearon una \u201clista negra\u201d provida","date":"15 de junio de 2021","format":false,"excerpt":"Un fuerte repudio se levant\u00f3 en las redes sociales ante la aparici\u00f3n de una plataforma web denominada \u201cLa reacci\u00f3n conservadora\u201d, donde figura un listado de personas, partidos y organizaciones apuntadas de imponer un \u201cnuevo conservadurismo\u201d en la Argentina. Presentada como una investigaci\u00f3n period\u00edstica orientada a articular protagonistas del pensamiento provida,\u00a0\u201cReacci\u00f3n\u2026","rel":"","context":"En \u00abDestacados\u00bb","img":{"alt_text":"","src":"https:\/\/i0.wp.com\/informatepy.com\/2021\/wp-content\/uploads\/2021\/06\/gestapo-argentina.jpg?fit=620%2C350&ssl=1&resize=350%2C200","width":350,"height":200},"classes":[]},{"id":7773,"url":"https:\/\/informatepy.com\/2021\/2021\/10\/17\/el-juego-del-calamar-en-la-vida-real-de-china-como-se-extraen-organos-de-miles-cada-semana-para-un-mercado-de-matar-a-pedido\/","url_meta":{"origin":11869,"position":1},"title":"El juego del calamar en la vida real de China: c\u00f3mo se extraen \u00f3rganos de miles cada semana para un mercado de \u00abmatar a pedido\u00bb","date":"17 de octubre de 2021","format":false,"excerpt":"China tiene un juego de calamar en la vida real que extrae los \u00f3rganos de los disidentes pol\u00edticos","rel":"","context":"En \u00abMundo\u00bb","img":{"alt_text":"","src":"https:\/\/i0.wp.com\/informatepy.com\/2021\/wp-content\/uploads\/2021\/10\/represion-policia-china.jpg?fit=1200%2C675&ssl=1&resize=350%2C200","width":350,"height":200},"classes":[]},{"id":8943,"url":"https:\/\/informatepy.com\/2021\/2021\/12\/21\/el-dogma-de-la-democracia-liberal\/","url_meta":{"origin":11869,"position":2},"title":"El dogma de la democracia liberal","date":"21 de diciembre de 2021","format":false,"excerpt":"Un fil\u00f3sofo de la India, mientras ense\u00f1aba a sus disc\u00edpulos, dijo alguna vez: \u201cLa democracia b\u00e1sicamente significa el gobierno del pueblo, por el pueblo y para el pueblo\u2026 Pero el pueblo es retrasado mental. Entonces deber\u00edamos decir: gobierno de los retrasados mentales, por los retrasados mentales, para los retrasados mentales\u201d.\u2026","rel":"","context":"En \u00abAnalisis\u00bb","img":{"alt_text":"","src":"https:\/\/i0.wp.com\/informatepy.com\/2021\/wp-content\/uploads\/2021\/12\/manos-arriba.png?fit=1200%2C720&ssl=1&resize=350%2C200","width":350,"height":200},"classes":[]},{"id":10888,"url":"https:\/\/informatepy.com\/2021\/2022\/03\/31\/cronica-de-una-muerte-anunciada\/","url_meta":{"origin":11869,"position":3},"title":"Cr\u00f3nica de una muerte anunciada","date":"31 de marzo de 2022","format":false,"excerpt":"La historia y los cl\u00e1sicos al banquillo de los idiotas, la filosof\u00eda, al exilio.","rel":"","context":"En \u00abAnalisis\u00bb","img":{"alt_text":"","src":"https:\/\/i0.wp.com\/informatepy.com\/2021\/wp-content\/uploads\/2022\/03\/socrates_muerte_1.webp?fit=863%2C562&ssl=1&resize=350%2C200","width":350,"height":200},"classes":[]},{"id":10830,"url":"https:\/\/informatepy.com\/2021\/2022\/03\/27\/ars-longa-vita-brevis-el-arte-es-largo-la-vida-es-breve\/","url_meta":{"origin":11869,"position":4},"title":"ARS LONGA, VITA BREVIS (El arte es largo, la vida es breve)","date":"27 de marzo de 2022","format":false,"excerpt":"Esta frase en lat\u00edn es en realidad una traducci\u00f3n de un original griego escrito por Hip\u00f3crates de Cos, uno de los padres de la medicina y creador del todav\u00eda vigente juramento hipocr\u00e1tico. Fue recogida por el fil\u00f3sofo S\u00e9neca en su obra Sobre la Brevedad de la Vida. Este breve pensamiento\u2026","rel":"","context":"En \u00abAnalisis\u00bb","img":{"alt_text":"","src":"https:\/\/i0.wp.com\/informatepy.com\/2021\/wp-content\/uploads\/2022\/03\/tv.webp?fit=625%2C469&ssl=1&resize=350%2C200","width":350,"height":200},"classes":[]},{"id":1978,"url":"https:\/\/informatepy.com\/2021\/2020\/04\/30\/trump-pide-a-las-agencias-de-inteligencia-que-averiguen-si-china-y-la-oms-ocultaron-informacion-sobre-la-pandemia-de-coronavirus\/","url_meta":{"origin":11869,"position":5},"title":"Trump pide a las agencias de inteligencia que averig\u00fcen si China y la OMS ocultaron informaci\u00f3n sobre la pandemia de coronavirus","date":"30 de abril de 2020","format":false,"excerpt":"La Casa Blanca ha ordenado a las agencias de inteligencia que peinen a trav\u00e9s de intercepciones de comunicaciones, informes de fuentes humanas, im\u00e1genes satelitales y otros datos para establecer si China y la Organizaci\u00f3n Mundial de la Salud inicialmente ocultaron lo que sab\u00edan sobre la pandemia emergente de coronavirus, los\u2026","rel":"","context":"En \u00abMundo\u00bb","img":{"alt_text":"","src":"https:\/\/i0.wp.com\/informatepy.com\/2021\/wp-content\/uploads\/2021\/04\/trump-xi-jinping.jpg?fit=678%2C381&ssl=1&resize=350%2C200","width":350,"height":200},"classes":[]}],"authors":[{"term_id":1728,"user_id":41,"is_guest":0,"slug":"acharlan","display_name":"Arthur Charlan","avatar_url":"https:\/\/i0.wp.com\/informatepy.com\/2021\/wp-content\/uploads\/2022\/03\/Arthur-charlam.jpg?fit=96%2C96&ssl=1","first_name":"Arthur","last_name":"Charlan","user_url":"","description":""}],"amp_enabled":true,"_links":{"self":[{"href":"https:\/\/informatepy.com\/2021\/wp-json\/wp\/v2\/posts\/11869","targetHints":{"allow":["GET"]}}],"collection":[{"href":"https:\/\/informatepy.com\/2021\/wp-json\/wp\/v2\/posts"}],"about":[{"href":"https:\/\/informatepy.com\/2021\/wp-json\/wp\/v2\/types\/post"}],"author":[{"embeddable":true,"href":"https:\/\/informatepy.com\/2021\/wp-json\/wp\/v2\/users\/41"}],"replies":[{"embeddable":true,"href":"https:\/\/informatepy.com\/2021\/wp-json\/wp\/v2\/comments?post=11869"}],"version-history":[{"count":1,"href":"https:\/\/informatepy.com\/2021\/wp-json\/wp\/v2\/posts\/11869\/revisions"}],"predecessor-version":[{"id":11870,"href":"https:\/\/informatepy.com\/2021\/wp-json\/wp\/v2\/posts\/11869\/revisions\/11870"}],"wp:featuredmedia":[{"embeddable":true,"href":"https:\/\/informatepy.com\/2021\/wp-json\/wp\/v2\/media\/11109"}],"wp:attachment":[{"href":"https:\/\/informatepy.com\/2021\/wp-json\/wp\/v2\/media?parent=11869"}],"wp:term":[{"taxonomy":"category","embeddable":true,"href":"https:\/\/informatepy.com\/2021\/wp-json\/wp\/v2\/categories?post=11869"},{"taxonomy":"post_tag","embeddable":true,"href":"https:\/\/informatepy.com\/2021\/wp-json\/wp\/v2\/tags?post=11869"},{"taxonomy":"author","embeddable":true,"href":"https:\/\/informatepy.com\/2021\/wp-json\/wp\/v2\/ppma_author?post=11869"}],"curies":[{"name":"wp","href":"https:\/\/api.w.org\/{rel}","templated":true}]}}