{"id":11670,"date":"2022-05-18T15:11:44","date_gmt":"2022-05-18T18:11:44","guid":{"rendered":"https:\/\/informatepy.com\/2021\/?p=11670"},"modified":"2022-05-18T15:11:47","modified_gmt":"2022-05-18T18:11:47","slug":"ministro-de-salud-desmiente-versiones-de-perdida-de-soberania-a-manos-de-la-oms","status":"publish","type":"post","link":"https:\/\/informatepy.com\/2021\/2022\/05\/18\/ministro-de-salud-desmiente-versiones-de-perdida-de-soberania-a-manos-de-la-oms\/","title":{"rendered":"Ministro de Salud desmiente versiones de p\u00e9rdida de soberan\u00eda a manos de la OMS"},"content":{"rendered":"\n<p class=\"has-text-align-justify\">A ra\u00edz de las versiones que circulan respecto de un acuerdo entre 194 pa\u00edses y la Organizaci\u00f3n Mundial de la Salud, donde los pa\u00edses ceder\u00edan soberan\u00eda a esa organizaci\u00f3n en caso de una pandemia, el <strong>Ministro de Salud, Julio Borba<\/strong>, sali\u00f3 a desmentir las versiones.<\/p>\n\n\n\n<p class=\"has-text-align-justify\">Consultado por <strong>InformatePy<\/strong>, el ministro afirm\u00f3 que <strong><em>\u00abEs una locura lo que algunos plantean sobre supuesta entrega de la soberan\u00eda\u00bb<\/em><\/strong>,  <strong><em>\u00abNo se va a tratar, no est\u00e1 en agenda\u00bb<\/em><\/strong>, al tiempo que a\u00f1adi\u00f3 que espera que en la pr\u00f3xima asamblea de la OMS que se llevar\u00e1 a cabo entre el 22 y el 28 de mayo de este a\u00f1o, se establezcan las bases para una mejor distribuci\u00f3n de insumos y vacunas ante pandemias y emergencias sanitarias.<\/p>\n","protected":false},"excerpt":{"rendered":"<p>A ra\u00edz de las versiones que circulan respecto de un acuerdo entre 194 pa\u00edses y la Organizaci\u00f3n Mundial de la Salud, donde los pa\u00edses ceder\u00edan soberan\u00eda a esa organizaci\u00f3n en caso de una pandemia, el Ministro de Salud, Julio Borba, sali\u00f3 a desmentir las versiones. Consultado por InformatePy, el ministro afirm\u00f3 que \u00abEs una locura [&hellip;]<\/p>\n","protected":false},"author":4,"featured_media":4421,"comment_status":"open","ping_status":"open","sticky":false,"template":"","format":"standard","meta":{"_monsterinsights_skip_tracking":false,"_monsterinsights_sitenote_active":false,"_monsterinsights_sitenote_note":"","_monsterinsights_sitenote_category":0,"footnotes":"","jetpack_publicize_message":"","jetpack_is_tweetstorm":false,"jetpack_publicize_feature_enabled":true},"categories":[177],"tags":[1036,1177,312,661,1234],"ppma_author":[1051],"class_list":["post-11670","post","type-post","status-publish","format-standard","has-post-thumbnail","hentry","category-nacionales","tag-destacada","tag-julio-borba","tag-ministerio-de-salud","tag-oms","tag-organizacion-mundial-de-la-salud"],"jetpack_publicize_connections":[],"yoast_head":"<!-- This site is optimized with the Yoast SEO plugin v27.5 - https:\/\/yoast.com\/product\/yoast-seo-wordpress\/ -->\n<title>Ministro de Salud desmiente versiones de p\u00e9rdida de soberan\u00eda a manos de la OMS - Informatepy<\/title>\n<meta name=\"robots\" content=\"index, follow, max-snippet:-1, max-image-preview:large, max-video-preview:-1\" \/>\n<link rel=\"canonical\" href=\"https:\/\/informatepy.com\/2021\/2022\/05\/18\/ministro-de-salud-desmiente-versiones-de-perdida-de-soberania-a-manos-de-la-oms\/\" \/>\n<meta property=\"og:locale\" content=\"es_ES\" \/>\n<meta property=\"og:type\" content=\"article\" \/>\n<meta property=\"og:title\" content=\"Ministro de Salud desmiente versiones de p\u00e9rdida de soberan\u00eda a manos de la OMS - Informatepy\" \/>\n<meta property=\"og:description\" content=\"A ra\u00edz de las versiones que circulan respecto de un acuerdo entre 194 pa\u00edses y la Organizaci\u00f3n Mundial de la Salud, donde los pa\u00edses ceder\u00edan soberan\u00eda a esa organizaci\u00f3n en caso de una pandemia, el Ministro de Salud, Julio Borba, sali\u00f3 a desmentir las versiones. Consultado por InformatePy, el ministro afirm\u00f3 que \u00abEs una locura [&hellip;]\" \/>\n<meta property=\"og:url\" content=\"https:\/\/informatepy.com\/2021\/2022\/05\/18\/ministro-de-salud-desmiente-versiones-de-perdida-de-soberania-a-manos-de-la-oms\/\" \/>\n<meta property=\"og:site_name\" content=\"Informatepy\" \/>\n<meta property=\"article:author\" content=\"https:\/\/www.facebook.com\/InformatePyCom\" \/>\n<meta property=\"article:published_time\" content=\"2022-05-18T18:11:44+00:00\" \/>\n<meta property=\"article:modified_time\" content=\"2022-05-18T18:11:47+00:00\" \/>\n<meta property=\"og:image\" content=\"https:\/\/informatepy.com\/2021\/wp-content\/uploads\/2021\/04\/julio-borba-ministro-de-salud.jpg\" \/>\n\t<meta property=\"og:image:width\" content=\"1280\" \/>\n\t<meta property=\"og:image:height\" content=\"834\" \/>\n\t<meta property=\"og:image:type\" content=\"image\/jpeg\" \/>\n<meta name=\"author\" content=\"Redacci\u00f3n\" \/>\n<meta name=\"twitter:card\" content=\"summary_large_image\" \/>\n<meta name=\"twitter:creator\" content=\"@https:\/\/twitter.com\/InformatePy1\" \/>\n<meta name=\"twitter:label1\" content=\"Escrito por\" \/>\n\t<meta name=\"twitter:data1\" content=\"Redacci\u00f3n\" \/>\n\t<meta name=\"twitter:label2\" content=\"Tiempo de lectura\" \/>\n\t<meta name=\"twitter:data2\" content=\"1 minuto\" \/>\n<script type=\"application\/ld+json\" class=\"yoast-schema-graph\">{\"@context\":\"https:\\\/\\\/schema.org\",\"@graph\":[{\"@type\":\"Article\",\"@id\":\"https:\\\/\\\/informatepy.com\\\/2021\\\/2022\\\/05\\\/18\\\/ministro-de-salud-desmiente-versiones-de-perdida-de-soberania-a-manos-de-la-oms\\\/#article\",\"isPartOf\":{\"@id\":\"https:\\\/\\\/informatepy.com\\\/2021\\\/2022\\\/05\\\/18\\\/ministro-de-salud-desmiente-versiones-de-perdida-de-soberania-a-manos-de-la-oms\\\/\"},\"author\":{\"name\":\"Redacci\u00f3n\",\"@id\":\"https:\\\/\\\/informatepy.com\\\/2021\\\/#\\\/schema\\\/person\\\/0c842f525f84ea74ef3b44370d11757b\"},\"headline\":\"Ministro de Salud desmiente versiones de p\u00e9rdida de soberan\u00eda a manos de la OMS\",\"datePublished\":\"2022-05-18T18:11:44+00:00\",\"dateModified\":\"2022-05-18T18:11:47+00:00\",\"mainEntityOfPage\":{\"@id\":\"https:\\\/\\\/informatepy.com\\\/2021\\\/2022\\\/05\\\/18\\\/ministro-de-salud-desmiente-versiones-de-perdida-de-soberania-a-manos-de-la-oms\\\/\"},\"wordCount\":146,\"commentCount\":0,\"publisher\":{\"@id\":\"https:\\\/\\\/informatepy.com\\\/2021\\\/#\\\/schema\\\/person\\\/edd302c981d6ba4596191719d1025a8a\"},\"image\":{\"@id\":\"https:\\\/\\\/informatepy.com\\\/2021\\\/2022\\\/05\\\/18\\\/ministro-de-salud-desmiente-versiones-de-perdida-de-soberania-a-manos-de-la-oms\\\/#primaryimage\"},\"thumbnailUrl\":\"https:\\\/\\\/i0.wp.com\\\/informatepy.com\\\/2021\\\/wp-content\\\/uploads\\\/2021\\\/04\\\/julio-borba-ministro-de-salud.jpg?fit=1280%2C834&ssl=1\",\"keywords\":[\"destacada\",\"julio borba\",\"ministerio de salud\",\"oms\",\"organizacion mundial de la salud\"],\"articleSection\":[\"Nacionales\"],\"inLanguage\":\"es\",\"potentialAction\":[{\"@type\":\"CommentAction\",\"name\":\"Comment\",\"target\":[\"https:\\\/\\\/informatepy.com\\\/2021\\\/2022\\\/05\\\/18\\\/ministro-de-salud-desmiente-versiones-de-perdida-de-soberania-a-manos-de-la-oms\\\/#respond\"]}]},{\"@type\":\"WebPage\",\"@id\":\"https:\\\/\\\/informatepy.com\\\/2021\\\/2022\\\/05\\\/18\\\/ministro-de-salud-desmiente-versiones-de-perdida-de-soberania-a-manos-de-la-oms\\\/\",\"url\":\"https:\\\/\\\/informatepy.com\\\/2021\\\/2022\\\/05\\\/18\\\/ministro-de-salud-desmiente-versiones-de-perdida-de-soberania-a-manos-de-la-oms\\\/\",\"name\":\"Ministro de Salud desmiente versiones de p\u00e9rdida de soberan\u00eda a manos de la OMS - Informatepy\",\"isPartOf\":{\"@id\":\"https:\\\/\\\/informatepy.com\\\/2021\\\/#website\"},\"primaryImageOfPage\":{\"@id\":\"https:\\\/\\\/informatepy.com\\\/2021\\\/2022\\\/05\\\/18\\\/ministro-de-salud-desmiente-versiones-de-perdida-de-soberania-a-manos-de-la-oms\\\/#primaryimage\"},\"image\":{\"@id\":\"https:\\\/\\\/informatepy.com\\\/2021\\\/2022\\\/05\\\/18\\\/ministro-de-salud-desmiente-versiones-de-perdida-de-soberania-a-manos-de-la-oms\\\/#primaryimage\"},\"thumbnailUrl\":\"https:\\\/\\\/i0.wp.com\\\/informatepy.com\\\/2021\\\/wp-content\\\/uploads\\\/2021\\\/04\\\/julio-borba-ministro-de-salud.jpg?fit=1280%2C834&ssl=1\",\"datePublished\":\"2022-05-18T18:11:44+00:00\",\"dateModified\":\"2022-05-18T18:11:47+00:00\",\"breadcrumb\":{\"@id\":\"https:\\\/\\\/informatepy.com\\\/2021\\\/2022\\\/05\\\/18\\\/ministro-de-salud-desmiente-versiones-de-perdida-de-soberania-a-manos-de-la-oms\\\/#breadcrumb\"},\"inLanguage\":\"es\",\"potentialAction\":[{\"@type\":\"ReadAction\",\"target\":[\"https:\\\/\\\/informatepy.com\\\/2021\\\/2022\\\/05\\\/18\\\/ministro-de-salud-desmiente-versiones-de-perdida-de-soberania-a-manos-de-la-oms\\\/\"]}]},{\"@type\":\"ImageObject\",\"inLanguage\":\"es\",\"@id\":\"https:\\\/\\\/informatepy.com\\\/2021\\\/2022\\\/05\\\/18\\\/ministro-de-salud-desmiente-versiones-de-perdida-de-soberania-a-manos-de-la-oms\\\/#primaryimage\",\"url\":\"https:\\\/\\\/i0.wp.com\\\/informatepy.com\\\/2021\\\/wp-content\\\/uploads\\\/2021\\\/04\\\/julio-borba-ministro-de-salud.jpg?fit=1280%2C834&ssl=1\",\"contentUrl\":\"https:\\\/\\\/i0.wp.com\\\/informatepy.com\\\/2021\\\/wp-content\\\/uploads\\\/2021\\\/04\\\/julio-borba-ministro-de-salud.jpg?fit=1280%2C834&ssl=1\",\"width\":1280,\"height\":834},{\"@type\":\"BreadcrumbList\",\"@id\":\"https:\\\/\\\/informatepy.com\\\/2021\\\/2022\\\/05\\\/18\\\/ministro-de-salud-desmiente-versiones-de-perdida-de-soberania-a-manos-de-la-oms\\\/#breadcrumb\",\"itemListElement\":[{\"@type\":\"ListItem\",\"position\":1,\"name\":\"Portada\",\"item\":\"https:\\\/\\\/informatepy.com\\\/2021\\\/\"},{\"@type\":\"ListItem\",\"position\":2,\"name\":\"Ministro de Salud desmiente versiones de p\u00e9rdida de soberan\u00eda a manos de la OMS\"}]},{\"@type\":\"WebSite\",\"@id\":\"https:\\\/\\\/informatepy.com\\\/2021\\\/#website\",\"url\":\"https:\\\/\\\/informatepy.com\\\/2021\\\/\",\"name\":\"Informatepy\",\"description\":\"La verdad, siempre!\",\"publisher\":{\"@id\":\"https:\\\/\\\/informatepy.com\\\/2021\\\/#\\\/schema\\\/person\\\/edd302c981d6ba4596191719d1025a8a\"},\"potentialAction\":[{\"@type\":\"SearchAction\",\"target\":{\"@type\":\"EntryPoint\",\"urlTemplate\":\"https:\\\/\\\/informatepy.com\\\/2021\\\/?s={search_term_string}\"},\"query-input\":{\"@type\":\"PropertyValueSpecification\",\"valueRequired\":true,\"valueName\":\"search_term_string\"}}],\"inLanguage\":\"es\"},{\"@type\":[\"Person\",\"Organization\"],\"@id\":\"https:\\\/\\\/informatepy.com\\\/2021\\\/#\\\/schema\\\/person\\\/edd302c981d6ba4596191719d1025a8a\",\"name\":\"admin\",\"image\":{\"@type\":\"ImageObject\",\"inLanguage\":\"es\",\"@id\":\"https:\\\/\\\/secure.gravatar.com\\\/avatar\\\/5310f602b6cbcfb86e030c4ccdbb78f6565a3b9bab6a74ab80fd3cb5428b65af?s=96&d=mm&r=g\",\"url\":\"https:\\\/\\\/secure.gravatar.com\\\/avatar\\\/5310f602b6cbcfb86e030c4ccdbb78f6565a3b9bab6a74ab80fd3cb5428b65af?s=96&d=mm&r=g\",\"contentUrl\":\"https:\\\/\\\/secure.gravatar.com\\\/avatar\\\/5310f602b6cbcfb86e030c4ccdbb78f6565a3b9bab6a74ab80fd3cb5428b65af?s=96&d=mm&r=g\",\"caption\":\"admin\"},\"logo\":{\"@id\":\"https:\\\/\\\/secure.gravatar.com\\\/avatar\\\/5310f602b6cbcfb86e030c4ccdbb78f6565a3b9bab6a74ab80fd3cb5428b65af?s=96&d=mm&r=g\"},\"sameAs\":[\"http:\\\/\\\/informatepy.com\\\/2021\"]},{\"@type\":\"Person\",\"@id\":\"https:\\\/\\\/informatepy.com\\\/2021\\\/#\\\/schema\\\/person\\\/0c842f525f84ea74ef3b44370d11757b\",\"name\":\"Redacci\u00f3n\",\"image\":{\"@type\":\"ImageObject\",\"inLanguage\":\"es\",\"@id\":\"https:\\\/\\\/i0.wp.com\\\/informatepy.com\\\/2021\\\/wp-content\\\/uploads\\\/2021\\\/02\\\/informate-circulo.png?fit=96%2C96&ssl=1\",\"url\":\"https:\\\/\\\/i0.wp.com\\\/informatepy.com\\\/2021\\\/wp-content\\\/uploads\\\/2021\\\/02\\\/informate-circulo.png?fit=96%2C96&ssl=1\",\"contentUrl\":\"https:\\\/\\\/i0.wp.com\\\/informatepy.com\\\/2021\\\/wp-content\\\/uploads\\\/2021\\\/02\\\/informate-circulo.png?fit=96%2C96&ssl=1\",\"caption\":\"Redacci\u00f3n\"},\"sameAs\":[\"https:\\\/\\\/www.facebook.com\\\/InformatePyCom\",\"https:\\\/\\\/x.com\\\/https:\\\/\\\/twitter.com\\\/InformatePy1\"],\"url\":\"https:\\\/\\\/informatepy.com\\\/2021\\\/author\\\/redaccion\\\/\"}]}<\/script>\n<!-- \/ Yoast SEO plugin. -->","yoast_head_json":{"title":"Ministro de Salud desmiente versiones de p\u00e9rdida de soberan\u00eda a manos de la OMS - Informatepy","robots":{"index":"index","follow":"follow","max-snippet":"max-snippet:-1","max-image-preview":"max-image-preview:large","max-video-preview":"max-video-preview:-1"},"canonical":"https:\/\/informatepy.com\/2021\/2022\/05\/18\/ministro-de-salud-desmiente-versiones-de-perdida-de-soberania-a-manos-de-la-oms\/","og_locale":"es_ES","og_type":"article","og_title":"Ministro de Salud desmiente versiones de p\u00e9rdida de soberan\u00eda a manos de la OMS - Informatepy","og_description":"A ra\u00edz de las versiones que circulan respecto de un acuerdo entre 194 pa\u00edses y la Organizaci\u00f3n Mundial de la Salud, donde los pa\u00edses ceder\u00edan soberan\u00eda a esa organizaci\u00f3n en caso de una pandemia, el Ministro de Salud, Julio Borba, sali\u00f3 a desmentir las versiones. Consultado por InformatePy, el ministro afirm\u00f3 que \u00abEs una locura [&hellip;]","og_url":"https:\/\/informatepy.com\/2021\/2022\/05\/18\/ministro-de-salud-desmiente-versiones-de-perdida-de-soberania-a-manos-de-la-oms\/","og_site_name":"Informatepy","article_author":"https:\/\/www.facebook.com\/InformatePyCom","article_published_time":"2022-05-18T18:11:44+00:00","article_modified_time":"2022-05-18T18:11:47+00:00","og_image":[{"width":1280,"height":834,"url":"https:\/\/informatepy.com\/2021\/wp-content\/uploads\/2021\/04\/julio-borba-ministro-de-salud.jpg","type":"image\/jpeg"}],"author":"Redacci\u00f3n","twitter_card":"summary_large_image","twitter_creator":"@https:\/\/twitter.com\/InformatePy1","twitter_misc":{"Escrito por":"Redacci\u00f3n","Tiempo de lectura":"1 minuto"},"schema":{"@context":"https:\/\/schema.org","@graph":[{"@type":"Article","@id":"https:\/\/informatepy.com\/2021\/2022\/05\/18\/ministro-de-salud-desmiente-versiones-de-perdida-de-soberania-a-manos-de-la-oms\/#article","isPartOf":{"@id":"https:\/\/informatepy.com\/2021\/2022\/05\/18\/ministro-de-salud-desmiente-versiones-de-perdida-de-soberania-a-manos-de-la-oms\/"},"author":{"name":"Redacci\u00f3n","@id":"https:\/\/informatepy.com\/2021\/#\/schema\/person\/0c842f525f84ea74ef3b44370d11757b"},"headline":"Ministro de Salud desmiente versiones de p\u00e9rdida de soberan\u00eda a manos de la OMS","datePublished":"2022-05-18T18:11:44+00:00","dateModified":"2022-05-18T18:11:47+00:00","mainEntityOfPage":{"@id":"https:\/\/informatepy.com\/2021\/2022\/05\/18\/ministro-de-salud-desmiente-versiones-de-perdida-de-soberania-a-manos-de-la-oms\/"},"wordCount":146,"commentCount":0,"publisher":{"@id":"https:\/\/informatepy.com\/2021\/#\/schema\/person\/edd302c981d6ba4596191719d1025a8a"},"image":{"@id":"https:\/\/informatepy.com\/2021\/2022\/05\/18\/ministro-de-salud-desmiente-versiones-de-perdida-de-soberania-a-manos-de-la-oms\/#primaryimage"},"thumbnailUrl":"https:\/\/i0.wp.com\/informatepy.com\/2021\/wp-content\/uploads\/2021\/04\/julio-borba-ministro-de-salud.jpg?fit=1280%2C834&ssl=1","keywords":["destacada","julio borba","ministerio de salud","oms","organizacion mundial de la salud"],"articleSection":["Nacionales"],"inLanguage":"es","potentialAction":[{"@type":"CommentAction","name":"Comment","target":["https:\/\/informatepy.com\/2021\/2022\/05\/18\/ministro-de-salud-desmiente-versiones-de-perdida-de-soberania-a-manos-de-la-oms\/#respond"]}]},{"@type":"WebPage","@id":"https:\/\/informatepy.com\/2021\/2022\/05\/18\/ministro-de-salud-desmiente-versiones-de-perdida-de-soberania-a-manos-de-la-oms\/","url":"https:\/\/informatepy.com\/2021\/2022\/05\/18\/ministro-de-salud-desmiente-versiones-de-perdida-de-soberania-a-manos-de-la-oms\/","name":"Ministro de Salud desmiente versiones de p\u00e9rdida de soberan\u00eda a manos de la OMS - Informatepy","isPartOf":{"@id":"https:\/\/informatepy.com\/2021\/#website"},"primaryImageOfPage":{"@id":"https:\/\/informatepy.com\/2021\/2022\/05\/18\/ministro-de-salud-desmiente-versiones-de-perdida-de-soberania-a-manos-de-la-oms\/#primaryimage"},"image":{"@id":"https:\/\/informatepy.com\/2021\/2022\/05\/18\/ministro-de-salud-desmiente-versiones-de-perdida-de-soberania-a-manos-de-la-oms\/#primaryimage"},"thumbnailUrl":"https:\/\/i0.wp.com\/informatepy.com\/2021\/wp-content\/uploads\/2021\/04\/julio-borba-ministro-de-salud.jpg?fit=1280%2C834&ssl=1","datePublished":"2022-05-18T18:11:44+00:00","dateModified":"2022-05-18T18:11:47+00:00","breadcrumb":{"@id":"https:\/\/informatepy.com\/2021\/2022\/05\/18\/ministro-de-salud-desmiente-versiones-de-perdida-de-soberania-a-manos-de-la-oms\/#breadcrumb"},"inLanguage":"es","potentialAction":[{"@type":"ReadAction","target":["https:\/\/informatepy.com\/2021\/2022\/05\/18\/ministro-de-salud-desmiente-versiones-de-perdida-de-soberania-a-manos-de-la-oms\/"]}]},{"@type":"ImageObject","inLanguage":"es","@id":"https:\/\/informatepy.com\/2021\/2022\/05\/18\/ministro-de-salud-desmiente-versiones-de-perdida-de-soberania-a-manos-de-la-oms\/#primaryimage","url":"https:\/\/i0.wp.com\/informatepy.com\/2021\/wp-content\/uploads\/2021\/04\/julio-borba-ministro-de-salud.jpg?fit=1280%2C834&ssl=1","contentUrl":"https:\/\/i0.wp.com\/informatepy.com\/2021\/wp-content\/uploads\/2021\/04\/julio-borba-ministro-de-salud.jpg?fit=1280%2C834&ssl=1","width":1280,"height":834},{"@type":"BreadcrumbList","@id":"https:\/\/informatepy.com\/2021\/2022\/05\/18\/ministro-de-salud-desmiente-versiones-de-perdida-de-soberania-a-manos-de-la-oms\/#breadcrumb","itemListElement":[{"@type":"ListItem","position":1,"name":"Portada","item":"https:\/\/informatepy.com\/2021\/"},{"@type":"ListItem","position":2,"name":"Ministro de Salud desmiente versiones de p\u00e9rdida de soberan\u00eda a manos de la OMS"}]},{"@type":"WebSite","@id":"https:\/\/informatepy.com\/2021\/#website","url":"https:\/\/informatepy.com\/2021\/","name":"Informatepy","description":"La verdad, siempre!","publisher":{"@id":"https:\/\/informatepy.com\/2021\/#\/schema\/person\/edd302c981d6ba4596191719d1025a8a"},"potentialAction":[{"@type":"SearchAction","target":{"@type":"EntryPoint","urlTemplate":"https:\/\/informatepy.com\/2021\/?s={search_term_string}"},"query-input":{"@type":"PropertyValueSpecification","valueRequired":true,"valueName":"search_term_string"}}],"inLanguage":"es"},{"@type":["Person","Organization"],"@id":"https:\/\/informatepy.com\/2021\/#\/schema\/person\/edd302c981d6ba4596191719d1025a8a","name":"admin","image":{"@type":"ImageObject","inLanguage":"es","@id":"https:\/\/secure.gravatar.com\/avatar\/5310f602b6cbcfb86e030c4ccdbb78f6565a3b9bab6a74ab80fd3cb5428b65af?s=96&d=mm&r=g","url":"https:\/\/secure.gravatar.com\/avatar\/5310f602b6cbcfb86e030c4ccdbb78f6565a3b9bab6a74ab80fd3cb5428b65af?s=96&d=mm&r=g","contentUrl":"https:\/\/secure.gravatar.com\/avatar\/5310f602b6cbcfb86e030c4ccdbb78f6565a3b9bab6a74ab80fd3cb5428b65af?s=96&d=mm&r=g","caption":"admin"},"logo":{"@id":"https:\/\/secure.gravatar.com\/avatar\/5310f602b6cbcfb86e030c4ccdbb78f6565a3b9bab6a74ab80fd3cb5428b65af?s=96&d=mm&r=g"},"sameAs":["http:\/\/informatepy.com\/2021"]},{"@type":"Person","@id":"https:\/\/informatepy.com\/2021\/#\/schema\/person\/0c842f525f84ea74ef3b44370d11757b","name":"Redacci\u00f3n","image":{"@type":"ImageObject","inLanguage":"es","@id":"https:\/\/i0.wp.com\/informatepy.com\/2021\/wp-content\/uploads\/2021\/02\/informate-circulo.png?fit=96%2C96&ssl=1","url":"https:\/\/i0.wp.com\/informatepy.com\/2021\/wp-content\/uploads\/2021\/02\/informate-circulo.png?fit=96%2C96&ssl=1","contentUrl":"https:\/\/i0.wp.com\/informatepy.com\/2021\/wp-content\/uploads\/2021\/02\/informate-circulo.png?fit=96%2C96&ssl=1","caption":"Redacci\u00f3n"},"sameAs":["https:\/\/www.facebook.com\/InformatePyCom","https:\/\/x.com\/https:\/\/twitter.com\/InformatePy1"],"url":"https:\/\/informatepy.com\/2021\/author\/redaccion\/"}]}},"jetpack_featured_media_url":"https:\/\/i0.wp.com\/informatepy.com\/2021\/wp-content\/uploads\/2021\/04\/julio-borba-ministro-de-salud.jpg?fit=1280%2C834&ssl=1","jetpack_sharing_enabled":true,"jetpack_likes_enabled":true,"jetpack-related-posts":[{"id":11900,"url":"https:\/\/informatepy.com\/2021\/2022\/06\/02\/oms-da-marcha-atras-con-su-intento-de-tomar-en-sus-manos-la-soberania-de-las-naciones\/","url_meta":{"origin":11670,"position":0},"title":"OMS da marcha atr\u00e1s con su intento de tomar en sus manos la soberan\u00eda de las naciones","date":"2 de junio de 2022","format":false,"excerpt":"El mundo tuvo que sufrir el peligroso manejo de la Organizaci\u00f3n Mundial de la Salud durante la pandemia de Covid 19 y, aun as\u00ed, surgi\u00f3 la idea de elaborar un tratado por el cual se le otorgue a esta desprestigiada entidad sanitaria internacional el\u00a0poder de decidir el accionar que adoptar\u00e1n\u2026","rel":"","context":"En \u00abMundo\u00bb","img":{"alt_text":"","src":"https:\/\/i0.wp.com\/informatepy.com\/2021\/wp-content\/uploads\/2022\/01\/OMS.jpg?fit=1200%2C900&ssl=1&resize=350%2C200","width":350,"height":200},"classes":[]},{"id":11704,"url":"https:\/\/informatepy.com\/2021\/2022\/05\/20\/biden-busca-nuevos-poderes-unilaterales-para-que-el-jefe-de-la-oms-declare-emergencias-de-salud-publica\/","url_meta":{"origin":11670,"position":1},"title":"Biden busca nuevos poderes unilaterales para que el jefe de la OMS declare emergencias de salud p\u00fablica","date":"20 de mayo de 2022","format":false,"excerpt":"A pesar de la negativa del ministro de salud, Julio Borba, todo parece indicar que en la pr\u00f3xima asamblea de la OMS, las naciones otorgar\u00e1n poderes especiales a la organizaci\u00f3n","rel":"","context":"En \u00abAnalisis\u00bb","img":{"alt_text":"","src":"https:\/\/i0.wp.com\/informatepy.com\/2021\/wp-content\/uploads\/2022\/01\/OMS.jpg?fit=1200%2C900&ssl=1&resize=350%2C200","width":350,"height":200},"classes":[]},{"id":5016,"url":"https:\/\/informatepy.com\/2021\/2021\/05\/24\/taiwan-critica-a-china-por-mantenerlo-al-margen-de-la-oms\/","url_meta":{"origin":11670,"position":2},"title":"Taiw\u00e1n critica a China por mantenerlo al margen de la OMS","date":"24 de mayo de 2021","format":false,"excerpt":"Taiw\u00e1n critic\u00f3 el lunes el papel de China en el mantenimiento de la isla al margen de la asamblea mundial de la Salud que se inici\u00f3 el lunes y cuyo objetivo principal es prevenir la pr\u00f3xima pandemia.","rel":"","context":"En \u00abDestacados\u00bb","img":{"alt_text":"","src":"https:\/\/i0.wp.com\/informatepy.com\/2021\/wp-content\/uploads\/2021\/05\/pandemia-taiwan.jpg?fit=760%2C420&ssl=1&resize=350%2C200","width":350,"height":200},"classes":[]},{"id":12478,"url":"https:\/\/informatepy.com\/2021\/2022\/07\/01\/la-oms-o-como-deshacerse-de-todos\/","url_meta":{"origin":11670,"position":3},"title":"La OMS o c\u00f3mo deshacerse de todos","date":"1 de julio de 2022","format":false,"excerpt":"Las directrices de la Organizaci\u00f3n Mundial de la Salud sobre los llamados \u00abderechos reproductivos\u00bb para, entre otros asuntos, frenar la objeci\u00f3n de conciencia ante el aborto","rel":"","context":"En \u00abAnalisis\u00bb","img":{"alt_text":"","src":"https:\/\/i0.wp.com\/informatepy.com\/2021\/wp-content\/uploads\/2022\/07\/OMS-asamblea.jpg?fit=1200%2C799&ssl=1&resize=350%2C200","width":350,"height":200},"classes":[]},{"id":12798,"url":"https:\/\/informatepy.com\/2021\/2022\/07\/23\/ano-electoral-en-eeuu-la-oms-declara-emergencia-por-la-viruela-del-mono\/","url_meta":{"origin":11670,"position":4},"title":"\u00bfA\u00f1o electoral en EEUU? La OMS declara emergencia por la viruela del mono","date":"23 de julio de 2022","format":false,"excerpt":"La Organizaci\u00f3n Mundial de la Salud (OMS) determin\u00f3, el 23 de julio del 2022, que el brote de viruela del mono en m\u00e1s de 70 pa\u00edses es ahora una emergencia de c\u00e1racter internacional.","rel":"","context":"En \u00abMundo\u00bb","img":{"alt_text":"","src":"https:\/\/i0.wp.com\/informatepy.com\/2021\/wp-content\/uploads\/2021\/12\/Tedros-Adhanom.jpg?fit=800%2C533&ssl=1&resize=350%2C200","width":350,"height":200},"classes":[]},{"id":9560,"url":"https:\/\/informatepy.com\/2021\/2022\/01\/20\/la-oms-pide-levantar-las-restricciones-a-los-viajes-internacionales-por-la-pandemia\/","url_meta":{"origin":11670,"position":5},"title":"La OMS pide levantar las restricciones a los viajes internacionales por la pandemia","date":"20 de enero de 2022","format":false,"excerpt":"Un comit\u00e9 de expertos del organismo llam\u00f3 a los gobiernos a suavizar las prohibiciones de tr\u00e1fico entre pa\u00edses ya que \u201cno aportan valor a\u00f1adido y siguen contribuyendo al estr\u00e9s econ\u00f3mico y social que sufren los Estados\u201d","rel":"","context":"En \u00abMundo\u00bb","img":{"alt_text":"","src":"https:\/\/i0.wp.com\/informatepy.com\/2021\/wp-content\/uploads\/2022\/01\/OMS.jpg?fit=1200%2C900&ssl=1&resize=350%2C200","width":350,"height":200},"classes":[]}],"authors":[{"term_id":1051,"user_id":4,"is_guest":0,"slug":"redaccion","display_name":"Redacci\u00f3n","avatar_url":"https:\/\/i0.wp.com\/informatepy.com\/2021\/wp-content\/uploads\/2021\/02\/informate-circulo.png?fit=96%2C96&ssl=1","first_name":"Redacci\u00f3n","last_name":"","user_url":"","description":""}],"amp_enabled":true,"_links":{"self":[{"href":"https:\/\/informatepy.com\/2021\/wp-json\/wp\/v2\/posts\/11670","targetHints":{"allow":["GET"]}}],"collection":[{"href":"https:\/\/informatepy.com\/2021\/wp-json\/wp\/v2\/posts"}],"about":[{"href":"https:\/\/informatepy.com\/2021\/wp-json\/wp\/v2\/types\/post"}],"author":[{"embeddable":true,"href":"https:\/\/informatepy.com\/2021\/wp-json\/wp\/v2\/users\/4"}],"replies":[{"embeddable":true,"href":"https:\/\/informatepy.com\/2021\/wp-json\/wp\/v2\/comments?post=11670"}],"version-history":[{"count":1,"href":"https:\/\/informatepy.com\/2021\/wp-json\/wp\/v2\/posts\/11670\/revisions"}],"predecessor-version":[{"id":11671,"href":"https:\/\/informatepy.com\/2021\/wp-json\/wp\/v2\/posts\/11670\/revisions\/11671"}],"wp:featuredmedia":[{"embeddable":true,"href":"https:\/\/informatepy.com\/2021\/wp-json\/wp\/v2\/media\/4421"}],"wp:attachment":[{"href":"https:\/\/informatepy.com\/2021\/wp-json\/wp\/v2\/media?parent=11670"}],"wp:term":[{"taxonomy":"category","embeddable":true,"href":"https:\/\/informatepy.com\/2021\/wp-json\/wp\/v2\/categories?post=11670"},{"taxonomy":"post_tag","embeddable":true,"href":"https:\/\/informatepy.com\/2021\/wp-json\/wp\/v2\/tags?post=11670"},{"taxonomy":"author","embeddable":true,"href":"https:\/\/informatepy.com\/2021\/wp-json\/wp\/v2\/ppma_author?post=11670"}],"curies":[{"name":"wp","href":"https:\/\/api.w.org\/{rel}","templated":true}]}}