{"id":11665,"date":"2022-05-17T15:56:21","date_gmt":"2022-05-17T18:56:21","guid":{"rendered":"https:\/\/informatepy.com\/2021\/?p=11665"},"modified":"2022-05-17T15:56:22","modified_gmt":"2022-05-17T18:56:22","slug":"la-orden-de-ejecucion-de-marcelo-pecci-habria-sido-ya-esta-lista-la-comida","status":"publish","type":"post","link":"https:\/\/informatepy.com\/2021\/2022\/05\/17\/la-orden-de-ejecucion-de-marcelo-pecci-habria-sido-ya-esta-lista-la-comida\/","title":{"rendered":"La orden de ejecuci\u00f3n de Marcelo Pecci habr\u00eda sido \u00abYa est\u00e1 lista la comida\u00bb"},"content":{"rendered":"\n<p class=\"has-text-align-justify\">Seg\u00fan el relato de un testigo al portal de noticias colombiano\u00a0<strong>RCN<\/strong>, los hombres que alquilaron el jet-ski en Cartagena de Indias para cometer el asesinato del fiscal\u00a0<strong>Marcelo Pecci<\/strong>\u00a0en la isla de Baru<strong>,\u00a0<\/strong>recibieron una llamada con palabras en clave muy espec\u00edficas autorizando el\u00a0<strong>crimen<\/strong>. Entonces, los sicarios abordaron el veh\u00edculo acu\u00e1tico y se dirigieron a la<strong>\u00a0playa\u00a0privada\u00a0<\/strong>en donde se encontraba el <strong>&#8216;<em>objetivo&#8217;\u00a0<\/em><\/strong>con su esposa, disfrutando del \u00faltimo d\u00eda de su luna de miel.<\/p>\n\n\n\n<p class=\"has-text-align-justify\">Seg\u00fan la cr\u00f3nica period\u00edstica, un turista de Playa Blanca fue testigo del momento en el que los sicarios abordaron el jet-ski con destino a la playa privada del hotel donde se alojaban el fiscal y su esposa, y seg\u00fan \u00e9l, las palabras en clave que recibieron fue <strong><em>\u201cya est\u00e1 lista la comida\u201d.<\/em><\/strong><\/p>\n\n\n\n<p class=\"has-text-align-justify\">\u00bfC\u00f3mo es que lo sabe? en su declaraci\u00f3n afirm\u00f3<em>\u00a0<strong>\u00ab(&#8230;) Los tipos recibieron una llamada de que \u2018ya est\u00e1 lista la comida\u2019, hablaban como en clave. Ellos se montaron en la moto y se fueron y ah\u00ed fue donde hicieron la vaina, dispararon y se devolvieron para ac\u00e1. Ellos ven\u00edan relajados, entregaron la moto antes de tiempo y, es m\u00e1s, le regalaron 20 mil pesos m\u00e1s (US$ 5) a los muchachos que hab\u00edan alquilado la moto\u201d.<\/strong><\/em><\/p>\n\n\n\n<p class=\"has-text-align-justify\">Una trabajadora de la playa privada donde ocurri\u00f3 el crimen, relat\u00f3 el atentado:\u00a0<em><strong>\u201cEl se\u00f1or se par\u00f3 a caminar en la playa, pero el de buzo negro y las gafas fue directo a \u00e9l y le dispar\u00f3. Luego comenzaron a gritar para que lo agarraran, pero todo fue muy r\u00e1pido\u201d.<\/strong><\/em><\/p>\n\n\n\n<p class=\"has-text-align-justify\">De acuerdo a la cadena colombiana de Noticias RCN, los videos de las c\u00e1maras de seguridad de la zona e incluso los que se encontraron en el tel\u00e9fono de <strong>Claudia Aguilera<\/strong>, son determinantes en las pesquisas, debido a que <strong>en varios de ellos coinciden al menos 3 personas hoy consideradas sospechosas.<\/strong><\/p>\n\n\n\n<p class=\"has-text-align-justify\">En la zona de la playa, la cadena colombiana de Noticias RCN pudo entrevistar al operario del jet-ski que fue alquilado por 240.000 pesos colombianos (US$ 60) para 30 minutos de uso, sin saber que ser\u00eda utilizado para cometer el crimen.<em>\u00a0<strong>\u201cNo tenemos nada que ver con lo ocurrido, nosotros alquilamos un aparato sin saber qu\u00e9 iban a hacer con \u00e9l\u201d,<\/strong>\u00a0<\/em>declar\u00f3 el arrendatario.<\/p>\n\n\n\n<p class=\"has-text-align-justify\">Los investigadores sospechan que el homicidio del fiscal Pecci habr\u00eda sido organizado, a pedido, por un colombiano conocido con el alias de<strong>&nbsp;&#8216;el Mexicano&#8217;<\/strong>, quien habr\u00eda contratado y pagado por el asesinato del fiscal, de acuerdo al diario El Tiempo. Lo curioso es que<strong>&nbsp;&#8216;el Mexicano&#8217; se encuentra en prisi\u00f3n.<\/strong><\/p>\n\n\n\n<p class=\"has-text-align-justify\"><em><strong>\u201cEst\u00e1 preso, es colombiano y le dicen &#8216;el Mexicano&#8217;. Lo protegen un grupo de uniformados. Pero \u00e9<\/strong><\/em><strong><em>l sabe qui\u00e9n pag\u00f3 por el crimen del fiscal antimafia paraguayo<\/em>\u201d<\/strong>, es la declaraci\u00f3n que obtuvo El Tiempo.<\/p>\n","protected":false},"excerpt":{"rendered":"<p>Seg\u00fan el relato de un testigo al portal de noticias colombiano\u00a0RCN, los hombres que alquilaron el jet-ski en Cartagena de Indias para cometer el asesinato del fiscal\u00a0Marcelo Pecci\u00a0en la isla de Baru,\u00a0recibieron una llamada con palabras en clave muy espec\u00edficas autorizando el\u00a0crimen. Entonces, los sicarios abordaron el veh\u00edculo acu\u00e1tico y se dirigieron a la\u00a0playa\u00a0privada\u00a0en donde [&hellip;]<\/p>\n","protected":false},"author":4,"featured_media":11561,"comment_status":"open","ping_status":"open","sticky":false,"template":"","format":"standard","meta":{"_monsterinsights_skip_tracking":false,"_monsterinsights_sitenote_active":false,"_monsterinsights_sitenote_note":"","_monsterinsights_sitenote_category":0,"footnotes":"","jetpack_publicize_message":"","jetpack_is_tweetstorm":false,"jetpack_publicize_feature_enabled":true},"categories":[177],"tags":[1036,1796],"ppma_author":[1051],"class_list":["post-11665","post","type-post","status-publish","format-standard","has-post-thumbnail","hentry","category-nacionales","tag-destacada","tag-marcelo-pecci"],"jetpack_publicize_connections":[],"yoast_head":"<!-- This site is optimized with the Yoast SEO plugin v27.5 - https:\/\/yoast.com\/product\/yoast-seo-wordpress\/ -->\n<title>La orden de ejecuci\u00f3n de Marcelo Pecci habr\u00eda sido &quot;Ya est\u00e1 lista la comida&quot; - Informatepy<\/title>\n<meta name=\"robots\" content=\"index, follow, max-snippet:-1, max-image-preview:large, max-video-preview:-1\" \/>\n<link rel=\"canonical\" href=\"https:\/\/informatepy.com\/2021\/2022\/05\/17\/la-orden-de-ejecucion-de-marcelo-pecci-habria-sido-ya-esta-lista-la-comida\/\" \/>\n<meta property=\"og:locale\" content=\"es_ES\" \/>\n<meta property=\"og:type\" content=\"article\" \/>\n<meta property=\"og:title\" content=\"La orden de ejecuci\u00f3n de Marcelo Pecci habr\u00eda sido &quot;Ya est\u00e1 lista la comida&quot; - Informatepy\" \/>\n<meta property=\"og:description\" content=\"Seg\u00fan el relato de un testigo al portal de noticias colombiano\u00a0RCN, los hombres que alquilaron el jet-ski en Cartagena de Indias para cometer el asesinato del fiscal\u00a0Marcelo Pecci\u00a0en la isla de Baru,\u00a0recibieron una llamada con palabras en clave muy espec\u00edficas autorizando el\u00a0crimen. Entonces, los sicarios abordaron el veh\u00edculo acu\u00e1tico y se dirigieron a la\u00a0playa\u00a0privada\u00a0en donde [&hellip;]\" \/>\n<meta property=\"og:url\" content=\"https:\/\/informatepy.com\/2021\/2022\/05\/17\/la-orden-de-ejecucion-de-marcelo-pecci-habria-sido-ya-esta-lista-la-comida\/\" \/>\n<meta property=\"og:site_name\" content=\"Informatepy\" \/>\n<meta property=\"article:author\" content=\"https:\/\/www.facebook.com\/InformatePyCom\" \/>\n<meta property=\"article:published_time\" content=\"2022-05-17T18:56:21+00:00\" \/>\n<meta property=\"article:modified_time\" content=\"2022-05-17T18:56:22+00:00\" \/>\n<meta property=\"og:image\" content=\"https:\/\/informatepy.com\/2021\/wp-content\/uploads\/2022\/05\/marcelo-pecci.jpg\" \/>\n\t<meta property=\"og:image:width\" content=\"1104\" \/>\n\t<meta property=\"og:image:height\" content=\"622\" \/>\n\t<meta property=\"og:image:type\" content=\"image\/jpeg\" \/>\n<meta name=\"author\" content=\"Redacci\u00f3n\" \/>\n<meta name=\"twitter:card\" content=\"summary_large_image\" \/>\n<meta name=\"twitter:creator\" content=\"@https:\/\/twitter.com\/InformatePy1\" \/>\n<meta name=\"twitter:label1\" content=\"Escrito por\" \/>\n\t<meta name=\"twitter:data1\" content=\"Redacci\u00f3n\" \/>\n\t<meta name=\"twitter:label2\" content=\"Tiempo de lectura\" \/>\n\t<meta name=\"twitter:data2\" content=\"3 minutos\" \/>\n<script type=\"application\/ld+json\" class=\"yoast-schema-graph\">{\"@context\":\"https:\\\/\\\/schema.org\",\"@graph\":[{\"@type\":\"Article\",\"@id\":\"https:\\\/\\\/informatepy.com\\\/2021\\\/2022\\\/05\\\/17\\\/la-orden-de-ejecucion-de-marcelo-pecci-habria-sido-ya-esta-lista-la-comida\\\/#article\",\"isPartOf\":{\"@id\":\"https:\\\/\\\/informatepy.com\\\/2021\\\/2022\\\/05\\\/17\\\/la-orden-de-ejecucion-de-marcelo-pecci-habria-sido-ya-esta-lista-la-comida\\\/\"},\"author\":{\"name\":\"Redacci\u00f3n\",\"@id\":\"https:\\\/\\\/informatepy.com\\\/2021\\\/#\\\/schema\\\/person\\\/0c842f525f84ea74ef3b44370d11757b\"},\"headline\":\"La orden de ejecuci\u00f3n de Marcelo Pecci habr\u00eda sido \u00abYa est\u00e1 lista la comida\u00bb\",\"datePublished\":\"2022-05-17T18:56:21+00:00\",\"dateModified\":\"2022-05-17T18:56:22+00:00\",\"mainEntityOfPage\":{\"@id\":\"https:\\\/\\\/informatepy.com\\\/2021\\\/2022\\\/05\\\/17\\\/la-orden-de-ejecucion-de-marcelo-pecci-habria-sido-ya-esta-lista-la-comida\\\/\"},\"wordCount\":492,\"commentCount\":0,\"publisher\":{\"@id\":\"https:\\\/\\\/informatepy.com\\\/2021\\\/#\\\/schema\\\/person\\\/edd302c981d6ba4596191719d1025a8a\"},\"image\":{\"@id\":\"https:\\\/\\\/informatepy.com\\\/2021\\\/2022\\\/05\\\/17\\\/la-orden-de-ejecucion-de-marcelo-pecci-habria-sido-ya-esta-lista-la-comida\\\/#primaryimage\"},\"thumbnailUrl\":\"https:\\\/\\\/i0.wp.com\\\/informatepy.com\\\/2021\\\/wp-content\\\/uploads\\\/2022\\\/05\\\/marcelo-pecci.jpg?fit=1104%2C622&ssl=1\",\"keywords\":[\"destacada\",\"marcelo pecci\"],\"articleSection\":[\"Nacionales\"],\"inLanguage\":\"es\",\"potentialAction\":[{\"@type\":\"CommentAction\",\"name\":\"Comment\",\"target\":[\"https:\\\/\\\/informatepy.com\\\/2021\\\/2022\\\/05\\\/17\\\/la-orden-de-ejecucion-de-marcelo-pecci-habria-sido-ya-esta-lista-la-comida\\\/#respond\"]}]},{\"@type\":\"WebPage\",\"@id\":\"https:\\\/\\\/informatepy.com\\\/2021\\\/2022\\\/05\\\/17\\\/la-orden-de-ejecucion-de-marcelo-pecci-habria-sido-ya-esta-lista-la-comida\\\/\",\"url\":\"https:\\\/\\\/informatepy.com\\\/2021\\\/2022\\\/05\\\/17\\\/la-orden-de-ejecucion-de-marcelo-pecci-habria-sido-ya-esta-lista-la-comida\\\/\",\"name\":\"La orden de ejecuci\u00f3n de Marcelo Pecci habr\u00eda sido \\\"Ya est\u00e1 lista la comida\\\" - Informatepy\",\"isPartOf\":{\"@id\":\"https:\\\/\\\/informatepy.com\\\/2021\\\/#website\"},\"primaryImageOfPage\":{\"@id\":\"https:\\\/\\\/informatepy.com\\\/2021\\\/2022\\\/05\\\/17\\\/la-orden-de-ejecucion-de-marcelo-pecci-habria-sido-ya-esta-lista-la-comida\\\/#primaryimage\"},\"image\":{\"@id\":\"https:\\\/\\\/informatepy.com\\\/2021\\\/2022\\\/05\\\/17\\\/la-orden-de-ejecucion-de-marcelo-pecci-habria-sido-ya-esta-lista-la-comida\\\/#primaryimage\"},\"thumbnailUrl\":\"https:\\\/\\\/i0.wp.com\\\/informatepy.com\\\/2021\\\/wp-content\\\/uploads\\\/2022\\\/05\\\/marcelo-pecci.jpg?fit=1104%2C622&ssl=1\",\"datePublished\":\"2022-05-17T18:56:21+00:00\",\"dateModified\":\"2022-05-17T18:56:22+00:00\",\"breadcrumb\":{\"@id\":\"https:\\\/\\\/informatepy.com\\\/2021\\\/2022\\\/05\\\/17\\\/la-orden-de-ejecucion-de-marcelo-pecci-habria-sido-ya-esta-lista-la-comida\\\/#breadcrumb\"},\"inLanguage\":\"es\",\"potentialAction\":[{\"@type\":\"ReadAction\",\"target\":[\"https:\\\/\\\/informatepy.com\\\/2021\\\/2022\\\/05\\\/17\\\/la-orden-de-ejecucion-de-marcelo-pecci-habria-sido-ya-esta-lista-la-comida\\\/\"]}]},{\"@type\":\"ImageObject\",\"inLanguage\":\"es\",\"@id\":\"https:\\\/\\\/informatepy.com\\\/2021\\\/2022\\\/05\\\/17\\\/la-orden-de-ejecucion-de-marcelo-pecci-habria-sido-ya-esta-lista-la-comida\\\/#primaryimage\",\"url\":\"https:\\\/\\\/i0.wp.com\\\/informatepy.com\\\/2021\\\/wp-content\\\/uploads\\\/2022\\\/05\\\/marcelo-pecci.jpg?fit=1104%2C622&ssl=1\",\"contentUrl\":\"https:\\\/\\\/i0.wp.com\\\/informatepy.com\\\/2021\\\/wp-content\\\/uploads\\\/2022\\\/05\\\/marcelo-pecci.jpg?fit=1104%2C622&ssl=1\",\"width\":1104,\"height\":622},{\"@type\":\"BreadcrumbList\",\"@id\":\"https:\\\/\\\/informatepy.com\\\/2021\\\/2022\\\/05\\\/17\\\/la-orden-de-ejecucion-de-marcelo-pecci-habria-sido-ya-esta-lista-la-comida\\\/#breadcrumb\",\"itemListElement\":[{\"@type\":\"ListItem\",\"position\":1,\"name\":\"Portada\",\"item\":\"https:\\\/\\\/informatepy.com\\\/2021\\\/\"},{\"@type\":\"ListItem\",\"position\":2,\"name\":\"La orden de ejecuci\u00f3n de Marcelo Pecci habr\u00eda sido \u00abYa est\u00e1 lista la comida\u00bb\"}]},{\"@type\":\"WebSite\",\"@id\":\"https:\\\/\\\/informatepy.com\\\/2021\\\/#website\",\"url\":\"https:\\\/\\\/informatepy.com\\\/2021\\\/\",\"name\":\"Informatepy\",\"description\":\"La verdad, siempre!\",\"publisher\":{\"@id\":\"https:\\\/\\\/informatepy.com\\\/2021\\\/#\\\/schema\\\/person\\\/edd302c981d6ba4596191719d1025a8a\"},\"potentialAction\":[{\"@type\":\"SearchAction\",\"target\":{\"@type\":\"EntryPoint\",\"urlTemplate\":\"https:\\\/\\\/informatepy.com\\\/2021\\\/?s={search_term_string}\"},\"query-input\":{\"@type\":\"PropertyValueSpecification\",\"valueRequired\":true,\"valueName\":\"search_term_string\"}}],\"inLanguage\":\"es\"},{\"@type\":[\"Person\",\"Organization\"],\"@id\":\"https:\\\/\\\/informatepy.com\\\/2021\\\/#\\\/schema\\\/person\\\/edd302c981d6ba4596191719d1025a8a\",\"name\":\"admin\",\"image\":{\"@type\":\"ImageObject\",\"inLanguage\":\"es\",\"@id\":\"https:\\\/\\\/secure.gravatar.com\\\/avatar\\\/5310f602b6cbcfb86e030c4ccdbb78f6565a3b9bab6a74ab80fd3cb5428b65af?s=96&d=mm&r=g\",\"url\":\"https:\\\/\\\/secure.gravatar.com\\\/avatar\\\/5310f602b6cbcfb86e030c4ccdbb78f6565a3b9bab6a74ab80fd3cb5428b65af?s=96&d=mm&r=g\",\"contentUrl\":\"https:\\\/\\\/secure.gravatar.com\\\/avatar\\\/5310f602b6cbcfb86e030c4ccdbb78f6565a3b9bab6a74ab80fd3cb5428b65af?s=96&d=mm&r=g\",\"caption\":\"admin\"},\"logo\":{\"@id\":\"https:\\\/\\\/secure.gravatar.com\\\/avatar\\\/5310f602b6cbcfb86e030c4ccdbb78f6565a3b9bab6a74ab80fd3cb5428b65af?s=96&d=mm&r=g\"},\"sameAs\":[\"http:\\\/\\\/informatepy.com\\\/2021\"]},{\"@type\":\"Person\",\"@id\":\"https:\\\/\\\/informatepy.com\\\/2021\\\/#\\\/schema\\\/person\\\/0c842f525f84ea74ef3b44370d11757b\",\"name\":\"Redacci\u00f3n\",\"image\":{\"@type\":\"ImageObject\",\"inLanguage\":\"es\",\"@id\":\"https:\\\/\\\/i0.wp.com\\\/informatepy.com\\\/2021\\\/wp-content\\\/uploads\\\/2021\\\/02\\\/informate-circulo.png?fit=96%2C96&ssl=1\",\"url\":\"https:\\\/\\\/i0.wp.com\\\/informatepy.com\\\/2021\\\/wp-content\\\/uploads\\\/2021\\\/02\\\/informate-circulo.png?fit=96%2C96&ssl=1\",\"contentUrl\":\"https:\\\/\\\/i0.wp.com\\\/informatepy.com\\\/2021\\\/wp-content\\\/uploads\\\/2021\\\/02\\\/informate-circulo.png?fit=96%2C96&ssl=1\",\"caption\":\"Redacci\u00f3n\"},\"sameAs\":[\"https:\\\/\\\/www.facebook.com\\\/InformatePyCom\",\"https:\\\/\\\/x.com\\\/https:\\\/\\\/twitter.com\\\/InformatePy1\"],\"url\":\"https:\\\/\\\/informatepy.com\\\/2021\\\/author\\\/redaccion\\\/\"}]}<\/script>\n<!-- \/ Yoast SEO plugin. -->","yoast_head_json":{"title":"La orden de ejecuci\u00f3n de Marcelo Pecci habr\u00eda sido \"Ya est\u00e1 lista la comida\" - Informatepy","robots":{"index":"index","follow":"follow","max-snippet":"max-snippet:-1","max-image-preview":"max-image-preview:large","max-video-preview":"max-video-preview:-1"},"canonical":"https:\/\/informatepy.com\/2021\/2022\/05\/17\/la-orden-de-ejecucion-de-marcelo-pecci-habria-sido-ya-esta-lista-la-comida\/","og_locale":"es_ES","og_type":"article","og_title":"La orden de ejecuci\u00f3n de Marcelo Pecci habr\u00eda sido \"Ya est\u00e1 lista la comida\" - Informatepy","og_description":"Seg\u00fan el relato de un testigo al portal de noticias colombiano\u00a0RCN, los hombres que alquilaron el jet-ski en Cartagena de Indias para cometer el asesinato del fiscal\u00a0Marcelo Pecci\u00a0en la isla de Baru,\u00a0recibieron una llamada con palabras en clave muy espec\u00edficas autorizando el\u00a0crimen. Entonces, los sicarios abordaron el veh\u00edculo acu\u00e1tico y se dirigieron a la\u00a0playa\u00a0privada\u00a0en donde [&hellip;]","og_url":"https:\/\/informatepy.com\/2021\/2022\/05\/17\/la-orden-de-ejecucion-de-marcelo-pecci-habria-sido-ya-esta-lista-la-comida\/","og_site_name":"Informatepy","article_author":"https:\/\/www.facebook.com\/InformatePyCom","article_published_time":"2022-05-17T18:56:21+00:00","article_modified_time":"2022-05-17T18:56:22+00:00","og_image":[{"width":1104,"height":622,"url":"https:\/\/informatepy.com\/2021\/wp-content\/uploads\/2022\/05\/marcelo-pecci.jpg","type":"image\/jpeg"}],"author":"Redacci\u00f3n","twitter_card":"summary_large_image","twitter_creator":"@https:\/\/twitter.com\/InformatePy1","twitter_misc":{"Escrito por":"Redacci\u00f3n","Tiempo de lectura":"3 minutos"},"schema":{"@context":"https:\/\/schema.org","@graph":[{"@type":"Article","@id":"https:\/\/informatepy.com\/2021\/2022\/05\/17\/la-orden-de-ejecucion-de-marcelo-pecci-habria-sido-ya-esta-lista-la-comida\/#article","isPartOf":{"@id":"https:\/\/informatepy.com\/2021\/2022\/05\/17\/la-orden-de-ejecucion-de-marcelo-pecci-habria-sido-ya-esta-lista-la-comida\/"},"author":{"name":"Redacci\u00f3n","@id":"https:\/\/informatepy.com\/2021\/#\/schema\/person\/0c842f525f84ea74ef3b44370d11757b"},"headline":"La orden de ejecuci\u00f3n de Marcelo Pecci habr\u00eda sido \u00abYa est\u00e1 lista la comida\u00bb","datePublished":"2022-05-17T18:56:21+00:00","dateModified":"2022-05-17T18:56:22+00:00","mainEntityOfPage":{"@id":"https:\/\/informatepy.com\/2021\/2022\/05\/17\/la-orden-de-ejecucion-de-marcelo-pecci-habria-sido-ya-esta-lista-la-comida\/"},"wordCount":492,"commentCount":0,"publisher":{"@id":"https:\/\/informatepy.com\/2021\/#\/schema\/person\/edd302c981d6ba4596191719d1025a8a"},"image":{"@id":"https:\/\/informatepy.com\/2021\/2022\/05\/17\/la-orden-de-ejecucion-de-marcelo-pecci-habria-sido-ya-esta-lista-la-comida\/#primaryimage"},"thumbnailUrl":"https:\/\/i0.wp.com\/informatepy.com\/2021\/wp-content\/uploads\/2022\/05\/marcelo-pecci.jpg?fit=1104%2C622&ssl=1","keywords":["destacada","marcelo pecci"],"articleSection":["Nacionales"],"inLanguage":"es","potentialAction":[{"@type":"CommentAction","name":"Comment","target":["https:\/\/informatepy.com\/2021\/2022\/05\/17\/la-orden-de-ejecucion-de-marcelo-pecci-habria-sido-ya-esta-lista-la-comida\/#respond"]}]},{"@type":"WebPage","@id":"https:\/\/informatepy.com\/2021\/2022\/05\/17\/la-orden-de-ejecucion-de-marcelo-pecci-habria-sido-ya-esta-lista-la-comida\/","url":"https:\/\/informatepy.com\/2021\/2022\/05\/17\/la-orden-de-ejecucion-de-marcelo-pecci-habria-sido-ya-esta-lista-la-comida\/","name":"La orden de ejecuci\u00f3n de Marcelo Pecci habr\u00eda sido \"Ya est\u00e1 lista la comida\" - Informatepy","isPartOf":{"@id":"https:\/\/informatepy.com\/2021\/#website"},"primaryImageOfPage":{"@id":"https:\/\/informatepy.com\/2021\/2022\/05\/17\/la-orden-de-ejecucion-de-marcelo-pecci-habria-sido-ya-esta-lista-la-comida\/#primaryimage"},"image":{"@id":"https:\/\/informatepy.com\/2021\/2022\/05\/17\/la-orden-de-ejecucion-de-marcelo-pecci-habria-sido-ya-esta-lista-la-comida\/#primaryimage"},"thumbnailUrl":"https:\/\/i0.wp.com\/informatepy.com\/2021\/wp-content\/uploads\/2022\/05\/marcelo-pecci.jpg?fit=1104%2C622&ssl=1","datePublished":"2022-05-17T18:56:21+00:00","dateModified":"2022-05-17T18:56:22+00:00","breadcrumb":{"@id":"https:\/\/informatepy.com\/2021\/2022\/05\/17\/la-orden-de-ejecucion-de-marcelo-pecci-habria-sido-ya-esta-lista-la-comida\/#breadcrumb"},"inLanguage":"es","potentialAction":[{"@type":"ReadAction","target":["https:\/\/informatepy.com\/2021\/2022\/05\/17\/la-orden-de-ejecucion-de-marcelo-pecci-habria-sido-ya-esta-lista-la-comida\/"]}]},{"@type":"ImageObject","inLanguage":"es","@id":"https:\/\/informatepy.com\/2021\/2022\/05\/17\/la-orden-de-ejecucion-de-marcelo-pecci-habria-sido-ya-esta-lista-la-comida\/#primaryimage","url":"https:\/\/i0.wp.com\/informatepy.com\/2021\/wp-content\/uploads\/2022\/05\/marcelo-pecci.jpg?fit=1104%2C622&ssl=1","contentUrl":"https:\/\/i0.wp.com\/informatepy.com\/2021\/wp-content\/uploads\/2022\/05\/marcelo-pecci.jpg?fit=1104%2C622&ssl=1","width":1104,"height":622},{"@type":"BreadcrumbList","@id":"https:\/\/informatepy.com\/2021\/2022\/05\/17\/la-orden-de-ejecucion-de-marcelo-pecci-habria-sido-ya-esta-lista-la-comida\/#breadcrumb","itemListElement":[{"@type":"ListItem","position":1,"name":"Portada","item":"https:\/\/informatepy.com\/2021\/"},{"@type":"ListItem","position":2,"name":"La orden de ejecuci\u00f3n de Marcelo Pecci habr\u00eda sido \u00abYa est\u00e1 lista la comida\u00bb"}]},{"@type":"WebSite","@id":"https:\/\/informatepy.com\/2021\/#website","url":"https:\/\/informatepy.com\/2021\/","name":"Informatepy","description":"La verdad, siempre!","publisher":{"@id":"https:\/\/informatepy.com\/2021\/#\/schema\/person\/edd302c981d6ba4596191719d1025a8a"},"potentialAction":[{"@type":"SearchAction","target":{"@type":"EntryPoint","urlTemplate":"https:\/\/informatepy.com\/2021\/?s={search_term_string}"},"query-input":{"@type":"PropertyValueSpecification","valueRequired":true,"valueName":"search_term_string"}}],"inLanguage":"es"},{"@type":["Person","Organization"],"@id":"https:\/\/informatepy.com\/2021\/#\/schema\/person\/edd302c981d6ba4596191719d1025a8a","name":"admin","image":{"@type":"ImageObject","inLanguage":"es","@id":"https:\/\/secure.gravatar.com\/avatar\/5310f602b6cbcfb86e030c4ccdbb78f6565a3b9bab6a74ab80fd3cb5428b65af?s=96&d=mm&r=g","url":"https:\/\/secure.gravatar.com\/avatar\/5310f602b6cbcfb86e030c4ccdbb78f6565a3b9bab6a74ab80fd3cb5428b65af?s=96&d=mm&r=g","contentUrl":"https:\/\/secure.gravatar.com\/avatar\/5310f602b6cbcfb86e030c4ccdbb78f6565a3b9bab6a74ab80fd3cb5428b65af?s=96&d=mm&r=g","caption":"admin"},"logo":{"@id":"https:\/\/secure.gravatar.com\/avatar\/5310f602b6cbcfb86e030c4ccdbb78f6565a3b9bab6a74ab80fd3cb5428b65af?s=96&d=mm&r=g"},"sameAs":["http:\/\/informatepy.com\/2021"]},{"@type":"Person","@id":"https:\/\/informatepy.com\/2021\/#\/schema\/person\/0c842f525f84ea74ef3b44370d11757b","name":"Redacci\u00f3n","image":{"@type":"ImageObject","inLanguage":"es","@id":"https:\/\/i0.wp.com\/informatepy.com\/2021\/wp-content\/uploads\/2021\/02\/informate-circulo.png?fit=96%2C96&ssl=1","url":"https:\/\/i0.wp.com\/informatepy.com\/2021\/wp-content\/uploads\/2021\/02\/informate-circulo.png?fit=96%2C96&ssl=1","contentUrl":"https:\/\/i0.wp.com\/informatepy.com\/2021\/wp-content\/uploads\/2021\/02\/informate-circulo.png?fit=96%2C96&ssl=1","caption":"Redacci\u00f3n"},"sameAs":["https:\/\/www.facebook.com\/InformatePyCom","https:\/\/x.com\/https:\/\/twitter.com\/InformatePy1"],"url":"https:\/\/informatepy.com\/2021\/author\/redaccion\/"}]}},"jetpack_featured_media_url":"https:\/\/i0.wp.com\/informatepy.com\/2021\/wp-content\/uploads\/2022\/05\/marcelo-pecci.jpg?fit=1104%2C622&ssl=1","jetpack_sharing_enabled":true,"jetpack_likes_enabled":true,"jetpack-related-posts":[{"id":13207,"url":"https:\/\/informatepy.com\/2021\/2022\/08\/09\/sicarios-senalan-al-clan-insfran-y-a-marset-como-los-ideologos-del-crimen-del-fiscal-pecci\/","url_meta":{"origin":11665,"position":0},"title":"Sicarios se\u00f1alan al \u201cClan Insfr\u00e1n\u201d y a Marset como los ide\u00f3logos del crimen del fiscal Pecci","date":"9 de agosto de 2022","format":false,"excerpt":"El medio colombiano \u201cEl Tiempo\u201d, que supuestamente tuvo acceso a la declaraci\u00f3n de Francisco Luis Correa Galeano, se\u00f1alado como cerebro del crimen del fiscal paraguayo, Marcelo Pecci, ocurrido hace tres meses en Colombia, publica que la orden para el asesinato provino del \u201cClan Insfr\u00e1n\u201d y el narco Sebasti\u00e1n Marset Cabrera.\u2026","rel":"","context":"En \u00abNacionales\u00bb","img":{"alt_text":"","src":"https:\/\/i0.wp.com\/informatepy.com\/2021\/wp-content\/uploads\/2022\/05\/marcelo-pecci.jpg?fit=1104%2C622&ssl=1&resize=350%2C200","width":350,"height":200},"classes":[]},{"id":11563,"url":"https:\/\/informatepy.com\/2021\/2022\/05\/11\/periodista-colombiano-vincula-al-fge-de-colombia-con-el-asesinato-de-marcelo-pecci\/","url_meta":{"origin":11665,"position":1},"title":"Periodista colombiano vincula al FGE de Colombia con el asesinato de Marcelo Pecci","date":"11 de mayo de 2022","format":false,"excerpt":"El periodista colombiano, Daniel Emilio Mendoza Leal, vincul\u00f3 al Fiscal General del Estado de Colombia con el homicidio del fiscal Marcelo Pecci, asesinado el 10 de mayo en Bar\u00fa (Colombia). Seg\u00fan las palabras de Daniel Mendoza, el FGE de Colombia, Francisco Roberto Barbosa Delgado, est\u00e1 vinculado a bandas paramilitares que\u2026","rel":"","context":"En \u00abNacionales\u00bb","img":{"alt_text":"","src":"https:\/\/i0.wp.com\/informatepy.com\/2021\/wp-content\/uploads\/2022\/05\/Francisco_Barbosa_Delgado-FGE-colombia.jpg?fit=1200%2C800&ssl=1&resize=350%2C200","width":350,"height":200},"classes":[]},{"id":11560,"url":"https:\/\/informatepy.com\/2021\/2022\/05\/10\/que-casos-investigaba-el-fiscal-marcelo-pecci\/","url_meta":{"origin":11665,"position":2},"title":"\u00bfQu\u00e9 casos investigaba el fiscal Marcelo Pecci?","date":"10 de mayo de 2022","format":false,"excerpt":"El\u00a0fiscal Marcelo Pecci, asesinado este medio d\u00eda en Bar\u00fa (Colombia), llevaba la investigaci\u00f3n de reconocidos casos como el del tiroteo que se produjo en medio de un concierto de la agrupaci\u00f3n\u00a0Binomio de Oro\u00a0o el proceso por el que estuvo detenido el exfutbolista\u00a0Ronaldinho\u00a0eran algunas de las investigaciones que tuvo en su\u2026","rel":"","context":"En \u00abNacionales\u00bb","img":{"alt_text":"","src":"https:\/\/i0.wp.com\/informatepy.com\/2021\/wp-content\/uploads\/2022\/05\/marcelo-pecci.jpg?fit=1104%2C622&ssl=1&resize=350%2C200","width":350,"height":200},"classes":[]},{"id":11926,"url":"https:\/\/informatepy.com\/2021\/2022\/06\/03\/la-orden-de-matar-a-pecci-fue-dada-por-un-colombiano\/","url_meta":{"origin":11665,"position":3},"title":"La orden de matar a Pecci fue dada por un colombiano","date":"3 de junio de 2022","format":false,"excerpt":"Seg\u00fan la informaci\u00f3n divulgada por la cadena colombiana Noticias RCN,\u00a0una banda compuesta por cinco hombres y una mujer habr\u00edan planeado el crimen del fiscal Pecci desde Envigado en Medell\u00edn - Colombia. \u00bfC\u00f3mo fue el asesinato del fiscal? El pasado 5 de mayo, mientras el fiscal y su esposa recorr\u00edan Cartagena\u2026","rel":"","context":"En \u00abNacionales\u00bb","img":{"alt_text":"","src":"https:\/\/i0.wp.com\/informatepy.com\/2021\/wp-content\/uploads\/2022\/05\/marcelo-pecci.jpg?fit=1104%2C622&ssl=1&resize=350%2C200","width":350,"height":200},"classes":[]},{"id":11569,"url":"https:\/\/informatepy.com\/2021\/2022\/05\/10\/carroneros\/","url_meta":{"origin":11665,"position":4},"title":"Carro\u00f1eros","date":"10 de mayo de 2022","format":false,"excerpt":"El fiscal Marcelo Pecci fue asesinado el d\u00eda de hoy y una vez m\u00e1s, nos vimos sorprendidos por la noticia, no la esper\u00e1bamos, nadie la vio venir. Aunque lo que si vimos venir apenas conocida la noticia, fue a las aves carro\u00f1eras de siempre. Periodistas y pol\u00edticos de toda laya\u2026","rel":"","context":"En \u00abNacionales\u00bb","img":{"alt_text":"","src":"https:\/\/i0.wp.com\/informatepy.com\/2021\/wp-content\/uploads\/2022\/05\/ave-carrona.jpg?fit=1200%2C630&ssl=1&resize=350%2C200","width":350,"height":200},"classes":[]},{"id":11588,"url":"https:\/\/informatepy.com\/2021\/2022\/05\/12\/caso-pecci-jefe-de-policia-colombiana-vincula-el-homicidio-a-investigacion-de-terrorismo-internacional\/","url_meta":{"origin":11665,"position":5},"title":"CASO PECCI: Jefe de polic\u00eda colombiana vincula el homicidio a investigaci\u00f3n de terrorismo internacional","date":"12 de mayo de 2022","format":false,"excerpt":"El general Jorge Luis Vargas Valencia, Director General de la Polic\u00eda Nacional de Colombia, comunic\u00f3 que la primer hip\u00f3tesis del homicidio de Marcelo Pecci, vincula el hecho con una investigaci\u00f3n que estaba llevando adelante el fiscal sobre terrorismo internacional. \"La primera hip\u00f3tesis del crimen tendr\u00eda relaci\u00f3n con las investigaciones que\u2026","rel":"","context":"En \u00abNacionales\u00bb","img":{"alt_text":"","src":"https:\/\/i0.wp.com\/informatepy.com\/2021\/wp-content\/uploads\/2022\/05\/jorge-vargas-director-de-policia-de-colombia.jpg?fit=1056%2C641&ssl=1&resize=350%2C200","width":350,"height":200},"classes":[]}],"authors":[{"term_id":1051,"user_id":4,"is_guest":0,"slug":"redaccion","display_name":"Redacci\u00f3n","avatar_url":"https:\/\/i0.wp.com\/informatepy.com\/2021\/wp-content\/uploads\/2021\/02\/informate-circulo.png?fit=96%2C96&ssl=1","first_name":"Redacci\u00f3n","last_name":"","user_url":"","description":""}],"amp_enabled":true,"_links":{"self":[{"href":"https:\/\/informatepy.com\/2021\/wp-json\/wp\/v2\/posts\/11665","targetHints":{"allow":["GET"]}}],"collection":[{"href":"https:\/\/informatepy.com\/2021\/wp-json\/wp\/v2\/posts"}],"about":[{"href":"https:\/\/informatepy.com\/2021\/wp-json\/wp\/v2\/types\/post"}],"author":[{"embeddable":true,"href":"https:\/\/informatepy.com\/2021\/wp-json\/wp\/v2\/users\/4"}],"replies":[{"embeddable":true,"href":"https:\/\/informatepy.com\/2021\/wp-json\/wp\/v2\/comments?post=11665"}],"version-history":[{"count":1,"href":"https:\/\/informatepy.com\/2021\/wp-json\/wp\/v2\/posts\/11665\/revisions"}],"predecessor-version":[{"id":11666,"href":"https:\/\/informatepy.com\/2021\/wp-json\/wp\/v2\/posts\/11665\/revisions\/11666"}],"wp:featuredmedia":[{"embeddable":true,"href":"https:\/\/informatepy.com\/2021\/wp-json\/wp\/v2\/media\/11561"}],"wp:attachment":[{"href":"https:\/\/informatepy.com\/2021\/wp-json\/wp\/v2\/media?parent=11665"}],"wp:term":[{"taxonomy":"category","embeddable":true,"href":"https:\/\/informatepy.com\/2021\/wp-json\/wp\/v2\/categories?post=11665"},{"taxonomy":"post_tag","embeddable":true,"href":"https:\/\/informatepy.com\/2021\/wp-json\/wp\/v2\/tags?post=11665"},{"taxonomy":"author","embeddable":true,"href":"https:\/\/informatepy.com\/2021\/wp-json\/wp\/v2\/ppma_author?post=11665"}],"curies":[{"name":"wp","href":"https:\/\/api.w.org\/{rel}","templated":true}]}}