{"id":11606,"date":"2022-05-13T08:38:04","date_gmt":"2022-05-13T11:38:04","guid":{"rendered":"https:\/\/informatepy.com\/2021\/?p=11606"},"modified":"2022-05-13T08:38:07","modified_gmt":"2022-05-13T11:38:07","slug":"protestas-en-iran-por-el-alza-en-los-alimentos","status":"publish","type":"post","link":"https:\/\/informatepy.com\/2021\/2022\/05\/13\/protestas-en-iran-por-el-alza-en-los-alimentos\/","title":{"rendered":"Protestas en Ir\u00e1n por el alza en los alimentos"},"content":{"rendered":"\n<p class=\"has-text-align-justify\"><strong>El r\u00e9gimen iran\u00ed subi\u00f3 bruscamente los precios de diversos productos b\u00e1sicos como el aceite de cocina, el pollo, los huevos y la leche en hasta 300%<\/strong> provocando que miles de iran\u00edes alarmados hicieron largas filas para comprar paquetes de alimentos y vaciaran los estantes de los supermercados de todo el pa\u00eds antes de la entrada en vigor del aumento de precios.<\/p>\n\n\n\n<p class=\"has-text-align-justify\">Por otra parte,\u00a0<strong>se registraron interrupciones de internet en todo Ir\u00e1n mientras el r\u00e9gimen se preparaba para posibles disturbios<\/strong>, seg\u00fan el grupo NetBlocks.org. Las protestas parecieron surgir en el remoto y empobrecido sur, seg\u00fan videos compartidos en internet.\u00a0<em>The Associated Press<\/em>\u00a0no pudo verificar su autenticidad, pero las im\u00e1genes correspond\u00edan con los hechos reportados.<\/p>\n\n\n\n<p class=\"has-text-align-justify\"><strong>Los precios de los alimentos en todo Medio Oriente se han disparado debido a las interrupciones en la cadena de suministro mundial<\/strong>\u00a0<\/p>\n","protected":false},"excerpt":{"rendered":"<p>El r\u00e9gimen iran\u00ed subi\u00f3 bruscamente los precios de diversos productos b\u00e1sicos como el aceite de cocina, el pollo, los huevos y la leche en hasta 300% provocando que miles de iran\u00edes alarmados hicieron largas filas para comprar paquetes de alimentos y vaciaran los estantes de los supermercados de todo el pa\u00eds antes de la entrada [&hellip;]<\/p>\n","protected":false},"author":4,"featured_media":11607,"comment_status":"open","ping_status":"open","sticky":false,"template":"","format":"standard","meta":{"_monsterinsights_skip_tracking":false,"_monsterinsights_sitenote_active":false,"_monsterinsights_sitenote_note":"","_monsterinsights_sitenote_category":0,"footnotes":"","jetpack_publicize_message":"","jetpack_is_tweetstorm":false,"jetpack_publicize_feature_enabled":true},"categories":[173],"tags":[1036,582,250],"ppma_author":[1051],"class_list":["post-11606","post","type-post","status-publish","format-standard","has-post-thumbnail","hentry","category-mundo","tag-destacada","tag-inflacion","tag-iran"],"jetpack_publicize_connections":[],"yoast_head":"<!-- This site is optimized with the Yoast SEO plugin v27.4 - https:\/\/yoast.com\/product\/yoast-seo-wordpress\/ -->\n<title>Protestas en Ir\u00e1n por el alza en los alimentos - Informatepy<\/title>\n<meta name=\"robots\" content=\"index, follow, max-snippet:-1, max-image-preview:large, max-video-preview:-1\" \/>\n<link rel=\"canonical\" href=\"https:\/\/informatepy.com\/2021\/2022\/05\/13\/protestas-en-iran-por-el-alza-en-los-alimentos\/\" \/>\n<meta property=\"og:locale\" content=\"es_ES\" \/>\n<meta property=\"og:type\" content=\"article\" \/>\n<meta property=\"og:title\" content=\"Protestas en Ir\u00e1n por el alza en los alimentos - Informatepy\" \/>\n<meta property=\"og:description\" content=\"El r\u00e9gimen iran\u00ed subi\u00f3 bruscamente los precios de diversos productos b\u00e1sicos como el aceite de cocina, el pollo, los huevos y la leche en hasta 300% provocando que miles de iran\u00edes alarmados hicieron largas filas para comprar paquetes de alimentos y vaciaran los estantes de los supermercados de todo el pa\u00eds antes de la entrada [&hellip;]\" \/>\n<meta property=\"og:url\" content=\"https:\/\/informatepy.com\/2021\/2022\/05\/13\/protestas-en-iran-por-el-alza-en-los-alimentos\/\" \/>\n<meta property=\"og:site_name\" content=\"Informatepy\" \/>\n<meta property=\"article:author\" content=\"https:\/\/www.facebook.com\/InformatePyCom\" \/>\n<meta property=\"article:published_time\" content=\"2022-05-13T11:38:04+00:00\" \/>\n<meta property=\"article:modified_time\" content=\"2022-05-13T11:38:07+00:00\" \/>\n<meta property=\"og:image\" content=\"https:\/\/informatepy.com\/2021\/wp-content\/uploads\/2022\/05\/disturbios-iran.jpg\" \/>\n\t<meta property=\"og:image:width\" content=\"813\" \/>\n\t<meta property=\"og:image:height\" content=\"558\" \/>\n\t<meta property=\"og:image:type\" content=\"image\/jpeg\" \/>\n<meta name=\"author\" content=\"Redacci\u00f3n\" \/>\n<meta name=\"twitter:card\" content=\"summary_large_image\" \/>\n<meta name=\"twitter:creator\" content=\"@https:\/\/twitter.com\/InformatePy1\" \/>\n<meta name=\"twitter:label1\" content=\"Escrito por\" \/>\n\t<meta name=\"twitter:data1\" content=\"Redacci\u00f3n\" \/>\n\t<meta name=\"twitter:label2\" content=\"Tiempo de lectura\" \/>\n\t<meta name=\"twitter:data2\" content=\"1 minuto\" \/>\n<script type=\"application\/ld+json\" class=\"yoast-schema-graph\">{\"@context\":\"https:\\\/\\\/schema.org\",\"@graph\":[{\"@type\":\"Article\",\"@id\":\"https:\\\/\\\/informatepy.com\\\/2021\\\/2022\\\/05\\\/13\\\/protestas-en-iran-por-el-alza-en-los-alimentos\\\/#article\",\"isPartOf\":{\"@id\":\"https:\\\/\\\/informatepy.com\\\/2021\\\/2022\\\/05\\\/13\\\/protestas-en-iran-por-el-alza-en-los-alimentos\\\/\"},\"author\":{\"name\":\"Redacci\u00f3n\",\"@id\":\"https:\\\/\\\/informatepy.com\\\/2021\\\/#\\\/schema\\\/person\\\/0c842f525f84ea74ef3b44370d11757b\"},\"headline\":\"Protestas en Ir\u00e1n por el alza en los alimentos\",\"datePublished\":\"2022-05-13T11:38:04+00:00\",\"dateModified\":\"2022-05-13T11:38:07+00:00\",\"mainEntityOfPage\":{\"@id\":\"https:\\\/\\\/informatepy.com\\\/2021\\\/2022\\\/05\\\/13\\\/protestas-en-iran-por-el-alza-en-los-alimentos\\\/\"},\"wordCount\":157,\"commentCount\":0,\"publisher\":{\"@id\":\"https:\\\/\\\/informatepy.com\\\/2021\\\/#\\\/schema\\\/person\\\/edd302c981d6ba4596191719d1025a8a\"},\"image\":{\"@id\":\"https:\\\/\\\/informatepy.com\\\/2021\\\/2022\\\/05\\\/13\\\/protestas-en-iran-por-el-alza-en-los-alimentos\\\/#primaryimage\"},\"thumbnailUrl\":\"https:\\\/\\\/i0.wp.com\\\/informatepy.com\\\/2021\\\/wp-content\\\/uploads\\\/2022\\\/05\\\/disturbios-iran.jpg?fit=813%2C558&ssl=1\",\"keywords\":[\"destacada\",\"inflacion\",\"iran\"],\"articleSection\":[\"Mundo\"],\"inLanguage\":\"es\",\"potentialAction\":[{\"@type\":\"CommentAction\",\"name\":\"Comment\",\"target\":[\"https:\\\/\\\/informatepy.com\\\/2021\\\/2022\\\/05\\\/13\\\/protestas-en-iran-por-el-alza-en-los-alimentos\\\/#respond\"]}]},{\"@type\":\"WebPage\",\"@id\":\"https:\\\/\\\/informatepy.com\\\/2021\\\/2022\\\/05\\\/13\\\/protestas-en-iran-por-el-alza-en-los-alimentos\\\/\",\"url\":\"https:\\\/\\\/informatepy.com\\\/2021\\\/2022\\\/05\\\/13\\\/protestas-en-iran-por-el-alza-en-los-alimentos\\\/\",\"name\":\"Protestas en Ir\u00e1n por el alza en los alimentos - Informatepy\",\"isPartOf\":{\"@id\":\"https:\\\/\\\/informatepy.com\\\/2021\\\/#website\"},\"primaryImageOfPage\":{\"@id\":\"https:\\\/\\\/informatepy.com\\\/2021\\\/2022\\\/05\\\/13\\\/protestas-en-iran-por-el-alza-en-los-alimentos\\\/#primaryimage\"},\"image\":{\"@id\":\"https:\\\/\\\/informatepy.com\\\/2021\\\/2022\\\/05\\\/13\\\/protestas-en-iran-por-el-alza-en-los-alimentos\\\/#primaryimage\"},\"thumbnailUrl\":\"https:\\\/\\\/i0.wp.com\\\/informatepy.com\\\/2021\\\/wp-content\\\/uploads\\\/2022\\\/05\\\/disturbios-iran.jpg?fit=813%2C558&ssl=1\",\"datePublished\":\"2022-05-13T11:38:04+00:00\",\"dateModified\":\"2022-05-13T11:38:07+00:00\",\"breadcrumb\":{\"@id\":\"https:\\\/\\\/informatepy.com\\\/2021\\\/2022\\\/05\\\/13\\\/protestas-en-iran-por-el-alza-en-los-alimentos\\\/#breadcrumb\"},\"inLanguage\":\"es\",\"potentialAction\":[{\"@type\":\"ReadAction\",\"target\":[\"https:\\\/\\\/informatepy.com\\\/2021\\\/2022\\\/05\\\/13\\\/protestas-en-iran-por-el-alza-en-los-alimentos\\\/\"]}]},{\"@type\":\"ImageObject\",\"inLanguage\":\"es\",\"@id\":\"https:\\\/\\\/informatepy.com\\\/2021\\\/2022\\\/05\\\/13\\\/protestas-en-iran-por-el-alza-en-los-alimentos\\\/#primaryimage\",\"url\":\"https:\\\/\\\/i0.wp.com\\\/informatepy.com\\\/2021\\\/wp-content\\\/uploads\\\/2022\\\/05\\\/disturbios-iran.jpg?fit=813%2C558&ssl=1\",\"contentUrl\":\"https:\\\/\\\/i0.wp.com\\\/informatepy.com\\\/2021\\\/wp-content\\\/uploads\\\/2022\\\/05\\\/disturbios-iran.jpg?fit=813%2C558&ssl=1\",\"width\":813,\"height\":558},{\"@type\":\"BreadcrumbList\",\"@id\":\"https:\\\/\\\/informatepy.com\\\/2021\\\/2022\\\/05\\\/13\\\/protestas-en-iran-por-el-alza-en-los-alimentos\\\/#breadcrumb\",\"itemListElement\":[{\"@type\":\"ListItem\",\"position\":1,\"name\":\"Portada\",\"item\":\"https:\\\/\\\/informatepy.com\\\/2021\\\/\"},{\"@type\":\"ListItem\",\"position\":2,\"name\":\"Protestas en Ir\u00e1n por el alza en los alimentos\"}]},{\"@type\":\"WebSite\",\"@id\":\"https:\\\/\\\/informatepy.com\\\/2021\\\/#website\",\"url\":\"https:\\\/\\\/informatepy.com\\\/2021\\\/\",\"name\":\"Informatepy\",\"description\":\"La verdad, siempre!\",\"publisher\":{\"@id\":\"https:\\\/\\\/informatepy.com\\\/2021\\\/#\\\/schema\\\/person\\\/edd302c981d6ba4596191719d1025a8a\"},\"potentialAction\":[{\"@type\":\"SearchAction\",\"target\":{\"@type\":\"EntryPoint\",\"urlTemplate\":\"https:\\\/\\\/informatepy.com\\\/2021\\\/?s={search_term_string}\"},\"query-input\":{\"@type\":\"PropertyValueSpecification\",\"valueRequired\":true,\"valueName\":\"search_term_string\"}}],\"inLanguage\":\"es\"},{\"@type\":[\"Person\",\"Organization\"],\"@id\":\"https:\\\/\\\/informatepy.com\\\/2021\\\/#\\\/schema\\\/person\\\/edd302c981d6ba4596191719d1025a8a\",\"name\":\"admin\",\"image\":{\"@type\":\"ImageObject\",\"inLanguage\":\"es\",\"@id\":\"https:\\\/\\\/secure.gravatar.com\\\/avatar\\\/5310f602b6cbcfb86e030c4ccdbb78f6565a3b9bab6a74ab80fd3cb5428b65af?s=96&d=mm&r=g\",\"url\":\"https:\\\/\\\/secure.gravatar.com\\\/avatar\\\/5310f602b6cbcfb86e030c4ccdbb78f6565a3b9bab6a74ab80fd3cb5428b65af?s=96&d=mm&r=g\",\"contentUrl\":\"https:\\\/\\\/secure.gravatar.com\\\/avatar\\\/5310f602b6cbcfb86e030c4ccdbb78f6565a3b9bab6a74ab80fd3cb5428b65af?s=96&d=mm&r=g\",\"caption\":\"admin\"},\"logo\":{\"@id\":\"https:\\\/\\\/secure.gravatar.com\\\/avatar\\\/5310f602b6cbcfb86e030c4ccdbb78f6565a3b9bab6a74ab80fd3cb5428b65af?s=96&d=mm&r=g\"},\"sameAs\":[\"http:\\\/\\\/informatepy.com\\\/2021\"]},{\"@type\":\"Person\",\"@id\":\"https:\\\/\\\/informatepy.com\\\/2021\\\/#\\\/schema\\\/person\\\/0c842f525f84ea74ef3b44370d11757b\",\"name\":\"Redacci\u00f3n\",\"image\":{\"@type\":\"ImageObject\",\"inLanguage\":\"es\",\"@id\":\"https:\\\/\\\/i0.wp.com\\\/informatepy.com\\\/2021\\\/wp-content\\\/uploads\\\/2021\\\/02\\\/informate-circulo.png?fit=96%2C96&ssl=1\",\"url\":\"https:\\\/\\\/i0.wp.com\\\/informatepy.com\\\/2021\\\/wp-content\\\/uploads\\\/2021\\\/02\\\/informate-circulo.png?fit=96%2C96&ssl=1\",\"contentUrl\":\"https:\\\/\\\/i0.wp.com\\\/informatepy.com\\\/2021\\\/wp-content\\\/uploads\\\/2021\\\/02\\\/informate-circulo.png?fit=96%2C96&ssl=1\",\"caption\":\"Redacci\u00f3n\"},\"sameAs\":[\"https:\\\/\\\/www.facebook.com\\\/InformatePyCom\",\"https:\\\/\\\/x.com\\\/https:\\\/\\\/twitter.com\\\/InformatePy1\"],\"url\":\"https:\\\/\\\/informatepy.com\\\/2021\\\/author\\\/redaccion\\\/\"}]}<\/script>\n<!-- \/ Yoast SEO plugin. -->","yoast_head_json":{"title":"Protestas en Ir\u00e1n por el alza en los alimentos - Informatepy","robots":{"index":"index","follow":"follow","max-snippet":"max-snippet:-1","max-image-preview":"max-image-preview:large","max-video-preview":"max-video-preview:-1"},"canonical":"https:\/\/informatepy.com\/2021\/2022\/05\/13\/protestas-en-iran-por-el-alza-en-los-alimentos\/","og_locale":"es_ES","og_type":"article","og_title":"Protestas en Ir\u00e1n por el alza en los alimentos - Informatepy","og_description":"El r\u00e9gimen iran\u00ed subi\u00f3 bruscamente los precios de diversos productos b\u00e1sicos como el aceite de cocina, el pollo, los huevos y la leche en hasta 300% provocando que miles de iran\u00edes alarmados hicieron largas filas para comprar paquetes de alimentos y vaciaran los estantes de los supermercados de todo el pa\u00eds antes de la entrada [&hellip;]","og_url":"https:\/\/informatepy.com\/2021\/2022\/05\/13\/protestas-en-iran-por-el-alza-en-los-alimentos\/","og_site_name":"Informatepy","article_author":"https:\/\/www.facebook.com\/InformatePyCom","article_published_time":"2022-05-13T11:38:04+00:00","article_modified_time":"2022-05-13T11:38:07+00:00","og_image":[{"width":813,"height":558,"url":"https:\/\/informatepy.com\/2021\/wp-content\/uploads\/2022\/05\/disturbios-iran.jpg","type":"image\/jpeg"}],"author":"Redacci\u00f3n","twitter_card":"summary_large_image","twitter_creator":"@https:\/\/twitter.com\/InformatePy1","twitter_misc":{"Escrito por":"Redacci\u00f3n","Tiempo de lectura":"1 minuto"},"schema":{"@context":"https:\/\/schema.org","@graph":[{"@type":"Article","@id":"https:\/\/informatepy.com\/2021\/2022\/05\/13\/protestas-en-iran-por-el-alza-en-los-alimentos\/#article","isPartOf":{"@id":"https:\/\/informatepy.com\/2021\/2022\/05\/13\/protestas-en-iran-por-el-alza-en-los-alimentos\/"},"author":{"name":"Redacci\u00f3n","@id":"https:\/\/informatepy.com\/2021\/#\/schema\/person\/0c842f525f84ea74ef3b44370d11757b"},"headline":"Protestas en Ir\u00e1n por el alza en los alimentos","datePublished":"2022-05-13T11:38:04+00:00","dateModified":"2022-05-13T11:38:07+00:00","mainEntityOfPage":{"@id":"https:\/\/informatepy.com\/2021\/2022\/05\/13\/protestas-en-iran-por-el-alza-en-los-alimentos\/"},"wordCount":157,"commentCount":0,"publisher":{"@id":"https:\/\/informatepy.com\/2021\/#\/schema\/person\/edd302c981d6ba4596191719d1025a8a"},"image":{"@id":"https:\/\/informatepy.com\/2021\/2022\/05\/13\/protestas-en-iran-por-el-alza-en-los-alimentos\/#primaryimage"},"thumbnailUrl":"https:\/\/i0.wp.com\/informatepy.com\/2021\/wp-content\/uploads\/2022\/05\/disturbios-iran.jpg?fit=813%2C558&ssl=1","keywords":["destacada","inflacion","iran"],"articleSection":["Mundo"],"inLanguage":"es","potentialAction":[{"@type":"CommentAction","name":"Comment","target":["https:\/\/informatepy.com\/2021\/2022\/05\/13\/protestas-en-iran-por-el-alza-en-los-alimentos\/#respond"]}]},{"@type":"WebPage","@id":"https:\/\/informatepy.com\/2021\/2022\/05\/13\/protestas-en-iran-por-el-alza-en-los-alimentos\/","url":"https:\/\/informatepy.com\/2021\/2022\/05\/13\/protestas-en-iran-por-el-alza-en-los-alimentos\/","name":"Protestas en Ir\u00e1n por el alza en los alimentos - Informatepy","isPartOf":{"@id":"https:\/\/informatepy.com\/2021\/#website"},"primaryImageOfPage":{"@id":"https:\/\/informatepy.com\/2021\/2022\/05\/13\/protestas-en-iran-por-el-alza-en-los-alimentos\/#primaryimage"},"image":{"@id":"https:\/\/informatepy.com\/2021\/2022\/05\/13\/protestas-en-iran-por-el-alza-en-los-alimentos\/#primaryimage"},"thumbnailUrl":"https:\/\/i0.wp.com\/informatepy.com\/2021\/wp-content\/uploads\/2022\/05\/disturbios-iran.jpg?fit=813%2C558&ssl=1","datePublished":"2022-05-13T11:38:04+00:00","dateModified":"2022-05-13T11:38:07+00:00","breadcrumb":{"@id":"https:\/\/informatepy.com\/2021\/2022\/05\/13\/protestas-en-iran-por-el-alza-en-los-alimentos\/#breadcrumb"},"inLanguage":"es","potentialAction":[{"@type":"ReadAction","target":["https:\/\/informatepy.com\/2021\/2022\/05\/13\/protestas-en-iran-por-el-alza-en-los-alimentos\/"]}]},{"@type":"ImageObject","inLanguage":"es","@id":"https:\/\/informatepy.com\/2021\/2022\/05\/13\/protestas-en-iran-por-el-alza-en-los-alimentos\/#primaryimage","url":"https:\/\/i0.wp.com\/informatepy.com\/2021\/wp-content\/uploads\/2022\/05\/disturbios-iran.jpg?fit=813%2C558&ssl=1","contentUrl":"https:\/\/i0.wp.com\/informatepy.com\/2021\/wp-content\/uploads\/2022\/05\/disturbios-iran.jpg?fit=813%2C558&ssl=1","width":813,"height":558},{"@type":"BreadcrumbList","@id":"https:\/\/informatepy.com\/2021\/2022\/05\/13\/protestas-en-iran-por-el-alza-en-los-alimentos\/#breadcrumb","itemListElement":[{"@type":"ListItem","position":1,"name":"Portada","item":"https:\/\/informatepy.com\/2021\/"},{"@type":"ListItem","position":2,"name":"Protestas en Ir\u00e1n por el alza en los alimentos"}]},{"@type":"WebSite","@id":"https:\/\/informatepy.com\/2021\/#website","url":"https:\/\/informatepy.com\/2021\/","name":"Informatepy","description":"La verdad, siempre!","publisher":{"@id":"https:\/\/informatepy.com\/2021\/#\/schema\/person\/edd302c981d6ba4596191719d1025a8a"},"potentialAction":[{"@type":"SearchAction","target":{"@type":"EntryPoint","urlTemplate":"https:\/\/informatepy.com\/2021\/?s={search_term_string}"},"query-input":{"@type":"PropertyValueSpecification","valueRequired":true,"valueName":"search_term_string"}}],"inLanguage":"es"},{"@type":["Person","Organization"],"@id":"https:\/\/informatepy.com\/2021\/#\/schema\/person\/edd302c981d6ba4596191719d1025a8a","name":"admin","image":{"@type":"ImageObject","inLanguage":"es","@id":"https:\/\/secure.gravatar.com\/avatar\/5310f602b6cbcfb86e030c4ccdbb78f6565a3b9bab6a74ab80fd3cb5428b65af?s=96&d=mm&r=g","url":"https:\/\/secure.gravatar.com\/avatar\/5310f602b6cbcfb86e030c4ccdbb78f6565a3b9bab6a74ab80fd3cb5428b65af?s=96&d=mm&r=g","contentUrl":"https:\/\/secure.gravatar.com\/avatar\/5310f602b6cbcfb86e030c4ccdbb78f6565a3b9bab6a74ab80fd3cb5428b65af?s=96&d=mm&r=g","caption":"admin"},"logo":{"@id":"https:\/\/secure.gravatar.com\/avatar\/5310f602b6cbcfb86e030c4ccdbb78f6565a3b9bab6a74ab80fd3cb5428b65af?s=96&d=mm&r=g"},"sameAs":["http:\/\/informatepy.com\/2021"]},{"@type":"Person","@id":"https:\/\/informatepy.com\/2021\/#\/schema\/person\/0c842f525f84ea74ef3b44370d11757b","name":"Redacci\u00f3n","image":{"@type":"ImageObject","inLanguage":"es","@id":"https:\/\/i0.wp.com\/informatepy.com\/2021\/wp-content\/uploads\/2021\/02\/informate-circulo.png?fit=96%2C96&ssl=1","url":"https:\/\/i0.wp.com\/informatepy.com\/2021\/wp-content\/uploads\/2021\/02\/informate-circulo.png?fit=96%2C96&ssl=1","contentUrl":"https:\/\/i0.wp.com\/informatepy.com\/2021\/wp-content\/uploads\/2021\/02\/informate-circulo.png?fit=96%2C96&ssl=1","caption":"Redacci\u00f3n"},"sameAs":["https:\/\/www.facebook.com\/InformatePyCom","https:\/\/x.com\/https:\/\/twitter.com\/InformatePy1"],"url":"https:\/\/informatepy.com\/2021\/author\/redaccion\/"}]}},"jetpack_featured_media_url":"https:\/\/i0.wp.com\/informatepy.com\/2021\/wp-content\/uploads\/2022\/05\/disturbios-iran.jpg?fit=813%2C558&ssl=1","jetpack_sharing_enabled":true,"jetpack_likes_enabled":true,"jetpack-related-posts":[{"id":4181,"url":"https:\/\/informatepy.com\/2021\/2021\/03\/27\/china-e-iran-firmaron-un-pacto-de-cooperacion-secreto-por-25-anos\/","url_meta":{"origin":11606,"position":0},"title":"China e Ir\u00e1n firmaron un pacto de cooperaci\u00f3n secreto por 25 a\u00f1os","date":"27 de marzo de 2021","format":false,"excerpt":"La televisi\u00f3n del r\u00e9gimen de Teher\u00e1n confirm\u00f3 el acuerdo que calific\u00f3 como \u201cestrat\u00e9gico\u201d, pero advirti\u00f3 que los detalles no ser\u00e1n p\u00fablicos","rel":"","context":"En \u00abDestacados\u00bb","img":{"alt_text":"","src":"https:\/\/i0.wp.com\/informatepy.com\/2021\/wp-content\/uploads\/2021\/03\/Xi-Jinping-Hasan-Rohani.jpg?fit=990%2C660&ssl=1&resize=350%2C200","width":350,"height":200},"classes":[]},{"id":9989,"url":"https:\/\/informatepy.com\/2021\/2022\/02\/05\/ee-uu-levanta-algunas-de-las-sanciones-impuestas-a-iran-impuestas-por-su-programa-nuclear\/","url_meta":{"origin":11606,"position":1},"title":"EE.UU. levanta algunas de las sanciones impuestas a Ir\u00e1n por su programa nuclear","date":"5 de febrero de 2022","format":false,"excerpt":"La Administraci\u00f3n de Joe Biden decidi\u00f3 levantar algunas sanciones impuestas anteriormente al programa at\u00f3mico de Ir\u00e1n. Con este paso se revocar\u00eda la decisi\u00f3n del exmandatario estadounidense Donald Trump que impuso restricciones en el a\u00f1o 2018 al salir de manera unilateral del acuerdo nuclear. En ese sentido, el secretario de Estado\u2026","rel":"","context":"En \u00abMundo\u00bb","img":{"alt_text":"","src":"https:\/\/i0.wp.com\/informatepy.com\/2021\/wp-content\/uploads\/2021\/06\/antony-blinken.jpg?fit=1200%2C675&ssl=1&resize=350%2C200","width":350,"height":200},"classes":[]},{"id":2443,"url":"https:\/\/informatepy.com\/2021\/2021\/01\/22\/brutal-amenaza-de-iran-contra-donald-trump-un-meme-aterrador-publicado-por-un-medio-estatal\/","url_meta":{"origin":11606,"position":2},"title":"Brutal amenaza de Ir\u00e1n contra Donald Trump: un meme aterrador publicado por un medio estatal","date":"22 de enero de 2021","format":false,"excerpt":"M\u00e1s de un a\u00f1o despu\u00e9s del abatimiento en\u00a0Iraq\u00a0del jefe de la\u00a0Guardia Revolucionaria Isl\u00e1mica, el general\u00a0Qasem Soleimani, el r\u00e9gimen iran\u00ed retom\u00f3 sus amenazas de venganza contra los\u00a0Estados Unidos:\u00a0m\u00e1s espec\u00edficamente contra el ex presidente\u00a0Donald Trump. Esta vez, el encargado de hacerlo fue un medio estatal que responde a las directivas de\u00a0Teher\u00e1n. Lo\u2026","rel":"","context":"En \u00abMundo\u00bb","img":{"alt_text":"","src":"https:\/\/i0.wp.com\/informatepy.com\/2021\/wp-content\/uploads\/2021\/01\/amenaza-de-iran-a-trump.jpg?fit=768%2C1024&ssl=1&resize=350%2C200","width":350,"height":200},"classes":[]},{"id":4600,"url":"https:\/\/informatepy.com\/2021\/2021\/04\/22\/insolito-la-onu-eligio-a-iran-para-presidir-la-comision-de-derechos-de-la-mujer\/","url_meta":{"origin":11606,"position":3},"title":"INS\u00d3LITO: La ONU eligi\u00f3 a Ir\u00e1n para presidir la Comisi\u00f3n de Derechos de la Mujer","date":"22 de abril de 2021","format":false,"excerpt":"La ONG UN Watch, con sede en Ginebra, rechaz\u00f3 la elecci\u00f3n debido a las pol\u00e9micas leyes que tiene el pa\u00eds en contra de las mujeres","rel":"","context":"En \u00abDestacados\u00bb","img":{"alt_text":"","src":"https:\/\/i0.wp.com\/informatepy.com\/2021\/wp-content\/uploads\/2021\/04\/lapidacion-iran.jpg?fit=1200%2C828&ssl=1&resize=350%2C200","width":350,"height":200},"classes":[]},{"id":468,"url":"https:\/\/informatepy.com\/2021\/2019\/02\/10\/a-40-anos-de-la-revolucion-islamica-que-cambio-en-iran-y-en-medio-oriente\/","url_meta":{"origin":11606,"position":4},"title":"A 40 a\u00f1os de la Revoluci\u00f3n Isl\u00e1mica: qu\u00e9 cambi\u00f3 en Ir\u00e1n y en Medio Oriente","date":"10 de febrero de 2019","format":false,"excerpt":"La relaci\u00f3n entre islam y pol\u00edtica\u00a0tal como se la conoce en la actualidad ser\u00eda incomprensible sin tener en cuenta el\u00a0profundo impacto de la Revoluci\u00f3n Iran\u00ed de 1979. Tampoco podr\u00eda entenderse la complejidad del v\u00ednculo entre el mundo musulm\u00e1n y Occidente sin considerar la radical transformaci\u00f3n pol\u00edtica y social que se\u2026","rel":"","context":"En \u00abAnalisis\u00bb","img":{"alt_text":"","src":"https:\/\/i0.wp.com\/informatepy.com\/2021\/wp-content\/uploads\/2021\/02\/iran.jpeg?fit=969%2C559&ssl=1&resize=350%2C200","width":350,"height":200},"classes":[]},{"id":13948,"url":"https:\/\/informatepy.com\/2021\/2022\/09\/16\/son-sus-costumbres-mujer-muere-despues-de-ser-golpeada-por-la-temida-policia-moral-de-iran-por-usar-el-hiyab-incorrectamente\/","url_meta":{"origin":11606,"position":5},"title":"Son sus costumbres: Mujer muere despu\u00e9s de ser golpeada por la temida polic\u00eda moral de Ir\u00e1n por \u00abusar el hiyab incorrectamente\u00bb","date":"16 de septiembre de 2022","format":false,"excerpt":"Mahsa Amini, de 22 a\u00f1os, fue declarada con muerte cerebral despu\u00e9s de que, seg\u00fan los informes, la polic\u00eda la golpeara hasta dejarla en coma el martes. La joven hab\u00eda viajado desde la provincia occidental de Kurdist\u00e1n para ver a familiares en la capital,\u00a0Teher\u00e1n\u00a0y, seg\u00fan la polic\u00eda, Mahsa no sigui\u00f3 las\u2026","rel":"","context":"En \u00abMundo\u00bb","img":{"alt_text":"","src":"https:\/\/i0.wp.com\/informatepy.com\/2021\/wp-content\/uploads\/2022\/09\/mahsa-amini.jpg?fit=1200%2C736&ssl=1&resize=350%2C200","width":350,"height":200},"classes":[]}],"authors":[{"term_id":1051,"user_id":4,"is_guest":0,"slug":"redaccion","display_name":"Redacci\u00f3n","avatar_url":"https:\/\/i0.wp.com\/informatepy.com\/2021\/wp-content\/uploads\/2021\/02\/informate-circulo.png?fit=96%2C96&ssl=1","first_name":"Redacci\u00f3n","last_name":"","user_url":"","description":""}],"amp_enabled":true,"_links":{"self":[{"href":"https:\/\/informatepy.com\/2021\/wp-json\/wp\/v2\/posts\/11606","targetHints":{"allow":["GET"]}}],"collection":[{"href":"https:\/\/informatepy.com\/2021\/wp-json\/wp\/v2\/posts"}],"about":[{"href":"https:\/\/informatepy.com\/2021\/wp-json\/wp\/v2\/types\/post"}],"author":[{"embeddable":true,"href":"https:\/\/informatepy.com\/2021\/wp-json\/wp\/v2\/users\/4"}],"replies":[{"embeddable":true,"href":"https:\/\/informatepy.com\/2021\/wp-json\/wp\/v2\/comments?post=11606"}],"version-history":[{"count":1,"href":"https:\/\/informatepy.com\/2021\/wp-json\/wp\/v2\/posts\/11606\/revisions"}],"predecessor-version":[{"id":11608,"href":"https:\/\/informatepy.com\/2021\/wp-json\/wp\/v2\/posts\/11606\/revisions\/11608"}],"wp:featuredmedia":[{"embeddable":true,"href":"https:\/\/informatepy.com\/2021\/wp-json\/wp\/v2\/media\/11607"}],"wp:attachment":[{"href":"https:\/\/informatepy.com\/2021\/wp-json\/wp\/v2\/media?parent=11606"}],"wp:term":[{"taxonomy":"category","embeddable":true,"href":"https:\/\/informatepy.com\/2021\/wp-json\/wp\/v2\/categories?post=11606"},{"taxonomy":"post_tag","embeddable":true,"href":"https:\/\/informatepy.com\/2021\/wp-json\/wp\/v2\/tags?post=11606"},{"taxonomy":"author","embeddable":true,"href":"https:\/\/informatepy.com\/2021\/wp-json\/wp\/v2\/ppma_author?post=11606"}],"curies":[{"name":"wp","href":"https:\/\/api.w.org\/{rel}","templated":true}]}}