{"id":11532,"date":"2022-05-08T09:00:00","date_gmt":"2022-05-08T12:00:00","guid":{"rendered":"https:\/\/informatepy.com\/2021\/?p=11532"},"modified":"2022-05-07T18:17:08","modified_gmt":"2022-05-07T21:17:08","slug":"no-es-politica-es-crimen-organizado","status":"publish","type":"post","link":"https:\/\/informatepy.com\/2021\/2022\/05\/08\/no-es-politica-es-crimen-organizado\/","title":{"rendered":"No es pol\u00edtica, es crimen organizado"},"content":{"rendered":"\n<p class=\"has-text-align-justify\">26 de diciembre de 1982, en su hacienda San Vicente, ubicada en el departamento de Beni, don <strong>Roberto Suarez G\u00f3mez<\/strong> (apodado como el <em>Rey de la coca\u00edna<\/em>) celebraba a lo grande el cumplea\u00f1os de su primog\u00e9nito, <strong>Roby<\/strong> (recientemente liberado de una c\u00e1rcel en EE. UU.). Para la ocasi\u00f3n la familia contrat\u00f3 a chefs extranjeros. El cuadro musical estuvo a cargo de los mejores grupos nacionales de la \u00e9poca, adem\u00e1s del Mariachi Vargas de Tecalitl\u00e1n. Pero la aparici\u00f3n de <strong>Manolo Otero<\/strong> sobre el escenario fue el broche de oro. Sin embargo, ni los cocineros de renombre ni los cantantes de lujo fueron los m\u00e1s destacado de esa parranda, sino <strong>Pablo Escobar Gaviria<\/strong> y <strong>Gonzalo Rodr\u00edguez Gacha<\/strong>.&nbsp;<\/p>\n\n\n\n<p class=\"has-text-align-justify\">La llegada de la ma\u00f1ana no detuvo la pachanga. Con el alcohol ya subido a sus cabezas, los colombianos confesaron los planes que ten\u00edan para introducir coca\u00edna a los Estados Unidos usando los puertos y las lanchas militares de Cuba.<\/p>\n\n\n\n<p class=\"has-text-align-justify\">La sociedad entre <strong>Roberto<\/strong> <strong>Suarez G\u00f3mez, Pablo Escobar <\/strong>y <strong>Fidel Castro<\/strong> termin\u00f3 el a\u00f1o 1984. El dictador cubano recibi\u00f3 informaci\u00f3n sobre las operaciones paralelas que sus socios estaban realizando con <strong>Manuel Antonio Noriega<\/strong>. Fiel a su costumbre, <strong>Castro<\/strong> tom\u00f3 la decisi\u00f3n de deshacerse de sus poco leales c\u00f3mplices. Empero la suerte jug\u00f3 a favor del boliviano y el colombiano, escaparon de una muerte segura.<\/p>\n\n\n\n<div class=\"wp-block-image\"><figure class=\"aligncenter size-full is-resized\"><a href=\"https:\/\/www.facebook.com\/V.I.R.FOTOGRAFIA\" target=\"_blank\" rel=\"noopener\"><img loading=\"lazy\" decoding=\"async\" src=\"https:\/\/i0.wp.com\/informatepy.com\/2021\/wp-content\/uploads\/2022\/04\/vir-banner.png?resize=501%2C123&#038;ssl=1\" alt=\"\" class=\"wp-image-11116\" width=\"501\" height=\"123\" srcset=\"https:\/\/i0.wp.com\/informatepy.com\/2021\/wp-content\/uploads\/2022\/04\/vir-banner.png?w=984&amp;ssl=1 984w, https:\/\/i0.wp.com\/informatepy.com\/2021\/wp-content\/uploads\/2022\/04\/vir-banner.png?resize=300%2C74&amp;ssl=1 300w, https:\/\/i0.wp.com\/informatepy.com\/2021\/wp-content\/uploads\/2022\/04\/vir-banner.png?resize=768%2C190&amp;ssl=1 768w\" sizes=\"auto, (max-width: 501px) 100vw, 501px\" data-recalc-dims=\"1\" \/><\/a><\/figure><\/div>\n\n\n\n<p class=\"has-text-align-justify\">Con la ruptura de esa sociedad, <strong>Castro<\/strong> perdi\u00f3 millones de d\u00f3lares. Adicionalmente, el bloque sovi\u00e9tico comenzaba a desmoronarse. Por eso, en 1990, junto con <strong>Lula Da Silva<\/strong>, fund\u00f3 el Foro de Sao Paulo. Esta nueva cofrad\u00eda socialista ten\u00eda dos objetivos centrales: Primero, encontrar nuevos pa\u00edses a quienes sustraer dineros y, de esa manera, sostener la tiran\u00eda cubana. Segundo, controlar las rutas del narcotr\u00e1fico para, en palabras del propio <strong>Fidel<\/strong>, perforar el bloqueo.<\/p>\n\n\n\n<p class=\"has-text-align-justify\">La expansi\u00f3n de la dictadura de Cuba a partir de 1990 \u2015pero con mayor fuerza desde que <strong>Hugo Ch\u00e1vez<\/strong> la sac\u00f3 de su periodo especial el a\u00f1o 1998\u2015 llev\u00f3 al establecimiento de dictaduras en Venezuela con el propio <strong>Ch\u00e1vez<\/strong>, Nicaragua con <strong>Daniel Ortega<\/strong>, Ecuador con <strong>Rafael Correa<\/strong> y Bolivia con <strong>Evo Morales<\/strong>. Estos reg\u00edmenes muy pronto se estructuraron como narcoestados, cuya principal caracter\u00edstica es la violaci\u00f3n sist\u00e9mica de los DDHH.<\/p>\n\n\n\n<p class=\"has-text-align-justify\">Al respecto<strong>, Juan Reinaldo S\u00e1nchez<\/strong>, guardaespaldas del dictador durante 17 a\u00f1os, en un art\u00edculo titulado: <em>La metodolog\u00eda cubana de control social, <\/em>explica como <strong>Fidel Castro <\/strong>\u2015usando el Instituto Cubano de Amistad con los Pueblos como carnada\u2015 infiltr\u00f3 la prensa, las universidades y las fuerzas de seguridad de varios pa\u00edses latinoamericanos para implantar m\u00e9todos de control social y mecanismos de manipulaci\u00f3n inform\u00e1tica. El modelo para seguir ser\u00eda el de COPEXTEL. La empresa se encarga de censurar y manipular la informaci\u00f3n que los cubanos pueden ver en internet. Pero su trabajo principal es, mediante un espionaje minucioso, anular cualquier idea disidente.<\/p>\n\n\n\n<p class=\"has-text-align-justify\">Asimismo, <strong>Reinaldo S\u00e1nchez<\/strong> nos habla del producto m\u00e1s \u00abexitoso\u00bb que la dictadura cubana export\u00f3 a la regi\u00f3n: <em>las torturas f\u00edsicas y psicol\u00f3gicas al interior de las c\u00e1rceles <\/em>\u2015que, en la mayor\u00eda de los casos, terminan en suicidios de los presos\u2015. De hecho, durante un seminario a partidarios del MAS en agosto del 2021, el exministro de la Presidencia <strong>Juan Ram\u00f3n Quintana <\/strong>\u2015gran admirador de los m\u00e9todos cubanos\u2015<strong> <\/strong>asegur\u00f3 que la expresidenta <strong>Jeanine A\u00f1ez<\/strong> se encuentra \u00aben la frontera de su quiebre emocional\u00bb. En esa \u00e9poca <strong>A\u00f1ez<\/strong> intent\u00f3 quitarse la vida producto, seg\u00fan versiones de su defensa y familiares, de las torturas psicol\u00f3gicas a las que fue sometida.<\/p>\n\n\n\n<div class=\"wp-block-image\"><figure class=\"aligncenter size-large is-resized\"><img loading=\"lazy\" decoding=\"async\" src=\"https:\/\/i0.wp.com\/informatepy.com\/2021\/wp-content\/uploads\/2022\/04\/balderrama-zermat.png?resize=552%2C159&#038;ssl=1\" alt=\"\" class=\"wp-image-11312\" width=\"552\" height=\"159\" srcset=\"https:\/\/i0.wp.com\/informatepy.com\/2021\/wp-content\/uploads\/2022\/04\/balderrama-zermat.png?resize=1024%2C295&amp;ssl=1 1024w, https:\/\/i0.wp.com\/informatepy.com\/2021\/wp-content\/uploads\/2022\/04\/balderrama-zermat.png?resize=300%2C86&amp;ssl=1 300w, https:\/\/i0.wp.com\/informatepy.com\/2021\/wp-content\/uploads\/2022\/04\/balderrama-zermat.png?resize=768%2C221&amp;ssl=1 768w, https:\/\/i0.wp.com\/informatepy.com\/2021\/wp-content\/uploads\/2022\/04\/balderrama-zermat.png?w=1281&amp;ssl=1 1281w\" sizes=\"auto, (max-width: 552px) 100vw, 552px\" data-recalc-dims=\"1\" \/><\/figure><\/div>\n\n\n\n<p class=\"has-text-align-justify\">La Convenci\u00f3n de las Naciones Unidas contra la Delincuencia Organizada Transnacional vigente para Bolivia, para todos los pa\u00edses de las Am\u00e9ricas y el resto del mundo, determina que por \u00abgrupo delictivo organizado se entender\u00e1\u0301 un grupo estructurado de tres o m\u00e1s personas que exista durante cierto tiempo y que act\u00fae concertadamente con el prop\u00f3sito de cometer uno o m\u00e1s delitos graves o delitos tipificados con arreglo a la presente Convenci\u00f3n, con miras a obtener, directa o indirectamente, un beneficio econ\u00f3mico u otro beneficio de orden material\u00bb. <\/p>\n\n\n\n<p class=\"has-text-align-justify\">Solo hay que revisar las noticias, peri\u00f3dicos, videos y revistas, ver las im\u00e1genes de las redes sociales, escuchar las declaraciones de gente como <strong>Quintana<\/strong> y de los miembros de su organizaci\u00f3n, adem\u00e1s de ver el d\u00eda a d\u00eda de los presos pol\u00edticos bolivianos para constatar la m\u00edsera condici\u00f3n de la justicia nacional, actualmente sometida al MAS y sus caprichos. No estamos frente a una fuerza pol\u00edtica, sino a grupo criminal.<\/p>\n","protected":false},"excerpt":{"rendered":"<p>26 de diciembre de 1982, en su hacienda San Vicente, ubicada en el departamento de Beni, don Roberto Suarez G\u00f3mez (apodado como el Rey de la coca\u00edna) celebraba a lo grande el cumplea\u00f1os de su primog\u00e9nito, Roby (recientemente liberado de una c\u00e1rcel en EE. UU.). Para la ocasi\u00f3n la familia contrat\u00f3 a chefs extranjeros. El [&hellip;]<\/p>\n","protected":false},"author":36,"featured_media":8572,"comment_status":"open","ping_status":"open","sticky":false,"template":"","format":"standard","meta":{"_monsterinsights_skip_tracking":false,"_monsterinsights_sitenote_active":false,"_monsterinsights_sitenote_note":"","_monsterinsights_sitenote_category":0,"footnotes":"","jetpack_publicize_message":"","jetpack_is_tweetstorm":false,"jetpack_publicize_feature_enabled":false},"categories":[248],"tags":[728,1036,707],"ppma_author":[1566],"class_list":["post-11532","post","type-post","status-publish","format-standard","has-post-thumbnail","hentry","category-analisis","tag-bolivia","tag-destacada","tag-onu"],"jetpack_publicize_connections":[],"yoast_head":"<!-- This site is optimized with the Yoast SEO plugin v27.4 - https:\/\/yoast.com\/product\/yoast-seo-wordpress\/ -->\n<title>No es pol\u00edtica, es crimen organizado - Informatepy<\/title>\n<meta name=\"robots\" content=\"index, follow, max-snippet:-1, max-image-preview:large, max-video-preview:-1\" \/>\n<link rel=\"canonical\" href=\"https:\/\/informatepy.com\/2021\/2022\/05\/08\/no-es-politica-es-crimen-organizado\/\" \/>\n<meta property=\"og:locale\" content=\"es_ES\" \/>\n<meta property=\"og:type\" content=\"article\" \/>\n<meta property=\"og:title\" content=\"No es pol\u00edtica, es crimen organizado - Informatepy\" \/>\n<meta property=\"og:description\" content=\"26 de diciembre de 1982, en su hacienda San Vicente, ubicada en el departamento de Beni, don Roberto Suarez G\u00f3mez (apodado como el Rey de la coca\u00edna) celebraba a lo grande el cumplea\u00f1os de su primog\u00e9nito, Roby (recientemente liberado de una c\u00e1rcel en EE. UU.). Para la ocasi\u00f3n la familia contrat\u00f3 a chefs extranjeros. El [&hellip;]\" \/>\n<meta property=\"og:url\" content=\"https:\/\/informatepy.com\/2021\/2022\/05\/08\/no-es-politica-es-crimen-organizado\/\" \/>\n<meta property=\"og:site_name\" content=\"Informatepy\" \/>\n<meta property=\"article:published_time\" content=\"2022-05-08T12:00:00+00:00\" \/>\n<meta property=\"og:image\" content=\"https:\/\/i0.wp.com\/informatepy.com\/2021\/wp-content\/uploads\/2021\/11\/HUGO-BALDERRAMA-COLUMNISTA.jpg?fit=1280%2C700&ssl=1\" \/>\n\t<meta property=\"og:image:width\" content=\"1280\" \/>\n\t<meta property=\"og:image:height\" content=\"700\" \/>\n\t<meta property=\"og:image:type\" content=\"image\/jpeg\" \/>\n<meta name=\"author\" content=\"Hugo Marcelo Balderrama\" \/>\n<meta name=\"twitter:card\" content=\"summary_large_image\" \/>\n<meta name=\"twitter:creator\" content=\"@https:\/\/twitter.com\/hugobalderrama\" \/>\n<meta name=\"twitter:label1\" content=\"Escrito por\" \/>\n\t<meta name=\"twitter:data1\" content=\"Hugo Marcelo Balderrama\" \/>\n\t<meta name=\"twitter:label2\" content=\"Tiempo de lectura\" \/>\n\t<meta name=\"twitter:data2\" content=\"4 minutos\" \/>\n<script type=\"application\/ld+json\" class=\"yoast-schema-graph\">{\"@context\":\"https:\\\/\\\/schema.org\",\"@graph\":[{\"@type\":\"Article\",\"@id\":\"https:\\\/\\\/informatepy.com\\\/2021\\\/2022\\\/05\\\/08\\\/no-es-politica-es-crimen-organizado\\\/#article\",\"isPartOf\":{\"@id\":\"https:\\\/\\\/informatepy.com\\\/2021\\\/2022\\\/05\\\/08\\\/no-es-politica-es-crimen-organizado\\\/\"},\"author\":{\"name\":\"Hugo Marcelo Balderrama\",\"@id\":\"https:\\\/\\\/informatepy.com\\\/2021\\\/#\\\/schema\\\/person\\\/fba0848a092e74eff0a1f714866d6d3c\"},\"headline\":\"No es pol\u00edtica, es crimen organizado\",\"datePublished\":\"2022-05-08T12:00:00+00:00\",\"mainEntityOfPage\":{\"@id\":\"https:\\\/\\\/informatepy.com\\\/2021\\\/2022\\\/05\\\/08\\\/no-es-politica-es-crimen-organizado\\\/\"},\"wordCount\":799,\"commentCount\":0,\"publisher\":{\"@id\":\"https:\\\/\\\/informatepy.com\\\/2021\\\/#\\\/schema\\\/person\\\/edd302c981d6ba4596191719d1025a8a\"},\"image\":{\"@id\":\"https:\\\/\\\/informatepy.com\\\/2021\\\/2022\\\/05\\\/08\\\/no-es-politica-es-crimen-organizado\\\/#primaryimage\"},\"thumbnailUrl\":\"https:\\\/\\\/i0.wp.com\\\/informatepy.com\\\/2021\\\/wp-content\\\/uploads\\\/2021\\\/11\\\/HUGO-BALDERRAMA-COLUMNISTA.jpg?fit=1280%2C700&ssl=1\",\"keywords\":[\"Bolivia\",\"destacada\",\"ONU\"],\"articleSection\":[\"Analisis\"],\"inLanguage\":\"es\",\"potentialAction\":[{\"@type\":\"CommentAction\",\"name\":\"Comment\",\"target\":[\"https:\\\/\\\/informatepy.com\\\/2021\\\/2022\\\/05\\\/08\\\/no-es-politica-es-crimen-organizado\\\/#respond\"]}]},{\"@type\":\"WebPage\",\"@id\":\"https:\\\/\\\/informatepy.com\\\/2021\\\/2022\\\/05\\\/08\\\/no-es-politica-es-crimen-organizado\\\/\",\"url\":\"https:\\\/\\\/informatepy.com\\\/2021\\\/2022\\\/05\\\/08\\\/no-es-politica-es-crimen-organizado\\\/\",\"name\":\"No es pol\u00edtica, es crimen organizado - Informatepy\",\"isPartOf\":{\"@id\":\"https:\\\/\\\/informatepy.com\\\/2021\\\/#website\"},\"primaryImageOfPage\":{\"@id\":\"https:\\\/\\\/informatepy.com\\\/2021\\\/2022\\\/05\\\/08\\\/no-es-politica-es-crimen-organizado\\\/#primaryimage\"},\"image\":{\"@id\":\"https:\\\/\\\/informatepy.com\\\/2021\\\/2022\\\/05\\\/08\\\/no-es-politica-es-crimen-organizado\\\/#primaryimage\"},\"thumbnailUrl\":\"https:\\\/\\\/i0.wp.com\\\/informatepy.com\\\/2021\\\/wp-content\\\/uploads\\\/2021\\\/11\\\/HUGO-BALDERRAMA-COLUMNISTA.jpg?fit=1280%2C700&ssl=1\",\"datePublished\":\"2022-05-08T12:00:00+00:00\",\"breadcrumb\":{\"@id\":\"https:\\\/\\\/informatepy.com\\\/2021\\\/2022\\\/05\\\/08\\\/no-es-politica-es-crimen-organizado\\\/#breadcrumb\"},\"inLanguage\":\"es\",\"potentialAction\":[{\"@type\":\"ReadAction\",\"target\":[\"https:\\\/\\\/informatepy.com\\\/2021\\\/2022\\\/05\\\/08\\\/no-es-politica-es-crimen-organizado\\\/\"]}]},{\"@type\":\"ImageObject\",\"inLanguage\":\"es\",\"@id\":\"https:\\\/\\\/informatepy.com\\\/2021\\\/2022\\\/05\\\/08\\\/no-es-politica-es-crimen-organizado\\\/#primaryimage\",\"url\":\"https:\\\/\\\/i0.wp.com\\\/informatepy.com\\\/2021\\\/wp-content\\\/uploads\\\/2021\\\/11\\\/HUGO-BALDERRAMA-COLUMNISTA.jpg?fit=1280%2C700&ssl=1\",\"contentUrl\":\"https:\\\/\\\/i0.wp.com\\\/informatepy.com\\\/2021\\\/wp-content\\\/uploads\\\/2021\\\/11\\\/HUGO-BALDERRAMA-COLUMNISTA.jpg?fit=1280%2C700&ssl=1\",\"width\":1280,\"height\":700},{\"@type\":\"BreadcrumbList\",\"@id\":\"https:\\\/\\\/informatepy.com\\\/2021\\\/2022\\\/05\\\/08\\\/no-es-politica-es-crimen-organizado\\\/#breadcrumb\",\"itemListElement\":[{\"@type\":\"ListItem\",\"position\":1,\"name\":\"Portada\",\"item\":\"https:\\\/\\\/informatepy.com\\\/2021\\\/\"},{\"@type\":\"ListItem\",\"position\":2,\"name\":\"No es pol\u00edtica, es crimen organizado\"}]},{\"@type\":\"WebSite\",\"@id\":\"https:\\\/\\\/informatepy.com\\\/2021\\\/#website\",\"url\":\"https:\\\/\\\/informatepy.com\\\/2021\\\/\",\"name\":\"Informatepy\",\"description\":\"La verdad, siempre!\",\"publisher\":{\"@id\":\"https:\\\/\\\/informatepy.com\\\/2021\\\/#\\\/schema\\\/person\\\/edd302c981d6ba4596191719d1025a8a\"},\"potentialAction\":[{\"@type\":\"SearchAction\",\"target\":{\"@type\":\"EntryPoint\",\"urlTemplate\":\"https:\\\/\\\/informatepy.com\\\/2021\\\/?s={search_term_string}\"},\"query-input\":{\"@type\":\"PropertyValueSpecification\",\"valueRequired\":true,\"valueName\":\"search_term_string\"}}],\"inLanguage\":\"es\"},{\"@type\":[\"Person\",\"Organization\"],\"@id\":\"https:\\\/\\\/informatepy.com\\\/2021\\\/#\\\/schema\\\/person\\\/edd302c981d6ba4596191719d1025a8a\",\"name\":\"admin\",\"image\":{\"@type\":\"ImageObject\",\"inLanguage\":\"es\",\"@id\":\"https:\\\/\\\/secure.gravatar.com\\\/avatar\\\/5310f602b6cbcfb86e030c4ccdbb78f6565a3b9bab6a74ab80fd3cb5428b65af?s=96&d=mm&r=g\",\"url\":\"https:\\\/\\\/secure.gravatar.com\\\/avatar\\\/5310f602b6cbcfb86e030c4ccdbb78f6565a3b9bab6a74ab80fd3cb5428b65af?s=96&d=mm&r=g\",\"contentUrl\":\"https:\\\/\\\/secure.gravatar.com\\\/avatar\\\/5310f602b6cbcfb86e030c4ccdbb78f6565a3b9bab6a74ab80fd3cb5428b65af?s=96&d=mm&r=g\",\"caption\":\"admin\"},\"logo\":{\"@id\":\"https:\\\/\\\/secure.gravatar.com\\\/avatar\\\/5310f602b6cbcfb86e030c4ccdbb78f6565a3b9bab6a74ab80fd3cb5428b65af?s=96&d=mm&r=g\"},\"sameAs\":[\"http:\\\/\\\/informatepy.com\\\/2021\"]},{\"@type\":\"Person\",\"@id\":\"https:\\\/\\\/informatepy.com\\\/2021\\\/#\\\/schema\\\/person\\\/fba0848a092e74eff0a1f714866d6d3c\",\"name\":\"Hugo Marcelo Balderrama\",\"image\":{\"@type\":\"ImageObject\",\"inLanguage\":\"es\",\"@id\":\"https:\\\/\\\/i0.wp.com\\\/informatepy.com\\\/2021\\\/wp-content\\\/uploads\\\/2021\\\/11\\\/Hugo-balderrama.jpg?fit=85%2C96&ssl=1\",\"url\":\"https:\\\/\\\/i0.wp.com\\\/informatepy.com\\\/2021\\\/wp-content\\\/uploads\\\/2021\\\/11\\\/Hugo-balderrama.jpg?fit=85%2C96&ssl=1\",\"contentUrl\":\"https:\\\/\\\/i0.wp.com\\\/informatepy.com\\\/2021\\\/wp-content\\\/uploads\\\/2021\\\/11\\\/Hugo-balderrama.jpg?fit=85%2C96&ssl=1\",\"caption\":\"Hugo Marcelo Balderrama\"},\"description\":\"Economista, Docente, Periodista y Consultor Pol\u00edtico. Comprometido con la defensa de la vida, la propiedad y la libertad.\",\"sameAs\":[\"https:\\\/\\\/x.com\\\/https:\\\/\\\/twitter.com\\\/hugobalderrama\"],\"url\":\"https:\\\/\\\/informatepy.com\\\/2021\\\/author\\\/hbalderrama\\\/\"}]}<\/script>\n<!-- \/ Yoast SEO plugin. -->","yoast_head_json":{"title":"No es pol\u00edtica, es crimen organizado - Informatepy","robots":{"index":"index","follow":"follow","max-snippet":"max-snippet:-1","max-image-preview":"max-image-preview:large","max-video-preview":"max-video-preview:-1"},"canonical":"https:\/\/informatepy.com\/2021\/2022\/05\/08\/no-es-politica-es-crimen-organizado\/","og_locale":"es_ES","og_type":"article","og_title":"No es pol\u00edtica, es crimen organizado - Informatepy","og_description":"26 de diciembre de 1982, en su hacienda San Vicente, ubicada en el departamento de Beni, don Roberto Suarez G\u00f3mez (apodado como el Rey de la coca\u00edna) celebraba a lo grande el cumplea\u00f1os de su primog\u00e9nito, Roby (recientemente liberado de una c\u00e1rcel en EE. UU.). Para la ocasi\u00f3n la familia contrat\u00f3 a chefs extranjeros. El [&hellip;]","og_url":"https:\/\/informatepy.com\/2021\/2022\/05\/08\/no-es-politica-es-crimen-organizado\/","og_site_name":"Informatepy","article_published_time":"2022-05-08T12:00:00+00:00","og_image":[{"width":1280,"height":700,"url":"https:\/\/i0.wp.com\/informatepy.com\/2021\/wp-content\/uploads\/2021\/11\/HUGO-BALDERRAMA-COLUMNISTA.jpg?fit=1280%2C700&ssl=1","type":"image\/jpeg"}],"author":"Hugo Marcelo Balderrama","twitter_card":"summary_large_image","twitter_creator":"@https:\/\/twitter.com\/hugobalderrama","twitter_misc":{"Escrito por":"Hugo Marcelo Balderrama","Tiempo de lectura":"4 minutos"},"schema":{"@context":"https:\/\/schema.org","@graph":[{"@type":"Article","@id":"https:\/\/informatepy.com\/2021\/2022\/05\/08\/no-es-politica-es-crimen-organizado\/#article","isPartOf":{"@id":"https:\/\/informatepy.com\/2021\/2022\/05\/08\/no-es-politica-es-crimen-organizado\/"},"author":{"name":"Hugo Marcelo Balderrama","@id":"https:\/\/informatepy.com\/2021\/#\/schema\/person\/fba0848a092e74eff0a1f714866d6d3c"},"headline":"No es pol\u00edtica, es crimen organizado","datePublished":"2022-05-08T12:00:00+00:00","mainEntityOfPage":{"@id":"https:\/\/informatepy.com\/2021\/2022\/05\/08\/no-es-politica-es-crimen-organizado\/"},"wordCount":799,"commentCount":0,"publisher":{"@id":"https:\/\/informatepy.com\/2021\/#\/schema\/person\/edd302c981d6ba4596191719d1025a8a"},"image":{"@id":"https:\/\/informatepy.com\/2021\/2022\/05\/08\/no-es-politica-es-crimen-organizado\/#primaryimage"},"thumbnailUrl":"https:\/\/i0.wp.com\/informatepy.com\/2021\/wp-content\/uploads\/2021\/11\/HUGO-BALDERRAMA-COLUMNISTA.jpg?fit=1280%2C700&ssl=1","keywords":["Bolivia","destacada","ONU"],"articleSection":["Analisis"],"inLanguage":"es","potentialAction":[{"@type":"CommentAction","name":"Comment","target":["https:\/\/informatepy.com\/2021\/2022\/05\/08\/no-es-politica-es-crimen-organizado\/#respond"]}]},{"@type":"WebPage","@id":"https:\/\/informatepy.com\/2021\/2022\/05\/08\/no-es-politica-es-crimen-organizado\/","url":"https:\/\/informatepy.com\/2021\/2022\/05\/08\/no-es-politica-es-crimen-organizado\/","name":"No es pol\u00edtica, es crimen organizado - Informatepy","isPartOf":{"@id":"https:\/\/informatepy.com\/2021\/#website"},"primaryImageOfPage":{"@id":"https:\/\/informatepy.com\/2021\/2022\/05\/08\/no-es-politica-es-crimen-organizado\/#primaryimage"},"image":{"@id":"https:\/\/informatepy.com\/2021\/2022\/05\/08\/no-es-politica-es-crimen-organizado\/#primaryimage"},"thumbnailUrl":"https:\/\/i0.wp.com\/informatepy.com\/2021\/wp-content\/uploads\/2021\/11\/HUGO-BALDERRAMA-COLUMNISTA.jpg?fit=1280%2C700&ssl=1","datePublished":"2022-05-08T12:00:00+00:00","breadcrumb":{"@id":"https:\/\/informatepy.com\/2021\/2022\/05\/08\/no-es-politica-es-crimen-organizado\/#breadcrumb"},"inLanguage":"es","potentialAction":[{"@type":"ReadAction","target":["https:\/\/informatepy.com\/2021\/2022\/05\/08\/no-es-politica-es-crimen-organizado\/"]}]},{"@type":"ImageObject","inLanguage":"es","@id":"https:\/\/informatepy.com\/2021\/2022\/05\/08\/no-es-politica-es-crimen-organizado\/#primaryimage","url":"https:\/\/i0.wp.com\/informatepy.com\/2021\/wp-content\/uploads\/2021\/11\/HUGO-BALDERRAMA-COLUMNISTA.jpg?fit=1280%2C700&ssl=1","contentUrl":"https:\/\/i0.wp.com\/informatepy.com\/2021\/wp-content\/uploads\/2021\/11\/HUGO-BALDERRAMA-COLUMNISTA.jpg?fit=1280%2C700&ssl=1","width":1280,"height":700},{"@type":"BreadcrumbList","@id":"https:\/\/informatepy.com\/2021\/2022\/05\/08\/no-es-politica-es-crimen-organizado\/#breadcrumb","itemListElement":[{"@type":"ListItem","position":1,"name":"Portada","item":"https:\/\/informatepy.com\/2021\/"},{"@type":"ListItem","position":2,"name":"No es pol\u00edtica, es crimen organizado"}]},{"@type":"WebSite","@id":"https:\/\/informatepy.com\/2021\/#website","url":"https:\/\/informatepy.com\/2021\/","name":"Informatepy","description":"La verdad, siempre!","publisher":{"@id":"https:\/\/informatepy.com\/2021\/#\/schema\/person\/edd302c981d6ba4596191719d1025a8a"},"potentialAction":[{"@type":"SearchAction","target":{"@type":"EntryPoint","urlTemplate":"https:\/\/informatepy.com\/2021\/?s={search_term_string}"},"query-input":{"@type":"PropertyValueSpecification","valueRequired":true,"valueName":"search_term_string"}}],"inLanguage":"es"},{"@type":["Person","Organization"],"@id":"https:\/\/informatepy.com\/2021\/#\/schema\/person\/edd302c981d6ba4596191719d1025a8a","name":"admin","image":{"@type":"ImageObject","inLanguage":"es","@id":"https:\/\/secure.gravatar.com\/avatar\/5310f602b6cbcfb86e030c4ccdbb78f6565a3b9bab6a74ab80fd3cb5428b65af?s=96&d=mm&r=g","url":"https:\/\/secure.gravatar.com\/avatar\/5310f602b6cbcfb86e030c4ccdbb78f6565a3b9bab6a74ab80fd3cb5428b65af?s=96&d=mm&r=g","contentUrl":"https:\/\/secure.gravatar.com\/avatar\/5310f602b6cbcfb86e030c4ccdbb78f6565a3b9bab6a74ab80fd3cb5428b65af?s=96&d=mm&r=g","caption":"admin"},"logo":{"@id":"https:\/\/secure.gravatar.com\/avatar\/5310f602b6cbcfb86e030c4ccdbb78f6565a3b9bab6a74ab80fd3cb5428b65af?s=96&d=mm&r=g"},"sameAs":["http:\/\/informatepy.com\/2021"]},{"@type":"Person","@id":"https:\/\/informatepy.com\/2021\/#\/schema\/person\/fba0848a092e74eff0a1f714866d6d3c","name":"Hugo Marcelo Balderrama","image":{"@type":"ImageObject","inLanguage":"es","@id":"https:\/\/i0.wp.com\/informatepy.com\/2021\/wp-content\/uploads\/2021\/11\/Hugo-balderrama.jpg?fit=85%2C96&ssl=1","url":"https:\/\/i0.wp.com\/informatepy.com\/2021\/wp-content\/uploads\/2021\/11\/Hugo-balderrama.jpg?fit=85%2C96&ssl=1","contentUrl":"https:\/\/i0.wp.com\/informatepy.com\/2021\/wp-content\/uploads\/2021\/11\/Hugo-balderrama.jpg?fit=85%2C96&ssl=1","caption":"Hugo Marcelo Balderrama"},"description":"Economista, Docente, Periodista y Consultor Pol\u00edtico. Comprometido con la defensa de la vida, la propiedad y la libertad.","sameAs":["https:\/\/x.com\/https:\/\/twitter.com\/hugobalderrama"],"url":"https:\/\/informatepy.com\/2021\/author\/hbalderrama\/"}]}},"jetpack_featured_media_url":"https:\/\/i0.wp.com\/informatepy.com\/2021\/wp-content\/uploads\/2021\/11\/HUGO-BALDERRAMA-COLUMNISTA.jpg?fit=1280%2C700&ssl=1","jetpack_sharing_enabled":true,"jetpack_likes_enabled":true,"jetpack-related-posts":[{"id":5506,"url":"https:\/\/informatepy.com\/2021\/2021\/06\/28\/viceministra-de-asuntos-politicos-de-eeuu-destaca-el-valor-estrategico-de-la-relacion-bilateral-con-taiwan\/","url_meta":{"origin":11532,"position":0},"title":"Viceministra de Asuntos Pol\u00edticos de EEUU destaca el valor estrat\u00e9gico de la relaci\u00f3n bilateral con Taiw\u00e1n","date":"28 de junio de 2021","format":false,"excerpt":"En la ocasi\u00f3n de la reuni\u00f3n con el presidente Mario Abdo, conversaron sobre diversos temas de la agenda bilateral. Si bien la reuni\u00f3n gir\u00f3 en torno a la crisis sanitaria generada por la pandemia y el acceso equitativo a las vacunas, la viceministra de Estado para Asuntos Pol\u00edticos de los\u2026","rel":"","context":"En \u00abDestacados\u00bb","img":{"alt_text":"","src":"https:\/\/i0.wp.com\/informatepy.com\/2021\/wp-content\/uploads\/2021\/06\/victoria-nuland-embajadora-usa.jpeg?fit=696%2C464&ssl=1&resize=350%2C200","width":350,"height":200},"classes":[]},{"id":7435,"url":"https:\/\/informatepy.com\/2021\/2021\/10\/01\/medios-espanoles-destacan-al-diputado-jorge-britez\/","url_meta":{"origin":11532,"position":1},"title":"Medios espa\u00f1oles destacan al diputado Jorge Br\u00edtez","date":"1 de octubre de 2021","format":false,"excerpt":"El portal de noticias digital \u201cEl Diestro\u201d, uno de los m\u00e1s le\u00eddos de la pen\u00ednsula ib\u00e9rica destac\u00f3 la actitud del diputado alto paranaense Jorge Br\u00edtez y su postura frente a los abusos del Estado durante la pandemia de coronavirus. El medio espa\u00f1ol escribi\u00f3: \u201cDeber\u00eda haber m\u00e1s pol\u00edticos que hablen claro,\u2026","rel":"","context":"En \u00abNacionales\u00bb","img":{"alt_text":"","src":"https:\/\/i0.wp.com\/informatepy.com\/2021\/wp-content\/uploads\/2021\/07\/dip-jorge-britez-1.jpg?fit=680%2C383&ssl=1&resize=350%2C200","width":350,"height":200},"classes":[]},{"id":13373,"url":"https:\/\/informatepy.com\/2021\/2022\/08\/16\/efrain-destaca-la-valantia-de-esperanza-martinez\/","url_meta":{"origin":11532,"position":2},"title":"Efra\u00edn destaca la valent\u00eda de Esperanza Mart\u00ednez","date":"16 de agosto de 2022","format":false,"excerpt":"Efra+in Alegre, precandidato a la presidencia de la Rep\u00fablica por la Concertaci\u00f3n, valor\u00f3 el gesto de la senadora del Frente Guasu, Esperanza Mart\u00ednez, luego de que esta declinara su candidatura a la presidencia. En contacto con radio Monumental, Alegre dijo que \u201cLe tengo una admiraci\u00f3n y un respeto a Esperanza.\u2026","rel":"","context":"En \u00abNacionales\u00bb","img":{"alt_text":"","src":"https:\/\/i0.wp.com\/informatepy.com\/2021\/wp-content\/uploads\/2022\/08\/efrain-alegre.jpg?fit=1200%2C600&ssl=1&resize=350%2C200","width":350,"height":200},"classes":[]},{"id":12849,"url":"https:\/\/informatepy.com\/2021\/2022\/07\/25\/paraguayos-se-destacan-en-el-brasileirao\/","url_meta":{"origin":11532,"position":3},"title":"Paraguayos se destacan en el Brasileirao","date":"25 de julio de 2022","format":false,"excerpt":"La fecha 19 del Brasileirao Assa\u00ed trajo consigo destacadas actuaciones de los paraguayos que actualmente militan en el campeonato del vecino pa\u00eds. Gustavo G\u00f3mez, capit\u00e1n y emblema del Palmeiras, anot\u00f3 una vez m\u00e1s en el torneo, ya lleva 7 goles y es a nivel hist\u00f3rico el mayor goleador extranjero en\u2026","rel":"","context":"En \u00abDeportes\u00bb","img":{"alt_text":"","src":"https:\/\/i0.wp.com\/informatepy.com\/2021\/wp-content\/uploads\/2022\/07\/brasileirao.jpg?fit=1200%2C675&ssl=1&resize=350%2C200","width":350,"height":200},"classes":[]},{"id":13447,"url":"https:\/\/informatepy.com\/2021\/2022\/08\/19\/juan-manuel-brunetti-destaca-decision-del-tep-y-reconoce-ventaja-de-santiago-pena-para-las-internas\/","url_meta":{"origin":11532,"position":4},"title":"Juan Manuel Brunetti destaca decisi\u00f3n del TEP y reconoce ventaja de Santiago Pe\u00f1a para las internas","date":"19 de agosto de 2022","format":false,"excerpt":"Juan Manuel Brunetti, precandidato a la vicepresidencia por Fuerza Republicana (ANR) se\u00f1al\u00f3, en comunicaci\u00f3n con la radio 780 AM, que fue coherente la decisi\u00f3n del Tribunal Electoral Partidario (TEP) de la Asociaci\u00f3n Nacional Republicana (ANR) al habilitar la inscripci\u00f3n de la nueva chapa para las internas. \u201cNosotros confi\u00e1bamos en que\u2026","rel":"","context":"En \u00abNacionales\u00bb","img":{"alt_text":"","src":"https:\/\/i0.wp.com\/informatepy.com\/2021\/wp-content\/uploads\/2021\/10\/Juan-Manuel-Brunetti.jpg?fit=679%2C395&ssl=1&resize=350%2C200","width":350,"height":200},"classes":[]},{"id":9271,"url":"https:\/\/informatepy.com\/2021\/2022\/01\/06\/lilian-samaniego-el-tep-de-la-anr-no-da-garantias\/","url_meta":{"origin":11532,"position":5},"title":"Lilian Samaniego: \u00abEl TEP de la ANR no da garant\u00edas\u00bb","date":"6 de enero de 2022","format":false,"excerpt":"Seg\u00fan el criterio de la senadora Lilian Samaniego, el Tribunal Electoral Partidario de la ANR no da garant\u00edas para el proceso electoral. Destac\u00f3, adem\u00e1s, que todas las autoridades tanto del Tribunal como de los miembros de la junta y todas las autoridades de la estructura del partido se encuentran con\u2026","rel":"","context":"En \u00abNacionales\u00bb","img":{"alt_text":"","src":"https:\/\/i0.wp.com\/informatepy.com\/2021\/wp-content\/uploads\/2021\/12\/lilian-samaniego.png?fit=1200%2C900&ssl=1&resize=350%2C200","width":350,"height":200},"classes":[]}],"authors":[{"term_id":1566,"user_id":36,"is_guest":0,"slug":"hbalderrama","display_name":"Hugo Marcelo Balderrama","avatar_url":"https:\/\/i0.wp.com\/informatepy.com\/2021\/wp-content\/uploads\/2021\/11\/Hugo-balderrama.jpg?fit=85%2C96&ssl=1","first_name":"Hugo Marcelo","last_name":"Balderrama","user_url":"","description":"Economista, Docente, Periodista y Consultor Pol\u00edtico. Comprometido con la defensa de la vida, la propiedad y la libertad."}],"amp_enabled":true,"_links":{"self":[{"href":"https:\/\/informatepy.com\/2021\/wp-json\/wp\/v2\/posts\/11532","targetHints":{"allow":["GET"]}}],"collection":[{"href":"https:\/\/informatepy.com\/2021\/wp-json\/wp\/v2\/posts"}],"about":[{"href":"https:\/\/informatepy.com\/2021\/wp-json\/wp\/v2\/types\/post"}],"author":[{"embeddable":true,"href":"https:\/\/informatepy.com\/2021\/wp-json\/wp\/v2\/users\/36"}],"replies":[{"embeddable":true,"href":"https:\/\/informatepy.com\/2021\/wp-json\/wp\/v2\/comments?post=11532"}],"version-history":[{"count":2,"href":"https:\/\/informatepy.com\/2021\/wp-json\/wp\/v2\/posts\/11532\/revisions"}],"predecessor-version":[{"id":11534,"href":"https:\/\/informatepy.com\/2021\/wp-json\/wp\/v2\/posts\/11532\/revisions\/11534"}],"wp:featuredmedia":[{"embeddable":true,"href":"https:\/\/informatepy.com\/2021\/wp-json\/wp\/v2\/media\/8572"}],"wp:attachment":[{"href":"https:\/\/informatepy.com\/2021\/wp-json\/wp\/v2\/media?parent=11532"}],"wp:term":[{"taxonomy":"category","embeddable":true,"href":"https:\/\/informatepy.com\/2021\/wp-json\/wp\/v2\/categories?post=11532"},{"taxonomy":"post_tag","embeddable":true,"href":"https:\/\/informatepy.com\/2021\/wp-json\/wp\/v2\/tags?post=11532"},{"taxonomy":"author","embeddable":true,"href":"https:\/\/informatepy.com\/2021\/wp-json\/wp\/v2\/ppma_author?post=11532"}],"curies":[{"name":"wp","href":"https:\/\/api.w.org\/{rel}","templated":true}]}}