{"id":11309,"date":"2022-04-24T09:30:00","date_gmt":"2022-04-24T12:30:00","guid":{"rendered":"https:\/\/informatepy.com\/2021\/?p=11309"},"modified":"2022-04-23T18:49:11","modified_gmt":"2022-04-23T21:49:11","slug":"precios-e-ideas-equivocadas-un-caldo-de-cultivo-para-el-populismo","status":"publish","type":"post","link":"https:\/\/informatepy.com\/2021\/2022\/04\/24\/precios-e-ideas-equivocadas-un-caldo-de-cultivo-para-el-populismo\/","title":{"rendered":"Precios e ideas equivocadas: un caldo de cultivo para el populismo"},"content":{"rendered":"\n<p class=\"has-text-align-justify\">Haya sido en la crisis del alcohol en gel y otros productos sanitarios, en los repentinos encarecimientos de la carne o en el problema mundial de la escasez del combustible, he observado un equ\u00edvoco fundamental en torno a la discusi\u00f3n p\u00fablica del fen\u00f3meno que en econom\u00eda se denomina \u201cprecio\u201d. Este equ\u00edvoco es una derivada de creencias err\u00f3neas sobre lo que un precio es y c\u00f3mo se determina, y ha sido un \u201cfoco de infecci\u00f3n\u201d de la discusi\u00f3n pol\u00edtica en los \u00faltimos a\u00f1os.<\/p>\n\n\n\n<p class=\"has-text-align-justify\">Los m\u00e1s irreflexivos piensan que el precio es una mera etiqueta de papel que se adhiere a los productos en un supermercado. Un precio, dicen otros, es sencillamente una cifra contable. Para estas personas la cuesti\u00f3n se reduce a una nominaci\u00f3n num\u00e9rica que indica si una cosa es m\u00e1s cara que otra. Hay un tercer grupo que sospecha que los precios son fijados arbitrariamente por empresarios deshonestos que intentan subirlos a costas del gran p\u00fablico. Cuando las cosas van mal en la econom\u00eda, estas creencias desembocan irremediablemente en un punto: si el precio es una etiqueta, o una cifra o es acordado por un grupo de empresarios inescrupulosos, entonces el precio puede (y debe) ser \u201cimpuesto\u201d o \u201cdictado\u201d desde el poder pol\u00edtico, por pretendidas razones de orden p\u00fablico.<\/p>\n\n\n\n<p class=\"has-text-align-justify\">Lo cierto es que <strong>un precio en un mercado libre es un fen\u00f3meno perif\u00e9rico, es sencillamente un s\u00edntoma de lo que sucede cuando las personas act\u00faan, cooperan e intercambian de manera voluntaria, y surge necesariamente debido a una repartici\u00f3n desigual, y en \u00faltima instancia a una desigual valoraci\u00f3n, de los bienes y servicios por parte de los agentes econ\u00f3micos individuales, es decir, las personas<\/strong>. Los precios son un fen\u00f3meno tan natural que incluso se observan en condiciones de trueque. Pensemos en el siguiente escenario que a todos nos es familiar \u00bfRecuerdan los cumplea\u00f1os infantiles donde explotaba una pi\u00f1ata con peque\u00f1os juguetitos en su interior? Luego de la toma de juguetes, cada ni\u00f1o contaba con una dotaci\u00f3n de los mismos, y como esa dotaci\u00f3n era desigual y cada ni\u00f1o ten\u00eda preferencias desiguales por este o aquel juguetito, entonces comenzaba el trueque. No era infrecuente que juguetitos repetidos, m\u00e1s abundantes, se intercambien \u201cdos por uno\u201d por otros, o que se intercambien, inclusive, tres por uno. Bueno, justamente ese \u201cdos por uno\u201d, o \u201ctres por uno\u201d es lo que en econom\u00eda se denomina \u201cprecio\u201d. Suced\u00eda otro tanto con las figuritas en la escuela, o con las golosinas.<\/p>\n\n\n\n<p class=\"has-text-align-justify\">Es decir, el precio del intercambio es un fen\u00f3meno natural, consecuencia de la escasez relativa de ciertos bienes y servicios y de las preferencias, siempre subjetivas, de los demandantes y oferentes. \u00bfQu\u00e9 significa ese \u201cdos por uno\u201d o ese \u201ctres por uno\u201d? Sencillamente significa que las personas est\u00e1n dispuestas a ofrecer y a pagar esas cantidades en sus intercambios. Es por eso que <strong>intentar controlar los precios es sencillamente buscar controlar las acciones individuales<\/strong>. \u00bfHab\u00eda alg\u00fan \u201cpolic\u00eda\u201d en la escuela que te obligada a no intercambiar figuritas a menos que sea bajo ciertas condiciones? <em>\u201cJovencito, esa figurita no se puede intercambiar a menos que le entreguen dos de aquella\u201d.<\/em> No, eso es rid\u00edculo, incluso para los ni\u00f1os que entienden naturalmente el proceso del intercambio. \u00bfEntonces por qu\u00e9 es una costumbre tan arraigada en la econom\u00eda de un pa\u00eds acudir a los controles de precios? Sencillamente porque es unas de las formas del poder pol\u00edtico, y el poder pol\u00edtico es, al fin y al postre, coacci\u00f3n.<\/p>\n\n\n\n<p class=\"has-text-align-justify\">Pi\u00e9nsenlo por un segundo. Una persona demanda tus servicios de jardinero. Vos y ella est\u00e1n negociando un precio, es decir, tu salario. \u00bfEs acaso remotamente posible que un pol\u00edtico o un comit\u00e9 puedan, a kil\u00f3metros de donde est\u00e1n tu potencial cliente y vos, determinar el precio de <em>Tu servicio<\/em>? Imposible. El pol\u00edtico o el comit\u00e9 no tienen la informaci\u00f3n para hacerlo. No te conocen. No conocen a tu cliente. No saben cu\u00e1nto tiempo te costar\u00e1 el trabajo, qu\u00e9 herramientas dispon\u00e9s, no saben cu\u00e1les son tus preferencias, no saben cu\u00e1nto dinero tiene tu posible cliente ni cu\u00e1ntas obligaciones asumidas tienen ambos: tanto vos como tu cliente pueden destinar sus recursos (dinero, \u00e9l; tiempo y esfuerzo, vos) a otras actividades que les urgen igualmente. La cuesti\u00f3n es harto compleja y no existe ente central, pol\u00edtico o comit\u00e9 que pueda decirte el precio por el cual vender tu trabajo. <strong>Dictar un precio desde el poder pol\u00edtico, no solo es imposible de hacer sin errar en el proceso, sino que es una exigencia inmoral<\/strong>: solamente vos, negociando con tu cliente, puedes ponerle un precio a tu trabajo.<\/p>\n\n\n\n<p class=\"has-text-align-justify\">En el fondo, entonces, vemos que <strong>los precios son fundamentalmente un asunto de informaci\u00f3n<\/strong>. Emergen de forma particular\u00edsima por la confluencia de millones de informaciones coyunturales y personal\u00edsimas que poseen demandantes de un bien o servicio y oferentes de un bien o servicio. En torno a este dato, el precio, se articulan y aglomeran una amplia red de demandantes y oferentes conformando un mercado, en lo que se conoce como <strong>un fen\u00f3meno espont\u00e1neo<\/strong>. Adem\u00e1s, es un fen\u00f3meno din\u00e1mico, cambiante y flexible, que escapa a los modelos est\u00e1ticos de los economistas pagados por los intereses pol\u00edticos. Por lo tanto, no solo es una <strong>improbabilidad<\/strong> manifiesta que un arrogante politicastro, desde su escritorio, pueda \u201cfijar\u201d o \u201cponer\u201d un precio a cualesquiera de tus mercader\u00edas o servicios, sino que es una <strong>inmoralidad<\/strong> asquerosa dictarles a las personas por cu\u00e1nto tiene que comprar o vender, pues en \u00faltima instancia implica intentar controlar sus valoraciones personales y, dem\u00e1s est\u00e1 decir, solo la gente perversa intenta controlar las valoraciones de los dem\u00e1s.<\/p>\n\n\n\n<p class=\"has-text-align-justify\">Los precios en un mercado libre se forman por las millones de preferencias manifestadas en demanda efectiva y expresada en unidades monetarias. No son etiquetas num\u00e9ricas que se le ponen a los productos. Creer que un pol\u00edtico puede \u201cponer\u201d o \u201cfijar\u201d un precio es una r\u00e9mora de la esclavitud y es una creencia nociva, incompatible con la dignidad humana.<\/p>\n","protected":false},"excerpt":{"rendered":"<p>Haya sido en la crisis del alcohol en gel y otros productos sanitarios, en los repentinos encarecimientos de la carne o en el problema mundial de la escasez del combustible, he observado un equ\u00edvoco fundamental en torno a la discusi\u00f3n p\u00fablica del fen\u00f3meno que en econom\u00eda se denomina \u201cprecio\u201d. Este equ\u00edvoco es una derivada de [&hellip;]<\/p>\n","protected":false},"author":42,"featured_media":11310,"comment_status":"open","ping_status":"open","sticky":false,"template":"","format":"standard","meta":{"_monsterinsights_skip_tracking":false,"_monsterinsights_sitenote_active":false,"_monsterinsights_sitenote_note":"","_monsterinsights_sitenote_category":0,"footnotes":"","jetpack_publicize_message":"","jetpack_is_tweetstorm":false,"jetpack_publicize_feature_enabled":false},"categories":[248],"tags":[1036,330,582,927],"ppma_author":[1755],"class_list":["post-11309","post","type-post","status-publish","format-standard","has-post-thumbnail","hentry","category-analisis","tag-destacada","tag-economia","tag-inflacion","tag-populismo"],"jetpack_publicize_connections":[],"yoast_head":"<!-- This site is optimized with the Yoast SEO plugin v27.5 - https:\/\/yoast.com\/product\/yoast-seo-wordpress\/ -->\n<title>Precios e ideas equivocadas: un caldo de cultivo para el populismo - Informatepy<\/title>\n<meta name=\"robots\" content=\"index, follow, max-snippet:-1, max-image-preview:large, max-video-preview:-1\" \/>\n<link rel=\"canonical\" href=\"https:\/\/informatepy.com\/2021\/2022\/04\/24\/precios-e-ideas-equivocadas-un-caldo-de-cultivo-para-el-populismo\/\" \/>\n<meta property=\"og:locale\" content=\"es_ES\" \/>\n<meta property=\"og:type\" content=\"article\" \/>\n<meta property=\"og:title\" content=\"Precios e ideas equivocadas: un caldo de cultivo para el populismo - Informatepy\" \/>\n<meta property=\"og:description\" content=\"Haya sido en la crisis del alcohol en gel y otros productos sanitarios, en los repentinos encarecimientos de la carne o en el problema mundial de la escasez del combustible, he observado un equ\u00edvoco fundamental en torno a la discusi\u00f3n p\u00fablica del fen\u00f3meno que en econom\u00eda se denomina \u201cprecio\u201d. Este equ\u00edvoco es una derivada de [&hellip;]\" \/>\n<meta property=\"og:url\" content=\"https:\/\/informatepy.com\/2021\/2022\/04\/24\/precios-e-ideas-equivocadas-un-caldo-de-cultivo-para-el-populismo\/\" \/>\n<meta property=\"og:site_name\" content=\"Informatepy\" \/>\n<meta property=\"article:published_time\" content=\"2022-04-24T12:30:00+00:00\" \/>\n<meta property=\"og:image\" content=\"https:\/\/i0.wp.com\/informatepy.com\/2021\/wp-content\/uploads\/2022\/04\/Hector-acuna.png?fit=1281%2C700&ssl=1\" \/>\n\t<meta property=\"og:image:width\" content=\"1281\" \/>\n\t<meta property=\"og:image:height\" content=\"700\" \/>\n\t<meta property=\"og:image:type\" content=\"image\/png\" \/>\n<meta name=\"author\" content=\"H\u00e9ctor Acu\u00f1a\" \/>\n<meta name=\"twitter:card\" content=\"summary_large_image\" \/>\n<meta name=\"twitter:creator\" content=\"@https:\/\/twitter.com\/hectoracunat\" \/>\n<meta name=\"twitter:label1\" content=\"Escrito por\" \/>\n\t<meta name=\"twitter:data1\" content=\"H\u00e9ctor Acu\u00f1a\" \/>\n\t<meta name=\"twitter:label2\" content=\"Tiempo de lectura\" \/>\n\t<meta name=\"twitter:data2\" content=\"5 minutos\" \/>\n<script type=\"application\/ld+json\" class=\"yoast-schema-graph\">{\"@context\":\"https:\\\/\\\/schema.org\",\"@graph\":[{\"@type\":\"Article\",\"@id\":\"https:\\\/\\\/informatepy.com\\\/2021\\\/2022\\\/04\\\/24\\\/precios-e-ideas-equivocadas-un-caldo-de-cultivo-para-el-populismo\\\/#article\",\"isPartOf\":{\"@id\":\"https:\\\/\\\/informatepy.com\\\/2021\\\/2022\\\/04\\\/24\\\/precios-e-ideas-equivocadas-un-caldo-de-cultivo-para-el-populismo\\\/\"},\"author\":{\"name\":\"H\u00e9ctor Acu\u00f1a\",\"@id\":\"https:\\\/\\\/informatepy.com\\\/2021\\\/#\\\/schema\\\/person\\\/6a1584b02bdb26566ed73f209addf388\"},\"headline\":\"Precios e ideas equivocadas: un caldo de cultivo para el populismo\",\"datePublished\":\"2022-04-24T12:30:00+00:00\",\"mainEntityOfPage\":{\"@id\":\"https:\\\/\\\/informatepy.com\\\/2021\\\/2022\\\/04\\\/24\\\/precios-e-ideas-equivocadas-un-caldo-de-cultivo-para-el-populismo\\\/\"},\"wordCount\":1072,\"commentCount\":0,\"publisher\":{\"@id\":\"https:\\\/\\\/informatepy.com\\\/2021\\\/#\\\/schema\\\/person\\\/edd302c981d6ba4596191719d1025a8a\"},\"image\":{\"@id\":\"https:\\\/\\\/informatepy.com\\\/2021\\\/2022\\\/04\\\/24\\\/precios-e-ideas-equivocadas-un-caldo-de-cultivo-para-el-populismo\\\/#primaryimage\"},\"thumbnailUrl\":\"https:\\\/\\\/i0.wp.com\\\/informatepy.com\\\/2021\\\/wp-content\\\/uploads\\\/2022\\\/04\\\/Hector-acuna.png?fit=1281%2C700&ssl=1\",\"keywords\":[\"destacada\",\"economia\",\"inflacion\",\"populismo\"],\"articleSection\":[\"Analisis\"],\"inLanguage\":\"es\",\"potentialAction\":[{\"@type\":\"CommentAction\",\"name\":\"Comment\",\"target\":[\"https:\\\/\\\/informatepy.com\\\/2021\\\/2022\\\/04\\\/24\\\/precios-e-ideas-equivocadas-un-caldo-de-cultivo-para-el-populismo\\\/#respond\"]}]},{\"@type\":\"WebPage\",\"@id\":\"https:\\\/\\\/informatepy.com\\\/2021\\\/2022\\\/04\\\/24\\\/precios-e-ideas-equivocadas-un-caldo-de-cultivo-para-el-populismo\\\/\",\"url\":\"https:\\\/\\\/informatepy.com\\\/2021\\\/2022\\\/04\\\/24\\\/precios-e-ideas-equivocadas-un-caldo-de-cultivo-para-el-populismo\\\/\",\"name\":\"Precios e ideas equivocadas: un caldo de cultivo para el populismo - Informatepy\",\"isPartOf\":{\"@id\":\"https:\\\/\\\/informatepy.com\\\/2021\\\/#website\"},\"primaryImageOfPage\":{\"@id\":\"https:\\\/\\\/informatepy.com\\\/2021\\\/2022\\\/04\\\/24\\\/precios-e-ideas-equivocadas-un-caldo-de-cultivo-para-el-populismo\\\/#primaryimage\"},\"image\":{\"@id\":\"https:\\\/\\\/informatepy.com\\\/2021\\\/2022\\\/04\\\/24\\\/precios-e-ideas-equivocadas-un-caldo-de-cultivo-para-el-populismo\\\/#primaryimage\"},\"thumbnailUrl\":\"https:\\\/\\\/i0.wp.com\\\/informatepy.com\\\/2021\\\/wp-content\\\/uploads\\\/2022\\\/04\\\/Hector-acuna.png?fit=1281%2C700&ssl=1\",\"datePublished\":\"2022-04-24T12:30:00+00:00\",\"breadcrumb\":{\"@id\":\"https:\\\/\\\/informatepy.com\\\/2021\\\/2022\\\/04\\\/24\\\/precios-e-ideas-equivocadas-un-caldo-de-cultivo-para-el-populismo\\\/#breadcrumb\"},\"inLanguage\":\"es\",\"potentialAction\":[{\"@type\":\"ReadAction\",\"target\":[\"https:\\\/\\\/informatepy.com\\\/2021\\\/2022\\\/04\\\/24\\\/precios-e-ideas-equivocadas-un-caldo-de-cultivo-para-el-populismo\\\/\"]}]},{\"@type\":\"ImageObject\",\"inLanguage\":\"es\",\"@id\":\"https:\\\/\\\/informatepy.com\\\/2021\\\/2022\\\/04\\\/24\\\/precios-e-ideas-equivocadas-un-caldo-de-cultivo-para-el-populismo\\\/#primaryimage\",\"url\":\"https:\\\/\\\/i0.wp.com\\\/informatepy.com\\\/2021\\\/wp-content\\\/uploads\\\/2022\\\/04\\\/Hector-acuna.png?fit=1281%2C700&ssl=1\",\"contentUrl\":\"https:\\\/\\\/i0.wp.com\\\/informatepy.com\\\/2021\\\/wp-content\\\/uploads\\\/2022\\\/04\\\/Hector-acuna.png?fit=1281%2C700&ssl=1\",\"width\":1281,\"height\":700},{\"@type\":\"BreadcrumbList\",\"@id\":\"https:\\\/\\\/informatepy.com\\\/2021\\\/2022\\\/04\\\/24\\\/precios-e-ideas-equivocadas-un-caldo-de-cultivo-para-el-populismo\\\/#breadcrumb\",\"itemListElement\":[{\"@type\":\"ListItem\",\"position\":1,\"name\":\"Portada\",\"item\":\"https:\\\/\\\/informatepy.com\\\/2021\\\/\"},{\"@type\":\"ListItem\",\"position\":2,\"name\":\"Precios e ideas equivocadas: un caldo de cultivo para el populismo\"}]},{\"@type\":\"WebSite\",\"@id\":\"https:\\\/\\\/informatepy.com\\\/2021\\\/#website\",\"url\":\"https:\\\/\\\/informatepy.com\\\/2021\\\/\",\"name\":\"Informatepy\",\"description\":\"La verdad, siempre!\",\"publisher\":{\"@id\":\"https:\\\/\\\/informatepy.com\\\/2021\\\/#\\\/schema\\\/person\\\/edd302c981d6ba4596191719d1025a8a\"},\"potentialAction\":[{\"@type\":\"SearchAction\",\"target\":{\"@type\":\"EntryPoint\",\"urlTemplate\":\"https:\\\/\\\/informatepy.com\\\/2021\\\/?s={search_term_string}\"},\"query-input\":{\"@type\":\"PropertyValueSpecification\",\"valueRequired\":true,\"valueName\":\"search_term_string\"}}],\"inLanguage\":\"es\"},{\"@type\":[\"Person\",\"Organization\"],\"@id\":\"https:\\\/\\\/informatepy.com\\\/2021\\\/#\\\/schema\\\/person\\\/edd302c981d6ba4596191719d1025a8a\",\"name\":\"admin\",\"image\":{\"@type\":\"ImageObject\",\"inLanguage\":\"es\",\"@id\":\"https:\\\/\\\/secure.gravatar.com\\\/avatar\\\/5310f602b6cbcfb86e030c4ccdbb78f6565a3b9bab6a74ab80fd3cb5428b65af?s=96&d=mm&r=g\",\"url\":\"https:\\\/\\\/secure.gravatar.com\\\/avatar\\\/5310f602b6cbcfb86e030c4ccdbb78f6565a3b9bab6a74ab80fd3cb5428b65af?s=96&d=mm&r=g\",\"contentUrl\":\"https:\\\/\\\/secure.gravatar.com\\\/avatar\\\/5310f602b6cbcfb86e030c4ccdbb78f6565a3b9bab6a74ab80fd3cb5428b65af?s=96&d=mm&r=g\",\"caption\":\"admin\"},\"logo\":{\"@id\":\"https:\\\/\\\/secure.gravatar.com\\\/avatar\\\/5310f602b6cbcfb86e030c4ccdbb78f6565a3b9bab6a74ab80fd3cb5428b65af?s=96&d=mm&r=g\"},\"sameAs\":[\"http:\\\/\\\/informatepy.com\\\/2021\"]},{\"@type\":\"Person\",\"@id\":\"https:\\\/\\\/informatepy.com\\\/2021\\\/#\\\/schema\\\/person\\\/6a1584b02bdb26566ed73f209addf388\",\"name\":\"H\u00e9ctor Acu\u00f1a\",\"image\":{\"@type\":\"ImageObject\",\"inLanguage\":\"es\",\"@id\":\"https:\\\/\\\/i0.wp.com\\\/informatepy.com\\\/2021\\\/wp-content\\\/uploads\\\/2022\\\/04\\\/hector-acuna1.png?fit=96%2C96&ssl=1\",\"url\":\"https:\\\/\\\/i0.wp.com\\\/informatepy.com\\\/2021\\\/wp-content\\\/uploads\\\/2022\\\/04\\\/hector-acuna1.png?fit=96%2C96&ssl=1\",\"contentUrl\":\"https:\\\/\\\/i0.wp.com\\\/informatepy.com\\\/2021\\\/wp-content\\\/uploads\\\/2022\\\/04\\\/hector-acuna1.png?fit=96%2C96&ssl=1\",\"caption\":\"H\u00e9ctor Acu\u00f1a\"},\"sameAs\":[\"https:\\\/\\\/x.com\\\/https:\\\/\\\/twitter.com\\\/hectoracunat\"],\"url\":\"https:\\\/\\\/informatepy.com\\\/2021\\\/author\\\/hacuna\\\/\"}]}<\/script>\n<!-- \/ Yoast SEO plugin. -->","yoast_head_json":{"title":"Precios e ideas equivocadas: un caldo de cultivo para el populismo - Informatepy","robots":{"index":"index","follow":"follow","max-snippet":"max-snippet:-1","max-image-preview":"max-image-preview:large","max-video-preview":"max-video-preview:-1"},"canonical":"https:\/\/informatepy.com\/2021\/2022\/04\/24\/precios-e-ideas-equivocadas-un-caldo-de-cultivo-para-el-populismo\/","og_locale":"es_ES","og_type":"article","og_title":"Precios e ideas equivocadas: un caldo de cultivo para el populismo - Informatepy","og_description":"Haya sido en la crisis del alcohol en gel y otros productos sanitarios, en los repentinos encarecimientos de la carne o en el problema mundial de la escasez del combustible, he observado un equ\u00edvoco fundamental en torno a la discusi\u00f3n p\u00fablica del fen\u00f3meno que en econom\u00eda se denomina \u201cprecio\u201d. Este equ\u00edvoco es una derivada de [&hellip;]","og_url":"https:\/\/informatepy.com\/2021\/2022\/04\/24\/precios-e-ideas-equivocadas-un-caldo-de-cultivo-para-el-populismo\/","og_site_name":"Informatepy","article_published_time":"2022-04-24T12:30:00+00:00","og_image":[{"width":1281,"height":700,"url":"https:\/\/i0.wp.com\/informatepy.com\/2021\/wp-content\/uploads\/2022\/04\/Hector-acuna.png?fit=1281%2C700&ssl=1","type":"image\/png"}],"author":"H\u00e9ctor Acu\u00f1a","twitter_card":"summary_large_image","twitter_creator":"@https:\/\/twitter.com\/hectoracunat","twitter_misc":{"Escrito por":"H\u00e9ctor Acu\u00f1a","Tiempo de lectura":"5 minutos"},"schema":{"@context":"https:\/\/schema.org","@graph":[{"@type":"Article","@id":"https:\/\/informatepy.com\/2021\/2022\/04\/24\/precios-e-ideas-equivocadas-un-caldo-de-cultivo-para-el-populismo\/#article","isPartOf":{"@id":"https:\/\/informatepy.com\/2021\/2022\/04\/24\/precios-e-ideas-equivocadas-un-caldo-de-cultivo-para-el-populismo\/"},"author":{"name":"H\u00e9ctor Acu\u00f1a","@id":"https:\/\/informatepy.com\/2021\/#\/schema\/person\/6a1584b02bdb26566ed73f209addf388"},"headline":"Precios e ideas equivocadas: un caldo de cultivo para el populismo","datePublished":"2022-04-24T12:30:00+00:00","mainEntityOfPage":{"@id":"https:\/\/informatepy.com\/2021\/2022\/04\/24\/precios-e-ideas-equivocadas-un-caldo-de-cultivo-para-el-populismo\/"},"wordCount":1072,"commentCount":0,"publisher":{"@id":"https:\/\/informatepy.com\/2021\/#\/schema\/person\/edd302c981d6ba4596191719d1025a8a"},"image":{"@id":"https:\/\/informatepy.com\/2021\/2022\/04\/24\/precios-e-ideas-equivocadas-un-caldo-de-cultivo-para-el-populismo\/#primaryimage"},"thumbnailUrl":"https:\/\/i0.wp.com\/informatepy.com\/2021\/wp-content\/uploads\/2022\/04\/Hector-acuna.png?fit=1281%2C700&ssl=1","keywords":["destacada","economia","inflacion","populismo"],"articleSection":["Analisis"],"inLanguage":"es","potentialAction":[{"@type":"CommentAction","name":"Comment","target":["https:\/\/informatepy.com\/2021\/2022\/04\/24\/precios-e-ideas-equivocadas-un-caldo-de-cultivo-para-el-populismo\/#respond"]}]},{"@type":"WebPage","@id":"https:\/\/informatepy.com\/2021\/2022\/04\/24\/precios-e-ideas-equivocadas-un-caldo-de-cultivo-para-el-populismo\/","url":"https:\/\/informatepy.com\/2021\/2022\/04\/24\/precios-e-ideas-equivocadas-un-caldo-de-cultivo-para-el-populismo\/","name":"Precios e ideas equivocadas: un caldo de cultivo para el populismo - Informatepy","isPartOf":{"@id":"https:\/\/informatepy.com\/2021\/#website"},"primaryImageOfPage":{"@id":"https:\/\/informatepy.com\/2021\/2022\/04\/24\/precios-e-ideas-equivocadas-un-caldo-de-cultivo-para-el-populismo\/#primaryimage"},"image":{"@id":"https:\/\/informatepy.com\/2021\/2022\/04\/24\/precios-e-ideas-equivocadas-un-caldo-de-cultivo-para-el-populismo\/#primaryimage"},"thumbnailUrl":"https:\/\/i0.wp.com\/informatepy.com\/2021\/wp-content\/uploads\/2022\/04\/Hector-acuna.png?fit=1281%2C700&ssl=1","datePublished":"2022-04-24T12:30:00+00:00","breadcrumb":{"@id":"https:\/\/informatepy.com\/2021\/2022\/04\/24\/precios-e-ideas-equivocadas-un-caldo-de-cultivo-para-el-populismo\/#breadcrumb"},"inLanguage":"es","potentialAction":[{"@type":"ReadAction","target":["https:\/\/informatepy.com\/2021\/2022\/04\/24\/precios-e-ideas-equivocadas-un-caldo-de-cultivo-para-el-populismo\/"]}]},{"@type":"ImageObject","inLanguage":"es","@id":"https:\/\/informatepy.com\/2021\/2022\/04\/24\/precios-e-ideas-equivocadas-un-caldo-de-cultivo-para-el-populismo\/#primaryimage","url":"https:\/\/i0.wp.com\/informatepy.com\/2021\/wp-content\/uploads\/2022\/04\/Hector-acuna.png?fit=1281%2C700&ssl=1","contentUrl":"https:\/\/i0.wp.com\/informatepy.com\/2021\/wp-content\/uploads\/2022\/04\/Hector-acuna.png?fit=1281%2C700&ssl=1","width":1281,"height":700},{"@type":"BreadcrumbList","@id":"https:\/\/informatepy.com\/2021\/2022\/04\/24\/precios-e-ideas-equivocadas-un-caldo-de-cultivo-para-el-populismo\/#breadcrumb","itemListElement":[{"@type":"ListItem","position":1,"name":"Portada","item":"https:\/\/informatepy.com\/2021\/"},{"@type":"ListItem","position":2,"name":"Precios e ideas equivocadas: un caldo de cultivo para el populismo"}]},{"@type":"WebSite","@id":"https:\/\/informatepy.com\/2021\/#website","url":"https:\/\/informatepy.com\/2021\/","name":"Informatepy","description":"La verdad, siempre!","publisher":{"@id":"https:\/\/informatepy.com\/2021\/#\/schema\/person\/edd302c981d6ba4596191719d1025a8a"},"potentialAction":[{"@type":"SearchAction","target":{"@type":"EntryPoint","urlTemplate":"https:\/\/informatepy.com\/2021\/?s={search_term_string}"},"query-input":{"@type":"PropertyValueSpecification","valueRequired":true,"valueName":"search_term_string"}}],"inLanguage":"es"},{"@type":["Person","Organization"],"@id":"https:\/\/informatepy.com\/2021\/#\/schema\/person\/edd302c981d6ba4596191719d1025a8a","name":"admin","image":{"@type":"ImageObject","inLanguage":"es","@id":"https:\/\/secure.gravatar.com\/avatar\/5310f602b6cbcfb86e030c4ccdbb78f6565a3b9bab6a74ab80fd3cb5428b65af?s=96&d=mm&r=g","url":"https:\/\/secure.gravatar.com\/avatar\/5310f602b6cbcfb86e030c4ccdbb78f6565a3b9bab6a74ab80fd3cb5428b65af?s=96&d=mm&r=g","contentUrl":"https:\/\/secure.gravatar.com\/avatar\/5310f602b6cbcfb86e030c4ccdbb78f6565a3b9bab6a74ab80fd3cb5428b65af?s=96&d=mm&r=g","caption":"admin"},"logo":{"@id":"https:\/\/secure.gravatar.com\/avatar\/5310f602b6cbcfb86e030c4ccdbb78f6565a3b9bab6a74ab80fd3cb5428b65af?s=96&d=mm&r=g"},"sameAs":["http:\/\/informatepy.com\/2021"]},{"@type":"Person","@id":"https:\/\/informatepy.com\/2021\/#\/schema\/person\/6a1584b02bdb26566ed73f209addf388","name":"H\u00e9ctor Acu\u00f1a","image":{"@type":"ImageObject","inLanguage":"es","@id":"https:\/\/i0.wp.com\/informatepy.com\/2021\/wp-content\/uploads\/2022\/04\/hector-acuna1.png?fit=96%2C96&ssl=1","url":"https:\/\/i0.wp.com\/informatepy.com\/2021\/wp-content\/uploads\/2022\/04\/hector-acuna1.png?fit=96%2C96&ssl=1","contentUrl":"https:\/\/i0.wp.com\/informatepy.com\/2021\/wp-content\/uploads\/2022\/04\/hector-acuna1.png?fit=96%2C96&ssl=1","caption":"H\u00e9ctor Acu\u00f1a"},"sameAs":["https:\/\/x.com\/https:\/\/twitter.com\/hectoracunat"],"url":"https:\/\/informatepy.com\/2021\/author\/hacuna\/"}]}},"jetpack_featured_media_url":"https:\/\/i0.wp.com\/informatepy.com\/2021\/wp-content\/uploads\/2022\/04\/Hector-acuna.png?fit=1281%2C700&ssl=1","jetpack_sharing_enabled":true,"jetpack_likes_enabled":true,"jetpack-related-posts":[{"id":11632,"url":"https:\/\/informatepy.com\/2021\/2022\/05\/15\/donde-esta-la-inflacion-en-bolivia\/","url_meta":{"origin":11309,"position":0},"title":"\u00bfD\u00f3nde est\u00e1 la inflaci\u00f3n en Bolivia?","date":"15 de mayo de 2022","format":false,"excerpt":"A finales de abril, la BBC public\u00f3 un art\u00edculo sobre la \u00abausencia\u00bb de inflaci\u00f3n en Bolivia. A ra\u00edz de esa nota, miles de periodistas alrededor de Sudam\u00e9rica volvieron a halagar el \u00abexitoso\u00bb modelo econ\u00f3mico implantado por Evo Morales y su s\u00e9quito de socialistas. \u00a0 No obstante, la BBC se equivoca\u2026","rel":"","context":"En \u00abAnalisis\u00bb","img":{"alt_text":"","src":"https:\/\/i0.wp.com\/informatepy.com\/2021\/wp-content\/uploads\/2021\/11\/HUGO-BALDERRAMA-COLUMNISTA.jpg?fit=1200%2C656&ssl=1&resize=350%2C200","width":350,"height":200},"classes":[]},{"id":11434,"url":"https:\/\/informatepy.com\/2021\/2022\/05\/02\/la-inflacion-bien-entendida\/","url_meta":{"origin":11309,"position":1},"title":"La inflaci\u00f3n bien entendida","date":"2 de mayo de 2022","format":false,"excerpt":"Existe un conjunto de consideraciones err\u00f3neas alrededor del concepto de inflaci\u00f3n. Estas consideraciones emanan de un particular y muy conveniente equ\u00edvoco, que describe a la inflaci\u00f3n como una suba generalizada de los precios, medida por el IPC, el \u00edndice de precios al consumidor. As\u00ed, el economista de cabecera de nuestras\u2026","rel":"","context":"En \u00abAnalisis\u00bb","img":{"alt_text":"","src":"https:\/\/i0.wp.com\/informatepy.com\/2021\/wp-content\/uploads\/2022\/04\/Hector-acuna.png?fit=1200%2C656&ssl=1&resize=350%2C200","width":350,"height":200},"classes":[]},{"id":6227,"url":"https:\/\/informatepy.com\/2021\/2021\/08\/06\/advierten-que-el-paro-de-camioneros-tendra-fuerte-impacto-en-la-economia\/","url_meta":{"origin":11309,"position":2},"title":"Advierten que el paro de camioneros tendr\u00e1 fuerte impacto en la econom\u00eda","date":"6 de agosto de 2021","format":false,"excerpt":"La periodista Viviana Valles, corresponsal del canal GEN en Argentina, se\u00f1al\u00f3 este jueves que el \u201capriete\u201d a sectores productivos por parte de los camioneros en Paraguay es una situaci\u00f3n \u201ccopiada\u201d del pa\u00eds vecino y advirti\u00f3 que por estas situaciones muchas econom\u00edas quedan en la ruina. \u201cEs una pel\u00edcula ya vista,\u2026","rel":"","context":"En \u00abNacionales\u00bb","img":{"alt_text":"","src":"https:\/\/i0.wp.com\/informatepy.com\/2021\/wp-content\/uploads\/2021\/08\/periodista-viviana-valles.jpg?fit=660%2C330&ssl=1&resize=350%2C200","width":350,"height":200},"classes":[]},{"id":6487,"url":"https:\/\/informatepy.com\/2021\/2021\/08\/17\/amigo-camionero\/","url_meta":{"origin":11309,"position":3},"title":"Amigo Camionero","date":"17 de agosto de 2021","format":false,"excerpt":"Eleg\u00ed este t\u00edtulo para poder graficar en forma peyorativa la protesta de los camioneros, protesta que no tiene raz\u00f3n de ser sobre el objetivo que ellos est\u00e1n buscando que es la regulaci\u00f3n por parte del Estado sobre el precio y el servicio de fletes, dejando de lado una cuesti\u00f3n tan\u2026","rel":"","context":"En \u00abAnalisis\u00bb","img":{"alt_text":"","src":"https:\/\/i0.wp.com\/informatepy.com\/2021\/wp-content\/uploads\/2021\/08\/camion-vacio.jpg?fit=1200%2C1168&ssl=1&resize=350%2C200","width":350,"height":200},"classes":[]},{"id":1337,"url":"https:\/\/informatepy.com\/2021\/2019\/07\/15\/suben-los-productos-de-la-canasta-basica\/","url_meta":{"origin":11309,"position":4},"title":"Suben los productos de la canasta b\u00e1sica","date":"15 de julio de 2019","format":false,"excerpt":"Como suelen advertir, los precios que se indican en el monitoreo son promedios (referenciales), basados en los precios de cada Supermercado, adem\u00e1s son los m\u00e1s econ\u00f3micos y en guaran\u00edes, referidos en la toma de muestras que se realiza de manera semanal. El listado de productos comprende a los siguientes rubros:\u2026","rel":"","context":"En \u00abNacionales\u00bb","img":{"alt_text":"","src":"https:\/\/i0.wp.com\/informatepy.com\/2021\/wp-content\/uploads\/2021\/07\/supermercado.jpg?fit=894%2C616&ssl=1&resize=350%2C200","width":350,"height":200},"classes":[]},{"id":1846,"url":"https:\/\/informatepy.com\/2021\/2020\/04\/09\/salud-y-economia-deben-ir-de-la-mano\/","url_meta":{"origin":11309,"position":5},"title":"Salud y econom\u00eda deben ir de la mano","date":"9 de abril de 2020","format":false,"excerpt":"Como es bien sabido por todos, las situaciones l\u00edmites suelen sacar lo mejor y lo peor de las personas, porque mientras algunos insisten con el \u201cQu\u00e9date En Casa\u201d otros, muchos m\u00e1s de lo que imaginamos, no tienen para poner un plato de comida en la mesa de sus hijos. Esta\u2026","rel":"","context":"En \u00abAnalisis\u00bb","img":{"alt_text":"","src":"https:\/\/i0.wp.com\/informatepy.com\/2021\/wp-content\/uploads\/2021\/04\/salud-y-economC3ADa.jpeg?fit=1200%2C675&ssl=1&resize=350%2C200","width":350,"height":200},"classes":[]}],"authors":[{"term_id":1755,"user_id":42,"is_guest":0,"slug":"hacuna","display_name":"H\u00e9ctor Acu\u00f1a","avatar_url":"https:\/\/i0.wp.com\/informatepy.com\/2021\/wp-content\/uploads\/2022\/04\/hector-acuna1.png?fit=96%2C96&ssl=1","first_name":"H\u00e9ctor","last_name":"Acu\u00f1a","user_url":"","description":"Docente Universitario\r\nDirector de I + D Fundaci\u00f3n Issos para la Libertad y el Desarrollo"}],"amp_enabled":true,"_links":{"self":[{"href":"https:\/\/informatepy.com\/2021\/wp-json\/wp\/v2\/posts\/11309","targetHints":{"allow":["GET"]}}],"collection":[{"href":"https:\/\/informatepy.com\/2021\/wp-json\/wp\/v2\/posts"}],"about":[{"href":"https:\/\/informatepy.com\/2021\/wp-json\/wp\/v2\/types\/post"}],"author":[{"embeddable":true,"href":"https:\/\/informatepy.com\/2021\/wp-json\/wp\/v2\/users\/42"}],"replies":[{"embeddable":true,"href":"https:\/\/informatepy.com\/2021\/wp-json\/wp\/v2\/comments?post=11309"}],"version-history":[{"count":1,"href":"https:\/\/informatepy.com\/2021\/wp-json\/wp\/v2\/posts\/11309\/revisions"}],"predecessor-version":[{"id":11311,"href":"https:\/\/informatepy.com\/2021\/wp-json\/wp\/v2\/posts\/11309\/revisions\/11311"}],"wp:featuredmedia":[{"embeddable":true,"href":"https:\/\/informatepy.com\/2021\/wp-json\/wp\/v2\/media\/11310"}],"wp:attachment":[{"href":"https:\/\/informatepy.com\/2021\/wp-json\/wp\/v2\/media?parent=11309"}],"wp:term":[{"taxonomy":"category","embeddable":true,"href":"https:\/\/informatepy.com\/2021\/wp-json\/wp\/v2\/categories?post=11309"},{"taxonomy":"post_tag","embeddable":true,"href":"https:\/\/informatepy.com\/2021\/wp-json\/wp\/v2\/tags?post=11309"},{"taxonomy":"author","embeddable":true,"href":"https:\/\/informatepy.com\/2021\/wp-json\/wp\/v2\/ppma_author?post=11309"}],"curies":[{"name":"wp","href":"https:\/\/api.w.org\/{rel}","templated":true}]}}