{"id":1130,"date":"2019-05-09T20:19:00","date_gmt":"2019-05-09T20:19:00","guid":{"rendered":"http:\/\/informatepy.com\/2021\/?p=1130"},"modified":"2021-02-09T00:43:58","modified_gmt":"2021-02-09T00:43:58","slug":"organizan-un-festival-artistico-solidario","status":"publish","type":"post","link":"https:\/\/informatepy.com\/2021\/2019\/05\/09\/organizan-un-festival-artistico-solidario\/","title":{"rendered":"Organizan un \u00abFestival Art\u00edstico Solidario\u00bb"},"content":{"rendered":"\n<p>La fundaci\u00f3n Guaran\u00ed y la Academia de Danzas \u00abPetronita Vinader\u00bb, est\u00e1n organizando un festival art\u00edstico solidario a total beneficio de los damnificados por la crecida del r\u00edo Paraguay.<\/p>\n\n\n\n<p>El mismo tendr\u00e1 lugar el pr\u00f3ximo lunes 13 de mayo a las 19 hs, en el Teatro Ignacio A. Pane y la velada contar\u00e1 con muchos artistas invitados que sumaron a esta movida llamada \u00abAyudArte\u00bb.<\/p>\n\n\n\n<p>Las entradas para este evento solidario no tienen valor monetario, quienes concurran deber\u00e1n aportar alimentos no perecederos, chapas, colchones y ropa de abrigo, que ser\u00e1 distribuido entre quienes perdieron todo producto de la \u00faltima crecida del r\u00edo Paraguay.<\/p>\n\n\n\n<p>El festival, cuenta con el apoyo de la Secretar\u00eda de Cultura y Turismo de la Municipalidad de Asunci\u00f3n y de las autoridades del Teatro Ignacio A. Pane.<\/p>\n","protected":false},"excerpt":{"rendered":"<p>La fundaci\u00f3n Guaran\u00ed y la Academia de Danzas \u00abPetronita Vinader\u00bb, est\u00e1n organizando un festival art\u00edstico solidario a total beneficio de los damnificados por la crecida del r\u00edo Paraguay. El mismo tendr\u00e1 lugar el pr\u00f3ximo lunes 13 de mayo a las 19 hs, en el Teatro Ignacio A. Pane y la velada contar\u00e1 con muchos artistas [&hellip;]<\/p>\n","protected":false},"author":1,"featured_media":1131,"comment_status":"open","ping_status":"open","sticky":false,"template":"","format":"standard","meta":{"_monsterinsights_skip_tracking":false,"_monsterinsights_sitenote_active":false,"_monsterinsights_sitenote_note":"","_monsterinsights_sitenote_category":0,"footnotes":"","jetpack_publicize_message":"","jetpack_is_tweetstorm":false,"jetpack_publicize_feature_enabled":true},"categories":[483],"tags":[570],"ppma_author":[1039],"class_list":["post-1130","post","type-post","status-publish","format-standard","has-post-thumbnail","hentry","category-municipales","tag-inundados"],"jetpack_publicize_connections":[],"yoast_head":"<!-- This site is optimized with the Yoast SEO plugin v27.5 - https:\/\/yoast.com\/product\/yoast-seo-wordpress\/ -->\n<title>Organizan un &quot;Festival Art\u00edstico Solidario&quot; - Informatepy<\/title>\n<meta name=\"robots\" content=\"index, follow, max-snippet:-1, max-image-preview:large, max-video-preview:-1\" \/>\n<link rel=\"canonical\" href=\"https:\/\/informatepy.com\/2021\/2019\/05\/09\/organizan-un-festival-artistico-solidario\/\" \/>\n<meta property=\"og:locale\" content=\"es_ES\" \/>\n<meta property=\"og:type\" content=\"article\" \/>\n<meta property=\"og:title\" content=\"Organizan un &quot;Festival Art\u00edstico Solidario&quot; - Informatepy\" \/>\n<meta property=\"og:description\" content=\"La fundaci\u00f3n Guaran\u00ed y la Academia de Danzas \u00abPetronita Vinader\u00bb, est\u00e1n organizando un festival art\u00edstico solidario a total beneficio de los damnificados por la crecida del r\u00edo Paraguay. El mismo tendr\u00e1 lugar el pr\u00f3ximo lunes 13 de mayo a las 19 hs, en el Teatro Ignacio A. Pane y la velada contar\u00e1 con muchos artistas [&hellip;]\" \/>\n<meta property=\"og:url\" content=\"https:\/\/informatepy.com\/2021\/2019\/05\/09\/organizan-un-festival-artistico-solidario\/\" \/>\n<meta property=\"og:site_name\" content=\"Informatepy\" \/>\n<meta property=\"article:published_time\" content=\"2019-05-09T20:19:00+00:00\" \/>\n<meta property=\"article:modified_time\" content=\"2021-02-09T00:43:58+00:00\" \/>\n<meta property=\"og:image\" content=\"https:\/\/i2.wp.com\/informatepy.com\/2021\/wp-content\/uploads\/2021\/05\/festival-AyudArte.jpg?fit=720%2C1053&ssl=1\" \/>\n\t<meta property=\"og:image:width\" content=\"720\" \/>\n\t<meta property=\"og:image:height\" content=\"1053\" \/>\n\t<meta property=\"og:image:type\" content=\"image\/jpeg\" \/>\n<meta name=\"author\" content=\"admin\" \/>\n<meta name=\"twitter:card\" content=\"summary_large_image\" \/>\n<meta name=\"twitter:label1\" content=\"Escrito por\" \/>\n\t<meta name=\"twitter:data1\" content=\"admin\" \/>\n\t<meta name=\"twitter:label2\" content=\"Tiempo de lectura\" \/>\n\t<meta name=\"twitter:data2\" content=\"1 minuto\" \/>\n<script type=\"application\/ld+json\" class=\"yoast-schema-graph\">{\"@context\":\"https:\\\/\\\/schema.org\",\"@graph\":[{\"@type\":\"Article\",\"@id\":\"https:\\\/\\\/informatepy.com\\\/2021\\\/2019\\\/05\\\/09\\\/organizan-un-festival-artistico-solidario\\\/#article\",\"isPartOf\":{\"@id\":\"https:\\\/\\\/informatepy.com\\\/2021\\\/2019\\\/05\\\/09\\\/organizan-un-festival-artistico-solidario\\\/\"},\"author\":{\"name\":\"admin\",\"@id\":\"https:\\\/\\\/informatepy.com\\\/2021\\\/#\\\/schema\\\/person\\\/edd302c981d6ba4596191719d1025a8a\"},\"headline\":\"Organizan un \u00abFestival Art\u00edstico Solidario\u00bb\",\"datePublished\":\"2019-05-09T20:19:00+00:00\",\"dateModified\":\"2021-02-09T00:43:58+00:00\",\"mainEntityOfPage\":{\"@id\":\"https:\\\/\\\/informatepy.com\\\/2021\\\/2019\\\/05\\\/09\\\/organizan-un-festival-artistico-solidario\\\/\"},\"wordCount\":141,\"commentCount\":0,\"publisher\":{\"@id\":\"https:\\\/\\\/informatepy.com\\\/2021\\\/#\\\/schema\\\/person\\\/edd302c981d6ba4596191719d1025a8a\"},\"image\":{\"@id\":\"https:\\\/\\\/informatepy.com\\\/2021\\\/2019\\\/05\\\/09\\\/organizan-un-festival-artistico-solidario\\\/#primaryimage\"},\"thumbnailUrl\":\"https:\\\/\\\/i0.wp.com\\\/informatepy.com\\\/2021\\\/wp-content\\\/uploads\\\/2021\\\/05\\\/festival-AyudArte.jpg?fit=720%2C1053&ssl=1\",\"keywords\":[\"inundados\"],\"articleSection\":[\"Municipales\"],\"inLanguage\":\"es\",\"potentialAction\":[{\"@type\":\"CommentAction\",\"name\":\"Comment\",\"target\":[\"https:\\\/\\\/informatepy.com\\\/2021\\\/2019\\\/05\\\/09\\\/organizan-un-festival-artistico-solidario\\\/#respond\"]}]},{\"@type\":\"WebPage\",\"@id\":\"https:\\\/\\\/informatepy.com\\\/2021\\\/2019\\\/05\\\/09\\\/organizan-un-festival-artistico-solidario\\\/\",\"url\":\"https:\\\/\\\/informatepy.com\\\/2021\\\/2019\\\/05\\\/09\\\/organizan-un-festival-artistico-solidario\\\/\",\"name\":\"Organizan un \\\"Festival Art\u00edstico Solidario\\\" - Informatepy\",\"isPartOf\":{\"@id\":\"https:\\\/\\\/informatepy.com\\\/2021\\\/#website\"},\"primaryImageOfPage\":{\"@id\":\"https:\\\/\\\/informatepy.com\\\/2021\\\/2019\\\/05\\\/09\\\/organizan-un-festival-artistico-solidario\\\/#primaryimage\"},\"image\":{\"@id\":\"https:\\\/\\\/informatepy.com\\\/2021\\\/2019\\\/05\\\/09\\\/organizan-un-festival-artistico-solidario\\\/#primaryimage\"},\"thumbnailUrl\":\"https:\\\/\\\/i0.wp.com\\\/informatepy.com\\\/2021\\\/wp-content\\\/uploads\\\/2021\\\/05\\\/festival-AyudArte.jpg?fit=720%2C1053&ssl=1\",\"datePublished\":\"2019-05-09T20:19:00+00:00\",\"dateModified\":\"2021-02-09T00:43:58+00:00\",\"breadcrumb\":{\"@id\":\"https:\\\/\\\/informatepy.com\\\/2021\\\/2019\\\/05\\\/09\\\/organizan-un-festival-artistico-solidario\\\/#breadcrumb\"},\"inLanguage\":\"es\",\"potentialAction\":[{\"@type\":\"ReadAction\",\"target\":[\"https:\\\/\\\/informatepy.com\\\/2021\\\/2019\\\/05\\\/09\\\/organizan-un-festival-artistico-solidario\\\/\"]}]},{\"@type\":\"ImageObject\",\"inLanguage\":\"es\",\"@id\":\"https:\\\/\\\/informatepy.com\\\/2021\\\/2019\\\/05\\\/09\\\/organizan-un-festival-artistico-solidario\\\/#primaryimage\",\"url\":\"https:\\\/\\\/i0.wp.com\\\/informatepy.com\\\/2021\\\/wp-content\\\/uploads\\\/2021\\\/05\\\/festival-AyudArte.jpg?fit=720%2C1053&ssl=1\",\"contentUrl\":\"https:\\\/\\\/i0.wp.com\\\/informatepy.com\\\/2021\\\/wp-content\\\/uploads\\\/2021\\\/05\\\/festival-AyudArte.jpg?fit=720%2C1053&ssl=1\",\"width\":720,\"height\":1053},{\"@type\":\"BreadcrumbList\",\"@id\":\"https:\\\/\\\/informatepy.com\\\/2021\\\/2019\\\/05\\\/09\\\/organizan-un-festival-artistico-solidario\\\/#breadcrumb\",\"itemListElement\":[{\"@type\":\"ListItem\",\"position\":1,\"name\":\"Portada\",\"item\":\"https:\\\/\\\/informatepy.com\\\/2021\\\/\"},{\"@type\":\"ListItem\",\"position\":2,\"name\":\"Organizan un \u00abFestival Art\u00edstico Solidario\u00bb\"}]},{\"@type\":\"WebSite\",\"@id\":\"https:\\\/\\\/informatepy.com\\\/2021\\\/#website\",\"url\":\"https:\\\/\\\/informatepy.com\\\/2021\\\/\",\"name\":\"Informatepy\",\"description\":\"La verdad, siempre!\",\"publisher\":{\"@id\":\"https:\\\/\\\/informatepy.com\\\/2021\\\/#\\\/schema\\\/person\\\/edd302c981d6ba4596191719d1025a8a\"},\"potentialAction\":[{\"@type\":\"SearchAction\",\"target\":{\"@type\":\"EntryPoint\",\"urlTemplate\":\"https:\\\/\\\/informatepy.com\\\/2021\\\/?s={search_term_string}\"},\"query-input\":{\"@type\":\"PropertyValueSpecification\",\"valueRequired\":true,\"valueName\":\"search_term_string\"}}],\"inLanguage\":\"es\"},{\"@type\":[\"Person\",\"Organization\"],\"@id\":\"https:\\\/\\\/informatepy.com\\\/2021\\\/#\\\/schema\\\/person\\\/edd302c981d6ba4596191719d1025a8a\",\"name\":\"admin\",\"image\":{\"@type\":\"ImageObject\",\"inLanguage\":\"es\",\"@id\":\"https:\\\/\\\/secure.gravatar.com\\\/avatar\\\/5310f602b6cbcfb86e030c4ccdbb78f6565a3b9bab6a74ab80fd3cb5428b65af?s=96&d=mm&r=g\",\"url\":\"https:\\\/\\\/secure.gravatar.com\\\/avatar\\\/5310f602b6cbcfb86e030c4ccdbb78f6565a3b9bab6a74ab80fd3cb5428b65af?s=96&d=mm&r=g\",\"contentUrl\":\"https:\\\/\\\/secure.gravatar.com\\\/avatar\\\/5310f602b6cbcfb86e030c4ccdbb78f6565a3b9bab6a74ab80fd3cb5428b65af?s=96&d=mm&r=g\",\"caption\":\"admin\"},\"logo\":{\"@id\":\"https:\\\/\\\/secure.gravatar.com\\\/avatar\\\/5310f602b6cbcfb86e030c4ccdbb78f6565a3b9bab6a74ab80fd3cb5428b65af?s=96&d=mm&r=g\"},\"sameAs\":[\"http:\\\/\\\/informatepy.com\\\/2021\"],\"url\":\"https:\\\/\\\/informatepy.com\\\/2021\\\/author\\\/admin\\\/\"}]}<\/script>\n<!-- \/ Yoast SEO plugin. -->","yoast_head_json":{"title":"Organizan un \"Festival Art\u00edstico Solidario\" - Informatepy","robots":{"index":"index","follow":"follow","max-snippet":"max-snippet:-1","max-image-preview":"max-image-preview:large","max-video-preview":"max-video-preview:-1"},"canonical":"https:\/\/informatepy.com\/2021\/2019\/05\/09\/organizan-un-festival-artistico-solidario\/","og_locale":"es_ES","og_type":"article","og_title":"Organizan un \"Festival Art\u00edstico Solidario\" - Informatepy","og_description":"La fundaci\u00f3n Guaran\u00ed y la Academia de Danzas \u00abPetronita Vinader\u00bb, est\u00e1n organizando un festival art\u00edstico solidario a total beneficio de los damnificados por la crecida del r\u00edo Paraguay. El mismo tendr\u00e1 lugar el pr\u00f3ximo lunes 13 de mayo a las 19 hs, en el Teatro Ignacio A. Pane y la velada contar\u00e1 con muchos artistas [&hellip;]","og_url":"https:\/\/informatepy.com\/2021\/2019\/05\/09\/organizan-un-festival-artistico-solidario\/","og_site_name":"Informatepy","article_published_time":"2019-05-09T20:19:00+00:00","article_modified_time":"2021-02-09T00:43:58+00:00","og_image":[{"width":720,"height":1053,"url":"https:\/\/i2.wp.com\/informatepy.com\/2021\/wp-content\/uploads\/2021\/05\/festival-AyudArte.jpg?fit=720%2C1053&ssl=1","type":"image\/jpeg"}],"author":"admin","twitter_card":"summary_large_image","twitter_misc":{"Escrito por":"admin","Tiempo de lectura":"1 minuto"},"schema":{"@context":"https:\/\/schema.org","@graph":[{"@type":"Article","@id":"https:\/\/informatepy.com\/2021\/2019\/05\/09\/organizan-un-festival-artistico-solidario\/#article","isPartOf":{"@id":"https:\/\/informatepy.com\/2021\/2019\/05\/09\/organizan-un-festival-artistico-solidario\/"},"author":{"name":"admin","@id":"https:\/\/informatepy.com\/2021\/#\/schema\/person\/edd302c981d6ba4596191719d1025a8a"},"headline":"Organizan un \u00abFestival Art\u00edstico Solidario\u00bb","datePublished":"2019-05-09T20:19:00+00:00","dateModified":"2021-02-09T00:43:58+00:00","mainEntityOfPage":{"@id":"https:\/\/informatepy.com\/2021\/2019\/05\/09\/organizan-un-festival-artistico-solidario\/"},"wordCount":141,"commentCount":0,"publisher":{"@id":"https:\/\/informatepy.com\/2021\/#\/schema\/person\/edd302c981d6ba4596191719d1025a8a"},"image":{"@id":"https:\/\/informatepy.com\/2021\/2019\/05\/09\/organizan-un-festival-artistico-solidario\/#primaryimage"},"thumbnailUrl":"https:\/\/i0.wp.com\/informatepy.com\/2021\/wp-content\/uploads\/2021\/05\/festival-AyudArte.jpg?fit=720%2C1053&ssl=1","keywords":["inundados"],"articleSection":["Municipales"],"inLanguage":"es","potentialAction":[{"@type":"CommentAction","name":"Comment","target":["https:\/\/informatepy.com\/2021\/2019\/05\/09\/organizan-un-festival-artistico-solidario\/#respond"]}]},{"@type":"WebPage","@id":"https:\/\/informatepy.com\/2021\/2019\/05\/09\/organizan-un-festival-artistico-solidario\/","url":"https:\/\/informatepy.com\/2021\/2019\/05\/09\/organizan-un-festival-artistico-solidario\/","name":"Organizan un \"Festival Art\u00edstico Solidario\" - Informatepy","isPartOf":{"@id":"https:\/\/informatepy.com\/2021\/#website"},"primaryImageOfPage":{"@id":"https:\/\/informatepy.com\/2021\/2019\/05\/09\/organizan-un-festival-artistico-solidario\/#primaryimage"},"image":{"@id":"https:\/\/informatepy.com\/2021\/2019\/05\/09\/organizan-un-festival-artistico-solidario\/#primaryimage"},"thumbnailUrl":"https:\/\/i0.wp.com\/informatepy.com\/2021\/wp-content\/uploads\/2021\/05\/festival-AyudArte.jpg?fit=720%2C1053&ssl=1","datePublished":"2019-05-09T20:19:00+00:00","dateModified":"2021-02-09T00:43:58+00:00","breadcrumb":{"@id":"https:\/\/informatepy.com\/2021\/2019\/05\/09\/organizan-un-festival-artistico-solidario\/#breadcrumb"},"inLanguage":"es","potentialAction":[{"@type":"ReadAction","target":["https:\/\/informatepy.com\/2021\/2019\/05\/09\/organizan-un-festival-artistico-solidario\/"]}]},{"@type":"ImageObject","inLanguage":"es","@id":"https:\/\/informatepy.com\/2021\/2019\/05\/09\/organizan-un-festival-artistico-solidario\/#primaryimage","url":"https:\/\/i0.wp.com\/informatepy.com\/2021\/wp-content\/uploads\/2021\/05\/festival-AyudArte.jpg?fit=720%2C1053&ssl=1","contentUrl":"https:\/\/i0.wp.com\/informatepy.com\/2021\/wp-content\/uploads\/2021\/05\/festival-AyudArte.jpg?fit=720%2C1053&ssl=1","width":720,"height":1053},{"@type":"BreadcrumbList","@id":"https:\/\/informatepy.com\/2021\/2019\/05\/09\/organizan-un-festival-artistico-solidario\/#breadcrumb","itemListElement":[{"@type":"ListItem","position":1,"name":"Portada","item":"https:\/\/informatepy.com\/2021\/"},{"@type":"ListItem","position":2,"name":"Organizan un \u00abFestival Art\u00edstico Solidario\u00bb"}]},{"@type":"WebSite","@id":"https:\/\/informatepy.com\/2021\/#website","url":"https:\/\/informatepy.com\/2021\/","name":"Informatepy","description":"La verdad, siempre!","publisher":{"@id":"https:\/\/informatepy.com\/2021\/#\/schema\/person\/edd302c981d6ba4596191719d1025a8a"},"potentialAction":[{"@type":"SearchAction","target":{"@type":"EntryPoint","urlTemplate":"https:\/\/informatepy.com\/2021\/?s={search_term_string}"},"query-input":{"@type":"PropertyValueSpecification","valueRequired":true,"valueName":"search_term_string"}}],"inLanguage":"es"},{"@type":["Person","Organization"],"@id":"https:\/\/informatepy.com\/2021\/#\/schema\/person\/edd302c981d6ba4596191719d1025a8a","name":"admin","image":{"@type":"ImageObject","inLanguage":"es","@id":"https:\/\/secure.gravatar.com\/avatar\/5310f602b6cbcfb86e030c4ccdbb78f6565a3b9bab6a74ab80fd3cb5428b65af?s=96&d=mm&r=g","url":"https:\/\/secure.gravatar.com\/avatar\/5310f602b6cbcfb86e030c4ccdbb78f6565a3b9bab6a74ab80fd3cb5428b65af?s=96&d=mm&r=g","contentUrl":"https:\/\/secure.gravatar.com\/avatar\/5310f602b6cbcfb86e030c4ccdbb78f6565a3b9bab6a74ab80fd3cb5428b65af?s=96&d=mm&r=g","caption":"admin"},"logo":{"@id":"https:\/\/secure.gravatar.com\/avatar\/5310f602b6cbcfb86e030c4ccdbb78f6565a3b9bab6a74ab80fd3cb5428b65af?s=96&d=mm&r=g"},"sameAs":["http:\/\/informatepy.com\/2021"],"url":"https:\/\/informatepy.com\/2021\/author\/admin\/"}]}},"jetpack_featured_media_url":"https:\/\/i0.wp.com\/informatepy.com\/2021\/wp-content\/uploads\/2021\/05\/festival-AyudArte.jpg?fit=720%2C1053&ssl=1","jetpack_sharing_enabled":true,"jetpack_likes_enabled":true,"jetpack-related-posts":[{"id":11357,"url":"https:\/\/informatepy.com\/2021\/2022\/04\/26\/segundo-concierto-de-la-orquesta-sinfonica-del-congreso-en-el-teatro-municipal\/","url_meta":{"origin":1130,"position":0},"title":"Segundo concierto de la Orquesta Sinf\u00f3nica del Congreso en el Teatro Municipal","date":"26 de abril de 2022","format":false,"excerpt":"La Orquesta Sinf\u00f3nica del Congreso Nacional, dirigida por el maestro Diego S\u00e1nchez Haase, ofrecer\u00e1 su segundo concierto del Ciclo Oficial Internacional 2022, el pr\u00f3ximo viernes 29 de abril, a las 20:00, en el Teatro Municipal \u201cIgnacio A. Pane\u201d, con acceso libre y gratuito para todo p\u00fablico. El concierto se titula\u2026","rel":"","context":"En \u00abCultura\u00bb","img":{"alt_text":"","src":"https:\/\/i0.wp.com\/informatepy.com\/2021\/wp-content\/uploads\/2022\/04\/sinfonica-congreso.jpg?fit=960%2C440&ssl=1&resize=350%2C200","width":350,"height":200},"classes":[]},{"id":8906,"url":"https:\/\/informatepy.com\/2021\/2021\/12\/19\/actividades-al-aire-libre-con-el-ciclo-navideno-de-culturaasu\/","url_meta":{"origin":1130,"position":1},"title":"Actividades al aire libre con el Ciclo Navide\u00f1o de CulturaAsu","date":"19 de diciembre de 2021","format":false,"excerpt":"Potenciando una diversa oferta cultural, la Direcci\u00f3n General de Cultura y Turismo de la Municipalidad de Asunci\u00f3n prosigue la programaci\u00f3n oficial del\u00a0Ciclo Compartiendo la Navidad,\u00a0con actividades que abarcar\u00e1n hasta el jueves 23 de diciembre, llegando a distintos espacios del microcentro de la Capital y alrededores, a trav\u00e9s de actividades para\u2026","rel":"","context":"En \u00abMunicipales\u00bb","img":{"alt_text":"","src":"https:\/\/i0.wp.com\/informatepy.com\/2021\/wp-content\/uploads\/2021\/12\/navidad-cultura-asuncion.jpg?fit=808%2C425&ssl=1&resize=350%2C200","width":350,"height":200},"classes":[]},{"id":10109,"url":"https:\/\/informatepy.com\/2021\/2022\/02\/15\/san-remo-cuesta-otra-bofetada-para-la-dictadura-cubana\/","url_meta":{"origin":1130,"position":2},"title":"San Remo-Cuesta, otra bofetada para la dictadura cubana","date":"15 de febrero de 2022","format":false,"excerpt":"Hay que aprender a distinguir, San Remo Music Festival (Italia) no es lo mismo que San Remo Music Awards (Cuba)el \u00faltimo intento de la dictadura cubana de lavar el rostro de su propio retrato de Dorian Gray caribe\u00f1o. En Paraguay dir\u00edan: \u201cque formalitos que son los dictadores\u201d tratando de distraernos\u2026","rel":"","context":"En \u00abMundo\u00bb","img":{"alt_text":"","src":"https:\/\/i0.wp.com\/informatepy.com\/2021\/wp-content\/uploads\/2022\/02\/festival-san-remo-cuba.jpg?fit=1024%2C768&ssl=1&resize=350%2C200","width":350,"height":200},"classes":[]},{"id":6853,"url":"https:\/\/informatepy.com\/2021\/2021\/08\/30\/juventudes-pro-vida-organizan-baby-shower-solidario-para-embarazadas-de-bajos-recursos\/","url_meta":{"origin":1130,"position":3},"title":"Juventudes Pro Vida organizan \u201cBaby Shower Solidario\u201d para embarazadas de escasos recursos","date":"30 de agosto de 2021","format":false,"excerpt":"Desde \"Juventud Provida Py\u201d y \u201cToda Vida Vale\u201d invitan a todos a participar del \u201cBaby Shower Solidario\u201d que busca atender, en esta ocasi\u00f3n, las necesidades de ocho madres en situaci\u00f3n de vulnerabilidad; madres solteras o que no tienen los medios necesarios para hacer frente a las necesidades de los beb\u00e9s\u2026","rel":"","context":"En \u00abNacionales\u00bb","img":{"alt_text":"","src":"https:\/\/i0.wp.com\/informatepy.com\/2021\/wp-content\/uploads\/2021\/08\/baby-shower.jpg?fit=1080%2C1080&ssl=1&resize=350%2C200","width":350,"height":200},"classes":[]},{"id":10694,"url":"https:\/\/informatepy.com\/2021\/2022\/03\/18\/cubano-emigrados-residentes-en-paraguay-juntan-firmas-en-apoyo-a-la-propuesta-del-concejal-alvarenga-de-renombrar-la-calle-ernesto-guevara\/","url_meta":{"origin":1130,"position":4},"title":"Cubanos emigrados residentes en Paraguay, juntan firmas en apoyo a la propuesta del concejal Alvarenga de renombrar la calle Ernesto Guevara","date":"18 de marzo de 2022","format":false,"excerpt":"Apenas se conoci\u00f3 la minuta presentada por el concejal Jos\u00e9 Alvarenga Bonzi, donde solicita a la municipalidad de Asunci\u00f3n el cambio de nombre de la calle Ernesto Guevara; la comunidad cubana residente en nuestro pa\u00eds se organiz\u00f3 y comenz\u00f3 a recolectar apoyos a trav\u00e9s de la plataforma ChangeOrg para que\u2026","rel":"","context":"En \u00abMunicipales\u00bb","img":{"alt_text":"","src":"https:\/\/i0.wp.com\/informatepy.com\/2021\/wp-content\/uploads\/2022\/03\/El-Che-disparando.jpg?fit=1000%2C631&ssl=1&resize=350%2C200","width":350,"height":200},"classes":[]},{"id":7048,"url":"https:\/\/informatepy.com\/2021\/2021\/09\/09\/carne-paraguaya-se-destaco-en-el-festival-de-medio-otono-en-taiwan\/","url_meta":{"origin":1130,"position":5},"title":"Carne paraguaya se destac\u00f3 en Feria Cultural para los Aliados Diplom\u00e1ticos de Taiw\u00e1n","date":"9 de septiembre de 2021","format":false,"excerpt":"Con motivo de promocionar productos de pa\u00edses aliados diplom\u00e1ticos, el pasado 3 de setiembre en Taiw\u00e1n, se realiz\u00f3 el lanzamiento de canastas con ingredientes frescos de alta calidad y entre estos, principalmente la carne de res paraguaya, a fin de consumirlos durante el Festival de Medio Oto\u00f1o. Se espera de\u2026","rel":"","context":"En \u00abNacionales\u00bb","img":{"alt_text":"","src":"https:\/\/i0.wp.com\/informatepy.com\/2021\/wp-content\/uploads\/2021\/09\/carne-paraguaya-en-taiwan.jpg?fit=1200%2C800&ssl=1&resize=350%2C200","width":350,"height":200},"classes":[]}],"authors":[{"term_id":1039,"user_id":1,"is_guest":0,"slug":"admin","display_name":"admin","avatar_url":"https:\/\/secure.gravatar.com\/avatar\/5310f602b6cbcfb86e030c4ccdbb78f6565a3b9bab6a74ab80fd3cb5428b65af?s=96&d=mm&r=g","first_name":"","last_name":"","user_url":"http:\/\/informatepy.com\/2021","description":""}],"amp_enabled":true,"_links":{"self":[{"href":"https:\/\/informatepy.com\/2021\/wp-json\/wp\/v2\/posts\/1130","targetHints":{"allow":["GET"]}}],"collection":[{"href":"https:\/\/informatepy.com\/2021\/wp-json\/wp\/v2\/posts"}],"about":[{"href":"https:\/\/informatepy.com\/2021\/wp-json\/wp\/v2\/types\/post"}],"author":[{"embeddable":true,"href":"https:\/\/informatepy.com\/2021\/wp-json\/wp\/v2\/users\/1"}],"replies":[{"embeddable":true,"href":"https:\/\/informatepy.com\/2021\/wp-json\/wp\/v2\/comments?post=1130"}],"version-history":[{"count":1,"href":"https:\/\/informatepy.com\/2021\/wp-json\/wp\/v2\/posts\/1130\/revisions"}],"predecessor-version":[{"id":2970,"href":"https:\/\/informatepy.com\/2021\/wp-json\/wp\/v2\/posts\/1130\/revisions\/2970"}],"wp:featuredmedia":[{"embeddable":true,"href":"https:\/\/informatepy.com\/2021\/wp-json\/wp\/v2\/media\/1131"}],"wp:attachment":[{"href":"https:\/\/informatepy.com\/2021\/wp-json\/wp\/v2\/media?parent=1130"}],"wp:term":[{"taxonomy":"category","embeddable":true,"href":"https:\/\/informatepy.com\/2021\/wp-json\/wp\/v2\/categories?post=1130"},{"taxonomy":"post_tag","embeddable":true,"href":"https:\/\/informatepy.com\/2021\/wp-json\/wp\/v2\/tags?post=1130"},{"taxonomy":"author","embeddable":true,"href":"https:\/\/informatepy.com\/2021\/wp-json\/wp\/v2\/ppma_author?post=1130"}],"curies":[{"name":"wp","href":"https:\/\/api.w.org\/{rel}","templated":true}]}}