{"id":11267,"date":"2022-04-22T08:15:00","date_gmt":"2022-04-22T11:15:00","guid":{"rendered":"https:\/\/informatepy.com\/2021\/?p=11267"},"modified":"2022-04-21T19:07:43","modified_gmt":"2022-04-21T22:07:43","slug":"a-30-dias-de-su-lanzamiento-cierran-la-senal-cnn","status":"publish","type":"post","link":"https:\/\/informatepy.com\/2021\/2022\/04\/22\/a-30-dias-de-su-lanzamiento-cierran-la-senal-cnn\/","title":{"rendered":"A 30 d\u00edas de su lanzamiento, cierran la se\u00f1al CNN+"},"content":{"rendered":"\n<p class=\"has-text-align-justify\">Medios norteamericanos dieron a conocer que la plataforma de televisi\u00f3n de pago CNN+ dejar\u00e1 de emitir el pr\u00f3ximo 30 de abril, apenas un mes despu\u00e9s de iniciar su aventura.<\/p>\n\n\n\n<p class=\"has-text-align-justify\">Este anuncio se produce solo una semana despu\u00e9s de que Warner Media, a quien pertenece la CNN, fuera adquirida por Discovery Communications. Al parecer, los ejecutivos de Discovery no ve\u00edan con buenos ojos la estrategia del servicio de pago.<\/p>\n\n\n\n<p class=\"has-text-align-justify\">Seg\u00fan el canal CNBC, <strong>s\u00f3lo 10.000 personas ve\u00edan diariamente el nuevo canal<\/strong>. <strong><em>\u00abEsta no es una decisi\u00f3n sobre la calidad; apreciamos todo el trabajo, la ambici\u00f3n y la creatividad que se han dedicado a construir CNN+, una organizaci\u00f3n con un gran talento y una programaci\u00f3n atractiva\u00bb<\/em><\/strong>, dijo el director ejecutivo de CNN Worldwide, Chris Linch, en un comunicado citado por CNBC.<\/p>\n","protected":false},"excerpt":{"rendered":"<p>La cadena de televisi\u00f3n realiz\u00f3 una inversi\u00f3n que asciende a 100 millones de d\u00f3lares, su mayor inversi\u00f3n en nueva programaci\u00f3n desde su fundaci\u00f3n en 1980.<\/p>\n","protected":false},"author":4,"featured_media":11268,"comment_status":"open","ping_status":"open","sticky":false,"template":"","format":"standard","meta":{"_monsterinsights_skip_tracking":false,"_monsterinsights_sitenote_active":false,"_monsterinsights_sitenote_note":"","_monsterinsights_sitenote_category":0,"footnotes":"","jetpack_publicize_message":"","jetpack_is_tweetstorm":false,"jetpack_publicize_feature_enabled":true},"categories":[173],"tags":[997,1036,1061,651],"ppma_author":[1051],"class_list":["post-11267","post","type-post","status-publish","format-standard","has-post-thumbnail","hentry","category-mundo","tag-cnn","tag-destacada","tag-medios-de-comunicacion","tag-medios-de-prensa"],"jetpack_publicize_connections":[],"yoast_head":"<!-- This site is optimized with the Yoast SEO plugin v27.5 - https:\/\/yoast.com\/product\/yoast-seo-wordpress\/ -->\n<title>A 30 d\u00edas de su lanzamiento, cierran la se\u00f1al CNN+ - Informatepy<\/title>\n<meta name=\"robots\" content=\"index, follow, max-snippet:-1, max-image-preview:large, max-video-preview:-1\" \/>\n<link rel=\"canonical\" href=\"https:\/\/informatepy.com\/2021\/2022\/04\/22\/a-30-dias-de-su-lanzamiento-cierran-la-senal-cnn\/\" \/>\n<meta property=\"og:locale\" content=\"es_ES\" \/>\n<meta property=\"og:type\" content=\"article\" \/>\n<meta property=\"og:title\" content=\"A 30 d\u00edas de su lanzamiento, cierran la se\u00f1al CNN+ - Informatepy\" \/>\n<meta property=\"og:description\" content=\"La cadena de televisi\u00f3n realiz\u00f3 una inversi\u00f3n que asciende a 100 millones de d\u00f3lares, su mayor inversi\u00f3n en nueva programaci\u00f3n desde su fundaci\u00f3n en 1980.\" \/>\n<meta property=\"og:url\" content=\"https:\/\/informatepy.com\/2021\/2022\/04\/22\/a-30-dias-de-su-lanzamiento-cierran-la-senal-cnn\/\" \/>\n<meta property=\"og:site_name\" content=\"Informatepy\" \/>\n<meta property=\"article:author\" content=\"https:\/\/www.facebook.com\/InformatePyCom\" \/>\n<meta property=\"article:published_time\" content=\"2022-04-22T11:15:00+00:00\" \/>\n<meta property=\"og:image\" content=\"https:\/\/i0.wp.com\/informatepy.com\/2021\/wp-content\/uploads\/2022\/04\/cnn-plus.webp?fit=936%2C527&ssl=1\" \/>\n\t<meta property=\"og:image:width\" content=\"936\" \/>\n\t<meta property=\"og:image:height\" content=\"527\" \/>\n\t<meta property=\"og:image:type\" content=\"image\/webp\" \/>\n<meta name=\"author\" content=\"Redacci\u00f3n\" \/>\n<meta name=\"twitter:card\" content=\"summary_large_image\" \/>\n<meta name=\"twitter:creator\" content=\"@https:\/\/twitter.com\/InformatePy1\" \/>\n<meta name=\"twitter:label1\" content=\"Escrito por\" \/>\n\t<meta name=\"twitter:data1\" content=\"Redacci\u00f3n\" \/>\n\t<meta name=\"twitter:label2\" content=\"Tiempo de lectura\" \/>\n\t<meta name=\"twitter:data2\" content=\"1 minuto\" \/>\n<script type=\"application\/ld+json\" class=\"yoast-schema-graph\">{\"@context\":\"https:\\\/\\\/schema.org\",\"@graph\":[{\"@type\":\"Article\",\"@id\":\"https:\\\/\\\/informatepy.com\\\/2021\\\/2022\\\/04\\\/22\\\/a-30-dias-de-su-lanzamiento-cierran-la-senal-cnn\\\/#article\",\"isPartOf\":{\"@id\":\"https:\\\/\\\/informatepy.com\\\/2021\\\/2022\\\/04\\\/22\\\/a-30-dias-de-su-lanzamiento-cierran-la-senal-cnn\\\/\"},\"author\":{\"name\":\"Redacci\u00f3n\",\"@id\":\"https:\\\/\\\/informatepy.com\\\/2021\\\/#\\\/schema\\\/person\\\/0c842f525f84ea74ef3b44370d11757b\"},\"headline\":\"A 30 d\u00edas de su lanzamiento, cierran la se\u00f1al CNN+\",\"datePublished\":\"2022-04-22T11:15:00+00:00\",\"mainEntityOfPage\":{\"@id\":\"https:\\\/\\\/informatepy.com\\\/2021\\\/2022\\\/04\\\/22\\\/a-30-dias-de-su-lanzamiento-cierran-la-senal-cnn\\\/\"},\"wordCount\":150,\"commentCount\":0,\"publisher\":{\"@id\":\"https:\\\/\\\/informatepy.com\\\/2021\\\/#\\\/schema\\\/person\\\/edd302c981d6ba4596191719d1025a8a\"},\"image\":{\"@id\":\"https:\\\/\\\/informatepy.com\\\/2021\\\/2022\\\/04\\\/22\\\/a-30-dias-de-su-lanzamiento-cierran-la-senal-cnn\\\/#primaryimage\"},\"thumbnailUrl\":\"https:\\\/\\\/i0.wp.com\\\/informatepy.com\\\/2021\\\/wp-content\\\/uploads\\\/2022\\\/04\\\/cnn-plus.webp?fit=936%2C527&ssl=1\",\"keywords\":[\"cnn\",\"destacada\",\"medios de comunicacion\",\"medios de prensa\"],\"articleSection\":[\"Mundo\"],\"inLanguage\":\"es\",\"potentialAction\":[{\"@type\":\"CommentAction\",\"name\":\"Comment\",\"target\":[\"https:\\\/\\\/informatepy.com\\\/2021\\\/2022\\\/04\\\/22\\\/a-30-dias-de-su-lanzamiento-cierran-la-senal-cnn\\\/#respond\"]}]},{\"@type\":\"WebPage\",\"@id\":\"https:\\\/\\\/informatepy.com\\\/2021\\\/2022\\\/04\\\/22\\\/a-30-dias-de-su-lanzamiento-cierran-la-senal-cnn\\\/\",\"url\":\"https:\\\/\\\/informatepy.com\\\/2021\\\/2022\\\/04\\\/22\\\/a-30-dias-de-su-lanzamiento-cierran-la-senal-cnn\\\/\",\"name\":\"A 30 d\u00edas de su lanzamiento, cierran la se\u00f1al CNN+ - Informatepy\",\"isPartOf\":{\"@id\":\"https:\\\/\\\/informatepy.com\\\/2021\\\/#website\"},\"primaryImageOfPage\":{\"@id\":\"https:\\\/\\\/informatepy.com\\\/2021\\\/2022\\\/04\\\/22\\\/a-30-dias-de-su-lanzamiento-cierran-la-senal-cnn\\\/#primaryimage\"},\"image\":{\"@id\":\"https:\\\/\\\/informatepy.com\\\/2021\\\/2022\\\/04\\\/22\\\/a-30-dias-de-su-lanzamiento-cierran-la-senal-cnn\\\/#primaryimage\"},\"thumbnailUrl\":\"https:\\\/\\\/i0.wp.com\\\/informatepy.com\\\/2021\\\/wp-content\\\/uploads\\\/2022\\\/04\\\/cnn-plus.webp?fit=936%2C527&ssl=1\",\"datePublished\":\"2022-04-22T11:15:00+00:00\",\"breadcrumb\":{\"@id\":\"https:\\\/\\\/informatepy.com\\\/2021\\\/2022\\\/04\\\/22\\\/a-30-dias-de-su-lanzamiento-cierran-la-senal-cnn\\\/#breadcrumb\"},\"inLanguage\":\"es\",\"potentialAction\":[{\"@type\":\"ReadAction\",\"target\":[\"https:\\\/\\\/informatepy.com\\\/2021\\\/2022\\\/04\\\/22\\\/a-30-dias-de-su-lanzamiento-cierran-la-senal-cnn\\\/\"]}]},{\"@type\":\"ImageObject\",\"inLanguage\":\"es\",\"@id\":\"https:\\\/\\\/informatepy.com\\\/2021\\\/2022\\\/04\\\/22\\\/a-30-dias-de-su-lanzamiento-cierran-la-senal-cnn\\\/#primaryimage\",\"url\":\"https:\\\/\\\/i0.wp.com\\\/informatepy.com\\\/2021\\\/wp-content\\\/uploads\\\/2022\\\/04\\\/cnn-plus.webp?fit=936%2C527&ssl=1\",\"contentUrl\":\"https:\\\/\\\/i0.wp.com\\\/informatepy.com\\\/2021\\\/wp-content\\\/uploads\\\/2022\\\/04\\\/cnn-plus.webp?fit=936%2C527&ssl=1\",\"width\":936,\"height\":527},{\"@type\":\"BreadcrumbList\",\"@id\":\"https:\\\/\\\/informatepy.com\\\/2021\\\/2022\\\/04\\\/22\\\/a-30-dias-de-su-lanzamiento-cierran-la-senal-cnn\\\/#breadcrumb\",\"itemListElement\":[{\"@type\":\"ListItem\",\"position\":1,\"name\":\"Portada\",\"item\":\"https:\\\/\\\/informatepy.com\\\/2021\\\/\"},{\"@type\":\"ListItem\",\"position\":2,\"name\":\"A 30 d\u00edas de su lanzamiento, cierran la se\u00f1al CNN+\"}]},{\"@type\":\"WebSite\",\"@id\":\"https:\\\/\\\/informatepy.com\\\/2021\\\/#website\",\"url\":\"https:\\\/\\\/informatepy.com\\\/2021\\\/\",\"name\":\"Informatepy\",\"description\":\"La verdad, siempre!\",\"publisher\":{\"@id\":\"https:\\\/\\\/informatepy.com\\\/2021\\\/#\\\/schema\\\/person\\\/edd302c981d6ba4596191719d1025a8a\"},\"potentialAction\":[{\"@type\":\"SearchAction\",\"target\":{\"@type\":\"EntryPoint\",\"urlTemplate\":\"https:\\\/\\\/informatepy.com\\\/2021\\\/?s={search_term_string}\"},\"query-input\":{\"@type\":\"PropertyValueSpecification\",\"valueRequired\":true,\"valueName\":\"search_term_string\"}}],\"inLanguage\":\"es\"},{\"@type\":[\"Person\",\"Organization\"],\"@id\":\"https:\\\/\\\/informatepy.com\\\/2021\\\/#\\\/schema\\\/person\\\/edd302c981d6ba4596191719d1025a8a\",\"name\":\"admin\",\"image\":{\"@type\":\"ImageObject\",\"inLanguage\":\"es\",\"@id\":\"https:\\\/\\\/secure.gravatar.com\\\/avatar\\\/5310f602b6cbcfb86e030c4ccdbb78f6565a3b9bab6a74ab80fd3cb5428b65af?s=96&d=mm&r=g\",\"url\":\"https:\\\/\\\/secure.gravatar.com\\\/avatar\\\/5310f602b6cbcfb86e030c4ccdbb78f6565a3b9bab6a74ab80fd3cb5428b65af?s=96&d=mm&r=g\",\"contentUrl\":\"https:\\\/\\\/secure.gravatar.com\\\/avatar\\\/5310f602b6cbcfb86e030c4ccdbb78f6565a3b9bab6a74ab80fd3cb5428b65af?s=96&d=mm&r=g\",\"caption\":\"admin\"},\"logo\":{\"@id\":\"https:\\\/\\\/secure.gravatar.com\\\/avatar\\\/5310f602b6cbcfb86e030c4ccdbb78f6565a3b9bab6a74ab80fd3cb5428b65af?s=96&d=mm&r=g\"},\"sameAs\":[\"http:\\\/\\\/informatepy.com\\\/2021\"]},{\"@type\":\"Person\",\"@id\":\"https:\\\/\\\/informatepy.com\\\/2021\\\/#\\\/schema\\\/person\\\/0c842f525f84ea74ef3b44370d11757b\",\"name\":\"Redacci\u00f3n\",\"image\":{\"@type\":\"ImageObject\",\"inLanguage\":\"es\",\"@id\":\"https:\\\/\\\/i0.wp.com\\\/informatepy.com\\\/2021\\\/wp-content\\\/uploads\\\/2021\\\/02\\\/informate-circulo.png?fit=96%2C96&ssl=1\",\"url\":\"https:\\\/\\\/i0.wp.com\\\/informatepy.com\\\/2021\\\/wp-content\\\/uploads\\\/2021\\\/02\\\/informate-circulo.png?fit=96%2C96&ssl=1\",\"contentUrl\":\"https:\\\/\\\/i0.wp.com\\\/informatepy.com\\\/2021\\\/wp-content\\\/uploads\\\/2021\\\/02\\\/informate-circulo.png?fit=96%2C96&ssl=1\",\"caption\":\"Redacci\u00f3n\"},\"sameAs\":[\"https:\\\/\\\/www.facebook.com\\\/InformatePyCom\",\"https:\\\/\\\/x.com\\\/https:\\\/\\\/twitter.com\\\/InformatePy1\"],\"url\":\"https:\\\/\\\/informatepy.com\\\/2021\\\/author\\\/redaccion\\\/\"}]}<\/script>\n<!-- \/ Yoast SEO plugin. -->","yoast_head_json":{"title":"A 30 d\u00edas de su lanzamiento, cierran la se\u00f1al CNN+ - Informatepy","robots":{"index":"index","follow":"follow","max-snippet":"max-snippet:-1","max-image-preview":"max-image-preview:large","max-video-preview":"max-video-preview:-1"},"canonical":"https:\/\/informatepy.com\/2021\/2022\/04\/22\/a-30-dias-de-su-lanzamiento-cierran-la-senal-cnn\/","og_locale":"es_ES","og_type":"article","og_title":"A 30 d\u00edas de su lanzamiento, cierran la se\u00f1al CNN+ - Informatepy","og_description":"La cadena de televisi\u00f3n realiz\u00f3 una inversi\u00f3n que asciende a 100 millones de d\u00f3lares, su mayor inversi\u00f3n en nueva programaci\u00f3n desde su fundaci\u00f3n en 1980.","og_url":"https:\/\/informatepy.com\/2021\/2022\/04\/22\/a-30-dias-de-su-lanzamiento-cierran-la-senal-cnn\/","og_site_name":"Informatepy","article_author":"https:\/\/www.facebook.com\/InformatePyCom","article_published_time":"2022-04-22T11:15:00+00:00","og_image":[{"width":936,"height":527,"url":"https:\/\/i0.wp.com\/informatepy.com\/2021\/wp-content\/uploads\/2022\/04\/cnn-plus.webp?fit=936%2C527&ssl=1","type":"image\/webp"}],"author":"Redacci\u00f3n","twitter_card":"summary_large_image","twitter_creator":"@https:\/\/twitter.com\/InformatePy1","twitter_misc":{"Escrito por":"Redacci\u00f3n","Tiempo de lectura":"1 minuto"},"schema":{"@context":"https:\/\/schema.org","@graph":[{"@type":"Article","@id":"https:\/\/informatepy.com\/2021\/2022\/04\/22\/a-30-dias-de-su-lanzamiento-cierran-la-senal-cnn\/#article","isPartOf":{"@id":"https:\/\/informatepy.com\/2021\/2022\/04\/22\/a-30-dias-de-su-lanzamiento-cierran-la-senal-cnn\/"},"author":{"name":"Redacci\u00f3n","@id":"https:\/\/informatepy.com\/2021\/#\/schema\/person\/0c842f525f84ea74ef3b44370d11757b"},"headline":"A 30 d\u00edas de su lanzamiento, cierran la se\u00f1al CNN+","datePublished":"2022-04-22T11:15:00+00:00","mainEntityOfPage":{"@id":"https:\/\/informatepy.com\/2021\/2022\/04\/22\/a-30-dias-de-su-lanzamiento-cierran-la-senal-cnn\/"},"wordCount":150,"commentCount":0,"publisher":{"@id":"https:\/\/informatepy.com\/2021\/#\/schema\/person\/edd302c981d6ba4596191719d1025a8a"},"image":{"@id":"https:\/\/informatepy.com\/2021\/2022\/04\/22\/a-30-dias-de-su-lanzamiento-cierran-la-senal-cnn\/#primaryimage"},"thumbnailUrl":"https:\/\/i0.wp.com\/informatepy.com\/2021\/wp-content\/uploads\/2022\/04\/cnn-plus.webp?fit=936%2C527&ssl=1","keywords":["cnn","destacada","medios de comunicacion","medios de prensa"],"articleSection":["Mundo"],"inLanguage":"es","potentialAction":[{"@type":"CommentAction","name":"Comment","target":["https:\/\/informatepy.com\/2021\/2022\/04\/22\/a-30-dias-de-su-lanzamiento-cierran-la-senal-cnn\/#respond"]}]},{"@type":"WebPage","@id":"https:\/\/informatepy.com\/2021\/2022\/04\/22\/a-30-dias-de-su-lanzamiento-cierran-la-senal-cnn\/","url":"https:\/\/informatepy.com\/2021\/2022\/04\/22\/a-30-dias-de-su-lanzamiento-cierran-la-senal-cnn\/","name":"A 30 d\u00edas de su lanzamiento, cierran la se\u00f1al CNN+ - Informatepy","isPartOf":{"@id":"https:\/\/informatepy.com\/2021\/#website"},"primaryImageOfPage":{"@id":"https:\/\/informatepy.com\/2021\/2022\/04\/22\/a-30-dias-de-su-lanzamiento-cierran-la-senal-cnn\/#primaryimage"},"image":{"@id":"https:\/\/informatepy.com\/2021\/2022\/04\/22\/a-30-dias-de-su-lanzamiento-cierran-la-senal-cnn\/#primaryimage"},"thumbnailUrl":"https:\/\/i0.wp.com\/informatepy.com\/2021\/wp-content\/uploads\/2022\/04\/cnn-plus.webp?fit=936%2C527&ssl=1","datePublished":"2022-04-22T11:15:00+00:00","breadcrumb":{"@id":"https:\/\/informatepy.com\/2021\/2022\/04\/22\/a-30-dias-de-su-lanzamiento-cierran-la-senal-cnn\/#breadcrumb"},"inLanguage":"es","potentialAction":[{"@type":"ReadAction","target":["https:\/\/informatepy.com\/2021\/2022\/04\/22\/a-30-dias-de-su-lanzamiento-cierran-la-senal-cnn\/"]}]},{"@type":"ImageObject","inLanguage":"es","@id":"https:\/\/informatepy.com\/2021\/2022\/04\/22\/a-30-dias-de-su-lanzamiento-cierran-la-senal-cnn\/#primaryimage","url":"https:\/\/i0.wp.com\/informatepy.com\/2021\/wp-content\/uploads\/2022\/04\/cnn-plus.webp?fit=936%2C527&ssl=1","contentUrl":"https:\/\/i0.wp.com\/informatepy.com\/2021\/wp-content\/uploads\/2022\/04\/cnn-plus.webp?fit=936%2C527&ssl=1","width":936,"height":527},{"@type":"BreadcrumbList","@id":"https:\/\/informatepy.com\/2021\/2022\/04\/22\/a-30-dias-de-su-lanzamiento-cierran-la-senal-cnn\/#breadcrumb","itemListElement":[{"@type":"ListItem","position":1,"name":"Portada","item":"https:\/\/informatepy.com\/2021\/"},{"@type":"ListItem","position":2,"name":"A 30 d\u00edas de su lanzamiento, cierran la se\u00f1al CNN+"}]},{"@type":"WebSite","@id":"https:\/\/informatepy.com\/2021\/#website","url":"https:\/\/informatepy.com\/2021\/","name":"Informatepy","description":"La verdad, siempre!","publisher":{"@id":"https:\/\/informatepy.com\/2021\/#\/schema\/person\/edd302c981d6ba4596191719d1025a8a"},"potentialAction":[{"@type":"SearchAction","target":{"@type":"EntryPoint","urlTemplate":"https:\/\/informatepy.com\/2021\/?s={search_term_string}"},"query-input":{"@type":"PropertyValueSpecification","valueRequired":true,"valueName":"search_term_string"}}],"inLanguage":"es"},{"@type":["Person","Organization"],"@id":"https:\/\/informatepy.com\/2021\/#\/schema\/person\/edd302c981d6ba4596191719d1025a8a","name":"admin","image":{"@type":"ImageObject","inLanguage":"es","@id":"https:\/\/secure.gravatar.com\/avatar\/5310f602b6cbcfb86e030c4ccdbb78f6565a3b9bab6a74ab80fd3cb5428b65af?s=96&d=mm&r=g","url":"https:\/\/secure.gravatar.com\/avatar\/5310f602b6cbcfb86e030c4ccdbb78f6565a3b9bab6a74ab80fd3cb5428b65af?s=96&d=mm&r=g","contentUrl":"https:\/\/secure.gravatar.com\/avatar\/5310f602b6cbcfb86e030c4ccdbb78f6565a3b9bab6a74ab80fd3cb5428b65af?s=96&d=mm&r=g","caption":"admin"},"logo":{"@id":"https:\/\/secure.gravatar.com\/avatar\/5310f602b6cbcfb86e030c4ccdbb78f6565a3b9bab6a74ab80fd3cb5428b65af?s=96&d=mm&r=g"},"sameAs":["http:\/\/informatepy.com\/2021"]},{"@type":"Person","@id":"https:\/\/informatepy.com\/2021\/#\/schema\/person\/0c842f525f84ea74ef3b44370d11757b","name":"Redacci\u00f3n","image":{"@type":"ImageObject","inLanguage":"es","@id":"https:\/\/i0.wp.com\/informatepy.com\/2021\/wp-content\/uploads\/2021\/02\/informate-circulo.png?fit=96%2C96&ssl=1","url":"https:\/\/i0.wp.com\/informatepy.com\/2021\/wp-content\/uploads\/2021\/02\/informate-circulo.png?fit=96%2C96&ssl=1","contentUrl":"https:\/\/i0.wp.com\/informatepy.com\/2021\/wp-content\/uploads\/2021\/02\/informate-circulo.png?fit=96%2C96&ssl=1","caption":"Redacci\u00f3n"},"sameAs":["https:\/\/www.facebook.com\/InformatePyCom","https:\/\/x.com\/https:\/\/twitter.com\/InformatePy1"],"url":"https:\/\/informatepy.com\/2021\/author\/redaccion\/"}]}},"jetpack_featured_media_url":"https:\/\/i0.wp.com\/informatepy.com\/2021\/wp-content\/uploads\/2022\/04\/cnn-plus.webp?fit=936%2C527&ssl=1","jetpack_sharing_enabled":true,"jetpack_likes_enabled":true,"jetpack-related-posts":[{"id":9429,"url":"https:\/\/informatepy.com\/2021\/2022\/01\/14\/cnn-en-declive-pierde-el-80-de-sus-espectadores\/","url_meta":{"origin":11267,"position":0},"title":"CNN en declive: pierde el 80 % de sus espectadores","date":"14 de enero de 2022","format":false,"excerpt":"La cadena liberal termin\u00f3 la semana pasada con solo 113,000 espectadores promedio en la categor\u00eda cr\u00edtica, despu\u00e9s de un promedio de 822,000 hace un a\u00f1o","rel":"","context":"En \u00abAnalisis\u00bb","img":{"alt_text":"","src":"https:\/\/i0.wp.com\/informatepy.com\/2021\/wp-content\/uploads\/2022\/01\/cnn-caida-audiencia.jpg?fit=931%2C524&ssl=1&resize=350%2C200","width":350,"height":200},"classes":[]},{"id":2385,"url":"https:\/\/informatepy.com\/2021\/2021\/01\/10\/el-presentador-de-fox-news-tucker-carlson-afirma-que-cnn-esta-tratando-de-sacar-su-cadena-del-aire\/","url_meta":{"origin":11267,"position":1},"title":"El presentador de Fox News, Tucker Carlson, afirma que CNN est\u00e1 tratando de sacar su cadena del aire","date":"10 de enero de 2021","format":false,"excerpt":"Tucker Carlson\u00a0dijo en su programa de\u00a0Fox News del\u00a0viernes por la noche\u00a0que\u00a0CNN\u00a0est\u00e1 intentando sacar del aire a Fox, preguntando a los operadores de cable sobre como \"desmontarlos\".\u00a0Carlson afirm\u00f3 que CNN se ha puesto en contacto con al menos seis empresas de cable para solicitar la informaci\u00f3n. CNN dijo que Fox estaba\u2026","rel":"","context":"En \u00abMundo\u00bb","img":{"alt_text":"","src":"https:\/\/i0.wp.com\/informatepy.com\/2021\/wp-content\/uploads\/2021\/01\/Tucker-Carlson.jpg?fit=630%2C420&ssl=1&resize=350%2C200","width":350,"height":200},"classes":[]},{"id":10866,"url":"https:\/\/informatepy.com\/2021\/2022\/03\/29\/llevando-la-estupidez-a-nuevo-nivel-para-periodista-de-cnn-trump-es-el-culpable-del-golpe-de-will-smith-a-chris-rock\/","url_meta":{"origin":11267,"position":2},"title":"Llevando la estupidez a nuevo nivel: Para periodista de CNN, Trump es el culpable del golpe de Will Smith a Chris Rock","date":"29 de marzo de 2022","format":false,"excerpt":"En los \u00faltimos tiempos son pocas las cosas que sorprenden de CNN y de sus periodistas pero, cuando pensamos que lleg\u00f3 el momento en el que nada esperamos de ellos, \u00a1z\u00e1s!, nos sorprenden una vez m\u00e1s. En esta ocasi\u00f3n, quien se encarg\u00f3 de correr el l\u00edmite de la estupidez fue\u2026","rel":"","context":"En \u00abMundo\u00bb","img":{"alt_text":"","src":"https:\/\/i0.wp.com\/informatepy.com\/2021\/wp-content\/uploads\/2022\/03\/asha-rangappa-cnn.webp?fit=1200%2C700&ssl=1&resize=350%2C200","width":350,"height":200},"classes":[]},{"id":5357,"url":"https:\/\/informatepy.com\/2021\/2021\/06\/16\/china-luego-de-ocultar-el-incidente-admitio-una-fuga-radiactiva-en-su-central-nuclear-de-taishan\/","url_meta":{"origin":11267,"position":3},"title":"China, luego de ocultar el incidente, admiti\u00f3 una fuga radiactiva en su central nuclear de Taishan","date":"16 de junio de 2021","format":false,"excerpt":"El ministerio de Medio Ambiente y la Autoridad de Seguridad Nuclear informaron que un alza de la radiactividad en el interior de uno de los reactores fue provocada \u201cpor unas cinco barras de combustibles da\u00f1adas\u201d","rel":"","context":"En \u00abMundo\u00bb","img":{"alt_text":"","src":"https:\/\/i0.wp.com\/informatepy.com\/2021\/wp-content\/uploads\/2021\/06\/central-nuclear-taishan.jpg?fit=700%2C394&ssl=1&resize=350%2C200","width":350,"height":200},"classes":[]},{"id":13546,"url":"https:\/\/informatepy.com\/2021\/2022\/08\/23\/el-exjefe-de-seguridad-de-twitter-afirma-que-la-compania-engano-a-los-reguladores-sobre-las-cuentas-de-bot\/","url_meta":{"origin":11267,"position":4},"title":"El exjefe de seguridad de Twitter afirma que la compa\u00f1\u00eda enga\u00f1\u00f3 a los reguladores sobre las cuentas bots","date":"23 de agosto de 2022","format":false,"excerpt":"Twitter Inc enga\u00f1\u00f3 a los reguladores federales sobre sus defensas contra piratas inform\u00e1ticos y cuentas de spam, informaron el martes CNN y el Washington Post, citando revelaciones de denunciantes del exjefe de seguridad de la compa\u00f1\u00eda de redes sociales, Peiter Zatko. Los ejecutivos de Twitter no tienen los recursos para\u2026","rel":"","context":"En \u00abCiencia y Tecnolog\u00eda\u00bb","img":{"alt_text":"","src":"https:\/\/i0.wp.com\/informatepy.com\/2021\/wp-content\/uploads\/2021\/02\/twitter-en-caida.jpg?fit=1200%2C672&ssl=1&resize=350%2C200","width":350,"height":200},"classes":[]},{"id":8507,"url":"https:\/\/informatepy.com\/2021\/2021\/11\/26\/llevando-la-estupidez-a-un-nuevo-nivel-para-disney-papa-noel-es-negro\/","url_meta":{"origin":11267,"position":5},"title":"Llevando la estupidez a un nuevo nivel: Para Disney, Papa Noel es negro","date":"26 de noviembre de 2021","format":false,"excerpt":"Sin un anuncio oficial o fanfarria, los parques de Disney de EE. UU. Incluir\u00e1n un Pap\u00e1 Noel negro en las celebraciones navide\u00f1as de este a\u00f1o por primera vez en los 66 a\u00f1os de historia de los parques tem\u00e1ticos de la compa\u00f1\u00eda. Tanto en Disneyland Resort en Anaheim, California, como en\u2026","rel":"","context":"En \u00abMundo\u00bb","img":{"alt_text":"","src":"https:\/\/i0.wp.com\/informatepy.com\/2021\/wp-content\/uploads\/2021\/11\/papa-noel-negro.jpg?fit=1100%2C619&ssl=1&resize=350%2C200","width":350,"height":200},"classes":[]}],"authors":[{"term_id":1051,"user_id":4,"is_guest":0,"slug":"redaccion","display_name":"Redacci\u00f3n","avatar_url":"https:\/\/i0.wp.com\/informatepy.com\/2021\/wp-content\/uploads\/2021\/02\/informate-circulo.png?fit=96%2C96&ssl=1","first_name":"Redacci\u00f3n","last_name":"","user_url":"","description":""}],"amp_enabled":true,"_links":{"self":[{"href":"https:\/\/informatepy.com\/2021\/wp-json\/wp\/v2\/posts\/11267","targetHints":{"allow":["GET"]}}],"collection":[{"href":"https:\/\/informatepy.com\/2021\/wp-json\/wp\/v2\/posts"}],"about":[{"href":"https:\/\/informatepy.com\/2021\/wp-json\/wp\/v2\/types\/post"}],"author":[{"embeddable":true,"href":"https:\/\/informatepy.com\/2021\/wp-json\/wp\/v2\/users\/4"}],"replies":[{"embeddable":true,"href":"https:\/\/informatepy.com\/2021\/wp-json\/wp\/v2\/comments?post=11267"}],"version-history":[{"count":1,"href":"https:\/\/informatepy.com\/2021\/wp-json\/wp\/v2\/posts\/11267\/revisions"}],"predecessor-version":[{"id":11269,"href":"https:\/\/informatepy.com\/2021\/wp-json\/wp\/v2\/posts\/11267\/revisions\/11269"}],"wp:featuredmedia":[{"embeddable":true,"href":"https:\/\/informatepy.com\/2021\/wp-json\/wp\/v2\/media\/11268"}],"wp:attachment":[{"href":"https:\/\/informatepy.com\/2021\/wp-json\/wp\/v2\/media?parent=11267"}],"wp:term":[{"taxonomy":"category","embeddable":true,"href":"https:\/\/informatepy.com\/2021\/wp-json\/wp\/v2\/categories?post=11267"},{"taxonomy":"post_tag","embeddable":true,"href":"https:\/\/informatepy.com\/2021\/wp-json\/wp\/v2\/tags?post=11267"},{"taxonomy":"author","embeddable":true,"href":"https:\/\/informatepy.com\/2021\/wp-json\/wp\/v2\/ppma_author?post=11267"}],"curies":[{"name":"wp","href":"https:\/\/api.w.org\/{rel}","templated":true}]}}