{"id":11162,"date":"2022-04-14T12:13:00","date_gmt":"2022-04-14T15:13:00","guid":{"rendered":"https:\/\/informatepy.com\/2021\/?p=11162"},"modified":"2022-04-14T12:13:03","modified_gmt":"2022-04-14T15:13:03","slug":"riera-presentara-proyecto-para-elevar-las-penas-a-quienes-corten-rutas","status":"publish","type":"post","link":"https:\/\/informatepy.com\/2021\/2022\/04\/14\/riera-presentara-proyecto-para-elevar-las-penas-a-quienes-corten-rutas\/","title":{"rendered":"Riera presentar\u00e1 proyecto para elevar las penas a quienes corten rutas"},"content":{"rendered":"\n<p class=\"has-text-align-justify\">Tras la detenci\u00f3n de cinco camioneros por supuestamente haber extorsionado al gobierno para evitar el cierre de rutas en todo el pa\u00eds, el senador <strong>Enrique Riera (ANR)<\/strong> anunci\u00f3 que este lunes presentar\u00e1 un proyecto de ley para sancionar con penas superiores a los cinco a\u00f1os a las personas que corten las rutas.<\/p>\n\n\n\n<p class=\"has-text-align-justify\">El proyecto de ley modificar\u00eda el C\u00f3digo Penal para aumentar las penas para los que cierren las rutas, alcanzando no solo al gremio de camioneros, sino a todos los sectores que realizan este tipo de medidas de fuerza.<\/p>\n\n\n\n<p class=\"has-text-align-justify\">Riera, al anunciar la presentaci\u00f3n del proyecto, se\u00f1al\u00f3 que el libre tr\u00e1nsito de personas y bienes en nuestro pa\u00eds se encuentra garantizado en la Constituci\u00f3n Nacional, en los art\u00edculos 41 y 108.<\/p>\n","protected":false},"excerpt":{"rendered":"<p>Tras la detenci\u00f3n de cinco camioneros por supuestamente haber extorsionado al gobierno para evitar el cierre de rutas en todo el pa\u00eds, el senador Enrique Riera (ANR) anunci\u00f3 que este lunes presentar\u00e1 un proyecto de ley para sancionar con penas superiores a los cinco a\u00f1os a las personas que corten las rutas. El proyecto de [&hellip;]<\/p>\n","protected":false},"author":4,"featured_media":5888,"comment_status":"open","ping_status":"open","sticky":false,"template":"","format":"standard","meta":{"_monsterinsights_skip_tracking":false,"_monsterinsights_sitenote_active":false,"_monsterinsights_sitenote_note":"","_monsterinsights_sitenote_category":0,"footnotes":"","jetpack_publicize_message":"","jetpack_is_tweetstorm":false,"jetpack_publicize_feature_enabled":true},"categories":[177],"tags":[1036,536,1308],"ppma_author":[1051],"class_list":["post-11162","post","type-post","status-publish","format-standard","has-post-thumbnail","hentry","category-nacionales","tag-destacada","tag-enrique-riera","tag-gremio-de-camioneros"],"jetpack_publicize_connections":[],"yoast_head":"<!-- This site is optimized with the Yoast SEO plugin v27.5 - https:\/\/yoast.com\/product\/yoast-seo-wordpress\/ -->\n<title>Riera presentar\u00e1 proyecto para elevar las penas a quienes corten rutas - Informatepy<\/title>\n<meta name=\"robots\" content=\"index, follow, max-snippet:-1, max-image-preview:large, max-video-preview:-1\" \/>\n<link rel=\"canonical\" href=\"https:\/\/informatepy.com\/2021\/2022\/04\/14\/riera-presentara-proyecto-para-elevar-las-penas-a-quienes-corten-rutas\/\" \/>\n<meta property=\"og:locale\" content=\"es_ES\" \/>\n<meta property=\"og:type\" content=\"article\" \/>\n<meta property=\"og:title\" content=\"Riera presentar\u00e1 proyecto para elevar las penas a quienes corten rutas - Informatepy\" \/>\n<meta property=\"og:description\" content=\"Tras la detenci\u00f3n de cinco camioneros por supuestamente haber extorsionado al gobierno para evitar el cierre de rutas en todo el pa\u00eds, el senador Enrique Riera (ANR) anunci\u00f3 que este lunes presentar\u00e1 un proyecto de ley para sancionar con penas superiores a los cinco a\u00f1os a las personas que corten las rutas. El proyecto de [&hellip;]\" \/>\n<meta property=\"og:url\" content=\"https:\/\/informatepy.com\/2021\/2022\/04\/14\/riera-presentara-proyecto-para-elevar-las-penas-a-quienes-corten-rutas\/\" \/>\n<meta property=\"og:site_name\" content=\"Informatepy\" \/>\n<meta property=\"article:author\" content=\"https:\/\/www.facebook.com\/InformatePyCom\" \/>\n<meta property=\"article:published_time\" content=\"2022-04-14T15:13:00+00:00\" \/>\n<meta property=\"article:modified_time\" content=\"2022-04-14T15:13:03+00:00\" \/>\n<meta property=\"og:image\" content=\"https:\/\/informatepy.com\/2021\/wp-content\/uploads\/2021\/07\/enrique-riera.jpg\" \/>\n\t<meta property=\"og:image:width\" content=\"1200\" \/>\n\t<meta property=\"og:image:height\" content=\"795\" \/>\n\t<meta property=\"og:image:type\" content=\"image\/jpeg\" \/>\n<meta name=\"author\" content=\"Redacci\u00f3n\" \/>\n<meta name=\"twitter:card\" content=\"summary_large_image\" \/>\n<meta name=\"twitter:creator\" content=\"@https:\/\/twitter.com\/InformatePy1\" \/>\n<meta name=\"twitter:label1\" content=\"Escrito por\" \/>\n\t<meta name=\"twitter:data1\" content=\"Redacci\u00f3n\" \/>\n\t<meta name=\"twitter:label2\" content=\"Tiempo de lectura\" \/>\n\t<meta name=\"twitter:data2\" content=\"1 minuto\" \/>\n<script type=\"application\/ld+json\" class=\"yoast-schema-graph\">{\"@context\":\"https:\\\/\\\/schema.org\",\"@graph\":[{\"@type\":\"Article\",\"@id\":\"https:\\\/\\\/informatepy.com\\\/2021\\\/2022\\\/04\\\/14\\\/riera-presentara-proyecto-para-elevar-las-penas-a-quienes-corten-rutas\\\/#article\",\"isPartOf\":{\"@id\":\"https:\\\/\\\/informatepy.com\\\/2021\\\/2022\\\/04\\\/14\\\/riera-presentara-proyecto-para-elevar-las-penas-a-quienes-corten-rutas\\\/\"},\"author\":{\"name\":\"Redacci\u00f3n\",\"@id\":\"https:\\\/\\\/informatepy.com\\\/2021\\\/#\\\/schema\\\/person\\\/0c842f525f84ea74ef3b44370d11757b\"},\"headline\":\"Riera presentar\u00e1 proyecto para elevar las penas a quienes corten rutas\",\"datePublished\":\"2022-04-14T15:13:00+00:00\",\"dateModified\":\"2022-04-14T15:13:03+00:00\",\"mainEntityOfPage\":{\"@id\":\"https:\\\/\\\/informatepy.com\\\/2021\\\/2022\\\/04\\\/14\\\/riera-presentara-proyecto-para-elevar-las-penas-a-quienes-corten-rutas\\\/\"},\"wordCount\":142,\"commentCount\":0,\"publisher\":{\"@id\":\"https:\\\/\\\/informatepy.com\\\/2021\\\/#\\\/schema\\\/person\\\/edd302c981d6ba4596191719d1025a8a\"},\"image\":{\"@id\":\"https:\\\/\\\/informatepy.com\\\/2021\\\/2022\\\/04\\\/14\\\/riera-presentara-proyecto-para-elevar-las-penas-a-quienes-corten-rutas\\\/#primaryimage\"},\"thumbnailUrl\":\"https:\\\/\\\/i0.wp.com\\\/informatepy.com\\\/2021\\\/wp-content\\\/uploads\\\/2021\\\/07\\\/enrique-riera.jpg?fit=1200%2C795&ssl=1\",\"keywords\":[\"destacada\",\"enrique riera\",\"gremio de camioneros\"],\"articleSection\":[\"Nacionales\"],\"inLanguage\":\"es\",\"potentialAction\":[{\"@type\":\"CommentAction\",\"name\":\"Comment\",\"target\":[\"https:\\\/\\\/informatepy.com\\\/2021\\\/2022\\\/04\\\/14\\\/riera-presentara-proyecto-para-elevar-las-penas-a-quienes-corten-rutas\\\/#respond\"]}]},{\"@type\":\"WebPage\",\"@id\":\"https:\\\/\\\/informatepy.com\\\/2021\\\/2022\\\/04\\\/14\\\/riera-presentara-proyecto-para-elevar-las-penas-a-quienes-corten-rutas\\\/\",\"url\":\"https:\\\/\\\/informatepy.com\\\/2021\\\/2022\\\/04\\\/14\\\/riera-presentara-proyecto-para-elevar-las-penas-a-quienes-corten-rutas\\\/\",\"name\":\"Riera presentar\u00e1 proyecto para elevar las penas a quienes corten rutas - Informatepy\",\"isPartOf\":{\"@id\":\"https:\\\/\\\/informatepy.com\\\/2021\\\/#website\"},\"primaryImageOfPage\":{\"@id\":\"https:\\\/\\\/informatepy.com\\\/2021\\\/2022\\\/04\\\/14\\\/riera-presentara-proyecto-para-elevar-las-penas-a-quienes-corten-rutas\\\/#primaryimage\"},\"image\":{\"@id\":\"https:\\\/\\\/informatepy.com\\\/2021\\\/2022\\\/04\\\/14\\\/riera-presentara-proyecto-para-elevar-las-penas-a-quienes-corten-rutas\\\/#primaryimage\"},\"thumbnailUrl\":\"https:\\\/\\\/i0.wp.com\\\/informatepy.com\\\/2021\\\/wp-content\\\/uploads\\\/2021\\\/07\\\/enrique-riera.jpg?fit=1200%2C795&ssl=1\",\"datePublished\":\"2022-04-14T15:13:00+00:00\",\"dateModified\":\"2022-04-14T15:13:03+00:00\",\"breadcrumb\":{\"@id\":\"https:\\\/\\\/informatepy.com\\\/2021\\\/2022\\\/04\\\/14\\\/riera-presentara-proyecto-para-elevar-las-penas-a-quienes-corten-rutas\\\/#breadcrumb\"},\"inLanguage\":\"es\",\"potentialAction\":[{\"@type\":\"ReadAction\",\"target\":[\"https:\\\/\\\/informatepy.com\\\/2021\\\/2022\\\/04\\\/14\\\/riera-presentara-proyecto-para-elevar-las-penas-a-quienes-corten-rutas\\\/\"]}]},{\"@type\":\"ImageObject\",\"inLanguage\":\"es\",\"@id\":\"https:\\\/\\\/informatepy.com\\\/2021\\\/2022\\\/04\\\/14\\\/riera-presentara-proyecto-para-elevar-las-penas-a-quienes-corten-rutas\\\/#primaryimage\",\"url\":\"https:\\\/\\\/i0.wp.com\\\/informatepy.com\\\/2021\\\/wp-content\\\/uploads\\\/2021\\\/07\\\/enrique-riera.jpg?fit=1200%2C795&ssl=1\",\"contentUrl\":\"https:\\\/\\\/i0.wp.com\\\/informatepy.com\\\/2021\\\/wp-content\\\/uploads\\\/2021\\\/07\\\/enrique-riera.jpg?fit=1200%2C795&ssl=1\",\"width\":1200,\"height\":795},{\"@type\":\"BreadcrumbList\",\"@id\":\"https:\\\/\\\/informatepy.com\\\/2021\\\/2022\\\/04\\\/14\\\/riera-presentara-proyecto-para-elevar-las-penas-a-quienes-corten-rutas\\\/#breadcrumb\",\"itemListElement\":[{\"@type\":\"ListItem\",\"position\":1,\"name\":\"Portada\",\"item\":\"https:\\\/\\\/informatepy.com\\\/2021\\\/\"},{\"@type\":\"ListItem\",\"position\":2,\"name\":\"Riera presentar\u00e1 proyecto para elevar las penas a quienes corten rutas\"}]},{\"@type\":\"WebSite\",\"@id\":\"https:\\\/\\\/informatepy.com\\\/2021\\\/#website\",\"url\":\"https:\\\/\\\/informatepy.com\\\/2021\\\/\",\"name\":\"Informatepy\",\"description\":\"La verdad, siempre!\",\"publisher\":{\"@id\":\"https:\\\/\\\/informatepy.com\\\/2021\\\/#\\\/schema\\\/person\\\/edd302c981d6ba4596191719d1025a8a\"},\"potentialAction\":[{\"@type\":\"SearchAction\",\"target\":{\"@type\":\"EntryPoint\",\"urlTemplate\":\"https:\\\/\\\/informatepy.com\\\/2021\\\/?s={search_term_string}\"},\"query-input\":{\"@type\":\"PropertyValueSpecification\",\"valueRequired\":true,\"valueName\":\"search_term_string\"}}],\"inLanguage\":\"es\"},{\"@type\":[\"Person\",\"Organization\"],\"@id\":\"https:\\\/\\\/informatepy.com\\\/2021\\\/#\\\/schema\\\/person\\\/edd302c981d6ba4596191719d1025a8a\",\"name\":\"admin\",\"image\":{\"@type\":\"ImageObject\",\"inLanguage\":\"es\",\"@id\":\"https:\\\/\\\/secure.gravatar.com\\\/avatar\\\/5310f602b6cbcfb86e030c4ccdbb78f6565a3b9bab6a74ab80fd3cb5428b65af?s=96&d=mm&r=g\",\"url\":\"https:\\\/\\\/secure.gravatar.com\\\/avatar\\\/5310f602b6cbcfb86e030c4ccdbb78f6565a3b9bab6a74ab80fd3cb5428b65af?s=96&d=mm&r=g\",\"contentUrl\":\"https:\\\/\\\/secure.gravatar.com\\\/avatar\\\/5310f602b6cbcfb86e030c4ccdbb78f6565a3b9bab6a74ab80fd3cb5428b65af?s=96&d=mm&r=g\",\"caption\":\"admin\"},\"logo\":{\"@id\":\"https:\\\/\\\/secure.gravatar.com\\\/avatar\\\/5310f602b6cbcfb86e030c4ccdbb78f6565a3b9bab6a74ab80fd3cb5428b65af?s=96&d=mm&r=g\"},\"sameAs\":[\"http:\\\/\\\/informatepy.com\\\/2021\"]},{\"@type\":\"Person\",\"@id\":\"https:\\\/\\\/informatepy.com\\\/2021\\\/#\\\/schema\\\/person\\\/0c842f525f84ea74ef3b44370d11757b\",\"name\":\"Redacci\u00f3n\",\"image\":{\"@type\":\"ImageObject\",\"inLanguage\":\"es\",\"@id\":\"https:\\\/\\\/i0.wp.com\\\/informatepy.com\\\/2021\\\/wp-content\\\/uploads\\\/2021\\\/02\\\/informate-circulo.png?fit=96%2C96&ssl=1\",\"url\":\"https:\\\/\\\/i0.wp.com\\\/informatepy.com\\\/2021\\\/wp-content\\\/uploads\\\/2021\\\/02\\\/informate-circulo.png?fit=96%2C96&ssl=1\",\"contentUrl\":\"https:\\\/\\\/i0.wp.com\\\/informatepy.com\\\/2021\\\/wp-content\\\/uploads\\\/2021\\\/02\\\/informate-circulo.png?fit=96%2C96&ssl=1\",\"caption\":\"Redacci\u00f3n\"},\"sameAs\":[\"https:\\\/\\\/www.facebook.com\\\/InformatePyCom\",\"https:\\\/\\\/x.com\\\/https:\\\/\\\/twitter.com\\\/InformatePy1\"],\"url\":\"https:\\\/\\\/informatepy.com\\\/2021\\\/author\\\/redaccion\\\/\"}]}<\/script>\n<!-- \/ Yoast SEO plugin. -->","yoast_head_json":{"title":"Riera presentar\u00e1 proyecto para elevar las penas a quienes corten rutas - Informatepy","robots":{"index":"index","follow":"follow","max-snippet":"max-snippet:-1","max-image-preview":"max-image-preview:large","max-video-preview":"max-video-preview:-1"},"canonical":"https:\/\/informatepy.com\/2021\/2022\/04\/14\/riera-presentara-proyecto-para-elevar-las-penas-a-quienes-corten-rutas\/","og_locale":"es_ES","og_type":"article","og_title":"Riera presentar\u00e1 proyecto para elevar las penas a quienes corten rutas - Informatepy","og_description":"Tras la detenci\u00f3n de cinco camioneros por supuestamente haber extorsionado al gobierno para evitar el cierre de rutas en todo el pa\u00eds, el senador Enrique Riera (ANR) anunci\u00f3 que este lunes presentar\u00e1 un proyecto de ley para sancionar con penas superiores a los cinco a\u00f1os a las personas que corten las rutas. El proyecto de [&hellip;]","og_url":"https:\/\/informatepy.com\/2021\/2022\/04\/14\/riera-presentara-proyecto-para-elevar-las-penas-a-quienes-corten-rutas\/","og_site_name":"Informatepy","article_author":"https:\/\/www.facebook.com\/InformatePyCom","article_published_time":"2022-04-14T15:13:00+00:00","article_modified_time":"2022-04-14T15:13:03+00:00","og_image":[{"width":1200,"height":795,"url":"https:\/\/informatepy.com\/2021\/wp-content\/uploads\/2021\/07\/enrique-riera.jpg","type":"image\/jpeg"}],"author":"Redacci\u00f3n","twitter_card":"summary_large_image","twitter_creator":"@https:\/\/twitter.com\/InformatePy1","twitter_misc":{"Escrito por":"Redacci\u00f3n","Tiempo de lectura":"1 minuto"},"schema":{"@context":"https:\/\/schema.org","@graph":[{"@type":"Article","@id":"https:\/\/informatepy.com\/2021\/2022\/04\/14\/riera-presentara-proyecto-para-elevar-las-penas-a-quienes-corten-rutas\/#article","isPartOf":{"@id":"https:\/\/informatepy.com\/2021\/2022\/04\/14\/riera-presentara-proyecto-para-elevar-las-penas-a-quienes-corten-rutas\/"},"author":{"name":"Redacci\u00f3n","@id":"https:\/\/informatepy.com\/2021\/#\/schema\/person\/0c842f525f84ea74ef3b44370d11757b"},"headline":"Riera presentar\u00e1 proyecto para elevar las penas a quienes corten rutas","datePublished":"2022-04-14T15:13:00+00:00","dateModified":"2022-04-14T15:13:03+00:00","mainEntityOfPage":{"@id":"https:\/\/informatepy.com\/2021\/2022\/04\/14\/riera-presentara-proyecto-para-elevar-las-penas-a-quienes-corten-rutas\/"},"wordCount":142,"commentCount":0,"publisher":{"@id":"https:\/\/informatepy.com\/2021\/#\/schema\/person\/edd302c981d6ba4596191719d1025a8a"},"image":{"@id":"https:\/\/informatepy.com\/2021\/2022\/04\/14\/riera-presentara-proyecto-para-elevar-las-penas-a-quienes-corten-rutas\/#primaryimage"},"thumbnailUrl":"https:\/\/i0.wp.com\/informatepy.com\/2021\/wp-content\/uploads\/2021\/07\/enrique-riera.jpg?fit=1200%2C795&ssl=1","keywords":["destacada","enrique riera","gremio de camioneros"],"articleSection":["Nacionales"],"inLanguage":"es","potentialAction":[{"@type":"CommentAction","name":"Comment","target":["https:\/\/informatepy.com\/2021\/2022\/04\/14\/riera-presentara-proyecto-para-elevar-las-penas-a-quienes-corten-rutas\/#respond"]}]},{"@type":"WebPage","@id":"https:\/\/informatepy.com\/2021\/2022\/04\/14\/riera-presentara-proyecto-para-elevar-las-penas-a-quienes-corten-rutas\/","url":"https:\/\/informatepy.com\/2021\/2022\/04\/14\/riera-presentara-proyecto-para-elevar-las-penas-a-quienes-corten-rutas\/","name":"Riera presentar\u00e1 proyecto para elevar las penas a quienes corten rutas - Informatepy","isPartOf":{"@id":"https:\/\/informatepy.com\/2021\/#website"},"primaryImageOfPage":{"@id":"https:\/\/informatepy.com\/2021\/2022\/04\/14\/riera-presentara-proyecto-para-elevar-las-penas-a-quienes-corten-rutas\/#primaryimage"},"image":{"@id":"https:\/\/informatepy.com\/2021\/2022\/04\/14\/riera-presentara-proyecto-para-elevar-las-penas-a-quienes-corten-rutas\/#primaryimage"},"thumbnailUrl":"https:\/\/i0.wp.com\/informatepy.com\/2021\/wp-content\/uploads\/2021\/07\/enrique-riera.jpg?fit=1200%2C795&ssl=1","datePublished":"2022-04-14T15:13:00+00:00","dateModified":"2022-04-14T15:13:03+00:00","breadcrumb":{"@id":"https:\/\/informatepy.com\/2021\/2022\/04\/14\/riera-presentara-proyecto-para-elevar-las-penas-a-quienes-corten-rutas\/#breadcrumb"},"inLanguage":"es","potentialAction":[{"@type":"ReadAction","target":["https:\/\/informatepy.com\/2021\/2022\/04\/14\/riera-presentara-proyecto-para-elevar-las-penas-a-quienes-corten-rutas\/"]}]},{"@type":"ImageObject","inLanguage":"es","@id":"https:\/\/informatepy.com\/2021\/2022\/04\/14\/riera-presentara-proyecto-para-elevar-las-penas-a-quienes-corten-rutas\/#primaryimage","url":"https:\/\/i0.wp.com\/informatepy.com\/2021\/wp-content\/uploads\/2021\/07\/enrique-riera.jpg?fit=1200%2C795&ssl=1","contentUrl":"https:\/\/i0.wp.com\/informatepy.com\/2021\/wp-content\/uploads\/2021\/07\/enrique-riera.jpg?fit=1200%2C795&ssl=1","width":1200,"height":795},{"@type":"BreadcrumbList","@id":"https:\/\/informatepy.com\/2021\/2022\/04\/14\/riera-presentara-proyecto-para-elevar-las-penas-a-quienes-corten-rutas\/#breadcrumb","itemListElement":[{"@type":"ListItem","position":1,"name":"Portada","item":"https:\/\/informatepy.com\/2021\/"},{"@type":"ListItem","position":2,"name":"Riera presentar\u00e1 proyecto para elevar las penas a quienes corten rutas"}]},{"@type":"WebSite","@id":"https:\/\/informatepy.com\/2021\/#website","url":"https:\/\/informatepy.com\/2021\/","name":"Informatepy","description":"La verdad, siempre!","publisher":{"@id":"https:\/\/informatepy.com\/2021\/#\/schema\/person\/edd302c981d6ba4596191719d1025a8a"},"potentialAction":[{"@type":"SearchAction","target":{"@type":"EntryPoint","urlTemplate":"https:\/\/informatepy.com\/2021\/?s={search_term_string}"},"query-input":{"@type":"PropertyValueSpecification","valueRequired":true,"valueName":"search_term_string"}}],"inLanguage":"es"},{"@type":["Person","Organization"],"@id":"https:\/\/informatepy.com\/2021\/#\/schema\/person\/edd302c981d6ba4596191719d1025a8a","name":"admin","image":{"@type":"ImageObject","inLanguage":"es","@id":"https:\/\/secure.gravatar.com\/avatar\/5310f602b6cbcfb86e030c4ccdbb78f6565a3b9bab6a74ab80fd3cb5428b65af?s=96&d=mm&r=g","url":"https:\/\/secure.gravatar.com\/avatar\/5310f602b6cbcfb86e030c4ccdbb78f6565a3b9bab6a74ab80fd3cb5428b65af?s=96&d=mm&r=g","contentUrl":"https:\/\/secure.gravatar.com\/avatar\/5310f602b6cbcfb86e030c4ccdbb78f6565a3b9bab6a74ab80fd3cb5428b65af?s=96&d=mm&r=g","caption":"admin"},"logo":{"@id":"https:\/\/secure.gravatar.com\/avatar\/5310f602b6cbcfb86e030c4ccdbb78f6565a3b9bab6a74ab80fd3cb5428b65af?s=96&d=mm&r=g"},"sameAs":["http:\/\/informatepy.com\/2021"]},{"@type":"Person","@id":"https:\/\/informatepy.com\/2021\/#\/schema\/person\/0c842f525f84ea74ef3b44370d11757b","name":"Redacci\u00f3n","image":{"@type":"ImageObject","inLanguage":"es","@id":"https:\/\/i0.wp.com\/informatepy.com\/2021\/wp-content\/uploads\/2021\/02\/informate-circulo.png?fit=96%2C96&ssl=1","url":"https:\/\/i0.wp.com\/informatepy.com\/2021\/wp-content\/uploads\/2021\/02\/informate-circulo.png?fit=96%2C96&ssl=1","contentUrl":"https:\/\/i0.wp.com\/informatepy.com\/2021\/wp-content\/uploads\/2021\/02\/informate-circulo.png?fit=96%2C96&ssl=1","caption":"Redacci\u00f3n"},"sameAs":["https:\/\/www.facebook.com\/InformatePyCom","https:\/\/x.com\/https:\/\/twitter.com\/InformatePy1"],"url":"https:\/\/informatepy.com\/2021\/author\/redaccion\/"}]}},"jetpack_featured_media_url":"https:\/\/i0.wp.com\/informatepy.com\/2021\/wp-content\/uploads\/2021\/07\/enrique-riera.jpg?fit=1200%2C795&ssl=1","jetpack_sharing_enabled":true,"jetpack_likes_enabled":true,"jetpack-related-posts":[{"id":11218,"url":"https:\/\/informatepy.com\/2021\/2022\/04\/19\/luego-de-reunirse-con-sixto-pereira-camioneros-anuncian-que-se-suma-mas-gente-a-las-protestas\/","url_meta":{"origin":11162,"position":0},"title":"Luego de reunirse con Sixto Pereira, camioneros anuncian que se suma m\u00e1s gente a las protestas","date":"19 de abril de 2022","format":false,"excerpt":"Luego de haber mantenido una reuni\u00f3n con los senadores \u00d3scar Gonz\u00e1lez, Jos\u00e9 Ledesmay Sixto Pereira, el secretario general del Sindicato de Trabajadores de Transporte de Carga Nacional e Internacional, Diego Bogar\u00edn, anunci\u00f3 que desde hoy m\u00e1s camioneros se sumar\u00e1n a la protesta. Destac\u00f3 que hasta el momento no hay una\u2026","rel":"","context":"En \u00abNacionales\u00bb","img":{"alt_text":"","src":"https:\/\/i0.wp.com\/informatepy.com\/2021\/wp-content\/uploads\/2022\/04\/camioneros-cortes.jpg?fit=1200%2C675&ssl=1&resize=350%2C200","width":350,"height":200},"classes":[]},{"id":11345,"url":"https:\/\/informatepy.com\/2021\/2022\/04\/26\/la-aprobacion-en-el-senado-dividio-a-los-camioneros\/","url_meta":{"origin":11162,"position":1},"title":"La aprobaci\u00f3n en el Senado dividi\u00f3 a los camioneros","date":"26 de abril de 2022","format":false,"excerpt":"Luego de que el proyecto de ley \"Petropar\" obtuviera media sanci\u00f3n en el Senado un sector de los camioneros decidi\u00f3 levantar la medida de fuerza argumentando que \u201cno tiene sentido seguir\u201d, otros, como la Central Obrera y Transporte del Paraguay, anuncia que seguir\u00e1n hasta que la iniciativa sea aprobada en\u2026","rel":"","context":"En \u00abNacionales\u00bb","img":{"alt_text":"","src":"https:\/\/i0.wp.com\/informatepy.com\/2021\/wp-content\/uploads\/2021\/08\/camioneros-rutas-paraguay.jpg?fit=1200%2C675&ssl=1&resize=350%2C200","width":350,"height":200},"classes":[]},{"id":11241,"url":"https:\/\/informatepy.com\/2021\/2022\/04\/20\/desiree-masi-afirmo-que-criminalizar-cierre-de-rutas-es-un-plan-de-la-derecha-cavernicola\/","url_meta":{"origin":11162,"position":2},"title":"Desir\u00e9e Masi afirm\u00f3 que Criminalizar cierre de rutas es un plan de la derecha \u201ccavern\u00edcola\u201d","date":"20 de abril de 2022","format":false,"excerpt":"La senadora Desir\u00e9e Masi, del Partido Democr\u00e1tico Progresista, afirm\u00f3 estar en desacuerdo con la iniciativa de su colega Enrique Riera de elevar las penas a quienes bloqueen rutas. \u201cPara mi esta normativa es claramente antiescrache, antiprotesta, antimanifestaci\u00f3n y es inconstitucional, pues van a pretender regular las protestas\u201d, expres\u00f3. Por \u00faltimo,\u2026","rel":"","context":"En \u00abNacionales\u00bb","img":{"alt_text":"","src":"https:\/\/i0.wp.com\/informatepy.com\/2021\/wp-content\/uploads\/2021\/02\/Senadora-desiree-masi.jpg?fit=760%2C420&ssl=1&resize=350%2C200","width":350,"height":200},"classes":[]},{"id":11270,"url":"https:\/\/informatepy.com\/2021\/2022\/04\/21\/camioneros-amenazan-con-cerrar-todas-las-rutas-el-dia-de-manana\/","url_meta":{"origin":11162,"position":3},"title":"Camioneros amenazan con cerrar todas las rutas el d\u00eda de ma\u00f1ana","date":"21 de abril de 2022","format":false,"excerpt":"Santiago Pereira, vicepresidente del gremio de camioneros de Santan\u00ed, avis\u00f3 a trav\u00e9s de la emisora 730 AM que potenciar\u00e1n sus manifestaciones en las pr\u00f3ximas horas. \u201cEs la \u00fanica alternativa que tenemos para que el Gobierno nos haga caso\u201d, indic\u00f3. Esta decisi\u00f3n, ser\u00eda como consecuencia de la postergaci\u00f3n en el Senado\u2026","rel":"","context":"En \u00abNacionales\u00bb","img":{"alt_text":"","src":"https:\/\/i0.wp.com\/informatepy.com\/2021\/wp-content\/uploads\/2021\/08\/camioneros-rutas-paraguay.jpg?fit=1200%2C675&ssl=1&resize=350%2C200","width":350,"height":200},"classes":[]},{"id":11319,"url":"https:\/\/informatepy.com\/2021\/2022\/04\/25\/camioneros-cortan-rutas-e-ingresan-a-asuncion\/","url_meta":{"origin":11162,"position":4},"title":"Camioneros cortan rutas e ingresan a Asunci\u00f3n","date":"25 de abril de 2022","format":false,"excerpt":"Los camioneros ocupan esta ma\u00f1ana media calzada de las avenidas Eusebio Ayala y Gral. Santos, acceso al microcentro de Asunci\u00f3n, dificultando el tr\u00e1nsito. El crio. Inocencio Arr\u00faa, jefe de Prevenci\u00f3n y Seguridad Ciudadana, dijo que est\u00e1n negociando el retiro pac\u00edfico de los camiones del lugar. \u201cEstamos negociando. Hay una prohibici\u00f3n\u2026","rel":"","context":"En \u00abNacionales\u00bb","img":{"alt_text":"","src":"https:\/\/i0.wp.com\/informatepy.com\/2021\/wp-content\/uploads\/2021\/08\/gremio-camioneros.jpg?fit=660%2C330&ssl=1&resize=350%2C200","width":350,"height":200},"classes":[]},{"id":10130,"url":"https:\/\/informatepy.com\/2021\/2022\/02\/16\/enrique-riera-se-suma-a-honor-colorado\/","url_meta":{"origin":11162,"position":5},"title":"Enrique Riera se suma a Honor Colorado","date":"16 de febrero de 2022","format":false,"excerpt":"A trav\u00e9s de su cuenta de Twitter, el senador Enrique Riera, anunci\u00f3 que se suma al equipo de Santiago Pe\u00f1a y Pedro Alliana de cara a las elecciones internas del Partido Colorado. \"A partir de hoy, hemos decidido apoyar a Santiago Pe\u00f1a y Pedro Alliana porque no podemos permanecer indiferentes,\u2026","rel":"","context":"En \u00abNacionales\u00bb","img":{"alt_text":"","src":"https:\/\/i0.wp.com\/informatepy.com\/2021\/wp-content\/uploads\/2022\/02\/riera-cartes-pena-alliana.jpg?fit=1200%2C900&ssl=1&resize=350%2C200","width":350,"height":200},"classes":[]}],"authors":[{"term_id":1051,"user_id":4,"is_guest":0,"slug":"redaccion","display_name":"Redacci\u00f3n","avatar_url":"https:\/\/i0.wp.com\/informatepy.com\/2021\/wp-content\/uploads\/2021\/02\/informate-circulo.png?fit=96%2C96&ssl=1","first_name":"Redacci\u00f3n","last_name":"","user_url":"","description":""}],"amp_enabled":true,"_links":{"self":[{"href":"https:\/\/informatepy.com\/2021\/wp-json\/wp\/v2\/posts\/11162","targetHints":{"allow":["GET"]}}],"collection":[{"href":"https:\/\/informatepy.com\/2021\/wp-json\/wp\/v2\/posts"}],"about":[{"href":"https:\/\/informatepy.com\/2021\/wp-json\/wp\/v2\/types\/post"}],"author":[{"embeddable":true,"href":"https:\/\/informatepy.com\/2021\/wp-json\/wp\/v2\/users\/4"}],"replies":[{"embeddable":true,"href":"https:\/\/informatepy.com\/2021\/wp-json\/wp\/v2\/comments?post=11162"}],"version-history":[{"count":1,"href":"https:\/\/informatepy.com\/2021\/wp-json\/wp\/v2\/posts\/11162\/revisions"}],"predecessor-version":[{"id":11163,"href":"https:\/\/informatepy.com\/2021\/wp-json\/wp\/v2\/posts\/11162\/revisions\/11163"}],"wp:featuredmedia":[{"embeddable":true,"href":"https:\/\/informatepy.com\/2021\/wp-json\/wp\/v2\/media\/5888"}],"wp:attachment":[{"href":"https:\/\/informatepy.com\/2021\/wp-json\/wp\/v2\/media?parent=11162"}],"wp:term":[{"taxonomy":"category","embeddable":true,"href":"https:\/\/informatepy.com\/2021\/wp-json\/wp\/v2\/categories?post=11162"},{"taxonomy":"post_tag","embeddable":true,"href":"https:\/\/informatepy.com\/2021\/wp-json\/wp\/v2\/tags?post=11162"},{"taxonomy":"author","embeddable":true,"href":"https:\/\/informatepy.com\/2021\/wp-json\/wp\/v2\/ppma_author?post=11162"}],"curies":[{"name":"wp","href":"https:\/\/api.w.org\/{rel}","templated":true}]}}