{"id":11080,"date":"2022-04-08T14:00:00","date_gmt":"2022-04-08T17:00:00","guid":{"rendered":"https:\/\/informatepy.com\/2021\/?p=11080"},"modified":"2022-04-07T22:11:39","modified_gmt":"2022-04-08T01:11:39","slug":"presentan-el-libro-mi-camino-a-ser-libre","status":"publish","type":"post","link":"https:\/\/informatepy.com\/2021\/2022\/04\/08\/presentan-el-libro-mi-camino-a-ser-libre\/","title":{"rendered":"Presentan el libro \u00abMi camino a ser libre\u00bb"},"content":{"rendered":"\n<p class=\"has-text-align-justify\">Este s\u00e1bado a las 18 Hs. en el Centro Educativo Sathya Sai de Valores Humanos (Manuel Dom\u00ednguez 256 e\/Yegros e Iturbe), se presenta el libro <strong><em>\u00abMi camino a ser libre\u00bb<\/em><\/strong> de autor\u00eda de <strong>Umesh Chandiramani<\/strong>.<\/p>\n\n\n\n<p class=\"has-text-align-justify\">Seg\u00fan palabras del autor: <strong><em>\u00abEstas p\u00e1ginas tienen como objetivo que m\u00e1s personas puedan, a partir de la propia reflexi\u00f3n, el encuentro con ellos mismos y con su entorno humano y medio ambiental llegar al Camino de la Libertad\u00bb<\/em><\/strong>.<\/p>\n\n\n\n<p class=\"has-text-align-justify\"><strong><em>\u00abEspero tambi\u00e9n sea un medio para mejorar nuestra sociedad desde los cambios que empiezan por nosotros mismos de la mano del autoconocimiento, el respeto y la fe\u00bb<\/em><\/strong>, agreg\u00f3 Chandiramani.<\/p>\n\n\n\n<p class=\"has-text-align-justify\">Quienes deseen participar, podr\u00e1n hacerlo de forma gratuita, confirmando su presencia 0984 300 398 o v\u00eda email a multimediosvalores77@gmail.com<\/p>\n","protected":false},"excerpt":{"rendered":"<p>Este s\u00e1bado a las 18 Hs. en el Centro Educativo Sathya Sai de Valores Humanos (Manuel Dom\u00ednguez 256 e\/Yegros e Iturbe), se presenta el libro \u00abMi camino a ser libre\u00bb de autor\u00eda de Umesh Chandiramani. Seg\u00fan palabras del autor: \u00abEstas p\u00e1ginas tienen como objetivo que m\u00e1s personas puedan, a partir de la propia reflexi\u00f3n, el [&hellip;]<\/p>\n","protected":false},"author":4,"featured_media":11085,"comment_status":"open","ping_status":"open","sticky":false,"template":"","format":"standard","meta":{"_monsterinsights_skip_tracking":false,"_monsterinsights_sitenote_active":false,"_monsterinsights_sitenote_note":"","_monsterinsights_sitenote_category":0,"footnotes":"","jetpack_publicize_message":"","jetpack_is_tweetstorm":false,"jetpack_publicize_feature_enabled":true},"categories":[1332],"tags":[1750],"ppma_author":[1051],"class_list":["post-11080","post","type-post","status-publish","format-standard","has-post-thumbnail","hentry","category-cultura","tag-libros"],"jetpack_publicize_connections":[],"yoast_head":"<!-- This site is optimized with the Yoast SEO plugin v27.5 - https:\/\/yoast.com\/product\/yoast-seo-wordpress\/ -->\n<title>Presentan el libro &quot;Mi camino a ser libre&quot; - Informatepy<\/title>\n<meta name=\"robots\" content=\"index, follow, max-snippet:-1, max-image-preview:large, max-video-preview:-1\" \/>\n<link rel=\"canonical\" href=\"https:\/\/informatepy.com\/2021\/2022\/04\/08\/presentan-el-libro-mi-camino-a-ser-libre\/\" \/>\n<meta property=\"og:locale\" content=\"es_ES\" \/>\n<meta property=\"og:type\" content=\"article\" \/>\n<meta property=\"og:title\" content=\"Presentan el libro &quot;Mi camino a ser libre&quot; - Informatepy\" \/>\n<meta property=\"og:description\" content=\"Este s\u00e1bado a las 18 Hs. en el Centro Educativo Sathya Sai de Valores Humanos (Manuel Dom\u00ednguez 256 e\/Yegros e Iturbe), se presenta el libro \u00abMi camino a ser libre\u00bb de autor\u00eda de Umesh Chandiramani. Seg\u00fan palabras del autor: \u00abEstas p\u00e1ginas tienen como objetivo que m\u00e1s personas puedan, a partir de la propia reflexi\u00f3n, el [&hellip;]\" \/>\n<meta property=\"og:url\" content=\"https:\/\/informatepy.com\/2021\/2022\/04\/08\/presentan-el-libro-mi-camino-a-ser-libre\/\" \/>\n<meta property=\"og:site_name\" content=\"Informatepy\" \/>\n<meta property=\"article:author\" content=\"https:\/\/www.facebook.com\/InformatePyCom\" \/>\n<meta property=\"article:published_time\" content=\"2022-04-08T17:00:00+00:00\" \/>\n<meta property=\"og:image\" content=\"https:\/\/i0.wp.com\/informatepy.com\/2021\/wp-content\/uploads\/2022\/04\/libro-umesh.png?fit=693%2C519&ssl=1\" \/>\n\t<meta property=\"og:image:width\" content=\"693\" \/>\n\t<meta property=\"og:image:height\" content=\"519\" \/>\n\t<meta property=\"og:image:type\" content=\"image\/png\" \/>\n<meta name=\"author\" content=\"Redacci\u00f3n\" \/>\n<meta name=\"twitter:card\" content=\"summary_large_image\" \/>\n<meta name=\"twitter:creator\" content=\"@https:\/\/twitter.com\/InformatePy1\" \/>\n<meta name=\"twitter:label1\" content=\"Escrito por\" \/>\n\t<meta name=\"twitter:data1\" content=\"Redacci\u00f3n\" \/>\n\t<meta name=\"twitter:label2\" content=\"Tiempo de lectura\" \/>\n\t<meta name=\"twitter:data2\" content=\"1 minuto\" \/>\n<script type=\"application\/ld+json\" class=\"yoast-schema-graph\">{\"@context\":\"https:\\\/\\\/schema.org\",\"@graph\":[{\"@type\":\"Article\",\"@id\":\"https:\\\/\\\/informatepy.com\\\/2021\\\/2022\\\/04\\\/08\\\/presentan-el-libro-mi-camino-a-ser-libre\\\/#article\",\"isPartOf\":{\"@id\":\"https:\\\/\\\/informatepy.com\\\/2021\\\/2022\\\/04\\\/08\\\/presentan-el-libro-mi-camino-a-ser-libre\\\/\"},\"author\":{\"name\":\"Redacci\u00f3n\",\"@id\":\"https:\\\/\\\/informatepy.com\\\/2021\\\/#\\\/schema\\\/person\\\/0c842f525f84ea74ef3b44370d11757b\"},\"headline\":\"Presentan el libro \u00abMi camino a ser libre\u00bb\",\"datePublished\":\"2022-04-08T17:00:00+00:00\",\"mainEntityOfPage\":{\"@id\":\"https:\\\/\\\/informatepy.com\\\/2021\\\/2022\\\/04\\\/08\\\/presentan-el-libro-mi-camino-a-ser-libre\\\/\"},\"wordCount\":137,\"commentCount\":0,\"publisher\":{\"@id\":\"https:\\\/\\\/informatepy.com\\\/2021\\\/#\\\/schema\\\/person\\\/edd302c981d6ba4596191719d1025a8a\"},\"image\":{\"@id\":\"https:\\\/\\\/informatepy.com\\\/2021\\\/2022\\\/04\\\/08\\\/presentan-el-libro-mi-camino-a-ser-libre\\\/#primaryimage\"},\"thumbnailUrl\":\"https:\\\/\\\/i0.wp.com\\\/informatepy.com\\\/2021\\\/wp-content\\\/uploads\\\/2022\\\/04\\\/libro-umesh.png?fit=693%2C519&ssl=1\",\"keywords\":[\"libros\"],\"articleSection\":[\"Cultura\"],\"inLanguage\":\"es\",\"potentialAction\":[{\"@type\":\"CommentAction\",\"name\":\"Comment\",\"target\":[\"https:\\\/\\\/informatepy.com\\\/2021\\\/2022\\\/04\\\/08\\\/presentan-el-libro-mi-camino-a-ser-libre\\\/#respond\"]}]},{\"@type\":\"WebPage\",\"@id\":\"https:\\\/\\\/informatepy.com\\\/2021\\\/2022\\\/04\\\/08\\\/presentan-el-libro-mi-camino-a-ser-libre\\\/\",\"url\":\"https:\\\/\\\/informatepy.com\\\/2021\\\/2022\\\/04\\\/08\\\/presentan-el-libro-mi-camino-a-ser-libre\\\/\",\"name\":\"Presentan el libro \\\"Mi camino a ser libre\\\" - Informatepy\",\"isPartOf\":{\"@id\":\"https:\\\/\\\/informatepy.com\\\/2021\\\/#website\"},\"primaryImageOfPage\":{\"@id\":\"https:\\\/\\\/informatepy.com\\\/2021\\\/2022\\\/04\\\/08\\\/presentan-el-libro-mi-camino-a-ser-libre\\\/#primaryimage\"},\"image\":{\"@id\":\"https:\\\/\\\/informatepy.com\\\/2021\\\/2022\\\/04\\\/08\\\/presentan-el-libro-mi-camino-a-ser-libre\\\/#primaryimage\"},\"thumbnailUrl\":\"https:\\\/\\\/i0.wp.com\\\/informatepy.com\\\/2021\\\/wp-content\\\/uploads\\\/2022\\\/04\\\/libro-umesh.png?fit=693%2C519&ssl=1\",\"datePublished\":\"2022-04-08T17:00:00+00:00\",\"breadcrumb\":{\"@id\":\"https:\\\/\\\/informatepy.com\\\/2021\\\/2022\\\/04\\\/08\\\/presentan-el-libro-mi-camino-a-ser-libre\\\/#breadcrumb\"},\"inLanguage\":\"es\",\"potentialAction\":[{\"@type\":\"ReadAction\",\"target\":[\"https:\\\/\\\/informatepy.com\\\/2021\\\/2022\\\/04\\\/08\\\/presentan-el-libro-mi-camino-a-ser-libre\\\/\"]}]},{\"@type\":\"ImageObject\",\"inLanguage\":\"es\",\"@id\":\"https:\\\/\\\/informatepy.com\\\/2021\\\/2022\\\/04\\\/08\\\/presentan-el-libro-mi-camino-a-ser-libre\\\/#primaryimage\",\"url\":\"https:\\\/\\\/i0.wp.com\\\/informatepy.com\\\/2021\\\/wp-content\\\/uploads\\\/2022\\\/04\\\/libro-umesh.png?fit=693%2C519&ssl=1\",\"contentUrl\":\"https:\\\/\\\/i0.wp.com\\\/informatepy.com\\\/2021\\\/wp-content\\\/uploads\\\/2022\\\/04\\\/libro-umesh.png?fit=693%2C519&ssl=1\",\"width\":693,\"height\":519},{\"@type\":\"BreadcrumbList\",\"@id\":\"https:\\\/\\\/informatepy.com\\\/2021\\\/2022\\\/04\\\/08\\\/presentan-el-libro-mi-camino-a-ser-libre\\\/#breadcrumb\",\"itemListElement\":[{\"@type\":\"ListItem\",\"position\":1,\"name\":\"Portada\",\"item\":\"https:\\\/\\\/informatepy.com\\\/2021\\\/\"},{\"@type\":\"ListItem\",\"position\":2,\"name\":\"Presentan el libro \u00abMi camino a ser libre\u00bb\"}]},{\"@type\":\"WebSite\",\"@id\":\"https:\\\/\\\/informatepy.com\\\/2021\\\/#website\",\"url\":\"https:\\\/\\\/informatepy.com\\\/2021\\\/\",\"name\":\"Informatepy\",\"description\":\"La verdad, siempre!\",\"publisher\":{\"@id\":\"https:\\\/\\\/informatepy.com\\\/2021\\\/#\\\/schema\\\/person\\\/edd302c981d6ba4596191719d1025a8a\"},\"potentialAction\":[{\"@type\":\"SearchAction\",\"target\":{\"@type\":\"EntryPoint\",\"urlTemplate\":\"https:\\\/\\\/informatepy.com\\\/2021\\\/?s={search_term_string}\"},\"query-input\":{\"@type\":\"PropertyValueSpecification\",\"valueRequired\":true,\"valueName\":\"search_term_string\"}}],\"inLanguage\":\"es\"},{\"@type\":[\"Person\",\"Organization\"],\"@id\":\"https:\\\/\\\/informatepy.com\\\/2021\\\/#\\\/schema\\\/person\\\/edd302c981d6ba4596191719d1025a8a\",\"name\":\"admin\",\"image\":{\"@type\":\"ImageObject\",\"inLanguage\":\"es\",\"@id\":\"https:\\\/\\\/secure.gravatar.com\\\/avatar\\\/5310f602b6cbcfb86e030c4ccdbb78f6565a3b9bab6a74ab80fd3cb5428b65af?s=96&d=mm&r=g\",\"url\":\"https:\\\/\\\/secure.gravatar.com\\\/avatar\\\/5310f602b6cbcfb86e030c4ccdbb78f6565a3b9bab6a74ab80fd3cb5428b65af?s=96&d=mm&r=g\",\"contentUrl\":\"https:\\\/\\\/secure.gravatar.com\\\/avatar\\\/5310f602b6cbcfb86e030c4ccdbb78f6565a3b9bab6a74ab80fd3cb5428b65af?s=96&d=mm&r=g\",\"caption\":\"admin\"},\"logo\":{\"@id\":\"https:\\\/\\\/secure.gravatar.com\\\/avatar\\\/5310f602b6cbcfb86e030c4ccdbb78f6565a3b9bab6a74ab80fd3cb5428b65af?s=96&d=mm&r=g\"},\"sameAs\":[\"http:\\\/\\\/informatepy.com\\\/2021\"]},{\"@type\":\"Person\",\"@id\":\"https:\\\/\\\/informatepy.com\\\/2021\\\/#\\\/schema\\\/person\\\/0c842f525f84ea74ef3b44370d11757b\",\"name\":\"Redacci\u00f3n\",\"image\":{\"@type\":\"ImageObject\",\"inLanguage\":\"es\",\"@id\":\"https:\\\/\\\/i0.wp.com\\\/informatepy.com\\\/2021\\\/wp-content\\\/uploads\\\/2021\\\/02\\\/informate-circulo.png?fit=96%2C96&ssl=1\",\"url\":\"https:\\\/\\\/i0.wp.com\\\/informatepy.com\\\/2021\\\/wp-content\\\/uploads\\\/2021\\\/02\\\/informate-circulo.png?fit=96%2C96&ssl=1\",\"contentUrl\":\"https:\\\/\\\/i0.wp.com\\\/informatepy.com\\\/2021\\\/wp-content\\\/uploads\\\/2021\\\/02\\\/informate-circulo.png?fit=96%2C96&ssl=1\",\"caption\":\"Redacci\u00f3n\"},\"sameAs\":[\"https:\\\/\\\/www.facebook.com\\\/InformatePyCom\",\"https:\\\/\\\/x.com\\\/https:\\\/\\\/twitter.com\\\/InformatePy1\"],\"url\":\"https:\\\/\\\/informatepy.com\\\/2021\\\/author\\\/redaccion\\\/\"}]}<\/script>\n<!-- \/ Yoast SEO plugin. -->","yoast_head_json":{"title":"Presentan el libro \"Mi camino a ser libre\" - Informatepy","robots":{"index":"index","follow":"follow","max-snippet":"max-snippet:-1","max-image-preview":"max-image-preview:large","max-video-preview":"max-video-preview:-1"},"canonical":"https:\/\/informatepy.com\/2021\/2022\/04\/08\/presentan-el-libro-mi-camino-a-ser-libre\/","og_locale":"es_ES","og_type":"article","og_title":"Presentan el libro \"Mi camino a ser libre\" - Informatepy","og_description":"Este s\u00e1bado a las 18 Hs. en el Centro Educativo Sathya Sai de Valores Humanos (Manuel Dom\u00ednguez 256 e\/Yegros e Iturbe), se presenta el libro \u00abMi camino a ser libre\u00bb de autor\u00eda de Umesh Chandiramani. Seg\u00fan palabras del autor: \u00abEstas p\u00e1ginas tienen como objetivo que m\u00e1s personas puedan, a partir de la propia reflexi\u00f3n, el [&hellip;]","og_url":"https:\/\/informatepy.com\/2021\/2022\/04\/08\/presentan-el-libro-mi-camino-a-ser-libre\/","og_site_name":"Informatepy","article_author":"https:\/\/www.facebook.com\/InformatePyCom","article_published_time":"2022-04-08T17:00:00+00:00","og_image":[{"width":693,"height":519,"url":"https:\/\/i0.wp.com\/informatepy.com\/2021\/wp-content\/uploads\/2022\/04\/libro-umesh.png?fit=693%2C519&ssl=1","type":"image\/png"}],"author":"Redacci\u00f3n","twitter_card":"summary_large_image","twitter_creator":"@https:\/\/twitter.com\/InformatePy1","twitter_misc":{"Escrito por":"Redacci\u00f3n","Tiempo de lectura":"1 minuto"},"schema":{"@context":"https:\/\/schema.org","@graph":[{"@type":"Article","@id":"https:\/\/informatepy.com\/2021\/2022\/04\/08\/presentan-el-libro-mi-camino-a-ser-libre\/#article","isPartOf":{"@id":"https:\/\/informatepy.com\/2021\/2022\/04\/08\/presentan-el-libro-mi-camino-a-ser-libre\/"},"author":{"name":"Redacci\u00f3n","@id":"https:\/\/informatepy.com\/2021\/#\/schema\/person\/0c842f525f84ea74ef3b44370d11757b"},"headline":"Presentan el libro \u00abMi camino a ser libre\u00bb","datePublished":"2022-04-08T17:00:00+00:00","mainEntityOfPage":{"@id":"https:\/\/informatepy.com\/2021\/2022\/04\/08\/presentan-el-libro-mi-camino-a-ser-libre\/"},"wordCount":137,"commentCount":0,"publisher":{"@id":"https:\/\/informatepy.com\/2021\/#\/schema\/person\/edd302c981d6ba4596191719d1025a8a"},"image":{"@id":"https:\/\/informatepy.com\/2021\/2022\/04\/08\/presentan-el-libro-mi-camino-a-ser-libre\/#primaryimage"},"thumbnailUrl":"https:\/\/i0.wp.com\/informatepy.com\/2021\/wp-content\/uploads\/2022\/04\/libro-umesh.png?fit=693%2C519&ssl=1","keywords":["libros"],"articleSection":["Cultura"],"inLanguage":"es","potentialAction":[{"@type":"CommentAction","name":"Comment","target":["https:\/\/informatepy.com\/2021\/2022\/04\/08\/presentan-el-libro-mi-camino-a-ser-libre\/#respond"]}]},{"@type":"WebPage","@id":"https:\/\/informatepy.com\/2021\/2022\/04\/08\/presentan-el-libro-mi-camino-a-ser-libre\/","url":"https:\/\/informatepy.com\/2021\/2022\/04\/08\/presentan-el-libro-mi-camino-a-ser-libre\/","name":"Presentan el libro \"Mi camino a ser libre\" - Informatepy","isPartOf":{"@id":"https:\/\/informatepy.com\/2021\/#website"},"primaryImageOfPage":{"@id":"https:\/\/informatepy.com\/2021\/2022\/04\/08\/presentan-el-libro-mi-camino-a-ser-libre\/#primaryimage"},"image":{"@id":"https:\/\/informatepy.com\/2021\/2022\/04\/08\/presentan-el-libro-mi-camino-a-ser-libre\/#primaryimage"},"thumbnailUrl":"https:\/\/i0.wp.com\/informatepy.com\/2021\/wp-content\/uploads\/2022\/04\/libro-umesh.png?fit=693%2C519&ssl=1","datePublished":"2022-04-08T17:00:00+00:00","breadcrumb":{"@id":"https:\/\/informatepy.com\/2021\/2022\/04\/08\/presentan-el-libro-mi-camino-a-ser-libre\/#breadcrumb"},"inLanguage":"es","potentialAction":[{"@type":"ReadAction","target":["https:\/\/informatepy.com\/2021\/2022\/04\/08\/presentan-el-libro-mi-camino-a-ser-libre\/"]}]},{"@type":"ImageObject","inLanguage":"es","@id":"https:\/\/informatepy.com\/2021\/2022\/04\/08\/presentan-el-libro-mi-camino-a-ser-libre\/#primaryimage","url":"https:\/\/i0.wp.com\/informatepy.com\/2021\/wp-content\/uploads\/2022\/04\/libro-umesh.png?fit=693%2C519&ssl=1","contentUrl":"https:\/\/i0.wp.com\/informatepy.com\/2021\/wp-content\/uploads\/2022\/04\/libro-umesh.png?fit=693%2C519&ssl=1","width":693,"height":519},{"@type":"BreadcrumbList","@id":"https:\/\/informatepy.com\/2021\/2022\/04\/08\/presentan-el-libro-mi-camino-a-ser-libre\/#breadcrumb","itemListElement":[{"@type":"ListItem","position":1,"name":"Portada","item":"https:\/\/informatepy.com\/2021\/"},{"@type":"ListItem","position":2,"name":"Presentan el libro \u00abMi camino a ser libre\u00bb"}]},{"@type":"WebSite","@id":"https:\/\/informatepy.com\/2021\/#website","url":"https:\/\/informatepy.com\/2021\/","name":"Informatepy","description":"La verdad, siempre!","publisher":{"@id":"https:\/\/informatepy.com\/2021\/#\/schema\/person\/edd302c981d6ba4596191719d1025a8a"},"potentialAction":[{"@type":"SearchAction","target":{"@type":"EntryPoint","urlTemplate":"https:\/\/informatepy.com\/2021\/?s={search_term_string}"},"query-input":{"@type":"PropertyValueSpecification","valueRequired":true,"valueName":"search_term_string"}}],"inLanguage":"es"},{"@type":["Person","Organization"],"@id":"https:\/\/informatepy.com\/2021\/#\/schema\/person\/edd302c981d6ba4596191719d1025a8a","name":"admin","image":{"@type":"ImageObject","inLanguage":"es","@id":"https:\/\/secure.gravatar.com\/avatar\/5310f602b6cbcfb86e030c4ccdbb78f6565a3b9bab6a74ab80fd3cb5428b65af?s=96&d=mm&r=g","url":"https:\/\/secure.gravatar.com\/avatar\/5310f602b6cbcfb86e030c4ccdbb78f6565a3b9bab6a74ab80fd3cb5428b65af?s=96&d=mm&r=g","contentUrl":"https:\/\/secure.gravatar.com\/avatar\/5310f602b6cbcfb86e030c4ccdbb78f6565a3b9bab6a74ab80fd3cb5428b65af?s=96&d=mm&r=g","caption":"admin"},"logo":{"@id":"https:\/\/secure.gravatar.com\/avatar\/5310f602b6cbcfb86e030c4ccdbb78f6565a3b9bab6a74ab80fd3cb5428b65af?s=96&d=mm&r=g"},"sameAs":["http:\/\/informatepy.com\/2021"]},{"@type":"Person","@id":"https:\/\/informatepy.com\/2021\/#\/schema\/person\/0c842f525f84ea74ef3b44370d11757b","name":"Redacci\u00f3n","image":{"@type":"ImageObject","inLanguage":"es","@id":"https:\/\/i0.wp.com\/informatepy.com\/2021\/wp-content\/uploads\/2021\/02\/informate-circulo.png?fit=96%2C96&ssl=1","url":"https:\/\/i0.wp.com\/informatepy.com\/2021\/wp-content\/uploads\/2021\/02\/informate-circulo.png?fit=96%2C96&ssl=1","contentUrl":"https:\/\/i0.wp.com\/informatepy.com\/2021\/wp-content\/uploads\/2021\/02\/informate-circulo.png?fit=96%2C96&ssl=1","caption":"Redacci\u00f3n"},"sameAs":["https:\/\/www.facebook.com\/InformatePyCom","https:\/\/x.com\/https:\/\/twitter.com\/InformatePy1"],"url":"https:\/\/informatepy.com\/2021\/author\/redaccion\/"}]}},"jetpack_featured_media_url":"https:\/\/i0.wp.com\/informatepy.com\/2021\/wp-content\/uploads\/2022\/04\/libro-umesh.png?fit=693%2C519&ssl=1","jetpack_sharing_enabled":true,"jetpack_likes_enabled":true,"jetpack-related-posts":[{"id":11951,"url":"https:\/\/informatepy.com\/2021\/2022\/06\/04\/critica-literaria-el-fabricante-de-suenos-de-arthur-charlan\/","url_meta":{"origin":11080,"position":0},"title":"CRITICA LITERARIA: \u00abEl fabricante de sue\u00f1os\u00bb de Arthur Charlan","date":"4 de junio de 2022","format":false,"excerpt":"Por Arthur Habbanan Como amigo personal de Arthur Charlan, les invito a leer este maravilloso libro, ganador del certamen literario Aelfwine 2017, por la Sociedad Tolkien Espa\u00f1ola, (STE) que m\u00e1s tarde fue ampliado en un extenso estudio, mucho m\u00e1s profundo, que vio su salida al mercado editorial gracias a Ediciones\u2026","rel":"","context":"En \u00abCultura\u00bb","img":{"alt_text":"","src":"https:\/\/i0.wp.com\/informatepy.com\/2021\/wp-content\/uploads\/2022\/06\/fabricante-de-suenos-arthur.jpg?fit=1200%2C878&ssl=1&resize=350%2C200","width":350,"height":200},"classes":[]},{"id":13557,"url":"https:\/\/informatepy.com\/2021\/2022\/08\/23\/presentan-el-libro-los-crimenes-de-la-triple-alianza-contra-paraguay\/","url_meta":{"origin":11080,"position":1},"title":"Presentan el libro \u00abLos Cr\u00edmenes de la Triple Alianza contra Paraguay\u00bb","date":"23 de agosto de 2022","format":false,"excerpt":"Escrito por Noelia Quintana Villasboa, Jos\u00e9 Emilio Urdapilleta Romero y Rafael Enrique P\u00e9rez Reyes, \"Los Cr\u00edmenes de la Triple Alianza contra Paraguay\", ser\u00e1 presentado Jueves 1 de Septiembre a las 18.30 horas en la Editorial el Lector. En esta rigurosa investigaci\u00f3n en tres partes, se analizan los aspectos jur\u00eddicos sobre\u2026","rel":"","context":"En \u00abCultura\u00bb","img":{"alt_text":"","src":"https:\/\/i0.wp.com\/informatepy.com\/2021\/wp-content\/uploads\/2022\/08\/crimenes-TA.jpg?fit=1200%2C633&ssl=1&resize=350%2C200","width":350,"height":200},"classes":[]},{"id":6872,"url":"https:\/\/informatepy.com\/2021\/2021\/08\/31\/ex-patria-libre-se-candidatea-como-defensor-del-pueblo\/","url_meta":{"origin":11080,"position":2},"title":"Ex Patria Libre se candidatea como Defensor del Pueblo","date":"31 de agosto de 2021","format":false,"excerpt":"El actual Secretario Ejecutivo de la Coordinadora de Derechos Humanos del Paraguay (Codehupy), \u00d3scar Ayala, se postul\u00f3 al cargo de Defensor del Pueblo, convocado por la C\u00e1mara de Senadores. El llamado a concurso cerr\u00f3 el pasado 9 de agosto y el Senado, por mayor\u00eda absoluta de votos, deber\u00e1 conformar una\u2026","rel":"","context":"En \u00abNacionales\u00bb","img":{"alt_text":"","src":"https:\/\/i0.wp.com\/informatepy.com\/2021\/wp-content\/uploads\/2021\/08\/oscar-ayala-ex-patria-libre.jpg?fit=800%2C577&ssl=1&resize=350%2C200","width":350,"height":200},"classes":[]},{"id":11197,"url":"https:\/\/informatepy.com\/2021\/2022\/04\/18\/mision-imposible-2\/","url_meta":{"origin":11080,"position":3},"title":"\u00bfMisi\u00f3n imposible?","date":"18 de abril de 2022","format":false,"excerpt":"Gay Montag es un personaje del libro del escritor norteamericano Ray Brudbury, Farenheitt 451, un bombero de tercera generaci\u00f3n que de repente sufre una revelaci\u00f3n, se da cuenta de que su vida sufre de un vac\u00edo existencial, y comienza a buscar significado en los libros que el mismo quema por\u2026","rel":"","context":"En \u00abAnalisis\u00bb","img":{"alt_text":"","src":"https:\/\/i0.wp.com\/informatepy.com\/2021\/wp-content\/uploads\/2022\/04\/Arthur-Charlan.png?fit=1200%2C656&ssl=1&resize=350%2C200","width":350,"height":200},"classes":[]},{"id":5953,"url":"https:\/\/informatepy.com\/2021\/2021\/07\/28\/socialismo-o-el-banquete-de-la-nada\/","url_meta":{"origin":11080,"position":4},"title":"Socialismo (o el banquete de la nada)","date":"28 de julio de 2021","format":false,"excerpt":"Es indiscutible que el socialismo, en todas sus versiones, primero conquista a las multitudes con seductores timos para luego tomarlas por asalto","rel":"","context":"En \u00abAnalisis\u00bb","img":{"alt_text":"","src":"https:\/\/i0.wp.com\/informatepy.com\/2021\/wp-content\/uploads\/2021\/07\/bandera-de-cuba.jpg?fit=1200%2C800&ssl=1&resize=350%2C200","width":350,"height":200},"classes":[]},{"id":5210,"url":"https:\/\/informatepy.com\/2021\/2021\/06\/04\/amazon-saca-de-la-venta-los-libros-del-dr-fauci-en-medio-de-acusaciones-de-beneficiarse-de-la-pandemia\/","url_meta":{"origin":11080,"position":5},"title":"Amazon saca de la venta los libros del Dr. Fauci en medio de acusaciones de beneficiarse de la pandemia","date":"4 de junio de 2021","format":false,"excerpt":"La cultura de la cancelaci\u00f3n ha vuelto a golpear, pero esta vez no es contra una figura p\u00fablica conservadora.\u00a0El pr\u00f3ximo libro del Dr. Anthony Fauci, asesor de coronavirus de la Casa Blanca y experto estadounidense en enfermedades infecciosas desde hace mucho tiempo, ha sido eliminado en las listas en l\u00ednea,\u2026","rel":"","context":"En \u00abMundo\u00bb","img":{"alt_text":"","src":"https:\/\/i0.wp.com\/informatepy.com\/2021\/wp-content\/uploads\/2021\/06\/fauci-pensativo.jpg?fit=800%2C600&ssl=1&resize=350%2C200","width":350,"height":200},"classes":[]}],"authors":[{"term_id":1051,"user_id":4,"is_guest":0,"slug":"redaccion","display_name":"Redacci\u00f3n","avatar_url":"https:\/\/i0.wp.com\/informatepy.com\/2021\/wp-content\/uploads\/2021\/02\/informate-circulo.png?fit=96%2C96&ssl=1","first_name":"Redacci\u00f3n","last_name":"","user_url":"","description":""}],"amp_enabled":true,"_links":{"self":[{"href":"https:\/\/informatepy.com\/2021\/wp-json\/wp\/v2\/posts\/11080","targetHints":{"allow":["GET"]}}],"collection":[{"href":"https:\/\/informatepy.com\/2021\/wp-json\/wp\/v2\/posts"}],"about":[{"href":"https:\/\/informatepy.com\/2021\/wp-json\/wp\/v2\/types\/post"}],"author":[{"embeddable":true,"href":"https:\/\/informatepy.com\/2021\/wp-json\/wp\/v2\/users\/4"}],"replies":[{"embeddable":true,"href":"https:\/\/informatepy.com\/2021\/wp-json\/wp\/v2\/comments?post=11080"}],"version-history":[{"count":1,"href":"https:\/\/informatepy.com\/2021\/wp-json\/wp\/v2\/posts\/11080\/revisions"}],"predecessor-version":[{"id":11081,"href":"https:\/\/informatepy.com\/2021\/wp-json\/wp\/v2\/posts\/11080\/revisions\/11081"}],"wp:featuredmedia":[{"embeddable":true,"href":"https:\/\/informatepy.com\/2021\/wp-json\/wp\/v2\/media\/11085"}],"wp:attachment":[{"href":"https:\/\/informatepy.com\/2021\/wp-json\/wp\/v2\/media?parent=11080"}],"wp:term":[{"taxonomy":"category","embeddable":true,"href":"https:\/\/informatepy.com\/2021\/wp-json\/wp\/v2\/categories?post=11080"},{"taxonomy":"post_tag","embeddable":true,"href":"https:\/\/informatepy.com\/2021\/wp-json\/wp\/v2\/tags?post=11080"},{"taxonomy":"author","embeddable":true,"href":"https:\/\/informatepy.com\/2021\/wp-json\/wp\/v2\/ppma_author?post=11080"}],"curies":[{"name":"wp","href":"https:\/\/api.w.org\/{rel}","templated":true}]}}