{"id":11072,"date":"2022-04-07T20:30:08","date_gmt":"2022-04-07T23:30:08","guid":{"rendered":"https:\/\/informatepy.com\/2021\/?p=11072"},"modified":"2022-04-07T20:30:11","modified_gmt":"2022-04-07T23:30:11","slug":"parlamento-aleman-rechaza-la-vacunacion-obligatoria-contra-el-coronavirus","status":"publish","type":"post","link":"https:\/\/informatepy.com\/2021\/2022\/04\/07\/parlamento-aleman-rechaza-la-vacunacion-obligatoria-contra-el-coronavirus\/","title":{"rendered":"Parlamento alem\u00e1n rechaza la vacunaci\u00f3n obligatoria contra el coronavirus"},"content":{"rendered":"\n<p class=\"has-text-align-justify\">El parlamento alem\u00e1n rechaz\u00f3 el jueves un proyecto de ley que habr\u00eda hecho obligatoria la vacunaci\u00f3n contra el coronavirus a partir de los 60 a\u00f1os, en una derrota del canciller Olaf Scholz y su intento de construir un consenso entre partidos sobre el tema.<\/p>\n\n\n\n<p>Lea tambi\u00e9n: <a href=\"https:\/\/informatepy.com\/2021\/2021\/12\/07\/el-nuevo-ministro-de-salud-aleman-suena-con-un-reich-sanitario\/\" target=\"_blank\" rel=\"noreferrer noopener\">El nuevo ministro de salud alem\u00e1n sue\u00f1a con un \u00abReich\u00bb sanitario<\/a><\/p>\n\n\n\n<p class=\"has-text-align-justify\">De los 683 que votaron el proyecto de ley, 378 lo rechazaron y solo 296 lo apoyaron, entre ellos Scholz y el ministro de Salud, Karl Lauterbach, quien se mostr\u00f3 visiblemente decepcionado cuando se anunci\u00f3 el resultado en el plenario.<\/p>\n\n\n\n<p class=\"has-text-align-justify\">El resultado supuso un gran golpe para la coalici\u00f3n gobernante de los socialdem\u00f3cratas de centroizquierda (SPD), los Verdes y los liberales Dem\u00f3cratas Libres (FDP), que no hab\u00edan podido encontrar puntos en com\u00fan ni siquiera entre sus propias filas sobre el tema despu\u00e9s de meses de debate.<\/p>\n","protected":false},"excerpt":{"rendered":"<p>La votaci\u00f3n marca una dolorosa derrota para el canciller Olaf Scholz y el ministro de Salud, Karl Lauterbach.<\/p>\n","protected":false},"author":4,"featured_media":11073,"comment_status":"open","ping_status":"open","sticky":false,"template":"","format":"standard","meta":{"_monsterinsights_skip_tracking":false,"_monsterinsights_sitenote_active":false,"_monsterinsights_sitenote_note":"","_monsterinsights_sitenote_category":0,"footnotes":"","jetpack_publicize_message":"","jetpack_is_tweetstorm":false,"jetpack_publicize_feature_enabled":true},"categories":[173],"tags":[1310,1036],"ppma_author":[1051],"class_list":["post-11072","post","type-post","status-publish","format-standard","has-post-thumbnail","hentry","category-mundo","tag-alemania","tag-destacada"],"jetpack_publicize_connections":[],"yoast_head":"<!-- This site is optimized with the Yoast SEO plugin v27.5 - https:\/\/yoast.com\/product\/yoast-seo-wordpress\/ -->\n<title>Parlamento alem\u00e1n rechaza la vacunaci\u00f3n obligatoria contra el coronavirus - Informatepy<\/title>\n<meta name=\"robots\" content=\"index, follow, max-snippet:-1, max-image-preview:large, max-video-preview:-1\" \/>\n<link rel=\"canonical\" href=\"https:\/\/informatepy.com\/2021\/2022\/04\/07\/parlamento-aleman-rechaza-la-vacunacion-obligatoria-contra-el-coronavirus\/\" \/>\n<meta property=\"og:locale\" content=\"es_ES\" \/>\n<meta property=\"og:type\" content=\"article\" \/>\n<meta property=\"og:title\" content=\"Parlamento alem\u00e1n rechaza la vacunaci\u00f3n obligatoria contra el coronavirus - Informatepy\" \/>\n<meta property=\"og:description\" content=\"La votaci\u00f3n marca una dolorosa derrota para el canciller Olaf Scholz y el ministro de Salud, Karl Lauterbach.\" \/>\n<meta property=\"og:url\" content=\"https:\/\/informatepy.com\/2021\/2022\/04\/07\/parlamento-aleman-rechaza-la-vacunacion-obligatoria-contra-el-coronavirus\/\" \/>\n<meta property=\"og:site_name\" content=\"Informatepy\" \/>\n<meta property=\"article:author\" content=\"https:\/\/www.facebook.com\/InformatePyCom\" \/>\n<meta property=\"article:published_time\" content=\"2022-04-07T23:30:08+00:00\" \/>\n<meta property=\"article:modified_time\" content=\"2022-04-07T23:30:11+00:00\" \/>\n<meta property=\"og:image\" content=\"https:\/\/informatepy.com\/2021\/wp-content\/uploads\/2022\/04\/parlamento-aleman.jpg\" \/>\n\t<meta property=\"og:image:width\" content=\"750\" \/>\n\t<meta property=\"og:image:height\" content=\"422\" \/>\n\t<meta property=\"og:image:type\" content=\"image\/jpeg\" \/>\n<meta name=\"author\" content=\"Redacci\u00f3n\" \/>\n<meta name=\"twitter:card\" content=\"summary_large_image\" \/>\n<meta name=\"twitter:creator\" content=\"@https:\/\/twitter.com\/InformatePy1\" \/>\n<meta name=\"twitter:label1\" content=\"Escrito por\" \/>\n\t<meta name=\"twitter:data1\" content=\"Redacci\u00f3n\" \/>\n\t<meta name=\"twitter:label2\" content=\"Tiempo de lectura\" \/>\n\t<meta name=\"twitter:data2\" content=\"1 minuto\" \/>\n<script type=\"application\/ld+json\" class=\"yoast-schema-graph\">{\"@context\":\"https:\\\/\\\/schema.org\",\"@graph\":[{\"@type\":\"Article\",\"@id\":\"https:\\\/\\\/informatepy.com\\\/2021\\\/2022\\\/04\\\/07\\\/parlamento-aleman-rechaza-la-vacunacion-obligatoria-contra-el-coronavirus\\\/#article\",\"isPartOf\":{\"@id\":\"https:\\\/\\\/informatepy.com\\\/2021\\\/2022\\\/04\\\/07\\\/parlamento-aleman-rechaza-la-vacunacion-obligatoria-contra-el-coronavirus\\\/\"},\"author\":{\"name\":\"Redacci\u00f3n\",\"@id\":\"https:\\\/\\\/informatepy.com\\\/2021\\\/#\\\/schema\\\/person\\\/0c842f525f84ea74ef3b44370d11757b\"},\"headline\":\"Parlamento alem\u00e1n rechaza la vacunaci\u00f3n obligatoria contra el coronavirus\",\"datePublished\":\"2022-04-07T23:30:08+00:00\",\"dateModified\":\"2022-04-07T23:30:11+00:00\",\"mainEntityOfPage\":{\"@id\":\"https:\\\/\\\/informatepy.com\\\/2021\\\/2022\\\/04\\\/07\\\/parlamento-aleman-rechaza-la-vacunacion-obligatoria-contra-el-coronavirus\\\/\"},\"wordCount\":163,\"commentCount\":0,\"publisher\":{\"@id\":\"https:\\\/\\\/informatepy.com\\\/2021\\\/#\\\/schema\\\/person\\\/edd302c981d6ba4596191719d1025a8a\"},\"image\":{\"@id\":\"https:\\\/\\\/informatepy.com\\\/2021\\\/2022\\\/04\\\/07\\\/parlamento-aleman-rechaza-la-vacunacion-obligatoria-contra-el-coronavirus\\\/#primaryimage\"},\"thumbnailUrl\":\"https:\\\/\\\/i0.wp.com\\\/informatepy.com\\\/2021\\\/wp-content\\\/uploads\\\/2022\\\/04\\\/parlamento-aleman.jpg?fit=750%2C422&ssl=1\",\"keywords\":[\"alemania\",\"destacada\"],\"articleSection\":[\"Mundo\"],\"inLanguage\":\"es\",\"potentialAction\":[{\"@type\":\"CommentAction\",\"name\":\"Comment\",\"target\":[\"https:\\\/\\\/informatepy.com\\\/2021\\\/2022\\\/04\\\/07\\\/parlamento-aleman-rechaza-la-vacunacion-obligatoria-contra-el-coronavirus\\\/#respond\"]}]},{\"@type\":\"WebPage\",\"@id\":\"https:\\\/\\\/informatepy.com\\\/2021\\\/2022\\\/04\\\/07\\\/parlamento-aleman-rechaza-la-vacunacion-obligatoria-contra-el-coronavirus\\\/\",\"url\":\"https:\\\/\\\/informatepy.com\\\/2021\\\/2022\\\/04\\\/07\\\/parlamento-aleman-rechaza-la-vacunacion-obligatoria-contra-el-coronavirus\\\/\",\"name\":\"Parlamento alem\u00e1n rechaza la vacunaci\u00f3n obligatoria contra el coronavirus - Informatepy\",\"isPartOf\":{\"@id\":\"https:\\\/\\\/informatepy.com\\\/2021\\\/#website\"},\"primaryImageOfPage\":{\"@id\":\"https:\\\/\\\/informatepy.com\\\/2021\\\/2022\\\/04\\\/07\\\/parlamento-aleman-rechaza-la-vacunacion-obligatoria-contra-el-coronavirus\\\/#primaryimage\"},\"image\":{\"@id\":\"https:\\\/\\\/informatepy.com\\\/2021\\\/2022\\\/04\\\/07\\\/parlamento-aleman-rechaza-la-vacunacion-obligatoria-contra-el-coronavirus\\\/#primaryimage\"},\"thumbnailUrl\":\"https:\\\/\\\/i0.wp.com\\\/informatepy.com\\\/2021\\\/wp-content\\\/uploads\\\/2022\\\/04\\\/parlamento-aleman.jpg?fit=750%2C422&ssl=1\",\"datePublished\":\"2022-04-07T23:30:08+00:00\",\"dateModified\":\"2022-04-07T23:30:11+00:00\",\"breadcrumb\":{\"@id\":\"https:\\\/\\\/informatepy.com\\\/2021\\\/2022\\\/04\\\/07\\\/parlamento-aleman-rechaza-la-vacunacion-obligatoria-contra-el-coronavirus\\\/#breadcrumb\"},\"inLanguage\":\"es\",\"potentialAction\":[{\"@type\":\"ReadAction\",\"target\":[\"https:\\\/\\\/informatepy.com\\\/2021\\\/2022\\\/04\\\/07\\\/parlamento-aleman-rechaza-la-vacunacion-obligatoria-contra-el-coronavirus\\\/\"]}]},{\"@type\":\"ImageObject\",\"inLanguage\":\"es\",\"@id\":\"https:\\\/\\\/informatepy.com\\\/2021\\\/2022\\\/04\\\/07\\\/parlamento-aleman-rechaza-la-vacunacion-obligatoria-contra-el-coronavirus\\\/#primaryimage\",\"url\":\"https:\\\/\\\/i0.wp.com\\\/informatepy.com\\\/2021\\\/wp-content\\\/uploads\\\/2022\\\/04\\\/parlamento-aleman.jpg?fit=750%2C422&ssl=1\",\"contentUrl\":\"https:\\\/\\\/i0.wp.com\\\/informatepy.com\\\/2021\\\/wp-content\\\/uploads\\\/2022\\\/04\\\/parlamento-aleman.jpg?fit=750%2C422&ssl=1\",\"width\":750,\"height\":422},{\"@type\":\"BreadcrumbList\",\"@id\":\"https:\\\/\\\/informatepy.com\\\/2021\\\/2022\\\/04\\\/07\\\/parlamento-aleman-rechaza-la-vacunacion-obligatoria-contra-el-coronavirus\\\/#breadcrumb\",\"itemListElement\":[{\"@type\":\"ListItem\",\"position\":1,\"name\":\"Portada\",\"item\":\"https:\\\/\\\/informatepy.com\\\/2021\\\/\"},{\"@type\":\"ListItem\",\"position\":2,\"name\":\"Parlamento alem\u00e1n rechaza la vacunaci\u00f3n obligatoria contra el coronavirus\"}]},{\"@type\":\"WebSite\",\"@id\":\"https:\\\/\\\/informatepy.com\\\/2021\\\/#website\",\"url\":\"https:\\\/\\\/informatepy.com\\\/2021\\\/\",\"name\":\"Informatepy\",\"description\":\"La verdad, siempre!\",\"publisher\":{\"@id\":\"https:\\\/\\\/informatepy.com\\\/2021\\\/#\\\/schema\\\/person\\\/edd302c981d6ba4596191719d1025a8a\"},\"potentialAction\":[{\"@type\":\"SearchAction\",\"target\":{\"@type\":\"EntryPoint\",\"urlTemplate\":\"https:\\\/\\\/informatepy.com\\\/2021\\\/?s={search_term_string}\"},\"query-input\":{\"@type\":\"PropertyValueSpecification\",\"valueRequired\":true,\"valueName\":\"search_term_string\"}}],\"inLanguage\":\"es\"},{\"@type\":[\"Person\",\"Organization\"],\"@id\":\"https:\\\/\\\/informatepy.com\\\/2021\\\/#\\\/schema\\\/person\\\/edd302c981d6ba4596191719d1025a8a\",\"name\":\"admin\",\"image\":{\"@type\":\"ImageObject\",\"inLanguage\":\"es\",\"@id\":\"https:\\\/\\\/secure.gravatar.com\\\/avatar\\\/5310f602b6cbcfb86e030c4ccdbb78f6565a3b9bab6a74ab80fd3cb5428b65af?s=96&d=mm&r=g\",\"url\":\"https:\\\/\\\/secure.gravatar.com\\\/avatar\\\/5310f602b6cbcfb86e030c4ccdbb78f6565a3b9bab6a74ab80fd3cb5428b65af?s=96&d=mm&r=g\",\"contentUrl\":\"https:\\\/\\\/secure.gravatar.com\\\/avatar\\\/5310f602b6cbcfb86e030c4ccdbb78f6565a3b9bab6a74ab80fd3cb5428b65af?s=96&d=mm&r=g\",\"caption\":\"admin\"},\"logo\":{\"@id\":\"https:\\\/\\\/secure.gravatar.com\\\/avatar\\\/5310f602b6cbcfb86e030c4ccdbb78f6565a3b9bab6a74ab80fd3cb5428b65af?s=96&d=mm&r=g\"},\"sameAs\":[\"http:\\\/\\\/informatepy.com\\\/2021\"]},{\"@type\":\"Person\",\"@id\":\"https:\\\/\\\/informatepy.com\\\/2021\\\/#\\\/schema\\\/person\\\/0c842f525f84ea74ef3b44370d11757b\",\"name\":\"Redacci\u00f3n\",\"image\":{\"@type\":\"ImageObject\",\"inLanguage\":\"es\",\"@id\":\"https:\\\/\\\/i0.wp.com\\\/informatepy.com\\\/2021\\\/wp-content\\\/uploads\\\/2021\\\/02\\\/informate-circulo.png?fit=96%2C96&ssl=1\",\"url\":\"https:\\\/\\\/i0.wp.com\\\/informatepy.com\\\/2021\\\/wp-content\\\/uploads\\\/2021\\\/02\\\/informate-circulo.png?fit=96%2C96&ssl=1\",\"contentUrl\":\"https:\\\/\\\/i0.wp.com\\\/informatepy.com\\\/2021\\\/wp-content\\\/uploads\\\/2021\\\/02\\\/informate-circulo.png?fit=96%2C96&ssl=1\",\"caption\":\"Redacci\u00f3n\"},\"sameAs\":[\"https:\\\/\\\/www.facebook.com\\\/InformatePyCom\",\"https:\\\/\\\/x.com\\\/https:\\\/\\\/twitter.com\\\/InformatePy1\"],\"url\":\"https:\\\/\\\/informatepy.com\\\/2021\\\/author\\\/redaccion\\\/\"}]}<\/script>\n<!-- \/ Yoast SEO plugin. -->","yoast_head_json":{"title":"Parlamento alem\u00e1n rechaza la vacunaci\u00f3n obligatoria contra el coronavirus - Informatepy","robots":{"index":"index","follow":"follow","max-snippet":"max-snippet:-1","max-image-preview":"max-image-preview:large","max-video-preview":"max-video-preview:-1"},"canonical":"https:\/\/informatepy.com\/2021\/2022\/04\/07\/parlamento-aleman-rechaza-la-vacunacion-obligatoria-contra-el-coronavirus\/","og_locale":"es_ES","og_type":"article","og_title":"Parlamento alem\u00e1n rechaza la vacunaci\u00f3n obligatoria contra el coronavirus - Informatepy","og_description":"La votaci\u00f3n marca una dolorosa derrota para el canciller Olaf Scholz y el ministro de Salud, Karl Lauterbach.","og_url":"https:\/\/informatepy.com\/2021\/2022\/04\/07\/parlamento-aleman-rechaza-la-vacunacion-obligatoria-contra-el-coronavirus\/","og_site_name":"Informatepy","article_author":"https:\/\/www.facebook.com\/InformatePyCom","article_published_time":"2022-04-07T23:30:08+00:00","article_modified_time":"2022-04-07T23:30:11+00:00","og_image":[{"width":750,"height":422,"url":"https:\/\/informatepy.com\/2021\/wp-content\/uploads\/2022\/04\/parlamento-aleman.jpg","type":"image\/jpeg"}],"author":"Redacci\u00f3n","twitter_card":"summary_large_image","twitter_creator":"@https:\/\/twitter.com\/InformatePy1","twitter_misc":{"Escrito por":"Redacci\u00f3n","Tiempo de lectura":"1 minuto"},"schema":{"@context":"https:\/\/schema.org","@graph":[{"@type":"Article","@id":"https:\/\/informatepy.com\/2021\/2022\/04\/07\/parlamento-aleman-rechaza-la-vacunacion-obligatoria-contra-el-coronavirus\/#article","isPartOf":{"@id":"https:\/\/informatepy.com\/2021\/2022\/04\/07\/parlamento-aleman-rechaza-la-vacunacion-obligatoria-contra-el-coronavirus\/"},"author":{"name":"Redacci\u00f3n","@id":"https:\/\/informatepy.com\/2021\/#\/schema\/person\/0c842f525f84ea74ef3b44370d11757b"},"headline":"Parlamento alem\u00e1n rechaza la vacunaci\u00f3n obligatoria contra el coronavirus","datePublished":"2022-04-07T23:30:08+00:00","dateModified":"2022-04-07T23:30:11+00:00","mainEntityOfPage":{"@id":"https:\/\/informatepy.com\/2021\/2022\/04\/07\/parlamento-aleman-rechaza-la-vacunacion-obligatoria-contra-el-coronavirus\/"},"wordCount":163,"commentCount":0,"publisher":{"@id":"https:\/\/informatepy.com\/2021\/#\/schema\/person\/edd302c981d6ba4596191719d1025a8a"},"image":{"@id":"https:\/\/informatepy.com\/2021\/2022\/04\/07\/parlamento-aleman-rechaza-la-vacunacion-obligatoria-contra-el-coronavirus\/#primaryimage"},"thumbnailUrl":"https:\/\/i0.wp.com\/informatepy.com\/2021\/wp-content\/uploads\/2022\/04\/parlamento-aleman.jpg?fit=750%2C422&ssl=1","keywords":["alemania","destacada"],"articleSection":["Mundo"],"inLanguage":"es","potentialAction":[{"@type":"CommentAction","name":"Comment","target":["https:\/\/informatepy.com\/2021\/2022\/04\/07\/parlamento-aleman-rechaza-la-vacunacion-obligatoria-contra-el-coronavirus\/#respond"]}]},{"@type":"WebPage","@id":"https:\/\/informatepy.com\/2021\/2022\/04\/07\/parlamento-aleman-rechaza-la-vacunacion-obligatoria-contra-el-coronavirus\/","url":"https:\/\/informatepy.com\/2021\/2022\/04\/07\/parlamento-aleman-rechaza-la-vacunacion-obligatoria-contra-el-coronavirus\/","name":"Parlamento alem\u00e1n rechaza la vacunaci\u00f3n obligatoria contra el coronavirus - Informatepy","isPartOf":{"@id":"https:\/\/informatepy.com\/2021\/#website"},"primaryImageOfPage":{"@id":"https:\/\/informatepy.com\/2021\/2022\/04\/07\/parlamento-aleman-rechaza-la-vacunacion-obligatoria-contra-el-coronavirus\/#primaryimage"},"image":{"@id":"https:\/\/informatepy.com\/2021\/2022\/04\/07\/parlamento-aleman-rechaza-la-vacunacion-obligatoria-contra-el-coronavirus\/#primaryimage"},"thumbnailUrl":"https:\/\/i0.wp.com\/informatepy.com\/2021\/wp-content\/uploads\/2022\/04\/parlamento-aleman.jpg?fit=750%2C422&ssl=1","datePublished":"2022-04-07T23:30:08+00:00","dateModified":"2022-04-07T23:30:11+00:00","breadcrumb":{"@id":"https:\/\/informatepy.com\/2021\/2022\/04\/07\/parlamento-aleman-rechaza-la-vacunacion-obligatoria-contra-el-coronavirus\/#breadcrumb"},"inLanguage":"es","potentialAction":[{"@type":"ReadAction","target":["https:\/\/informatepy.com\/2021\/2022\/04\/07\/parlamento-aleman-rechaza-la-vacunacion-obligatoria-contra-el-coronavirus\/"]}]},{"@type":"ImageObject","inLanguage":"es","@id":"https:\/\/informatepy.com\/2021\/2022\/04\/07\/parlamento-aleman-rechaza-la-vacunacion-obligatoria-contra-el-coronavirus\/#primaryimage","url":"https:\/\/i0.wp.com\/informatepy.com\/2021\/wp-content\/uploads\/2022\/04\/parlamento-aleman.jpg?fit=750%2C422&ssl=1","contentUrl":"https:\/\/i0.wp.com\/informatepy.com\/2021\/wp-content\/uploads\/2022\/04\/parlamento-aleman.jpg?fit=750%2C422&ssl=1","width":750,"height":422},{"@type":"BreadcrumbList","@id":"https:\/\/informatepy.com\/2021\/2022\/04\/07\/parlamento-aleman-rechaza-la-vacunacion-obligatoria-contra-el-coronavirus\/#breadcrumb","itemListElement":[{"@type":"ListItem","position":1,"name":"Portada","item":"https:\/\/informatepy.com\/2021\/"},{"@type":"ListItem","position":2,"name":"Parlamento alem\u00e1n rechaza la vacunaci\u00f3n obligatoria contra el coronavirus"}]},{"@type":"WebSite","@id":"https:\/\/informatepy.com\/2021\/#website","url":"https:\/\/informatepy.com\/2021\/","name":"Informatepy","description":"La verdad, siempre!","publisher":{"@id":"https:\/\/informatepy.com\/2021\/#\/schema\/person\/edd302c981d6ba4596191719d1025a8a"},"potentialAction":[{"@type":"SearchAction","target":{"@type":"EntryPoint","urlTemplate":"https:\/\/informatepy.com\/2021\/?s={search_term_string}"},"query-input":{"@type":"PropertyValueSpecification","valueRequired":true,"valueName":"search_term_string"}}],"inLanguage":"es"},{"@type":["Person","Organization"],"@id":"https:\/\/informatepy.com\/2021\/#\/schema\/person\/edd302c981d6ba4596191719d1025a8a","name":"admin","image":{"@type":"ImageObject","inLanguage":"es","@id":"https:\/\/secure.gravatar.com\/avatar\/5310f602b6cbcfb86e030c4ccdbb78f6565a3b9bab6a74ab80fd3cb5428b65af?s=96&d=mm&r=g","url":"https:\/\/secure.gravatar.com\/avatar\/5310f602b6cbcfb86e030c4ccdbb78f6565a3b9bab6a74ab80fd3cb5428b65af?s=96&d=mm&r=g","contentUrl":"https:\/\/secure.gravatar.com\/avatar\/5310f602b6cbcfb86e030c4ccdbb78f6565a3b9bab6a74ab80fd3cb5428b65af?s=96&d=mm&r=g","caption":"admin"},"logo":{"@id":"https:\/\/secure.gravatar.com\/avatar\/5310f602b6cbcfb86e030c4ccdbb78f6565a3b9bab6a74ab80fd3cb5428b65af?s=96&d=mm&r=g"},"sameAs":["http:\/\/informatepy.com\/2021"]},{"@type":"Person","@id":"https:\/\/informatepy.com\/2021\/#\/schema\/person\/0c842f525f84ea74ef3b44370d11757b","name":"Redacci\u00f3n","image":{"@type":"ImageObject","inLanguage":"es","@id":"https:\/\/i0.wp.com\/informatepy.com\/2021\/wp-content\/uploads\/2021\/02\/informate-circulo.png?fit=96%2C96&ssl=1","url":"https:\/\/i0.wp.com\/informatepy.com\/2021\/wp-content\/uploads\/2021\/02\/informate-circulo.png?fit=96%2C96&ssl=1","contentUrl":"https:\/\/i0.wp.com\/informatepy.com\/2021\/wp-content\/uploads\/2021\/02\/informate-circulo.png?fit=96%2C96&ssl=1","caption":"Redacci\u00f3n"},"sameAs":["https:\/\/www.facebook.com\/InformatePyCom","https:\/\/x.com\/https:\/\/twitter.com\/InformatePy1"],"url":"https:\/\/informatepy.com\/2021\/author\/redaccion\/"}]}},"jetpack_featured_media_url":"https:\/\/i0.wp.com\/informatepy.com\/2021\/wp-content\/uploads\/2022\/04\/parlamento-aleman.jpg?fit=750%2C422&ssl=1","jetpack_sharing_enabled":true,"jetpack_likes_enabled":true,"jetpack-related-posts":[{"id":11856,"url":"https:\/\/informatepy.com\/2021\/2022\/05\/30\/alemania-inicia-una-carrera-armamentistica-en-europa\/","url_meta":{"origin":11072,"position":0},"title":"Alemania inicia una carrera armament\u00edstica en Europa","date":"30 de mayo de 2022","format":false,"excerpt":"Con el inicio de la guerra en Ucrania, los paradigmas que dominaron Europa en las \u00faltimas d\u00e9cadas han cambiado. Uno de ellos, el antiguo respeto irrestricto a la constituci\u00f3n de la primera potencia econ\u00f3mica del continente, Alemania. Despu\u00e9s de muchas d\u00e9cadas, el gobierno alem\u00e1n acord\u00f3 financiar, tanto la modernizaci\u00f3n de\u2026","rel":"","context":"En \u00abMundo\u00bb","img":{"alt_text":"","src":"https:\/\/i0.wp.com\/informatepy.com\/2021\/wp-content\/uploads\/2022\/05\/ejercito-aleman.jpg?fit=1200%2C675&ssl=1&resize=350%2C200","width":350,"height":200},"classes":[]},{"id":12389,"url":"https:\/\/informatepy.com\/2021\/2022\/06\/28\/la-otan-prepara-un-fuerte-documento-contra-china\/","url_meta":{"origin":11072,"position":1},"title":"La OTAN prepara un \u00abfuerte\u00bb documento contra China","date":"28 de junio de 2022","format":false,"excerpt":"Seg\u00fan la Agencia Reuters, Estados Unidos conf\u00eda en que el nuevo documento de estrategia de la OTAN incluir\u00e1 un lenguaje \"fuerte\" sobre China, dijo el domingo un funcionario de la Casa Blanca, y agreg\u00f3 que las negociaciones sobre c\u00f3mo referirse a Beijing a\u00fan estaban en curso. La alianza militar est\u00e1\u2026","rel":"","context":"En \u00abMundo\u00bb","img":{"alt_text":"","src":"https:\/\/i0.wp.com\/informatepy.com\/2021\/wp-content\/uploads\/2022\/05\/otan-bandera.jpg?fit=1200%2C675&ssl=1&resize=350%2C200","width":350,"height":200},"classes":[]},{"id":8693,"url":"https:\/\/informatepy.com\/2021\/2021\/12\/07\/el-nuevo-ministro-de-salud-aleman-suena-con-un-reich-sanitario\/","url_meta":{"origin":11072,"position":2},"title":"El nuevo ministro de salud alem\u00e1n sue\u00f1a con un \u00abReich\u00bb sanitario","date":"7 de diciembre de 2021","format":false,"excerpt":"Con la salida de Angela Merkel del gobierno y la llegada de una amplia coalici\u00f3n de socialistas, ecologistas y liberales de izquierda, llega al Ministerio de Salud alem\u00e1n, el Dr. Karl Lauterbach, tambi\u00e9n conocido como el \u201cFauci alem\u00e1n\u201d. El\u00a0Dr. Karl Lauterbach, un fan\u00e1tico de las cuarentenas y militante de la\u2026","rel":"","context":"En \u00abMundo\u00bb","img":{"alt_text":"","src":"https:\/\/i0.wp.com\/informatepy.com\/2021\/wp-content\/uploads\/2021\/12\/karl-lauterbach.png?fit=1200%2C676&ssl=1&resize=350%2C200","width":350,"height":200},"classes":[]},{"id":10076,"url":"https:\/\/informatepy.com\/2021\/2022\/02\/13\/tablero-mundial-biden-rumbo-al-fracaso-en-la-gestion-de-la-crisis-ruso-ucraniana\/","url_meta":{"origin":11072,"position":3},"title":"TABLERO MUNDIAL: Biden rumbo al fracaso en la gesti\u00f3n de la crisis ruso-ucraniana","date":"13 de febrero de 2022","format":false,"excerpt":"Como bien se sabe, las crisis diplom\u00e1ticas suelen dilatarse para resolverse, pueden llevar meses y hasta a\u00f1os. En ese sentido, la actual coyuntura de Rusia y Urania exacerbada por la intenci\u00f3n de la \u00faltima de formar parte de la OTAN, acci\u00f3n que rechaza totalmente el Kremlin por considerar ello una\u2026","rel":"","context":"En \u00abAnalisis\u00bb","img":{"alt_text":"","src":"https:\/\/i0.wp.com\/informatepy.com\/2021\/wp-content\/uploads\/2021\/11\/nahem.png?fit=1200%2C657&ssl=1&resize=350%2C200","width":350,"height":200},"classes":[]},{"id":7708,"url":"https:\/\/informatepy.com\/2021\/2021\/10\/14\/el-senado-frances-rechaza-el-proyecto-de-ley-de-vacunacion-obligatoria\/","url_meta":{"origin":11072,"position":4},"title":"El Senado franc\u00e9s rechaza el proyecto de ley de vacunaci\u00f3n obligatoria","date":"14 de octubre de 2021","format":false,"excerpt":"La vacuna covid-19 no se unir\u00e1 a la lista de vacunas obligatorias. Los senadores no aprobaron el proyecto de ley presentado por los socialistas el 13 de octubre. Su grupo se encontr\u00f3 aislado. El gobierno promete seguir por el camino de la educaci\u00f3n.","rel":"","context":"En \u00abMundo\u00bb","img":{"alt_text":"","src":"https:\/\/i0.wp.com\/informatepy.com\/2021\/wp-content\/uploads\/2021\/10\/senado-frances.jpg?fit=1200%2C803&ssl=1&resize=350%2C200","width":350,"height":200},"classes":[]},{"id":10543,"url":"https:\/\/informatepy.com\/2021\/2022\/03\/10\/austria-elimina-los-mandatos-de-vacunacion-obligatoria\/","url_meta":{"origin":11072,"position":5},"title":"Austria elimina los mandatos de vacunaci\u00f3n obligatoria","date":"10 de marzo de 2022","format":false,"excerpt":"El Gobierno austriaco anunci\u00f3 este la suspensi\u00f3n de la ley que obligaba a vacunarse contra el Covid-19,\u00a0a menos de un mes de entrar en vigor. \"Hemos decidido seguir el consejo de la comisi\u00f3n de expertos\", que afirm\u00f3 que no es \"proporcional\" a la peligrosidad de la variante \u00f3micron del coronavirus,\u2026","rel":"","context":"En \u00abMundo\u00bb","img":{"alt_text":"","src":"https:\/\/i0.wp.com\/informatepy.com\/2021\/wp-content\/uploads\/2021\/04\/vacunas.jpg?fit=1200%2C675&ssl=1&resize=350%2C200","width":350,"height":200},"classes":[]}],"authors":[{"term_id":1051,"user_id":4,"is_guest":0,"slug":"redaccion","display_name":"Redacci\u00f3n","avatar_url":"https:\/\/i0.wp.com\/informatepy.com\/2021\/wp-content\/uploads\/2021\/02\/informate-circulo.png?fit=96%2C96&ssl=1","first_name":"Redacci\u00f3n","last_name":"","user_url":"","description":""}],"amp_enabled":true,"_links":{"self":[{"href":"https:\/\/informatepy.com\/2021\/wp-json\/wp\/v2\/posts\/11072","targetHints":{"allow":["GET"]}}],"collection":[{"href":"https:\/\/informatepy.com\/2021\/wp-json\/wp\/v2\/posts"}],"about":[{"href":"https:\/\/informatepy.com\/2021\/wp-json\/wp\/v2\/types\/post"}],"author":[{"embeddable":true,"href":"https:\/\/informatepy.com\/2021\/wp-json\/wp\/v2\/users\/4"}],"replies":[{"embeddable":true,"href":"https:\/\/informatepy.com\/2021\/wp-json\/wp\/v2\/comments?post=11072"}],"version-history":[{"count":1,"href":"https:\/\/informatepy.com\/2021\/wp-json\/wp\/v2\/posts\/11072\/revisions"}],"predecessor-version":[{"id":11074,"href":"https:\/\/informatepy.com\/2021\/wp-json\/wp\/v2\/posts\/11072\/revisions\/11074"}],"wp:featuredmedia":[{"embeddable":true,"href":"https:\/\/informatepy.com\/2021\/wp-json\/wp\/v2\/media\/11073"}],"wp:attachment":[{"href":"https:\/\/informatepy.com\/2021\/wp-json\/wp\/v2\/media?parent=11072"}],"wp:term":[{"taxonomy":"category","embeddable":true,"href":"https:\/\/informatepy.com\/2021\/wp-json\/wp\/v2\/categories?post=11072"},{"taxonomy":"post_tag","embeddable":true,"href":"https:\/\/informatepy.com\/2021\/wp-json\/wp\/v2\/tags?post=11072"},{"taxonomy":"author","embeddable":true,"href":"https:\/\/informatepy.com\/2021\/wp-json\/wp\/v2\/ppma_author?post=11072"}],"curies":[{"name":"wp","href":"https:\/\/api.w.org\/{rel}","templated":true}]}}