{"id":11032,"date":"2022-04-06T18:52:04","date_gmt":"2022-04-06T21:52:04","guid":{"rendered":"https:\/\/informatepy.com\/2021\/?p=11032"},"modified":"2022-04-06T18:52:07","modified_gmt":"2022-04-06T21:52:07","slug":"la-derecha-serbia-de-la-mano-de-aleksandar-vucic-es-reelecta-con-el-60-de-los-votos","status":"publish","type":"post","link":"https:\/\/informatepy.com\/2021\/2022\/04\/06\/la-derecha-serbia-de-la-mano-de-aleksandar-vucic-es-reelecta-con-el-60-de-los-votos\/","title":{"rendered":"La derecha serbia, de la mano de Aleksandar Vu\u010di\u0107, es reelecta con el 60% de los votos"},"content":{"rendered":"\n<p class=\"has-text-align-justify\">El pasado domingo 3 de abril, el presidente serbio, <strong>Aleksandar Vu\u010di\u0107<\/strong>,\u00a0logr\u00f3 una\u00a0<strong>aplastante victoria en las\u00a0elecciones presidenciales de Serbia<\/strong>. El mandatario reelecto, se present\u00f3 como el garante de la estabilidad a pesar de la guerra en Ucrania.<\/p>\n\n\n\n<p class=\"has-text-align-justify\">La coalici\u00f3n que lidera Vu\u010di\u0107,\u00a0<strong>Juntos Podemos Hacerlo Todo<\/strong>, alcanz\u00f3 el <strong>58,54% de los votos<\/strong>, mientras que <strong>Zdravko Pono\u0161<\/strong>, principal l\u00edder de la oposici\u00f3n\u00a0(<strong>Unidos por la Victoria)<\/strong>, apenas obtuvo el\u00a0<strong>18,87%<\/strong> del total de sufragios.<\/p>\n\n\n\n<p class=\"has-text-align-justify\">A pesar de su manifiesta amistad con Vladimir Putin, Vu\u010di\u0107 prometi\u00f3 mantener su postura de neutralidad en la guerra de Ucrania, y rechaz\u00f3 los pedidos se sancionar a Rusia por parte de la oposici\u00f3n.<\/p>\n\n\n\n<p class=\"has-text-align-justify\">Tras la victoria, el presidente se present\u00f3 ante sus seguidores y declar\u00f3:\u00a0<strong><em>\u201cEstoy orgulloso de haber logrado hacer algo que nadie pudo hacer en Serbia<\/em> <\/strong>(Vu\u010di\u0107 se convierte en el primer presidente desde la constituci\u00f3n de la Rep\u00fablica de Serbia en 2006 en ser reelecto)<strong>. <em>Eso habla del gran apoyo de la\u00a0gente\u201d<\/em><\/strong>, y finaliz\u00f3 diciendo que\u00a0<strong><em>\u201cSerbia tendr\u00e1 un gobierno muy estable y firme\u201d<\/em><\/strong>, prometi\u00f3.\u00a0<\/p>\n","protected":false},"excerpt":{"rendered":"<p>El pasado domingo 3 de abril, el presidente serbio, Aleksandar Vu\u010di\u0107,\u00a0logr\u00f3 una\u00a0aplastante victoria en las\u00a0elecciones presidenciales de Serbia. El mandatario reelecto, se present\u00f3 como el garante de la estabilidad a pesar de la guerra en Ucrania. La coalici\u00f3n que lidera Vu\u010di\u0107,\u00a0Juntos Podemos Hacerlo Todo, alcanz\u00f3 el 58,54% de los votos, mientras que Zdravko Pono\u0161, principal [&hellip;]<\/p>\n","protected":false},"author":4,"featured_media":11033,"comment_status":"open","ping_status":"open","sticky":false,"template":"","format":"standard","meta":{"_monsterinsights_skip_tracking":false,"_monsterinsights_sitenote_active":false,"_monsterinsights_sitenote_note":"","_monsterinsights_sitenote_category":0,"footnotes":"","jetpack_publicize_message":"","jetpack_is_tweetstorm":false,"jetpack_publicize_feature_enabled":true},"categories":[173],"tags":[1036,1651],"ppma_author":[1051],"class_list":["post-11032","post","type-post","status-publish","format-standard","has-post-thumbnail","hentry","category-mundo","tag-destacada","tag-serbia"],"jetpack_publicize_connections":[],"yoast_head":"<!-- This site is optimized with the Yoast SEO plugin v27.4 - https:\/\/yoast.com\/product\/yoast-seo-wordpress\/ -->\n<title>La derecha serbia, de la mano de Aleksandar Vu\u010di\u0107, es reelecta con el 60% de los votos - Informatepy<\/title>\n<meta name=\"robots\" content=\"index, follow, max-snippet:-1, max-image-preview:large, max-video-preview:-1\" \/>\n<link rel=\"canonical\" href=\"https:\/\/informatepy.com\/2021\/2022\/04\/06\/la-derecha-serbia-de-la-mano-de-aleksandar-vucic-es-reelecta-con-el-60-de-los-votos\/\" \/>\n<meta property=\"og:locale\" content=\"es_ES\" \/>\n<meta property=\"og:type\" content=\"article\" \/>\n<meta property=\"og:title\" content=\"La derecha serbia, de la mano de Aleksandar Vu\u010di\u0107, es reelecta con el 60% de los votos - Informatepy\" \/>\n<meta property=\"og:description\" content=\"El pasado domingo 3 de abril, el presidente serbio, Aleksandar Vu\u010di\u0107,\u00a0logr\u00f3 una\u00a0aplastante victoria en las\u00a0elecciones presidenciales de Serbia. El mandatario reelecto, se present\u00f3 como el garante de la estabilidad a pesar de la guerra en Ucrania. La coalici\u00f3n que lidera Vu\u010di\u0107,\u00a0Juntos Podemos Hacerlo Todo, alcanz\u00f3 el 58,54% de los votos, mientras que Zdravko Pono\u0161, principal [&hellip;]\" \/>\n<meta property=\"og:url\" content=\"https:\/\/informatepy.com\/2021\/2022\/04\/06\/la-derecha-serbia-de-la-mano-de-aleksandar-vucic-es-reelecta-con-el-60-de-los-votos\/\" \/>\n<meta property=\"og:site_name\" content=\"Informatepy\" \/>\n<meta property=\"article:author\" content=\"https:\/\/www.facebook.com\/InformatePyCom\" \/>\n<meta property=\"article:published_time\" content=\"2022-04-06T21:52:04+00:00\" \/>\n<meta property=\"article:modified_time\" content=\"2022-04-06T21:52:07+00:00\" \/>\n<meta property=\"og:image\" content=\"https:\/\/informatepy.com\/2021\/wp-content\/uploads\/2022\/04\/vucic-serbia.jpg\" \/>\n\t<meta property=\"og:image:width\" content=\"1200\" \/>\n\t<meta property=\"og:image:height\" content=\"630\" \/>\n\t<meta property=\"og:image:type\" content=\"image\/jpeg\" \/>\n<meta name=\"author\" content=\"Redacci\u00f3n\" \/>\n<meta name=\"twitter:card\" content=\"summary_large_image\" \/>\n<meta name=\"twitter:creator\" content=\"@https:\/\/twitter.com\/InformatePy1\" \/>\n<meta name=\"twitter:label1\" content=\"Escrito por\" \/>\n\t<meta name=\"twitter:data1\" content=\"Redacci\u00f3n\" \/>\n\t<meta name=\"twitter:label2\" content=\"Tiempo de lectura\" \/>\n\t<meta name=\"twitter:data2\" content=\"1 minuto\" \/>\n<script type=\"application\/ld+json\" class=\"yoast-schema-graph\">{\"@context\":\"https:\\\/\\\/schema.org\",\"@graph\":[{\"@type\":\"Article\",\"@id\":\"https:\\\/\\\/informatepy.com\\\/2021\\\/2022\\\/04\\\/06\\\/la-derecha-serbia-de-la-mano-de-aleksandar-vucic-es-reelecta-con-el-60-de-los-votos\\\/#article\",\"isPartOf\":{\"@id\":\"https:\\\/\\\/informatepy.com\\\/2021\\\/2022\\\/04\\\/06\\\/la-derecha-serbia-de-la-mano-de-aleksandar-vucic-es-reelecta-con-el-60-de-los-votos\\\/\"},\"author\":{\"name\":\"Redacci\u00f3n\",\"@id\":\"https:\\\/\\\/informatepy.com\\\/2021\\\/#\\\/schema\\\/person\\\/0c842f525f84ea74ef3b44370d11757b\"},\"headline\":\"La derecha serbia, de la mano de Aleksandar Vu\u010di\u0107, es reelecta con el 60% de los votos\",\"datePublished\":\"2022-04-06T21:52:04+00:00\",\"dateModified\":\"2022-04-06T21:52:07+00:00\",\"mainEntityOfPage\":{\"@id\":\"https:\\\/\\\/informatepy.com\\\/2021\\\/2022\\\/04\\\/06\\\/la-derecha-serbia-de-la-mano-de-aleksandar-vucic-es-reelecta-con-el-60-de-los-votos\\\/\"},\"wordCount\":198,\"commentCount\":0,\"publisher\":{\"@id\":\"https:\\\/\\\/informatepy.com\\\/2021\\\/#\\\/schema\\\/person\\\/edd302c981d6ba4596191719d1025a8a\"},\"image\":{\"@id\":\"https:\\\/\\\/informatepy.com\\\/2021\\\/2022\\\/04\\\/06\\\/la-derecha-serbia-de-la-mano-de-aleksandar-vucic-es-reelecta-con-el-60-de-los-votos\\\/#primaryimage\"},\"thumbnailUrl\":\"https:\\\/\\\/i0.wp.com\\\/informatepy.com\\\/2021\\\/wp-content\\\/uploads\\\/2022\\\/04\\\/vucic-serbia.jpg?fit=1200%2C630&ssl=1\",\"keywords\":[\"destacada\",\"serbia\"],\"articleSection\":[\"Mundo\"],\"inLanguage\":\"es\",\"potentialAction\":[{\"@type\":\"CommentAction\",\"name\":\"Comment\",\"target\":[\"https:\\\/\\\/informatepy.com\\\/2021\\\/2022\\\/04\\\/06\\\/la-derecha-serbia-de-la-mano-de-aleksandar-vucic-es-reelecta-con-el-60-de-los-votos\\\/#respond\"]}]},{\"@type\":\"WebPage\",\"@id\":\"https:\\\/\\\/informatepy.com\\\/2021\\\/2022\\\/04\\\/06\\\/la-derecha-serbia-de-la-mano-de-aleksandar-vucic-es-reelecta-con-el-60-de-los-votos\\\/\",\"url\":\"https:\\\/\\\/informatepy.com\\\/2021\\\/2022\\\/04\\\/06\\\/la-derecha-serbia-de-la-mano-de-aleksandar-vucic-es-reelecta-con-el-60-de-los-votos\\\/\",\"name\":\"La derecha serbia, de la mano de Aleksandar Vu\u010di\u0107, es reelecta con el 60% de los votos - Informatepy\",\"isPartOf\":{\"@id\":\"https:\\\/\\\/informatepy.com\\\/2021\\\/#website\"},\"primaryImageOfPage\":{\"@id\":\"https:\\\/\\\/informatepy.com\\\/2021\\\/2022\\\/04\\\/06\\\/la-derecha-serbia-de-la-mano-de-aleksandar-vucic-es-reelecta-con-el-60-de-los-votos\\\/#primaryimage\"},\"image\":{\"@id\":\"https:\\\/\\\/informatepy.com\\\/2021\\\/2022\\\/04\\\/06\\\/la-derecha-serbia-de-la-mano-de-aleksandar-vucic-es-reelecta-con-el-60-de-los-votos\\\/#primaryimage\"},\"thumbnailUrl\":\"https:\\\/\\\/i0.wp.com\\\/informatepy.com\\\/2021\\\/wp-content\\\/uploads\\\/2022\\\/04\\\/vucic-serbia.jpg?fit=1200%2C630&ssl=1\",\"datePublished\":\"2022-04-06T21:52:04+00:00\",\"dateModified\":\"2022-04-06T21:52:07+00:00\",\"breadcrumb\":{\"@id\":\"https:\\\/\\\/informatepy.com\\\/2021\\\/2022\\\/04\\\/06\\\/la-derecha-serbia-de-la-mano-de-aleksandar-vucic-es-reelecta-con-el-60-de-los-votos\\\/#breadcrumb\"},\"inLanguage\":\"es\",\"potentialAction\":[{\"@type\":\"ReadAction\",\"target\":[\"https:\\\/\\\/informatepy.com\\\/2021\\\/2022\\\/04\\\/06\\\/la-derecha-serbia-de-la-mano-de-aleksandar-vucic-es-reelecta-con-el-60-de-los-votos\\\/\"]}]},{\"@type\":\"ImageObject\",\"inLanguage\":\"es\",\"@id\":\"https:\\\/\\\/informatepy.com\\\/2021\\\/2022\\\/04\\\/06\\\/la-derecha-serbia-de-la-mano-de-aleksandar-vucic-es-reelecta-con-el-60-de-los-votos\\\/#primaryimage\",\"url\":\"https:\\\/\\\/i0.wp.com\\\/informatepy.com\\\/2021\\\/wp-content\\\/uploads\\\/2022\\\/04\\\/vucic-serbia.jpg?fit=1200%2C630&ssl=1\",\"contentUrl\":\"https:\\\/\\\/i0.wp.com\\\/informatepy.com\\\/2021\\\/wp-content\\\/uploads\\\/2022\\\/04\\\/vucic-serbia.jpg?fit=1200%2C630&ssl=1\",\"width\":1200,\"height\":630},{\"@type\":\"BreadcrumbList\",\"@id\":\"https:\\\/\\\/informatepy.com\\\/2021\\\/2022\\\/04\\\/06\\\/la-derecha-serbia-de-la-mano-de-aleksandar-vucic-es-reelecta-con-el-60-de-los-votos\\\/#breadcrumb\",\"itemListElement\":[{\"@type\":\"ListItem\",\"position\":1,\"name\":\"Portada\",\"item\":\"https:\\\/\\\/informatepy.com\\\/2021\\\/\"},{\"@type\":\"ListItem\",\"position\":2,\"name\":\"La derecha serbia, de la mano de Aleksandar Vu\u010di\u0107, es reelecta con el 60% de los votos\"}]},{\"@type\":\"WebSite\",\"@id\":\"https:\\\/\\\/informatepy.com\\\/2021\\\/#website\",\"url\":\"https:\\\/\\\/informatepy.com\\\/2021\\\/\",\"name\":\"Informatepy\",\"description\":\"La verdad, siempre!\",\"publisher\":{\"@id\":\"https:\\\/\\\/informatepy.com\\\/2021\\\/#\\\/schema\\\/person\\\/edd302c981d6ba4596191719d1025a8a\"},\"potentialAction\":[{\"@type\":\"SearchAction\",\"target\":{\"@type\":\"EntryPoint\",\"urlTemplate\":\"https:\\\/\\\/informatepy.com\\\/2021\\\/?s={search_term_string}\"},\"query-input\":{\"@type\":\"PropertyValueSpecification\",\"valueRequired\":true,\"valueName\":\"search_term_string\"}}],\"inLanguage\":\"es\"},{\"@type\":[\"Person\",\"Organization\"],\"@id\":\"https:\\\/\\\/informatepy.com\\\/2021\\\/#\\\/schema\\\/person\\\/edd302c981d6ba4596191719d1025a8a\",\"name\":\"admin\",\"image\":{\"@type\":\"ImageObject\",\"inLanguage\":\"es\",\"@id\":\"https:\\\/\\\/secure.gravatar.com\\\/avatar\\\/5310f602b6cbcfb86e030c4ccdbb78f6565a3b9bab6a74ab80fd3cb5428b65af?s=96&d=mm&r=g\",\"url\":\"https:\\\/\\\/secure.gravatar.com\\\/avatar\\\/5310f602b6cbcfb86e030c4ccdbb78f6565a3b9bab6a74ab80fd3cb5428b65af?s=96&d=mm&r=g\",\"contentUrl\":\"https:\\\/\\\/secure.gravatar.com\\\/avatar\\\/5310f602b6cbcfb86e030c4ccdbb78f6565a3b9bab6a74ab80fd3cb5428b65af?s=96&d=mm&r=g\",\"caption\":\"admin\"},\"logo\":{\"@id\":\"https:\\\/\\\/secure.gravatar.com\\\/avatar\\\/5310f602b6cbcfb86e030c4ccdbb78f6565a3b9bab6a74ab80fd3cb5428b65af?s=96&d=mm&r=g\"},\"sameAs\":[\"http:\\\/\\\/informatepy.com\\\/2021\"]},{\"@type\":\"Person\",\"@id\":\"https:\\\/\\\/informatepy.com\\\/2021\\\/#\\\/schema\\\/person\\\/0c842f525f84ea74ef3b44370d11757b\",\"name\":\"Redacci\u00f3n\",\"image\":{\"@type\":\"ImageObject\",\"inLanguage\":\"es\",\"@id\":\"https:\\\/\\\/i0.wp.com\\\/informatepy.com\\\/2021\\\/wp-content\\\/uploads\\\/2021\\\/02\\\/informate-circulo.png?fit=96%2C96&ssl=1\",\"url\":\"https:\\\/\\\/i0.wp.com\\\/informatepy.com\\\/2021\\\/wp-content\\\/uploads\\\/2021\\\/02\\\/informate-circulo.png?fit=96%2C96&ssl=1\",\"contentUrl\":\"https:\\\/\\\/i0.wp.com\\\/informatepy.com\\\/2021\\\/wp-content\\\/uploads\\\/2021\\\/02\\\/informate-circulo.png?fit=96%2C96&ssl=1\",\"caption\":\"Redacci\u00f3n\"},\"sameAs\":[\"https:\\\/\\\/www.facebook.com\\\/InformatePyCom\",\"https:\\\/\\\/x.com\\\/https:\\\/\\\/twitter.com\\\/InformatePy1\"],\"url\":\"https:\\\/\\\/informatepy.com\\\/2021\\\/author\\\/redaccion\\\/\"}]}<\/script>\n<!-- \/ Yoast SEO plugin. -->","yoast_head_json":{"title":"La derecha serbia, de la mano de Aleksandar Vu\u010di\u0107, es reelecta con el 60% de los votos - Informatepy","robots":{"index":"index","follow":"follow","max-snippet":"max-snippet:-1","max-image-preview":"max-image-preview:large","max-video-preview":"max-video-preview:-1"},"canonical":"https:\/\/informatepy.com\/2021\/2022\/04\/06\/la-derecha-serbia-de-la-mano-de-aleksandar-vucic-es-reelecta-con-el-60-de-los-votos\/","og_locale":"es_ES","og_type":"article","og_title":"La derecha serbia, de la mano de Aleksandar Vu\u010di\u0107, es reelecta con el 60% de los votos - Informatepy","og_description":"El pasado domingo 3 de abril, el presidente serbio, Aleksandar Vu\u010di\u0107,\u00a0logr\u00f3 una\u00a0aplastante victoria en las\u00a0elecciones presidenciales de Serbia. El mandatario reelecto, se present\u00f3 como el garante de la estabilidad a pesar de la guerra en Ucrania. La coalici\u00f3n que lidera Vu\u010di\u0107,\u00a0Juntos Podemos Hacerlo Todo, alcanz\u00f3 el 58,54% de los votos, mientras que Zdravko Pono\u0161, principal [&hellip;]","og_url":"https:\/\/informatepy.com\/2021\/2022\/04\/06\/la-derecha-serbia-de-la-mano-de-aleksandar-vucic-es-reelecta-con-el-60-de-los-votos\/","og_site_name":"Informatepy","article_author":"https:\/\/www.facebook.com\/InformatePyCom","article_published_time":"2022-04-06T21:52:04+00:00","article_modified_time":"2022-04-06T21:52:07+00:00","og_image":[{"width":1200,"height":630,"url":"https:\/\/informatepy.com\/2021\/wp-content\/uploads\/2022\/04\/vucic-serbia.jpg","type":"image\/jpeg"}],"author":"Redacci\u00f3n","twitter_card":"summary_large_image","twitter_creator":"@https:\/\/twitter.com\/InformatePy1","twitter_misc":{"Escrito por":"Redacci\u00f3n","Tiempo de lectura":"1 minuto"},"schema":{"@context":"https:\/\/schema.org","@graph":[{"@type":"Article","@id":"https:\/\/informatepy.com\/2021\/2022\/04\/06\/la-derecha-serbia-de-la-mano-de-aleksandar-vucic-es-reelecta-con-el-60-de-los-votos\/#article","isPartOf":{"@id":"https:\/\/informatepy.com\/2021\/2022\/04\/06\/la-derecha-serbia-de-la-mano-de-aleksandar-vucic-es-reelecta-con-el-60-de-los-votos\/"},"author":{"name":"Redacci\u00f3n","@id":"https:\/\/informatepy.com\/2021\/#\/schema\/person\/0c842f525f84ea74ef3b44370d11757b"},"headline":"La derecha serbia, de la mano de Aleksandar Vu\u010di\u0107, es reelecta con el 60% de los votos","datePublished":"2022-04-06T21:52:04+00:00","dateModified":"2022-04-06T21:52:07+00:00","mainEntityOfPage":{"@id":"https:\/\/informatepy.com\/2021\/2022\/04\/06\/la-derecha-serbia-de-la-mano-de-aleksandar-vucic-es-reelecta-con-el-60-de-los-votos\/"},"wordCount":198,"commentCount":0,"publisher":{"@id":"https:\/\/informatepy.com\/2021\/#\/schema\/person\/edd302c981d6ba4596191719d1025a8a"},"image":{"@id":"https:\/\/informatepy.com\/2021\/2022\/04\/06\/la-derecha-serbia-de-la-mano-de-aleksandar-vucic-es-reelecta-con-el-60-de-los-votos\/#primaryimage"},"thumbnailUrl":"https:\/\/i0.wp.com\/informatepy.com\/2021\/wp-content\/uploads\/2022\/04\/vucic-serbia.jpg?fit=1200%2C630&ssl=1","keywords":["destacada","serbia"],"articleSection":["Mundo"],"inLanguage":"es","potentialAction":[{"@type":"CommentAction","name":"Comment","target":["https:\/\/informatepy.com\/2021\/2022\/04\/06\/la-derecha-serbia-de-la-mano-de-aleksandar-vucic-es-reelecta-con-el-60-de-los-votos\/#respond"]}]},{"@type":"WebPage","@id":"https:\/\/informatepy.com\/2021\/2022\/04\/06\/la-derecha-serbia-de-la-mano-de-aleksandar-vucic-es-reelecta-con-el-60-de-los-votos\/","url":"https:\/\/informatepy.com\/2021\/2022\/04\/06\/la-derecha-serbia-de-la-mano-de-aleksandar-vucic-es-reelecta-con-el-60-de-los-votos\/","name":"La derecha serbia, de la mano de Aleksandar Vu\u010di\u0107, es reelecta con el 60% de los votos - Informatepy","isPartOf":{"@id":"https:\/\/informatepy.com\/2021\/#website"},"primaryImageOfPage":{"@id":"https:\/\/informatepy.com\/2021\/2022\/04\/06\/la-derecha-serbia-de-la-mano-de-aleksandar-vucic-es-reelecta-con-el-60-de-los-votos\/#primaryimage"},"image":{"@id":"https:\/\/informatepy.com\/2021\/2022\/04\/06\/la-derecha-serbia-de-la-mano-de-aleksandar-vucic-es-reelecta-con-el-60-de-los-votos\/#primaryimage"},"thumbnailUrl":"https:\/\/i0.wp.com\/informatepy.com\/2021\/wp-content\/uploads\/2022\/04\/vucic-serbia.jpg?fit=1200%2C630&ssl=1","datePublished":"2022-04-06T21:52:04+00:00","dateModified":"2022-04-06T21:52:07+00:00","breadcrumb":{"@id":"https:\/\/informatepy.com\/2021\/2022\/04\/06\/la-derecha-serbia-de-la-mano-de-aleksandar-vucic-es-reelecta-con-el-60-de-los-votos\/#breadcrumb"},"inLanguage":"es","potentialAction":[{"@type":"ReadAction","target":["https:\/\/informatepy.com\/2021\/2022\/04\/06\/la-derecha-serbia-de-la-mano-de-aleksandar-vucic-es-reelecta-con-el-60-de-los-votos\/"]}]},{"@type":"ImageObject","inLanguage":"es","@id":"https:\/\/informatepy.com\/2021\/2022\/04\/06\/la-derecha-serbia-de-la-mano-de-aleksandar-vucic-es-reelecta-con-el-60-de-los-votos\/#primaryimage","url":"https:\/\/i0.wp.com\/informatepy.com\/2021\/wp-content\/uploads\/2022\/04\/vucic-serbia.jpg?fit=1200%2C630&ssl=1","contentUrl":"https:\/\/i0.wp.com\/informatepy.com\/2021\/wp-content\/uploads\/2022\/04\/vucic-serbia.jpg?fit=1200%2C630&ssl=1","width":1200,"height":630},{"@type":"BreadcrumbList","@id":"https:\/\/informatepy.com\/2021\/2022\/04\/06\/la-derecha-serbia-de-la-mano-de-aleksandar-vucic-es-reelecta-con-el-60-de-los-votos\/#breadcrumb","itemListElement":[{"@type":"ListItem","position":1,"name":"Portada","item":"https:\/\/informatepy.com\/2021\/"},{"@type":"ListItem","position":2,"name":"La derecha serbia, de la mano de Aleksandar Vu\u010di\u0107, es reelecta con el 60% de los votos"}]},{"@type":"WebSite","@id":"https:\/\/informatepy.com\/2021\/#website","url":"https:\/\/informatepy.com\/2021\/","name":"Informatepy","description":"La verdad, siempre!","publisher":{"@id":"https:\/\/informatepy.com\/2021\/#\/schema\/person\/edd302c981d6ba4596191719d1025a8a"},"potentialAction":[{"@type":"SearchAction","target":{"@type":"EntryPoint","urlTemplate":"https:\/\/informatepy.com\/2021\/?s={search_term_string}"},"query-input":{"@type":"PropertyValueSpecification","valueRequired":true,"valueName":"search_term_string"}}],"inLanguage":"es"},{"@type":["Person","Organization"],"@id":"https:\/\/informatepy.com\/2021\/#\/schema\/person\/edd302c981d6ba4596191719d1025a8a","name":"admin","image":{"@type":"ImageObject","inLanguage":"es","@id":"https:\/\/secure.gravatar.com\/avatar\/5310f602b6cbcfb86e030c4ccdbb78f6565a3b9bab6a74ab80fd3cb5428b65af?s=96&d=mm&r=g","url":"https:\/\/secure.gravatar.com\/avatar\/5310f602b6cbcfb86e030c4ccdbb78f6565a3b9bab6a74ab80fd3cb5428b65af?s=96&d=mm&r=g","contentUrl":"https:\/\/secure.gravatar.com\/avatar\/5310f602b6cbcfb86e030c4ccdbb78f6565a3b9bab6a74ab80fd3cb5428b65af?s=96&d=mm&r=g","caption":"admin"},"logo":{"@id":"https:\/\/secure.gravatar.com\/avatar\/5310f602b6cbcfb86e030c4ccdbb78f6565a3b9bab6a74ab80fd3cb5428b65af?s=96&d=mm&r=g"},"sameAs":["http:\/\/informatepy.com\/2021"]},{"@type":"Person","@id":"https:\/\/informatepy.com\/2021\/#\/schema\/person\/0c842f525f84ea74ef3b44370d11757b","name":"Redacci\u00f3n","image":{"@type":"ImageObject","inLanguage":"es","@id":"https:\/\/i0.wp.com\/informatepy.com\/2021\/wp-content\/uploads\/2021\/02\/informate-circulo.png?fit=96%2C96&ssl=1","url":"https:\/\/i0.wp.com\/informatepy.com\/2021\/wp-content\/uploads\/2021\/02\/informate-circulo.png?fit=96%2C96&ssl=1","contentUrl":"https:\/\/i0.wp.com\/informatepy.com\/2021\/wp-content\/uploads\/2021\/02\/informate-circulo.png?fit=96%2C96&ssl=1","caption":"Redacci\u00f3n"},"sameAs":["https:\/\/www.facebook.com\/InformatePyCom","https:\/\/x.com\/https:\/\/twitter.com\/InformatePy1"],"url":"https:\/\/informatepy.com\/2021\/author\/redaccion\/"}]}},"jetpack_featured_media_url":"https:\/\/i0.wp.com\/informatepy.com\/2021\/wp-content\/uploads\/2022\/04\/vucic-serbia.jpg?fit=1200%2C630&ssl=1","jetpack_sharing_enabled":true,"jetpack_likes_enabled":true,"jetpack-related-posts":[{"id":14094,"url":"https:\/\/informatepy.com\/2021\/2022\/09\/27\/referendums-en-regiones-ucranianas-dan-victoria-a-rusia\/","url_meta":{"origin":11032,"position":0},"title":"Referendums en regiones ucranianas dan victoria a Rusia","date":"27 de septiembre de 2022","format":false,"excerpt":"Seg\u00fan reportes de la prensa internacional, las regiones ucranianas de Zaporizhia y Jerson habr\u00edan votado en sus referendos en favor de ser anexadas por Rusia (AFP, Reuters), lo que es confirmado por fuentes del Kremlin. De esta manera y con similares resultados en Donetsk y Lugansk, la Confederaci\u00f3n Rusa espera\u2026","rel":"","context":"En \u00abMundo\u00bb","img":{"alt_text":"","src":"https:\/\/i0.wp.com\/informatepy.com\/2021\/wp-content\/uploads\/2022\/03\/oso-rusia.jpg?fit=735%2C490&ssl=1&resize=350%2C200","width":350,"height":200},"classes":[]},{"id":10588,"url":"https:\/\/informatepy.com\/2021\/2022\/03\/12\/zeljko-obradovic-no-recuerdo-que-la-gente-hablara-tanto-cuando-mi-pais-fue-bombardeado-en-1999\/","url_meta":{"origin":11032,"position":1},"title":"Zeljko Obradovic: \u00abNo recuerdo que la gente hablara tanto cuando mi pa\u00eds fue bombardeado en 1999\u00bb","date":"12 de marzo de 2022","format":false,"excerpt":"Zeljko Obradovic, el t\u00e9cnico m\u00e1s laureado de la historia de la Euroliga, volvi\u00f3 a demostrar que no tiene pelos en la lengua tras la derrota de su equipo, el\u00a0Partiz\u00e1n de Belgrado, ante el Lietkabelis\u00a0lituano en partido correspondiente a la\u00a0Eurocup. El entrenador atendi\u00f3 a la prensa lituana y as\u00ed respondi\u00f3 cuando\u2026","rel":"","context":"En \u00abDeportes\u00bb","img":{"alt_text":"","src":"https:\/\/i0.wp.com\/informatepy.com\/2021\/wp-content\/uploads\/2022\/03\/Zeljko-Obradovic.jpg?fit=780%2C420&ssl=1&resize=350%2C200","width":350,"height":200},"classes":[]},{"id":9592,"url":"https:\/\/informatepy.com\/2021\/2022\/01\/21\/serbia-revoca-licencias-de-proyecto-de-litio-de-la-minera-australiana-rio-tinto\/","url_meta":{"origin":11032,"position":2},"title":"Serbia revoca licencias de proyecto de litio de la minera australiana \u00abRio Tinto\u00bb","date":"21 de enero de 2022","format":false,"excerpt":"(Reuters) - Serbia revoc\u00f3 el jueves las licencias de exploraci\u00f3n de litio de Rio Tinto\u00a0(RIO.L)\u00a0, cediendo ante los manifestantes que se opon\u00edan al desarrollo del proyecto por parte del gigante minero anglo-australiano por motivos ambientales. La primera ministra serbia, Ana Brnabic, dijo que la decisi\u00f3n del gobierno se produjo despu\u00e9s\u2026","rel":"","context":"En \u00abMundo\u00bb","img":{"alt_text":"","src":"https:\/\/i0.wp.com\/informatepy.com\/2021\/wp-content\/uploads\/2022\/01\/minera-rio-tinto.jpg?fit=960%2C643&ssl=1&resize=350%2C200","width":350,"height":200},"classes":[]},{"id":13456,"url":"https:\/\/informatepy.com\/2021\/2022\/08\/20\/serbia-se-declara-pro-familia-y-rechaza-la-realizacion-del-europride\/","url_meta":{"origin":11032,"position":3},"title":"Serbia se declara Pro Familia y rechaza la realizaci\u00f3n del \u00abEuropride\u00bb","date":"20 de agosto de 2022","format":false,"excerpt":"Decenas de miles de ciudadanos de la Rep\u00fablica de Serbia, salieron a las calles en lo que se denomin\u00f3 la \"Marcha del Orgullo Familiar\". Las primeras estimaciones hablaban de entre 10.000 y 20.000 participantes en la Procesi\u00f3n de la Cruz por la Familia Serbia pero, seg\u00fan las \u00faltimas estimaciones, la\u2026","rel":"","context":"En \u00abMundo\u00bb","img":{"alt_text":"","src":"https:\/\/i0.wp.com\/informatepy.com\/2021\/wp-content\/uploads\/2022\/08\/marcha-pro-familia-serbia.jpg?fit=1200%2C900&ssl=1&resize=350%2C200","width":350,"height":200},"classes":[]},{"id":12166,"url":"https:\/\/informatepy.com\/2021\/2022\/06\/15\/emmanuel-macron-a-punto-de-perder-la-asamblea\/","url_meta":{"origin":11032,"position":4},"title":"Emmanuel Macron a punto de perder la Asamblea","date":"15 de junio de 2022","format":false,"excerpt":"La primera vuelta de las legislativas en Francia dejaron entrever la oposici\u00f3n a Emmanuel Macron a pesar de ser reelecto.","rel":"","context":"En \u00abMundo\u00bb","img":{"alt_text":"","src":"https:\/\/i0.wp.com\/informatepy.com\/2021\/wp-content\/uploads\/2022\/01\/macron-euro-camara.jpg?fit=1024%2C576&ssl=1&resize=350%2C200","width":350,"height":200},"classes":[]},{"id":5434,"url":"https:\/\/informatepy.com\/2021\/2021\/06\/22\/salomon-reelecto-en-el-senado-con-voto-de-liberales-que-liquidaron-al-candidato-del-plra\/","url_meta":{"origin":11032,"position":5},"title":"Salom\u00f3n reelecto en el Senado con votos liberales que \u00abliquidaron\u00bb al candidato del PLRA","date":"22 de junio de 2021","format":false,"excerpt":"\u00d3scar Salom\u00f3n fue reelecto como presidente del Senado y el Congreso, con el apoyo de 25 legisladores (5 liberales), contra los 15 que obtuvo el senador del Partido Liberal, Eusebio Ram\u00f3n Ayala, propuesto por una parte de esa fuerza. Todos los colorados presentes en la sesi\u00f3n votaron por Salom\u00f3n; no\u2026","rel":"","context":"En \u00abDestacados\u00bb","img":{"alt_text":"","src":"https:\/\/i0.wp.com\/informatepy.com\/2021\/wp-content\/uploads\/2021\/03\/Oscar-Cachito-Salomon.jpg?fit=1200%2C675&ssl=1&resize=350%2C200","width":350,"height":200},"classes":[]}],"authors":[{"term_id":1051,"user_id":4,"is_guest":0,"slug":"redaccion","display_name":"Redacci\u00f3n","avatar_url":"https:\/\/i0.wp.com\/informatepy.com\/2021\/wp-content\/uploads\/2021\/02\/informate-circulo.png?fit=96%2C96&ssl=1","first_name":"Redacci\u00f3n","last_name":"","user_url":"","description":""}],"amp_enabled":true,"_links":{"self":[{"href":"https:\/\/informatepy.com\/2021\/wp-json\/wp\/v2\/posts\/11032","targetHints":{"allow":["GET"]}}],"collection":[{"href":"https:\/\/informatepy.com\/2021\/wp-json\/wp\/v2\/posts"}],"about":[{"href":"https:\/\/informatepy.com\/2021\/wp-json\/wp\/v2\/types\/post"}],"author":[{"embeddable":true,"href":"https:\/\/informatepy.com\/2021\/wp-json\/wp\/v2\/users\/4"}],"replies":[{"embeddable":true,"href":"https:\/\/informatepy.com\/2021\/wp-json\/wp\/v2\/comments?post=11032"}],"version-history":[{"count":1,"href":"https:\/\/informatepy.com\/2021\/wp-json\/wp\/v2\/posts\/11032\/revisions"}],"predecessor-version":[{"id":11034,"href":"https:\/\/informatepy.com\/2021\/wp-json\/wp\/v2\/posts\/11032\/revisions\/11034"}],"wp:featuredmedia":[{"embeddable":true,"href":"https:\/\/informatepy.com\/2021\/wp-json\/wp\/v2\/media\/11033"}],"wp:attachment":[{"href":"https:\/\/informatepy.com\/2021\/wp-json\/wp\/v2\/media?parent=11032"}],"wp:term":[{"taxonomy":"category","embeddable":true,"href":"https:\/\/informatepy.com\/2021\/wp-json\/wp\/v2\/categories?post=11032"},{"taxonomy":"post_tag","embeddable":true,"href":"https:\/\/informatepy.com\/2021\/wp-json\/wp\/v2\/tags?post=11032"},{"taxonomy":"author","embeddable":true,"href":"https:\/\/informatepy.com\/2021\/wp-json\/wp\/v2\/ppma_author?post=11032"}],"curies":[{"name":"wp","href":"https:\/\/api.w.org\/{rel}","templated":true}]}}