{"id":10847,"date":"2022-03-28T07:20:00","date_gmt":"2022-03-28T10:20:00","guid":{"rendered":"https:\/\/informatepy.com\/2021\/?p=10847"},"modified":"2022-03-27T21:51:33","modified_gmt":"2022-03-28T00:51:33","slug":"un-colorado-para-nueva-asuncion-y-una-liberal-para-itacua","status":"publish","type":"post","link":"https:\/\/informatepy.com\/2021\/2022\/03\/28\/un-colorado-para-nueva-asuncion-y-una-liberal-para-itacua\/","title":{"rendered":"Un colorado para Nueva Asunci\u00f3n y un liberal para Itacu\u00e1"},"content":{"rendered":"\n<p class=\"has-text-align-justify\">Juan Vera Maciel, se impuso en las elecciones municipales del nuevo distrito de Nueva Asunci\u00f3n del Departamento de Nueva Asunci\u00f3n. Vera es el candidato de Honor Colorado. Mientras tanto, en el distrito de Itacu\u00e1, se impuso como nuevo intendente el liberal Alfonso Bell.<\/p>\n\n\n\n<p class=\"has-text-align-justify\">Los nuevos distritos eligieron este domingo sus primeras autoridades municipales. Para la Junta Municipal, en ambos distritos, se impusieron los candidatos colorados.<\/p>\n","protected":false},"excerpt":{"rendered":"<p>Juan Vera Maciel, se impuso en las elecciones municipales del nuevo distrito de Nueva Asunci\u00f3n del Departamento de Nueva Asunci\u00f3n. Vera es el candidato de Honor Colorado. Mientras tanto, en el distrito de Itacu\u00e1, se impuso como nuevo intendente el liberal Alfonso Bell. Los nuevos distritos eligieron este domingo sus primeras autoridades municipales. Para la [&hellip;]<\/p>\n","protected":false},"author":4,"featured_media":10848,"comment_status":"open","ping_status":"open","sticky":false,"template":"","format":"standard","meta":{"_monsterinsights_skip_tracking":false,"_monsterinsights_sitenote_active":false,"_monsterinsights_sitenote_note":"","_monsterinsights_sitenote_category":0,"footnotes":"","jetpack_publicize_message":"","jetpack_is_tweetstorm":false,"jetpack_publicize_feature_enabled":false},"categories":[483],"tags":[1036],"ppma_author":[1051],"class_list":["post-10847","post","type-post","status-publish","format-standard","has-post-thumbnail","hentry","category-municipales","tag-destacada"],"jetpack_publicize_connections":[],"yoast_head":"<!-- This site is optimized with the Yoast SEO plugin v27.5 - https:\/\/yoast.com\/product\/yoast-seo-wordpress\/ -->\n<title>Un colorado para Nueva Asunci\u00f3n y un liberal para Itacu\u00e1 - Informatepy<\/title>\n<meta name=\"robots\" content=\"index, follow, max-snippet:-1, max-image-preview:large, max-video-preview:-1\" \/>\n<link rel=\"canonical\" href=\"https:\/\/informatepy.com\/2021\/2022\/03\/28\/un-colorado-para-nueva-asuncion-y-una-liberal-para-itacua\/\" \/>\n<meta property=\"og:locale\" content=\"es_ES\" \/>\n<meta property=\"og:type\" content=\"article\" \/>\n<meta property=\"og:title\" content=\"Un colorado para Nueva Asunci\u00f3n y un liberal para Itacu\u00e1 - Informatepy\" \/>\n<meta property=\"og:description\" content=\"Juan Vera Maciel, se impuso en las elecciones municipales del nuevo distrito de Nueva Asunci\u00f3n del Departamento de Nueva Asunci\u00f3n. Vera es el candidato de Honor Colorado. Mientras tanto, en el distrito de Itacu\u00e1, se impuso como nuevo intendente el liberal Alfonso Bell. Los nuevos distritos eligieron este domingo sus primeras autoridades municipales. Para la [&hellip;]\" \/>\n<meta property=\"og:url\" content=\"https:\/\/informatepy.com\/2021\/2022\/03\/28\/un-colorado-para-nueva-asuncion-y-una-liberal-para-itacua\/\" \/>\n<meta property=\"og:site_name\" content=\"Informatepy\" \/>\n<meta property=\"article:author\" content=\"https:\/\/www.facebook.com\/InformatePyCom\" \/>\n<meta property=\"article:published_time\" content=\"2022-03-28T10:20:00+00:00\" \/>\n<meta property=\"og:image\" content=\"https:\/\/i0.wp.com\/informatepy.com\/2021\/wp-content\/uploads\/2022\/03\/anr-plra.jpg?fit=600%2C300&ssl=1\" \/>\n\t<meta property=\"og:image:width\" content=\"600\" \/>\n\t<meta property=\"og:image:height\" content=\"300\" \/>\n\t<meta property=\"og:image:type\" content=\"image\/jpeg\" \/>\n<meta name=\"author\" content=\"Redacci\u00f3n\" \/>\n<meta name=\"twitter:card\" content=\"summary_large_image\" \/>\n<meta name=\"twitter:creator\" content=\"@https:\/\/twitter.com\/InformatePy1\" \/>\n<meta name=\"twitter:label1\" content=\"Escrito por\" \/>\n\t<meta name=\"twitter:data1\" content=\"Redacci\u00f3n\" \/>\n\t<meta name=\"twitter:label2\" content=\"Tiempo de lectura\" \/>\n\t<meta name=\"twitter:data2\" content=\"1 minuto\" \/>\n<script type=\"application\/ld+json\" class=\"yoast-schema-graph\">{\"@context\":\"https:\\\/\\\/schema.org\",\"@graph\":[{\"@type\":\"Article\",\"@id\":\"https:\\\/\\\/informatepy.com\\\/2021\\\/2022\\\/03\\\/28\\\/un-colorado-para-nueva-asuncion-y-una-liberal-para-itacua\\\/#article\",\"isPartOf\":{\"@id\":\"https:\\\/\\\/informatepy.com\\\/2021\\\/2022\\\/03\\\/28\\\/un-colorado-para-nueva-asuncion-y-una-liberal-para-itacua\\\/\"},\"author\":{\"name\":\"Redacci\u00f3n\",\"@id\":\"https:\\\/\\\/informatepy.com\\\/2021\\\/#\\\/schema\\\/person\\\/0c842f525f84ea74ef3b44370d11757b\"},\"headline\":\"Un colorado para Nueva Asunci\u00f3n y un liberal para Itacu\u00e1\",\"datePublished\":\"2022-03-28T10:20:00+00:00\",\"mainEntityOfPage\":{\"@id\":\"https:\\\/\\\/informatepy.com\\\/2021\\\/2022\\\/03\\\/28\\\/un-colorado-para-nueva-asuncion-y-una-liberal-para-itacua\\\/\"},\"wordCount\":78,\"commentCount\":0,\"publisher\":{\"@id\":\"https:\\\/\\\/informatepy.com\\\/2021\\\/#\\\/schema\\\/person\\\/edd302c981d6ba4596191719d1025a8a\"},\"image\":{\"@id\":\"https:\\\/\\\/informatepy.com\\\/2021\\\/2022\\\/03\\\/28\\\/un-colorado-para-nueva-asuncion-y-una-liberal-para-itacua\\\/#primaryimage\"},\"thumbnailUrl\":\"https:\\\/\\\/i0.wp.com\\\/informatepy.com\\\/2021\\\/wp-content\\\/uploads\\\/2022\\\/03\\\/anr-plra.jpg?fit=600%2C300&ssl=1\",\"keywords\":[\"destacada\"],\"articleSection\":[\"Municipales\"],\"inLanguage\":\"es\",\"potentialAction\":[{\"@type\":\"CommentAction\",\"name\":\"Comment\",\"target\":[\"https:\\\/\\\/informatepy.com\\\/2021\\\/2022\\\/03\\\/28\\\/un-colorado-para-nueva-asuncion-y-una-liberal-para-itacua\\\/#respond\"]}]},{\"@type\":\"WebPage\",\"@id\":\"https:\\\/\\\/informatepy.com\\\/2021\\\/2022\\\/03\\\/28\\\/un-colorado-para-nueva-asuncion-y-una-liberal-para-itacua\\\/\",\"url\":\"https:\\\/\\\/informatepy.com\\\/2021\\\/2022\\\/03\\\/28\\\/un-colorado-para-nueva-asuncion-y-una-liberal-para-itacua\\\/\",\"name\":\"Un colorado para Nueva Asunci\u00f3n y un liberal para Itacu\u00e1 - Informatepy\",\"isPartOf\":{\"@id\":\"https:\\\/\\\/informatepy.com\\\/2021\\\/#website\"},\"primaryImageOfPage\":{\"@id\":\"https:\\\/\\\/informatepy.com\\\/2021\\\/2022\\\/03\\\/28\\\/un-colorado-para-nueva-asuncion-y-una-liberal-para-itacua\\\/#primaryimage\"},\"image\":{\"@id\":\"https:\\\/\\\/informatepy.com\\\/2021\\\/2022\\\/03\\\/28\\\/un-colorado-para-nueva-asuncion-y-una-liberal-para-itacua\\\/#primaryimage\"},\"thumbnailUrl\":\"https:\\\/\\\/i0.wp.com\\\/informatepy.com\\\/2021\\\/wp-content\\\/uploads\\\/2022\\\/03\\\/anr-plra.jpg?fit=600%2C300&ssl=1\",\"datePublished\":\"2022-03-28T10:20:00+00:00\",\"breadcrumb\":{\"@id\":\"https:\\\/\\\/informatepy.com\\\/2021\\\/2022\\\/03\\\/28\\\/un-colorado-para-nueva-asuncion-y-una-liberal-para-itacua\\\/#breadcrumb\"},\"inLanguage\":\"es\",\"potentialAction\":[{\"@type\":\"ReadAction\",\"target\":[\"https:\\\/\\\/informatepy.com\\\/2021\\\/2022\\\/03\\\/28\\\/un-colorado-para-nueva-asuncion-y-una-liberal-para-itacua\\\/\"]}]},{\"@type\":\"ImageObject\",\"inLanguage\":\"es\",\"@id\":\"https:\\\/\\\/informatepy.com\\\/2021\\\/2022\\\/03\\\/28\\\/un-colorado-para-nueva-asuncion-y-una-liberal-para-itacua\\\/#primaryimage\",\"url\":\"https:\\\/\\\/i0.wp.com\\\/informatepy.com\\\/2021\\\/wp-content\\\/uploads\\\/2022\\\/03\\\/anr-plra.jpg?fit=600%2C300&ssl=1\",\"contentUrl\":\"https:\\\/\\\/i0.wp.com\\\/informatepy.com\\\/2021\\\/wp-content\\\/uploads\\\/2022\\\/03\\\/anr-plra.jpg?fit=600%2C300&ssl=1\",\"width\":600,\"height\":300},{\"@type\":\"BreadcrumbList\",\"@id\":\"https:\\\/\\\/informatepy.com\\\/2021\\\/2022\\\/03\\\/28\\\/un-colorado-para-nueva-asuncion-y-una-liberal-para-itacua\\\/#breadcrumb\",\"itemListElement\":[{\"@type\":\"ListItem\",\"position\":1,\"name\":\"Portada\",\"item\":\"https:\\\/\\\/informatepy.com\\\/2021\\\/\"},{\"@type\":\"ListItem\",\"position\":2,\"name\":\"Un colorado para Nueva Asunci\u00f3n y un liberal para Itacu\u00e1\"}]},{\"@type\":\"WebSite\",\"@id\":\"https:\\\/\\\/informatepy.com\\\/2021\\\/#website\",\"url\":\"https:\\\/\\\/informatepy.com\\\/2021\\\/\",\"name\":\"Informatepy\",\"description\":\"La verdad, siempre!\",\"publisher\":{\"@id\":\"https:\\\/\\\/informatepy.com\\\/2021\\\/#\\\/schema\\\/person\\\/edd302c981d6ba4596191719d1025a8a\"},\"potentialAction\":[{\"@type\":\"SearchAction\",\"target\":{\"@type\":\"EntryPoint\",\"urlTemplate\":\"https:\\\/\\\/informatepy.com\\\/2021\\\/?s={search_term_string}\"},\"query-input\":{\"@type\":\"PropertyValueSpecification\",\"valueRequired\":true,\"valueName\":\"search_term_string\"}}],\"inLanguage\":\"es\"},{\"@type\":[\"Person\",\"Organization\"],\"@id\":\"https:\\\/\\\/informatepy.com\\\/2021\\\/#\\\/schema\\\/person\\\/edd302c981d6ba4596191719d1025a8a\",\"name\":\"admin\",\"image\":{\"@type\":\"ImageObject\",\"inLanguage\":\"es\",\"@id\":\"https:\\\/\\\/secure.gravatar.com\\\/avatar\\\/5310f602b6cbcfb86e030c4ccdbb78f6565a3b9bab6a74ab80fd3cb5428b65af?s=96&d=mm&r=g\",\"url\":\"https:\\\/\\\/secure.gravatar.com\\\/avatar\\\/5310f602b6cbcfb86e030c4ccdbb78f6565a3b9bab6a74ab80fd3cb5428b65af?s=96&d=mm&r=g\",\"contentUrl\":\"https:\\\/\\\/secure.gravatar.com\\\/avatar\\\/5310f602b6cbcfb86e030c4ccdbb78f6565a3b9bab6a74ab80fd3cb5428b65af?s=96&d=mm&r=g\",\"caption\":\"admin\"},\"logo\":{\"@id\":\"https:\\\/\\\/secure.gravatar.com\\\/avatar\\\/5310f602b6cbcfb86e030c4ccdbb78f6565a3b9bab6a74ab80fd3cb5428b65af?s=96&d=mm&r=g\"},\"sameAs\":[\"http:\\\/\\\/informatepy.com\\\/2021\"]},{\"@type\":\"Person\",\"@id\":\"https:\\\/\\\/informatepy.com\\\/2021\\\/#\\\/schema\\\/person\\\/0c842f525f84ea74ef3b44370d11757b\",\"name\":\"Redacci\u00f3n\",\"image\":{\"@type\":\"ImageObject\",\"inLanguage\":\"es\",\"@id\":\"https:\\\/\\\/i0.wp.com\\\/informatepy.com\\\/2021\\\/wp-content\\\/uploads\\\/2021\\\/02\\\/informate-circulo.png?fit=96%2C96&ssl=1\",\"url\":\"https:\\\/\\\/i0.wp.com\\\/informatepy.com\\\/2021\\\/wp-content\\\/uploads\\\/2021\\\/02\\\/informate-circulo.png?fit=96%2C96&ssl=1\",\"contentUrl\":\"https:\\\/\\\/i0.wp.com\\\/informatepy.com\\\/2021\\\/wp-content\\\/uploads\\\/2021\\\/02\\\/informate-circulo.png?fit=96%2C96&ssl=1\",\"caption\":\"Redacci\u00f3n\"},\"sameAs\":[\"https:\\\/\\\/www.facebook.com\\\/InformatePyCom\",\"https:\\\/\\\/x.com\\\/https:\\\/\\\/twitter.com\\\/InformatePy1\"],\"url\":\"https:\\\/\\\/informatepy.com\\\/2021\\\/author\\\/redaccion\\\/\"}]}<\/script>\n<!-- \/ Yoast SEO plugin. -->","yoast_head_json":{"title":"Un colorado para Nueva Asunci\u00f3n y un liberal para Itacu\u00e1 - Informatepy","robots":{"index":"index","follow":"follow","max-snippet":"max-snippet:-1","max-image-preview":"max-image-preview:large","max-video-preview":"max-video-preview:-1"},"canonical":"https:\/\/informatepy.com\/2021\/2022\/03\/28\/un-colorado-para-nueva-asuncion-y-una-liberal-para-itacua\/","og_locale":"es_ES","og_type":"article","og_title":"Un colorado para Nueva Asunci\u00f3n y un liberal para Itacu\u00e1 - Informatepy","og_description":"Juan Vera Maciel, se impuso en las elecciones municipales del nuevo distrito de Nueva Asunci\u00f3n del Departamento de Nueva Asunci\u00f3n. Vera es el candidato de Honor Colorado. Mientras tanto, en el distrito de Itacu\u00e1, se impuso como nuevo intendente el liberal Alfonso Bell. Los nuevos distritos eligieron este domingo sus primeras autoridades municipales. Para la [&hellip;]","og_url":"https:\/\/informatepy.com\/2021\/2022\/03\/28\/un-colorado-para-nueva-asuncion-y-una-liberal-para-itacua\/","og_site_name":"Informatepy","article_author":"https:\/\/www.facebook.com\/InformatePyCom","article_published_time":"2022-03-28T10:20:00+00:00","og_image":[{"width":600,"height":300,"url":"https:\/\/i0.wp.com\/informatepy.com\/2021\/wp-content\/uploads\/2022\/03\/anr-plra.jpg?fit=600%2C300&ssl=1","type":"image\/jpeg"}],"author":"Redacci\u00f3n","twitter_card":"summary_large_image","twitter_creator":"@https:\/\/twitter.com\/InformatePy1","twitter_misc":{"Escrito por":"Redacci\u00f3n","Tiempo de lectura":"1 minuto"},"schema":{"@context":"https:\/\/schema.org","@graph":[{"@type":"Article","@id":"https:\/\/informatepy.com\/2021\/2022\/03\/28\/un-colorado-para-nueva-asuncion-y-una-liberal-para-itacua\/#article","isPartOf":{"@id":"https:\/\/informatepy.com\/2021\/2022\/03\/28\/un-colorado-para-nueva-asuncion-y-una-liberal-para-itacua\/"},"author":{"name":"Redacci\u00f3n","@id":"https:\/\/informatepy.com\/2021\/#\/schema\/person\/0c842f525f84ea74ef3b44370d11757b"},"headline":"Un colorado para Nueva Asunci\u00f3n y un liberal para Itacu\u00e1","datePublished":"2022-03-28T10:20:00+00:00","mainEntityOfPage":{"@id":"https:\/\/informatepy.com\/2021\/2022\/03\/28\/un-colorado-para-nueva-asuncion-y-una-liberal-para-itacua\/"},"wordCount":78,"commentCount":0,"publisher":{"@id":"https:\/\/informatepy.com\/2021\/#\/schema\/person\/edd302c981d6ba4596191719d1025a8a"},"image":{"@id":"https:\/\/informatepy.com\/2021\/2022\/03\/28\/un-colorado-para-nueva-asuncion-y-una-liberal-para-itacua\/#primaryimage"},"thumbnailUrl":"https:\/\/i0.wp.com\/informatepy.com\/2021\/wp-content\/uploads\/2022\/03\/anr-plra.jpg?fit=600%2C300&ssl=1","keywords":["destacada"],"articleSection":["Municipales"],"inLanguage":"es","potentialAction":[{"@type":"CommentAction","name":"Comment","target":["https:\/\/informatepy.com\/2021\/2022\/03\/28\/un-colorado-para-nueva-asuncion-y-una-liberal-para-itacua\/#respond"]}]},{"@type":"WebPage","@id":"https:\/\/informatepy.com\/2021\/2022\/03\/28\/un-colorado-para-nueva-asuncion-y-una-liberal-para-itacua\/","url":"https:\/\/informatepy.com\/2021\/2022\/03\/28\/un-colorado-para-nueva-asuncion-y-una-liberal-para-itacua\/","name":"Un colorado para Nueva Asunci\u00f3n y un liberal para Itacu\u00e1 - Informatepy","isPartOf":{"@id":"https:\/\/informatepy.com\/2021\/#website"},"primaryImageOfPage":{"@id":"https:\/\/informatepy.com\/2021\/2022\/03\/28\/un-colorado-para-nueva-asuncion-y-una-liberal-para-itacua\/#primaryimage"},"image":{"@id":"https:\/\/informatepy.com\/2021\/2022\/03\/28\/un-colorado-para-nueva-asuncion-y-una-liberal-para-itacua\/#primaryimage"},"thumbnailUrl":"https:\/\/i0.wp.com\/informatepy.com\/2021\/wp-content\/uploads\/2022\/03\/anr-plra.jpg?fit=600%2C300&ssl=1","datePublished":"2022-03-28T10:20:00+00:00","breadcrumb":{"@id":"https:\/\/informatepy.com\/2021\/2022\/03\/28\/un-colorado-para-nueva-asuncion-y-una-liberal-para-itacua\/#breadcrumb"},"inLanguage":"es","potentialAction":[{"@type":"ReadAction","target":["https:\/\/informatepy.com\/2021\/2022\/03\/28\/un-colorado-para-nueva-asuncion-y-una-liberal-para-itacua\/"]}]},{"@type":"ImageObject","inLanguage":"es","@id":"https:\/\/informatepy.com\/2021\/2022\/03\/28\/un-colorado-para-nueva-asuncion-y-una-liberal-para-itacua\/#primaryimage","url":"https:\/\/i0.wp.com\/informatepy.com\/2021\/wp-content\/uploads\/2022\/03\/anr-plra.jpg?fit=600%2C300&ssl=1","contentUrl":"https:\/\/i0.wp.com\/informatepy.com\/2021\/wp-content\/uploads\/2022\/03\/anr-plra.jpg?fit=600%2C300&ssl=1","width":600,"height":300},{"@type":"BreadcrumbList","@id":"https:\/\/informatepy.com\/2021\/2022\/03\/28\/un-colorado-para-nueva-asuncion-y-una-liberal-para-itacua\/#breadcrumb","itemListElement":[{"@type":"ListItem","position":1,"name":"Portada","item":"https:\/\/informatepy.com\/2021\/"},{"@type":"ListItem","position":2,"name":"Un colorado para Nueva Asunci\u00f3n y un liberal para Itacu\u00e1"}]},{"@type":"WebSite","@id":"https:\/\/informatepy.com\/2021\/#website","url":"https:\/\/informatepy.com\/2021\/","name":"Informatepy","description":"La verdad, siempre!","publisher":{"@id":"https:\/\/informatepy.com\/2021\/#\/schema\/person\/edd302c981d6ba4596191719d1025a8a"},"potentialAction":[{"@type":"SearchAction","target":{"@type":"EntryPoint","urlTemplate":"https:\/\/informatepy.com\/2021\/?s={search_term_string}"},"query-input":{"@type":"PropertyValueSpecification","valueRequired":true,"valueName":"search_term_string"}}],"inLanguage":"es"},{"@type":["Person","Organization"],"@id":"https:\/\/informatepy.com\/2021\/#\/schema\/person\/edd302c981d6ba4596191719d1025a8a","name":"admin","image":{"@type":"ImageObject","inLanguage":"es","@id":"https:\/\/secure.gravatar.com\/avatar\/5310f602b6cbcfb86e030c4ccdbb78f6565a3b9bab6a74ab80fd3cb5428b65af?s=96&d=mm&r=g","url":"https:\/\/secure.gravatar.com\/avatar\/5310f602b6cbcfb86e030c4ccdbb78f6565a3b9bab6a74ab80fd3cb5428b65af?s=96&d=mm&r=g","contentUrl":"https:\/\/secure.gravatar.com\/avatar\/5310f602b6cbcfb86e030c4ccdbb78f6565a3b9bab6a74ab80fd3cb5428b65af?s=96&d=mm&r=g","caption":"admin"},"logo":{"@id":"https:\/\/secure.gravatar.com\/avatar\/5310f602b6cbcfb86e030c4ccdbb78f6565a3b9bab6a74ab80fd3cb5428b65af?s=96&d=mm&r=g"},"sameAs":["http:\/\/informatepy.com\/2021"]},{"@type":"Person","@id":"https:\/\/informatepy.com\/2021\/#\/schema\/person\/0c842f525f84ea74ef3b44370d11757b","name":"Redacci\u00f3n","image":{"@type":"ImageObject","inLanguage":"es","@id":"https:\/\/i0.wp.com\/informatepy.com\/2021\/wp-content\/uploads\/2021\/02\/informate-circulo.png?fit=96%2C96&ssl=1","url":"https:\/\/i0.wp.com\/informatepy.com\/2021\/wp-content\/uploads\/2021\/02\/informate-circulo.png?fit=96%2C96&ssl=1","contentUrl":"https:\/\/i0.wp.com\/informatepy.com\/2021\/wp-content\/uploads\/2021\/02\/informate-circulo.png?fit=96%2C96&ssl=1","caption":"Redacci\u00f3n"},"sameAs":["https:\/\/www.facebook.com\/InformatePyCom","https:\/\/x.com\/https:\/\/twitter.com\/InformatePy1"],"url":"https:\/\/informatepy.com\/2021\/author\/redaccion\/"}]}},"jetpack_featured_media_url":"https:\/\/i0.wp.com\/informatepy.com\/2021\/wp-content\/uploads\/2022\/03\/anr-plra.jpg?fit=600%2C300&ssl=1","jetpack_sharing_enabled":true,"jetpack_likes_enabled":true,"jetpack-related-posts":[{"id":10083,"url":"https:\/\/informatepy.com\/2021\/2022\/02\/14\/honor-colorado-se-impone-en-las-internas-de-nueva-asuncion\/","url_meta":{"origin":10847,"position":0},"title":"Honor Colorado se impone en las internas de Nueva Asunci\u00f3n","date":"14 de febrero de 2022","format":false,"excerpt":"Juan Manuel \u201cJuancho\u201d Vera, candidato del movimiento Honor Colorado, se impuso ayer en las elecciones internas del Partido Colorado en el distrito chaque\u00f1o de Nueva Esperanza. El cartista gan\u00f3 al oficialista Rufino \u201cRufo\u201d Cristaldo. Hubo una alta participaci\u00f3n de votantes. El candidato de la lista 2 obtuvo un total de\u2026","rel":"","context":"En \u00abMunicipales\u00bb","img":{"alt_text":"","src":"https:\/\/i0.wp.com\/informatepy.com\/2021\/wp-content\/uploads\/2022\/02\/juancho-vero-santi-pena.jpg?fit=660%2C330&ssl=1&resize=350%2C200","width":350,"height":200},"classes":[]},{"id":6537,"url":"https:\/\/informatepy.com\/2021\/2021\/08\/18\/nenecho-encabeza-encuesta-de-multitarget-de-cara-a-las-municipales-de-octubre\/","url_meta":{"origin":10847,"position":1},"title":"\u00abNenecho\u00bb encabeza encuesta de Multitarget de cara a las municipales de octubre","date":"18 de agosto de 2021","format":false,"excerpt":"La lucha por la intendencia de Asunci\u00f3n, est\u00e1 centrada solo en dos de los candidatos a la Intendencia de Asunci\u00f3n, Oscar \u201cNenecho\u201d Rodr\u00edguez (ANR) y Eduardo Nakayama (Alianza PLRA-PPQ-PDP). De acuerdo a la encuesta realizada por Multitarget S.A. (empresa especializada en Estudios de Opini\u00f3n P\u00fablica e Investigaci\u00f3n de Mercados; Comunicaci\u00f3n\u2026","rel":"","context":"En \u00abMunicipales\u00bb","img":{"alt_text":"","src":"https:\/\/i0.wp.com\/informatepy.com\/2021\/wp-content\/uploads\/2021\/08\/Nenecho-vs-Nakayama.png?fit=822%2C472&ssl=1&resize=350%2C200","width":350,"height":200},"classes":[]},{"id":5876,"url":"https:\/\/informatepy.com\/2021\/2021\/07\/20\/patria-querida-abandona-la-derecha-y-se-une-al-plra-pdp\/","url_meta":{"origin":10847,"position":2},"title":"\u00bfPatria Querida abandona la \u00abderecha\u00bb y se une al PLRA\/PDP?","date":"20 de julio de 2021","format":false,"excerpt":"El candidato a intendente por el Partido Liberal Radical Aut\u00e9ntico, Eduardo Nakayama, confirm\u00f3 que la Alianza Juntos por Asunci\u00f3n logr\u00f3 un acuerdo con Patria Querida para una candidatura \u00fanica y en los pr\u00f3ximos d\u00edas, se definir\u00e1 qui\u00e9n encabezar\u00e1 la lista para las municipales. \u201cVamos hacer una conferencia de prensa junto\u2026","rel":"","context":"En \u00abMunicipales\u00bb","img":{"alt_text":"","src":"https:\/\/i0.wp.com\/informatepy.com\/2021\/wp-content\/uploads\/2021\/07\/patria-querida.jpg?fit=1200%2C675&ssl=1&resize=350%2C200","width":350,"height":200},"classes":[]},{"id":7146,"url":"https:\/\/informatepy.com\/2021\/2021\/09\/15\/consultora-multitarget-presenta-su-segundo-sondeo-de-intencion-de-voto-para-las-municipales-de-asuncion\/","url_meta":{"origin":10847,"position":3},"title":"Consultora Multitarget presenta su segundo sondeo de intenci\u00f3n de voto para las municipales de Asunci\u00f3n","date":"15 de septiembre de 2021","format":false,"excerpt":"Seg\u00fan la consultora, en este segundo sondeo las intenciones de voto para las elecciones municipales del pr\u00f3ximo 10 de octubre siguen favoreciendo a la ANR encabezada por el ex intendente \u00d3scar \"Nenecho\" Rodr\u00edguez, con un 51,6% de los votos. El Partido Liberal Radical Aut\u00e9ntico y su Alianza de Partidos ,\u2026","rel":"","context":"En \u00abMunicipales\u00bb","img":{"alt_text":"","src":"https:\/\/i0.wp.com\/informatepy.com\/2021\/wp-content\/uploads\/2021\/08\/Nenecho-vs-Nakayama.png?fit=822%2C472&ssl=1&resize=350%2C200","width":350,"height":200},"classes":[]},{"id":7483,"url":"https:\/\/informatepy.com\/2021\/2021\/10\/04\/agravios-nada-mas\/","url_meta":{"origin":10847,"position":4},"title":"Agravios, nada m\u00e1s","date":"4 de octubre de 2021","format":false,"excerpt":"A menos de una semana para las elecciones municipales que definir\u00e1n el futuro de la capital del pa\u00eds, utilizaron el \u00fanico debate televisivo para intercambiar agravios y hacernos perder el tiempo a quienes esper\u00e1bamos m\u00e1s de ellos. Nakayama inici\u00f3 su catarata de agravios mezclando, totalmente fuera de lugar, sus creencias\u2026","rel":"","context":"En \u00abMunicipales\u00bb","img":{"alt_text":"","src":"https:\/\/i0.wp.com\/informatepy.com\/2021\/wp-content\/uploads\/2021\/10\/debate-asuncion.jpeg?fit=1200%2C675&ssl=1&resize=350%2C200","width":350,"height":200},"classes":[]},{"id":5956,"url":"https:\/\/informatepy.com\/2021\/2021\/07\/27\/hoy-se-conocera-quien-encabezara-la-chapa-opositora-en-asuncion\/","url_meta":{"origin":10847,"position":5},"title":"Hoy se conocer\u00e1 quien encabezar\u00e1 la chapa opositora en Asunci\u00f3n","date":"27 de julio de 2021","format":false,"excerpt":"El liberal Eduardo Nakayama, candidato del PLRA para la Intendencia de la capital, dijo en Tempran\u00edsimo, por la 970 y GEN, que esta ma\u00f1ana se informar\u00e1 el resultado de los sondeos realizados entre \u00e9l y Sebasti\u00e1n Garc\u00eda, de Patria Querida, para saber cu\u00e1l de los 2 ser\u00e1 quien compita en\u2026","rel":"","context":"En \u00abMunicipales\u00bb","img":{"alt_text":"","src":"https:\/\/i0.wp.com\/informatepy.com\/2021\/wp-content\/uploads\/2021\/07\/NAKAYAMA-Y-GARCIA.jpg?fit=660%2C330&ssl=1&resize=350%2C200","width":350,"height":200},"classes":[]}],"authors":[{"term_id":1051,"user_id":4,"is_guest":0,"slug":"redaccion","display_name":"Redacci\u00f3n","avatar_url":"https:\/\/i0.wp.com\/informatepy.com\/2021\/wp-content\/uploads\/2021\/02\/informate-circulo.png?fit=96%2C96&ssl=1","first_name":"Redacci\u00f3n","last_name":"","user_url":"","description":""}],"amp_enabled":true,"_links":{"self":[{"href":"https:\/\/informatepy.com\/2021\/wp-json\/wp\/v2\/posts\/10847","targetHints":{"allow":["GET"]}}],"collection":[{"href":"https:\/\/informatepy.com\/2021\/wp-json\/wp\/v2\/posts"}],"about":[{"href":"https:\/\/informatepy.com\/2021\/wp-json\/wp\/v2\/types\/post"}],"author":[{"embeddable":true,"href":"https:\/\/informatepy.com\/2021\/wp-json\/wp\/v2\/users\/4"}],"replies":[{"embeddable":true,"href":"https:\/\/informatepy.com\/2021\/wp-json\/wp\/v2\/comments?post=10847"}],"version-history":[{"count":2,"href":"https:\/\/informatepy.com\/2021\/wp-json\/wp\/v2\/posts\/10847\/revisions"}],"predecessor-version":[{"id":10850,"href":"https:\/\/informatepy.com\/2021\/wp-json\/wp\/v2\/posts\/10847\/revisions\/10850"}],"wp:featuredmedia":[{"embeddable":true,"href":"https:\/\/informatepy.com\/2021\/wp-json\/wp\/v2\/media\/10848"}],"wp:attachment":[{"href":"https:\/\/informatepy.com\/2021\/wp-json\/wp\/v2\/media?parent=10847"}],"wp:term":[{"taxonomy":"category","embeddable":true,"href":"https:\/\/informatepy.com\/2021\/wp-json\/wp\/v2\/categories?post=10847"},{"taxonomy":"post_tag","embeddable":true,"href":"https:\/\/informatepy.com\/2021\/wp-json\/wp\/v2\/tags?post=10847"},{"taxonomy":"author","embeddable":true,"href":"https:\/\/informatepy.com\/2021\/wp-json\/wp\/v2\/ppma_author?post=10847"}],"curies":[{"name":"wp","href":"https:\/\/api.w.org\/{rel}","templated":true}]}}